{"id":96861,"date":"2020-11-03T10:52:54","date_gmt":"2020-11-03T13:52:54","guid":{"rendered":"https:\/\/www.suno.com.br\/noticias\/?p=96861"},"modified":"2021-06-24T16:44:47","modified_gmt":"2021-06-24T19:44:47","slug":"mirae-troca-tres-acoes-em-carteira-recomendada-semanal-3","status":"publish","type":"post","link":"https:\/\/www.suno.com.br\/noticias\/mirae-troca-tres-acoes-em-carteira-recomendada-semanal-3\/","title":{"rendered":"Mirae troca tr\u00eas a\u00e7\u00f5es em carteira recomendada semanal"},"content":{"rendered":"<p>A <strong>Mirae Asset<\/strong> informou nesta ter\u00e7a-feira (3) que fez tr\u00eas altera\u00e7\u00f5es na carteira recomendada semanal de a\u00e7\u00f5es do Ibovespa, o principal \u00edndice acion\u00e1rio da <a href=\"https:\/\/www.suno.com.br\/artigos\/b3\/\">bolsa de valores de S\u00e3o Paulo (B3)<\/a>. A gestora trocou as a\u00e7\u00f5es de <a href=\"https:\/\/www.suno.com.br\/acoes\/cyre3\/\">Cyrela (CYRE3)<\/a>, <a href=\"https:\/\/www.suno.com.br\/acoes\/klbn11\/\">Klabin (KLBN11) e<\/a> <a href=\"https:\/\/www.suno.com.br\/acoes\/sanb11\/\">Santander (SANB11)<\/a> por <a href=\"https:\/\/www.suno.com.br\/acoes\/jhsf3\/\">JHSF (JHSF3)<\/a>, <a href=\"https:\/\/www.suno.com.br\/acoes\/romi3\/\">Ind\u00fastrias Romi (ROMI3)<\/a> e <a href=\"https:\/\/www.suno.com.br\/acoes\/itub3\/\">Ita\u00fa Unibanco (ITUB3)<\/a>.<\/p>\t<div class=\"wrapper-featured-image\">\n\t\t<figure class=\"spotlightImg\">\n\n\t\t\t<picture>\n\t\t\t\t<source media=\"(max-width: 768px)\" srcset=\"https:\/\/files.sunoresearch.com.br\/n\/uploads\/2020\/08\/2900bf2a-acoes-julho-400x200.webp\">\n\t\t\t\t<img loading=\"lazy\" decoding=\"async\" class=\"newsContent__article__imgCapa lazyloadDisabled \" src=\"https:\/\/files.sunoresearch.com.br\/n\/uploads\/2020\/08\/2900bf2a-acoes-julho-jpg.webp\" width=\"800\" height=\"450\" alt=\"Mirae troca tr\u00eas a\u00e7\u00f5es em carteira recomendada semanal\" fetchpriority=high \/>\n\t\t\t<\/picture>\n\n\t\t\t<figcaption class=\"wp-caption-text wp-caption-text--show\">Mirae troca duas a\u00e7\u00f5es em carteira recomendada semanal<\/figcaption>\n\t\t<\/figure>\n\t<\/div>\n\n\n<div class=\"hubspot-form-wrapper\">\n\t<div id=\"single-form-target\"><\/div>\n<\/div>\n\n<p>Segundo a Mirae, o per\u00edodo continua com grandes incertezas, com a proximidade das elei\u00e7\u00f5es americanas, pacote de est\u00edmulos tamb\u00e9m nos EUA e, al\u00e9m disso, a retomada da economia mundial ainda passa pelo novo<a href=\"https:\/\/www.suno.com.br\/noticias\/tags\/coronavirus\/\"> coronav\u00edrus (covid-19)<\/a> e como ele ainda pode afetar o mundo.<\/p>\n<p>&#8220;Fatores de influ\u00eancia no mercado financeiro global continuar\u00e3o sendo a eventual aprova\u00e7\u00e3o de um novo programa de est\u00edmulo nos EUA, proximidade de elei\u00e7\u00e3o nos EUA e notifica\u00e7\u00f5es sobre o avan\u00e7o do covid-19 no mundo e desenvolvimento da vacina. Qualquer informe sobre estes temas ter\u00e1 for\u00e7a para influenciar o mercado financeiro global&#8221;, disse, em nota, Pedro Galdi, analista da Mirae.<\/p>\n<p><a href=\"https:\/\/lp.suno.com.br\/suno-one\/\">No Suno One voc\u00ea aprende a fazer seu dinheiro trabalhar para voc\u00ea. Cadastre-se gratuitamente agora!<\/a><\/p>\n<p>Al\u00e9m disso, h\u00e1 uma s\u00e9rie de indicadores que poder\u00e3o influenciar os mercados, de acordo com a Mirae:<\/p>\n<ul>\n<li>Na segunda-feira os destaques ficam com o CFNAI \u2013 \u00cdndice de Atividade Nacional e vendas de moradias novas, ambos indicadores nos EUA.<\/li>\n<li>Na ter\u00e7a-feira sai encomendas de bens dur\u00e1veis e confian\u00e7a do consumidor, tamb\u00e9m ambos nos EUA.<\/li>\n<li>Na quarta-feira acontece reuni\u00e3o do Copom e decis\u00e3o sobre a Selic. Nos EUA saem balan\u00e7a comercial e estoques de petr\u00f3leo semanal.<\/li>\n<li>Na quinta-feira sai IGP-M de outubro, o CAGED com dados de emprego e novo leil\u00e3o de NTN-F e LTN pelo Tesouro Nacional. Nos EUA saem pedidos de aux\u00edlio desemprego, o PIB do 3T20 e vendas de moradias usadas. Na Zona do Euro acontece a reuni\u00e3o do BCE para definir juros.<\/li>\n<li>Na sexta-feira sai PIB do 3T20 e infla\u00e7\u00e3o (CPI) na Zona do Euro. Nos EUA saem dados de infla\u00e7\u00e3o e indicador de confian\u00e7a do consumidor.<\/li>\n<li>Aqui teremos os dados do PNAD Cont\u00ednua (taxa de desemprego) de agosto e \u00e1 noite saem na China os PMIs de outubro para ind\u00fastria, servi\u00e7os e composto.<\/li>\n<\/ul>\n<h2>Mirae opta por Ita\u00fa, JHSF e Ind\u00fastrias Romi<\/h2>\n<p>Segundo a Mirae, a pr\u00f3xima semana deve ser positiva para os tr\u00eas pap\u00e9is selecionados. Para a JHSF, as restri\u00e7\u00f5es causadas pelo coronav\u00edrus (covid-19) e a alta do d\u00f3lar devem beneficiar a empresa.<\/p>\n<p>&#8220;Esperamos um bom resultado no 3T20 e no 4T20, decorrente do segmento de atua\u00e7\u00e3o da empresa e das estrat\u00e9gias anunciadas. O d\u00f3lar alto e a restri\u00e7\u00e3o de viagens para o exterior devem privilegiar a receita da empresa nos diversos segmentos de atua\u00e7\u00e3o&#8221;, disse Pedro Galdi, em nota.<\/p>\n<p>Sobre o Ita\u00fa Unibanco, a Mirae espera uma recupera\u00e7\u00e3o cont\u00ednua para o restante do ano.<\/p>\n<p>&#8220;Para o 3T20, esperamos recupera\u00e7\u00e3o de resultados e aumento de ROE, que tamb\u00e9m dever\u00e1 continuar ocorrendo ao longo do 4T20&#8221;, disse, em nota.<\/p>\n<p>J\u00e1 sobre as Ind\u00fastrias Romi, a gestora cr\u00ea que a companhia deva surfar a retomada econ\u00f4mica.<\/p>\n<p>&#8220;O \u00edndice de Confian\u00e7a do Empres\u00e1rio Industrial continua se recuperando desde o pior momento da pandemia do covid-19 (mar\u00e7o\/abril), indicando que as encomendas devem continuar crescentes ao longo dos pr\u00f3ximos meses e principalmente em 2021&#8221;, concluiu a <strong>Mirae<\/strong>.<\/p>\n\t<p>\n\t\t<a href=\"https:\/\/lp.suno.com.br\/planilha-de-controle-de-investimentos\/\" target=\"_blank\" data-element=\"shortcode-suno-banner\" title=\"Banner SUNO, clique e saiba mais\">\n\t\t\t<picture>\n\t\t\t\t<source media=\"(max-width: 500px)\" srcset=\"https:\/\/files.sunoresearch.com.br\/n\/uploads\/2023\/03\/400x300-Controle-de-Investimentos.png\">\n\t\t\t\t<img class=\"newsContent__article__imgCapa newsContent__article__imgCapa--banner\"\n\t\t\t\t\tsrc=\"https:\/\/files.sunoresearch.com.br\/n\/uploads\/2023\/03\/1420x240-Controle-de-Investimentos.png\"\n\t\t\t\t\tdata-promo-id=\"75934\"\t\t\t\t\t\t\t\t\t\twidth='1420' height='240'\t\t\t\t\talt=\"https:\/\/files.sunoresearch.com.br\/n\/uploads\/2023\/03\/1420x240-Controle-de-Investimentos.png\"\n\t\t\t\t>\n\t\t\t<\/picture>\n\t\t<\/a>\n\t<\/p>\n\n\n","protected":false},"excerpt":{"rendered":"<p>A Mirae Asset informou nesta ter\u00e7a-feira (3) que fez tr\u00eas altera\u00e7\u00f5es na carteira recomendada semanal de a\u00e7\u00f5es do Ibovespa, o principal \u00edndice acion\u00e1rio da bolsa de valores de S\u00e3o Paulo (B3). A gestora trocou as a\u00e7\u00f5es de Cyrela (CYRE3), Klabin (KLBN11) e Santander (SANB11) por JHSF (JHSF3), Ind\u00fastrias Romi (ROMI3) e Ita\u00fa Unibanco (ITUB3). Mirae [&hellip;]<\/p>\n","protected":false},"author":27,"featured_media":77005,"comment_status":"closed","ping_status":"closed","sticky":false,"template":"","format":"standard","meta":[],"categories":[60],"tags":[2465,443,509,519,2396],"suno_strategy":[],"class_list":["post-96861","post","type-post","status-publish","format-standard","has-post-thumbnail","hentry","category-mercado","tag-carteiras-recomendadas","tag-cyrela-cyre3","tag-industrias-romi-romi3","tag-itau-unibanco-itub3-itub4","tag-mirae"],"yoast_head":"<!-- This site is optimized with the Yoast SEO plugin v24.4 - https:\/\/yoast.com\/wordpress\/plugins\/seo\/ -->\n<title>Mirae troca tr\u00eas a\u00e7\u00f5es em carteira recomendada semanal<\/title>\n<meta name=\"description\" content=\"De acordo com a Mirae, proximidade das elei\u00e7\u00f5es americanas deve trazer grandes incertezas ao mercado. Clique aqui para ler mais.\" \/>\n<meta name=\"robots\" content=\"index, follow, max-snippet:-1, max-image-preview:large, max-video-preview:-1\" \/>\n<link rel=\"canonical\" href=\"https:\/\/www.suno.com.br\/noticias\/mirae-troca-tres-acoes-em-carteira-recomendada-semanal-3\/\" \/>\n<meta property=\"og:locale\" content=\"pt_BR\" \/>\n<meta property=\"og:type\" content=\"article\" \/>\n<meta property=\"og:title\" content=\"Mirae troca tr\u00eas a\u00e7\u00f5es em carteira recomendada semanal\" \/>\n<meta property=\"og:description\" content=\"De acordo com a Mirae, proximidade das elei\u00e7\u00f5es americanas deve trazer grandes incertezas ao mercado. Clique aqui para ler mais.\" \/>\n<meta property=\"og:url\" content=\"https:\/\/www.suno.com.br\/noticias\/mirae-troca-tres-acoes-em-carteira-recomendada-semanal-3\/\" \/>\n<meta property=\"og:site_name\" content=\"Suno Not\u00edcias\" \/>\n<meta property=\"article:publisher\" content=\"https:\/\/facebook.com\/sunoresearch\" \/>\n<meta property=\"og:image\" content=\"https:\/\/files.sunoresearch.com.br\/n\/uploads\/2020\/08\/2900bf2a-acoes-julho.jpg\" \/>\n\t<meta property=\"og:image:width\" content=\"601\" \/>\n\t<meta property=\"og:image:height\" content=\"421\" \/>\n\t<meta property=\"og:image:type\" content=\"image\/jpeg\" \/>\n<meta name=\"author\" content=\"Vinicius Pereira\" \/>\n<meta name=\"twitter:card\" content=\"summary_large_image\" \/>\n<meta name=\"twitter:creator\" content=\"@https:\/\/twitter.com\/viniciuspjornal\" \/>\n<meta name=\"twitter:site\" content=\"@sunoresearch\" \/>\n<meta name=\"twitter:label1\" content=\"Escrito por\" \/>\n\t<meta name=\"twitter:data1\" content=\"Vinicius Pereira\" \/>\n\t<meta name=\"twitter:label2\" content=\"Est. tempo de leitura\" \/>\n\t<meta name=\"twitter:data2\" content=\"3 minutos\" \/>\n<script type=\"application\/ld+json\" class=\"yoast-schema-graph\">{\"@context\":\"https:\/\/schema.org\",\"@graph\":[{\"@type\":\"NewsArticle\",\"@id\":\"https:\/\/www.suno.com.br\/noticias\/mirae-troca-tres-acoes-em-carteira-recomendada-semanal-3\/#article\",\"isPartOf\":{\"@id\":\"https:\/\/www.suno.com.br\/noticias\/mirae-troca-tres-acoes-em-carteira-recomendada-semanal-3\/\"},\"author\":{\"name\":\"Vinicius Pereira\",\"@id\":\"https:\/\/www.suno.com.br\/noticias\/#\/schema\/person\/a20761b96e4df7eb57f1f9e41be1dbf3\"},\"headline\":\"Mirae troca tr\u00eas a\u00e7\u00f5es em carteira recomendada semanal\",\"datePublished\":\"2020-11-03T13:52:54+00:00\",\"dateModified\":\"2021-06-24T19:44:47+00:00\",\"mainEntityOfPage\":{\"@id\":\"https:\/\/www.suno.com.br\/noticias\/mirae-troca-tres-acoes-em-carteira-recomendada-semanal-3\/\"},\"wordCount\":614,\"publisher\":{\"@id\":\"https:\/\/www.suno.com.br\/noticias\/#organization\"},\"image\":{\"@id\":\"https:\/\/www.suno.com.br\/noticias\/mirae-troca-tres-acoes-em-carteira-recomendada-semanal-3\/#primaryimage\"},\"thumbnailUrl\":\"https:\/\/files.sunoresearch.com.br\/n\/uploads\/2020\/08\/2900bf2a-acoes-julho-jpg.webp\",\"keywords\":[\"Carteiras recomendadas\",\"Cyrela (CYRE3)\",\"Ind\u00fastrias Romi (ROMI3)\",\"Ita\u00fa Unibanco (ITUB3\/ITUB4)\",\"Mirae\"],\"articleSection\":[\"Mercado\"],\"inLanguage\":\"pt-BR\"},{\"@type\":\"WebPage\",\"@id\":\"https:\/\/www.suno.com.br\/noticias\/mirae-troca-tres-acoes-em-carteira-recomendada-semanal-3\/\",\"url\":\"https:\/\/www.suno.com.br\/noticias\/mirae-troca-tres-acoes-em-carteira-recomendada-semanal-3\/\",\"name\":\"Mirae troca tr\u00eas a\u00e7\u00f5es em carteira recomendada semanal\",\"isPartOf\":{\"@id\":\"https:\/\/www.suno.com.br\/noticias\/#website\"},\"primaryImageOfPage\":{\"@id\":\"https:\/\/www.suno.com.br\/noticias\/mirae-troca-tres-acoes-em-carteira-recomendada-semanal-3\/#primaryimage\"},\"image\":{\"@id\":\"https:\/\/www.suno.com.br\/noticias\/mirae-troca-tres-acoes-em-carteira-recomendada-semanal-3\/#primaryimage\"},\"thumbnailUrl\":\"https:\/\/files.sunoresearch.com.br\/n\/uploads\/2020\/08\/2900bf2a-acoes-julho-jpg.webp\",\"datePublished\":\"2020-11-03T13:52:54+00:00\",\"dateModified\":\"2021-06-24T19:44:47+00:00\",\"description\":\"De acordo com a Mirae, proximidade das elei\u00e7\u00f5es americanas deve trazer grandes incertezas ao mercado. Clique aqui para ler mais.\",\"breadcrumb\":{\"@id\":\"https:\/\/www.suno.com.br\/noticias\/mirae-troca-tres-acoes-em-carteira-recomendada-semanal-3\/#breadcrumb\"},\"inLanguage\":\"pt-BR\",\"potentialAction\":[{\"@type\":\"ReadAction\",\"target\":[\"https:\/\/www.suno.com.br\/noticias\/mirae-troca-tres-acoes-em-carteira-recomendada-semanal-3\/\"]}]},{\"@type\":\"ImageObject\",\"inLanguage\":\"pt-BR\",\"@id\":\"https:\/\/www.suno.com.br\/noticias\/mirae-troca-tres-acoes-em-carteira-recomendada-semanal-3\/#primaryimage\",\"url\":\"https:\/\/files.sunoresearch.com.br\/n\/uploads\/2020\/08\/2900bf2a-acoes-julho-jpg.webp\",\"contentUrl\":\"https:\/\/files.sunoresearch.com.br\/n\/uploads\/2020\/08\/2900bf2a-acoes-julho-jpg.webp\",\"width\":601,\"height\":421,\"caption\":\"Mirae troca duas a\u00e7\u00f5es em carteira recomendada semanal\"},{\"@type\":\"BreadcrumbList\",\"@id\":\"https:\/\/www.suno.com.br\/noticias\/mirae-troca-tres-acoes-em-carteira-recomendada-semanal-3\/#breadcrumb\",\"itemListElement\":[{\"@type\":\"ListItem\",\"position\":1,\"name\":\"Not\u00edcias\",\"item\":\"https:\/\/www.suno.com.br\/noticias\/\"},{\"@type\":\"ListItem\",\"position\":2,\"name\":\"Mercado\",\"item\":\"https:\/\/www.suno.com.br\/noticias\/mercado\/\"},{\"@type\":\"ListItem\",\"position\":3,\"name\":\"Mirae troca tr\u00eas a\u00e7\u00f5es em carteira recomendada semanal\"}]},{\"@type\":\"WebSite\",\"@id\":\"https:\/\/www.suno.com.br\/noticias\/#website\",\"url\":\"https:\/\/www.suno.com.br\/noticias\/\",\"name\":\"Suno Not\u00edcias\",\"description\":\"Seu portal de informa\u00e7\u00e3o sobre o mundo dos investimentos\",\"publisher\":{\"@id\":\"https:\/\/www.suno.com.br\/noticias\/#organization\"},\"potentialAction\":[{\"@type\":\"SearchAction\",\"target\":{\"@type\":\"EntryPoint\",\"urlTemplate\":\"https:\/\/www.suno.com.br\/noticias\/?s={search_term_string}\"},\"query-input\":{\"@type\":\"PropertyValueSpecification\",\"valueRequired\":true,\"valueName\":\"search_term_string\"}}],\"inLanguage\":\"pt-BR\"},{\"@type\":\"Organization\",\"@id\":\"https:\/\/www.suno.com.br\/noticias\/#organization\",\"name\":\"Suno Not\u00edcias\",\"url\":\"https:\/\/www.suno.com.br\/noticias\/\",\"logo\":{\"@type\":\"ImageObject\",\"inLanguage\":\"pt-BR\",\"@id\":\"https:\/\/www.suno.com.br\/noticias\/#\/schema\/logo\/image\/\",\"url\":\"https:\/\/files.sunoresearch.com.br\/n\/uploads\/2021\/09\/suno-logo.png\",\"contentUrl\":\"https:\/\/files.sunoresearch.com.br\/n\/uploads\/2021\/09\/suno-logo.png\",\"width\":180,\"height\":180,\"caption\":\"Suno Not\u00edcias\"},\"image\":{\"@id\":\"https:\/\/www.suno.com.br\/noticias\/#\/schema\/logo\/image\/\"},\"sameAs\":[\"https:\/\/facebook.com\/sunoresearch\",\"https:\/\/x.com\/sunoresearch\",\"https:\/\/www.instagram.com\/suno\",\"https:\/\/www.linkedin.com\/company\/suno-research\/\",\"https:\/\/www.youtube.com\/c\/sunoresearch\"]},{\"@type\":\"Person\",\"@id\":\"https:\/\/www.suno.com.br\/noticias\/#\/schema\/person\/a20761b96e4df7eb57f1f9e41be1dbf3\",\"name\":\"Vinicius Pereira\",\"image\":{\"@type\":\"ImageObject\",\"inLanguage\":\"pt-BR\",\"@id\":\"https:\/\/www.suno.com.br\/noticias\/#\/schema\/person\/image\/\",\"url\":\"https:\/\/secure.gravatar.com\/avatar\/783866b933198f5cc4c5d03fcc8b1301?s=96&r=g\",\"contentUrl\":\"https:\/\/secure.gravatar.com\/avatar\/783866b933198f5cc4c5d03fcc8b1301?s=96&r=g\",\"caption\":\"Vinicius Pereira\"},\"description\":\"Vinicius Pereira foi rep\u00f3rter de economia da Folha de S.Paulo, stringer do jornal no Canad\u00e1 e colaborador de VEJA. J\u00e1 escreveu tamb\u00e9m para BBC Brasil, The Intercept Brasil e UOL. Tem MBA em Informa\u00e7\u00f5es Econ\u00f4mico-Financeiras e Mercado de Capitais pela FIA\/B3.\",\"sameAs\":[\"https:\/\/x.com\/https:\/\/twitter.com\/viniciuspjornal\"],\"url\":\"https:\/\/www.suno.com.br\/noticias\/author\/vinicius-pereira\/\"}]}<\/script>\n<!-- \/ Yoast SEO plugin. -->","yoast_head_json":{"title":"Mirae troca tr\u00eas a\u00e7\u00f5es em carteira recomendada semanal","description":"De acordo com a Mirae, proximidade das elei\u00e7\u00f5es americanas deve trazer grandes incertezas ao mercado. Clique aqui para ler mais.","robots":{"index":"index","follow":"follow","max-snippet":"max-snippet:-1","max-image-preview":"max-image-preview:large","max-video-preview":"max-video-preview:-1"},"canonical":"https:\/\/www.suno.com.br\/noticias\/mirae-troca-tres-acoes-em-carteira-recomendada-semanal-3\/","og_locale":"pt_BR","og_type":"article","og_title":"Mirae troca tr\u00eas a\u00e7\u00f5es em carteira recomendada semanal","og_description":"De acordo com a Mirae, proximidade das elei\u00e7\u00f5es americanas deve trazer grandes incertezas ao mercado. Clique aqui para ler mais.","og_url":"https:\/\/www.suno.com.br\/noticias\/mirae-troca-tres-acoes-em-carteira-recomendada-semanal-3\/","og_site_name":"Suno Not\u00edcias","article_publisher":"https:\/\/facebook.com\/sunoresearch","og_image":[{"width":601,"height":421,"url":"https:\/\/files.sunoresearch.com.br\/n\/uploads\/2020\/08\/2900bf2a-acoes-julho.jpg","type":"image\/jpeg"}],"author":"Vinicius Pereira","twitter_card":"summary_large_image","twitter_creator":"@https:\/\/twitter.com\/viniciuspjornal","twitter_site":"@sunoresearch","twitter_misc":{"Escrito por":"Vinicius Pereira","Est. tempo de leitura":"3 minutos"},"schema":{"@context":"https:\/\/schema.org","@graph":[{"@type":"NewsArticle","@id":"https:\/\/www.suno.com.br\/noticias\/mirae-troca-tres-acoes-em-carteira-recomendada-semanal-3\/#article","isPartOf":{"@id":"https:\/\/www.suno.com.br\/noticias\/mirae-troca-tres-acoes-em-carteira-recomendada-semanal-3\/"},"author":{"name":"Vinicius Pereira","@id":"https:\/\/www.suno.com.br\/noticias\/#\/schema\/person\/a20761b96e4df7eb57f1f9e41be1dbf3"},"headline":"Mirae troca tr\u00eas a\u00e7\u00f5es em carteira recomendada semanal","datePublished":"2020-11-03T13:52:54+00:00","dateModified":"2021-06-24T19:44:47+00:00","mainEntityOfPage":{"@id":"https:\/\/www.suno.com.br\/noticias\/mirae-troca-tres-acoes-em-carteira-recomendada-semanal-3\/"},"wordCount":614,"publisher":{"@id":"https:\/\/www.suno.com.br\/noticias\/#organization"},"image":{"@id":"https:\/\/www.suno.com.br\/noticias\/mirae-troca-tres-acoes-em-carteira-recomendada-semanal-3\/#primaryimage"},"thumbnailUrl":"https:\/\/files.sunoresearch.com.br\/n\/uploads\/2020\/08\/2900bf2a-acoes-julho-jpg.webp","keywords":["Carteiras recomendadas","Cyrela (CYRE3)","Ind\u00fastrias Romi (ROMI3)","Ita\u00fa Unibanco (ITUB3\/ITUB4)","Mirae"],"articleSection":["Mercado"],"inLanguage":"pt-BR"},{"@type":"WebPage","@id":"https:\/\/www.suno.com.br\/noticias\/mirae-troca-tres-acoes-em-carteira-recomendada-semanal-3\/","url":"https:\/\/www.suno.com.br\/noticias\/mirae-troca-tres-acoes-em-carteira-recomendada-semanal-3\/","name":"Mirae troca tr\u00eas a\u00e7\u00f5es em carteira recomendada semanal","isPartOf":{"@id":"https:\/\/www.suno.com.br\/noticias\/#website"},"primaryImageOfPage":{"@id":"https:\/\/www.suno.com.br\/noticias\/mirae-troca-tres-acoes-em-carteira-recomendada-semanal-3\/#primaryimage"},"image":{"@id":"https:\/\/www.suno.com.br\/noticias\/mirae-troca-tres-acoes-em-carteira-recomendada-semanal-3\/#primaryimage"},"thumbnailUrl":"https:\/\/files.sunoresearch.com.br\/n\/uploads\/2020\/08\/2900bf2a-acoes-julho-jpg.webp","datePublished":"2020-11-03T13:52:54+00:00","dateModified":"2021-06-24T19:44:47+00:00","description":"De acordo com a Mirae, proximidade das elei\u00e7\u00f5es americanas deve trazer grandes incertezas ao mercado. Clique aqui para ler mais.","breadcrumb":{"@id":"https:\/\/www.suno.com.br\/noticias\/mirae-troca-tres-acoes-em-carteira-recomendada-semanal-3\/#breadcrumb"},"inLanguage":"pt-BR","potentialAction":[{"@type":"ReadAction","target":["https:\/\/www.suno.com.br\/noticias\/mirae-troca-tres-acoes-em-carteira-recomendada-semanal-3\/"]}]},{"@type":"ImageObject","inLanguage":"pt-BR","@id":"https:\/\/www.suno.com.br\/noticias\/mirae-troca-tres-acoes-em-carteira-recomendada-semanal-3\/#primaryimage","url":"https:\/\/files.sunoresearch.com.br\/n\/uploads\/2020\/08\/2900bf2a-acoes-julho-jpg.webp","contentUrl":"https:\/\/files.sunoresearch.com.br\/n\/uploads\/2020\/08\/2900bf2a-acoes-julho-jpg.webp","width":601,"height":421,"caption":"Mirae troca duas a\u00e7\u00f5es em carteira recomendada semanal"},{"@type":"BreadcrumbList","@id":"https:\/\/www.suno.com.br\/noticias\/mirae-troca-tres-acoes-em-carteira-recomendada-semanal-3\/#breadcrumb","itemListElement":[{"@type":"ListItem","position":1,"name":"Not\u00edcias","item":"https:\/\/www.suno.com.br\/noticias\/"},{"@type":"ListItem","position":2,"name":"Mercado","item":"https:\/\/www.suno.com.br\/noticias\/mercado\/"},{"@type":"ListItem","position":3,"name":"Mirae troca tr\u00eas a\u00e7\u00f5es em carteira recomendada semanal"}]},{"@type":"WebSite","@id":"https:\/\/www.suno.com.br\/noticias\/#website","url":"https:\/\/www.suno.com.br\/noticias\/","name":"Suno Not\u00edcias","description":"Seu portal de informa\u00e7\u00e3o sobre o mundo dos investimentos","publisher":{"@id":"https:\/\/www.suno.com.br\/noticias\/#organization"},"potentialAction":[{"@type":"SearchAction","target":{"@type":"EntryPoint","urlTemplate":"https:\/\/www.suno.com.br\/noticias\/?s={search_term_string}"},"query-input":{"@type":"PropertyValueSpecification","valueRequired":true,"valueName":"search_term_string"}}],"inLanguage":"pt-BR"},{"@type":"Organization","@id":"https:\/\/www.suno.com.br\/noticias\/#organization","name":"Suno Not\u00edcias","url":"https:\/\/www.suno.com.br\/noticias\/","logo":{"@type":"ImageObject","inLanguage":"pt-BR","@id":"https:\/\/www.suno.com.br\/noticias\/#\/schema\/logo\/image\/","url":"https:\/\/files.sunoresearch.com.br\/n\/uploads\/2021\/09\/suno-logo.png","contentUrl":"https:\/\/files.sunoresearch.com.br\/n\/uploads\/2021\/09\/suno-logo.png","width":180,"height":180,"caption":"Suno Not\u00edcias"},"image":{"@id":"https:\/\/www.suno.com.br\/noticias\/#\/schema\/logo\/image\/"},"sameAs":["https:\/\/facebook.com\/sunoresearch","https:\/\/x.com\/sunoresearch","https:\/\/www.instagram.com\/suno","https:\/\/www.linkedin.com\/company\/suno-research\/","https:\/\/www.youtube.com\/c\/sunoresearch"]},{"@type":"Person","@id":"https:\/\/www.suno.com.br\/noticias\/#\/schema\/person\/a20761b96e4df7eb57f1f9e41be1dbf3","name":"Vinicius Pereira","image":{"@type":"ImageObject","inLanguage":"pt-BR","@id":"https:\/\/www.suno.com.br\/noticias\/#\/schema\/person\/image\/","url":"https:\/\/secure.gravatar.com\/avatar\/783866b933198f5cc4c5d03fcc8b1301?s=96&r=g","contentUrl":"https:\/\/secure.gravatar.com\/avatar\/783866b933198f5cc4c5d03fcc8b1301?s=96&r=g","caption":"Vinicius Pereira"},"description":"Vinicius Pereira foi rep\u00f3rter de economia da Folha de S.Paulo, stringer do jornal no Canad\u00e1 e colaborador de VEJA. J\u00e1 escreveu tamb\u00e9m para BBC Brasil, The Intercept Brasil e UOL. Tem MBA em Informa\u00e7\u00f5es Econ\u00f4mico-Financeiras e Mercado de Capitais pela FIA\/B3.","sameAs":["https:\/\/x.com\/https:\/\/twitter.com\/viniciuspjornal"],"url":"https:\/\/www.suno.com.br\/noticias\/author\/vinicius-pereira\/"}]}},"default_loop_html":"<div class=\"cardsPage__listCard__boxs\"><div class=\"cardsPage__listCard__boxs__img\"><a href=\"https:\/\/www.suno.com.br\/noticias\/mirae-troca-tres-acoes-em-carteira-recomendada-semanal-3\/\"><img class=\"mask\" src=\"https:\/\/www.suno.com.br\/noticias\/wp-content\/themes\/suno\/resources\/images\/spotlight\/spotlight1img\/bg-mask.png\" alt=\"Image Mask\"\/><img src=\"https:\/\/files.sunoresearch.com.br\/n\/uploads\/2020\/08\/2900bf2a-acoes-julho-400x200.webp\" alt=\"Mirae troca tr\u00eas a\u00e7\u00f5es em carteira recomendada semanal\"\/><\/a><span class=\"spotlightCategory\"><a href=\"https:\/\/www.suno.com.br\/noticias\/mercado\/\">Mercado<\/a><\/span><\/div><div class=\"cardsPage__listCard__boxs__content\"><a href=\"https:\/\/www.suno.com.br\/noticias\/mirae-troca-tres-acoes-em-carteira-recomendada-semanal-3\/\"><h2 class=\"content__title\">Mirae troca tr\u00eas a\u00e7\u00f5es em carteira recomendada semanal<\/h2><\/a><div class=\"newsContent__article__meta\"><div class=\"newsContent__article__meta__authorBox\"><a href=\"https:\/\/www.suno.com.br\/noticias\/author\/vinicius-pereira\/\" class=\"authorBox__avatar noMobi\"><img src=\"https:\/\/files.sunoresearch.com.br\/n\/uploads\/2020\/08\/77510613-whatsapp-image-2020-08-03-at-13.40.40-150x150.webp\" alt=\"Vinicius Pereira\"><\/a><div class=\"authorBox__name\"><span>por\n\t\t\t<a href=\"https:\/\/www.suno.com.br\/noticias\/author\/vinicius-pereira\/\"><span itemprop=\"author\">Vinicius Pereira<\/span><\/a><\/span><time datetime=\"2020-11-03T10:52:54-03:00\" itemprop=\"datePublished\">03\/11\/2020 10:52<\/time><\/div><\/div><\/div><\/div><\/div>","single_layout":"posts","amp_enabled":true,"_links":{"self":[{"href":"https:\/\/www.suno.com.br\/noticias\/wp-json\/wp\/v2\/posts\/96861"}],"collection":[{"href":"https:\/\/www.suno.com.br\/noticias\/wp-json\/wp\/v2\/posts"}],"about":[{"href":"https:\/\/www.suno.com.br\/noticias\/wp-json\/wp\/v2\/types\/post"}],"author":[{"embeddable":true,"href":"https:\/\/www.suno.com.br\/noticias\/wp-json\/wp\/v2\/users\/27"}],"replies":[{"embeddable":true,"href":"https:\/\/www.suno.com.br\/noticias\/wp-json\/wp\/v2\/comments?post=96861"}],"version-history":[{"count":1,"href":"https:\/\/www.suno.com.br\/noticias\/wp-json\/wp\/v2\/posts\/96861\/revisions"}],"predecessor-version":[{"id":161075,"href":"https:\/\/www.suno.com.br\/noticias\/wp-json\/wp\/v2\/posts\/96861\/revisions\/161075"}],"wp:featuredmedia":[{"embeddable":true,"href":"https:\/\/www.suno.com.br\/noticias\/wp-json\/wp\/v2\/media\/77005"}],"wp:attachment":[{"href":"https:\/\/www.suno.com.br\/noticias\/wp-json\/wp\/v2\/media?parent=96861"}],"wp:term":[{"taxonomy":"category","embeddable":true,"href":"https:\/\/www.suno.com.br\/noticias\/wp-json\/wp\/v2\/categories?post=96861"},{"taxonomy":"post_tag","embeddable":true,"href":"https:\/\/www.suno.com.br\/noticias\/wp-json\/wp\/v2\/tags?post=96861"},{"taxonomy":"suno_strategy","embeddable":true,"href":"https:\/\/www.suno.com.br\/noticias\/wp-json\/wp\/v2\/suno_strategy?post=96861"}],"curies":[{"name":"wp","href":"https:\/\/api.w.org\/{rel}","templated":true}]}}