{"id":96801,"date":"2020-11-03T09:08:55","date_gmt":"2020-11-03T12:08:55","guid":{"rendered":"https:\/\/www.suno.com.br\/noticias\/?p=96801"},"modified":"2020-11-03T09:08:55","modified_gmt":"2020-11-03T12:08:55","slug":"bolsas-mundiais-ny-europa-asia-03112020","status":"publish","type":"post","link":"https:\/\/www.suno.com.br\/noticias\/bolsas-mundiais-ny-europa-asia-03112020\/","title":{"rendered":"Bolsas mundiais operam no azul em dia de elei\u00e7\u00f5es nos EUA; S&#038;P sobe 1,2%"},"content":{"rendered":"<p>As<strong> bolsas mundiais<\/strong> operam em alta nesta ter\u00e7a-feira (3), horas antes das elei\u00e7\u00f5es presidenciais nos Estados Unidos. Os eleitores norte-americanos escolher\u00e3o entre o atual presidente <a href=\"https:\/\/www.suno.com.br\/tudo-sobre\/donald-trump\/\">Donald Trump<\/a> e o democrata Joe Biden para comandar o pa\u00eds durante os pr\u00f3ximos quatro anos. No in\u00edcio desta semana, o mercado reage bem \u00e0s incertezas.<\/p>\t<div class=\"wrapper-featured-image\">\n\t\t<figure class=\"spotlightImg\">\n\n\t\t\t<picture>\n\t\t\t\t<source media=\"(max-width: 768px)\" srcset=\"https:\/\/files.sunoresearch.com.br\/n\/uploads\/2020\/06\/0734ea5f-ibovespa-6-400x200.webp\">\n\t\t\t\t<img loading=\"lazy\" decoding=\"async\" class=\"newsContent__article__imgCapa lazyloadDisabled \" src=\"https:\/\/files.sunoresearch.com.br\/n\/uploads\/2020\/06\/0734ea5f-ibovespa-6-800x450.webp\" width=\"800\" height=\"450\" alt=\"Bolsas mundiais operam no azul em dia de elei\u00e7\u00f5es nos EUA; S&#038;P sobe 1,2%\" fetchpriority=high \/>\n\t\t\t<\/picture>\n\n\t\t\t<figcaption class=\"wp-caption-text wp-caption-text--show\">Ibovespa hoje<\/figcaption>\n\t\t<\/figure>\n\t<\/div>\n\n\n<div class=\"hubspot-form-wrapper\">\n\t<div id=\"single-form-target\"><\/div>\n<\/div>\n\n<p>Por volta das 8h40, os mercados futuros de <strong>Nova York<\/strong>, assim a maior parte das bolsas mundias, indicavam para mais um dia de ganhos. O <a href=\"https:\/\/www.suno.com.br\/artigos\/sp-500\/\"><strong>S&amp;P 500<\/strong><\/a> futuro apresentava um avan\u00e7o de 1,17%, para 3.339,25 pontos &#8212; o mercado \u00e0 vista encerrou o \u00faltimo preg\u00e3o com uma alta de 1,16%. O \u00edndice da <a href=\"https:\/\/www.suno.com.br\/artigos\/nasdaq\/\"><strong>Nasdaq<\/strong><\/a> apresentava uma alta de 0,48%, atingindo 11.116,00 pontos, enquanto os futuros de Dow Jones subiam 1,58%, para 27.208,0 pontos.<\/p>\n<p>Desde as \u00faltimas elei\u00e7\u00f5es presidenciais nos <strong>Estados Unidos<\/strong>, em 8 de novembro de 2016, o S&amp;P 500 avan\u00e7ou cerca de 55%. Agora, os investidores prev\u00eaem que o <strong>Biden<\/strong> possui maiores chances de ser eleito, ao passo que os democratas podem tomar conta do Congresso &#8212; o que pode favorecer um novo pacote de est\u00edmulos financeiros frente \u00e0 pandemia.<\/p>\n<p><a href=\"https:\/\/lp.suno.com.br\/suno-one\/\">Suno One: acesse gratuitamente eBooks, Minicursos, Artigos e Video Aulas sobre investimentos com um \u00fanico cadastro. Clique para saber mais!<\/a><\/p>\n<p>O mercado passa a demonstrar maior otimismo ap\u00f3s semanas de volatilidade de que um resultado eleitoral contestado pode n\u00e3o produzir um vencedor claro por algum tempo e questionar o rumo da economia.<\/p>\n<p>Segundo o site <strong>Fivethirtyeight<\/strong>, plataforma que usa como par\u00e2metro todas as pesquisas de inten\u00e7\u00e3o de voto formuladas por jornais e institui\u00e7\u00f5es, compilando dados de todo o processo eleitoral e fazendo simula\u00e7\u00f5es di\u00e1rias com novas perspectivas do mercado, at\u00e9 o \u00faltimo domingo (1) Biden possu\u00eda 53,3% das inten\u00e7\u00f5es dos votos populares, enquanto Trump contava com 45,4%.<\/p>\n<p>Na Europa, apesar do avan\u00e7o da pandemia do <a href=\"https:\/\/www.suno.com.br\/noticias\/?s=coronav%C3%ADrus\">novo <strong>coronav\u00edrus<\/strong> (Covid-19)<\/a>, os mercados tamb\u00e9m operam no azul ap\u00f3s o in\u00edcio das negocia\u00e7\u00f5es. Por volta das 8h53, o <a href=\"https:\/\/www.suno.com.br\/artigos\/dax-30\/\">DAX 30<\/a>, \u00edndice alem\u00e3o, operava com uma alta de 1,80%, a 11.996,00 pontos. O \u00edndice franc\u00eas, CAC 40, subia 2,04%, enquanto o brit\u00e2nico FTSE 100 avan\u00e7ava 1,89%.<\/p>\n<p>O FTSE MIB, \u00edndice italiano, operava com uma alta de 2,37%, a 18.815,50 pontos, ao passo que a Espanha apresentava um ganho de 1,63%. O <strong><a href=\"https:\/\/www.suno.com.br\/artigos\/euro-stoxx-50\/\">Euro Stoxx 50<\/a><\/strong>, maior \u00edndice acion\u00e1rio da zona do euro, subia 1,80%, para 3.073,95 pontos.<\/p>\n<p>No \u00faltimo fim de semana, o lockdown foi restabelecido na Inglaterra, por determina\u00e7\u00e3o do primeiro-ministro brit\u00e2nico <strong>Boris Johnson<\/strong>. A come\u00e7ar a partir da pr\u00f3xima quinta-feira (5), a determina\u00e7\u00e3o valer\u00e1 at\u00e9 o in\u00edcio de dezembro &#8212; escolas, postos de trabalho e atividades f\u00edsicas est\u00e3o liberadas.<\/p>\n<p>\u201cTemos que ser humildes diante da natureza. Neste pa\u00eds, infelizmente, como em grande parte da Europa, o v\u00edrus est\u00e1 se espalhando ainda mais r\u00e1pido do que o pior cen\u00e1rio poss\u00edvel de nossos consultores cient\u00edficos\u201d, afirmou o premi\u00ea brit\u00e2nico.<\/p>\n<p>A decis\u00e3o de Johnson segue a imposi\u00e7\u00e3o de\u00a0<a href=\"https:\/\/www.suno.com.br\/noticias\/franca-e-alemanha-anunciam-lockdown-apos-segunda-onda-de-covid\/\">restri\u00e7\u00f5es parecidas na\u00a0<strong>Fran\u00e7a<\/strong>\u00a0e na\u00a0<strong>Alemanha<\/strong><\/a>\u00a0no in\u00edcio da \u00faltima semana. O Velho Continente se tornou o epicentro da crise mundial da doen\u00e7a, com as 27 na\u00e7\u00f5es da\u00a0<a href=\"https:\/\/www.suno.com.br\/artigos\/uniao-europeia\/\">Uni\u00e3o Europeia (UE)<\/a> e o Reino Unido registrando mais de 195 mil casos di\u00e1rios em m\u00e9dia nos \u00faltimos 10 dias.<\/p>\n\n\t<div data-element=\"shortcode-read-more\" class=\"readToo\">\n\t\t\t\t<span class=\"readToo__title\">Veja tamb\u00e9m<\/span>\n\t\t\t\t<ul class=\"readToo__list\">\n\t\t\t<li><a href=\"https:\/\/www.suno.com.br\/noticias\/vacina-astrazeneca-revisao-reino-unidos\/\">Vacina da AstraZeneca tem revis\u00e3o acelerada no Reino Unido<\/a><\/li><li><a href=\"https:\/\/www.suno.com.br\/noticias\/eleicoes-nos-eua-votos-antecipados-90-milhoes\/\">Elei\u00e7\u00f5es nos EUA: votos antecipados ultrapassam marca de 90 milh\u00f5es, 66% do total de 2016<\/a><\/li>\t\t<\/ul>\n\t<\/div>\n\n\n<p>Na \u00c1sia, de forma similar, os mercados fecharam de forma positiva. A bolsa de Xangai, a SSE Composite, subiu 1,42%, a 3.271,07 pontos. A bolsa do Jap\u00e3o, <a href=\"https:\/\/www.suno.com.br\/artigos\/nikkei-225\/\">Nikkei 225<\/a>, fechou o preg\u00e3o em alta de 1,39%.<\/p>\n<p>O mercado chin\u00eas, sobretudo, foi impulsionado pelos ganhos em a\u00e7\u00f5es de bancos e de materiais, com os investidores acreditando mais em uma recupera\u00e7\u00e3o econ\u00f4mica r\u00e1pida da pandemia e forte perspectiva de vendas para carros movidos a novas energias. Pap\u00e9is de semicondutores tamb\u00e9m avan\u00e7aram, <a href=\"https:\/\/www.suno.com.br\/noticias\/huawei-fabrica-xangai-vencer-sancoes-eua\/\">de olho na opera\u00e7\u00e3o da <strong>Huawei<\/strong><\/a>.<\/p>\n<p>O principal \u00edndice de Hong Kong, Hang Sang, avan\u00e7ou 1,96%, para 24.939,73 pontos. J\u00e1 a KOSPI, mercado da Coreia do Sul, subiu 1,88%, para 2.343,31 pontos.<\/p>\n<p>Confira o desempenho das principais bolsas mundiais por volta das 9h03:<\/p>\n<ul>\n<li>S&amp;P 500 futuro: +1,33%<\/li>\n<li>Nasdaq futuro: +0,68%<\/li>\n<li>DAX 30: +1,83%<\/li>\n<li>FTSE 100: +2,02%<\/li>\n<li>Euro Stoxx 50: +1,88%<\/li>\n<li>SSE Composite: +1,42%<\/li>\n<li>Nikkei 225: +1,39%<\/li>\n<\/ul>\n<p>Os mercados futuros e <strong>bolsas mundiais<\/strong> continuam atentos \u00e0s incertezas causadas n\u00e3o somente pelo coronav\u00edrus, mas tamb\u00e9m pelas tens\u00f5es internacionais acentuadas por ele, al\u00e9m de registrarem a tradicional volatilidade antes de elei\u00e7\u00f5es presidenciais nos Estados Unidos.<\/p>\n\t<p>\n\t\t<a href=\"https:\/\/lp.suno.com.br\/planilha-de-controle-de-investimentos\/\" target=\"_blank\" data-element=\"shortcode-suno-banner\" title=\"Banner SUNO, clique e saiba mais\">\n\t\t\t<picture>\n\t\t\t\t<source media=\"(max-width: 500px)\" srcset=\"https:\/\/files.sunoresearch.com.br\/n\/uploads\/2023\/03\/400x300-Controle-de-Investimentos.png\">\n\t\t\t\t<img class=\"newsContent__article__imgCapa newsContent__article__imgCapa--banner\"\n\t\t\t\t\tsrc=\"https:\/\/files.sunoresearch.com.br\/n\/uploads\/2023\/03\/1420x240-Controle-de-Investimentos.png\"\n\t\t\t\t\tdata-promo-id=\"75934\"\t\t\t\t\t\t\t\t\t\twidth='1420' height='240'\t\t\t\t\talt=\"https:\/\/files.sunoresearch.com.br\/n\/uploads\/2023\/03\/1420x240-Controle-de-Investimentos.png\"\n\t\t\t\t>\n\t\t\t<\/picture>\n\t\t<\/a>\n\t<\/p>\n\n\n","protected":false},"excerpt":{"rendered":"<p>As bolsas mundiais operam em alta nesta ter\u00e7a-feira (3), horas antes das elei\u00e7\u00f5es presidenciais nos Estados Unidos. Os eleitores norte-americanos escolher\u00e3o entre o atual presidente Donald Trump e o democrata Joe Biden para comandar o pa\u00eds durante os pr\u00f3ximos quatro anos. No in\u00edcio desta semana, o mercado reage bem \u00e0s incertezas. Os votos antecipados para [&hellip;]<\/p>\n","protected":false},"author":24,"featured_media":67955,"comment_status":"closed","ping_status":"closed","sticky":false,"template":"","format":"standard","meta":[],"categories":[60],"tags":[104703,2487,724,104868,73481],"suno_strategy":[],"class_list":["post-96801","post","type-post","status-publish","format-standard","has-post-thumbnail","hentry","category-mercado","tag-bolsas-mundiais","tag-coronavirus","tag-donald-trump","tag-eleicoes-americanas","tag-joe-biden"],"yoast_head":"<!-- This site is optimized with the Yoast SEO plugin v24.4 - https:\/\/yoast.com\/wordpress\/plugins\/seo\/ -->\n<title>Bolsas mundiais operam no azul em dia de elei\u00e7\u00f5es nos EUA<\/title>\n<meta name=\"description\" content=\"As bolsas mundiais operam em alta nesta ter\u00e7a-feira (3), horas antes das elei\u00e7\u00f5es presidenciais nos Estados Unidos. Saiba mais.\" \/>\n<meta name=\"robots\" content=\"index, follow, max-snippet:-1, max-image-preview:large, max-video-preview:-1\" \/>\n<link rel=\"canonical\" href=\"https:\/\/www.suno.com.br\/noticias\/bolsas-mundiais-ny-europa-asia-03112020\/\" \/>\n<meta property=\"og:locale\" content=\"pt_BR\" \/>\n<meta property=\"og:type\" content=\"article\" \/>\n<meta property=\"og:title\" content=\"Bolsas mundiais operam no azul em dia de elei\u00e7\u00f5es nos EUA\" \/>\n<meta property=\"og:description\" content=\"As bolsas mundiais operam em alta nesta ter\u00e7a-feira (3), horas antes das elei\u00e7\u00f5es presidenciais nos Estados Unidos. Saiba mais.\" \/>\n<meta property=\"og:url\" content=\"https:\/\/www.suno.com.br\/noticias\/bolsas-mundiais-ny-europa-asia-03112020\/\" \/>\n<meta property=\"og:site_name\" content=\"Suno Not\u00edcias\" \/>\n<meta property=\"article:publisher\" content=\"https:\/\/facebook.com\/sunoresearch\" \/>\n<meta property=\"og:image\" content=\"https:\/\/files.sunoresearch.com.br\/n\/uploads\/2020\/06\/0734ea5f-ibovespa-6.jpg\" \/>\n\t<meta property=\"og:image:width\" content=\"2000\" \/>\n\t<meta property=\"og:image:height\" content=\"1333\" \/>\n\t<meta property=\"og:image:type\" content=\"image\/jpeg\" \/>\n<meta name=\"author\" content=\"Jader Lazarini\" \/>\n<meta name=\"twitter:card\" content=\"summary_large_image\" \/>\n<meta name=\"twitter:creator\" content=\"@sunoresearch\" \/>\n<meta name=\"twitter:site\" content=\"@sunoresearch\" \/>\n<meta name=\"twitter:label1\" content=\"Escrito por\" \/>\n\t<meta name=\"twitter:data1\" content=\"Jader Lazarini\" \/>\n\t<meta name=\"twitter:label2\" content=\"Est. tempo de leitura\" \/>\n\t<meta name=\"twitter:data2\" content=\"4 minutos\" \/>\n<script type=\"application\/ld+json\" class=\"yoast-schema-graph\">{\"@context\":\"https:\/\/schema.org\",\"@graph\":[{\"@type\":\"NewsArticle\",\"@id\":\"https:\/\/www.suno.com.br\/noticias\/bolsas-mundiais-ny-europa-asia-03112020\/#article\",\"isPartOf\":{\"@id\":\"https:\/\/www.suno.com.br\/noticias\/bolsas-mundiais-ny-europa-asia-03112020\/\"},\"author\":{\"name\":\"Jader Lazarini\",\"@id\":\"https:\/\/www.suno.com.br\/noticias\/#\/schema\/person\/918d79de1f0281f01599b93f9ea6e23f\"},\"headline\":\"Bolsas mundiais operam no azul em dia de elei\u00e7\u00f5es nos EUA; S&#038;P sobe 1,2%\",\"datePublished\":\"2020-11-03T12:08:55+00:00\",\"mainEntityOfPage\":{\"@id\":\"https:\/\/www.suno.com.br\/noticias\/bolsas-mundiais-ny-europa-asia-03112020\/\"},\"wordCount\":768,\"publisher\":{\"@id\":\"https:\/\/www.suno.com.br\/noticias\/#organization\"},\"image\":{\"@id\":\"https:\/\/www.suno.com.br\/noticias\/bolsas-mundiais-ny-europa-asia-03112020\/#primaryimage\"},\"thumbnailUrl\":\"https:\/\/files.sunoresearch.com.br\/n\/uploads\/2020\/06\/0734ea5f-ibovespa-6-jpg.webp\",\"keywords\":[\"Bolsas mundiais\",\"coronav\u00edrus\",\"Donald Trump\",\"Elei\u00e7\u00f5es americanas\",\"Joe Biden\"],\"articleSection\":[\"Mercado\"],\"inLanguage\":\"pt-BR\"},{\"@type\":\"WebPage\",\"@id\":\"https:\/\/www.suno.com.br\/noticias\/bolsas-mundiais-ny-europa-asia-03112020\/\",\"url\":\"https:\/\/www.suno.com.br\/noticias\/bolsas-mundiais-ny-europa-asia-03112020\/\",\"name\":\"Bolsas mundiais operam no azul em dia de elei\u00e7\u00f5es nos EUA\",\"isPartOf\":{\"@id\":\"https:\/\/www.suno.com.br\/noticias\/#website\"},\"primaryImageOfPage\":{\"@id\":\"https:\/\/www.suno.com.br\/noticias\/bolsas-mundiais-ny-europa-asia-03112020\/#primaryimage\"},\"image\":{\"@id\":\"https:\/\/www.suno.com.br\/noticias\/bolsas-mundiais-ny-europa-asia-03112020\/#primaryimage\"},\"thumbnailUrl\":\"https:\/\/files.sunoresearch.com.br\/n\/uploads\/2020\/06\/0734ea5f-ibovespa-6-jpg.webp\",\"datePublished\":\"2020-11-03T12:08:55+00:00\",\"description\":\"As bolsas mundiais operam em alta nesta ter\u00e7a-feira (3), horas antes das elei\u00e7\u00f5es presidenciais nos Estados Unidos. Saiba mais.\",\"breadcrumb\":{\"@id\":\"https:\/\/www.suno.com.br\/noticias\/bolsas-mundiais-ny-europa-asia-03112020\/#breadcrumb\"},\"inLanguage\":\"pt-BR\",\"potentialAction\":[{\"@type\":\"ReadAction\",\"target\":[\"https:\/\/www.suno.com.br\/noticias\/bolsas-mundiais-ny-europa-asia-03112020\/\"]}]},{\"@type\":\"ImageObject\",\"inLanguage\":\"pt-BR\",\"@id\":\"https:\/\/www.suno.com.br\/noticias\/bolsas-mundiais-ny-europa-asia-03112020\/#primaryimage\",\"url\":\"https:\/\/files.sunoresearch.com.br\/n\/uploads\/2020\/06\/0734ea5f-ibovespa-6-jpg.webp\",\"contentUrl\":\"https:\/\/files.sunoresearch.com.br\/n\/uploads\/2020\/06\/0734ea5f-ibovespa-6-jpg.webp\",\"width\":2000,\"height\":1333,\"caption\":\"Ibovespa hoje\"},{\"@type\":\"BreadcrumbList\",\"@id\":\"https:\/\/www.suno.com.br\/noticias\/bolsas-mundiais-ny-europa-asia-03112020\/#breadcrumb\",\"itemListElement\":[{\"@type\":\"ListItem\",\"position\":1,\"name\":\"Not\u00edcias\",\"item\":\"https:\/\/www.suno.com.br\/noticias\/\"},{\"@type\":\"ListItem\",\"position\":2,\"name\":\"Mercado\",\"item\":\"https:\/\/www.suno.com.br\/noticias\/mercado\/\"},{\"@type\":\"ListItem\",\"position\":3,\"name\":\"Bolsas mundiais operam no azul em dia de elei\u00e7\u00f5es nos EUA; S&#038;P sobe 1,2%\"}]},{\"@type\":\"WebSite\",\"@id\":\"https:\/\/www.suno.com.br\/noticias\/#website\",\"url\":\"https:\/\/www.suno.com.br\/noticias\/\",\"name\":\"Suno Not\u00edcias\",\"description\":\"Seu portal de informa\u00e7\u00e3o sobre o mundo dos investimentos\",\"publisher\":{\"@id\":\"https:\/\/www.suno.com.br\/noticias\/#organization\"},\"potentialAction\":[{\"@type\":\"SearchAction\",\"target\":{\"@type\":\"EntryPoint\",\"urlTemplate\":\"https:\/\/www.suno.com.br\/noticias\/?s={search_term_string}\"},\"query-input\":{\"@type\":\"PropertyValueSpecification\",\"valueRequired\":true,\"valueName\":\"search_term_string\"}}],\"inLanguage\":\"pt-BR\"},{\"@type\":\"Organization\",\"@id\":\"https:\/\/www.suno.com.br\/noticias\/#organization\",\"name\":\"Suno Not\u00edcias\",\"url\":\"https:\/\/www.suno.com.br\/noticias\/\",\"logo\":{\"@type\":\"ImageObject\",\"inLanguage\":\"pt-BR\",\"@id\":\"https:\/\/www.suno.com.br\/noticias\/#\/schema\/logo\/image\/\",\"url\":\"https:\/\/files.sunoresearch.com.br\/n\/uploads\/2021\/09\/suno-logo.png\",\"contentUrl\":\"https:\/\/files.sunoresearch.com.br\/n\/uploads\/2021\/09\/suno-logo.png\",\"width\":180,\"height\":180,\"caption\":\"Suno Not\u00edcias\"},\"image\":{\"@id\":\"https:\/\/www.suno.com.br\/noticias\/#\/schema\/logo\/image\/\"},\"sameAs\":[\"https:\/\/facebook.com\/sunoresearch\",\"https:\/\/x.com\/sunoresearch\",\"https:\/\/www.instagram.com\/suno\",\"https:\/\/www.linkedin.com\/company\/suno-research\/\",\"https:\/\/www.youtube.com\/c\/sunoresearch\"]},{\"@type\":\"Person\",\"@id\":\"https:\/\/www.suno.com.br\/noticias\/#\/schema\/person\/918d79de1f0281f01599b93f9ea6e23f\",\"name\":\"Jader Lazarini\",\"image\":{\"@type\":\"ImageObject\",\"inLanguage\":\"pt-BR\",\"@id\":\"https:\/\/www.suno.com.br\/noticias\/#\/schema\/person\/image\/\",\"url\":\"https:\/\/secure.gravatar.com\/avatar\/3c1ad8caa51589841baeb923fcddea97?s=96&r=g\",\"contentUrl\":\"https:\/\/secure.gravatar.com\/avatar\/3c1ad8caa51589841baeb923fcddea97?s=96&r=g\",\"caption\":\"Jader Lazarini\"},\"description\":\"Jader Lazarini escreve sobre investimentos, finan\u00e7as, economia e neg\u00f3cios. \u00c9 bacharel em Rela\u00e7\u00f5es Internacionais e analista CNPI (2619).\",\"url\":\"https:\/\/www.suno.com.br\/noticias\/author\/jader-lazarini\/\"}]}<\/script>\n<!-- \/ Yoast SEO plugin. -->","yoast_head_json":{"title":"Bolsas mundiais operam no azul em dia de elei\u00e7\u00f5es nos EUA","description":"As bolsas mundiais operam em alta nesta ter\u00e7a-feira (3), horas antes das elei\u00e7\u00f5es presidenciais nos Estados Unidos. Saiba mais.","robots":{"index":"index","follow":"follow","max-snippet":"max-snippet:-1","max-image-preview":"max-image-preview:large","max-video-preview":"max-video-preview:-1"},"canonical":"https:\/\/www.suno.com.br\/noticias\/bolsas-mundiais-ny-europa-asia-03112020\/","og_locale":"pt_BR","og_type":"article","og_title":"Bolsas mundiais operam no azul em dia de elei\u00e7\u00f5es nos EUA","og_description":"As bolsas mundiais operam em alta nesta ter\u00e7a-feira (3), horas antes das elei\u00e7\u00f5es presidenciais nos Estados Unidos. Saiba mais.","og_url":"https:\/\/www.suno.com.br\/noticias\/bolsas-mundiais-ny-europa-asia-03112020\/","og_site_name":"Suno Not\u00edcias","article_publisher":"https:\/\/facebook.com\/sunoresearch","og_image":[{"width":2000,"height":1333,"url":"https:\/\/files.sunoresearch.com.br\/n\/uploads\/2020\/06\/0734ea5f-ibovespa-6.jpg","type":"image\/jpeg"}],"author":"Jader Lazarini","twitter_card":"summary_large_image","twitter_creator":"@sunoresearch","twitter_site":"@sunoresearch","twitter_misc":{"Escrito por":"Jader Lazarini","Est. tempo de leitura":"4 minutos"},"schema":{"@context":"https:\/\/schema.org","@graph":[{"@type":"NewsArticle","@id":"https:\/\/www.suno.com.br\/noticias\/bolsas-mundiais-ny-europa-asia-03112020\/#article","isPartOf":{"@id":"https:\/\/www.suno.com.br\/noticias\/bolsas-mundiais-ny-europa-asia-03112020\/"},"author":{"name":"Jader Lazarini","@id":"https:\/\/www.suno.com.br\/noticias\/#\/schema\/person\/918d79de1f0281f01599b93f9ea6e23f"},"headline":"Bolsas mundiais operam no azul em dia de elei\u00e7\u00f5es nos EUA; S&#038;P sobe 1,2%","datePublished":"2020-11-03T12:08:55+00:00","mainEntityOfPage":{"@id":"https:\/\/www.suno.com.br\/noticias\/bolsas-mundiais-ny-europa-asia-03112020\/"},"wordCount":768,"publisher":{"@id":"https:\/\/www.suno.com.br\/noticias\/#organization"},"image":{"@id":"https:\/\/www.suno.com.br\/noticias\/bolsas-mundiais-ny-europa-asia-03112020\/#primaryimage"},"thumbnailUrl":"https:\/\/files.sunoresearch.com.br\/n\/uploads\/2020\/06\/0734ea5f-ibovespa-6-jpg.webp","keywords":["Bolsas mundiais","coronav\u00edrus","Donald Trump","Elei\u00e7\u00f5es americanas","Joe Biden"],"articleSection":["Mercado"],"inLanguage":"pt-BR"},{"@type":"WebPage","@id":"https:\/\/www.suno.com.br\/noticias\/bolsas-mundiais-ny-europa-asia-03112020\/","url":"https:\/\/www.suno.com.br\/noticias\/bolsas-mundiais-ny-europa-asia-03112020\/","name":"Bolsas mundiais operam no azul em dia de elei\u00e7\u00f5es nos EUA","isPartOf":{"@id":"https:\/\/www.suno.com.br\/noticias\/#website"},"primaryImageOfPage":{"@id":"https:\/\/www.suno.com.br\/noticias\/bolsas-mundiais-ny-europa-asia-03112020\/#primaryimage"},"image":{"@id":"https:\/\/www.suno.com.br\/noticias\/bolsas-mundiais-ny-europa-asia-03112020\/#primaryimage"},"thumbnailUrl":"https:\/\/files.sunoresearch.com.br\/n\/uploads\/2020\/06\/0734ea5f-ibovespa-6-jpg.webp","datePublished":"2020-11-03T12:08:55+00:00","description":"As bolsas mundiais operam em alta nesta ter\u00e7a-feira (3), horas antes das elei\u00e7\u00f5es presidenciais nos Estados Unidos. Saiba mais.","breadcrumb":{"@id":"https:\/\/www.suno.com.br\/noticias\/bolsas-mundiais-ny-europa-asia-03112020\/#breadcrumb"},"inLanguage":"pt-BR","potentialAction":[{"@type":"ReadAction","target":["https:\/\/www.suno.com.br\/noticias\/bolsas-mundiais-ny-europa-asia-03112020\/"]}]},{"@type":"ImageObject","inLanguage":"pt-BR","@id":"https:\/\/www.suno.com.br\/noticias\/bolsas-mundiais-ny-europa-asia-03112020\/#primaryimage","url":"https:\/\/files.sunoresearch.com.br\/n\/uploads\/2020\/06\/0734ea5f-ibovespa-6-jpg.webp","contentUrl":"https:\/\/files.sunoresearch.com.br\/n\/uploads\/2020\/06\/0734ea5f-ibovespa-6-jpg.webp","width":2000,"height":1333,"caption":"Ibovespa hoje"},{"@type":"BreadcrumbList","@id":"https:\/\/www.suno.com.br\/noticias\/bolsas-mundiais-ny-europa-asia-03112020\/#breadcrumb","itemListElement":[{"@type":"ListItem","position":1,"name":"Not\u00edcias","item":"https:\/\/www.suno.com.br\/noticias\/"},{"@type":"ListItem","position":2,"name":"Mercado","item":"https:\/\/www.suno.com.br\/noticias\/mercado\/"},{"@type":"ListItem","position":3,"name":"Bolsas mundiais operam no azul em dia de elei\u00e7\u00f5es nos EUA; S&#038;P sobe 1,2%"}]},{"@type":"WebSite","@id":"https:\/\/www.suno.com.br\/noticias\/#website","url":"https:\/\/www.suno.com.br\/noticias\/","name":"Suno Not\u00edcias","description":"Seu portal de informa\u00e7\u00e3o sobre o mundo dos investimentos","publisher":{"@id":"https:\/\/www.suno.com.br\/noticias\/#organization"},"potentialAction":[{"@type":"SearchAction","target":{"@type":"EntryPoint","urlTemplate":"https:\/\/www.suno.com.br\/noticias\/?s={search_term_string}"},"query-input":{"@type":"PropertyValueSpecification","valueRequired":true,"valueName":"search_term_string"}}],"inLanguage":"pt-BR"},{"@type":"Organization","@id":"https:\/\/www.suno.com.br\/noticias\/#organization","name":"Suno Not\u00edcias","url":"https:\/\/www.suno.com.br\/noticias\/","logo":{"@type":"ImageObject","inLanguage":"pt-BR","@id":"https:\/\/www.suno.com.br\/noticias\/#\/schema\/logo\/image\/","url":"https:\/\/files.sunoresearch.com.br\/n\/uploads\/2021\/09\/suno-logo.png","contentUrl":"https:\/\/files.sunoresearch.com.br\/n\/uploads\/2021\/09\/suno-logo.png","width":180,"height":180,"caption":"Suno Not\u00edcias"},"image":{"@id":"https:\/\/www.suno.com.br\/noticias\/#\/schema\/logo\/image\/"},"sameAs":["https:\/\/facebook.com\/sunoresearch","https:\/\/x.com\/sunoresearch","https:\/\/www.instagram.com\/suno","https:\/\/www.linkedin.com\/company\/suno-research\/","https:\/\/www.youtube.com\/c\/sunoresearch"]},{"@type":"Person","@id":"https:\/\/www.suno.com.br\/noticias\/#\/schema\/person\/918d79de1f0281f01599b93f9ea6e23f","name":"Jader Lazarini","image":{"@type":"ImageObject","inLanguage":"pt-BR","@id":"https:\/\/www.suno.com.br\/noticias\/#\/schema\/person\/image\/","url":"https:\/\/secure.gravatar.com\/avatar\/3c1ad8caa51589841baeb923fcddea97?s=96&r=g","contentUrl":"https:\/\/secure.gravatar.com\/avatar\/3c1ad8caa51589841baeb923fcddea97?s=96&r=g","caption":"Jader Lazarini"},"description":"Jader Lazarini escreve sobre investimentos, finan\u00e7as, economia e neg\u00f3cios. \u00c9 bacharel em Rela\u00e7\u00f5es Internacionais e analista CNPI (2619).","url":"https:\/\/www.suno.com.br\/noticias\/author\/jader-lazarini\/"}]}},"default_loop_html":"<div class=\"cardsPage__listCard__boxs\"><div class=\"cardsPage__listCard__boxs__img\"><a href=\"https:\/\/www.suno.com.br\/noticias\/eleicoes-nos-eua-votos-antecipados-90-milhoes\/\"><img class=\"mask\" src=\"https:\/\/www.suno.com.br\/noticias\/wp-content\/themes\/suno\/resources\/images\/spotlight\/spotlight1img\/bg-mask.png\" alt=\"Image Mask\"\/><img src=\"https:\/\/files.sunoresearch.com.br\/n\/uploads\/2020\/11\/63a395eb-mundo-eleicoes-americanas-votacao-20161108-03-400x200.webp\" alt=\"Elei\u00e7\u00f5es nos EUA: votos antecipados ultrapassam marca de 90 milh\u00f5es, 66% do total de 2016\"\/><\/a><span class=\"spotlightCategory\"><a href=\"https:\/\/www.suno.com.br\/noticias\/internacional\/\">Internacional<\/a><\/span><\/div><div class=\"cardsPage__listCard__boxs__content\"><a href=\"https:\/\/www.suno.com.br\/noticias\/eleicoes-nos-eua-votos-antecipados-90-milhoes\/\"><h2 class=\"content__title\">Elei\u00e7\u00f5es nos EUA: votos antecipados ultrapassam marca de 90 milh\u00f5es, 66% do total de 2016<\/h2><\/a><div class=\"newsContent__article__meta\"><div class=\"newsContent__article__meta__authorBox\"><a href=\"https:\/\/www.suno.com.br\/noticias\/author\/jader-lazarini\/\" class=\"authorBox__avatar noMobi\"><img src=\"https:\/\/files.sunoresearch.com.br\/n\/uploads\/2021\/01\/178e6598-foto-perfil-2-150x150.jpg\" alt=\"Jader Lazarini\"><\/a><div class=\"authorBox__name\"><span>por\n\t\t\t<a href=\"https:\/\/www.suno.com.br\/noticias\/author\/jader-lazarini\/\"><span itemprop=\"author\">Jader Lazarini<\/span><\/a><\/span><time datetime=\"2020-11-01T13:02:21-03:00\" itemprop=\"datePublished\">01\/11\/2020 13:02<\/time><\/div><\/div><\/div><\/div><\/div>","single_layout":"posts","amp_enabled":true,"_links":{"self":[{"href":"https:\/\/www.suno.com.br\/noticias\/wp-json\/wp\/v2\/posts\/96801"}],"collection":[{"href":"https:\/\/www.suno.com.br\/noticias\/wp-json\/wp\/v2\/posts"}],"about":[{"href":"https:\/\/www.suno.com.br\/noticias\/wp-json\/wp\/v2\/types\/post"}],"author":[{"embeddable":true,"href":"https:\/\/www.suno.com.br\/noticias\/wp-json\/wp\/v2\/users\/24"}],"replies":[{"embeddable":true,"href":"https:\/\/www.suno.com.br\/noticias\/wp-json\/wp\/v2\/comments?post=96801"}],"version-history":[{"count":0,"href":"https:\/\/www.suno.com.br\/noticias\/wp-json\/wp\/v2\/posts\/96801\/revisions"}],"wp:featuredmedia":[{"embeddable":true,"href":"https:\/\/www.suno.com.br\/noticias\/wp-json\/wp\/v2\/media\/67955"}],"wp:attachment":[{"href":"https:\/\/www.suno.com.br\/noticias\/wp-json\/wp\/v2\/media?parent=96801"}],"wp:term":[{"taxonomy":"category","embeddable":true,"href":"https:\/\/www.suno.com.br\/noticias\/wp-json\/wp\/v2\/categories?post=96801"},{"taxonomy":"post_tag","embeddable":true,"href":"https:\/\/www.suno.com.br\/noticias\/wp-json\/wp\/v2\/tags?post=96801"},{"taxonomy":"suno_strategy","embeddable":true,"href":"https:\/\/www.suno.com.br\/noticias\/wp-json\/wp\/v2\/suno_strategy?post=96801"}],"curies":[{"name":"wp","href":"https:\/\/api.w.org\/{rel}","templated":true}]}}