{"id":96760,"date":"2020-11-03T08:19:48","date_gmt":"2020-11-03T11:19:48","guid":{"rendered":"https:\/\/www.suno.com.br\/noticias\/?p=96760"},"modified":"2021-02-17T21:49:27","modified_gmt":"2021-02-18T00:49:27","slug":"destaques-de-empresas-anima-laureate-balanco-bb-seguridade","status":"publish","type":"post","link":"https:\/\/www.suno.com.br\/noticias\/destaques-de-empresas-anima-laureate-balanco-bb-seguridade\/","title":{"rendered":"Destaques de Empresas: Acordo entre \u00c2nima e Laureate; balan\u00e7o da BB Seguridade"},"content":{"rendered":"<p>Nos <strong>destaques de empresas\u00a0<\/strong>desta ter\u00e7a-feira (3) est\u00e3o os balan\u00e7os trimestrais divulgados pela BB Seguridade, Copasa e Vamos. Al\u00e9m disso, a \u00c2nima Educa\u00e7\u00e3o assinou um contrato com a Laurate para a aquisi\u00e7\u00e3o dos ativos no Brasil.<\/p>\t<div class=\"wrapper-featured-image\">\n\t\t<figure class=\"spotlightImg\">\n\n\t\t\t<picture>\n\t\t\t\t<source media=\"(max-width: 768px)\" srcset=\"https:\/\/files.sunoresearch.com.br\/n\/uploads\/2019\/02\/5d0f29b5-bb-seguridade-400x200.webp\">\n\t\t\t\t<img loading=\"lazy\" decoding=\"async\" class=\"newsContent__article__imgCapa lazyloadDisabled \" src=\"https:\/\/files.sunoresearch.com.br\/n\/uploads\/2019\/02\/5d0f29b5-bb-seguridade-800x450.webp\" width=\"800\" height=\"450\" alt=\"Destaques de Empresas: Acordo entre \u00c2nima e Laureate; balan\u00e7o da BB Seguridade\" fetchpriority=high \/>\n\t\t\t<\/picture>\n\n\t\t\t<figcaption class=\"wp-caption-text wp-caption-text--show\">Destaques de Empresas: \u00c2nima e Laureate; balan\u00e7o da BB Seguridade<\/figcaption>\n\t\t<\/figure>\n\t<\/div>\n\n\n<p>Ademais, empresas como Gafisa, Magazine Luiza, Suzano, Eletrobras e Bradespar est\u00e3o nos destaques de hoje.<\/p>\n<p>Confira os destaques de empresas:<\/p>\n<h2>BB Seguridade<\/h2>\n<p><a href=\"https:\/\/www.suno.com.br\/acoes\/bbse3\/\">BB Seguridade (BBSE3)<\/a> teve um lucro l\u00edquido de R$ 1,09 bilh\u00e3o no terceiro trimestre de 2020, praticamente em linha com o resultado de R$ 1,08 bilh\u00e3o registrado no mesmo trimestre de 2019. Na compara\u00e7\u00e3o com o segundo trimestre, o lucro l\u00edquido cresceu 11,6%.<\/p>\n\t<div data-element=\"shortcode-read-more\" class=\"knowMore\">\n\t\t\t\t<span class=\"knowMore__title\">Saiba Mais<\/span>\n\t\t\t\t<a class=\"knowMore__link\" href=\"https:\/\/www.suno.com.br\/noticias\/bb-seguridade-tem-lucro-liquido-ajustado-de-r-109-bilhao-no-3t20\/\">\n\t\t\tBB Seguridade tem lucro l\u00edquido ajustado de R$ 1,09 bilh\u00e3o no 3T20\t\t<\/a>\n\t<\/div>\n\n\n<p>Segundo a empresa, o resultado financeiro da holding ainda est\u00e1 comprometido, impactado principalmente pela restitui\u00e7\u00e3o de capital aos acionistas, pela menor taxa m\u00e9dia Selic e pela distribui\u00e7\u00e3o de recursos provenientes da venda do IRB. O resultado financeiro consolidado da BB Seguridade e suas investidas caiu 36,3% em rela\u00e7\u00e3o ao terceiro trimestre e somou R$ 99 milh\u00f5es.<\/p>\n<h2>\u00c2nima e Laureate<\/h2>\n<p>A <strong>\u00c2nima<\/strong> Educa\u00e7\u00e3o (<a href=\"https:\/\/www.suno.com.br\/acoes\/anim3\/\" target=\"_blank\" rel=\"noopener noreferrer\">ANIMA3<\/a>) assinou um contrato com o Grupo Laureate que vai resultar na aquisi\u00e7\u00e3o de todos os ativos do grupo no Brasil. O contrato prev\u00ea um pre\u00e7o de R$ 4,4 bilh\u00f5es, sendo que R$ 3,77 bilh\u00f5es ser\u00e3o pagos em dinheiro para a Laureate e R$ 623 milh\u00f5es correspondem a d\u00edvidas de ativos que ser\u00e3o assumidos pela \u00c2nima.<\/p>\n\t<div data-element=\"shortcode-read-more\" class=\"knowMore\">\n\t\t\t\t<span class=\"knowMore__title\">Saiba Mais<\/span>\n\t\t\t\t<a class=\"knowMore__link\" href=\"https:\/\/www.suno.com.br\/noticias\/anima-firma-contrato-aquisicao-da-laureate-44-bilhoes\/\">\n\t\t\t\u00c2nima (ANIM3) firma contrato para compra da Laureate por R$ 4,4 bilh\u00f5es\t\t<\/a>\n\t<\/div>\n\n\n<p>A proposta da \u00c2nima inclui tamb\u00e9m R$ 203 milh\u00f5es a t\u00edtulo de earn-out por 135 vagas de medicina pendentes de aprova\u00e7\u00e3o. Conforme fato relevante divulgado em 30 de outubro, a \u00c2nima vai cumprir as obriga\u00e7\u00f5es, pagando multa de R$ 180 milh\u00f5es \u00e0<a href=\"https:\/\/www.suno.com.br\/acoes\/sedu3\/\" target=\"_blank\" rel=\"noopener noreferrer\"><strong> Ser Educacional (SEER3)<\/strong><\/a>, referente ao processo do Go Shop.<\/p>\n<h2>Copasa<\/h2>\n<p>A <a href=\"https:\/\/www.suno.com.br\/acoes\/csmg3\/\"><strong>Copasa<\/strong> (CSMG3)<\/a> registrou um <a href=\"https:\/\/www.suno.com.br\/artigos\/lucro-liquido\/\">lucro l\u00edquido<\/a> de R$ 240,5 milh\u00f5es no terceiro trimestre deste ano. Esse valor \u00e9 equivalente a alta de 24% em compara\u00e7\u00e3o com o mesmo per\u00edodo no ano passado, quando havia registrado lucro de R$ 131,4 milh\u00f5es.<\/p>\n\t<div data-element=\"shortcode-read-more\" class=\"knowMore\">\n\t\t\t\t<span class=\"knowMore__title\">Saiba Mais<\/span>\n\t\t\t\t<a class=\"knowMore__link\" href=\"https:\/\/www.suno.com.br\/noticias\/copasa-csmg3-lucro-liquido-240-milhoes-3t20\/\">\n\t\t\tCopasa (CSMG3) tem lucro l\u00edquido de R$ 240,5 milh\u00f5es no 3T20\t\t<\/a>\n\t<\/div>\n\n\n<p>A <strong><a href=\"https:\/\/www.suno.com.br\/artigos\/o-que-receita-liquida\/\">receita l\u00edquida<\/a> <\/strong>da Copasa totalizou R$ 1,36 bilh\u00e3o, alta de 2% em rela\u00e7\u00e3o ao terceiro trimestre de 2019. Segundo a companhia, a receita l\u00edquida do segmento de<strong> \u00e1gua<\/strong>, <strong>esgoto<\/strong> e <strong>res\u00edduos s\u00f3lidos<\/strong> subiu 6,1%, para R$ 1,2 bilh\u00e3o, puxado pelo reajuste tarif\u00e1rio m\u00e9dio de 8,38%.<\/p>\n<h2>Vamos<\/h2>\n<p>A <strong>Vamos<\/strong> Loca\u00e7\u00e3o, subsidi\u00e1ria integral da Simpar (SIMH3), teve um <a href=\"https:\/\/www.suno.com.br\/artigos\/lucro-liquido\/\">lucro l\u00edquido<\/a> de R$ 49,1 milh\u00f5es no terceiro trimestre deste ano. O resultado equivale a uma alta de 28,1% na compara\u00e7\u00e3o com o mesmo per\u00edodo do ano passado. Em rela\u00e7\u00e3o ao segundo trimestre, o crescimento \u00e9 de 25%.<\/p>\n\t<div data-element=\"shortcode-read-more\" class=\"knowMore\">\n\t\t\t\t<span class=\"knowMore__title\">Saiba Mais<\/span>\n\t\t\t\t<a class=\"knowMore__link\" href=\"https:\/\/www.suno.com.br\/noticias\/vamos-simpar-simh3-lucro-liquido-2t20\/\">\n\t\t\tVamos, subsidi\u00e1ria da Simpar (SIMH3), tem lucro de R$ 49 milh\u00f5es no 3T20\t\t<\/a>\n\t<\/div>\n\n\n<p>A receita l\u00edquida cresceu 47,9% de ano contra ano, para R$ 464,5 milh\u00f5es, com destaque para a receita de Concession\u00e1rias, alta de 128,3% de ano para ano, contando com R$ 252 milh\u00f5es.<\/p>\n<h2>Gafisa<\/h2>\n<p>A <a href=\"https:\/\/www.suno.com.br\/acoes\/gfsa3\/\"><strong>Gafisa<\/strong> (GFSA3)<\/a> informou aos seus <a href=\"https:\/\/www.suno.com.br\/artigos\/acionista-companhias-abertas\/\">acionistas<\/a> e ao mercado em geral, nesta segunda-feira (3), atrav\u00e9s de <a href=\"https:\/\/www.suno.com.br\/artigos\/fato-relevante\/\">fato relevante,<\/a> que o<a href=\"https:\/\/www.suno.com.br\/artigos\/cade\/\"> Conselho Administrativo de Defesa Econ\u00f4mica (Cade)<\/a> aprovou a compra dos ativos imobili\u00e1rios, em diferentes est\u00e1gios de desenvolvimento, da Cal\u00e7ada S.A, na cidade do Rio de Janeiro.<\/p>\n<div>A\u00a0aquisi\u00e7\u00e3o\u00a0envolve pagamentos combinando recursos\u00a0do caixa\u00a0da Companhia e o\u00a0recebimento de participa\u00e7\u00e3o no capital da Gafisa, por meio de deb\u00eantures convers\u00edveis,\u00a0conforme divulgado no fato relevante em21 de outubro de 2020.<\/div>\n<h2>Magazine Luiza<\/h2>\n<p><strong>O <\/strong><a href=\"https:\/\/www.suno.com.br\/acoes\/mglu3\/\"><strong>Magazine Luiza<\/strong> (MGLU3)<\/a> afirmou que tem estoques para a Black Friday que somam R$ 5 bilh\u00f5es em valor. De acordo com a companhia, esse n\u00famero \u00e9 &#8220;significativamente maior que o de 2019&#8221;.<\/p>\n\t<div data-element=\"shortcode-read-more\" class=\"knowMore\">\n\t\t\t\t<span class=\"knowMore__title\">Saiba Mais<\/span>\n\t\t\t\t<a class=\"knowMore__link\" href=\"https:\/\/www.suno.com.br\/noticias\/black-friday-magazine-luiza-mglu3-estoques\/\">\n\t\t\tBlack Friday: Magazine Luiza (MGLU3) tem R$ 5 bilh\u00f5es em estoques\t\t<\/a>\n\t<\/div>\n\n\n<p>Esse ano, a data t\u00e3o esperada pelos consumidores acontece oficialmente no dia 27 de novembro, mas a partir do dia 1 de novembro o Magazine Luiza lan\u00e7ar\u00e1 uma campanha com an\u00fancio de produtos com pre\u00e7os de <strong>Black Friday<\/strong> todos os dias.<\/p>\n<h2>Suzano<\/h2>\n<p>Mesmo com boas perspectivas para a produ\u00e7\u00e3o e vendas de celulose, a <a href=\"https:\/\/www.suno.com.br\/acoes\/suzb3\/\"><strong>Suzano<\/strong> (SUZB3) <\/a>se diz cautelosamente otimista. O presidente da companhia, Walter Schalka, disse, em teleconfer\u00eancia sobre os resultados da companhia, que algumas incertezas em rela\u00e7\u00e3o \u00e0s novas ondas de covid-19 em outros pa\u00edses podem prejudicar os neg\u00f3cios no ano que vem.<\/p>\n\t<div data-element=\"shortcode-read-more\" class=\"knowMore\">\n\t\t\t\t<span class=\"knowMore__title\">Saiba Mais<\/span>\n\t\t\t\t<a class=\"knowMore__link\" href=\"https:\/\/www.suno.com.br\/noticias\/suzano-suzb3-vai-investir-ate-r-43-bilhoes-apesar-da-pandemia\/\">\n\t\t\tSuzano (SUZB3) vai investir at\u00e9 R$ 4,3 bilh\u00f5es, apesar da pandemia\t\t<\/a>\n\t<\/div>\n\n\n<p>Os <strong>investimentos<\/strong> para este ano, no entanto, est\u00e3o mantidos. Ainda n\u00e3o h\u00e1 decis\u00e3o sobre os valores em 2021. A expectativa para 2020 \u00e9 que fiquem entre R$ 4,2 bilh\u00f5es e R$ 4,3 bilh\u00f5es. Se tudo correr bem, a Suzano planeja uma <strong>expans\u00e3o org\u00e2nica<\/strong>, com uma <strong>nova f\u00e1brica<\/strong>, mas ainda n\u00e3o h\u00e1 data para que isso ocorra, segundo <strong>Schalka<\/strong>.<\/p>\n<h2>Eletrobras<\/h2>\n<p>A <a href=\"https:\/\/www.suno.com.br\/acoes\/elet3\/\"><strong>Eletrobras<\/strong> (ELET3)<\/a> comunicou ao mercado que seu <a href=\"https:\/\/www.suno.com.br\/artigos\/conselho-administracao\/\">conselho de administra\u00e7\u00e3o<\/a> aprovou capta\u00e7\u00f5es de recursos pelas subsidi\u00e1rias Eletronorte e CGT Eletrosul por meio de emiss\u00f5es de <a href=\"https:\/\/www.suno.com.br\/artigos\/debentures\/\">deb\u00eantures<\/a>.<\/p>\n<p>Segundo o <a href=\"https:\/\/www.suno.com.br\/artigos\/fato-relevante\/\">fato relevante<\/a> da Eletrobras, a oferta p\u00fablica com esfor\u00e7os restritos de <strong>deb\u00eantures<\/strong> da <strong>Eletronorte<\/strong> ter\u00e1 o valor total de R$ 750 milh\u00f5es. J\u00e1 o da CGT Eletrosul ser\u00e1 no valor total de R$ 300 milh\u00f5es.<\/p>\n<h2>Bradespar<\/h2>\n<p>A <a href=\"https:\/\/www.suno.com.br\/acoes\/brap4\/\"><strong>Bradespar<\/strong> (BRAP4) <\/a>informou que sua diretoria decidiu submeter ao Conselho de Administra\u00e7\u00e3o uma proposta para pagamento de <a href=\"https:\/\/www.suno.com.br\/dividendos\/#:~:text=Os%20dividendos%20s%C3%A3o%20parcelas%20dos,suas%20a%C3%A7%C3%B5es%20listadas%20em%20bolsa.\">dividendos<\/a> e <a href=\"https:\/\/www.suno.com.br\/artigos\/entenda-o-jcp\/\">juros sobre o capital pr\u00f3prio (JCP)<\/a>, no valor de R$ 675 milh\u00f5es. A reuni\u00e3o para deliberar a proposta est\u00e1 marcada para o dia 11 de novembro.<\/p>\n\t<div data-element=\"shortcode-read-more\" class=\"knowMore\">\n\t\t\t\t<span class=\"knowMore__title\">Saiba Mais<\/span>\n\t\t\t\t<a class=\"knowMore__link\" href=\"https:\/\/www.suno.com.br\/noticias\/bradespar-brap4-propoe-pagar-proventos\/\">\n\t\t\tBradespar (BRAP4) prop\u00f5e pagar R$ 675 mi em proventos\t\t<\/a>\n\t<\/div>\n\n\n<p>O montante proposto pelo Bradespar seria dividido em <strong>dividendos<\/strong> e<strong> juros sobre o capital pr\u00f3prio. <\/strong>Nesse sentido, seriam pagos R$ 385 milh\u00f5es em dividendos no total, sendo R$ 1,038 por<strong><a href=\"https:\/\/www.suno.com.br\/artigos\/tipos-de-acoes\/\"> a\u00e7\u00e3o ordin\u00e1ria<\/a><\/strong> e R$ 1,142 por <a href=\"https:\/\/www.suno.com.br\/artigos\/o-que-sao-acoes-ordinarias-preferenciais-e-units\/\"><strong>a\u00e7\u00e3o preferencial<\/strong><\/a>, sem reten\u00e7\u00e3o de Imposto de Renda na Fonte.<\/p>\n<p>Os<a href=\"https:\/\/www.youtube.com\/channel\/UCWDeEIDAIi_oYKDiqwfGyRg\"> <strong>destaques de empresas<\/strong><\/a> do<a href=\"https:\/\/www.suno.com.br\/noticias\/\"> Suno Not\u00edcias<\/a> mostram os principais acontecimentos que prometem movimentar o mercado durante o dia.<\/p>\n","protected":false},"excerpt":{"rendered":"<p>Nos destaques de empresas\u00a0desta ter\u00e7a-feira (3) est\u00e3o os balan\u00e7os trimestrais divulgados pela BB Seguridade, Copasa e Vamos. Al\u00e9m disso, a \u00c2nima Educa\u00e7\u00e3o assinou um contrato com a Laurate para a aquisi\u00e7\u00e3o dos ativos no Brasil. Destaques de Empresas: \u00c2nima e Laureate; balan\u00e7o da BB Seguridade Ademais, empresas como Gafisa, Magazine Luiza, Suzano, Eletrobras e Bradespar [&hellip;]<\/p>\n","protected":false},"author":15,"featured_media":14976,"comment_status":"closed","ping_status":"closed","sticky":false,"template":"","format":"standard","meta":[],"categories":[64],"tags":[361,378,393,104831,455,75599,548],"suno_strategy":[],"class_list":["post-96760","post","type-post","status-publish","format-standard","has-post-thumbnail","hentry","category-negocios","tag-anima-anim3","tag-bb-seguridade-bbse3","tag-bradespar-brap3-brap4","tag-destaques-de-empresas","tag-eletrobras-elet3-elet5-elet6","tag-laureate","tag-magazine-luiza-mglu3"],"yoast_head":"<!-- This site is optimized with the Yoast SEO plugin v24.4 - https:\/\/yoast.com\/wordpress\/plugins\/seo\/ -->\n<title>Destaques de Empresas: \u00c2nima e Laureate; balan\u00e7o da BB Seguridade<\/title>\n<meta name=\"description\" content=\"Nos destaques de empresas\u00a0desta segunda (3) est\u00e1 o balan\u00e7o trimestral da BB Seguridade, al\u00e9m do acordo entre \u00c2nima e Laurate. Clique aqui\" \/>\n<meta name=\"robots\" content=\"index, follow, max-snippet:-1, max-image-preview:large, max-video-preview:-1\" \/>\n<link rel=\"canonical\" href=\"https:\/\/www.suno.com.br\/noticias\/destaques-de-empresas-anima-laureate-balanco-bb-seguridade\/\" \/>\n<meta property=\"og:locale\" content=\"pt_BR\" \/>\n<meta property=\"og:type\" content=\"article\" \/>\n<meta property=\"og:title\" content=\"Destaques de Empresas: \u00c2nima e Laureate; balan\u00e7o da BB Seguridade\" \/>\n<meta property=\"og:description\" content=\"Nos destaques de empresas\u00a0desta segunda (3) est\u00e1 o balan\u00e7o trimestral da BB Seguridade, al\u00e9m do acordo entre \u00c2nima e Laurate. Clique aqui\" \/>\n<meta property=\"og:url\" content=\"https:\/\/www.suno.com.br\/noticias\/destaques-de-empresas-anima-laureate-balanco-bb-seguridade\/\" \/>\n<meta property=\"og:site_name\" content=\"Suno Not\u00edcias\" \/>\n<meta property=\"article:publisher\" content=\"https:\/\/facebook.com\/sunoresearch\" \/>\n<meta property=\"og:image\" content=\"https:\/\/files.sunoresearch.com.br\/n\/uploads\/2019\/02\/5d0f29b5-bb-seguridade.jpg\" \/>\n\t<meta property=\"og:image:width\" content=\"1024\" \/>\n\t<meta property=\"og:image:height\" content=\"683\" \/>\n\t<meta property=\"og:image:type\" content=\"image\/jpeg\" \/>\n<meta name=\"author\" content=\"Poliana Santos\" \/>\n<meta name=\"twitter:card\" content=\"summary_large_image\" \/>\n<meta name=\"twitter:creator\" content=\"@sunoresearch\" \/>\n<meta name=\"twitter:site\" content=\"@sunoresearch\" \/>\n<meta name=\"twitter:label1\" content=\"Escrito por\" \/>\n\t<meta name=\"twitter:data1\" content=\"Poliana Santos\" \/>\n\t<meta name=\"twitter:label2\" content=\"Est. tempo de leitura\" \/>\n\t<meta name=\"twitter:data2\" content=\"5 minutos\" \/>\n<script type=\"application\/ld+json\" class=\"yoast-schema-graph\">{\"@context\":\"https:\/\/schema.org\",\"@graph\":[{\"@type\":\"NewsArticle\",\"@id\":\"https:\/\/www.suno.com.br\/noticias\/destaques-de-empresas-anima-laureate-balanco-bb-seguridade\/#article\",\"isPartOf\":{\"@id\":\"https:\/\/www.suno.com.br\/noticias\/destaques-de-empresas-anima-laureate-balanco-bb-seguridade\/\"},\"author\":{\"name\":\"Poliana Santos\",\"@id\":\"https:\/\/www.suno.com.br\/noticias\/#\/schema\/person\/02ec1f752758247878a2bf4abee1aeda\"},\"headline\":\"Destaques de Empresas: Acordo entre \u00c2nima e Laureate; balan\u00e7o da BB Seguridade\",\"datePublished\":\"2020-11-03T11:19:48+00:00\",\"dateModified\":\"2021-02-18T00:49:27+00:00\",\"mainEntityOfPage\":{\"@id\":\"https:\/\/www.suno.com.br\/noticias\/destaques-de-empresas-anima-laureate-balanco-bb-seguridade\/\"},\"wordCount\":1003,\"publisher\":{\"@id\":\"https:\/\/www.suno.com.br\/noticias\/#organization\"},\"image\":{\"@id\":\"https:\/\/www.suno.com.br\/noticias\/destaques-de-empresas-anima-laureate-balanco-bb-seguridade\/#primaryimage\"},\"thumbnailUrl\":\"https:\/\/files.sunoresearch.com.br\/n\/uploads\/2019\/02\/5d0f29b5-bb-seguridade-jpg.webp\",\"keywords\":[\"Anima (ANIM3)\",\"BB Seguridade (BBSE3)\",\"Bradespar (BRAP3\/BRAP4)\",\"destaques de empresas\",\"Eletrobras (ELET3\/ELET5\/ELET6)\",\"Laureate\",\"Magazine Luiza (MGLU3)\"],\"articleSection\":[\"Neg\u00f3cios\"],\"inLanguage\":\"pt-BR\"},{\"@type\":\"WebPage\",\"@id\":\"https:\/\/www.suno.com.br\/noticias\/destaques-de-empresas-anima-laureate-balanco-bb-seguridade\/\",\"url\":\"https:\/\/www.suno.com.br\/noticias\/destaques-de-empresas-anima-laureate-balanco-bb-seguridade\/\",\"name\":\"Destaques de Empresas: \u00c2nima e Laureate; balan\u00e7o da BB Seguridade\",\"isPartOf\":{\"@id\":\"https:\/\/www.suno.com.br\/noticias\/#website\"},\"primaryImageOfPage\":{\"@id\":\"https:\/\/www.suno.com.br\/noticias\/destaques-de-empresas-anima-laureate-balanco-bb-seguridade\/#primaryimage\"},\"image\":{\"@id\":\"https:\/\/www.suno.com.br\/noticias\/destaques-de-empresas-anima-laureate-balanco-bb-seguridade\/#primaryimage\"},\"thumbnailUrl\":\"https:\/\/files.sunoresearch.com.br\/n\/uploads\/2019\/02\/5d0f29b5-bb-seguridade-jpg.webp\",\"datePublished\":\"2020-11-03T11:19:48+00:00\",\"dateModified\":\"2021-02-18T00:49:27+00:00\",\"description\":\"Nos destaques de empresas\u00a0desta segunda (3) est\u00e1 o balan\u00e7o trimestral da BB Seguridade, al\u00e9m do acordo entre \u00c2nima e Laurate. Clique aqui\",\"breadcrumb\":{\"@id\":\"https:\/\/www.suno.com.br\/noticias\/destaques-de-empresas-anima-laureate-balanco-bb-seguridade\/#breadcrumb\"},\"inLanguage\":\"pt-BR\",\"potentialAction\":[{\"@type\":\"ReadAction\",\"target\":[\"https:\/\/www.suno.com.br\/noticias\/destaques-de-empresas-anima-laureate-balanco-bb-seguridade\/\"]}]},{\"@type\":\"ImageObject\",\"inLanguage\":\"pt-BR\",\"@id\":\"https:\/\/www.suno.com.br\/noticias\/destaques-de-empresas-anima-laureate-balanco-bb-seguridade\/#primaryimage\",\"url\":\"https:\/\/files.sunoresearch.com.br\/n\/uploads\/2019\/02\/5d0f29b5-bb-seguridade-jpg.webp\",\"contentUrl\":\"https:\/\/files.sunoresearch.com.br\/n\/uploads\/2019\/02\/5d0f29b5-bb-seguridade-jpg.webp\",\"width\":1024,\"height\":683,\"caption\":\"Destaques de Empresas: \u00c2nima e Laureate; balan\u00e7o da BB Seguridade\"},{\"@type\":\"BreadcrumbList\",\"@id\":\"https:\/\/www.suno.com.br\/noticias\/destaques-de-empresas-anima-laureate-balanco-bb-seguridade\/#breadcrumb\",\"itemListElement\":[{\"@type\":\"ListItem\",\"position\":1,\"name\":\"Not\u00edcias\",\"item\":\"https:\/\/www.suno.com.br\/noticias\/\"},{\"@type\":\"ListItem\",\"position\":2,\"name\":\"Neg\u00f3cios\",\"item\":\"https:\/\/www.suno.com.br\/noticias\/negocios\/\"},{\"@type\":\"ListItem\",\"position\":3,\"name\":\"Destaques de Empresas: Acordo entre \u00c2nima e Laureate; balan\u00e7o da BB Seguridade\"}]},{\"@type\":\"WebSite\",\"@id\":\"https:\/\/www.suno.com.br\/noticias\/#website\",\"url\":\"https:\/\/www.suno.com.br\/noticias\/\",\"name\":\"Suno Not\u00edcias\",\"description\":\"Seu portal de informa\u00e7\u00e3o sobre o mundo dos investimentos\",\"publisher\":{\"@id\":\"https:\/\/www.suno.com.br\/noticias\/#organization\"},\"potentialAction\":[{\"@type\":\"SearchAction\",\"target\":{\"@type\":\"EntryPoint\",\"urlTemplate\":\"https:\/\/www.suno.com.br\/noticias\/?s={search_term_string}\"},\"query-input\":{\"@type\":\"PropertyValueSpecification\",\"valueRequired\":true,\"valueName\":\"search_term_string\"}}],\"inLanguage\":\"pt-BR\"},{\"@type\":\"Organization\",\"@id\":\"https:\/\/www.suno.com.br\/noticias\/#organization\",\"name\":\"Suno Not\u00edcias\",\"url\":\"https:\/\/www.suno.com.br\/noticias\/\",\"logo\":{\"@type\":\"ImageObject\",\"inLanguage\":\"pt-BR\",\"@id\":\"https:\/\/www.suno.com.br\/noticias\/#\/schema\/logo\/image\/\",\"url\":\"https:\/\/files.sunoresearch.com.br\/n\/uploads\/2021\/09\/suno-logo.png\",\"contentUrl\":\"https:\/\/files.sunoresearch.com.br\/n\/uploads\/2021\/09\/suno-logo.png\",\"width\":180,\"height\":180,\"caption\":\"Suno Not\u00edcias\"},\"image\":{\"@id\":\"https:\/\/www.suno.com.br\/noticias\/#\/schema\/logo\/image\/\"},\"sameAs\":[\"https:\/\/facebook.com\/sunoresearch\",\"https:\/\/x.com\/sunoresearch\",\"https:\/\/www.instagram.com\/suno\",\"https:\/\/www.linkedin.com\/company\/suno-research\/\",\"https:\/\/www.youtube.com\/c\/sunoresearch\"]},{\"@type\":\"Person\",\"@id\":\"https:\/\/www.suno.com.br\/noticias\/#\/schema\/person\/02ec1f752758247878a2bf4abee1aeda\",\"name\":\"Poliana Santos\",\"image\":{\"@type\":\"ImageObject\",\"inLanguage\":\"pt-BR\",\"@id\":\"https:\/\/www.suno.com.br\/noticias\/#\/schema\/person\/image\/\",\"url\":\"https:\/\/secure.gravatar.com\/avatar\/0645bd32f23d87b2130f2b2dff1d3f8d?s=96&r=g\",\"contentUrl\":\"https:\/\/secure.gravatar.com\/avatar\/0645bd32f23d87b2130f2b2dff1d3f8d?s=96&r=g\",\"caption\":\"Poliana Santos\"},\"description\":\"Rep\u00f3rter no Suno Not\u00edcias, com cobertura em mercado financeiro, economia, finan\u00e7as pessoais, renda fixa e varejo. Jornalista formada pela Faculdade C\u00e1sper L\u00edbero e possui passagem na R\u00e1dio Gazeta AM com a produ\u00e7\u00e3o de conte\u00fado sobre economia, pol\u00edtica, sa\u00fade, moda e m\u00fasica. Possui certificado de conclus\u00e3o do curso de An\u00e1lise de Balan\u00e7os pela Funda\u00e7\u00e3o Bradesco, Agenda Brasil pela FAAP, Educa\u00e7\u00e3o Pol\u00edtica por Alexandre Garcia e do Tesouro Direto e Mercado de A\u00e7\u00f5es pela B3.\",\"url\":\"https:\/\/www.suno.com.br\/noticias\/author\/poliana-santos\/\"}]}<\/script>\n<!-- \/ Yoast SEO plugin. -->","yoast_head_json":{"title":"Destaques de Empresas: \u00c2nima e Laureate; balan\u00e7o da BB Seguridade","description":"Nos destaques de empresas\u00a0desta segunda (3) est\u00e1 o balan\u00e7o trimestral da BB Seguridade, al\u00e9m do acordo entre \u00c2nima e Laurate. Clique aqui","robots":{"index":"index","follow":"follow","max-snippet":"max-snippet:-1","max-image-preview":"max-image-preview:large","max-video-preview":"max-video-preview:-1"},"canonical":"https:\/\/www.suno.com.br\/noticias\/destaques-de-empresas-anima-laureate-balanco-bb-seguridade\/","og_locale":"pt_BR","og_type":"article","og_title":"Destaques de Empresas: \u00c2nima e Laureate; balan\u00e7o da BB Seguridade","og_description":"Nos destaques de empresas\u00a0desta segunda (3) est\u00e1 o balan\u00e7o trimestral da BB Seguridade, al\u00e9m do acordo entre \u00c2nima e Laurate. Clique aqui","og_url":"https:\/\/www.suno.com.br\/noticias\/destaques-de-empresas-anima-laureate-balanco-bb-seguridade\/","og_site_name":"Suno Not\u00edcias","article_publisher":"https:\/\/facebook.com\/sunoresearch","og_image":[{"width":1024,"height":683,"url":"https:\/\/files.sunoresearch.com.br\/n\/uploads\/2019\/02\/5d0f29b5-bb-seguridade.jpg","type":"image\/jpeg"}],"author":"Poliana Santos","twitter_card":"summary_large_image","twitter_creator":"@sunoresearch","twitter_site":"@sunoresearch","twitter_misc":{"Escrito por":"Poliana Santos","Est. tempo de leitura":"5 minutos"},"schema":{"@context":"https:\/\/schema.org","@graph":[{"@type":"NewsArticle","@id":"https:\/\/www.suno.com.br\/noticias\/destaques-de-empresas-anima-laureate-balanco-bb-seguridade\/#article","isPartOf":{"@id":"https:\/\/www.suno.com.br\/noticias\/destaques-de-empresas-anima-laureate-balanco-bb-seguridade\/"},"author":{"name":"Poliana Santos","@id":"https:\/\/www.suno.com.br\/noticias\/#\/schema\/person\/02ec1f752758247878a2bf4abee1aeda"},"headline":"Destaques de Empresas: Acordo entre \u00c2nima e Laureate; balan\u00e7o da BB Seguridade","datePublished":"2020-11-03T11:19:48+00:00","dateModified":"2021-02-18T00:49:27+00:00","mainEntityOfPage":{"@id":"https:\/\/www.suno.com.br\/noticias\/destaques-de-empresas-anima-laureate-balanco-bb-seguridade\/"},"wordCount":1003,"publisher":{"@id":"https:\/\/www.suno.com.br\/noticias\/#organization"},"image":{"@id":"https:\/\/www.suno.com.br\/noticias\/destaques-de-empresas-anima-laureate-balanco-bb-seguridade\/#primaryimage"},"thumbnailUrl":"https:\/\/files.sunoresearch.com.br\/n\/uploads\/2019\/02\/5d0f29b5-bb-seguridade-jpg.webp","keywords":["Anima (ANIM3)","BB Seguridade (BBSE3)","Bradespar (BRAP3\/BRAP4)","destaques de empresas","Eletrobras (ELET3\/ELET5\/ELET6)","Laureate","Magazine Luiza (MGLU3)"],"articleSection":["Neg\u00f3cios"],"inLanguage":"pt-BR"},{"@type":"WebPage","@id":"https:\/\/www.suno.com.br\/noticias\/destaques-de-empresas-anima-laureate-balanco-bb-seguridade\/","url":"https:\/\/www.suno.com.br\/noticias\/destaques-de-empresas-anima-laureate-balanco-bb-seguridade\/","name":"Destaques de Empresas: \u00c2nima e Laureate; balan\u00e7o da BB Seguridade","isPartOf":{"@id":"https:\/\/www.suno.com.br\/noticias\/#website"},"primaryImageOfPage":{"@id":"https:\/\/www.suno.com.br\/noticias\/destaques-de-empresas-anima-laureate-balanco-bb-seguridade\/#primaryimage"},"image":{"@id":"https:\/\/www.suno.com.br\/noticias\/destaques-de-empresas-anima-laureate-balanco-bb-seguridade\/#primaryimage"},"thumbnailUrl":"https:\/\/files.sunoresearch.com.br\/n\/uploads\/2019\/02\/5d0f29b5-bb-seguridade-jpg.webp","datePublished":"2020-11-03T11:19:48+00:00","dateModified":"2021-02-18T00:49:27+00:00","description":"Nos destaques de empresas\u00a0desta segunda (3) est\u00e1 o balan\u00e7o trimestral da BB Seguridade, al\u00e9m do acordo entre \u00c2nima e Laurate. Clique aqui","breadcrumb":{"@id":"https:\/\/www.suno.com.br\/noticias\/destaques-de-empresas-anima-laureate-balanco-bb-seguridade\/#breadcrumb"},"inLanguage":"pt-BR","potentialAction":[{"@type":"ReadAction","target":["https:\/\/www.suno.com.br\/noticias\/destaques-de-empresas-anima-laureate-balanco-bb-seguridade\/"]}]},{"@type":"ImageObject","inLanguage":"pt-BR","@id":"https:\/\/www.suno.com.br\/noticias\/destaques-de-empresas-anima-laureate-balanco-bb-seguridade\/#primaryimage","url":"https:\/\/files.sunoresearch.com.br\/n\/uploads\/2019\/02\/5d0f29b5-bb-seguridade-jpg.webp","contentUrl":"https:\/\/files.sunoresearch.com.br\/n\/uploads\/2019\/02\/5d0f29b5-bb-seguridade-jpg.webp","width":1024,"height":683,"caption":"Destaques de Empresas: \u00c2nima e Laureate; balan\u00e7o da BB Seguridade"},{"@type":"BreadcrumbList","@id":"https:\/\/www.suno.com.br\/noticias\/destaques-de-empresas-anima-laureate-balanco-bb-seguridade\/#breadcrumb","itemListElement":[{"@type":"ListItem","position":1,"name":"Not\u00edcias","item":"https:\/\/www.suno.com.br\/noticias\/"},{"@type":"ListItem","position":2,"name":"Neg\u00f3cios","item":"https:\/\/www.suno.com.br\/noticias\/negocios\/"},{"@type":"ListItem","position":3,"name":"Destaques de Empresas: Acordo entre \u00c2nima e Laureate; balan\u00e7o da BB Seguridade"}]},{"@type":"WebSite","@id":"https:\/\/www.suno.com.br\/noticias\/#website","url":"https:\/\/www.suno.com.br\/noticias\/","name":"Suno Not\u00edcias","description":"Seu portal de informa\u00e7\u00e3o sobre o mundo dos investimentos","publisher":{"@id":"https:\/\/www.suno.com.br\/noticias\/#organization"},"potentialAction":[{"@type":"SearchAction","target":{"@type":"EntryPoint","urlTemplate":"https:\/\/www.suno.com.br\/noticias\/?s={search_term_string}"},"query-input":{"@type":"PropertyValueSpecification","valueRequired":true,"valueName":"search_term_string"}}],"inLanguage":"pt-BR"},{"@type":"Organization","@id":"https:\/\/www.suno.com.br\/noticias\/#organization","name":"Suno Not\u00edcias","url":"https:\/\/www.suno.com.br\/noticias\/","logo":{"@type":"ImageObject","inLanguage":"pt-BR","@id":"https:\/\/www.suno.com.br\/noticias\/#\/schema\/logo\/image\/","url":"https:\/\/files.sunoresearch.com.br\/n\/uploads\/2021\/09\/suno-logo.png","contentUrl":"https:\/\/files.sunoresearch.com.br\/n\/uploads\/2021\/09\/suno-logo.png","width":180,"height":180,"caption":"Suno Not\u00edcias"},"image":{"@id":"https:\/\/www.suno.com.br\/noticias\/#\/schema\/logo\/image\/"},"sameAs":["https:\/\/facebook.com\/sunoresearch","https:\/\/x.com\/sunoresearch","https:\/\/www.instagram.com\/suno","https:\/\/www.linkedin.com\/company\/suno-research\/","https:\/\/www.youtube.com\/c\/sunoresearch"]},{"@type":"Person","@id":"https:\/\/www.suno.com.br\/noticias\/#\/schema\/person\/02ec1f752758247878a2bf4abee1aeda","name":"Poliana Santos","image":{"@type":"ImageObject","inLanguage":"pt-BR","@id":"https:\/\/www.suno.com.br\/noticias\/#\/schema\/person\/image\/","url":"https:\/\/secure.gravatar.com\/avatar\/0645bd32f23d87b2130f2b2dff1d3f8d?s=96&r=g","contentUrl":"https:\/\/secure.gravatar.com\/avatar\/0645bd32f23d87b2130f2b2dff1d3f8d?s=96&r=g","caption":"Poliana Santos"},"description":"Rep\u00f3rter no Suno Not\u00edcias, com cobertura em mercado financeiro, economia, finan\u00e7as pessoais, renda fixa e varejo. Jornalista formada pela Faculdade C\u00e1sper L\u00edbero e possui passagem na R\u00e1dio Gazeta AM com a produ\u00e7\u00e3o de conte\u00fado sobre economia, pol\u00edtica, sa\u00fade, moda e m\u00fasica. Possui certificado de conclus\u00e3o do curso de An\u00e1lise de Balan\u00e7os pela Funda\u00e7\u00e3o Bradesco, Agenda Brasil pela FAAP, Educa\u00e7\u00e3o Pol\u00edtica por Alexandre Garcia e do Tesouro Direto e Mercado de A\u00e7\u00f5es pela B3.","url":"https:\/\/www.suno.com.br\/noticias\/author\/poliana-santos\/"}]}},"default_loop_html":"<div class=\"cardsPage__listCard__boxs\"><div class=\"cardsPage__listCard__boxs__img\"><a href=\"https:\/\/www.suno.com.br\/noticias\/destaques-de-empresas-anima-laureate-balanco-bb-seguridade\/\"><img class=\"mask\" src=\"https:\/\/www.suno.com.br\/noticias\/wp-content\/themes\/suno\/resources\/images\/spotlight\/spotlight1img\/bg-mask.png\" alt=\"Image Mask\"\/><img src=\"https:\/\/files.sunoresearch.com.br\/n\/uploads\/2019\/02\/5d0f29b5-bb-seguridade-400x200.webp\" alt=\"Destaques de Empresas: Acordo entre \u00c2nima e Laureate; balan\u00e7o da BB Seguridade\"\/><\/a><span class=\"spotlightCategory\"><a href=\"https:\/\/www.suno.com.br\/noticias\/negocios\/\">Neg\u00f3cios<\/a><\/span><\/div><div class=\"cardsPage__listCard__boxs__content\"><a href=\"https:\/\/www.suno.com.br\/noticias\/destaques-de-empresas-anima-laureate-balanco-bb-seguridade\/\"><h2 class=\"content__title\">Destaques de Empresas: Acordo entre \u00c2nima e Laureate; balan\u00e7o da BB Seguridade<\/h2><\/a><div class=\"newsContent__article__meta\"><div class=\"newsContent__article__meta__authorBox\"><a href=\"https:\/\/www.suno.com.br\/noticias\/author\/poliana-santos\/\" class=\"authorBox__avatar noMobi\"><img src=\"https:\/\/files.sunoresearch.com.br\/n\/uploads\/2020\/08\/7ef34026-whatsapp-image-2020-08-03-at-12.37.57-150x150.webp\" alt=\"Poliana Santos\"><\/a><div class=\"authorBox__name\"><span>por\n\t\t\t<a href=\"https:\/\/www.suno.com.br\/noticias\/author\/poliana-santos\/\"><span itemprop=\"author\">Poliana Santos<\/span><\/a><\/span><time datetime=\"2020-11-03T08:19:48-03:00\" itemprop=\"datePublished\">03\/11\/2020 08:19<\/time><\/div><\/div><\/div><\/div><\/div>","single_layout":"posts","amp_enabled":true,"_links":{"self":[{"href":"https:\/\/www.suno.com.br\/noticias\/wp-json\/wp\/v2\/posts\/96760"}],"collection":[{"href":"https:\/\/www.suno.com.br\/noticias\/wp-json\/wp\/v2\/posts"}],"about":[{"href":"https:\/\/www.suno.com.br\/noticias\/wp-json\/wp\/v2\/types\/post"}],"author":[{"embeddable":true,"href":"https:\/\/www.suno.com.br\/noticias\/wp-json\/wp\/v2\/users\/15"}],"replies":[{"embeddable":true,"href":"https:\/\/www.suno.com.br\/noticias\/wp-json\/wp\/v2\/comments?post=96760"}],"version-history":[{"count":0,"href":"https:\/\/www.suno.com.br\/noticias\/wp-json\/wp\/v2\/posts\/96760\/revisions"}],"wp:featuredmedia":[{"embeddable":true,"href":"https:\/\/www.suno.com.br\/noticias\/wp-json\/wp\/v2\/media\/14976"}],"wp:attachment":[{"href":"https:\/\/www.suno.com.br\/noticias\/wp-json\/wp\/v2\/media?parent=96760"}],"wp:term":[{"taxonomy":"category","embeddable":true,"href":"https:\/\/www.suno.com.br\/noticias\/wp-json\/wp\/v2\/categories?post=96760"},{"taxonomy":"post_tag","embeddable":true,"href":"https:\/\/www.suno.com.br\/noticias\/wp-json\/wp\/v2\/tags?post=96760"},{"taxonomy":"suno_strategy","embeddable":true,"href":"https:\/\/www.suno.com.br\/noticias\/wp-json\/wp\/v2\/suno_strategy?post=96760"}],"curies":[{"name":"wp","href":"https:\/\/api.w.org\/{rel}","templated":true}]}}