{"id":96728,"date":"2020-11-03T14:28:05","date_gmt":"2020-11-03T17:28:05","guid":{"rendered":"https:\/\/www.suno.com.br\/noticias\/?p=96728"},"modified":"2020-11-03T14:28:05","modified_gmt":"2020-11-03T17:28:05","slug":"black-friday-sera-mais-digital-do-que-nunca-devido-a-mudancas-de-habitos","status":"publish","type":"post","link":"https:\/\/www.suno.com.br\/noticias\/black-friday-sera-mais-digital-do-que-nunca-devido-a-mudancas-de-habitos\/","title":{"rendered":"Black Friday ser\u00e1 mais digital do que nunca devido a mudan\u00e7as de h\u00e1bitos"},"content":{"rendered":"<p><span style=\"font-weight: 400;\">O isolamento social e o home office prepararam o brasileiro para uma <strong>Black Friday<\/strong> mais digital do que nunca. Isso porque os consumidores t\u00eam se acostumado a fazer mais compras online nos \u00faltimos meses, em meio <\/span><span style=\"font-weight: 400;\">ao isolamento social, que ainda n\u00e3o foi totalmente superado.<\/span><\/p>\t<div class=\"wrapper-featured-image\">\n\t\t<figure class=\"spotlightImg\">\n\n\t\t\t<picture>\n\t\t\t\t<source media=\"(max-width: 768px)\" srcset=\"https:\/\/files.sunoresearch.com.br\/n\/uploads\/2018\/11\/16dd8dcf-black-friday-400x200.webp\">\n\t\t\t\t<img loading=\"lazy\" decoding=\"async\" class=\"newsContent__article__imgCapa lazyloadDisabled \" src=\"https:\/\/files.sunoresearch.com.br\/n\/uploads\/2018\/11\/16dd8dcf-black-friday-800x450.webp\" width=\"800\" height=\"450\" alt=\"Black Friday ser\u00e1 mais digital do que nunca devido a mudan\u00e7as de h\u00e1bitos\" fetchpriority=high \/>\n\t\t\t<\/picture>\n\n\t\t\t<figcaption class=\"wp-caption-text wp-caption-text--show\">Black Friday pode ter rentabilidade menor que anos anteriores, diz pesquisa.<\/figcaption>\n\t\t<\/figure>\n\t<\/div>\n\n\n<div class=\"hubspot-form-wrapper\">\n\t<div id=\"single-form-target\"><\/div>\n<\/div>\n\n<p><span style=\"font-weight: 400;\">Um exemplo da mudan\u00e7a de h\u00e1bitos foi a decis\u00e3o de grandes <strong>varejistas<\/strong> flexibilizarem as datas das suas Black Fridays para evitar aglomera\u00e7\u00f5es em lojas, al\u00e9m de adotar protocolos de seguran\u00e7a. Foi o caso da <strong>Lojas Americanas <\/strong>(<a href=\"https:\/\/www.suno.com.br\/acoes\/lame4\/\" target=\"_blank\" rel=\"noopener noreferrer\">LAME4<\/a>), que decidiu antecipar sua Black Friday, e do <strong>Magalu<\/strong> (<a href=\"https:\/\/www.suno.com.br\/acoes\/mglu3\/\" target=\"_blank\" rel=\"noopener noreferrer\">MGLU3<\/a>), que estabeleceu crit\u00e9rios de higiene e limpeza.<\/span><\/p>\n\t<div data-element=\"shortcode-read-more\" class=\"knowMore\">\n\t\t\t\t<span class=\"knowMore__title\">Veja tamb\u00e9m<\/span>\n\t\t\t\t<a class=\"knowMore__link\" href=\"https:\/\/www.suno.com.br\/noticias\/black-friday-lojas-americanas-lame4-aberta-24h\/\">\n\t\t\tBlack Friday: Lojas Americanas (LAME4) ter\u00e1 unidades abertas por 24h\t\t<\/a>\n\t<\/div>\n\n\n<p>Pesquisas recentes mostram que a Black Friday deste ano vai encontrar<span style=\"font-weight: 400;\"> um cliente mais aberto a fazer suas compras online e a utilizar a internet como ferramenta de pesquisa de pre\u00e7o. Segundo o <strong>Google<\/strong>, 40% dos consumidores brasileiros pretendem comprar somente pela internet, um aumento de 7 pontos porcentuais em rela\u00e7\u00e3o a 2019.\u00a0<\/span><\/p>\n<p><a href=\"https:\/\/lp.suno.com.br\/cl\/blackout-suno\/\">Black Friday Suno: Quer aprender a investir melhor? Seja o primeiro a saber o que vem por a\u00ed. Clique agora e veja mais!<\/a><\/p>\n<p><span style=\"font-weight: 400;\">O contexto da <strong>pandemia<\/strong> tamb\u00e9m impactar\u00e1 as escolhas na hora da compra. <\/span>Itens como m\u00f3veis, brinquedos, jogos e im\u00f3veis est\u00e3o ganhando maior relev\u00e2ncia, segundo pesquisa divulgada pelo Google.\u00a0Por outro lado, passagens a\u00e9reas, servi\u00e7os financeiros e planos de celular s\u00e3o as que mais perdem relev\u00e2ncia neste ano.<\/p>\n<p><span style=\"font-weight: 400;\">\u201cA Black Friday de 2020 ser\u00e1 diferente em muitos aspectos, come\u00e7ando pela maior relev\u00e2ncia do digital como o principal canal de compras e a mudan\u00e7a nas inten\u00e7\u00f5es de compra entre as categorias de produtos\u201d, afirmou em nota Gleidys Salvanha, diretora de neg\u00f3cios para o Varejo do Google Brasil.\u00a0<\/span><\/p>\n<h2><strong>E-commerce ficou mais relevante<\/strong><\/h2>\n<p><span style=\"font-weight: 400;\">Como mencionado acima, a pesquisa do Google mostrou que 40% dos consumidores v\u00e3o comprar somente por meio de <strong>e-commerce<\/strong>, um aumento de 7 pontos ante a fatia de 33% vista em 2019. <\/span><span style=\"font-weight: 400;\">Ao mesmo tempo, a fatia dos consumidores exclusivos das lojas f\u00edsicas ficar\u00e1 praticamente est\u00e1vel, passando de 27% para 26%.\u00a0<\/span><\/p>\n<p><span style=\"font-weight: 400;\">J\u00e1 a porcentagem dos que pretendem compram em ambos os canais tem uma queda de 40% para 34%; indicando que os consumidores que ainda n\u00e3o se sentem seguros para comprar nas lojas f\u00edsicas devem migrar para o e-commerce.\u00a0<\/span><\/p>\n<p><span style=\"font-weight: 400;\">De acordo com o levantamento, itens como passagens, pacotes de internet, servi\u00e7os financeiros e games se destacam por sua forte presen\u00e7a on-line. Por outro lado, alimentos e bebidas, ve\u00edculos e moda ter\u00e3o maior relev\u00e2ncia no off-line.<\/span><\/p>\n<p><span style=\"font-weight: 400;\">Al\u00e9m disso, o crescimento do digital impacta o comportamento do consumidor antes da compra. Independente do canal, 82% ir\u00e1 <strong>pesquisar on-line<\/strong> antes de comprar e as buscas j\u00e1 come\u00e7aram para 41% dos consumidores.<\/span><\/p>\n<h2><strong>Canais digitais viraram porto seguro na Black Friday<\/strong><\/h2>\n<p><span style=\"font-weight: 400;\">A Ebit Nielsen tamb\u00e9m prev\u00ea que as vendas do com\u00e9rcio eletr\u00f4nico brasileiro na Black Friday v\u00e3o superar o desempenho do ano passado. A entidade espera um aumento de 27% no <strong>com\u00e9rcio virtual<\/strong> durante a data. J\u00e1 no ano inteiro, o e-commerce deve subir 38%.<\/span><\/p>\n<p><span style=\"font-weight: 400;\">\u201cOs n\u00fameros s\u00e3o muito expressivos, refletindo a adapta\u00e7\u00e3o do consumidor \u00e0s compras online. Nesta pandemia, o e-commerce se tornou um porto seguro ao substituir de forma eficiente e pr\u00e1tica o ambiente f\u00edsico\u201d, afirmou a l\u00edder de Ebit|Nielsen, J\u00falia \u00c1vila.\u00a0<\/span><\/p>\n<h3><strong>Apps ganham relev\u00e2ncia<\/strong><\/h3>\n<p><span style=\"font-weight: 400;\">O uso de aplicativos nas compras online t\u00eam ganhado cada vez mais relev\u00e2ncia no Brasil. Entre os clientes que v\u00e3o comprar online na Blak Friday, 59% pretende comprar via aplicativos, segundo o Google.\u00a0<\/span><\/p>\n<p><span style=\"font-weight: 400;\">Atualmente, 70% dos consumidores j\u00e1 possuem o aplicativo da loja preferida no seu smartphone. Ao mesmo tempo, 8 em cada 10 declaram que o usam como fonte de consulta e 64% tamb\u00e9m concluem as compras nos apps al\u00e9m de fazer consultas.<\/span><\/p>\n<p><span style=\"font-weight: 400;\">As 10 categorias com maior inten\u00e7\u00e3o de compra declaradas foram:<\/span><\/p>\n<ul>\n<li>Celulares (38%)<\/li>\n<li>Eletrodom\u00e9sticos (30%)<\/li>\n<li>Inform\u00e1tica (28%)<\/li>\n<li>Roupas Femininas (28%)<\/li>\n<li>TV (26%)<\/li>\n<li>Roupas (24%)<\/li>\n<li>Eletroport\u00e1teis (24%)<\/li>\n<li>Perfumes (24%)<\/li>\n<li>T\u00eanis (22%)<\/li>\n<li>M\u00f3veis (22%)<\/li>\n<\/ul>\n<h3><strong>Mais pesquisa e diversifica\u00e7\u00e3o de lojas<\/strong><\/h3>\n<p>Embora o crescimento das vendas seja positivo e as empresas de e-commerce j\u00e1 estejam preparando apps cada vez mais relevantes, o desafio de conquistar o consumidor \u00e9 grande.<\/p>\n<p>Isso porque os clientes est\u00e3o mais abertos a experimentar. Segundo a pesquisa do Google, 29% dos brasileiros declaram que pretendem fazer algumas das compras da data em lojas diferentes das que costumam comprar regularmente, um aumento de 12% em rela\u00e7\u00e3o \u00e0 <strong>Black Friday<\/strong> de 2019.<\/p>\n\t<p>\n\t\t<a href=\"https:\/\/lp.suno.com.br\/planilha-de-controle-de-investimentos\/\" target=\"_blank\" data-element=\"shortcode-suno-banner\" title=\"Banner SUNO, clique e saiba mais\">\n\t\t\t<picture>\n\t\t\t\t<source media=\"(max-width: 500px)\" srcset=\"https:\/\/files.sunoresearch.com.br\/n\/uploads\/2023\/03\/400x300-Controle-de-Investimentos.png\">\n\t\t\t\t<img class=\"newsContent__article__imgCapa newsContent__article__imgCapa--banner\"\n\t\t\t\t\tsrc=\"https:\/\/files.sunoresearch.com.br\/n\/uploads\/2023\/03\/1420x240-Controle-de-Investimentos.png\"\n\t\t\t\t\tdata-promo-id=\"75934\"\t\t\t\t\t\t\t\t\t\twidth='1420' height='240'\t\t\t\t\talt=\"https:\/\/files.sunoresearch.com.br\/n\/uploads\/2023\/03\/1420x240-Controle-de-Investimentos.png\"\n\t\t\t\t>\n\t\t\t<\/picture>\n\t\t<\/a>\n\t<\/p>\n\n\n","protected":false},"excerpt":{"rendered":"<p>O isolamento social e o home office prepararam o brasileiro para uma Black Friday mais digital do que nunca. Isso porque os consumidores t\u00eam se acostumado a fazer mais compras online nos \u00faltimos meses, em meio ao isolamento social, que ainda n\u00e3o foi totalmente superado. Black Friday pode ter rentabilidade menor que anos anteriores, diz [&hellip;]<\/p>\n","protected":false},"author":60,"featured_media":7120,"comment_status":"closed","ping_status":"closed","sticky":false,"template":"","format":"standard","meta":[],"categories":[64],"tags":[768,2073,1650],"suno_strategy":[],"class_list":["post-96728","post","type-post","status-publish","format-standard","has-post-thumbnail","hentry","category-negocios","tag-black-friday","tag-e-commerce","tag-internet"],"yoast_head":"<!-- This site is optimized with the Yoast SEO plugin v24.4 - https:\/\/yoast.com\/wordpress\/plugins\/seo\/ -->\n<title>Black Friday ser\u00e1 mais digital do que nunca devido a mudan\u00e7as de h\u00e1bitos<\/title>\n<meta name=\"description\" content=\"O isolamento social e o home office prepararam o brasileiro para uma Black Friday mais digital do que nunca. Clique aqui para saber mais.\" \/>\n<meta name=\"robots\" content=\"index, follow, max-snippet:-1, max-image-preview:large, max-video-preview:-1\" \/>\n<link rel=\"canonical\" href=\"https:\/\/www.suno.com.br\/noticias\/black-friday-sera-mais-digital-do-que-nunca-devido-a-mudancas-de-habitos\/\" \/>\n<meta property=\"og:locale\" content=\"pt_BR\" \/>\n<meta property=\"og:type\" content=\"article\" \/>\n<meta property=\"og:title\" content=\"Black Friday ser\u00e1 mais digital do que nunca devido a mudan\u00e7as de h\u00e1bitos\" \/>\n<meta property=\"og:description\" content=\"O isolamento social e o home office prepararam o brasileiro para uma Black Friday mais digital do que nunca. Clique aqui para saber mais.\" \/>\n<meta property=\"og:url\" content=\"https:\/\/www.suno.com.br\/noticias\/black-friday-sera-mais-digital-do-que-nunca-devido-a-mudancas-de-habitos\/\" \/>\n<meta property=\"og:site_name\" content=\"Suno Not\u00edcias\" \/>\n<meta property=\"article:publisher\" content=\"https:\/\/facebook.com\/sunoresearch\" \/>\n<meta property=\"og:image\" content=\"https:\/\/files.sunoresearch.com.br\/n\/uploads\/2018\/11\/16dd8dcf-black-friday.jpg\" \/>\n\t<meta property=\"og:image:width\" content=\"1140\" \/>\n\t<meta property=\"og:image:height\" content=\"760\" \/>\n\t<meta property=\"og:image:type\" content=\"image\/jpeg\" \/>\n<meta name=\"author\" content=\"Natalia G\u00f3mez\" \/>\n<meta name=\"twitter:card\" content=\"summary_large_image\" \/>\n<meta name=\"twitter:creator\" content=\"@sunoresearch\" \/>\n<meta name=\"twitter:site\" content=\"@sunoresearch\" \/>\n<meta name=\"twitter:label1\" content=\"Escrito por\" \/>\n\t<meta name=\"twitter:data1\" content=\"Natalia G\u00f3mez\" \/>\n\t<meta name=\"twitter:label2\" content=\"Est. tempo de leitura\" \/>\n\t<meta name=\"twitter:data2\" content=\"4 minutos\" \/>\n<script type=\"application\/ld+json\" class=\"yoast-schema-graph\">{\"@context\":\"https:\/\/schema.org\",\"@graph\":[{\"@type\":\"NewsArticle\",\"@id\":\"https:\/\/www.suno.com.br\/noticias\/black-friday-sera-mais-digital-do-que-nunca-devido-a-mudancas-de-habitos\/#article\",\"isPartOf\":{\"@id\":\"https:\/\/www.suno.com.br\/noticias\/black-friday-sera-mais-digital-do-que-nunca-devido-a-mudancas-de-habitos\/\"},\"author\":{\"name\":\"Natalia G\u00f3mez\",\"@id\":\"https:\/\/www.suno.com.br\/noticias\/#\/schema\/person\/1b24d67c140a42e864ef414497edb164\"},\"headline\":\"Black Friday ser\u00e1 mais digital do que nunca devido a mudan\u00e7as de h\u00e1bitos\",\"datePublished\":\"2020-11-03T17:28:05+00:00\",\"mainEntityOfPage\":{\"@id\":\"https:\/\/www.suno.com.br\/noticias\/black-friday-sera-mais-digital-do-que-nunca-devido-a-mudancas-de-habitos\/\"},\"wordCount\":777,\"publisher\":{\"@id\":\"https:\/\/www.suno.com.br\/noticias\/#organization\"},\"image\":{\"@id\":\"https:\/\/www.suno.com.br\/noticias\/black-friday-sera-mais-digital-do-que-nunca-devido-a-mudancas-de-habitos\/#primaryimage\"},\"thumbnailUrl\":\"https:\/\/files.sunoresearch.com.br\/n\/uploads\/2018\/11\/16dd8dcf-black-friday-jpg.webp\",\"keywords\":[\"Black Friday\",\"e-commerce\",\"internet\"],\"articleSection\":[\"Neg\u00f3cios\"],\"inLanguage\":\"pt-BR\"},{\"@type\":\"WebPage\",\"@id\":\"https:\/\/www.suno.com.br\/noticias\/black-friday-sera-mais-digital-do-que-nunca-devido-a-mudancas-de-habitos\/\",\"url\":\"https:\/\/www.suno.com.br\/noticias\/black-friday-sera-mais-digital-do-que-nunca-devido-a-mudancas-de-habitos\/\",\"name\":\"Black Friday ser\u00e1 mais digital do que nunca devido a mudan\u00e7as de h\u00e1bitos\",\"isPartOf\":{\"@id\":\"https:\/\/www.suno.com.br\/noticias\/#website\"},\"primaryImageOfPage\":{\"@id\":\"https:\/\/www.suno.com.br\/noticias\/black-friday-sera-mais-digital-do-que-nunca-devido-a-mudancas-de-habitos\/#primaryimage\"},\"image\":{\"@id\":\"https:\/\/www.suno.com.br\/noticias\/black-friday-sera-mais-digital-do-que-nunca-devido-a-mudancas-de-habitos\/#primaryimage\"},\"thumbnailUrl\":\"https:\/\/files.sunoresearch.com.br\/n\/uploads\/2018\/11\/16dd8dcf-black-friday-jpg.webp\",\"datePublished\":\"2020-11-03T17:28:05+00:00\",\"description\":\"O isolamento social e o home office prepararam o brasileiro para uma Black Friday mais digital do que nunca. Clique aqui para saber mais.\",\"breadcrumb\":{\"@id\":\"https:\/\/www.suno.com.br\/noticias\/black-friday-sera-mais-digital-do-que-nunca-devido-a-mudancas-de-habitos\/#breadcrumb\"},\"inLanguage\":\"pt-BR\",\"potentialAction\":[{\"@type\":\"ReadAction\",\"target\":[\"https:\/\/www.suno.com.br\/noticias\/black-friday-sera-mais-digital-do-que-nunca-devido-a-mudancas-de-habitos\/\"]}]},{\"@type\":\"ImageObject\",\"inLanguage\":\"pt-BR\",\"@id\":\"https:\/\/www.suno.com.br\/noticias\/black-friday-sera-mais-digital-do-que-nunca-devido-a-mudancas-de-habitos\/#primaryimage\",\"url\":\"https:\/\/files.sunoresearch.com.br\/n\/uploads\/2018\/11\/16dd8dcf-black-friday-jpg.webp\",\"contentUrl\":\"https:\/\/files.sunoresearch.com.br\/n\/uploads\/2018\/11\/16dd8dcf-black-friday-jpg.webp\",\"width\":1140,\"height\":760,\"caption\":\"Black Friday pode ter rentabilidade menor que anos anteriores, diz pesquisa.\"},{\"@type\":\"BreadcrumbList\",\"@id\":\"https:\/\/www.suno.com.br\/noticias\/black-friday-sera-mais-digital-do-que-nunca-devido-a-mudancas-de-habitos\/#breadcrumb\",\"itemListElement\":[{\"@type\":\"ListItem\",\"position\":1,\"name\":\"Not\u00edcias\",\"item\":\"https:\/\/www.suno.com.br\/noticias\/\"},{\"@type\":\"ListItem\",\"position\":2,\"name\":\"Neg\u00f3cios\",\"item\":\"https:\/\/www.suno.com.br\/noticias\/negocios\/\"},{\"@type\":\"ListItem\",\"position\":3,\"name\":\"Black Friday ser\u00e1 mais digital do que nunca devido a mudan\u00e7as de h\u00e1bitos\"}]},{\"@type\":\"WebSite\",\"@id\":\"https:\/\/www.suno.com.br\/noticias\/#website\",\"url\":\"https:\/\/www.suno.com.br\/noticias\/\",\"name\":\"Suno Not\u00edcias\",\"description\":\"Seu portal de informa\u00e7\u00e3o sobre o mundo dos investimentos\",\"publisher\":{\"@id\":\"https:\/\/www.suno.com.br\/noticias\/#organization\"},\"potentialAction\":[{\"@type\":\"SearchAction\",\"target\":{\"@type\":\"EntryPoint\",\"urlTemplate\":\"https:\/\/www.suno.com.br\/noticias\/?s={search_term_string}\"},\"query-input\":{\"@type\":\"PropertyValueSpecification\",\"valueRequired\":true,\"valueName\":\"search_term_string\"}}],\"inLanguage\":\"pt-BR\"},{\"@type\":\"Organization\",\"@id\":\"https:\/\/www.suno.com.br\/noticias\/#organization\",\"name\":\"Suno Not\u00edcias\",\"url\":\"https:\/\/www.suno.com.br\/noticias\/\",\"logo\":{\"@type\":\"ImageObject\",\"inLanguage\":\"pt-BR\",\"@id\":\"https:\/\/www.suno.com.br\/noticias\/#\/schema\/logo\/image\/\",\"url\":\"https:\/\/files.sunoresearch.com.br\/n\/uploads\/2021\/09\/suno-logo.png\",\"contentUrl\":\"https:\/\/files.sunoresearch.com.br\/n\/uploads\/2021\/09\/suno-logo.png\",\"width\":180,\"height\":180,\"caption\":\"Suno Not\u00edcias\"},\"image\":{\"@id\":\"https:\/\/www.suno.com.br\/noticias\/#\/schema\/logo\/image\/\"},\"sameAs\":[\"https:\/\/facebook.com\/sunoresearch\",\"https:\/\/x.com\/sunoresearch\",\"https:\/\/www.instagram.com\/suno\",\"https:\/\/www.linkedin.com\/company\/suno-research\/\",\"https:\/\/www.youtube.com\/c\/sunoresearch\"]},{\"@type\":\"Person\",\"@id\":\"https:\/\/www.suno.com.br\/noticias\/#\/schema\/person\/1b24d67c140a42e864ef414497edb164\",\"name\":\"Natalia G\u00f3mez\",\"image\":{\"@type\":\"ImageObject\",\"inLanguage\":\"pt-BR\",\"@id\":\"https:\/\/www.suno.com.br\/noticias\/#\/schema\/person\/image\/\",\"url\":\"https:\/\/secure.gravatar.com\/avatar\/9e957e0b2b485c2d42c3f4145c16d940?s=96&r=g\",\"contentUrl\":\"https:\/\/secure.gravatar.com\/avatar\/9e957e0b2b485c2d42c3f4145c16d940?s=96&r=g\",\"caption\":\"Natalia G\u00f3mez\"},\"description\":\"Editora do Suno Not\u00edcias desde outubro de 2020, \u00e9 jornalista formada pela PUC-SP, com p\u00f3s-gradua\u00e7\u00e3o em jornalismo liter\u00e1rio. Atua no mercado financeiro desde 2003, quando iniciou a carreira no jornal econ\u00f4mico DCI, cobrindo o setor de alimentos no caderno de Ind\u00fastria. Foi trainee do jornal Valor Econ\u00f4mico, onde atuou no Caderno de Empresas por quase tr\u00eas anos. L\u00e1, cobriu o setor de ind\u00fastria, com foco em siderurgia, embalagens e aeroespacial. Fez coberturas setoriais em viagens para S\u00e3o Jos\u00e9 dos Campos e Franca (SP), al\u00e9m de coberturas internacionais na Alemanha e na Su\u00e9cia. Trabalhou por cinco anos na Ag\u00eancia Estado\/Broadcast, do Grupo Estado, onde foi rep\u00f3rter dos setores de minera\u00e7\u00e3o e siderurgia, alimentos e bebidas e finan\u00e7as. Foi premiada como o pr\u00eamio Destaque de Reportagem da AE em 2007 e 2008. Al\u00e9m de atuar no servi\u00e7o de not\u00edcias em tempo real, fez participa\u00e7\u00f5es no caderno de Economia do jornal Estado de S.Paulo e na R\u00e1dio Eldorado. Ainda no Grupo Estado, foi editora assistente da editoria Empresas e Setores, atuando com edi\u00e7\u00e3o e pauta, al\u00e9m de cobrir mercados diariamente com o cen\u00e1rio de bolsa e fazer reportagens especiais com foco em governan\u00e7a corporativa. Trabalhou tamb\u00e9m como correspondente de finan\u00e7as no servi\u00e7o da Thomson Reuters em portugu\u00eas por quase um ano. Atuou por cerca de oito anos como jornalista independente, contribuindo para ve\u00edculos como UOL Economia, Infomoney e Revista Voc\u00ea SA, al\u00e9m de ter trabalhado em projetos na \u00e1rea de conte\u00fado e comunica\u00e7\u00e3o de institui\u00e7\u00f5es financeiras como Anbima, Banco BS2, Banco Pine, Ita\u00fa BBA e EQI.\",\"url\":\"https:\/\/www.suno.com.br\/noticias\/author\/natalia-gomez\/\"}]}<\/script>\n<!-- \/ Yoast SEO plugin. -->","yoast_head_json":{"title":"Black Friday ser\u00e1 mais digital do que nunca devido a mudan\u00e7as de h\u00e1bitos","description":"O isolamento social e o home office prepararam o brasileiro para uma Black Friday mais digital do que nunca. Clique aqui para saber mais.","robots":{"index":"index","follow":"follow","max-snippet":"max-snippet:-1","max-image-preview":"max-image-preview:large","max-video-preview":"max-video-preview:-1"},"canonical":"https:\/\/www.suno.com.br\/noticias\/black-friday-sera-mais-digital-do-que-nunca-devido-a-mudancas-de-habitos\/","og_locale":"pt_BR","og_type":"article","og_title":"Black Friday ser\u00e1 mais digital do que nunca devido a mudan\u00e7as de h\u00e1bitos","og_description":"O isolamento social e o home office prepararam o brasileiro para uma Black Friday mais digital do que nunca. Clique aqui para saber mais.","og_url":"https:\/\/www.suno.com.br\/noticias\/black-friday-sera-mais-digital-do-que-nunca-devido-a-mudancas-de-habitos\/","og_site_name":"Suno Not\u00edcias","article_publisher":"https:\/\/facebook.com\/sunoresearch","og_image":[{"width":1140,"height":760,"url":"https:\/\/files.sunoresearch.com.br\/n\/uploads\/2018\/11\/16dd8dcf-black-friday.jpg","type":"image\/jpeg"}],"author":"Natalia G\u00f3mez","twitter_card":"summary_large_image","twitter_creator":"@sunoresearch","twitter_site":"@sunoresearch","twitter_misc":{"Escrito por":"Natalia G\u00f3mez","Est. tempo de leitura":"4 minutos"},"schema":{"@context":"https:\/\/schema.org","@graph":[{"@type":"NewsArticle","@id":"https:\/\/www.suno.com.br\/noticias\/black-friday-sera-mais-digital-do-que-nunca-devido-a-mudancas-de-habitos\/#article","isPartOf":{"@id":"https:\/\/www.suno.com.br\/noticias\/black-friday-sera-mais-digital-do-que-nunca-devido-a-mudancas-de-habitos\/"},"author":{"name":"Natalia G\u00f3mez","@id":"https:\/\/www.suno.com.br\/noticias\/#\/schema\/person\/1b24d67c140a42e864ef414497edb164"},"headline":"Black Friday ser\u00e1 mais digital do que nunca devido a mudan\u00e7as de h\u00e1bitos","datePublished":"2020-11-03T17:28:05+00:00","mainEntityOfPage":{"@id":"https:\/\/www.suno.com.br\/noticias\/black-friday-sera-mais-digital-do-que-nunca-devido-a-mudancas-de-habitos\/"},"wordCount":777,"publisher":{"@id":"https:\/\/www.suno.com.br\/noticias\/#organization"},"image":{"@id":"https:\/\/www.suno.com.br\/noticias\/black-friday-sera-mais-digital-do-que-nunca-devido-a-mudancas-de-habitos\/#primaryimage"},"thumbnailUrl":"https:\/\/files.sunoresearch.com.br\/n\/uploads\/2018\/11\/16dd8dcf-black-friday-jpg.webp","keywords":["Black Friday","e-commerce","internet"],"articleSection":["Neg\u00f3cios"],"inLanguage":"pt-BR"},{"@type":"WebPage","@id":"https:\/\/www.suno.com.br\/noticias\/black-friday-sera-mais-digital-do-que-nunca-devido-a-mudancas-de-habitos\/","url":"https:\/\/www.suno.com.br\/noticias\/black-friday-sera-mais-digital-do-que-nunca-devido-a-mudancas-de-habitos\/","name":"Black Friday ser\u00e1 mais digital do que nunca devido a mudan\u00e7as de h\u00e1bitos","isPartOf":{"@id":"https:\/\/www.suno.com.br\/noticias\/#website"},"primaryImageOfPage":{"@id":"https:\/\/www.suno.com.br\/noticias\/black-friday-sera-mais-digital-do-que-nunca-devido-a-mudancas-de-habitos\/#primaryimage"},"image":{"@id":"https:\/\/www.suno.com.br\/noticias\/black-friday-sera-mais-digital-do-que-nunca-devido-a-mudancas-de-habitos\/#primaryimage"},"thumbnailUrl":"https:\/\/files.sunoresearch.com.br\/n\/uploads\/2018\/11\/16dd8dcf-black-friday-jpg.webp","datePublished":"2020-11-03T17:28:05+00:00","description":"O isolamento social e o home office prepararam o brasileiro para uma Black Friday mais digital do que nunca. Clique aqui para saber mais.","breadcrumb":{"@id":"https:\/\/www.suno.com.br\/noticias\/black-friday-sera-mais-digital-do-que-nunca-devido-a-mudancas-de-habitos\/#breadcrumb"},"inLanguage":"pt-BR","potentialAction":[{"@type":"ReadAction","target":["https:\/\/www.suno.com.br\/noticias\/black-friday-sera-mais-digital-do-que-nunca-devido-a-mudancas-de-habitos\/"]}]},{"@type":"ImageObject","inLanguage":"pt-BR","@id":"https:\/\/www.suno.com.br\/noticias\/black-friday-sera-mais-digital-do-que-nunca-devido-a-mudancas-de-habitos\/#primaryimage","url":"https:\/\/files.sunoresearch.com.br\/n\/uploads\/2018\/11\/16dd8dcf-black-friday-jpg.webp","contentUrl":"https:\/\/files.sunoresearch.com.br\/n\/uploads\/2018\/11\/16dd8dcf-black-friday-jpg.webp","width":1140,"height":760,"caption":"Black Friday pode ter rentabilidade menor que anos anteriores, diz pesquisa."},{"@type":"BreadcrumbList","@id":"https:\/\/www.suno.com.br\/noticias\/black-friday-sera-mais-digital-do-que-nunca-devido-a-mudancas-de-habitos\/#breadcrumb","itemListElement":[{"@type":"ListItem","position":1,"name":"Not\u00edcias","item":"https:\/\/www.suno.com.br\/noticias\/"},{"@type":"ListItem","position":2,"name":"Neg\u00f3cios","item":"https:\/\/www.suno.com.br\/noticias\/negocios\/"},{"@type":"ListItem","position":3,"name":"Black Friday ser\u00e1 mais digital do que nunca devido a mudan\u00e7as de h\u00e1bitos"}]},{"@type":"WebSite","@id":"https:\/\/www.suno.com.br\/noticias\/#website","url":"https:\/\/www.suno.com.br\/noticias\/","name":"Suno Not\u00edcias","description":"Seu portal de informa\u00e7\u00e3o sobre o mundo dos investimentos","publisher":{"@id":"https:\/\/www.suno.com.br\/noticias\/#organization"},"potentialAction":[{"@type":"SearchAction","target":{"@type":"EntryPoint","urlTemplate":"https:\/\/www.suno.com.br\/noticias\/?s={search_term_string}"},"query-input":{"@type":"PropertyValueSpecification","valueRequired":true,"valueName":"search_term_string"}}],"inLanguage":"pt-BR"},{"@type":"Organization","@id":"https:\/\/www.suno.com.br\/noticias\/#organization","name":"Suno Not\u00edcias","url":"https:\/\/www.suno.com.br\/noticias\/","logo":{"@type":"ImageObject","inLanguage":"pt-BR","@id":"https:\/\/www.suno.com.br\/noticias\/#\/schema\/logo\/image\/","url":"https:\/\/files.sunoresearch.com.br\/n\/uploads\/2021\/09\/suno-logo.png","contentUrl":"https:\/\/files.sunoresearch.com.br\/n\/uploads\/2021\/09\/suno-logo.png","width":180,"height":180,"caption":"Suno Not\u00edcias"},"image":{"@id":"https:\/\/www.suno.com.br\/noticias\/#\/schema\/logo\/image\/"},"sameAs":["https:\/\/facebook.com\/sunoresearch","https:\/\/x.com\/sunoresearch","https:\/\/www.instagram.com\/suno","https:\/\/www.linkedin.com\/company\/suno-research\/","https:\/\/www.youtube.com\/c\/sunoresearch"]},{"@type":"Person","@id":"https:\/\/www.suno.com.br\/noticias\/#\/schema\/person\/1b24d67c140a42e864ef414497edb164","name":"Natalia G\u00f3mez","image":{"@type":"ImageObject","inLanguage":"pt-BR","@id":"https:\/\/www.suno.com.br\/noticias\/#\/schema\/person\/image\/","url":"https:\/\/secure.gravatar.com\/avatar\/9e957e0b2b485c2d42c3f4145c16d940?s=96&r=g","contentUrl":"https:\/\/secure.gravatar.com\/avatar\/9e957e0b2b485c2d42c3f4145c16d940?s=96&r=g","caption":"Natalia G\u00f3mez"},"description":"Editora do Suno Not\u00edcias desde outubro de 2020, \u00e9 jornalista formada pela PUC-SP, com p\u00f3s-gradua\u00e7\u00e3o em jornalismo liter\u00e1rio. Atua no mercado financeiro desde 2003, quando iniciou a carreira no jornal econ\u00f4mico DCI, cobrindo o setor de alimentos no caderno de Ind\u00fastria. Foi trainee do jornal Valor Econ\u00f4mico, onde atuou no Caderno de Empresas por quase tr\u00eas anos. L\u00e1, cobriu o setor de ind\u00fastria, com foco em siderurgia, embalagens e aeroespacial. Fez coberturas setoriais em viagens para S\u00e3o Jos\u00e9 dos Campos e Franca (SP), al\u00e9m de coberturas internacionais na Alemanha e na Su\u00e9cia. Trabalhou por cinco anos na Ag\u00eancia Estado\/Broadcast, do Grupo Estado, onde foi rep\u00f3rter dos setores de minera\u00e7\u00e3o e siderurgia, alimentos e bebidas e finan\u00e7as. Foi premiada como o pr\u00eamio Destaque de Reportagem da AE em 2007 e 2008. Al\u00e9m de atuar no servi\u00e7o de not\u00edcias em tempo real, fez participa\u00e7\u00f5es no caderno de Economia do jornal Estado de S.Paulo e na R\u00e1dio Eldorado. Ainda no Grupo Estado, foi editora assistente da editoria Empresas e Setores, atuando com edi\u00e7\u00e3o e pauta, al\u00e9m de cobrir mercados diariamente com o cen\u00e1rio de bolsa e fazer reportagens especiais com foco em governan\u00e7a corporativa. Trabalhou tamb\u00e9m como correspondente de finan\u00e7as no servi\u00e7o da Thomson Reuters em portugu\u00eas por quase um ano. Atuou por cerca de oito anos como jornalista independente, contribuindo para ve\u00edculos como UOL Economia, Infomoney e Revista Voc\u00ea SA, al\u00e9m de ter trabalhado em projetos na \u00e1rea de conte\u00fado e comunica\u00e7\u00e3o de institui\u00e7\u00f5es financeiras como Anbima, Banco BS2, Banco Pine, Ita\u00fa BBA e EQI.","url":"https:\/\/www.suno.com.br\/noticias\/author\/natalia-gomez\/"}]}},"default_loop_html":"<div class=\"cardsPage__listCard__boxs\"><div class=\"cardsPage__listCard__boxs__img\"><a href=\"https:\/\/www.suno.com.br\/noticias\/black-friday-sera-mais-digital-do-que-nunca-devido-a-mudancas-de-habitos\/\"><img class=\"mask\" src=\"https:\/\/www.suno.com.br\/noticias\/wp-content\/themes\/suno\/resources\/images\/spotlight\/spotlight1img\/bg-mask.png\" alt=\"Image Mask\"\/><img src=\"https:\/\/files.sunoresearch.com.br\/n\/uploads\/2018\/11\/16dd8dcf-black-friday-400x200.webp\" alt=\"Black Friday ser\u00e1 mais digital do que nunca devido a mudan\u00e7as de h\u00e1bitos\"\/><\/a><span class=\"spotlightCategory\"><a href=\"https:\/\/www.suno.com.br\/noticias\/negocios\/\">Neg\u00f3cios<\/a><\/span><\/div><div class=\"cardsPage__listCard__boxs__content\"><a href=\"https:\/\/www.suno.com.br\/noticias\/black-friday-sera-mais-digital-do-que-nunca-devido-a-mudancas-de-habitos\/\"><h2 class=\"content__title\">Black Friday ser\u00e1 mais digital do que nunca devido a mudan\u00e7as de h\u00e1bitos<\/h2><\/a><div class=\"newsContent__article__meta\"><div class=\"newsContent__article__meta__authorBox\"><a href=\"https:\/\/www.suno.com.br\/noticias\/author\/natalia-gomez\/\" class=\"authorBox__avatar noMobi\"><img src=\"https:\/\/secure.gravatar.com\/avatar\/9e957e0b2b485c2d42c3f4145c16d940?s=96&#038;r=g\" alt=\"Natalia G\u00f3mez\"><\/a><div class=\"authorBox__name\"><span>por\n\t\t\t<a href=\"https:\/\/www.suno.com.br\/noticias\/author\/natalia-gomez\/\"><span itemprop=\"author\">Natalia G\u00f3mez<\/span><\/a><\/span><time datetime=\"2020-11-03T14:28:05-03:00\" itemprop=\"datePublished\">03\/11\/2020 14:28<\/time><\/div><\/div><\/div><\/div><\/div>","single_layout":"posts","amp_enabled":true,"_links":{"self":[{"href":"https:\/\/www.suno.com.br\/noticias\/wp-json\/wp\/v2\/posts\/96728"}],"collection":[{"href":"https:\/\/www.suno.com.br\/noticias\/wp-json\/wp\/v2\/posts"}],"about":[{"href":"https:\/\/www.suno.com.br\/noticias\/wp-json\/wp\/v2\/types\/post"}],"author":[{"embeddable":true,"href":"https:\/\/www.suno.com.br\/noticias\/wp-json\/wp\/v2\/users\/60"}],"replies":[{"embeddable":true,"href":"https:\/\/www.suno.com.br\/noticias\/wp-json\/wp\/v2\/comments?post=96728"}],"version-history":[{"count":0,"href":"https:\/\/www.suno.com.br\/noticias\/wp-json\/wp\/v2\/posts\/96728\/revisions"}],"wp:featuredmedia":[{"embeddable":true,"href":"https:\/\/www.suno.com.br\/noticias\/wp-json\/wp\/v2\/media\/7120"}],"wp:attachment":[{"href":"https:\/\/www.suno.com.br\/noticias\/wp-json\/wp\/v2\/media?parent=96728"}],"wp:term":[{"taxonomy":"category","embeddable":true,"href":"https:\/\/www.suno.com.br\/noticias\/wp-json\/wp\/v2\/categories?post=96728"},{"taxonomy":"post_tag","embeddable":true,"href":"https:\/\/www.suno.com.br\/noticias\/wp-json\/wp\/v2\/tags?post=96728"},{"taxonomy":"suno_strategy","embeddable":true,"href":"https:\/\/www.suno.com.br\/noticias\/wp-json\/wp\/v2\/suno_strategy?post=96728"}],"curies":[{"name":"wp","href":"https:\/\/api.w.org\/{rel}","templated":true}]}}