{"id":96528,"date":"2020-10-30T18:59:48","date_gmt":"2020-10-30T21:59:48","guid":{"rendered":"https:\/\/www.suno.com.br\/noticias\/?p=96528"},"modified":"2020-10-30T18:59:48","modified_gmt":"2020-10-30T21:59:48","slug":"carlos-alberto-sicupira-deixa-presidencia-lojas-americanas-lame4","status":"publish","type":"post","link":"https:\/\/www.suno.com.br\/noticias\/carlos-alberto-sicupira-deixa-presidencia-lojas-americanas-lame4\/","title":{"rendered":"Carlos Alberto Sicupira deixa presid\u00eancia da Lojas Americanas (LAME4)"},"content":{"rendered":"<p>A <a href=\"https:\/\/www.suno.com.br\/acoes\/lame4\/\"><strong>Lojas Americanas<\/strong> (LAME4)<\/a> comunicou nesta sexta-feira (30) que o empres\u00e1rio <a href=\"https:\/\/www.suno.com.br\/tudo-sobre\/carlos-alberto-sicupira\/\">Carlos Alberto Sicupira<\/a> renunciou \u00e0 presid\u00eancia do <a href=\"https:\/\/www.suno.com.br\/artigos\/conselho-administracao\/\">conselho de administra\u00e7\u00e3o<\/a> da varejista, &#8220;dando continuidade ao processo de sucess\u00e3o de longo prazo da companhia.&#8221;<\/p>\t<div class=\"wrapper-featured-image\">\n\t\t<figure class=\"spotlightImg\">\n\n\t\t\t<picture>\n\t\t\t\t<source media=\"(max-width: 768px)\" srcset=\"https:\/\/files.sunoresearch.com.br\/n\/uploads\/2020\/10\/1cfa2173-1200px-lojas_americanas-400x200.webp\">\n\t\t\t\t<img loading=\"lazy\" decoding=\"async\" class=\"newsContent__article__imgCapa lazyloadDisabled \" src=\"https:\/\/files.sunoresearch.com.br\/n\/uploads\/2020\/10\/1cfa2173-1200px-lojas_americanas-jpg.webp\" width=\"800\" height=\"450\" alt=\"Carlos Alberto Sicupira deixa presid\u00eancia da Lojas Americanas (LAME4)\" fetchpriority=high \/>\n\t\t\t<\/picture>\n\n\t\t\t<figcaption class=\"wp-caption-text wp-caption-text--show\">Eduardo Saggioro Garcia passar\u00e1 a ocupar a posi\u00e7\u00e3o de presidente do conselho da Lojas Americanas a partir de hoje<\/figcaption>\n\t\t<\/figure>\n\t<\/div>\n\n\n<div class=\"hubspot-form-wrapper\">\n\t<div id=\"single-form-target\"><\/div>\n<\/div>\n\n<p>Dessa forma, a cadeira de presidente da Lojas Americanas passar\u00e1 a ser ocupada por <strong>Eduardo Saggioro Garcia<\/strong>. A mudan\u00e7a tem efeito imediato e o executivo j\u00e1 ocupa a posi\u00e7\u00e3o. <strong>Sicupira<\/strong> vai permanecer como membro do conselho.<\/p>\n<p>Na semana passada, o conselho de administra\u00e7\u00e3o aprovou a emiss\u00e3o de US$ 350 milh\u00f5es (cerca de R$ 1,9 bilh\u00e3o) em <a href=\"https:\/\/www.suno.com.br\/artigos\/bonds\/\">t\u00edtulos representativos de d\u00edvidas (bonds)<\/a> de sua subsidi\u00e1ria JSM Global, com sede em Luxemburgo. Os pap\u00e9is t\u00eam prazo de vencimento de 10 anos e ser\u00e3o destinados exclusivamente \u00e0 coloca\u00e7\u00e3o no mercado internacional, junto a investidores institucionais qualificados.<\/p>\n<p><a href=\"https:\/\/lp.suno.com.br\/suno-one\/\">Suno One: acesse gratuitamente eBooks, Minicursos, Artigos e Video Aulas sobre investimentos com um \u00fanico cadastro. Clique para saber mais!<\/a><\/p>\n<p>&#8220;A entrada no mercado internacional de d\u00edvida, ap\u00f3s a constru\u00e7\u00e3o de um hist\u00f3rico de mais de 15 anos no mercado local, tem por objetivo acessar uma nova fonte de recursos, com prazos maiores, alongando o perfil de endividamento da companhia&#8221;, informou a empresa.<\/p>\n<h2>Lojas Americanas tem lucro de R$ 49,9 mi<\/h2>\n<p>Na \u00faltima quinta-feira, a Lojas Americanas reportou os resultados referentes ao terceiro trimestre deste ano, no qual a companhia apresentou um <a href=\"https:\/\/www.suno.com.br\/artigos\/lucro-liquido\/\">lucro l\u00edquido<\/a> de R$ 49,9 milh\u00f5es, ante R$ 48,2 milh\u00f5es do mesmo per\u00edodo do ano passado, equivalente a uma alta de 3,4%.<\/p>\n\t<div data-element=\"shortcode-read-more\" class=\"knowMore\">\n\t\t\t\t<span class=\"knowMore__title\">Confira os demais n\u00fameros<\/span>\n\t\t\t\t<a class=\"knowMore__link\" href=\"https:\/\/www.suno.com.br\/noticias\/lojas-americanas-lame4-registra-lucro-liquido-de-r-499-mi-alta-de-34\/\">\n\t\t\tLojas Americanas (LAME4) registra lucro l\u00edquido de R$ 49,9 mi, alta de 3,5%\t\t<\/a>\n\t<\/div>\n\n\n<p>A <a href=\"https:\/\/www.suno.com.br\/artigos\/o-que-receita-liquida\/\">receita l\u00edquida<\/a> da companhia atingiu R$ 5,13 bilh\u00f5es entre os meses de julho e setembro de 2020, enquanto no terceiro trimestre do ano passado o indicador ficou em R$ 4,24 bilh\u00f5es, o que corresponde a um crescimento de 21%. J\u00e1 o <a href=\"https:\/\/www.suno.com.br\/artigos\/ebitda-ajustado\/\"><strong>Ebitda<\/strong> (lucro antes de juros, impostos, deprecia\u00e7\u00e3o e amortiza\u00e7\u00e3o) ajustado<\/a> da <strong>Lojas Americanas<\/strong> chegou a R$ 754,8 milh\u00f5es, com um recuo de 0,3% contra os R$ 757,0 milh\u00f5es registrados em igual per\u00edodo de 2019.<\/p>\n\t<p>\n\t\t<a href=\"https:\/\/lp.suno.com.br\/planilha-de-controle-de-investimentos\/\" target=\"_blank\" data-element=\"shortcode-suno-banner\" title=\"Banner SUNO, clique e saiba mais\">\n\t\t\t<picture>\n\t\t\t\t<source media=\"(max-width: 500px)\" srcset=\"https:\/\/files.sunoresearch.com.br\/n\/uploads\/2023\/03\/400x300-Controle-de-Investimentos.png\">\n\t\t\t\t<img class=\"newsContent__article__imgCapa newsContent__article__imgCapa--banner\"\n\t\t\t\t\tsrc=\"https:\/\/files.sunoresearch.com.br\/n\/uploads\/2023\/03\/1420x240-Controle-de-Investimentos.png\"\n\t\t\t\t\tdata-promo-id=\"75934\"\t\t\t\t\t\t\t\t\t\twidth='1420' height='240'\t\t\t\t\talt=\"https:\/\/files.sunoresearch.com.br\/n\/uploads\/2023\/03\/1420x240-Controle-de-Investimentos.png\"\n\t\t\t\t>\n\t\t\t<\/picture>\n\t\t<\/a>\n\t<\/p>\n\n\n","protected":false},"excerpt":{"rendered":"<p>A Lojas Americanas (LAME4) comunicou nesta sexta-feira (30) que o empres\u00e1rio Carlos Alberto Sicupira renunciou \u00e0 presid\u00eancia do conselho de administra\u00e7\u00e3o da varejista, &#8220;dando continuidade ao processo de sucess\u00e3o de longo prazo da companhia.&#8221; Eduardo Saggioro Garcia passar\u00e1 a ocupar a posi\u00e7\u00e3o de presidente do conselho da Lojas Americanas a partir de hoje Dessa forma, [&hellip;]<\/p>\n","protected":false},"author":35,"featured_media":96538,"comment_status":"closed","ping_status":"closed","sticky":false,"template":"","format":"standard","meta":[],"categories":[64],"tags":[104842,539],"suno_strategy":[],"class_list":["post-96528","post","type-post","status-publish","format-standard","has-post-thumbnail","hentry","category-negocios","tag-carlos-alberto-sicupira","tag-lojas-americanas-lame3-lame4"],"yoast_head":"<!-- This site is optimized with the Yoast SEO plugin v24.4 - https:\/\/yoast.com\/wordpress\/plugins\/seo\/ -->\n<title>Carlos Alberto Sicupira deixa presid\u00eancia da Lojas Americanas (LAME4)<\/title>\n<meta name=\"description\" content=\"A Lojas Americanas (LAME4) comunicou a sa\u00edda do empres\u00e1rio Carlos Alberto Sicupira da presid\u00eancia do conselho. Clique para saber mais\" \/>\n<meta name=\"robots\" content=\"index, follow, max-snippet:-1, max-image-preview:large, max-video-preview:-1\" \/>\n<link rel=\"canonical\" href=\"https:\/\/www.suno.com.br\/noticias\/carlos-alberto-sicupira-deixa-presidencia-lojas-americanas-lame4\/\" \/>\n<meta property=\"og:locale\" content=\"pt_BR\" \/>\n<meta property=\"og:type\" content=\"article\" \/>\n<meta property=\"og:title\" content=\"Carlos Alberto Sicupira deixa presid\u00eancia da Lojas Americanas (LAME4)\" \/>\n<meta property=\"og:description\" content=\"A Lojas Americanas (LAME4) comunicou a sa\u00edda do empres\u00e1rio Carlos Alberto Sicupira da presid\u00eancia do conselho. Clique para saber mais\" \/>\n<meta property=\"og:url\" content=\"https:\/\/www.suno.com.br\/noticias\/carlos-alberto-sicupira-deixa-presidencia-lojas-americanas-lame4\/\" \/>\n<meta property=\"og:site_name\" content=\"Suno Not\u00edcias\" \/>\n<meta property=\"article:publisher\" content=\"https:\/\/facebook.com\/sunoresearch\" \/>\n<meta property=\"og:image\" content=\"https:\/\/files.sunoresearch.com.br\/n\/uploads\/2020\/10\/1cfa2173-1200px-lojas_americanas.jpg\" \/>\n\t<meta property=\"og:image:width\" content=\"507\" \/>\n\t<meta property=\"og:image:height\" content=\"380\" \/>\n\t<meta property=\"og:image:type\" content=\"image\/jpeg\" \/>\n<meta name=\"author\" content=\"Arthur Guimar\u00e3es\" \/>\n<meta name=\"twitter:card\" content=\"summary_large_image\" \/>\n<meta name=\"twitter:creator\" content=\"@sunoresearch\" \/>\n<meta name=\"twitter:site\" content=\"@sunoresearch\" \/>\n<meta name=\"twitter:label1\" content=\"Escrito por\" \/>\n\t<meta name=\"twitter:data1\" content=\"Arthur Guimar\u00e3es\" \/>\n\t<meta name=\"twitter:label2\" content=\"Est. tempo de leitura\" \/>\n\t<meta name=\"twitter:data2\" content=\"2 minutos\" \/>\n<script type=\"application\/ld+json\" class=\"yoast-schema-graph\">{\"@context\":\"https:\/\/schema.org\",\"@graph\":[{\"@type\":\"NewsArticle\",\"@id\":\"https:\/\/www.suno.com.br\/noticias\/carlos-alberto-sicupira-deixa-presidencia-lojas-americanas-lame4\/#article\",\"isPartOf\":{\"@id\":\"https:\/\/www.suno.com.br\/noticias\/carlos-alberto-sicupira-deixa-presidencia-lojas-americanas-lame4\/\"},\"author\":{\"name\":\"Arthur Guimar\u00e3es\",\"@id\":\"https:\/\/www.suno.com.br\/noticias\/#\/schema\/person\/053a750a709a263919a20f976caae91c\"},\"headline\":\"Carlos Alberto Sicupira deixa presid\u00eancia da Lojas Americanas (LAME4)\",\"datePublished\":\"2020-10-30T21:59:48+00:00\",\"mainEntityOfPage\":{\"@id\":\"https:\/\/www.suno.com.br\/noticias\/carlos-alberto-sicupira-deixa-presidencia-lojas-americanas-lame4\/\"},\"wordCount\":367,\"publisher\":{\"@id\":\"https:\/\/www.suno.com.br\/noticias\/#organization\"},\"image\":{\"@id\":\"https:\/\/www.suno.com.br\/noticias\/carlos-alberto-sicupira-deixa-presidencia-lojas-americanas-lame4\/#primaryimage\"},\"thumbnailUrl\":\"https:\/\/files.sunoresearch.com.br\/n\/uploads\/2020\/10\/1cfa2173-1200px-lojas_americanas-jpg.webp\",\"keywords\":[\"Carlos Alberto Sicupira\",\"Lojas Americanas (LAME3\/LAME4)\"],\"articleSection\":[\"Neg\u00f3cios\"],\"inLanguage\":\"pt-BR\"},{\"@type\":\"WebPage\",\"@id\":\"https:\/\/www.suno.com.br\/noticias\/carlos-alberto-sicupira-deixa-presidencia-lojas-americanas-lame4\/\",\"url\":\"https:\/\/www.suno.com.br\/noticias\/carlos-alberto-sicupira-deixa-presidencia-lojas-americanas-lame4\/\",\"name\":\"Carlos Alberto Sicupira deixa presid\u00eancia da Lojas Americanas (LAME4)\",\"isPartOf\":{\"@id\":\"https:\/\/www.suno.com.br\/noticias\/#website\"},\"primaryImageOfPage\":{\"@id\":\"https:\/\/www.suno.com.br\/noticias\/carlos-alberto-sicupira-deixa-presidencia-lojas-americanas-lame4\/#primaryimage\"},\"image\":{\"@id\":\"https:\/\/www.suno.com.br\/noticias\/carlos-alberto-sicupira-deixa-presidencia-lojas-americanas-lame4\/#primaryimage\"},\"thumbnailUrl\":\"https:\/\/files.sunoresearch.com.br\/n\/uploads\/2020\/10\/1cfa2173-1200px-lojas_americanas-jpg.webp\",\"datePublished\":\"2020-10-30T21:59:48+00:00\",\"description\":\"A Lojas Americanas (LAME4) comunicou a sa\u00edda do empres\u00e1rio Carlos Alberto Sicupira da presid\u00eancia do conselho. Clique para saber mais\",\"breadcrumb\":{\"@id\":\"https:\/\/www.suno.com.br\/noticias\/carlos-alberto-sicupira-deixa-presidencia-lojas-americanas-lame4\/#breadcrumb\"},\"inLanguage\":\"pt-BR\",\"potentialAction\":[{\"@type\":\"ReadAction\",\"target\":[\"https:\/\/www.suno.com.br\/noticias\/carlos-alberto-sicupira-deixa-presidencia-lojas-americanas-lame4\/\"]}]},{\"@type\":\"ImageObject\",\"inLanguage\":\"pt-BR\",\"@id\":\"https:\/\/www.suno.com.br\/noticias\/carlos-alberto-sicupira-deixa-presidencia-lojas-americanas-lame4\/#primaryimage\",\"url\":\"https:\/\/files.sunoresearch.com.br\/n\/uploads\/2020\/10\/1cfa2173-1200px-lojas_americanas-jpg.webp\",\"contentUrl\":\"https:\/\/files.sunoresearch.com.br\/n\/uploads\/2020\/10\/1cfa2173-1200px-lojas_americanas-jpg.webp\",\"width\":507,\"height\":380,\"caption\":\"Eduardo Saggioro Garcia passar\u00e1 a ocupar a posi\u00e7\u00e3o de presidente do conselho da Lojas Americanas a partir de hoje\"},{\"@type\":\"BreadcrumbList\",\"@id\":\"https:\/\/www.suno.com.br\/noticias\/carlos-alberto-sicupira-deixa-presidencia-lojas-americanas-lame4\/#breadcrumb\",\"itemListElement\":[{\"@type\":\"ListItem\",\"position\":1,\"name\":\"Not\u00edcias\",\"item\":\"https:\/\/www.suno.com.br\/noticias\/\"},{\"@type\":\"ListItem\",\"position\":2,\"name\":\"Neg\u00f3cios\",\"item\":\"https:\/\/www.suno.com.br\/noticias\/negocios\/\"},{\"@type\":\"ListItem\",\"position\":3,\"name\":\"Carlos Alberto Sicupira deixa presid\u00eancia da Lojas Americanas (LAME4)\"}]},{\"@type\":\"WebSite\",\"@id\":\"https:\/\/www.suno.com.br\/noticias\/#website\",\"url\":\"https:\/\/www.suno.com.br\/noticias\/\",\"name\":\"Suno Not\u00edcias\",\"description\":\"Seu portal de informa\u00e7\u00e3o sobre o mundo dos investimentos\",\"publisher\":{\"@id\":\"https:\/\/www.suno.com.br\/noticias\/#organization\"},\"potentialAction\":[{\"@type\":\"SearchAction\",\"target\":{\"@type\":\"EntryPoint\",\"urlTemplate\":\"https:\/\/www.suno.com.br\/noticias\/?s={search_term_string}\"},\"query-input\":{\"@type\":\"PropertyValueSpecification\",\"valueRequired\":true,\"valueName\":\"search_term_string\"}}],\"inLanguage\":\"pt-BR\"},{\"@type\":\"Organization\",\"@id\":\"https:\/\/www.suno.com.br\/noticias\/#organization\",\"name\":\"Suno Not\u00edcias\",\"url\":\"https:\/\/www.suno.com.br\/noticias\/\",\"logo\":{\"@type\":\"ImageObject\",\"inLanguage\":\"pt-BR\",\"@id\":\"https:\/\/www.suno.com.br\/noticias\/#\/schema\/logo\/image\/\",\"url\":\"https:\/\/files.sunoresearch.com.br\/n\/uploads\/2021\/09\/suno-logo.png\",\"contentUrl\":\"https:\/\/files.sunoresearch.com.br\/n\/uploads\/2021\/09\/suno-logo.png\",\"width\":180,\"height\":180,\"caption\":\"Suno Not\u00edcias\"},\"image\":{\"@id\":\"https:\/\/www.suno.com.br\/noticias\/#\/schema\/logo\/image\/\"},\"sameAs\":[\"https:\/\/facebook.com\/sunoresearch\",\"https:\/\/x.com\/sunoresearch\",\"https:\/\/www.instagram.com\/suno\",\"https:\/\/www.linkedin.com\/company\/suno-research\/\",\"https:\/\/www.youtube.com\/c\/sunoresearch\"]},{\"@type\":\"Person\",\"@id\":\"https:\/\/www.suno.com.br\/noticias\/#\/schema\/person\/053a750a709a263919a20f976caae91c\",\"name\":\"Arthur Guimar\u00e3es\",\"image\":{\"@type\":\"ImageObject\",\"inLanguage\":\"pt-BR\",\"@id\":\"https:\/\/www.suno.com.br\/noticias\/#\/schema\/person\/image\/\",\"url\":\"https:\/\/secure.gravatar.com\/avatar\/1affd86a11209ae09eb6dd3bcad3e96c?s=96&r=g\",\"contentUrl\":\"https:\/\/secure.gravatar.com\/avatar\/1affd86a11209ae09eb6dd3bcad3e96c?s=96&r=g\",\"caption\":\"Arthur Guimar\u00e3es\"},\"description\":\"Arthur Guimar\u00e3es escreve sobre pol\u00edtica, economia e neg\u00f3cios para o portal de not\u00edcias da Suno Research. Atualmente, \u00e9 estudante de jornalismo pela Faculdade C\u00e1sper L\u00edbero.\",\"url\":\"https:\/\/www.suno.com.br\/noticias\/author\/arthur-guimaraes\/\"}]}<\/script>\n<!-- \/ Yoast SEO plugin. -->","yoast_head_json":{"title":"Carlos Alberto Sicupira deixa presid\u00eancia da Lojas Americanas (LAME4)","description":"A Lojas Americanas (LAME4) comunicou a sa\u00edda do empres\u00e1rio Carlos Alberto Sicupira da presid\u00eancia do conselho. Clique para saber mais","robots":{"index":"index","follow":"follow","max-snippet":"max-snippet:-1","max-image-preview":"max-image-preview:large","max-video-preview":"max-video-preview:-1"},"canonical":"https:\/\/www.suno.com.br\/noticias\/carlos-alberto-sicupira-deixa-presidencia-lojas-americanas-lame4\/","og_locale":"pt_BR","og_type":"article","og_title":"Carlos Alberto Sicupira deixa presid\u00eancia da Lojas Americanas (LAME4)","og_description":"A Lojas Americanas (LAME4) comunicou a sa\u00edda do empres\u00e1rio Carlos Alberto Sicupira da presid\u00eancia do conselho. Clique para saber mais","og_url":"https:\/\/www.suno.com.br\/noticias\/carlos-alberto-sicupira-deixa-presidencia-lojas-americanas-lame4\/","og_site_name":"Suno Not\u00edcias","article_publisher":"https:\/\/facebook.com\/sunoresearch","og_image":[{"width":507,"height":380,"url":"https:\/\/files.sunoresearch.com.br\/n\/uploads\/2020\/10\/1cfa2173-1200px-lojas_americanas.jpg","type":"image\/jpeg"}],"author":"Arthur Guimar\u00e3es","twitter_card":"summary_large_image","twitter_creator":"@sunoresearch","twitter_site":"@sunoresearch","twitter_misc":{"Escrito por":"Arthur Guimar\u00e3es","Est. tempo de leitura":"2 minutos"},"schema":{"@context":"https:\/\/schema.org","@graph":[{"@type":"NewsArticle","@id":"https:\/\/www.suno.com.br\/noticias\/carlos-alberto-sicupira-deixa-presidencia-lojas-americanas-lame4\/#article","isPartOf":{"@id":"https:\/\/www.suno.com.br\/noticias\/carlos-alberto-sicupira-deixa-presidencia-lojas-americanas-lame4\/"},"author":{"name":"Arthur Guimar\u00e3es","@id":"https:\/\/www.suno.com.br\/noticias\/#\/schema\/person\/053a750a709a263919a20f976caae91c"},"headline":"Carlos Alberto Sicupira deixa presid\u00eancia da Lojas Americanas (LAME4)","datePublished":"2020-10-30T21:59:48+00:00","mainEntityOfPage":{"@id":"https:\/\/www.suno.com.br\/noticias\/carlos-alberto-sicupira-deixa-presidencia-lojas-americanas-lame4\/"},"wordCount":367,"publisher":{"@id":"https:\/\/www.suno.com.br\/noticias\/#organization"},"image":{"@id":"https:\/\/www.suno.com.br\/noticias\/carlos-alberto-sicupira-deixa-presidencia-lojas-americanas-lame4\/#primaryimage"},"thumbnailUrl":"https:\/\/files.sunoresearch.com.br\/n\/uploads\/2020\/10\/1cfa2173-1200px-lojas_americanas-jpg.webp","keywords":["Carlos Alberto Sicupira","Lojas Americanas (LAME3\/LAME4)"],"articleSection":["Neg\u00f3cios"],"inLanguage":"pt-BR"},{"@type":"WebPage","@id":"https:\/\/www.suno.com.br\/noticias\/carlos-alberto-sicupira-deixa-presidencia-lojas-americanas-lame4\/","url":"https:\/\/www.suno.com.br\/noticias\/carlos-alberto-sicupira-deixa-presidencia-lojas-americanas-lame4\/","name":"Carlos Alberto Sicupira deixa presid\u00eancia da Lojas Americanas (LAME4)","isPartOf":{"@id":"https:\/\/www.suno.com.br\/noticias\/#website"},"primaryImageOfPage":{"@id":"https:\/\/www.suno.com.br\/noticias\/carlos-alberto-sicupira-deixa-presidencia-lojas-americanas-lame4\/#primaryimage"},"image":{"@id":"https:\/\/www.suno.com.br\/noticias\/carlos-alberto-sicupira-deixa-presidencia-lojas-americanas-lame4\/#primaryimage"},"thumbnailUrl":"https:\/\/files.sunoresearch.com.br\/n\/uploads\/2020\/10\/1cfa2173-1200px-lojas_americanas-jpg.webp","datePublished":"2020-10-30T21:59:48+00:00","description":"A Lojas Americanas (LAME4) comunicou a sa\u00edda do empres\u00e1rio Carlos Alberto Sicupira da presid\u00eancia do conselho. Clique para saber mais","breadcrumb":{"@id":"https:\/\/www.suno.com.br\/noticias\/carlos-alberto-sicupira-deixa-presidencia-lojas-americanas-lame4\/#breadcrumb"},"inLanguage":"pt-BR","potentialAction":[{"@type":"ReadAction","target":["https:\/\/www.suno.com.br\/noticias\/carlos-alberto-sicupira-deixa-presidencia-lojas-americanas-lame4\/"]}]},{"@type":"ImageObject","inLanguage":"pt-BR","@id":"https:\/\/www.suno.com.br\/noticias\/carlos-alberto-sicupira-deixa-presidencia-lojas-americanas-lame4\/#primaryimage","url":"https:\/\/files.sunoresearch.com.br\/n\/uploads\/2020\/10\/1cfa2173-1200px-lojas_americanas-jpg.webp","contentUrl":"https:\/\/files.sunoresearch.com.br\/n\/uploads\/2020\/10\/1cfa2173-1200px-lojas_americanas-jpg.webp","width":507,"height":380,"caption":"Eduardo Saggioro Garcia passar\u00e1 a ocupar a posi\u00e7\u00e3o de presidente do conselho da Lojas Americanas a partir de hoje"},{"@type":"BreadcrumbList","@id":"https:\/\/www.suno.com.br\/noticias\/carlos-alberto-sicupira-deixa-presidencia-lojas-americanas-lame4\/#breadcrumb","itemListElement":[{"@type":"ListItem","position":1,"name":"Not\u00edcias","item":"https:\/\/www.suno.com.br\/noticias\/"},{"@type":"ListItem","position":2,"name":"Neg\u00f3cios","item":"https:\/\/www.suno.com.br\/noticias\/negocios\/"},{"@type":"ListItem","position":3,"name":"Carlos Alberto Sicupira deixa presid\u00eancia da Lojas Americanas (LAME4)"}]},{"@type":"WebSite","@id":"https:\/\/www.suno.com.br\/noticias\/#website","url":"https:\/\/www.suno.com.br\/noticias\/","name":"Suno Not\u00edcias","description":"Seu portal de informa\u00e7\u00e3o sobre o mundo dos investimentos","publisher":{"@id":"https:\/\/www.suno.com.br\/noticias\/#organization"},"potentialAction":[{"@type":"SearchAction","target":{"@type":"EntryPoint","urlTemplate":"https:\/\/www.suno.com.br\/noticias\/?s={search_term_string}"},"query-input":{"@type":"PropertyValueSpecification","valueRequired":true,"valueName":"search_term_string"}}],"inLanguage":"pt-BR"},{"@type":"Organization","@id":"https:\/\/www.suno.com.br\/noticias\/#organization","name":"Suno Not\u00edcias","url":"https:\/\/www.suno.com.br\/noticias\/","logo":{"@type":"ImageObject","inLanguage":"pt-BR","@id":"https:\/\/www.suno.com.br\/noticias\/#\/schema\/logo\/image\/","url":"https:\/\/files.sunoresearch.com.br\/n\/uploads\/2021\/09\/suno-logo.png","contentUrl":"https:\/\/files.sunoresearch.com.br\/n\/uploads\/2021\/09\/suno-logo.png","width":180,"height":180,"caption":"Suno Not\u00edcias"},"image":{"@id":"https:\/\/www.suno.com.br\/noticias\/#\/schema\/logo\/image\/"},"sameAs":["https:\/\/facebook.com\/sunoresearch","https:\/\/x.com\/sunoresearch","https:\/\/www.instagram.com\/suno","https:\/\/www.linkedin.com\/company\/suno-research\/","https:\/\/www.youtube.com\/c\/sunoresearch"]},{"@type":"Person","@id":"https:\/\/www.suno.com.br\/noticias\/#\/schema\/person\/053a750a709a263919a20f976caae91c","name":"Arthur Guimar\u00e3es","image":{"@type":"ImageObject","inLanguage":"pt-BR","@id":"https:\/\/www.suno.com.br\/noticias\/#\/schema\/person\/image\/","url":"https:\/\/secure.gravatar.com\/avatar\/1affd86a11209ae09eb6dd3bcad3e96c?s=96&r=g","contentUrl":"https:\/\/secure.gravatar.com\/avatar\/1affd86a11209ae09eb6dd3bcad3e96c?s=96&r=g","caption":"Arthur Guimar\u00e3es"},"description":"Arthur Guimar\u00e3es escreve sobre pol\u00edtica, economia e neg\u00f3cios para o portal de not\u00edcias da Suno Research. Atualmente, \u00e9 estudante de jornalismo pela Faculdade C\u00e1sper L\u00edbero.","url":"https:\/\/www.suno.com.br\/noticias\/author\/arthur-guimaraes\/"}]}},"default_loop_html":"<div class=\"cardsPage__listCard__boxs\"><div class=\"cardsPage__listCard__boxs__img\"><a href=\"https:\/\/www.suno.com.br\/noticias\/carlos-alberto-sicupira-deixa-presidencia-lojas-americanas-lame4\/\"><img class=\"mask\" src=\"https:\/\/www.suno.com.br\/noticias\/wp-content\/themes\/suno\/resources\/images\/spotlight\/spotlight1img\/bg-mask.png\" alt=\"Image Mask\"\/><img src=\"https:\/\/files.sunoresearch.com.br\/n\/uploads\/2020\/10\/1cfa2173-1200px-lojas_americanas-400x200.webp\" alt=\"Carlos Alberto Sicupira deixa presid\u00eancia da Lojas Americanas (LAME4)\"\/><\/a><span class=\"spotlightCategory\"><a href=\"https:\/\/www.suno.com.br\/noticias\/negocios\/\">Neg\u00f3cios<\/a><\/span><\/div><div class=\"cardsPage__listCard__boxs__content\"><a href=\"https:\/\/www.suno.com.br\/noticias\/carlos-alberto-sicupira-deixa-presidencia-lojas-americanas-lame4\/\"><h2 class=\"content__title\">Carlos Alberto Sicupira deixa presid\u00eancia da Lojas Americanas (LAME4)<\/h2><\/a><div class=\"newsContent__article__meta\"><div class=\"newsContent__article__meta__authorBox\"><a href=\"https:\/\/www.suno.com.br\/noticias\/author\/arthur-guimaraes\/\" class=\"authorBox__avatar noMobi\"><img src=\"https:\/\/files.sunoresearch.com.br\/n\/uploads\/2020\/02\/dfb40897-eu-150x150.webp\" alt=\"Arthur Guimar\u00e3es\"><\/a><div class=\"authorBox__name\"><span>por\n\t\t\t<a href=\"https:\/\/www.suno.com.br\/noticias\/author\/arthur-guimaraes\/\"><span itemprop=\"author\">Arthur Guimar\u00e3es<\/span><\/a><\/span><time datetime=\"2020-10-30T18:59:48-03:00\" itemprop=\"datePublished\">30\/10\/2020 18:59<\/time><\/div><\/div><\/div><\/div><\/div>","single_layout":"posts","amp_enabled":true,"_links":{"self":[{"href":"https:\/\/www.suno.com.br\/noticias\/wp-json\/wp\/v2\/posts\/96528"}],"collection":[{"href":"https:\/\/www.suno.com.br\/noticias\/wp-json\/wp\/v2\/posts"}],"about":[{"href":"https:\/\/www.suno.com.br\/noticias\/wp-json\/wp\/v2\/types\/post"}],"author":[{"embeddable":true,"href":"https:\/\/www.suno.com.br\/noticias\/wp-json\/wp\/v2\/users\/35"}],"replies":[{"embeddable":true,"href":"https:\/\/www.suno.com.br\/noticias\/wp-json\/wp\/v2\/comments?post=96528"}],"version-history":[{"count":0,"href":"https:\/\/www.suno.com.br\/noticias\/wp-json\/wp\/v2\/posts\/96528\/revisions"}],"wp:featuredmedia":[{"embeddable":true,"href":"https:\/\/www.suno.com.br\/noticias\/wp-json\/wp\/v2\/media\/96538"}],"wp:attachment":[{"href":"https:\/\/www.suno.com.br\/noticias\/wp-json\/wp\/v2\/media?parent=96528"}],"wp:term":[{"taxonomy":"category","embeddable":true,"href":"https:\/\/www.suno.com.br\/noticias\/wp-json\/wp\/v2\/categories?post=96528"},{"taxonomy":"post_tag","embeddable":true,"href":"https:\/\/www.suno.com.br\/noticias\/wp-json\/wp\/v2\/tags?post=96528"},{"taxonomy":"suno_strategy","embeddable":true,"href":"https:\/\/www.suno.com.br\/noticias\/wp-json\/wp\/v2\/suno_strategy?post=96528"}],"curies":[{"name":"wp","href":"https:\/\/api.w.org\/{rel}","templated":true}]}}