{"id":9637,"date":"2018-12-20T17:28:41","date_gmt":"2018-12-20T19:28:41","guid":{"rendered":"https:\/\/www.suno.com.br\/noticias\/?p=9637"},"modified":"2018-12-20T18:11:43","modified_gmt":"2018-12-20T20:11:43","slug":"dolar-fecha-esta-quinta-em-queda-de-0532","status":"publish","type":"post","link":"https:\/\/www.suno.com.br\/noticias\/dolar-fecha-esta-quinta-em-queda-de-0532\/","title":{"rendered":"D\u00f3lar fecha esta quinta em queda de 0,532%"},"content":{"rendered":"<p>O d\u00f3lar fechou est\u00e1 quinta-feira (20)\u00a0com queda de 0,532 %, sendo cotado a R$\u00a03,8521 na venda.<\/p>\t<div class=\"wrapper-featured-image\">\n\t\t<figure class=\"spotlightImg\">\n\n\t\t\t<picture>\n\t\t\t\t<source media=\"(max-width: 768px)\" srcset=\"https:\/\/files.sunoresearch.com.br\/n\/uploads\/2018\/08\/9be94646-money-series-12-1238046-1919x1284-400x200.webp\">\n\t\t\t\t<img loading=\"lazy\" decoding=\"async\" class=\"newsContent__article__imgCapa lazyloadDisabled newsContent__article__imgCapa--noCaption\" src=\"https:\/\/files.sunoresearch.com.br\/n\/uploads\/2018\/08\/9be94646-money-series-12-1238046-1919x1284-800x450.webp\" width=\"800\" height=\"450\" alt=\"D\u00f3lar fecha esta quinta em queda de 0,532%\" fetchpriority=high \/>\n\t\t\t<\/picture>\n\n\t\t\t<figcaption class=\"wp-caption-text wp-caption-text--hide\">O d\u00f3lar hoje fechou em forte queda \u00e0 espera de uma defini\u00e7\u00e3o nos Estados Unidos<\/figcaption>\n\t\t<\/figure>\n\t<\/div>\n\n\n<p>O <strong>d\u00f3lar\u00a0<\/strong>registrou a terceira queda da semana, ap\u00f3s alta de\u00a00,175% na \u00faltima ter\u00e7a-feira (18).\u00a0Durante o dia, a moeda norte-americana teve m\u00e1xima de\u00a03,8715 e m\u00ednima de 3,8358.<\/p>\n<p>O <strong>Banco Central<\/strong> (BC), realizou o leil\u00e3o\u00a0de 13,839 mil contratos de <a href=\"https:\/\/www.suno.com.br\/artigos\/fundo-cambial\/\">swap cambial tradicional<\/a>. O swap equivale a venda futura de d\u00f3lares.<\/p>\n<p>Com isso, foram rolados\u00a0US$ 9,681 bilh\u00f5es de um total de US$ 10,373 bilh\u00f5es, com vencimento em janeiro.<\/p>\n<p>Caso mantenha a oferta, o Banco Central far\u00e1 a rolagem integral at\u00e9 o final da semana.<\/p>\n<h2>Cen\u00e1rio Interno<\/h2>\n<p><strong>Ipea:\u00a0<\/strong>O Instituto de Pesquisa Econ\u00f4mica Aplicada (Ipea) divulgou nesta quinta-feira (20) um relat\u00f3rio sobre o Produto Interno Bruto (PIB) e a infla\u00e7\u00e3o para 2019. De acordo com o instituto, o PIB ir\u00e1 crescer 2,7% e a infla\u00e7\u00e3o ficar\u00e1 em 4,7%, abaixo da meta estabelecida pelo governo. Segundo economistas do Ipea, as reformas, como a previdenci\u00e1ria, s\u00e3o essenciais para o resultado.<\/p>\n<p><strong>Aneel: <\/strong>O leil\u00e3o da Ag\u00eancia Nacional de Energia El\u00e9trica (Aneel) teve todos os lotes de transmiss\u00e3o arrematados nesta quinta-feira (20), na B3, em S\u00e3o Paulo. O destaque do leil\u00e3o foi a Neoenergia, que investiu cerca de R$ 6 bilh\u00f5es e arrematou quatro lotes.<\/p>\n<p><a href=\"https:\/\/www.suno.com.br\/noticias\/leilao-aneel-todos-lotes-arrematados\/\">Saiba mais: Leil\u00e3o da Aneel termina e todos os 16 lotes foram arrematados<\/a><\/p>\n<h2>Cen\u00e1rio Externo<\/h2>\n<div class=\"mc-column content-text active-extra-styles \" data-block-type=\"unstyled\" data-block-weight=\"52\" data-block-id=\"22\">\n<p data-track-category=\"Link no Texto\" data-track-links=\"\"><span style=\"font-size: 1.21429rem;\"><strong>Shutdown:<\/strong>\u00a0a volta do temor de paralisa\u00e7\u00e3o do governo americano\u00a0 (shutdown) fez com que as bolsas nos Estados Unidos ca\u00edssem. Donald Trump segue amea\u00e7ando parar os trabalhos caso n\u00e3o seja aprovado o or\u00e7amento para a constru\u00e7\u00e3o do muro na fronteira com o M\u00e9xico.<\/span><\/p>\n<p data-track-category=\"Link no Texto\" data-track-links=\"\">Na \u00faltima quarta-feira (19), o <strong>d\u00f3lar<\/strong>\u00a0apresentou uma queda de 0,733% .<\/p>\n<\/div>\n","protected":false},"excerpt":{"rendered":"<p>O d\u00f3lar fechou est\u00e1 quinta-feira (20)\u00a0com queda de 0,532 %, sendo cotado a R$\u00a03,8521 na venda. O d\u00f3lar hoje fechou em forte queda \u00e0 espera de uma defini\u00e7\u00e3o nos Estados Unidos O d\u00f3lar\u00a0registrou a terceira queda da semana, ap\u00f3s alta de\u00a00,175% na \u00faltima ter\u00e7a-feira (18).\u00a0Durante o dia, a moeda norte-americana teve m\u00e1xima de\u00a03,8715 e m\u00ednima [&hellip;]<\/p>\n","protected":false},"author":14,"featured_media":3046,"comment_status":"closed","ping_status":"closed","sticky":false,"template":"","format":"standard","meta":[],"categories":[60],"tags":[326,786],"suno_strategy":[],"class_list":["post-9637","post","type-post","status-publish","format-standard","has-post-thumbnail","hentry","category-mercado","tag-dolar","tag-ipea"],"yoast_head":"<!-- This site is optimized with the Yoast SEO plugin v24.4 - https:\/\/yoast.com\/wordpress\/plugins\/seo\/ -->\n<title>D\u00f3lar fecha esta quinta em queda de 0,532%<\/title>\n<meta name=\"description\" content=\"No cen\u00e1rio interno, o Ipea divulgou nesta quinta-feira (20) proje\u00e7\u00f5es para o PIB e infla\u00e7\u00e3o. Clique para saber mais.\" \/>\n<meta name=\"robots\" content=\"index, follow, max-snippet:-1, max-image-preview:large, max-video-preview:-1\" \/>\n<link rel=\"canonical\" href=\"https:\/\/www.suno.com.br\/noticias\/dolar-fecha-esta-quinta-em-queda-de-0532\/\" \/>\n<meta property=\"og:locale\" content=\"pt_BR\" \/>\n<meta property=\"og:type\" content=\"article\" \/>\n<meta property=\"og:title\" content=\"D\u00f3lar fecha esta quinta em queda de 0,532%\" \/>\n<meta property=\"og:description\" content=\"No cen\u00e1rio interno, o Ipea divulgou nesta quinta-feira (20) proje\u00e7\u00f5es para o PIB e infla\u00e7\u00e3o. Clique para saber mais.\" \/>\n<meta property=\"og:url\" content=\"https:\/\/www.suno.com.br\/noticias\/dolar-fecha-esta-quinta-em-queda-de-0532\/\" \/>\n<meta property=\"og:site_name\" content=\"Suno Not\u00edcias\" \/>\n<meta property=\"article:publisher\" content=\"https:\/\/facebook.com\/sunoresearch\" \/>\n<meta property=\"og:image\" content=\"https:\/\/files.sunoresearch.com.br\/n\/uploads\/2018\/08\/9be94646-money-series-12-1238046-1919x1284.jpg\" \/>\n\t<meta property=\"og:image:width\" content=\"1919\" \/>\n\t<meta property=\"og:image:height\" content=\"1285\" \/>\n\t<meta property=\"og:image:type\" content=\"image\/jpeg\" \/>\n<meta name=\"author\" content=\"Renan Dantas\" \/>\n<meta name=\"twitter:card\" content=\"summary_large_image\" \/>\n<meta name=\"twitter:creator\" content=\"@sunoresearch\" \/>\n<meta name=\"twitter:site\" content=\"@sunoresearch\" \/>\n<meta name=\"twitter:label1\" content=\"Escrito por\" \/>\n\t<meta name=\"twitter:data1\" content=\"Renan Dantas\" \/>\n\t<meta name=\"twitter:label2\" content=\"Est. tempo de leitura\" \/>\n\t<meta name=\"twitter:data2\" content=\"1 minuto\" \/>\n<script type=\"application\/ld+json\" class=\"yoast-schema-graph\">{\"@context\":\"https:\/\/schema.org\",\"@graph\":[{\"@type\":\"NewsArticle\",\"@id\":\"https:\/\/www.suno.com.br\/noticias\/dolar-fecha-esta-quinta-em-queda-de-0532\/#article\",\"isPartOf\":{\"@id\":\"https:\/\/www.suno.com.br\/noticias\/dolar-fecha-esta-quinta-em-queda-de-0532\/\"},\"author\":{\"name\":\"Renan Dantas\",\"@id\":\"https:\/\/www.suno.com.br\/noticias\/#\/schema\/person\/3f7693d5795a3f6d5ce15309ee785699\"},\"headline\":\"D\u00f3lar fecha esta quinta em queda de 0,532%\",\"datePublished\":\"2018-12-20T19:28:41+00:00\",\"dateModified\":\"2018-12-20T20:11:43+00:00\",\"mainEntityOfPage\":{\"@id\":\"https:\/\/www.suno.com.br\/noticias\/dolar-fecha-esta-quinta-em-queda-de-0532\/\"},\"wordCount\":302,\"publisher\":{\"@id\":\"https:\/\/www.suno.com.br\/noticias\/#organization\"},\"image\":{\"@id\":\"https:\/\/www.suno.com.br\/noticias\/dolar-fecha-esta-quinta-em-queda-de-0532\/#primaryimage\"},\"thumbnailUrl\":\"https:\/\/files.sunoresearch.com.br\/n\/uploads\/2018\/08\/9be94646-money-series-12-1238046-1919x1284-jpg.webp\",\"keywords\":[\"d\u00f3lar\",\"Ipea\"],\"articleSection\":[\"Mercado\"],\"inLanguage\":\"pt-BR\"},{\"@type\":\"WebPage\",\"@id\":\"https:\/\/www.suno.com.br\/noticias\/dolar-fecha-esta-quinta-em-queda-de-0532\/\",\"url\":\"https:\/\/www.suno.com.br\/noticias\/dolar-fecha-esta-quinta-em-queda-de-0532\/\",\"name\":\"D\u00f3lar fecha esta quinta em queda de 0,532%\",\"isPartOf\":{\"@id\":\"https:\/\/www.suno.com.br\/noticias\/#website\"},\"primaryImageOfPage\":{\"@id\":\"https:\/\/www.suno.com.br\/noticias\/dolar-fecha-esta-quinta-em-queda-de-0532\/#primaryimage\"},\"image\":{\"@id\":\"https:\/\/www.suno.com.br\/noticias\/dolar-fecha-esta-quinta-em-queda-de-0532\/#primaryimage\"},\"thumbnailUrl\":\"https:\/\/files.sunoresearch.com.br\/n\/uploads\/2018\/08\/9be94646-money-series-12-1238046-1919x1284-jpg.webp\",\"datePublished\":\"2018-12-20T19:28:41+00:00\",\"dateModified\":\"2018-12-20T20:11:43+00:00\",\"description\":\"No cen\u00e1rio interno, o Ipea divulgou nesta quinta-feira (20) proje\u00e7\u00f5es para o PIB e infla\u00e7\u00e3o. Clique para saber mais.\",\"breadcrumb\":{\"@id\":\"https:\/\/www.suno.com.br\/noticias\/dolar-fecha-esta-quinta-em-queda-de-0532\/#breadcrumb\"},\"inLanguage\":\"pt-BR\",\"potentialAction\":[{\"@type\":\"ReadAction\",\"target\":[\"https:\/\/www.suno.com.br\/noticias\/dolar-fecha-esta-quinta-em-queda-de-0532\/\"]}]},{\"@type\":\"ImageObject\",\"inLanguage\":\"pt-BR\",\"@id\":\"https:\/\/www.suno.com.br\/noticias\/dolar-fecha-esta-quinta-em-queda-de-0532\/#primaryimage\",\"url\":\"https:\/\/files.sunoresearch.com.br\/n\/uploads\/2018\/08\/9be94646-money-series-12-1238046-1919x1284-jpg.webp\",\"contentUrl\":\"https:\/\/files.sunoresearch.com.br\/n\/uploads\/2018\/08\/9be94646-money-series-12-1238046-1919x1284-jpg.webp\",\"width\":1919,\"height\":1285,\"caption\":\"O d\u00f3lar hoje fechou em forte queda \u00e0 espera de uma defini\u00e7\u00e3o nos Estados Unidos\"},{\"@type\":\"BreadcrumbList\",\"@id\":\"https:\/\/www.suno.com.br\/noticias\/dolar-fecha-esta-quinta-em-queda-de-0532\/#breadcrumb\",\"itemListElement\":[{\"@type\":\"ListItem\",\"position\":1,\"name\":\"Not\u00edcias\",\"item\":\"https:\/\/www.suno.com.br\/noticias\/\"},{\"@type\":\"ListItem\",\"position\":2,\"name\":\"Mercado\",\"item\":\"https:\/\/www.suno.com.br\/noticias\/mercado\/\"},{\"@type\":\"ListItem\",\"position\":3,\"name\":\"D\u00f3lar fecha esta quinta em queda de 0,532%\"}]},{\"@type\":\"WebSite\",\"@id\":\"https:\/\/www.suno.com.br\/noticias\/#website\",\"url\":\"https:\/\/www.suno.com.br\/noticias\/\",\"name\":\"Suno Not\u00edcias\",\"description\":\"Seu portal de informa\u00e7\u00e3o sobre o mundo dos investimentos\",\"publisher\":{\"@id\":\"https:\/\/www.suno.com.br\/noticias\/#organization\"},\"potentialAction\":[{\"@type\":\"SearchAction\",\"target\":{\"@type\":\"EntryPoint\",\"urlTemplate\":\"https:\/\/www.suno.com.br\/noticias\/?s={search_term_string}\"},\"query-input\":{\"@type\":\"PropertyValueSpecification\",\"valueRequired\":true,\"valueName\":\"search_term_string\"}}],\"inLanguage\":\"pt-BR\"},{\"@type\":\"Organization\",\"@id\":\"https:\/\/www.suno.com.br\/noticias\/#organization\",\"name\":\"Suno Not\u00edcias\",\"url\":\"https:\/\/www.suno.com.br\/noticias\/\",\"logo\":{\"@type\":\"ImageObject\",\"inLanguage\":\"pt-BR\",\"@id\":\"https:\/\/www.suno.com.br\/noticias\/#\/schema\/logo\/image\/\",\"url\":\"https:\/\/files.sunoresearch.com.br\/n\/uploads\/2021\/09\/suno-logo.png\",\"contentUrl\":\"https:\/\/files.sunoresearch.com.br\/n\/uploads\/2021\/09\/suno-logo.png\",\"width\":180,\"height\":180,\"caption\":\"Suno Not\u00edcias\"},\"image\":{\"@id\":\"https:\/\/www.suno.com.br\/noticias\/#\/schema\/logo\/image\/\"},\"sameAs\":[\"https:\/\/facebook.com\/sunoresearch\",\"https:\/\/x.com\/sunoresearch\",\"https:\/\/www.instagram.com\/suno\",\"https:\/\/www.linkedin.com\/company\/suno-research\/\",\"https:\/\/www.youtube.com\/c\/sunoresearch\"]},{\"@type\":\"Person\",\"@id\":\"https:\/\/www.suno.com.br\/noticias\/#\/schema\/person\/3f7693d5795a3f6d5ce15309ee785699\",\"name\":\"Renan Dantas\",\"image\":{\"@type\":\"ImageObject\",\"inLanguage\":\"pt-BR\",\"@id\":\"https:\/\/www.suno.com.br\/noticias\/#\/schema\/person\/image\/\",\"url\":\"https:\/\/secure.gravatar.com\/avatar\/1787b83e7484a08e51d62ac8b41c8396?s=96&r=g\",\"contentUrl\":\"https:\/\/secure.gravatar.com\/avatar\/1787b83e7484a08e51d62ac8b41c8396?s=96&r=g\",\"caption\":\"Renan Dantas\"},\"description\":\"Escreve sobre pol\u00edtica e mercado financeiro para o portal Suno Not\u00edcias. Antes, atuou na assessoria de comunica\u00e7\u00e3o do Minist\u00e9rio P\u00fablico do Trabalho e na R\u00e1dio Mackenzie, onde apresentava e produzia um programa sobre artistas da m\u00fasica brasileira. \u00c9 estudante na Universidade Presbiteriana Mackenzie.\",\"url\":\"https:\/\/www.suno.com.br\/noticias\/author\/renan-dantas\/\"}]}<\/script>\n<!-- \/ Yoast SEO plugin. -->","yoast_head_json":{"title":"D\u00f3lar fecha esta quinta em queda de 0,532%","description":"No cen\u00e1rio interno, o Ipea divulgou nesta quinta-feira (20) proje\u00e7\u00f5es para o PIB e infla\u00e7\u00e3o. Clique para saber mais.","robots":{"index":"index","follow":"follow","max-snippet":"max-snippet:-1","max-image-preview":"max-image-preview:large","max-video-preview":"max-video-preview:-1"},"canonical":"https:\/\/www.suno.com.br\/noticias\/dolar-fecha-esta-quinta-em-queda-de-0532\/","og_locale":"pt_BR","og_type":"article","og_title":"D\u00f3lar fecha esta quinta em queda de 0,532%","og_description":"No cen\u00e1rio interno, o Ipea divulgou nesta quinta-feira (20) proje\u00e7\u00f5es para o PIB e infla\u00e7\u00e3o. Clique para saber mais.","og_url":"https:\/\/www.suno.com.br\/noticias\/dolar-fecha-esta-quinta-em-queda-de-0532\/","og_site_name":"Suno Not\u00edcias","article_publisher":"https:\/\/facebook.com\/sunoresearch","og_image":[{"width":1919,"height":1285,"url":"https:\/\/files.sunoresearch.com.br\/n\/uploads\/2018\/08\/9be94646-money-series-12-1238046-1919x1284.jpg","type":"image\/jpeg"}],"author":"Renan Dantas","twitter_card":"summary_large_image","twitter_creator":"@sunoresearch","twitter_site":"@sunoresearch","twitter_misc":{"Escrito por":"Renan Dantas","Est. tempo de leitura":"1 minuto"},"schema":{"@context":"https:\/\/schema.org","@graph":[{"@type":"NewsArticle","@id":"https:\/\/www.suno.com.br\/noticias\/dolar-fecha-esta-quinta-em-queda-de-0532\/#article","isPartOf":{"@id":"https:\/\/www.suno.com.br\/noticias\/dolar-fecha-esta-quinta-em-queda-de-0532\/"},"author":{"name":"Renan Dantas","@id":"https:\/\/www.suno.com.br\/noticias\/#\/schema\/person\/3f7693d5795a3f6d5ce15309ee785699"},"headline":"D\u00f3lar fecha esta quinta em queda de 0,532%","datePublished":"2018-12-20T19:28:41+00:00","dateModified":"2018-12-20T20:11:43+00:00","mainEntityOfPage":{"@id":"https:\/\/www.suno.com.br\/noticias\/dolar-fecha-esta-quinta-em-queda-de-0532\/"},"wordCount":302,"publisher":{"@id":"https:\/\/www.suno.com.br\/noticias\/#organization"},"image":{"@id":"https:\/\/www.suno.com.br\/noticias\/dolar-fecha-esta-quinta-em-queda-de-0532\/#primaryimage"},"thumbnailUrl":"https:\/\/files.sunoresearch.com.br\/n\/uploads\/2018\/08\/9be94646-money-series-12-1238046-1919x1284-jpg.webp","keywords":["d\u00f3lar","Ipea"],"articleSection":["Mercado"],"inLanguage":"pt-BR"},{"@type":"WebPage","@id":"https:\/\/www.suno.com.br\/noticias\/dolar-fecha-esta-quinta-em-queda-de-0532\/","url":"https:\/\/www.suno.com.br\/noticias\/dolar-fecha-esta-quinta-em-queda-de-0532\/","name":"D\u00f3lar fecha esta quinta em queda de 0,532%","isPartOf":{"@id":"https:\/\/www.suno.com.br\/noticias\/#website"},"primaryImageOfPage":{"@id":"https:\/\/www.suno.com.br\/noticias\/dolar-fecha-esta-quinta-em-queda-de-0532\/#primaryimage"},"image":{"@id":"https:\/\/www.suno.com.br\/noticias\/dolar-fecha-esta-quinta-em-queda-de-0532\/#primaryimage"},"thumbnailUrl":"https:\/\/files.sunoresearch.com.br\/n\/uploads\/2018\/08\/9be94646-money-series-12-1238046-1919x1284-jpg.webp","datePublished":"2018-12-20T19:28:41+00:00","dateModified":"2018-12-20T20:11:43+00:00","description":"No cen\u00e1rio interno, o Ipea divulgou nesta quinta-feira (20) proje\u00e7\u00f5es para o PIB e infla\u00e7\u00e3o. Clique para saber mais.","breadcrumb":{"@id":"https:\/\/www.suno.com.br\/noticias\/dolar-fecha-esta-quinta-em-queda-de-0532\/#breadcrumb"},"inLanguage":"pt-BR","potentialAction":[{"@type":"ReadAction","target":["https:\/\/www.suno.com.br\/noticias\/dolar-fecha-esta-quinta-em-queda-de-0532\/"]}]},{"@type":"ImageObject","inLanguage":"pt-BR","@id":"https:\/\/www.suno.com.br\/noticias\/dolar-fecha-esta-quinta-em-queda-de-0532\/#primaryimage","url":"https:\/\/files.sunoresearch.com.br\/n\/uploads\/2018\/08\/9be94646-money-series-12-1238046-1919x1284-jpg.webp","contentUrl":"https:\/\/files.sunoresearch.com.br\/n\/uploads\/2018\/08\/9be94646-money-series-12-1238046-1919x1284-jpg.webp","width":1919,"height":1285,"caption":"O d\u00f3lar hoje fechou em forte queda \u00e0 espera de uma defini\u00e7\u00e3o nos Estados Unidos"},{"@type":"BreadcrumbList","@id":"https:\/\/www.suno.com.br\/noticias\/dolar-fecha-esta-quinta-em-queda-de-0532\/#breadcrumb","itemListElement":[{"@type":"ListItem","position":1,"name":"Not\u00edcias","item":"https:\/\/www.suno.com.br\/noticias\/"},{"@type":"ListItem","position":2,"name":"Mercado","item":"https:\/\/www.suno.com.br\/noticias\/mercado\/"},{"@type":"ListItem","position":3,"name":"D\u00f3lar fecha esta quinta em queda de 0,532%"}]},{"@type":"WebSite","@id":"https:\/\/www.suno.com.br\/noticias\/#website","url":"https:\/\/www.suno.com.br\/noticias\/","name":"Suno Not\u00edcias","description":"Seu portal de informa\u00e7\u00e3o sobre o mundo dos investimentos","publisher":{"@id":"https:\/\/www.suno.com.br\/noticias\/#organization"},"potentialAction":[{"@type":"SearchAction","target":{"@type":"EntryPoint","urlTemplate":"https:\/\/www.suno.com.br\/noticias\/?s={search_term_string}"},"query-input":{"@type":"PropertyValueSpecification","valueRequired":true,"valueName":"search_term_string"}}],"inLanguage":"pt-BR"},{"@type":"Organization","@id":"https:\/\/www.suno.com.br\/noticias\/#organization","name":"Suno Not\u00edcias","url":"https:\/\/www.suno.com.br\/noticias\/","logo":{"@type":"ImageObject","inLanguage":"pt-BR","@id":"https:\/\/www.suno.com.br\/noticias\/#\/schema\/logo\/image\/","url":"https:\/\/files.sunoresearch.com.br\/n\/uploads\/2021\/09\/suno-logo.png","contentUrl":"https:\/\/files.sunoresearch.com.br\/n\/uploads\/2021\/09\/suno-logo.png","width":180,"height":180,"caption":"Suno Not\u00edcias"},"image":{"@id":"https:\/\/www.suno.com.br\/noticias\/#\/schema\/logo\/image\/"},"sameAs":["https:\/\/facebook.com\/sunoresearch","https:\/\/x.com\/sunoresearch","https:\/\/www.instagram.com\/suno","https:\/\/www.linkedin.com\/company\/suno-research\/","https:\/\/www.youtube.com\/c\/sunoresearch"]},{"@type":"Person","@id":"https:\/\/www.suno.com.br\/noticias\/#\/schema\/person\/3f7693d5795a3f6d5ce15309ee785699","name":"Renan Dantas","image":{"@type":"ImageObject","inLanguage":"pt-BR","@id":"https:\/\/www.suno.com.br\/noticias\/#\/schema\/person\/image\/","url":"https:\/\/secure.gravatar.com\/avatar\/1787b83e7484a08e51d62ac8b41c8396?s=96&r=g","contentUrl":"https:\/\/secure.gravatar.com\/avatar\/1787b83e7484a08e51d62ac8b41c8396?s=96&r=g","caption":"Renan Dantas"},"description":"Escreve sobre pol\u00edtica e mercado financeiro para o portal Suno Not\u00edcias. Antes, atuou na assessoria de comunica\u00e7\u00e3o do Minist\u00e9rio P\u00fablico do Trabalho e na R\u00e1dio Mackenzie, onde apresentava e produzia um programa sobre artistas da m\u00fasica brasileira. \u00c9 estudante na Universidade Presbiteriana Mackenzie.","url":"https:\/\/www.suno.com.br\/noticias\/author\/renan-dantas\/"}]}},"default_loop_html":"<div class=\"cardsPage__listCard__boxs\"><div class=\"cardsPage__listCard__boxs__img\"><a href=\"https:\/\/www.suno.com.br\/noticias\/dolar-fecha-esta-quinta-em-queda-de-0532\/\"><img class=\"mask\" src=\"https:\/\/www.suno.com.br\/noticias\/wp-content\/themes\/suno\/resources\/images\/spotlight\/spotlight1img\/bg-mask.png\" alt=\"Image Mask\"\/><img src=\"https:\/\/files.sunoresearch.com.br\/n\/uploads\/2018\/08\/9be94646-money-series-12-1238046-1919x1284-400x200.webp\" alt=\"D\u00f3lar fecha esta quinta em queda de 0,532%\"\/><\/a><span class=\"spotlightCategory\"><a href=\"https:\/\/www.suno.com.br\/noticias\/mercado\/\">Mercado<\/a><\/span><\/div><div class=\"cardsPage__listCard__boxs__content\"><a href=\"https:\/\/www.suno.com.br\/noticias\/dolar-fecha-esta-quinta-em-queda-de-0532\/\"><h2 class=\"content__title\">D\u00f3lar fecha esta quinta em queda de 0,532%<\/h2><\/a><div class=\"newsContent__article__meta\"><div class=\"newsContent__article__meta__authorBox\"><a href=\"https:\/\/www.suno.com.br\/noticias\/author\/renan-dantas\/\" class=\"authorBox__avatar noMobi\"><img src=\"https:\/\/secure.gravatar.com\/avatar\/1787b83e7484a08e51d62ac8b41c8396?s=96&#038;r=g\" alt=\"Renan Dantas\"><\/a><div class=\"authorBox__name\"><span>por\n\t\t\t<a href=\"https:\/\/www.suno.com.br\/noticias\/author\/renan-dantas\/\"><span itemprop=\"author\">Renan Dantas<\/span><\/a><\/span><time datetime=\"2018-12-20T17:28:41-02:00\" itemprop=\"datePublished\">20\/12\/2018 17:28<\/time><\/div><\/div><\/div><\/div><\/div>","single_layout":"posts","amp_enabled":true,"_links":{"self":[{"href":"https:\/\/www.suno.com.br\/noticias\/wp-json\/wp\/v2\/posts\/9637"}],"collection":[{"href":"https:\/\/www.suno.com.br\/noticias\/wp-json\/wp\/v2\/posts"}],"about":[{"href":"https:\/\/www.suno.com.br\/noticias\/wp-json\/wp\/v2\/types\/post"}],"author":[{"embeddable":true,"href":"https:\/\/www.suno.com.br\/noticias\/wp-json\/wp\/v2\/users\/14"}],"replies":[{"embeddable":true,"href":"https:\/\/www.suno.com.br\/noticias\/wp-json\/wp\/v2\/comments?post=9637"}],"version-history":[{"count":0,"href":"https:\/\/www.suno.com.br\/noticias\/wp-json\/wp\/v2\/posts\/9637\/revisions"}],"wp:featuredmedia":[{"embeddable":true,"href":"https:\/\/www.suno.com.br\/noticias\/wp-json\/wp\/v2\/media\/3046"}],"wp:attachment":[{"href":"https:\/\/www.suno.com.br\/noticias\/wp-json\/wp\/v2\/media?parent=9637"}],"wp:term":[{"taxonomy":"category","embeddable":true,"href":"https:\/\/www.suno.com.br\/noticias\/wp-json\/wp\/v2\/categories?post=9637"},{"taxonomy":"post_tag","embeddable":true,"href":"https:\/\/www.suno.com.br\/noticias\/wp-json\/wp\/v2\/tags?post=9637"},{"taxonomy":"suno_strategy","embeddable":true,"href":"https:\/\/www.suno.com.br\/noticias\/wp-json\/wp\/v2\/suno_strategy?post=9637"}],"curies":[{"name":"wp","href":"https:\/\/api.w.org\/{rel}","templated":true}]}}