{"id":96282,"date":"2020-10-30T10:17:38","date_gmt":"2020-10-30T13:17:38","guid":{"rendered":"https:\/\/www.suno.com.br\/noticias\/?p=96282"},"modified":"2021-06-13T23:30:33","modified_gmt":"2021-06-14T02:30:33","slug":"ibovespa-coronavirus-eleicoes-eua-30102020","status":"publish","type":"post","link":"https:\/\/www.suno.com.br\/noticias\/ibovespa-coronavirus-eleicoes-eua-30102020\/","title":{"rendered":"Ibovespa abre em queda de 1% antes das elei\u00e7\u00f5es nos EUA; Covid-19 no radar"},"content":{"rendered":"<p>O <strong><a href=\"https:\/\/www.suno.com.br\/artigos\/ibovespa\/\">Ibovespa<\/a> <\/strong>abriu o preg\u00e3o desta sexta-feira (30) em queda, seguindo o pessimismo das bolsas mundiais. A semana foi recheada de not\u00edcias acerca do avan\u00e7o da pandemia do <a href=\"https:\/\/www.suno.com.br\/noticias\/?s=coronav%C3%ADrus\">novo coronav\u00edrus (Covid-19)<\/a> nos Estados Unidos e na Europa, al\u00e9m da volatilidade causada pelas elei\u00e7\u00f5es presidenciais norte-americanas, marcadas para a pr\u00f3xima ter\u00e7a-feira (3). Vale ressaltar que a Bolsa brasileira n\u00e3o abrir\u00e1 na pr\u00f3xima segunda-feira (2), por conta do feriado de Finados.<\/p>\t<div class=\"wrapper-featured-image\">\n\t\t<figure class=\"spotlightImg\">\n\n\t\t\t<picture>\n\t\t\t\t<source media=\"(max-width: 768px)\" srcset=\"https:\/\/files.sunoresearch.com.br\/n\/uploads\/2020\/09\/67560e43-ibove-400x200.webp\">\n\t\t\t\t<img loading=\"lazy\" decoding=\"async\" class=\"newsContent__article__imgCapa lazyloadDisabled \" src=\"https:\/\/files.sunoresearch.com.br\/n\/uploads\/2020\/09\/67560e43-ibove-800x450.webp\" width=\"800\" height=\"450\" alt=\"Ibovespa abre em queda de 1% antes das elei\u00e7\u00f5es nos EUA; Covid-19 no radar\" fetchpriority=high \/>\n\t\t\t<\/picture>\n\n\t\t\t<figcaption class=\"wp-caption-text wp-caption-text--show\">Ibovespa sobe 0,2% e d\u00f3lar cai 1,2% com PIB brasileiro no radar<\/figcaption>\n\t\t<\/figure>\n\t<\/div>\n\n\n<div class=\"hubspot-form-wrapper\">\n\t<div id=\"single-form-target\"><\/div>\n<\/div>\n\n<p>Por volta das 10h15, a <strong>cota\u00e7\u00e3o do Ibovespa<\/strong> apresentava uma queda de 1,21%, a 95.411 pontos. O maior \u00edndice acion\u00e1rio da <a href=\"https:\/\/www.suno.com.br\/artigos\/b3\/\">Bolsa de Valores de S\u00e3o Paulo (<strong>B3<\/strong>)<\/a> caminha para encerrar a semana com uma queda de mais de 5%, mas com um leve ganho no acumulado do m\u00eas.<\/p>\n<p>A retomada da for\u00e7a do coronav\u00edrus no Hemisf\u00e9rio Norte continua a assombrar os investidores. Os Estados Unidos registraram 91 mil casos da doen\u00e7a na \u00faltima quinta-feira (29), novo recorde di\u00e1rio. O pa\u00eds se aproxima da marca de 9 milh\u00f5es de casos com as elei\u00e7\u00f5es presidenciais \u00e0 vista. <strong>Joe Biden<\/strong>, democrata opositor do presidente <a href=\"https:\/\/www.suno.com.br\/tudo-sobre\/donald-trump\/\"><strong>Donald Trump<\/strong><\/a>, constantemente o acusa de ter feito uma m\u00e1 gest\u00e3o de crise em meio \u00e0 pandemia.<\/p>\n<p><a href=\"https:\/\/lp.suno.com.br\/suno-one\/\">Suno One: acesse gratuitamente eBooks, Minicursos, Artigos e Video Aulas sobre investimentos com um \u00fanico cadastro. Clique para saber mais!<\/a><\/p>\n<p>No \u00faltimo debate entre os concorrentes, ocorrido no dia 22 de outubro, Trump disse que o pa\u00eds estava &#8220;aprendendo a conviver com o v\u00edrus&#8221;. Biden o rebateu dizendo que a popula\u00e7\u00e3o norte-americana &#8220;est\u00e1 aprendendo a morrer com o v\u00edrus&#8221;. Nesta segunda onda da pandemia, no entanto, as taxas de mortalidade t\u00eam se mostrado menores do que o observado no in\u00edcio do ano.<\/p>\n<p>O processo eleitoral tamb\u00e9m traz o receio \u00e0s bolsas mundiais por uma poss\u00edvel demora na contagem dos votos e o precedente que isso pode abrir para uma tens\u00e3o pol\u00edtica. Al\u00e9m disso, as elei\u00e7\u00f5es tamb\u00e9m s\u00e3o uma condicional para o novo pacote de est\u00edmulos econ\u00f4micos \u00e0 fam\u00edlias e empresas nos <strong>Estados Unidos<\/strong>, que est\u00e1 sendo negociado entre os democratas e a Casa Branca. Trump disse que o pacote, estimado na casa de US$ 1,9 trilh\u00e3o, <a href=\"https:\/\/www.suno.com.br\/noticias\/eua-trump-pacote-alivio-eleicao\/\">sair\u00e1 somente ap\u00f3s as elei\u00e7\u00f5es<\/a>.<\/p>\n<p>Nesta manh\u00e3, o mercado digere as informa\u00e7\u00f5es sobre o <a href=\"https:\/\/www.suno.com.br\/artigos\/pib-produto-interno-bruto\/\">Produto Interno Bruto (<strong>PIB<\/strong>)<\/a> da <a href=\"https:\/\/www.suno.com.br\/artigos\/zona-do-euro\/\">zona do euro<\/a>, que avan\u00e7ou 12,7% no terceiro trimestre deste ano, em compara\u00e7\u00e3o com os tr\u00eas meses anteriores. A estimativa consensual entre analistas era por um avan\u00e7o de 9,4%, segundo a ag\u00eancia de not\u00edcias Reuters. As informa\u00e7\u00f5es foram divulgadas pelo Eurostat, escrit\u00f3rio de estat\u00edsticas.<\/p>\n<p>A economia do bloco se recupera ap\u00f3s a queda de 12,1% entre abril e junho. O terceiro trimestre ficou marcado por um ver\u00e3o com menos restri\u00e7\u00f5es frente \u00e0 pandemia. O mercado, no entanto, acendeu o alerta ap\u00f3s Fran\u00e7a e Alemanha <a href=\"https:\/\/www.suno.com.br\/noticias\/franca-e-alemanha-anunciam-lockdown-apos-segunda-onda-de-covid\/\">retomarem os lockdowns por conta da doen\u00e7a nas \u00faltimas semanas<\/a>.<\/p>\n\n\t<div data-element=\"shortcode-read-more\" class=\"readToo\">\n\t\t\t\t<span class=\"readToo__title\">Saiba mais<\/span>\n\t\t\t\t<ul class=\"readToo__list\">\n\t\t\t<li><a href=\"https:\/\/www.suno.com.br\/noticias\/destaques-de-empresas-acordo-entre-ser-e-laureate-balanco-da-suzano\/\">Destaques de Empresas: Acordo entre Ser e \u00c2nima; balan\u00e7o da Suzano<\/a><\/li><li><a href=\"https:\/\/www.suno.com.br\/noticias\/itau-itub4-indica-substituto-bracher\/\">Ita\u00fa (ITUB4) indica substituto de Candido Bracher \u00e0 presid\u00eancia do banco<\/a><\/li>\t\t<\/ul>\n\t<\/div>\n\n\n<p>Ainda no mercado global, o<a href=\"https:\/\/www.suno.com.br\/noticias\/commodities-ouro-minerio-de-ferro-petroleo-30102020\/\"><strong> min\u00e9rio de ferro<\/strong><\/a> encerrou as negocia\u00e7\u00f5es na China com uma alta de 2,12%, na alta da semana, mesmo com a expectativa do aumento da produ\u00e7\u00e3o da <a href=\"https:\/\/www.suno.com.br\/acoes\/vale3\/\"><strong>Vale<\/strong> (VALE3)<\/a>. O d\u00f3lar opera em leve alta, <a href=\"https:\/\/www.suno.com.br\/noticias\/ibovespa-futuro-eua-eleicoes-pib-zona-do-euro-30102020\/\">enquanto os juros futuros caem nesta manh\u00e3<\/a>.<\/p>\n<p>No <em>front<\/em> interno, o mercado observa a alta da taxa de <strong>desemprego <\/strong>no Pa\u00eds, aspecto que influencia negativamente na economia. O n\u00famero de desempregados atingiu 13,8 milh\u00f5es no trimestre entre junho e agosto. Os dados foram divulgados nesta sexta-feira pelo Instituto Brasileiro de Geografia e Estat\u00edstica (<strong>IBGE<\/strong>).<\/p>\n<p>No per\u00edodo, a taxa de desemprego atingiu 14,4%, a mais alta desde 2012. &#8220;O cen\u00e1rio que temos agora \u00e9 da queda da ocupa\u00e7\u00e3o em paralelo com o aumento da desocupa\u00e7\u00e3o. As pessoas continuam sendo dispensadas&#8221;, disse Adriana Beringuy, pesquisadora do IBGE.<\/p>\n<h2>Mercados internacionais<\/h2>\n<p>Confira o desempenho dos principais \u00edndices acion\u00e1rios no exterior, al\u00e9m do <strong>Ibovespa agora<\/strong>:<\/p>\n<ul>\n<li>Nova York (<a href=\"https:\/\/www.suno.com.br\/artigos\/sp-500\/\">S&amp;P 500<\/a>) futuro: -0,58%<\/li>\n<li>Londres (<a href=\"https:\/\/www.suno.com.br\/artigos\/ftse-100\/\">FTSE 100<\/a>): -0,02%<\/li>\n<li>Frankfurt (<a href=\"https:\/\/www.suno.com.br\/artigos\/dax-30\/\">DAX 30)<\/a>: -0,52%<\/li>\n<li>Paris (<a href=\"https:\/\/www.suno.com.br\/artigos\/cac-40\/\">CAC 40<\/a>): -0,02%<\/li>\n<li>Mil\u00e3o (FTSE\/MIB): +0,18%<\/li>\n<li>Hong Kong (<a href=\"https:\/\/www.suno.com.br\/artigos\/hang-seng\/\">Hang Seng<\/a>): -1,95% (fechada)<\/li>\n<li>Xangai (SSE Composite): -1,47% (fechada)<\/li>\n<li>T\u00f3quio (<a href=\"https:\/\/www.suno.com.br\/artigos\/nikkei-225\/\">Nikkei 225<\/a>): -1,52% (fechada)<\/li>\n<\/ul>\n<h2>\u00daltima cota\u00e7\u00e3o do Ibovespa<\/h2>\n<p>De forma distinta ao<strong>\u00a0Ibovespa hoje<\/strong>, o \u00edndice acion\u00e1rio encerrou as negocia\u00e7\u00f5es na \u00faltima quinta-feira com uma alta de 1,27%, a 96.582,16 pontos.<\/p>\n\t<p>\n\t\t<a href=\"https:\/\/lp.suno.com.br\/planilha-de-controle-de-investimentos\/\" target=\"_blank\" data-element=\"shortcode-suno-banner\" title=\"Banner SUNO, clique e saiba mais\">\n\t\t\t<picture>\n\t\t\t\t<source media=\"(max-width: 500px)\" srcset=\"https:\/\/files.sunoresearch.com.br\/n\/uploads\/2023\/03\/400x300-Controle-de-Investimentos.png\">\n\t\t\t\t<img class=\"newsContent__article__imgCapa newsContent__article__imgCapa--banner\"\n\t\t\t\t\tsrc=\"https:\/\/files.sunoresearch.com.br\/n\/uploads\/2023\/03\/1420x240-Controle-de-Investimentos.png\"\n\t\t\t\t\tdata-promo-id=\"75934\"\t\t\t\t\t\t\t\t\t\twidth='1420' height='240'\t\t\t\t\talt=\"https:\/\/files.sunoresearch.com.br\/n\/uploads\/2023\/03\/1420x240-Controle-de-Investimentos.png\"\n\t\t\t\t>\n\t\t\t<\/picture>\n\t\t<\/a>\n\t<\/p>\n\n\n","protected":false},"excerpt":{"rendered":"<p>O Ibovespa abriu o preg\u00e3o desta sexta-feira (30) em queda, seguindo o pessimismo das bolsas mundiais. A semana foi recheada de not\u00edcias acerca do avan\u00e7o da pandemia do novo coronav\u00edrus (Covid-19) nos Estados Unidos e na Europa, al\u00e9m da volatilidade causada pelas elei\u00e7\u00f5es presidenciais norte-americanas, marcadas para a pr\u00f3xima ter\u00e7a-feira (3). Vale ressaltar que a [&hellip;]<\/p>\n","protected":false},"author":24,"featured_media":86982,"comment_status":"closed","ping_status":"closed","sticky":false,"template":"","format":"standard","meta":[],"categories":[60],"tags":[2487,1296,697,793,821,721,825,991],"suno_strategy":[],"class_list":["post-96282","post","type-post","status-publish","format-standard","has-post-thumbnail","hentry","category-mercado","tag-coronavirus","tag-desemprego","tag-eleicoes","tag-estados-unidos-eua","tag-ibge","tag-ibovespa","tag-minerio-de-ferro","tag-zona-do-euro"],"yoast_head":"<!-- This site is optimized with the Yoast SEO plugin v24.4 - https:\/\/yoast.com\/wordpress\/plugins\/seo\/ -->\n<title>Ibovespa abre em queda de 1% antes das elei\u00e7\u00f5es nos EUA<\/title>\n<meta name=\"description\" content=\"O Ibovespa abriu o preg\u00e3o desta sexta-feira (30) em queda, seguindo o pessimismo das bolsas mundiais. Clique aqui e saiba mais.\" \/>\n<meta name=\"robots\" content=\"index, follow, max-snippet:-1, max-image-preview:large, max-video-preview:-1\" \/>\n<link rel=\"canonical\" href=\"https:\/\/www.suno.com.br\/noticias\/ibovespa-coronavirus-eleicoes-eua-30102020\/\" \/>\n<meta property=\"og:locale\" content=\"pt_BR\" \/>\n<meta property=\"og:type\" content=\"article\" \/>\n<meta property=\"og:title\" content=\"Ibovespa abre em queda de 1% antes das elei\u00e7\u00f5es nos EUA\" \/>\n<meta property=\"og:description\" content=\"O Ibovespa abriu o preg\u00e3o desta sexta-feira (30) em queda, seguindo o pessimismo das bolsas mundiais. Clique aqui e saiba mais.\" \/>\n<meta property=\"og:url\" content=\"https:\/\/www.suno.com.br\/noticias\/ibovespa-coronavirus-eleicoes-eua-30102020\/\" \/>\n<meta property=\"og:site_name\" content=\"Suno Not\u00edcias\" \/>\n<meta property=\"article:publisher\" content=\"https:\/\/facebook.com\/sunoresearch\" \/>\n<meta property=\"og:image\" content=\"https:\/\/files.sunoresearch.com.br\/n\/uploads\/2020\/09\/67560e43-ibove.jpg\" \/>\n\t<meta property=\"og:image:width\" content=\"2560\" \/>\n\t<meta property=\"og:image:height\" content=\"1440\" \/>\n\t<meta property=\"og:image:type\" content=\"image\/jpeg\" \/>\n<meta name=\"author\" content=\"Jader Lazarini\" \/>\n<meta name=\"twitter:card\" content=\"summary_large_image\" \/>\n<meta name=\"twitter:creator\" content=\"@sunoresearch\" \/>\n<meta name=\"twitter:site\" content=\"@sunoresearch\" \/>\n<meta name=\"twitter:label1\" content=\"Escrito por\" \/>\n\t<meta name=\"twitter:data1\" content=\"Jader Lazarini\" \/>\n\t<meta name=\"twitter:label2\" content=\"Est. tempo de leitura\" \/>\n\t<meta name=\"twitter:data2\" content=\"4 minutos\" \/>\n<script type=\"application\/ld+json\" class=\"yoast-schema-graph\">{\"@context\":\"https:\/\/schema.org\",\"@graph\":[{\"@type\":\"NewsArticle\",\"@id\":\"https:\/\/www.suno.com.br\/noticias\/ibovespa-coronavirus-eleicoes-eua-30102020\/#article\",\"isPartOf\":{\"@id\":\"https:\/\/www.suno.com.br\/noticias\/ibovespa-coronavirus-eleicoes-eua-30102020\/\"},\"author\":{\"name\":\"Jader Lazarini\",\"@id\":\"https:\/\/www.suno.com.br\/noticias\/#\/schema\/person\/918d79de1f0281f01599b93f9ea6e23f\"},\"headline\":\"Ibovespa abre em queda de 1% antes das elei\u00e7\u00f5es nos EUA; Covid-19 no radar\",\"datePublished\":\"2020-10-30T13:17:38+00:00\",\"dateModified\":\"2021-06-14T02:30:33+00:00\",\"mainEntityOfPage\":{\"@id\":\"https:\/\/www.suno.com.br\/noticias\/ibovespa-coronavirus-eleicoes-eua-30102020\/\"},\"wordCount\":757,\"publisher\":{\"@id\":\"https:\/\/www.suno.com.br\/noticias\/#organization\"},\"image\":{\"@id\":\"https:\/\/www.suno.com.br\/noticias\/ibovespa-coronavirus-eleicoes-eua-30102020\/#primaryimage\"},\"thumbnailUrl\":\"https:\/\/files.sunoresearch.com.br\/n\/uploads\/2020\/09\/67560e43-ibove-jpg.webp\",\"keywords\":[\"coronav\u00edrus\",\"Desemprego\",\"Elei\u00e7\u00f5es\",\"Estados Unidos (EUA)\",\"IBGE\",\"Ibovespa\",\"min\u00e9rio de ferro\",\"zona do euro\"],\"articleSection\":[\"Mercado\"],\"inLanguage\":\"pt-BR\"},{\"@type\":\"WebPage\",\"@id\":\"https:\/\/www.suno.com.br\/noticias\/ibovespa-coronavirus-eleicoes-eua-30102020\/\",\"url\":\"https:\/\/www.suno.com.br\/noticias\/ibovespa-coronavirus-eleicoes-eua-30102020\/\",\"name\":\"Ibovespa abre em queda de 1% antes das elei\u00e7\u00f5es nos EUA\",\"isPartOf\":{\"@id\":\"https:\/\/www.suno.com.br\/noticias\/#website\"},\"primaryImageOfPage\":{\"@id\":\"https:\/\/www.suno.com.br\/noticias\/ibovespa-coronavirus-eleicoes-eua-30102020\/#primaryimage\"},\"image\":{\"@id\":\"https:\/\/www.suno.com.br\/noticias\/ibovespa-coronavirus-eleicoes-eua-30102020\/#primaryimage\"},\"thumbnailUrl\":\"https:\/\/files.sunoresearch.com.br\/n\/uploads\/2020\/09\/67560e43-ibove-jpg.webp\",\"datePublished\":\"2020-10-30T13:17:38+00:00\",\"dateModified\":\"2021-06-14T02:30:33+00:00\",\"description\":\"O Ibovespa abriu o preg\u00e3o desta sexta-feira (30) em queda, seguindo o pessimismo das bolsas mundiais. Clique aqui e saiba mais.\",\"breadcrumb\":{\"@id\":\"https:\/\/www.suno.com.br\/noticias\/ibovespa-coronavirus-eleicoes-eua-30102020\/#breadcrumb\"},\"inLanguage\":\"pt-BR\",\"potentialAction\":[{\"@type\":\"ReadAction\",\"target\":[\"https:\/\/www.suno.com.br\/noticias\/ibovespa-coronavirus-eleicoes-eua-30102020\/\"]}]},{\"@type\":\"ImageObject\",\"inLanguage\":\"pt-BR\",\"@id\":\"https:\/\/www.suno.com.br\/noticias\/ibovespa-coronavirus-eleicoes-eua-30102020\/#primaryimage\",\"url\":\"https:\/\/files.sunoresearch.com.br\/n\/uploads\/2020\/09\/67560e43-ibove-jpg.webp\",\"contentUrl\":\"https:\/\/files.sunoresearch.com.br\/n\/uploads\/2020\/09\/67560e43-ibove-jpg.webp\",\"width\":2560,\"height\":1440,\"caption\":\"Ibovespa sobe 0,2% e d\u00f3lar cai 1,2% com PIB brasileiro no radar\"},{\"@type\":\"BreadcrumbList\",\"@id\":\"https:\/\/www.suno.com.br\/noticias\/ibovespa-coronavirus-eleicoes-eua-30102020\/#breadcrumb\",\"itemListElement\":[{\"@type\":\"ListItem\",\"position\":1,\"name\":\"Not\u00edcias\",\"item\":\"https:\/\/www.suno.com.br\/noticias\/\"},{\"@type\":\"ListItem\",\"position\":2,\"name\":\"Mercado\",\"item\":\"https:\/\/www.suno.com.br\/noticias\/mercado\/\"},{\"@type\":\"ListItem\",\"position\":3,\"name\":\"Ibovespa abre em queda de 1% antes das elei\u00e7\u00f5es nos EUA; Covid-19 no radar\"}]},{\"@type\":\"WebSite\",\"@id\":\"https:\/\/www.suno.com.br\/noticias\/#website\",\"url\":\"https:\/\/www.suno.com.br\/noticias\/\",\"name\":\"Suno Not\u00edcias\",\"description\":\"Seu portal de informa\u00e7\u00e3o sobre o mundo dos investimentos\",\"publisher\":{\"@id\":\"https:\/\/www.suno.com.br\/noticias\/#organization\"},\"potentialAction\":[{\"@type\":\"SearchAction\",\"target\":{\"@type\":\"EntryPoint\",\"urlTemplate\":\"https:\/\/www.suno.com.br\/noticias\/?s={search_term_string}\"},\"query-input\":{\"@type\":\"PropertyValueSpecification\",\"valueRequired\":true,\"valueName\":\"search_term_string\"}}],\"inLanguage\":\"pt-BR\"},{\"@type\":\"Organization\",\"@id\":\"https:\/\/www.suno.com.br\/noticias\/#organization\",\"name\":\"Suno Not\u00edcias\",\"url\":\"https:\/\/www.suno.com.br\/noticias\/\",\"logo\":{\"@type\":\"ImageObject\",\"inLanguage\":\"pt-BR\",\"@id\":\"https:\/\/www.suno.com.br\/noticias\/#\/schema\/logo\/image\/\",\"url\":\"https:\/\/files.sunoresearch.com.br\/n\/uploads\/2021\/09\/suno-logo.png\",\"contentUrl\":\"https:\/\/files.sunoresearch.com.br\/n\/uploads\/2021\/09\/suno-logo.png\",\"width\":180,\"height\":180,\"caption\":\"Suno Not\u00edcias\"},\"image\":{\"@id\":\"https:\/\/www.suno.com.br\/noticias\/#\/schema\/logo\/image\/\"},\"sameAs\":[\"https:\/\/facebook.com\/sunoresearch\",\"https:\/\/x.com\/sunoresearch\",\"https:\/\/www.instagram.com\/suno\",\"https:\/\/www.linkedin.com\/company\/suno-research\/\",\"https:\/\/www.youtube.com\/c\/sunoresearch\"]},{\"@type\":\"Person\",\"@id\":\"https:\/\/www.suno.com.br\/noticias\/#\/schema\/person\/918d79de1f0281f01599b93f9ea6e23f\",\"name\":\"Jader Lazarini\",\"image\":{\"@type\":\"ImageObject\",\"inLanguage\":\"pt-BR\",\"@id\":\"https:\/\/www.suno.com.br\/noticias\/#\/schema\/person\/image\/\",\"url\":\"https:\/\/secure.gravatar.com\/avatar\/3c1ad8caa51589841baeb923fcddea97?s=96&r=g\",\"contentUrl\":\"https:\/\/secure.gravatar.com\/avatar\/3c1ad8caa51589841baeb923fcddea97?s=96&r=g\",\"caption\":\"Jader Lazarini\"},\"description\":\"Jader Lazarini escreve sobre investimentos, finan\u00e7as, economia e neg\u00f3cios. \u00c9 bacharel em Rela\u00e7\u00f5es Internacionais e analista CNPI (2619).\",\"url\":\"https:\/\/www.suno.com.br\/noticias\/author\/jader-lazarini\/\"}]}<\/script>\n<!-- \/ Yoast SEO plugin. -->","yoast_head_json":{"title":"Ibovespa abre em queda de 1% antes das elei\u00e7\u00f5es nos EUA","description":"O Ibovespa abriu o preg\u00e3o desta sexta-feira (30) em queda, seguindo o pessimismo das bolsas mundiais. Clique aqui e saiba mais.","robots":{"index":"index","follow":"follow","max-snippet":"max-snippet:-1","max-image-preview":"max-image-preview:large","max-video-preview":"max-video-preview:-1"},"canonical":"https:\/\/www.suno.com.br\/noticias\/ibovespa-coronavirus-eleicoes-eua-30102020\/","og_locale":"pt_BR","og_type":"article","og_title":"Ibovespa abre em queda de 1% antes das elei\u00e7\u00f5es nos EUA","og_description":"O Ibovespa abriu o preg\u00e3o desta sexta-feira (30) em queda, seguindo o pessimismo das bolsas mundiais. Clique aqui e saiba mais.","og_url":"https:\/\/www.suno.com.br\/noticias\/ibovespa-coronavirus-eleicoes-eua-30102020\/","og_site_name":"Suno Not\u00edcias","article_publisher":"https:\/\/facebook.com\/sunoresearch","og_image":[{"width":2560,"height":1440,"url":"https:\/\/files.sunoresearch.com.br\/n\/uploads\/2020\/09\/67560e43-ibove.jpg","type":"image\/jpeg"}],"author":"Jader Lazarini","twitter_card":"summary_large_image","twitter_creator":"@sunoresearch","twitter_site":"@sunoresearch","twitter_misc":{"Escrito por":"Jader Lazarini","Est. tempo de leitura":"4 minutos"},"schema":{"@context":"https:\/\/schema.org","@graph":[{"@type":"NewsArticle","@id":"https:\/\/www.suno.com.br\/noticias\/ibovespa-coronavirus-eleicoes-eua-30102020\/#article","isPartOf":{"@id":"https:\/\/www.suno.com.br\/noticias\/ibovespa-coronavirus-eleicoes-eua-30102020\/"},"author":{"name":"Jader Lazarini","@id":"https:\/\/www.suno.com.br\/noticias\/#\/schema\/person\/918d79de1f0281f01599b93f9ea6e23f"},"headline":"Ibovespa abre em queda de 1% antes das elei\u00e7\u00f5es nos EUA; Covid-19 no radar","datePublished":"2020-10-30T13:17:38+00:00","dateModified":"2021-06-14T02:30:33+00:00","mainEntityOfPage":{"@id":"https:\/\/www.suno.com.br\/noticias\/ibovespa-coronavirus-eleicoes-eua-30102020\/"},"wordCount":757,"publisher":{"@id":"https:\/\/www.suno.com.br\/noticias\/#organization"},"image":{"@id":"https:\/\/www.suno.com.br\/noticias\/ibovespa-coronavirus-eleicoes-eua-30102020\/#primaryimage"},"thumbnailUrl":"https:\/\/files.sunoresearch.com.br\/n\/uploads\/2020\/09\/67560e43-ibove-jpg.webp","keywords":["coronav\u00edrus","Desemprego","Elei\u00e7\u00f5es","Estados Unidos (EUA)","IBGE","Ibovespa","min\u00e9rio de ferro","zona do euro"],"articleSection":["Mercado"],"inLanguage":"pt-BR"},{"@type":"WebPage","@id":"https:\/\/www.suno.com.br\/noticias\/ibovespa-coronavirus-eleicoes-eua-30102020\/","url":"https:\/\/www.suno.com.br\/noticias\/ibovespa-coronavirus-eleicoes-eua-30102020\/","name":"Ibovespa abre em queda de 1% antes das elei\u00e7\u00f5es nos EUA","isPartOf":{"@id":"https:\/\/www.suno.com.br\/noticias\/#website"},"primaryImageOfPage":{"@id":"https:\/\/www.suno.com.br\/noticias\/ibovespa-coronavirus-eleicoes-eua-30102020\/#primaryimage"},"image":{"@id":"https:\/\/www.suno.com.br\/noticias\/ibovespa-coronavirus-eleicoes-eua-30102020\/#primaryimage"},"thumbnailUrl":"https:\/\/files.sunoresearch.com.br\/n\/uploads\/2020\/09\/67560e43-ibove-jpg.webp","datePublished":"2020-10-30T13:17:38+00:00","dateModified":"2021-06-14T02:30:33+00:00","description":"O Ibovespa abriu o preg\u00e3o desta sexta-feira (30) em queda, seguindo o pessimismo das bolsas mundiais. Clique aqui e saiba mais.","breadcrumb":{"@id":"https:\/\/www.suno.com.br\/noticias\/ibovespa-coronavirus-eleicoes-eua-30102020\/#breadcrumb"},"inLanguage":"pt-BR","potentialAction":[{"@type":"ReadAction","target":["https:\/\/www.suno.com.br\/noticias\/ibovespa-coronavirus-eleicoes-eua-30102020\/"]}]},{"@type":"ImageObject","inLanguage":"pt-BR","@id":"https:\/\/www.suno.com.br\/noticias\/ibovespa-coronavirus-eleicoes-eua-30102020\/#primaryimage","url":"https:\/\/files.sunoresearch.com.br\/n\/uploads\/2020\/09\/67560e43-ibove-jpg.webp","contentUrl":"https:\/\/files.sunoresearch.com.br\/n\/uploads\/2020\/09\/67560e43-ibove-jpg.webp","width":2560,"height":1440,"caption":"Ibovespa sobe 0,2% e d\u00f3lar cai 1,2% com PIB brasileiro no radar"},{"@type":"BreadcrumbList","@id":"https:\/\/www.suno.com.br\/noticias\/ibovespa-coronavirus-eleicoes-eua-30102020\/#breadcrumb","itemListElement":[{"@type":"ListItem","position":1,"name":"Not\u00edcias","item":"https:\/\/www.suno.com.br\/noticias\/"},{"@type":"ListItem","position":2,"name":"Mercado","item":"https:\/\/www.suno.com.br\/noticias\/mercado\/"},{"@type":"ListItem","position":3,"name":"Ibovespa abre em queda de 1% antes das elei\u00e7\u00f5es nos EUA; Covid-19 no radar"}]},{"@type":"WebSite","@id":"https:\/\/www.suno.com.br\/noticias\/#website","url":"https:\/\/www.suno.com.br\/noticias\/","name":"Suno Not\u00edcias","description":"Seu portal de informa\u00e7\u00e3o sobre o mundo dos investimentos","publisher":{"@id":"https:\/\/www.suno.com.br\/noticias\/#organization"},"potentialAction":[{"@type":"SearchAction","target":{"@type":"EntryPoint","urlTemplate":"https:\/\/www.suno.com.br\/noticias\/?s={search_term_string}"},"query-input":{"@type":"PropertyValueSpecification","valueRequired":true,"valueName":"search_term_string"}}],"inLanguage":"pt-BR"},{"@type":"Organization","@id":"https:\/\/www.suno.com.br\/noticias\/#organization","name":"Suno Not\u00edcias","url":"https:\/\/www.suno.com.br\/noticias\/","logo":{"@type":"ImageObject","inLanguage":"pt-BR","@id":"https:\/\/www.suno.com.br\/noticias\/#\/schema\/logo\/image\/","url":"https:\/\/files.sunoresearch.com.br\/n\/uploads\/2021\/09\/suno-logo.png","contentUrl":"https:\/\/files.sunoresearch.com.br\/n\/uploads\/2021\/09\/suno-logo.png","width":180,"height":180,"caption":"Suno Not\u00edcias"},"image":{"@id":"https:\/\/www.suno.com.br\/noticias\/#\/schema\/logo\/image\/"},"sameAs":["https:\/\/facebook.com\/sunoresearch","https:\/\/x.com\/sunoresearch","https:\/\/www.instagram.com\/suno","https:\/\/www.linkedin.com\/company\/suno-research\/","https:\/\/www.youtube.com\/c\/sunoresearch"]},{"@type":"Person","@id":"https:\/\/www.suno.com.br\/noticias\/#\/schema\/person\/918d79de1f0281f01599b93f9ea6e23f","name":"Jader Lazarini","image":{"@type":"ImageObject","inLanguage":"pt-BR","@id":"https:\/\/www.suno.com.br\/noticias\/#\/schema\/person\/image\/","url":"https:\/\/secure.gravatar.com\/avatar\/3c1ad8caa51589841baeb923fcddea97?s=96&r=g","contentUrl":"https:\/\/secure.gravatar.com\/avatar\/3c1ad8caa51589841baeb923fcddea97?s=96&r=g","caption":"Jader Lazarini"},"description":"Jader Lazarini escreve sobre investimentos, finan\u00e7as, economia e neg\u00f3cios. \u00c9 bacharel em Rela\u00e7\u00f5es Internacionais e analista CNPI (2619).","url":"https:\/\/www.suno.com.br\/noticias\/author\/jader-lazarini\/"}]}},"default_loop_html":"<div class=\"cardsPage__listCard__boxs\"><div class=\"cardsPage__listCard__boxs__img\"><a href=\"https:\/\/www.suno.com.br\/noticias\/itau-itub4-indica-substituto-bracher\/\"><img class=\"mask\" src=\"https:\/\/www.suno.com.br\/noticias\/wp-content\/themes\/suno\/resources\/images\/spotlight\/spotlight1img\/bg-mask.png\" alt=\"Image Mask\"\/><img src=\"https:\/\/files.sunoresearch.com.br\/n\/uploads\/2020\/10\/5c734d22-milton-maluhy-filho_divulgacao-2-400x200.jpg\" alt=\"Ita\u00fa (ITUB4) indica substituto de Candido Bracher \u00e0 presid\u00eancia do banco\"\/><\/a><span class=\"spotlightCategory\"><a href=\"https:\/\/www.suno.com.br\/noticias\/negocios\/\">Neg\u00f3cios<\/a><\/span><\/div><div class=\"cardsPage__listCard__boxs__content\"><a href=\"https:\/\/www.suno.com.br\/noticias\/itau-itub4-indica-substituto-bracher\/\"><h2 class=\"content__title\">Ita\u00fa (ITUB4) indica substituto de Candido Bracher \u00e0 presid\u00eancia do banco<\/h2><\/a><div class=\"newsContent__article__meta\"><div class=\"newsContent__article__meta__authorBox\"><a href=\"https:\/\/www.suno.com.br\/noticias\/author\/arthur-guimaraes\/\" class=\"authorBox__avatar noMobi\"><img src=\"https:\/\/files.sunoresearch.com.br\/n\/uploads\/2020\/02\/dfb40897-eu-150x150.webp\" alt=\"Arthur Guimar\u00e3es\"><\/a><div class=\"authorBox__name\"><span>por\n\t\t\t<a href=\"https:\/\/www.suno.com.br\/noticias\/author\/arthur-guimaraes\/\"><span itemprop=\"author\">Arthur Guimar\u00e3es<\/span><\/a><\/span><time datetime=\"2020-10-29T19:49:10-03:00\" itemprop=\"datePublished\">29\/10\/2020 19:49<\/time><\/div><\/div><\/div><\/div><\/div>","single_layout":"posts","amp_enabled":true,"_links":{"self":[{"href":"https:\/\/www.suno.com.br\/noticias\/wp-json\/wp\/v2\/posts\/96282"}],"collection":[{"href":"https:\/\/www.suno.com.br\/noticias\/wp-json\/wp\/v2\/posts"}],"about":[{"href":"https:\/\/www.suno.com.br\/noticias\/wp-json\/wp\/v2\/types\/post"}],"author":[{"embeddable":true,"href":"https:\/\/www.suno.com.br\/noticias\/wp-json\/wp\/v2\/users\/24"}],"replies":[{"embeddable":true,"href":"https:\/\/www.suno.com.br\/noticias\/wp-json\/wp\/v2\/comments?post=96282"}],"version-history":[{"count":1,"href":"https:\/\/www.suno.com.br\/noticias\/wp-json\/wp\/v2\/posts\/96282\/revisions"}],"predecessor-version":[{"id":156826,"href":"https:\/\/www.suno.com.br\/noticias\/wp-json\/wp\/v2\/posts\/96282\/revisions\/156826"}],"wp:featuredmedia":[{"embeddable":true,"href":"https:\/\/www.suno.com.br\/noticias\/wp-json\/wp\/v2\/media\/86982"}],"wp:attachment":[{"href":"https:\/\/www.suno.com.br\/noticias\/wp-json\/wp\/v2\/media?parent=96282"}],"wp:term":[{"taxonomy":"category","embeddable":true,"href":"https:\/\/www.suno.com.br\/noticias\/wp-json\/wp\/v2\/categories?post=96282"},{"taxonomy":"post_tag","embeddable":true,"href":"https:\/\/www.suno.com.br\/noticias\/wp-json\/wp\/v2\/tags?post=96282"},{"taxonomy":"suno_strategy","embeddable":true,"href":"https:\/\/www.suno.com.br\/noticias\/wp-json\/wp\/v2\/suno_strategy?post=96282"}],"curies":[{"name":"wp","href":"https:\/\/api.w.org\/{rel}","templated":true}]}}