{"id":96266,"date":"2020-10-30T09:31:09","date_gmt":"2020-10-30T12:31:09","guid":{"rendered":"https:\/\/www.suno.com.br\/noticias\/?p=96266"},"modified":"2021-06-13T23:30:35","modified_gmt":"2021-06-14T02:30:35","slug":"ibovespa-futuro-eua-eleicoes-pib-zona-do-euro-30102020","status":"publish","type":"post","link":"https:\/\/www.suno.com.br\/noticias\/ibovespa-futuro-eua-eleicoes-pib-zona-do-euro-30102020\/","title":{"rendered":"Ibovespa futuro abre em leve baixa, puxado pelo exterior"},"content":{"rendered":"<p>O <strong>Ibovespa futuro<\/strong> abriu em queda nesta sexta-feira (30), pressionado por uma tend\u00eancia de baixa dos mercados internacionais nesta semana. Por volta das 9h20, o contrato futuro do maior \u00edndice acion\u00e1rio da <a href=\"https:\/\/www.suno.com.br\/artigos\/b3\/\">Bolsa de Valores de S\u00e3o Paulo (B3)<\/a> apresentava uma baixa de 0,34%.<\/p>\t<div class=\"wrapper-featured-image\">\n\t\t<figure class=\"spotlightImg\">\n\n\t\t\t<picture>\n\t\t\t\t<source media=\"(max-width: 768px)\" srcset=\"https:\/\/files.sunoresearch.com.br\/n\/uploads\/2020\/09\/4fcccedb-mercado-picjumbo-400x200.webp\">\n\t\t\t\t<img loading=\"lazy\" decoding=\"async\" class=\"newsContent__article__imgCapa lazyloadDisabled \" src=\"https:\/\/files.sunoresearch.com.br\/n\/uploads\/2020\/09\/4fcccedb-mercado-picjumbo-800x450.webp\" width=\"800\" height=\"450\" alt=\"Ibovespa futuro abre em leve baixa, puxado pelo exterior\" fetchpriority=high \/>\n\t\t\t<\/picture>\n\n\t\t\t<figcaption class=\"wp-caption-text wp-caption-text--show\">Ibovespa. Foto: Pixabay<\/figcaption>\n\t\t<\/figure>\n\t<\/div>\n\n\n<div class=\"hubspot-form-wrapper\">\n\t<div id=\"single-form-target\"><\/div>\n<\/div>\n\n<p>Os mercados futuros de Nova York operam em queda em fun\u00e7\u00e3o da proximidade das elei\u00e7\u00f5es presidenciais norte-americanas, marcadas para a pr\u00f3xima ter\u00e7a-feira (3). O processo eleitoral tradicionalmente traz forte volatilidade para as <strong>bolsas mundiais<\/strong>, o que n\u00e3o \u00e9 diferente no Ibovespa futuro &#8212; o mercado \u00e0 vista opera em queda de quase 5% na semana.<\/p>\n<p>O processo eleitoral tamb\u00e9m traz o receio \u00e0s bolsas mundiais por uma poss\u00edvel demora na contagem dos votos e o precedente que isso pode abrir para uma tens\u00e3o pol\u00edtica. Al\u00e9m disso, as elei\u00e7\u00f5es tamb\u00e9m s\u00e3o uma condicional para o novo pacote de est\u00edmulos econ\u00f4micos \u00e0 fam\u00edlias e empresas nos <strong>Estados Unidos<\/strong>, que est\u00e1 sendo negociado entre os democratas e a Casa Branca. <a href=\"https:\/\/www.suno.com.br\/tudo-sobre\/donald-trump\/\">Donald Trump<\/a> disse que o pacote, <a href=\"https:\/\/www.suno.com.br\/noticias\/eua-meadows-diz-que-proposta-da-casa-branca-para-estimulo-e-de-us-19-tri\/\">estimado na casa de US$ 1,9 trilh\u00e3o<\/a>, sair\u00e1 somente ap\u00f3s as elei\u00e7\u00f5es.<\/p>\n<p><a href=\"https:\/\/lp.suno.com.br\/suno-one\/\">Suno One: acesse gratuitamente eBooks, Minicursos, Artigos e Video Aulas sobre investimentos com um \u00fanico cadastro. Clique para saber mais!<\/a><\/p>\n<p>Ainda no cen\u00e1rio externo, chama aten\u00e7\u00e3o dos investidores o avan\u00e7o da pandemia do <a href=\"https:\/\/www.suno.com.br\/noticias\/?s=coronav%C3%ADrus\">novo <strong>coronav\u00edrus<\/strong> (Covid-19)<\/a> nos Estados Unidos, que registrou mais um recorde de infec\u00e7\u00f5es na \u00faltima quinta-feira (29), e na Europa, onde <a href=\"https:\/\/www.suno.com.br\/noticias\/franca-e-alemanha-anunciam-lockdown-apos-segunda-onda-de-covid\/\">Fran\u00e7a e Alemanha j\u00e1 estipularam novos bloqueios<\/a>.<\/p>\n<p>O mercado teme que as novas medidas de conten\u00e7\u00e3o \u00e0 pandemia impactem a fr\u00e1gil tentativa de recupera\u00e7\u00e3o da economia europeia. O <a href=\"https:\/\/www.suno.com.br\/artigos\/pib-produto-interno-bruto\/\">Produto Interno Bruto (<strong>PIB<\/strong>)<\/a> da <strong>zona do euro<\/strong> cresceu 12,7% no terceiro trimestre, em compara\u00e7\u00e3o aos tr\u00eas meses anteriores. As informa\u00e7\u00f5es foram divulgadas nesta sexta-feira.<\/p>\n<p>Al\u00e9m disso, o Eurostat, escrit\u00f3rio de estat\u00edsticas do bloco europeu, divulgou dados de desemprego, que ficou em 8,5% na zona do euro e em 7,5% na <a href=\"https:\/\/www.suno.com.br\/artigos\/uniao-europeia\/\">Uni\u00e3o Europeia (UE)<\/a> em setembro. No mesmo per\u00edodo de 2019, de acordo com os n\u00fameros divulgados, as taxas eram de 7,5% e de 6,6%, respectivamente.<\/p>\n<p>No front interno, o ministro da Economia, <strong>Paulo Guedes<\/strong>, disse que a Federa\u00e7\u00e3o Brasileira de Bancos (<strong>Febraban<\/strong>) estaria financiando estudos para que \u201cministro gastador\u201d pudesse enfraquec\u00ea-lo. &#8220;A Febraban \u00e9 uma casa de lobby muito honrada, o lobby \u00e9 muito justo. Mas tem que estar escrito na testa, &#8216;lobby banc\u00e1rio&#8217;, que \u00e9 para todo mundo entender do que se trata&#8221;, afirmou o ministro.<\/p>\n<p>Em resposta, a federa\u00e7\u00e3o declarou, em nota, que sempre se posicionou pela necessidade de sustentabilidade fiscal como pressuposto da retomada econ\u00f4mica. A entidade tamb\u00e9m disse que sempre foi a favor da manuten\u00e7\u00e3o do teto de gastos.<\/p>\n\n\t<div data-element=\"shortcode-read-more\" class=\"readToo\">\n\t\t\t\t<span class=\"readToo__title\">Saiba mais<\/span>\n\t\t\t\t<ul class=\"readToo__list\">\n\t\t\t<li><a href=\"https:\/\/www.suno.com.br\/noticias\/commodities-ouro-minerio-de-ferro-petroleo-30102020\/\">Min\u00e9rio de ferro sobe 2,12% e fecha na alta da semana<\/a><\/li><li><a href=\"https:\/\/www.suno.com.br\/noticias\/bolsas-mundiais-ny-europa-asia-30102020\/\">Bolsas mundiais operam inst\u00e1veis, de olho nas elei\u00e7\u00f5es e PIB da zona do euro<\/a><\/li>\t\t<\/ul>\n\t<\/div>\n\n\n<p>Por volta das 9h25, os contratos de <strong>juros futuros<\/strong> baseados no <a href=\"https:\/\/www.suno.com.br\/artigos\/taxa-di\/\">Dep\u00f3sito Interfinanceiro (DI)<\/a> negociados na <strong>B3<\/strong> para janeiro de 2022 apresentavam uma queda de 0,57%, a 3,46%. Os pap\u00e9is para janeiro de 2023 caem 0,40%, para 5,02%; para janeiro de 2025 recuam 0,29%, para 6,76%; para janeiro de 2027, operam com baixa de 0,40%, para 7,53%.<\/p>\n<p>Por volta do mesmo hor\u00e1rio, o <strong>d\u00f3lar<\/strong> norte-americano era negociado na venda a R$ 5,77, com uma leve alta de 0,09%, no maior patamar dos \u00faltimos meses.<\/p>\n<p>O <strong>Ibovespa futuro<\/strong> \u00e9 um contrato derivativo do mercado financeiro negociado sobre a expectativa do valor, em pontos, que o mercado \u00e0 vista ter\u00e1 em uma data posterior. Al\u00e9m de indicar o poss\u00edvel destino do \u00edndice quando o sino de abertura do mercado tocar, os negociadores podem comprar ou vender esse contrato em determinada pontua\u00e7\u00e3o para o \u00edndice em uma data futura.<\/p>\n\t<p>\n\t\t<a href=\"https:\/\/lp.suno.com.br\/planilha-de-controle-de-investimentos\/\" target=\"_blank\" data-element=\"shortcode-suno-banner\" title=\"Banner SUNO, clique e saiba mais\">\n\t\t\t<picture>\n\t\t\t\t<source media=\"(max-width: 500px)\" srcset=\"https:\/\/files.sunoresearch.com.br\/n\/uploads\/2023\/03\/400x300-Controle-de-Investimentos.png\">\n\t\t\t\t<img class=\"newsContent__article__imgCapa newsContent__article__imgCapa--banner\"\n\t\t\t\t\tsrc=\"https:\/\/files.sunoresearch.com.br\/n\/uploads\/2023\/03\/1420x240-Controle-de-Investimentos.png\"\n\t\t\t\t\tdata-promo-id=\"75934\"\t\t\t\t\t\t\t\t\t\twidth='1420' height='240'\t\t\t\t\talt=\"https:\/\/files.sunoresearch.com.br\/n\/uploads\/2023\/03\/1420x240-Controle-de-Investimentos.png\"\n\t\t\t\t>\n\t\t\t<\/picture>\n\t\t<\/a>\n\t<\/p>\n\n\n","protected":false},"excerpt":{"rendered":"<p>O Ibovespa futuro abriu em queda nesta sexta-feira (30), pressionado por uma tend\u00eancia de baixa dos mercados internacionais nesta semana. Por volta das 9h20, o contrato futuro do maior \u00edndice acion\u00e1rio da Bolsa de Valores de S\u00e3o Paulo (B3) apresentava uma baixa de 0,34%. Bolsas no exterior fecham a semana em alta com esperan\u00e7as sobre [&hellip;]<\/p>\n","protected":false},"author":24,"featured_media":82567,"comment_status":"closed","ping_status":"closed","sticky":false,"template":"","format":"standard","meta":[],"categories":[60],"tags":[2487,697,793,104690,796,807,991],"suno_strategy":[],"class_list":["post-96266","post","type-post","status-publish","format-standard","has-post-thumbnail","hentry","category-mercado","tag-coronavirus","tag-eleicoes","tag-estados-unidos-eua","tag-ibovespa-futuro","tag-paulo-guedes","tag-produto-interno-bruto-pib","tag-zona-do-euro"],"yoast_head":"<!-- This site is optimized with the Yoast SEO plugin v24.4 - https:\/\/yoast.com\/wordpress\/plugins\/seo\/ -->\n<title>Ibovespa futuro abre em leve baixa, puxado pelo exterior<\/title>\n<meta name=\"description\" content=\"O Ibovespa futuro abriu em queda nesta sexta-feira (30), pressionado por uma tend\u00eancia de baixa dos mercados internacionais. Saiba mais.\" \/>\n<meta name=\"robots\" content=\"index, follow, max-snippet:-1, max-image-preview:large, max-video-preview:-1\" \/>\n<link rel=\"canonical\" href=\"https:\/\/www.suno.com.br\/noticias\/ibovespa-futuro-eua-eleicoes-pib-zona-do-euro-30102020\/\" \/>\n<meta property=\"og:locale\" content=\"pt_BR\" \/>\n<meta property=\"og:type\" content=\"article\" \/>\n<meta property=\"og:title\" content=\"Ibovespa futuro abre em leve baixa, puxado pelo exterior\" \/>\n<meta property=\"og:description\" content=\"O Ibovespa futuro abriu em queda nesta sexta-feira (30), pressionado por uma tend\u00eancia de baixa dos mercados internacionais. Saiba mais.\" \/>\n<meta property=\"og:url\" content=\"https:\/\/www.suno.com.br\/noticias\/ibovespa-futuro-eua-eleicoes-pib-zona-do-euro-30102020\/\" \/>\n<meta property=\"og:site_name\" content=\"Suno Not\u00edcias\" \/>\n<meta property=\"article:publisher\" content=\"https:\/\/facebook.com\/sunoresearch\" \/>\n<meta property=\"og:image\" content=\"https:\/\/files.sunoresearch.com.br\/n\/uploads\/2020\/09\/4fcccedb-mercado-picjumbo.jpg\" \/>\n\t<meta property=\"og:image:width\" content=\"2210\" \/>\n\t<meta property=\"og:image:height\" content=\"1473\" \/>\n\t<meta property=\"og:image:type\" content=\"image\/jpeg\" \/>\n<meta name=\"author\" content=\"Jader Lazarini\" \/>\n<meta name=\"twitter:card\" content=\"summary_large_image\" \/>\n<meta name=\"twitter:creator\" content=\"@sunoresearch\" \/>\n<meta name=\"twitter:site\" content=\"@sunoresearch\" \/>\n<meta name=\"twitter:label1\" content=\"Escrito por\" \/>\n\t<meta name=\"twitter:data1\" content=\"Jader Lazarini\" \/>\n\t<meta name=\"twitter:label2\" content=\"Est. tempo de leitura\" \/>\n\t<meta name=\"twitter:data2\" content=\"3 minutos\" \/>\n<script type=\"application\/ld+json\" class=\"yoast-schema-graph\">{\"@context\":\"https:\/\/schema.org\",\"@graph\":[{\"@type\":\"NewsArticle\",\"@id\":\"https:\/\/www.suno.com.br\/noticias\/ibovespa-futuro-eua-eleicoes-pib-zona-do-euro-30102020\/#article\",\"isPartOf\":{\"@id\":\"https:\/\/www.suno.com.br\/noticias\/ibovespa-futuro-eua-eleicoes-pib-zona-do-euro-30102020\/\"},\"author\":{\"name\":\"Jader Lazarini\",\"@id\":\"https:\/\/www.suno.com.br\/noticias\/#\/schema\/person\/918d79de1f0281f01599b93f9ea6e23f\"},\"headline\":\"Ibovespa futuro abre em leve baixa, puxado pelo exterior\",\"datePublished\":\"2020-10-30T12:31:09+00:00\",\"dateModified\":\"2021-06-14T02:30:35+00:00\",\"mainEntityOfPage\":{\"@id\":\"https:\/\/www.suno.com.br\/noticias\/ibovespa-futuro-eua-eleicoes-pib-zona-do-euro-30102020\/\"},\"wordCount\":632,\"publisher\":{\"@id\":\"https:\/\/www.suno.com.br\/noticias\/#organization\"},\"image\":{\"@id\":\"https:\/\/www.suno.com.br\/noticias\/ibovespa-futuro-eua-eleicoes-pib-zona-do-euro-30102020\/#primaryimage\"},\"thumbnailUrl\":\"https:\/\/files.sunoresearch.com.br\/n\/uploads\/2020\/09\/4fcccedb-mercado-picjumbo-jpg.webp\",\"keywords\":[\"coronav\u00edrus\",\"Elei\u00e7\u00f5es\",\"Estados Unidos (EUA)\",\"Ibovespa futuro\",\"Paulo Guedes\",\"Produto Interno Bruto (PIB)\",\"zona do euro\"],\"articleSection\":[\"Mercado\"],\"inLanguage\":\"pt-BR\"},{\"@type\":\"WebPage\",\"@id\":\"https:\/\/www.suno.com.br\/noticias\/ibovespa-futuro-eua-eleicoes-pib-zona-do-euro-30102020\/\",\"url\":\"https:\/\/www.suno.com.br\/noticias\/ibovespa-futuro-eua-eleicoes-pib-zona-do-euro-30102020\/\",\"name\":\"Ibovespa futuro abre em leve baixa, puxado pelo exterior\",\"isPartOf\":{\"@id\":\"https:\/\/www.suno.com.br\/noticias\/#website\"},\"primaryImageOfPage\":{\"@id\":\"https:\/\/www.suno.com.br\/noticias\/ibovespa-futuro-eua-eleicoes-pib-zona-do-euro-30102020\/#primaryimage\"},\"image\":{\"@id\":\"https:\/\/www.suno.com.br\/noticias\/ibovespa-futuro-eua-eleicoes-pib-zona-do-euro-30102020\/#primaryimage\"},\"thumbnailUrl\":\"https:\/\/files.sunoresearch.com.br\/n\/uploads\/2020\/09\/4fcccedb-mercado-picjumbo-jpg.webp\",\"datePublished\":\"2020-10-30T12:31:09+00:00\",\"dateModified\":\"2021-06-14T02:30:35+00:00\",\"description\":\"O Ibovespa futuro abriu em queda nesta sexta-feira (30), pressionado por uma tend\u00eancia de baixa dos mercados internacionais. Saiba mais.\",\"breadcrumb\":{\"@id\":\"https:\/\/www.suno.com.br\/noticias\/ibovespa-futuro-eua-eleicoes-pib-zona-do-euro-30102020\/#breadcrumb\"},\"inLanguage\":\"pt-BR\",\"potentialAction\":[{\"@type\":\"ReadAction\",\"target\":[\"https:\/\/www.suno.com.br\/noticias\/ibovespa-futuro-eua-eleicoes-pib-zona-do-euro-30102020\/\"]}]},{\"@type\":\"ImageObject\",\"inLanguage\":\"pt-BR\",\"@id\":\"https:\/\/www.suno.com.br\/noticias\/ibovespa-futuro-eua-eleicoes-pib-zona-do-euro-30102020\/#primaryimage\",\"url\":\"https:\/\/files.sunoresearch.com.br\/n\/uploads\/2020\/09\/4fcccedb-mercado-picjumbo-jpg.webp\",\"contentUrl\":\"https:\/\/files.sunoresearch.com.br\/n\/uploads\/2020\/09\/4fcccedb-mercado-picjumbo-jpg.webp\",\"width\":2210,\"height\":1473,\"caption\":\"Ibovespa. Foto: Pixabay\"},{\"@type\":\"BreadcrumbList\",\"@id\":\"https:\/\/www.suno.com.br\/noticias\/ibovespa-futuro-eua-eleicoes-pib-zona-do-euro-30102020\/#breadcrumb\",\"itemListElement\":[{\"@type\":\"ListItem\",\"position\":1,\"name\":\"Not\u00edcias\",\"item\":\"https:\/\/www.suno.com.br\/noticias\/\"},{\"@type\":\"ListItem\",\"position\":2,\"name\":\"Mercado\",\"item\":\"https:\/\/www.suno.com.br\/noticias\/mercado\/\"},{\"@type\":\"ListItem\",\"position\":3,\"name\":\"Ibovespa futuro abre em leve baixa, puxado pelo exterior\"}]},{\"@type\":\"WebSite\",\"@id\":\"https:\/\/www.suno.com.br\/noticias\/#website\",\"url\":\"https:\/\/www.suno.com.br\/noticias\/\",\"name\":\"Suno Not\u00edcias\",\"description\":\"Seu portal de informa\u00e7\u00e3o sobre o mundo dos investimentos\",\"publisher\":{\"@id\":\"https:\/\/www.suno.com.br\/noticias\/#organization\"},\"potentialAction\":[{\"@type\":\"SearchAction\",\"target\":{\"@type\":\"EntryPoint\",\"urlTemplate\":\"https:\/\/www.suno.com.br\/noticias\/?s={search_term_string}\"},\"query-input\":{\"@type\":\"PropertyValueSpecification\",\"valueRequired\":true,\"valueName\":\"search_term_string\"}}],\"inLanguage\":\"pt-BR\"},{\"@type\":\"Organization\",\"@id\":\"https:\/\/www.suno.com.br\/noticias\/#organization\",\"name\":\"Suno Not\u00edcias\",\"url\":\"https:\/\/www.suno.com.br\/noticias\/\",\"logo\":{\"@type\":\"ImageObject\",\"inLanguage\":\"pt-BR\",\"@id\":\"https:\/\/www.suno.com.br\/noticias\/#\/schema\/logo\/image\/\",\"url\":\"https:\/\/files.sunoresearch.com.br\/n\/uploads\/2021\/09\/suno-logo.png\",\"contentUrl\":\"https:\/\/files.sunoresearch.com.br\/n\/uploads\/2021\/09\/suno-logo.png\",\"width\":180,\"height\":180,\"caption\":\"Suno Not\u00edcias\"},\"image\":{\"@id\":\"https:\/\/www.suno.com.br\/noticias\/#\/schema\/logo\/image\/\"},\"sameAs\":[\"https:\/\/facebook.com\/sunoresearch\",\"https:\/\/x.com\/sunoresearch\",\"https:\/\/www.instagram.com\/suno\",\"https:\/\/www.linkedin.com\/company\/suno-research\/\",\"https:\/\/www.youtube.com\/c\/sunoresearch\"]},{\"@type\":\"Person\",\"@id\":\"https:\/\/www.suno.com.br\/noticias\/#\/schema\/person\/918d79de1f0281f01599b93f9ea6e23f\",\"name\":\"Jader Lazarini\",\"image\":{\"@type\":\"ImageObject\",\"inLanguage\":\"pt-BR\",\"@id\":\"https:\/\/www.suno.com.br\/noticias\/#\/schema\/person\/image\/\",\"url\":\"https:\/\/secure.gravatar.com\/avatar\/3c1ad8caa51589841baeb923fcddea97?s=96&r=g\",\"contentUrl\":\"https:\/\/secure.gravatar.com\/avatar\/3c1ad8caa51589841baeb923fcddea97?s=96&r=g\",\"caption\":\"Jader Lazarini\"},\"description\":\"Jader Lazarini escreve sobre investimentos, finan\u00e7as, economia e neg\u00f3cios. \u00c9 bacharel em Rela\u00e7\u00f5es Internacionais e analista CNPI (2619).\",\"url\":\"https:\/\/www.suno.com.br\/noticias\/author\/jader-lazarini\/\"}]}<\/script>\n<!-- \/ Yoast SEO plugin. -->","yoast_head_json":{"title":"Ibovespa futuro abre em leve baixa, puxado pelo exterior","description":"O Ibovespa futuro abriu em queda nesta sexta-feira (30), pressionado por uma tend\u00eancia de baixa dos mercados internacionais. Saiba mais.","robots":{"index":"index","follow":"follow","max-snippet":"max-snippet:-1","max-image-preview":"max-image-preview:large","max-video-preview":"max-video-preview:-1"},"canonical":"https:\/\/www.suno.com.br\/noticias\/ibovespa-futuro-eua-eleicoes-pib-zona-do-euro-30102020\/","og_locale":"pt_BR","og_type":"article","og_title":"Ibovespa futuro abre em leve baixa, puxado pelo exterior","og_description":"O Ibovespa futuro abriu em queda nesta sexta-feira (30), pressionado por uma tend\u00eancia de baixa dos mercados internacionais. Saiba mais.","og_url":"https:\/\/www.suno.com.br\/noticias\/ibovespa-futuro-eua-eleicoes-pib-zona-do-euro-30102020\/","og_site_name":"Suno Not\u00edcias","article_publisher":"https:\/\/facebook.com\/sunoresearch","og_image":[{"width":2210,"height":1473,"url":"https:\/\/files.sunoresearch.com.br\/n\/uploads\/2020\/09\/4fcccedb-mercado-picjumbo.jpg","type":"image\/jpeg"}],"author":"Jader Lazarini","twitter_card":"summary_large_image","twitter_creator":"@sunoresearch","twitter_site":"@sunoresearch","twitter_misc":{"Escrito por":"Jader Lazarini","Est. tempo de leitura":"3 minutos"},"schema":{"@context":"https:\/\/schema.org","@graph":[{"@type":"NewsArticle","@id":"https:\/\/www.suno.com.br\/noticias\/ibovespa-futuro-eua-eleicoes-pib-zona-do-euro-30102020\/#article","isPartOf":{"@id":"https:\/\/www.suno.com.br\/noticias\/ibovespa-futuro-eua-eleicoes-pib-zona-do-euro-30102020\/"},"author":{"name":"Jader Lazarini","@id":"https:\/\/www.suno.com.br\/noticias\/#\/schema\/person\/918d79de1f0281f01599b93f9ea6e23f"},"headline":"Ibovespa futuro abre em leve baixa, puxado pelo exterior","datePublished":"2020-10-30T12:31:09+00:00","dateModified":"2021-06-14T02:30:35+00:00","mainEntityOfPage":{"@id":"https:\/\/www.suno.com.br\/noticias\/ibovespa-futuro-eua-eleicoes-pib-zona-do-euro-30102020\/"},"wordCount":632,"publisher":{"@id":"https:\/\/www.suno.com.br\/noticias\/#organization"},"image":{"@id":"https:\/\/www.suno.com.br\/noticias\/ibovespa-futuro-eua-eleicoes-pib-zona-do-euro-30102020\/#primaryimage"},"thumbnailUrl":"https:\/\/files.sunoresearch.com.br\/n\/uploads\/2020\/09\/4fcccedb-mercado-picjumbo-jpg.webp","keywords":["coronav\u00edrus","Elei\u00e7\u00f5es","Estados Unidos (EUA)","Ibovespa futuro","Paulo Guedes","Produto Interno Bruto (PIB)","zona do euro"],"articleSection":["Mercado"],"inLanguage":"pt-BR"},{"@type":"WebPage","@id":"https:\/\/www.suno.com.br\/noticias\/ibovespa-futuro-eua-eleicoes-pib-zona-do-euro-30102020\/","url":"https:\/\/www.suno.com.br\/noticias\/ibovespa-futuro-eua-eleicoes-pib-zona-do-euro-30102020\/","name":"Ibovespa futuro abre em leve baixa, puxado pelo exterior","isPartOf":{"@id":"https:\/\/www.suno.com.br\/noticias\/#website"},"primaryImageOfPage":{"@id":"https:\/\/www.suno.com.br\/noticias\/ibovespa-futuro-eua-eleicoes-pib-zona-do-euro-30102020\/#primaryimage"},"image":{"@id":"https:\/\/www.suno.com.br\/noticias\/ibovespa-futuro-eua-eleicoes-pib-zona-do-euro-30102020\/#primaryimage"},"thumbnailUrl":"https:\/\/files.sunoresearch.com.br\/n\/uploads\/2020\/09\/4fcccedb-mercado-picjumbo-jpg.webp","datePublished":"2020-10-30T12:31:09+00:00","dateModified":"2021-06-14T02:30:35+00:00","description":"O Ibovespa futuro abriu em queda nesta sexta-feira (30), pressionado por uma tend\u00eancia de baixa dos mercados internacionais. Saiba mais.","breadcrumb":{"@id":"https:\/\/www.suno.com.br\/noticias\/ibovespa-futuro-eua-eleicoes-pib-zona-do-euro-30102020\/#breadcrumb"},"inLanguage":"pt-BR","potentialAction":[{"@type":"ReadAction","target":["https:\/\/www.suno.com.br\/noticias\/ibovespa-futuro-eua-eleicoes-pib-zona-do-euro-30102020\/"]}]},{"@type":"ImageObject","inLanguage":"pt-BR","@id":"https:\/\/www.suno.com.br\/noticias\/ibovespa-futuro-eua-eleicoes-pib-zona-do-euro-30102020\/#primaryimage","url":"https:\/\/files.sunoresearch.com.br\/n\/uploads\/2020\/09\/4fcccedb-mercado-picjumbo-jpg.webp","contentUrl":"https:\/\/files.sunoresearch.com.br\/n\/uploads\/2020\/09\/4fcccedb-mercado-picjumbo-jpg.webp","width":2210,"height":1473,"caption":"Ibovespa. Foto: Pixabay"},{"@type":"BreadcrumbList","@id":"https:\/\/www.suno.com.br\/noticias\/ibovespa-futuro-eua-eleicoes-pib-zona-do-euro-30102020\/#breadcrumb","itemListElement":[{"@type":"ListItem","position":1,"name":"Not\u00edcias","item":"https:\/\/www.suno.com.br\/noticias\/"},{"@type":"ListItem","position":2,"name":"Mercado","item":"https:\/\/www.suno.com.br\/noticias\/mercado\/"},{"@type":"ListItem","position":3,"name":"Ibovespa futuro abre em leve baixa, puxado pelo exterior"}]},{"@type":"WebSite","@id":"https:\/\/www.suno.com.br\/noticias\/#website","url":"https:\/\/www.suno.com.br\/noticias\/","name":"Suno Not\u00edcias","description":"Seu portal de informa\u00e7\u00e3o sobre o mundo dos investimentos","publisher":{"@id":"https:\/\/www.suno.com.br\/noticias\/#organization"},"potentialAction":[{"@type":"SearchAction","target":{"@type":"EntryPoint","urlTemplate":"https:\/\/www.suno.com.br\/noticias\/?s={search_term_string}"},"query-input":{"@type":"PropertyValueSpecification","valueRequired":true,"valueName":"search_term_string"}}],"inLanguage":"pt-BR"},{"@type":"Organization","@id":"https:\/\/www.suno.com.br\/noticias\/#organization","name":"Suno Not\u00edcias","url":"https:\/\/www.suno.com.br\/noticias\/","logo":{"@type":"ImageObject","inLanguage":"pt-BR","@id":"https:\/\/www.suno.com.br\/noticias\/#\/schema\/logo\/image\/","url":"https:\/\/files.sunoresearch.com.br\/n\/uploads\/2021\/09\/suno-logo.png","contentUrl":"https:\/\/files.sunoresearch.com.br\/n\/uploads\/2021\/09\/suno-logo.png","width":180,"height":180,"caption":"Suno Not\u00edcias"},"image":{"@id":"https:\/\/www.suno.com.br\/noticias\/#\/schema\/logo\/image\/"},"sameAs":["https:\/\/facebook.com\/sunoresearch","https:\/\/x.com\/sunoresearch","https:\/\/www.instagram.com\/suno","https:\/\/www.linkedin.com\/company\/suno-research\/","https:\/\/www.youtube.com\/c\/sunoresearch"]},{"@type":"Person","@id":"https:\/\/www.suno.com.br\/noticias\/#\/schema\/person\/918d79de1f0281f01599b93f9ea6e23f","name":"Jader Lazarini","image":{"@type":"ImageObject","inLanguage":"pt-BR","@id":"https:\/\/www.suno.com.br\/noticias\/#\/schema\/person\/image\/","url":"https:\/\/secure.gravatar.com\/avatar\/3c1ad8caa51589841baeb923fcddea97?s=96&r=g","contentUrl":"https:\/\/secure.gravatar.com\/avatar\/3c1ad8caa51589841baeb923fcddea97?s=96&r=g","caption":"Jader Lazarini"},"description":"Jader Lazarini escreve sobre investimentos, finan\u00e7as, economia e neg\u00f3cios. \u00c9 bacharel em Rela\u00e7\u00f5es Internacionais e analista CNPI (2619).","url":"https:\/\/www.suno.com.br\/noticias\/author\/jader-lazarini\/"}]}},"default_loop_html":"<div class=\"cardsPage__listCard__boxs\"><div class=\"cardsPage__listCard__boxs__img\"><a href=\"https:\/\/www.suno.com.br\/noticias\/bolsas-mundiais-ny-europa-asia-30102020\/\"><img class=\"mask\" src=\"https:\/\/www.suno.com.br\/noticias\/wp-content\/themes\/suno\/resources\/images\/spotlight\/spotlight1img\/bg-mask.png\" alt=\"Image Mask\"\/><img src=\"https:\/\/files.sunoresearch.com.br\/n\/uploads\/2020\/09\/fe3dd347-ibovespa-300x300-1-jpg.webp\" alt=\"Bolsas mundiais operam inst\u00e1veis, de olho nas elei\u00e7\u00f5es e PIB da zona do euro\"\/><\/a><span class=\"spotlightCategory\"><a href=\"https:\/\/www.suno.com.br\/noticias\/mercado\/\">Mercado<\/a><\/span><\/div><div class=\"cardsPage__listCard__boxs__content\"><a href=\"https:\/\/www.suno.com.br\/noticias\/bolsas-mundiais-ny-europa-asia-30102020\/\"><h2 class=\"content__title\">Bolsas mundiais operam inst\u00e1veis, de olho nas elei\u00e7\u00f5es e PIB da zona do euro<\/h2><\/a><div class=\"newsContent__article__meta\"><div class=\"newsContent__article__meta__authorBox\"><a href=\"https:\/\/www.suno.com.br\/noticias\/author\/jader-lazarini\/\" class=\"authorBox__avatar noMobi\"><img src=\"https:\/\/files.sunoresearch.com.br\/n\/uploads\/2021\/01\/178e6598-foto-perfil-2-150x150.jpg\" alt=\"Jader Lazarini\"><\/a><div class=\"authorBox__name\"><span>por\n\t\t\t<a href=\"https:\/\/www.suno.com.br\/noticias\/author\/jader-lazarini\/\"><span itemprop=\"author\">Jader Lazarini<\/span><\/a><\/span><time datetime=\"2020-10-30T08:23:49-03:00\" itemprop=\"datePublished\">30\/10\/2020 08:23<\/time><\/div><\/div><\/div><\/div><\/div>","single_layout":"posts","amp_enabled":true,"_links":{"self":[{"href":"https:\/\/www.suno.com.br\/noticias\/wp-json\/wp\/v2\/posts\/96266"}],"collection":[{"href":"https:\/\/www.suno.com.br\/noticias\/wp-json\/wp\/v2\/posts"}],"about":[{"href":"https:\/\/www.suno.com.br\/noticias\/wp-json\/wp\/v2\/types\/post"}],"author":[{"embeddable":true,"href":"https:\/\/www.suno.com.br\/noticias\/wp-json\/wp\/v2\/users\/24"}],"replies":[{"embeddable":true,"href":"https:\/\/www.suno.com.br\/noticias\/wp-json\/wp\/v2\/comments?post=96266"}],"version-history":[{"count":1,"href":"https:\/\/www.suno.com.br\/noticias\/wp-json\/wp\/v2\/posts\/96266\/revisions"}],"predecessor-version":[{"id":156827,"href":"https:\/\/www.suno.com.br\/noticias\/wp-json\/wp\/v2\/posts\/96266\/revisions\/156827"}],"wp:featuredmedia":[{"embeddable":true,"href":"https:\/\/www.suno.com.br\/noticias\/wp-json\/wp\/v2\/media\/82567"}],"wp:attachment":[{"href":"https:\/\/www.suno.com.br\/noticias\/wp-json\/wp\/v2\/media?parent=96266"}],"wp:term":[{"taxonomy":"category","embeddable":true,"href":"https:\/\/www.suno.com.br\/noticias\/wp-json\/wp\/v2\/categories?post=96266"},{"taxonomy":"post_tag","embeddable":true,"href":"https:\/\/www.suno.com.br\/noticias\/wp-json\/wp\/v2\/tags?post=96266"},{"taxonomy":"suno_strategy","embeddable":true,"href":"https:\/\/www.suno.com.br\/noticias\/wp-json\/wp\/v2\/suno_strategy?post=96266"}],"curies":[{"name":"wp","href":"https:\/\/api.w.org\/{rel}","templated":true}]}}