{"id":96248,"date":"2020-10-30T09:26:31","date_gmt":"2020-10-30T12:26:31","guid":{"rendered":"https:\/\/www.suno.com.br\/noticias\/?p=96248"},"modified":"2021-05-30T16:40:03","modified_gmt":"2021-05-30T19:40:03","slug":"destaques-de-empresas-acordo-entre-ser-e-laureate-balanco-da-suzano","status":"publish","type":"post","link":"https:\/\/www.suno.com.br\/noticias\/destaques-de-empresas-acordo-entre-ser-e-laureate-balanco-da-suzano\/","title":{"rendered":"Destaques de Empresas: Acordo entre Ser e \u00c2nima; balan\u00e7o da Suzano"},"content":{"rendered":"<p>Nos <strong>destaques de empresas\u00a0<\/strong>desta sexta-feira est\u00e3o os balan\u00e7os trimestrais divulgados ontem \u00e0 noite pela Suzano, Lojas Americanas, Arezzo, B2W, Fleury, Totvs, CTEEP e Pague Menos. Al\u00e9m disso, a Ser Educacional e a Laureate divulgaram h\u00e1 pouco que chegaram a um acordo e extinguiram os processos judiciais e arbitrais que estavam em curso.<\/p>\t<div class=\"wrapper-featured-image\">\n\t\t<figure class=\"spotlightImg\">\n\n\t\t\t<picture>\n\t\t\t\t<source media=\"(max-width: 768px)\" srcset=\"https:\/\/files.sunoresearch.com.br\/n\/uploads\/2020\/05\/cabcce37-ser-educacional-400x200.webp\">\n\t\t\t\t<img loading=\"lazy\" decoding=\"async\" class=\"newsContent__article__imgCapa lazyloadDisabled \" src=\"https:\/\/files.sunoresearch.com.br\/n\/uploads\/2020\/05\/cabcce37-ser-educacional-jpg.webp\" width=\"800\" height=\"450\" alt=\"Destaques de Empresas: Acordo entre Ser e \u00c2nima; balan\u00e7o da Suzano\" fetchpriority=high \/>\n\t\t\t<\/picture>\n\n\t\t\t<figcaption class=\"wp-caption-text wp-caption-text--show\">Ser Educacional (foto: divulga\u00e7\u00e3o)<\/figcaption>\n\t\t<\/figure>\n\t<\/div>\n\n\n<div class=\"hubspot-form-wrapper\">\n\t<div id=\"single-form-target\"><\/div>\n<\/div>\n\n<p>Confira os destaques de empresas:<\/p>\n<h2>Ser Educacional e \u00c2nima<\/h2>\n<p>A <strong>Ser Educacional<\/strong> (<a href=\"https:\/\/www.suno.com.br\/acoes\/seer3\/\" target=\"_blank\" rel=\"noopener noreferrer\">SEER3<\/a>) e a \u00c2nima chegaram a um <strong>acordo<\/strong> para encerrar os processos judiciais e arbitrais nos quais estavam envolvidas. Al\u00e9m disso, ambas reconheceram o direito de a Ser receber R$ 180 milh\u00f5es.<\/p>\n<p>De acordo com comunicado divulgado h\u00e1 pouco, a Ser poder\u00e1 receber o <strong>pagamento<\/strong> em dinheiro ou por meio da transfer\u00eancia de 100% das a\u00e7\u00f5es da Sociedade Paraibana de Educa\u00e7\u00e3o e Cultura (Aspec) e da Sociedade Capibaribe de Educa\u00e7\u00e3o e Cultura (Socec), mantenedora da Faculdade Internacional da Para\u00edba (FRB) e do Centro Universit\u00e1rio dos Guararapes (UNIFG). O prazo para estas opera\u00e7\u00f5es \u00e9 4 de novembro, inclusive.<\/p>\n<p>Al\u00e9m disso, a Ser tem o <strong>direito<\/strong> de comprar 100% do capital social da Sociedade de Educa\u00e7\u00e3o Ritter dos Reis, &#8211; mantenedora do Centro Universit\u00e1rio Ritter dos Reis -, da Faculdade de Desenvolvimento do Rio Grande do Sul (Fadergs) e do Instituto Brasileiro de\u00a0Medicina de Reabilita\u00e7\u00e3o. Segundo a empresa, o prazo \u00e9 de 60 dias contados a partir de ontem (29), prorrog\u00e1veis por at\u00e9 15 dias.<\/p>\n<p><a href=\"https:\/\/lp.suno.com.br\/suno-one\/\">Suno One: acesse gratuitamente eBooks, Minicursos, Artigos e Video Aulas sobre investimentos com um \u00fanico cadastro. Clique para saber mais!<\/a><\/p>\n<h2>Lojas Americanas<\/h2>\n<p>A <a href=\"https:\/\/www.suno.com.br\/acoes\/lame4\/\"><strong>Lojas Americanas (LAME4)<\/strong><\/a> apresentou lucro l\u00edquido consolidado de R$ 49,9 milh\u00f5es no terceiro trimestre deste ano. O valor representa uma alta de 3,5% em rela\u00e7\u00e3o ao mesmo per\u00edodo de 2019. Em 9 meses, a rede de varejo acumula preju\u00edzo de 6,4 milh\u00f5es, ante lucro de R$ 107,4 milh\u00f5es no ano passado.<\/p>\n<p>O <a href=\"https:\/\/www.suno.com.br\/artigos\/ebitda\/\">Ebitda (lucro antes de juros, impostos, deprecia\u00e7\u00e3o e amortiza\u00e7\u00e3o)<\/a> da controladora entre julho e setembro ficou em R$ 504 milh\u00f5es, queda de 5,3% na compara\u00e7\u00e3o anual. Levando-se em conta o resultado consolidado, o indicador somou R$ 714,9 milh\u00f5es, recuo de 7,1%.<\/p>\n<h2>CTEEP<\/h2>\n<p>A <a href=\"https:\/\/www.suno.com.br\/acoes\/trpl4\/\"><strong>CTEEP (TRPL4)<\/strong><\/a> registrou um <a href=\"https:\/\/www.suno.com.br\/artigos\/lucro-liquido\/\"><strong>lucro l\u00edquido<\/strong><\/a> de R$ 400,6 milh\u00f5es, diminui\u00e7\u00e3o de 2,4% na compara\u00e7\u00e3o com o mesmo per\u00edodo de 2019, quando tinha sido de R$ 410,3 milh\u00f5es.<\/p>\n<p>A CTEEP teve uma <a href=\"https:\/\/www.suno.com.br\/artigos\/o-que-receita-liquida\/\"><strong>receita l\u00edquida<\/strong><\/a> de R$ 821,3 milh\u00f5es entre julho e setembro deste ano. O n\u00famero representa um aumento de 24,7% em compara\u00e7\u00e3o com o mesmo per\u00edodo do ano passado, quando tinha sido de R$ 658,5 milh\u00f5es.<\/p>\n<h2>B2W<\/h2>\n<p>A <a href=\"https:\/\/www.suno.com.br\/acoes\/btow3\/\"><strong>B2W<\/strong> (BTOW3)<\/a> informou, tamb\u00e9m na \u00faltima quinta, que teve um <a href=\"https:\/\/www.suno.com.br\/artigos\/lucro-liquido\/\">preju\u00edzo<\/a> de R$ 36,8 milh\u00f5es no terceiro trimestre deste ano. No mesmo per\u00edodo do ano passado, a empresa teve um preju\u00edzo de R$ 102,5 milh\u00f5es reportado no mesmo per\u00edodo em 2019. Nesse sentido, houve uma melhora de 64,1% no indicador.<\/p>\n<p>J\u00e1 a<a href=\"https:\/\/www.suno.com.br\/artigos\/o-que-receita-liquida\/\"> receita l\u00edquida<\/a> da B2W ficou em R$ 2,664 bilh\u00f5es no terceiro trimestre deste ano, apresentando uma alta de 58,5%, ante o terceiro trimestre de 2019.<\/p>\n\t<div data-element=\"shortcode-read-more\" class=\"knowMore\">\n\t\t\t\t<span class=\"knowMore__title\">Saiba mais<\/span>\n\t\t\t\t<a class=\"knowMore__link\" href=\"https:\/\/www.suno.com.br\/noticias\/b2w-btow3-prejuizo-3t20\/\">\n\t\t\tB2W (BTOW3) registra preju\u00edzo de R$ 36,8 milh\u00f5es no 3T20\t\t<\/a>\n\t<\/div>\n\n\n<h2>Suzano<\/h2>\n<p>A <a href=\"https:\/\/www.suno.com.br\/acoes\/suzb3\/\"><strong>Suzano Papel e Celulose (SUZB3)<\/strong><\/a> reportou preju\u00edzo l\u00edquido de R$ 1,157 bilh\u00e3o no terceiro trimestre de 2020. O valor representa queda de 66,54% na compara\u00e7\u00e3o com o preju\u00edzo l\u00edquido de R$ 3,460 bilh\u00f5es de igual per\u00edodo do ano anterior. Os dados foram divulgados nesta quinta-feira, 29, em balan\u00e7o enviado \u00e0 CVM.<\/p>\n<h2>Totvs<\/h2>\n<p>A <a href=\"https:\/\/www.suno.com.br\/acoes\/tots3\/\"><strong>Totvs<\/strong> (TOTS3)<\/a> reportou um <a href=\"https:\/\/www.suno.com.br\/artigos\/lucro-liquido\/\">lucro l\u00edquido<\/a> de R$ 79,311 milh\u00f5es, ante os R$ 87,471 milh\u00f5es obtidos em igual intervalo do ano passado, o equivale a uma queda de 9,3%.<\/p>\n\t<div data-element=\"shortcode-read-more\" class=\"knowMore\">\n\t\t\t\t<span class=\"knowMore__title\">Saiba mais<\/span>\n\t\t\t\t<a class=\"knowMore__link\" href=\"https:\/\/www.suno.com.br\/noticias\/totvs-tots3-reporta-uma-queda-de-93-no-lucro-liquido-do-3t20\/\">\n\t\t\tTotvs (TOTS3) reporta queda de 9,3% no lucro l\u00edquido do 3T20\t\t<\/a>\n\t<\/div>\n\n\n<h2>Fleury<\/h2>\n<p>A <a href=\"https:\/\/www.suno.com.br\/acoes\/flry3\/\"><strong>Fleury<\/strong> (FLRY3)<\/a> divulgou na \u00faltima quinta-feira (29) seus resultados referentes ao terceiro trimestre deste ano. A companhia registrou um <a href=\"https:\/\/www.suno.com.br\/artigos\/lucro-liquido\/\">lucro l\u00edquido<\/a> de R$ 132,1 milh\u00f5es entre julho e setembro, o que representa uma alta de 45% na compara\u00e7\u00e3o ano a ano.<\/p>\n\t<div data-element=\"shortcode-read-more\" class=\"knowMore\">\n\t\t\t\t<span class=\"knowMore__title\">Saiba mais<\/span>\n\t\t\t\t<a class=\"knowMore__link\" href=\"https:\/\/www.suno.com.br\/noticias\/fleury-flry3-lucro-liquido-3t20\/\">\n\t\t\tFleury (FLRY3) registra lucro l\u00edquido de R$ 132,1 milh\u00f5es no 3T20\t\t<\/a>\n\t<\/div>\n\n\n<p>Os <strong>destaques de empresas<\/strong> do<a href=\"https:\/\/www.suno.com.br\/noticias\/\"> Suno Not\u00edcias<\/a> mostram os principais acontecimentos que prometem movimentar o mercado durante o dia.<\/p>\n<p><em>Com informa\u00e7\u00f5es do Estad\u00e3o Conte\u00fado<\/em><\/p>\n\t<p>\n\t\t<a href=\"https:\/\/lp.suno.com.br\/planilha-de-controle-de-investimentos\/\" target=\"_blank\" data-element=\"shortcode-suno-banner\" title=\"Banner SUNO, clique e saiba mais\">\n\t\t\t<picture>\n\t\t\t\t<source media=\"(max-width: 500px)\" srcset=\"https:\/\/files.sunoresearch.com.br\/n\/uploads\/2023\/03\/400x300-Controle-de-Investimentos.png\">\n\t\t\t\t<img class=\"newsContent__article__imgCapa newsContent__article__imgCapa--banner\"\n\t\t\t\t\tsrc=\"https:\/\/files.sunoresearch.com.br\/n\/uploads\/2023\/03\/1420x240-Controle-de-Investimentos.png\"\n\t\t\t\t\tdata-promo-id=\"75934\"\t\t\t\t\t\t\t\t\t\twidth='1420' height='240'\t\t\t\t\talt=\"https:\/\/files.sunoresearch.com.br\/n\/uploads\/2023\/03\/1420x240-Controle-de-Investimentos.png\"\n\t\t\t\t>\n\t\t\t<\/picture>\n\t\t<\/a>\n\t<\/p>\n\n\n","protected":false},"excerpt":{"rendered":"<p>Nos destaques de empresas\u00a0desta sexta-feira est\u00e3o os balan\u00e7os trimestrais divulgados ontem \u00e0 noite pela Suzano, Lojas Americanas, Arezzo, B2W, Fleury, Totvs, CTEEP e Pague Menos. Al\u00e9m disso, a Ser Educacional e a Laureate divulgaram h\u00e1 pouco que chegaram a um acordo e extinguiram os processos judiciais e arbitrais que estavam em curso. Ser Educacional (foto: [&hellip;]<\/p>\n","protected":false},"author":19,"featured_media":64898,"comment_status":"closed","ping_status":"closed","sticky":false,"template":"","format":"standard","meta":[],"categories":[64],"tags":[1831,1786,104831,479,632,648,665],"suno_strategy":[],"class_list":["post-96248","post","type-post","status-publish","format-standard","has-post-thumbnail","hentry","category-negocios","tag-b2w-digital-btow3","tag-cteep-trpl3-trpl4","tag-destaques-de-empresas","tag-fleury-flry3","tag-ser-educacional-seer3","tag-suzano-suzb3","tag-totvs-tots3"],"yoast_head":"<!-- This site is optimized with the Yoast SEO plugin v24.4 - https:\/\/yoast.com\/wordpress\/plugins\/seo\/ -->\n<title>Destaques de Empresas: Acordo de Ser e Laureate; balan\u00e7o da Suzano<\/title>\n<meta name=\"description\" content=\"Nos destaques de empresas\u00a0desta sexta-feira est\u00e3o os balan\u00e7os divulgados ontem e o acordo entre Ser e Laureate. Clique para saber mais.\" \/>\n<meta name=\"robots\" content=\"index, follow, max-snippet:-1, max-image-preview:large, max-video-preview:-1\" \/>\n<link rel=\"canonical\" href=\"https:\/\/www.suno.com.br\/noticias\/destaques-de-empresas-acordo-entre-ser-e-laureate-balanco-da-suzano\/\" \/>\n<meta property=\"og:locale\" content=\"pt_BR\" \/>\n<meta property=\"og:type\" content=\"article\" \/>\n<meta property=\"og:title\" content=\"Destaques de Empresas: Acordo de Ser e Laureate; balan\u00e7o da Suzano\" \/>\n<meta property=\"og:description\" content=\"Nos destaques de empresas\u00a0desta sexta-feira est\u00e3o os balan\u00e7os divulgados ontem e o acordo entre Ser e Laureate. Clique para saber mais.\" \/>\n<meta property=\"og:url\" content=\"https:\/\/www.suno.com.br\/noticias\/destaques-de-empresas-acordo-entre-ser-e-laureate-balanco-da-suzano\/\" \/>\n<meta property=\"og:site_name\" content=\"Suno Not\u00edcias\" \/>\n<meta property=\"article:publisher\" content=\"https:\/\/facebook.com\/sunoresearch\" \/>\n<meta property=\"og:image\" content=\"https:\/\/files.sunoresearch.com.br\/n\/uploads\/2020\/05\/cabcce37-ser-educacional.jpg\" \/>\n\t<meta property=\"og:image:width\" content=\"957\" \/>\n\t<meta property=\"og:image:height\" content=\"436\" \/>\n\t<meta property=\"og:image:type\" content=\"image\/jpeg\" \/>\n<meta name=\"author\" content=\"Juliano Passaro\" \/>\n<meta name=\"twitter:card\" content=\"summary_large_image\" \/>\n<meta name=\"twitter:creator\" content=\"@sunoresearch\" \/>\n<meta name=\"twitter:site\" content=\"@sunoresearch\" \/>\n<meta name=\"twitter:label1\" content=\"Escrito por\" \/>\n\t<meta name=\"twitter:data1\" content=\"Juliano Passaro\" \/>\n\t<meta name=\"twitter:label2\" content=\"Est. tempo de leitura\" \/>\n\t<meta name=\"twitter:data2\" content=\"4 minutos\" \/>\n<script type=\"application\/ld+json\" class=\"yoast-schema-graph\">{\"@context\":\"https:\/\/schema.org\",\"@graph\":[{\"@type\":\"NewsArticle\",\"@id\":\"https:\/\/www.suno.com.br\/noticias\/destaques-de-empresas-acordo-entre-ser-e-laureate-balanco-da-suzano\/#article\",\"isPartOf\":{\"@id\":\"https:\/\/www.suno.com.br\/noticias\/destaques-de-empresas-acordo-entre-ser-e-laureate-balanco-da-suzano\/\"},\"author\":{\"name\":\"Juliano Passaro\",\"@id\":\"https:\/\/www.suno.com.br\/noticias\/#\/schema\/person\/1db762f78ffd8919a648a63e425953e3\"},\"headline\":\"Destaques de Empresas: Acordo entre Ser e \u00c2nima; balan\u00e7o da Suzano\",\"datePublished\":\"2020-10-30T12:26:31+00:00\",\"dateModified\":\"2021-05-30T19:40:03+00:00\",\"mainEntityOfPage\":{\"@id\":\"https:\/\/www.suno.com.br\/noticias\/destaques-de-empresas-acordo-entre-ser-e-laureate-balanco-da-suzano\/\"},\"wordCount\":720,\"publisher\":{\"@id\":\"https:\/\/www.suno.com.br\/noticias\/#organization\"},\"image\":{\"@id\":\"https:\/\/www.suno.com.br\/noticias\/destaques-de-empresas-acordo-entre-ser-e-laureate-balanco-da-suzano\/#primaryimage\"},\"thumbnailUrl\":\"https:\/\/files.sunoresearch.com.br\/n\/uploads\/2020\/05\/cabcce37-ser-educacional-jpg.webp\",\"keywords\":[\"B2W Digital (BTOW3)\",\"CTEEP (TRPL3\/TRPL4)\",\"destaques de empresas\",\"Fleury (FLRY3)\",\"Ser Educacional (SEER3)\",\"Suzano (SUZB3)\",\"Totvs (TOTS3)\"],\"articleSection\":[\"Neg\u00f3cios\"],\"inLanguage\":\"pt-BR\"},{\"@type\":\"WebPage\",\"@id\":\"https:\/\/www.suno.com.br\/noticias\/destaques-de-empresas-acordo-entre-ser-e-laureate-balanco-da-suzano\/\",\"url\":\"https:\/\/www.suno.com.br\/noticias\/destaques-de-empresas-acordo-entre-ser-e-laureate-balanco-da-suzano\/\",\"name\":\"Destaques de Empresas: Acordo de Ser e Laureate; balan\u00e7o da Suzano\",\"isPartOf\":{\"@id\":\"https:\/\/www.suno.com.br\/noticias\/#website\"},\"primaryImageOfPage\":{\"@id\":\"https:\/\/www.suno.com.br\/noticias\/destaques-de-empresas-acordo-entre-ser-e-laureate-balanco-da-suzano\/#primaryimage\"},\"image\":{\"@id\":\"https:\/\/www.suno.com.br\/noticias\/destaques-de-empresas-acordo-entre-ser-e-laureate-balanco-da-suzano\/#primaryimage\"},\"thumbnailUrl\":\"https:\/\/files.sunoresearch.com.br\/n\/uploads\/2020\/05\/cabcce37-ser-educacional-jpg.webp\",\"datePublished\":\"2020-10-30T12:26:31+00:00\",\"dateModified\":\"2021-05-30T19:40:03+00:00\",\"description\":\"Nos destaques de empresas\u00a0desta sexta-feira est\u00e3o os balan\u00e7os divulgados ontem e o acordo entre Ser e Laureate. Clique para saber mais.\",\"breadcrumb\":{\"@id\":\"https:\/\/www.suno.com.br\/noticias\/destaques-de-empresas-acordo-entre-ser-e-laureate-balanco-da-suzano\/#breadcrumb\"},\"inLanguage\":\"pt-BR\",\"potentialAction\":[{\"@type\":\"ReadAction\",\"target\":[\"https:\/\/www.suno.com.br\/noticias\/destaques-de-empresas-acordo-entre-ser-e-laureate-balanco-da-suzano\/\"]}]},{\"@type\":\"ImageObject\",\"inLanguage\":\"pt-BR\",\"@id\":\"https:\/\/www.suno.com.br\/noticias\/destaques-de-empresas-acordo-entre-ser-e-laureate-balanco-da-suzano\/#primaryimage\",\"url\":\"https:\/\/files.sunoresearch.com.br\/n\/uploads\/2020\/05\/cabcce37-ser-educacional-jpg.webp\",\"contentUrl\":\"https:\/\/files.sunoresearch.com.br\/n\/uploads\/2020\/05\/cabcce37-ser-educacional-jpg.webp\",\"width\":957,\"height\":436,\"caption\":\"Ser Educacional (foto: divulga\u00e7\u00e3o)\"},{\"@type\":\"BreadcrumbList\",\"@id\":\"https:\/\/www.suno.com.br\/noticias\/destaques-de-empresas-acordo-entre-ser-e-laureate-balanco-da-suzano\/#breadcrumb\",\"itemListElement\":[{\"@type\":\"ListItem\",\"position\":1,\"name\":\"Not\u00edcias\",\"item\":\"https:\/\/www.suno.com.br\/noticias\/\"},{\"@type\":\"ListItem\",\"position\":2,\"name\":\"Neg\u00f3cios\",\"item\":\"https:\/\/www.suno.com.br\/noticias\/negocios\/\"},{\"@type\":\"ListItem\",\"position\":3,\"name\":\"Destaques de Empresas: Acordo entre Ser e \u00c2nima; balan\u00e7o da Suzano\"}]},{\"@type\":\"WebSite\",\"@id\":\"https:\/\/www.suno.com.br\/noticias\/#website\",\"url\":\"https:\/\/www.suno.com.br\/noticias\/\",\"name\":\"Suno Not\u00edcias\",\"description\":\"Seu portal de informa\u00e7\u00e3o sobre o mundo dos investimentos\",\"publisher\":{\"@id\":\"https:\/\/www.suno.com.br\/noticias\/#organization\"},\"potentialAction\":[{\"@type\":\"SearchAction\",\"target\":{\"@type\":\"EntryPoint\",\"urlTemplate\":\"https:\/\/www.suno.com.br\/noticias\/?s={search_term_string}\"},\"query-input\":{\"@type\":\"PropertyValueSpecification\",\"valueRequired\":true,\"valueName\":\"search_term_string\"}}],\"inLanguage\":\"pt-BR\"},{\"@type\":\"Organization\",\"@id\":\"https:\/\/www.suno.com.br\/noticias\/#organization\",\"name\":\"Suno Not\u00edcias\",\"url\":\"https:\/\/www.suno.com.br\/noticias\/\",\"logo\":{\"@type\":\"ImageObject\",\"inLanguage\":\"pt-BR\",\"@id\":\"https:\/\/www.suno.com.br\/noticias\/#\/schema\/logo\/image\/\",\"url\":\"https:\/\/files.sunoresearch.com.br\/n\/uploads\/2021\/09\/suno-logo.png\",\"contentUrl\":\"https:\/\/files.sunoresearch.com.br\/n\/uploads\/2021\/09\/suno-logo.png\",\"width\":180,\"height\":180,\"caption\":\"Suno Not\u00edcias\"},\"image\":{\"@id\":\"https:\/\/www.suno.com.br\/noticias\/#\/schema\/logo\/image\/\"},\"sameAs\":[\"https:\/\/facebook.com\/sunoresearch\",\"https:\/\/x.com\/sunoresearch\",\"https:\/\/www.instagram.com\/suno\",\"https:\/\/www.linkedin.com\/company\/suno-research\/\",\"https:\/\/www.youtube.com\/c\/sunoresearch\"]},{\"@type\":\"Person\",\"@id\":\"https:\/\/www.suno.com.br\/noticias\/#\/schema\/person\/1db762f78ffd8919a648a63e425953e3\",\"name\":\"Juliano Passaro\",\"image\":{\"@type\":\"ImageObject\",\"inLanguage\":\"pt-BR\",\"@id\":\"https:\/\/www.suno.com.br\/noticias\/#\/schema\/person\/image\/\",\"url\":\"https:\/\/secure.gravatar.com\/avatar\/743d4df28eebf6dcc46b4ad03c319e92?s=96&r=g\",\"contentUrl\":\"https:\/\/secure.gravatar.com\/avatar\/743d4df28eebf6dcc46b4ad03c319e92?s=96&r=g\",\"caption\":\"Juliano Passaro\"},\"description\":\"Juliano Passaro escreve sobre pol\u00edtica, economia e neg\u00f3cios para o portal da Suno Research. Antes da Suno, trabalhou no Portal da Band. \u00c9 formado em jornalismo pela Universidade Presbiteriana Mackenzie.\",\"url\":\"https:\/\/www.suno.com.br\/noticias\/author\/juliano\/\"}]}<\/script>\n<!-- \/ Yoast SEO plugin. -->","yoast_head_json":{"title":"Destaques de Empresas: Acordo de Ser e Laureate; balan\u00e7o da Suzano","description":"Nos destaques de empresas\u00a0desta sexta-feira est\u00e3o os balan\u00e7os divulgados ontem e o acordo entre Ser e Laureate. Clique para saber mais.","robots":{"index":"index","follow":"follow","max-snippet":"max-snippet:-1","max-image-preview":"max-image-preview:large","max-video-preview":"max-video-preview:-1"},"canonical":"https:\/\/www.suno.com.br\/noticias\/destaques-de-empresas-acordo-entre-ser-e-laureate-balanco-da-suzano\/","og_locale":"pt_BR","og_type":"article","og_title":"Destaques de Empresas: Acordo de Ser e Laureate; balan\u00e7o da Suzano","og_description":"Nos destaques de empresas\u00a0desta sexta-feira est\u00e3o os balan\u00e7os divulgados ontem e o acordo entre Ser e Laureate. Clique para saber mais.","og_url":"https:\/\/www.suno.com.br\/noticias\/destaques-de-empresas-acordo-entre-ser-e-laureate-balanco-da-suzano\/","og_site_name":"Suno Not\u00edcias","article_publisher":"https:\/\/facebook.com\/sunoresearch","og_image":[{"width":957,"height":436,"url":"https:\/\/files.sunoresearch.com.br\/n\/uploads\/2020\/05\/cabcce37-ser-educacional.jpg","type":"image\/jpeg"}],"author":"Juliano Passaro","twitter_card":"summary_large_image","twitter_creator":"@sunoresearch","twitter_site":"@sunoresearch","twitter_misc":{"Escrito por":"Juliano Passaro","Est. tempo de leitura":"4 minutos"},"schema":{"@context":"https:\/\/schema.org","@graph":[{"@type":"NewsArticle","@id":"https:\/\/www.suno.com.br\/noticias\/destaques-de-empresas-acordo-entre-ser-e-laureate-balanco-da-suzano\/#article","isPartOf":{"@id":"https:\/\/www.suno.com.br\/noticias\/destaques-de-empresas-acordo-entre-ser-e-laureate-balanco-da-suzano\/"},"author":{"name":"Juliano Passaro","@id":"https:\/\/www.suno.com.br\/noticias\/#\/schema\/person\/1db762f78ffd8919a648a63e425953e3"},"headline":"Destaques de Empresas: Acordo entre Ser e \u00c2nima; balan\u00e7o da Suzano","datePublished":"2020-10-30T12:26:31+00:00","dateModified":"2021-05-30T19:40:03+00:00","mainEntityOfPage":{"@id":"https:\/\/www.suno.com.br\/noticias\/destaques-de-empresas-acordo-entre-ser-e-laureate-balanco-da-suzano\/"},"wordCount":720,"publisher":{"@id":"https:\/\/www.suno.com.br\/noticias\/#organization"},"image":{"@id":"https:\/\/www.suno.com.br\/noticias\/destaques-de-empresas-acordo-entre-ser-e-laureate-balanco-da-suzano\/#primaryimage"},"thumbnailUrl":"https:\/\/files.sunoresearch.com.br\/n\/uploads\/2020\/05\/cabcce37-ser-educacional-jpg.webp","keywords":["B2W Digital (BTOW3)","CTEEP (TRPL3\/TRPL4)","destaques de empresas","Fleury (FLRY3)","Ser Educacional (SEER3)","Suzano (SUZB3)","Totvs (TOTS3)"],"articleSection":["Neg\u00f3cios"],"inLanguage":"pt-BR"},{"@type":"WebPage","@id":"https:\/\/www.suno.com.br\/noticias\/destaques-de-empresas-acordo-entre-ser-e-laureate-balanco-da-suzano\/","url":"https:\/\/www.suno.com.br\/noticias\/destaques-de-empresas-acordo-entre-ser-e-laureate-balanco-da-suzano\/","name":"Destaques de Empresas: Acordo de Ser e Laureate; balan\u00e7o da Suzano","isPartOf":{"@id":"https:\/\/www.suno.com.br\/noticias\/#website"},"primaryImageOfPage":{"@id":"https:\/\/www.suno.com.br\/noticias\/destaques-de-empresas-acordo-entre-ser-e-laureate-balanco-da-suzano\/#primaryimage"},"image":{"@id":"https:\/\/www.suno.com.br\/noticias\/destaques-de-empresas-acordo-entre-ser-e-laureate-balanco-da-suzano\/#primaryimage"},"thumbnailUrl":"https:\/\/files.sunoresearch.com.br\/n\/uploads\/2020\/05\/cabcce37-ser-educacional-jpg.webp","datePublished":"2020-10-30T12:26:31+00:00","dateModified":"2021-05-30T19:40:03+00:00","description":"Nos destaques de empresas\u00a0desta sexta-feira est\u00e3o os balan\u00e7os divulgados ontem e o acordo entre Ser e Laureate. Clique para saber mais.","breadcrumb":{"@id":"https:\/\/www.suno.com.br\/noticias\/destaques-de-empresas-acordo-entre-ser-e-laureate-balanco-da-suzano\/#breadcrumb"},"inLanguage":"pt-BR","potentialAction":[{"@type":"ReadAction","target":["https:\/\/www.suno.com.br\/noticias\/destaques-de-empresas-acordo-entre-ser-e-laureate-balanco-da-suzano\/"]}]},{"@type":"ImageObject","inLanguage":"pt-BR","@id":"https:\/\/www.suno.com.br\/noticias\/destaques-de-empresas-acordo-entre-ser-e-laureate-balanco-da-suzano\/#primaryimage","url":"https:\/\/files.sunoresearch.com.br\/n\/uploads\/2020\/05\/cabcce37-ser-educacional-jpg.webp","contentUrl":"https:\/\/files.sunoresearch.com.br\/n\/uploads\/2020\/05\/cabcce37-ser-educacional-jpg.webp","width":957,"height":436,"caption":"Ser Educacional (foto: divulga\u00e7\u00e3o)"},{"@type":"BreadcrumbList","@id":"https:\/\/www.suno.com.br\/noticias\/destaques-de-empresas-acordo-entre-ser-e-laureate-balanco-da-suzano\/#breadcrumb","itemListElement":[{"@type":"ListItem","position":1,"name":"Not\u00edcias","item":"https:\/\/www.suno.com.br\/noticias\/"},{"@type":"ListItem","position":2,"name":"Neg\u00f3cios","item":"https:\/\/www.suno.com.br\/noticias\/negocios\/"},{"@type":"ListItem","position":3,"name":"Destaques de Empresas: Acordo entre Ser e \u00c2nima; balan\u00e7o da Suzano"}]},{"@type":"WebSite","@id":"https:\/\/www.suno.com.br\/noticias\/#website","url":"https:\/\/www.suno.com.br\/noticias\/","name":"Suno Not\u00edcias","description":"Seu portal de informa\u00e7\u00e3o sobre o mundo dos investimentos","publisher":{"@id":"https:\/\/www.suno.com.br\/noticias\/#organization"},"potentialAction":[{"@type":"SearchAction","target":{"@type":"EntryPoint","urlTemplate":"https:\/\/www.suno.com.br\/noticias\/?s={search_term_string}"},"query-input":{"@type":"PropertyValueSpecification","valueRequired":true,"valueName":"search_term_string"}}],"inLanguage":"pt-BR"},{"@type":"Organization","@id":"https:\/\/www.suno.com.br\/noticias\/#organization","name":"Suno Not\u00edcias","url":"https:\/\/www.suno.com.br\/noticias\/","logo":{"@type":"ImageObject","inLanguage":"pt-BR","@id":"https:\/\/www.suno.com.br\/noticias\/#\/schema\/logo\/image\/","url":"https:\/\/files.sunoresearch.com.br\/n\/uploads\/2021\/09\/suno-logo.png","contentUrl":"https:\/\/files.sunoresearch.com.br\/n\/uploads\/2021\/09\/suno-logo.png","width":180,"height":180,"caption":"Suno Not\u00edcias"},"image":{"@id":"https:\/\/www.suno.com.br\/noticias\/#\/schema\/logo\/image\/"},"sameAs":["https:\/\/facebook.com\/sunoresearch","https:\/\/x.com\/sunoresearch","https:\/\/www.instagram.com\/suno","https:\/\/www.linkedin.com\/company\/suno-research\/","https:\/\/www.youtube.com\/c\/sunoresearch"]},{"@type":"Person","@id":"https:\/\/www.suno.com.br\/noticias\/#\/schema\/person\/1db762f78ffd8919a648a63e425953e3","name":"Juliano Passaro","image":{"@type":"ImageObject","inLanguage":"pt-BR","@id":"https:\/\/www.suno.com.br\/noticias\/#\/schema\/person\/image\/","url":"https:\/\/secure.gravatar.com\/avatar\/743d4df28eebf6dcc46b4ad03c319e92?s=96&r=g","contentUrl":"https:\/\/secure.gravatar.com\/avatar\/743d4df28eebf6dcc46b4ad03c319e92?s=96&r=g","caption":"Juliano Passaro"},"description":"Juliano Passaro escreve sobre pol\u00edtica, economia e neg\u00f3cios para o portal da Suno Research. Antes da Suno, trabalhou no Portal da Band. \u00c9 formado em jornalismo pela Universidade Presbiteriana Mackenzie.","url":"https:\/\/www.suno.com.br\/noticias\/author\/juliano\/"}]}},"default_loop_html":"<div class=\"cardsPage__listCard__boxs\"><div class=\"cardsPage__listCard__boxs__img\"><a href=\"https:\/\/www.suno.com.br\/noticias\/destaques-de-empresas-acordo-entre-ser-e-laureate-balanco-da-suzano\/\"><img class=\"mask\" src=\"https:\/\/www.suno.com.br\/noticias\/wp-content\/themes\/suno\/resources\/images\/spotlight\/spotlight1img\/bg-mask.png\" alt=\"Image Mask\"\/><img src=\"https:\/\/files.sunoresearch.com.br\/n\/uploads\/2020\/05\/cabcce37-ser-educacional-400x200.webp\" alt=\"Destaques de Empresas: Acordo entre Ser e \u00c2nima; balan\u00e7o da Suzano\"\/><\/a><span class=\"spotlightCategory\"><a href=\"https:\/\/www.suno.com.br\/noticias\/negocios\/\">Neg\u00f3cios<\/a><\/span><\/div><div class=\"cardsPage__listCard__boxs__content\"><a href=\"https:\/\/www.suno.com.br\/noticias\/destaques-de-empresas-acordo-entre-ser-e-laureate-balanco-da-suzano\/\"><h2 class=\"content__title\">Destaques de Empresas: Acordo entre Ser e \u00c2nima; balan\u00e7o da Suzano<\/h2><\/a><div class=\"newsContent__article__meta\"><div class=\"newsContent__article__meta__authorBox\"><a href=\"https:\/\/www.suno.com.br\/noticias\/author\/juliano\/\" class=\"authorBox__avatar noMobi\"><img src=\"https:\/\/files.sunoresearch.com.br\/n\/uploads\/2019\/06\/7cc3efea-whatsapp-image-2019-07-18-at-21.59.33-e1563499821209-150x150.webp\" alt=\"Juliano Passaro\"><\/a><div class=\"authorBox__name\"><span>por\n\t\t\t<a href=\"https:\/\/www.suno.com.br\/noticias\/author\/juliano\/\"><span itemprop=\"author\">Juliano Passaro<\/span><\/a><\/span><time datetime=\"2020-10-30T09:26:31-03:00\" itemprop=\"datePublished\">30\/10\/2020 09:26<\/time><\/div><\/div><\/div><\/div><\/div>","single_layout":"posts","amp_enabled":true,"_links":{"self":[{"href":"https:\/\/www.suno.com.br\/noticias\/wp-json\/wp\/v2\/posts\/96248"}],"collection":[{"href":"https:\/\/www.suno.com.br\/noticias\/wp-json\/wp\/v2\/posts"}],"about":[{"href":"https:\/\/www.suno.com.br\/noticias\/wp-json\/wp\/v2\/types\/post"}],"author":[{"embeddable":true,"href":"https:\/\/www.suno.com.br\/noticias\/wp-json\/wp\/v2\/users\/19"}],"replies":[{"embeddable":true,"href":"https:\/\/www.suno.com.br\/noticias\/wp-json\/wp\/v2\/comments?post=96248"}],"version-history":[{"count":1,"href":"https:\/\/www.suno.com.br\/noticias\/wp-json\/wp\/v2\/posts\/96248\/revisions"}],"predecessor-version":[{"id":152260,"href":"https:\/\/www.suno.com.br\/noticias\/wp-json\/wp\/v2\/posts\/96248\/revisions\/152260"}],"wp:featuredmedia":[{"embeddable":true,"href":"https:\/\/www.suno.com.br\/noticias\/wp-json\/wp\/v2\/media\/64898"}],"wp:attachment":[{"href":"https:\/\/www.suno.com.br\/noticias\/wp-json\/wp\/v2\/media?parent=96248"}],"wp:term":[{"taxonomy":"category","embeddable":true,"href":"https:\/\/www.suno.com.br\/noticias\/wp-json\/wp\/v2\/categories?post=96248"},{"taxonomy":"post_tag","embeddable":true,"href":"https:\/\/www.suno.com.br\/noticias\/wp-json\/wp\/v2\/tags?post=96248"},{"taxonomy":"suno_strategy","embeddable":true,"href":"https:\/\/www.suno.com.br\/noticias\/wp-json\/wp\/v2\/suno_strategy?post=96248"}],"curies":[{"name":"wp","href":"https:\/\/api.w.org\/{rel}","templated":true}]}}