{"id":96219,"date":"2020-10-30T09:38:29","date_gmt":"2020-10-30T12:38:29","guid":{"rendered":"https:\/\/www.suno.com.br\/noticias\/?p=96219"},"modified":"2020-10-30T09:39:37","modified_gmt":"2020-10-30T12:39:37","slug":"franca-brasileira-vitima-atentado-terrorista-basilica-nice","status":"publish","type":"post","link":"https:\/\/www.suno.com.br\/noticias\/franca-brasileira-vitima-atentado-terrorista-basilica-nice\/","title":{"rendered":"Atentado a faca na Fran\u00e7a deixa tr\u00eas mortos, incluindo brasileira"},"content":{"rendered":"<p>Um ataque a faca na Bas\u00edlica de Notre-Dame, na \u00faltima quinta-feira (29), em Nice, no sul da <strong>Fran\u00e7a<\/strong> deixou tr\u00eas mortos. Entre as v\u00edtimas est\u00e1 um homem, uma idosa e uma brasileira.<\/p>\t<div class=\"wrapper-featured-image\">\n\t\t<figure class=\"spotlightImg\">\n\n\t\t\t<picture>\n\t\t\t\t<source media=\"(max-width: 768px)\" srcset=\"https:\/\/files.sunoresearch.com.br\/n\/uploads\/2020\/10\/3d668353-franca-nice-brasileira-400x200.webp\">\n\t\t\t\t<img loading=\"lazy\" decoding=\"async\" class=\"newsContent__article__imgCapa lazyloadDisabled \" src=\"https:\/\/files.sunoresearch.com.br\/n\/uploads\/2020\/10\/3d668353-franca-nice-brasileira-800x450.webp\" width=\"800\" height=\"450\" alt=\"Atentado a faca na Fran\u00e7a deixa tr\u00eas mortos, incluindo brasileira\" fetchpriority=high \/>\n\t\t\t<\/picture>\n\n\t\t\t<figcaption class=\"wp-caption-text wp-caption-text--show\">Uma das v\u00edtimas do atentado terrorista na Bas\u00edlica de Norte-Dame na Fran\u00e7a, era a brasileira Simone Barreto Silva de 44 anos<\/figcaption>\n\t\t<\/figure>\n\t<\/div>\n\n\n<div class=\"hubspot-form-wrapper\">\n\t<div id=\"single-form-target\"><\/div>\n<\/div>\n\n<p>O Consulado Geral do Brasil, em Paris, confirmou que uma das v\u00edtimas do atentado era a brasileira <strong>Simone Barreto Silva de 44 anos<\/strong>, nascida em Salvador (BA). Simone estava na Fran\u00e7a havia 30 anos e deixou tr\u00eas filhos. Ela foi morta, assim como as outras duas pessoas, por um <strong>tunisiano<\/strong> que invadiu a igreja gritando &#8220;<em>Allahu Akbar<\/em>&#8221; (Deus \u00e9 maior), em um ataque considerado pelo governo franc\u00eas como ato de <strong>terrorismo<\/strong>.<\/p>\n<p>No atentado, a idosa de 70 anos teria sido degolada e o homem de 55 anos foi ferido com diversos golpes de faca no pesco\u00e7o. Simone, terceira v\u00edtima, conseguiu fugir da igreja, mas morreu em um <strong>restaurante<\/strong> nas proximidades onde buscou ref\u00fagio. O ataque ocorreu por volta das 9h na Fran\u00e7a (5h da manh\u00e3 de Bras\u00edlia). Todos aguardavam pela primeira missa do dia.<\/p>\n<p><a href=\"https:\/\/lp.suno.com.br\/suno-one\/\">Conhe\u00e7a o Suno One, a central gratuita de informa\u00e7\u00f5es da Suno para quem quer aprender a investir. Acesse clicando aqui.<\/a><\/p>\n<p>Em entrevista \u00e0 &#8220;TV France Info&#8221;, um dos propriet\u00e1rios do restaurante,<strong> Brahim Jelloule<\/strong>, disse que teve contato com a brasileira na sua \u00faltima hora e meia de vida.\u00a0&#8220;Ela atravessou a rua, toda ensanguentada, e meu irm\u00e3o e um dos nossos funcion\u00e1rios a recuperaram, a colocaram no interior do restaurante, sem entender nada, e ela dizia que havia um homem armado dentro da <strong>igreja<\/strong>&#8220;.<\/p>\n<p>O irm\u00e3o e o funcion\u00e1rio de Jelloule chegaram a entrar na igreja mas ao avistarem o homem com uma faca foram amea\u00e7ados e sa\u00edram correndo. Foram os dois que chamaram a pol\u00edcia.<\/p>\n<p>Jelloule que \u00e9 mul\u00e7umano disse na entrevista que &#8220;isso n\u00e3o \u00e9 Isl\u00e3. Eu conhe\u00e7o o Cor\u00e3o de cor, e n\u00e3o \u00e9 isso que ele prega&#8221;.<\/p>\n\t<div data-element=\"shortcode-read-more\" class=\"knowMore\">\n\t\t\t\t<span class=\"knowMore__title\">Veja Tamb\u00e9m<\/span>\n\t\t\t\t<a class=\"knowMore__link\" href=\"https:\/\/www.suno.com.br\/noticias\/franca-e-alemanha-anunciam-lockdown-apos-segunda-onda-de-covid\/\">\n\t\t\tFran\u00e7a e Alemanha anunciam lockdown ap\u00f3s segunda onda de covid\t\t<\/a>\n\t<\/div>\n\n\n<p>O <strong>Minist\u00e9rio das Rela\u00e7\u00f5es Exteriores do Brasil<\/strong> repudiou o ato terrorista e manifestou sua solidariedade aos crist\u00e3os.<\/p>\n<p>&#8220;O Brasil expressa seu firme rep\u00fadio a toda e qualquer forma de terrorismo, independentemente de sua motiva\u00e7\u00e3o, e reafirma seu compromisso de trabalhar no combate e erradica\u00e7\u00e3o desse flagelo, assim como em favor da liberdade de express\u00e3o e da liberdade religiosa em todo o mundo&#8221;, disse o Itamaraty em nota.<\/p>\n<p>&#8220;Neste momento, o governo brasileiro manifesta em especial sua solidariedade aos crist\u00e3os e pessoas de outras confiss\u00f5es que sofrem persegui\u00e7\u00e3o e viol\u00eancia em raz\u00e3o de sua cren\u00e7a. O Itamaraty, por meio do Consulado-Geral na <a href=\"https:\/\/www.suno.com.br\/noticias\/franca-quer-dobrar-o-imposto-sobre-os-carros-mais-poluentes-ate-2022\/\"><strong>Fran\u00e7a<\/strong><\/a>, presta assist\u00eancia consular \u00e0 fam\u00edlia da <strong>cidad\u00e3 brasileira<\/strong> v\u00edtima do <strong>ataque terrorista<\/strong>&#8220;.<\/p>\n\t<p>\n\t\t<a href=\"https:\/\/lp.suno.com.br\/planilha-de-controle-de-investimentos\/\" target=\"_blank\" data-element=\"shortcode-suno-banner\" title=\"Banner SUNO, clique e saiba mais\">\n\t\t\t<picture>\n\t\t\t\t<source media=\"(max-width: 500px)\" srcset=\"https:\/\/files.sunoresearch.com.br\/n\/uploads\/2023\/03\/400x300-Controle-de-Investimentos.png\">\n\t\t\t\t<img class=\"newsContent__article__imgCapa newsContent__article__imgCapa--banner\"\n\t\t\t\t\tsrc=\"https:\/\/files.sunoresearch.com.br\/n\/uploads\/2023\/03\/1420x240-Controle-de-Investimentos.png\"\n\t\t\t\t\tdata-promo-id=\"75934\"\t\t\t\t\t\t\t\t\t\twidth='1420' height='240'\t\t\t\t\talt=\"https:\/\/files.sunoresearch.com.br\/n\/uploads\/2023\/03\/1420x240-Controle-de-Investimentos.png\"\n\t\t\t\t>\n\t\t\t<\/picture>\n\t\t<\/a>\n\t<\/p>\n\n\n","protected":false},"excerpt":{"rendered":"<p>Um ataque a faca na Bas\u00edlica de Notre-Dame, na \u00faltima quinta-feira (29), em Nice, no sul da Fran\u00e7a deixou tr\u00eas mortos. Entre as v\u00edtimas est\u00e1 um homem, uma idosa e uma brasileira. Uma das v\u00edtimas do atentado terrorista na Bas\u00edlica de Norte-Dame na Fran\u00e7a, era a brasileira Simone Barreto Silva de 44 anos O Consulado [&hellip;]<\/p>\n","protected":false},"author":15,"featured_media":96237,"comment_status":"closed","ping_status":"closed","sticky":false,"template":"","format":"standard","meta":[],"categories":[63],"tags":[773,904,1274],"suno_strategy":[],"class_list":["post-96219","post","type-post","status-publish","format-standard","has-post-thumbnail","hentry","category-internacional","tag-franca","tag-itamaraty","tag-ministerio-das-relacoes-exteriores"],"yoast_head":"<!-- This site is optimized with the Yoast SEO plugin v24.4 - https:\/\/yoast.com\/wordpress\/plugins\/seo\/ -->\n<title>Brasileira \u00e9 um das v\u00edtimas do atentando \u00e0 bas\u00edlica de Nice, Fran\u00e7a<\/title>\n<meta name=\"description\" content=\"Uma das v\u00edtimas do atentado terrorista na Bas\u00edlica de Norte-Dame na Fran\u00e7a, era a brasileira Simone Barreto Silva de 44 anos.\u00a0Clique aqui\" \/>\n<meta name=\"robots\" content=\"index, follow, max-snippet:-1, max-image-preview:large, max-video-preview:-1\" \/>\n<link rel=\"canonical\" href=\"https:\/\/www.suno.com.br\/noticias\/franca-brasileira-vitima-atentado-terrorista-basilica-nice\/\" \/>\n<meta property=\"og:locale\" content=\"pt_BR\" \/>\n<meta property=\"og:type\" content=\"article\" \/>\n<meta property=\"og:title\" content=\"Brasileira \u00e9 um das v\u00edtimas do atentando \u00e0 bas\u00edlica de Nice, Fran\u00e7a\" \/>\n<meta property=\"og:description\" content=\"Uma das v\u00edtimas do atentado terrorista na Bas\u00edlica de Norte-Dame na Fran\u00e7a, era a brasileira Simone Barreto Silva de 44 anos.\u00a0Clique aqui\" \/>\n<meta property=\"og:url\" content=\"https:\/\/www.suno.com.br\/noticias\/franca-brasileira-vitima-atentado-terrorista-basilica-nice\/\" \/>\n<meta property=\"og:site_name\" content=\"Suno Not\u00edcias\" \/>\n<meta property=\"article:publisher\" content=\"https:\/\/facebook.com\/sunoresearch\" \/>\n<meta property=\"og:image\" content=\"https:\/\/files.sunoresearch.com.br\/n\/uploads\/2020\/10\/3d668353-franca-nice-brasileira.jpeg\" \/>\n\t<meta property=\"og:image:width\" content=\"1000\" \/>\n\t<meta property=\"og:image:height\" content=\"563\" \/>\n\t<meta property=\"og:image:type\" content=\"image\/jpeg\" \/>\n<meta name=\"author\" content=\"Poliana Santos\" \/>\n<meta name=\"twitter:card\" content=\"summary_large_image\" \/>\n<meta name=\"twitter:creator\" content=\"@sunoresearch\" \/>\n<meta name=\"twitter:site\" content=\"@sunoresearch\" \/>\n<meta name=\"twitter:label1\" content=\"Escrito por\" \/>\n\t<meta name=\"twitter:data1\" content=\"Poliana Santos\" \/>\n\t<meta name=\"twitter:label2\" content=\"Est. tempo de leitura\" \/>\n\t<meta name=\"twitter:data2\" content=\"2 minutos\" \/>\n<script type=\"application\/ld+json\" class=\"yoast-schema-graph\">{\"@context\":\"https:\/\/schema.org\",\"@graph\":[{\"@type\":\"NewsArticle\",\"@id\":\"https:\/\/www.suno.com.br\/noticias\/franca-brasileira-vitima-atentado-terrorista-basilica-nice\/#article\",\"isPartOf\":{\"@id\":\"https:\/\/www.suno.com.br\/noticias\/franca-brasileira-vitima-atentado-terrorista-basilica-nice\/\"},\"author\":{\"name\":\"Poliana Santos\",\"@id\":\"https:\/\/www.suno.com.br\/noticias\/#\/schema\/person\/02ec1f752758247878a2bf4abee1aeda\"},\"headline\":\"Atentado a faca na Fran\u00e7a deixa tr\u00eas mortos, incluindo brasileira\",\"datePublished\":\"2020-10-30T12:38:29+00:00\",\"dateModified\":\"2020-10-30T12:39:37+00:00\",\"mainEntityOfPage\":{\"@id\":\"https:\/\/www.suno.com.br\/noticias\/franca-brasileira-vitima-atentado-terrorista-basilica-nice\/\"},\"wordCount\":491,\"publisher\":{\"@id\":\"https:\/\/www.suno.com.br\/noticias\/#organization\"},\"image\":{\"@id\":\"https:\/\/www.suno.com.br\/noticias\/franca-brasileira-vitima-atentado-terrorista-basilica-nice\/#primaryimage\"},\"thumbnailUrl\":\"https:\/\/files.sunoresearch.com.br\/n\/uploads\/2020\/10\/3d668353-franca-nice-brasileira-jpeg.webp\",\"keywords\":[\"Fran\u00e7a\",\"Itamaraty\",\"Minist\u00e9rio das Rela\u00e7\u00f5es Exteriores\"],\"articleSection\":[\"Internacional\"],\"inLanguage\":\"pt-BR\"},{\"@type\":\"WebPage\",\"@id\":\"https:\/\/www.suno.com.br\/noticias\/franca-brasileira-vitima-atentado-terrorista-basilica-nice\/\",\"url\":\"https:\/\/www.suno.com.br\/noticias\/franca-brasileira-vitima-atentado-terrorista-basilica-nice\/\",\"name\":\"Brasileira \u00e9 um das v\u00edtimas do atentando \u00e0 bas\u00edlica de Nice, Fran\u00e7a\",\"isPartOf\":{\"@id\":\"https:\/\/www.suno.com.br\/noticias\/#website\"},\"primaryImageOfPage\":{\"@id\":\"https:\/\/www.suno.com.br\/noticias\/franca-brasileira-vitima-atentado-terrorista-basilica-nice\/#primaryimage\"},\"image\":{\"@id\":\"https:\/\/www.suno.com.br\/noticias\/franca-brasileira-vitima-atentado-terrorista-basilica-nice\/#primaryimage\"},\"thumbnailUrl\":\"https:\/\/files.sunoresearch.com.br\/n\/uploads\/2020\/10\/3d668353-franca-nice-brasileira-jpeg.webp\",\"datePublished\":\"2020-10-30T12:38:29+00:00\",\"dateModified\":\"2020-10-30T12:39:37+00:00\",\"description\":\"Uma das v\u00edtimas do atentado terrorista na Bas\u00edlica de Norte-Dame na Fran\u00e7a, era a brasileira Simone Barreto Silva de 44 anos.\u00a0Clique aqui\",\"breadcrumb\":{\"@id\":\"https:\/\/www.suno.com.br\/noticias\/franca-brasileira-vitima-atentado-terrorista-basilica-nice\/#breadcrumb\"},\"inLanguage\":\"pt-BR\",\"potentialAction\":[{\"@type\":\"ReadAction\",\"target\":[\"https:\/\/www.suno.com.br\/noticias\/franca-brasileira-vitima-atentado-terrorista-basilica-nice\/\"]}]},{\"@type\":\"ImageObject\",\"inLanguage\":\"pt-BR\",\"@id\":\"https:\/\/www.suno.com.br\/noticias\/franca-brasileira-vitima-atentado-terrorista-basilica-nice\/#primaryimage\",\"url\":\"https:\/\/files.sunoresearch.com.br\/n\/uploads\/2020\/10\/3d668353-franca-nice-brasileira-jpeg.webp\",\"contentUrl\":\"https:\/\/files.sunoresearch.com.br\/n\/uploads\/2020\/10\/3d668353-franca-nice-brasileira-jpeg.webp\",\"width\":1000,\"height\":563,\"caption\":\"Uma das v\u00edtimas do atentado terrorista na Bas\u00edlica de Norte-Dame na Fran\u00e7a, era a brasileira Simone Barreto Silva de 44 anos\"},{\"@type\":\"BreadcrumbList\",\"@id\":\"https:\/\/www.suno.com.br\/noticias\/franca-brasileira-vitima-atentado-terrorista-basilica-nice\/#breadcrumb\",\"itemListElement\":[{\"@type\":\"ListItem\",\"position\":1,\"name\":\"Not\u00edcias\",\"item\":\"https:\/\/www.suno.com.br\/noticias\/\"},{\"@type\":\"ListItem\",\"position\":2,\"name\":\"Internacional\",\"item\":\"https:\/\/www.suno.com.br\/noticias\/internacional\/\"},{\"@type\":\"ListItem\",\"position\":3,\"name\":\"Atentado a faca na Fran\u00e7a deixa tr\u00eas mortos, incluindo brasileira\"}]},{\"@type\":\"WebSite\",\"@id\":\"https:\/\/www.suno.com.br\/noticias\/#website\",\"url\":\"https:\/\/www.suno.com.br\/noticias\/\",\"name\":\"Suno Not\u00edcias\",\"description\":\"Seu portal de informa\u00e7\u00e3o sobre o mundo dos investimentos\",\"publisher\":{\"@id\":\"https:\/\/www.suno.com.br\/noticias\/#organization\"},\"potentialAction\":[{\"@type\":\"SearchAction\",\"target\":{\"@type\":\"EntryPoint\",\"urlTemplate\":\"https:\/\/www.suno.com.br\/noticias\/?s={search_term_string}\"},\"query-input\":{\"@type\":\"PropertyValueSpecification\",\"valueRequired\":true,\"valueName\":\"search_term_string\"}}],\"inLanguage\":\"pt-BR\"},{\"@type\":\"Organization\",\"@id\":\"https:\/\/www.suno.com.br\/noticias\/#organization\",\"name\":\"Suno Not\u00edcias\",\"url\":\"https:\/\/www.suno.com.br\/noticias\/\",\"logo\":{\"@type\":\"ImageObject\",\"inLanguage\":\"pt-BR\",\"@id\":\"https:\/\/www.suno.com.br\/noticias\/#\/schema\/logo\/image\/\",\"url\":\"https:\/\/files.sunoresearch.com.br\/n\/uploads\/2021\/09\/suno-logo.png\",\"contentUrl\":\"https:\/\/files.sunoresearch.com.br\/n\/uploads\/2021\/09\/suno-logo.png\",\"width\":180,\"height\":180,\"caption\":\"Suno Not\u00edcias\"},\"image\":{\"@id\":\"https:\/\/www.suno.com.br\/noticias\/#\/schema\/logo\/image\/\"},\"sameAs\":[\"https:\/\/facebook.com\/sunoresearch\",\"https:\/\/x.com\/sunoresearch\",\"https:\/\/www.instagram.com\/suno\",\"https:\/\/www.linkedin.com\/company\/suno-research\/\",\"https:\/\/www.youtube.com\/c\/sunoresearch\"]},{\"@type\":\"Person\",\"@id\":\"https:\/\/www.suno.com.br\/noticias\/#\/schema\/person\/02ec1f752758247878a2bf4abee1aeda\",\"name\":\"Poliana Santos\",\"image\":{\"@type\":\"ImageObject\",\"inLanguage\":\"pt-BR\",\"@id\":\"https:\/\/www.suno.com.br\/noticias\/#\/schema\/person\/image\/\",\"url\":\"https:\/\/secure.gravatar.com\/avatar\/0645bd32f23d87b2130f2b2dff1d3f8d?s=96&r=g\",\"contentUrl\":\"https:\/\/secure.gravatar.com\/avatar\/0645bd32f23d87b2130f2b2dff1d3f8d?s=96&r=g\",\"caption\":\"Poliana Santos\"},\"description\":\"Rep\u00f3rter no Suno Not\u00edcias, com cobertura em mercado financeiro, economia, finan\u00e7as pessoais, renda fixa e varejo. Jornalista formada pela Faculdade C\u00e1sper L\u00edbero e possui passagem na R\u00e1dio Gazeta AM com a produ\u00e7\u00e3o de conte\u00fado sobre economia, pol\u00edtica, sa\u00fade, moda e m\u00fasica. Possui certificado de conclus\u00e3o do curso de An\u00e1lise de Balan\u00e7os pela Funda\u00e7\u00e3o Bradesco, Agenda Brasil pela FAAP, Educa\u00e7\u00e3o Pol\u00edtica por Alexandre Garcia e do Tesouro Direto e Mercado de A\u00e7\u00f5es pela B3.\",\"url\":\"https:\/\/www.suno.com.br\/noticias\/author\/poliana-santos\/\"}]}<\/script>\n<!-- \/ Yoast SEO plugin. -->","yoast_head_json":{"title":"Brasileira \u00e9 um das v\u00edtimas do atentando \u00e0 bas\u00edlica de Nice, Fran\u00e7a","description":"Uma das v\u00edtimas do atentado terrorista na Bas\u00edlica de Norte-Dame na Fran\u00e7a, era a brasileira Simone Barreto Silva de 44 anos.\u00a0Clique aqui","robots":{"index":"index","follow":"follow","max-snippet":"max-snippet:-1","max-image-preview":"max-image-preview:large","max-video-preview":"max-video-preview:-1"},"canonical":"https:\/\/www.suno.com.br\/noticias\/franca-brasileira-vitima-atentado-terrorista-basilica-nice\/","og_locale":"pt_BR","og_type":"article","og_title":"Brasileira \u00e9 um das v\u00edtimas do atentando \u00e0 bas\u00edlica de Nice, Fran\u00e7a","og_description":"Uma das v\u00edtimas do atentado terrorista na Bas\u00edlica de Norte-Dame na Fran\u00e7a, era a brasileira Simone Barreto Silva de 44 anos.\u00a0Clique aqui","og_url":"https:\/\/www.suno.com.br\/noticias\/franca-brasileira-vitima-atentado-terrorista-basilica-nice\/","og_site_name":"Suno Not\u00edcias","article_publisher":"https:\/\/facebook.com\/sunoresearch","og_image":[{"width":1000,"height":563,"url":"https:\/\/files.sunoresearch.com.br\/n\/uploads\/2020\/10\/3d668353-franca-nice-brasileira.jpeg","type":"image\/jpeg"}],"author":"Poliana Santos","twitter_card":"summary_large_image","twitter_creator":"@sunoresearch","twitter_site":"@sunoresearch","twitter_misc":{"Escrito por":"Poliana Santos","Est. tempo de leitura":"2 minutos"},"schema":{"@context":"https:\/\/schema.org","@graph":[{"@type":"NewsArticle","@id":"https:\/\/www.suno.com.br\/noticias\/franca-brasileira-vitima-atentado-terrorista-basilica-nice\/#article","isPartOf":{"@id":"https:\/\/www.suno.com.br\/noticias\/franca-brasileira-vitima-atentado-terrorista-basilica-nice\/"},"author":{"name":"Poliana Santos","@id":"https:\/\/www.suno.com.br\/noticias\/#\/schema\/person\/02ec1f752758247878a2bf4abee1aeda"},"headline":"Atentado a faca na Fran\u00e7a deixa tr\u00eas mortos, incluindo brasileira","datePublished":"2020-10-30T12:38:29+00:00","dateModified":"2020-10-30T12:39:37+00:00","mainEntityOfPage":{"@id":"https:\/\/www.suno.com.br\/noticias\/franca-brasileira-vitima-atentado-terrorista-basilica-nice\/"},"wordCount":491,"publisher":{"@id":"https:\/\/www.suno.com.br\/noticias\/#organization"},"image":{"@id":"https:\/\/www.suno.com.br\/noticias\/franca-brasileira-vitima-atentado-terrorista-basilica-nice\/#primaryimage"},"thumbnailUrl":"https:\/\/files.sunoresearch.com.br\/n\/uploads\/2020\/10\/3d668353-franca-nice-brasileira-jpeg.webp","keywords":["Fran\u00e7a","Itamaraty","Minist\u00e9rio das Rela\u00e7\u00f5es Exteriores"],"articleSection":["Internacional"],"inLanguage":"pt-BR"},{"@type":"WebPage","@id":"https:\/\/www.suno.com.br\/noticias\/franca-brasileira-vitima-atentado-terrorista-basilica-nice\/","url":"https:\/\/www.suno.com.br\/noticias\/franca-brasileira-vitima-atentado-terrorista-basilica-nice\/","name":"Brasileira \u00e9 um das v\u00edtimas do atentando \u00e0 bas\u00edlica de Nice, Fran\u00e7a","isPartOf":{"@id":"https:\/\/www.suno.com.br\/noticias\/#website"},"primaryImageOfPage":{"@id":"https:\/\/www.suno.com.br\/noticias\/franca-brasileira-vitima-atentado-terrorista-basilica-nice\/#primaryimage"},"image":{"@id":"https:\/\/www.suno.com.br\/noticias\/franca-brasileira-vitima-atentado-terrorista-basilica-nice\/#primaryimage"},"thumbnailUrl":"https:\/\/files.sunoresearch.com.br\/n\/uploads\/2020\/10\/3d668353-franca-nice-brasileira-jpeg.webp","datePublished":"2020-10-30T12:38:29+00:00","dateModified":"2020-10-30T12:39:37+00:00","description":"Uma das v\u00edtimas do atentado terrorista na Bas\u00edlica de Norte-Dame na Fran\u00e7a, era a brasileira Simone Barreto Silva de 44 anos.\u00a0Clique aqui","breadcrumb":{"@id":"https:\/\/www.suno.com.br\/noticias\/franca-brasileira-vitima-atentado-terrorista-basilica-nice\/#breadcrumb"},"inLanguage":"pt-BR","potentialAction":[{"@type":"ReadAction","target":["https:\/\/www.suno.com.br\/noticias\/franca-brasileira-vitima-atentado-terrorista-basilica-nice\/"]}]},{"@type":"ImageObject","inLanguage":"pt-BR","@id":"https:\/\/www.suno.com.br\/noticias\/franca-brasileira-vitima-atentado-terrorista-basilica-nice\/#primaryimage","url":"https:\/\/files.sunoresearch.com.br\/n\/uploads\/2020\/10\/3d668353-franca-nice-brasileira-jpeg.webp","contentUrl":"https:\/\/files.sunoresearch.com.br\/n\/uploads\/2020\/10\/3d668353-franca-nice-brasileira-jpeg.webp","width":1000,"height":563,"caption":"Uma das v\u00edtimas do atentado terrorista na Bas\u00edlica de Norte-Dame na Fran\u00e7a, era a brasileira Simone Barreto Silva de 44 anos"},{"@type":"BreadcrumbList","@id":"https:\/\/www.suno.com.br\/noticias\/franca-brasileira-vitima-atentado-terrorista-basilica-nice\/#breadcrumb","itemListElement":[{"@type":"ListItem","position":1,"name":"Not\u00edcias","item":"https:\/\/www.suno.com.br\/noticias\/"},{"@type":"ListItem","position":2,"name":"Internacional","item":"https:\/\/www.suno.com.br\/noticias\/internacional\/"},{"@type":"ListItem","position":3,"name":"Atentado a faca na Fran\u00e7a deixa tr\u00eas mortos, incluindo brasileira"}]},{"@type":"WebSite","@id":"https:\/\/www.suno.com.br\/noticias\/#website","url":"https:\/\/www.suno.com.br\/noticias\/","name":"Suno Not\u00edcias","description":"Seu portal de informa\u00e7\u00e3o sobre o mundo dos investimentos","publisher":{"@id":"https:\/\/www.suno.com.br\/noticias\/#organization"},"potentialAction":[{"@type":"SearchAction","target":{"@type":"EntryPoint","urlTemplate":"https:\/\/www.suno.com.br\/noticias\/?s={search_term_string}"},"query-input":{"@type":"PropertyValueSpecification","valueRequired":true,"valueName":"search_term_string"}}],"inLanguage":"pt-BR"},{"@type":"Organization","@id":"https:\/\/www.suno.com.br\/noticias\/#organization","name":"Suno Not\u00edcias","url":"https:\/\/www.suno.com.br\/noticias\/","logo":{"@type":"ImageObject","inLanguage":"pt-BR","@id":"https:\/\/www.suno.com.br\/noticias\/#\/schema\/logo\/image\/","url":"https:\/\/files.sunoresearch.com.br\/n\/uploads\/2021\/09\/suno-logo.png","contentUrl":"https:\/\/files.sunoresearch.com.br\/n\/uploads\/2021\/09\/suno-logo.png","width":180,"height":180,"caption":"Suno Not\u00edcias"},"image":{"@id":"https:\/\/www.suno.com.br\/noticias\/#\/schema\/logo\/image\/"},"sameAs":["https:\/\/facebook.com\/sunoresearch","https:\/\/x.com\/sunoresearch","https:\/\/www.instagram.com\/suno","https:\/\/www.linkedin.com\/company\/suno-research\/","https:\/\/www.youtube.com\/c\/sunoresearch"]},{"@type":"Person","@id":"https:\/\/www.suno.com.br\/noticias\/#\/schema\/person\/02ec1f752758247878a2bf4abee1aeda","name":"Poliana Santos","image":{"@type":"ImageObject","inLanguage":"pt-BR","@id":"https:\/\/www.suno.com.br\/noticias\/#\/schema\/person\/image\/","url":"https:\/\/secure.gravatar.com\/avatar\/0645bd32f23d87b2130f2b2dff1d3f8d?s=96&r=g","contentUrl":"https:\/\/secure.gravatar.com\/avatar\/0645bd32f23d87b2130f2b2dff1d3f8d?s=96&r=g","caption":"Poliana Santos"},"description":"Rep\u00f3rter no Suno Not\u00edcias, com cobertura em mercado financeiro, economia, finan\u00e7as pessoais, renda fixa e varejo. Jornalista formada pela Faculdade C\u00e1sper L\u00edbero e possui passagem na R\u00e1dio Gazeta AM com a produ\u00e7\u00e3o de conte\u00fado sobre economia, pol\u00edtica, sa\u00fade, moda e m\u00fasica. Possui certificado de conclus\u00e3o do curso de An\u00e1lise de Balan\u00e7os pela Funda\u00e7\u00e3o Bradesco, Agenda Brasil pela FAAP, Educa\u00e7\u00e3o Pol\u00edtica por Alexandre Garcia e do Tesouro Direto e Mercado de A\u00e7\u00f5es pela B3.","url":"https:\/\/www.suno.com.br\/noticias\/author\/poliana-santos\/"}]}},"default_loop_html":"<div class=\"cardsPage__listCard__boxs\"><div class=\"cardsPage__listCard__boxs__img\"><a href=\"https:\/\/www.suno.com.br\/noticias\/franca-brasileira-vitima-atentado-terrorista-basilica-nice\/\"><img class=\"mask\" src=\"https:\/\/www.suno.com.br\/noticias\/wp-content\/themes\/suno\/resources\/images\/spotlight\/spotlight1img\/bg-mask.png\" alt=\"Image Mask\"\/><img src=\"https:\/\/files.sunoresearch.com.br\/n\/uploads\/2020\/10\/3d668353-franca-nice-brasileira-400x200.webp\" alt=\"Atentado a faca na Fran\u00e7a deixa tr\u00eas mortos, incluindo brasileira\"\/><\/a><span class=\"spotlightCategory\"><a href=\"https:\/\/www.suno.com.br\/noticias\/internacional\/\">Internacional<\/a><\/span><\/div><div class=\"cardsPage__listCard__boxs__content\"><a href=\"https:\/\/www.suno.com.br\/noticias\/franca-brasileira-vitima-atentado-terrorista-basilica-nice\/\"><h2 class=\"content__title\">Atentado a faca na Fran\u00e7a deixa tr\u00eas mortos, incluindo brasileira<\/h2><\/a><div class=\"newsContent__article__meta\"><div class=\"newsContent__article__meta__authorBox\"><a href=\"https:\/\/www.suno.com.br\/noticias\/author\/poliana-santos\/\" class=\"authorBox__avatar noMobi\"><img src=\"https:\/\/files.sunoresearch.com.br\/n\/uploads\/2020\/08\/7ef34026-whatsapp-image-2020-08-03-at-12.37.57-150x150.webp\" alt=\"Poliana Santos\"><\/a><div class=\"authorBox__name\"><span>por\n\t\t\t<a href=\"https:\/\/www.suno.com.br\/noticias\/author\/poliana-santos\/\"><span itemprop=\"author\">Poliana Santos<\/span><\/a><\/span><time datetime=\"2020-10-30T09:38:29-03:00\" itemprop=\"datePublished\">30\/10\/2020 09:38<\/time><\/div><\/div><\/div><\/div><\/div>","single_layout":"posts","amp_enabled":true,"_links":{"self":[{"href":"https:\/\/www.suno.com.br\/noticias\/wp-json\/wp\/v2\/posts\/96219"}],"collection":[{"href":"https:\/\/www.suno.com.br\/noticias\/wp-json\/wp\/v2\/posts"}],"about":[{"href":"https:\/\/www.suno.com.br\/noticias\/wp-json\/wp\/v2\/types\/post"}],"author":[{"embeddable":true,"href":"https:\/\/www.suno.com.br\/noticias\/wp-json\/wp\/v2\/users\/15"}],"replies":[{"embeddable":true,"href":"https:\/\/www.suno.com.br\/noticias\/wp-json\/wp\/v2\/comments?post=96219"}],"version-history":[{"count":0,"href":"https:\/\/www.suno.com.br\/noticias\/wp-json\/wp\/v2\/posts\/96219\/revisions"}],"wp:featuredmedia":[{"embeddable":true,"href":"https:\/\/www.suno.com.br\/noticias\/wp-json\/wp\/v2\/media\/96237"}],"wp:attachment":[{"href":"https:\/\/www.suno.com.br\/noticias\/wp-json\/wp\/v2\/media?parent=96219"}],"wp:term":[{"taxonomy":"category","embeddable":true,"href":"https:\/\/www.suno.com.br\/noticias\/wp-json\/wp\/v2\/categories?post=96219"},{"taxonomy":"post_tag","embeddable":true,"href":"https:\/\/www.suno.com.br\/noticias\/wp-json\/wp\/v2\/tags?post=96219"},{"taxonomy":"suno_strategy","embeddable":true,"href":"https:\/\/www.suno.com.br\/noticias\/wp-json\/wp\/v2\/suno_strategy?post=96219"}],"curies":[{"name":"wp","href":"https:\/\/api.w.org\/{rel}","templated":true}]}}