{"id":96126,"date":"2020-10-29T19:49:10","date_gmt":"2020-10-29T22:49:10","guid":{"rendered":"https:\/\/www.suno.com.br\/noticias\/?p=96126"},"modified":"2020-10-30T10:10:03","modified_gmt":"2020-10-30T13:10:03","slug":"itau-itub4-indica-substituto-bracher","status":"publish","type":"post","link":"https:\/\/www.suno.com.br\/noticias\/itau-itub4-indica-substituto-bracher\/","title":{"rendered":"Ita\u00fa (ITUB4) indica substituto de Candido Bracher \u00e0 presid\u00eancia do banco"},"content":{"rendered":"<p>O <a href=\"https:\/\/www.suno.com.br\/acoes\/itub3\/\"><strong>Ita\u00fa<\/strong> Unibanco (ITUB3;<\/a> <a href=\"https:\/\/www.suno.com.br\/acoes\/itub4\/\">ITUB4<\/a>) comunicou nesta quinta-feira (29) a nomea\u00e7\u00e3o de Milton Maluhy Filho como novo presidente do conglomerado, em substitui\u00e7\u00e3o a <a href=\"https:\/\/www.suno.com.br\/tudo-sobre\/candido-bracher\/\">Candido Bracher<\/a>, que vai completar a idade limite de 62 anos no pr\u00f3ximo m\u00eas de dezembro.<\/p>\t<div class=\"wrapper-featured-image\">\n\t\t<figure class=\"spotlightImg\">\n\n\t\t\t<picture>\n\t\t\t\t<source media=\"(max-width: 768px)\" srcset=\"https:\/\/files.sunoresearch.com.br\/n\/uploads\/2020\/10\/5c734d22-milton-maluhy-filho_divulgacao-2-400x200.jpg\">\n\t\t\t\t<img loading=\"lazy\" decoding=\"async\" class=\"newsContent__article__imgCapa lazyloadDisabled \" src=\"https:\/\/files.sunoresearch.com.br\/n\/uploads\/2020\/10\/5c734d22-milton-maluhy-filho_divulgacao-2-800x450.jpg\" width=\"800\" height=\"450\" alt=\"Ita\u00fa (ITUB4) indica substituto de Candido Bracher \u00e0 presid\u00eancia do banco\" fetchpriority=high \/>\n\t\t\t<\/picture>\n\n\t\t\t<figcaption class=\"wp-caption-text wp-caption-text--show\">Milton Maluhy Filho \u00e9 anunciado novo presidente do Ita\u00fa (Foto: Divulga\u00e7\u00e3o)<\/figcaption>\n\t\t<\/figure>\n\t<\/div>\n\n\n\t<p>\n\t\t<a href=\"\" target=\"_blank\" data-element=\"shortcode-suno-banner\" title=\"Banner SUNO, clique e saiba mais\">\n\t\t\t<picture>\n\t\t\t\t<source media=\"(max-width: 500px)\" srcset=\"\">\n\t\t\t\t<img class=\"newsContent__article__imgCapa newsContent__article__imgCapa--banner\"\n\t\t\t\t\tsrc=\"\"\n\t\t\t\t\tdata-promo-id=\"91807\"\t\t\t\t\t\t\t\t\t\t\t\t\t\t\talt=\"\"\n\t\t\t\t>\n\t\t\t<\/picture>\n\t\t<\/a>\n\t<\/p>\n\n\n<p>Com isso, a institui\u00e7\u00e3o financeira informou que os executivos v\u00e3o conduzir, nos pr\u00f3ximos tr\u00eas meses, um processo de transi\u00e7\u00e3o e a implementa\u00e7\u00e3o de <strong>Maluhy<\/strong> como novo presidente. O diretor assumir\u00e1 as novas fun\u00e7\u00f5es em 2 de fevereiro do ano que vem, informou a Ita\u00fa.<\/p>\n<p>Maluhy possui 44 anos e ingressou na empresa em janeiro de 2002. O executivo ocupou as cadeiras de Gerente de C\u00e2mbio, Officer, Diretor e Diretor Executivo de Produtos, Mesas e Opera\u00e7\u00f5es de Atacado, Diretor Executivo da Rede e de Cart\u00f5es, CEO do Ita\u00fa no Chile e Vice Presidente da \u00e1rea de Riscos e Finan\u00e7as.<\/p>\n<p><a href=\"https:\/\/lp.suno.com.br\/suno-one\/\">Suno One: acesse gratuitamente eBooks, Minicursos, Artigos e Video Aulas sobre investimentos com um \u00fanico cadastro. Clique para saber mais!<\/a><\/p>\n<p>&#8220;Em todas estas posi\u00e7\u00f5es sempre se destacou pela determina\u00e7\u00e3o na busca de resultados, pelo foco no interesse do cliente, pela capacidade de criar equipes produtivas e harmoniosas e pela grande identifica\u00e7\u00e3o com a nossa cultura, o que o levou \u00e0 posi\u00e7\u00e3o de s\u00f3cio do banco em 2011, aos 35 anos&#8221;, ressaltou o Ita\u00fa.<\/p>\n<p>Entre as prioridades atuais, est\u00e3o a digitaliza\u00e7\u00e3o das opera\u00e7\u00f5es da companhia e a busca do crescimento em um contexto competitivo e din\u00e2mico. Para o grupo financeiro, a experi\u00eancia de Maluhy torna-o &#8220;especialmente&#8221; qualificado para assumir as fun\u00e7\u00f5es de <a href=\"https:\/\/www.suno.com.br\/artigos\/ceo\/\">CEO do Ita\u00fa Unibanco<\/a>.<\/p>\n\t<div data-element=\"shortcode-read-more\" class=\"knowMore\">\n\t\t\t\t<span class=\"knowMore__title\">Saiba mais<\/span>\n\t\t\t\t<a class=\"knowMore__link\" href=\"https:\/\/www.suno.com.br\/noticias\/itau-itub4-batalha-corretoras-ion\/\">\n\t\t\tIta\u00fa (ITUB4) entra na &quot;batalha das corretoras&quot; com o app \u00cdON\t\t<\/a>\n\t<\/div>\n\n\n<p>Ao novo presidente caber\u00e1 a tarefa de liderar, em parceria com o conselho de administra\u00e7\u00e3o, a agenda e estabelecer os rumos do Ita\u00fa pelas pr\u00f3ximas d\u00e9cadas.<\/p>\n<h2>Ita\u00fa indica nova diretor de Rela\u00e7\u00f5es com Investidores<\/h2>\n<p>Al\u00e9m disso, o banco comunicou, mais cedo nesta quinta-feira, a indica\u00e7\u00e3o de <strong>Renato Lulia Jacob<\/strong> como o novo diretor de <a href=\"https:\/\/www.suno.com.br\/artigos\/relacoes-com-investidores\/\">Rela\u00e7\u00f5es com Investidores<\/a>, em substitui\u00e7\u00e3o a Alexsandro Broedel.<br \/>\n\t<p>\n\t\t<a href=\"\" target=\"_blank\" data-element=\"shortcode-suno-banner\" title=\"Banner SUNO, clique e saiba mais\">\n\t\t\t<picture>\n\t\t\t\t<source media=\"(max-width: 500px)\" srcset=\"\">\n\t\t\t\t<img class=\"newsContent__article__imgCapa newsContent__article__imgCapa--banner\"\n\t\t\t\t\tsrc=\"\"\n\t\t\t\t\tdata-promo-id=\"94862\"\t\t\t\t\t\t\t\t\t\t\t\t\t\t\talt=\"\"\n\t\t\t\t>\n\t\t\t<\/picture>\n\t\t<\/a>\n\t<\/p>\n\n<br \/>\nJacob trabalha no conglomerado h\u00e1 19 anos, onde ocupou os cargos de diretor Presidente e membro do conselho de administra\u00e7\u00e3o no Ita\u00fa BBA International, no Reino Unido e de membro dos conselhos do Ita\u00fa International, nos EUA e Ita\u00fa Suisse, na Su\u00ed\u00e7a. O novo diretor de RI tamb\u00e9m ocupou as posi\u00e7\u00f5es de diretor Gerente no Banco Ita\u00fa Argentina e de diretor Gerente e Chefe do CIB Europa.<\/p>\n<p>Com a mudan\u00e7a, Broedel vai deixar as fun\u00e7\u00f5es de diretor Executivo de Finan\u00e7as e de Rela\u00e7\u00f5es\u00a0 com Investidores e permanecer como diretor Executivo de Finan\u00e7as do <strong>Ita\u00fa<\/strong>.<\/p>\n\t<p>\n\t\t<a href=\"https:\/\/lp.suno.com.br\/planilha-de-controle-de-investimentos\/\" target=\"_blank\" data-element=\"shortcode-suno-banner\" title=\"Banner SUNO, clique e saiba mais\">\n\t\t\t<picture>\n\t\t\t\t<source media=\"(max-width: 500px)\" srcset=\"https:\/\/files.sunoresearch.com.br\/n\/uploads\/2023\/03\/400x300-Controle-de-Investimentos.png\">\n\t\t\t\t<img class=\"newsContent__article__imgCapa newsContent__article__imgCapa--banner\"\n\t\t\t\t\tsrc=\"https:\/\/files.sunoresearch.com.br\/n\/uploads\/2023\/03\/1420x240-Controle-de-Investimentos.png\"\n\t\t\t\t\tdata-promo-id=\"75934\"\t\t\t\t\t\t\t\t\t\twidth='1420' height='240'\t\t\t\t\talt=\"https:\/\/files.sunoresearch.com.br\/n\/uploads\/2023\/03\/1420x240-Controle-de-Investimentos.png\"\n\t\t\t\t>\n\t\t\t<\/picture>\n\t\t<\/a>\n\t<\/p>\n\n\n","protected":false},"excerpt":{"rendered":"<p>O Ita\u00fa Unibanco (ITUB3; ITUB4) comunicou nesta quinta-feira (29) a nomea\u00e7\u00e3o de Milton Maluhy Filho como novo presidente do conglomerado, em substitui\u00e7\u00e3o a Candido Bracher, que vai completar a idade limite de 62 anos no pr\u00f3ximo m\u00eas de dezembro. Milton Maluhy Filho \u00e9 anunciado novo presidente do Ita\u00fa (Foto: Divulga\u00e7\u00e3o) Com isso, a institui\u00e7\u00e3o financeira [&hellip;]<\/p>\n","protected":false},"author":35,"featured_media":96143,"comment_status":"closed","ping_status":"closed","sticky":false,"template":"","format":"standard","meta":[],"categories":[64],"tags":[519],"suno_strategy":[],"class_list":["post-96126","post","type-post","status-publish","format-standard","has-post-thumbnail","hentry","category-negocios","tag-itau-unibanco-itub3-itub4"],"yoast_head":"<!-- This site is optimized with the Yoast SEO plugin v24.4 - https:\/\/yoast.com\/wordpress\/plugins\/seo\/ -->\n<title>Ita\u00fa (ITUB4) indica substituto de Candido Bracher \u00e0 presid\u00eancia do banco<\/title>\n<meta name=\"description\" content=\"O Ita\u00fa Unibanco (ITUB4) comunicou a nomea\u00e7\u00e3o de Milton Maluhy Filho como presidente em substitui\u00e7\u00e3o a Candido Bracher. Clique para saber mais\" \/>\n<meta name=\"robots\" content=\"index, follow, max-snippet:-1, max-image-preview:large, max-video-preview:-1\" \/>\n<link rel=\"canonical\" href=\"https:\/\/www.suno.com.br\/noticias\/itau-itub4-indica-substituto-bracher\/\" \/>\n<meta property=\"og:locale\" content=\"pt_BR\" \/>\n<meta property=\"og:type\" content=\"article\" \/>\n<meta property=\"og:title\" content=\"Ita\u00fa (ITUB4) indica substituto de Candido Bracher \u00e0 presid\u00eancia do banco\" \/>\n<meta property=\"og:description\" content=\"O Ita\u00fa Unibanco (ITUB4) comunicou a nomea\u00e7\u00e3o de Milton Maluhy Filho como presidente em substitui\u00e7\u00e3o a Candido Bracher. Clique para saber mais\" \/>\n<meta property=\"og:url\" content=\"https:\/\/www.suno.com.br\/noticias\/itau-itub4-indica-substituto-bracher\/\" \/>\n<meta property=\"og:site_name\" content=\"Suno Not\u00edcias\" \/>\n<meta property=\"article:publisher\" content=\"https:\/\/facebook.com\/sunoresearch\" \/>\n<meta property=\"og:image\" content=\"https:\/\/files.sunoresearch.com.br\/n\/uploads\/2020\/10\/5c734d22-milton-maluhy-filho_divulgacao-2-scaled.jpg\" \/>\n\t<meta property=\"og:image:width\" content=\"2560\" \/>\n\t<meta property=\"og:image:height\" content=\"1707\" \/>\n\t<meta property=\"og:image:type\" content=\"image\/jpeg\" \/>\n<meta name=\"author\" content=\"Arthur Guimar\u00e3es\" \/>\n<meta name=\"twitter:card\" content=\"summary_large_image\" \/>\n<meta name=\"twitter:creator\" content=\"@sunoresearch\" \/>\n<meta name=\"twitter:site\" content=\"@sunoresearch\" \/>\n<meta name=\"twitter:label1\" content=\"Escrito por\" \/>\n\t<meta name=\"twitter:data1\" content=\"Arthur Guimar\u00e3es\" \/>\n\t<meta name=\"twitter:label2\" content=\"Est. tempo de leitura\" \/>\n\t<meta name=\"twitter:data2\" content=\"2 minutos\" \/>\n<script type=\"application\/ld+json\" class=\"yoast-schema-graph\">{\"@context\":\"https:\/\/schema.org\",\"@graph\":[{\"@type\":\"NewsArticle\",\"@id\":\"https:\/\/www.suno.com.br\/noticias\/itau-itub4-indica-substituto-bracher\/#article\",\"isPartOf\":{\"@id\":\"https:\/\/www.suno.com.br\/noticias\/itau-itub4-indica-substituto-bracher\/\"},\"author\":{\"name\":\"Arthur Guimar\u00e3es\",\"@id\":\"https:\/\/www.suno.com.br\/noticias\/#\/schema\/person\/053a750a709a263919a20f976caae91c\"},\"headline\":\"Ita\u00fa (ITUB4) indica substituto de Candido Bracher \u00e0 presid\u00eancia do banco\",\"datePublished\":\"2020-10-29T22:49:10+00:00\",\"dateModified\":\"2020-10-30T13:10:03+00:00\",\"mainEntityOfPage\":{\"@id\":\"https:\/\/www.suno.com.br\/noticias\/itau-itub4-indica-substituto-bracher\/\"},\"wordCount\":469,\"publisher\":{\"@id\":\"https:\/\/www.suno.com.br\/noticias\/#organization\"},\"image\":{\"@id\":\"https:\/\/www.suno.com.br\/noticias\/itau-itub4-indica-substituto-bracher\/#primaryimage\"},\"thumbnailUrl\":\"https:\/\/files.sunoresearch.com.br\/n\/uploads\/2020\/10\/5c734d22-milton-maluhy-filho_divulgacao-2-scaled.jpg\",\"keywords\":[\"Ita\u00fa Unibanco (ITUB3\/ITUB4)\"],\"articleSection\":[\"Neg\u00f3cios\"],\"inLanguage\":\"pt-BR\"},{\"@type\":\"WebPage\",\"@id\":\"https:\/\/www.suno.com.br\/noticias\/itau-itub4-indica-substituto-bracher\/\",\"url\":\"https:\/\/www.suno.com.br\/noticias\/itau-itub4-indica-substituto-bracher\/\",\"name\":\"Ita\u00fa (ITUB4) indica substituto de Candido Bracher \u00e0 presid\u00eancia do banco\",\"isPartOf\":{\"@id\":\"https:\/\/www.suno.com.br\/noticias\/#website\"},\"primaryImageOfPage\":{\"@id\":\"https:\/\/www.suno.com.br\/noticias\/itau-itub4-indica-substituto-bracher\/#primaryimage\"},\"image\":{\"@id\":\"https:\/\/www.suno.com.br\/noticias\/itau-itub4-indica-substituto-bracher\/#primaryimage\"},\"thumbnailUrl\":\"https:\/\/files.sunoresearch.com.br\/n\/uploads\/2020\/10\/5c734d22-milton-maluhy-filho_divulgacao-2-scaled.jpg\",\"datePublished\":\"2020-10-29T22:49:10+00:00\",\"dateModified\":\"2020-10-30T13:10:03+00:00\",\"description\":\"O Ita\u00fa Unibanco (ITUB4) comunicou a nomea\u00e7\u00e3o de Milton Maluhy Filho como presidente em substitui\u00e7\u00e3o a Candido Bracher. Clique para saber mais\",\"breadcrumb\":{\"@id\":\"https:\/\/www.suno.com.br\/noticias\/itau-itub4-indica-substituto-bracher\/#breadcrumb\"},\"inLanguage\":\"pt-BR\",\"potentialAction\":[{\"@type\":\"ReadAction\",\"target\":[\"https:\/\/www.suno.com.br\/noticias\/itau-itub4-indica-substituto-bracher\/\"]}]},{\"@type\":\"ImageObject\",\"inLanguage\":\"pt-BR\",\"@id\":\"https:\/\/www.suno.com.br\/noticias\/itau-itub4-indica-substituto-bracher\/#primaryimage\",\"url\":\"https:\/\/files.sunoresearch.com.br\/n\/uploads\/2020\/10\/5c734d22-milton-maluhy-filho_divulgacao-2-scaled.jpg\",\"contentUrl\":\"https:\/\/files.sunoresearch.com.br\/n\/uploads\/2020\/10\/5c734d22-milton-maluhy-filho_divulgacao-2-scaled.jpg\",\"width\":2560,\"height\":1707,\"caption\":\"Milton Maluhy Filho \u00e9 anunciado novo presidente do Ita\u00fa (Foto: Divulga\u00e7\u00e3o)\"},{\"@type\":\"BreadcrumbList\",\"@id\":\"https:\/\/www.suno.com.br\/noticias\/itau-itub4-indica-substituto-bracher\/#breadcrumb\",\"itemListElement\":[{\"@type\":\"ListItem\",\"position\":1,\"name\":\"Not\u00edcias\",\"item\":\"https:\/\/www.suno.com.br\/noticias\/\"},{\"@type\":\"ListItem\",\"position\":2,\"name\":\"Neg\u00f3cios\",\"item\":\"https:\/\/www.suno.com.br\/noticias\/negocios\/\"},{\"@type\":\"ListItem\",\"position\":3,\"name\":\"Ita\u00fa (ITUB4) indica substituto de Candido Bracher \u00e0 presid\u00eancia do banco\"}]},{\"@type\":\"WebSite\",\"@id\":\"https:\/\/www.suno.com.br\/noticias\/#website\",\"url\":\"https:\/\/www.suno.com.br\/noticias\/\",\"name\":\"Suno Not\u00edcias\",\"description\":\"Seu portal de informa\u00e7\u00e3o sobre o mundo dos investimentos\",\"publisher\":{\"@id\":\"https:\/\/www.suno.com.br\/noticias\/#organization\"},\"potentialAction\":[{\"@type\":\"SearchAction\",\"target\":{\"@type\":\"EntryPoint\",\"urlTemplate\":\"https:\/\/www.suno.com.br\/noticias\/?s={search_term_string}\"},\"query-input\":{\"@type\":\"PropertyValueSpecification\",\"valueRequired\":true,\"valueName\":\"search_term_string\"}}],\"inLanguage\":\"pt-BR\"},{\"@type\":\"Organization\",\"@id\":\"https:\/\/www.suno.com.br\/noticias\/#organization\",\"name\":\"Suno Not\u00edcias\",\"url\":\"https:\/\/www.suno.com.br\/noticias\/\",\"logo\":{\"@type\":\"ImageObject\",\"inLanguage\":\"pt-BR\",\"@id\":\"https:\/\/www.suno.com.br\/noticias\/#\/schema\/logo\/image\/\",\"url\":\"https:\/\/files.sunoresearch.com.br\/n\/uploads\/2021\/09\/suno-logo.png\",\"contentUrl\":\"https:\/\/files.sunoresearch.com.br\/n\/uploads\/2021\/09\/suno-logo.png\",\"width\":180,\"height\":180,\"caption\":\"Suno Not\u00edcias\"},\"image\":{\"@id\":\"https:\/\/www.suno.com.br\/noticias\/#\/schema\/logo\/image\/\"},\"sameAs\":[\"https:\/\/facebook.com\/sunoresearch\",\"https:\/\/x.com\/sunoresearch\",\"https:\/\/www.instagram.com\/suno\",\"https:\/\/www.linkedin.com\/company\/suno-research\/\",\"https:\/\/www.youtube.com\/c\/sunoresearch\"]},{\"@type\":\"Person\",\"@id\":\"https:\/\/www.suno.com.br\/noticias\/#\/schema\/person\/053a750a709a263919a20f976caae91c\",\"name\":\"Arthur Guimar\u00e3es\",\"image\":{\"@type\":\"ImageObject\",\"inLanguage\":\"pt-BR\",\"@id\":\"https:\/\/www.suno.com.br\/noticias\/#\/schema\/person\/image\/\",\"url\":\"https:\/\/secure.gravatar.com\/avatar\/1affd86a11209ae09eb6dd3bcad3e96c?s=96&r=g\",\"contentUrl\":\"https:\/\/secure.gravatar.com\/avatar\/1affd86a11209ae09eb6dd3bcad3e96c?s=96&r=g\",\"caption\":\"Arthur Guimar\u00e3es\"},\"description\":\"Arthur Guimar\u00e3es escreve sobre pol\u00edtica, economia e neg\u00f3cios para o portal de not\u00edcias da Suno Research. Atualmente, \u00e9 estudante de jornalismo pela Faculdade C\u00e1sper L\u00edbero.\",\"url\":\"https:\/\/www.suno.com.br\/noticias\/author\/arthur-guimaraes\/\"}]}<\/script>\n<!-- \/ Yoast SEO plugin. -->","yoast_head_json":{"title":"Ita\u00fa (ITUB4) indica substituto de Candido Bracher \u00e0 presid\u00eancia do banco","description":"O Ita\u00fa Unibanco (ITUB4) comunicou a nomea\u00e7\u00e3o de Milton Maluhy Filho como presidente em substitui\u00e7\u00e3o a Candido Bracher. Clique para saber mais","robots":{"index":"index","follow":"follow","max-snippet":"max-snippet:-1","max-image-preview":"max-image-preview:large","max-video-preview":"max-video-preview:-1"},"canonical":"https:\/\/www.suno.com.br\/noticias\/itau-itub4-indica-substituto-bracher\/","og_locale":"pt_BR","og_type":"article","og_title":"Ita\u00fa (ITUB4) indica substituto de Candido Bracher \u00e0 presid\u00eancia do banco","og_description":"O Ita\u00fa Unibanco (ITUB4) comunicou a nomea\u00e7\u00e3o de Milton Maluhy Filho como presidente em substitui\u00e7\u00e3o a Candido Bracher. Clique para saber mais","og_url":"https:\/\/www.suno.com.br\/noticias\/itau-itub4-indica-substituto-bracher\/","og_site_name":"Suno Not\u00edcias","article_publisher":"https:\/\/facebook.com\/sunoresearch","og_image":[{"width":2560,"height":1707,"url":"https:\/\/files.sunoresearch.com.br\/n\/uploads\/2020\/10\/5c734d22-milton-maluhy-filho_divulgacao-2-scaled.jpg","type":"image\/jpeg"}],"author":"Arthur Guimar\u00e3es","twitter_card":"summary_large_image","twitter_creator":"@sunoresearch","twitter_site":"@sunoresearch","twitter_misc":{"Escrito por":"Arthur Guimar\u00e3es","Est. tempo de leitura":"2 minutos"},"schema":{"@context":"https:\/\/schema.org","@graph":[{"@type":"NewsArticle","@id":"https:\/\/www.suno.com.br\/noticias\/itau-itub4-indica-substituto-bracher\/#article","isPartOf":{"@id":"https:\/\/www.suno.com.br\/noticias\/itau-itub4-indica-substituto-bracher\/"},"author":{"name":"Arthur Guimar\u00e3es","@id":"https:\/\/www.suno.com.br\/noticias\/#\/schema\/person\/053a750a709a263919a20f976caae91c"},"headline":"Ita\u00fa (ITUB4) indica substituto de Candido Bracher \u00e0 presid\u00eancia do banco","datePublished":"2020-10-29T22:49:10+00:00","dateModified":"2020-10-30T13:10:03+00:00","mainEntityOfPage":{"@id":"https:\/\/www.suno.com.br\/noticias\/itau-itub4-indica-substituto-bracher\/"},"wordCount":469,"publisher":{"@id":"https:\/\/www.suno.com.br\/noticias\/#organization"},"image":{"@id":"https:\/\/www.suno.com.br\/noticias\/itau-itub4-indica-substituto-bracher\/#primaryimage"},"thumbnailUrl":"https:\/\/files.sunoresearch.com.br\/n\/uploads\/2020\/10\/5c734d22-milton-maluhy-filho_divulgacao-2-scaled.jpg","keywords":["Ita\u00fa Unibanco (ITUB3\/ITUB4)"],"articleSection":["Neg\u00f3cios"],"inLanguage":"pt-BR"},{"@type":"WebPage","@id":"https:\/\/www.suno.com.br\/noticias\/itau-itub4-indica-substituto-bracher\/","url":"https:\/\/www.suno.com.br\/noticias\/itau-itub4-indica-substituto-bracher\/","name":"Ita\u00fa (ITUB4) indica substituto de Candido Bracher \u00e0 presid\u00eancia do banco","isPartOf":{"@id":"https:\/\/www.suno.com.br\/noticias\/#website"},"primaryImageOfPage":{"@id":"https:\/\/www.suno.com.br\/noticias\/itau-itub4-indica-substituto-bracher\/#primaryimage"},"image":{"@id":"https:\/\/www.suno.com.br\/noticias\/itau-itub4-indica-substituto-bracher\/#primaryimage"},"thumbnailUrl":"https:\/\/files.sunoresearch.com.br\/n\/uploads\/2020\/10\/5c734d22-milton-maluhy-filho_divulgacao-2-scaled.jpg","datePublished":"2020-10-29T22:49:10+00:00","dateModified":"2020-10-30T13:10:03+00:00","description":"O Ita\u00fa Unibanco (ITUB4) comunicou a nomea\u00e7\u00e3o de Milton Maluhy Filho como presidente em substitui\u00e7\u00e3o a Candido Bracher. Clique para saber mais","breadcrumb":{"@id":"https:\/\/www.suno.com.br\/noticias\/itau-itub4-indica-substituto-bracher\/#breadcrumb"},"inLanguage":"pt-BR","potentialAction":[{"@type":"ReadAction","target":["https:\/\/www.suno.com.br\/noticias\/itau-itub4-indica-substituto-bracher\/"]}]},{"@type":"ImageObject","inLanguage":"pt-BR","@id":"https:\/\/www.suno.com.br\/noticias\/itau-itub4-indica-substituto-bracher\/#primaryimage","url":"https:\/\/files.sunoresearch.com.br\/n\/uploads\/2020\/10\/5c734d22-milton-maluhy-filho_divulgacao-2-scaled.jpg","contentUrl":"https:\/\/files.sunoresearch.com.br\/n\/uploads\/2020\/10\/5c734d22-milton-maluhy-filho_divulgacao-2-scaled.jpg","width":2560,"height":1707,"caption":"Milton Maluhy Filho \u00e9 anunciado novo presidente do Ita\u00fa (Foto: Divulga\u00e7\u00e3o)"},{"@type":"BreadcrumbList","@id":"https:\/\/www.suno.com.br\/noticias\/itau-itub4-indica-substituto-bracher\/#breadcrumb","itemListElement":[{"@type":"ListItem","position":1,"name":"Not\u00edcias","item":"https:\/\/www.suno.com.br\/noticias\/"},{"@type":"ListItem","position":2,"name":"Neg\u00f3cios","item":"https:\/\/www.suno.com.br\/noticias\/negocios\/"},{"@type":"ListItem","position":3,"name":"Ita\u00fa (ITUB4) indica substituto de Candido Bracher \u00e0 presid\u00eancia do banco"}]},{"@type":"WebSite","@id":"https:\/\/www.suno.com.br\/noticias\/#website","url":"https:\/\/www.suno.com.br\/noticias\/","name":"Suno Not\u00edcias","description":"Seu portal de informa\u00e7\u00e3o sobre o mundo dos investimentos","publisher":{"@id":"https:\/\/www.suno.com.br\/noticias\/#organization"},"potentialAction":[{"@type":"SearchAction","target":{"@type":"EntryPoint","urlTemplate":"https:\/\/www.suno.com.br\/noticias\/?s={search_term_string}"},"query-input":{"@type":"PropertyValueSpecification","valueRequired":true,"valueName":"search_term_string"}}],"inLanguage":"pt-BR"},{"@type":"Organization","@id":"https:\/\/www.suno.com.br\/noticias\/#organization","name":"Suno Not\u00edcias","url":"https:\/\/www.suno.com.br\/noticias\/","logo":{"@type":"ImageObject","inLanguage":"pt-BR","@id":"https:\/\/www.suno.com.br\/noticias\/#\/schema\/logo\/image\/","url":"https:\/\/files.sunoresearch.com.br\/n\/uploads\/2021\/09\/suno-logo.png","contentUrl":"https:\/\/files.sunoresearch.com.br\/n\/uploads\/2021\/09\/suno-logo.png","width":180,"height":180,"caption":"Suno Not\u00edcias"},"image":{"@id":"https:\/\/www.suno.com.br\/noticias\/#\/schema\/logo\/image\/"},"sameAs":["https:\/\/facebook.com\/sunoresearch","https:\/\/x.com\/sunoresearch","https:\/\/www.instagram.com\/suno","https:\/\/www.linkedin.com\/company\/suno-research\/","https:\/\/www.youtube.com\/c\/sunoresearch"]},{"@type":"Person","@id":"https:\/\/www.suno.com.br\/noticias\/#\/schema\/person\/053a750a709a263919a20f976caae91c","name":"Arthur Guimar\u00e3es","image":{"@type":"ImageObject","inLanguage":"pt-BR","@id":"https:\/\/www.suno.com.br\/noticias\/#\/schema\/person\/image\/","url":"https:\/\/secure.gravatar.com\/avatar\/1affd86a11209ae09eb6dd3bcad3e96c?s=96&r=g","contentUrl":"https:\/\/secure.gravatar.com\/avatar\/1affd86a11209ae09eb6dd3bcad3e96c?s=96&r=g","caption":"Arthur Guimar\u00e3es"},"description":"Arthur Guimar\u00e3es escreve sobre pol\u00edtica, economia e neg\u00f3cios para o portal de not\u00edcias da Suno Research. Atualmente, \u00e9 estudante de jornalismo pela Faculdade C\u00e1sper L\u00edbero.","url":"https:\/\/www.suno.com.br\/noticias\/author\/arthur-guimaraes\/"}]}},"default_loop_html":"<div class=\"cardsPage__listCard__boxs\"><div class=\"cardsPage__listCard__boxs__img\"><a href=\"https:\/\/www.suno.com.br\/noticias\/itau-itub4-indica-substituto-bracher\/\"><img class=\"mask\" src=\"https:\/\/www.suno.com.br\/noticias\/wp-content\/themes\/suno\/resources\/images\/spotlight\/spotlight1img\/bg-mask.png\" alt=\"Image Mask\"\/><img src=\"https:\/\/files.sunoresearch.com.br\/n\/uploads\/2020\/10\/5c734d22-milton-maluhy-filho_divulgacao-2-400x200.jpg\" alt=\"Ita\u00fa (ITUB4) indica substituto de Candido Bracher \u00e0 presid\u00eancia do banco\"\/><\/a><span class=\"spotlightCategory\"><a href=\"https:\/\/www.suno.com.br\/noticias\/negocios\/\">Neg\u00f3cios<\/a><\/span><\/div><div class=\"cardsPage__listCard__boxs__content\"><a href=\"https:\/\/www.suno.com.br\/noticias\/itau-itub4-indica-substituto-bracher\/\"><h2 class=\"content__title\">Ita\u00fa (ITUB4) indica substituto de Candido Bracher \u00e0 presid\u00eancia do banco<\/h2><\/a><div class=\"newsContent__article__meta\"><div class=\"newsContent__article__meta__authorBox\"><a href=\"https:\/\/www.suno.com.br\/noticias\/author\/arthur-guimaraes\/\" class=\"authorBox__avatar noMobi\"><img src=\"https:\/\/files.sunoresearch.com.br\/n\/uploads\/2020\/02\/dfb40897-eu-150x150.webp\" alt=\"Arthur Guimar\u00e3es\"><\/a><div class=\"authorBox__name\"><span>por\n\t\t\t<a href=\"https:\/\/www.suno.com.br\/noticias\/author\/arthur-guimaraes\/\"><span itemprop=\"author\">Arthur Guimar\u00e3es<\/span><\/a><\/span><time datetime=\"2020-10-29T19:49:10-03:00\" itemprop=\"datePublished\">29\/10\/2020 19:49<\/time><\/div><\/div><\/div><\/div><\/div>","single_layout":"posts","amp_enabled":true,"_links":{"self":[{"href":"https:\/\/www.suno.com.br\/noticias\/wp-json\/wp\/v2\/posts\/96126"}],"collection":[{"href":"https:\/\/www.suno.com.br\/noticias\/wp-json\/wp\/v2\/posts"}],"about":[{"href":"https:\/\/www.suno.com.br\/noticias\/wp-json\/wp\/v2\/types\/post"}],"author":[{"embeddable":true,"href":"https:\/\/www.suno.com.br\/noticias\/wp-json\/wp\/v2\/users\/35"}],"replies":[{"embeddable":true,"href":"https:\/\/www.suno.com.br\/noticias\/wp-json\/wp\/v2\/comments?post=96126"}],"version-history":[{"count":0,"href":"https:\/\/www.suno.com.br\/noticias\/wp-json\/wp\/v2\/posts\/96126\/revisions"}],"wp:featuredmedia":[{"embeddable":true,"href":"https:\/\/www.suno.com.br\/noticias\/wp-json\/wp\/v2\/media\/96143"}],"wp:attachment":[{"href":"https:\/\/www.suno.com.br\/noticias\/wp-json\/wp\/v2\/media?parent=96126"}],"wp:term":[{"taxonomy":"category","embeddable":true,"href":"https:\/\/www.suno.com.br\/noticias\/wp-json\/wp\/v2\/categories?post=96126"},{"taxonomy":"post_tag","embeddable":true,"href":"https:\/\/www.suno.com.br\/noticias\/wp-json\/wp\/v2\/tags?post=96126"},{"taxonomy":"suno_strategy","embeddable":true,"href":"https:\/\/www.suno.com.br\/noticias\/wp-json\/wp\/v2\/suno_strategy?post=96126"}],"curies":[{"name":"wp","href":"https:\/\/api.w.org\/{rel}","templated":true}]}}