{"id":96120,"date":"2020-10-29T21:30:08","date_gmt":"2020-10-30T00:30:08","guid":{"rendered":"https:\/\/www.suno.com.br\/noticias\/?p=96120"},"modified":"2020-10-29T21:30:08","modified_gmt":"2020-10-30T00:30:08","slug":"nubank-procon-sp-mercado-pago-chaves-pix","status":"publish","type":"post","link":"https:\/\/www.suno.com.br\/noticias\/nubank-procon-sp-mercado-pago-chaves-pix\/","title":{"rendered":"Nubank responde Procon-SP sobre cadastros de chaves Pix"},"content":{"rendered":"<p>O Procon-SP informou nessa quinta-feira (29) que recebeu as explica\u00e7\u00f5es do <strong>Nubank<\/strong> e do Mercado Pago sobre os supostos cadastros de <a href=\"https:\/\/www.suno.com.br\/artigos\/pix\/\">chaves Pix<\/a> sem autoriza\u00e7\u00e3o pr\u00e9via dos clientes.<\/p>\t<div class=\"wrapper-featured-image\">\n\t\t<figure class=\"spotlightImg\">\n\n\t\t\t<picture>\n\t\t\t\t<source media=\"(max-width: 768px)\" srcset=\"https:\/\/files.sunoresearch.com.br\/n\/uploads\/2019\/08\/c5667880-nubank-400x200.webp\">\n\t\t\t\t<img loading=\"lazy\" decoding=\"async\" class=\"newsContent__article__imgCapa lazyloadDisabled \" src=\"https:\/\/files.sunoresearch.com.br\/n\/uploads\/2019\/08\/c5667880-nubank-800x450.webp\" width=\"800\" height=\"450\" alt=\"Nubank responde Procon-SP sobre cadastros de chaves Pix\" fetchpriority=high \/>\n\t\t\t<\/picture>\n\n\t\t\t<figcaption class=\"wp-caption-text wp-caption-text--show\">O Procon-SP recebeu as explica\u00e7\u00f5es do Nubank e do Mercado Pago sobre os supostos cadastros de chaves Pix sem autoriza\u00e7\u00e3o pr\u00e9via dos clientes.<\/figcaption>\n\t\t<\/figure>\n\t<\/div>\n\n\n<div class=\"hubspot-form-wrapper\">\n\t<div id=\"single-form-target\"><\/div>\n<\/div>\n\n<p>Ap\u00f3s avaliar, o <strong>\u00f3rg\u00e3o de defesa do consumidor<\/strong> apontou que o Nubank e o <strong>Mercado Pago<\/strong> apenas disponibilizaram informa\u00e7\u00f5es &#8220;sem condicion\u00e1-las \u00e0 ci\u00eancia pr\u00e9via para ades\u00e3o aos servi\u00e7os&#8221;.<\/p>\n<p>Nesse sentido o <strong>Procon-SP<\/strong> apontou que o <strong>Mercado Pago<\/strong> faz alus\u00e3o aos termos e condi\u00e7\u00f5es de uso do sistema de pagamentos instant\u00e2neos como um dos canais de acesso das informa\u00e7\u00f5es sobre o servi\u00e7o.<\/p>\n<p><a href=\"https:\/\/lp.suno.com.br\/suno-one\/\">Suno One: acesse gratuitamente eBooks, Minicursos, Artigos e Video Aulas sobre investimentos com um \u00fanico cadastro. Clique para saber mais!<\/a><\/p>\n<p>Contudo, o <strong>Procon<\/strong> considera que &#8220;mesmo quando a empresa condiciona o cadastro a v\u00e1rias etapas ou comportamentos ativos do consumidor, como apresenta\u00e7\u00e3o do documento pessoal, n\u00e3o ficou demonstrado que o mesmo teve acesso pr\u00e9vio, amplo e preciso das caracter\u00edsticas do servi\u00e7o&#8221;.<\/p>\n<p>Al\u00e9m disso, o <strong>Procon-SP<\/strong> salientou que no caso do Nubank, o consumidor \u00e9 informado que a ades\u00e3o o levar\u00e1 \u00e0 prefer\u00eancia de uso do <strong>Pix<\/strong> j\u00e1 em novembro desse ano.<\/p>\n<p>Frente a isso, o \u00f3rg\u00e3o aponta que &#8220;corre-se o risco da ades\u00e3o ter sido efetuada pelo consumidor apenas para obten\u00e7\u00e3o do uso mais c\u00e9lere da ferramenta. Para o Procon, \u00e9 question\u00e1vel se a referida prefer\u00eancia pode ser atribu\u00edda, sem configurar-se como pr\u00e1tica abusiva, em detrimento daqueles que realizarem o cadastro posteriormente&#8221;.<\/p>\n\t<div data-element=\"shortcode-read-more\" class=\"knowMore\">\n\t\t\t\t<span class=\"knowMore__title\">Veja tamb\u00e9m<\/span>\n\t\t\t\t<a class=\"knowMore__link\" href=\"https:\/\/www.suno.com.br\/noticias\/cade-corretora-easynvest-nubank-aprova\/\">\n\t\t\tNubank: Cade aprova compra da corretora Easynvest\t\t<\/a>\n\t<\/div>\n\n\n<p>As respostas das companhias ser\u00e3o analisadas pela diretoria de fiscaliza\u00e7\u00e3o, para analisar se h\u00e1 alguma irregularidade e imposi\u00e7\u00e3o das san\u00e7\u00f5es previstas no C\u00f3digo de Prote\u00e7\u00e3o e Defesa do Consumidor.<\/p>\n<h2>Procon notifica Nubank e Mercado Pago<\/h2>\n<p>O Procon de S\u00e3o Paulo informou no \u00faltimo dia 19 que notificou o Nubank e o <strong>Mercado Pago<\/strong> ap\u00f3s clientes das institui\u00e7\u00f5es reclamarem sobre cadastros de chaves <strong><a href=\"https:\/\/www.suno.com.br\/artigos\/pix\/\">Pix<\/a> <\/strong>sem autoriza\u00e7\u00e3o pr\u00e9via. Al\u00e9m disso, os usu\u00e1rios relataram dificuldade no cancelamento.<\/p>\n<p>Dentre os questionamentos feitos pelo <strong>Procon,<\/strong> estavam:<\/p>\n<ul>\n<li>Como e por quais canais est\u00e1 sendo ofertado e disponibilizado o cadastro dos consumidores ao <strong>Pix<\/strong><\/li>\n<li>Quais informa\u00e7\u00f5es s\u00e3o prestadas antes da realiza\u00e7\u00e3o do cadastro<\/li>\n<li>Como se d\u00e1 a confirma\u00e7\u00e3o ou anu\u00eancia inequ\u00edvoca dos consumidores<\/li>\n<li>Como o consumidor pode efetuar o cancelamento do cadastro<\/li>\n<li>Se verificaram a ocorr\u00eancia de problema sist\u00eamico que poderia ter dado causa ao cadastro indevido das chaves de seguran\u00e7a<\/li>\n<li>Quais provid\u00eancias t\u00eam sido adotadas para solu\u00e7\u00e3o dos problemas relatados<\/li>\n<li>Quais os canais de atendimento disponibilizados ao consumidor para atendimento.<\/li>\n<\/ul>\n<p>Al\u00e9m disso, tanto o <strong>Nubank<\/strong>, quanto o Mercado Pago, j\u00e1 haviam negado que teriam feito qualquer cadastro sem o consentimento dos clientes.<\/p>\n<p><em>Com informa\u00e7\u00f5es do Estad\u00e3o Conte\u00fado.<\/em><\/p>\n\t<p>\n\t\t<a href=\"https:\/\/lp.suno.com.br\/planilha-de-controle-de-investimentos\/\" target=\"_blank\" data-element=\"shortcode-suno-banner\" title=\"Banner SUNO, clique e saiba mais\">\n\t\t\t<picture>\n\t\t\t\t<source media=\"(max-width: 500px)\" srcset=\"https:\/\/files.sunoresearch.com.br\/n\/uploads\/2023\/03\/400x300-Controle-de-Investimentos.png\">\n\t\t\t\t<img class=\"newsContent__article__imgCapa newsContent__article__imgCapa--banner\"\n\t\t\t\t\tsrc=\"https:\/\/files.sunoresearch.com.br\/n\/uploads\/2023\/03\/1420x240-Controle-de-Investimentos.png\"\n\t\t\t\t\tdata-promo-id=\"75934\"\t\t\t\t\t\t\t\t\t\twidth='1420' height='240'\t\t\t\t\talt=\"https:\/\/files.sunoresearch.com.br\/n\/uploads\/2023\/03\/1420x240-Controle-de-Investimentos.png\"\n\t\t\t\t>\n\t\t\t<\/picture>\n\t\t<\/a>\n\t<\/p>\n\n\n","protected":false},"excerpt":{"rendered":"<p>O Procon-SP informou nessa quinta-feira (29) que recebeu as explica\u00e7\u00f5es do Nubank e do Mercado Pago sobre os supostos cadastros de chaves Pix sem autoriza\u00e7\u00e3o pr\u00e9via dos clientes. O Procon-SP recebeu as explica\u00e7\u00f5es do Nubank e do Mercado Pago sobre os supostos cadastros de chaves Pix sem autoriza\u00e7\u00e3o pr\u00e9via dos clientes. Ap\u00f3s avaliar, o \u00f3rg\u00e3o [&hellip;]<\/p>\n","protected":false},"author":39,"featured_media":35880,"comment_status":"closed","ping_status":"closed","sticky":false,"template":"","format":"standard","meta":[],"categories":[64],"tags":[1873,848,2637,1280],"suno_strategy":[],"class_list":["post-96120","post","type-post","status-publish","format-standard","has-post-thumbnail","hentry","category-negocios","tag-mercado-pago","tag-nubank","tag-pix","tag-procon"],"yoast_head":"<!-- This site is optimized with the Yoast SEO plugin v24.4 - https:\/\/yoast.com\/wordpress\/plugins\/seo\/ -->\n<title>Nubank responde Procon-SP sobre cadastros de chaves Pix<\/title>\n<meta name=\"description\" content=\"O Procon-SP recebeu as explica\u00e7\u00f5es do Nubank sobre os supostos cadastros no Pix sem autoriza\u00e7\u00e3o pr\u00e9via. Clique aqui e saiba mais.\" \/>\n<meta name=\"robots\" content=\"index, follow, max-snippet:-1, max-image-preview:large, max-video-preview:-1\" \/>\n<link rel=\"canonical\" href=\"https:\/\/www.suno.com.br\/noticias\/nubank-procon-sp-mercado-pago-chaves-pix\/\" \/>\n<meta property=\"og:locale\" content=\"pt_BR\" \/>\n<meta property=\"og:type\" content=\"article\" \/>\n<meta property=\"og:title\" content=\"Nubank responde Procon-SP sobre cadastros de chaves Pix\" \/>\n<meta property=\"og:description\" content=\"O Procon-SP recebeu as explica\u00e7\u00f5es do Nubank sobre os supostos cadastros no Pix sem autoriza\u00e7\u00e3o pr\u00e9via. Clique aqui e saiba mais.\" \/>\n<meta property=\"og:url\" content=\"https:\/\/www.suno.com.br\/noticias\/nubank-procon-sp-mercado-pago-chaves-pix\/\" \/>\n<meta property=\"og:site_name\" content=\"Suno Not\u00edcias\" \/>\n<meta property=\"article:publisher\" content=\"https:\/\/facebook.com\/sunoresearch\" \/>\n<meta property=\"og:image\" content=\"https:\/\/files.sunoresearch.com.br\/n\/uploads\/2019\/08\/c5667880-nubank.jpg\" \/>\n\t<meta property=\"og:image:width\" content=\"1400\" \/>\n\t<meta property=\"og:image:height\" content=\"933\" \/>\n\t<meta property=\"og:image:type\" content=\"image\/jpeg\" \/>\n<meta name=\"author\" content=\"Laura Moutinho\" \/>\n<meta name=\"twitter:card\" content=\"summary_large_image\" \/>\n<meta name=\"twitter:creator\" content=\"@sunoresearch\" \/>\n<meta name=\"twitter:site\" content=\"@sunoresearch\" \/>\n<meta name=\"twitter:label1\" content=\"Escrito por\" \/>\n\t<meta name=\"twitter:data1\" content=\"Laura Moutinho\" \/>\n\t<meta name=\"twitter:label2\" content=\"Est. tempo de leitura\" \/>\n\t<meta name=\"twitter:data2\" content=\"3 minutos\" \/>\n<script type=\"application\/ld+json\" class=\"yoast-schema-graph\">{\"@context\":\"https:\/\/schema.org\",\"@graph\":[{\"@type\":\"NewsArticle\",\"@id\":\"https:\/\/www.suno.com.br\/noticias\/nubank-procon-sp-mercado-pago-chaves-pix\/#article\",\"isPartOf\":{\"@id\":\"https:\/\/www.suno.com.br\/noticias\/nubank-procon-sp-mercado-pago-chaves-pix\/\"},\"author\":{\"name\":\"Laura Moutinho\",\"@id\":\"https:\/\/www.suno.com.br\/noticias\/#\/schema\/person\/3df0d2808748b74496efe5dbeaef2c72\"},\"headline\":\"Nubank responde Procon-SP sobre cadastros de chaves Pix\",\"datePublished\":\"2020-10-30T00:30:08+00:00\",\"mainEntityOfPage\":{\"@id\":\"https:\/\/www.suno.com.br\/noticias\/nubank-procon-sp-mercado-pago-chaves-pix\/\"},\"wordCount\":510,\"publisher\":{\"@id\":\"https:\/\/www.suno.com.br\/noticias\/#organization\"},\"image\":{\"@id\":\"https:\/\/www.suno.com.br\/noticias\/nubank-procon-sp-mercado-pago-chaves-pix\/#primaryimage\"},\"thumbnailUrl\":\"https:\/\/files.sunoresearch.com.br\/n\/uploads\/2019\/08\/c5667880-nubank-jpg.webp\",\"keywords\":[\"Mercado Pago\",\"Nubank (NUBR33)\",\"PIX\",\"Procon\"],\"articleSection\":[\"Neg\u00f3cios\"],\"inLanguage\":\"pt-BR\"},{\"@type\":\"WebPage\",\"@id\":\"https:\/\/www.suno.com.br\/noticias\/nubank-procon-sp-mercado-pago-chaves-pix\/\",\"url\":\"https:\/\/www.suno.com.br\/noticias\/nubank-procon-sp-mercado-pago-chaves-pix\/\",\"name\":\"Nubank responde Procon-SP sobre cadastros de chaves Pix\",\"isPartOf\":{\"@id\":\"https:\/\/www.suno.com.br\/noticias\/#website\"},\"primaryImageOfPage\":{\"@id\":\"https:\/\/www.suno.com.br\/noticias\/nubank-procon-sp-mercado-pago-chaves-pix\/#primaryimage\"},\"image\":{\"@id\":\"https:\/\/www.suno.com.br\/noticias\/nubank-procon-sp-mercado-pago-chaves-pix\/#primaryimage\"},\"thumbnailUrl\":\"https:\/\/files.sunoresearch.com.br\/n\/uploads\/2019\/08\/c5667880-nubank-jpg.webp\",\"datePublished\":\"2020-10-30T00:30:08+00:00\",\"description\":\"O Procon-SP recebeu as explica\u00e7\u00f5es do Nubank sobre os supostos cadastros no Pix sem autoriza\u00e7\u00e3o pr\u00e9via. Clique aqui e saiba mais.\",\"breadcrumb\":{\"@id\":\"https:\/\/www.suno.com.br\/noticias\/nubank-procon-sp-mercado-pago-chaves-pix\/#breadcrumb\"},\"inLanguage\":\"pt-BR\",\"potentialAction\":[{\"@type\":\"ReadAction\",\"target\":[\"https:\/\/www.suno.com.br\/noticias\/nubank-procon-sp-mercado-pago-chaves-pix\/\"]}]},{\"@type\":\"ImageObject\",\"inLanguage\":\"pt-BR\",\"@id\":\"https:\/\/www.suno.com.br\/noticias\/nubank-procon-sp-mercado-pago-chaves-pix\/#primaryimage\",\"url\":\"https:\/\/files.sunoresearch.com.br\/n\/uploads\/2019\/08\/c5667880-nubank-jpg.webp\",\"contentUrl\":\"https:\/\/files.sunoresearch.com.br\/n\/uploads\/2019\/08\/c5667880-nubank-jpg.webp\",\"width\":1400,\"height\":933,\"caption\":\"O Procon-SP recebeu as explica\u00e7\u00f5es do Nubank e do Mercado Pago sobre os supostos cadastros de chaves Pix sem autoriza\u00e7\u00e3o pr\u00e9via dos clientes.\"},{\"@type\":\"BreadcrumbList\",\"@id\":\"https:\/\/www.suno.com.br\/noticias\/nubank-procon-sp-mercado-pago-chaves-pix\/#breadcrumb\",\"itemListElement\":[{\"@type\":\"ListItem\",\"position\":1,\"name\":\"Not\u00edcias\",\"item\":\"https:\/\/www.suno.com.br\/noticias\/\"},{\"@type\":\"ListItem\",\"position\":2,\"name\":\"Neg\u00f3cios\",\"item\":\"https:\/\/www.suno.com.br\/noticias\/negocios\/\"},{\"@type\":\"ListItem\",\"position\":3,\"name\":\"Nubank responde Procon-SP sobre cadastros de chaves Pix\"}]},{\"@type\":\"WebSite\",\"@id\":\"https:\/\/www.suno.com.br\/noticias\/#website\",\"url\":\"https:\/\/www.suno.com.br\/noticias\/\",\"name\":\"Suno Not\u00edcias\",\"description\":\"Seu portal de informa\u00e7\u00e3o sobre o mundo dos investimentos\",\"publisher\":{\"@id\":\"https:\/\/www.suno.com.br\/noticias\/#organization\"},\"potentialAction\":[{\"@type\":\"SearchAction\",\"target\":{\"@type\":\"EntryPoint\",\"urlTemplate\":\"https:\/\/www.suno.com.br\/noticias\/?s={search_term_string}\"},\"query-input\":{\"@type\":\"PropertyValueSpecification\",\"valueRequired\":true,\"valueName\":\"search_term_string\"}}],\"inLanguage\":\"pt-BR\"},{\"@type\":\"Organization\",\"@id\":\"https:\/\/www.suno.com.br\/noticias\/#organization\",\"name\":\"Suno Not\u00edcias\",\"url\":\"https:\/\/www.suno.com.br\/noticias\/\",\"logo\":{\"@type\":\"ImageObject\",\"inLanguage\":\"pt-BR\",\"@id\":\"https:\/\/www.suno.com.br\/noticias\/#\/schema\/logo\/image\/\",\"url\":\"https:\/\/files.sunoresearch.com.br\/n\/uploads\/2021\/09\/suno-logo.png\",\"contentUrl\":\"https:\/\/files.sunoresearch.com.br\/n\/uploads\/2021\/09\/suno-logo.png\",\"width\":180,\"height\":180,\"caption\":\"Suno Not\u00edcias\"},\"image\":{\"@id\":\"https:\/\/www.suno.com.br\/noticias\/#\/schema\/logo\/image\/\"},\"sameAs\":[\"https:\/\/facebook.com\/sunoresearch\",\"https:\/\/x.com\/sunoresearch\",\"https:\/\/www.instagram.com\/suno\",\"https:\/\/www.linkedin.com\/company\/suno-research\/\",\"https:\/\/www.youtube.com\/c\/sunoresearch\"]},{\"@type\":\"Person\",\"@id\":\"https:\/\/www.suno.com.br\/noticias\/#\/schema\/person\/3df0d2808748b74496efe5dbeaef2c72\",\"name\":\"Laura Moutinho\",\"image\":{\"@type\":\"ImageObject\",\"inLanguage\":\"pt-BR\",\"@id\":\"https:\/\/www.suno.com.br\/noticias\/#\/schema\/person\/image\/\",\"url\":\"https:\/\/secure.gravatar.com\/avatar\/7571c7c8ca3a6fca5e41384ece5557ff?s=96&r=g\",\"contentUrl\":\"https:\/\/secure.gravatar.com\/avatar\/7571c7c8ca3a6fca5e41384ece5557ff?s=96&r=g\",\"caption\":\"Laura Moutinho\"},\"description\":\"Estagi\u00e1ria na Suno Not\u00edcias, escreve not\u00edcias que afetam o mercado financeiro. Estuda administra\u00e7\u00e3o na Universidade Presbiteriana Mackenzie.\",\"url\":\"https:\/\/www.suno.com.br\/noticias\/author\/laura-moutinho\/\"}]}<\/script>\n<!-- \/ Yoast SEO plugin. -->","yoast_head_json":{"title":"Nubank responde Procon-SP sobre cadastros de chaves Pix","description":"O Procon-SP recebeu as explica\u00e7\u00f5es do Nubank sobre os supostos cadastros no Pix sem autoriza\u00e7\u00e3o pr\u00e9via. Clique aqui e saiba mais.","robots":{"index":"index","follow":"follow","max-snippet":"max-snippet:-1","max-image-preview":"max-image-preview:large","max-video-preview":"max-video-preview:-1"},"canonical":"https:\/\/www.suno.com.br\/noticias\/nubank-procon-sp-mercado-pago-chaves-pix\/","og_locale":"pt_BR","og_type":"article","og_title":"Nubank responde Procon-SP sobre cadastros de chaves Pix","og_description":"O Procon-SP recebeu as explica\u00e7\u00f5es do Nubank sobre os supostos cadastros no Pix sem autoriza\u00e7\u00e3o pr\u00e9via. Clique aqui e saiba mais.","og_url":"https:\/\/www.suno.com.br\/noticias\/nubank-procon-sp-mercado-pago-chaves-pix\/","og_site_name":"Suno Not\u00edcias","article_publisher":"https:\/\/facebook.com\/sunoresearch","og_image":[{"width":1400,"height":933,"url":"https:\/\/files.sunoresearch.com.br\/n\/uploads\/2019\/08\/c5667880-nubank.jpg","type":"image\/jpeg"}],"author":"Laura Moutinho","twitter_card":"summary_large_image","twitter_creator":"@sunoresearch","twitter_site":"@sunoresearch","twitter_misc":{"Escrito por":"Laura Moutinho","Est. tempo de leitura":"3 minutos"},"schema":{"@context":"https:\/\/schema.org","@graph":[{"@type":"NewsArticle","@id":"https:\/\/www.suno.com.br\/noticias\/nubank-procon-sp-mercado-pago-chaves-pix\/#article","isPartOf":{"@id":"https:\/\/www.suno.com.br\/noticias\/nubank-procon-sp-mercado-pago-chaves-pix\/"},"author":{"name":"Laura Moutinho","@id":"https:\/\/www.suno.com.br\/noticias\/#\/schema\/person\/3df0d2808748b74496efe5dbeaef2c72"},"headline":"Nubank responde Procon-SP sobre cadastros de chaves Pix","datePublished":"2020-10-30T00:30:08+00:00","mainEntityOfPage":{"@id":"https:\/\/www.suno.com.br\/noticias\/nubank-procon-sp-mercado-pago-chaves-pix\/"},"wordCount":510,"publisher":{"@id":"https:\/\/www.suno.com.br\/noticias\/#organization"},"image":{"@id":"https:\/\/www.suno.com.br\/noticias\/nubank-procon-sp-mercado-pago-chaves-pix\/#primaryimage"},"thumbnailUrl":"https:\/\/files.sunoresearch.com.br\/n\/uploads\/2019\/08\/c5667880-nubank-jpg.webp","keywords":["Mercado Pago","Nubank (NUBR33)","PIX","Procon"],"articleSection":["Neg\u00f3cios"],"inLanguage":"pt-BR"},{"@type":"WebPage","@id":"https:\/\/www.suno.com.br\/noticias\/nubank-procon-sp-mercado-pago-chaves-pix\/","url":"https:\/\/www.suno.com.br\/noticias\/nubank-procon-sp-mercado-pago-chaves-pix\/","name":"Nubank responde Procon-SP sobre cadastros de chaves Pix","isPartOf":{"@id":"https:\/\/www.suno.com.br\/noticias\/#website"},"primaryImageOfPage":{"@id":"https:\/\/www.suno.com.br\/noticias\/nubank-procon-sp-mercado-pago-chaves-pix\/#primaryimage"},"image":{"@id":"https:\/\/www.suno.com.br\/noticias\/nubank-procon-sp-mercado-pago-chaves-pix\/#primaryimage"},"thumbnailUrl":"https:\/\/files.sunoresearch.com.br\/n\/uploads\/2019\/08\/c5667880-nubank-jpg.webp","datePublished":"2020-10-30T00:30:08+00:00","description":"O Procon-SP recebeu as explica\u00e7\u00f5es do Nubank sobre os supostos cadastros no Pix sem autoriza\u00e7\u00e3o pr\u00e9via. Clique aqui e saiba mais.","breadcrumb":{"@id":"https:\/\/www.suno.com.br\/noticias\/nubank-procon-sp-mercado-pago-chaves-pix\/#breadcrumb"},"inLanguage":"pt-BR","potentialAction":[{"@type":"ReadAction","target":["https:\/\/www.suno.com.br\/noticias\/nubank-procon-sp-mercado-pago-chaves-pix\/"]}]},{"@type":"ImageObject","inLanguage":"pt-BR","@id":"https:\/\/www.suno.com.br\/noticias\/nubank-procon-sp-mercado-pago-chaves-pix\/#primaryimage","url":"https:\/\/files.sunoresearch.com.br\/n\/uploads\/2019\/08\/c5667880-nubank-jpg.webp","contentUrl":"https:\/\/files.sunoresearch.com.br\/n\/uploads\/2019\/08\/c5667880-nubank-jpg.webp","width":1400,"height":933,"caption":"O Procon-SP recebeu as explica\u00e7\u00f5es do Nubank e do Mercado Pago sobre os supostos cadastros de chaves Pix sem autoriza\u00e7\u00e3o pr\u00e9via dos clientes."},{"@type":"BreadcrumbList","@id":"https:\/\/www.suno.com.br\/noticias\/nubank-procon-sp-mercado-pago-chaves-pix\/#breadcrumb","itemListElement":[{"@type":"ListItem","position":1,"name":"Not\u00edcias","item":"https:\/\/www.suno.com.br\/noticias\/"},{"@type":"ListItem","position":2,"name":"Neg\u00f3cios","item":"https:\/\/www.suno.com.br\/noticias\/negocios\/"},{"@type":"ListItem","position":3,"name":"Nubank responde Procon-SP sobre cadastros de chaves Pix"}]},{"@type":"WebSite","@id":"https:\/\/www.suno.com.br\/noticias\/#website","url":"https:\/\/www.suno.com.br\/noticias\/","name":"Suno Not\u00edcias","description":"Seu portal de informa\u00e7\u00e3o sobre o mundo dos investimentos","publisher":{"@id":"https:\/\/www.suno.com.br\/noticias\/#organization"},"potentialAction":[{"@type":"SearchAction","target":{"@type":"EntryPoint","urlTemplate":"https:\/\/www.suno.com.br\/noticias\/?s={search_term_string}"},"query-input":{"@type":"PropertyValueSpecification","valueRequired":true,"valueName":"search_term_string"}}],"inLanguage":"pt-BR"},{"@type":"Organization","@id":"https:\/\/www.suno.com.br\/noticias\/#organization","name":"Suno Not\u00edcias","url":"https:\/\/www.suno.com.br\/noticias\/","logo":{"@type":"ImageObject","inLanguage":"pt-BR","@id":"https:\/\/www.suno.com.br\/noticias\/#\/schema\/logo\/image\/","url":"https:\/\/files.sunoresearch.com.br\/n\/uploads\/2021\/09\/suno-logo.png","contentUrl":"https:\/\/files.sunoresearch.com.br\/n\/uploads\/2021\/09\/suno-logo.png","width":180,"height":180,"caption":"Suno Not\u00edcias"},"image":{"@id":"https:\/\/www.suno.com.br\/noticias\/#\/schema\/logo\/image\/"},"sameAs":["https:\/\/facebook.com\/sunoresearch","https:\/\/x.com\/sunoresearch","https:\/\/www.instagram.com\/suno","https:\/\/www.linkedin.com\/company\/suno-research\/","https:\/\/www.youtube.com\/c\/sunoresearch"]},{"@type":"Person","@id":"https:\/\/www.suno.com.br\/noticias\/#\/schema\/person\/3df0d2808748b74496efe5dbeaef2c72","name":"Laura Moutinho","image":{"@type":"ImageObject","inLanguage":"pt-BR","@id":"https:\/\/www.suno.com.br\/noticias\/#\/schema\/person\/image\/","url":"https:\/\/secure.gravatar.com\/avatar\/7571c7c8ca3a6fca5e41384ece5557ff?s=96&r=g","contentUrl":"https:\/\/secure.gravatar.com\/avatar\/7571c7c8ca3a6fca5e41384ece5557ff?s=96&r=g","caption":"Laura Moutinho"},"description":"Estagi\u00e1ria na Suno Not\u00edcias, escreve not\u00edcias que afetam o mercado financeiro. Estuda administra\u00e7\u00e3o na Universidade Presbiteriana Mackenzie.","url":"https:\/\/www.suno.com.br\/noticias\/author\/laura-moutinho\/"}]}},"default_loop_html":"<div class=\"cardsPage__listCard__boxs\"><div class=\"cardsPage__listCard__boxs__img\"><a href=\"https:\/\/www.suno.com.br\/noticias\/nubank-procon-sp-mercado-pago-chaves-pix\/\"><img class=\"mask\" src=\"https:\/\/www.suno.com.br\/noticias\/wp-content\/themes\/suno\/resources\/images\/spotlight\/spotlight1img\/bg-mask.png\" alt=\"Image Mask\"\/><img src=\"https:\/\/files.sunoresearch.com.br\/n\/uploads\/2019\/08\/c5667880-nubank-400x200.webp\" alt=\"Nubank responde Procon-SP sobre cadastros de chaves Pix\"\/><\/a><span class=\"spotlightCategory\"><a href=\"https:\/\/www.suno.com.br\/noticias\/negocios\/\">Neg\u00f3cios<\/a><\/span><\/div><div class=\"cardsPage__listCard__boxs__content\"><a href=\"https:\/\/www.suno.com.br\/noticias\/nubank-procon-sp-mercado-pago-chaves-pix\/\"><h2 class=\"content__title\">Nubank responde Procon-SP sobre cadastros de chaves Pix<\/h2><\/a><div class=\"newsContent__article__meta\"><div class=\"newsContent__article__meta__authorBox\"><a href=\"https:\/\/www.suno.com.br\/noticias\/author\/laura-moutinho\/\" class=\"authorBox__avatar noMobi\"><img src=\"https:\/\/files.sunoresearch.com.br\/n\/uploads\/2020\/08\/531ff69d-whatsapp-image-2020-08-03-at-14.54.38-150x150.webp\" alt=\"Laura Moutinho\"><\/a><div class=\"authorBox__name\"><span>por\n\t\t\t<a href=\"https:\/\/www.suno.com.br\/noticias\/author\/laura-moutinho\/\"><span itemprop=\"author\">Laura Moutinho<\/span><\/a><\/span><time datetime=\"2020-10-29T21:30:08-03:00\" itemprop=\"datePublished\">29\/10\/2020 21:30<\/time><\/div><\/div><\/div><\/div><\/div>","single_layout":"posts","amp_enabled":true,"_links":{"self":[{"href":"https:\/\/www.suno.com.br\/noticias\/wp-json\/wp\/v2\/posts\/96120"}],"collection":[{"href":"https:\/\/www.suno.com.br\/noticias\/wp-json\/wp\/v2\/posts"}],"about":[{"href":"https:\/\/www.suno.com.br\/noticias\/wp-json\/wp\/v2\/types\/post"}],"author":[{"embeddable":true,"href":"https:\/\/www.suno.com.br\/noticias\/wp-json\/wp\/v2\/users\/39"}],"replies":[{"embeddable":true,"href":"https:\/\/www.suno.com.br\/noticias\/wp-json\/wp\/v2\/comments?post=96120"}],"version-history":[{"count":0,"href":"https:\/\/www.suno.com.br\/noticias\/wp-json\/wp\/v2\/posts\/96120\/revisions"}],"wp:featuredmedia":[{"embeddable":true,"href":"https:\/\/www.suno.com.br\/noticias\/wp-json\/wp\/v2\/media\/35880"}],"wp:attachment":[{"href":"https:\/\/www.suno.com.br\/noticias\/wp-json\/wp\/v2\/media?parent=96120"}],"wp:term":[{"taxonomy":"category","embeddable":true,"href":"https:\/\/www.suno.com.br\/noticias\/wp-json\/wp\/v2\/categories?post=96120"},{"taxonomy":"post_tag","embeddable":true,"href":"https:\/\/www.suno.com.br\/noticias\/wp-json\/wp\/v2\/tags?post=96120"},{"taxonomy":"suno_strategy","embeddable":true,"href":"https:\/\/www.suno.com.br\/noticias\/wp-json\/wp\/v2\/suno_strategy?post=96120"}],"curies":[{"name":"wp","href":"https:\/\/api.w.org\/{rel}","templated":true}]}}