{"id":9612,"date":"2018-12-20T13:19:53","date_gmt":"2018-12-20T15:19:53","guid":{"rendered":"https:\/\/www.suno.com.br\/noticias\/?p=9612"},"modified":"2019-01-09T09:46:49","modified_gmt":"2019-01-09T11:46:49","slug":"grupo-abril-comprado-fabio-carvalho","status":"publish","type":"post","link":"https:\/\/www.suno.com.br\/noticias\/grupo-abril-comprado-fabio-carvalho\/","title":{"rendered":"Grupo Abril \u00e9 comprado por F\u00e1bio Carvalho"},"content":{"rendered":"<p>O empres\u00e1rio F\u00e1bio Carvalho comprou o Grupo Abril nesta quinta-feira (20).<\/p>\t<div class=\"wrapper-featured-image\">\n\t\t<figure class=\"spotlightImg\">\n\n\t\t\t<picture>\n\t\t\t\t<source media=\"(max-width: 768px)\" srcset=\"https:\/\/files.sunoresearch.com.br\/n\/uploads\/2019\/01\/df9eba69-editora-abril-400x200.webp\">\n\t\t\t\t<img loading=\"lazy\" decoding=\"async\" class=\"newsContent__article__imgCapa lazyloadDisabled newsContent__article__imgCapa--noCaption\" src=\"https:\/\/files.sunoresearch.com.br\/n\/uploads\/2019\/01\/df9eba69-editora-abril-jpg.webp\" width=\"800\" height=\"450\" alt=\"Grupo Abril \u00e9 comprado por F\u00e1bio Carvalho\" fetchpriority=high \/>\n\t\t\t<\/picture>\n\n\t\t\t<figcaption class=\"wp-caption-text wp-caption-text--hide\">Editora Abril<\/figcaption>\n\t\t<\/figure>\n\t<\/div>\n\n\n<p><strong>F\u00e1bio Carvalho<\/strong> e os atuais acionistas do <strong>Grupo Abril<\/strong> assinaram um contrato prevendo a aquisi\u00e7\u00e3o de 100% das a\u00e7\u00f5es da empresa. A Abril est\u00e1 hoje em situa\u00e7\u00e3o de <strong><a href=\"https:\/\/www.suno.com.br\/artigos\/recuperacao-judicial\/\">recupera\u00e7\u00e3o judicial<\/a>.<\/strong><\/p>\n<p>O contrato tamb\u00e9m prev\u00ea condi\u00e7\u00f5es que devem ser cumpridas previamente \u00e0 efetiva\u00e7\u00e3o do neg\u00f3cio. Entre elas a aprova\u00e7\u00e3o pelo Conselho Administrativo de Defesa Econ\u00f4mica (CADE). O acordo indica que Carvalho injetar\u00e1 novos recursos na companhia para o financiamento dos esfor\u00e7os de reestrutura\u00e7\u00e3o.<\/p>\n<p>Ap\u00f3s a concretiza\u00e7\u00e3o da transa\u00e7\u00e3o, F\u00e1bio Carvalho assumir\u00e1 o controle societ\u00e1rio e ocupar\u00e1 a posi\u00e7\u00e3o de CEO do Grupo.<\/p>\n<p>Carvalho trabalha na aquisi\u00e7\u00e3o de companhias em crise financeira. Ele as reestrutura e as leva novamente ao crescimento.<\/p>\n<p>Entre seus investimentos est\u00e3o participa\u00e7\u00f5es em empresas em variados setores. No total, seu grupo conta com um faturamento anual superior a R$ 4 bilh\u00f5es, empregando mais de 46 mil pessoas.<\/p>\n<p>O empres\u00e1rio contar\u00e1 com a estrutura da Legion Holdings, sociedade de investimentos que fundou. A empresa \u00e9 formada por um time de especialistas em renegocia\u00e7\u00f5es de d\u00edvidas e transforma\u00e7\u00f5es operacionais.<\/p>\n<p>A negocia\u00e7\u00e3o durou quatro meses, e o acordo inclui a gr\u00e1fica, a editora, a distribuidora de revistas e uma empresa de log\u00edstica do grupo Abril.<\/p>\n<p>Carvalho vai herdar uma d\u00edvida de R$ 1,6 bilh\u00e3o. Desse total, R$ 1,1 bilh\u00e3o \u00e9 devido aos bancos Bradesco, Ita\u00fa e Santander.<\/p>\n<p>Uma vez concretizada a transa\u00e7\u00e3o, a nova equipe se juntar\u00e1 a executivos do Grupo Abril. Eles trabalhar\u00e3o juntos a equipe da Alvarez &amp; Marsal, atual respons\u00e1veis pela coordena\u00e7\u00e3o dos esfor\u00e7os de supera\u00e7\u00e3o da crise pela qual passam as companhias do Grupo.<\/p>\n<h2>Veja as declara\u00e7\u00f5es das partes<\/h2>\n<p>\u201cA hist\u00f3ria do Grupo Abril est\u00e1 intimamente relacionada com os grandes eventos pol\u00edticos e econ\u00f4micos que marcaram a hist\u00f3ria do Brasil nas \u00faltimas d\u00e9cadas. A capacidade e import\u00e2ncia jornal\u00edstica do Grupo \u00e9 ineg\u00e1vel. N\u00e3o temos d\u00favida dos m\u00e9ritos e qualidades que permeiam as companhias do Grupo e que ser\u00e3o os pilares sobre os quais nos apoiaremos para superar os grandes desafios que se apresentam\u201d, informou <strong>F\u00e1bio Carvalho<\/strong>.<\/p>\n<p>\u201cCom a venda do <strong>Grupo Abril<\/strong> para F\u00e1bio Carvalho, a fam\u00edlia Civita delega a ele a tarefa de administrar os desafios e as oportunidades que est\u00e3o no horizonte da nova m\u00eddia. F\u00e1bio re\u00fane as caracter\u00edsticas de empreendedor e a vis\u00e3o de neg\u00f3cio que os novos tempos exigem. Desejamos a ele muito sucesso\u201d, declarou Giancarlo Civita. As partes estimam que o neg\u00f3cio seja inteiramente conclu\u00eddo no m\u00eas de fevereiro.<\/p>\n","protected":false},"excerpt":{"rendered":"<p>O empres\u00e1rio F\u00e1bio Carvalho comprou o Grupo Abril nesta quinta-feira (20). Editora Abril F\u00e1bio Carvalho e os atuais acionistas do Grupo Abril assinaram um contrato prevendo a aquisi\u00e7\u00e3o de 100% das a\u00e7\u00f5es da empresa. A Abril est\u00e1 hoje em situa\u00e7\u00e3o de recupera\u00e7\u00e3o judicial. O contrato tamb\u00e9m prev\u00ea condi\u00e7\u00f5es que devem ser cumpridas previamente \u00e0 efetiva\u00e7\u00e3o [&hellip;]<\/p>\n","protected":false},"author":9,"featured_media":10893,"comment_status":"closed","ping_status":"closed","sticky":false,"template":"","format":"standard","meta":[],"categories":[64],"tags":[898],"suno_strategy":[],"class_list":["post-9612","post","type-post","status-publish","format-standard","has-post-thumbnail","hentry","category-negocios","tag-grupo-abril"],"yoast_head":"<!-- This site is optimized with the Yoast SEO plugin v24.4 - https:\/\/yoast.com\/wordpress\/plugins\/seo\/ -->\n<title>Grupo Abril \u00e9 comprado pelo empres\u00e1rio F\u00e1bio Carvalho<\/title>\n<meta name=\"description\" content=\"F\u00e1bio Carvalho e acionistas do Grupo Abril assinaram um contrato prevendo a aquisi\u00e7\u00e3o de 100% das a\u00e7\u00f5es. Clique aqui para saber mais.\" \/>\n<meta name=\"robots\" content=\"index, follow, max-snippet:-1, max-image-preview:large, max-video-preview:-1\" \/>\n<link rel=\"canonical\" href=\"https:\/\/www.suno.com.br\/noticias\/grupo-abril-comprado-fabio-carvalho\/\" \/>\n<meta property=\"og:locale\" content=\"pt_BR\" \/>\n<meta property=\"og:type\" content=\"article\" \/>\n<meta property=\"og:title\" content=\"Grupo Abril \u00e9 comprado pelo empres\u00e1rio F\u00e1bio Carvalho\" \/>\n<meta property=\"og:description\" content=\"F\u00e1bio Carvalho e acionistas do Grupo Abril assinaram um contrato prevendo a aquisi\u00e7\u00e3o de 100% das a\u00e7\u00f5es. Clique aqui para saber mais.\" \/>\n<meta property=\"og:url\" content=\"https:\/\/www.suno.com.br\/noticias\/grupo-abril-comprado-fabio-carvalho\/\" \/>\n<meta property=\"og:site_name\" content=\"Suno Not\u00edcias\" \/>\n<meta property=\"article:publisher\" content=\"https:\/\/facebook.com\/sunoresearch\" \/>\n<meta property=\"og:image\" content=\"https:\/\/files.sunoresearch.com.br\/n\/uploads\/2019\/01\/df9eba69-editora-abril.jpg\" \/>\n\t<meta property=\"og:image:width\" content=\"797\" \/>\n\t<meta property=\"og:image:height\" content=\"638\" \/>\n\t<meta property=\"og:image:type\" content=\"image\/jpeg\" \/>\n<meta name=\"author\" content=\"Carlo Cauti\" \/>\n<meta name=\"twitter:card\" content=\"summary_large_image\" \/>\n<meta name=\"twitter:creator\" content=\"@sunoresearch\" \/>\n<meta name=\"twitter:site\" content=\"@sunoresearch\" \/>\n<meta name=\"twitter:label1\" content=\"Escrito por\" \/>\n\t<meta name=\"twitter:data1\" content=\"Carlo Cauti\" \/>\n\t<meta name=\"twitter:label2\" content=\"Est. tempo de leitura\" \/>\n\t<meta name=\"twitter:data2\" content=\"2 minutos\" \/>\n<script type=\"application\/ld+json\" class=\"yoast-schema-graph\">{\"@context\":\"https:\/\/schema.org\",\"@graph\":[{\"@type\":\"NewsArticle\",\"@id\":\"https:\/\/www.suno.com.br\/noticias\/grupo-abril-comprado-fabio-carvalho\/#article\",\"isPartOf\":{\"@id\":\"https:\/\/www.suno.com.br\/noticias\/grupo-abril-comprado-fabio-carvalho\/\"},\"author\":{\"name\":\"Carlo Cauti\",\"@id\":\"https:\/\/www.suno.com.br\/noticias\/#\/schema\/person\/e6e0f723cc177805027f4566c1d5e0c8\"},\"headline\":\"Grupo Abril \u00e9 comprado por F\u00e1bio Carvalho\",\"datePublished\":\"2018-12-20T15:19:53+00:00\",\"dateModified\":\"2019-01-09T11:46:49+00:00\",\"mainEntityOfPage\":{\"@id\":\"https:\/\/www.suno.com.br\/noticias\/grupo-abril-comprado-fabio-carvalho\/\"},\"wordCount\":472,\"publisher\":{\"@id\":\"https:\/\/www.suno.com.br\/noticias\/#organization\"},\"image\":{\"@id\":\"https:\/\/www.suno.com.br\/noticias\/grupo-abril-comprado-fabio-carvalho\/#primaryimage\"},\"thumbnailUrl\":\"https:\/\/files.sunoresearch.com.br\/n\/uploads\/2019\/01\/df9eba69-editora-abril-jpg.webp\",\"keywords\":[\"Grupo Abril\"],\"articleSection\":[\"Neg\u00f3cios\"],\"inLanguage\":\"pt-BR\"},{\"@type\":\"WebPage\",\"@id\":\"https:\/\/www.suno.com.br\/noticias\/grupo-abril-comprado-fabio-carvalho\/\",\"url\":\"https:\/\/www.suno.com.br\/noticias\/grupo-abril-comprado-fabio-carvalho\/\",\"name\":\"Grupo Abril \u00e9 comprado pelo empres\u00e1rio F\u00e1bio Carvalho\",\"isPartOf\":{\"@id\":\"https:\/\/www.suno.com.br\/noticias\/#website\"},\"primaryImageOfPage\":{\"@id\":\"https:\/\/www.suno.com.br\/noticias\/grupo-abril-comprado-fabio-carvalho\/#primaryimage\"},\"image\":{\"@id\":\"https:\/\/www.suno.com.br\/noticias\/grupo-abril-comprado-fabio-carvalho\/#primaryimage\"},\"thumbnailUrl\":\"https:\/\/files.sunoresearch.com.br\/n\/uploads\/2019\/01\/df9eba69-editora-abril-jpg.webp\",\"datePublished\":\"2018-12-20T15:19:53+00:00\",\"dateModified\":\"2019-01-09T11:46:49+00:00\",\"description\":\"F\u00e1bio Carvalho e acionistas do Grupo Abril assinaram um contrato prevendo a aquisi\u00e7\u00e3o de 100% das a\u00e7\u00f5es. Clique aqui para saber mais.\",\"breadcrumb\":{\"@id\":\"https:\/\/www.suno.com.br\/noticias\/grupo-abril-comprado-fabio-carvalho\/#breadcrumb\"},\"inLanguage\":\"pt-BR\",\"potentialAction\":[{\"@type\":\"ReadAction\",\"target\":[\"https:\/\/www.suno.com.br\/noticias\/grupo-abril-comprado-fabio-carvalho\/\"]}]},{\"@type\":\"ImageObject\",\"inLanguage\":\"pt-BR\",\"@id\":\"https:\/\/www.suno.com.br\/noticias\/grupo-abril-comprado-fabio-carvalho\/#primaryimage\",\"url\":\"https:\/\/files.sunoresearch.com.br\/n\/uploads\/2019\/01\/df9eba69-editora-abril-jpg.webp\",\"contentUrl\":\"https:\/\/files.sunoresearch.com.br\/n\/uploads\/2019\/01\/df9eba69-editora-abril-jpg.webp\",\"width\":797,\"height\":638,\"caption\":\"Editora Abril\"},{\"@type\":\"BreadcrumbList\",\"@id\":\"https:\/\/www.suno.com.br\/noticias\/grupo-abril-comprado-fabio-carvalho\/#breadcrumb\",\"itemListElement\":[{\"@type\":\"ListItem\",\"position\":1,\"name\":\"Not\u00edcias\",\"item\":\"https:\/\/www.suno.com.br\/noticias\/\"},{\"@type\":\"ListItem\",\"position\":2,\"name\":\"Neg\u00f3cios\",\"item\":\"https:\/\/www.suno.com.br\/noticias\/negocios\/\"},{\"@type\":\"ListItem\",\"position\":3,\"name\":\"Grupo Abril \u00e9 comprado por F\u00e1bio Carvalho\"}]},{\"@type\":\"WebSite\",\"@id\":\"https:\/\/www.suno.com.br\/noticias\/#website\",\"url\":\"https:\/\/www.suno.com.br\/noticias\/\",\"name\":\"Suno Not\u00edcias\",\"description\":\"Seu portal de informa\u00e7\u00e3o sobre o mundo dos investimentos\",\"publisher\":{\"@id\":\"https:\/\/www.suno.com.br\/noticias\/#organization\"},\"potentialAction\":[{\"@type\":\"SearchAction\",\"target\":{\"@type\":\"EntryPoint\",\"urlTemplate\":\"https:\/\/www.suno.com.br\/noticias\/?s={search_term_string}\"},\"query-input\":{\"@type\":\"PropertyValueSpecification\",\"valueRequired\":true,\"valueName\":\"search_term_string\"}}],\"inLanguage\":\"pt-BR\"},{\"@type\":\"Organization\",\"@id\":\"https:\/\/www.suno.com.br\/noticias\/#organization\",\"name\":\"Suno Not\u00edcias\",\"url\":\"https:\/\/www.suno.com.br\/noticias\/\",\"logo\":{\"@type\":\"ImageObject\",\"inLanguage\":\"pt-BR\",\"@id\":\"https:\/\/www.suno.com.br\/noticias\/#\/schema\/logo\/image\/\",\"url\":\"https:\/\/files.sunoresearch.com.br\/n\/uploads\/2021\/09\/suno-logo.png\",\"contentUrl\":\"https:\/\/files.sunoresearch.com.br\/n\/uploads\/2021\/09\/suno-logo.png\",\"width\":180,\"height\":180,\"caption\":\"Suno Not\u00edcias\"},\"image\":{\"@id\":\"https:\/\/www.suno.com.br\/noticias\/#\/schema\/logo\/image\/\"},\"sameAs\":[\"https:\/\/facebook.com\/sunoresearch\",\"https:\/\/x.com\/sunoresearch\",\"https:\/\/www.instagram.com\/suno\",\"https:\/\/www.linkedin.com\/company\/suno-research\/\",\"https:\/\/www.youtube.com\/c\/sunoresearch\"]},{\"@type\":\"Person\",\"@id\":\"https:\/\/www.suno.com.br\/noticias\/#\/schema\/person\/e6e0f723cc177805027f4566c1d5e0c8\",\"name\":\"Carlo Cauti\",\"image\":{\"@type\":\"ImageObject\",\"inLanguage\":\"pt-BR\",\"@id\":\"https:\/\/www.suno.com.br\/noticias\/#\/schema\/person\/image\/\",\"url\":\"https:\/\/secure.gravatar.com\/avatar\/3ada9e0bd164c23abd4792a9606d583c?s=96&r=g\",\"contentUrl\":\"https:\/\/secure.gravatar.com\/avatar\/3ada9e0bd164c23abd4792a9606d583c?s=96&r=g\",\"caption\":\"Carlo Cauti\"},\"description\":\"Editor multim\u00eddia do SUNO Not\u00edcias. Italiano, formado em Ci\u00eancias Pol\u00edticas pela universidade LUISS G. Carli de Roma e mestre cum laude em Rela\u00e7\u00f5es Internacionais, Jornalismo Internacional e de Guerra e em Economia Internacional. Concluiu tamb\u00e9m um MBA em Finan\u00e7as na B3. No Brasil, teve passagem por ve\u00edculos como Estad\u00e3o, Globo, Veja e EXAME. e nas ag\u00eancias de not\u00edcias italianas ANSA e NOVA.\",\"url\":\"https:\/\/www.suno.com.br\/noticias\/author\/carlo-cauti\/\"}]}<\/script>\n<!-- \/ Yoast SEO plugin. -->","yoast_head_json":{"title":"Grupo Abril \u00e9 comprado pelo empres\u00e1rio F\u00e1bio Carvalho","description":"F\u00e1bio Carvalho e acionistas do Grupo Abril assinaram um contrato prevendo a aquisi\u00e7\u00e3o de 100% das a\u00e7\u00f5es. Clique aqui para saber mais.","robots":{"index":"index","follow":"follow","max-snippet":"max-snippet:-1","max-image-preview":"max-image-preview:large","max-video-preview":"max-video-preview:-1"},"canonical":"https:\/\/www.suno.com.br\/noticias\/grupo-abril-comprado-fabio-carvalho\/","og_locale":"pt_BR","og_type":"article","og_title":"Grupo Abril \u00e9 comprado pelo empres\u00e1rio F\u00e1bio Carvalho","og_description":"F\u00e1bio Carvalho e acionistas do Grupo Abril assinaram um contrato prevendo a aquisi\u00e7\u00e3o de 100% das a\u00e7\u00f5es. Clique aqui para saber mais.","og_url":"https:\/\/www.suno.com.br\/noticias\/grupo-abril-comprado-fabio-carvalho\/","og_site_name":"Suno Not\u00edcias","article_publisher":"https:\/\/facebook.com\/sunoresearch","og_image":[{"width":797,"height":638,"url":"https:\/\/files.sunoresearch.com.br\/n\/uploads\/2019\/01\/df9eba69-editora-abril.jpg","type":"image\/jpeg"}],"author":"Carlo Cauti","twitter_card":"summary_large_image","twitter_creator":"@sunoresearch","twitter_site":"@sunoresearch","twitter_misc":{"Escrito por":"Carlo Cauti","Est. tempo de leitura":"2 minutos"},"schema":{"@context":"https:\/\/schema.org","@graph":[{"@type":"NewsArticle","@id":"https:\/\/www.suno.com.br\/noticias\/grupo-abril-comprado-fabio-carvalho\/#article","isPartOf":{"@id":"https:\/\/www.suno.com.br\/noticias\/grupo-abril-comprado-fabio-carvalho\/"},"author":{"name":"Carlo Cauti","@id":"https:\/\/www.suno.com.br\/noticias\/#\/schema\/person\/e6e0f723cc177805027f4566c1d5e0c8"},"headline":"Grupo Abril \u00e9 comprado por F\u00e1bio Carvalho","datePublished":"2018-12-20T15:19:53+00:00","dateModified":"2019-01-09T11:46:49+00:00","mainEntityOfPage":{"@id":"https:\/\/www.suno.com.br\/noticias\/grupo-abril-comprado-fabio-carvalho\/"},"wordCount":472,"publisher":{"@id":"https:\/\/www.suno.com.br\/noticias\/#organization"},"image":{"@id":"https:\/\/www.suno.com.br\/noticias\/grupo-abril-comprado-fabio-carvalho\/#primaryimage"},"thumbnailUrl":"https:\/\/files.sunoresearch.com.br\/n\/uploads\/2019\/01\/df9eba69-editora-abril-jpg.webp","keywords":["Grupo Abril"],"articleSection":["Neg\u00f3cios"],"inLanguage":"pt-BR"},{"@type":"WebPage","@id":"https:\/\/www.suno.com.br\/noticias\/grupo-abril-comprado-fabio-carvalho\/","url":"https:\/\/www.suno.com.br\/noticias\/grupo-abril-comprado-fabio-carvalho\/","name":"Grupo Abril \u00e9 comprado pelo empres\u00e1rio F\u00e1bio Carvalho","isPartOf":{"@id":"https:\/\/www.suno.com.br\/noticias\/#website"},"primaryImageOfPage":{"@id":"https:\/\/www.suno.com.br\/noticias\/grupo-abril-comprado-fabio-carvalho\/#primaryimage"},"image":{"@id":"https:\/\/www.suno.com.br\/noticias\/grupo-abril-comprado-fabio-carvalho\/#primaryimage"},"thumbnailUrl":"https:\/\/files.sunoresearch.com.br\/n\/uploads\/2019\/01\/df9eba69-editora-abril-jpg.webp","datePublished":"2018-12-20T15:19:53+00:00","dateModified":"2019-01-09T11:46:49+00:00","description":"F\u00e1bio Carvalho e acionistas do Grupo Abril assinaram um contrato prevendo a aquisi\u00e7\u00e3o de 100% das a\u00e7\u00f5es. Clique aqui para saber mais.","breadcrumb":{"@id":"https:\/\/www.suno.com.br\/noticias\/grupo-abril-comprado-fabio-carvalho\/#breadcrumb"},"inLanguage":"pt-BR","potentialAction":[{"@type":"ReadAction","target":["https:\/\/www.suno.com.br\/noticias\/grupo-abril-comprado-fabio-carvalho\/"]}]},{"@type":"ImageObject","inLanguage":"pt-BR","@id":"https:\/\/www.suno.com.br\/noticias\/grupo-abril-comprado-fabio-carvalho\/#primaryimage","url":"https:\/\/files.sunoresearch.com.br\/n\/uploads\/2019\/01\/df9eba69-editora-abril-jpg.webp","contentUrl":"https:\/\/files.sunoresearch.com.br\/n\/uploads\/2019\/01\/df9eba69-editora-abril-jpg.webp","width":797,"height":638,"caption":"Editora Abril"},{"@type":"BreadcrumbList","@id":"https:\/\/www.suno.com.br\/noticias\/grupo-abril-comprado-fabio-carvalho\/#breadcrumb","itemListElement":[{"@type":"ListItem","position":1,"name":"Not\u00edcias","item":"https:\/\/www.suno.com.br\/noticias\/"},{"@type":"ListItem","position":2,"name":"Neg\u00f3cios","item":"https:\/\/www.suno.com.br\/noticias\/negocios\/"},{"@type":"ListItem","position":3,"name":"Grupo Abril \u00e9 comprado por F\u00e1bio Carvalho"}]},{"@type":"WebSite","@id":"https:\/\/www.suno.com.br\/noticias\/#website","url":"https:\/\/www.suno.com.br\/noticias\/","name":"Suno Not\u00edcias","description":"Seu portal de informa\u00e7\u00e3o sobre o mundo dos investimentos","publisher":{"@id":"https:\/\/www.suno.com.br\/noticias\/#organization"},"potentialAction":[{"@type":"SearchAction","target":{"@type":"EntryPoint","urlTemplate":"https:\/\/www.suno.com.br\/noticias\/?s={search_term_string}"},"query-input":{"@type":"PropertyValueSpecification","valueRequired":true,"valueName":"search_term_string"}}],"inLanguage":"pt-BR"},{"@type":"Organization","@id":"https:\/\/www.suno.com.br\/noticias\/#organization","name":"Suno Not\u00edcias","url":"https:\/\/www.suno.com.br\/noticias\/","logo":{"@type":"ImageObject","inLanguage":"pt-BR","@id":"https:\/\/www.suno.com.br\/noticias\/#\/schema\/logo\/image\/","url":"https:\/\/files.sunoresearch.com.br\/n\/uploads\/2021\/09\/suno-logo.png","contentUrl":"https:\/\/files.sunoresearch.com.br\/n\/uploads\/2021\/09\/suno-logo.png","width":180,"height":180,"caption":"Suno Not\u00edcias"},"image":{"@id":"https:\/\/www.suno.com.br\/noticias\/#\/schema\/logo\/image\/"},"sameAs":["https:\/\/facebook.com\/sunoresearch","https:\/\/x.com\/sunoresearch","https:\/\/www.instagram.com\/suno","https:\/\/www.linkedin.com\/company\/suno-research\/","https:\/\/www.youtube.com\/c\/sunoresearch"]},{"@type":"Person","@id":"https:\/\/www.suno.com.br\/noticias\/#\/schema\/person\/e6e0f723cc177805027f4566c1d5e0c8","name":"Carlo Cauti","image":{"@type":"ImageObject","inLanguage":"pt-BR","@id":"https:\/\/www.suno.com.br\/noticias\/#\/schema\/person\/image\/","url":"https:\/\/secure.gravatar.com\/avatar\/3ada9e0bd164c23abd4792a9606d583c?s=96&r=g","contentUrl":"https:\/\/secure.gravatar.com\/avatar\/3ada9e0bd164c23abd4792a9606d583c?s=96&r=g","caption":"Carlo Cauti"},"description":"Editor multim\u00eddia do SUNO Not\u00edcias. Italiano, formado em Ci\u00eancias Pol\u00edticas pela universidade LUISS G. Carli de Roma e mestre cum laude em Rela\u00e7\u00f5es Internacionais, Jornalismo Internacional e de Guerra e em Economia Internacional. Concluiu tamb\u00e9m um MBA em Finan\u00e7as na B3. No Brasil, teve passagem por ve\u00edculos como Estad\u00e3o, Globo, Veja e EXAME. e nas ag\u00eancias de not\u00edcias italianas ANSA e NOVA.","url":"https:\/\/www.suno.com.br\/noticias\/author\/carlo-cauti\/"}]}},"default_loop_html":"<div class=\"cardsPage__listCard__boxs\"><div class=\"cardsPage__listCard__boxs__img\"><a href=\"https:\/\/www.suno.com.br\/noticias\/grupo-abril-comprado-fabio-carvalho\/\"><img class=\"mask\" src=\"https:\/\/www.suno.com.br\/noticias\/wp-content\/themes\/suno\/resources\/images\/spotlight\/spotlight1img\/bg-mask.png\" alt=\"Image Mask\"\/><img src=\"https:\/\/files.sunoresearch.com.br\/n\/uploads\/2019\/01\/df9eba69-editora-abril-400x200.webp\" alt=\"Grupo Abril \u00e9 comprado por F\u00e1bio Carvalho\"\/><\/a><span class=\"spotlightCategory\"><a href=\"https:\/\/www.suno.com.br\/noticias\/negocios\/\">Neg\u00f3cios<\/a><\/span><\/div><div class=\"cardsPage__listCard__boxs__content\"><a href=\"https:\/\/www.suno.com.br\/noticias\/grupo-abril-comprado-fabio-carvalho\/\"><h2 class=\"content__title\">Grupo Abril \u00e9 comprado por F\u00e1bio Carvalho<\/h2><\/a><div class=\"newsContent__article__meta\"><div class=\"newsContent__article__meta__authorBox\"><a href=\"https:\/\/www.suno.com.br\/noticias\/author\/carlo-cauti\/\" class=\"authorBox__avatar noMobi\"><img src=\"https:\/\/files.sunoresearch.com.br\/n\/uploads\/2020\/08\/e3745f9a-perfil-carlo-cauti-150x150.webp\" alt=\"Carlo Cauti\"><\/a><div class=\"authorBox__name\"><span>por\n\t\t\t<a href=\"https:\/\/www.suno.com.br\/noticias\/author\/carlo-cauti\/\"><span itemprop=\"author\">Carlo Cauti<\/span><\/a><\/span><time datetime=\"2018-12-20T13:19:53-02:00\" itemprop=\"datePublished\">20\/12\/2018 13:19<\/time><\/div><\/div><\/div><\/div><\/div>","single_layout":"posts","amp_enabled":true,"_links":{"self":[{"href":"https:\/\/www.suno.com.br\/noticias\/wp-json\/wp\/v2\/posts\/9612"}],"collection":[{"href":"https:\/\/www.suno.com.br\/noticias\/wp-json\/wp\/v2\/posts"}],"about":[{"href":"https:\/\/www.suno.com.br\/noticias\/wp-json\/wp\/v2\/types\/post"}],"author":[{"embeddable":true,"href":"https:\/\/www.suno.com.br\/noticias\/wp-json\/wp\/v2\/users\/9"}],"replies":[{"embeddable":true,"href":"https:\/\/www.suno.com.br\/noticias\/wp-json\/wp\/v2\/comments?post=9612"}],"version-history":[{"count":0,"href":"https:\/\/www.suno.com.br\/noticias\/wp-json\/wp\/v2\/posts\/9612\/revisions"}],"wp:featuredmedia":[{"embeddable":true,"href":"https:\/\/www.suno.com.br\/noticias\/wp-json\/wp\/v2\/media\/10893"}],"wp:attachment":[{"href":"https:\/\/www.suno.com.br\/noticias\/wp-json\/wp\/v2\/media?parent=9612"}],"wp:term":[{"taxonomy":"category","embeddable":true,"href":"https:\/\/www.suno.com.br\/noticias\/wp-json\/wp\/v2\/categories?post=9612"},{"taxonomy":"post_tag","embeddable":true,"href":"https:\/\/www.suno.com.br\/noticias\/wp-json\/wp\/v2\/tags?post=9612"},{"taxonomy":"suno_strategy","embeddable":true,"href":"https:\/\/www.suno.com.br\/noticias\/wp-json\/wp\/v2\/suno_strategy?post=9612"}],"curies":[{"name":"wp","href":"https:\/\/api.w.org\/{rel}","templated":true}]}}