{"id":96003,"date":"2020-10-29T17:29:30","date_gmt":"2020-10-29T20:29:30","guid":{"rendered":"https:\/\/www.suno.com.br\/noticias\/?p=96003"},"modified":"2021-06-13T23:30:41","modified_gmt":"2021-06-14T02:30:41","slug":"dolar-fecha-estavel-fiscal-exterior-29102020","status":"publish","type":"post","link":"https:\/\/www.suno.com.br\/noticias\/dolar-fecha-estavel-fiscal-exterior-29102020\/","title":{"rendered":"D\u00f3lar fecha pr\u00f3ximo da estabilidade, a R$ 5,765, com fiscal e temores sobre exterior"},"content":{"rendered":"<p>O <a href=\"https:\/\/www.suno.com.br\/artigos\/dolar\/\"><strong>d\u00f3lar hoje<\/strong><\/a> fechou a sess\u00e3o pr\u00f3ximo da estabilidade, em leve alta de 0,03%, cotado a R$ 5,765 na venda, com os investidores de olho na situa\u00e7\u00e3o fiscal brasileira e nas incertezas do cen\u00e1rio internacional.<\/p>\t<div class=\"wrapper-featured-image\">\n\t\t<figure class=\"spotlightImg\">\n\n\t\t\t<picture>\n\t\t\t\t<source media=\"(max-width: 768px)\" srcset=\"https:\/\/files.sunoresearch.com.br\/n\/uploads\/2019\/06\/5da068bf-dolarr-400x200.webp\">\n\t\t\t\t<img loading=\"lazy\" decoding=\"async\" class=\"newsContent__article__imgCapa lazyloadDisabled \" src=\"https:\/\/files.sunoresearch.com.br\/n\/uploads\/2019\/06\/5da068bf-dolarr-jpg.webp\" width=\"800\" height=\"450\" alt=\"D\u00f3lar fecha pr\u00f3ximo da estabilidade, a R$ 5,765, com fiscal e temores sobre exterior\" fetchpriority=high \/>\n\t\t\t<\/picture>\n\n\t\t\t<figcaption class=\"wp-caption-text wp-caption-text--show\">No dia anterior, o d\u00f3lar encerrou em alta de 1,43%, a R$ 5,7630<\/figcaption>\n\t\t<\/figure>\n\t<\/div>\n\n\n<div class=\"hubspot-form-wrapper\">\n\t<div id=\"single-form-target\"><\/div>\n<\/div>\n\n<p>Em preg\u00e3o vol\u00e1til, ainda de <a href=\"https:\/\/www.suno.com.br\/noticias\/resumo-do-dia-ibovespa-dolar-copom-e-balancos-de-petrobras-vale-e-bradesco\/\">ressaca do dia anterior<\/a>, o d\u00f3lar hoje operou entre quedas e altas repercutindo o al\u00edvio em rela\u00e7\u00e3o \u00e0 situa\u00e7\u00e3o fiscal do Brasil e os temores sobre o novo aumento de casos do coronav\u00edrus no Hemisf\u00e9rio Norte e as incertezas sobre as elei\u00e7\u00f5es norte-americanas, previstas para o pr\u00f3ximo dia 3 de novembro.<\/p>\n<p>Os investidores avaliaram a decis\u00e3o da \u00faltima reuni\u00e3o do <a href=\"https:\/\/www.suno.com.br\/artigos\/copom\/\">Comit\u00ea de Pol\u00edticas Monet\u00e1rias (Copom)<\/a> do <a href=\"https:\/\/www.suno.com.br\/artigos\/bacen\/\">Banco Central (BC)<\/a>, que decidiu pela manuten\u00e7\u00e3o da <a href=\"https:\/\/www.suno.com.br\/artigos\/taxa-selic\/\">taxa b\u00e1sica de juros (Selic)<\/a> na m\u00ednima hist\u00f3ria de 2% ao ano.<\/p>\n<p><a href=\"https:\/\/lp.suno.com.br\/suno-one\/\">No Suno One voc\u00ea aprende a fazer seu dinheiro para trabalhar para voc\u00ea. Cadastre-se gratuitamente agora!<\/a><\/p>\n<p>Al\u00e9m disso, os Estados Unidos reportaram um crescimento de 33,1% de seu <a href=\"https:\/\/www.suno.com.br\/artigos\/pib-produto-interno-bruto\/\">Produto Interno Bruto (PIB)<\/a> no terceiro trimestre em compara\u00e7\u00e3o aos tr\u00eas meses imediatamente anteriores. O resultado veio acima do esperado e se posiciona como a maior alta do s\u00e9rie hist\u00f3rica do indicador.<\/p>\n<p>Com isso em vista, vejas not\u00edcias que mexeram com a cota\u00e7\u00e3o do d\u00f3lar:<\/p>\n<ul>\n<li>Brasil criou 313.564 vagas de trabalho em setembro<\/li>\n<li>Trump: Est\u00edmulos ser\u00e3o adotados &#8220;definitivamente antes do fim do ano&#8221;<\/li>\n<li>Governo central tem d\u00e9ficit prim\u00e1rio de R$ 76 bi em setembro<\/li>\n<\/ul>\n<h2>Caged mostra 313.564 novas vagas em setembro<\/h2>\n<p>O Minist\u00e9rio da Economia reportou os n\u00fameros do<a href=\"https:\/\/www.suno.com.br\/artigos\/caged\/\"> Cadastro Geral de Empregados e Desempregados <strong>(Caged),<\/strong><\/a> mostrando uma cria\u00e7\u00e3o de 313.564 vagas de emprego formal em setembro. O resultado \u00e9 o melhor desde o in\u00edcio deste ano.<\/p>\n<p>O n\u00famero apresentado no nono m\u00eas do ano foi resultado de 1.379.509 <strong>contrata\u00e7\u00f5es, <\/strong>contra 1.065.945 <strong>demiss\u00f5es<\/strong>. O ministro da Economia ressaltou que os resultados foram puxados pela melhora na economia e tamb\u00e9m pelos acordos de redu\u00e7\u00e3o de jornada de trabalho e suspens\u00e3o de contrato.<\/p>\n\t<div data-element=\"shortcode-read-more\" class=\"knowMore\">\n\t\t\t\t<span class=\"knowMore__title\">Saiba mais<\/span>\n\t\t\t\t<a class=\"knowMore__link\" href=\"https:\/\/www.suno.com.br\/noticias\/brasil-vagas-de-trabalho-setembro-caged\/\">\n\t\t\tBrasil cria 313.564 vagas de trabalho em setembro, mostra Caged\t\t<\/a>\n\t<\/div>\n\n\n<p>Esse foi o terceiro m\u00eas seguido de saldo positivo. Em julho e agosto foram criadas 131 mil e 249 mil <strong>vagas<\/strong> de <strong>trabalho formal, <\/strong>respectivamente.<\/p>\n<h2>Est\u00edmulos nos EUA s\u00f3 ap\u00f3s elei\u00e7\u00f5es<\/h2>\n<p>O presidente dos Estados Unidos, <a href=\"https:\/\/www.suno.com.br\/tudo-sobre\/donald-trump\/\">Donald Trump<\/a>, afirmou que continua comprometido com a ado\u00e7\u00e3o de mais est\u00edmulos fiscais \u00e0 economia do pa\u00eds, devido \u00e0 crise causada pela pandemia.<\/p>\n\n<p>Segundo o mandat\u00e1rio, depois da elei\u00e7\u00e3o dos EUA que ocorrer\u00e1 na pr\u00f3xima semana, no dia 3 de novembro, seu governo ser\u00e1 capaz de aprovar mais cr\u00e9dito tribut\u00e1rio, &#8220;definitivamente antes do fim do ano&#8221;, salientou.<\/p>\n<h2>D\u00e9ficit prim\u00e1rio do governo central<\/h2>\n<p>O <strong>governo central<\/strong>, que re\u00fane as contas do <a href=\"https:\/\/www.suno.com.br\/artigos\/c\/tesouro-direto\/#:~:text=Ao%20investir%20em%20t%C3%ADtulos%20do,e%20administrados%20pelo%20Tesouro%20Nacional.\">Tesouro Nacional<\/a>, Previd\u00eancia Social e <a href=\"https:\/\/www.suno.com.br\/artigos\/bacen\/\">Banco Central (BC)<\/a>, registrou um d\u00e9ficit prim\u00e1rio de R$ 76,155 bilh\u00f5es em setembro, enquanto no mesmo per\u00edodo do ano passado as contas haviam ficado negativas em R$ 20,472 bilh\u00f5es.<\/p>\n\t<div data-element=\"shortcode-read-more\" class=\"knowMore\">\n\t\t\t\t<span class=\"knowMore__title\">Veja mais<\/span>\n\t\t\t\t<a class=\"knowMore__link\" href=\"https:\/\/www.suno.com.br\/noticias\/governo-central-tem-deficit-primario-de-r-76-bi-em-setembro\/\">\n\t\t\tGoverno central tem d\u00e9ficit prim\u00e1rio de R$ 76 bi em setembro\t\t<\/a>\n\t<\/div>\n\n\n<p>O d\u00e9ficit no acumulado do ano foi de R$ 677,436 bilh\u00f5es, o pior da s\u00e9rie, ao passo que a meta fiscal deste ano previa um rombo de R$ 124,1 bilh\u00f5es, entretanto foi suspensa em fun\u00e7\u00e3o da decreta\u00e7\u00e3o do estado de calamidade p\u00fablica frente \u00e0 pandemia.<\/p>\n<h2>\u00daltima cota\u00e7\u00e3o do d\u00f3lar<\/h2>\n<p>Assim como o <strong>d\u00f3lar hoje<\/strong>, na \u00faltima sess\u00e3o, quarta-feira (28), a moeda encerrou em forte alta de 1,43%, negociado a R$ 5,7630.<\/p>\n\t<p>\n\t\t<a href=\"https:\/\/lp.suno.com.br\/planilha-de-controle-de-investimentos\/\" target=\"_blank\" data-element=\"shortcode-suno-banner\" title=\"Banner SUNO, clique e saiba mais\">\n\t\t\t<picture>\n\t\t\t\t<source media=\"(max-width: 500px)\" srcset=\"https:\/\/files.sunoresearch.com.br\/n\/uploads\/2023\/03\/400x300-Controle-de-Investimentos.png\">\n\t\t\t\t<img class=\"newsContent__article__imgCapa newsContent__article__imgCapa--banner\"\n\t\t\t\t\tsrc=\"https:\/\/files.sunoresearch.com.br\/n\/uploads\/2023\/03\/1420x240-Controle-de-Investimentos.png\"\n\t\t\t\t\tdata-promo-id=\"75934\"\t\t\t\t\t\t\t\t\t\twidth='1420' height='240'\t\t\t\t\talt=\"https:\/\/files.sunoresearch.com.br\/n\/uploads\/2023\/03\/1420x240-Controle-de-Investimentos.png\"\n\t\t\t\t>\n\t\t\t<\/picture>\n\t\t<\/a>\n\t<\/p>\n\n\n","protected":false},"excerpt":{"rendered":"<p>O d\u00f3lar hoje fechou a sess\u00e3o pr\u00f3ximo da estabilidade, em leve alta de 0,03%, cotado a R$ 5,765 na venda, com os investidores de olho na situa\u00e7\u00e3o fiscal brasileira e nas incertezas do cen\u00e1rio internacional. No dia anterior, o d\u00f3lar encerrou em alta de 1,43%, a R$ 5,7630 Em preg\u00e3o vol\u00e1til, ainda de ressaca do [&hellip;]<\/p>\n","protected":false},"author":35,"featured_media":28097,"comment_status":"closed","ping_status":"closed","sticky":false,"template":"","format":"standard","meta":[],"categories":[60],"tags":[1261,326,793],"suno_strategy":[],"class_list":["post-96003","post","type-post","status-publish","format-standard","has-post-thumbnail","hentry","category-mercado","tag-caged","tag-dolar","tag-estados-unidos-eua"],"yoast_head":"<!-- This site is optimized with the Yoast SEO plugin v24.4 - https:\/\/yoast.com\/wordpress\/plugins\/seo\/ -->\n<title>D\u00f3lar fecha pr\u00f3ximo da estabilidade, a R$ 5,765, com fiscal e exterior<\/title>\n<meta name=\"description\" content=\"O d\u00f3lar hoje fechou em leve alta de 0,03%, a R$ 5,765 na venda, com situa\u00e7\u00e3o fiscal e cen\u00e1rio internacional. Clique para saber mais\" \/>\n<meta name=\"robots\" content=\"index, follow, max-snippet:-1, max-image-preview:large, max-video-preview:-1\" \/>\n<link rel=\"canonical\" href=\"https:\/\/www.suno.com.br\/noticias\/dolar-fecha-estavel-fiscal-exterior-29102020\/\" \/>\n<meta property=\"og:locale\" content=\"pt_BR\" \/>\n<meta property=\"og:type\" content=\"article\" \/>\n<meta property=\"og:title\" content=\"D\u00f3lar fecha pr\u00f3ximo da estabilidade, a R$ 5,765, com fiscal e exterior\" \/>\n<meta property=\"og:description\" content=\"O d\u00f3lar hoje fechou em leve alta de 0,03%, a R$ 5,765 na venda, com situa\u00e7\u00e3o fiscal e cen\u00e1rio internacional. Clique para saber mais\" \/>\n<meta property=\"og:url\" content=\"https:\/\/www.suno.com.br\/noticias\/dolar-fecha-estavel-fiscal-exterior-29102020\/\" \/>\n<meta property=\"og:site_name\" content=\"Suno Not\u00edcias\" \/>\n<meta property=\"article:publisher\" content=\"https:\/\/facebook.com\/sunoresearch\" \/>\n<meta property=\"og:image\" content=\"https:\/\/files.sunoresearch.com.br\/n\/uploads\/2019\/06\/5da068bf-dolarr.jpg\" \/>\n\t<meta property=\"og:image:width\" content=\"640\" \/>\n\t<meta property=\"og:image:height\" content=\"370\" \/>\n\t<meta property=\"og:image:type\" content=\"image\/jpeg\" \/>\n<meta name=\"author\" content=\"Arthur Guimar\u00e3es\" \/>\n<meta name=\"twitter:card\" content=\"summary_large_image\" \/>\n<meta name=\"twitter:creator\" content=\"@sunoresearch\" \/>\n<meta name=\"twitter:site\" content=\"@sunoresearch\" \/>\n<meta name=\"twitter:label1\" content=\"Escrito por\" \/>\n\t<meta name=\"twitter:data1\" content=\"Arthur Guimar\u00e3es\" \/>\n\t<meta name=\"twitter:label2\" content=\"Est. tempo de leitura\" \/>\n\t<meta name=\"twitter:data2\" content=\"3 minutos\" \/>\n<script type=\"application\/ld+json\" class=\"yoast-schema-graph\">{\"@context\":\"https:\/\/schema.org\",\"@graph\":[{\"@type\":\"NewsArticle\",\"@id\":\"https:\/\/www.suno.com.br\/noticias\/dolar-fecha-estavel-fiscal-exterior-29102020\/#article\",\"isPartOf\":{\"@id\":\"https:\/\/www.suno.com.br\/noticias\/dolar-fecha-estavel-fiscal-exterior-29102020\/\"},\"author\":{\"name\":\"Arthur Guimar\u00e3es\",\"@id\":\"https:\/\/www.suno.com.br\/noticias\/#\/schema\/person\/053a750a709a263919a20f976caae91c\"},\"headline\":\"D\u00f3lar fecha pr\u00f3ximo da estabilidade, a R$ 5,765, com fiscal e temores sobre exterior\",\"datePublished\":\"2020-10-29T20:29:30+00:00\",\"dateModified\":\"2021-06-14T02:30:41+00:00\",\"mainEntityOfPage\":{\"@id\":\"https:\/\/www.suno.com.br\/noticias\/dolar-fecha-estavel-fiscal-exterior-29102020\/\"},\"wordCount\":629,\"publisher\":{\"@id\":\"https:\/\/www.suno.com.br\/noticias\/#organization\"},\"image\":{\"@id\":\"https:\/\/www.suno.com.br\/noticias\/dolar-fecha-estavel-fiscal-exterior-29102020\/#primaryimage\"},\"thumbnailUrl\":\"https:\/\/files.sunoresearch.com.br\/n\/uploads\/2019\/06\/5da068bf-dolarr-jpg.webp\",\"keywords\":[\"Caged\",\"d\u00f3lar\",\"Estados Unidos (EUA)\"],\"articleSection\":[\"Mercado\"],\"inLanguage\":\"pt-BR\"},{\"@type\":\"WebPage\",\"@id\":\"https:\/\/www.suno.com.br\/noticias\/dolar-fecha-estavel-fiscal-exterior-29102020\/\",\"url\":\"https:\/\/www.suno.com.br\/noticias\/dolar-fecha-estavel-fiscal-exterior-29102020\/\",\"name\":\"D\u00f3lar fecha pr\u00f3ximo da estabilidade, a R$ 5,765, com fiscal e exterior\",\"isPartOf\":{\"@id\":\"https:\/\/www.suno.com.br\/noticias\/#website\"},\"primaryImageOfPage\":{\"@id\":\"https:\/\/www.suno.com.br\/noticias\/dolar-fecha-estavel-fiscal-exterior-29102020\/#primaryimage\"},\"image\":{\"@id\":\"https:\/\/www.suno.com.br\/noticias\/dolar-fecha-estavel-fiscal-exterior-29102020\/#primaryimage\"},\"thumbnailUrl\":\"https:\/\/files.sunoresearch.com.br\/n\/uploads\/2019\/06\/5da068bf-dolarr-jpg.webp\",\"datePublished\":\"2020-10-29T20:29:30+00:00\",\"dateModified\":\"2021-06-14T02:30:41+00:00\",\"description\":\"O d\u00f3lar hoje fechou em leve alta de 0,03%, a R$ 5,765 na venda, com situa\u00e7\u00e3o fiscal e cen\u00e1rio internacional. Clique para saber mais\",\"breadcrumb\":{\"@id\":\"https:\/\/www.suno.com.br\/noticias\/dolar-fecha-estavel-fiscal-exterior-29102020\/#breadcrumb\"},\"inLanguage\":\"pt-BR\",\"potentialAction\":[{\"@type\":\"ReadAction\",\"target\":[\"https:\/\/www.suno.com.br\/noticias\/dolar-fecha-estavel-fiscal-exterior-29102020\/\"]}]},{\"@type\":\"ImageObject\",\"inLanguage\":\"pt-BR\",\"@id\":\"https:\/\/www.suno.com.br\/noticias\/dolar-fecha-estavel-fiscal-exterior-29102020\/#primaryimage\",\"url\":\"https:\/\/files.sunoresearch.com.br\/n\/uploads\/2019\/06\/5da068bf-dolarr-jpg.webp\",\"contentUrl\":\"https:\/\/files.sunoresearch.com.br\/n\/uploads\/2019\/06\/5da068bf-dolarr-jpg.webp\",\"width\":640,\"height\":370,\"caption\":\"No dia anterior, o d\u00f3lar encerrou em alta de 1,43%, a R$ 5,7630\"},{\"@type\":\"BreadcrumbList\",\"@id\":\"https:\/\/www.suno.com.br\/noticias\/dolar-fecha-estavel-fiscal-exterior-29102020\/#breadcrumb\",\"itemListElement\":[{\"@type\":\"ListItem\",\"position\":1,\"name\":\"Not\u00edcias\",\"item\":\"https:\/\/www.suno.com.br\/noticias\/\"},{\"@type\":\"ListItem\",\"position\":2,\"name\":\"Mercado\",\"item\":\"https:\/\/www.suno.com.br\/noticias\/mercado\/\"},{\"@type\":\"ListItem\",\"position\":3,\"name\":\"D\u00f3lar fecha pr\u00f3ximo da estabilidade, a R$ 5,765, com fiscal e temores sobre exterior\"}]},{\"@type\":\"WebSite\",\"@id\":\"https:\/\/www.suno.com.br\/noticias\/#website\",\"url\":\"https:\/\/www.suno.com.br\/noticias\/\",\"name\":\"Suno Not\u00edcias\",\"description\":\"Seu portal de informa\u00e7\u00e3o sobre o mundo dos investimentos\",\"publisher\":{\"@id\":\"https:\/\/www.suno.com.br\/noticias\/#organization\"},\"potentialAction\":[{\"@type\":\"SearchAction\",\"target\":{\"@type\":\"EntryPoint\",\"urlTemplate\":\"https:\/\/www.suno.com.br\/noticias\/?s={search_term_string}\"},\"query-input\":{\"@type\":\"PropertyValueSpecification\",\"valueRequired\":true,\"valueName\":\"search_term_string\"}}],\"inLanguage\":\"pt-BR\"},{\"@type\":\"Organization\",\"@id\":\"https:\/\/www.suno.com.br\/noticias\/#organization\",\"name\":\"Suno Not\u00edcias\",\"url\":\"https:\/\/www.suno.com.br\/noticias\/\",\"logo\":{\"@type\":\"ImageObject\",\"inLanguage\":\"pt-BR\",\"@id\":\"https:\/\/www.suno.com.br\/noticias\/#\/schema\/logo\/image\/\",\"url\":\"https:\/\/files.sunoresearch.com.br\/n\/uploads\/2021\/09\/suno-logo.png\",\"contentUrl\":\"https:\/\/files.sunoresearch.com.br\/n\/uploads\/2021\/09\/suno-logo.png\",\"width\":180,\"height\":180,\"caption\":\"Suno Not\u00edcias\"},\"image\":{\"@id\":\"https:\/\/www.suno.com.br\/noticias\/#\/schema\/logo\/image\/\"},\"sameAs\":[\"https:\/\/facebook.com\/sunoresearch\",\"https:\/\/x.com\/sunoresearch\",\"https:\/\/www.instagram.com\/suno\",\"https:\/\/www.linkedin.com\/company\/suno-research\/\",\"https:\/\/www.youtube.com\/c\/sunoresearch\"]},{\"@type\":\"Person\",\"@id\":\"https:\/\/www.suno.com.br\/noticias\/#\/schema\/person\/053a750a709a263919a20f976caae91c\",\"name\":\"Arthur Guimar\u00e3es\",\"image\":{\"@type\":\"ImageObject\",\"inLanguage\":\"pt-BR\",\"@id\":\"https:\/\/www.suno.com.br\/noticias\/#\/schema\/person\/image\/\",\"url\":\"https:\/\/secure.gravatar.com\/avatar\/1affd86a11209ae09eb6dd3bcad3e96c?s=96&r=g\",\"contentUrl\":\"https:\/\/secure.gravatar.com\/avatar\/1affd86a11209ae09eb6dd3bcad3e96c?s=96&r=g\",\"caption\":\"Arthur Guimar\u00e3es\"},\"description\":\"Arthur Guimar\u00e3es escreve sobre pol\u00edtica, economia e neg\u00f3cios para o portal de not\u00edcias da Suno Research. Atualmente, \u00e9 estudante de jornalismo pela Faculdade C\u00e1sper L\u00edbero.\",\"url\":\"https:\/\/www.suno.com.br\/noticias\/author\/arthur-guimaraes\/\"}]}<\/script>\n<!-- \/ Yoast SEO plugin. -->","yoast_head_json":{"title":"D\u00f3lar fecha pr\u00f3ximo da estabilidade, a R$ 5,765, com fiscal e exterior","description":"O d\u00f3lar hoje fechou em leve alta de 0,03%, a R$ 5,765 na venda, com situa\u00e7\u00e3o fiscal e cen\u00e1rio internacional. Clique para saber mais","robots":{"index":"index","follow":"follow","max-snippet":"max-snippet:-1","max-image-preview":"max-image-preview:large","max-video-preview":"max-video-preview:-1"},"canonical":"https:\/\/www.suno.com.br\/noticias\/dolar-fecha-estavel-fiscal-exterior-29102020\/","og_locale":"pt_BR","og_type":"article","og_title":"D\u00f3lar fecha pr\u00f3ximo da estabilidade, a R$ 5,765, com fiscal e exterior","og_description":"O d\u00f3lar hoje fechou em leve alta de 0,03%, a R$ 5,765 na venda, com situa\u00e7\u00e3o fiscal e cen\u00e1rio internacional. Clique para saber mais","og_url":"https:\/\/www.suno.com.br\/noticias\/dolar-fecha-estavel-fiscal-exterior-29102020\/","og_site_name":"Suno Not\u00edcias","article_publisher":"https:\/\/facebook.com\/sunoresearch","og_image":[{"width":640,"height":370,"url":"https:\/\/files.sunoresearch.com.br\/n\/uploads\/2019\/06\/5da068bf-dolarr.jpg","type":"image\/jpeg"}],"author":"Arthur Guimar\u00e3es","twitter_card":"summary_large_image","twitter_creator":"@sunoresearch","twitter_site":"@sunoresearch","twitter_misc":{"Escrito por":"Arthur Guimar\u00e3es","Est. tempo de leitura":"3 minutos"},"schema":{"@context":"https:\/\/schema.org","@graph":[{"@type":"NewsArticle","@id":"https:\/\/www.suno.com.br\/noticias\/dolar-fecha-estavel-fiscal-exterior-29102020\/#article","isPartOf":{"@id":"https:\/\/www.suno.com.br\/noticias\/dolar-fecha-estavel-fiscal-exterior-29102020\/"},"author":{"name":"Arthur Guimar\u00e3es","@id":"https:\/\/www.suno.com.br\/noticias\/#\/schema\/person\/053a750a709a263919a20f976caae91c"},"headline":"D\u00f3lar fecha pr\u00f3ximo da estabilidade, a R$ 5,765, com fiscal e temores sobre exterior","datePublished":"2020-10-29T20:29:30+00:00","dateModified":"2021-06-14T02:30:41+00:00","mainEntityOfPage":{"@id":"https:\/\/www.suno.com.br\/noticias\/dolar-fecha-estavel-fiscal-exterior-29102020\/"},"wordCount":629,"publisher":{"@id":"https:\/\/www.suno.com.br\/noticias\/#organization"},"image":{"@id":"https:\/\/www.suno.com.br\/noticias\/dolar-fecha-estavel-fiscal-exterior-29102020\/#primaryimage"},"thumbnailUrl":"https:\/\/files.sunoresearch.com.br\/n\/uploads\/2019\/06\/5da068bf-dolarr-jpg.webp","keywords":["Caged","d\u00f3lar","Estados Unidos (EUA)"],"articleSection":["Mercado"],"inLanguage":"pt-BR"},{"@type":"WebPage","@id":"https:\/\/www.suno.com.br\/noticias\/dolar-fecha-estavel-fiscal-exterior-29102020\/","url":"https:\/\/www.suno.com.br\/noticias\/dolar-fecha-estavel-fiscal-exterior-29102020\/","name":"D\u00f3lar fecha pr\u00f3ximo da estabilidade, a R$ 5,765, com fiscal e exterior","isPartOf":{"@id":"https:\/\/www.suno.com.br\/noticias\/#website"},"primaryImageOfPage":{"@id":"https:\/\/www.suno.com.br\/noticias\/dolar-fecha-estavel-fiscal-exterior-29102020\/#primaryimage"},"image":{"@id":"https:\/\/www.suno.com.br\/noticias\/dolar-fecha-estavel-fiscal-exterior-29102020\/#primaryimage"},"thumbnailUrl":"https:\/\/files.sunoresearch.com.br\/n\/uploads\/2019\/06\/5da068bf-dolarr-jpg.webp","datePublished":"2020-10-29T20:29:30+00:00","dateModified":"2021-06-14T02:30:41+00:00","description":"O d\u00f3lar hoje fechou em leve alta de 0,03%, a R$ 5,765 na venda, com situa\u00e7\u00e3o fiscal e cen\u00e1rio internacional. Clique para saber mais","breadcrumb":{"@id":"https:\/\/www.suno.com.br\/noticias\/dolar-fecha-estavel-fiscal-exterior-29102020\/#breadcrumb"},"inLanguage":"pt-BR","potentialAction":[{"@type":"ReadAction","target":["https:\/\/www.suno.com.br\/noticias\/dolar-fecha-estavel-fiscal-exterior-29102020\/"]}]},{"@type":"ImageObject","inLanguage":"pt-BR","@id":"https:\/\/www.suno.com.br\/noticias\/dolar-fecha-estavel-fiscal-exterior-29102020\/#primaryimage","url":"https:\/\/files.sunoresearch.com.br\/n\/uploads\/2019\/06\/5da068bf-dolarr-jpg.webp","contentUrl":"https:\/\/files.sunoresearch.com.br\/n\/uploads\/2019\/06\/5da068bf-dolarr-jpg.webp","width":640,"height":370,"caption":"No dia anterior, o d\u00f3lar encerrou em alta de 1,43%, a R$ 5,7630"},{"@type":"BreadcrumbList","@id":"https:\/\/www.suno.com.br\/noticias\/dolar-fecha-estavel-fiscal-exterior-29102020\/#breadcrumb","itemListElement":[{"@type":"ListItem","position":1,"name":"Not\u00edcias","item":"https:\/\/www.suno.com.br\/noticias\/"},{"@type":"ListItem","position":2,"name":"Mercado","item":"https:\/\/www.suno.com.br\/noticias\/mercado\/"},{"@type":"ListItem","position":3,"name":"D\u00f3lar fecha pr\u00f3ximo da estabilidade, a R$ 5,765, com fiscal e temores sobre exterior"}]},{"@type":"WebSite","@id":"https:\/\/www.suno.com.br\/noticias\/#website","url":"https:\/\/www.suno.com.br\/noticias\/","name":"Suno Not\u00edcias","description":"Seu portal de informa\u00e7\u00e3o sobre o mundo dos investimentos","publisher":{"@id":"https:\/\/www.suno.com.br\/noticias\/#organization"},"potentialAction":[{"@type":"SearchAction","target":{"@type":"EntryPoint","urlTemplate":"https:\/\/www.suno.com.br\/noticias\/?s={search_term_string}"},"query-input":{"@type":"PropertyValueSpecification","valueRequired":true,"valueName":"search_term_string"}}],"inLanguage":"pt-BR"},{"@type":"Organization","@id":"https:\/\/www.suno.com.br\/noticias\/#organization","name":"Suno Not\u00edcias","url":"https:\/\/www.suno.com.br\/noticias\/","logo":{"@type":"ImageObject","inLanguage":"pt-BR","@id":"https:\/\/www.suno.com.br\/noticias\/#\/schema\/logo\/image\/","url":"https:\/\/files.sunoresearch.com.br\/n\/uploads\/2021\/09\/suno-logo.png","contentUrl":"https:\/\/files.sunoresearch.com.br\/n\/uploads\/2021\/09\/suno-logo.png","width":180,"height":180,"caption":"Suno Not\u00edcias"},"image":{"@id":"https:\/\/www.suno.com.br\/noticias\/#\/schema\/logo\/image\/"},"sameAs":["https:\/\/facebook.com\/sunoresearch","https:\/\/x.com\/sunoresearch","https:\/\/www.instagram.com\/suno","https:\/\/www.linkedin.com\/company\/suno-research\/","https:\/\/www.youtube.com\/c\/sunoresearch"]},{"@type":"Person","@id":"https:\/\/www.suno.com.br\/noticias\/#\/schema\/person\/053a750a709a263919a20f976caae91c","name":"Arthur Guimar\u00e3es","image":{"@type":"ImageObject","inLanguage":"pt-BR","@id":"https:\/\/www.suno.com.br\/noticias\/#\/schema\/person\/image\/","url":"https:\/\/secure.gravatar.com\/avatar\/1affd86a11209ae09eb6dd3bcad3e96c?s=96&r=g","contentUrl":"https:\/\/secure.gravatar.com\/avatar\/1affd86a11209ae09eb6dd3bcad3e96c?s=96&r=g","caption":"Arthur Guimar\u00e3es"},"description":"Arthur Guimar\u00e3es escreve sobre pol\u00edtica, economia e neg\u00f3cios para o portal de not\u00edcias da Suno Research. Atualmente, \u00e9 estudante de jornalismo pela Faculdade C\u00e1sper L\u00edbero.","url":"https:\/\/www.suno.com.br\/noticias\/author\/arthur-guimaraes\/"}]}},"default_loop_html":"<div class=\"cardsPage__listCard__boxs\"><div class=\"cardsPage__listCard__boxs__img\"><a href=\"https:\/\/www.suno.com.br\/noticias\/dolar-fecha-estavel-fiscal-exterior-29102020\/\"><img class=\"mask\" src=\"https:\/\/www.suno.com.br\/noticias\/wp-content\/themes\/suno\/resources\/images\/spotlight\/spotlight1img\/bg-mask.png\" alt=\"Image Mask\"\/><img src=\"https:\/\/files.sunoresearch.com.br\/n\/uploads\/2019\/06\/5da068bf-dolarr-400x200.webp\" alt=\"D\u00f3lar fecha pr\u00f3ximo da estabilidade, a R$ 5,765, com fiscal e temores sobre exterior\"\/><\/a><span class=\"spotlightCategory\"><a href=\"https:\/\/www.suno.com.br\/noticias\/mercado\/\">Mercado<\/a><\/span><\/div><div class=\"cardsPage__listCard__boxs__content\"><a href=\"https:\/\/www.suno.com.br\/noticias\/dolar-fecha-estavel-fiscal-exterior-29102020\/\"><h2 class=\"content__title\">D\u00f3lar fecha pr\u00f3ximo da estabilidade, a R$ 5,765, com fiscal e temores sobre exterior<\/h2><\/a><div class=\"newsContent__article__meta\"><div class=\"newsContent__article__meta__authorBox\"><a href=\"https:\/\/www.suno.com.br\/noticias\/author\/arthur-guimaraes\/\" class=\"authorBox__avatar noMobi\"><img src=\"https:\/\/files.sunoresearch.com.br\/n\/uploads\/2020\/02\/dfb40897-eu-150x150.webp\" alt=\"Arthur Guimar\u00e3es\"><\/a><div class=\"authorBox__name\"><span>por\n\t\t\t<a href=\"https:\/\/www.suno.com.br\/noticias\/author\/arthur-guimaraes\/\"><span itemprop=\"author\">Arthur Guimar\u00e3es<\/span><\/a><\/span><time datetime=\"2020-10-29T17:29:30-03:00\" itemprop=\"datePublished\">29\/10\/2020 17:29<\/time><\/div><\/div><\/div><\/div><\/div>","single_layout":"posts","amp_enabled":true,"_links":{"self":[{"href":"https:\/\/www.suno.com.br\/noticias\/wp-json\/wp\/v2\/posts\/96003"}],"collection":[{"href":"https:\/\/www.suno.com.br\/noticias\/wp-json\/wp\/v2\/posts"}],"about":[{"href":"https:\/\/www.suno.com.br\/noticias\/wp-json\/wp\/v2\/types\/post"}],"author":[{"embeddable":true,"href":"https:\/\/www.suno.com.br\/noticias\/wp-json\/wp\/v2\/users\/35"}],"replies":[{"embeddable":true,"href":"https:\/\/www.suno.com.br\/noticias\/wp-json\/wp\/v2\/comments?post=96003"}],"version-history":[{"count":1,"href":"https:\/\/www.suno.com.br\/noticias\/wp-json\/wp\/v2\/posts\/96003\/revisions"}],"predecessor-version":[{"id":152121,"href":"https:\/\/www.suno.com.br\/noticias\/wp-json\/wp\/v2\/posts\/96003\/revisions\/152121"}],"wp:featuredmedia":[{"embeddable":true,"href":"https:\/\/www.suno.com.br\/noticias\/wp-json\/wp\/v2\/media\/28097"}],"wp:attachment":[{"href":"https:\/\/www.suno.com.br\/noticias\/wp-json\/wp\/v2\/media?parent=96003"}],"wp:term":[{"taxonomy":"category","embeddable":true,"href":"https:\/\/www.suno.com.br\/noticias\/wp-json\/wp\/v2\/categories?post=96003"},{"taxonomy":"post_tag","embeddable":true,"href":"https:\/\/www.suno.com.br\/noticias\/wp-json\/wp\/v2\/tags?post=96003"},{"taxonomy":"suno_strategy","embeddable":true,"href":"https:\/\/www.suno.com.br\/noticias\/wp-json\/wp\/v2\/suno_strategy?post=96003"}],"curies":[{"name":"wp","href":"https:\/\/api.w.org\/{rel}","templated":true}]}}