{"id":95947,"date":"2020-10-29T15:33:15","date_gmt":"2020-10-29T18:33:15","guid":{"rendered":"https:\/\/www.suno.com.br\/noticias\/?p=95947"},"modified":"2021-02-17T22:02:05","modified_gmt":"2021-02-18T01:02:05","slug":"paulo-guedes-imposto-digital-morto","status":"publish","type":"post","link":"https:\/\/www.suno.com.br\/noticias\/paulo-guedes-imposto-digital-morto\/","title":{"rendered":"Paulo Guedes diz que imposto digital \u201cest\u00e1 morto, n\u00e3o existe\u201d"},"content":{"rendered":"<p>O ministro da Economia, <a href=\"https:\/\/www.suno.com.br\/tudo-sobre\/paulo-guedes\/\">Paulo Guedes<\/a>, afirmou nesta quinta-feira (29) que o <strong>imposto <\/strong>digital sobre transa\u00e7\u00f5es eletr\u00f4nicas, que o economista planejava implementar, \u201cest\u00e1 morto, n\u00e3o existe\u201d.<\/p>\t<div class=\"wrapper-featured-image\">\n\t\t<figure class=\"spotlightImg\">\n\n\t\t\t<picture>\n\t\t\t\t<source media=\"(max-width: 768px)\" srcset=\"https:\/\/files.sunoresearch.com.br\/n\/uploads\/2020\/08\/9dfb2f8b-paulo_guedes_mudan\u00e7a_eixo_economia-400x200.webp\">\n\t\t\t\t<img loading=\"lazy\" decoding=\"async\" class=\"newsContent__article__imgCapa lazyloadDisabled \" src=\"https:\/\/files.sunoresearch.com.br\/n\/uploads\/2020\/08\/9dfb2f8b-paulo_guedes_mudan\u00e7a_eixo_economia-800x450.webp\" width=\"800\" height=\"450\" alt=\"Paulo Guedes diz que imposto digital \u201cest\u00e1 morto, n\u00e3o existe\u201d\" fetchpriority=high \/>\n\t\t\t<\/picture>\n\n\t\t\t<figcaption class=\"wp-caption-text wp-caption-text--show\">Guedes afirmou que n\u00e3o tem imposto nenhum<\/figcaption>\n\t\t<\/figure>\n\t<\/div>\n\n\n\t<p>\n\t\t<a href=\"\" target=\"_blank\" data-element=\"shortcode-suno-banner\" title=\"Banner SUNO, clique e saiba mais\">\n\t\t\t<picture>\n\t\t\t\t<source media=\"(max-width: 500px)\" srcset=\"\">\n\t\t\t\t<img class=\"newsContent__article__imgCapa newsContent__article__imgCapa--banner\"\n\t\t\t\t\tsrc=\"\"\n\t\t\t\t\tdata-promo-id=\"93863\"\t\t\t\t\t\t\t\t\t\t\t\t\t\t\talt=\"\"\n\t\t\t\t>\n\t\t\t<\/picture>\n\t\t<\/a>\n\t<\/p>\n\n\n<p>O plano do ministro da Economia era utilizar o imposto para financiar a <strong>desonera\u00e7\u00e3o na folha de pagamento<\/strong> das companhias. H\u00e1 duas semanas, Guedes havia dito que talvez tivesse desistido do imposto, por\u00e9m logo declarou que n\u00e3o tinha abandonado o plano.<\/p>\n<p>&#8220;Do meu ponto de vista o imposto est\u00e1 morto, n\u00e3o tem imposto nenhum, n\u00e3o tem desonera\u00e7\u00e3o, n\u00e3o tem como fazer&#8221;, pontuou o economista. Paulo Guedes ainda lembrou que a defesa do tributo o levou a perder o secret\u00e1rio da <a href=\"https:\/\/www.suno.com.br\/artigos\/receita-federal\/\">Receita Federal<\/a> <strong>Marcos Cintra<\/strong> e afirmou que ningu\u00e9m deseja discutir o assunto em meio \u00e0s elei\u00e7\u00f5es municipais, cujo primeiro turno est\u00e1 previsto para ocorrer em 15 de novembro.<\/p>\n<p><a href=\"https:\/\/lp.suno.com.br\/suno-one\/\">Suno One: acesse gratuitamente eBooks, Minicursos, Artigos e Video Aulas sobre investimentos com um \u00fanico cadastro. Clique para saber mais!<\/a><\/p>\n<p>&#8220;Quem sabe eu tenha que parar de falar desse imposto mesmo. Inclusive estamos em v\u00e9spera de elei\u00e7\u00e3o, e quero declarar o seguinte: esse imposto considere-se morto, extinto. Quando ele foi falado pela primeira vez caiu o secret\u00e1rio da Receita Federal. Agora estamos em plena campanha eleitoral, ningu\u00e9m quer discutir esse tro\u00e7o. O ministro da economia vai falar disso? Esquece, esse imposto n\u00e3o existe. Agora, voc\u00ea apoia a desonera\u00e7\u00e3o sem fonte, sem dizer de onde vem o dinheiro. Ora, esse privil\u00e9gio \u00e9 do Congresso, eu n\u00e3o posso apoiar, quero saber de onde vem o dinheiro&#8221;, ressaltou Guedes.<\/p>\n<h2>N\u00e3o tem &#8216;lobby&#8217; pelo imposto em Bras\u00edlia<\/h2>\n<p>O ministro da Economia afirmou que o imposto sobre pagamentos se colocaria como uma maneira de elevar a empregabilidade para a popula\u00e7\u00e3o mais vulner\u00e1vel que, de acordo com o chefe da pasta, n\u00e3o tem lobby para pedir desonera\u00e7\u00e3o em Bras\u00edlia.<\/p>\n\t<div data-element=\"shortcode-read-more\" class=\"knowMore\">\n\t\t\t\t<span class=\"knowMore__title\">Saiba mais<\/span>\n\t\t\t\t<a class=\"knowMore__link\" href=\"https:\/\/www.suno.com.br\/noticias\/guedes-segunda-2-onda-coronavirus-covid-19-paulo-ministro\/\">\n\t\t\tGuedes: governo trabalhar\u00e1 &quot;da mesma forma&quot; se houver 2\u00aa onda de covid-19\t\t<\/a>\n\t<\/div>\n\n\n<p>&#8220;O privil\u00e9gio de apoiar uma desonera\u00e7\u00e3o dos sal\u00e1rios sem fonte de receitas \u00e9 do Congresso, eu n\u00e3o posso apoiar isso. A resposta quem tem \u00e9 o Congresso, eu sou s\u00f3 uma ferramenta empurrada de um lado para outro&#8221;, completou <strong>Guedes<\/strong>.<\/p>\n\t<p>\n\t\t<a href=\"https:\/\/lp.suno.com.br\/planilha-de-controle-de-investimentos\/\" target=\"_blank\" data-element=\"shortcode-suno-banner\" title=\"Banner SUNO, clique e saiba mais\">\n\t\t\t<picture>\n\t\t\t\t<source media=\"(max-width: 500px)\" srcset=\"https:\/\/files.sunoresearch.com.br\/n\/uploads\/2023\/03\/400x300-Controle-de-Investimentos.png\">\n\t\t\t\t<img class=\"newsContent__article__imgCapa newsContent__article__imgCapa--banner\"\n\t\t\t\t\tsrc=\"https:\/\/files.sunoresearch.com.br\/n\/uploads\/2023\/03\/1420x240-Controle-de-Investimentos.png\"\n\t\t\t\t\tdata-promo-id=\"75934\"\t\t\t\t\t\t\t\t\t\twidth='1420' height='240'\t\t\t\t\talt=\"https:\/\/files.sunoresearch.com.br\/n\/uploads\/2023\/03\/1420x240-Controle-de-Investimentos.png\"\n\t\t\t\t>\n\t\t\t<\/picture>\n\t\t<\/a>\n\t<\/p>\n\n\n","protected":false},"excerpt":{"rendered":"<p>O ministro da Economia, Paulo Guedes, afirmou nesta quinta-feira (29) que o imposto digital sobre transa\u00e7\u00f5es eletr\u00f4nicas, que o economista planejava implementar, \u201cest\u00e1 morto, n\u00e3o existe\u201d. Guedes afirmou que n\u00e3o tem imposto nenhum O plano do ministro da Economia era utilizar o imposto para financiar a desonera\u00e7\u00e3o na folha de pagamento das companhias. H\u00e1 duas [&hellip;]<\/p>\n","protected":false},"author":35,"featured_media":79813,"comment_status":"closed","ping_status":"closed","sticky":false,"template":"","format":"standard","meta":[],"categories":[62],"tags":[704,796],"suno_strategy":[],"class_list":["post-95947","post","type-post","status-publish","format-standard","has-post-thumbnail","hentry","category-economia","tag-impostos","tag-paulo-guedes"],"yoast_head":"<!-- This site is optimized with the Yoast SEO plugin v24.4 - https:\/\/yoast.com\/wordpress\/plugins\/seo\/ -->\n<title>Paulo Guedes diz que imposto digital \u201cest\u00e1 morto, n\u00e3o existe\u201d<\/title>\n<meta name=\"description\" content=\"O ministro da Economia Paulo Guedes declarou que o imposto digital que esperava implementar \u201cest\u00e1 morto, n\u00e3o existe\u201d. Clique para saber mais\" \/>\n<meta name=\"robots\" content=\"index, follow, max-snippet:-1, max-image-preview:large, max-video-preview:-1\" \/>\n<link rel=\"canonical\" href=\"https:\/\/www.suno.com.br\/noticias\/paulo-guedes-imposto-digital-morto\/\" \/>\n<meta property=\"og:locale\" content=\"pt_BR\" \/>\n<meta property=\"og:type\" content=\"article\" \/>\n<meta property=\"og:title\" content=\"Paulo Guedes diz que imposto digital \u201cest\u00e1 morto, n\u00e3o existe\u201d\" \/>\n<meta property=\"og:description\" content=\"O ministro da Economia Paulo Guedes declarou que o imposto digital que esperava implementar \u201cest\u00e1 morto, n\u00e3o existe\u201d. Clique para saber mais\" \/>\n<meta property=\"og:url\" content=\"https:\/\/www.suno.com.br\/noticias\/paulo-guedes-imposto-digital-morto\/\" \/>\n<meta property=\"og:site_name\" content=\"Suno Not\u00edcias\" \/>\n<meta property=\"article:publisher\" content=\"https:\/\/facebook.com\/sunoresearch\" \/>\n<meta property=\"og:image\" content=\"https:\/\/files.sunoresearch.com.br\/n\/uploads\/2020\/08\/9dfb2f8b-paulo_guedes_mudan\u00e7a_eixo_economia.jpg\" \/>\n\t<meta property=\"og:image:width\" content=\"1170\" \/>\n\t<meta property=\"og:image:height\" content=\"700\" \/>\n\t<meta property=\"og:image:type\" content=\"image\/jpeg\" \/>\n<meta name=\"author\" content=\"Arthur Guimar\u00e3es\" \/>\n<meta name=\"twitter:card\" content=\"summary_large_image\" \/>\n<meta name=\"twitter:creator\" content=\"@sunoresearch\" \/>\n<meta name=\"twitter:site\" content=\"@sunoresearch\" \/>\n<meta name=\"twitter:label1\" content=\"Escrito por\" \/>\n\t<meta name=\"twitter:data1\" content=\"Arthur Guimar\u00e3es\" \/>\n\t<meta name=\"twitter:label2\" content=\"Est. tempo de leitura\" \/>\n\t<meta name=\"twitter:data2\" content=\"2 minutos\" \/>\n<script type=\"application\/ld+json\" class=\"yoast-schema-graph\">{\"@context\":\"https:\/\/schema.org\",\"@graph\":[{\"@type\":\"NewsArticle\",\"@id\":\"https:\/\/www.suno.com.br\/noticias\/paulo-guedes-imposto-digital-morto\/#article\",\"isPartOf\":{\"@id\":\"https:\/\/www.suno.com.br\/noticias\/paulo-guedes-imposto-digital-morto\/\"},\"author\":{\"name\":\"Arthur Guimar\u00e3es\",\"@id\":\"https:\/\/www.suno.com.br\/noticias\/#\/schema\/person\/053a750a709a263919a20f976caae91c\"},\"headline\":\"Paulo Guedes diz que imposto digital \u201cest\u00e1 morto, n\u00e3o existe\u201d\",\"datePublished\":\"2020-10-29T18:33:15+00:00\",\"dateModified\":\"2021-02-18T01:02:05+00:00\",\"mainEntityOfPage\":{\"@id\":\"https:\/\/www.suno.com.br\/noticias\/paulo-guedes-imposto-digital-morto\/\"},\"wordCount\":389,\"publisher\":{\"@id\":\"https:\/\/www.suno.com.br\/noticias\/#organization\"},\"image\":{\"@id\":\"https:\/\/www.suno.com.br\/noticias\/paulo-guedes-imposto-digital-morto\/#primaryimage\"},\"thumbnailUrl\":\"https:\/\/files.sunoresearch.com.br\/n\/uploads\/2020\/08\/9dfb2f8b-paulo_guedes_mudan\u00e7a_eixo_economia-jpg.webp\",\"keywords\":[\"impostos\",\"Paulo Guedes\"],\"articleSection\":[\"Economia\"],\"inLanguage\":\"pt-BR\"},{\"@type\":\"WebPage\",\"@id\":\"https:\/\/www.suno.com.br\/noticias\/paulo-guedes-imposto-digital-morto\/\",\"url\":\"https:\/\/www.suno.com.br\/noticias\/paulo-guedes-imposto-digital-morto\/\",\"name\":\"Paulo Guedes diz que imposto digital \u201cest\u00e1 morto, n\u00e3o existe\u201d\",\"isPartOf\":{\"@id\":\"https:\/\/www.suno.com.br\/noticias\/#website\"},\"primaryImageOfPage\":{\"@id\":\"https:\/\/www.suno.com.br\/noticias\/paulo-guedes-imposto-digital-morto\/#primaryimage\"},\"image\":{\"@id\":\"https:\/\/www.suno.com.br\/noticias\/paulo-guedes-imposto-digital-morto\/#primaryimage\"},\"thumbnailUrl\":\"https:\/\/files.sunoresearch.com.br\/n\/uploads\/2020\/08\/9dfb2f8b-paulo_guedes_mudan\u00e7a_eixo_economia-jpg.webp\",\"datePublished\":\"2020-10-29T18:33:15+00:00\",\"dateModified\":\"2021-02-18T01:02:05+00:00\",\"description\":\"O ministro da Economia Paulo Guedes declarou que o imposto digital que esperava implementar \u201cest\u00e1 morto, n\u00e3o existe\u201d. Clique para saber mais\",\"breadcrumb\":{\"@id\":\"https:\/\/www.suno.com.br\/noticias\/paulo-guedes-imposto-digital-morto\/#breadcrumb\"},\"inLanguage\":\"pt-BR\",\"potentialAction\":[{\"@type\":\"ReadAction\",\"target\":[\"https:\/\/www.suno.com.br\/noticias\/paulo-guedes-imposto-digital-morto\/\"]}]},{\"@type\":\"ImageObject\",\"inLanguage\":\"pt-BR\",\"@id\":\"https:\/\/www.suno.com.br\/noticias\/paulo-guedes-imposto-digital-morto\/#primaryimage\",\"url\":\"https:\/\/files.sunoresearch.com.br\/n\/uploads\/2020\/08\/9dfb2f8b-paulo_guedes_mudan\u00e7a_eixo_economia-jpg.webp\",\"contentUrl\":\"https:\/\/files.sunoresearch.com.br\/n\/uploads\/2020\/08\/9dfb2f8b-paulo_guedes_mudan\u00e7a_eixo_economia-jpg.webp\",\"width\":1170,\"height\":700,\"caption\":\"Guedes afirmou que n\u00e3o tem imposto nenhum\"},{\"@type\":\"BreadcrumbList\",\"@id\":\"https:\/\/www.suno.com.br\/noticias\/paulo-guedes-imposto-digital-morto\/#breadcrumb\",\"itemListElement\":[{\"@type\":\"ListItem\",\"position\":1,\"name\":\"Not\u00edcias\",\"item\":\"https:\/\/www.suno.com.br\/noticias\/\"},{\"@type\":\"ListItem\",\"position\":2,\"name\":\"Economia\",\"item\":\"https:\/\/www.suno.com.br\/noticias\/economia\/\"},{\"@type\":\"ListItem\",\"position\":3,\"name\":\"Paulo Guedes diz que imposto digital \u201cest\u00e1 morto, n\u00e3o existe\u201d\"}]},{\"@type\":\"WebSite\",\"@id\":\"https:\/\/www.suno.com.br\/noticias\/#website\",\"url\":\"https:\/\/www.suno.com.br\/noticias\/\",\"name\":\"Suno Not\u00edcias\",\"description\":\"Seu portal de informa\u00e7\u00e3o sobre o mundo dos investimentos\",\"publisher\":{\"@id\":\"https:\/\/www.suno.com.br\/noticias\/#organization\"},\"potentialAction\":[{\"@type\":\"SearchAction\",\"target\":{\"@type\":\"EntryPoint\",\"urlTemplate\":\"https:\/\/www.suno.com.br\/noticias\/?s={search_term_string}\"},\"query-input\":{\"@type\":\"PropertyValueSpecification\",\"valueRequired\":true,\"valueName\":\"search_term_string\"}}],\"inLanguage\":\"pt-BR\"},{\"@type\":\"Organization\",\"@id\":\"https:\/\/www.suno.com.br\/noticias\/#organization\",\"name\":\"Suno Not\u00edcias\",\"url\":\"https:\/\/www.suno.com.br\/noticias\/\",\"logo\":{\"@type\":\"ImageObject\",\"inLanguage\":\"pt-BR\",\"@id\":\"https:\/\/www.suno.com.br\/noticias\/#\/schema\/logo\/image\/\",\"url\":\"https:\/\/files.sunoresearch.com.br\/n\/uploads\/2021\/09\/suno-logo.png\",\"contentUrl\":\"https:\/\/files.sunoresearch.com.br\/n\/uploads\/2021\/09\/suno-logo.png\",\"width\":180,\"height\":180,\"caption\":\"Suno Not\u00edcias\"},\"image\":{\"@id\":\"https:\/\/www.suno.com.br\/noticias\/#\/schema\/logo\/image\/\"},\"sameAs\":[\"https:\/\/facebook.com\/sunoresearch\",\"https:\/\/x.com\/sunoresearch\",\"https:\/\/www.instagram.com\/suno\",\"https:\/\/www.linkedin.com\/company\/suno-research\/\",\"https:\/\/www.youtube.com\/c\/sunoresearch\"]},{\"@type\":\"Person\",\"@id\":\"https:\/\/www.suno.com.br\/noticias\/#\/schema\/person\/053a750a709a263919a20f976caae91c\",\"name\":\"Arthur Guimar\u00e3es\",\"image\":{\"@type\":\"ImageObject\",\"inLanguage\":\"pt-BR\",\"@id\":\"https:\/\/www.suno.com.br\/noticias\/#\/schema\/person\/image\/\",\"url\":\"https:\/\/secure.gravatar.com\/avatar\/1affd86a11209ae09eb6dd3bcad3e96c?s=96&r=g\",\"contentUrl\":\"https:\/\/secure.gravatar.com\/avatar\/1affd86a11209ae09eb6dd3bcad3e96c?s=96&r=g\",\"caption\":\"Arthur Guimar\u00e3es\"},\"description\":\"Arthur Guimar\u00e3es escreve sobre pol\u00edtica, economia e neg\u00f3cios para o portal de not\u00edcias da Suno Research. Atualmente, \u00e9 estudante de jornalismo pela Faculdade C\u00e1sper L\u00edbero.\",\"url\":\"https:\/\/www.suno.com.br\/noticias\/author\/arthur-guimaraes\/\"}]}<\/script>\n<!-- \/ Yoast SEO plugin. -->","yoast_head_json":{"title":"Paulo Guedes diz que imposto digital \u201cest\u00e1 morto, n\u00e3o existe\u201d","description":"O ministro da Economia Paulo Guedes declarou que o imposto digital que esperava implementar \u201cest\u00e1 morto, n\u00e3o existe\u201d. Clique para saber mais","robots":{"index":"index","follow":"follow","max-snippet":"max-snippet:-1","max-image-preview":"max-image-preview:large","max-video-preview":"max-video-preview:-1"},"canonical":"https:\/\/www.suno.com.br\/noticias\/paulo-guedes-imposto-digital-morto\/","og_locale":"pt_BR","og_type":"article","og_title":"Paulo Guedes diz que imposto digital \u201cest\u00e1 morto, n\u00e3o existe\u201d","og_description":"O ministro da Economia Paulo Guedes declarou que o imposto digital que esperava implementar \u201cest\u00e1 morto, n\u00e3o existe\u201d. Clique para saber mais","og_url":"https:\/\/www.suno.com.br\/noticias\/paulo-guedes-imposto-digital-morto\/","og_site_name":"Suno Not\u00edcias","article_publisher":"https:\/\/facebook.com\/sunoresearch","og_image":[{"width":1170,"height":700,"url":"https:\/\/files.sunoresearch.com.br\/n\/uploads\/2020\/08\/9dfb2f8b-paulo_guedes_mudan\u00e7a_eixo_economia.jpg","type":"image\/jpeg"}],"author":"Arthur Guimar\u00e3es","twitter_card":"summary_large_image","twitter_creator":"@sunoresearch","twitter_site":"@sunoresearch","twitter_misc":{"Escrito por":"Arthur Guimar\u00e3es","Est. tempo de leitura":"2 minutos"},"schema":{"@context":"https:\/\/schema.org","@graph":[{"@type":"NewsArticle","@id":"https:\/\/www.suno.com.br\/noticias\/paulo-guedes-imposto-digital-morto\/#article","isPartOf":{"@id":"https:\/\/www.suno.com.br\/noticias\/paulo-guedes-imposto-digital-morto\/"},"author":{"name":"Arthur Guimar\u00e3es","@id":"https:\/\/www.suno.com.br\/noticias\/#\/schema\/person\/053a750a709a263919a20f976caae91c"},"headline":"Paulo Guedes diz que imposto digital \u201cest\u00e1 morto, n\u00e3o existe\u201d","datePublished":"2020-10-29T18:33:15+00:00","dateModified":"2021-02-18T01:02:05+00:00","mainEntityOfPage":{"@id":"https:\/\/www.suno.com.br\/noticias\/paulo-guedes-imposto-digital-morto\/"},"wordCount":389,"publisher":{"@id":"https:\/\/www.suno.com.br\/noticias\/#organization"},"image":{"@id":"https:\/\/www.suno.com.br\/noticias\/paulo-guedes-imposto-digital-morto\/#primaryimage"},"thumbnailUrl":"https:\/\/files.sunoresearch.com.br\/n\/uploads\/2020\/08\/9dfb2f8b-paulo_guedes_mudan\u00e7a_eixo_economia-jpg.webp","keywords":["impostos","Paulo Guedes"],"articleSection":["Economia"],"inLanguage":"pt-BR"},{"@type":"WebPage","@id":"https:\/\/www.suno.com.br\/noticias\/paulo-guedes-imposto-digital-morto\/","url":"https:\/\/www.suno.com.br\/noticias\/paulo-guedes-imposto-digital-morto\/","name":"Paulo Guedes diz que imposto digital \u201cest\u00e1 morto, n\u00e3o existe\u201d","isPartOf":{"@id":"https:\/\/www.suno.com.br\/noticias\/#website"},"primaryImageOfPage":{"@id":"https:\/\/www.suno.com.br\/noticias\/paulo-guedes-imposto-digital-morto\/#primaryimage"},"image":{"@id":"https:\/\/www.suno.com.br\/noticias\/paulo-guedes-imposto-digital-morto\/#primaryimage"},"thumbnailUrl":"https:\/\/files.sunoresearch.com.br\/n\/uploads\/2020\/08\/9dfb2f8b-paulo_guedes_mudan\u00e7a_eixo_economia-jpg.webp","datePublished":"2020-10-29T18:33:15+00:00","dateModified":"2021-02-18T01:02:05+00:00","description":"O ministro da Economia Paulo Guedes declarou que o imposto digital que esperava implementar \u201cest\u00e1 morto, n\u00e3o existe\u201d. Clique para saber mais","breadcrumb":{"@id":"https:\/\/www.suno.com.br\/noticias\/paulo-guedes-imposto-digital-morto\/#breadcrumb"},"inLanguage":"pt-BR","potentialAction":[{"@type":"ReadAction","target":["https:\/\/www.suno.com.br\/noticias\/paulo-guedes-imposto-digital-morto\/"]}]},{"@type":"ImageObject","inLanguage":"pt-BR","@id":"https:\/\/www.suno.com.br\/noticias\/paulo-guedes-imposto-digital-morto\/#primaryimage","url":"https:\/\/files.sunoresearch.com.br\/n\/uploads\/2020\/08\/9dfb2f8b-paulo_guedes_mudan\u00e7a_eixo_economia-jpg.webp","contentUrl":"https:\/\/files.sunoresearch.com.br\/n\/uploads\/2020\/08\/9dfb2f8b-paulo_guedes_mudan\u00e7a_eixo_economia-jpg.webp","width":1170,"height":700,"caption":"Guedes afirmou que n\u00e3o tem imposto nenhum"},{"@type":"BreadcrumbList","@id":"https:\/\/www.suno.com.br\/noticias\/paulo-guedes-imposto-digital-morto\/#breadcrumb","itemListElement":[{"@type":"ListItem","position":1,"name":"Not\u00edcias","item":"https:\/\/www.suno.com.br\/noticias\/"},{"@type":"ListItem","position":2,"name":"Economia","item":"https:\/\/www.suno.com.br\/noticias\/economia\/"},{"@type":"ListItem","position":3,"name":"Paulo Guedes diz que imposto digital \u201cest\u00e1 morto, n\u00e3o existe\u201d"}]},{"@type":"WebSite","@id":"https:\/\/www.suno.com.br\/noticias\/#website","url":"https:\/\/www.suno.com.br\/noticias\/","name":"Suno Not\u00edcias","description":"Seu portal de informa\u00e7\u00e3o sobre o mundo dos investimentos","publisher":{"@id":"https:\/\/www.suno.com.br\/noticias\/#organization"},"potentialAction":[{"@type":"SearchAction","target":{"@type":"EntryPoint","urlTemplate":"https:\/\/www.suno.com.br\/noticias\/?s={search_term_string}"},"query-input":{"@type":"PropertyValueSpecification","valueRequired":true,"valueName":"search_term_string"}}],"inLanguage":"pt-BR"},{"@type":"Organization","@id":"https:\/\/www.suno.com.br\/noticias\/#organization","name":"Suno Not\u00edcias","url":"https:\/\/www.suno.com.br\/noticias\/","logo":{"@type":"ImageObject","inLanguage":"pt-BR","@id":"https:\/\/www.suno.com.br\/noticias\/#\/schema\/logo\/image\/","url":"https:\/\/files.sunoresearch.com.br\/n\/uploads\/2021\/09\/suno-logo.png","contentUrl":"https:\/\/files.sunoresearch.com.br\/n\/uploads\/2021\/09\/suno-logo.png","width":180,"height":180,"caption":"Suno Not\u00edcias"},"image":{"@id":"https:\/\/www.suno.com.br\/noticias\/#\/schema\/logo\/image\/"},"sameAs":["https:\/\/facebook.com\/sunoresearch","https:\/\/x.com\/sunoresearch","https:\/\/www.instagram.com\/suno","https:\/\/www.linkedin.com\/company\/suno-research\/","https:\/\/www.youtube.com\/c\/sunoresearch"]},{"@type":"Person","@id":"https:\/\/www.suno.com.br\/noticias\/#\/schema\/person\/053a750a709a263919a20f976caae91c","name":"Arthur Guimar\u00e3es","image":{"@type":"ImageObject","inLanguage":"pt-BR","@id":"https:\/\/www.suno.com.br\/noticias\/#\/schema\/person\/image\/","url":"https:\/\/secure.gravatar.com\/avatar\/1affd86a11209ae09eb6dd3bcad3e96c?s=96&r=g","contentUrl":"https:\/\/secure.gravatar.com\/avatar\/1affd86a11209ae09eb6dd3bcad3e96c?s=96&r=g","caption":"Arthur Guimar\u00e3es"},"description":"Arthur Guimar\u00e3es escreve sobre pol\u00edtica, economia e neg\u00f3cios para o portal de not\u00edcias da Suno Research. Atualmente, \u00e9 estudante de jornalismo pela Faculdade C\u00e1sper L\u00edbero.","url":"https:\/\/www.suno.com.br\/noticias\/author\/arthur-guimaraes\/"}]}},"default_loop_html":"<div class=\"cardsPage__listCard__boxs\"><div class=\"cardsPage__listCard__boxs__img\"><a href=\"https:\/\/www.suno.com.br\/noticias\/paulo-guedes-imposto-digital-morto\/\"><img class=\"mask\" src=\"https:\/\/www.suno.com.br\/noticias\/wp-content\/themes\/suno\/resources\/images\/spotlight\/spotlight1img\/bg-mask.png\" alt=\"Image Mask\"\/><img src=\"https:\/\/files.sunoresearch.com.br\/n\/uploads\/2020\/08\/9dfb2f8b-paulo_guedes_mudan\u00e7a_eixo_economia-400x200.webp\" alt=\"Paulo Guedes diz que imposto digital \u201cest\u00e1 morto, n\u00e3o existe\u201d\"\/><\/a><span class=\"spotlightCategory\"><a href=\"https:\/\/www.suno.com.br\/noticias\/economia\/\">Economia<\/a><\/span><\/div><div class=\"cardsPage__listCard__boxs__content\"><a href=\"https:\/\/www.suno.com.br\/noticias\/paulo-guedes-imposto-digital-morto\/\"><h2 class=\"content__title\">Paulo Guedes diz que imposto digital \u201cest\u00e1 morto, n\u00e3o existe\u201d<\/h2><\/a><div class=\"newsContent__article__meta\"><div class=\"newsContent__article__meta__authorBox\"><a href=\"https:\/\/www.suno.com.br\/noticias\/author\/arthur-guimaraes\/\" class=\"authorBox__avatar noMobi\"><img src=\"https:\/\/files.sunoresearch.com.br\/n\/uploads\/2020\/02\/dfb40897-eu-150x150.webp\" alt=\"Arthur Guimar\u00e3es\"><\/a><div class=\"authorBox__name\"><span>por\n\t\t\t<a href=\"https:\/\/www.suno.com.br\/noticias\/author\/arthur-guimaraes\/\"><span itemprop=\"author\">Arthur Guimar\u00e3es<\/span><\/a><\/span><time datetime=\"2020-10-29T15:33:15-03:00\" itemprop=\"datePublished\">29\/10\/2020 15:33<\/time><\/div><\/div><\/div><\/div><\/div>","single_layout":"posts","amp_enabled":true,"_links":{"self":[{"href":"https:\/\/www.suno.com.br\/noticias\/wp-json\/wp\/v2\/posts\/95947"}],"collection":[{"href":"https:\/\/www.suno.com.br\/noticias\/wp-json\/wp\/v2\/posts"}],"about":[{"href":"https:\/\/www.suno.com.br\/noticias\/wp-json\/wp\/v2\/types\/post"}],"author":[{"embeddable":true,"href":"https:\/\/www.suno.com.br\/noticias\/wp-json\/wp\/v2\/users\/35"}],"replies":[{"embeddable":true,"href":"https:\/\/www.suno.com.br\/noticias\/wp-json\/wp\/v2\/comments?post=95947"}],"version-history":[{"count":0,"href":"https:\/\/www.suno.com.br\/noticias\/wp-json\/wp\/v2\/posts\/95947\/revisions"}],"wp:featuredmedia":[{"embeddable":true,"href":"https:\/\/www.suno.com.br\/noticias\/wp-json\/wp\/v2\/media\/79813"}],"wp:attachment":[{"href":"https:\/\/www.suno.com.br\/noticias\/wp-json\/wp\/v2\/media?parent=95947"}],"wp:term":[{"taxonomy":"category","embeddable":true,"href":"https:\/\/www.suno.com.br\/noticias\/wp-json\/wp\/v2\/categories?post=95947"},{"taxonomy":"post_tag","embeddable":true,"href":"https:\/\/www.suno.com.br\/noticias\/wp-json\/wp\/v2\/tags?post=95947"},{"taxonomy":"suno_strategy","embeddable":true,"href":"https:\/\/www.suno.com.br\/noticias\/wp-json\/wp\/v2\/suno_strategy?post=95947"}],"curies":[{"name":"wp","href":"https:\/\/api.w.org\/{rel}","templated":true}]}}