{"id":95835,"date":"2020-10-29T11:49:13","date_gmt":"2020-10-29T14:49:13","guid":{"rendered":"https:\/\/www.suno.com.br\/noticias\/?p=95835"},"modified":"2021-06-21T05:55:57","modified_gmt":"2021-06-21T08:55:57","slug":"cemig-fitch-ratings-eleva-rating","status":"publish","type":"post","link":"https:\/\/www.suno.com.br\/noticias\/cemig-fitch-ratings-eleva-rating\/","title":{"rendered":"Cemig (CMIG4): Fitch eleva rating de A+ para AA-"},"content":{"rendered":"<p>A <strong>Cemig<\/strong> (<a href=\"https:\/\/www.suno.com.br\/acoes\/cmig3\/\" target=\"_blank\" rel=\"noopener noreferrer\">CMIG3<\/a>; <a href=\"https:\/\/www.suno.com.br\/acoes\/cmig4\/\" target=\"_blank\" rel=\"noopener noreferrer\">CMIG4<\/a>) informou que a ag\u00eancia de classifica\u00e7\u00e3o de risco Fitch Ratings elevou seus ratings e de suas subsidi\u00e1rias Cemig Distribui\u00e7\u00e3o e Cemig Gera\u00e7\u00e3o e Transmiss\u00e3o na escala nacional de &#8220;A+&#8221; para &#8220;AA-&#8220;. Al\u00e9m disso, a Fitch afirmou os ratings na escala global em &#8220;BB-&#8220;. A perspectiva \u00e9 est\u00e1vel.<\/p>\t<div class=\"wrapper-featured-image\">\n\t\t<figure class=\"spotlightImg\">\n\n\t\t\t<picture>\n\t\t\t\t<source media=\"(max-width: 768px)\" srcset=\"https:\/\/files.sunoresearch.com.br\/n\/uploads\/2019\/08\/ed470c2f-cemig-400x200.webp\">\n\t\t\t\t<img loading=\"lazy\" decoding=\"async\" class=\"newsContent__article__imgCapa lazyloadDisabled \" src=\"https:\/\/files.sunoresearch.com.br\/n\/uploads\/2019\/08\/ed470c2f-cemig-800x450.webp\" width=\"800\" height=\"450\" alt=\"Cemig (CMIG4): Fitch eleva rating de A+ para AA-\" fetchpriority=high \/>\n\t\t\t<\/picture>\n\n\t\t\t<figcaption class=\"wp-caption-text wp-caption-text--show\">Cemig tem ratings elevados<\/figcaption>\n\t\t<\/figure>\n\t<\/div>\n\n\n<div class=\"hubspot-form-wrapper\">\n\t<div id=\"single-form-target\"><\/div>\n<\/div>\n\n<h2>Subsidi\u00e1ria emitiu deb\u00eantures<\/h2>\n<p>No m\u00eas passado, a empresa informou que\u00a0sua subsidi\u00e1ria Gasmig, concluiu a distribui\u00e7\u00e3o de R$ 850 milh\u00f5es em\u00a0<a href=\"https:\/\/www.suno.com.br\/artigos\/debentures\/\">deb\u00eantures<\/a>. Trata-se da oitava emiss\u00e3o de deb\u00eantures da controlada.<\/p>\n<p>Segundo o fato relevante da Cemig, os deb\u00eantures foram emitidos em s\u00e9rie \u00fanica, com prazo de 11 anos e atualiza\u00e7\u00e3o monet\u00e1ria pelo\u00a0<a href=\"https:\/\/www.suno.com.br\/artigos\/ipca\/\">\u00cdndice Nacional de Pre\u00e7os ao Consumidor Amplo (IPCA)<\/a>, \u201cacrescida de juros remunerat\u00f3rios de 5,27% ao ano, base de 252 dias \u00fateis\u201d.<\/p>\n<p><a href=\"https:\/\/lp.suno.com.br\/suno-one\/\">No Suno One voc\u00ea aprende a fazer seu dinheiro para trabalhar para voc\u00ea. Cadastre-se gratuitamente agora!<\/a><\/p>\n<h2>Cemig divulga resultados dia 13 de novembro<\/h2>\n<p>O mercado aguarda o resultado do terceiro trimestre da Cemig para o dia 13 de novembro. No segundo trimestre, a empresa\u00a0registrou<a href=\"https:\/\/www.suno.com.br\/artigos\/lucro-liquido\/\">\u00a0lucro l\u00edquido<\/a>\u00a0de R$ 1 bilh\u00e3o no segundo trimestre deste ano. Esse valor representa uma queda de 50% em rela\u00e7\u00e3o ao mesmo per\u00edodo em 2019, quando havia registrado R$ 2,1 bilh\u00f5es.<\/p>\n<p>J\u00e1 o<a href=\"https:\/\/www.suno.com.br\/artigos\/ebitda\/\">\u00a0Ebitda (lucro antes de juros, impostos, deprecia\u00e7\u00e3o e amortiza\u00e7\u00e3o)<\/a>\u00a0ficou em R$ 1,8 bilh\u00e3o. Por sua vez, o\u00a0<a href=\"https:\/\/www.suno.com.br\/artigos\/ebitda-ajustado\/\">Ebitda ajustado<\/a> totalizou R$ 941,2 milh\u00f5es, queda de 11,3% na compara\u00e7\u00e3o de base anual.<\/p>\n<p>A\u00a0<a href=\"https:\/\/www.suno.com.br\/artigos\/divida-liquida\/\">d\u00edvida l\u00edquida<\/a>\u00a0da companhia controlada pelo governo de Minas Gerais terminou o m\u00eas de junho em R$ 12,1 bilh\u00f5es, baixa de 2,4%. A receita de concess\u00e3o de transmiss\u00e3o subiu 138,8%, para R$ 300 milh\u00f5es.<\/p>\n<p>Al\u00e9m disso, est\u00e1 entre os planos da empresa a constru\u00e7\u00e3o de usinas pr\u00f3prias de gera\u00e7\u00e3o de energia renov\u00e1vel. A <strong>Cemig<\/strong> ainda pretende viabilizar os investimentos para construir usinas atrav\u00e9s da negocia\u00e7\u00e3o da produ\u00e7\u00e3o futura dos projetos no mercado livre de energia, que ter\u00e1 o apoio de sua unidade de comercializa\u00e7\u00e3o.<\/p>\n\t<p>\n\t\t<a href=\"https:\/\/lp.suno.com.br\/planilha-de-controle-de-investimentos\/\" target=\"_blank\" data-element=\"shortcode-suno-banner\" title=\"Banner SUNO, clique e saiba mais\">\n\t\t\t<picture>\n\t\t\t\t<source media=\"(max-width: 500px)\" srcset=\"https:\/\/files.sunoresearch.com.br\/n\/uploads\/2023\/03\/400x300-Controle-de-Investimentos.png\">\n\t\t\t\t<img class=\"newsContent__article__imgCapa newsContent__article__imgCapa--banner\"\n\t\t\t\t\tsrc=\"https:\/\/files.sunoresearch.com.br\/n\/uploads\/2023\/03\/1420x240-Controle-de-Investimentos.png\"\n\t\t\t\t\tdata-promo-id=\"75934\"\t\t\t\t\t\t\t\t\t\twidth='1420' height='240'\t\t\t\t\talt=\"https:\/\/files.sunoresearch.com.br\/n\/uploads\/2023\/03\/1420x240-Controle-de-Investimentos.png\"\n\t\t\t\t>\n\t\t\t<\/picture>\n\t\t<\/a>\n\t<\/p>\n\n\n","protected":false},"excerpt":{"rendered":"<p>A Cemig (CMIG3; CMIG4) informou que a ag\u00eancia de classifica\u00e7\u00e3o de risco Fitch Ratings elevou seus ratings e de suas subsidi\u00e1rias Cemig Distribui\u00e7\u00e3o e Cemig Gera\u00e7\u00e3o e Transmiss\u00e3o na escala nacional de &#8220;A+&#8221; para &#8220;AA-&#8220;. Al\u00e9m disso, a Fitch afirmou os ratings na escala global em &#8220;BB-&#8220;. A perspectiva \u00e9 est\u00e1vel. Cemig tem ratings elevados [&hellip;]<\/p>\n","protected":false},"author":60,"featured_media":35945,"comment_status":"closed","ping_status":"closed","sticky":false,"template":"","format":"standard","meta":[],"categories":[64],"tags":[420,1034,1277],"suno_strategy":[],"class_list":["post-95835","post","type-post","status-publish","format-standard","has-post-thumbnail","hentry","category-negocios","tag-cemig-cmig3-cmig4","tag-classificacao-de-risco-rating","tag-fitch"],"yoast_head":"<!-- This site is optimized with the Yoast SEO plugin v24.4 - https:\/\/yoast.com\/wordpress\/plugins\/seo\/ -->\n<title>Cemig (CMIG4): Fitch Ratings eleva rating de A+ para AA-<\/title>\n<meta name=\"description\" content=\"A Cemig (CMIG3; CMIG4) informou que a Fitch elevou seus ratings em escala nacional de &quot;A+&quot; para &quot;AA-&quot;. Leia mais sobre a empresa aqui.\" \/>\n<meta name=\"robots\" content=\"index, follow, max-snippet:-1, max-image-preview:large, max-video-preview:-1\" \/>\n<link rel=\"canonical\" href=\"https:\/\/www.suno.com.br\/noticias\/cemig-fitch-ratings-eleva-rating\/\" \/>\n<meta property=\"og:locale\" content=\"pt_BR\" \/>\n<meta property=\"og:type\" content=\"article\" \/>\n<meta property=\"og:title\" content=\"Cemig (CMIG4): Fitch Ratings eleva rating de A+ para AA-\" \/>\n<meta property=\"og:description\" content=\"A Cemig (CMIG3; CMIG4) informou que a Fitch elevou seus ratings em escala nacional de &quot;A+&quot; para &quot;AA-&quot;. Leia mais sobre a empresa aqui.\" \/>\n<meta property=\"og:url\" content=\"https:\/\/www.suno.com.br\/noticias\/cemig-fitch-ratings-eleva-rating\/\" \/>\n<meta property=\"og:site_name\" content=\"Suno Not\u00edcias\" \/>\n<meta property=\"article:publisher\" content=\"https:\/\/facebook.com\/sunoresearch\" \/>\n<meta property=\"og:image\" content=\"https:\/\/files.sunoresearch.com.br\/n\/uploads\/2019\/08\/ed470c2f-cemig-1024x683.jpg\" \/>\n\t<meta property=\"og:image:width\" content=\"1024\" \/>\n\t<meta property=\"og:image:height\" content=\"683\" \/>\n\t<meta property=\"og:image:type\" content=\"image\/jpeg\" \/>\n<meta name=\"author\" content=\"Natalia G\u00f3mez\" \/>\n<meta name=\"twitter:card\" content=\"summary_large_image\" \/>\n<meta name=\"twitter:creator\" content=\"@sunoresearch\" \/>\n<meta name=\"twitter:site\" content=\"@sunoresearch\" \/>\n<meta name=\"twitter:label1\" content=\"Escrito por\" \/>\n\t<meta name=\"twitter:data1\" content=\"Natalia G\u00f3mez\" \/>\n\t<meta name=\"twitter:label2\" content=\"Est. tempo de leitura\" \/>\n\t<meta name=\"twitter:data2\" content=\"2 minutos\" \/>\n<script type=\"application\/ld+json\" class=\"yoast-schema-graph\">{\"@context\":\"https:\/\/schema.org\",\"@graph\":[{\"@type\":\"NewsArticle\",\"@id\":\"https:\/\/www.suno.com.br\/noticias\/cemig-fitch-ratings-eleva-rating\/#article\",\"isPartOf\":{\"@id\":\"https:\/\/www.suno.com.br\/noticias\/cemig-fitch-ratings-eleva-rating\/\"},\"author\":{\"name\":\"Natalia G\u00f3mez\",\"@id\":\"https:\/\/www.suno.com.br\/noticias\/#\/schema\/person\/1b24d67c140a42e864ef414497edb164\"},\"headline\":\"Cemig (CMIG4): Fitch eleva rating de A+ para AA-\",\"datePublished\":\"2020-10-29T14:49:13+00:00\",\"dateModified\":\"2021-06-21T08:55:57+00:00\",\"mainEntityOfPage\":{\"@id\":\"https:\/\/www.suno.com.br\/noticias\/cemig-fitch-ratings-eleva-rating\/\"},\"wordCount\":375,\"publisher\":{\"@id\":\"https:\/\/www.suno.com.br\/noticias\/#organization\"},\"image\":{\"@id\":\"https:\/\/www.suno.com.br\/noticias\/cemig-fitch-ratings-eleva-rating\/#primaryimage\"},\"thumbnailUrl\":\"https:\/\/files.sunoresearch.com.br\/n\/uploads\/2019\/08\/ed470c2f-cemig-jpg.webp\",\"keywords\":[\"Cemig (CMIG3\/CMIG4)\",\"Classifica\u00e7\u00e3o de Risco (Rating)\",\"Fitch\"],\"articleSection\":[\"Neg\u00f3cios\"],\"inLanguage\":\"pt-BR\"},{\"@type\":\"WebPage\",\"@id\":\"https:\/\/www.suno.com.br\/noticias\/cemig-fitch-ratings-eleva-rating\/\",\"url\":\"https:\/\/www.suno.com.br\/noticias\/cemig-fitch-ratings-eleva-rating\/\",\"name\":\"Cemig (CMIG4): Fitch Ratings eleva rating de A+ para AA-\",\"isPartOf\":{\"@id\":\"https:\/\/www.suno.com.br\/noticias\/#website\"},\"primaryImageOfPage\":{\"@id\":\"https:\/\/www.suno.com.br\/noticias\/cemig-fitch-ratings-eleva-rating\/#primaryimage\"},\"image\":{\"@id\":\"https:\/\/www.suno.com.br\/noticias\/cemig-fitch-ratings-eleva-rating\/#primaryimage\"},\"thumbnailUrl\":\"https:\/\/files.sunoresearch.com.br\/n\/uploads\/2019\/08\/ed470c2f-cemig-jpg.webp\",\"datePublished\":\"2020-10-29T14:49:13+00:00\",\"dateModified\":\"2021-06-21T08:55:57+00:00\",\"description\":\"A Cemig (CMIG3; CMIG4) informou que a Fitch elevou seus ratings em escala nacional de \\\"A+\\\" para \\\"AA-\\\". Leia mais sobre a empresa aqui.\",\"breadcrumb\":{\"@id\":\"https:\/\/www.suno.com.br\/noticias\/cemig-fitch-ratings-eleva-rating\/#breadcrumb\"},\"inLanguage\":\"pt-BR\",\"potentialAction\":[{\"@type\":\"ReadAction\",\"target\":[\"https:\/\/www.suno.com.br\/noticias\/cemig-fitch-ratings-eleva-rating\/\"]}]},{\"@type\":\"ImageObject\",\"inLanguage\":\"pt-BR\",\"@id\":\"https:\/\/www.suno.com.br\/noticias\/cemig-fitch-ratings-eleva-rating\/#primaryimage\",\"url\":\"https:\/\/files.sunoresearch.com.br\/n\/uploads\/2019\/08\/ed470c2f-cemig-jpg.webp\",\"contentUrl\":\"https:\/\/files.sunoresearch.com.br\/n\/uploads\/2019\/08\/ed470c2f-cemig-jpg.webp\",\"width\":2119,\"height\":1414,\"caption\":\"Cemig tem ratings elevados\"},{\"@type\":\"BreadcrumbList\",\"@id\":\"https:\/\/www.suno.com.br\/noticias\/cemig-fitch-ratings-eleva-rating\/#breadcrumb\",\"itemListElement\":[{\"@type\":\"ListItem\",\"position\":1,\"name\":\"Not\u00edcias\",\"item\":\"https:\/\/www.suno.com.br\/noticias\/\"},{\"@type\":\"ListItem\",\"position\":2,\"name\":\"Neg\u00f3cios\",\"item\":\"https:\/\/www.suno.com.br\/noticias\/negocios\/\"},{\"@type\":\"ListItem\",\"position\":3,\"name\":\"Cemig (CMIG4): Fitch eleva rating de A+ para AA-\"}]},{\"@type\":\"WebSite\",\"@id\":\"https:\/\/www.suno.com.br\/noticias\/#website\",\"url\":\"https:\/\/www.suno.com.br\/noticias\/\",\"name\":\"Suno Not\u00edcias\",\"description\":\"Seu portal de informa\u00e7\u00e3o sobre o mundo dos investimentos\",\"publisher\":{\"@id\":\"https:\/\/www.suno.com.br\/noticias\/#organization\"},\"potentialAction\":[{\"@type\":\"SearchAction\",\"target\":{\"@type\":\"EntryPoint\",\"urlTemplate\":\"https:\/\/www.suno.com.br\/noticias\/?s={search_term_string}\"},\"query-input\":{\"@type\":\"PropertyValueSpecification\",\"valueRequired\":true,\"valueName\":\"search_term_string\"}}],\"inLanguage\":\"pt-BR\"},{\"@type\":\"Organization\",\"@id\":\"https:\/\/www.suno.com.br\/noticias\/#organization\",\"name\":\"Suno Not\u00edcias\",\"url\":\"https:\/\/www.suno.com.br\/noticias\/\",\"logo\":{\"@type\":\"ImageObject\",\"inLanguage\":\"pt-BR\",\"@id\":\"https:\/\/www.suno.com.br\/noticias\/#\/schema\/logo\/image\/\",\"url\":\"https:\/\/files.sunoresearch.com.br\/n\/uploads\/2021\/09\/suno-logo.png\",\"contentUrl\":\"https:\/\/files.sunoresearch.com.br\/n\/uploads\/2021\/09\/suno-logo.png\",\"width\":180,\"height\":180,\"caption\":\"Suno Not\u00edcias\"},\"image\":{\"@id\":\"https:\/\/www.suno.com.br\/noticias\/#\/schema\/logo\/image\/\"},\"sameAs\":[\"https:\/\/facebook.com\/sunoresearch\",\"https:\/\/x.com\/sunoresearch\",\"https:\/\/www.instagram.com\/suno\",\"https:\/\/www.linkedin.com\/company\/suno-research\/\",\"https:\/\/www.youtube.com\/c\/sunoresearch\"]},{\"@type\":\"Person\",\"@id\":\"https:\/\/www.suno.com.br\/noticias\/#\/schema\/person\/1b24d67c140a42e864ef414497edb164\",\"name\":\"Natalia G\u00f3mez\",\"image\":{\"@type\":\"ImageObject\",\"inLanguage\":\"pt-BR\",\"@id\":\"https:\/\/www.suno.com.br\/noticias\/#\/schema\/person\/image\/\",\"url\":\"https:\/\/secure.gravatar.com\/avatar\/9e957e0b2b485c2d42c3f4145c16d940?s=96&r=g\",\"contentUrl\":\"https:\/\/secure.gravatar.com\/avatar\/9e957e0b2b485c2d42c3f4145c16d940?s=96&r=g\",\"caption\":\"Natalia G\u00f3mez\"},\"description\":\"Editora do Suno Not\u00edcias desde outubro de 2020, \u00e9 jornalista formada pela PUC-SP, com p\u00f3s-gradua\u00e7\u00e3o em jornalismo liter\u00e1rio. Atua no mercado financeiro desde 2003, quando iniciou a carreira no jornal econ\u00f4mico DCI, cobrindo o setor de alimentos no caderno de Ind\u00fastria. Foi trainee do jornal Valor Econ\u00f4mico, onde atuou no Caderno de Empresas por quase tr\u00eas anos. L\u00e1, cobriu o setor de ind\u00fastria, com foco em siderurgia, embalagens e aeroespacial. Fez coberturas setoriais em viagens para S\u00e3o Jos\u00e9 dos Campos e Franca (SP), al\u00e9m de coberturas internacionais na Alemanha e na Su\u00e9cia. Trabalhou por cinco anos na Ag\u00eancia Estado\/Broadcast, do Grupo Estado, onde foi rep\u00f3rter dos setores de minera\u00e7\u00e3o e siderurgia, alimentos e bebidas e finan\u00e7as. Foi premiada como o pr\u00eamio Destaque de Reportagem da AE em 2007 e 2008. Al\u00e9m de atuar no servi\u00e7o de not\u00edcias em tempo real, fez participa\u00e7\u00f5es no caderno de Economia do jornal Estado de S.Paulo e na R\u00e1dio Eldorado. Ainda no Grupo Estado, foi editora assistente da editoria Empresas e Setores, atuando com edi\u00e7\u00e3o e pauta, al\u00e9m de cobrir mercados diariamente com o cen\u00e1rio de bolsa e fazer reportagens especiais com foco em governan\u00e7a corporativa. Trabalhou tamb\u00e9m como correspondente de finan\u00e7as no servi\u00e7o da Thomson Reuters em portugu\u00eas por quase um ano. Atuou por cerca de oito anos como jornalista independente, contribuindo para ve\u00edculos como UOL Economia, Infomoney e Revista Voc\u00ea SA, al\u00e9m de ter trabalhado em projetos na \u00e1rea de conte\u00fado e comunica\u00e7\u00e3o de institui\u00e7\u00f5es financeiras como Anbima, Banco BS2, Banco Pine, Ita\u00fa BBA e EQI.\",\"url\":\"https:\/\/www.suno.com.br\/noticias\/author\/natalia-gomez\/\"}]}<\/script>\n<!-- \/ Yoast SEO plugin. -->","yoast_head_json":{"title":"Cemig (CMIG4): Fitch Ratings eleva rating de A+ para AA-","description":"A Cemig (CMIG3; CMIG4) informou que a Fitch elevou seus ratings em escala nacional de \"A+\" para \"AA-\". Leia mais sobre a empresa aqui.","robots":{"index":"index","follow":"follow","max-snippet":"max-snippet:-1","max-image-preview":"max-image-preview:large","max-video-preview":"max-video-preview:-1"},"canonical":"https:\/\/www.suno.com.br\/noticias\/cemig-fitch-ratings-eleva-rating\/","og_locale":"pt_BR","og_type":"article","og_title":"Cemig (CMIG4): Fitch Ratings eleva rating de A+ para AA-","og_description":"A Cemig (CMIG3; CMIG4) informou que a Fitch elevou seus ratings em escala nacional de \"A+\" para \"AA-\". Leia mais sobre a empresa aqui.","og_url":"https:\/\/www.suno.com.br\/noticias\/cemig-fitch-ratings-eleva-rating\/","og_site_name":"Suno Not\u00edcias","article_publisher":"https:\/\/facebook.com\/sunoresearch","og_image":[{"width":1024,"height":683,"url":"https:\/\/files.sunoresearch.com.br\/n\/uploads\/2019\/08\/ed470c2f-cemig-1024x683.jpg","type":"image\/jpeg"}],"author":"Natalia G\u00f3mez","twitter_card":"summary_large_image","twitter_creator":"@sunoresearch","twitter_site":"@sunoresearch","twitter_misc":{"Escrito por":"Natalia G\u00f3mez","Est. tempo de leitura":"2 minutos"},"schema":{"@context":"https:\/\/schema.org","@graph":[{"@type":"NewsArticle","@id":"https:\/\/www.suno.com.br\/noticias\/cemig-fitch-ratings-eleva-rating\/#article","isPartOf":{"@id":"https:\/\/www.suno.com.br\/noticias\/cemig-fitch-ratings-eleva-rating\/"},"author":{"name":"Natalia G\u00f3mez","@id":"https:\/\/www.suno.com.br\/noticias\/#\/schema\/person\/1b24d67c140a42e864ef414497edb164"},"headline":"Cemig (CMIG4): Fitch eleva rating de A+ para AA-","datePublished":"2020-10-29T14:49:13+00:00","dateModified":"2021-06-21T08:55:57+00:00","mainEntityOfPage":{"@id":"https:\/\/www.suno.com.br\/noticias\/cemig-fitch-ratings-eleva-rating\/"},"wordCount":375,"publisher":{"@id":"https:\/\/www.suno.com.br\/noticias\/#organization"},"image":{"@id":"https:\/\/www.suno.com.br\/noticias\/cemig-fitch-ratings-eleva-rating\/#primaryimage"},"thumbnailUrl":"https:\/\/files.sunoresearch.com.br\/n\/uploads\/2019\/08\/ed470c2f-cemig-jpg.webp","keywords":["Cemig (CMIG3\/CMIG4)","Classifica\u00e7\u00e3o de Risco (Rating)","Fitch"],"articleSection":["Neg\u00f3cios"],"inLanguage":"pt-BR"},{"@type":"WebPage","@id":"https:\/\/www.suno.com.br\/noticias\/cemig-fitch-ratings-eleva-rating\/","url":"https:\/\/www.suno.com.br\/noticias\/cemig-fitch-ratings-eleva-rating\/","name":"Cemig (CMIG4): Fitch Ratings eleva rating de A+ para AA-","isPartOf":{"@id":"https:\/\/www.suno.com.br\/noticias\/#website"},"primaryImageOfPage":{"@id":"https:\/\/www.suno.com.br\/noticias\/cemig-fitch-ratings-eleva-rating\/#primaryimage"},"image":{"@id":"https:\/\/www.suno.com.br\/noticias\/cemig-fitch-ratings-eleva-rating\/#primaryimage"},"thumbnailUrl":"https:\/\/files.sunoresearch.com.br\/n\/uploads\/2019\/08\/ed470c2f-cemig-jpg.webp","datePublished":"2020-10-29T14:49:13+00:00","dateModified":"2021-06-21T08:55:57+00:00","description":"A Cemig (CMIG3; CMIG4) informou que a Fitch elevou seus ratings em escala nacional de \"A+\" para \"AA-\". Leia mais sobre a empresa aqui.","breadcrumb":{"@id":"https:\/\/www.suno.com.br\/noticias\/cemig-fitch-ratings-eleva-rating\/#breadcrumb"},"inLanguage":"pt-BR","potentialAction":[{"@type":"ReadAction","target":["https:\/\/www.suno.com.br\/noticias\/cemig-fitch-ratings-eleva-rating\/"]}]},{"@type":"ImageObject","inLanguage":"pt-BR","@id":"https:\/\/www.suno.com.br\/noticias\/cemig-fitch-ratings-eleva-rating\/#primaryimage","url":"https:\/\/files.sunoresearch.com.br\/n\/uploads\/2019\/08\/ed470c2f-cemig-jpg.webp","contentUrl":"https:\/\/files.sunoresearch.com.br\/n\/uploads\/2019\/08\/ed470c2f-cemig-jpg.webp","width":2119,"height":1414,"caption":"Cemig tem ratings elevados"},{"@type":"BreadcrumbList","@id":"https:\/\/www.suno.com.br\/noticias\/cemig-fitch-ratings-eleva-rating\/#breadcrumb","itemListElement":[{"@type":"ListItem","position":1,"name":"Not\u00edcias","item":"https:\/\/www.suno.com.br\/noticias\/"},{"@type":"ListItem","position":2,"name":"Neg\u00f3cios","item":"https:\/\/www.suno.com.br\/noticias\/negocios\/"},{"@type":"ListItem","position":3,"name":"Cemig (CMIG4): Fitch eleva rating de A+ para AA-"}]},{"@type":"WebSite","@id":"https:\/\/www.suno.com.br\/noticias\/#website","url":"https:\/\/www.suno.com.br\/noticias\/","name":"Suno Not\u00edcias","description":"Seu portal de informa\u00e7\u00e3o sobre o mundo dos investimentos","publisher":{"@id":"https:\/\/www.suno.com.br\/noticias\/#organization"},"potentialAction":[{"@type":"SearchAction","target":{"@type":"EntryPoint","urlTemplate":"https:\/\/www.suno.com.br\/noticias\/?s={search_term_string}"},"query-input":{"@type":"PropertyValueSpecification","valueRequired":true,"valueName":"search_term_string"}}],"inLanguage":"pt-BR"},{"@type":"Organization","@id":"https:\/\/www.suno.com.br\/noticias\/#organization","name":"Suno Not\u00edcias","url":"https:\/\/www.suno.com.br\/noticias\/","logo":{"@type":"ImageObject","inLanguage":"pt-BR","@id":"https:\/\/www.suno.com.br\/noticias\/#\/schema\/logo\/image\/","url":"https:\/\/files.sunoresearch.com.br\/n\/uploads\/2021\/09\/suno-logo.png","contentUrl":"https:\/\/files.sunoresearch.com.br\/n\/uploads\/2021\/09\/suno-logo.png","width":180,"height":180,"caption":"Suno Not\u00edcias"},"image":{"@id":"https:\/\/www.suno.com.br\/noticias\/#\/schema\/logo\/image\/"},"sameAs":["https:\/\/facebook.com\/sunoresearch","https:\/\/x.com\/sunoresearch","https:\/\/www.instagram.com\/suno","https:\/\/www.linkedin.com\/company\/suno-research\/","https:\/\/www.youtube.com\/c\/sunoresearch"]},{"@type":"Person","@id":"https:\/\/www.suno.com.br\/noticias\/#\/schema\/person\/1b24d67c140a42e864ef414497edb164","name":"Natalia G\u00f3mez","image":{"@type":"ImageObject","inLanguage":"pt-BR","@id":"https:\/\/www.suno.com.br\/noticias\/#\/schema\/person\/image\/","url":"https:\/\/secure.gravatar.com\/avatar\/9e957e0b2b485c2d42c3f4145c16d940?s=96&r=g","contentUrl":"https:\/\/secure.gravatar.com\/avatar\/9e957e0b2b485c2d42c3f4145c16d940?s=96&r=g","caption":"Natalia G\u00f3mez"},"description":"Editora do Suno Not\u00edcias desde outubro de 2020, \u00e9 jornalista formada pela PUC-SP, com p\u00f3s-gradua\u00e7\u00e3o em jornalismo liter\u00e1rio. Atua no mercado financeiro desde 2003, quando iniciou a carreira no jornal econ\u00f4mico DCI, cobrindo o setor de alimentos no caderno de Ind\u00fastria. Foi trainee do jornal Valor Econ\u00f4mico, onde atuou no Caderno de Empresas por quase tr\u00eas anos. L\u00e1, cobriu o setor de ind\u00fastria, com foco em siderurgia, embalagens e aeroespacial. Fez coberturas setoriais em viagens para S\u00e3o Jos\u00e9 dos Campos e Franca (SP), al\u00e9m de coberturas internacionais na Alemanha e na Su\u00e9cia. Trabalhou por cinco anos na Ag\u00eancia Estado\/Broadcast, do Grupo Estado, onde foi rep\u00f3rter dos setores de minera\u00e7\u00e3o e siderurgia, alimentos e bebidas e finan\u00e7as. Foi premiada como o pr\u00eamio Destaque de Reportagem da AE em 2007 e 2008. Al\u00e9m de atuar no servi\u00e7o de not\u00edcias em tempo real, fez participa\u00e7\u00f5es no caderno de Economia do jornal Estado de S.Paulo e na R\u00e1dio Eldorado. Ainda no Grupo Estado, foi editora assistente da editoria Empresas e Setores, atuando com edi\u00e7\u00e3o e pauta, al\u00e9m de cobrir mercados diariamente com o cen\u00e1rio de bolsa e fazer reportagens especiais com foco em governan\u00e7a corporativa. Trabalhou tamb\u00e9m como correspondente de finan\u00e7as no servi\u00e7o da Thomson Reuters em portugu\u00eas por quase um ano. Atuou por cerca de oito anos como jornalista independente, contribuindo para ve\u00edculos como UOL Economia, Infomoney e Revista Voc\u00ea SA, al\u00e9m de ter trabalhado em projetos na \u00e1rea de conte\u00fado e comunica\u00e7\u00e3o de institui\u00e7\u00f5es financeiras como Anbima, Banco BS2, Banco Pine, Ita\u00fa BBA e EQI.","url":"https:\/\/www.suno.com.br\/noticias\/author\/natalia-gomez\/"}]}},"default_loop_html":"<div class=\"cardsPage__listCard__boxs\"><div class=\"cardsPage__listCard__boxs__img\"><a href=\"https:\/\/www.suno.com.br\/noticias\/cemig-fitch-ratings-eleva-rating\/\"><img class=\"mask\" src=\"https:\/\/www.suno.com.br\/noticias\/wp-content\/themes\/suno\/resources\/images\/spotlight\/spotlight1img\/bg-mask.png\" alt=\"Image Mask\"\/><img src=\"https:\/\/files.sunoresearch.com.br\/n\/uploads\/2019\/08\/ed470c2f-cemig-400x200.webp\" alt=\"Cemig (CMIG4): Fitch eleva rating de A+ para AA-\"\/><\/a><span class=\"spotlightCategory\"><a href=\"https:\/\/www.suno.com.br\/noticias\/negocios\/\">Neg\u00f3cios<\/a><\/span><\/div><div class=\"cardsPage__listCard__boxs__content\"><a href=\"https:\/\/www.suno.com.br\/noticias\/cemig-fitch-ratings-eleva-rating\/\"><h2 class=\"content__title\">Cemig (CMIG4): Fitch eleva rating de A+ para AA-<\/h2><\/a><div class=\"newsContent__article__meta\"><div class=\"newsContent__article__meta__authorBox\"><a href=\"https:\/\/www.suno.com.br\/noticias\/author\/natalia-gomez\/\" class=\"authorBox__avatar noMobi\"><img src=\"https:\/\/secure.gravatar.com\/avatar\/9e957e0b2b485c2d42c3f4145c16d940?s=96&#038;r=g\" alt=\"Natalia G\u00f3mez\"><\/a><div class=\"authorBox__name\"><span>por\n\t\t\t<a href=\"https:\/\/www.suno.com.br\/noticias\/author\/natalia-gomez\/\"><span itemprop=\"author\">Natalia G\u00f3mez<\/span><\/a><\/span><time datetime=\"2020-10-29T11:49:13-03:00\" itemprop=\"datePublished\">29\/10\/2020 11:49<\/time><\/div><\/div><\/div><\/div><\/div>","single_layout":"posts","amp_enabled":true,"_links":{"self":[{"href":"https:\/\/www.suno.com.br\/noticias\/wp-json\/wp\/v2\/posts\/95835"}],"collection":[{"href":"https:\/\/www.suno.com.br\/noticias\/wp-json\/wp\/v2\/posts"}],"about":[{"href":"https:\/\/www.suno.com.br\/noticias\/wp-json\/wp\/v2\/types\/post"}],"author":[{"embeddable":true,"href":"https:\/\/www.suno.com.br\/noticias\/wp-json\/wp\/v2\/users\/60"}],"replies":[{"embeddable":true,"href":"https:\/\/www.suno.com.br\/noticias\/wp-json\/wp\/v2\/comments?post=95835"}],"version-history":[{"count":1,"href":"https:\/\/www.suno.com.br\/noticias\/wp-json\/wp\/v2\/posts\/95835\/revisions"}],"predecessor-version":[{"id":159659,"href":"https:\/\/www.suno.com.br\/noticias\/wp-json\/wp\/v2\/posts\/95835\/revisions\/159659"}],"wp:featuredmedia":[{"embeddable":true,"href":"https:\/\/www.suno.com.br\/noticias\/wp-json\/wp\/v2\/media\/35945"}],"wp:attachment":[{"href":"https:\/\/www.suno.com.br\/noticias\/wp-json\/wp\/v2\/media?parent=95835"}],"wp:term":[{"taxonomy":"category","embeddable":true,"href":"https:\/\/www.suno.com.br\/noticias\/wp-json\/wp\/v2\/categories?post=95835"},{"taxonomy":"post_tag","embeddable":true,"href":"https:\/\/www.suno.com.br\/noticias\/wp-json\/wp\/v2\/tags?post=95835"},{"taxonomy":"suno_strategy","embeddable":true,"href":"https:\/\/www.suno.com.br\/noticias\/wp-json\/wp\/v2\/suno_strategy?post=95835"}],"curies":[{"name":"wp","href":"https:\/\/api.w.org\/{rel}","templated":true}]}}