{"id":9555,"date":"2018-12-20T08:51:23","date_gmt":"2018-12-20T10:51:23","guid":{"rendered":"https:\/\/www.suno.com.br\/noticias\/?p=9555"},"modified":"2018-12-20T10:30:47","modified_gmt":"2018-12-20T12:30:47","slug":"venda-ativos-petrobras-suspensa-mello","status":"publish","type":"post","link":"https:\/\/www.suno.com.br\/noticias\/venda-ativos-petrobras-suspensa-mello\/","title":{"rendered":"Venda de ativos da Petrobras \u00e9 suspensa por ministro Marco Aur\u00e9lio Mello"},"content":{"rendered":"<p>O ministro do Supremo Tribunal Federal (STF) <strong>Marco Aur\u00e9lio Mello<\/strong> suspendeu nesta quarta-feira (20) a <a href=\"https:\/\/www.suno.com.br\/artigos\/downsizing\/\">venda de ativos<\/a> da Petrobras.<\/p>\t<div class=\"wrapper-featured-image\">\n\t\t<figure class=\"spotlightImg\">\n\n\t\t\t<picture>\n\t\t\t\t<source media=\"(max-width: 768px)\" srcset=\"https:\/\/files.sunoresearch.com.br\/n\/uploads\/2018\/09\/5ab467ad-petrobras-argentina-400x200.webp\">\n\t\t\t\t<img loading=\"lazy\" decoding=\"async\" class=\"newsContent__article__imgCapa lazyloadDisabled newsContent__article__imgCapa--noCaption\" src=\"https:\/\/files.sunoresearch.com.br\/n\/uploads\/2018\/09\/5ab467ad-petrobras-argentina-800x450.webp\" width=\"800\" height=\"450\" alt=\"Venda de ativos da Petrobras \u00e9 suspensa por ministro Marco Aur\u00e9lio Mello\" fetchpriority=high \/>\n\t\t\t<\/picture>\n\n\t\t\t<figcaption class=\"wp-caption-text wp-caption-text--hide\">De acordo com a Petrobras, os t\u00edtulos registrados ter\u00e3o termos e condi\u00e7\u00f5es similares aos t\u00edtulos n\u00e3o registrados<\/figcaption>\n\t\t<\/figure>\n\t<\/div>\n\n\n<p>O ministro do <strong>STF<\/strong> suspendeu o decreto 9.355 do <strong>Governo<\/strong> federal que permitia \u00e0 <strong>Petrobras<\/strong> vender blocos de petr\u00f3leo para outras empresas sem precisar de licita\u00e7\u00e3o.<\/p>\n<p>O decreto esclarecia d\u00favidas judiciais sobre as venda de ativos de explora\u00e7\u00e3o e produ\u00e7\u00e3o de petr\u00f3leo e g\u00e1s pela estatal.<\/p>\n<p>A medida disciplinava o plano de desinvestimento da Petrobras, iniciado em 2016, assim como as parcerias da empresa. Al\u00e9m disso, criava novas regras de governan\u00e7a e transpar\u00eancia para a venda dos blocos explorat\u00f3rios.<\/p>\n<p>Em seu <a href=\"https:\/\/www.suno.com.br\/\">plano de neg\u00f3cios<\/a> para os pr\u00f3ximos cinco anos, a Petrobras prev\u00ea levantar US$ 26,9 bilh\u00f5es (cerca de R$ 105 bilh\u00f5es) com a venda de ativos. Entre eles, blocos petrol\u00edfero. \u200b<\/p>\n<p>Atualmente, a estatal negocia participa\u00e7\u00f5es em campos em diversos campos de petr\u00f3leo em todo o Pa\u00eds. Entre eles, descobertas gigantes em Sergipe e \u00e1reas terrestres no nordeste.<\/p>\n<p><a href=\"https:\/\/www.suno.com.br\/noticias\/guardia-acordo-cessao-onerosa\/\">Saiba mais: Guardia defende novo acordo com a Petrobras sobre cess\u00e3o onerosa\u00a0<\/a><\/p>\n<h2>A\u00e7\u00e3o movida pelo PT<\/h2>\n<p><strong>Marco Aur\u00e9lio Mello<\/strong> acolheu uma a\u00e7\u00e3o movida pelo PT. Segundo o Partido dos Trabalhadores, o objetivo \u00e9 evitar que o presidente Michel Temer \u201cprosseguisse com sua pol\u00edtica de devasta\u00e7\u00e3o da Petrobras\u201d. O partido tamb\u00e9m defende que o decreto \u00e9 inconstitucional e tenta furtar a lei estabelecendo novas regras jur\u00eddicas que n\u00e3o est\u00e3o previstas na Constitui\u00e7\u00e3o.<\/p>\n<p>Em sua decis\u00e3o, o ministro Mello argumentou que apenas o Congresso Nacional pode legislar sobre normas de licita\u00e7\u00e3o e contrata\u00e7\u00e3o de empresas estatais como a <strong>Petrobras<\/strong>. A quest\u00e3o ser\u00e1 analisada pelo plen\u00e1rio do <strong>STF<\/strong> no primeiro semestre do ano que vem. &#8220;Paga-se um pre\u00e7o por viver-se em um Estado de Direito. \u00c9 m\u00f3dico e est\u00e1, por isso mesmo, ao alcance de todos: o respeito irrestrito \u00e0s regras estabelecidas&#8221;, escreveu <strong>Marco Aur\u00e9lio Mello<\/strong>.<\/p>\n","protected":false},"excerpt":{"rendered":"<p>O ministro do Supremo Tribunal Federal (STF) Marco Aur\u00e9lio Mello suspendeu nesta quarta-feira (20) a venda de ativos da Petrobras. De acordo com a Petrobras, os t\u00edtulos registrados ter\u00e3o termos e condi\u00e7\u00f5es similares aos t\u00edtulos n\u00e3o registrados O ministro do STF suspendeu o decreto 9.355 do Governo federal que permitia \u00e0 Petrobras vender blocos de [&hellip;]<\/p>\n","protected":false},"author":9,"featured_media":3877,"comment_status":"closed","ping_status":"closed","sticky":false,"template":"","format":"standard","meta":[],"categories":[60],"tags":[595,785],"suno_strategy":[],"class_list":["post-9555","post","type-post","status-publish","format-standard","has-post-thumbnail","hentry","category-mercado","tag-petrobras-petr4","tag-supremo-tribunal-federal-stf"],"yoast_head":"<!-- This site is optimized with the Yoast SEO plugin v24.4 - https:\/\/yoast.com\/wordpress\/plugins\/seo\/ -->\n<title>Venda de ativos da Petrobras \u00e9 suspensa por ministro Marco Aur\u00e9lio Mello<\/title>\n<meta name=\"description\" content=\"Marco Aurelio Mello suspendeu o decreto 9.355 que permitia \u00e0 Petrobras vender blocos de petr\u00f3leo. Clique aqui para saber mais.\" \/>\n<meta name=\"robots\" content=\"index, follow, max-snippet:-1, max-image-preview:large, max-video-preview:-1\" \/>\n<link rel=\"canonical\" href=\"https:\/\/www.suno.com.br\/noticias\/venda-ativos-petrobras-suspensa-mello\/\" \/>\n<meta property=\"og:locale\" content=\"pt_BR\" \/>\n<meta property=\"og:type\" content=\"article\" \/>\n<meta property=\"og:title\" content=\"Venda de ativos da Petrobras \u00e9 suspensa por ministro Marco Aur\u00e9lio Mello\" \/>\n<meta property=\"og:description\" content=\"Marco Aurelio Mello suspendeu o decreto 9.355 que permitia \u00e0 Petrobras vender blocos de petr\u00f3leo. Clique aqui para saber mais.\" \/>\n<meta property=\"og:url\" content=\"https:\/\/www.suno.com.br\/noticias\/venda-ativos-petrobras-suspensa-mello\/\" \/>\n<meta property=\"og:site_name\" content=\"Suno Not\u00edcias\" \/>\n<meta property=\"article:publisher\" content=\"https:\/\/facebook.com\/sunoresearch\" \/>\n<meta property=\"og:image\" content=\"https:\/\/files.sunoresearch.com.br\/n\/uploads\/2018\/09\/5ab467ad-petrobras-argentina.jpg\" \/>\n\t<meta property=\"og:image:width\" content=\"2560\" \/>\n\t<meta property=\"og:image:height\" content=\"1388\" \/>\n\t<meta property=\"og:image:type\" content=\"image\/jpeg\" \/>\n<meta name=\"author\" content=\"Carlo Cauti\" \/>\n<meta name=\"twitter:card\" content=\"summary_large_image\" \/>\n<meta name=\"twitter:creator\" content=\"@sunoresearch\" \/>\n<meta name=\"twitter:site\" content=\"@sunoresearch\" \/>\n<meta name=\"twitter:label1\" content=\"Escrito por\" \/>\n\t<meta name=\"twitter:data1\" content=\"Carlo Cauti\" \/>\n\t<meta name=\"twitter:label2\" content=\"Est. tempo de leitura\" \/>\n\t<meta name=\"twitter:data2\" content=\"2 minutos\" \/>\n<script type=\"application\/ld+json\" class=\"yoast-schema-graph\">{\"@context\":\"https:\/\/schema.org\",\"@graph\":[{\"@type\":\"NewsArticle\",\"@id\":\"https:\/\/www.suno.com.br\/noticias\/venda-ativos-petrobras-suspensa-mello\/#article\",\"isPartOf\":{\"@id\":\"https:\/\/www.suno.com.br\/noticias\/venda-ativos-petrobras-suspensa-mello\/\"},\"author\":{\"name\":\"Carlo Cauti\",\"@id\":\"https:\/\/www.suno.com.br\/noticias\/#\/schema\/person\/e6e0f723cc177805027f4566c1d5e0c8\"},\"headline\":\"Venda de ativos da Petrobras \u00e9 suspensa por ministro Marco Aur\u00e9lio Mello\",\"datePublished\":\"2018-12-20T10:51:23+00:00\",\"dateModified\":\"2018-12-20T12:30:47+00:00\",\"mainEntityOfPage\":{\"@id\":\"https:\/\/www.suno.com.br\/noticias\/venda-ativos-petrobras-suspensa-mello\/\"},\"wordCount\":342,\"publisher\":{\"@id\":\"https:\/\/www.suno.com.br\/noticias\/#organization\"},\"image\":{\"@id\":\"https:\/\/www.suno.com.br\/noticias\/venda-ativos-petrobras-suspensa-mello\/#primaryimage\"},\"thumbnailUrl\":\"https:\/\/files.sunoresearch.com.br\/n\/uploads\/2018\/09\/5ab467ad-petrobras-argentina-jpg.webp\",\"keywords\":[\"Petrobras (PETR4)\",\"Supremo Tribunal Federal (STF)\"],\"articleSection\":[\"Mercado\"],\"inLanguage\":\"pt-BR\"},{\"@type\":\"WebPage\",\"@id\":\"https:\/\/www.suno.com.br\/noticias\/venda-ativos-petrobras-suspensa-mello\/\",\"url\":\"https:\/\/www.suno.com.br\/noticias\/venda-ativos-petrobras-suspensa-mello\/\",\"name\":\"Venda de ativos da Petrobras \u00e9 suspensa por ministro Marco Aur\u00e9lio Mello\",\"isPartOf\":{\"@id\":\"https:\/\/www.suno.com.br\/noticias\/#website\"},\"primaryImageOfPage\":{\"@id\":\"https:\/\/www.suno.com.br\/noticias\/venda-ativos-petrobras-suspensa-mello\/#primaryimage\"},\"image\":{\"@id\":\"https:\/\/www.suno.com.br\/noticias\/venda-ativos-petrobras-suspensa-mello\/#primaryimage\"},\"thumbnailUrl\":\"https:\/\/files.sunoresearch.com.br\/n\/uploads\/2018\/09\/5ab467ad-petrobras-argentina-jpg.webp\",\"datePublished\":\"2018-12-20T10:51:23+00:00\",\"dateModified\":\"2018-12-20T12:30:47+00:00\",\"description\":\"Marco Aurelio Mello suspendeu o decreto 9.355 que permitia \u00e0 Petrobras vender blocos de petr\u00f3leo. Clique aqui para saber mais.\",\"breadcrumb\":{\"@id\":\"https:\/\/www.suno.com.br\/noticias\/venda-ativos-petrobras-suspensa-mello\/#breadcrumb\"},\"inLanguage\":\"pt-BR\",\"potentialAction\":[{\"@type\":\"ReadAction\",\"target\":[\"https:\/\/www.suno.com.br\/noticias\/venda-ativos-petrobras-suspensa-mello\/\"]}]},{\"@type\":\"ImageObject\",\"inLanguage\":\"pt-BR\",\"@id\":\"https:\/\/www.suno.com.br\/noticias\/venda-ativos-petrobras-suspensa-mello\/#primaryimage\",\"url\":\"https:\/\/files.sunoresearch.com.br\/n\/uploads\/2018\/09\/5ab467ad-petrobras-argentina-jpg.webp\",\"contentUrl\":\"https:\/\/files.sunoresearch.com.br\/n\/uploads\/2018\/09\/5ab467ad-petrobras-argentina-jpg.webp\",\"width\":2560,\"height\":1388,\"caption\":\"De acordo com a Petrobras, os t\u00edtulos registrados ter\u00e3o termos e condi\u00e7\u00f5es similares aos t\u00edtulos n\u00e3o registrados\"},{\"@type\":\"BreadcrumbList\",\"@id\":\"https:\/\/www.suno.com.br\/noticias\/venda-ativos-petrobras-suspensa-mello\/#breadcrumb\",\"itemListElement\":[{\"@type\":\"ListItem\",\"position\":1,\"name\":\"Not\u00edcias\",\"item\":\"https:\/\/www.suno.com.br\/noticias\/\"},{\"@type\":\"ListItem\",\"position\":2,\"name\":\"Mercado\",\"item\":\"https:\/\/www.suno.com.br\/noticias\/mercado\/\"},{\"@type\":\"ListItem\",\"position\":3,\"name\":\"Venda de ativos da Petrobras \u00e9 suspensa por ministro Marco Aur\u00e9lio Mello\"}]},{\"@type\":\"WebSite\",\"@id\":\"https:\/\/www.suno.com.br\/noticias\/#website\",\"url\":\"https:\/\/www.suno.com.br\/noticias\/\",\"name\":\"Suno Not\u00edcias\",\"description\":\"Seu portal de informa\u00e7\u00e3o sobre o mundo dos investimentos\",\"publisher\":{\"@id\":\"https:\/\/www.suno.com.br\/noticias\/#organization\"},\"potentialAction\":[{\"@type\":\"SearchAction\",\"target\":{\"@type\":\"EntryPoint\",\"urlTemplate\":\"https:\/\/www.suno.com.br\/noticias\/?s={search_term_string}\"},\"query-input\":{\"@type\":\"PropertyValueSpecification\",\"valueRequired\":true,\"valueName\":\"search_term_string\"}}],\"inLanguage\":\"pt-BR\"},{\"@type\":\"Organization\",\"@id\":\"https:\/\/www.suno.com.br\/noticias\/#organization\",\"name\":\"Suno Not\u00edcias\",\"url\":\"https:\/\/www.suno.com.br\/noticias\/\",\"logo\":{\"@type\":\"ImageObject\",\"inLanguage\":\"pt-BR\",\"@id\":\"https:\/\/www.suno.com.br\/noticias\/#\/schema\/logo\/image\/\",\"url\":\"https:\/\/files.sunoresearch.com.br\/n\/uploads\/2021\/09\/suno-logo.png\",\"contentUrl\":\"https:\/\/files.sunoresearch.com.br\/n\/uploads\/2021\/09\/suno-logo.png\",\"width\":180,\"height\":180,\"caption\":\"Suno Not\u00edcias\"},\"image\":{\"@id\":\"https:\/\/www.suno.com.br\/noticias\/#\/schema\/logo\/image\/\"},\"sameAs\":[\"https:\/\/facebook.com\/sunoresearch\",\"https:\/\/x.com\/sunoresearch\",\"https:\/\/www.instagram.com\/suno\",\"https:\/\/www.linkedin.com\/company\/suno-research\/\",\"https:\/\/www.youtube.com\/c\/sunoresearch\"]},{\"@type\":\"Person\",\"@id\":\"https:\/\/www.suno.com.br\/noticias\/#\/schema\/person\/e6e0f723cc177805027f4566c1d5e0c8\",\"name\":\"Carlo Cauti\",\"image\":{\"@type\":\"ImageObject\",\"inLanguage\":\"pt-BR\",\"@id\":\"https:\/\/www.suno.com.br\/noticias\/#\/schema\/person\/image\/\",\"url\":\"https:\/\/secure.gravatar.com\/avatar\/3ada9e0bd164c23abd4792a9606d583c?s=96&r=g\",\"contentUrl\":\"https:\/\/secure.gravatar.com\/avatar\/3ada9e0bd164c23abd4792a9606d583c?s=96&r=g\",\"caption\":\"Carlo Cauti\"},\"description\":\"Editor multim\u00eddia do SUNO Not\u00edcias. Italiano, formado em Ci\u00eancias Pol\u00edticas pela universidade LUISS G. Carli de Roma e mestre cum laude em Rela\u00e7\u00f5es Internacionais, Jornalismo Internacional e de Guerra e em Economia Internacional. Concluiu tamb\u00e9m um MBA em Finan\u00e7as na B3. No Brasil, teve passagem por ve\u00edculos como Estad\u00e3o, Globo, Veja e EXAME. e nas ag\u00eancias de not\u00edcias italianas ANSA e NOVA.\",\"url\":\"https:\/\/www.suno.com.br\/noticias\/author\/carlo-cauti\/\"}]}<\/script>\n<!-- \/ Yoast SEO plugin. -->","yoast_head_json":{"title":"Venda de ativos da Petrobras \u00e9 suspensa por ministro Marco Aur\u00e9lio Mello","description":"Marco Aurelio Mello suspendeu o decreto 9.355 que permitia \u00e0 Petrobras vender blocos de petr\u00f3leo. Clique aqui para saber mais.","robots":{"index":"index","follow":"follow","max-snippet":"max-snippet:-1","max-image-preview":"max-image-preview:large","max-video-preview":"max-video-preview:-1"},"canonical":"https:\/\/www.suno.com.br\/noticias\/venda-ativos-petrobras-suspensa-mello\/","og_locale":"pt_BR","og_type":"article","og_title":"Venda de ativos da Petrobras \u00e9 suspensa por ministro Marco Aur\u00e9lio Mello","og_description":"Marco Aurelio Mello suspendeu o decreto 9.355 que permitia \u00e0 Petrobras vender blocos de petr\u00f3leo. Clique aqui para saber mais.","og_url":"https:\/\/www.suno.com.br\/noticias\/venda-ativos-petrobras-suspensa-mello\/","og_site_name":"Suno Not\u00edcias","article_publisher":"https:\/\/facebook.com\/sunoresearch","og_image":[{"width":2560,"height":1388,"url":"https:\/\/files.sunoresearch.com.br\/n\/uploads\/2018\/09\/5ab467ad-petrobras-argentina.jpg","type":"image\/jpeg"}],"author":"Carlo Cauti","twitter_card":"summary_large_image","twitter_creator":"@sunoresearch","twitter_site":"@sunoresearch","twitter_misc":{"Escrito por":"Carlo Cauti","Est. tempo de leitura":"2 minutos"},"schema":{"@context":"https:\/\/schema.org","@graph":[{"@type":"NewsArticle","@id":"https:\/\/www.suno.com.br\/noticias\/venda-ativos-petrobras-suspensa-mello\/#article","isPartOf":{"@id":"https:\/\/www.suno.com.br\/noticias\/venda-ativos-petrobras-suspensa-mello\/"},"author":{"name":"Carlo Cauti","@id":"https:\/\/www.suno.com.br\/noticias\/#\/schema\/person\/e6e0f723cc177805027f4566c1d5e0c8"},"headline":"Venda de ativos da Petrobras \u00e9 suspensa por ministro Marco Aur\u00e9lio Mello","datePublished":"2018-12-20T10:51:23+00:00","dateModified":"2018-12-20T12:30:47+00:00","mainEntityOfPage":{"@id":"https:\/\/www.suno.com.br\/noticias\/venda-ativos-petrobras-suspensa-mello\/"},"wordCount":342,"publisher":{"@id":"https:\/\/www.suno.com.br\/noticias\/#organization"},"image":{"@id":"https:\/\/www.suno.com.br\/noticias\/venda-ativos-petrobras-suspensa-mello\/#primaryimage"},"thumbnailUrl":"https:\/\/files.sunoresearch.com.br\/n\/uploads\/2018\/09\/5ab467ad-petrobras-argentina-jpg.webp","keywords":["Petrobras (PETR4)","Supremo Tribunal Federal (STF)"],"articleSection":["Mercado"],"inLanguage":"pt-BR"},{"@type":"WebPage","@id":"https:\/\/www.suno.com.br\/noticias\/venda-ativos-petrobras-suspensa-mello\/","url":"https:\/\/www.suno.com.br\/noticias\/venda-ativos-petrobras-suspensa-mello\/","name":"Venda de ativos da Petrobras \u00e9 suspensa por ministro Marco Aur\u00e9lio Mello","isPartOf":{"@id":"https:\/\/www.suno.com.br\/noticias\/#website"},"primaryImageOfPage":{"@id":"https:\/\/www.suno.com.br\/noticias\/venda-ativos-petrobras-suspensa-mello\/#primaryimage"},"image":{"@id":"https:\/\/www.suno.com.br\/noticias\/venda-ativos-petrobras-suspensa-mello\/#primaryimage"},"thumbnailUrl":"https:\/\/files.sunoresearch.com.br\/n\/uploads\/2018\/09\/5ab467ad-petrobras-argentina-jpg.webp","datePublished":"2018-12-20T10:51:23+00:00","dateModified":"2018-12-20T12:30:47+00:00","description":"Marco Aurelio Mello suspendeu o decreto 9.355 que permitia \u00e0 Petrobras vender blocos de petr\u00f3leo. Clique aqui para saber mais.","breadcrumb":{"@id":"https:\/\/www.suno.com.br\/noticias\/venda-ativos-petrobras-suspensa-mello\/#breadcrumb"},"inLanguage":"pt-BR","potentialAction":[{"@type":"ReadAction","target":["https:\/\/www.suno.com.br\/noticias\/venda-ativos-petrobras-suspensa-mello\/"]}]},{"@type":"ImageObject","inLanguage":"pt-BR","@id":"https:\/\/www.suno.com.br\/noticias\/venda-ativos-petrobras-suspensa-mello\/#primaryimage","url":"https:\/\/files.sunoresearch.com.br\/n\/uploads\/2018\/09\/5ab467ad-petrobras-argentina-jpg.webp","contentUrl":"https:\/\/files.sunoresearch.com.br\/n\/uploads\/2018\/09\/5ab467ad-petrobras-argentina-jpg.webp","width":2560,"height":1388,"caption":"De acordo com a Petrobras, os t\u00edtulos registrados ter\u00e3o termos e condi\u00e7\u00f5es similares aos t\u00edtulos n\u00e3o registrados"},{"@type":"BreadcrumbList","@id":"https:\/\/www.suno.com.br\/noticias\/venda-ativos-petrobras-suspensa-mello\/#breadcrumb","itemListElement":[{"@type":"ListItem","position":1,"name":"Not\u00edcias","item":"https:\/\/www.suno.com.br\/noticias\/"},{"@type":"ListItem","position":2,"name":"Mercado","item":"https:\/\/www.suno.com.br\/noticias\/mercado\/"},{"@type":"ListItem","position":3,"name":"Venda de ativos da Petrobras \u00e9 suspensa por ministro Marco Aur\u00e9lio Mello"}]},{"@type":"WebSite","@id":"https:\/\/www.suno.com.br\/noticias\/#website","url":"https:\/\/www.suno.com.br\/noticias\/","name":"Suno Not\u00edcias","description":"Seu portal de informa\u00e7\u00e3o sobre o mundo dos investimentos","publisher":{"@id":"https:\/\/www.suno.com.br\/noticias\/#organization"},"potentialAction":[{"@type":"SearchAction","target":{"@type":"EntryPoint","urlTemplate":"https:\/\/www.suno.com.br\/noticias\/?s={search_term_string}"},"query-input":{"@type":"PropertyValueSpecification","valueRequired":true,"valueName":"search_term_string"}}],"inLanguage":"pt-BR"},{"@type":"Organization","@id":"https:\/\/www.suno.com.br\/noticias\/#organization","name":"Suno Not\u00edcias","url":"https:\/\/www.suno.com.br\/noticias\/","logo":{"@type":"ImageObject","inLanguage":"pt-BR","@id":"https:\/\/www.suno.com.br\/noticias\/#\/schema\/logo\/image\/","url":"https:\/\/files.sunoresearch.com.br\/n\/uploads\/2021\/09\/suno-logo.png","contentUrl":"https:\/\/files.sunoresearch.com.br\/n\/uploads\/2021\/09\/suno-logo.png","width":180,"height":180,"caption":"Suno Not\u00edcias"},"image":{"@id":"https:\/\/www.suno.com.br\/noticias\/#\/schema\/logo\/image\/"},"sameAs":["https:\/\/facebook.com\/sunoresearch","https:\/\/x.com\/sunoresearch","https:\/\/www.instagram.com\/suno","https:\/\/www.linkedin.com\/company\/suno-research\/","https:\/\/www.youtube.com\/c\/sunoresearch"]},{"@type":"Person","@id":"https:\/\/www.suno.com.br\/noticias\/#\/schema\/person\/e6e0f723cc177805027f4566c1d5e0c8","name":"Carlo Cauti","image":{"@type":"ImageObject","inLanguage":"pt-BR","@id":"https:\/\/www.suno.com.br\/noticias\/#\/schema\/person\/image\/","url":"https:\/\/secure.gravatar.com\/avatar\/3ada9e0bd164c23abd4792a9606d583c?s=96&r=g","contentUrl":"https:\/\/secure.gravatar.com\/avatar\/3ada9e0bd164c23abd4792a9606d583c?s=96&r=g","caption":"Carlo Cauti"},"description":"Editor multim\u00eddia do SUNO Not\u00edcias. Italiano, formado em Ci\u00eancias Pol\u00edticas pela universidade LUISS G. Carli de Roma e mestre cum laude em Rela\u00e7\u00f5es Internacionais, Jornalismo Internacional e de Guerra e em Economia Internacional. Concluiu tamb\u00e9m um MBA em Finan\u00e7as na B3. No Brasil, teve passagem por ve\u00edculos como Estad\u00e3o, Globo, Veja e EXAME. e nas ag\u00eancias de not\u00edcias italianas ANSA e NOVA.","url":"https:\/\/www.suno.com.br\/noticias\/author\/carlo-cauti\/"}]}},"default_loop_html":"<div class=\"cardsPage__listCard__boxs\"><div class=\"cardsPage__listCard__boxs__img\"><a href=\"https:\/\/www.suno.com.br\/noticias\/venda-ativos-petrobras-suspensa-mello\/\"><img class=\"mask\" src=\"https:\/\/www.suno.com.br\/noticias\/wp-content\/themes\/suno\/resources\/images\/spotlight\/spotlight1img\/bg-mask.png\" alt=\"Image Mask\"\/><img src=\"https:\/\/files.sunoresearch.com.br\/n\/uploads\/2018\/09\/5ab467ad-petrobras-argentina-400x200.webp\" alt=\"Venda de ativos da Petrobras \u00e9 suspensa por ministro Marco Aur\u00e9lio Mello\"\/><\/a><span class=\"spotlightCategory\"><a href=\"https:\/\/www.suno.com.br\/noticias\/mercado\/\">Mercado<\/a><\/span><\/div><div class=\"cardsPage__listCard__boxs__content\"><a href=\"https:\/\/www.suno.com.br\/noticias\/venda-ativos-petrobras-suspensa-mello\/\"><h2 class=\"content__title\">Venda de ativos da Petrobras \u00e9 suspensa por ministro Marco Aur\u00e9lio Mello<\/h2><\/a><div class=\"newsContent__article__meta\"><div class=\"newsContent__article__meta__authorBox\"><a href=\"https:\/\/www.suno.com.br\/noticias\/author\/carlo-cauti\/\" class=\"authorBox__avatar noMobi\"><img src=\"https:\/\/files.sunoresearch.com.br\/n\/uploads\/2020\/08\/e3745f9a-perfil-carlo-cauti-150x150.webp\" alt=\"Carlo Cauti\"><\/a><div class=\"authorBox__name\"><span>por\n\t\t\t<a href=\"https:\/\/www.suno.com.br\/noticias\/author\/carlo-cauti\/\"><span itemprop=\"author\">Carlo Cauti<\/span><\/a><\/span><time datetime=\"2018-12-20T08:51:23-02:00\" itemprop=\"datePublished\">20\/12\/2018 08:51<\/time><\/div><\/div><\/div><\/div><\/div>","single_layout":"posts","amp_enabled":true,"_links":{"self":[{"href":"https:\/\/www.suno.com.br\/noticias\/wp-json\/wp\/v2\/posts\/9555"}],"collection":[{"href":"https:\/\/www.suno.com.br\/noticias\/wp-json\/wp\/v2\/posts"}],"about":[{"href":"https:\/\/www.suno.com.br\/noticias\/wp-json\/wp\/v2\/types\/post"}],"author":[{"embeddable":true,"href":"https:\/\/www.suno.com.br\/noticias\/wp-json\/wp\/v2\/users\/9"}],"replies":[{"embeddable":true,"href":"https:\/\/www.suno.com.br\/noticias\/wp-json\/wp\/v2\/comments?post=9555"}],"version-history":[{"count":0,"href":"https:\/\/www.suno.com.br\/noticias\/wp-json\/wp\/v2\/posts\/9555\/revisions"}],"wp:featuredmedia":[{"embeddable":true,"href":"https:\/\/www.suno.com.br\/noticias\/wp-json\/wp\/v2\/media\/3877"}],"wp:attachment":[{"href":"https:\/\/www.suno.com.br\/noticias\/wp-json\/wp\/v2\/media?parent=9555"}],"wp:term":[{"taxonomy":"category","embeddable":true,"href":"https:\/\/www.suno.com.br\/noticias\/wp-json\/wp\/v2\/categories?post=9555"},{"taxonomy":"post_tag","embeddable":true,"href":"https:\/\/www.suno.com.br\/noticias\/wp-json\/wp\/v2\/tags?post=9555"},{"taxonomy":"suno_strategy","embeddable":true,"href":"https:\/\/www.suno.com.br\/noticias\/wp-json\/wp\/v2\/suno_strategy?post=9555"}],"curies":[{"name":"wp","href":"https:\/\/api.w.org\/{rel}","templated":true}]}}