{"id":95494,"date":"2020-10-28T17:36:00","date_gmt":"2020-10-28T20:36:00","guid":{"rendered":"https:\/\/www.suno.com.br\/noticias\/?p=95494"},"modified":"2021-05-29T20:30:35","modified_gmt":"2021-05-29T23:30:35","slug":"ibovespa-fecha-em-queda-de-425-a-95-37109-pontos-28102020","status":"publish","type":"post","link":"https:\/\/www.suno.com.br\/noticias\/ibovespa-fecha-em-queda-de-425-a-95-37109-pontos-28102020\/","title":{"rendered":"Ibovespa fecha em queda de 4,25%, a 95.371,09 pontos"},"content":{"rendered":"<p>O\u00a0<span style=\"font-weight: 700 !important;\"><a href=\"https:\/\/www.suno.com.br\/artigos\/ibovespa\/\">Ibovespa<\/a>\u00a0<\/span>encerrou o preg\u00e3o desta quarta-feira (28) em queda de 4,25%, a 95.371,09 pontos, seguindo os mercados internacionais que tamb\u00e9m fecharam em forte queda.<\/p>\t<div class=\"wrapper-featured-image\">\n\t\t<figure class=\"spotlightImg\">\n\n\t\t\t<picture>\n\t\t\t\t<source media=\"(max-width: 768px)\" srcset=\"https:\/\/files.sunoresearch.com.br\/n\/uploads\/2020\/09\/0c1cf80e-ff39017b-ibovespa-queda-300x300-1-jpg.webp\">\n\t\t\t\t<img loading=\"lazy\" decoding=\"async\" class=\"newsContent__article__imgCapa lazyloadDisabled \" src=\"https:\/\/files.sunoresearch.com.br\/n\/uploads\/2020\/09\/0c1cf80e-ff39017b-ibovespa-queda-300x300-1-jpg.webp\" width=\"800\" height=\"450\" alt=\"Ibovespa fecha em queda de 4,25%, a 95.371,09 pontos\" fetchpriority=high \/>\n\t\t\t<\/picture>\n\n\t\t\t<figcaption class=\"wp-caption-text wp-caption-text--show\">O Ibovespa encerrou as negocia\u00e7\u00f5es na \u00faltima ter\u00e7a-feira com uma queda de 1,40%, a 99.605,54 pontos.<\/figcaption>\n\t\t<\/figure>\n\t<\/div>\n\n\n<div class=\"hubspot-form-wrapper\">\n\t<div id=\"single-form-target\"><\/div>\n<\/div>\n\n<p>O <strong>Ibovespa hoje<\/strong> abriu em forte baixa, temeroso pela retomada da for\u00e7a da pandemia do <a href=\"https:\/\/www.suno.com.br\/noticias\/?s=coronav%C3%ADrus\">novo coronav\u00edrus (Covid-19)<\/a> nos Estados Unidos e na Europa.<\/p>\n<p>J\u00e1 durante o dia, os investidores ficaram de olho nas divulga\u00e7\u00f5es de balan\u00e7o do terceiro trimestre desse ano.<\/p>\n<p><a href=\"https:\/\/lp.suno.com.br\/suno-one\/\">No Suno One voc\u00ea aprende a fazer seu dinheiro para trabalhar para voc\u00ea. Cadastre-se gratuitamente agora!<\/a><\/p>\n<p>Al\u00e9m disso, confira as principais not\u00edcias que movimentaram o mercado nessa quarta-feira:<\/p>\n<ul>\n<li><strong>Cielo<\/strong> (CIEL3) registra queda de 71,5% no lucro l\u00edquido do 3\u00ba trimestre<\/li>\n<li><strong>Petrobras<\/strong> (PETR4) ir\u00e1 remunerar acionistas com base na gera\u00e7\u00e3o de caixa<\/li>\n<li><strong>Gerdau<\/strong> (GGBR4) registra lucro l\u00edquido de R$ 794,6 milh\u00f5es no 3T20; alta anual de 175%<\/li>\n<li><strong>Localiza<\/strong> (RENT3) tem lucro de R$ 325,5 milh\u00f5es no 3\u00ba trimestre, alta anual de 59%<\/li>\n<li>Bolsas no exterior<\/li>\n<li>\u00daltima\u00a0<strong>cota\u00e7\u00e3o do Ibovespa<\/strong><\/li>\n<\/ul>\n<h2>Cielo (CIEL3)<\/h2>\n<p>A <a href=\"https:\/\/www.suno.com.br\/acoes\/ciel3\/\"><strong>Cielo<\/strong> (CIEL3)<\/a> reportou na noite da \u00faltima ter\u00e7a-feira (27) os resultados referentes ao terceiro trimestre de 2020, no qual apresentou um <a href=\"https:\/\/www.suno.com.br\/artigos\/lucro-liquido\/\">lucro l\u00edquido<\/a> de R$ 100,4 milh\u00f5es, o que corresponde a uma queda de 71,5% em rela\u00e7\u00e3o ao lucro de R$ 352,9 milh\u00f5es obtido no mesmo per\u00edodo do ano passado.<\/p>\n<p>O <a href=\"https:\/\/www.suno.com.br\/artigos\/ebitda\/\"><strong>Ebitda<\/strong> (lucro antes de juros, impostos, deprecia\u00e7\u00e3o e amortiza\u00e7\u00e3o)<\/a> da Cielo tamb\u00e9m registrou um recuo, de R$ 723,6 milh\u00f5es entre os meses de julho e setembro de 2019 para R$ 480 milh\u00f5es no terceiro trimestre deste ano, o equivalente a 33,7%. Na mesma base de compara\u00e7\u00e3o, a <a href=\"https:\/\/www.suno.com.br\/artigos\/margem-ebitda\/\">margem Ebitda<\/a> saiu de 25,8% no passado para 16,7% em 2020.<\/p>\n\t<div data-element=\"shortcode-read-more\" class=\"knowMore\">\n\t\t\t\t<span class=\"knowMore__title\">Veja tamb\u00e9m<\/span>\n\t\t\t\t<a class=\"knowMore__link\" href=\"https:\/\/www.suno.com.br\/noticias\/cielo-queda-lucro-liquido-3t20\/\">\n\t\t\tCielo (CIEL3) registra queda de 71,5% no lucro l\u00edquido do 3\u00ba trimestre\t\t<\/a>\n\t<\/div>\n\n\n<p>J\u00e1 a <a href=\"https:\/\/www.suno.com.br\/artigos\/o-que-receita-liquida\/\">receita l\u00edquida<\/a> da companhia ficou em R$ 2,882,4 bilh\u00f5es no terceiro trimestre, um alta de 2,9% em compara\u00e7\u00e3o ano a ano. O empresa atribuiu o crescimento \u00e0 alta no volume de transa\u00e7\u00f5es e ao aumento no volume do produto Pagamento em dois dias, ambos em decorr\u00eancia da retomada gradual das atividades depois do pico da pandemia.<\/p>\n<h2>Petrobras (PETR4)<\/h2>\n<p>A <a href=\"https:\/\/www.suno.com.br\/acoes\/petr4\/\"><strong>Petrobras<\/strong> (PETR4)<\/a> informou, na manh\u00e3 desta quarta-feira, que seu <a href=\"https:\/\/www.suno.com.br\/artigos\/conselho-administracao\/\">Conselho de Administra\u00e7\u00e3o<\/a> aprovou a revis\u00e3o da pol\u00edtica de remunera\u00e7\u00e3o aos acionistas da companhia. Segundo o fato relevante, o pagamento de dividendos passar\u00e1 a ser compat\u00edvel com a gera\u00e7\u00e3o de caixa da estatal.<\/p>\n<p>De acordo com a Petrobras, mesmo em exerc\u00edcios que n\u00e3o for apurado <strong><a href=\"https:\/\/www.suno.com.br\/artigos\/lucro-contabil\/#:~:text=Lucro%20cont%C3%A1bil%20%C3%A9%20o%20resultado,lucro%20cont%C3%A1bil%20vem%20da%20contabilidade.\">lucro cont\u00e1bil<\/a><\/strong>, esse processo ser\u00e1 mantido.<\/p>\n\t<div data-element=\"shortcode-read-more\" class=\"knowMore\">\n\t\t\t\t<span class=\"knowMore__title\">Veja tamb\u00e9m<\/span>\n\t\t\t\t<a class=\"knowMore__link\" href=\"https:\/\/www.suno.com.br\/noticias\/petrobras-petr4-remuneracao-acionistas-geracao-de-caixa\/\">\n\t\t\tPetrobras (PETR4) ir\u00e1 remunerar acionistas com base na gera\u00e7\u00e3o de caixa\t\t<\/a>\n\t<\/div>\n\n\n<p>Dessa forma, com as altera\u00e7\u00f5es aprovadas pelo Conselho, quando o endividamento bruto da petroleira estiver acima de US$ 60 bilh\u00f5es, poder\u00e1 ser apresentada a proposta de distribui\u00e7\u00e3o de <strong>dividendos<\/strong>, sem apura\u00e7\u00e3o de lucro cont\u00e1bil, quando a d\u00edvida l\u00edquida dos 12 meses anteriores apresentar uma queda, a depender do entendimento da dire\u00e7\u00e3o quanto \u00e0 sustentabilidade financeira da empresa. Assim, a distribui\u00e7\u00e3o de proventos dever\u00e1 ser limitada \u00e0 redu\u00e7\u00e3o da <a href=\"https:\/\/www.suno.com.br\/artigos\/divida-liquida\/\">d\u00edvida l\u00edquida<\/a>.<\/p>\n<h2>Gerdau (GGBR4)<\/h2>\n<p>O lucro l\u00edquido da <a href=\"https:\/\/www.suno.com.br\/acoes\/ggbr4\/\"><strong>Gerdau (GGBR4)<\/strong> <\/a>no terceiro trimestre de 2020 totalizou R$ 794,6 milh\u00f5es, aumento de 175% em rela\u00e7\u00e3o ao visto no mesmo per\u00edodo de 2019, que foi de R$ 289 milh\u00f5es. Em compara\u00e7\u00e3o com o segundo trimestre do ano, quando a empresa teve lucro de R$ 315 milh\u00f5es, o crescimento foi de 152%.<\/p>\n<p>O <a href=\"https:\/\/www.suno.com.br\/artigos\/ebitda\/\">Ebitda (lucro antes de juros, impostos, deprecia\u00e7\u00e3o e amortiza\u00e7\u00e3o)<\/a> ajustado foi de R$ 2,139 bilh\u00f5es no per\u00edodo, crescimento de 46% frente ao mesmo per\u00edodo de 2019 e aumento de 62% em rela\u00e7\u00e3o ao intervalo imediatamente anterior (segundo trimestre).<\/p>\n\t<div data-element=\"shortcode-read-more\" class=\"knowMore\">\n\t\t\t\t<span class=\"knowMore__title\">Veja tamb\u00e9m<\/span>\n\t\t\t\t<a class=\"knowMore__link\" href=\"https:\/\/www.suno.com.br\/noticias\/gerdau-ggbr4-lucro-r-794-6-mi-3-t20\/\">\n\t\t\tGerdau (GGBR4) registra lucro l\u00edquido de R$ 794,6 milh\u00f5es no 3T20; alta anual de 175%\t\t<\/a>\n\t<\/div>\n\n\n<p>&#8220;O<a href=\"https:\/\/www.suno.com.br\/artigos\/lucro-liquido\/\"> lucro l\u00edquido<\/a> no 3T20 teve aumento em compara\u00e7\u00e3o ao 2T20 e ao 3T19, em virtude do maior Ebitda&#8221;, informou a Gerdau. A <a href=\"https:\/\/www.suno.com.br\/artigos\/o-que-receita-liquida\/\">receita l\u00edquida<\/a> da Gerdau no 3T20 ficou em R$ 12,2 bilh\u00f5es, alta de 23% em rela\u00e7\u00e3o ao mesmo per\u00edodo do ano passado. Em rela\u00e7\u00e3o ao segundo trimestre deste ano, a alta na receita foi de 31%.<\/p>\n<h2>Localiza (RENT3)<\/h2>\n<p>A rede brasileira <a href=\"https:\/\/www.suno.com.br\/acoes\/rent3\/\"><strong>Localiza<\/strong> (RENT3)<\/a> divulgou nesta ter\u00e7a-feira os resultados do terceiro trimestre deste ano. De acordo com o relat\u00f3rio, a empresa registrou um lucro l\u00edquido de R$ 325,5 milh\u00f5es, ante R$ 204,7 milh\u00f5es do mesmo per\u00edodo de 2019, representando uma alta de 59%.<\/p>\n<p>De acordo com o relat\u00f3rio, a receita l\u00edquida da Localiza foi de R$ 3.067,6 milh\u00f5es, alta de 18,8% em compara\u00e7\u00e3o com o valor registrado no mesmo per\u00edodo de 2019, a R$ 2.581,2 milh\u00f5es. Enquanto o Ebitda ficou a R$ 648,1 milh\u00f5es, ante R$ 545,1 milh\u00f5es, alta de 18,9%.<\/p>\n\t<div data-element=\"shortcode-read-more\" class=\"knowMore\">\n\t\t\t\t<span class=\"knowMore__title\">Veja tamb\u00e9m<\/span>\n\t\t\t\t<a class=\"knowMore__link\" href=\"https:\/\/www.suno.com.br\/noticias\/localiza-registra-lucro-de-r-3255-milhoes-representando-uma-alta-de-59\/\">\n\t\t\tLocaliza (RENT3) tem lucro de R$ 325,5 milh\u00f5es no 3\u00ba trimestre, alta anual de 59%\t\t<\/a>\n\t<\/div>\n\n\n<p>A empresa mostrou dados operacionais que zeraram as perdas com as restri\u00e7\u00f5es para combate a pandemia do coronav\u00edrus (Covid-19), que fechou lojas e opera\u00e7\u00f5es no segundo trimestre deste ano. A frota alugada no varejo subiu 5,4% na compara\u00e7\u00e3o anual para 139,1 milh\u00f5es de carros, enquanto a gest\u00e3o de frotas cresceu 8,6% para 59,3 mil ve\u00edculos.<\/p>\n<h2>Al\u00e9m do Ibovespa: Bolsas no exterior<\/h2>\n<p>Al\u00e9m da <strong>cota\u00e7\u00e3o<\/strong> <strong>do<\/strong> <strong>Ibovespa<\/strong>, confira o desempenho dos principais \u00edndices acion\u00e1rios no exterior:<\/p>\n<ul>\n<li>Londres (<a href=\"https:\/\/www.suno.com.br\/artigos\/ftse-100\/\">FTSE 100<\/a>): &#8211; 2,55%<\/li>\n<li>Frankfurt (<a href=\"https:\/\/www.suno.com.br\/artigos\/dax-30\/\">DAX 30)<\/a>: &#8211; 4,17%<\/li>\n<li>Paris (<a href=\"https:\/\/www.suno.com.br\/artigos\/cac-40\/\">CAC 40<\/a>): &#8211; 3,37%<\/li>\n<li>Mil\u00e3o (FTSE\/MIB): &#8211; 4,06%<\/li>\n<li>Nova York (<a href=\"https:\/\/www.suno.com.br\/artigos\/sp-500\/\">S&amp;P 500<\/a>):\u00a0 &#8211; 3,53%<\/li>\n<\/ul>\n<h2>\u00daltima cota\u00e7\u00e3o do Ibovespa<\/h2>\n<p>O<strong> Ibovespa <\/strong>encerrou as negocia\u00e7\u00f5es na \u00faltima ter\u00e7a-feira com uma queda de 1,40%, a 99.605,54 pontos.<\/p>\n\t<p>\n\t\t<a href=\"https:\/\/lp.suno.com.br\/planilha-de-controle-de-investimentos\/\" target=\"_blank\" data-element=\"shortcode-suno-banner\" title=\"Banner SUNO, clique e saiba mais\">\n\t\t\t<picture>\n\t\t\t\t<source media=\"(max-width: 500px)\" srcset=\"https:\/\/files.sunoresearch.com.br\/n\/uploads\/2023\/03\/400x300-Controle-de-Investimentos.png\">\n\t\t\t\t<img class=\"newsContent__article__imgCapa newsContent__article__imgCapa--banner\"\n\t\t\t\t\tsrc=\"https:\/\/files.sunoresearch.com.br\/n\/uploads\/2023\/03\/1420x240-Controle-de-Investimentos.png\"\n\t\t\t\t\tdata-promo-id=\"75934\"\t\t\t\t\t\t\t\t\t\twidth='1420' height='240'\t\t\t\t\talt=\"https:\/\/files.sunoresearch.com.br\/n\/uploads\/2023\/03\/1420x240-Controle-de-Investimentos.png\"\n\t\t\t\t>\n\t\t\t<\/picture>\n\t\t<\/a>\n\t<\/p>\n\n\n","protected":false},"excerpt":{"rendered":"<p>O\u00a0Ibovespa\u00a0encerrou o preg\u00e3o desta quarta-feira (28) em queda de 4,25%, a 95.371,09 pontos, seguindo os mercados internacionais que tamb\u00e9m fecharam em forte queda. O Ibovespa encerrou as negocia\u00e7\u00f5es na \u00faltima ter\u00e7a-feira com uma queda de 1,40%, a 99.605,54 pontos. O Ibovespa hoje abriu em forte baixa, temeroso pela retomada da for\u00e7a da pandemia do novo [&hellip;]<\/p>\n","protected":false},"author":39,"featured_media":82425,"comment_status":"closed","ping_status":"closed","sticky":false,"template":"","format":"standard","meta":[],"categories":[60],"tags":[423,488,721,4065,2426,595],"suno_strategy":[],"class_list":["post-95494","post","type-post","status-publish","format-standard","has-post-thumbnail","hentry","category-mercado","tag-cielo-ciel3","tag-gerdau-ggbr3-ggbr4","tag-ibovespa","tag-localiza-rent3","tag-petr3","tag-petrobras-petr4"],"yoast_head":"<!-- This site is optimized with the Yoast SEO plugin v24.4 - https:\/\/yoast.com\/wordpress\/plugins\/seo\/ -->\n<title>Ibovespa fecha em queda de 4,25%, a 95.371,09 pontos<\/title>\n<meta name=\"description\" content=\"O\u00a0Ibovespa hoje\u00a0encerrou o preg\u00e3o em queda de 4,25%, a 95.371,09 pontos, seguindo os mercados internacionais. Clique aqui e saiba mais\" \/>\n<meta name=\"robots\" content=\"index, follow, max-snippet:-1, max-image-preview:large, max-video-preview:-1\" \/>\n<link rel=\"canonical\" href=\"https:\/\/www.suno.com.br\/noticias\/ibovespa-fecha-em-queda-de-425-a-95-37109-pontos-28102020\/\" \/>\n<meta property=\"og:locale\" content=\"pt_BR\" \/>\n<meta property=\"og:type\" content=\"article\" \/>\n<meta property=\"og:title\" content=\"Ibovespa fecha em queda de 4,25%, a 95.371,09 pontos\" \/>\n<meta property=\"og:description\" content=\"O\u00a0Ibovespa hoje\u00a0encerrou o preg\u00e3o em queda de 4,25%, a 95.371,09 pontos, seguindo os mercados internacionais. Clique aqui e saiba mais\" \/>\n<meta property=\"og:url\" content=\"https:\/\/www.suno.com.br\/noticias\/ibovespa-fecha-em-queda-de-425-a-95-37109-pontos-28102020\/\" \/>\n<meta property=\"og:site_name\" content=\"Suno Not\u00edcias\" \/>\n<meta property=\"article:publisher\" content=\"https:\/\/facebook.com\/sunoresearch\" \/>\n<meta property=\"og:image\" content=\"https:\/\/files.sunoresearch.com.br\/n\/uploads\/2020\/09\/0c1cf80e-ff39017b-ibovespa-queda-300x300-1.jpg\" \/>\n\t<meta property=\"og:image:width\" content=\"300\" \/>\n\t<meta property=\"og:image:height\" content=\"300\" \/>\n\t<meta property=\"og:image:type\" content=\"image\/jpeg\" \/>\n<meta name=\"author\" content=\"Laura Moutinho\" \/>\n<meta name=\"twitter:card\" content=\"summary_large_image\" \/>\n<meta name=\"twitter:creator\" content=\"@sunoresearch\" \/>\n<meta name=\"twitter:site\" content=\"@sunoresearch\" \/>\n<meta name=\"twitter:label1\" content=\"Escrito por\" \/>\n\t<meta name=\"twitter:data1\" content=\"Laura Moutinho\" \/>\n\t<meta name=\"twitter:label2\" content=\"Est. tempo de leitura\" \/>\n\t<meta name=\"twitter:data2\" content=\"5 minutos\" \/>\n<script type=\"application\/ld+json\" class=\"yoast-schema-graph\">{\"@context\":\"https:\/\/schema.org\",\"@graph\":[{\"@type\":\"NewsArticle\",\"@id\":\"https:\/\/www.suno.com.br\/noticias\/ibovespa-fecha-em-queda-de-425-a-95-37109-pontos-28102020\/#article\",\"isPartOf\":{\"@id\":\"https:\/\/www.suno.com.br\/noticias\/ibovespa-fecha-em-queda-de-425-a-95-37109-pontos-28102020\/\"},\"author\":{\"name\":\"Laura Moutinho\",\"@id\":\"https:\/\/www.suno.com.br\/noticias\/#\/schema\/person\/3df0d2808748b74496efe5dbeaef2c72\"},\"headline\":\"Ibovespa fecha em queda de 4,25%, a 95.371,09 pontos\",\"datePublished\":\"2020-10-28T20:36:00+00:00\",\"dateModified\":\"2021-05-29T23:30:35+00:00\",\"mainEntityOfPage\":{\"@id\":\"https:\/\/www.suno.com.br\/noticias\/ibovespa-fecha-em-queda-de-425-a-95-37109-pontos-28102020\/\"},\"wordCount\":917,\"publisher\":{\"@id\":\"https:\/\/www.suno.com.br\/noticias\/#organization\"},\"image\":{\"@id\":\"https:\/\/www.suno.com.br\/noticias\/ibovespa-fecha-em-queda-de-425-a-95-37109-pontos-28102020\/#primaryimage\"},\"thumbnailUrl\":\"https:\/\/files.sunoresearch.com.br\/n\/uploads\/2020\/09\/0c1cf80e-ff39017b-ibovespa-queda-300x300-1-jpg.webp\",\"keywords\":[\"Cielo (CIEL3)\",\"Gerdau (GGBR3\/GGBR4)\",\"Ibovespa\",\"Localiza (RENT3)\",\"PETR3\",\"Petrobras (PETR4)\"],\"articleSection\":[\"Mercado\"],\"inLanguage\":\"pt-BR\"},{\"@type\":\"WebPage\",\"@id\":\"https:\/\/www.suno.com.br\/noticias\/ibovespa-fecha-em-queda-de-425-a-95-37109-pontos-28102020\/\",\"url\":\"https:\/\/www.suno.com.br\/noticias\/ibovespa-fecha-em-queda-de-425-a-95-37109-pontos-28102020\/\",\"name\":\"Ibovespa fecha em queda de 4,25%, a 95.371,09 pontos\",\"isPartOf\":{\"@id\":\"https:\/\/www.suno.com.br\/noticias\/#website\"},\"primaryImageOfPage\":{\"@id\":\"https:\/\/www.suno.com.br\/noticias\/ibovespa-fecha-em-queda-de-425-a-95-37109-pontos-28102020\/#primaryimage\"},\"image\":{\"@id\":\"https:\/\/www.suno.com.br\/noticias\/ibovespa-fecha-em-queda-de-425-a-95-37109-pontos-28102020\/#primaryimage\"},\"thumbnailUrl\":\"https:\/\/files.sunoresearch.com.br\/n\/uploads\/2020\/09\/0c1cf80e-ff39017b-ibovespa-queda-300x300-1-jpg.webp\",\"datePublished\":\"2020-10-28T20:36:00+00:00\",\"dateModified\":\"2021-05-29T23:30:35+00:00\",\"description\":\"O\u00a0Ibovespa hoje\u00a0encerrou o preg\u00e3o em queda de 4,25%, a 95.371,09 pontos, seguindo os mercados internacionais. Clique aqui e saiba mais\",\"breadcrumb\":{\"@id\":\"https:\/\/www.suno.com.br\/noticias\/ibovespa-fecha-em-queda-de-425-a-95-37109-pontos-28102020\/#breadcrumb\"},\"inLanguage\":\"pt-BR\",\"potentialAction\":[{\"@type\":\"ReadAction\",\"target\":[\"https:\/\/www.suno.com.br\/noticias\/ibovespa-fecha-em-queda-de-425-a-95-37109-pontos-28102020\/\"]}]},{\"@type\":\"ImageObject\",\"inLanguage\":\"pt-BR\",\"@id\":\"https:\/\/www.suno.com.br\/noticias\/ibovespa-fecha-em-queda-de-425-a-95-37109-pontos-28102020\/#primaryimage\",\"url\":\"https:\/\/files.sunoresearch.com.br\/n\/uploads\/2020\/09\/0c1cf80e-ff39017b-ibovespa-queda-300x300-1-jpg.webp\",\"contentUrl\":\"https:\/\/files.sunoresearch.com.br\/n\/uploads\/2020\/09\/0c1cf80e-ff39017b-ibovespa-queda-300x300-1-jpg.webp\",\"width\":300,\"height\":300,\"caption\":\"O Ibovespa encerrou as negocia\u00e7\u00f5es na \u00faltima ter\u00e7a-feira com uma queda de 1,40%, a 99.605,54 pontos.\"},{\"@type\":\"BreadcrumbList\",\"@id\":\"https:\/\/www.suno.com.br\/noticias\/ibovespa-fecha-em-queda-de-425-a-95-37109-pontos-28102020\/#breadcrumb\",\"itemListElement\":[{\"@type\":\"ListItem\",\"position\":1,\"name\":\"Not\u00edcias\",\"item\":\"https:\/\/www.suno.com.br\/noticias\/\"},{\"@type\":\"ListItem\",\"position\":2,\"name\":\"Mercado\",\"item\":\"https:\/\/www.suno.com.br\/noticias\/mercado\/\"},{\"@type\":\"ListItem\",\"position\":3,\"name\":\"Ibovespa fecha em queda de 4,25%, a 95.371,09 pontos\"}]},{\"@type\":\"WebSite\",\"@id\":\"https:\/\/www.suno.com.br\/noticias\/#website\",\"url\":\"https:\/\/www.suno.com.br\/noticias\/\",\"name\":\"Suno Not\u00edcias\",\"description\":\"Seu portal de informa\u00e7\u00e3o sobre o mundo dos investimentos\",\"publisher\":{\"@id\":\"https:\/\/www.suno.com.br\/noticias\/#organization\"},\"potentialAction\":[{\"@type\":\"SearchAction\",\"target\":{\"@type\":\"EntryPoint\",\"urlTemplate\":\"https:\/\/www.suno.com.br\/noticias\/?s={search_term_string}\"},\"query-input\":{\"@type\":\"PropertyValueSpecification\",\"valueRequired\":true,\"valueName\":\"search_term_string\"}}],\"inLanguage\":\"pt-BR\"},{\"@type\":\"Organization\",\"@id\":\"https:\/\/www.suno.com.br\/noticias\/#organization\",\"name\":\"Suno Not\u00edcias\",\"url\":\"https:\/\/www.suno.com.br\/noticias\/\",\"logo\":{\"@type\":\"ImageObject\",\"inLanguage\":\"pt-BR\",\"@id\":\"https:\/\/www.suno.com.br\/noticias\/#\/schema\/logo\/image\/\",\"url\":\"https:\/\/files.sunoresearch.com.br\/n\/uploads\/2021\/09\/suno-logo.png\",\"contentUrl\":\"https:\/\/files.sunoresearch.com.br\/n\/uploads\/2021\/09\/suno-logo.png\",\"width\":180,\"height\":180,\"caption\":\"Suno Not\u00edcias\"},\"image\":{\"@id\":\"https:\/\/www.suno.com.br\/noticias\/#\/schema\/logo\/image\/\"},\"sameAs\":[\"https:\/\/facebook.com\/sunoresearch\",\"https:\/\/x.com\/sunoresearch\",\"https:\/\/www.instagram.com\/suno\",\"https:\/\/www.linkedin.com\/company\/suno-research\/\",\"https:\/\/www.youtube.com\/c\/sunoresearch\"]},{\"@type\":\"Person\",\"@id\":\"https:\/\/www.suno.com.br\/noticias\/#\/schema\/person\/3df0d2808748b74496efe5dbeaef2c72\",\"name\":\"Laura Moutinho\",\"image\":{\"@type\":\"ImageObject\",\"inLanguage\":\"pt-BR\",\"@id\":\"https:\/\/www.suno.com.br\/noticias\/#\/schema\/person\/image\/\",\"url\":\"https:\/\/secure.gravatar.com\/avatar\/7571c7c8ca3a6fca5e41384ece5557ff?s=96&r=g\",\"contentUrl\":\"https:\/\/secure.gravatar.com\/avatar\/7571c7c8ca3a6fca5e41384ece5557ff?s=96&r=g\",\"caption\":\"Laura Moutinho\"},\"description\":\"Estagi\u00e1ria na Suno Not\u00edcias, escreve not\u00edcias que afetam o mercado financeiro. Estuda administra\u00e7\u00e3o na Universidade Presbiteriana Mackenzie.\",\"url\":\"https:\/\/www.suno.com.br\/noticias\/author\/laura-moutinho\/\"}]}<\/script>\n<!-- \/ Yoast SEO plugin. -->","yoast_head_json":{"title":"Ibovespa fecha em queda de 4,25%, a 95.371,09 pontos","description":"O\u00a0Ibovespa hoje\u00a0encerrou o preg\u00e3o em queda de 4,25%, a 95.371,09 pontos, seguindo os mercados internacionais. Clique aqui e saiba mais","robots":{"index":"index","follow":"follow","max-snippet":"max-snippet:-1","max-image-preview":"max-image-preview:large","max-video-preview":"max-video-preview:-1"},"canonical":"https:\/\/www.suno.com.br\/noticias\/ibovespa-fecha-em-queda-de-425-a-95-37109-pontos-28102020\/","og_locale":"pt_BR","og_type":"article","og_title":"Ibovespa fecha em queda de 4,25%, a 95.371,09 pontos","og_description":"O\u00a0Ibovespa hoje\u00a0encerrou o preg\u00e3o em queda de 4,25%, a 95.371,09 pontos, seguindo os mercados internacionais. Clique aqui e saiba mais","og_url":"https:\/\/www.suno.com.br\/noticias\/ibovespa-fecha-em-queda-de-425-a-95-37109-pontos-28102020\/","og_site_name":"Suno Not\u00edcias","article_publisher":"https:\/\/facebook.com\/sunoresearch","og_image":[{"width":300,"height":300,"url":"https:\/\/files.sunoresearch.com.br\/n\/uploads\/2020\/09\/0c1cf80e-ff39017b-ibovespa-queda-300x300-1.jpg","type":"image\/jpeg"}],"author":"Laura Moutinho","twitter_card":"summary_large_image","twitter_creator":"@sunoresearch","twitter_site":"@sunoresearch","twitter_misc":{"Escrito por":"Laura Moutinho","Est. tempo de leitura":"5 minutos"},"schema":{"@context":"https:\/\/schema.org","@graph":[{"@type":"NewsArticle","@id":"https:\/\/www.suno.com.br\/noticias\/ibovespa-fecha-em-queda-de-425-a-95-37109-pontos-28102020\/#article","isPartOf":{"@id":"https:\/\/www.suno.com.br\/noticias\/ibovespa-fecha-em-queda-de-425-a-95-37109-pontos-28102020\/"},"author":{"name":"Laura Moutinho","@id":"https:\/\/www.suno.com.br\/noticias\/#\/schema\/person\/3df0d2808748b74496efe5dbeaef2c72"},"headline":"Ibovespa fecha em queda de 4,25%, a 95.371,09 pontos","datePublished":"2020-10-28T20:36:00+00:00","dateModified":"2021-05-29T23:30:35+00:00","mainEntityOfPage":{"@id":"https:\/\/www.suno.com.br\/noticias\/ibovespa-fecha-em-queda-de-425-a-95-37109-pontos-28102020\/"},"wordCount":917,"publisher":{"@id":"https:\/\/www.suno.com.br\/noticias\/#organization"},"image":{"@id":"https:\/\/www.suno.com.br\/noticias\/ibovespa-fecha-em-queda-de-425-a-95-37109-pontos-28102020\/#primaryimage"},"thumbnailUrl":"https:\/\/files.sunoresearch.com.br\/n\/uploads\/2020\/09\/0c1cf80e-ff39017b-ibovespa-queda-300x300-1-jpg.webp","keywords":["Cielo (CIEL3)","Gerdau (GGBR3\/GGBR4)","Ibovespa","Localiza (RENT3)","PETR3","Petrobras (PETR4)"],"articleSection":["Mercado"],"inLanguage":"pt-BR"},{"@type":"WebPage","@id":"https:\/\/www.suno.com.br\/noticias\/ibovespa-fecha-em-queda-de-425-a-95-37109-pontos-28102020\/","url":"https:\/\/www.suno.com.br\/noticias\/ibovespa-fecha-em-queda-de-425-a-95-37109-pontos-28102020\/","name":"Ibovespa fecha em queda de 4,25%, a 95.371,09 pontos","isPartOf":{"@id":"https:\/\/www.suno.com.br\/noticias\/#website"},"primaryImageOfPage":{"@id":"https:\/\/www.suno.com.br\/noticias\/ibovespa-fecha-em-queda-de-425-a-95-37109-pontos-28102020\/#primaryimage"},"image":{"@id":"https:\/\/www.suno.com.br\/noticias\/ibovespa-fecha-em-queda-de-425-a-95-37109-pontos-28102020\/#primaryimage"},"thumbnailUrl":"https:\/\/files.sunoresearch.com.br\/n\/uploads\/2020\/09\/0c1cf80e-ff39017b-ibovespa-queda-300x300-1-jpg.webp","datePublished":"2020-10-28T20:36:00+00:00","dateModified":"2021-05-29T23:30:35+00:00","description":"O\u00a0Ibovespa hoje\u00a0encerrou o preg\u00e3o em queda de 4,25%, a 95.371,09 pontos, seguindo os mercados internacionais. Clique aqui e saiba mais","breadcrumb":{"@id":"https:\/\/www.suno.com.br\/noticias\/ibovespa-fecha-em-queda-de-425-a-95-37109-pontos-28102020\/#breadcrumb"},"inLanguage":"pt-BR","potentialAction":[{"@type":"ReadAction","target":["https:\/\/www.suno.com.br\/noticias\/ibovespa-fecha-em-queda-de-425-a-95-37109-pontos-28102020\/"]}]},{"@type":"ImageObject","inLanguage":"pt-BR","@id":"https:\/\/www.suno.com.br\/noticias\/ibovespa-fecha-em-queda-de-425-a-95-37109-pontos-28102020\/#primaryimage","url":"https:\/\/files.sunoresearch.com.br\/n\/uploads\/2020\/09\/0c1cf80e-ff39017b-ibovespa-queda-300x300-1-jpg.webp","contentUrl":"https:\/\/files.sunoresearch.com.br\/n\/uploads\/2020\/09\/0c1cf80e-ff39017b-ibovespa-queda-300x300-1-jpg.webp","width":300,"height":300,"caption":"O Ibovespa encerrou as negocia\u00e7\u00f5es na \u00faltima ter\u00e7a-feira com uma queda de 1,40%, a 99.605,54 pontos."},{"@type":"BreadcrumbList","@id":"https:\/\/www.suno.com.br\/noticias\/ibovespa-fecha-em-queda-de-425-a-95-37109-pontos-28102020\/#breadcrumb","itemListElement":[{"@type":"ListItem","position":1,"name":"Not\u00edcias","item":"https:\/\/www.suno.com.br\/noticias\/"},{"@type":"ListItem","position":2,"name":"Mercado","item":"https:\/\/www.suno.com.br\/noticias\/mercado\/"},{"@type":"ListItem","position":3,"name":"Ibovespa fecha em queda de 4,25%, a 95.371,09 pontos"}]},{"@type":"WebSite","@id":"https:\/\/www.suno.com.br\/noticias\/#website","url":"https:\/\/www.suno.com.br\/noticias\/","name":"Suno Not\u00edcias","description":"Seu portal de informa\u00e7\u00e3o sobre o mundo dos investimentos","publisher":{"@id":"https:\/\/www.suno.com.br\/noticias\/#organization"},"potentialAction":[{"@type":"SearchAction","target":{"@type":"EntryPoint","urlTemplate":"https:\/\/www.suno.com.br\/noticias\/?s={search_term_string}"},"query-input":{"@type":"PropertyValueSpecification","valueRequired":true,"valueName":"search_term_string"}}],"inLanguage":"pt-BR"},{"@type":"Organization","@id":"https:\/\/www.suno.com.br\/noticias\/#organization","name":"Suno Not\u00edcias","url":"https:\/\/www.suno.com.br\/noticias\/","logo":{"@type":"ImageObject","inLanguage":"pt-BR","@id":"https:\/\/www.suno.com.br\/noticias\/#\/schema\/logo\/image\/","url":"https:\/\/files.sunoresearch.com.br\/n\/uploads\/2021\/09\/suno-logo.png","contentUrl":"https:\/\/files.sunoresearch.com.br\/n\/uploads\/2021\/09\/suno-logo.png","width":180,"height":180,"caption":"Suno Not\u00edcias"},"image":{"@id":"https:\/\/www.suno.com.br\/noticias\/#\/schema\/logo\/image\/"},"sameAs":["https:\/\/facebook.com\/sunoresearch","https:\/\/x.com\/sunoresearch","https:\/\/www.instagram.com\/suno","https:\/\/www.linkedin.com\/company\/suno-research\/","https:\/\/www.youtube.com\/c\/sunoresearch"]},{"@type":"Person","@id":"https:\/\/www.suno.com.br\/noticias\/#\/schema\/person\/3df0d2808748b74496efe5dbeaef2c72","name":"Laura Moutinho","image":{"@type":"ImageObject","inLanguage":"pt-BR","@id":"https:\/\/www.suno.com.br\/noticias\/#\/schema\/person\/image\/","url":"https:\/\/secure.gravatar.com\/avatar\/7571c7c8ca3a6fca5e41384ece5557ff?s=96&r=g","contentUrl":"https:\/\/secure.gravatar.com\/avatar\/7571c7c8ca3a6fca5e41384ece5557ff?s=96&r=g","caption":"Laura Moutinho"},"description":"Estagi\u00e1ria na Suno Not\u00edcias, escreve not\u00edcias que afetam o mercado financeiro. Estuda administra\u00e7\u00e3o na Universidade Presbiteriana Mackenzie.","url":"https:\/\/www.suno.com.br\/noticias\/author\/laura-moutinho\/"}]}},"default_loop_html":"<div class=\"cardsPage__listCard__boxs\"><div class=\"cardsPage__listCard__boxs__img\"><a href=\"https:\/\/www.suno.com.br\/noticias\/ibovespa-fecha-em-queda-de-425-a-95-37109-pontos-28102020\/\"><img class=\"mask\" src=\"https:\/\/www.suno.com.br\/noticias\/wp-content\/themes\/suno\/resources\/images\/spotlight\/spotlight1img\/bg-mask.png\" alt=\"Image Mask\"\/><img src=\"https:\/\/files.sunoresearch.com.br\/n\/uploads\/2020\/09\/0c1cf80e-ff39017b-ibovespa-queda-300x300-1-jpg.webp\" alt=\"Ibovespa fecha em queda de 4,25%, a 95.371,09 pontos\"\/><\/a><span class=\"spotlightCategory\"><a href=\"https:\/\/www.suno.com.br\/noticias\/mercado\/\">Mercado<\/a><\/span><\/div><div class=\"cardsPage__listCard__boxs__content\"><a href=\"https:\/\/www.suno.com.br\/noticias\/ibovespa-fecha-em-queda-de-425-a-95-37109-pontos-28102020\/\"><h2 class=\"content__title\">Ibovespa fecha em queda de 4,25%, a 95.371,09 pontos<\/h2><\/a><div class=\"newsContent__article__meta\"><div class=\"newsContent__article__meta__authorBox\"><a href=\"https:\/\/www.suno.com.br\/noticias\/author\/laura-moutinho\/\" class=\"authorBox__avatar noMobi\"><img src=\"https:\/\/files.sunoresearch.com.br\/n\/uploads\/2020\/08\/531ff69d-whatsapp-image-2020-08-03-at-14.54.38-150x150.webp\" alt=\"Laura Moutinho\"><\/a><div class=\"authorBox__name\"><span>por\n\t\t\t<a href=\"https:\/\/www.suno.com.br\/noticias\/author\/laura-moutinho\/\"><span itemprop=\"author\">Laura Moutinho<\/span><\/a><\/span><time datetime=\"2020-10-28T17:36:00-03:00\" itemprop=\"datePublished\">28\/10\/2020 17:36<\/time><\/div><\/div><\/div><\/div><\/div>","single_layout":"posts","amp_enabled":true,"_links":{"self":[{"href":"https:\/\/www.suno.com.br\/noticias\/wp-json\/wp\/v2\/posts\/95494"}],"collection":[{"href":"https:\/\/www.suno.com.br\/noticias\/wp-json\/wp\/v2\/posts"}],"about":[{"href":"https:\/\/www.suno.com.br\/noticias\/wp-json\/wp\/v2\/types\/post"}],"author":[{"embeddable":true,"href":"https:\/\/www.suno.com.br\/noticias\/wp-json\/wp\/v2\/users\/39"}],"replies":[{"embeddable":true,"href":"https:\/\/www.suno.com.br\/noticias\/wp-json\/wp\/v2\/comments?post=95494"}],"version-history":[{"count":1,"href":"https:\/\/www.suno.com.br\/noticias\/wp-json\/wp\/v2\/posts\/95494\/revisions"}],"predecessor-version":[{"id":151993,"href":"https:\/\/www.suno.com.br\/noticias\/wp-json\/wp\/v2\/posts\/95494\/revisions\/151993"}],"wp:featuredmedia":[{"embeddable":true,"href":"https:\/\/www.suno.com.br\/noticias\/wp-json\/wp\/v2\/media\/82425"}],"wp:attachment":[{"href":"https:\/\/www.suno.com.br\/noticias\/wp-json\/wp\/v2\/media?parent=95494"}],"wp:term":[{"taxonomy":"category","embeddable":true,"href":"https:\/\/www.suno.com.br\/noticias\/wp-json\/wp\/v2\/categories?post=95494"},{"taxonomy":"post_tag","embeddable":true,"href":"https:\/\/www.suno.com.br\/noticias\/wp-json\/wp\/v2\/tags?post=95494"},{"taxonomy":"suno_strategy","embeddable":true,"href":"https:\/\/www.suno.com.br\/noticias\/wp-json\/wp\/v2\/suno_strategy?post=95494"}],"curies":[{"name":"wp","href":"https:\/\/api.w.org\/{rel}","templated":true}]}}