{"id":95492,"date":"2020-10-28T17:50:32","date_gmt":"2020-10-28T20:50:32","guid":{"rendered":"https:\/\/www.suno.com.br\/noticias\/?p=95492"},"modified":"2020-11-14T16:50:28","modified_gmt":"2020-11-14T19:50:28","slug":"franca-e-alemanha-anunciam-lockdown-apos-segunda-onda-de-covid","status":"publish","type":"post","link":"https:\/\/www.suno.com.br\/noticias\/franca-e-alemanha-anunciam-lockdown-apos-segunda-onda-de-covid\/","title":{"rendered":"Fran\u00e7a e Alemanha anunciam lockdown ap\u00f3s segunda onda de covid"},"content":{"rendered":"<p>A Fran\u00e7a e Alemanha informaram nesta quarta-feira (28) um <strong>lockdown<\/strong> como tentativa de conter uma segunda onda de infec\u00e7\u00f5es do coronav\u00edrus (Covid-19). Durante as \u00faltimas semanas, os pa\u00edses europeus tentaram retardar a propaga\u00e7\u00e3o do v\u00edrus atrav\u00e9s de restri\u00e7\u00f5es espec\u00edficas e localizadas, entretanto, com o novo n\u00famero recorde de mais de 500 mil casos atualmente no mundo, os governos optaram por medidas mais dr\u00e1sticas.<\/p>\t<div class=\"wrapper-featured-image\">\n\t\t<figure class=\"spotlightImg\">\n\n\t\t\t<picture>\n\t\t\t\t<source media=\"(max-width: 768px)\" srcset=\"https:\/\/files.sunoresearch.com.br\/n\/uploads\/2020\/10\/b3c3b560-merkel-800x450-1-400x200.webp\">\n\t\t\t\t<img loading=\"lazy\" decoding=\"async\" class=\"newsContent__article__imgCapa lazyloadDisabled \" src=\"https:\/\/files.sunoresearch.com.br\/n\/uploads\/2020\/10\/b3c3b560-merkel-800x450-1-jpg.webp\" width=\"800\" height=\"450\" alt=\"Fran\u00e7a e Alemanha anunciam lockdown ap\u00f3s segunda onda de covid\" fetchpriority=high \/>\n\t\t\t<\/picture>\n\n\t\t\t<figcaption class=\"wp-caption-text wp-caption-text--show\">Alemanha ter\u00e1 novo lockdown para tentar barrar coronav\u00edrus<\/figcaption>\n\t\t<\/figure>\n\t<\/div>\n\n\n<div class=\"hubspot-form-wrapper\">\n\t<div id=\"single-form-target\"><\/div>\n<\/div>\n\n<p>O presidente da Fran\u00e7a, Emmanuel Macron, anunciou um novo lockdown parcial a partir da pr\u00f3xima sexta-feira (28), que deve durar at\u00e9 1\u00ba de dezembro. Enquanto os bares, restaurantes e estabelecimentos comerciais n\u00e3o essenciais ir\u00e3o fechar, as escolas v\u00e3o permanecer abertas.<\/p>\n<p>J\u00e1 a Alemanha imp\u00f4s uma paralisa\u00e7\u00e3o parcial de um m\u00eas, divulgado pela chanceler Angela Merkel, depois de conversas com l\u00edderes dos 16 Estados do pa\u00eds, informou a Bloomberg. A medida entra em vigor na pr\u00f3xima segunda-feira (2) e deve durar at\u00e9 o final de novembro.<\/p>\n<p><a href=\"https:\/\/lp.suno.com.br\/suno-one\/\">Suno One: acesse gratuitamente eBooks, Minicursos, Artigos e Video Aulas sobre investimentos com um \u00fanico cadastro. Clique para saber mais!<\/a><\/p>\n<p>De acordo com a proposta do novo lockdown, as regras, que como as da Fran\u00e7a seriam menos r\u00edgidas do que as impostas em mar\u00e7o, teriam como objetivo limitar o n\u00famero de infec\u00e7\u00f5es at\u00e9 o Natal para que amigos e familiares pudessem se encontrar novamente.<\/p>\n<h2>D\u00f3lar encerra em alta de 1,43%, a R$ 5,7630, com lockdowns<\/h2>\n<p>O <a href=\"https:\/\/www.suno.com.br\/artigos\/dolar\/\"><strong>d\u00f3lar<\/strong> <\/a>encerrou nesta quarta-feira (28) em alta de 1,43%, negociado a R$ 5,7630.<\/p>\n<p>O d\u00f3lar iniciou em forte alta nesta manh\u00e3. Por volta das 11h05, a moeda norte-americana era negociada a R$ 5,73 na venda, com um avan\u00e7o 0,5%. A alta chegou a ser de 1% no in\u00edcio do preg\u00e3o, levando o d\u00f3lar a R$ 5,79, patamar mais alto desde maio. Em fun\u00e7\u00e3o disso, entre outros fatores, as companhias \u00e1reas sofrem na <a href=\"https:\/\/www.suno.com.br\/artigos\/b3\/\">Bolsa de Valores de S\u00e3o Paulo (B3)<\/a>.<\/p>\n\t<div data-element=\"shortcode-read-more\" class=\"knowMore\">\n\t\t\t\t<span class=\"knowMore__title\">Saiba Mais<\/span>\n\t\t\t\t<a class=\"knowMore__link\" href=\"https:\/\/www.suno.com.br\/noticias\/dolar-encerra-em-alta-de-143-a-r-57630-com-lockdowns\/\">\n\t\t\tD\u00f3lar encerra em alta de 1,43%, a R$ 5,7630, com lockdowns\t\t<\/a>\n\t<\/div>\n\n\n<p>O avan\u00e7o da pandemia do <a href=\"https:\/\/www.suno.com.br\/noticias\/?s=coronav%C3%ADrus\">novo <strong>coronav\u00edrus<\/strong> (Covid-19)<\/a>, principalmente nos Estados Unidos e na Europa, vem preocupando os investidores, devido \u00e0s medidas restritivas frente \u00e0 doen\u00e7a, que podem influenciar a fr\u00e1gil tentativa de recupera\u00e7\u00e3o econ\u00f4mica global.<\/p>\n<p>Na \u00faltima ter\u00e7a-feira (27), os Estados Unidos registraram novos 73.200 casos, segundo dados da Universidade John Hopkins. Os mercados europeus observaram um forte movimento de venda em a\u00e7\u00f5es de empresas de viagens e de bancos com o novo<strong> lockdown<\/strong> em pa\u00edses da Europa. <a href=\"https:\/\/www.suno.com.br\/noticias\/bolsas-mundiais-ny-europa-asia-28102020\/\">As bolsas do Velho Continente tocaram a m\u00ednima dos \u00faltimos cinco meses<\/a>.<\/p>\n\t<p>\n\t\t<a href=\"https:\/\/lp.suno.com.br\/planilha-de-controle-de-investimentos\/\" target=\"_blank\" data-element=\"shortcode-suno-banner\" title=\"Banner SUNO, clique e saiba mais\">\n\t\t\t<picture>\n\t\t\t\t<source media=\"(max-width: 500px)\" srcset=\"https:\/\/files.sunoresearch.com.br\/n\/uploads\/2023\/03\/400x300-Controle-de-Investimentos.png\">\n\t\t\t\t<img class=\"newsContent__article__imgCapa newsContent__article__imgCapa--banner\"\n\t\t\t\t\tsrc=\"https:\/\/files.sunoresearch.com.br\/n\/uploads\/2023\/03\/1420x240-Controle-de-Investimentos.png\"\n\t\t\t\t\tdata-promo-id=\"75934\"\t\t\t\t\t\t\t\t\t\twidth='1420' height='240'\t\t\t\t\talt=\"https:\/\/files.sunoresearch.com.br\/n\/uploads\/2023\/03\/1420x240-Controle-de-Investimentos.png\"\n\t\t\t\t>\n\t\t\t<\/picture>\n\t\t<\/a>\n\t<\/p>\n\n\n","protected":false},"excerpt":{"rendered":"<p>A Fran\u00e7a e Alemanha informaram nesta quarta-feira (28) um lockdown como tentativa de conter uma segunda onda de infec\u00e7\u00f5es do coronav\u00edrus (Covid-19). Durante as \u00faltimas semanas, os pa\u00edses europeus tentaram retardar a propaga\u00e7\u00e3o do v\u00edrus atrav\u00e9s de restri\u00e7\u00f5es espec\u00edficas e localizadas, entretanto, com o novo n\u00famero recorde de mais de 500 mil casos atualmente no [&hellip;]<\/p>\n","protected":false},"author":56,"featured_media":95528,"comment_status":"closed","ping_status":"closed","sticky":false,"template":"","format":"standard","meta":[],"categories":[63],"tags":[856,2487,5255,710,773,86394],"suno_strategy":[],"class_list":["post-95492","post","type-post","status-publish","format-standard","has-post-thumbnail","hentry","category-internacional","tag-alemanha","tag-coronavirus","tag-covid-19","tag-europa","tag-franca","tag-lockdown"],"yoast_head":"<!-- This site is optimized with the Yoast SEO plugin v24.4 - https:\/\/yoast.com\/wordpress\/plugins\/seo\/ -->\n<title>Fran\u00e7a e Alemanha anunciam lockdown ap\u00f3s segunda onda de covid<\/title>\n<meta name=\"description\" content=\"Macron anunciou um novo lockdown a partir da pr\u00f3xima sexta-feira, que deve durar at\u00e9 1\u00ba de dezembro. Clique aqui para saber mais.\" \/>\n<meta name=\"robots\" content=\"index, follow, max-snippet:-1, max-image-preview:large, max-video-preview:-1\" \/>\n<link rel=\"canonical\" href=\"https:\/\/www.suno.com.br\/noticias\/franca-e-alemanha-anunciam-lockdown-apos-segunda-onda-de-covid\/\" \/>\n<meta property=\"og:locale\" content=\"pt_BR\" \/>\n<meta property=\"og:type\" content=\"article\" \/>\n<meta property=\"og:title\" content=\"Fran\u00e7a e Alemanha anunciam lockdown ap\u00f3s segunda onda de covid\" \/>\n<meta property=\"og:description\" content=\"Macron anunciou um novo lockdown a partir da pr\u00f3xima sexta-feira, que deve durar at\u00e9 1\u00ba de dezembro. Clique aqui para saber mais.\" \/>\n<meta property=\"og:url\" content=\"https:\/\/www.suno.com.br\/noticias\/franca-e-alemanha-anunciam-lockdown-apos-segunda-onda-de-covid\/\" \/>\n<meta property=\"og:site_name\" content=\"Suno Not\u00edcias\" \/>\n<meta property=\"article:publisher\" content=\"https:\/\/facebook.com\/sunoresearch\" \/>\n<meta property=\"og:image\" content=\"https:\/\/files.sunoresearch.com.br\/n\/uploads\/2020\/10\/b3c3b560-merkel-800x450-1.jpg\" \/>\n\t<meta property=\"og:image:width\" content=\"800\" \/>\n\t<meta property=\"og:image:height\" content=\"450\" \/>\n\t<meta property=\"og:image:type\" content=\"image\/jpeg\" \/>\n<meta name=\"author\" content=\"Rafaela La Regina\" \/>\n<meta name=\"twitter:card\" content=\"summary_large_image\" \/>\n<meta name=\"twitter:creator\" content=\"@sunoresearch\" \/>\n<meta name=\"twitter:site\" content=\"@sunoresearch\" \/>\n<meta name=\"twitter:label1\" content=\"Escrito por\" \/>\n\t<meta name=\"twitter:data1\" content=\"Rafaela La Regina\" \/>\n\t<meta name=\"twitter:label2\" content=\"Est. tempo de leitura\" \/>\n\t<meta name=\"twitter:data2\" content=\"2 minutos\" \/>\n<script type=\"application\/ld+json\" class=\"yoast-schema-graph\">{\"@context\":\"https:\/\/schema.org\",\"@graph\":[{\"@type\":\"NewsArticle\",\"@id\":\"https:\/\/www.suno.com.br\/noticias\/franca-e-alemanha-anunciam-lockdown-apos-segunda-onda-de-covid\/#article\",\"isPartOf\":{\"@id\":\"https:\/\/www.suno.com.br\/noticias\/franca-e-alemanha-anunciam-lockdown-apos-segunda-onda-de-covid\/\"},\"author\":{\"name\":\"Rafaela La Regina\",\"@id\":\"https:\/\/www.suno.com.br\/noticias\/#\/schema\/person\/e672ca8cea627fe715fa29bca7da95e0\"},\"headline\":\"Fran\u00e7a e Alemanha anunciam lockdown ap\u00f3s segunda onda de covid\",\"datePublished\":\"2020-10-28T20:50:32+00:00\",\"dateModified\":\"2020-11-14T19:50:28+00:00\",\"mainEntityOfPage\":{\"@id\":\"https:\/\/www.suno.com.br\/noticias\/franca-e-alemanha-anunciam-lockdown-apos-segunda-onda-de-covid\/\"},\"wordCount\":457,\"publisher\":{\"@id\":\"https:\/\/www.suno.com.br\/noticias\/#organization\"},\"image\":{\"@id\":\"https:\/\/www.suno.com.br\/noticias\/franca-e-alemanha-anunciam-lockdown-apos-segunda-onda-de-covid\/#primaryimage\"},\"thumbnailUrl\":\"https:\/\/files.sunoresearch.com.br\/n\/uploads\/2020\/10\/b3c3b560-merkel-800x450-1-jpg.webp\",\"keywords\":[\"Alemanha\",\"coronav\u00edrus\",\"covid-19\",\"Europa\",\"Fran\u00e7a\",\"lockdown\"],\"articleSection\":[\"Internacional\"],\"inLanguage\":\"pt-BR\"},{\"@type\":\"WebPage\",\"@id\":\"https:\/\/www.suno.com.br\/noticias\/franca-e-alemanha-anunciam-lockdown-apos-segunda-onda-de-covid\/\",\"url\":\"https:\/\/www.suno.com.br\/noticias\/franca-e-alemanha-anunciam-lockdown-apos-segunda-onda-de-covid\/\",\"name\":\"Fran\u00e7a e Alemanha anunciam lockdown ap\u00f3s segunda onda de covid\",\"isPartOf\":{\"@id\":\"https:\/\/www.suno.com.br\/noticias\/#website\"},\"primaryImageOfPage\":{\"@id\":\"https:\/\/www.suno.com.br\/noticias\/franca-e-alemanha-anunciam-lockdown-apos-segunda-onda-de-covid\/#primaryimage\"},\"image\":{\"@id\":\"https:\/\/www.suno.com.br\/noticias\/franca-e-alemanha-anunciam-lockdown-apos-segunda-onda-de-covid\/#primaryimage\"},\"thumbnailUrl\":\"https:\/\/files.sunoresearch.com.br\/n\/uploads\/2020\/10\/b3c3b560-merkel-800x450-1-jpg.webp\",\"datePublished\":\"2020-10-28T20:50:32+00:00\",\"dateModified\":\"2020-11-14T19:50:28+00:00\",\"description\":\"Macron anunciou um novo lockdown a partir da pr\u00f3xima sexta-feira, que deve durar at\u00e9 1\u00ba de dezembro. Clique aqui para saber mais.\",\"breadcrumb\":{\"@id\":\"https:\/\/www.suno.com.br\/noticias\/franca-e-alemanha-anunciam-lockdown-apos-segunda-onda-de-covid\/#breadcrumb\"},\"inLanguage\":\"pt-BR\",\"potentialAction\":[{\"@type\":\"ReadAction\",\"target\":[\"https:\/\/www.suno.com.br\/noticias\/franca-e-alemanha-anunciam-lockdown-apos-segunda-onda-de-covid\/\"]}]},{\"@type\":\"ImageObject\",\"inLanguage\":\"pt-BR\",\"@id\":\"https:\/\/www.suno.com.br\/noticias\/franca-e-alemanha-anunciam-lockdown-apos-segunda-onda-de-covid\/#primaryimage\",\"url\":\"https:\/\/files.sunoresearch.com.br\/n\/uploads\/2020\/10\/b3c3b560-merkel-800x450-1-jpg.webp\",\"contentUrl\":\"https:\/\/files.sunoresearch.com.br\/n\/uploads\/2020\/10\/b3c3b560-merkel-800x450-1-jpg.webp\",\"width\":800,\"height\":450,\"caption\":\"Alemanha ter\u00e1 novo lockdown para tentar barrar coronav\u00edrus\"},{\"@type\":\"BreadcrumbList\",\"@id\":\"https:\/\/www.suno.com.br\/noticias\/franca-e-alemanha-anunciam-lockdown-apos-segunda-onda-de-covid\/#breadcrumb\",\"itemListElement\":[{\"@type\":\"ListItem\",\"position\":1,\"name\":\"Not\u00edcias\",\"item\":\"https:\/\/www.suno.com.br\/noticias\/\"},{\"@type\":\"ListItem\",\"position\":2,\"name\":\"Internacional\",\"item\":\"https:\/\/www.suno.com.br\/noticias\/internacional\/\"},{\"@type\":\"ListItem\",\"position\":3,\"name\":\"Fran\u00e7a e Alemanha anunciam lockdown ap\u00f3s segunda onda de covid\"}]},{\"@type\":\"WebSite\",\"@id\":\"https:\/\/www.suno.com.br\/noticias\/#website\",\"url\":\"https:\/\/www.suno.com.br\/noticias\/\",\"name\":\"Suno Not\u00edcias\",\"description\":\"Seu portal de informa\u00e7\u00e3o sobre o mundo dos investimentos\",\"publisher\":{\"@id\":\"https:\/\/www.suno.com.br\/noticias\/#organization\"},\"potentialAction\":[{\"@type\":\"SearchAction\",\"target\":{\"@type\":\"EntryPoint\",\"urlTemplate\":\"https:\/\/www.suno.com.br\/noticias\/?s={search_term_string}\"},\"query-input\":{\"@type\":\"PropertyValueSpecification\",\"valueRequired\":true,\"valueName\":\"search_term_string\"}}],\"inLanguage\":\"pt-BR\"},{\"@type\":\"Organization\",\"@id\":\"https:\/\/www.suno.com.br\/noticias\/#organization\",\"name\":\"Suno Not\u00edcias\",\"url\":\"https:\/\/www.suno.com.br\/noticias\/\",\"logo\":{\"@type\":\"ImageObject\",\"inLanguage\":\"pt-BR\",\"@id\":\"https:\/\/www.suno.com.br\/noticias\/#\/schema\/logo\/image\/\",\"url\":\"https:\/\/files.sunoresearch.com.br\/n\/uploads\/2021\/09\/suno-logo.png\",\"contentUrl\":\"https:\/\/files.sunoresearch.com.br\/n\/uploads\/2021\/09\/suno-logo.png\",\"width\":180,\"height\":180,\"caption\":\"Suno Not\u00edcias\"},\"image\":{\"@id\":\"https:\/\/www.suno.com.br\/noticias\/#\/schema\/logo\/image\/\"},\"sameAs\":[\"https:\/\/facebook.com\/sunoresearch\",\"https:\/\/x.com\/sunoresearch\",\"https:\/\/www.instagram.com\/suno\",\"https:\/\/www.linkedin.com\/company\/suno-research\/\",\"https:\/\/www.youtube.com\/c\/sunoresearch\"]},{\"@type\":\"Person\",\"@id\":\"https:\/\/www.suno.com.br\/noticias\/#\/schema\/person\/e672ca8cea627fe715fa29bca7da95e0\",\"name\":\"Rafaela La Regina\",\"image\":{\"@type\":\"ImageObject\",\"inLanguage\":\"pt-BR\",\"@id\":\"https:\/\/www.suno.com.br\/noticias\/#\/schema\/person\/image\/\",\"url\":\"https:\/\/secure.gravatar.com\/avatar\/d2c75a52d243deb93d0465fdcb21bd37?s=96&r=g\",\"contentUrl\":\"https:\/\/secure.gravatar.com\/avatar\/d2c75a52d243deb93d0465fdcb21bd37?s=96&r=g\",\"caption\":\"Rafaela La Regina\"},\"description\":\"Estagi\u00e1ria no Suno Not\u00edcias. Escreve sobre economia, pol\u00edtica e neg\u00f3cios. Estuda Rela\u00e7\u00f5es Internacionais no IBMEC-SP.\",\"url\":\"https:\/\/www.suno.com.br\/noticias\/author\/rafaela-la-regina\/\"}]}<\/script>\n<!-- \/ Yoast SEO plugin. -->","yoast_head_json":{"title":"Fran\u00e7a e Alemanha anunciam lockdown ap\u00f3s segunda onda de covid","description":"Macron anunciou um novo lockdown a partir da pr\u00f3xima sexta-feira, que deve durar at\u00e9 1\u00ba de dezembro. Clique aqui para saber mais.","robots":{"index":"index","follow":"follow","max-snippet":"max-snippet:-1","max-image-preview":"max-image-preview:large","max-video-preview":"max-video-preview:-1"},"canonical":"https:\/\/www.suno.com.br\/noticias\/franca-e-alemanha-anunciam-lockdown-apos-segunda-onda-de-covid\/","og_locale":"pt_BR","og_type":"article","og_title":"Fran\u00e7a e Alemanha anunciam lockdown ap\u00f3s segunda onda de covid","og_description":"Macron anunciou um novo lockdown a partir da pr\u00f3xima sexta-feira, que deve durar at\u00e9 1\u00ba de dezembro. Clique aqui para saber mais.","og_url":"https:\/\/www.suno.com.br\/noticias\/franca-e-alemanha-anunciam-lockdown-apos-segunda-onda-de-covid\/","og_site_name":"Suno Not\u00edcias","article_publisher":"https:\/\/facebook.com\/sunoresearch","og_image":[{"width":800,"height":450,"url":"https:\/\/files.sunoresearch.com.br\/n\/uploads\/2020\/10\/b3c3b560-merkel-800x450-1.jpg","type":"image\/jpeg"}],"author":"Rafaela La Regina","twitter_card":"summary_large_image","twitter_creator":"@sunoresearch","twitter_site":"@sunoresearch","twitter_misc":{"Escrito por":"Rafaela La Regina","Est. tempo de leitura":"2 minutos"},"schema":{"@context":"https:\/\/schema.org","@graph":[{"@type":"NewsArticle","@id":"https:\/\/www.suno.com.br\/noticias\/franca-e-alemanha-anunciam-lockdown-apos-segunda-onda-de-covid\/#article","isPartOf":{"@id":"https:\/\/www.suno.com.br\/noticias\/franca-e-alemanha-anunciam-lockdown-apos-segunda-onda-de-covid\/"},"author":{"name":"Rafaela La Regina","@id":"https:\/\/www.suno.com.br\/noticias\/#\/schema\/person\/e672ca8cea627fe715fa29bca7da95e0"},"headline":"Fran\u00e7a e Alemanha anunciam lockdown ap\u00f3s segunda onda de covid","datePublished":"2020-10-28T20:50:32+00:00","dateModified":"2020-11-14T19:50:28+00:00","mainEntityOfPage":{"@id":"https:\/\/www.suno.com.br\/noticias\/franca-e-alemanha-anunciam-lockdown-apos-segunda-onda-de-covid\/"},"wordCount":457,"publisher":{"@id":"https:\/\/www.suno.com.br\/noticias\/#organization"},"image":{"@id":"https:\/\/www.suno.com.br\/noticias\/franca-e-alemanha-anunciam-lockdown-apos-segunda-onda-de-covid\/#primaryimage"},"thumbnailUrl":"https:\/\/files.sunoresearch.com.br\/n\/uploads\/2020\/10\/b3c3b560-merkel-800x450-1-jpg.webp","keywords":["Alemanha","coronav\u00edrus","covid-19","Europa","Fran\u00e7a","lockdown"],"articleSection":["Internacional"],"inLanguage":"pt-BR"},{"@type":"WebPage","@id":"https:\/\/www.suno.com.br\/noticias\/franca-e-alemanha-anunciam-lockdown-apos-segunda-onda-de-covid\/","url":"https:\/\/www.suno.com.br\/noticias\/franca-e-alemanha-anunciam-lockdown-apos-segunda-onda-de-covid\/","name":"Fran\u00e7a e Alemanha anunciam lockdown ap\u00f3s segunda onda de covid","isPartOf":{"@id":"https:\/\/www.suno.com.br\/noticias\/#website"},"primaryImageOfPage":{"@id":"https:\/\/www.suno.com.br\/noticias\/franca-e-alemanha-anunciam-lockdown-apos-segunda-onda-de-covid\/#primaryimage"},"image":{"@id":"https:\/\/www.suno.com.br\/noticias\/franca-e-alemanha-anunciam-lockdown-apos-segunda-onda-de-covid\/#primaryimage"},"thumbnailUrl":"https:\/\/files.sunoresearch.com.br\/n\/uploads\/2020\/10\/b3c3b560-merkel-800x450-1-jpg.webp","datePublished":"2020-10-28T20:50:32+00:00","dateModified":"2020-11-14T19:50:28+00:00","description":"Macron anunciou um novo lockdown a partir da pr\u00f3xima sexta-feira, que deve durar at\u00e9 1\u00ba de dezembro. Clique aqui para saber mais.","breadcrumb":{"@id":"https:\/\/www.suno.com.br\/noticias\/franca-e-alemanha-anunciam-lockdown-apos-segunda-onda-de-covid\/#breadcrumb"},"inLanguage":"pt-BR","potentialAction":[{"@type":"ReadAction","target":["https:\/\/www.suno.com.br\/noticias\/franca-e-alemanha-anunciam-lockdown-apos-segunda-onda-de-covid\/"]}]},{"@type":"ImageObject","inLanguage":"pt-BR","@id":"https:\/\/www.suno.com.br\/noticias\/franca-e-alemanha-anunciam-lockdown-apos-segunda-onda-de-covid\/#primaryimage","url":"https:\/\/files.sunoresearch.com.br\/n\/uploads\/2020\/10\/b3c3b560-merkel-800x450-1-jpg.webp","contentUrl":"https:\/\/files.sunoresearch.com.br\/n\/uploads\/2020\/10\/b3c3b560-merkel-800x450-1-jpg.webp","width":800,"height":450,"caption":"Alemanha ter\u00e1 novo lockdown para tentar barrar coronav\u00edrus"},{"@type":"BreadcrumbList","@id":"https:\/\/www.suno.com.br\/noticias\/franca-e-alemanha-anunciam-lockdown-apos-segunda-onda-de-covid\/#breadcrumb","itemListElement":[{"@type":"ListItem","position":1,"name":"Not\u00edcias","item":"https:\/\/www.suno.com.br\/noticias\/"},{"@type":"ListItem","position":2,"name":"Internacional","item":"https:\/\/www.suno.com.br\/noticias\/internacional\/"},{"@type":"ListItem","position":3,"name":"Fran\u00e7a e Alemanha anunciam lockdown ap\u00f3s segunda onda de covid"}]},{"@type":"WebSite","@id":"https:\/\/www.suno.com.br\/noticias\/#website","url":"https:\/\/www.suno.com.br\/noticias\/","name":"Suno Not\u00edcias","description":"Seu portal de informa\u00e7\u00e3o sobre o mundo dos investimentos","publisher":{"@id":"https:\/\/www.suno.com.br\/noticias\/#organization"},"potentialAction":[{"@type":"SearchAction","target":{"@type":"EntryPoint","urlTemplate":"https:\/\/www.suno.com.br\/noticias\/?s={search_term_string}"},"query-input":{"@type":"PropertyValueSpecification","valueRequired":true,"valueName":"search_term_string"}}],"inLanguage":"pt-BR"},{"@type":"Organization","@id":"https:\/\/www.suno.com.br\/noticias\/#organization","name":"Suno Not\u00edcias","url":"https:\/\/www.suno.com.br\/noticias\/","logo":{"@type":"ImageObject","inLanguage":"pt-BR","@id":"https:\/\/www.suno.com.br\/noticias\/#\/schema\/logo\/image\/","url":"https:\/\/files.sunoresearch.com.br\/n\/uploads\/2021\/09\/suno-logo.png","contentUrl":"https:\/\/files.sunoresearch.com.br\/n\/uploads\/2021\/09\/suno-logo.png","width":180,"height":180,"caption":"Suno Not\u00edcias"},"image":{"@id":"https:\/\/www.suno.com.br\/noticias\/#\/schema\/logo\/image\/"},"sameAs":["https:\/\/facebook.com\/sunoresearch","https:\/\/x.com\/sunoresearch","https:\/\/www.instagram.com\/suno","https:\/\/www.linkedin.com\/company\/suno-research\/","https:\/\/www.youtube.com\/c\/sunoresearch"]},{"@type":"Person","@id":"https:\/\/www.suno.com.br\/noticias\/#\/schema\/person\/e672ca8cea627fe715fa29bca7da95e0","name":"Rafaela La Regina","image":{"@type":"ImageObject","inLanguage":"pt-BR","@id":"https:\/\/www.suno.com.br\/noticias\/#\/schema\/person\/image\/","url":"https:\/\/secure.gravatar.com\/avatar\/d2c75a52d243deb93d0465fdcb21bd37?s=96&r=g","contentUrl":"https:\/\/secure.gravatar.com\/avatar\/d2c75a52d243deb93d0465fdcb21bd37?s=96&r=g","caption":"Rafaela La Regina"},"description":"Estagi\u00e1ria no Suno Not\u00edcias. Escreve sobre economia, pol\u00edtica e neg\u00f3cios. Estuda Rela\u00e7\u00f5es Internacionais no IBMEC-SP.","url":"https:\/\/www.suno.com.br\/noticias\/author\/rafaela-la-regina\/"}]}},"default_loop_html":"<div class=\"cardsPage__listCard__boxs\"><div class=\"cardsPage__listCard__boxs__img\"><a href=\"https:\/\/www.suno.com.br\/noticias\/franca-e-alemanha-anunciam-lockdown-apos-segunda-onda-de-covid\/\"><img class=\"mask\" src=\"https:\/\/www.suno.com.br\/noticias\/wp-content\/themes\/suno\/resources\/images\/spotlight\/spotlight1img\/bg-mask.png\" alt=\"Image Mask\"\/><img src=\"https:\/\/files.sunoresearch.com.br\/n\/uploads\/2020\/10\/b3c3b560-merkel-800x450-1-400x200.webp\" alt=\"Fran\u00e7a e Alemanha anunciam lockdown ap\u00f3s segunda onda de covid\"\/><\/a><span class=\"spotlightCategory\"><a href=\"https:\/\/www.suno.com.br\/noticias\/internacional\/\">Internacional<\/a><\/span><\/div><div class=\"cardsPage__listCard__boxs__content\"><a href=\"https:\/\/www.suno.com.br\/noticias\/franca-e-alemanha-anunciam-lockdown-apos-segunda-onda-de-covid\/\"><h2 class=\"content__title\">Fran\u00e7a e Alemanha anunciam lockdown ap\u00f3s segunda onda de covid<\/h2><\/a><div class=\"newsContent__article__meta\"><div class=\"newsContent__article__meta__authorBox\"><a href=\"https:\/\/www.suno.com.br\/noticias\/author\/rafaela-la-regina\/\" class=\"authorBox__avatar noMobi\"><img src=\"https:\/\/secure.gravatar.com\/avatar\/d2c75a52d243deb93d0465fdcb21bd37?s=96&#038;r=g\" alt=\"Rafaela La Regina\"><\/a><div class=\"authorBox__name\"><span>por\n\t\t\t<a href=\"https:\/\/www.suno.com.br\/noticias\/author\/rafaela-la-regina\/\"><span itemprop=\"author\">Rafaela La Regina<\/span><\/a><\/span><time datetime=\"2020-10-28T17:50:32-03:00\" itemprop=\"datePublished\">28\/10\/2020 17:50<\/time><\/div><\/div><\/div><\/div><\/div>","single_layout":"posts","amp_enabled":true,"_links":{"self":[{"href":"https:\/\/www.suno.com.br\/noticias\/wp-json\/wp\/v2\/posts\/95492"}],"collection":[{"href":"https:\/\/www.suno.com.br\/noticias\/wp-json\/wp\/v2\/posts"}],"about":[{"href":"https:\/\/www.suno.com.br\/noticias\/wp-json\/wp\/v2\/types\/post"}],"author":[{"embeddable":true,"href":"https:\/\/www.suno.com.br\/noticias\/wp-json\/wp\/v2\/users\/56"}],"replies":[{"embeddable":true,"href":"https:\/\/www.suno.com.br\/noticias\/wp-json\/wp\/v2\/comments?post=95492"}],"version-history":[{"count":0,"href":"https:\/\/www.suno.com.br\/noticias\/wp-json\/wp\/v2\/posts\/95492\/revisions"}],"wp:featuredmedia":[{"embeddable":true,"href":"https:\/\/www.suno.com.br\/noticias\/wp-json\/wp\/v2\/media\/95528"}],"wp:attachment":[{"href":"https:\/\/www.suno.com.br\/noticias\/wp-json\/wp\/v2\/media?parent=95492"}],"wp:term":[{"taxonomy":"category","embeddable":true,"href":"https:\/\/www.suno.com.br\/noticias\/wp-json\/wp\/v2\/categories?post=95492"},{"taxonomy":"post_tag","embeddable":true,"href":"https:\/\/www.suno.com.br\/noticias\/wp-json\/wp\/v2\/tags?post=95492"},{"taxonomy":"suno_strategy","embeddable":true,"href":"https:\/\/www.suno.com.br\/noticias\/wp-json\/wp\/v2\/suno_strategy?post=95492"}],"curies":[{"name":"wp","href":"https:\/\/api.w.org\/{rel}","templated":true}]}}