{"id":95369,"date":"2020-10-28T15:13:30","date_gmt":"2020-10-28T18:13:30","guid":{"rendered":"https:\/\/www.suno.com.br\/noticias\/?p=95369"},"modified":"2021-05-29T20:39:42","modified_gmt":"2021-05-29T23:39:42","slug":"qual-a-tendencia-para-a-cotacao-do-dolar-ate-o-final-de-2020","status":"publish","type":"post","link":"https:\/\/www.suno.com.br\/noticias\/qual-a-tendencia-para-a-cotacao-do-dolar-ate-o-final-de-2020\/","title":{"rendered":"Qual a tend\u00eancia para a cota\u00e7\u00e3o do d\u00f3lar at\u00e9 o final de 2020?"},"content":{"rendered":"<p>.A <strong>cota\u00e7\u00e3o do d\u00f3lar<\/strong>, <a href=\"https:\/\/www.suno.com.br\/noticias\/dolar-5-80-aereas-forte-queda-b3\/\">que chegou pr\u00f3ximo aos R$ 5,80 nesta quarta-feira (28)<\/a>, deve permanecer por mais tempo e poder\u00e1 fazer com que a moeda americana se aproxime dos R$ 6 at\u00e9 o final do ano, segundo especialistas ouvidos pelo <strong>SUNO Not\u00edcias<\/strong>.<br \/>\n\t<p>\n\t\t<a href=\"\" target=\"_blank\" data-element=\"shortcode-suno-banner\" title=\"Banner SUNO, clique e saiba mais\">\n\t\t\t<picture>\n\t\t\t\t<source media=\"(max-width: 500px)\" srcset=\"\">\n\t\t\t\t<img class=\"newsContent__article__imgCapa newsContent__article__imgCapa--banner\"\n\t\t\t\t\tsrc=\"\"\n\t\t\t\t\tdata-promo-id=\"94862\"\t\t\t\t\t\t\t\t\t\t\t\t\t\t\talt=\"\"\n\t\t\t\t>\n\t\t\t<\/picture>\n\t\t<\/a>\n\t<\/p>\n\n\t<\/p>\t<div class=\"wrapper-featured-image\">\n\t\t<figure class=\"spotlightImg\">\n\n\t\t\t<picture>\n\t\t\t\t<source media=\"(max-width: 768px)\" srcset=\"https:\/\/files.sunoresearch.com.br\/n\/uploads\/2020\/10\/5d423f97-dolar-400x200.webp\">\n\t\t\t\t<img loading=\"lazy\" decoding=\"async\" class=\"newsContent__article__imgCapa lazyloadDisabled \" src=\"https:\/\/files.sunoresearch.com.br\/n\/uploads\/2020\/10\/5d423f97-dolar-800x450.webp\" width=\"800\" height=\"450\" alt=\"Qual a tend\u00eancia para a cota\u00e7\u00e3o do d\u00f3lar at\u00e9 o final de 2020?\" fetchpriority=high \/>\n\t\t\t<\/picture>\n\n\t\t\t<figcaption class=\"wp-caption-text wp-caption-text--show\">Por volta das 9h50, nesta quinta-feira (12), o d\u00f3lar operava em queda de 0,16%, negociado a R$ 5,3826.<\/figcaption>\n\t\t<\/figure>\n\t<\/div>\n\n<p>.A <strong>cota\u00e7\u00e3o do d\u00f3lar<\/strong>, <a href=\"https:\/\/www.suno.com.br\/noticias\/dolar-5-80-aereas-forte-queda-b3\/\">que chegou pr\u00f3ximo aos R$ 5,80 nesta quarta-feira (28)<\/a>, deve permanecer por mais tempo e poder\u00e1 fazer com que a moeda americana se aproxime dos R$ 6 at\u00e9 o final do ano, segundo especialistas ouvidos pelo <strong>SUNO Not\u00edcias<\/strong>.<br \/>\n\t<p>\n\t\t<a href=\"\" target=\"_blank\" data-element=\"shortcode-suno-banner\" title=\"Banner SUNO, clique e saiba mais\">\n\t\t\t<picture>\n\t\t\t\t<source media=\"(max-width: 500px)\" srcset=\"\">\n\t\t\t\t<img class=\"newsContent__article__imgCapa newsContent__article__imgCapa--banner\"\n\t\t\t\t\tsrc=\"\"\n\t\t\t\t\tdata-promo-id=\"94862\"\t\t\t\t\t\t\t\t\t\t\t\t\t\t\talt=\"\"\n\t\t\t\t>\n\t\t\t<\/picture>\n\t\t<\/a>\n\t<\/p>\n\n\t<\/p>\n\n<h2>Tempestade perfeita afeta a cota\u00e7\u00e3o do d\u00f3lar<\/h2>\n<p>&#8220;Essa \u00e9 uma <strong>tempestade perfeita<\/strong>. Uma s\u00e9rie de problemas ocorrendo em uma s\u00e9rie de locais diferentes&#8221;, disse Jefferson Laatus, estrategista-chefe do Grupo Laatus.<\/p>\n<p><a href=\"https:\/\/lp.suno.com.br\/suno-one\/\">Suno One: acesse gratuitamente eBooks, Minicursos, Artigos e Video Aulas sobre investimentos com um \u00fanico cadastro. Clique para saber mais!<\/a><\/p>\n<p>Para o especialista, o cen\u00e1rio do d\u00f3lar at\u00e9 o fim do ano pode ser da casa dos R$ 5,90. &#8220;Trabalhamos com o cen\u00e1rio normal do d\u00f3lar a R$ 5,90. Hoje, a alta a amenizou um pouco pois o <strong>Banco Central<\/strong> vendeu d\u00f3lar \u00e0 vista. Mas n\u00e3o d\u00e1 para sozinho segurar no peito algo que \u00e9 global. Ent\u00e3o acreditamos que vai continuar subindo e chegar at\u00e9 a R$ 5,90&#8243;, afirmou.<br \/>\n\t<p>\n\t\t<a href=\"\" target=\"_blank\" data-element=\"shortcode-suno-banner\" title=\"Banner SUNO, clique e saiba mais\">\n\t\t\t<picture>\n\t\t\t\t<source media=\"(max-width: 500px)\" srcset=\"\">\n\t\t\t\t<img class=\"newsContent__article__imgCapa newsContent__article__imgCapa--banner\"\n\t\t\t\t\tsrc=\"\"\n\t\t\t\t\tdata-promo-id=\"92668\"\t\t\t\t\t\t\t\t\t\t\t\t\t\t\talt=\"\"\n\t\t\t\t>\n\t\t\t<\/picture>\n\t\t<\/a>\n\t<\/p>\n\n<br \/>\nPara Fernanda Consorte, Economista-chefe e estrategista de c\u00e2mbio do Banco Ourinvest, nesta semana todos os tr\u00eas pontos citados tiveram uma piora aos olhos dos investidores. Com isso eles retiraram d\u00f3lares do Brasil, aumentando a <strong>cota\u00e7\u00e3o<\/strong> do d\u00f3lar por aqui.<\/p>\n<p>&#8220;Est\u00e1 cada vez mais latente a necessidade de <strong><em>lockdown<\/em> <\/strong>em pa\u00edses da Europa, o mercado entende que a recupera\u00e7\u00e3o econ\u00f4mica n\u00e3o vir\u00e1. Semana que vem s\u00e3o as elei\u00e7\u00f5es nos Estados Unidos. Mesmo sem pandemia e quest\u00f5es fiscais, as elei\u00e7\u00f5es causam por si s\u00f3 stress no mundo todo&#8221;, disse.<\/p>\n<h3>Ru\u00eddos pol\u00edticos agravam cen\u00e1rio<\/h3>\n<p>&#8220;E ontem [ter\u00e7a-feira. 27], a cereja do bolo foram as falas do presidente da C\u00e2mara, Rodrigo Maia, indicando que a situa\u00e7\u00e3o no Congresso est\u00e1 dif\u00edcil pois voc\u00ea n\u00e3o tem uma dire\u00e7\u00e3o clara do governo&#8221;, afirmou.<\/p>\n<p>A tend\u00eancia da cota\u00e7\u00e3o do d\u00f3lar em alta deve continuar, segundo a estrategista de c\u00e2mbio do Banco Ourinvest. Mas, caso haja uma vacina contra o coronav\u00edrus, o d\u00f3lar pode voltar a um patamar pr\u00f3ximo dos R$ 5, gra\u00e7as \u00e0 queda da avers\u00e3o ao risco.<\/p>\n<p>&#8220;O meu cen\u00e1rio base \u00e9 que a vacina d\u00e1 certo, em algum momento do primeiro trimestre do ano que vem as pessoas come\u00e7am a ser vacinadas. E quando ocorrer isso a avers\u00e3o ao risco cai&#8221;, disse.<\/p>\n<h2>Coronav\u00edrus deve parar novamente a Europa<\/h2>\n<p>Al\u00e9m disso, as altas dos casos de coronav\u00edrus na Europa, principalmente em pa\u00edses como Fran\u00e7a, Alemanha e Reino Unido, pode fazer com que novos <em>lockdowns<\/em> sejam decretados para conter novas contamina\u00e7\u00f5es.<br \/>\n\t<p>\n\t\t<a href=\"\" target=\"_blank\" data-element=\"shortcode-suno-banner\" title=\"Banner SUNO, clique e saiba mais\">\n\t\t\t<picture>\n\t\t\t\t<source media=\"(max-width: 500px)\" srcset=\"\">\n\t\t\t\t<img class=\"newsContent__article__imgCapa newsContent__article__imgCapa--banner\"\n\t\t\t\t\tsrc=\"\"\n\t\t\t\t\tdata-promo-id=\"94862\"\t\t\t\t\t\t\t\t\t\t\t\t\t\t\talt=\"\"\n\t\t\t\t>\n\t\t\t<\/picture>\n\t\t<\/a>\n\t<\/p>\n\n\t<\/p>\n<p>&#8220;Europa tem a quest\u00e3o da nova onda do coronav\u00edrus, que todo mundo acreditava que n\u00e3o teria, mas ela chegou, principalmente entre Espanha, Fran\u00e7a&#8221;, disse Jefferson Laatus.<\/p>\n<p>Dessa forma, a<strong> atividade econ\u00f4mica<\/strong>, que dava sinais de melhora, deve ser novamente afetada, o que piora o humor dos agentes do mercado.<\/p>\n<p>&#8220;Isso \u00e9 terr\u00edvel em uma economia que j\u00e1 n\u00e3o estava bem. Os EUA tamb\u00e9m sofrem com coronav\u00edrus e come\u00e7am a ter v\u00e1rias restri\u00e7\u00f5es. Isso tamb\u00e9m \u00e9 muito ruim, principalmente em economias que j\u00e1 sofreram muito&#8221;, afirmou o analista.<\/p>\n<h2>Elei\u00e7\u00f5es nos EUA preocupam<\/h2>\n<p>Outro ponto de afli\u00e7\u00e3o do mercado s\u00e3o as elei\u00e7\u00f5es nos Estados Unidos. O evento, que normalmente j\u00e1 traz uma avers\u00e3o ao risco maior aos agentes do mercado, conta esse ano com novas vari\u00e1veis, como o coronav\u00edrus e o medo de uma n\u00e3o aceita\u00e7\u00e3o da derrota por algum dos lados.<\/p>\n<p>Para o banco Goldman Sachs, al\u00e9m desses fatores, a postura de alguns investidores reflete uma preocupa\u00e7\u00e3o com um aumento de impostos corporativos &#8211; proposta que o democrata Joe Biden deve levar adianta caso ven\u00e7a.<\/p>\n\t<div data-element=\"shortcode-read-more\" class=\"knowMore\">\n\t\t\t\t<span class=\"knowMore__title\">Saiba mais<\/span>\n\t\t\t\t<a class=\"knowMore__link\" href=\"https:\/\/www.suno.com.br\/noticias\/eleicoes-eua-10-acoes-ficar-olho\/\">\n\t\t\tElei\u00e7\u00f5es nos EUA: 10 a\u00e7\u00f5es americanas para ficar de olho\t\t<\/a>\n\t<\/div>\n\n\n<p>&#8220;Em primeiro lugar, v\u00e1rios investidores est\u00e3o preocupados que algumas consequ\u00eancias pol\u00edticas de um problema democr\u00e1tico &#8211; talvez o mais importante, a perspectiva de um aumento dos impostos corporativos pode levar a uma queda acentuada nos principais \u00edndices de a\u00e7\u00f5es dos EUA, em menos a curto prazo, e que isso poderia, por sua vez, impactar\u00a0 negativamente os ativos&#8221;, disse o banco, em nota.<\/p>\n<p>&#8220;Em segundo lugar, alguns investidores est\u00e3o preocupados com o potencial para um aumento significativo nos gastos fiscais dos EUA&#8221;, informou, em relat\u00f3rio, o Goldman.<\/p>\n<h2>Ru\u00eddos pol\u00edticos e fiscais brasileiro tamb\u00e9m afetam d\u00f3lar<\/h2>\n<p>Al\u00e9m dos problemas externos, o real tamb\u00e9m se desvaloriza perante o d\u00f3lar gra\u00e7as a <strong>ru\u00eddos<\/strong> internos do governo Bolsonaro.<br \/>\n<div class=\"hubspot-form-wrapper\">\n\t<div id=\"single-form-target\"><\/div>\n<\/div>\n<\/p>\n<p>Agentes do mercado se preocupam sobre como o Pa\u00eds poder\u00e1 pagar pelo Renda Brasil, o programa social do governo que dever\u00e1 substituir o Bolsa Fam\u00edlia e o <strong>coronavoucher<\/strong>.<\/p>\n<p>&#8220;J\u00e1 temos problemas fiscais, preocupa\u00e7\u00f5es com auxilio emergencial, novos programas sociais, e para colaborar com isso temos problemas de atrito com governadores, com o presidente Maia. Tudo isso traz uma mega <strong>inseguran\u00e7a<\/strong> para os investidores&#8221;, disse Jefferson Laatus, estrategista-chefe do Grupo Laatus.<\/p>\n<p>&#8220;O mundo j\u00e1 est\u00e1 complicado e aqui n\u00f3s com <strong>juros baixos<\/strong>, ent\u00e3o n\u00e3o \u00e9 atrativo ao investidor. Temos um teto de gasto fr\u00e1gil, Tesouro n\u00e3o consegue se capitalizar, e tamb\u00e9m temos ru\u00eddos pol\u00edticos&#8221;, concluiu.<\/p>\n<p>Na ter\u00e7a-feira (27), o presidente da C\u00e2mara, Rodrigo Maia, criticou os partidos da base governista por obstru\u00edrem as pautas na casa.<\/p>\n<p>\u201cN\u00e3o sou eu que estou obstruindo, \u00e9 a base do governo. Se o governo n\u00e3o tem interesse nas medidas provis\u00f3rias, eu n\u00e3o tenho o que fazer. Eu pauto, a base obstrui, eu cancelo a sess\u00e3o. Infelizmente, \u00e9 assim. Eu espero que, quando tivermos que votar a PEC Proposta de Emenda \u00e0 Constitui\u00e7\u00e3o emergencial, a reforma tribut\u00e1ria, que o governo tenha mais interesse e a pr\u00f3pria base tire a obstru\u00e7\u00e3o da pauta da C\u00e2mara\u201d, disse.<\/p>\n<p>As consequ\u00eancias recaem sobre a cota\u00e7\u00e3o do <strong>d\u00f3lar<\/strong>, que sobe forte nesta quarta-feira (28), quando encostou nos R$ 5,80.<\/p>\n\t<p>\n\t\t<a href=\"https:\/\/lp.suno.com.br\/planilha-de-controle-de-investimentos\/\" target=\"_blank\" data-element=\"shortcode-suno-banner\" title=\"Banner SUNO, clique e saiba mais\">\n\t\t\t<picture>\n\t\t\t\t<source media=\"(max-width: 500px)\" srcset=\"https:\/\/files.sunoresearch.com.br\/n\/uploads\/2023\/03\/400x300-Controle-de-Investimentos.png\">\n\t\t\t\t<img class=\"newsContent__article__imgCapa newsContent__article__imgCapa--banner\"\n\t\t\t\t\tsrc=\"https:\/\/files.sunoresearch.com.br\/n\/uploads\/2023\/03\/1420x240-Controle-de-Investimentos.png\"\n\t\t\t\t\tdata-promo-id=\"75934\"\t\t\t\t\t\t\t\t\t\twidth='1420' height='240'\t\t\t\t\talt=\"https:\/\/files.sunoresearch.com.br\/n\/uploads\/2023\/03\/1420x240-Controle-de-Investimentos.png\"\n\t\t\t\t>\n\t\t\t<\/picture>\n\t\t<\/a>\n\t<\/p>\n\n\n","protected":false},"excerpt":{"rendered":"<p>.A cota\u00e7\u00e3o do d\u00f3lar, que chegou pr\u00f3ximo aos R$ 5,80 nesta quarta-feira (28), deve permanecer por mais tempo e poder\u00e1 fazer com que a moeda americana se aproxime dos R$ 6 at\u00e9 o final do ano, segundo especialistas ouvidos pelo SUNO Not\u00edcias. Por volta das 9h50, nesta quinta-feira (12), o d\u00f3lar operava em queda de [&hellip;]<\/p>\n","protected":false},"author":27,"featured_media":91442,"comment_status":"closed","ping_status":"closed","sticky":false,"template":"","format":"standard","meta":[],"categories":[60],"tags":[1853,326,697,31998],"suno_strategy":[],"class_list":["post-95369","post","type-post","status-publish","format-standard","has-post-thumbnail","hentry","category-mercado","tag-cambio","tag-dolar","tag-eleicoes","tag-real"],"yoast_head":"<!-- This site is optimized with the Yoast SEO plugin v24.4 - https:\/\/yoast.com\/wordpress\/plugins\/seo\/ -->\n<title>D\u00f3lar: &quot;tempestade perfeita&quot; pode levar moeda pr\u00f3xima dos R$ 6<\/title>\n<meta name=\"description\" content=\"Para especialistas, d\u00f3lar pode atingir patamar dos R$ 6 com combina\u00e7\u00e3o de coronav\u00edrus, elei\u00e7\u00f5es nos EUA e ru\u00eddos no Brasil. Clique para ler.\" \/>\n<meta name=\"robots\" content=\"index, follow, max-snippet:-1, max-image-preview:large, max-video-preview:-1\" \/>\n<link rel=\"canonical\" href=\"https:\/\/www.suno.com.br\/noticias\/qual-a-tendencia-para-a-cotacao-do-dolar-ate-o-final-de-2020\/\" \/>\n<meta property=\"og:locale\" content=\"pt_BR\" \/>\n<meta property=\"og:type\" content=\"article\" \/>\n<meta property=\"og:title\" content=\"D\u00f3lar: &quot;tempestade perfeita&quot; pode levar moeda pr\u00f3xima dos R$ 6\" \/>\n<meta property=\"og:description\" content=\"Para especialistas, d\u00f3lar pode atingir patamar dos R$ 6 com combina\u00e7\u00e3o de coronav\u00edrus, elei\u00e7\u00f5es nos EUA e ru\u00eddos no Brasil. Clique para ler.\" \/>\n<meta property=\"og:url\" content=\"https:\/\/www.suno.com.br\/noticias\/qual-a-tendencia-para-a-cotacao-do-dolar-ate-o-final-de-2020\/\" \/>\n<meta property=\"og:site_name\" content=\"Suno Not\u00edcias\" \/>\n<meta property=\"article:publisher\" content=\"https:\/\/facebook.com\/sunoresearch\" \/>\n<meta property=\"og:image\" content=\"https:\/\/files.sunoresearch.com.br\/n\/uploads\/2020\/10\/5d423f97-dolar.jpg\" \/>\n\t<meta property=\"og:image:width\" content=\"960\" \/>\n\t<meta property=\"og:image:height\" content=\"540\" \/>\n\t<meta property=\"og:image:type\" content=\"image\/jpeg\" \/>\n<meta name=\"author\" content=\"Vinicius Pereira\" \/>\n<meta name=\"twitter:card\" content=\"summary_large_image\" \/>\n<meta name=\"twitter:creator\" content=\"@https:\/\/twitter.com\/viniciuspjornal\" \/>\n<meta name=\"twitter:site\" content=\"@sunoresearch\" \/>\n<meta name=\"twitter:label1\" content=\"Escrito por\" \/>\n\t<meta name=\"twitter:data1\" content=\"Vinicius Pereira\" \/>\n\t<meta name=\"twitter:label2\" content=\"Est. tempo de leitura\" \/>\n\t<meta name=\"twitter:data2\" content=\"6 minutos\" \/>\n<script type=\"application\/ld+json\" class=\"yoast-schema-graph\">{\"@context\":\"https:\/\/schema.org\",\"@graph\":[{\"@type\":\"NewsArticle\",\"@id\":\"https:\/\/www.suno.com.br\/noticias\/qual-a-tendencia-para-a-cotacao-do-dolar-ate-o-final-de-2020\/#article\",\"isPartOf\":{\"@id\":\"https:\/\/www.suno.com.br\/noticias\/qual-a-tendencia-para-a-cotacao-do-dolar-ate-o-final-de-2020\/\"},\"author\":{\"name\":\"Vinicius Pereira\",\"@id\":\"https:\/\/www.suno.com.br\/noticias\/#\/schema\/person\/a20761b96e4df7eb57f1f9e41be1dbf3\"},\"headline\":\"Qual a tend\u00eancia para a cota\u00e7\u00e3o do d\u00f3lar at\u00e9 o final de 2020?\",\"datePublished\":\"2020-10-28T18:13:30+00:00\",\"dateModified\":\"2021-05-29T23:39:42+00:00\",\"mainEntityOfPage\":{\"@id\":\"https:\/\/www.suno.com.br\/noticias\/qual-a-tendencia-para-a-cotacao-do-dolar-ate-o-final-de-2020\/\"},\"wordCount\":1118,\"publisher\":{\"@id\":\"https:\/\/www.suno.com.br\/noticias\/#organization\"},\"image\":{\"@id\":\"https:\/\/www.suno.com.br\/noticias\/qual-a-tendencia-para-a-cotacao-do-dolar-ate-o-final-de-2020\/#primaryimage\"},\"thumbnailUrl\":\"https:\/\/files.sunoresearch.com.br\/n\/uploads\/2020\/10\/5d423f97-dolar-jpg.webp\",\"keywords\":[\"c\u00e2mbio\",\"d\u00f3lar\",\"Elei\u00e7\u00f5es\",\"real\"],\"articleSection\":[\"Mercado\"],\"inLanguage\":\"pt-BR\"},{\"@type\":\"WebPage\",\"@id\":\"https:\/\/www.suno.com.br\/noticias\/qual-a-tendencia-para-a-cotacao-do-dolar-ate-o-final-de-2020\/\",\"url\":\"https:\/\/www.suno.com.br\/noticias\/qual-a-tendencia-para-a-cotacao-do-dolar-ate-o-final-de-2020\/\",\"name\":\"D\u00f3lar: \\\"tempestade perfeita\\\" pode levar moeda pr\u00f3xima dos R$ 6\",\"isPartOf\":{\"@id\":\"https:\/\/www.suno.com.br\/noticias\/#website\"},\"primaryImageOfPage\":{\"@id\":\"https:\/\/www.suno.com.br\/noticias\/qual-a-tendencia-para-a-cotacao-do-dolar-ate-o-final-de-2020\/#primaryimage\"},\"image\":{\"@id\":\"https:\/\/www.suno.com.br\/noticias\/qual-a-tendencia-para-a-cotacao-do-dolar-ate-o-final-de-2020\/#primaryimage\"},\"thumbnailUrl\":\"https:\/\/files.sunoresearch.com.br\/n\/uploads\/2020\/10\/5d423f97-dolar-jpg.webp\",\"datePublished\":\"2020-10-28T18:13:30+00:00\",\"dateModified\":\"2021-05-29T23:39:42+00:00\",\"description\":\"Para especialistas, d\u00f3lar pode atingir patamar dos R$ 6 com combina\u00e7\u00e3o de coronav\u00edrus, elei\u00e7\u00f5es nos EUA e ru\u00eddos no Brasil. Clique para ler.\",\"breadcrumb\":{\"@id\":\"https:\/\/www.suno.com.br\/noticias\/qual-a-tendencia-para-a-cotacao-do-dolar-ate-o-final-de-2020\/#breadcrumb\"},\"inLanguage\":\"pt-BR\",\"potentialAction\":[{\"@type\":\"ReadAction\",\"target\":[\"https:\/\/www.suno.com.br\/noticias\/qual-a-tendencia-para-a-cotacao-do-dolar-ate-o-final-de-2020\/\"]}]},{\"@type\":\"ImageObject\",\"inLanguage\":\"pt-BR\",\"@id\":\"https:\/\/www.suno.com.br\/noticias\/qual-a-tendencia-para-a-cotacao-do-dolar-ate-o-final-de-2020\/#primaryimage\",\"url\":\"https:\/\/files.sunoresearch.com.br\/n\/uploads\/2020\/10\/5d423f97-dolar-jpg.webp\",\"contentUrl\":\"https:\/\/files.sunoresearch.com.br\/n\/uploads\/2020\/10\/5d423f97-dolar-jpg.webp\",\"width\":960,\"height\":540,\"caption\":\"Por volta das 9h50, nesta quinta-feira (12), o d\u00f3lar operava em queda de 0,16%, negociado a R$ 5,3826.\"},{\"@type\":\"BreadcrumbList\",\"@id\":\"https:\/\/www.suno.com.br\/noticias\/qual-a-tendencia-para-a-cotacao-do-dolar-ate-o-final-de-2020\/#breadcrumb\",\"itemListElement\":[{\"@type\":\"ListItem\",\"position\":1,\"name\":\"Not\u00edcias\",\"item\":\"https:\/\/www.suno.com.br\/noticias\/\"},{\"@type\":\"ListItem\",\"position\":2,\"name\":\"Mercado\",\"item\":\"https:\/\/www.suno.com.br\/noticias\/mercado\/\"},{\"@type\":\"ListItem\",\"position\":3,\"name\":\"Qual a tend\u00eancia para a cota\u00e7\u00e3o do d\u00f3lar at\u00e9 o final de 2020?\"}]},{\"@type\":\"WebSite\",\"@id\":\"https:\/\/www.suno.com.br\/noticias\/#website\",\"url\":\"https:\/\/www.suno.com.br\/noticias\/\",\"name\":\"Suno Not\u00edcias\",\"description\":\"Seu portal de informa\u00e7\u00e3o sobre o mundo dos investimentos\",\"publisher\":{\"@id\":\"https:\/\/www.suno.com.br\/noticias\/#organization\"},\"potentialAction\":[{\"@type\":\"SearchAction\",\"target\":{\"@type\":\"EntryPoint\",\"urlTemplate\":\"https:\/\/www.suno.com.br\/noticias\/?s={search_term_string}\"},\"query-input\":{\"@type\":\"PropertyValueSpecification\",\"valueRequired\":true,\"valueName\":\"search_term_string\"}}],\"inLanguage\":\"pt-BR\"},{\"@type\":\"Organization\",\"@id\":\"https:\/\/www.suno.com.br\/noticias\/#organization\",\"name\":\"Suno Not\u00edcias\",\"url\":\"https:\/\/www.suno.com.br\/noticias\/\",\"logo\":{\"@type\":\"ImageObject\",\"inLanguage\":\"pt-BR\",\"@id\":\"https:\/\/www.suno.com.br\/noticias\/#\/schema\/logo\/image\/\",\"url\":\"https:\/\/files.sunoresearch.com.br\/n\/uploads\/2021\/09\/suno-logo.png\",\"contentUrl\":\"https:\/\/files.sunoresearch.com.br\/n\/uploads\/2021\/09\/suno-logo.png\",\"width\":180,\"height\":180,\"caption\":\"Suno Not\u00edcias\"},\"image\":{\"@id\":\"https:\/\/www.suno.com.br\/noticias\/#\/schema\/logo\/image\/\"},\"sameAs\":[\"https:\/\/facebook.com\/sunoresearch\",\"https:\/\/x.com\/sunoresearch\",\"https:\/\/www.instagram.com\/suno\",\"https:\/\/www.linkedin.com\/company\/suno-research\/\",\"https:\/\/www.youtube.com\/c\/sunoresearch\"]},{\"@type\":\"Person\",\"@id\":\"https:\/\/www.suno.com.br\/noticias\/#\/schema\/person\/a20761b96e4df7eb57f1f9e41be1dbf3\",\"name\":\"Vinicius Pereira\",\"image\":{\"@type\":\"ImageObject\",\"inLanguage\":\"pt-BR\",\"@id\":\"https:\/\/www.suno.com.br\/noticias\/#\/schema\/person\/image\/\",\"url\":\"https:\/\/secure.gravatar.com\/avatar\/783866b933198f5cc4c5d03fcc8b1301?s=96&r=g\",\"contentUrl\":\"https:\/\/secure.gravatar.com\/avatar\/783866b933198f5cc4c5d03fcc8b1301?s=96&r=g\",\"caption\":\"Vinicius Pereira\"},\"description\":\"Vinicius Pereira foi rep\u00f3rter de economia da Folha de S.Paulo, stringer do jornal no Canad\u00e1 e colaborador de VEJA. J\u00e1 escreveu tamb\u00e9m para BBC Brasil, The Intercept Brasil e UOL. Tem MBA em Informa\u00e7\u00f5es Econ\u00f4mico-Financeiras e Mercado de Capitais pela FIA\/B3.\",\"sameAs\":[\"https:\/\/x.com\/https:\/\/twitter.com\/viniciuspjornal\"],\"url\":\"https:\/\/www.suno.com.br\/noticias\/author\/vinicius-pereira\/\"}]}<\/script>\n<!-- \/ Yoast SEO plugin. -->","yoast_head_json":{"title":"D\u00f3lar: \"tempestade perfeita\" pode levar moeda pr\u00f3xima dos R$ 6","description":"Para especialistas, d\u00f3lar pode atingir patamar dos R$ 6 com combina\u00e7\u00e3o de coronav\u00edrus, elei\u00e7\u00f5es nos EUA e ru\u00eddos no Brasil. Clique para ler.","robots":{"index":"index","follow":"follow","max-snippet":"max-snippet:-1","max-image-preview":"max-image-preview:large","max-video-preview":"max-video-preview:-1"},"canonical":"https:\/\/www.suno.com.br\/noticias\/qual-a-tendencia-para-a-cotacao-do-dolar-ate-o-final-de-2020\/","og_locale":"pt_BR","og_type":"article","og_title":"D\u00f3lar: \"tempestade perfeita\" pode levar moeda pr\u00f3xima dos R$ 6","og_description":"Para especialistas, d\u00f3lar pode atingir patamar dos R$ 6 com combina\u00e7\u00e3o de coronav\u00edrus, elei\u00e7\u00f5es nos EUA e ru\u00eddos no Brasil. Clique para ler.","og_url":"https:\/\/www.suno.com.br\/noticias\/qual-a-tendencia-para-a-cotacao-do-dolar-ate-o-final-de-2020\/","og_site_name":"Suno Not\u00edcias","article_publisher":"https:\/\/facebook.com\/sunoresearch","og_image":[{"width":960,"height":540,"url":"https:\/\/files.sunoresearch.com.br\/n\/uploads\/2020\/10\/5d423f97-dolar.jpg","type":"image\/jpeg"}],"author":"Vinicius Pereira","twitter_card":"summary_large_image","twitter_creator":"@https:\/\/twitter.com\/viniciuspjornal","twitter_site":"@sunoresearch","twitter_misc":{"Escrito por":"Vinicius Pereira","Est. tempo de leitura":"6 minutos"},"schema":{"@context":"https:\/\/schema.org","@graph":[{"@type":"NewsArticle","@id":"https:\/\/www.suno.com.br\/noticias\/qual-a-tendencia-para-a-cotacao-do-dolar-ate-o-final-de-2020\/#article","isPartOf":{"@id":"https:\/\/www.suno.com.br\/noticias\/qual-a-tendencia-para-a-cotacao-do-dolar-ate-o-final-de-2020\/"},"author":{"name":"Vinicius Pereira","@id":"https:\/\/www.suno.com.br\/noticias\/#\/schema\/person\/a20761b96e4df7eb57f1f9e41be1dbf3"},"headline":"Qual a tend\u00eancia para a cota\u00e7\u00e3o do d\u00f3lar at\u00e9 o final de 2020?","datePublished":"2020-10-28T18:13:30+00:00","dateModified":"2021-05-29T23:39:42+00:00","mainEntityOfPage":{"@id":"https:\/\/www.suno.com.br\/noticias\/qual-a-tendencia-para-a-cotacao-do-dolar-ate-o-final-de-2020\/"},"wordCount":1118,"publisher":{"@id":"https:\/\/www.suno.com.br\/noticias\/#organization"},"image":{"@id":"https:\/\/www.suno.com.br\/noticias\/qual-a-tendencia-para-a-cotacao-do-dolar-ate-o-final-de-2020\/#primaryimage"},"thumbnailUrl":"https:\/\/files.sunoresearch.com.br\/n\/uploads\/2020\/10\/5d423f97-dolar-jpg.webp","keywords":["c\u00e2mbio","d\u00f3lar","Elei\u00e7\u00f5es","real"],"articleSection":["Mercado"],"inLanguage":"pt-BR"},{"@type":"WebPage","@id":"https:\/\/www.suno.com.br\/noticias\/qual-a-tendencia-para-a-cotacao-do-dolar-ate-o-final-de-2020\/","url":"https:\/\/www.suno.com.br\/noticias\/qual-a-tendencia-para-a-cotacao-do-dolar-ate-o-final-de-2020\/","name":"D\u00f3lar: \"tempestade perfeita\" pode levar moeda pr\u00f3xima dos R$ 6","isPartOf":{"@id":"https:\/\/www.suno.com.br\/noticias\/#website"},"primaryImageOfPage":{"@id":"https:\/\/www.suno.com.br\/noticias\/qual-a-tendencia-para-a-cotacao-do-dolar-ate-o-final-de-2020\/#primaryimage"},"image":{"@id":"https:\/\/www.suno.com.br\/noticias\/qual-a-tendencia-para-a-cotacao-do-dolar-ate-o-final-de-2020\/#primaryimage"},"thumbnailUrl":"https:\/\/files.sunoresearch.com.br\/n\/uploads\/2020\/10\/5d423f97-dolar-jpg.webp","datePublished":"2020-10-28T18:13:30+00:00","dateModified":"2021-05-29T23:39:42+00:00","description":"Para especialistas, d\u00f3lar pode atingir patamar dos R$ 6 com combina\u00e7\u00e3o de coronav\u00edrus, elei\u00e7\u00f5es nos EUA e ru\u00eddos no Brasil. Clique para ler.","breadcrumb":{"@id":"https:\/\/www.suno.com.br\/noticias\/qual-a-tendencia-para-a-cotacao-do-dolar-ate-o-final-de-2020\/#breadcrumb"},"inLanguage":"pt-BR","potentialAction":[{"@type":"ReadAction","target":["https:\/\/www.suno.com.br\/noticias\/qual-a-tendencia-para-a-cotacao-do-dolar-ate-o-final-de-2020\/"]}]},{"@type":"ImageObject","inLanguage":"pt-BR","@id":"https:\/\/www.suno.com.br\/noticias\/qual-a-tendencia-para-a-cotacao-do-dolar-ate-o-final-de-2020\/#primaryimage","url":"https:\/\/files.sunoresearch.com.br\/n\/uploads\/2020\/10\/5d423f97-dolar-jpg.webp","contentUrl":"https:\/\/files.sunoresearch.com.br\/n\/uploads\/2020\/10\/5d423f97-dolar-jpg.webp","width":960,"height":540,"caption":"Por volta das 9h50, nesta quinta-feira (12), o d\u00f3lar operava em queda de 0,16%, negociado a R$ 5,3826."},{"@type":"BreadcrumbList","@id":"https:\/\/www.suno.com.br\/noticias\/qual-a-tendencia-para-a-cotacao-do-dolar-ate-o-final-de-2020\/#breadcrumb","itemListElement":[{"@type":"ListItem","position":1,"name":"Not\u00edcias","item":"https:\/\/www.suno.com.br\/noticias\/"},{"@type":"ListItem","position":2,"name":"Mercado","item":"https:\/\/www.suno.com.br\/noticias\/mercado\/"},{"@type":"ListItem","position":3,"name":"Qual a tend\u00eancia para a cota\u00e7\u00e3o do d\u00f3lar at\u00e9 o final de 2020?"}]},{"@type":"WebSite","@id":"https:\/\/www.suno.com.br\/noticias\/#website","url":"https:\/\/www.suno.com.br\/noticias\/","name":"Suno Not\u00edcias","description":"Seu portal de informa\u00e7\u00e3o sobre o mundo dos investimentos","publisher":{"@id":"https:\/\/www.suno.com.br\/noticias\/#organization"},"potentialAction":[{"@type":"SearchAction","target":{"@type":"EntryPoint","urlTemplate":"https:\/\/www.suno.com.br\/noticias\/?s={search_term_string}"},"query-input":{"@type":"PropertyValueSpecification","valueRequired":true,"valueName":"search_term_string"}}],"inLanguage":"pt-BR"},{"@type":"Organization","@id":"https:\/\/www.suno.com.br\/noticias\/#organization","name":"Suno Not\u00edcias","url":"https:\/\/www.suno.com.br\/noticias\/","logo":{"@type":"ImageObject","inLanguage":"pt-BR","@id":"https:\/\/www.suno.com.br\/noticias\/#\/schema\/logo\/image\/","url":"https:\/\/files.sunoresearch.com.br\/n\/uploads\/2021\/09\/suno-logo.png","contentUrl":"https:\/\/files.sunoresearch.com.br\/n\/uploads\/2021\/09\/suno-logo.png","width":180,"height":180,"caption":"Suno Not\u00edcias"},"image":{"@id":"https:\/\/www.suno.com.br\/noticias\/#\/schema\/logo\/image\/"},"sameAs":["https:\/\/facebook.com\/sunoresearch","https:\/\/x.com\/sunoresearch","https:\/\/www.instagram.com\/suno","https:\/\/www.linkedin.com\/company\/suno-research\/","https:\/\/www.youtube.com\/c\/sunoresearch"]},{"@type":"Person","@id":"https:\/\/www.suno.com.br\/noticias\/#\/schema\/person\/a20761b96e4df7eb57f1f9e41be1dbf3","name":"Vinicius Pereira","image":{"@type":"ImageObject","inLanguage":"pt-BR","@id":"https:\/\/www.suno.com.br\/noticias\/#\/schema\/person\/image\/","url":"https:\/\/secure.gravatar.com\/avatar\/783866b933198f5cc4c5d03fcc8b1301?s=96&r=g","contentUrl":"https:\/\/secure.gravatar.com\/avatar\/783866b933198f5cc4c5d03fcc8b1301?s=96&r=g","caption":"Vinicius Pereira"},"description":"Vinicius Pereira foi rep\u00f3rter de economia da Folha de S.Paulo, stringer do jornal no Canad\u00e1 e colaborador de VEJA. J\u00e1 escreveu tamb\u00e9m para BBC Brasil, The Intercept Brasil e UOL. Tem MBA em Informa\u00e7\u00f5es Econ\u00f4mico-Financeiras e Mercado de Capitais pela FIA\/B3.","sameAs":["https:\/\/x.com\/https:\/\/twitter.com\/viniciuspjornal"],"url":"https:\/\/www.suno.com.br\/noticias\/author\/vinicius-pereira\/"}]}},"default_loop_html":"<div class=\"cardsPage__listCard__boxs\"><div class=\"cardsPage__listCard__boxs__img\"><a href=\"https:\/\/www.suno.com.br\/noticias\/qual-a-tendencia-para-a-cotacao-do-dolar-ate-o-final-de-2020\/\"><img class=\"mask\" src=\"https:\/\/www.suno.com.br\/noticias\/wp-content\/themes\/suno\/resources\/images\/spotlight\/spotlight1img\/bg-mask.png\" alt=\"Image Mask\"\/><img src=\"https:\/\/files.sunoresearch.com.br\/n\/uploads\/2020\/10\/5d423f97-dolar-400x200.webp\" alt=\"Qual a tend\u00eancia para a cota\u00e7\u00e3o do d\u00f3lar at\u00e9 o final de 2020?\"\/><\/a><span class=\"spotlightCategory\"><a href=\"https:\/\/www.suno.com.br\/noticias\/mercado\/\">Mercado<\/a><\/span><\/div><div class=\"cardsPage__listCard__boxs__content\"><a href=\"https:\/\/www.suno.com.br\/noticias\/qual-a-tendencia-para-a-cotacao-do-dolar-ate-o-final-de-2020\/\"><h2 class=\"content__title\">Qual a tend\u00eancia para a cota\u00e7\u00e3o do d\u00f3lar at\u00e9 o final de 2020?<\/h2><\/a><div class=\"newsContent__article__meta\"><div class=\"newsContent__article__meta__authorBox\"><a href=\"https:\/\/www.suno.com.br\/noticias\/author\/vinicius-pereira\/\" class=\"authorBox__avatar noMobi\"><img src=\"https:\/\/files.sunoresearch.com.br\/n\/uploads\/2020\/08\/77510613-whatsapp-image-2020-08-03-at-13.40.40-150x150.webp\" alt=\"Vinicius Pereira\"><\/a><div class=\"authorBox__name\"><span>por\n\t\t\t<a href=\"https:\/\/www.suno.com.br\/noticias\/author\/vinicius-pereira\/\"><span itemprop=\"author\">Vinicius Pereira<\/span><\/a><\/span><time datetime=\"2020-10-28T15:13:30-03:00\" itemprop=\"datePublished\">28\/10\/2020 15:13<\/time><\/div><\/div><\/div><\/div><\/div>","single_layout":"posts","amp_enabled":true,"_links":{"self":[{"href":"https:\/\/www.suno.com.br\/noticias\/wp-json\/wp\/v2\/posts\/95369"}],"collection":[{"href":"https:\/\/www.suno.com.br\/noticias\/wp-json\/wp\/v2\/posts"}],"about":[{"href":"https:\/\/www.suno.com.br\/noticias\/wp-json\/wp\/v2\/types\/post"}],"author":[{"embeddable":true,"href":"https:\/\/www.suno.com.br\/noticias\/wp-json\/wp\/v2\/users\/27"}],"replies":[{"embeddable":true,"href":"https:\/\/www.suno.com.br\/noticias\/wp-json\/wp\/v2\/comments?post=95369"}],"version-history":[{"count":1,"href":"https:\/\/www.suno.com.br\/noticias\/wp-json\/wp\/v2\/posts\/95369\/revisions"}],"predecessor-version":[{"id":152223,"href":"https:\/\/www.suno.com.br\/noticias\/wp-json\/wp\/v2\/posts\/95369\/revisions\/152223"}],"wp:featuredmedia":[{"embeddable":true,"href":"https:\/\/www.suno.com.br\/noticias\/wp-json\/wp\/v2\/media\/91442"}],"wp:attachment":[{"href":"https:\/\/www.suno.com.br\/noticias\/wp-json\/wp\/v2\/media?parent=95369"}],"wp:term":[{"taxonomy":"category","embeddable":true,"href":"https:\/\/www.suno.com.br\/noticias\/wp-json\/wp\/v2\/categories?post=95369"},{"taxonomy":"post_tag","embeddable":true,"href":"https:\/\/www.suno.com.br\/noticias\/wp-json\/wp\/v2\/tags?post=95369"},{"taxonomy":"suno_strategy","embeddable":true,"href":"https:\/\/www.suno.com.br\/noticias\/wp-json\/wp\/v2\/suno_strategy?post=95369"}],"curies":[{"name":"wp","href":"https:\/\/api.w.org\/{rel}","templated":true}]}}