{"id":95323,"date":"2020-10-28T11:50:54","date_gmt":"2020-10-28T14:50:54","guid":{"rendered":"https:\/\/www.suno.com.br\/noticias\/?p=95323"},"modified":"2020-10-28T11:50:54","modified_gmt":"2020-10-28T14:50:54","slug":"dolar-5-80-aereas-forte-queda-b3","status":"publish","type":"post","link":"https:\/\/www.suno.com.br\/noticias\/dolar-5-80-aereas-forte-queda-b3\/","title":{"rendered":"D\u00f3lar se aproxima de R$ 5,80; a\u00e9reas t\u00eam forte queda na B3"},"content":{"rendered":"<p>O <a href=\"https:\/\/www.suno.com.br\/artigos\/dolar\/\"><strong>d\u00f3lar<\/strong><\/a> negocia em forte alta na manh\u00e3 desta quarta-feira (28). Por volta das 11h05, a moeda norte-americana era negociada a R$ 5,73 na venda, com um avan\u00e7o 0,5%. A alta chegou a ser de 1% no in\u00edcio do preg\u00e3o, levando o d\u00f3lar a R$ 5,79, patamar mais alto desde maio. Em fun\u00e7\u00e3o disso, entre outros fatores, as companhias \u00e1reas sofrem na <a href=\"https:\/\/www.suno.com.br\/artigos\/b3\/\">Bolsa de Valores de S\u00e3o Paulo (B3)<\/a>.<\/p>\t<div class=\"wrapper-featured-image\">\n\t\t<figure class=\"spotlightImg\">\n\n\t\t\t<picture>\n\t\t\t\t<source media=\"(max-width: 768px)\" srcset=\"https:\/\/files.sunoresearch.com.br\/n\/uploads\/2020\/10\/8dcb9625-gettyimages-200275642-001-1-2-400x200.webp\">\n\t\t\t\t<img loading=\"lazy\" decoding=\"async\" class=\"newsContent__article__imgCapa lazyloadDisabled \" src=\"https:\/\/files.sunoresearch.com.br\/n\/uploads\/2020\/10\/8dcb9625-gettyimages-200275642-001-1-2-800x450.webp\" width=\"800\" height=\"450\" alt=\"D\u00f3lar se aproxima de R$ 5,80; a\u00e9reas t\u00eam forte queda na B3\" fetchpriority=high \/>\n\t\t\t<\/picture>\n\n\t\t\t<figcaption class=\"wp-caption-text wp-caption-text--show\">Na \u00faltima sess\u00e3o, segunda-feira (9), o d\u00f3lar\u00a0encerrou em queda de 0,04%, negociado a R$ 5,391.<\/figcaption>\n\t\t<\/figure>\n\t<\/div>\n\n\n<div class=\"hubspot-form-wrapper\">\n\t<div id=\"single-form-target\"><\/div>\n<\/div>\n\n<p>Enquanto a <a href=\"https:\/\/www.suno.com.br\/acoes\/azul4\/\"><strong>Azul<\/strong> (AZUL4)<\/a>, por volta do mesmo hor\u00e1rio, operava em queda de 5,72%, a R$ 24,40, a <a href=\"https:\/\/www.suno.com.br\/acoes\/goll4\/\"><strong>Gol<\/strong> (GOLL4)<\/a> ca\u00eda 5,11%, para R$ 17,66. A alta do d\u00f3lar exerce forte influ\u00eancia sobre os custos de combust\u00edvel (querosene de avia\u00e7\u00e3o), arrendamento, manuten\u00e7\u00e3o e seguro de aeronaves.<\/p>\n<p>Nas companhias em quest\u00e3o, os combust\u00edveis representam de 30% a 45% dos custos operacionais de cada voo. O d\u00f3lar, por sua vez, \u00e9 utilizado como refer\u00eancia em cerca de 60% das despesas operacionais &#8212; incluindo o <strong>petr\u00f3leo<\/strong>, <a href=\"https:\/\/www.suno.com.br\/noticias\/petroleo-cai-3-aumento-oferta-coronavirus\/\">que opera em forte queda nesta quarta-feira<\/a>, j\u00e1 que \u00e9 negociado com a moeda norte-americana.<\/p>\n<p><a href=\"https:\/\/lp.suno.com.br\/suno-one\/\">No Suno One voc\u00ea aprende a fazer seu dinheiro trabalhar para voc\u00ea. Cadastre-se gratuitamente agora!<\/a><\/p>\n<h2>Coronav\u00edrus tamb\u00e9m pesa sobre os pap\u00e9is<\/h2>\n<p>Al\u00e9m disso, um dos maiores fatores que derrubam as a\u00e7\u00f5es das companhias a\u00e9reas neste preg\u00e3o &#8212; <a href=\"https:\/\/www.suno.com.br\/noticias\/ibovespa-coronavirus-pandemia-copom-selic-inflacao-28102020\/\">e de todo o <strong>Ibovespa<\/strong><\/a>, que opera em baixa 2,8% &#8211;, \u00e9 o avan\u00e7o da pandemia do <a href=\"https:\/\/www.suno.com.br\/noticias\/?s=coronav%C3%ADrus\">novo <strong>coronav\u00edrus<\/strong> (Covid-19)<\/a>, principalmente nos Estados Unidos e na Europa.<\/p>\n<p>Os investidores mostram-se preocupados com as medidas restritivas frente \u00e0 doen\u00e7a, que podem influenciar a fr\u00e1gil tentativa de recupera\u00e7\u00e3o econ\u00f4mica global.<\/p>\n<p>Na \u00faltima ter\u00e7a-feira (27), os Estados Unidos registraram novos 73.200 casos, segundo dados da Universidade John Hopkins. Ontem, a chanceler da Alemanha, <strong>Angela Merkel<\/strong>, prop\u00f4s fechar bares e restaurantes por um m\u00eas para estancar a dissemina\u00e7\u00e3o do v\u00edrus. Os mercados europeus observaram um forte movimento de venda em a\u00e7\u00f5es de empresas de viagens e des bancos. <a href=\"https:\/\/www.suno.com.br\/noticias\/bolsas-mundiais-ny-europa-asia-28102020\/\">As bolsas do Velho Continente tocaram a m\u00ednima dos \u00faltimos cinco meses<\/a>.<\/p>\n<h2>A\u00e9reas buscam capta\u00e7\u00e3o de recursos<\/h2>\n<p>Na \u00faltima segunda-feira (26), a Azul informou ao mercado que emitir\u00e1 R$ 1,6 bilh\u00e3o em deb\u00eantures convers\u00edveis. De acordo com o comunicado, os recursos l\u00edquidos ser\u00e3o utilizados para <a href=\"https:\/\/www.suno.com.br\/artigos\/capital-giro\/\"><strong>capital de giro<\/strong><\/a>, expans\u00e3o de atividade de log\u00edstica e outras oportunidades estrat\u00e9gicas.<\/p>\n<figure id=\"attachment_35869\" aria-describedby=\"caption-attachment-35869\" style=\"width: 1086px\" class=\"wp-caption aligncenter\"><img loading=\"lazy\" decoding=\"async\" class=\"wp-image-35869 size-full\" src=\"https:\/\/storage.googleapis.com\/wp-noticias\/2019\/08\/e22b3a1c-azul2.jpg\" alt=\"A Azul ainda n\u00e3o se decidiu se usar\u00e1 empr\u00e9stimo do BNDES. Alta do d\u00f3lar faz a\u00e7\u00e3o cair 55% em 2020.\" width=\"1086\" height=\"652\" \/><figcaption id=\"caption-attachment-35869\" class=\"wp-caption-text\">A Azul ainda n\u00e3o se decidiu se usar\u00e1 empr\u00e9stimo do BNDES. Alta do d\u00f3lar faz a\u00e7\u00e3o cair 55% em 2020.<\/figcaption><\/figure>\n<p>Para Gustavo Cruz, estrategista da RB Investimentos, o plano de capta\u00e7\u00e3o da Azul \u00e9 uma not\u00edcia positiva. Para ele, a maior preocupa\u00e7\u00e3o com a Azul \u00e9 a alavancagem financeira. Por outro lado, as taxas obtidas com as deb\u00eantures ao mercado ser\u00e3o menores do que as oferecidas pelo <a href=\"https:\/\/www.suno.com.br\/artigos\/bndes\/\">Banco Nacional de Desenvolvimento Econ\u00f4mico e Social (<strong>BNDES<\/strong>), <\/a>o que \u00e9 positivo.<\/p>\n\t<div data-element=\"shortcode-read-more\" class=\"knowMore\">\n\t\t\t\t<span class=\"knowMore__title\">Saiba mais<\/span>\n\t\t\t\t<a class=\"knowMore__link\" href=\"https:\/\/www.suno.com.br\/noticias\/azul-azul4-latam-gol-interesse-emprestimo-bndes\/\">\n\t\t\tAzul (AZUL4) e Gol diminuem interesse em empr\u00e9stimo do BNDES\t\t<\/a>\n\t<\/div>\n\n\n<p>Para Henrique Esteter, analista da Guide Investimentos, \u00e9 poss\u00edvel que a Gol tamb\u00e9m fa\u00e7a uma opera\u00e7\u00e3o similar para se capitalizar, at\u00e9 mesmo com deb\u00eantures convers\u00edveis, embora n\u00e3o seja poss\u00edvel afirmar qual ferramenta ser\u00e1 utilizada.<\/p>\n<p>Apenas em 2020, o <strong>d\u00f3lar<\/strong> apresenta uma valoriza\u00e7\u00e3o de quase 40% frente ao real. A m\u00e1xima hist\u00f3rica foi atingida em 15 de maio, quando chegou a ser cotado a R$ 5,86.<\/p>\n\t<p>\n\t\t<a href=\"https:\/\/lp.suno.com.br\/planilha-de-controle-de-investimentos\/\" target=\"_blank\" data-element=\"shortcode-suno-banner\" title=\"Banner SUNO, clique e saiba mais\">\n\t\t\t<picture>\n\t\t\t\t<source media=\"(max-width: 500px)\" srcset=\"https:\/\/files.sunoresearch.com.br\/n\/uploads\/2023\/03\/400x300-Controle-de-Investimentos.png\">\n\t\t\t\t<img class=\"newsContent__article__imgCapa newsContent__article__imgCapa--banner\"\n\t\t\t\t\tsrc=\"https:\/\/files.sunoresearch.com.br\/n\/uploads\/2023\/03\/1420x240-Controle-de-Investimentos.png\"\n\t\t\t\t\tdata-promo-id=\"75934\"\t\t\t\t\t\t\t\t\t\twidth='1420' height='240'\t\t\t\t\talt=\"https:\/\/files.sunoresearch.com.br\/n\/uploads\/2023\/03\/1420x240-Controle-de-Investimentos.png\"\n\t\t\t\t>\n\t\t\t<\/picture>\n\t\t<\/a>\n\t<\/p>\n\n\n","protected":false},"excerpt":{"rendered":"<p>O d\u00f3lar negocia em forte alta na manh\u00e3 desta quarta-feira (28). Por volta das 11h05, a moeda norte-americana era negociada a R$ 5,73 na venda, com um avan\u00e7o 0,5%. A alta chegou a ser de 1% no in\u00edcio do preg\u00e3o, levando o d\u00f3lar a R$ 5,79, patamar mais alto desde maio. Em fun\u00e7\u00e3o disso, entre [&hellip;]<\/p>\n","protected":false},"author":24,"featured_media":95338,"comment_status":"closed","ping_status":"closed","sticky":false,"template":"","format":"standard","meta":[],"categories":[60],"tags":[106932,1937,2487,326,489],"suno_strategy":[],"class_list":["post-95323","post","type-post","status-publish","format-standard","has-post-thumbnail","hentry","category-mercado","tag-azul-azul4","tag-bolsa-de-valores-de-sao-paulo-b3","tag-coronavirus","tag-dolar","tag-gol-linhas-aereas-goll11-goll4"],"yoast_head":"<!-- This site is optimized with the Yoast SEO plugin v24.4 - https:\/\/yoast.com\/wordpress\/plugins\/seo\/ -->\n<title>D\u00f3lar se aproxima de R$ 5,80; a\u00e9reas t\u00eam forte queda na B3<\/title>\n<meta name=\"description\" content=\"O d\u00f3lar negocia em forte alta na manh\u00e3 desta quarta-feira (28), impactando as a\u00e7\u00f5es das a\u00e9reas neste preg\u00e3o. Clique e saiba mais.\" \/>\n<meta name=\"robots\" content=\"index, follow, max-snippet:-1, max-image-preview:large, max-video-preview:-1\" \/>\n<link rel=\"canonical\" href=\"https:\/\/www.suno.com.br\/noticias\/dolar-5-80-aereas-forte-queda-b3\/\" \/>\n<meta property=\"og:locale\" content=\"pt_BR\" \/>\n<meta property=\"og:type\" content=\"article\" \/>\n<meta property=\"og:title\" content=\"D\u00f3lar se aproxima de R$ 5,80; a\u00e9reas t\u00eam forte queda na B3\" \/>\n<meta property=\"og:description\" content=\"O d\u00f3lar negocia em forte alta na manh\u00e3 desta quarta-feira (28), impactando as a\u00e7\u00f5es das a\u00e9reas neste preg\u00e3o. Clique e saiba mais.\" \/>\n<meta property=\"og:url\" content=\"https:\/\/www.suno.com.br\/noticias\/dolar-5-80-aereas-forte-queda-b3\/\" \/>\n<meta property=\"og:site_name\" content=\"Suno Not\u00edcias\" \/>\n<meta property=\"article:publisher\" content=\"https:\/\/facebook.com\/sunoresearch\" \/>\n<meta property=\"og:image\" content=\"https:\/\/files.sunoresearch.com.br\/n\/uploads\/2020\/10\/8dcb9625-gettyimages-200275642-001-1-2.jpg\" \/>\n\t<meta property=\"og:image:width\" content=\"1998\" \/>\n\t<meta property=\"og:image:height\" content=\"1500\" \/>\n\t<meta property=\"og:image:type\" content=\"image\/jpeg\" \/>\n<meta name=\"author\" content=\"Jader Lazarini\" \/>\n<meta name=\"twitter:card\" content=\"summary_large_image\" \/>\n<meta name=\"twitter:creator\" content=\"@sunoresearch\" \/>\n<meta name=\"twitter:site\" content=\"@sunoresearch\" \/>\n<meta name=\"twitter:label1\" content=\"Escrito por\" \/>\n\t<meta name=\"twitter:data1\" content=\"Jader Lazarini\" \/>\n\t<meta name=\"twitter:label2\" content=\"Est. tempo de leitura\" \/>\n\t<meta name=\"twitter:data2\" content=\"3 minutos\" \/>\n<script type=\"application\/ld+json\" class=\"yoast-schema-graph\">{\"@context\":\"https:\/\/schema.org\",\"@graph\":[{\"@type\":\"NewsArticle\",\"@id\":\"https:\/\/www.suno.com.br\/noticias\/dolar-5-80-aereas-forte-queda-b3\/#article\",\"isPartOf\":{\"@id\":\"https:\/\/www.suno.com.br\/noticias\/dolar-5-80-aereas-forte-queda-b3\/\"},\"author\":{\"name\":\"Jader Lazarini\",\"@id\":\"https:\/\/www.suno.com.br\/noticias\/#\/schema\/person\/918d79de1f0281f01599b93f9ea6e23f\"},\"headline\":\"D\u00f3lar se aproxima de R$ 5,80; a\u00e9reas t\u00eam forte queda na B3\",\"datePublished\":\"2020-10-28T14:50:54+00:00\",\"mainEntityOfPage\":{\"@id\":\"https:\/\/www.suno.com.br\/noticias\/dolar-5-80-aereas-forte-queda-b3\/\"},\"wordCount\":593,\"publisher\":{\"@id\":\"https:\/\/www.suno.com.br\/noticias\/#organization\"},\"image\":{\"@id\":\"https:\/\/www.suno.com.br\/noticias\/dolar-5-80-aereas-forte-queda-b3\/#primaryimage\"},\"thumbnailUrl\":\"https:\/\/files.sunoresearch.com.br\/n\/uploads\/2020\/10\/8dcb9625-gettyimages-200275642-001-1-2-jpg.webp\",\"keywords\":[\"Azul (AZUL4)\",\"Bolsa de Valores de S\u00e3o Paulo (B3)\",\"coronav\u00edrus\",\"d\u00f3lar\",\"Gol Linhas A\u00e9reas (GOLL11\/GOLL4)\"],\"articleSection\":[\"Mercado\"],\"inLanguage\":\"pt-BR\"},{\"@type\":\"WebPage\",\"@id\":\"https:\/\/www.suno.com.br\/noticias\/dolar-5-80-aereas-forte-queda-b3\/\",\"url\":\"https:\/\/www.suno.com.br\/noticias\/dolar-5-80-aereas-forte-queda-b3\/\",\"name\":\"D\u00f3lar se aproxima de R$ 5,80; a\u00e9reas t\u00eam forte queda na B3\",\"isPartOf\":{\"@id\":\"https:\/\/www.suno.com.br\/noticias\/#website\"},\"primaryImageOfPage\":{\"@id\":\"https:\/\/www.suno.com.br\/noticias\/dolar-5-80-aereas-forte-queda-b3\/#primaryimage\"},\"image\":{\"@id\":\"https:\/\/www.suno.com.br\/noticias\/dolar-5-80-aereas-forte-queda-b3\/#primaryimage\"},\"thumbnailUrl\":\"https:\/\/files.sunoresearch.com.br\/n\/uploads\/2020\/10\/8dcb9625-gettyimages-200275642-001-1-2-jpg.webp\",\"datePublished\":\"2020-10-28T14:50:54+00:00\",\"description\":\"O d\u00f3lar negocia em forte alta na manh\u00e3 desta quarta-feira (28), impactando as a\u00e7\u00f5es das a\u00e9reas neste preg\u00e3o. Clique e saiba mais.\",\"breadcrumb\":{\"@id\":\"https:\/\/www.suno.com.br\/noticias\/dolar-5-80-aereas-forte-queda-b3\/#breadcrumb\"},\"inLanguage\":\"pt-BR\",\"potentialAction\":[{\"@type\":\"ReadAction\",\"target\":[\"https:\/\/www.suno.com.br\/noticias\/dolar-5-80-aereas-forte-queda-b3\/\"]}]},{\"@type\":\"ImageObject\",\"inLanguage\":\"pt-BR\",\"@id\":\"https:\/\/www.suno.com.br\/noticias\/dolar-5-80-aereas-forte-queda-b3\/#primaryimage\",\"url\":\"https:\/\/files.sunoresearch.com.br\/n\/uploads\/2020\/10\/8dcb9625-gettyimages-200275642-001-1-2-jpg.webp\",\"contentUrl\":\"https:\/\/files.sunoresearch.com.br\/n\/uploads\/2020\/10\/8dcb9625-gettyimages-200275642-001-1-2-jpg.webp\",\"width\":1998,\"height\":1500,\"caption\":\"Na \u00faltima sess\u00e3o, segunda-feira (9), o d\u00f3lar\u00a0encerrou em queda de 0,04%, negociado a R$ 5,391.\"},{\"@type\":\"BreadcrumbList\",\"@id\":\"https:\/\/www.suno.com.br\/noticias\/dolar-5-80-aereas-forte-queda-b3\/#breadcrumb\",\"itemListElement\":[{\"@type\":\"ListItem\",\"position\":1,\"name\":\"Not\u00edcias\",\"item\":\"https:\/\/www.suno.com.br\/noticias\/\"},{\"@type\":\"ListItem\",\"position\":2,\"name\":\"Mercado\",\"item\":\"https:\/\/www.suno.com.br\/noticias\/mercado\/\"},{\"@type\":\"ListItem\",\"position\":3,\"name\":\"D\u00f3lar se aproxima de R$ 5,80; a\u00e9reas t\u00eam forte queda na B3\"}]},{\"@type\":\"WebSite\",\"@id\":\"https:\/\/www.suno.com.br\/noticias\/#website\",\"url\":\"https:\/\/www.suno.com.br\/noticias\/\",\"name\":\"Suno Not\u00edcias\",\"description\":\"Seu portal de informa\u00e7\u00e3o sobre o mundo dos investimentos\",\"publisher\":{\"@id\":\"https:\/\/www.suno.com.br\/noticias\/#organization\"},\"potentialAction\":[{\"@type\":\"SearchAction\",\"target\":{\"@type\":\"EntryPoint\",\"urlTemplate\":\"https:\/\/www.suno.com.br\/noticias\/?s={search_term_string}\"},\"query-input\":{\"@type\":\"PropertyValueSpecification\",\"valueRequired\":true,\"valueName\":\"search_term_string\"}}],\"inLanguage\":\"pt-BR\"},{\"@type\":\"Organization\",\"@id\":\"https:\/\/www.suno.com.br\/noticias\/#organization\",\"name\":\"Suno Not\u00edcias\",\"url\":\"https:\/\/www.suno.com.br\/noticias\/\",\"logo\":{\"@type\":\"ImageObject\",\"inLanguage\":\"pt-BR\",\"@id\":\"https:\/\/www.suno.com.br\/noticias\/#\/schema\/logo\/image\/\",\"url\":\"https:\/\/files.sunoresearch.com.br\/n\/uploads\/2021\/09\/suno-logo.png\",\"contentUrl\":\"https:\/\/files.sunoresearch.com.br\/n\/uploads\/2021\/09\/suno-logo.png\",\"width\":180,\"height\":180,\"caption\":\"Suno Not\u00edcias\"},\"image\":{\"@id\":\"https:\/\/www.suno.com.br\/noticias\/#\/schema\/logo\/image\/\"},\"sameAs\":[\"https:\/\/facebook.com\/sunoresearch\",\"https:\/\/x.com\/sunoresearch\",\"https:\/\/www.instagram.com\/suno\",\"https:\/\/www.linkedin.com\/company\/suno-research\/\",\"https:\/\/www.youtube.com\/c\/sunoresearch\"]},{\"@type\":\"Person\",\"@id\":\"https:\/\/www.suno.com.br\/noticias\/#\/schema\/person\/918d79de1f0281f01599b93f9ea6e23f\",\"name\":\"Jader Lazarini\",\"image\":{\"@type\":\"ImageObject\",\"inLanguage\":\"pt-BR\",\"@id\":\"https:\/\/www.suno.com.br\/noticias\/#\/schema\/person\/image\/\",\"url\":\"https:\/\/secure.gravatar.com\/avatar\/3c1ad8caa51589841baeb923fcddea97?s=96&r=g\",\"contentUrl\":\"https:\/\/secure.gravatar.com\/avatar\/3c1ad8caa51589841baeb923fcddea97?s=96&r=g\",\"caption\":\"Jader Lazarini\"},\"description\":\"Jader Lazarini escreve sobre investimentos, finan\u00e7as, economia e neg\u00f3cios. \u00c9 bacharel em Rela\u00e7\u00f5es Internacionais e analista CNPI (2619).\",\"url\":\"https:\/\/www.suno.com.br\/noticias\/author\/jader-lazarini\/\"}]}<\/script>\n<!-- \/ Yoast SEO plugin. -->","yoast_head_json":{"title":"D\u00f3lar se aproxima de R$ 5,80; a\u00e9reas t\u00eam forte queda na B3","description":"O d\u00f3lar negocia em forte alta na manh\u00e3 desta quarta-feira (28), impactando as a\u00e7\u00f5es das a\u00e9reas neste preg\u00e3o. Clique e saiba mais.","robots":{"index":"index","follow":"follow","max-snippet":"max-snippet:-1","max-image-preview":"max-image-preview:large","max-video-preview":"max-video-preview:-1"},"canonical":"https:\/\/www.suno.com.br\/noticias\/dolar-5-80-aereas-forte-queda-b3\/","og_locale":"pt_BR","og_type":"article","og_title":"D\u00f3lar se aproxima de R$ 5,80; a\u00e9reas t\u00eam forte queda na B3","og_description":"O d\u00f3lar negocia em forte alta na manh\u00e3 desta quarta-feira (28), impactando as a\u00e7\u00f5es das a\u00e9reas neste preg\u00e3o. Clique e saiba mais.","og_url":"https:\/\/www.suno.com.br\/noticias\/dolar-5-80-aereas-forte-queda-b3\/","og_site_name":"Suno Not\u00edcias","article_publisher":"https:\/\/facebook.com\/sunoresearch","og_image":[{"width":1998,"height":1500,"url":"https:\/\/files.sunoresearch.com.br\/n\/uploads\/2020\/10\/8dcb9625-gettyimages-200275642-001-1-2.jpg","type":"image\/jpeg"}],"author":"Jader Lazarini","twitter_card":"summary_large_image","twitter_creator":"@sunoresearch","twitter_site":"@sunoresearch","twitter_misc":{"Escrito por":"Jader Lazarini","Est. tempo de leitura":"3 minutos"},"schema":{"@context":"https:\/\/schema.org","@graph":[{"@type":"NewsArticle","@id":"https:\/\/www.suno.com.br\/noticias\/dolar-5-80-aereas-forte-queda-b3\/#article","isPartOf":{"@id":"https:\/\/www.suno.com.br\/noticias\/dolar-5-80-aereas-forte-queda-b3\/"},"author":{"name":"Jader Lazarini","@id":"https:\/\/www.suno.com.br\/noticias\/#\/schema\/person\/918d79de1f0281f01599b93f9ea6e23f"},"headline":"D\u00f3lar se aproxima de R$ 5,80; a\u00e9reas t\u00eam forte queda na B3","datePublished":"2020-10-28T14:50:54+00:00","mainEntityOfPage":{"@id":"https:\/\/www.suno.com.br\/noticias\/dolar-5-80-aereas-forte-queda-b3\/"},"wordCount":593,"publisher":{"@id":"https:\/\/www.suno.com.br\/noticias\/#organization"},"image":{"@id":"https:\/\/www.suno.com.br\/noticias\/dolar-5-80-aereas-forte-queda-b3\/#primaryimage"},"thumbnailUrl":"https:\/\/files.sunoresearch.com.br\/n\/uploads\/2020\/10\/8dcb9625-gettyimages-200275642-001-1-2-jpg.webp","keywords":["Azul (AZUL4)","Bolsa de Valores de S\u00e3o Paulo (B3)","coronav\u00edrus","d\u00f3lar","Gol Linhas A\u00e9reas (GOLL11\/GOLL4)"],"articleSection":["Mercado"],"inLanguage":"pt-BR"},{"@type":"WebPage","@id":"https:\/\/www.suno.com.br\/noticias\/dolar-5-80-aereas-forte-queda-b3\/","url":"https:\/\/www.suno.com.br\/noticias\/dolar-5-80-aereas-forte-queda-b3\/","name":"D\u00f3lar se aproxima de R$ 5,80; a\u00e9reas t\u00eam forte queda na B3","isPartOf":{"@id":"https:\/\/www.suno.com.br\/noticias\/#website"},"primaryImageOfPage":{"@id":"https:\/\/www.suno.com.br\/noticias\/dolar-5-80-aereas-forte-queda-b3\/#primaryimage"},"image":{"@id":"https:\/\/www.suno.com.br\/noticias\/dolar-5-80-aereas-forte-queda-b3\/#primaryimage"},"thumbnailUrl":"https:\/\/files.sunoresearch.com.br\/n\/uploads\/2020\/10\/8dcb9625-gettyimages-200275642-001-1-2-jpg.webp","datePublished":"2020-10-28T14:50:54+00:00","description":"O d\u00f3lar negocia em forte alta na manh\u00e3 desta quarta-feira (28), impactando as a\u00e7\u00f5es das a\u00e9reas neste preg\u00e3o. Clique e saiba mais.","breadcrumb":{"@id":"https:\/\/www.suno.com.br\/noticias\/dolar-5-80-aereas-forte-queda-b3\/#breadcrumb"},"inLanguage":"pt-BR","potentialAction":[{"@type":"ReadAction","target":["https:\/\/www.suno.com.br\/noticias\/dolar-5-80-aereas-forte-queda-b3\/"]}]},{"@type":"ImageObject","inLanguage":"pt-BR","@id":"https:\/\/www.suno.com.br\/noticias\/dolar-5-80-aereas-forte-queda-b3\/#primaryimage","url":"https:\/\/files.sunoresearch.com.br\/n\/uploads\/2020\/10\/8dcb9625-gettyimages-200275642-001-1-2-jpg.webp","contentUrl":"https:\/\/files.sunoresearch.com.br\/n\/uploads\/2020\/10\/8dcb9625-gettyimages-200275642-001-1-2-jpg.webp","width":1998,"height":1500,"caption":"Na \u00faltima sess\u00e3o, segunda-feira (9), o d\u00f3lar\u00a0encerrou em queda de 0,04%, negociado a R$ 5,391."},{"@type":"BreadcrumbList","@id":"https:\/\/www.suno.com.br\/noticias\/dolar-5-80-aereas-forte-queda-b3\/#breadcrumb","itemListElement":[{"@type":"ListItem","position":1,"name":"Not\u00edcias","item":"https:\/\/www.suno.com.br\/noticias\/"},{"@type":"ListItem","position":2,"name":"Mercado","item":"https:\/\/www.suno.com.br\/noticias\/mercado\/"},{"@type":"ListItem","position":3,"name":"D\u00f3lar se aproxima de R$ 5,80; a\u00e9reas t\u00eam forte queda na B3"}]},{"@type":"WebSite","@id":"https:\/\/www.suno.com.br\/noticias\/#website","url":"https:\/\/www.suno.com.br\/noticias\/","name":"Suno Not\u00edcias","description":"Seu portal de informa\u00e7\u00e3o sobre o mundo dos investimentos","publisher":{"@id":"https:\/\/www.suno.com.br\/noticias\/#organization"},"potentialAction":[{"@type":"SearchAction","target":{"@type":"EntryPoint","urlTemplate":"https:\/\/www.suno.com.br\/noticias\/?s={search_term_string}"},"query-input":{"@type":"PropertyValueSpecification","valueRequired":true,"valueName":"search_term_string"}}],"inLanguage":"pt-BR"},{"@type":"Organization","@id":"https:\/\/www.suno.com.br\/noticias\/#organization","name":"Suno Not\u00edcias","url":"https:\/\/www.suno.com.br\/noticias\/","logo":{"@type":"ImageObject","inLanguage":"pt-BR","@id":"https:\/\/www.suno.com.br\/noticias\/#\/schema\/logo\/image\/","url":"https:\/\/files.sunoresearch.com.br\/n\/uploads\/2021\/09\/suno-logo.png","contentUrl":"https:\/\/files.sunoresearch.com.br\/n\/uploads\/2021\/09\/suno-logo.png","width":180,"height":180,"caption":"Suno Not\u00edcias"},"image":{"@id":"https:\/\/www.suno.com.br\/noticias\/#\/schema\/logo\/image\/"},"sameAs":["https:\/\/facebook.com\/sunoresearch","https:\/\/x.com\/sunoresearch","https:\/\/www.instagram.com\/suno","https:\/\/www.linkedin.com\/company\/suno-research\/","https:\/\/www.youtube.com\/c\/sunoresearch"]},{"@type":"Person","@id":"https:\/\/www.suno.com.br\/noticias\/#\/schema\/person\/918d79de1f0281f01599b93f9ea6e23f","name":"Jader Lazarini","image":{"@type":"ImageObject","inLanguage":"pt-BR","@id":"https:\/\/www.suno.com.br\/noticias\/#\/schema\/person\/image\/","url":"https:\/\/secure.gravatar.com\/avatar\/3c1ad8caa51589841baeb923fcddea97?s=96&r=g","contentUrl":"https:\/\/secure.gravatar.com\/avatar\/3c1ad8caa51589841baeb923fcddea97?s=96&r=g","caption":"Jader Lazarini"},"description":"Jader Lazarini escreve sobre investimentos, finan\u00e7as, economia e neg\u00f3cios. \u00c9 bacharel em Rela\u00e7\u00f5es Internacionais e analista CNPI (2619).","url":"https:\/\/www.suno.com.br\/noticias\/author\/jader-lazarini\/"}]}},"default_loop_html":"<div class=\"cardsPage__listCard__boxs\"><div class=\"cardsPage__listCard__boxs__img\"><a href=\"https:\/\/www.suno.com.br\/noticias\/dolar-5-80-aereas-forte-queda-b3\/\"><img class=\"mask\" src=\"https:\/\/www.suno.com.br\/noticias\/wp-content\/themes\/suno\/resources\/images\/spotlight\/spotlight1img\/bg-mask.png\" alt=\"Image Mask\"\/><img src=\"https:\/\/files.sunoresearch.com.br\/n\/uploads\/2020\/10\/8dcb9625-gettyimages-200275642-001-1-2-400x200.webp\" alt=\"D\u00f3lar se aproxima de R$ 5,80; a\u00e9reas t\u00eam forte queda na B3\"\/><\/a><span class=\"spotlightCategory\"><a href=\"https:\/\/www.suno.com.br\/noticias\/mercado\/\">Mercado<\/a><\/span><\/div><div class=\"cardsPage__listCard__boxs__content\"><a href=\"https:\/\/www.suno.com.br\/noticias\/dolar-5-80-aereas-forte-queda-b3\/\"><h2 class=\"content__title\">D\u00f3lar se aproxima de R$ 5,80; a\u00e9reas t\u00eam forte queda na B3<\/h2><\/a><div class=\"newsContent__article__meta\"><div class=\"newsContent__article__meta__authorBox\"><a href=\"https:\/\/www.suno.com.br\/noticias\/author\/jader-lazarini\/\" class=\"authorBox__avatar noMobi\"><img src=\"https:\/\/files.sunoresearch.com.br\/n\/uploads\/2021\/01\/178e6598-foto-perfil-2-150x150.jpg\" alt=\"Jader Lazarini\"><\/a><div class=\"authorBox__name\"><span>por\n\t\t\t<a href=\"https:\/\/www.suno.com.br\/noticias\/author\/jader-lazarini\/\"><span itemprop=\"author\">Jader Lazarini<\/span><\/a><\/span><time datetime=\"2020-10-28T11:50:54-03:00\" itemprop=\"datePublished\">28\/10\/2020 11:50<\/time><\/div><\/div><\/div><\/div><\/div>","single_layout":"posts","amp_enabled":true,"_links":{"self":[{"href":"https:\/\/www.suno.com.br\/noticias\/wp-json\/wp\/v2\/posts\/95323"}],"collection":[{"href":"https:\/\/www.suno.com.br\/noticias\/wp-json\/wp\/v2\/posts"}],"about":[{"href":"https:\/\/www.suno.com.br\/noticias\/wp-json\/wp\/v2\/types\/post"}],"author":[{"embeddable":true,"href":"https:\/\/www.suno.com.br\/noticias\/wp-json\/wp\/v2\/users\/24"}],"replies":[{"embeddable":true,"href":"https:\/\/www.suno.com.br\/noticias\/wp-json\/wp\/v2\/comments?post=95323"}],"version-history":[{"count":0,"href":"https:\/\/www.suno.com.br\/noticias\/wp-json\/wp\/v2\/posts\/95323\/revisions"}],"wp:featuredmedia":[{"embeddable":true,"href":"https:\/\/www.suno.com.br\/noticias\/wp-json\/wp\/v2\/media\/95338"}],"wp:attachment":[{"href":"https:\/\/www.suno.com.br\/noticias\/wp-json\/wp\/v2\/media?parent=95323"}],"wp:term":[{"taxonomy":"category","embeddable":true,"href":"https:\/\/www.suno.com.br\/noticias\/wp-json\/wp\/v2\/categories?post=95323"},{"taxonomy":"post_tag","embeddable":true,"href":"https:\/\/www.suno.com.br\/noticias\/wp-json\/wp\/v2\/tags?post=95323"},{"taxonomy":"suno_strategy","embeddable":true,"href":"https:\/\/www.suno.com.br\/noticias\/wp-json\/wp\/v2\/suno_strategy?post=95323"}],"curies":[{"name":"wp","href":"https:\/\/api.w.org\/{rel}","templated":true}]}}