{"id":95181,"date":"2020-10-28T07:39:38","date_gmt":"2020-10-28T10:39:38","guid":{"rendered":"https:\/\/www.suno.com.br\/noticias\/?p=95181"},"modified":"2021-06-13T23:30:53","modified_gmt":"2021-06-14T02:30:53","slug":"bolsas-mundiais-ny-europa-asia-28102020","status":"publish","type":"post","link":"https:\/\/www.suno.com.br\/noticias\/bolsas-mundiais-ny-europa-asia-28102020\/","title":{"rendered":"Bolsas mundiais caem com avan\u00e7o da Covid-19; Europa atinge menor n\u00edvel em 5 meses"},"content":{"rendered":"<p>As<strong> bolsas mundiais<\/strong> operam em forte queda nesta quarta-feira (29). Os investidores indicam que, ap\u00f3s a abertura dos mercados em Nova York, o movimento ser\u00e1 de venda frente aos temores pelo avan\u00e7o da pandemia do <a href=\"https:\/\/www.suno.com.br\/noticias\/?s=coronav%C3%ADrus\">novo coronav\u00edrus (Covid-19)<\/a> no Hemisf\u00e9rio Norte. Os novos bloqueios de conten\u00e7\u00e3o \u00e0 doen\u00e7a tamb\u00e9m impactaram as bolsas europeias, que atingiram o menor patamar em cinco meses.<\/p>\t<div class=\"wrapper-featured-image\">\n\t\t<figure class=\"spotlightImg\">\n\n\t\t\t<picture>\n\t\t\t\t<source media=\"(max-width: 768px)\" srcset=\"https:\/\/files.sunoresearch.com.br\/n\/uploads\/2020\/10\/4ad08cf4-gettyimages-1017275652-400x200.webp\">\n\t\t\t\t<img loading=\"lazy\" decoding=\"async\" class=\"newsContent__article__imgCapa lazyloadDisabled \" src=\"https:\/\/files.sunoresearch.com.br\/n\/uploads\/2020\/10\/4ad08cf4-gettyimages-1017275652-800x450.webp\" width=\"800\" height=\"450\" alt=\"Bolsas mundiais caem com avan\u00e7o da Covid-19; Europa atinge menor n\u00edvel em 5 meses\" fetchpriority=high \/>\n\t\t\t<\/picture>\n\n\t\t\t<figcaption class=\"wp-caption-text wp-caption-text--show\">O S&amp;P 500, que re\u00fane as 500 maiores empresas de capital aberto dos EUA, fechou em forte queda hoje<\/figcaption>\n\t\t<\/figure>\n\t<\/div>\n\n\n<div class=\"hubspot-form-wrapper\">\n\t<div id=\"single-form-target\"><\/div>\n<\/div>\n\n<p>Por volta das 7h15, os mercados futuros de Nova York, a exemplo das bolsas mundiais, operavam no vermelho. O <a href=\"https:\/\/www.suno.com.br\/artigos\/sp-500\/\"><strong>S&amp;P 500<\/strong><\/a> futuro apresentava uma baixa de 1,29%, para 3.340,12 pontos, enquanto o \u00edndice da <a href=\"https:\/\/www.suno.com.br\/artigos\/nasdaq\/\"><strong>Nasdaq<\/strong><\/a> apresentava um recuo de 0,98%, atingindo 11.474,00 pontos. Os futuros de Dow Jones ca\u00edam 1,54%, para 26.943,0 pontos.<\/p>\n<p>Os investidores estadunidenses mostram-se mais pessimistas por uma s\u00e9rie de incertezas. O principal deles, o agravamento da situa\u00e7\u00e3o do <strong>coronav\u00edrus<\/strong> no pa\u00eds. Na \u00faltima ter\u00e7a-feira (27), os Estados Unidos registraram novos 73.200 casos, segundo dados da Universidade John Hopkins.<\/p>\n<p><a href=\"https:\/\/lp.suno.com.br\/suno-one\/\">Suno One: acesse gratuitamente eBooks, Minicursos, Artigos e Video Aulas sobre investimentos com um \u00fanico cadastro. Clique para saber mais!<\/a><\/p>\n<p>As medidas restritivas, n\u00e3o somente nos<strong> Estados Unidos<\/strong> mas como na Europa tamb\u00e9m, podem influenciar a fr\u00e1gil tentativa de recupera\u00e7\u00e3o econ\u00f4mica das maiores pot\u00eancias do planeta.<\/p>\n<p>O \u00edndice Stoxx Europe 600 caiu 2,5% depois que a chanceler da Alemanha, <strong>Angela Merkel<\/strong>, prop\u00f4s fechar bares e restaurantes por um m\u00eas para estancar a dissemina\u00e7\u00e3o do v\u00edrus. Os mercados europeus observaram um forte movimento de venda em a\u00e7\u00f5es de empresas de viagens e des bancos.<\/p>\n<p>Por volta das 7h25, o <a href=\"https:\/\/www.suno.com.br\/artigos\/dax-30\/\">DAX 30<\/a>, \u00edndice alem\u00e3o, operava com uma queda de 0,64%, a 38.001,31 pontos. O \u00edndice franc\u00eas, CAC 40, registrava -2,29%, para 4.622,25 pontos. O brit\u00e2nico FTSE 100 apresentava uma baixa de 1,28%, para 5.655,39 pontos.<\/p>\n<p>O FTSE MIB, \u00edndice italiano, operava com uma queda de 2,60%, a 18.173,50 pontos. Enquanto isso, a Espanha recua 1,54%. O <strong><a href=\"https:\/\/www.suno.com.br\/artigos\/euro-stoxx-50\/\">Euro Stoxx 50<\/a><\/strong>, maior \u00edndice acion\u00e1rio da zona do euro, ca\u00eda 2,34%, para 2.998,86 pontos.<\/p>\n<p>Dois fatores tamb\u00e9m mexem com os investidores globais: as elei\u00e7\u00f5es presidenciais norte-americanas da pr\u00f3xima ter\u00e7a-feira (3), com o receio por uma poss\u00edvel demora na contagem dos votos e o precedente que isso pode abrir para uma tens\u00e3o pol\u00edtica, al\u00e9m da indefini\u00e7\u00e3o sobre o novo pacote de est\u00edmulos econ\u00f4micos \u00e0 fam\u00edlias e empresas nos Estados Unidos.<\/p>\n<p>No \u00faltimo fim de semana, a presidente da C\u00e2mara, <strong>Nancy Pelosi<\/strong>, disse \u00e0 CNN que esperava mais respostas no in\u00edcio desta semana. Ela, no entanto, afirmou que recai sobre o presidente <a href=\"https:\/\/www.suno.com.br\/tudo-sobre\/donald-trump\/\"><strong>Donald Trump<\/strong><\/a> a responsabilidade de levar adiante as conversas.<\/p>\n<p>Nas \u00faltimas semanas, as aten\u00e7\u00f5es foram voltadas \u00e0s negocia\u00e7\u00f5es dos democratas junto a Casa Branca, liderada pelo secret\u00e1rio do Tesouro, <strong>Steven Mnuchin<\/strong>. A aproxima\u00e7\u00e3o das elei\u00e7\u00f5es, entretanto, arrefecem a expectativa de um novo pacote, avaliado em US$ 1,9 trilh\u00e3o.<\/p>\n<p>Na \u00c1sia, por\u00e9m, os mercados fecharam de forma mista. A bolsa de Xangai, a SSE Composite, subiu 0,46%, a 3.269,24 pontos. A bolsa do Jap\u00e3o, <a href=\"https:\/\/www.suno.com.br\/artigos\/nikkei-225\/\">Nikkei 225<\/a>, fechou o preg\u00e3o em queda de 0,29%.<\/p>\n<p>O principal \u00edndice de Hong Kong, Hang Sang, recuou 0,32%, para 24.708,80 pontos. J\u00e1 a KOSPI, mercado da Coreia do Sul, encerrou as negocia\u00e7\u00f5es registrando +0,62%.<\/p>\n\t<div data-element=\"shortcode-read-more\" class=\"knowMore\">\n\t\t\t\t<span class=\"knowMore__title\">Saiba mais<\/span>\n\t\t\t\t<a class=\"knowMore__link\" href=\"https:\/\/www.suno.com.br\/noticias\/eua-trump-pacote-alivio-eleicao\/\">\n\t\t\tEUA: Trump diz que pacote de al\u00edvio deve ocorrer ap\u00f3s elei\u00e7\u00e3o\t\t<\/a>\n\t<\/div>\n\n\n<p>Confira o desempenho dos mercados por volta das 7h35:<\/p>\n<ul>\n<li>S&amp;P 500 futuro: -1,33%<\/li>\n<li>Nasdaq futuro: -1,05%<\/li>\n<li>DAX 30: -2,76%<\/li>\n<li>FTSE 100: -1,43%<\/li>\n<li>Euro Stoxx 50: -2,50%<\/li>\n<li>SSE Composite: +0,46%<\/li>\n<li>Nikkei 225: -0,29%<\/li>\n<\/ul>\n<p>Os mercados futuros e <strong>bolsas mundiais<\/strong> continuam de olho nas incertezas causadas n\u00e3o somente pela pandemia, mas tamb\u00e9m pelas tens\u00f5es globais acentuadas por ela, embora dados recentes tenham demonstrado certa recupera\u00e7\u00e3o da atividade econ\u00f4mica internacional.<\/p>\n\t<p>\n\t\t<a href=\"https:\/\/lp.suno.com.br\/planilha-de-controle-de-investimentos\/\" target=\"_blank\" data-element=\"shortcode-suno-banner\" title=\"Banner SUNO, clique e saiba mais\">\n\t\t\t<picture>\n\t\t\t\t<source media=\"(max-width: 500px)\" srcset=\"https:\/\/files.sunoresearch.com.br\/n\/uploads\/2023\/03\/400x300-Controle-de-Investimentos.png\">\n\t\t\t\t<img class=\"newsContent__article__imgCapa newsContent__article__imgCapa--banner\"\n\t\t\t\t\tsrc=\"https:\/\/files.sunoresearch.com.br\/n\/uploads\/2023\/03\/1420x240-Controle-de-Investimentos.png\"\n\t\t\t\t\tdata-promo-id=\"75934\"\t\t\t\t\t\t\t\t\t\twidth='1420' height='240'\t\t\t\t\talt=\"https:\/\/files.sunoresearch.com.br\/n\/uploads\/2023\/03\/1420x240-Controle-de-Investimentos.png\"\n\t\t\t\t>\n\t\t\t<\/picture>\n\t\t<\/a>\n\t<\/p>\n\n\n","protected":false},"excerpt":{"rendered":"<p>As bolsas mundiais operam em forte queda nesta quarta-feira (29). Os investidores indicam que, ap\u00f3s a abertura dos mercados em Nova York, o movimento ser\u00e1 de venda frente aos temores pelo avan\u00e7o da pandemia do novo coronav\u00edrus (Covid-19) no Hemisf\u00e9rio Norte. Os novos bloqueios de conten\u00e7\u00e3o \u00e0 doen\u00e7a tamb\u00e9m impactaram as bolsas europeias, que atingiram [&hellip;]<\/p>\n","protected":false},"author":24,"featured_media":95184,"comment_status":"closed","ping_status":"closed","sticky":false,"template":"","format":"standard","meta":[],"categories":[60],"tags":[104703,2487,793,710,964,2667],"suno_strategy":[],"class_list":["post-95181","post","type-post","status-publish","format-standard","has-post-thumbnail","hentry","category-mercado","tag-bolsas-mundiais","tag-coronavirus","tag-estados-unidos-eua","tag-europa","tag-nasdaq","tag-sp-500"],"yoast_head":"<!-- This site is optimized with the Yoast SEO plugin v24.4 - https:\/\/yoast.com\/wordpress\/plugins\/seo\/ -->\n<title>Bolsas mundiais despencam frente ao avan\u00e7o da Covid-19<\/title>\n<meta name=\"description\" content=\"As bolsas mundiais operam no vermelho nesta quarta-feira (29), indicando que o dia poder\u00e1 ser de forte venda. Clique e saiba mais.\" \/>\n<meta name=\"robots\" content=\"index, follow, max-snippet:-1, max-image-preview:large, max-video-preview:-1\" \/>\n<link rel=\"canonical\" href=\"https:\/\/www.suno.com.br\/noticias\/bolsas-mundiais-ny-europa-asia-28102020\/\" \/>\n<meta property=\"og:locale\" content=\"pt_BR\" \/>\n<meta property=\"og:type\" content=\"article\" \/>\n<meta property=\"og:title\" content=\"Bolsas mundiais despencam frente ao avan\u00e7o da Covid-19\" \/>\n<meta property=\"og:description\" content=\"As bolsas mundiais operam no vermelho nesta quarta-feira (29), indicando que o dia poder\u00e1 ser de forte venda. Clique e saiba mais.\" \/>\n<meta property=\"og:url\" content=\"https:\/\/www.suno.com.br\/noticias\/bolsas-mundiais-ny-europa-asia-28102020\/\" \/>\n<meta property=\"og:site_name\" content=\"Suno Not\u00edcias\" \/>\n<meta property=\"article:publisher\" content=\"https:\/\/facebook.com\/sunoresearch\" \/>\n<meta property=\"og:image\" content=\"https:\/\/files.sunoresearch.com.br\/n\/uploads\/2020\/10\/4ad08cf4-gettyimages-1017275652.jpg\" \/>\n\t<meta property=\"og:image:width\" content=\"2000\" \/>\n\t<meta property=\"og:image:height\" content=\"1500\" \/>\n\t<meta property=\"og:image:type\" content=\"image\/jpeg\" \/>\n<meta name=\"author\" content=\"Jader Lazarini\" \/>\n<meta name=\"twitter:card\" content=\"summary_large_image\" \/>\n<meta name=\"twitter:creator\" content=\"@sunoresearch\" \/>\n<meta name=\"twitter:site\" content=\"@sunoresearch\" \/>\n<meta name=\"twitter:label1\" content=\"Escrito por\" \/>\n\t<meta name=\"twitter:data1\" content=\"Jader Lazarini\" \/>\n\t<meta name=\"twitter:label2\" content=\"Est. tempo de leitura\" \/>\n\t<meta name=\"twitter:data2\" content=\"3 minutos\" \/>\n<script type=\"application\/ld+json\" class=\"yoast-schema-graph\">{\"@context\":\"https:\/\/schema.org\",\"@graph\":[{\"@type\":\"NewsArticle\",\"@id\":\"https:\/\/www.suno.com.br\/noticias\/bolsas-mundiais-ny-europa-asia-28102020\/#article\",\"isPartOf\":{\"@id\":\"https:\/\/www.suno.com.br\/noticias\/bolsas-mundiais-ny-europa-asia-28102020\/\"},\"author\":{\"name\":\"Jader Lazarini\",\"@id\":\"https:\/\/www.suno.com.br\/noticias\/#\/schema\/person\/918d79de1f0281f01599b93f9ea6e23f\"},\"headline\":\"Bolsas mundiais caem com avan\u00e7o da Covid-19; Europa atinge menor n\u00edvel em 5 meses\",\"datePublished\":\"2020-10-28T10:39:38+00:00\",\"dateModified\":\"2021-06-14T02:30:53+00:00\",\"mainEntityOfPage\":{\"@id\":\"https:\/\/www.suno.com.br\/noticias\/bolsas-mundiais-ny-europa-asia-28102020\/\"},\"wordCount\":639,\"publisher\":{\"@id\":\"https:\/\/www.suno.com.br\/noticias\/#organization\"},\"image\":{\"@id\":\"https:\/\/www.suno.com.br\/noticias\/bolsas-mundiais-ny-europa-asia-28102020\/#primaryimage\"},\"thumbnailUrl\":\"https:\/\/files.sunoresearch.com.br\/n\/uploads\/2020\/10\/4ad08cf4-gettyimages-1017275652.jpg\",\"keywords\":[\"Bolsas mundiais\",\"coronav\u00edrus\",\"Estados Unidos (EUA)\",\"Europa\",\"Nasdaq\",\"S&amp;P 500\"],\"articleSection\":[\"Mercado\"],\"inLanguage\":\"pt-BR\"},{\"@type\":\"WebPage\",\"@id\":\"https:\/\/www.suno.com.br\/noticias\/bolsas-mundiais-ny-europa-asia-28102020\/\",\"url\":\"https:\/\/www.suno.com.br\/noticias\/bolsas-mundiais-ny-europa-asia-28102020\/\",\"name\":\"Bolsas mundiais despencam frente ao avan\u00e7o da Covid-19\",\"isPartOf\":{\"@id\":\"https:\/\/www.suno.com.br\/noticias\/#website\"},\"primaryImageOfPage\":{\"@id\":\"https:\/\/www.suno.com.br\/noticias\/bolsas-mundiais-ny-europa-asia-28102020\/#primaryimage\"},\"image\":{\"@id\":\"https:\/\/www.suno.com.br\/noticias\/bolsas-mundiais-ny-europa-asia-28102020\/#primaryimage\"},\"thumbnailUrl\":\"https:\/\/files.sunoresearch.com.br\/n\/uploads\/2020\/10\/4ad08cf4-gettyimages-1017275652.jpg\",\"datePublished\":\"2020-10-28T10:39:38+00:00\",\"dateModified\":\"2021-06-14T02:30:53+00:00\",\"description\":\"As bolsas mundiais operam no vermelho nesta quarta-feira (29), indicando que o dia poder\u00e1 ser de forte venda. Clique e saiba mais.\",\"breadcrumb\":{\"@id\":\"https:\/\/www.suno.com.br\/noticias\/bolsas-mundiais-ny-europa-asia-28102020\/#breadcrumb\"},\"inLanguage\":\"pt-BR\",\"potentialAction\":[{\"@type\":\"ReadAction\",\"target\":[\"https:\/\/www.suno.com.br\/noticias\/bolsas-mundiais-ny-europa-asia-28102020\/\"]}]},{\"@type\":\"ImageObject\",\"inLanguage\":\"pt-BR\",\"@id\":\"https:\/\/www.suno.com.br\/noticias\/bolsas-mundiais-ny-europa-asia-28102020\/#primaryimage\",\"url\":\"https:\/\/files.sunoresearch.com.br\/n\/uploads\/2020\/10\/4ad08cf4-gettyimages-1017275652.jpg\",\"contentUrl\":\"https:\/\/files.sunoresearch.com.br\/n\/uploads\/2020\/10\/4ad08cf4-gettyimages-1017275652.jpg\",\"width\":2000,\"height\":1500,\"caption\":\"O S&P 500, que re\u00fane as 500 maiores empresas de capital aberto dos EUA, fechou em forte queda hoje\"},{\"@type\":\"BreadcrumbList\",\"@id\":\"https:\/\/www.suno.com.br\/noticias\/bolsas-mundiais-ny-europa-asia-28102020\/#breadcrumb\",\"itemListElement\":[{\"@type\":\"ListItem\",\"position\":1,\"name\":\"Not\u00edcias\",\"item\":\"https:\/\/www.suno.com.br\/noticias\/\"},{\"@type\":\"ListItem\",\"position\":2,\"name\":\"Mercado\",\"item\":\"https:\/\/www.suno.com.br\/noticias\/mercado\/\"},{\"@type\":\"ListItem\",\"position\":3,\"name\":\"Bolsas mundiais caem com avan\u00e7o da Covid-19; Europa atinge menor n\u00edvel em 5 meses\"}]},{\"@type\":\"WebSite\",\"@id\":\"https:\/\/www.suno.com.br\/noticias\/#website\",\"url\":\"https:\/\/www.suno.com.br\/noticias\/\",\"name\":\"Suno Not\u00edcias\",\"description\":\"Seu portal de informa\u00e7\u00e3o sobre o mundo dos investimentos\",\"publisher\":{\"@id\":\"https:\/\/www.suno.com.br\/noticias\/#organization\"},\"potentialAction\":[{\"@type\":\"SearchAction\",\"target\":{\"@type\":\"EntryPoint\",\"urlTemplate\":\"https:\/\/www.suno.com.br\/noticias\/?s={search_term_string}\"},\"query-input\":{\"@type\":\"PropertyValueSpecification\",\"valueRequired\":true,\"valueName\":\"search_term_string\"}}],\"inLanguage\":\"pt-BR\"},{\"@type\":\"Organization\",\"@id\":\"https:\/\/www.suno.com.br\/noticias\/#organization\",\"name\":\"Suno Not\u00edcias\",\"url\":\"https:\/\/www.suno.com.br\/noticias\/\",\"logo\":{\"@type\":\"ImageObject\",\"inLanguage\":\"pt-BR\",\"@id\":\"https:\/\/www.suno.com.br\/noticias\/#\/schema\/logo\/image\/\",\"url\":\"https:\/\/files.sunoresearch.com.br\/n\/uploads\/2021\/09\/suno-logo.png\",\"contentUrl\":\"https:\/\/files.sunoresearch.com.br\/n\/uploads\/2021\/09\/suno-logo.png\",\"width\":180,\"height\":180,\"caption\":\"Suno Not\u00edcias\"},\"image\":{\"@id\":\"https:\/\/www.suno.com.br\/noticias\/#\/schema\/logo\/image\/\"},\"sameAs\":[\"https:\/\/facebook.com\/sunoresearch\",\"https:\/\/x.com\/sunoresearch\",\"https:\/\/www.instagram.com\/suno\",\"https:\/\/www.linkedin.com\/company\/suno-research\/\",\"https:\/\/www.youtube.com\/c\/sunoresearch\"]},{\"@type\":\"Person\",\"@id\":\"https:\/\/www.suno.com.br\/noticias\/#\/schema\/person\/918d79de1f0281f01599b93f9ea6e23f\",\"name\":\"Jader Lazarini\",\"image\":{\"@type\":\"ImageObject\",\"inLanguage\":\"pt-BR\",\"@id\":\"https:\/\/www.suno.com.br\/noticias\/#\/schema\/person\/image\/\",\"url\":\"https:\/\/secure.gravatar.com\/avatar\/3c1ad8caa51589841baeb923fcddea97?s=96&r=g\",\"contentUrl\":\"https:\/\/secure.gravatar.com\/avatar\/3c1ad8caa51589841baeb923fcddea97?s=96&r=g\",\"caption\":\"Jader Lazarini\"},\"description\":\"Jader Lazarini escreve sobre investimentos, finan\u00e7as, economia e neg\u00f3cios. \u00c9 bacharel em Rela\u00e7\u00f5es Internacionais e analista CNPI (2619).\",\"url\":\"https:\/\/www.suno.com.br\/noticias\/author\/jader-lazarini\/\"}]}<\/script>\n<!-- \/ Yoast SEO plugin. -->","yoast_head_json":{"title":"Bolsas mundiais despencam frente ao avan\u00e7o da Covid-19","description":"As bolsas mundiais operam no vermelho nesta quarta-feira (29), indicando que o dia poder\u00e1 ser de forte venda. Clique e saiba mais.","robots":{"index":"index","follow":"follow","max-snippet":"max-snippet:-1","max-image-preview":"max-image-preview:large","max-video-preview":"max-video-preview:-1"},"canonical":"https:\/\/www.suno.com.br\/noticias\/bolsas-mundiais-ny-europa-asia-28102020\/","og_locale":"pt_BR","og_type":"article","og_title":"Bolsas mundiais despencam frente ao avan\u00e7o da Covid-19","og_description":"As bolsas mundiais operam no vermelho nesta quarta-feira (29), indicando que o dia poder\u00e1 ser de forte venda. Clique e saiba mais.","og_url":"https:\/\/www.suno.com.br\/noticias\/bolsas-mundiais-ny-europa-asia-28102020\/","og_site_name":"Suno Not\u00edcias","article_publisher":"https:\/\/facebook.com\/sunoresearch","og_image":[{"width":2000,"height":1500,"url":"https:\/\/files.sunoresearch.com.br\/n\/uploads\/2020\/10\/4ad08cf4-gettyimages-1017275652.jpg","type":"image\/jpeg"}],"author":"Jader Lazarini","twitter_card":"summary_large_image","twitter_creator":"@sunoresearch","twitter_site":"@sunoresearch","twitter_misc":{"Escrito por":"Jader Lazarini","Est. tempo de leitura":"3 minutos"},"schema":{"@context":"https:\/\/schema.org","@graph":[{"@type":"NewsArticle","@id":"https:\/\/www.suno.com.br\/noticias\/bolsas-mundiais-ny-europa-asia-28102020\/#article","isPartOf":{"@id":"https:\/\/www.suno.com.br\/noticias\/bolsas-mundiais-ny-europa-asia-28102020\/"},"author":{"name":"Jader Lazarini","@id":"https:\/\/www.suno.com.br\/noticias\/#\/schema\/person\/918d79de1f0281f01599b93f9ea6e23f"},"headline":"Bolsas mundiais caem com avan\u00e7o da Covid-19; Europa atinge menor n\u00edvel em 5 meses","datePublished":"2020-10-28T10:39:38+00:00","dateModified":"2021-06-14T02:30:53+00:00","mainEntityOfPage":{"@id":"https:\/\/www.suno.com.br\/noticias\/bolsas-mundiais-ny-europa-asia-28102020\/"},"wordCount":639,"publisher":{"@id":"https:\/\/www.suno.com.br\/noticias\/#organization"},"image":{"@id":"https:\/\/www.suno.com.br\/noticias\/bolsas-mundiais-ny-europa-asia-28102020\/#primaryimage"},"thumbnailUrl":"https:\/\/files.sunoresearch.com.br\/n\/uploads\/2020\/10\/4ad08cf4-gettyimages-1017275652.jpg","keywords":["Bolsas mundiais","coronav\u00edrus","Estados Unidos (EUA)","Europa","Nasdaq","S&amp;P 500"],"articleSection":["Mercado"],"inLanguage":"pt-BR"},{"@type":"WebPage","@id":"https:\/\/www.suno.com.br\/noticias\/bolsas-mundiais-ny-europa-asia-28102020\/","url":"https:\/\/www.suno.com.br\/noticias\/bolsas-mundiais-ny-europa-asia-28102020\/","name":"Bolsas mundiais despencam frente ao avan\u00e7o da Covid-19","isPartOf":{"@id":"https:\/\/www.suno.com.br\/noticias\/#website"},"primaryImageOfPage":{"@id":"https:\/\/www.suno.com.br\/noticias\/bolsas-mundiais-ny-europa-asia-28102020\/#primaryimage"},"image":{"@id":"https:\/\/www.suno.com.br\/noticias\/bolsas-mundiais-ny-europa-asia-28102020\/#primaryimage"},"thumbnailUrl":"https:\/\/files.sunoresearch.com.br\/n\/uploads\/2020\/10\/4ad08cf4-gettyimages-1017275652.jpg","datePublished":"2020-10-28T10:39:38+00:00","dateModified":"2021-06-14T02:30:53+00:00","description":"As bolsas mundiais operam no vermelho nesta quarta-feira (29), indicando que o dia poder\u00e1 ser de forte venda. Clique e saiba mais.","breadcrumb":{"@id":"https:\/\/www.suno.com.br\/noticias\/bolsas-mundiais-ny-europa-asia-28102020\/#breadcrumb"},"inLanguage":"pt-BR","potentialAction":[{"@type":"ReadAction","target":["https:\/\/www.suno.com.br\/noticias\/bolsas-mundiais-ny-europa-asia-28102020\/"]}]},{"@type":"ImageObject","inLanguage":"pt-BR","@id":"https:\/\/www.suno.com.br\/noticias\/bolsas-mundiais-ny-europa-asia-28102020\/#primaryimage","url":"https:\/\/files.sunoresearch.com.br\/n\/uploads\/2020\/10\/4ad08cf4-gettyimages-1017275652.jpg","contentUrl":"https:\/\/files.sunoresearch.com.br\/n\/uploads\/2020\/10\/4ad08cf4-gettyimages-1017275652.jpg","width":2000,"height":1500,"caption":"O S&P 500, que re\u00fane as 500 maiores empresas de capital aberto dos EUA, fechou em forte queda hoje"},{"@type":"BreadcrumbList","@id":"https:\/\/www.suno.com.br\/noticias\/bolsas-mundiais-ny-europa-asia-28102020\/#breadcrumb","itemListElement":[{"@type":"ListItem","position":1,"name":"Not\u00edcias","item":"https:\/\/www.suno.com.br\/noticias\/"},{"@type":"ListItem","position":2,"name":"Mercado","item":"https:\/\/www.suno.com.br\/noticias\/mercado\/"},{"@type":"ListItem","position":3,"name":"Bolsas mundiais caem com avan\u00e7o da Covid-19; Europa atinge menor n\u00edvel em 5 meses"}]},{"@type":"WebSite","@id":"https:\/\/www.suno.com.br\/noticias\/#website","url":"https:\/\/www.suno.com.br\/noticias\/","name":"Suno Not\u00edcias","description":"Seu portal de informa\u00e7\u00e3o sobre o mundo dos investimentos","publisher":{"@id":"https:\/\/www.suno.com.br\/noticias\/#organization"},"potentialAction":[{"@type":"SearchAction","target":{"@type":"EntryPoint","urlTemplate":"https:\/\/www.suno.com.br\/noticias\/?s={search_term_string}"},"query-input":{"@type":"PropertyValueSpecification","valueRequired":true,"valueName":"search_term_string"}}],"inLanguage":"pt-BR"},{"@type":"Organization","@id":"https:\/\/www.suno.com.br\/noticias\/#organization","name":"Suno Not\u00edcias","url":"https:\/\/www.suno.com.br\/noticias\/","logo":{"@type":"ImageObject","inLanguage":"pt-BR","@id":"https:\/\/www.suno.com.br\/noticias\/#\/schema\/logo\/image\/","url":"https:\/\/files.sunoresearch.com.br\/n\/uploads\/2021\/09\/suno-logo.png","contentUrl":"https:\/\/files.sunoresearch.com.br\/n\/uploads\/2021\/09\/suno-logo.png","width":180,"height":180,"caption":"Suno Not\u00edcias"},"image":{"@id":"https:\/\/www.suno.com.br\/noticias\/#\/schema\/logo\/image\/"},"sameAs":["https:\/\/facebook.com\/sunoresearch","https:\/\/x.com\/sunoresearch","https:\/\/www.instagram.com\/suno","https:\/\/www.linkedin.com\/company\/suno-research\/","https:\/\/www.youtube.com\/c\/sunoresearch"]},{"@type":"Person","@id":"https:\/\/www.suno.com.br\/noticias\/#\/schema\/person\/918d79de1f0281f01599b93f9ea6e23f","name":"Jader Lazarini","image":{"@type":"ImageObject","inLanguage":"pt-BR","@id":"https:\/\/www.suno.com.br\/noticias\/#\/schema\/person\/image\/","url":"https:\/\/secure.gravatar.com\/avatar\/3c1ad8caa51589841baeb923fcddea97?s=96&r=g","contentUrl":"https:\/\/secure.gravatar.com\/avatar\/3c1ad8caa51589841baeb923fcddea97?s=96&r=g","caption":"Jader Lazarini"},"description":"Jader Lazarini escreve sobre investimentos, finan\u00e7as, economia e neg\u00f3cios. \u00c9 bacharel em Rela\u00e7\u00f5es Internacionais e analista CNPI (2619).","url":"https:\/\/www.suno.com.br\/noticias\/author\/jader-lazarini\/"}]}},"default_loop_html":"<div class=\"cardsPage__listCard__boxs\"><div class=\"cardsPage__listCard__boxs__img\"><a href=\"https:\/\/www.suno.com.br\/noticias\/bolsas-mundiais-ny-europa-asia-28102020\/\"><img class=\"mask\" src=\"https:\/\/www.suno.com.br\/noticias\/wp-content\/themes\/suno\/resources\/images\/spotlight\/spotlight1img\/bg-mask.png\" alt=\"Image Mask\"\/><img src=\"https:\/\/files.sunoresearch.com.br\/n\/uploads\/2020\/10\/4ad08cf4-gettyimages-1017275652-400x200.webp\" alt=\"Bolsas mundiais caem com avan\u00e7o da Covid-19; Europa atinge menor n\u00edvel em 5 meses\"\/><\/a><span class=\"spotlightCategory\"><a href=\"https:\/\/www.suno.com.br\/noticias\/mercado\/\">Mercado<\/a><\/span><\/div><div class=\"cardsPage__listCard__boxs__content\"><a href=\"https:\/\/www.suno.com.br\/noticias\/bolsas-mundiais-ny-europa-asia-28102020\/\"><h2 class=\"content__title\">Bolsas mundiais caem com avan\u00e7o da Covid-19; Europa atinge menor n\u00edvel em 5 meses<\/h2><\/a><div class=\"newsContent__article__meta\"><div class=\"newsContent__article__meta__authorBox\"><a href=\"https:\/\/www.suno.com.br\/noticias\/author\/jader-lazarini\/\" class=\"authorBox__avatar noMobi\"><img src=\"https:\/\/files.sunoresearch.com.br\/n\/uploads\/2021\/01\/178e6598-foto-perfil-2-150x150.jpg\" alt=\"Jader Lazarini\"><\/a><div class=\"authorBox__name\"><span>por\n\t\t\t<a href=\"https:\/\/www.suno.com.br\/noticias\/author\/jader-lazarini\/\"><span itemprop=\"author\">Jader Lazarini<\/span><\/a><\/span><time datetime=\"2020-10-28T07:39:38-03:00\" itemprop=\"datePublished\">28\/10\/2020 07:39<\/time><\/div><\/div><\/div><\/div><\/div>","single_layout":"posts","amp_enabled":true,"_links":{"self":[{"href":"https:\/\/www.suno.com.br\/noticias\/wp-json\/wp\/v2\/posts\/95181"}],"collection":[{"href":"https:\/\/www.suno.com.br\/noticias\/wp-json\/wp\/v2\/posts"}],"about":[{"href":"https:\/\/www.suno.com.br\/noticias\/wp-json\/wp\/v2\/types\/post"}],"author":[{"embeddable":true,"href":"https:\/\/www.suno.com.br\/noticias\/wp-json\/wp\/v2\/users\/24"}],"replies":[{"embeddable":true,"href":"https:\/\/www.suno.com.br\/noticias\/wp-json\/wp\/v2\/comments?post=95181"}],"version-history":[{"count":1,"href":"https:\/\/www.suno.com.br\/noticias\/wp-json\/wp\/v2\/posts\/95181\/revisions"}],"predecessor-version":[{"id":156835,"href":"https:\/\/www.suno.com.br\/noticias\/wp-json\/wp\/v2\/posts\/95181\/revisions\/156835"}],"wp:featuredmedia":[{"embeddable":true,"href":"https:\/\/www.suno.com.br\/noticias\/wp-json\/wp\/v2\/media\/95184"}],"wp:attachment":[{"href":"https:\/\/www.suno.com.br\/noticias\/wp-json\/wp\/v2\/media?parent=95181"}],"wp:term":[{"taxonomy":"category","embeddable":true,"href":"https:\/\/www.suno.com.br\/noticias\/wp-json\/wp\/v2\/categories?post=95181"},{"taxonomy":"post_tag","embeddable":true,"href":"https:\/\/www.suno.com.br\/noticias\/wp-json\/wp\/v2\/tags?post=95181"},{"taxonomy":"suno_strategy","embeddable":true,"href":"https:\/\/www.suno.com.br\/noticias\/wp-json\/wp\/v2\/suno_strategy?post=95181"}],"curies":[{"name":"wp","href":"https:\/\/api.w.org\/{rel}","templated":true}]}}