{"id":95053,"date":"2020-10-27T17:40:52","date_gmt":"2020-10-27T20:40:52","guid":{"rendered":"https:\/\/www.suno.com.br\/noticias\/?p=95053"},"modified":"2021-06-13T23:30:55","modified_gmt":"2021-06-14T02:30:55","slug":"dolar-encerra-em-alta-de-125-cotado-em-r-5682-27102020","status":"publish","type":"post","link":"https:\/\/www.suno.com.br\/noticias\/dolar-encerra-em-alta-de-125-cotado-em-r-5682-27102020\/","title":{"rendered":"D\u00f3lar encerra em alta de 1,25%, cotado em R$ 5,682"},"content":{"rendered":"<p>O <a href=\"https:\/\/www.suno.com.br\/artigos\/dolar\/\"><strong>d\u00f3lar<\/strong> <\/a>encerrou nessa ter\u00e7a-feira (27) em alta de 1,25%, negociado a R$ 5,682 na venda.<\/p>\t<div class=\"wrapper-featured-image\">\n\t\t<figure class=\"spotlightImg\">\n\n\t\t\t<picture>\n\t\t\t\t<source media=\"(max-width: 768px)\" srcset=\"https:\/\/files.sunoresearch.com.br\/n\/uploads\/2020\/09\/0853ba8e-dolar-2-400x200.webp\">\n\t\t\t\t<img loading=\"lazy\" decoding=\"async\" class=\"newsContent__article__imgCapa lazyloadDisabled \" src=\"https:\/\/files.sunoresearch.com.br\/n\/uploads\/2020\/09\/0853ba8e-dolar-2-800x450.webp\" width=\"800\" height=\"450\" alt=\"D\u00f3lar encerra em alta de 1,25%, cotado em R$ 5,682\" fetchpriority=high \/>\n\t\t\t<\/picture>\n\n\t\t\t<figcaption class=\"wp-caption-text wp-caption-text--show\">Na \u00faltima sess\u00e3o, segunda-feira (30), o d\u00f3lar encerrou em alta de 0,38%, negociado a R$ 5,3462 na venda.<\/figcaption>\n\t\t<\/figure>\n\t<\/div>\n\n\n<div class=\"hubspot-form-wrapper\">\n\t<div id=\"single-form-target\"><\/div>\n<\/div>\n\n<p>O <strong>d\u00f3lar hoje\u00a0<\/strong>abriu em leve alta enquanto o mercado acompanhava o avan\u00e7o do<a href=\"https:\/\/www.suno.com.br\/noticias\/tags\/coronavirus\/\"> novo <strong>coronav\u00edrus<\/strong> (covid-19)<\/a> na Europa e o pacote de est\u00edmulos dos <strong>Estados Unidos<\/strong>.<\/p>\n<p>J\u00e1 durante o dia, seguiu no radar dos investidores a <strong>D\u00edvida P\u00fablica<\/strong> Federal (DPF), que registrou um crescimento de 2,59% em setembro deste ano ante o m\u00eas de agosto, para R$ 4,527 trilh\u00f5es.<\/p>\n<p><a href=\"https:\/\/lp.suno.com.br\/suno-one\/\">Suno One: acesse gratuitamente eBooks, Minicursos, Artigos e Video Aulas sobre investimentos com um \u00fanico cadastro. Clique para saber mais!<\/a><\/p>\n<p>Al\u00e9m disso, confira as principais not\u00edcias que movimentaram o mercado nessa ter\u00e7a-feira:<\/p>\n<ul>\n<li><strong>EUA:<\/strong> Trump diz que pacote de al\u00edvio deve ocorrer ap\u00f3s elei\u00e7\u00e3o<\/li>\n<li><strong>D\u00edvida p\u00fablica federal<\/strong> sobe 2,59% em setembro e chega a R$ 4,527 tri<\/li>\n<li><strong>Copom<\/strong> deve manter <strong>Selic<\/strong> a 2%, mas risco fiscal acende alerta<\/li>\n<li>\u00daltima\u00a0<strong>cota\u00e7\u00e3o do d\u00f3lar<\/strong><\/li>\n<\/ul>\n<h2>Pacote de al\u00edvio segue no radar e puxa o d\u00f3lar<\/h2>\n<p>O atual presidente dos <strong>EUA,<\/strong> <a href=\"https:\/\/www.suno.com.br\/tudo-sobre\/donald-trump\/\">Donald Trump<\/a>, afirmou, nessa ter\u00e7a-feira, que ap\u00f3s as elei\u00e7\u00f5es em 3 de novembro, \u00e9 prov\u00e1vel que haja um novo pacote de est\u00edmulo ao coronav\u00edrus.<\/p>\n<p>De acordo afirmou o presidente dos <strong>EUA<\/strong> &#8220;ap\u00f3s a elei\u00e7\u00e3o, teremos o melhor <strong>pacote de est\u00edmulo<\/strong> que voc\u00ea j\u00e1 viu&#8221;.<\/p>\n<p>Al\u00e9m disso, na ocasi\u00e3o, o mandat\u00e1rio atribuiu a culpa pelo atraso do pacote de gastos federais a presidente da C\u00e2mara dos Deputados dos Estados Unidos, <strong>Nancy Pelosi.<\/strong><\/p>\n<h2>D\u00edvida p\u00fablica federal chega a R$ 4,527 tri<\/h2>\n<p>O <a href=\"https:\/\/www.suno.com.br\/artigos\/tesouro-nacional\/\"><strong>Tesouro Nacional<\/strong><\/a> informou nesta ter\u00e7a-feira que a <a href=\"https:\/\/www.suno.com.br\/artigos\/divida-publica\/\"><strong>D\u00edvida P\u00fablica Federal (DPF)<\/strong><\/a><strong>,<\/strong> que inclui d\u00e9bitos do governo no Brasil e no exterior, registrou um crescimento de 2,59% em setembro deste ano ante o m\u00eas de agosto, para R$ 4,527 trilh\u00f5es.<\/p>\n<p>A d\u00edvida p\u00fablica \u00e9 emitida pelo Tesouro a fim de custear o <a href=\"https:\/\/www.suno.com.br\/artigos\/deficit-primario\/\">d\u00e9ficit or\u00e7ament\u00e1rio<\/a> do governo federal para, com isso, quitar despesas superiores a arrecada\u00e7\u00e3o com impostos e <a href=\"https:\/\/www.suno.com.br\/artigos\/tributos-federais\/\">tributos<\/a>. Em agosto, a d\u00edvida p\u00fablica federal subiu 1,56% em agosto, somando R$ 4,412 trilh\u00f5es.<\/p>\n\t<div data-element=\"shortcode-read-more\" class=\"knowMore\">\n\t\t\t\t<span class=\"knowMore__title\">Saiba mais<\/span>\n\t\t\t\t<a class=\"knowMore__link\" href=\"https:\/\/www.suno.com.br\/noticias\/divida-publica-federal-setembro\/\">\n\t\t\tD\u00edvida p\u00fablica federal sobe 2,59% em setembro e chega a R$ 4,527 tri\t\t<\/a>\n\t<\/div>\n\n\n<p>De acordo com o Tesouro, o avan\u00e7o da d\u00edvida em setembro se deve por conta da alta nas emiss\u00f5es de t\u00edtulos p\u00fablicos, que corresponderam a R$ 155,27 bilh\u00f5es, enquanto os resgates alcan\u00e7aram R$ 74,57 bilh\u00f5es no per\u00edodo. A emiss\u00e3o l\u00edquida, que se refere ao volume acima dos resgates, cresceu para R$ 80,7 bilh\u00f5es no m\u00eas passado. Ao mesmo tempo, as despesas com juros somaram R$ 33,69 bilh\u00f5es.<\/p>\n<h2>Copom deve manter Selic a 2%<\/h2>\n<p>Come\u00e7a hoje e segue at\u00e9 amanh\u00e3 (28) a reuni\u00e3o do<strong> Comit\u00ea de Pol\u00edtica Monet\u00e1ria<\/strong> (<strong><a href=\"https:\/\/www.suno.com.br\/artigos\/copom\/\" target=\"_blank\" rel=\"noopener noreferrer\">Copom<\/a><\/strong>) do <a href=\"https:\/\/www.suno.com.br\/artigos\/bacen\/\" target=\"_blank\" rel=\"noopener noreferrer\">Banco Central<\/a> do Brasil para definir a pol\u00edtica monet\u00e1ria. A expectativa que predomina no mercado \u00e9 de que a<strong> taxa b\u00e1sica de juros (<a href=\"https:\/\/www.suno.com.br\/artigos\/taxa-selic\/\" target=\"_blank\" rel=\"noopener noreferrer\">Selic<\/a>)<\/strong> ser\u00e1 mantida em 2% ao ano, n\u00edvel mais baixo da hist\u00f3ria.<\/p>\n<p>Esta \u00e9 a vis\u00e3o das seguintes fontes consultadas pelo <strong>Suno Not\u00edcias<\/strong>: Goldman Sachs, Credit Suisse, JPMorgan, BTG Pactual, Ita\u00fa Unibanco e Santander.<\/p>\n\t<div data-element=\"shortcode-read-more\" class=\"knowMore\">\n\t\t\t\t<span class=\"knowMore__title\">Veja Tamb\u00e9m<\/span>\n\t\t\t\t<a class=\"knowMore__link\" href=\"https:\/\/www.suno.com.br\/noticias\/copom-deve-manter-selic-2-mas-alertar-risco-fiscal\/\">\n\t\t\tCopom deve manter Selic a 2%, mas risco fiscal acende alerta\t\t<\/a>\n\t<\/div>\n\n\n<p>Por enquanto, os especialistas avaliam que o risco de <strong>infla\u00e7\u00e3o<\/strong> no longo prazo n\u00e3o \u00e9 o suficiente para justificar uma alta na <strong>taxa de juros<\/strong>. O que mais chama aten\u00e7\u00e3o dos bancos neste momento s\u00e3o os temores em rela\u00e7\u00e3o \u00e0 deteriora\u00e7\u00e3o fiscal do pa\u00eds, o que deve levar o Copom a aumentar seu alerta sobre riscos, podendo impactar os juros mais adiante.<\/p>\n<h2>\u00daltima cota\u00e7\u00e3o do d\u00f3lar<\/h2>\n<p>Na \u00faltima sess\u00e3o, segunda-feira (26), o <strong>d\u00f3lar<\/strong> encerrou o preg\u00e3o em queda de 0,27%, negociado a R$ 5,612.<\/p>\n\t<p>\n\t\t<a href=\"https:\/\/lp.suno.com.br\/planilha-de-controle-de-investimentos\/\" target=\"_blank\" data-element=\"shortcode-suno-banner\" title=\"Banner SUNO, clique e saiba mais\">\n\t\t\t<picture>\n\t\t\t\t<source media=\"(max-width: 500px)\" srcset=\"https:\/\/files.sunoresearch.com.br\/n\/uploads\/2023\/03\/400x300-Controle-de-Investimentos.png\">\n\t\t\t\t<img class=\"newsContent__article__imgCapa newsContent__article__imgCapa--banner\"\n\t\t\t\t\tsrc=\"https:\/\/files.sunoresearch.com.br\/n\/uploads\/2023\/03\/1420x240-Controle-de-Investimentos.png\"\n\t\t\t\t\tdata-promo-id=\"75934\"\t\t\t\t\t\t\t\t\t\twidth='1420' height='240'\t\t\t\t\talt=\"https:\/\/files.sunoresearch.com.br\/n\/uploads\/2023\/03\/1420x240-Controle-de-Investimentos.png\"\n\t\t\t\t>\n\t\t\t<\/picture>\n\t\t<\/a>\n\t<\/p>\n\n\n","protected":false},"excerpt":{"rendered":"<p>O d\u00f3lar encerrou nessa ter\u00e7a-feira (27) em alta de 1,25%, negociado a R$ 5,682 na venda. Na \u00faltima sess\u00e3o, segunda-feira (30), o d\u00f3lar encerrou em alta de 0,38%, negociado a R$ 5,3462 na venda. O d\u00f3lar hoje\u00a0abriu em leve alta enquanto o mercado acompanhava o avan\u00e7o do novo coronav\u00edrus (covid-19) na Europa e o pacote [&hellip;]<\/p>\n","protected":false},"author":39,"featured_media":86242,"comment_status":"closed","ping_status":"closed","sticky":false,"template":"","format":"standard","meta":[],"categories":[60],"tags":[1104,1265,326,724,793,105707,290],"suno_strategy":[],"class_list":["post-95053","post","type-post","status-publish","format-standard","has-post-thumbnail","hentry","category-mercado","tag-copom","tag-divida-publica-federal","tag-dolar","tag-donald-trump","tag-estados-unidos-eua","tag-pacote-de-estimulos","tag-taxa-selic"],"yoast_head":"<!-- This site is optimized with the Yoast SEO plugin v24.4 - https:\/\/yoast.com\/wordpress\/plugins\/seo\/ -->\n<title>D\u00f3lar encerra em alta de 1,25%, cotado em R$ 5,682<\/title>\n<meta name=\"description\" content=\"O d\u00f3lar encerrou nessa ter\u00e7a-feira (27) em alta de 1,25%, negociado a R$ 5,682 na venda. Clique aqui para saber mais.\" \/>\n<meta name=\"robots\" content=\"index, follow, max-snippet:-1, max-image-preview:large, max-video-preview:-1\" \/>\n<link rel=\"canonical\" href=\"https:\/\/www.suno.com.br\/noticias\/dolar-encerra-em-alta-de-125-cotado-em-r-5682-27102020\/\" \/>\n<meta property=\"og:locale\" content=\"pt_BR\" \/>\n<meta property=\"og:type\" content=\"article\" \/>\n<meta property=\"og:title\" content=\"D\u00f3lar encerra em alta de 1,25%, cotado em R$ 5,682\" \/>\n<meta property=\"og:description\" content=\"O d\u00f3lar encerrou nessa ter\u00e7a-feira (27) em alta de 1,25%, negociado a R$ 5,682 na venda. Clique aqui para saber mais.\" \/>\n<meta property=\"og:url\" content=\"https:\/\/www.suno.com.br\/noticias\/dolar-encerra-em-alta-de-125-cotado-em-r-5682-27102020\/\" \/>\n<meta property=\"og:site_name\" content=\"Suno Not\u00edcias\" \/>\n<meta property=\"article:publisher\" content=\"https:\/\/facebook.com\/sunoresearch\" \/>\n<meta property=\"og:image\" content=\"https:\/\/files.sunoresearch.com.br\/n\/uploads\/2020\/09\/0853ba8e-dolar-2.jpg\" \/>\n\t<meta property=\"og:image:width\" content=\"1280\" \/>\n\t<meta property=\"og:image:height\" content=\"853\" \/>\n\t<meta property=\"og:image:type\" content=\"image\/jpeg\" \/>\n<meta name=\"author\" content=\"Laura Moutinho\" \/>\n<meta name=\"twitter:card\" content=\"summary_large_image\" \/>\n<meta name=\"twitter:creator\" content=\"@sunoresearch\" \/>\n<meta name=\"twitter:site\" content=\"@sunoresearch\" \/>\n<meta name=\"twitter:label1\" content=\"Escrito por\" \/>\n\t<meta name=\"twitter:data1\" content=\"Laura Moutinho\" \/>\n\t<meta name=\"twitter:label2\" content=\"Est. tempo de leitura\" \/>\n\t<meta name=\"twitter:data2\" content=\"3 minutos\" \/>\n<script type=\"application\/ld+json\" class=\"yoast-schema-graph\">{\"@context\":\"https:\/\/schema.org\",\"@graph\":[{\"@type\":\"NewsArticle\",\"@id\":\"https:\/\/www.suno.com.br\/noticias\/dolar-encerra-em-alta-de-125-cotado-em-r-5682-27102020\/#article\",\"isPartOf\":{\"@id\":\"https:\/\/www.suno.com.br\/noticias\/dolar-encerra-em-alta-de-125-cotado-em-r-5682-27102020\/\"},\"author\":{\"name\":\"Laura Moutinho\",\"@id\":\"https:\/\/www.suno.com.br\/noticias\/#\/schema\/person\/3df0d2808748b74496efe5dbeaef2c72\"},\"headline\":\"D\u00f3lar encerra em alta de 1,25%, cotado em R$ 5,682\",\"datePublished\":\"2020-10-27T20:40:52+00:00\",\"dateModified\":\"2021-06-14T02:30:55+00:00\",\"mainEntityOfPage\":{\"@id\":\"https:\/\/www.suno.com.br\/noticias\/dolar-encerra-em-alta-de-125-cotado-em-r-5682-27102020\/\"},\"wordCount\":653,\"publisher\":{\"@id\":\"https:\/\/www.suno.com.br\/noticias\/#organization\"},\"image\":{\"@id\":\"https:\/\/www.suno.com.br\/noticias\/dolar-encerra-em-alta-de-125-cotado-em-r-5682-27102020\/#primaryimage\"},\"thumbnailUrl\":\"https:\/\/files.sunoresearch.com.br\/n\/uploads\/2020\/09\/0853ba8e-dolar-2.jpg\",\"keywords\":[\"Copom\",\"D\u00edvida P\u00fablica Federal\",\"d\u00f3lar\",\"Donald Trump\",\"Estados Unidos (EUA)\",\"pacote de est\u00edmulos\",\"Taxa Selic\"],\"articleSection\":[\"Mercado\"],\"inLanguage\":\"pt-BR\"},{\"@type\":\"WebPage\",\"@id\":\"https:\/\/www.suno.com.br\/noticias\/dolar-encerra-em-alta-de-125-cotado-em-r-5682-27102020\/\",\"url\":\"https:\/\/www.suno.com.br\/noticias\/dolar-encerra-em-alta-de-125-cotado-em-r-5682-27102020\/\",\"name\":\"D\u00f3lar encerra em alta de 1,25%, cotado em R$ 5,682\",\"isPartOf\":{\"@id\":\"https:\/\/www.suno.com.br\/noticias\/#website\"},\"primaryImageOfPage\":{\"@id\":\"https:\/\/www.suno.com.br\/noticias\/dolar-encerra-em-alta-de-125-cotado-em-r-5682-27102020\/#primaryimage\"},\"image\":{\"@id\":\"https:\/\/www.suno.com.br\/noticias\/dolar-encerra-em-alta-de-125-cotado-em-r-5682-27102020\/#primaryimage\"},\"thumbnailUrl\":\"https:\/\/files.sunoresearch.com.br\/n\/uploads\/2020\/09\/0853ba8e-dolar-2.jpg\",\"datePublished\":\"2020-10-27T20:40:52+00:00\",\"dateModified\":\"2021-06-14T02:30:55+00:00\",\"description\":\"O d\u00f3lar encerrou nessa ter\u00e7a-feira (27) em alta de 1,25%, negociado a R$ 5,682 na venda. Clique aqui para saber mais.\",\"breadcrumb\":{\"@id\":\"https:\/\/www.suno.com.br\/noticias\/dolar-encerra-em-alta-de-125-cotado-em-r-5682-27102020\/#breadcrumb\"},\"inLanguage\":\"pt-BR\",\"potentialAction\":[{\"@type\":\"ReadAction\",\"target\":[\"https:\/\/www.suno.com.br\/noticias\/dolar-encerra-em-alta-de-125-cotado-em-r-5682-27102020\/\"]}]},{\"@type\":\"ImageObject\",\"inLanguage\":\"pt-BR\",\"@id\":\"https:\/\/www.suno.com.br\/noticias\/dolar-encerra-em-alta-de-125-cotado-em-r-5682-27102020\/#primaryimage\",\"url\":\"https:\/\/files.sunoresearch.com.br\/n\/uploads\/2020\/09\/0853ba8e-dolar-2.jpg\",\"contentUrl\":\"https:\/\/files.sunoresearch.com.br\/n\/uploads\/2020\/09\/0853ba8e-dolar-2.jpg\",\"width\":1280,\"height\":853,\"caption\":\"Na \u00faltima sess\u00e3o, segunda-feira (30), o d\u00f3lar encerrou em alta de 0,38%, negociado a R$ 5,3462 na venda.\"},{\"@type\":\"BreadcrumbList\",\"@id\":\"https:\/\/www.suno.com.br\/noticias\/dolar-encerra-em-alta-de-125-cotado-em-r-5682-27102020\/#breadcrumb\",\"itemListElement\":[{\"@type\":\"ListItem\",\"position\":1,\"name\":\"Not\u00edcias\",\"item\":\"https:\/\/www.suno.com.br\/noticias\/\"},{\"@type\":\"ListItem\",\"position\":2,\"name\":\"Mercado\",\"item\":\"https:\/\/www.suno.com.br\/noticias\/mercado\/\"},{\"@type\":\"ListItem\",\"position\":3,\"name\":\"D\u00f3lar encerra em alta de 1,25%, cotado em R$ 5,682\"}]},{\"@type\":\"WebSite\",\"@id\":\"https:\/\/www.suno.com.br\/noticias\/#website\",\"url\":\"https:\/\/www.suno.com.br\/noticias\/\",\"name\":\"Suno Not\u00edcias\",\"description\":\"Seu portal de informa\u00e7\u00e3o sobre o mundo dos investimentos\",\"publisher\":{\"@id\":\"https:\/\/www.suno.com.br\/noticias\/#organization\"},\"potentialAction\":[{\"@type\":\"SearchAction\",\"target\":{\"@type\":\"EntryPoint\",\"urlTemplate\":\"https:\/\/www.suno.com.br\/noticias\/?s={search_term_string}\"},\"query-input\":{\"@type\":\"PropertyValueSpecification\",\"valueRequired\":true,\"valueName\":\"search_term_string\"}}],\"inLanguage\":\"pt-BR\"},{\"@type\":\"Organization\",\"@id\":\"https:\/\/www.suno.com.br\/noticias\/#organization\",\"name\":\"Suno Not\u00edcias\",\"url\":\"https:\/\/www.suno.com.br\/noticias\/\",\"logo\":{\"@type\":\"ImageObject\",\"inLanguage\":\"pt-BR\",\"@id\":\"https:\/\/www.suno.com.br\/noticias\/#\/schema\/logo\/image\/\",\"url\":\"https:\/\/files.sunoresearch.com.br\/n\/uploads\/2021\/09\/suno-logo.png\",\"contentUrl\":\"https:\/\/files.sunoresearch.com.br\/n\/uploads\/2021\/09\/suno-logo.png\",\"width\":180,\"height\":180,\"caption\":\"Suno Not\u00edcias\"},\"image\":{\"@id\":\"https:\/\/www.suno.com.br\/noticias\/#\/schema\/logo\/image\/\"},\"sameAs\":[\"https:\/\/facebook.com\/sunoresearch\",\"https:\/\/x.com\/sunoresearch\",\"https:\/\/www.instagram.com\/suno\",\"https:\/\/www.linkedin.com\/company\/suno-research\/\",\"https:\/\/www.youtube.com\/c\/sunoresearch\"]},{\"@type\":\"Person\",\"@id\":\"https:\/\/www.suno.com.br\/noticias\/#\/schema\/person\/3df0d2808748b74496efe5dbeaef2c72\",\"name\":\"Laura Moutinho\",\"image\":{\"@type\":\"ImageObject\",\"inLanguage\":\"pt-BR\",\"@id\":\"https:\/\/www.suno.com.br\/noticias\/#\/schema\/person\/image\/\",\"url\":\"https:\/\/secure.gravatar.com\/avatar\/7571c7c8ca3a6fca5e41384ece5557ff?s=96&r=g\",\"contentUrl\":\"https:\/\/secure.gravatar.com\/avatar\/7571c7c8ca3a6fca5e41384ece5557ff?s=96&r=g\",\"caption\":\"Laura Moutinho\"},\"description\":\"Estagi\u00e1ria na Suno Not\u00edcias, escreve not\u00edcias que afetam o mercado financeiro. Estuda administra\u00e7\u00e3o na Universidade Presbiteriana Mackenzie.\",\"url\":\"https:\/\/www.suno.com.br\/noticias\/author\/laura-moutinho\/\"}]}<\/script>\n<!-- \/ Yoast SEO plugin. -->","yoast_head_json":{"title":"D\u00f3lar encerra em alta de 1,25%, cotado em R$ 5,682","description":"O d\u00f3lar encerrou nessa ter\u00e7a-feira (27) em alta de 1,25%, negociado a R$ 5,682 na venda. Clique aqui para saber mais.","robots":{"index":"index","follow":"follow","max-snippet":"max-snippet:-1","max-image-preview":"max-image-preview:large","max-video-preview":"max-video-preview:-1"},"canonical":"https:\/\/www.suno.com.br\/noticias\/dolar-encerra-em-alta-de-125-cotado-em-r-5682-27102020\/","og_locale":"pt_BR","og_type":"article","og_title":"D\u00f3lar encerra em alta de 1,25%, cotado em R$ 5,682","og_description":"O d\u00f3lar encerrou nessa ter\u00e7a-feira (27) em alta de 1,25%, negociado a R$ 5,682 na venda. Clique aqui para saber mais.","og_url":"https:\/\/www.suno.com.br\/noticias\/dolar-encerra-em-alta-de-125-cotado-em-r-5682-27102020\/","og_site_name":"Suno Not\u00edcias","article_publisher":"https:\/\/facebook.com\/sunoresearch","og_image":[{"width":1280,"height":853,"url":"https:\/\/files.sunoresearch.com.br\/n\/uploads\/2020\/09\/0853ba8e-dolar-2.jpg","type":"image\/jpeg"}],"author":"Laura Moutinho","twitter_card":"summary_large_image","twitter_creator":"@sunoresearch","twitter_site":"@sunoresearch","twitter_misc":{"Escrito por":"Laura Moutinho","Est. tempo de leitura":"3 minutos"},"schema":{"@context":"https:\/\/schema.org","@graph":[{"@type":"NewsArticle","@id":"https:\/\/www.suno.com.br\/noticias\/dolar-encerra-em-alta-de-125-cotado-em-r-5682-27102020\/#article","isPartOf":{"@id":"https:\/\/www.suno.com.br\/noticias\/dolar-encerra-em-alta-de-125-cotado-em-r-5682-27102020\/"},"author":{"name":"Laura Moutinho","@id":"https:\/\/www.suno.com.br\/noticias\/#\/schema\/person\/3df0d2808748b74496efe5dbeaef2c72"},"headline":"D\u00f3lar encerra em alta de 1,25%, cotado em R$ 5,682","datePublished":"2020-10-27T20:40:52+00:00","dateModified":"2021-06-14T02:30:55+00:00","mainEntityOfPage":{"@id":"https:\/\/www.suno.com.br\/noticias\/dolar-encerra-em-alta-de-125-cotado-em-r-5682-27102020\/"},"wordCount":653,"publisher":{"@id":"https:\/\/www.suno.com.br\/noticias\/#organization"},"image":{"@id":"https:\/\/www.suno.com.br\/noticias\/dolar-encerra-em-alta-de-125-cotado-em-r-5682-27102020\/#primaryimage"},"thumbnailUrl":"https:\/\/files.sunoresearch.com.br\/n\/uploads\/2020\/09\/0853ba8e-dolar-2.jpg","keywords":["Copom","D\u00edvida P\u00fablica Federal","d\u00f3lar","Donald Trump","Estados Unidos (EUA)","pacote de est\u00edmulos","Taxa Selic"],"articleSection":["Mercado"],"inLanguage":"pt-BR"},{"@type":"WebPage","@id":"https:\/\/www.suno.com.br\/noticias\/dolar-encerra-em-alta-de-125-cotado-em-r-5682-27102020\/","url":"https:\/\/www.suno.com.br\/noticias\/dolar-encerra-em-alta-de-125-cotado-em-r-5682-27102020\/","name":"D\u00f3lar encerra em alta de 1,25%, cotado em R$ 5,682","isPartOf":{"@id":"https:\/\/www.suno.com.br\/noticias\/#website"},"primaryImageOfPage":{"@id":"https:\/\/www.suno.com.br\/noticias\/dolar-encerra-em-alta-de-125-cotado-em-r-5682-27102020\/#primaryimage"},"image":{"@id":"https:\/\/www.suno.com.br\/noticias\/dolar-encerra-em-alta-de-125-cotado-em-r-5682-27102020\/#primaryimage"},"thumbnailUrl":"https:\/\/files.sunoresearch.com.br\/n\/uploads\/2020\/09\/0853ba8e-dolar-2.jpg","datePublished":"2020-10-27T20:40:52+00:00","dateModified":"2021-06-14T02:30:55+00:00","description":"O d\u00f3lar encerrou nessa ter\u00e7a-feira (27) em alta de 1,25%, negociado a R$ 5,682 na venda. Clique aqui para saber mais.","breadcrumb":{"@id":"https:\/\/www.suno.com.br\/noticias\/dolar-encerra-em-alta-de-125-cotado-em-r-5682-27102020\/#breadcrumb"},"inLanguage":"pt-BR","potentialAction":[{"@type":"ReadAction","target":["https:\/\/www.suno.com.br\/noticias\/dolar-encerra-em-alta-de-125-cotado-em-r-5682-27102020\/"]}]},{"@type":"ImageObject","inLanguage":"pt-BR","@id":"https:\/\/www.suno.com.br\/noticias\/dolar-encerra-em-alta-de-125-cotado-em-r-5682-27102020\/#primaryimage","url":"https:\/\/files.sunoresearch.com.br\/n\/uploads\/2020\/09\/0853ba8e-dolar-2.jpg","contentUrl":"https:\/\/files.sunoresearch.com.br\/n\/uploads\/2020\/09\/0853ba8e-dolar-2.jpg","width":1280,"height":853,"caption":"Na \u00faltima sess\u00e3o, segunda-feira (30), o d\u00f3lar encerrou em alta de 0,38%, negociado a R$ 5,3462 na venda."},{"@type":"BreadcrumbList","@id":"https:\/\/www.suno.com.br\/noticias\/dolar-encerra-em-alta-de-125-cotado-em-r-5682-27102020\/#breadcrumb","itemListElement":[{"@type":"ListItem","position":1,"name":"Not\u00edcias","item":"https:\/\/www.suno.com.br\/noticias\/"},{"@type":"ListItem","position":2,"name":"Mercado","item":"https:\/\/www.suno.com.br\/noticias\/mercado\/"},{"@type":"ListItem","position":3,"name":"D\u00f3lar encerra em alta de 1,25%, cotado em R$ 5,682"}]},{"@type":"WebSite","@id":"https:\/\/www.suno.com.br\/noticias\/#website","url":"https:\/\/www.suno.com.br\/noticias\/","name":"Suno Not\u00edcias","description":"Seu portal de informa\u00e7\u00e3o sobre o mundo dos investimentos","publisher":{"@id":"https:\/\/www.suno.com.br\/noticias\/#organization"},"potentialAction":[{"@type":"SearchAction","target":{"@type":"EntryPoint","urlTemplate":"https:\/\/www.suno.com.br\/noticias\/?s={search_term_string}"},"query-input":{"@type":"PropertyValueSpecification","valueRequired":true,"valueName":"search_term_string"}}],"inLanguage":"pt-BR"},{"@type":"Organization","@id":"https:\/\/www.suno.com.br\/noticias\/#organization","name":"Suno Not\u00edcias","url":"https:\/\/www.suno.com.br\/noticias\/","logo":{"@type":"ImageObject","inLanguage":"pt-BR","@id":"https:\/\/www.suno.com.br\/noticias\/#\/schema\/logo\/image\/","url":"https:\/\/files.sunoresearch.com.br\/n\/uploads\/2021\/09\/suno-logo.png","contentUrl":"https:\/\/files.sunoresearch.com.br\/n\/uploads\/2021\/09\/suno-logo.png","width":180,"height":180,"caption":"Suno Not\u00edcias"},"image":{"@id":"https:\/\/www.suno.com.br\/noticias\/#\/schema\/logo\/image\/"},"sameAs":["https:\/\/facebook.com\/sunoresearch","https:\/\/x.com\/sunoresearch","https:\/\/www.instagram.com\/suno","https:\/\/www.linkedin.com\/company\/suno-research\/","https:\/\/www.youtube.com\/c\/sunoresearch"]},{"@type":"Person","@id":"https:\/\/www.suno.com.br\/noticias\/#\/schema\/person\/3df0d2808748b74496efe5dbeaef2c72","name":"Laura Moutinho","image":{"@type":"ImageObject","inLanguage":"pt-BR","@id":"https:\/\/www.suno.com.br\/noticias\/#\/schema\/person\/image\/","url":"https:\/\/secure.gravatar.com\/avatar\/7571c7c8ca3a6fca5e41384ece5557ff?s=96&r=g","contentUrl":"https:\/\/secure.gravatar.com\/avatar\/7571c7c8ca3a6fca5e41384ece5557ff?s=96&r=g","caption":"Laura Moutinho"},"description":"Estagi\u00e1ria na Suno Not\u00edcias, escreve not\u00edcias que afetam o mercado financeiro. Estuda administra\u00e7\u00e3o na Universidade Presbiteriana Mackenzie.","url":"https:\/\/www.suno.com.br\/noticias\/author\/laura-moutinho\/"}]}},"default_loop_html":"<div class=\"cardsPage__listCard__boxs\"><div class=\"cardsPage__listCard__boxs__img\"><a href=\"https:\/\/www.suno.com.br\/noticias\/dolar-encerra-em-alta-de-125-cotado-em-r-5682-27102020\/\"><img class=\"mask\" src=\"https:\/\/www.suno.com.br\/noticias\/wp-content\/themes\/suno\/resources\/images\/spotlight\/spotlight1img\/bg-mask.png\" alt=\"Image Mask\"\/><img src=\"https:\/\/files.sunoresearch.com.br\/n\/uploads\/2020\/09\/0853ba8e-dolar-2-400x200.webp\" alt=\"D\u00f3lar encerra em alta de 1,25%, cotado em R$ 5,682\"\/><\/a><span class=\"spotlightCategory\"><a href=\"https:\/\/www.suno.com.br\/noticias\/mercado\/\">Mercado<\/a><\/span><\/div><div class=\"cardsPage__listCard__boxs__content\"><a href=\"https:\/\/www.suno.com.br\/noticias\/dolar-encerra-em-alta-de-125-cotado-em-r-5682-27102020\/\"><h2 class=\"content__title\">D\u00f3lar encerra em alta de 1,25%, cotado em R$ 5,682<\/h2><\/a><div class=\"newsContent__article__meta\"><div class=\"newsContent__article__meta__authorBox\"><a href=\"https:\/\/www.suno.com.br\/noticias\/author\/laura-moutinho\/\" class=\"authorBox__avatar noMobi\"><img src=\"https:\/\/files.sunoresearch.com.br\/n\/uploads\/2020\/08\/531ff69d-whatsapp-image-2020-08-03-at-14.54.38-150x150.webp\" alt=\"Laura Moutinho\"><\/a><div class=\"authorBox__name\"><span>por\n\t\t\t<a href=\"https:\/\/www.suno.com.br\/noticias\/author\/laura-moutinho\/\"><span itemprop=\"author\">Laura Moutinho<\/span><\/a><\/span><time datetime=\"2020-10-27T17:40:52-03:00\" itemprop=\"datePublished\">27\/10\/2020 17:40<\/time><\/div><\/div><\/div><\/div><\/div>","single_layout":"posts","amp_enabled":true,"_links":{"self":[{"href":"https:\/\/www.suno.com.br\/noticias\/wp-json\/wp\/v2\/posts\/95053"}],"collection":[{"href":"https:\/\/www.suno.com.br\/noticias\/wp-json\/wp\/v2\/posts"}],"about":[{"href":"https:\/\/www.suno.com.br\/noticias\/wp-json\/wp\/v2\/types\/post"}],"author":[{"embeddable":true,"href":"https:\/\/www.suno.com.br\/noticias\/wp-json\/wp\/v2\/users\/39"}],"replies":[{"embeddable":true,"href":"https:\/\/www.suno.com.br\/noticias\/wp-json\/wp\/v2\/comments?post=95053"}],"version-history":[{"count":1,"href":"https:\/\/www.suno.com.br\/noticias\/wp-json\/wp\/v2\/posts\/95053\/revisions"}],"predecessor-version":[{"id":152123,"href":"https:\/\/www.suno.com.br\/noticias\/wp-json\/wp\/v2\/posts\/95053\/revisions\/152123"}],"wp:featuredmedia":[{"embeddable":true,"href":"https:\/\/www.suno.com.br\/noticias\/wp-json\/wp\/v2\/media\/86242"}],"wp:attachment":[{"href":"https:\/\/www.suno.com.br\/noticias\/wp-json\/wp\/v2\/media?parent=95053"}],"wp:term":[{"taxonomy":"category","embeddable":true,"href":"https:\/\/www.suno.com.br\/noticias\/wp-json\/wp\/v2\/categories?post=95053"},{"taxonomy":"post_tag","embeddable":true,"href":"https:\/\/www.suno.com.br\/noticias\/wp-json\/wp\/v2\/tags?post=95053"},{"taxonomy":"suno_strategy","embeddable":true,"href":"https:\/\/www.suno.com.br\/noticias\/wp-json\/wp\/v2\/suno_strategy?post=95053"}],"curies":[{"name":"wp","href":"https:\/\/api.w.org\/{rel}","templated":true}]}}