{"id":94895,"date":"2020-10-27T11:56:22","date_gmt":"2020-10-27T14:56:22","guid":{"rendered":"https:\/\/www.suno.com.br\/noticias\/?p=94895"},"modified":"2021-05-04T14:27:20","modified_gmt":"2021-05-04T17:27:20","slug":"cade-corretora-easynvest-nubank-aprova","status":"publish","type":"post","link":"https:\/\/www.suno.com.br\/noticias\/cade-corretora-easynvest-nubank-aprova\/","title":{"rendered":"Nubank: Cade aprova compra da corretora Easynvest"},"content":{"rendered":"<p>A <a href=\"https:\/\/www.suno.com.br\/artigos\/cade\/\">Superintend\u00eancia-Geral do Conselho Administrativo de Defesa Econ\u00f4mica (Cade)<\/a> aprovou, sem restri\u00e7\u00f5es, a compra da corretora Easynvest pelo <strong>Nubank<\/strong>. A decis\u00e3o foi publicada nesta ter\u00e7a-feira (27) no Di\u00e1rio Oficial da Uni\u00e3o (DOU). Os valores da transa\u00e7\u00e3o n\u00e3o foram divulgados.<\/p>\t<div class=\"wrapper-featured-image\">\n\t\t<figure class=\"spotlightImg\">\n\n\t\t\t<picture>\n\t\t\t\t<source media=\"(max-width: 768px)\" srcset=\"https:\/\/files.sunoresearch.com.br\/n\/uploads\/2020\/10\/6e22c064-nubank-400x400-1-400x200.webp\">\n\t\t\t\t<img loading=\"lazy\" decoding=\"async\" class=\"newsContent__article__imgCapa lazyloadDisabled \" src=\"https:\/\/files.sunoresearch.com.br\/n\/uploads\/2020\/10\/6e22c064-nubank-400x400-1-jpg.webp\" width=\"800\" height=\"450\" alt=\"Nubank: Cade aprova compra da corretora Easynvest\" fetchpriority=high \/>\n\t\t\t<\/picture>\n\n\t\t\t<figcaption class=\"wp-caption-text wp-caption-text--show\">A Superintend\u00eancia-Geral do Cade aprovou, sem restri\u00e7\u00f5es, a compra da corretora Easynvest pelo Nubank.<\/figcaption>\n\t\t<\/figure>\n\t<\/div>\n\n\n<div class=\"hubspot-form-wrapper\">\n\t<div id=\"single-form-target\"><\/div>\n<\/div>\n\n<p>No m\u00eas passado, o Nubank havia informado que tinha fechado um acordo de aquisi\u00e7\u00e3o da corretora. Com a aprova\u00e7\u00e3o dos \u00f3rg\u00e3os reguladores, a maior <a href=\"https:\/\/www.suno.com.br\/artigos\/fintechs\/\">fintech<\/a> do Brasil d\u00e1 entrada ao mercado de <a href=\"https:\/\/www.suno.com.br\/\">investimentos<\/a>.<\/p>\n<p>O neg\u00f3cio ser\u00e1 conclu\u00eddo atrav\u00e9s do pagamento em dinheiro, e, sobretudo, trocas de a\u00e7\u00f5es. Os investidores da corretora ir\u00e3o receber pap\u00e9is do Nubank. A <strong>Advent<\/strong>, norte-americana de<a href=\"https:\/\/www.suno.com.br\/artigos\/private-equity\/\"> <em>private equity<\/em><\/a> que det\u00e9m uma participa\u00e7\u00e3o majorit\u00e1ria na <strong>Easynvest<\/strong>, com 60% de todo o capital, dar\u00e1 in\u00edcio aos recebimentos.<\/p>\n<p><a href=\"https:\/\/lp.suno.com.br\/suno-one\/\">Suno One: acesse gratuitamente eBooks, Minicursos, Artigos e Video Aulas sobre investimentos com um \u00fanico cadastro. Clique para saber mais!<\/a><\/p>\n<p>A Easynvest estava em trajet\u00f3ria de crescimento ainda antes da conclus\u00e3o da opera\u00e7\u00e3o. Neste ano, a corretora aproveitou a <a href=\"https:\/\/www.suno.com.br\/artigos\/taxa-selic\/\">taxa de juros b\u00e1sica da economia (Selic)<\/a> para acelerar sua expans\u00e3o, contratando o banco estadunidense J.P. Morgan para buscar um s\u00f3cio com o intuito de estimular essa meta.<\/p>\n<p>A compra da corretora, por sua vez, far\u00e1 com que o Nubank amplie as receitas com a oferta de produtos, como <a href=\"https:\/\/www.suno.com.br\/artigos\/fundos-de-investimentos\/\">fundos de investimento<\/a> (aproximadamente 450), al\u00e9m de intensificar a recorr\u00eancia de uso dos servi\u00e7os financeiros. Atualmente, a conta digital do Nubank possui 25 milh\u00f5es de usu\u00e1rios.<\/p>\n<h2>Nubank anuncia a 3\u00aa compra no ano<\/h2>\n<p>A aquisi\u00e7\u00e3o da Easynvest \u00e9 a terceira compra do Nubank no ano de 2020. Em janeiro, a fintech comprou a consultoria <a href=\"https:\/\/www.suno.com.br\/noticias\/nubank-primeira-aquisicao-compra-plataformatec\/\"><strong>Plataformatec<\/strong><\/a>, especializada em engenharia de software e metodologias \u00e1geis.<\/p>\n<p>&#8220;Em um cen\u00e1rio nacional de falta de m\u00e3o de obra qualificada para \u00e1reas de tecnologia, a chegada desses profissionais \u00e9 bastante estrat\u00e9gica para fortalecer o caminho de expans\u00e3o do Nubank&#8221;, informou a empresa em seu an\u00fancio de compra.<\/p>\n<p>Em junho, a <a href=\"https:\/\/www.suno.com.br\/artigos\/unicornios\/\">startup brasileira<\/a> recebeu aporte de US$ 400 milh\u00f5es (cerca de R$ 2,2 bilh\u00e3o, na cota\u00e7\u00e3o atual). O investimento foi liderado pelo fundo americano TCV. O banco digital passou a ser avaliado em, aproximadamente, US$ 10 bilh\u00f5es.<\/p>\n\t<div data-element=\"shortcode-read-more\" class=\"knowMore\">\n\t\t\t\t<span class=\"knowMore__title\">Veja Tamb\u00e9m<\/span>\n\t\t\t\t<a class=\"knowMore__link\" href=\"https:\/\/www.suno.com.br\/noticias\/nubank-admite-erro-promete-acoes-reforcar-presenca-negros\/\">\n\t\t\tNubank admite erro e promete a\u00e7\u00f5es para refor\u00e7ar presen\u00e7a de negros\t\t<\/a>\n\t<\/div>\n\n\n<p>No m\u00eas seguinte, em julho, a fintech anunciou sua primeira compra internacional. O Nubank comprou a norte-americana <strong><a href=\"https:\/\/www.suno.com.br\/noticias\/nubank-compra-cognictect-engenharia-software\/\">Cognitect<\/a><\/strong>, consultoria de engenharia de software. A empresa prestava servi\u00e7os ao banco digital desde 2014.<\/p>\n<p>&#8220;Na nossa escala atual, h\u00e1 tanta coisa em jogo que achamos que precis\u00e1vamos de um n\u00edvel diferente de acesso a um de nossos parceiros tecnol\u00f3gicos mais importantes&#8221;, disse o diretor de tecnologia e co-fundador do <strong>Nubank<\/strong>, Edward Wible, \u00e0 ag\u00eancia de not\u00edcias <em>Bloomberg<\/em>.<\/p>\n\t<p>\n\t\t<a href=\"https:\/\/lp.suno.com.br\/planilha-de-controle-de-investimentos\/\" target=\"_blank\" data-element=\"shortcode-suno-banner\" title=\"Banner SUNO, clique e saiba mais\">\n\t\t\t<picture>\n\t\t\t\t<source media=\"(max-width: 500px)\" srcset=\"https:\/\/files.sunoresearch.com.br\/n\/uploads\/2023\/03\/400x300-Controle-de-Investimentos.png\">\n\t\t\t\t<img class=\"newsContent__article__imgCapa newsContent__article__imgCapa--banner\"\n\t\t\t\t\tsrc=\"https:\/\/files.sunoresearch.com.br\/n\/uploads\/2023\/03\/1420x240-Controle-de-Investimentos.png\"\n\t\t\t\t\tdata-promo-id=\"75934\"\t\t\t\t\t\t\t\t\t\twidth='1420' height='240'\t\t\t\t\talt=\"https:\/\/files.sunoresearch.com.br\/n\/uploads\/2023\/03\/1420x240-Controle-de-Investimentos.png\"\n\t\t\t\t>\n\t\t\t<\/picture>\n\t\t<\/a>\n\t<\/p>\n\n\n","protected":false},"excerpt":{"rendered":"<p>A Superintend\u00eancia-Geral do Conselho Administrativo de Defesa Econ\u00f4mica (Cade) aprovou, sem restri\u00e7\u00f5es, a compra da corretora Easynvest pelo Nubank. A decis\u00e3o foi publicada nesta ter\u00e7a-feira (27) no Di\u00e1rio Oficial da Uni\u00e3o (DOU). Os valores da transa\u00e7\u00e3o n\u00e3o foram divulgados. A Superintend\u00eancia-Geral do Cade aprovou, sem restri\u00e7\u00f5es, a compra da corretora Easynvest pelo Nubank. No m\u00eas [&hellip;]<\/p>\n","protected":false},"author":15,"featured_media":92675,"comment_status":"closed","ping_status":"closed","sticky":false,"template":"","format":"standard","meta":[],"categories":[64],"tags":[851,104507,848],"suno_strategy":[],"class_list":["post-94895","post","type-post","status-publish","format-standard","has-post-thumbnail","hentry","category-negocios","tag-cade","tag-easynvest","tag-nubank"],"yoast_head":"<!-- This site is optimized with the Yoast SEO plugin v24.4 - https:\/\/yoast.com\/wordpress\/plugins\/seo\/ -->\n<title>Cade aprova compra da corretora Easynvest pelo Nubank<\/title>\n<meta name=\"description\" content=\"A Superintend\u00eancia-Geral do Cade aprovou, sem restri\u00e7\u00f5es, a compra da corretora Easynvest pelo Nubank. Clique aqui e saiba mais\" \/>\n<meta name=\"robots\" content=\"index, follow, max-snippet:-1, max-image-preview:large, max-video-preview:-1\" \/>\n<link rel=\"canonical\" href=\"https:\/\/www.suno.com.br\/noticias\/cade-corretora-easynvest-nubank-aprova\/\" \/>\n<meta property=\"og:locale\" content=\"pt_BR\" \/>\n<meta property=\"og:type\" content=\"article\" \/>\n<meta property=\"og:title\" content=\"Cade aprova compra da corretora Easynvest pelo Nubank\" \/>\n<meta property=\"og:description\" content=\"A Superintend\u00eancia-Geral do Cade aprovou, sem restri\u00e7\u00f5es, a compra da corretora Easynvest pelo Nubank. Clique aqui e saiba mais\" \/>\n<meta property=\"og:url\" content=\"https:\/\/www.suno.com.br\/noticias\/cade-corretora-easynvest-nubank-aprova\/\" \/>\n<meta property=\"og:site_name\" content=\"Suno Not\u00edcias\" \/>\n<meta property=\"article:publisher\" content=\"https:\/\/facebook.com\/sunoresearch\" \/>\n<meta property=\"og:image\" content=\"https:\/\/files.sunoresearch.com.br\/n\/uploads\/2020\/10\/6e22c064-nubank-400x400-1.jpg\" \/>\n\t<meta property=\"og:image:width\" content=\"400\" \/>\n\t<meta property=\"og:image:height\" content=\"400\" \/>\n\t<meta property=\"og:image:type\" content=\"image\/jpeg\" \/>\n<meta name=\"author\" content=\"Poliana Santos\" \/>\n<meta name=\"twitter:card\" content=\"summary_large_image\" \/>\n<meta name=\"twitter:creator\" content=\"@sunoresearch\" \/>\n<meta name=\"twitter:site\" content=\"@sunoresearch\" \/>\n<meta name=\"twitter:label1\" content=\"Escrito por\" \/>\n\t<meta name=\"twitter:data1\" content=\"Poliana Santos\" \/>\n\t<meta name=\"twitter:label2\" content=\"Est. tempo de leitura\" \/>\n\t<meta name=\"twitter:data2\" content=\"2 minutos\" \/>\n<script type=\"application\/ld+json\" class=\"yoast-schema-graph\">{\"@context\":\"https:\/\/schema.org\",\"@graph\":[{\"@type\":\"NewsArticle\",\"@id\":\"https:\/\/www.suno.com.br\/noticias\/cade-corretora-easynvest-nubank-aprova\/#article\",\"isPartOf\":{\"@id\":\"https:\/\/www.suno.com.br\/noticias\/cade-corretora-easynvest-nubank-aprova\/\"},\"author\":{\"name\":\"Poliana Santos\",\"@id\":\"https:\/\/www.suno.com.br\/noticias\/#\/schema\/person\/02ec1f752758247878a2bf4abee1aeda\"},\"headline\":\"Nubank: Cade aprova compra da corretora Easynvest\",\"datePublished\":\"2020-10-27T14:56:22+00:00\",\"dateModified\":\"2021-05-04T17:27:20+00:00\",\"mainEntityOfPage\":{\"@id\":\"https:\/\/www.suno.com.br\/noticias\/cade-corretora-easynvest-nubank-aprova\/\"},\"wordCount\":491,\"publisher\":{\"@id\":\"https:\/\/www.suno.com.br\/noticias\/#organization\"},\"image\":{\"@id\":\"https:\/\/www.suno.com.br\/noticias\/cade-corretora-easynvest-nubank-aprova\/#primaryimage\"},\"thumbnailUrl\":\"https:\/\/files.sunoresearch.com.br\/n\/uploads\/2020\/10\/6e22c064-nubank-400x400-1-jpg.webp\",\"keywords\":[\"CADE\",\"Easynvest\",\"Nubank (NUBR33)\"],\"articleSection\":[\"Neg\u00f3cios\"],\"inLanguage\":\"pt-BR\"},{\"@type\":\"WebPage\",\"@id\":\"https:\/\/www.suno.com.br\/noticias\/cade-corretora-easynvest-nubank-aprova\/\",\"url\":\"https:\/\/www.suno.com.br\/noticias\/cade-corretora-easynvest-nubank-aprova\/\",\"name\":\"Cade aprova compra da corretora Easynvest pelo Nubank\",\"isPartOf\":{\"@id\":\"https:\/\/www.suno.com.br\/noticias\/#website\"},\"primaryImageOfPage\":{\"@id\":\"https:\/\/www.suno.com.br\/noticias\/cade-corretora-easynvest-nubank-aprova\/#primaryimage\"},\"image\":{\"@id\":\"https:\/\/www.suno.com.br\/noticias\/cade-corretora-easynvest-nubank-aprova\/#primaryimage\"},\"thumbnailUrl\":\"https:\/\/files.sunoresearch.com.br\/n\/uploads\/2020\/10\/6e22c064-nubank-400x400-1-jpg.webp\",\"datePublished\":\"2020-10-27T14:56:22+00:00\",\"dateModified\":\"2021-05-04T17:27:20+00:00\",\"description\":\"A Superintend\u00eancia-Geral do Cade aprovou, sem restri\u00e7\u00f5es, a compra da corretora Easynvest pelo Nubank. Clique aqui e saiba mais\",\"breadcrumb\":{\"@id\":\"https:\/\/www.suno.com.br\/noticias\/cade-corretora-easynvest-nubank-aprova\/#breadcrumb\"},\"inLanguage\":\"pt-BR\",\"potentialAction\":[{\"@type\":\"ReadAction\",\"target\":[\"https:\/\/www.suno.com.br\/noticias\/cade-corretora-easynvest-nubank-aprova\/\"]}]},{\"@type\":\"ImageObject\",\"inLanguage\":\"pt-BR\",\"@id\":\"https:\/\/www.suno.com.br\/noticias\/cade-corretora-easynvest-nubank-aprova\/#primaryimage\",\"url\":\"https:\/\/files.sunoresearch.com.br\/n\/uploads\/2020\/10\/6e22c064-nubank-400x400-1-jpg.webp\",\"contentUrl\":\"https:\/\/files.sunoresearch.com.br\/n\/uploads\/2020\/10\/6e22c064-nubank-400x400-1-jpg.webp\",\"width\":400,\"height\":400,\"caption\":\"A Superintend\u00eancia-Geral do Cade aprovou, sem restri\u00e7\u00f5es, a compra da corretora Easynvest pelo Nubank.\"},{\"@type\":\"BreadcrumbList\",\"@id\":\"https:\/\/www.suno.com.br\/noticias\/cade-corretora-easynvest-nubank-aprova\/#breadcrumb\",\"itemListElement\":[{\"@type\":\"ListItem\",\"position\":1,\"name\":\"Not\u00edcias\",\"item\":\"https:\/\/www.suno.com.br\/noticias\/\"},{\"@type\":\"ListItem\",\"position\":2,\"name\":\"Neg\u00f3cios\",\"item\":\"https:\/\/www.suno.com.br\/noticias\/negocios\/\"},{\"@type\":\"ListItem\",\"position\":3,\"name\":\"Nubank: Cade aprova compra da corretora Easynvest\"}]},{\"@type\":\"WebSite\",\"@id\":\"https:\/\/www.suno.com.br\/noticias\/#website\",\"url\":\"https:\/\/www.suno.com.br\/noticias\/\",\"name\":\"Suno Not\u00edcias\",\"description\":\"Seu portal de informa\u00e7\u00e3o sobre o mundo dos investimentos\",\"publisher\":{\"@id\":\"https:\/\/www.suno.com.br\/noticias\/#organization\"},\"potentialAction\":[{\"@type\":\"SearchAction\",\"target\":{\"@type\":\"EntryPoint\",\"urlTemplate\":\"https:\/\/www.suno.com.br\/noticias\/?s={search_term_string}\"},\"query-input\":{\"@type\":\"PropertyValueSpecification\",\"valueRequired\":true,\"valueName\":\"search_term_string\"}}],\"inLanguage\":\"pt-BR\"},{\"@type\":\"Organization\",\"@id\":\"https:\/\/www.suno.com.br\/noticias\/#organization\",\"name\":\"Suno Not\u00edcias\",\"url\":\"https:\/\/www.suno.com.br\/noticias\/\",\"logo\":{\"@type\":\"ImageObject\",\"inLanguage\":\"pt-BR\",\"@id\":\"https:\/\/www.suno.com.br\/noticias\/#\/schema\/logo\/image\/\",\"url\":\"https:\/\/files.sunoresearch.com.br\/n\/uploads\/2021\/09\/suno-logo.png\",\"contentUrl\":\"https:\/\/files.sunoresearch.com.br\/n\/uploads\/2021\/09\/suno-logo.png\",\"width\":180,\"height\":180,\"caption\":\"Suno Not\u00edcias\"},\"image\":{\"@id\":\"https:\/\/www.suno.com.br\/noticias\/#\/schema\/logo\/image\/\"},\"sameAs\":[\"https:\/\/facebook.com\/sunoresearch\",\"https:\/\/x.com\/sunoresearch\",\"https:\/\/www.instagram.com\/suno\",\"https:\/\/www.linkedin.com\/company\/suno-research\/\",\"https:\/\/www.youtube.com\/c\/sunoresearch\"]},{\"@type\":\"Person\",\"@id\":\"https:\/\/www.suno.com.br\/noticias\/#\/schema\/person\/02ec1f752758247878a2bf4abee1aeda\",\"name\":\"Poliana Santos\",\"image\":{\"@type\":\"ImageObject\",\"inLanguage\":\"pt-BR\",\"@id\":\"https:\/\/www.suno.com.br\/noticias\/#\/schema\/person\/image\/\",\"url\":\"https:\/\/secure.gravatar.com\/avatar\/0645bd32f23d87b2130f2b2dff1d3f8d?s=96&r=g\",\"contentUrl\":\"https:\/\/secure.gravatar.com\/avatar\/0645bd32f23d87b2130f2b2dff1d3f8d?s=96&r=g\",\"caption\":\"Poliana Santos\"},\"description\":\"Rep\u00f3rter no Suno Not\u00edcias, com cobertura em mercado financeiro, economia, finan\u00e7as pessoais, renda fixa e varejo. Jornalista formada pela Faculdade C\u00e1sper L\u00edbero e possui passagem na R\u00e1dio Gazeta AM com a produ\u00e7\u00e3o de conte\u00fado sobre economia, pol\u00edtica, sa\u00fade, moda e m\u00fasica. Possui certificado de conclus\u00e3o do curso de An\u00e1lise de Balan\u00e7os pela Funda\u00e7\u00e3o Bradesco, Agenda Brasil pela FAAP, Educa\u00e7\u00e3o Pol\u00edtica por Alexandre Garcia e do Tesouro Direto e Mercado de A\u00e7\u00f5es pela B3.\",\"url\":\"https:\/\/www.suno.com.br\/noticias\/author\/poliana-santos\/\"}]}<\/script>\n<!-- \/ Yoast SEO plugin. -->","yoast_head_json":{"title":"Cade aprova compra da corretora Easynvest pelo Nubank","description":"A Superintend\u00eancia-Geral do Cade aprovou, sem restri\u00e7\u00f5es, a compra da corretora Easynvest pelo Nubank. Clique aqui e saiba mais","robots":{"index":"index","follow":"follow","max-snippet":"max-snippet:-1","max-image-preview":"max-image-preview:large","max-video-preview":"max-video-preview:-1"},"canonical":"https:\/\/www.suno.com.br\/noticias\/cade-corretora-easynvest-nubank-aprova\/","og_locale":"pt_BR","og_type":"article","og_title":"Cade aprova compra da corretora Easynvest pelo Nubank","og_description":"A Superintend\u00eancia-Geral do Cade aprovou, sem restri\u00e7\u00f5es, a compra da corretora Easynvest pelo Nubank. Clique aqui e saiba mais","og_url":"https:\/\/www.suno.com.br\/noticias\/cade-corretora-easynvest-nubank-aprova\/","og_site_name":"Suno Not\u00edcias","article_publisher":"https:\/\/facebook.com\/sunoresearch","og_image":[{"width":400,"height":400,"url":"https:\/\/files.sunoresearch.com.br\/n\/uploads\/2020\/10\/6e22c064-nubank-400x400-1.jpg","type":"image\/jpeg"}],"author":"Poliana Santos","twitter_card":"summary_large_image","twitter_creator":"@sunoresearch","twitter_site":"@sunoresearch","twitter_misc":{"Escrito por":"Poliana Santos","Est. tempo de leitura":"2 minutos"},"schema":{"@context":"https:\/\/schema.org","@graph":[{"@type":"NewsArticle","@id":"https:\/\/www.suno.com.br\/noticias\/cade-corretora-easynvest-nubank-aprova\/#article","isPartOf":{"@id":"https:\/\/www.suno.com.br\/noticias\/cade-corretora-easynvest-nubank-aprova\/"},"author":{"name":"Poliana Santos","@id":"https:\/\/www.suno.com.br\/noticias\/#\/schema\/person\/02ec1f752758247878a2bf4abee1aeda"},"headline":"Nubank: Cade aprova compra da corretora Easynvest","datePublished":"2020-10-27T14:56:22+00:00","dateModified":"2021-05-04T17:27:20+00:00","mainEntityOfPage":{"@id":"https:\/\/www.suno.com.br\/noticias\/cade-corretora-easynvest-nubank-aprova\/"},"wordCount":491,"publisher":{"@id":"https:\/\/www.suno.com.br\/noticias\/#organization"},"image":{"@id":"https:\/\/www.suno.com.br\/noticias\/cade-corretora-easynvest-nubank-aprova\/#primaryimage"},"thumbnailUrl":"https:\/\/files.sunoresearch.com.br\/n\/uploads\/2020\/10\/6e22c064-nubank-400x400-1-jpg.webp","keywords":["CADE","Easynvest","Nubank (NUBR33)"],"articleSection":["Neg\u00f3cios"],"inLanguage":"pt-BR"},{"@type":"WebPage","@id":"https:\/\/www.suno.com.br\/noticias\/cade-corretora-easynvest-nubank-aprova\/","url":"https:\/\/www.suno.com.br\/noticias\/cade-corretora-easynvest-nubank-aprova\/","name":"Cade aprova compra da corretora Easynvest pelo Nubank","isPartOf":{"@id":"https:\/\/www.suno.com.br\/noticias\/#website"},"primaryImageOfPage":{"@id":"https:\/\/www.suno.com.br\/noticias\/cade-corretora-easynvest-nubank-aprova\/#primaryimage"},"image":{"@id":"https:\/\/www.suno.com.br\/noticias\/cade-corretora-easynvest-nubank-aprova\/#primaryimage"},"thumbnailUrl":"https:\/\/files.sunoresearch.com.br\/n\/uploads\/2020\/10\/6e22c064-nubank-400x400-1-jpg.webp","datePublished":"2020-10-27T14:56:22+00:00","dateModified":"2021-05-04T17:27:20+00:00","description":"A Superintend\u00eancia-Geral do Cade aprovou, sem restri\u00e7\u00f5es, a compra da corretora Easynvest pelo Nubank. Clique aqui e saiba mais","breadcrumb":{"@id":"https:\/\/www.suno.com.br\/noticias\/cade-corretora-easynvest-nubank-aprova\/#breadcrumb"},"inLanguage":"pt-BR","potentialAction":[{"@type":"ReadAction","target":["https:\/\/www.suno.com.br\/noticias\/cade-corretora-easynvest-nubank-aprova\/"]}]},{"@type":"ImageObject","inLanguage":"pt-BR","@id":"https:\/\/www.suno.com.br\/noticias\/cade-corretora-easynvest-nubank-aprova\/#primaryimage","url":"https:\/\/files.sunoresearch.com.br\/n\/uploads\/2020\/10\/6e22c064-nubank-400x400-1-jpg.webp","contentUrl":"https:\/\/files.sunoresearch.com.br\/n\/uploads\/2020\/10\/6e22c064-nubank-400x400-1-jpg.webp","width":400,"height":400,"caption":"A Superintend\u00eancia-Geral do Cade aprovou, sem restri\u00e7\u00f5es, a compra da corretora Easynvest pelo Nubank."},{"@type":"BreadcrumbList","@id":"https:\/\/www.suno.com.br\/noticias\/cade-corretora-easynvest-nubank-aprova\/#breadcrumb","itemListElement":[{"@type":"ListItem","position":1,"name":"Not\u00edcias","item":"https:\/\/www.suno.com.br\/noticias\/"},{"@type":"ListItem","position":2,"name":"Neg\u00f3cios","item":"https:\/\/www.suno.com.br\/noticias\/negocios\/"},{"@type":"ListItem","position":3,"name":"Nubank: Cade aprova compra da corretora Easynvest"}]},{"@type":"WebSite","@id":"https:\/\/www.suno.com.br\/noticias\/#website","url":"https:\/\/www.suno.com.br\/noticias\/","name":"Suno Not\u00edcias","description":"Seu portal de informa\u00e7\u00e3o sobre o mundo dos investimentos","publisher":{"@id":"https:\/\/www.suno.com.br\/noticias\/#organization"},"potentialAction":[{"@type":"SearchAction","target":{"@type":"EntryPoint","urlTemplate":"https:\/\/www.suno.com.br\/noticias\/?s={search_term_string}"},"query-input":{"@type":"PropertyValueSpecification","valueRequired":true,"valueName":"search_term_string"}}],"inLanguage":"pt-BR"},{"@type":"Organization","@id":"https:\/\/www.suno.com.br\/noticias\/#organization","name":"Suno Not\u00edcias","url":"https:\/\/www.suno.com.br\/noticias\/","logo":{"@type":"ImageObject","inLanguage":"pt-BR","@id":"https:\/\/www.suno.com.br\/noticias\/#\/schema\/logo\/image\/","url":"https:\/\/files.sunoresearch.com.br\/n\/uploads\/2021\/09\/suno-logo.png","contentUrl":"https:\/\/files.sunoresearch.com.br\/n\/uploads\/2021\/09\/suno-logo.png","width":180,"height":180,"caption":"Suno Not\u00edcias"},"image":{"@id":"https:\/\/www.suno.com.br\/noticias\/#\/schema\/logo\/image\/"},"sameAs":["https:\/\/facebook.com\/sunoresearch","https:\/\/x.com\/sunoresearch","https:\/\/www.instagram.com\/suno","https:\/\/www.linkedin.com\/company\/suno-research\/","https:\/\/www.youtube.com\/c\/sunoresearch"]},{"@type":"Person","@id":"https:\/\/www.suno.com.br\/noticias\/#\/schema\/person\/02ec1f752758247878a2bf4abee1aeda","name":"Poliana Santos","image":{"@type":"ImageObject","inLanguage":"pt-BR","@id":"https:\/\/www.suno.com.br\/noticias\/#\/schema\/person\/image\/","url":"https:\/\/secure.gravatar.com\/avatar\/0645bd32f23d87b2130f2b2dff1d3f8d?s=96&r=g","contentUrl":"https:\/\/secure.gravatar.com\/avatar\/0645bd32f23d87b2130f2b2dff1d3f8d?s=96&r=g","caption":"Poliana Santos"},"description":"Rep\u00f3rter no Suno Not\u00edcias, com cobertura em mercado financeiro, economia, finan\u00e7as pessoais, renda fixa e varejo. Jornalista formada pela Faculdade C\u00e1sper L\u00edbero e possui passagem na R\u00e1dio Gazeta AM com a produ\u00e7\u00e3o de conte\u00fado sobre economia, pol\u00edtica, sa\u00fade, moda e m\u00fasica. Possui certificado de conclus\u00e3o do curso de An\u00e1lise de Balan\u00e7os pela Funda\u00e7\u00e3o Bradesco, Agenda Brasil pela FAAP, Educa\u00e7\u00e3o Pol\u00edtica por Alexandre Garcia e do Tesouro Direto e Mercado de A\u00e7\u00f5es pela B3.","url":"https:\/\/www.suno.com.br\/noticias\/author\/poliana-santos\/"}]}},"default_loop_html":"<div class=\"cardsPage__listCard__boxs\"><div class=\"cardsPage__listCard__boxs__img\"><a href=\"https:\/\/www.suno.com.br\/noticias\/cade-corretora-easynvest-nubank-aprova\/\"><img class=\"mask\" src=\"https:\/\/www.suno.com.br\/noticias\/wp-content\/themes\/suno\/resources\/images\/spotlight\/spotlight1img\/bg-mask.png\" alt=\"Image Mask\"\/><img src=\"https:\/\/files.sunoresearch.com.br\/n\/uploads\/2020\/10\/6e22c064-nubank-400x400-1-400x200.webp\" alt=\"Nubank: Cade aprova compra da corretora Easynvest\"\/><\/a><span class=\"spotlightCategory\"><a href=\"https:\/\/www.suno.com.br\/noticias\/negocios\/\">Neg\u00f3cios<\/a><\/span><\/div><div class=\"cardsPage__listCard__boxs__content\"><a href=\"https:\/\/www.suno.com.br\/noticias\/cade-corretora-easynvest-nubank-aprova\/\"><h2 class=\"content__title\">Nubank: Cade aprova compra da corretora Easynvest<\/h2><\/a><div class=\"newsContent__article__meta\"><div class=\"newsContent__article__meta__authorBox\"><a href=\"https:\/\/www.suno.com.br\/noticias\/author\/poliana-santos\/\" class=\"authorBox__avatar noMobi\"><img src=\"https:\/\/files.sunoresearch.com.br\/n\/uploads\/2020\/08\/7ef34026-whatsapp-image-2020-08-03-at-12.37.57-150x150.webp\" alt=\"Poliana Santos\"><\/a><div class=\"authorBox__name\"><span>por\n\t\t\t<a href=\"https:\/\/www.suno.com.br\/noticias\/author\/poliana-santos\/\"><span itemprop=\"author\">Poliana Santos<\/span><\/a><\/span><time datetime=\"2020-10-27T11:56:22-03:00\" itemprop=\"datePublished\">27\/10\/2020 11:56<\/time><\/div><\/div><\/div><\/div><\/div>","single_layout":"posts","amp_enabled":true,"_links":{"self":[{"href":"https:\/\/www.suno.com.br\/noticias\/wp-json\/wp\/v2\/posts\/94895"}],"collection":[{"href":"https:\/\/www.suno.com.br\/noticias\/wp-json\/wp\/v2\/posts"}],"about":[{"href":"https:\/\/www.suno.com.br\/noticias\/wp-json\/wp\/v2\/types\/post"}],"author":[{"embeddable":true,"href":"https:\/\/www.suno.com.br\/noticias\/wp-json\/wp\/v2\/users\/15"}],"replies":[{"embeddable":true,"href":"https:\/\/www.suno.com.br\/noticias\/wp-json\/wp\/v2\/comments?post=94895"}],"version-history":[{"count":1,"href":"https:\/\/www.suno.com.br\/noticias\/wp-json\/wp\/v2\/posts\/94895\/revisions"}],"predecessor-version":[{"id":144646,"href":"https:\/\/www.suno.com.br\/noticias\/wp-json\/wp\/v2\/posts\/94895\/revisions\/144646"}],"wp:featuredmedia":[{"embeddable":true,"href":"https:\/\/www.suno.com.br\/noticias\/wp-json\/wp\/v2\/media\/92675"}],"wp:attachment":[{"href":"https:\/\/www.suno.com.br\/noticias\/wp-json\/wp\/v2\/media?parent=94895"}],"wp:term":[{"taxonomy":"category","embeddable":true,"href":"https:\/\/www.suno.com.br\/noticias\/wp-json\/wp\/v2\/categories?post=94895"},{"taxonomy":"post_tag","embeddable":true,"href":"https:\/\/www.suno.com.br\/noticias\/wp-json\/wp\/v2\/tags?post=94895"},{"taxonomy":"suno_strategy","embeddable":true,"href":"https:\/\/www.suno.com.br\/noticias\/wp-json\/wp\/v2\/suno_strategy?post=94895"}],"curies":[{"name":"wp","href":"https:\/\/api.w.org\/{rel}","templated":true}]}}