{"id":94583,"date":"2020-10-26T15:44:18","date_gmt":"2020-10-26T18:44:18","guid":{"rendered":"https:\/\/www.suno.com.br\/noticias\/?p=94583"},"modified":"2021-05-29T20:23:05","modified_gmt":"2021-05-29T23:23:05","slug":"ibovespa-opera-queda-mercados-globais","status":"publish","type":"post","link":"https:\/\/www.suno.com.br\/noticias\/ibovespa-opera-queda-mercados-globais\/","title":{"rendered":"Ibovespa opera em queda acompanhando os mercados globais"},"content":{"rendered":"<p>Apesar do <strong><a href=\"https:\/\/www.suno.com.br\/artigos\/ibovespa\/\">Ibovespa<\/a> <\/strong>ter iniciado a semana em leve alta nessa segunda-feira (26), por volta das 15h o \u00edndice j\u00e1 apresentava queda de 0,81%.<\/p>\t<div class=\"wrapper-featured-image\">\n\t\t<figure class=\"spotlightImg\">\n\n\t\t\t<picture>\n\t\t\t\t<source media=\"(max-width: 768px)\" srcset=\"https:\/\/files.sunoresearch.com.br\/n\/uploads\/2020\/09\/0c1cf80e-ff39017b-ibovespa-queda-300x300-1-jpg.webp\">\n\t\t\t\t<img loading=\"lazy\" decoding=\"async\" class=\"newsContent__article__imgCapa lazyloadDisabled \" src=\"https:\/\/files.sunoresearch.com.br\/n\/uploads\/2020\/09\/0c1cf80e-ff39017b-ibovespa-queda-300x300-1-jpg.webp\" width=\"800\" height=\"450\" alt=\"Ibovespa opera em queda acompanhando os mercados globais\" fetchpriority=high \/>\n\t\t\t<\/picture>\n\n\t\t\t<figcaption class=\"wp-caption-text wp-caption-text--show\">O Ibovespa encerrou as negocia\u00e7\u00f5es na \u00faltima ter\u00e7a-feira com uma queda de 1,40%, a 99.605,54 pontos.<\/figcaption>\n\t\t<\/figure>\n\t<\/div>\n\n\n<div class=\"hubspot-form-wrapper\">\n\t<div id=\"single-form-target\"><\/div>\n<\/div>\n\n<p>A queda do Ibovespa vem em meio \u00e0 disputa pol\u00edtica sobre \u00e0 vacina\u00e7\u00e3o da popula\u00e7\u00e3o contra o <a href=\"https:\/\/www.suno.com.br\/noticias\/?s=coronav%C3%ADrus\">novo <strong>coronav\u00edrus<\/strong> (Covid-19)<\/a>. Enquanto de um lado o presidente da Rep\u00fablica, <strong>Jair Bolsonaro<\/strong> (sem partido), diz que a aplica\u00e7\u00e3o da imuniza\u00e7\u00e3o n\u00e3o ser\u00e1 obrigat\u00f3ria, por outro, o governador de S\u00e3o Paulo, <a href=\"https:\/\/www.suno.com.br\/tudo-sobre\/joao-doria\/\"><strong>Jo\u00e3o Doria<\/strong> <\/a>diz que a vacina\u00e7\u00e3o ser\u00e1 obrigat\u00f3ria no estado.<\/p>\n<p>Assim, dentre as a\u00e7\u00f5es que apresentam as maiores quedas nessa tarde, est\u00e3o:<\/p>\n<ul>\n<li><a href=\"https:\/\/www.suno.com.br\/acoes\/mult3\/\">MULT3<\/a>: -5%\/ R$ 20,15<\/li>\n<li><a href=\"https:\/\/www.suno.com.br\/acoes\/azul4\/\">AZUL4<\/a>: -4,1% \/ R$ 25,99<\/li>\n<li><a href=\"https:\/\/www.suno.com.br\/acoes\/cyre3\/\">CYRE3<\/a>: -4,09% \/ R$ 25,07<\/li>\n<li><a href=\"https:\/\/www.suno.com.br\/acoes\/brml3\/\">BRML3<\/a>: -4,03% \/ R$ 9,05<\/li>\n<li><a href=\"https:\/\/www.suno.com.br\/acoes\/igta3\/\">IGTA3<\/a>: -3,98% \/ R$ 32,12<\/li>\n<\/ul>\n<p><a href=\"https:\/\/lp.suno.com.br\/suno-one\/\">Suno One: o primeiro passo para alcan\u00e7ar a sua independ\u00eancia financeira. Acesse agora, \u00e9 gratuito!<\/a><\/p>\n<p>Nesse sentido, os setores mais afetados s\u00e3o o a\u00e9reo e o de shoppings, isso, devido a preocupa\u00e7\u00e3o com a o avan\u00e7o da <strong>pandemia.<\/strong> Cabe destacar que esses foram uns dos setores mais afetados pelas turbul\u00eancias causadas pelo novo v\u00edrus.<\/p>\n<h2>Mercados globais<\/h2>\n<p>Al\u00e9m do Ibovespa, os \u00edndices acion\u00e1rios no exterior tamb\u00e9m apresentam forte queda nesta tarde, enquanto os investidores seguem atentos \u00e0 pandemia do novo <strong>coronav\u00edrus<\/strong>, que registra forte avan\u00e7o de novos casos dia ap\u00f3s dia.<\/p>\n<p>Os <strong>Estados Unidos<\/strong> anunciaram 60.789 casos da nova doen\u00e7a no \u00faltimo domingo (25), e apesar do n\u00famero estar abaixo dos recordes recentes, aponta um avan\u00e7o sobre a semana anterior. Al\u00e9m disso, alguns especialistas projetam que com a chegada do inverno no Pa\u00eds, a pandemia pode acelerar as contamina\u00e7\u00f5es.<\/p>\n<p>J\u00e1 na <strong>Europa,<\/strong> a <strong>Fran\u00e7a<\/strong> contabilizou mais de 52 mil novo casos de Covid-19, o que representa o n\u00famero mais alto desde o in\u00edcio do ano. A <strong>It\u00e1lia,<\/strong> por sua vez, instaurou medidas de conten\u00e7\u00e3o da pandemia mais fortes desde maio desse ano, obrigando o fechamento de bares e restaurantes \u00e0s 18h. J\u00e1 a <strong>Espanha,<\/strong> anunciou, na \u00faltima semana, que passaria a adotar um toque de recolher em todo Pa\u00eds, declarando um estado de emerg\u00eancia.<\/p>\n<p>Al\u00e9m disso, os investidores seguem atentos \u00e0s negocia\u00e7\u00f5es norte-americanas ara o novo pacote de est\u00edmulos financeiros a fam\u00edlias e empresas durante a pandemia.<\/p>\n<h2>Al\u00e9m do Ibovespa, Bolsas no exterior operam em queda<\/h2>\n<p>Confira o desempenho dos principais \u00edndices acion\u00e1rios no exterior:<\/p>\n<ul>\n<li>Nova Iorque (<a href=\"https:\/\/www.suno.com.br\/artigos\/sp-500\/\">S&amp;P 500<\/a>): &#8211; 2,30%<\/li>\n<li>Londres (<a href=\"https:\/\/www.suno.com.br\/artigos\/ftse-100\/\">FTSE 100<\/a>): -1,16%<\/li>\n<li>Frankfurt (<a href=\"https:\/\/www.suno.com.br\/artigos\/dax-30\/\">DAX 30<\/a>): -3,71%<\/li>\n<li>Paris (<a href=\"https:\/\/www.suno.com.br\/artigos\/cac-40\/\">CAC 40<\/a>): -1,90%<\/li>\n<li>Mil\u00e3o (FTSE\/MIB): -1,76%<\/li>\n<\/ul>\n<h2>\u00daltima cota\u00e7\u00e3o<\/h2>\n<p>O <strong>Ibovespa<\/strong> encerrou as negocia\u00e7\u00f5es na \u00faltima sexta-feira (23) em queda de 0,65%, a 101,259,75 pontos.<\/p>\n\t<p>\n\t\t<a href=\"https:\/\/lp.suno.com.br\/planilha-de-controle-de-investimentos\/\" target=\"_blank\" data-element=\"shortcode-suno-banner\" title=\"Banner SUNO, clique e saiba mais\">\n\t\t\t<picture>\n\t\t\t\t<source media=\"(max-width: 500px)\" srcset=\"https:\/\/files.sunoresearch.com.br\/n\/uploads\/2023\/03\/400x300-Controle-de-Investimentos.png\">\n\t\t\t\t<img class=\"newsContent__article__imgCapa newsContent__article__imgCapa--banner\"\n\t\t\t\t\tsrc=\"https:\/\/files.sunoresearch.com.br\/n\/uploads\/2023\/03\/1420x240-Controle-de-Investimentos.png\"\n\t\t\t\t\tdata-promo-id=\"75934\"\t\t\t\t\t\t\t\t\t\twidth='1420' height='240'\t\t\t\t\talt=\"https:\/\/files.sunoresearch.com.br\/n\/uploads\/2023\/03\/1420x240-Controle-de-Investimentos.png\"\n\t\t\t\t>\n\t\t\t<\/picture>\n\t\t<\/a>\n\t<\/p>\n\n\n","protected":false},"excerpt":{"rendered":"<p>Apesar do Ibovespa ter iniciado a semana em leve alta nessa segunda-feira (26), por volta das 15h o \u00edndice j\u00e1 apresentava queda de 0,81%. O Ibovespa encerrou as negocia\u00e7\u00f5es na \u00faltima ter\u00e7a-feira com uma queda de 1,40%, a 99.605,54 pontos. A queda do Ibovespa vem em meio \u00e0 disputa pol\u00edtica sobre \u00e0 vacina\u00e7\u00e3o da popula\u00e7\u00e3o [&hellip;]<\/p>\n","protected":false},"author":39,"featured_media":82425,"comment_status":"closed","ping_status":"closed","sticky":false,"template":"","format":"standard","meta":[],"categories":[60],"tags":[106932,104703,11122,2487,5255,3745,793,710,3746,721,105707,2748,2667],"suno_strategy":[],"class_list":["post-94583","post","type-post","status-publish","format-standard","has-post-thumbnail","hentry","category-mercado","tag-azul-azul4","tag-bolsas-mundiais","tag-cac-40","tag-coronavirus","tag-covid-19","tag-dax-30","tag-estados-unidos-eua","tag-europa","tag-ftse-100","tag-ibovespa","tag-pacote-de-estimulos","tag-pandemia","tag-sp-500"],"yoast_head":"<!-- This site is optimized with the Yoast SEO plugin v24.4 - https:\/\/yoast.com\/wordpress\/plugins\/seo\/ -->\n<title>Ibovespa opera em queda acompanhando os mercados globais<\/title>\n<meta name=\"description\" content=\"Apesar do Ibovespa ter iniciado a semana em leve alta, por volta das 15h o \u00edndice apresentava queda de 0,81%. Clique aqui e saiba mais.\" \/>\n<meta name=\"robots\" content=\"index, follow, max-snippet:-1, max-image-preview:large, max-video-preview:-1\" \/>\n<link rel=\"canonical\" href=\"https:\/\/www.suno.com.br\/noticias\/ibovespa-opera-queda-mercados-globais\/\" \/>\n<meta property=\"og:locale\" content=\"pt_BR\" \/>\n<meta property=\"og:type\" content=\"article\" \/>\n<meta property=\"og:title\" content=\"Ibovespa opera em queda acompanhando os mercados globais\" \/>\n<meta property=\"og:description\" content=\"Apesar do Ibovespa ter iniciado a semana em leve alta, por volta das 15h o \u00edndice apresentava queda de 0,81%. Clique aqui e saiba mais.\" \/>\n<meta property=\"og:url\" content=\"https:\/\/www.suno.com.br\/noticias\/ibovespa-opera-queda-mercados-globais\/\" \/>\n<meta property=\"og:site_name\" content=\"Suno Not\u00edcias\" \/>\n<meta property=\"article:publisher\" content=\"https:\/\/facebook.com\/sunoresearch\" \/>\n<meta property=\"og:image\" content=\"https:\/\/files.sunoresearch.com.br\/n\/uploads\/2020\/09\/0c1cf80e-ff39017b-ibovespa-queda-300x300-1.jpg\" \/>\n\t<meta property=\"og:image:width\" content=\"300\" \/>\n\t<meta property=\"og:image:height\" content=\"300\" \/>\n\t<meta property=\"og:image:type\" content=\"image\/jpeg\" \/>\n<meta name=\"author\" content=\"Laura Moutinho\" \/>\n<meta name=\"twitter:card\" content=\"summary_large_image\" \/>\n<meta name=\"twitter:creator\" content=\"@sunoresearch\" \/>\n<meta name=\"twitter:site\" content=\"@sunoresearch\" \/>\n<meta name=\"twitter:label1\" content=\"Escrito por\" \/>\n\t<meta name=\"twitter:data1\" content=\"Laura Moutinho\" \/>\n\t<meta name=\"twitter:label2\" content=\"Est. tempo de leitura\" \/>\n\t<meta name=\"twitter:data2\" content=\"2 minutos\" \/>\n<script type=\"application\/ld+json\" class=\"yoast-schema-graph\">{\"@context\":\"https:\/\/schema.org\",\"@graph\":[{\"@type\":\"NewsArticle\",\"@id\":\"https:\/\/www.suno.com.br\/noticias\/ibovespa-opera-queda-mercados-globais\/#article\",\"isPartOf\":{\"@id\":\"https:\/\/www.suno.com.br\/noticias\/ibovespa-opera-queda-mercados-globais\/\"},\"author\":{\"name\":\"Laura Moutinho\",\"@id\":\"https:\/\/www.suno.com.br\/noticias\/#\/schema\/person\/3df0d2808748b74496efe5dbeaef2c72\"},\"headline\":\"Ibovespa opera em queda acompanhando os mercados globais\",\"datePublished\":\"2020-10-26T18:44:18+00:00\",\"dateModified\":\"2021-05-29T23:23:05+00:00\",\"mainEntityOfPage\":{\"@id\":\"https:\/\/www.suno.com.br\/noticias\/ibovespa-opera-queda-mercados-globais\/\"},\"wordCount\":463,\"publisher\":{\"@id\":\"https:\/\/www.suno.com.br\/noticias\/#organization\"},\"image\":{\"@id\":\"https:\/\/www.suno.com.br\/noticias\/ibovespa-opera-queda-mercados-globais\/#primaryimage\"},\"thumbnailUrl\":\"https:\/\/files.sunoresearch.com.br\/n\/uploads\/2020\/09\/0c1cf80e-ff39017b-ibovespa-queda-300x300-1-jpg.webp\",\"keywords\":[\"Azul (AZUL4)\",\"Bolsas mundiais\",\"CAC 40\",\"coronav\u00edrus\",\"covid-19\",\"Dax\u00a030\",\"Estados Unidos (EUA)\",\"Europa\",\"FTSE 100\",\"Ibovespa\",\"pacote de est\u00edmulos\",\"pandemia\",\"S&amp;P 500\"],\"articleSection\":[\"Mercado\"],\"inLanguage\":\"pt-BR\"},{\"@type\":\"WebPage\",\"@id\":\"https:\/\/www.suno.com.br\/noticias\/ibovespa-opera-queda-mercados-globais\/\",\"url\":\"https:\/\/www.suno.com.br\/noticias\/ibovespa-opera-queda-mercados-globais\/\",\"name\":\"Ibovespa opera em queda acompanhando os mercados globais\",\"isPartOf\":{\"@id\":\"https:\/\/www.suno.com.br\/noticias\/#website\"},\"primaryImageOfPage\":{\"@id\":\"https:\/\/www.suno.com.br\/noticias\/ibovespa-opera-queda-mercados-globais\/#primaryimage\"},\"image\":{\"@id\":\"https:\/\/www.suno.com.br\/noticias\/ibovespa-opera-queda-mercados-globais\/#primaryimage\"},\"thumbnailUrl\":\"https:\/\/files.sunoresearch.com.br\/n\/uploads\/2020\/09\/0c1cf80e-ff39017b-ibovespa-queda-300x300-1-jpg.webp\",\"datePublished\":\"2020-10-26T18:44:18+00:00\",\"dateModified\":\"2021-05-29T23:23:05+00:00\",\"description\":\"Apesar do Ibovespa ter iniciado a semana em leve alta, por volta das 15h o \u00edndice apresentava queda de 0,81%. Clique aqui e saiba mais.\",\"breadcrumb\":{\"@id\":\"https:\/\/www.suno.com.br\/noticias\/ibovespa-opera-queda-mercados-globais\/#breadcrumb\"},\"inLanguage\":\"pt-BR\",\"potentialAction\":[{\"@type\":\"ReadAction\",\"target\":[\"https:\/\/www.suno.com.br\/noticias\/ibovespa-opera-queda-mercados-globais\/\"]}]},{\"@type\":\"ImageObject\",\"inLanguage\":\"pt-BR\",\"@id\":\"https:\/\/www.suno.com.br\/noticias\/ibovespa-opera-queda-mercados-globais\/#primaryimage\",\"url\":\"https:\/\/files.sunoresearch.com.br\/n\/uploads\/2020\/09\/0c1cf80e-ff39017b-ibovespa-queda-300x300-1-jpg.webp\",\"contentUrl\":\"https:\/\/files.sunoresearch.com.br\/n\/uploads\/2020\/09\/0c1cf80e-ff39017b-ibovespa-queda-300x300-1-jpg.webp\",\"width\":300,\"height\":300,\"caption\":\"O Ibovespa encerrou as negocia\u00e7\u00f5es na \u00faltima ter\u00e7a-feira com uma queda de 1,40%, a 99.605,54 pontos.\"},{\"@type\":\"BreadcrumbList\",\"@id\":\"https:\/\/www.suno.com.br\/noticias\/ibovespa-opera-queda-mercados-globais\/#breadcrumb\",\"itemListElement\":[{\"@type\":\"ListItem\",\"position\":1,\"name\":\"Not\u00edcias\",\"item\":\"https:\/\/www.suno.com.br\/noticias\/\"},{\"@type\":\"ListItem\",\"position\":2,\"name\":\"Mercado\",\"item\":\"https:\/\/www.suno.com.br\/noticias\/mercado\/\"},{\"@type\":\"ListItem\",\"position\":3,\"name\":\"Ibovespa opera em queda acompanhando os mercados globais\"}]},{\"@type\":\"WebSite\",\"@id\":\"https:\/\/www.suno.com.br\/noticias\/#website\",\"url\":\"https:\/\/www.suno.com.br\/noticias\/\",\"name\":\"Suno Not\u00edcias\",\"description\":\"Seu portal de informa\u00e7\u00e3o sobre o mundo dos investimentos\",\"publisher\":{\"@id\":\"https:\/\/www.suno.com.br\/noticias\/#organization\"},\"potentialAction\":[{\"@type\":\"SearchAction\",\"target\":{\"@type\":\"EntryPoint\",\"urlTemplate\":\"https:\/\/www.suno.com.br\/noticias\/?s={search_term_string}\"},\"query-input\":{\"@type\":\"PropertyValueSpecification\",\"valueRequired\":true,\"valueName\":\"search_term_string\"}}],\"inLanguage\":\"pt-BR\"},{\"@type\":\"Organization\",\"@id\":\"https:\/\/www.suno.com.br\/noticias\/#organization\",\"name\":\"Suno Not\u00edcias\",\"url\":\"https:\/\/www.suno.com.br\/noticias\/\",\"logo\":{\"@type\":\"ImageObject\",\"inLanguage\":\"pt-BR\",\"@id\":\"https:\/\/www.suno.com.br\/noticias\/#\/schema\/logo\/image\/\",\"url\":\"https:\/\/files.sunoresearch.com.br\/n\/uploads\/2021\/09\/suno-logo.png\",\"contentUrl\":\"https:\/\/files.sunoresearch.com.br\/n\/uploads\/2021\/09\/suno-logo.png\",\"width\":180,\"height\":180,\"caption\":\"Suno Not\u00edcias\"},\"image\":{\"@id\":\"https:\/\/www.suno.com.br\/noticias\/#\/schema\/logo\/image\/\"},\"sameAs\":[\"https:\/\/facebook.com\/sunoresearch\",\"https:\/\/x.com\/sunoresearch\",\"https:\/\/www.instagram.com\/suno\",\"https:\/\/www.linkedin.com\/company\/suno-research\/\",\"https:\/\/www.youtube.com\/c\/sunoresearch\"]},{\"@type\":\"Person\",\"@id\":\"https:\/\/www.suno.com.br\/noticias\/#\/schema\/person\/3df0d2808748b74496efe5dbeaef2c72\",\"name\":\"Laura Moutinho\",\"image\":{\"@type\":\"ImageObject\",\"inLanguage\":\"pt-BR\",\"@id\":\"https:\/\/www.suno.com.br\/noticias\/#\/schema\/person\/image\/\",\"url\":\"https:\/\/secure.gravatar.com\/avatar\/7571c7c8ca3a6fca5e41384ece5557ff?s=96&r=g\",\"contentUrl\":\"https:\/\/secure.gravatar.com\/avatar\/7571c7c8ca3a6fca5e41384ece5557ff?s=96&r=g\",\"caption\":\"Laura Moutinho\"},\"description\":\"Estagi\u00e1ria na Suno Not\u00edcias, escreve not\u00edcias que afetam o mercado financeiro. Estuda administra\u00e7\u00e3o na Universidade Presbiteriana Mackenzie.\",\"url\":\"https:\/\/www.suno.com.br\/noticias\/author\/laura-moutinho\/\"}]}<\/script>\n<!-- \/ Yoast SEO plugin. -->","yoast_head_json":{"title":"Ibovespa opera em queda acompanhando os mercados globais","description":"Apesar do Ibovespa ter iniciado a semana em leve alta, por volta das 15h o \u00edndice apresentava queda de 0,81%. Clique aqui e saiba mais.","robots":{"index":"index","follow":"follow","max-snippet":"max-snippet:-1","max-image-preview":"max-image-preview:large","max-video-preview":"max-video-preview:-1"},"canonical":"https:\/\/www.suno.com.br\/noticias\/ibovespa-opera-queda-mercados-globais\/","og_locale":"pt_BR","og_type":"article","og_title":"Ibovespa opera em queda acompanhando os mercados globais","og_description":"Apesar do Ibovespa ter iniciado a semana em leve alta, por volta das 15h o \u00edndice apresentava queda de 0,81%. Clique aqui e saiba mais.","og_url":"https:\/\/www.suno.com.br\/noticias\/ibovespa-opera-queda-mercados-globais\/","og_site_name":"Suno Not\u00edcias","article_publisher":"https:\/\/facebook.com\/sunoresearch","og_image":[{"width":300,"height":300,"url":"https:\/\/files.sunoresearch.com.br\/n\/uploads\/2020\/09\/0c1cf80e-ff39017b-ibovespa-queda-300x300-1.jpg","type":"image\/jpeg"}],"author":"Laura Moutinho","twitter_card":"summary_large_image","twitter_creator":"@sunoresearch","twitter_site":"@sunoresearch","twitter_misc":{"Escrito por":"Laura Moutinho","Est. tempo de leitura":"2 minutos"},"schema":{"@context":"https:\/\/schema.org","@graph":[{"@type":"NewsArticle","@id":"https:\/\/www.suno.com.br\/noticias\/ibovespa-opera-queda-mercados-globais\/#article","isPartOf":{"@id":"https:\/\/www.suno.com.br\/noticias\/ibovespa-opera-queda-mercados-globais\/"},"author":{"name":"Laura Moutinho","@id":"https:\/\/www.suno.com.br\/noticias\/#\/schema\/person\/3df0d2808748b74496efe5dbeaef2c72"},"headline":"Ibovespa opera em queda acompanhando os mercados globais","datePublished":"2020-10-26T18:44:18+00:00","dateModified":"2021-05-29T23:23:05+00:00","mainEntityOfPage":{"@id":"https:\/\/www.suno.com.br\/noticias\/ibovespa-opera-queda-mercados-globais\/"},"wordCount":463,"publisher":{"@id":"https:\/\/www.suno.com.br\/noticias\/#organization"},"image":{"@id":"https:\/\/www.suno.com.br\/noticias\/ibovespa-opera-queda-mercados-globais\/#primaryimage"},"thumbnailUrl":"https:\/\/files.sunoresearch.com.br\/n\/uploads\/2020\/09\/0c1cf80e-ff39017b-ibovespa-queda-300x300-1-jpg.webp","keywords":["Azul (AZUL4)","Bolsas mundiais","CAC 40","coronav\u00edrus","covid-19","Dax\u00a030","Estados Unidos (EUA)","Europa","FTSE 100","Ibovespa","pacote de est\u00edmulos","pandemia","S&amp;P 500"],"articleSection":["Mercado"],"inLanguage":"pt-BR"},{"@type":"WebPage","@id":"https:\/\/www.suno.com.br\/noticias\/ibovespa-opera-queda-mercados-globais\/","url":"https:\/\/www.suno.com.br\/noticias\/ibovespa-opera-queda-mercados-globais\/","name":"Ibovespa opera em queda acompanhando os mercados globais","isPartOf":{"@id":"https:\/\/www.suno.com.br\/noticias\/#website"},"primaryImageOfPage":{"@id":"https:\/\/www.suno.com.br\/noticias\/ibovespa-opera-queda-mercados-globais\/#primaryimage"},"image":{"@id":"https:\/\/www.suno.com.br\/noticias\/ibovespa-opera-queda-mercados-globais\/#primaryimage"},"thumbnailUrl":"https:\/\/files.sunoresearch.com.br\/n\/uploads\/2020\/09\/0c1cf80e-ff39017b-ibovespa-queda-300x300-1-jpg.webp","datePublished":"2020-10-26T18:44:18+00:00","dateModified":"2021-05-29T23:23:05+00:00","description":"Apesar do Ibovespa ter iniciado a semana em leve alta, por volta das 15h o \u00edndice apresentava queda de 0,81%. Clique aqui e saiba mais.","breadcrumb":{"@id":"https:\/\/www.suno.com.br\/noticias\/ibovespa-opera-queda-mercados-globais\/#breadcrumb"},"inLanguage":"pt-BR","potentialAction":[{"@type":"ReadAction","target":["https:\/\/www.suno.com.br\/noticias\/ibovespa-opera-queda-mercados-globais\/"]}]},{"@type":"ImageObject","inLanguage":"pt-BR","@id":"https:\/\/www.suno.com.br\/noticias\/ibovespa-opera-queda-mercados-globais\/#primaryimage","url":"https:\/\/files.sunoresearch.com.br\/n\/uploads\/2020\/09\/0c1cf80e-ff39017b-ibovespa-queda-300x300-1-jpg.webp","contentUrl":"https:\/\/files.sunoresearch.com.br\/n\/uploads\/2020\/09\/0c1cf80e-ff39017b-ibovespa-queda-300x300-1-jpg.webp","width":300,"height":300,"caption":"O Ibovespa encerrou as negocia\u00e7\u00f5es na \u00faltima ter\u00e7a-feira com uma queda de 1,40%, a 99.605,54 pontos."},{"@type":"BreadcrumbList","@id":"https:\/\/www.suno.com.br\/noticias\/ibovespa-opera-queda-mercados-globais\/#breadcrumb","itemListElement":[{"@type":"ListItem","position":1,"name":"Not\u00edcias","item":"https:\/\/www.suno.com.br\/noticias\/"},{"@type":"ListItem","position":2,"name":"Mercado","item":"https:\/\/www.suno.com.br\/noticias\/mercado\/"},{"@type":"ListItem","position":3,"name":"Ibovespa opera em queda acompanhando os mercados globais"}]},{"@type":"WebSite","@id":"https:\/\/www.suno.com.br\/noticias\/#website","url":"https:\/\/www.suno.com.br\/noticias\/","name":"Suno Not\u00edcias","description":"Seu portal de informa\u00e7\u00e3o sobre o mundo dos investimentos","publisher":{"@id":"https:\/\/www.suno.com.br\/noticias\/#organization"},"potentialAction":[{"@type":"SearchAction","target":{"@type":"EntryPoint","urlTemplate":"https:\/\/www.suno.com.br\/noticias\/?s={search_term_string}"},"query-input":{"@type":"PropertyValueSpecification","valueRequired":true,"valueName":"search_term_string"}}],"inLanguage":"pt-BR"},{"@type":"Organization","@id":"https:\/\/www.suno.com.br\/noticias\/#organization","name":"Suno Not\u00edcias","url":"https:\/\/www.suno.com.br\/noticias\/","logo":{"@type":"ImageObject","inLanguage":"pt-BR","@id":"https:\/\/www.suno.com.br\/noticias\/#\/schema\/logo\/image\/","url":"https:\/\/files.sunoresearch.com.br\/n\/uploads\/2021\/09\/suno-logo.png","contentUrl":"https:\/\/files.sunoresearch.com.br\/n\/uploads\/2021\/09\/suno-logo.png","width":180,"height":180,"caption":"Suno Not\u00edcias"},"image":{"@id":"https:\/\/www.suno.com.br\/noticias\/#\/schema\/logo\/image\/"},"sameAs":["https:\/\/facebook.com\/sunoresearch","https:\/\/x.com\/sunoresearch","https:\/\/www.instagram.com\/suno","https:\/\/www.linkedin.com\/company\/suno-research\/","https:\/\/www.youtube.com\/c\/sunoresearch"]},{"@type":"Person","@id":"https:\/\/www.suno.com.br\/noticias\/#\/schema\/person\/3df0d2808748b74496efe5dbeaef2c72","name":"Laura Moutinho","image":{"@type":"ImageObject","inLanguage":"pt-BR","@id":"https:\/\/www.suno.com.br\/noticias\/#\/schema\/person\/image\/","url":"https:\/\/secure.gravatar.com\/avatar\/7571c7c8ca3a6fca5e41384ece5557ff?s=96&r=g","contentUrl":"https:\/\/secure.gravatar.com\/avatar\/7571c7c8ca3a6fca5e41384ece5557ff?s=96&r=g","caption":"Laura Moutinho"},"description":"Estagi\u00e1ria na Suno Not\u00edcias, escreve not\u00edcias que afetam o mercado financeiro. Estuda administra\u00e7\u00e3o na Universidade Presbiteriana Mackenzie.","url":"https:\/\/www.suno.com.br\/noticias\/author\/laura-moutinho\/"}]}},"default_loop_html":"<div class=\"cardsPage__listCard__boxs\"><div class=\"cardsPage__listCard__boxs__img\"><a href=\"https:\/\/www.suno.com.br\/noticias\/ibovespa-opera-queda-mercados-globais\/\"><img class=\"mask\" src=\"https:\/\/www.suno.com.br\/noticias\/wp-content\/themes\/suno\/resources\/images\/spotlight\/spotlight1img\/bg-mask.png\" alt=\"Image Mask\"\/><img src=\"https:\/\/files.sunoresearch.com.br\/n\/uploads\/2020\/09\/0c1cf80e-ff39017b-ibovespa-queda-300x300-1-jpg.webp\" alt=\"Ibovespa opera em queda acompanhando os mercados globais\"\/><\/a><span class=\"spotlightCategory\"><a href=\"https:\/\/www.suno.com.br\/noticias\/mercado\/\">Mercado<\/a><\/span><\/div><div class=\"cardsPage__listCard__boxs__content\"><a href=\"https:\/\/www.suno.com.br\/noticias\/ibovespa-opera-queda-mercados-globais\/\"><h2 class=\"content__title\">Ibovespa opera em queda acompanhando os mercados globais<\/h2><\/a><div class=\"newsContent__article__meta\"><div class=\"newsContent__article__meta__authorBox\"><a href=\"https:\/\/www.suno.com.br\/noticias\/author\/laura-moutinho\/\" class=\"authorBox__avatar noMobi\"><img src=\"https:\/\/files.sunoresearch.com.br\/n\/uploads\/2020\/08\/531ff69d-whatsapp-image-2020-08-03-at-14.54.38-150x150.webp\" alt=\"Laura Moutinho\"><\/a><div class=\"authorBox__name\"><span>por\n\t\t\t<a href=\"https:\/\/www.suno.com.br\/noticias\/author\/laura-moutinho\/\"><span itemprop=\"author\">Laura Moutinho<\/span><\/a><\/span><time datetime=\"2020-10-26T15:44:18-03:00\" itemprop=\"datePublished\">26\/10\/2020 15:44<\/time><\/div><\/div><\/div><\/div><\/div>","single_layout":"posts","amp_enabled":true,"_links":{"self":[{"href":"https:\/\/www.suno.com.br\/noticias\/wp-json\/wp\/v2\/posts\/94583"}],"collection":[{"href":"https:\/\/www.suno.com.br\/noticias\/wp-json\/wp\/v2\/posts"}],"about":[{"href":"https:\/\/www.suno.com.br\/noticias\/wp-json\/wp\/v2\/types\/post"}],"author":[{"embeddable":true,"href":"https:\/\/www.suno.com.br\/noticias\/wp-json\/wp\/v2\/users\/39"}],"replies":[{"embeddable":true,"href":"https:\/\/www.suno.com.br\/noticias\/wp-json\/wp\/v2\/comments?post=94583"}],"version-history":[{"count":1,"href":"https:\/\/www.suno.com.br\/noticias\/wp-json\/wp\/v2\/posts\/94583\/revisions"}],"predecessor-version":[{"id":151994,"href":"https:\/\/www.suno.com.br\/noticias\/wp-json\/wp\/v2\/posts\/94583\/revisions\/151994"}],"wp:featuredmedia":[{"embeddable":true,"href":"https:\/\/www.suno.com.br\/noticias\/wp-json\/wp\/v2\/media\/82425"}],"wp:attachment":[{"href":"https:\/\/www.suno.com.br\/noticias\/wp-json\/wp\/v2\/media?parent=94583"}],"wp:term":[{"taxonomy":"category","embeddable":true,"href":"https:\/\/www.suno.com.br\/noticias\/wp-json\/wp\/v2\/categories?post=94583"},{"taxonomy":"post_tag","embeddable":true,"href":"https:\/\/www.suno.com.br\/noticias\/wp-json\/wp\/v2\/tags?post=94583"},{"taxonomy":"suno_strategy","embeddable":true,"href":"https:\/\/www.suno.com.br\/noticias\/wp-json\/wp\/v2\/suno_strategy?post=94583"}],"curies":[{"name":"wp","href":"https:\/\/api.w.org\/{rel}","templated":true}]}}