{"id":94500,"date":"2020-10-26T11:59:06","date_gmt":"2020-10-26T14:59:06","guid":{"rendered":"https:\/\/www.suno.com.br\/noticias\/?p=94500"},"modified":"2022-05-13T11:10:29","modified_gmt":"2022-05-13T14:10:29","slug":"azul-azul4-cai-apos-anuncio-debentures","status":"publish","type":"post","link":"https:\/\/www.suno.com.br\/noticias\/azul-azul4-cai-apos-anuncio-debentures\/","title":{"rendered":"Azul (AZUL4) chega a cair 4% ap\u00f3s an\u00fancio de deb\u00eantures convers\u00edveis"},"content":{"rendered":"<p>As a\u00e7\u00f5es da <a href=\"https:\/\/www.suno.com.br\/acoes\/azul4\/\"><strong>Azul<\/strong> (AZUL4)<\/a> operam em forte queda na <a href=\"https:\/\/www.suno.com.br\/artigos\/b3\/\">Bolsa de Valores de S\u00e3o Paulo (B3)<\/a> nesta segunda-feira (26). Por volta das 11h30, os pap\u00e9is da companhia a\u00e9rea recuavam 2,88%, para R$ 26,32, ap\u00f3s terem aberto o preg\u00e3o em baixa de 4,2%. O mercado ainda digere o <a href=\"https:\/\/www.suno.com.br\/noticias\/azul-azul4-debentures-conversiveis-acoes-preferenciais-1-6-bilhao\/\">an\u00fancio das deb\u00eantures convers\u00edveis<\/a>, na ordem de R$ 1,6 bilh\u00e3o.<br \/>\n\t<p>\n\t\t<a href=\"\" target=\"_blank\" data-element=\"shortcode-suno-banner\" title=\"Banner SUNO, clique e saiba mais\">\n\t\t\t<picture>\n\t\t\t\t<source media=\"(max-width: 500px)\" srcset=\"\">\n\t\t\t\t<img class=\"newsContent__article__imgCapa newsContent__article__imgCapa--banner\"\n\t\t\t\t\tsrc=\"\"\n\t\t\t\t\tdata-promo-id=\"94862\"\t\t\t\t\t\t\t\t\t\t\t\t\t\t\talt=\"\"\n\t\t\t\t>\n\t\t\t<\/picture>\n\t\t<\/a>\n\t<\/p>\n\n<\/p>\t<div class=\"wrapper-featured-image\">\n\t\t<figure class=\"spotlightImg\">\n\n\t\t\t<picture>\n\t\t\t\t<source media=\"(max-width: 768px)\" srcset=\"https:\/\/files.sunoresearch.com.br\/n\/uploads\/2020\/09\/4def85c8-azul-400x200.webp\">\n\t\t\t\t<img loading=\"lazy\" decoding=\"async\" class=\"newsContent__article__imgCapa lazyloadDisabled \" src=\"https:\/\/files.sunoresearch.com.br\/n\/uploads\/2020\/09\/4def85c8-azul-800x450.webp\" width=\"800\" height=\"450\" alt=\"Azul (AZUL4) chega a cair 4% ap\u00f3s an\u00fancio de deb\u00eantures convers\u00edveis\" fetchpriority=high \/>\n\t\t\t<\/picture>\n\n\t\t\t<figcaption class=\"wp-caption-text wp-caption-text--show\">Em dezembro, a Azul prev\u00ea operar cerca de 70% da capacidade total<\/figcaption>\n\t\t<\/figure>\n\t<\/div>\n\n<p>As a\u00e7\u00f5es da <a href=\"https:\/\/www.suno.com.br\/acoes\/azul4\/\"><strong>Azul<\/strong> (AZUL4)<\/a> operam em forte queda na <a href=\"https:\/\/www.suno.com.br\/artigos\/b3\/\">Bolsa de Valores de S\u00e3o Paulo (B3)<\/a> nesta segunda-feira (26). Por volta das 11h30, os pap\u00e9is da companhia a\u00e9rea recuavam 2,88%, para R$ 26,32, ap\u00f3s terem aberto o preg\u00e3o em baixa de 4,2%. O mercado ainda digere o <a href=\"https:\/\/www.suno.com.br\/noticias\/azul-azul4-debentures-conversiveis-acoes-preferenciais-1-6-bilhao\/\">an\u00fancio das deb\u00eantures convers\u00edveis<\/a>, na ordem de R$ 1,6 bilh\u00e3o.<br \/>\n\t<p>\n\t\t<a href=\"\" target=\"_blank\" data-element=\"shortcode-suno-banner\" title=\"Banner SUNO, clique e saiba mais\">\n\t\t\t<picture>\n\t\t\t\t<source media=\"(max-width: 500px)\" srcset=\"\">\n\t\t\t\t<img class=\"newsContent__article__imgCapa newsContent__article__imgCapa--banner\"\n\t\t\t\t\tsrc=\"\"\n\t\t\t\t\tdata-promo-id=\"94862\"\t\t\t\t\t\t\t\t\t\t\t\t\t\t\talt=\"\"\n\t\t\t\t>\n\t\t\t<\/picture>\n\t\t<\/a>\n\t<\/p>\n\n<\/p>\n\n<p>Ser\u00e3o emitidas 1,6 milh\u00e3o de deb\u00eantures, sem considerar as adicionais que poder\u00e3o ser acrescidas em at\u00e9 20%, valor equivalente a 320 mil deb\u00eantures adicionais. Os <strong>t\u00edtulos<\/strong> ter\u00e3o valor nominal unit\u00e1rio de R$ 1 mil e a emiss\u00e3o ser\u00e1 realizada em s\u00e9rie \u00fanica.\u00a0O prazo ser\u00e1 de cinco anos contados da data de emiss\u00e3o, portanto, com vencimento em 26 de outubro de 2025.<\/p>\n<p><a href=\"https:\/\/lp.suno.com.br\/suno-one\/\">Suno One: acesse gratuitamente eBooks, Minicursos, Artigos e Video Aulas sobre investimentos com um \u00fanico cadastro. Clique para saber mais!<\/a><\/p>\n<p>Ao longo de todo o per\u00edodo de capitaliza\u00e7\u00e3o, que ter\u00e1 in\u00edcio na primeira data de integraliza\u00e7\u00e3o e ser\u00e1 encerrado em 26 de outubro do ano que vem, a remunera\u00e7\u00e3o ser\u00e1 de 7,50% ao ano. Este valor ser\u00e1 incorporado ao valor nominal unit\u00e1rio atualizado das deb\u00eantures, de forma autom\u00e1tica.<br \/>\n<div class=\"hubspot-form-wrapper\">\n\t<div id=\"single-form-target\"><\/div>\n<\/div>\n<\/p>\n<p>Segundo a Azul, nos demais per\u00edodos de capitaliza\u00e7\u00e3o e durante todo o respectivo Per\u00edodo de Capitaliza\u00e7\u00e3o, a remunera\u00e7\u00e3o ser\u00e1 de 6% ao ano (pagos em dinheiro). De acordo com a companhia, n\u00e3o ser\u00e1 acatada a convers\u00e3o em dia de assembleia geral de acionistas. A convers\u00e3o poder\u00e1 se referir a parte ou \u00e0 totalidade das deb\u00eantures de titularidade do respectivo debenturista, a seu exclusivo crit\u00e9rio.<\/p>\n<h2>Azul ainda n\u00e3o sabe se utilizar\u00e1 cr\u00e9dito do BNDES<\/h2>\n<p>Os investidores permanecem no aguardo de alguma defini\u00e7\u00e3o sobre a capita\u00e7\u00e3o de recursos pela Azul, uma vez que o CEO e cofundador da companhia a\u00e9rea, <strong>John Peter Rodgerson<\/strong>, afirmou, na semana passada, que n\u00e3o n\u00e3o sabia se iria utilizar o empr\u00e9stimo de R$ 2 bilh\u00f5es oferecido pelo <a href=\"https:\/\/www.suno.com.br\/artigos\/bndes\/\">Banco Nacional de Desenvolvimento Econ\u00f4mico e Social (<strong>BNDES<\/strong>)<\/a>.<\/p>\n<p>De acordo com o executivo, a empresa est\u00e1 com um caixa de R$ 2,3 bilh\u00f5es, o suficiente para manter a companhia por cerca de 30 meses. No entanto, na an\u00e1lise do CEO \u00e9 importante ter recursos em caixa para caso tenha uma segunda nova onda de covid-19.<\/p>\n\t<div data-element=\"shortcode-read-more\" class=\"knowMore\">\n\t\t\t\t<span class=\"knowMore__title\">Veja Tamb\u00e9m<\/span>\n\t\t\t\t<a class=\"knowMore__link\" href=\"https:\/\/www.suno.com.br\/noticias\/azul-azul4-latam-gol-interesse-emprestimo-bndes\/\">\n\t\t\tAzul (AZUL4) e Gol diminuem interesse em empr\u00e9stimo do BNDES\t\t<\/a>\n\t<\/div>\n\n\n<p>Em nota, no in\u00edcio deste m\u00eas, <strong>Alex Malfitani<\/strong>, diretor financeiro da Azul, afirmou que \u201ca combina\u00e7\u00e3o de uma estrutura de custos mais eficiente, com o retorno da demanda melhor do que o esperado, indica que estamos [a a\u00e9rea] no caminho certo para resgatar nossa posi\u00e7\u00e3o como uma das companhias a\u00e9reas mais rent\u00e1veis da regi\u00e3o\u201d.<\/p>\n<h2>Preju\u00edzo de R$ 3,1 bilh\u00f5es no segundo trimestre<\/h2>\n<p>A Azul registrou um <a href=\"https:\/\/www.suno.com.br\/artigos\/prejuizos-acumulados\/\">preju\u00edzo l\u00edquido<\/a> de R$ 3,140 bilh\u00f5es no segundo trimestre deste ano. No ano passado, no mesmo per\u00edodo, a companhia a\u00e9rea teve lucro de R$ 343,2 milh\u00f5es. O preju\u00edzo operacional no per\u00edodo foi de R$ 820 milh\u00f5es, excluindo eventos n\u00e3o-recorrentes.<\/p>\n<p>O <a href=\"https:\/\/www.suno.com.br\/artigos\/ebitda\/\"><strong>Ebitda<\/strong> (lucro antes de juros, impostos, deprecia\u00e7\u00e3o e amortiza\u00e7\u00e3o)<\/a> ficou negativo em R$ 324,3 milh\u00f5es, frente a um resultado positivo de R$ 733,2 milh\u00f5es no segundo trimestre do ano passado.<\/p>\n<p>Segundo Rodgerson, \u201co segundo trimestre de 2020 foi, sem d\u00favida, o mais desafiador da hist\u00f3ria da avia\u00e7\u00e3o\u201d. &#8220;A paralisa\u00e7\u00e3o da economia global desde a segunda quinzena de mar\u00e7o fez com que as viagens a\u00e9reas ao redor do mundo fossem severamente prejudicadas. No Brasil n\u00e3o foi diferente,e a demanda de passageiros diminuiu 85% durante o segundo trimestre, ao passo que o real desvalorizou 38% ano contra ano, pressionando ainda mais nossos custos&#8221;, disse em comunicado.<\/p>\n<p>A <strong>Azul<\/strong> divulgar\u00e1 seus n\u00fameros referentes ao terceiro trimestre deste ano no dia 5 de novembro.<\/p>\n\t<p>\n\t\t<a href=\"https:\/\/lp.suno.com.br\/planilha-de-controle-de-investimentos\/\" target=\"_blank\" data-element=\"shortcode-suno-banner\" title=\"Banner SUNO, clique e saiba mais\">\n\t\t\t<picture>\n\t\t\t\t<source media=\"(max-width: 500px)\" srcset=\"https:\/\/files.sunoresearch.com.br\/n\/uploads\/2023\/03\/400x300-Controle-de-Investimentos.png\">\n\t\t\t\t<img class=\"newsContent__article__imgCapa newsContent__article__imgCapa--banner\"\n\t\t\t\t\tsrc=\"https:\/\/files.sunoresearch.com.br\/n\/uploads\/2023\/03\/1420x240-Controle-de-Investimentos.png\"\n\t\t\t\t\tdata-promo-id=\"75934\"\t\t\t\t\t\t\t\t\t\twidth='1420' height='240'\t\t\t\t\talt=\"https:\/\/files.sunoresearch.com.br\/n\/uploads\/2023\/03\/1420x240-Controle-de-Investimentos.png\"\n\t\t\t\t>\n\t\t\t<\/picture>\n\t\t<\/a>\n\t<\/p>\n\n\n","protected":false},"excerpt":{"rendered":"<p>As a\u00e7\u00f5es da Azul (AZUL4) operam em forte queda na Bolsa de Valores de S\u00e3o Paulo (B3) nesta segunda-feira (26). Por volta das 11h30, os pap\u00e9is da companhia a\u00e9rea recuavam 2,88%, para R$ 26,32, ap\u00f3s terem aberto o preg\u00e3o em baixa de 4,2%. O mercado ainda digere o an\u00fancio das deb\u00eantures convers\u00edveis, na ordem de [&hellip;]<\/p>\n","protected":false},"author":24,"featured_media":83882,"comment_status":"closed","ping_status":"closed","sticky":false,"template":"","format":"standard","meta":[],"categories":[60],"tags":[1596,106932,1937,1151],"suno_strategy":[],"class_list":["post-94500","post","type-post","status-publish","format-standard","has-post-thumbnail","hentry","category-mercado","tag-acoes-preferenciais","tag-azul-azul4","tag-bolsa-de-valores-de-sao-paulo-b3","tag-debentures"],"yoast_head":"<!-- This site is optimized with the Yoast SEO plugin v24.4 - https:\/\/yoast.com\/wordpress\/plugins\/seo\/ -->\n<title>Azul (AZUL4) chega a cair 4% ap\u00f3s an\u00fancio de deb\u00eantures convers\u00edveis<\/title>\n<meta name=\"description\" content=\"As a\u00e7\u00f5es da Azul (AZUL4) operam em forte queda na Bolsa de Valores de S\u00e3o Paulo (B3) nesta segunda-feira (26). Saiba mais.\" \/>\n<meta name=\"robots\" content=\"index, follow, max-snippet:-1, max-image-preview:large, max-video-preview:-1\" \/>\n<link rel=\"canonical\" href=\"https:\/\/www.suno.com.br\/noticias\/azul-azul4-cai-apos-anuncio-debentures\/\" \/>\n<meta property=\"og:locale\" content=\"pt_BR\" \/>\n<meta property=\"og:type\" content=\"article\" \/>\n<meta property=\"og:title\" content=\"Azul (AZUL4) chega a cair 4% ap\u00f3s an\u00fancio de deb\u00eantures convers\u00edveis\" \/>\n<meta property=\"og:description\" content=\"As a\u00e7\u00f5es da Azul (AZUL4) operam em forte queda na Bolsa de Valores de S\u00e3o Paulo (B3) nesta segunda-feira (26). Saiba mais.\" \/>\n<meta property=\"og:url\" content=\"https:\/\/www.suno.com.br\/noticias\/azul-azul4-cai-apos-anuncio-debentures\/\" \/>\n<meta property=\"og:site_name\" content=\"Suno Not\u00edcias\" \/>\n<meta property=\"article:publisher\" content=\"https:\/\/facebook.com\/sunoresearch\" \/>\n<meta property=\"og:image\" content=\"https:\/\/files.sunoresearch.com.br\/n\/uploads\/2020\/09\/4def85c8-azul.jpg\" \/>\n\t<meta property=\"og:image:width\" content=\"1920\" \/>\n\t<meta property=\"og:image:height\" content=\"1080\" \/>\n\t<meta property=\"og:image:type\" content=\"image\/jpeg\" \/>\n<meta name=\"author\" content=\"Jader Lazarini\" \/>\n<meta name=\"twitter:card\" content=\"summary_large_image\" \/>\n<meta name=\"twitter:creator\" content=\"@sunoresearch\" \/>\n<meta name=\"twitter:site\" content=\"@sunoresearch\" \/>\n<meta name=\"twitter:label1\" content=\"Escrito por\" \/>\n\t<meta name=\"twitter:data1\" content=\"Jader Lazarini\" \/>\n\t<meta name=\"twitter:label2\" content=\"Est. tempo de leitura\" \/>\n\t<meta name=\"twitter:data2\" content=\"3 minutos\" \/>\n<script type=\"application\/ld+json\" class=\"yoast-schema-graph\">{\"@context\":\"https:\/\/schema.org\",\"@graph\":[{\"@type\":\"NewsArticle\",\"@id\":\"https:\/\/www.suno.com.br\/noticias\/azul-azul4-cai-apos-anuncio-debentures\/#article\",\"isPartOf\":{\"@id\":\"https:\/\/www.suno.com.br\/noticias\/azul-azul4-cai-apos-anuncio-debentures\/\"},\"author\":{\"name\":\"Jader Lazarini\",\"@id\":\"https:\/\/www.suno.com.br\/noticias\/#\/schema\/person\/918d79de1f0281f01599b93f9ea6e23f\"},\"headline\":\"Azul (AZUL4) chega a cair 4% ap\u00f3s an\u00fancio de deb\u00eantures convers\u00edveis\",\"datePublished\":\"2020-10-26T14:59:06+00:00\",\"dateModified\":\"2022-05-13T14:10:29+00:00\",\"mainEntityOfPage\":{\"@id\":\"https:\/\/www.suno.com.br\/noticias\/azul-azul4-cai-apos-anuncio-debentures\/\"},\"wordCount\":734,\"publisher\":{\"@id\":\"https:\/\/www.suno.com.br\/noticias\/#organization\"},\"image\":{\"@id\":\"https:\/\/www.suno.com.br\/noticias\/azul-azul4-cai-apos-anuncio-debentures\/#primaryimage\"},\"thumbnailUrl\":\"https:\/\/files.sunoresearch.com.br\/n\/uploads\/2020\/09\/4def85c8-azul-jpg.webp\",\"keywords\":[\"a\u00e7\u00f5es preferenciais\",\"Azul (AZUL4)\",\"Bolsa de Valores de S\u00e3o Paulo (B3)\",\"deb\u00eantures\"],\"articleSection\":[\"Mercado\"],\"inLanguage\":\"pt-BR\"},{\"@type\":\"WebPage\",\"@id\":\"https:\/\/www.suno.com.br\/noticias\/azul-azul4-cai-apos-anuncio-debentures\/\",\"url\":\"https:\/\/www.suno.com.br\/noticias\/azul-azul4-cai-apos-anuncio-debentures\/\",\"name\":\"Azul (AZUL4) chega a cair 4% ap\u00f3s an\u00fancio de deb\u00eantures convers\u00edveis\",\"isPartOf\":{\"@id\":\"https:\/\/www.suno.com.br\/noticias\/#website\"},\"primaryImageOfPage\":{\"@id\":\"https:\/\/www.suno.com.br\/noticias\/azul-azul4-cai-apos-anuncio-debentures\/#primaryimage\"},\"image\":{\"@id\":\"https:\/\/www.suno.com.br\/noticias\/azul-azul4-cai-apos-anuncio-debentures\/#primaryimage\"},\"thumbnailUrl\":\"https:\/\/files.sunoresearch.com.br\/n\/uploads\/2020\/09\/4def85c8-azul-jpg.webp\",\"datePublished\":\"2020-10-26T14:59:06+00:00\",\"dateModified\":\"2022-05-13T14:10:29+00:00\",\"description\":\"As a\u00e7\u00f5es da Azul (AZUL4) operam em forte queda na Bolsa de Valores de S\u00e3o Paulo (B3) nesta segunda-feira (26). Saiba mais.\",\"breadcrumb\":{\"@id\":\"https:\/\/www.suno.com.br\/noticias\/azul-azul4-cai-apos-anuncio-debentures\/#breadcrumb\"},\"inLanguage\":\"pt-BR\",\"potentialAction\":[{\"@type\":\"ReadAction\",\"target\":[\"https:\/\/www.suno.com.br\/noticias\/azul-azul4-cai-apos-anuncio-debentures\/\"]}]},{\"@type\":\"ImageObject\",\"inLanguage\":\"pt-BR\",\"@id\":\"https:\/\/www.suno.com.br\/noticias\/azul-azul4-cai-apos-anuncio-debentures\/#primaryimage\",\"url\":\"https:\/\/files.sunoresearch.com.br\/n\/uploads\/2020\/09\/4def85c8-azul-jpg.webp\",\"contentUrl\":\"https:\/\/files.sunoresearch.com.br\/n\/uploads\/2020\/09\/4def85c8-azul-jpg.webp\",\"width\":1920,\"height\":1080,\"caption\":\"Em dezembro, a Azul prev\u00ea operar cerca de 70% da capacidade total\"},{\"@type\":\"BreadcrumbList\",\"@id\":\"https:\/\/www.suno.com.br\/noticias\/azul-azul4-cai-apos-anuncio-debentures\/#breadcrumb\",\"itemListElement\":[{\"@type\":\"ListItem\",\"position\":1,\"name\":\"Not\u00edcias\",\"item\":\"https:\/\/www.suno.com.br\/noticias\/\"},{\"@type\":\"ListItem\",\"position\":2,\"name\":\"Mercado\",\"item\":\"https:\/\/www.suno.com.br\/noticias\/mercado\/\"},{\"@type\":\"ListItem\",\"position\":3,\"name\":\"Azul (AZUL4) chega a cair 4% ap\u00f3s an\u00fancio de deb\u00eantures convers\u00edveis\"}]},{\"@type\":\"WebSite\",\"@id\":\"https:\/\/www.suno.com.br\/noticias\/#website\",\"url\":\"https:\/\/www.suno.com.br\/noticias\/\",\"name\":\"Suno Not\u00edcias\",\"description\":\"Seu portal de informa\u00e7\u00e3o sobre o mundo dos investimentos\",\"publisher\":{\"@id\":\"https:\/\/www.suno.com.br\/noticias\/#organization\"},\"potentialAction\":[{\"@type\":\"SearchAction\",\"target\":{\"@type\":\"EntryPoint\",\"urlTemplate\":\"https:\/\/www.suno.com.br\/noticias\/?s={search_term_string}\"},\"query-input\":{\"@type\":\"PropertyValueSpecification\",\"valueRequired\":true,\"valueName\":\"search_term_string\"}}],\"inLanguage\":\"pt-BR\"},{\"@type\":\"Organization\",\"@id\":\"https:\/\/www.suno.com.br\/noticias\/#organization\",\"name\":\"Suno Not\u00edcias\",\"url\":\"https:\/\/www.suno.com.br\/noticias\/\",\"logo\":{\"@type\":\"ImageObject\",\"inLanguage\":\"pt-BR\",\"@id\":\"https:\/\/www.suno.com.br\/noticias\/#\/schema\/logo\/image\/\",\"url\":\"https:\/\/files.sunoresearch.com.br\/n\/uploads\/2021\/09\/suno-logo.png\",\"contentUrl\":\"https:\/\/files.sunoresearch.com.br\/n\/uploads\/2021\/09\/suno-logo.png\",\"width\":180,\"height\":180,\"caption\":\"Suno Not\u00edcias\"},\"image\":{\"@id\":\"https:\/\/www.suno.com.br\/noticias\/#\/schema\/logo\/image\/\"},\"sameAs\":[\"https:\/\/facebook.com\/sunoresearch\",\"https:\/\/x.com\/sunoresearch\",\"https:\/\/www.instagram.com\/suno\",\"https:\/\/www.linkedin.com\/company\/suno-research\/\",\"https:\/\/www.youtube.com\/c\/sunoresearch\"]},{\"@type\":\"Person\",\"@id\":\"https:\/\/www.suno.com.br\/noticias\/#\/schema\/person\/918d79de1f0281f01599b93f9ea6e23f\",\"name\":\"Jader Lazarini\",\"image\":{\"@type\":\"ImageObject\",\"inLanguage\":\"pt-BR\",\"@id\":\"https:\/\/www.suno.com.br\/noticias\/#\/schema\/person\/image\/\",\"url\":\"https:\/\/secure.gravatar.com\/avatar\/3c1ad8caa51589841baeb923fcddea97?s=96&r=g\",\"contentUrl\":\"https:\/\/secure.gravatar.com\/avatar\/3c1ad8caa51589841baeb923fcddea97?s=96&r=g\",\"caption\":\"Jader Lazarini\"},\"description\":\"Jader Lazarini escreve sobre investimentos, finan\u00e7as, economia e neg\u00f3cios. \u00c9 bacharel em Rela\u00e7\u00f5es Internacionais e analista CNPI (2619).\",\"url\":\"https:\/\/www.suno.com.br\/noticias\/author\/jader-lazarini\/\"}]}<\/script>\n<!-- \/ Yoast SEO plugin. -->","yoast_head_json":{"title":"Azul (AZUL4) chega a cair 4% ap\u00f3s an\u00fancio de deb\u00eantures convers\u00edveis","description":"As a\u00e7\u00f5es da Azul (AZUL4) operam em forte queda na Bolsa de Valores de S\u00e3o Paulo (B3) nesta segunda-feira (26). Saiba mais.","robots":{"index":"index","follow":"follow","max-snippet":"max-snippet:-1","max-image-preview":"max-image-preview:large","max-video-preview":"max-video-preview:-1"},"canonical":"https:\/\/www.suno.com.br\/noticias\/azul-azul4-cai-apos-anuncio-debentures\/","og_locale":"pt_BR","og_type":"article","og_title":"Azul (AZUL4) chega a cair 4% ap\u00f3s an\u00fancio de deb\u00eantures convers\u00edveis","og_description":"As a\u00e7\u00f5es da Azul (AZUL4) operam em forte queda na Bolsa de Valores de S\u00e3o Paulo (B3) nesta segunda-feira (26). Saiba mais.","og_url":"https:\/\/www.suno.com.br\/noticias\/azul-azul4-cai-apos-anuncio-debentures\/","og_site_name":"Suno Not\u00edcias","article_publisher":"https:\/\/facebook.com\/sunoresearch","og_image":[{"width":1920,"height":1080,"url":"https:\/\/files.sunoresearch.com.br\/n\/uploads\/2020\/09\/4def85c8-azul.jpg","type":"image\/jpeg"}],"author":"Jader Lazarini","twitter_card":"summary_large_image","twitter_creator":"@sunoresearch","twitter_site":"@sunoresearch","twitter_misc":{"Escrito por":"Jader Lazarini","Est. tempo de leitura":"3 minutos"},"schema":{"@context":"https:\/\/schema.org","@graph":[{"@type":"NewsArticle","@id":"https:\/\/www.suno.com.br\/noticias\/azul-azul4-cai-apos-anuncio-debentures\/#article","isPartOf":{"@id":"https:\/\/www.suno.com.br\/noticias\/azul-azul4-cai-apos-anuncio-debentures\/"},"author":{"name":"Jader Lazarini","@id":"https:\/\/www.suno.com.br\/noticias\/#\/schema\/person\/918d79de1f0281f01599b93f9ea6e23f"},"headline":"Azul (AZUL4) chega a cair 4% ap\u00f3s an\u00fancio de deb\u00eantures convers\u00edveis","datePublished":"2020-10-26T14:59:06+00:00","dateModified":"2022-05-13T14:10:29+00:00","mainEntityOfPage":{"@id":"https:\/\/www.suno.com.br\/noticias\/azul-azul4-cai-apos-anuncio-debentures\/"},"wordCount":734,"publisher":{"@id":"https:\/\/www.suno.com.br\/noticias\/#organization"},"image":{"@id":"https:\/\/www.suno.com.br\/noticias\/azul-azul4-cai-apos-anuncio-debentures\/#primaryimage"},"thumbnailUrl":"https:\/\/files.sunoresearch.com.br\/n\/uploads\/2020\/09\/4def85c8-azul-jpg.webp","keywords":["a\u00e7\u00f5es preferenciais","Azul (AZUL4)","Bolsa de Valores de S\u00e3o Paulo (B3)","deb\u00eantures"],"articleSection":["Mercado"],"inLanguage":"pt-BR"},{"@type":"WebPage","@id":"https:\/\/www.suno.com.br\/noticias\/azul-azul4-cai-apos-anuncio-debentures\/","url":"https:\/\/www.suno.com.br\/noticias\/azul-azul4-cai-apos-anuncio-debentures\/","name":"Azul (AZUL4) chega a cair 4% ap\u00f3s an\u00fancio de deb\u00eantures convers\u00edveis","isPartOf":{"@id":"https:\/\/www.suno.com.br\/noticias\/#website"},"primaryImageOfPage":{"@id":"https:\/\/www.suno.com.br\/noticias\/azul-azul4-cai-apos-anuncio-debentures\/#primaryimage"},"image":{"@id":"https:\/\/www.suno.com.br\/noticias\/azul-azul4-cai-apos-anuncio-debentures\/#primaryimage"},"thumbnailUrl":"https:\/\/files.sunoresearch.com.br\/n\/uploads\/2020\/09\/4def85c8-azul-jpg.webp","datePublished":"2020-10-26T14:59:06+00:00","dateModified":"2022-05-13T14:10:29+00:00","description":"As a\u00e7\u00f5es da Azul (AZUL4) operam em forte queda na Bolsa de Valores de S\u00e3o Paulo (B3) nesta segunda-feira (26). Saiba mais.","breadcrumb":{"@id":"https:\/\/www.suno.com.br\/noticias\/azul-azul4-cai-apos-anuncio-debentures\/#breadcrumb"},"inLanguage":"pt-BR","potentialAction":[{"@type":"ReadAction","target":["https:\/\/www.suno.com.br\/noticias\/azul-azul4-cai-apos-anuncio-debentures\/"]}]},{"@type":"ImageObject","inLanguage":"pt-BR","@id":"https:\/\/www.suno.com.br\/noticias\/azul-azul4-cai-apos-anuncio-debentures\/#primaryimage","url":"https:\/\/files.sunoresearch.com.br\/n\/uploads\/2020\/09\/4def85c8-azul-jpg.webp","contentUrl":"https:\/\/files.sunoresearch.com.br\/n\/uploads\/2020\/09\/4def85c8-azul-jpg.webp","width":1920,"height":1080,"caption":"Em dezembro, a Azul prev\u00ea operar cerca de 70% da capacidade total"},{"@type":"BreadcrumbList","@id":"https:\/\/www.suno.com.br\/noticias\/azul-azul4-cai-apos-anuncio-debentures\/#breadcrumb","itemListElement":[{"@type":"ListItem","position":1,"name":"Not\u00edcias","item":"https:\/\/www.suno.com.br\/noticias\/"},{"@type":"ListItem","position":2,"name":"Mercado","item":"https:\/\/www.suno.com.br\/noticias\/mercado\/"},{"@type":"ListItem","position":3,"name":"Azul (AZUL4) chega a cair 4% ap\u00f3s an\u00fancio de deb\u00eantures convers\u00edveis"}]},{"@type":"WebSite","@id":"https:\/\/www.suno.com.br\/noticias\/#website","url":"https:\/\/www.suno.com.br\/noticias\/","name":"Suno Not\u00edcias","description":"Seu portal de informa\u00e7\u00e3o sobre o mundo dos investimentos","publisher":{"@id":"https:\/\/www.suno.com.br\/noticias\/#organization"},"potentialAction":[{"@type":"SearchAction","target":{"@type":"EntryPoint","urlTemplate":"https:\/\/www.suno.com.br\/noticias\/?s={search_term_string}"},"query-input":{"@type":"PropertyValueSpecification","valueRequired":true,"valueName":"search_term_string"}}],"inLanguage":"pt-BR"},{"@type":"Organization","@id":"https:\/\/www.suno.com.br\/noticias\/#organization","name":"Suno Not\u00edcias","url":"https:\/\/www.suno.com.br\/noticias\/","logo":{"@type":"ImageObject","inLanguage":"pt-BR","@id":"https:\/\/www.suno.com.br\/noticias\/#\/schema\/logo\/image\/","url":"https:\/\/files.sunoresearch.com.br\/n\/uploads\/2021\/09\/suno-logo.png","contentUrl":"https:\/\/files.sunoresearch.com.br\/n\/uploads\/2021\/09\/suno-logo.png","width":180,"height":180,"caption":"Suno Not\u00edcias"},"image":{"@id":"https:\/\/www.suno.com.br\/noticias\/#\/schema\/logo\/image\/"},"sameAs":["https:\/\/facebook.com\/sunoresearch","https:\/\/x.com\/sunoresearch","https:\/\/www.instagram.com\/suno","https:\/\/www.linkedin.com\/company\/suno-research\/","https:\/\/www.youtube.com\/c\/sunoresearch"]},{"@type":"Person","@id":"https:\/\/www.suno.com.br\/noticias\/#\/schema\/person\/918d79de1f0281f01599b93f9ea6e23f","name":"Jader Lazarini","image":{"@type":"ImageObject","inLanguage":"pt-BR","@id":"https:\/\/www.suno.com.br\/noticias\/#\/schema\/person\/image\/","url":"https:\/\/secure.gravatar.com\/avatar\/3c1ad8caa51589841baeb923fcddea97?s=96&r=g","contentUrl":"https:\/\/secure.gravatar.com\/avatar\/3c1ad8caa51589841baeb923fcddea97?s=96&r=g","caption":"Jader Lazarini"},"description":"Jader Lazarini escreve sobre investimentos, finan\u00e7as, economia e neg\u00f3cios. \u00c9 bacharel em Rela\u00e7\u00f5es Internacionais e analista CNPI (2619).","url":"https:\/\/www.suno.com.br\/noticias\/author\/jader-lazarini\/"}]}},"default_loop_html":"<div class=\"cardsPage__listCard__boxs\"><div class=\"cardsPage__listCard__boxs__img\"><a href=\"https:\/\/www.suno.com.br\/noticias\/azul-azul4-cai-apos-anuncio-debentures\/\"><img class=\"mask\" src=\"https:\/\/www.suno.com.br\/noticias\/wp-content\/themes\/suno\/resources\/images\/spotlight\/spotlight1img\/bg-mask.png\" alt=\"Image Mask\"\/><img src=\"https:\/\/files.sunoresearch.com.br\/n\/uploads\/2020\/09\/4def85c8-azul-400x200.webp\" alt=\"Azul (AZUL4) chega a cair 4% ap\u00f3s an\u00fancio de deb\u00eantures convers\u00edveis\"\/><\/a><span class=\"spotlightCategory\"><a href=\"https:\/\/www.suno.com.br\/noticias\/mercado\/\">Mercado<\/a><\/span><\/div><div class=\"cardsPage__listCard__boxs__content\"><a href=\"https:\/\/www.suno.com.br\/noticias\/azul-azul4-cai-apos-anuncio-debentures\/\"><h2 class=\"content__title\">Azul (AZUL4) chega a cair 4% ap\u00f3s an\u00fancio de deb\u00eantures convers\u00edveis<\/h2><\/a><div class=\"newsContent__article__meta\"><div class=\"newsContent__article__meta__authorBox\"><a href=\"https:\/\/www.suno.com.br\/noticias\/author\/jader-lazarini\/\" class=\"authorBox__avatar noMobi\"><img src=\"https:\/\/files.sunoresearch.com.br\/n\/uploads\/2021\/01\/178e6598-foto-perfil-2-150x150.jpg\" alt=\"Jader Lazarini\"><\/a><div class=\"authorBox__name\"><span>por\n\t\t\t<a href=\"https:\/\/www.suno.com.br\/noticias\/author\/jader-lazarini\/\"><span itemprop=\"author\">Jader Lazarini<\/span><\/a><\/span><time datetime=\"2020-10-26T11:59:06-03:00\" itemprop=\"datePublished\">26\/10\/2020 11:59<\/time><\/div><\/div><\/div><\/div><\/div>","single_layout":"posts","amp_enabled":true,"_links":{"self":[{"href":"https:\/\/www.suno.com.br\/noticias\/wp-json\/wp\/v2\/posts\/94500"}],"collection":[{"href":"https:\/\/www.suno.com.br\/noticias\/wp-json\/wp\/v2\/posts"}],"about":[{"href":"https:\/\/www.suno.com.br\/noticias\/wp-json\/wp\/v2\/types\/post"}],"author":[{"embeddable":true,"href":"https:\/\/www.suno.com.br\/noticias\/wp-json\/wp\/v2\/users\/24"}],"replies":[{"embeddable":true,"href":"https:\/\/www.suno.com.br\/noticias\/wp-json\/wp\/v2\/comments?post=94500"}],"version-history":[{"count":1,"href":"https:\/\/www.suno.com.br\/noticias\/wp-json\/wp\/v2\/posts\/94500\/revisions"}],"predecessor-version":[{"id":258601,"href":"https:\/\/www.suno.com.br\/noticias\/wp-json\/wp\/v2\/posts\/94500\/revisions\/258601"}],"wp:featuredmedia":[{"embeddable":true,"href":"https:\/\/www.suno.com.br\/noticias\/wp-json\/wp\/v2\/media\/83882"}],"wp:attachment":[{"href":"https:\/\/www.suno.com.br\/noticias\/wp-json\/wp\/v2\/media?parent=94500"}],"wp:term":[{"taxonomy":"category","embeddable":true,"href":"https:\/\/www.suno.com.br\/noticias\/wp-json\/wp\/v2\/categories?post=94500"},{"taxonomy":"post_tag","embeddable":true,"href":"https:\/\/www.suno.com.br\/noticias\/wp-json\/wp\/v2\/tags?post=94500"},{"taxonomy":"suno_strategy","embeddable":true,"href":"https:\/\/www.suno.com.br\/noticias\/wp-json\/wp\/v2\/suno_strategy?post=94500"}],"curies":[{"name":"wp","href":"https:\/\/api.w.org\/{rel}","templated":true}]}}