{"id":94387,"date":"2020-10-26T11:57:16","date_gmt":"2020-10-26T14:57:16","guid":{"rendered":"https:\/\/www.suno.com.br\/noticias\/?p=94387"},"modified":"2020-10-26T12:03:18","modified_gmt":"2020-10-26T15:03:18","slug":"facebook-eleicao-presidencia-medidas-eua-trump-biden","status":"publish","type":"post","link":"https:\/\/www.suno.com.br\/noticias\/facebook-eleicao-presidencia-medidas-eua-trump-biden\/","title":{"rendered":"Facebook prepara medidas emergenciais para elei\u00e7\u00e3o dos EUA"},"content":{"rendered":"<p>O <strong>Facebook (<a href=\"https:\/\/www.suno.com.br\/artigos\/nasdaq\/\">NASDAQ<\/a>: FB)<\/strong> est\u00e1 se preparando medidas emergenciais para eventuais conflitos eleitorais nos Estados Unidos. O aplicativo dever\u00e1 inserir ferramentas internas que desaceleram a dissemina\u00e7\u00e3o de conte\u00fado com mensagens de ofensas.<\/p>\t<div class=\"wrapper-featured-image\">\n\t\t<figure class=\"spotlightImg\">\n\n\t\t\t<picture>\n\t\t\t\t<source media=\"(max-width: 768px)\" srcset=\"https:\/\/files.sunoresearch.com.br\/n\/uploads\/2020\/10\/020afd0b-105953356-1586360177022bidentrumpr-400x200.webp\">\n\t\t\t\t<img loading=\"lazy\" decoding=\"async\" class=\"newsContent__article__imgCapa lazyloadDisabled \" src=\"https:\/\/files.sunoresearch.com.br\/n\/uploads\/2020\/10\/020afd0b-105953356-1586360177022bidentrumpr-800x450.webp\" width=\"800\" height=\"450\" alt=\"Facebook prepara medidas emergenciais para elei\u00e7\u00e3o dos EUA\" fetchpriority=high \/>\n\t\t\t<\/picture>\n\n\t\t\t<figcaption class=\"wp-caption-text wp-caption-text--show\">Elei\u00e7\u00f5es dos EUA: guia para acompanhar a apura\u00e7\u00e3o<\/figcaption>\n\t\t<\/figure>\n\t<\/div>\n\n\n<div class=\"hubspot-form-wrapper\">\n\t<div id=\"single-form-target\"><\/div>\n<\/div>\n\n<p>De acordo com fontes ouvidas pelo jornal &#8220;The Wall Street Journal&#8221;, as medidas fazem parte de um pacote de emerg\u00eancia usada em pa\u00edses de &#8220;risco&#8221;, como Sri Lanka e Mianmar, desenvolvido pelo Facebook. As ferramentas s\u00e3o usadas em circunst\u00e2ncias cr\u00edticas como <strong>viol\u00eancia<\/strong> relacionada a <strong>elei\u00e7\u00f5es<\/strong>.<\/p>\n<p>Dentre as medidas do pacote est\u00e3o a poss\u00edvel desacelera\u00e7\u00e3o generalizada da dissemina\u00e7\u00e3o de postagens conforme elas se tornem virais, al\u00e9m de ajustes no feed de not\u00edcias para mudar os tipos de conte\u00fado que os usu\u00e1rios veem. O Facebook tamb\u00e9m reduzir\u00e1 o limite de publica\u00e7\u00f5es para detectar os tipos de conte\u00fado que seu software considera perigoso.<\/p>\n<p><a href=\"https:\/\/lp.suno.com.br\/suno-one\/\">Suno One: o primeiro passo para alcan\u00e7ar a sua independ\u00eancia financeira. Acesse agora, \u00e9 gratuito!<\/a><\/p>\n<p>Segundo as fontes, essas ferramentas podem alterar o que dezenas de milh\u00f5es de norte-americanos veem em seus feeds, diminuindo sua exposi\u00e7\u00e3o ao <strong>sensacionalismo<\/strong>,<strong> incita\u00e7\u00e3o \u00e0 viol\u00eancia<\/strong> e <strong>desinforma\u00e7\u00e3o<\/strong>.<\/p>\n<p>&#8220;Aplicamos li\u00e7\u00f5es de elei\u00e7\u00f5es anteriores, contratamos especialistas e constru\u00edmos novas equipes com experi\u00eancia em diferente \u00e1reas para nos preparamos para v\u00e1rios cen\u00e1rios&#8221;, disse o porta-voz do Facebook, Andy Stone.<\/p>\n<p>De acordo com as fontes, a rede social faz altera\u00e7\u00f5es regularmente em seus algoritmos para aumentar o engajamento e penalizar os malfeitores, essas mudan\u00e7as raramente s\u00e3o anunciadas, a menos que a empresa considere que elas s\u00e3o de interesse p\u00fablico.<\/p>\n\t<div data-element=\"shortcode-read-more\" class=\"knowMore\">\n\t\t\t\t<span class=\"knowMore__title\">Saiba mais<\/span>\n\t\t\t\t<a class=\"knowMore__link\" href=\"https:\/\/www.suno.com.br\/noticias\/facebook-pode-restringir-usuarios-caso-eleicoes-virem-caos\/\">\n\t\t\tFacebook pode restringir usu\u00e1rios caso elei\u00e7\u00f5es dos EUA virem um &#039;caos&#039;\t\t<\/a>\n\t<\/div>\n\n\n<p>No inicio deste m\u00eas o Facebook recebeu cr\u00edticas do presidente dos EUA, <a href=\"https:\/\/www.suno.com.br\/tudo-sobre\/donald-trump\/\">Donald Trump<\/a>, e de republicanos, ap\u00f3s desacelerar a dissemina\u00e7\u00e3o de artigos do &#8220;New York Post&#8221;, relacionados ao filho do candidato \u00e0 presid\u00eancia Joe Biden, Hunter Biden.\u00a0Em resposta, a rede social disse que a a\u00e7\u00e3o estava de acordo com as regras anunciadas ano passado para evitar interfer\u00eancias nas elei\u00e7\u00f5es.<\/p>\n<p>Entretanto, a empresa recebe cr\u00edticas de ambos os partidos pol\u00edticos, os democratas reclamaram que o Facebook n\u00e3o fez o suficiente para evitar a dissemina\u00e7\u00e3o de informa\u00e7\u00f5es incorretas.<\/p>\n<h2>Facebook suspender\u00e1 toda publicidade pol\u00edtica ap\u00f3s elei\u00e7\u00f5es<\/h2>\n<p>No inicio deste m\u00eas o Facebook \u00a0informou que suspender\u00e1 indefinidamente toda a publicidade relacionada a quest\u00f5es pol\u00edticas e sociais ap\u00f3s a conclus\u00e3o da vota\u00e7\u00e3o nas elei\u00e7\u00f5es presidenciais dos Estados Unidos, que ocorrer\u00e1 em 3 de novembro. Essa \u00e9 a \u00faltima medida da gigante das redes sociais que vem sendo pressionada pelo combate \u00e0s<em> fake news<\/em> desde as elei\u00e7\u00f5es de 2016.<\/p>\n<p>A medida \u00e9 somada \u00e0 informa\u00e7\u00e3o revelada pelo <a href=\"https:\/\/www.suno.com.br\/artigos\/ceo\/\">CEO<\/a> do Facebook, <a href=\"https:\/\/www.suno.com.br\/tudo-sobre\/mark-zuckerberg\/\"><strong>Mark Zuckerberg<\/strong><\/a> em setembro. Ele disse que a empresa iria barrar novos an\u00fancios pol\u00edticos na semana que antecede as elei\u00e7\u00f5es. O executivo disse que temia um risco maior de convuls\u00e3o civil dada a polariza\u00e7\u00e3o pol\u00edtica no pa\u00eds.<\/p>\n<p>Recentemente, a companhia disse que n\u00e3o esperava realizar mudan\u00e7as adicionais em suas <strong>pol\u00edticas eleitorais<\/strong>. Entretanto, pelo acirramento da corrida presidencial nas \u00faltimas semanas,\u00a0o <strong>Facebook<\/strong> mudou sua postura com o intuito de evitar maior intimidamento dos eleitores.<\/p>\n\t<p>\n\t\t<a href=\"https:\/\/lp.suno.com.br\/planilha-de-controle-de-investimentos\/\" target=\"_blank\" data-element=\"shortcode-suno-banner\" title=\"Banner SUNO, clique e saiba mais\">\n\t\t\t<picture>\n\t\t\t\t<source media=\"(max-width: 500px)\" srcset=\"https:\/\/files.sunoresearch.com.br\/n\/uploads\/2023\/03\/400x300-Controle-de-Investimentos.png\">\n\t\t\t\t<img class=\"newsContent__article__imgCapa newsContent__article__imgCapa--banner\"\n\t\t\t\t\tsrc=\"https:\/\/files.sunoresearch.com.br\/n\/uploads\/2023\/03\/1420x240-Controle-de-Investimentos.png\"\n\t\t\t\t\tdata-promo-id=\"75934\"\t\t\t\t\t\t\t\t\t\twidth='1420' height='240'\t\t\t\t\talt=\"https:\/\/files.sunoresearch.com.br\/n\/uploads\/2023\/03\/1420x240-Controle-de-Investimentos.png\"\n\t\t\t\t>\n\t\t\t<\/picture>\n\t\t<\/a>\n\t<\/p>\n\n\n","protected":false},"excerpt":{"rendered":"<p>O Facebook (NASDAQ: FB) est\u00e1 se preparando medidas emergenciais para eventuais conflitos eleitorais nos Estados Unidos. O aplicativo dever\u00e1 inserir ferramentas internas que desaceleram a dissemina\u00e7\u00e3o de conte\u00fado com mensagens de ofensas. Elei\u00e7\u00f5es dos EUA: guia para acompanhar a apura\u00e7\u00e3o De acordo com fontes ouvidas pelo jornal &#8220;The Wall Street Journal&#8221;, as medidas fazem parte [&hellip;]<\/p>\n","protected":false},"author":15,"featured_media":93326,"comment_status":"closed","ping_status":"closed","sticky":false,"template":"","format":"standard","meta":[],"categories":[63],"tags":[724,697,793,733,48323,73481],"suno_strategy":[],"class_list":["post-94387","post","type-post","status-publish","format-standard","has-post-thumbnail","hentry","category-internacional","tag-donald-trump","tag-eleicoes","tag-estados-unidos-eua","tag-facebook-fbok34","tag-fake-news","tag-joe-biden"],"yoast_head":"<!-- This site is optimized with the Yoast SEO plugin v24.4 - https:\/\/yoast.com\/wordpress\/plugins\/seo\/ -->\n<title>Facebook prepara medidas emergenciais para elei\u00e7\u00e3o dos Estados Unidos<\/title>\n<meta name=\"description\" content=\"O Facebook (NASDAQ: FB) est\u00e1 se preparando medidas emergenciais para eventuais conflitos eleitorais nos EUA. Clique aqui e saiba mais\" \/>\n<meta name=\"robots\" content=\"index, follow, max-snippet:-1, max-image-preview:large, max-video-preview:-1\" \/>\n<link rel=\"canonical\" href=\"https:\/\/www.suno.com.br\/noticias\/facebook-eleicao-presidencia-medidas-eua-trump-biden\/\" \/>\n<meta property=\"og:locale\" content=\"pt_BR\" \/>\n<meta property=\"og:type\" content=\"article\" \/>\n<meta property=\"og:title\" content=\"Facebook prepara medidas emergenciais para elei\u00e7\u00e3o dos Estados Unidos\" \/>\n<meta property=\"og:description\" content=\"O Facebook (NASDAQ: FB) est\u00e1 se preparando medidas emergenciais para eventuais conflitos eleitorais nos EUA. Clique aqui e saiba mais\" \/>\n<meta property=\"og:url\" content=\"https:\/\/www.suno.com.br\/noticias\/facebook-eleicao-presidencia-medidas-eua-trump-biden\/\" \/>\n<meta property=\"og:site_name\" content=\"Suno Not\u00edcias\" \/>\n<meta property=\"article:publisher\" content=\"https:\/\/facebook.com\/sunoresearch\" \/>\n<meta property=\"og:image\" content=\"https:\/\/files.sunoresearch.com.br\/n\/uploads\/2020\/10\/020afd0b-105953356-1586360177022bidentrumpr.jpg\" \/>\n\t<meta property=\"og:image:width\" content=\"1600\" \/>\n\t<meta property=\"og:image:height\" content=\"900\" \/>\n\t<meta property=\"og:image:type\" content=\"image\/jpeg\" \/>\n<meta name=\"author\" content=\"Poliana Santos\" \/>\n<meta name=\"twitter:card\" content=\"summary_large_image\" \/>\n<meta name=\"twitter:creator\" content=\"@sunoresearch\" \/>\n<meta name=\"twitter:site\" content=\"@sunoresearch\" \/>\n<meta name=\"twitter:label1\" content=\"Escrito por\" \/>\n\t<meta name=\"twitter:data1\" content=\"Poliana Santos\" \/>\n\t<meta name=\"twitter:label2\" content=\"Est. tempo de leitura\" \/>\n\t<meta name=\"twitter:data2\" content=\"3 minutos\" \/>\n<script type=\"application\/ld+json\" class=\"yoast-schema-graph\">{\"@context\":\"https:\/\/schema.org\",\"@graph\":[{\"@type\":\"NewsArticle\",\"@id\":\"https:\/\/www.suno.com.br\/noticias\/facebook-eleicao-presidencia-medidas-eua-trump-biden\/#article\",\"isPartOf\":{\"@id\":\"https:\/\/www.suno.com.br\/noticias\/facebook-eleicao-presidencia-medidas-eua-trump-biden\/\"},\"author\":{\"name\":\"Poliana Santos\",\"@id\":\"https:\/\/www.suno.com.br\/noticias\/#\/schema\/person\/02ec1f752758247878a2bf4abee1aeda\"},\"headline\":\"Facebook prepara medidas emergenciais para elei\u00e7\u00e3o dos EUA\",\"datePublished\":\"2020-10-26T14:57:16+00:00\",\"dateModified\":\"2020-10-26T15:03:18+00:00\",\"mainEntityOfPage\":{\"@id\":\"https:\/\/www.suno.com.br\/noticias\/facebook-eleicao-presidencia-medidas-eua-trump-biden\/\"},\"wordCount\":580,\"publisher\":{\"@id\":\"https:\/\/www.suno.com.br\/noticias\/#organization\"},\"image\":{\"@id\":\"https:\/\/www.suno.com.br\/noticias\/facebook-eleicao-presidencia-medidas-eua-trump-biden\/#primaryimage\"},\"thumbnailUrl\":\"https:\/\/files.sunoresearch.com.br\/n\/uploads\/2020\/10\/020afd0b-105953356-1586360177022bidentrumpr-jpg.webp\",\"keywords\":[\"Donald Trump\",\"Elei\u00e7\u00f5es\",\"Estados Unidos (EUA)\",\"Facebook (FBOK34)\",\"fake news\",\"Joe Biden\"],\"articleSection\":[\"Internacional\"],\"inLanguage\":\"pt-BR\"},{\"@type\":\"WebPage\",\"@id\":\"https:\/\/www.suno.com.br\/noticias\/facebook-eleicao-presidencia-medidas-eua-trump-biden\/\",\"url\":\"https:\/\/www.suno.com.br\/noticias\/facebook-eleicao-presidencia-medidas-eua-trump-biden\/\",\"name\":\"Facebook prepara medidas emergenciais para elei\u00e7\u00e3o dos Estados Unidos\",\"isPartOf\":{\"@id\":\"https:\/\/www.suno.com.br\/noticias\/#website\"},\"primaryImageOfPage\":{\"@id\":\"https:\/\/www.suno.com.br\/noticias\/facebook-eleicao-presidencia-medidas-eua-trump-biden\/#primaryimage\"},\"image\":{\"@id\":\"https:\/\/www.suno.com.br\/noticias\/facebook-eleicao-presidencia-medidas-eua-trump-biden\/#primaryimage\"},\"thumbnailUrl\":\"https:\/\/files.sunoresearch.com.br\/n\/uploads\/2020\/10\/020afd0b-105953356-1586360177022bidentrumpr-jpg.webp\",\"datePublished\":\"2020-10-26T14:57:16+00:00\",\"dateModified\":\"2020-10-26T15:03:18+00:00\",\"description\":\"O Facebook (NASDAQ: FB) est\u00e1 se preparando medidas emergenciais para eventuais conflitos eleitorais nos EUA. Clique aqui e saiba mais\",\"breadcrumb\":{\"@id\":\"https:\/\/www.suno.com.br\/noticias\/facebook-eleicao-presidencia-medidas-eua-trump-biden\/#breadcrumb\"},\"inLanguage\":\"pt-BR\",\"potentialAction\":[{\"@type\":\"ReadAction\",\"target\":[\"https:\/\/www.suno.com.br\/noticias\/facebook-eleicao-presidencia-medidas-eua-trump-biden\/\"]}]},{\"@type\":\"ImageObject\",\"inLanguage\":\"pt-BR\",\"@id\":\"https:\/\/www.suno.com.br\/noticias\/facebook-eleicao-presidencia-medidas-eua-trump-biden\/#primaryimage\",\"url\":\"https:\/\/files.sunoresearch.com.br\/n\/uploads\/2020\/10\/020afd0b-105953356-1586360177022bidentrumpr-jpg.webp\",\"contentUrl\":\"https:\/\/files.sunoresearch.com.br\/n\/uploads\/2020\/10\/020afd0b-105953356-1586360177022bidentrumpr-jpg.webp\",\"width\":1600,\"height\":900,\"caption\":\"Elei\u00e7\u00f5es dos EUA: guia para acompanhar a apura\u00e7\u00e3o\"},{\"@type\":\"BreadcrumbList\",\"@id\":\"https:\/\/www.suno.com.br\/noticias\/facebook-eleicao-presidencia-medidas-eua-trump-biden\/#breadcrumb\",\"itemListElement\":[{\"@type\":\"ListItem\",\"position\":1,\"name\":\"Not\u00edcias\",\"item\":\"https:\/\/www.suno.com.br\/noticias\/\"},{\"@type\":\"ListItem\",\"position\":2,\"name\":\"Internacional\",\"item\":\"https:\/\/www.suno.com.br\/noticias\/internacional\/\"},{\"@type\":\"ListItem\",\"position\":3,\"name\":\"Facebook prepara medidas emergenciais para elei\u00e7\u00e3o dos EUA\"}]},{\"@type\":\"WebSite\",\"@id\":\"https:\/\/www.suno.com.br\/noticias\/#website\",\"url\":\"https:\/\/www.suno.com.br\/noticias\/\",\"name\":\"Suno Not\u00edcias\",\"description\":\"Seu portal de informa\u00e7\u00e3o sobre o mundo dos investimentos\",\"publisher\":{\"@id\":\"https:\/\/www.suno.com.br\/noticias\/#organization\"},\"potentialAction\":[{\"@type\":\"SearchAction\",\"target\":{\"@type\":\"EntryPoint\",\"urlTemplate\":\"https:\/\/www.suno.com.br\/noticias\/?s={search_term_string}\"},\"query-input\":{\"@type\":\"PropertyValueSpecification\",\"valueRequired\":true,\"valueName\":\"search_term_string\"}}],\"inLanguage\":\"pt-BR\"},{\"@type\":\"Organization\",\"@id\":\"https:\/\/www.suno.com.br\/noticias\/#organization\",\"name\":\"Suno Not\u00edcias\",\"url\":\"https:\/\/www.suno.com.br\/noticias\/\",\"logo\":{\"@type\":\"ImageObject\",\"inLanguage\":\"pt-BR\",\"@id\":\"https:\/\/www.suno.com.br\/noticias\/#\/schema\/logo\/image\/\",\"url\":\"https:\/\/files.sunoresearch.com.br\/n\/uploads\/2021\/09\/suno-logo.png\",\"contentUrl\":\"https:\/\/files.sunoresearch.com.br\/n\/uploads\/2021\/09\/suno-logo.png\",\"width\":180,\"height\":180,\"caption\":\"Suno Not\u00edcias\"},\"image\":{\"@id\":\"https:\/\/www.suno.com.br\/noticias\/#\/schema\/logo\/image\/\"},\"sameAs\":[\"https:\/\/facebook.com\/sunoresearch\",\"https:\/\/x.com\/sunoresearch\",\"https:\/\/www.instagram.com\/suno\",\"https:\/\/www.linkedin.com\/company\/suno-research\/\",\"https:\/\/www.youtube.com\/c\/sunoresearch\"]},{\"@type\":\"Person\",\"@id\":\"https:\/\/www.suno.com.br\/noticias\/#\/schema\/person\/02ec1f752758247878a2bf4abee1aeda\",\"name\":\"Poliana Santos\",\"image\":{\"@type\":\"ImageObject\",\"inLanguage\":\"pt-BR\",\"@id\":\"https:\/\/www.suno.com.br\/noticias\/#\/schema\/person\/image\/\",\"url\":\"https:\/\/secure.gravatar.com\/avatar\/0645bd32f23d87b2130f2b2dff1d3f8d?s=96&r=g\",\"contentUrl\":\"https:\/\/secure.gravatar.com\/avatar\/0645bd32f23d87b2130f2b2dff1d3f8d?s=96&r=g\",\"caption\":\"Poliana Santos\"},\"description\":\"Rep\u00f3rter no Suno Not\u00edcias, com cobertura em mercado financeiro, economia, finan\u00e7as pessoais, renda fixa e varejo. Jornalista formada pela Faculdade C\u00e1sper L\u00edbero e possui passagem na R\u00e1dio Gazeta AM com a produ\u00e7\u00e3o de conte\u00fado sobre economia, pol\u00edtica, sa\u00fade, moda e m\u00fasica. Possui certificado de conclus\u00e3o do curso de An\u00e1lise de Balan\u00e7os pela Funda\u00e7\u00e3o Bradesco, Agenda Brasil pela FAAP, Educa\u00e7\u00e3o Pol\u00edtica por Alexandre Garcia e do Tesouro Direto e Mercado de A\u00e7\u00f5es pela B3.\",\"url\":\"https:\/\/www.suno.com.br\/noticias\/author\/poliana-santos\/\"}]}<\/script>\n<!-- \/ Yoast SEO plugin. -->","yoast_head_json":{"title":"Facebook prepara medidas emergenciais para elei\u00e7\u00e3o dos Estados Unidos","description":"O Facebook (NASDAQ: FB) est\u00e1 se preparando medidas emergenciais para eventuais conflitos eleitorais nos EUA. Clique aqui e saiba mais","robots":{"index":"index","follow":"follow","max-snippet":"max-snippet:-1","max-image-preview":"max-image-preview:large","max-video-preview":"max-video-preview:-1"},"canonical":"https:\/\/www.suno.com.br\/noticias\/facebook-eleicao-presidencia-medidas-eua-trump-biden\/","og_locale":"pt_BR","og_type":"article","og_title":"Facebook prepara medidas emergenciais para elei\u00e7\u00e3o dos Estados Unidos","og_description":"O Facebook (NASDAQ: FB) est\u00e1 se preparando medidas emergenciais para eventuais conflitos eleitorais nos EUA. Clique aqui e saiba mais","og_url":"https:\/\/www.suno.com.br\/noticias\/facebook-eleicao-presidencia-medidas-eua-trump-biden\/","og_site_name":"Suno Not\u00edcias","article_publisher":"https:\/\/facebook.com\/sunoresearch","og_image":[{"width":1600,"height":900,"url":"https:\/\/files.sunoresearch.com.br\/n\/uploads\/2020\/10\/020afd0b-105953356-1586360177022bidentrumpr.jpg","type":"image\/jpeg"}],"author":"Poliana Santos","twitter_card":"summary_large_image","twitter_creator":"@sunoresearch","twitter_site":"@sunoresearch","twitter_misc":{"Escrito por":"Poliana Santos","Est. tempo de leitura":"3 minutos"},"schema":{"@context":"https:\/\/schema.org","@graph":[{"@type":"NewsArticle","@id":"https:\/\/www.suno.com.br\/noticias\/facebook-eleicao-presidencia-medidas-eua-trump-biden\/#article","isPartOf":{"@id":"https:\/\/www.suno.com.br\/noticias\/facebook-eleicao-presidencia-medidas-eua-trump-biden\/"},"author":{"name":"Poliana Santos","@id":"https:\/\/www.suno.com.br\/noticias\/#\/schema\/person\/02ec1f752758247878a2bf4abee1aeda"},"headline":"Facebook prepara medidas emergenciais para elei\u00e7\u00e3o dos EUA","datePublished":"2020-10-26T14:57:16+00:00","dateModified":"2020-10-26T15:03:18+00:00","mainEntityOfPage":{"@id":"https:\/\/www.suno.com.br\/noticias\/facebook-eleicao-presidencia-medidas-eua-trump-biden\/"},"wordCount":580,"publisher":{"@id":"https:\/\/www.suno.com.br\/noticias\/#organization"},"image":{"@id":"https:\/\/www.suno.com.br\/noticias\/facebook-eleicao-presidencia-medidas-eua-trump-biden\/#primaryimage"},"thumbnailUrl":"https:\/\/files.sunoresearch.com.br\/n\/uploads\/2020\/10\/020afd0b-105953356-1586360177022bidentrumpr-jpg.webp","keywords":["Donald Trump","Elei\u00e7\u00f5es","Estados Unidos (EUA)","Facebook (FBOK34)","fake news","Joe Biden"],"articleSection":["Internacional"],"inLanguage":"pt-BR"},{"@type":"WebPage","@id":"https:\/\/www.suno.com.br\/noticias\/facebook-eleicao-presidencia-medidas-eua-trump-biden\/","url":"https:\/\/www.suno.com.br\/noticias\/facebook-eleicao-presidencia-medidas-eua-trump-biden\/","name":"Facebook prepara medidas emergenciais para elei\u00e7\u00e3o dos Estados Unidos","isPartOf":{"@id":"https:\/\/www.suno.com.br\/noticias\/#website"},"primaryImageOfPage":{"@id":"https:\/\/www.suno.com.br\/noticias\/facebook-eleicao-presidencia-medidas-eua-trump-biden\/#primaryimage"},"image":{"@id":"https:\/\/www.suno.com.br\/noticias\/facebook-eleicao-presidencia-medidas-eua-trump-biden\/#primaryimage"},"thumbnailUrl":"https:\/\/files.sunoresearch.com.br\/n\/uploads\/2020\/10\/020afd0b-105953356-1586360177022bidentrumpr-jpg.webp","datePublished":"2020-10-26T14:57:16+00:00","dateModified":"2020-10-26T15:03:18+00:00","description":"O Facebook (NASDAQ: FB) est\u00e1 se preparando medidas emergenciais para eventuais conflitos eleitorais nos EUA. Clique aqui e saiba mais","breadcrumb":{"@id":"https:\/\/www.suno.com.br\/noticias\/facebook-eleicao-presidencia-medidas-eua-trump-biden\/#breadcrumb"},"inLanguage":"pt-BR","potentialAction":[{"@type":"ReadAction","target":["https:\/\/www.suno.com.br\/noticias\/facebook-eleicao-presidencia-medidas-eua-trump-biden\/"]}]},{"@type":"ImageObject","inLanguage":"pt-BR","@id":"https:\/\/www.suno.com.br\/noticias\/facebook-eleicao-presidencia-medidas-eua-trump-biden\/#primaryimage","url":"https:\/\/files.sunoresearch.com.br\/n\/uploads\/2020\/10\/020afd0b-105953356-1586360177022bidentrumpr-jpg.webp","contentUrl":"https:\/\/files.sunoresearch.com.br\/n\/uploads\/2020\/10\/020afd0b-105953356-1586360177022bidentrumpr-jpg.webp","width":1600,"height":900,"caption":"Elei\u00e7\u00f5es dos EUA: guia para acompanhar a apura\u00e7\u00e3o"},{"@type":"BreadcrumbList","@id":"https:\/\/www.suno.com.br\/noticias\/facebook-eleicao-presidencia-medidas-eua-trump-biden\/#breadcrumb","itemListElement":[{"@type":"ListItem","position":1,"name":"Not\u00edcias","item":"https:\/\/www.suno.com.br\/noticias\/"},{"@type":"ListItem","position":2,"name":"Internacional","item":"https:\/\/www.suno.com.br\/noticias\/internacional\/"},{"@type":"ListItem","position":3,"name":"Facebook prepara medidas emergenciais para elei\u00e7\u00e3o dos EUA"}]},{"@type":"WebSite","@id":"https:\/\/www.suno.com.br\/noticias\/#website","url":"https:\/\/www.suno.com.br\/noticias\/","name":"Suno Not\u00edcias","description":"Seu portal de informa\u00e7\u00e3o sobre o mundo dos investimentos","publisher":{"@id":"https:\/\/www.suno.com.br\/noticias\/#organization"},"potentialAction":[{"@type":"SearchAction","target":{"@type":"EntryPoint","urlTemplate":"https:\/\/www.suno.com.br\/noticias\/?s={search_term_string}"},"query-input":{"@type":"PropertyValueSpecification","valueRequired":true,"valueName":"search_term_string"}}],"inLanguage":"pt-BR"},{"@type":"Organization","@id":"https:\/\/www.suno.com.br\/noticias\/#organization","name":"Suno Not\u00edcias","url":"https:\/\/www.suno.com.br\/noticias\/","logo":{"@type":"ImageObject","inLanguage":"pt-BR","@id":"https:\/\/www.suno.com.br\/noticias\/#\/schema\/logo\/image\/","url":"https:\/\/files.sunoresearch.com.br\/n\/uploads\/2021\/09\/suno-logo.png","contentUrl":"https:\/\/files.sunoresearch.com.br\/n\/uploads\/2021\/09\/suno-logo.png","width":180,"height":180,"caption":"Suno Not\u00edcias"},"image":{"@id":"https:\/\/www.suno.com.br\/noticias\/#\/schema\/logo\/image\/"},"sameAs":["https:\/\/facebook.com\/sunoresearch","https:\/\/x.com\/sunoresearch","https:\/\/www.instagram.com\/suno","https:\/\/www.linkedin.com\/company\/suno-research\/","https:\/\/www.youtube.com\/c\/sunoresearch"]},{"@type":"Person","@id":"https:\/\/www.suno.com.br\/noticias\/#\/schema\/person\/02ec1f752758247878a2bf4abee1aeda","name":"Poliana Santos","image":{"@type":"ImageObject","inLanguage":"pt-BR","@id":"https:\/\/www.suno.com.br\/noticias\/#\/schema\/person\/image\/","url":"https:\/\/secure.gravatar.com\/avatar\/0645bd32f23d87b2130f2b2dff1d3f8d?s=96&r=g","contentUrl":"https:\/\/secure.gravatar.com\/avatar\/0645bd32f23d87b2130f2b2dff1d3f8d?s=96&r=g","caption":"Poliana Santos"},"description":"Rep\u00f3rter no Suno Not\u00edcias, com cobertura em mercado financeiro, economia, finan\u00e7as pessoais, renda fixa e varejo. Jornalista formada pela Faculdade C\u00e1sper L\u00edbero e possui passagem na R\u00e1dio Gazeta AM com a produ\u00e7\u00e3o de conte\u00fado sobre economia, pol\u00edtica, sa\u00fade, moda e m\u00fasica. Possui certificado de conclus\u00e3o do curso de An\u00e1lise de Balan\u00e7os pela Funda\u00e7\u00e3o Bradesco, Agenda Brasil pela FAAP, Educa\u00e7\u00e3o Pol\u00edtica por Alexandre Garcia e do Tesouro Direto e Mercado de A\u00e7\u00f5es pela B3.","url":"https:\/\/www.suno.com.br\/noticias\/author\/poliana-santos\/"}]}},"default_loop_html":"<div class=\"cardsPage__listCard__boxs\"><div class=\"cardsPage__listCard__boxs__img\"><a href=\"https:\/\/www.suno.com.br\/noticias\/facebook-eleicao-presidencia-medidas-eua-trump-biden\/\"><img class=\"mask\" src=\"https:\/\/www.suno.com.br\/noticias\/wp-content\/themes\/suno\/resources\/images\/spotlight\/spotlight1img\/bg-mask.png\" alt=\"Image Mask\"\/><img src=\"https:\/\/files.sunoresearch.com.br\/n\/uploads\/2020\/10\/020afd0b-105953356-1586360177022bidentrumpr-400x200.webp\" alt=\"Facebook prepara medidas emergenciais para elei\u00e7\u00e3o dos EUA\"\/><\/a><span class=\"spotlightCategory\"><a href=\"https:\/\/www.suno.com.br\/noticias\/internacional\/\">Internacional<\/a><\/span><\/div><div class=\"cardsPage__listCard__boxs__content\"><a href=\"https:\/\/www.suno.com.br\/noticias\/facebook-eleicao-presidencia-medidas-eua-trump-biden\/\"><h2 class=\"content__title\">Facebook prepara medidas emergenciais para elei\u00e7\u00e3o dos EUA<\/h2><\/a><div class=\"newsContent__article__meta\"><div class=\"newsContent__article__meta__authorBox\"><a href=\"https:\/\/www.suno.com.br\/noticias\/author\/poliana-santos\/\" class=\"authorBox__avatar noMobi\"><img src=\"https:\/\/files.sunoresearch.com.br\/n\/uploads\/2020\/08\/7ef34026-whatsapp-image-2020-08-03-at-12.37.57-150x150.webp\" alt=\"Poliana Santos\"><\/a><div class=\"authorBox__name\"><span>por\n\t\t\t<a href=\"https:\/\/www.suno.com.br\/noticias\/author\/poliana-santos\/\"><span itemprop=\"author\">Poliana Santos<\/span><\/a><\/span><time datetime=\"2020-10-26T11:57:16-03:00\" itemprop=\"datePublished\">26\/10\/2020 11:57<\/time><\/div><\/div><\/div><\/div><\/div>","single_layout":"posts","amp_enabled":true,"_links":{"self":[{"href":"https:\/\/www.suno.com.br\/noticias\/wp-json\/wp\/v2\/posts\/94387"}],"collection":[{"href":"https:\/\/www.suno.com.br\/noticias\/wp-json\/wp\/v2\/posts"}],"about":[{"href":"https:\/\/www.suno.com.br\/noticias\/wp-json\/wp\/v2\/types\/post"}],"author":[{"embeddable":true,"href":"https:\/\/www.suno.com.br\/noticias\/wp-json\/wp\/v2\/users\/15"}],"replies":[{"embeddable":true,"href":"https:\/\/www.suno.com.br\/noticias\/wp-json\/wp\/v2\/comments?post=94387"}],"version-history":[{"count":0,"href":"https:\/\/www.suno.com.br\/noticias\/wp-json\/wp\/v2\/posts\/94387\/revisions"}],"wp:featuredmedia":[{"embeddable":true,"href":"https:\/\/www.suno.com.br\/noticias\/wp-json\/wp\/v2\/media\/93326"}],"wp:attachment":[{"href":"https:\/\/www.suno.com.br\/noticias\/wp-json\/wp\/v2\/media?parent=94387"}],"wp:term":[{"taxonomy":"category","embeddable":true,"href":"https:\/\/www.suno.com.br\/noticias\/wp-json\/wp\/v2\/categories?post=94387"},{"taxonomy":"post_tag","embeddable":true,"href":"https:\/\/www.suno.com.br\/noticias\/wp-json\/wp\/v2\/tags?post=94387"},{"taxonomy":"suno_strategy","embeddable":true,"href":"https:\/\/www.suno.com.br\/noticias\/wp-json\/wp\/v2\/suno_strategy?post=94387"}],"curies":[{"name":"wp","href":"https:\/\/api.w.org\/{rel}","templated":true}]}}