{"id":94369,"date":"2020-10-26T07:35:01","date_gmt":"2020-10-26T10:35:01","guid":{"rendered":"https:\/\/www.suno.com.br\/noticias\/?p=94369"},"modified":"2021-06-13T23:31:09","modified_gmt":"2021-06-14T02:31:09","slug":"bolsas-mundiais-ny-europa-asia-26102020","status":"publish","type":"post","link":"https:\/\/www.suno.com.br\/noticias\/bolsas-mundiais-ny-europa-asia-26102020\/","title":{"rendered":"Bolsas mundiais recuam com temor pelo coronav\u00edrus; S&#038;P cai 1%"},"content":{"rendered":"<p>As <strong>bolsas mundiais<\/strong> iniciaram a semana de forma pessimista nesta segunda-feira (26). Os mercados est\u00e3o receosos com o avan\u00e7o da pandemia do <a href=\"https:\/\/www.suno.com.br\/noticias\/?s=coronav%C3%ADrus\">novo coronav\u00edrus (Covid-19)<\/a> na Europa e agora nos Estados Unidos, enquanto o pacote de est\u00edmulos financeiros norte-americano n\u00e3o sai do papel e continua em discuss\u00f5es no Congresso.<\/p>\t<div class=\"wrapper-featured-image\">\n\t\t<figure class=\"spotlightImg\">\n\n\t\t\t<picture>\n\t\t\t\t<source media=\"(max-width: 768px)\" srcset=\"https:\/\/files.sunoresearch.com.br\/n\/uploads\/2018\/10\/0ccfc4a8-ibovespa-400x200.webp\">\n\t\t\t\t<img loading=\"lazy\" decoding=\"async\" class=\"newsContent__article__imgCapa lazyloadDisabled \" src=\"https:\/\/files.sunoresearch.com.br\/n\/uploads\/2018\/10\/0ccfc4a8-ibovespa-800x450.webp\" width=\"800\" height=\"450\" alt=\"Bolsas mundiais recuam com temor pelo coronav\u00edrus; S&#038;P cai 1%\" fetchpriority=high \/>\n\t\t\t<\/picture>\n\n\t\t\t<figcaption class=\"wp-caption-text wp-caption-text--show\">O Ibovespa abriu em queda nesta quarta-feira (17), ap\u00f3s o feriado de Carnaval, seguindo as bolsas mundiais. <\/figcaption>\n\t\t<\/figure>\n\t<\/div>\n\n\n<div class=\"hubspot-form-wrapper\">\n\t<div id=\"single-form-target\"><\/div>\n<\/div>\n\n<p>Por volta das 7h10, os mercados futuros de Nova York, a exemplo das bolsas mundiais, operavam no vermelho. O <a href=\"https:\/\/www.suno.com.br\/artigos\/sp-500\/\"><strong>S&amp;P 500<\/strong><\/a> futuro apresentava uma baixa de 1,01%, para 3.417,62 pontos, enquanto o \u00edndice da <a href=\"https:\/\/www.suno.com.br\/artigos\/nasdaq\/\"><strong>Nasdaq<\/strong><\/a> apresentava um recuo de 0,88%, atingindo 11.560,88 pontos. Os futuros de Dow Jones ca\u00edam 0,98%, para 27.914,0 pontos.<\/p>\n<p>No \u00faltimo domingo (25), os <strong>Estados Unidos<\/strong> registraram 60.789 novos casos do <strong>coronav\u00edrus<\/strong>, n\u00famero que fica abaixo dos recordes recentes, mas registra um avan\u00e7o sobre a semana anterior. Existe a expectativa de especialistas de que com a chegada do inverno no pa\u00eds, a pandemia possa acelerar as contamina\u00e7\u00f5es.<\/p>\n<p><a href=\"https:\/\/lp.suno.com.br\/suno-one\/\">Suno One: acesse gratuitamente eBooks, Minicursos, Artigos e Video Aulas sobre investimentos com um \u00fanico cadastro. Clique para saber mais!<\/a><\/p>\n<p>Com isso, as restri\u00e7\u00f5es \u00e0 circula\u00e7\u00e3o da popula\u00e7\u00e3o e atividade econ\u00f4mica seriam elevadas, como os pa\u00edses europeus j\u00e1 est\u00e3o fazendo. A <strong>Espanha<\/strong> anunciou, na \u00faltima semana, que passaria a fazer um toque de recolher em todo o pa\u00eds, declarando um estado de emerg\u00eancia. A <strong>It\u00e1lia<\/strong> instaurou as medidas de conte\u00e7\u00e3o da pandemia mais fortes desde maio, obrigando o fechamento de bares e restaurantes \u00e0s 18h.<\/p>\n<p>No \u00faltimo domingo, a <strong>Fran\u00e7a<\/strong> registrou mais de 52 mil novas infec\u00e7\u00f5es, o mais alto n\u00famero desde o in\u00edcio do ano. No mercado europeu, chama aten\u00e7\u00e3o as a\u00e7\u00f5es da fabricante de <em>softwares<\/em> SAP, que despencou 20% ap\u00f3s cortar sua estimativa de receita, argumentando que a pandemia continuar\u00e1 a prejudicar os neg\u00f3cios.<\/p>\n<p>Por volta das 7h20, o <a href=\"https:\/\/www.suno.com.br\/artigos\/dax-30\/\">DAX 30<\/a>, \u00edndice alem\u00e3o, operava com uma queda de 2,07%, a 12.384,00 pontos. O \u00edndice franc\u00eas, CAC 40, registrava -0,54%, para 4.883,89 pontos. O brit\u00e2nico FTSE 100 apresentava uma baixa de 0,27%, para 5.844,25 pontos.<\/p>\n<p>O FTSE MIB, \u00edndice italiano, operava com uma queda de 0,66%, a 19.158,50 pontos. Enquanto isso, a Espanha recua 0,06%. O <strong><a href=\"https:\/\/www.suno.com.br\/artigos\/euro-stoxx-50\/\">Euro Stoxx 50<\/a><\/strong>, maior \u00edndice acion\u00e1rio da zona do euro, ca\u00eda 1,46%, para 3.153,75 pontos.<\/p>\n<p>Os investidores globais permanecem atentos \u00e0s negocia\u00e7\u00f5es do Congresso norte-americano em busca de um acordo para o novo pacote de est\u00edmulos econ\u00f4micos a fam\u00edlias e empresas em meio \u00e0 pandemia. A presidente da C\u00e2mara, <strong>Nancy Pelosi<\/strong>, disse \u00e0 CNN ontem que esperava mais respostas nesta segunda-feira. Ela, no entanto, disse que recai sobre o presidente <a href=\"https:\/\/www.suno.com.br\/tudo-sobre\/donald-trump\/\"><strong>Donald Trump<\/strong><\/a> a responsabilidade de levar adiante as negocia\u00e7\u00f5es.<\/p>\n<p>Embora tanto os democratas como os funcion\u00e1rios da Casa Branca tenham dito que a culpa recai sobre eles por terem entrado no fim de semana sem um acordo &#8212; diminuindo as esperan\u00e7as de um entendimento antes das elei\u00e7\u00f5es &#8211;, o secret\u00e1rio do Tesouro, <strong>Steven Mnuchin<\/strong>, disse que houve um importante progresso, mas culpou Pelosi por atrasar um acordo ao n\u00e3o comprometer as prioridades de seu partido.<\/p>\n<p>Enquanto isso, na \u00c1sia, os mercados tamb\u00e9m operam de forma negativa. A bolsa de Xangai, a SSE Composite, caiu 0,82%, a 3.251,12 pontos.<\/p>\n<p>A bolsa do Jap\u00e3o, <a href=\"https:\/\/www.suno.com.br\/artigos\/nikkei-225\/\">Nikkei 225<\/a>, fechou o preg\u00e3o em queda de 0,09%. O principal \u00edndice de Hong Kong, o Hang Sang n\u00e3o abriu o preg\u00e3o por conta de um feriado nacional. J\u00e1 a KOSPI, mercado da Coreia do Sul, encerrou as negocia\u00e7\u00f5es registrando -0,72%.<\/p>\n\t<div data-element=\"shortcode-read-more\" class=\"knowMore\">\n\t\t\t\t<span class=\"knowMore__title\">Saiba mais<\/span>\n\t\t\t\t<a class=\"knowMore__link\" href=\"https:\/\/www.suno.com.br\/noticias\/pelosi-otimista-pacote-estimulos-eua\/\">\n\t\t\tEUA: Pelosi se diz otimista em rela\u00e7\u00e3o a novo pacote de est\u00edmulos\t\t<\/a>\n\t<\/div>\n\n\n<p>Confira o desempenho dos mercados por volta das 7h28:<\/p>\n<ul>\n<li>S&amp;P 500 futuro: -0,91%<\/li>\n<li>Nasdaq futuro: -0,80%<\/li>\n<li>DAX 30: -2,07%<\/li>\n<li>FTSE 100: -0,25%<\/li>\n<li>Euro Stoxx 50: -1,43%<\/li>\n<li>SSE Composite: -0,28%<\/li>\n<li>Nikkei 225: -0,09%<\/li>\n<\/ul>\n<p>Os mercados futuros e <strong>bolsas mundiais<\/strong> continuam de olho nas incertezas causadas n\u00e3o somente pela pandemia, mas tamb\u00e9m pelas tens\u00f5es globais acentuadas por ela, embora dados recentes tenham demonstrado certa recupera\u00e7\u00e3o da atividade econ\u00f4mica internacional.<\/p>\n\t<p>\n\t\t<a href=\"https:\/\/lp.suno.com.br\/planilha-de-controle-de-investimentos\/\" target=\"_blank\" data-element=\"shortcode-suno-banner\" title=\"Banner SUNO, clique e saiba mais\">\n\t\t\t<picture>\n\t\t\t\t<source media=\"(max-width: 500px)\" srcset=\"https:\/\/files.sunoresearch.com.br\/n\/uploads\/2023\/03\/400x300-Controle-de-Investimentos.png\">\n\t\t\t\t<img class=\"newsContent__article__imgCapa newsContent__article__imgCapa--banner\"\n\t\t\t\t\tsrc=\"https:\/\/files.sunoresearch.com.br\/n\/uploads\/2023\/03\/1420x240-Controle-de-Investimentos.png\"\n\t\t\t\t\tdata-promo-id=\"75934\"\t\t\t\t\t\t\t\t\t\twidth='1420' height='240'\t\t\t\t\talt=\"https:\/\/files.sunoresearch.com.br\/n\/uploads\/2023\/03\/1420x240-Controle-de-Investimentos.png\"\n\t\t\t\t>\n\t\t\t<\/picture>\n\t\t<\/a>\n\t<\/p>\n\n\n","protected":false},"excerpt":{"rendered":"<p>As bolsas mundiais iniciaram a semana de forma pessimista nesta segunda-feira (26). Os mercados est\u00e3o receosos com o avan\u00e7o da pandemia do novo coronav\u00edrus (Covid-19) na Europa e agora nos Estados Unidos, enquanto o pacote de est\u00edmulos financeiros norte-americano n\u00e3o sai do papel e continua em discuss\u00f5es no Congresso. O Ibovespa abriu em queda nesta [&hellip;]<\/p>\n","protected":false},"author":24,"featured_media":4617,"comment_status":"closed","ping_status":"closed","sticky":false,"template":"","format":"standard","meta":[],"categories":[60],"tags":[104703,2487,724,793,964,2667],"suno_strategy":[],"class_list":["post-94369","post","type-post","status-publish","format-standard","has-post-thumbnail","hentry","category-mercado","tag-bolsas-mundiais","tag-coronavirus","tag-donald-trump","tag-estados-unidos-eua","tag-nasdaq","tag-sp-500"],"yoast_head":"<!-- This site is optimized with the Yoast SEO plugin v24.4 - https:\/\/yoast.com\/wordpress\/plugins\/seo\/ -->\n<title>Bolsas mundiais recuam com temor pelo coronav\u00edrus; S&amp;P cai 1%<\/title>\n<meta name=\"description\" content=\"As bolsas mundiais iniciaram a semana de forma pessimista nesta segunda-feira (26), temerosas com o coronav\u00edrus. Clique e saiba mais.\" \/>\n<meta name=\"robots\" content=\"index, follow, max-snippet:-1, max-image-preview:large, max-video-preview:-1\" \/>\n<link rel=\"canonical\" href=\"https:\/\/www.suno.com.br\/noticias\/bolsas-mundiais-ny-europa-asia-26102020\/\" \/>\n<meta property=\"og:locale\" content=\"pt_BR\" \/>\n<meta property=\"og:type\" content=\"article\" \/>\n<meta property=\"og:title\" content=\"Bolsas mundiais recuam com temor pelo coronav\u00edrus; S&amp;P cai 1%\" \/>\n<meta property=\"og:description\" content=\"As bolsas mundiais iniciaram a semana de forma pessimista nesta segunda-feira (26), temerosas com o coronav\u00edrus. Clique e saiba mais.\" \/>\n<meta property=\"og:url\" content=\"https:\/\/www.suno.com.br\/noticias\/bolsas-mundiais-ny-europa-asia-26102020\/\" \/>\n<meta property=\"og:site_name\" content=\"Suno Not\u00edcias\" \/>\n<meta property=\"article:publisher\" content=\"https:\/\/facebook.com\/sunoresearch\" \/>\n<meta property=\"og:image\" content=\"https:\/\/files.sunoresearch.com.br\/n\/uploads\/2018\/10\/0ccfc4a8-ibovespa.jpg\" \/>\n\t<meta property=\"og:image:width\" content=\"1920\" \/>\n\t<meta property=\"og:image:height\" content=\"1440\" \/>\n\t<meta property=\"og:image:type\" content=\"image\/jpeg\" \/>\n<meta name=\"author\" content=\"Jader Lazarini\" \/>\n<meta name=\"twitter:card\" content=\"summary_large_image\" \/>\n<meta name=\"twitter:creator\" content=\"@sunoresearch\" \/>\n<meta name=\"twitter:site\" content=\"@sunoresearch\" \/>\n<meta name=\"twitter:label1\" content=\"Escrito por\" \/>\n\t<meta name=\"twitter:data1\" content=\"Jader Lazarini\" \/>\n\t<meta name=\"twitter:label2\" content=\"Est. tempo de leitura\" \/>\n\t<meta name=\"twitter:data2\" content=\"3 minutos\" \/>\n<script type=\"application\/ld+json\" class=\"yoast-schema-graph\">{\"@context\":\"https:\/\/schema.org\",\"@graph\":[{\"@type\":\"NewsArticle\",\"@id\":\"https:\/\/www.suno.com.br\/noticias\/bolsas-mundiais-ny-europa-asia-26102020\/#article\",\"isPartOf\":{\"@id\":\"https:\/\/www.suno.com.br\/noticias\/bolsas-mundiais-ny-europa-asia-26102020\/\"},\"author\":{\"name\":\"Jader Lazarini\",\"@id\":\"https:\/\/www.suno.com.br\/noticias\/#\/schema\/person\/918d79de1f0281f01599b93f9ea6e23f\"},\"headline\":\"Bolsas mundiais recuam com temor pelo coronav\u00edrus; S&#038;P cai 1%\",\"datePublished\":\"2020-10-26T10:35:01+00:00\",\"dateModified\":\"2021-06-14T02:31:09+00:00\",\"mainEntityOfPage\":{\"@id\":\"https:\/\/www.suno.com.br\/noticias\/bolsas-mundiais-ny-europa-asia-26102020\/\"},\"wordCount\":684,\"publisher\":{\"@id\":\"https:\/\/www.suno.com.br\/noticias\/#organization\"},\"image\":{\"@id\":\"https:\/\/www.suno.com.br\/noticias\/bolsas-mundiais-ny-europa-asia-26102020\/#primaryimage\"},\"thumbnailUrl\":\"https:\/\/files.sunoresearch.com.br\/n\/uploads\/2018\/10\/0ccfc4a8-ibovespa-jpg.webp\",\"keywords\":[\"Bolsas mundiais\",\"coronav\u00edrus\",\"Donald Trump\",\"Estados Unidos (EUA)\",\"Nasdaq\",\"S&amp;P 500\"],\"articleSection\":[\"Mercado\"],\"inLanguage\":\"pt-BR\"},{\"@type\":\"WebPage\",\"@id\":\"https:\/\/www.suno.com.br\/noticias\/bolsas-mundiais-ny-europa-asia-26102020\/\",\"url\":\"https:\/\/www.suno.com.br\/noticias\/bolsas-mundiais-ny-europa-asia-26102020\/\",\"name\":\"Bolsas mundiais recuam com temor pelo coronav\u00edrus; S&P cai 1%\",\"isPartOf\":{\"@id\":\"https:\/\/www.suno.com.br\/noticias\/#website\"},\"primaryImageOfPage\":{\"@id\":\"https:\/\/www.suno.com.br\/noticias\/bolsas-mundiais-ny-europa-asia-26102020\/#primaryimage\"},\"image\":{\"@id\":\"https:\/\/www.suno.com.br\/noticias\/bolsas-mundiais-ny-europa-asia-26102020\/#primaryimage\"},\"thumbnailUrl\":\"https:\/\/files.sunoresearch.com.br\/n\/uploads\/2018\/10\/0ccfc4a8-ibovespa-jpg.webp\",\"datePublished\":\"2020-10-26T10:35:01+00:00\",\"dateModified\":\"2021-06-14T02:31:09+00:00\",\"description\":\"As bolsas mundiais iniciaram a semana de forma pessimista nesta segunda-feira (26), temerosas com o coronav\u00edrus. Clique e saiba mais.\",\"breadcrumb\":{\"@id\":\"https:\/\/www.suno.com.br\/noticias\/bolsas-mundiais-ny-europa-asia-26102020\/#breadcrumb\"},\"inLanguage\":\"pt-BR\",\"potentialAction\":[{\"@type\":\"ReadAction\",\"target\":[\"https:\/\/www.suno.com.br\/noticias\/bolsas-mundiais-ny-europa-asia-26102020\/\"]}]},{\"@type\":\"ImageObject\",\"inLanguage\":\"pt-BR\",\"@id\":\"https:\/\/www.suno.com.br\/noticias\/bolsas-mundiais-ny-europa-asia-26102020\/#primaryimage\",\"url\":\"https:\/\/files.sunoresearch.com.br\/n\/uploads\/2018\/10\/0ccfc4a8-ibovespa-jpg.webp\",\"contentUrl\":\"https:\/\/files.sunoresearch.com.br\/n\/uploads\/2018\/10\/0ccfc4a8-ibovespa-jpg.webp\",\"width\":1920,\"height\":1440,\"caption\":\"O Ibovespa abriu em queda nesta quarta-feira (17), ap\u00f3s o feriado de Carnaval, seguindo as bolsas mundiais.\"},{\"@type\":\"BreadcrumbList\",\"@id\":\"https:\/\/www.suno.com.br\/noticias\/bolsas-mundiais-ny-europa-asia-26102020\/#breadcrumb\",\"itemListElement\":[{\"@type\":\"ListItem\",\"position\":1,\"name\":\"Not\u00edcias\",\"item\":\"https:\/\/www.suno.com.br\/noticias\/\"},{\"@type\":\"ListItem\",\"position\":2,\"name\":\"Mercado\",\"item\":\"https:\/\/www.suno.com.br\/noticias\/mercado\/\"},{\"@type\":\"ListItem\",\"position\":3,\"name\":\"Bolsas mundiais recuam com temor pelo coronav\u00edrus; S&#038;P cai 1%\"}]},{\"@type\":\"WebSite\",\"@id\":\"https:\/\/www.suno.com.br\/noticias\/#website\",\"url\":\"https:\/\/www.suno.com.br\/noticias\/\",\"name\":\"Suno Not\u00edcias\",\"description\":\"Seu portal de informa\u00e7\u00e3o sobre o mundo dos investimentos\",\"publisher\":{\"@id\":\"https:\/\/www.suno.com.br\/noticias\/#organization\"},\"potentialAction\":[{\"@type\":\"SearchAction\",\"target\":{\"@type\":\"EntryPoint\",\"urlTemplate\":\"https:\/\/www.suno.com.br\/noticias\/?s={search_term_string}\"},\"query-input\":{\"@type\":\"PropertyValueSpecification\",\"valueRequired\":true,\"valueName\":\"search_term_string\"}}],\"inLanguage\":\"pt-BR\"},{\"@type\":\"Organization\",\"@id\":\"https:\/\/www.suno.com.br\/noticias\/#organization\",\"name\":\"Suno Not\u00edcias\",\"url\":\"https:\/\/www.suno.com.br\/noticias\/\",\"logo\":{\"@type\":\"ImageObject\",\"inLanguage\":\"pt-BR\",\"@id\":\"https:\/\/www.suno.com.br\/noticias\/#\/schema\/logo\/image\/\",\"url\":\"https:\/\/files.sunoresearch.com.br\/n\/uploads\/2021\/09\/suno-logo.png\",\"contentUrl\":\"https:\/\/files.sunoresearch.com.br\/n\/uploads\/2021\/09\/suno-logo.png\",\"width\":180,\"height\":180,\"caption\":\"Suno Not\u00edcias\"},\"image\":{\"@id\":\"https:\/\/www.suno.com.br\/noticias\/#\/schema\/logo\/image\/\"},\"sameAs\":[\"https:\/\/facebook.com\/sunoresearch\",\"https:\/\/x.com\/sunoresearch\",\"https:\/\/www.instagram.com\/suno\",\"https:\/\/www.linkedin.com\/company\/suno-research\/\",\"https:\/\/www.youtube.com\/c\/sunoresearch\"]},{\"@type\":\"Person\",\"@id\":\"https:\/\/www.suno.com.br\/noticias\/#\/schema\/person\/918d79de1f0281f01599b93f9ea6e23f\",\"name\":\"Jader Lazarini\",\"image\":{\"@type\":\"ImageObject\",\"inLanguage\":\"pt-BR\",\"@id\":\"https:\/\/www.suno.com.br\/noticias\/#\/schema\/person\/image\/\",\"url\":\"https:\/\/secure.gravatar.com\/avatar\/3c1ad8caa51589841baeb923fcddea97?s=96&r=g\",\"contentUrl\":\"https:\/\/secure.gravatar.com\/avatar\/3c1ad8caa51589841baeb923fcddea97?s=96&r=g\",\"caption\":\"Jader Lazarini\"},\"description\":\"Jader Lazarini escreve sobre investimentos, finan\u00e7as, economia e neg\u00f3cios. \u00c9 bacharel em Rela\u00e7\u00f5es Internacionais e analista CNPI (2619).\",\"url\":\"https:\/\/www.suno.com.br\/noticias\/author\/jader-lazarini\/\"}]}<\/script>\n<!-- \/ Yoast SEO plugin. -->","yoast_head_json":{"title":"Bolsas mundiais recuam com temor pelo coronav\u00edrus; S&P cai 1%","description":"As bolsas mundiais iniciaram a semana de forma pessimista nesta segunda-feira (26), temerosas com o coronav\u00edrus. Clique e saiba mais.","robots":{"index":"index","follow":"follow","max-snippet":"max-snippet:-1","max-image-preview":"max-image-preview:large","max-video-preview":"max-video-preview:-1"},"canonical":"https:\/\/www.suno.com.br\/noticias\/bolsas-mundiais-ny-europa-asia-26102020\/","og_locale":"pt_BR","og_type":"article","og_title":"Bolsas mundiais recuam com temor pelo coronav\u00edrus; S&P cai 1%","og_description":"As bolsas mundiais iniciaram a semana de forma pessimista nesta segunda-feira (26), temerosas com o coronav\u00edrus. Clique e saiba mais.","og_url":"https:\/\/www.suno.com.br\/noticias\/bolsas-mundiais-ny-europa-asia-26102020\/","og_site_name":"Suno Not\u00edcias","article_publisher":"https:\/\/facebook.com\/sunoresearch","og_image":[{"width":1920,"height":1440,"url":"https:\/\/files.sunoresearch.com.br\/n\/uploads\/2018\/10\/0ccfc4a8-ibovespa.jpg","type":"image\/jpeg"}],"author":"Jader Lazarini","twitter_card":"summary_large_image","twitter_creator":"@sunoresearch","twitter_site":"@sunoresearch","twitter_misc":{"Escrito por":"Jader Lazarini","Est. tempo de leitura":"3 minutos"},"schema":{"@context":"https:\/\/schema.org","@graph":[{"@type":"NewsArticle","@id":"https:\/\/www.suno.com.br\/noticias\/bolsas-mundiais-ny-europa-asia-26102020\/#article","isPartOf":{"@id":"https:\/\/www.suno.com.br\/noticias\/bolsas-mundiais-ny-europa-asia-26102020\/"},"author":{"name":"Jader Lazarini","@id":"https:\/\/www.suno.com.br\/noticias\/#\/schema\/person\/918d79de1f0281f01599b93f9ea6e23f"},"headline":"Bolsas mundiais recuam com temor pelo coronav\u00edrus; S&#038;P cai 1%","datePublished":"2020-10-26T10:35:01+00:00","dateModified":"2021-06-14T02:31:09+00:00","mainEntityOfPage":{"@id":"https:\/\/www.suno.com.br\/noticias\/bolsas-mundiais-ny-europa-asia-26102020\/"},"wordCount":684,"publisher":{"@id":"https:\/\/www.suno.com.br\/noticias\/#organization"},"image":{"@id":"https:\/\/www.suno.com.br\/noticias\/bolsas-mundiais-ny-europa-asia-26102020\/#primaryimage"},"thumbnailUrl":"https:\/\/files.sunoresearch.com.br\/n\/uploads\/2018\/10\/0ccfc4a8-ibovespa-jpg.webp","keywords":["Bolsas mundiais","coronav\u00edrus","Donald Trump","Estados Unidos (EUA)","Nasdaq","S&amp;P 500"],"articleSection":["Mercado"],"inLanguage":"pt-BR"},{"@type":"WebPage","@id":"https:\/\/www.suno.com.br\/noticias\/bolsas-mundiais-ny-europa-asia-26102020\/","url":"https:\/\/www.suno.com.br\/noticias\/bolsas-mundiais-ny-europa-asia-26102020\/","name":"Bolsas mundiais recuam com temor pelo coronav\u00edrus; S&P cai 1%","isPartOf":{"@id":"https:\/\/www.suno.com.br\/noticias\/#website"},"primaryImageOfPage":{"@id":"https:\/\/www.suno.com.br\/noticias\/bolsas-mundiais-ny-europa-asia-26102020\/#primaryimage"},"image":{"@id":"https:\/\/www.suno.com.br\/noticias\/bolsas-mundiais-ny-europa-asia-26102020\/#primaryimage"},"thumbnailUrl":"https:\/\/files.sunoresearch.com.br\/n\/uploads\/2018\/10\/0ccfc4a8-ibovespa-jpg.webp","datePublished":"2020-10-26T10:35:01+00:00","dateModified":"2021-06-14T02:31:09+00:00","description":"As bolsas mundiais iniciaram a semana de forma pessimista nesta segunda-feira (26), temerosas com o coronav\u00edrus. Clique e saiba mais.","breadcrumb":{"@id":"https:\/\/www.suno.com.br\/noticias\/bolsas-mundiais-ny-europa-asia-26102020\/#breadcrumb"},"inLanguage":"pt-BR","potentialAction":[{"@type":"ReadAction","target":["https:\/\/www.suno.com.br\/noticias\/bolsas-mundiais-ny-europa-asia-26102020\/"]}]},{"@type":"ImageObject","inLanguage":"pt-BR","@id":"https:\/\/www.suno.com.br\/noticias\/bolsas-mundiais-ny-europa-asia-26102020\/#primaryimage","url":"https:\/\/files.sunoresearch.com.br\/n\/uploads\/2018\/10\/0ccfc4a8-ibovespa-jpg.webp","contentUrl":"https:\/\/files.sunoresearch.com.br\/n\/uploads\/2018\/10\/0ccfc4a8-ibovespa-jpg.webp","width":1920,"height":1440,"caption":"O Ibovespa abriu em queda nesta quarta-feira (17), ap\u00f3s o feriado de Carnaval, seguindo as bolsas mundiais."},{"@type":"BreadcrumbList","@id":"https:\/\/www.suno.com.br\/noticias\/bolsas-mundiais-ny-europa-asia-26102020\/#breadcrumb","itemListElement":[{"@type":"ListItem","position":1,"name":"Not\u00edcias","item":"https:\/\/www.suno.com.br\/noticias\/"},{"@type":"ListItem","position":2,"name":"Mercado","item":"https:\/\/www.suno.com.br\/noticias\/mercado\/"},{"@type":"ListItem","position":3,"name":"Bolsas mundiais recuam com temor pelo coronav\u00edrus; S&#038;P cai 1%"}]},{"@type":"WebSite","@id":"https:\/\/www.suno.com.br\/noticias\/#website","url":"https:\/\/www.suno.com.br\/noticias\/","name":"Suno Not\u00edcias","description":"Seu portal de informa\u00e7\u00e3o sobre o mundo dos investimentos","publisher":{"@id":"https:\/\/www.suno.com.br\/noticias\/#organization"},"potentialAction":[{"@type":"SearchAction","target":{"@type":"EntryPoint","urlTemplate":"https:\/\/www.suno.com.br\/noticias\/?s={search_term_string}"},"query-input":{"@type":"PropertyValueSpecification","valueRequired":true,"valueName":"search_term_string"}}],"inLanguage":"pt-BR"},{"@type":"Organization","@id":"https:\/\/www.suno.com.br\/noticias\/#organization","name":"Suno Not\u00edcias","url":"https:\/\/www.suno.com.br\/noticias\/","logo":{"@type":"ImageObject","inLanguage":"pt-BR","@id":"https:\/\/www.suno.com.br\/noticias\/#\/schema\/logo\/image\/","url":"https:\/\/files.sunoresearch.com.br\/n\/uploads\/2021\/09\/suno-logo.png","contentUrl":"https:\/\/files.sunoresearch.com.br\/n\/uploads\/2021\/09\/suno-logo.png","width":180,"height":180,"caption":"Suno Not\u00edcias"},"image":{"@id":"https:\/\/www.suno.com.br\/noticias\/#\/schema\/logo\/image\/"},"sameAs":["https:\/\/facebook.com\/sunoresearch","https:\/\/x.com\/sunoresearch","https:\/\/www.instagram.com\/suno","https:\/\/www.linkedin.com\/company\/suno-research\/","https:\/\/www.youtube.com\/c\/sunoresearch"]},{"@type":"Person","@id":"https:\/\/www.suno.com.br\/noticias\/#\/schema\/person\/918d79de1f0281f01599b93f9ea6e23f","name":"Jader Lazarini","image":{"@type":"ImageObject","inLanguage":"pt-BR","@id":"https:\/\/www.suno.com.br\/noticias\/#\/schema\/person\/image\/","url":"https:\/\/secure.gravatar.com\/avatar\/3c1ad8caa51589841baeb923fcddea97?s=96&r=g","contentUrl":"https:\/\/secure.gravatar.com\/avatar\/3c1ad8caa51589841baeb923fcddea97?s=96&r=g","caption":"Jader Lazarini"},"description":"Jader Lazarini escreve sobre investimentos, finan\u00e7as, economia e neg\u00f3cios. \u00c9 bacharel em Rela\u00e7\u00f5es Internacionais e analista CNPI (2619).","url":"https:\/\/www.suno.com.br\/noticias\/author\/jader-lazarini\/"}]}},"default_loop_html":"<div class=\"cardsPage__listCard__boxs\"><div class=\"cardsPage__listCard__boxs__img\"><a href=\"https:\/\/www.suno.com.br\/noticias\/bolsas-mundiais-ny-europa-asia-26102020\/\"><img class=\"mask\" src=\"https:\/\/www.suno.com.br\/noticias\/wp-content\/themes\/suno\/resources\/images\/spotlight\/spotlight1img\/bg-mask.png\" alt=\"Image Mask\"\/><img src=\"https:\/\/files.sunoresearch.com.br\/n\/uploads\/2018\/10\/0ccfc4a8-ibovespa-400x200.webp\" alt=\"Bolsas mundiais recuam com temor pelo coronav\u00edrus; S&#038;P cai 1%\"\/><\/a><span class=\"spotlightCategory\"><a href=\"https:\/\/www.suno.com.br\/noticias\/mercado\/\">Mercado<\/a><\/span><\/div><div class=\"cardsPage__listCard__boxs__content\"><a href=\"https:\/\/www.suno.com.br\/noticias\/bolsas-mundiais-ny-europa-asia-26102020\/\"><h2 class=\"content__title\">Bolsas mundiais recuam com temor pelo coronav\u00edrus; S&#038;P cai 1%<\/h2><\/a><div class=\"newsContent__article__meta\"><div class=\"newsContent__article__meta__authorBox\"><a href=\"https:\/\/www.suno.com.br\/noticias\/author\/jader-lazarini\/\" class=\"authorBox__avatar noMobi\"><img src=\"https:\/\/files.sunoresearch.com.br\/n\/uploads\/2021\/01\/178e6598-foto-perfil-2-150x150.jpg\" alt=\"Jader Lazarini\"><\/a><div class=\"authorBox__name\"><span>por\n\t\t\t<a href=\"https:\/\/www.suno.com.br\/noticias\/author\/jader-lazarini\/\"><span itemprop=\"author\">Jader Lazarini<\/span><\/a><\/span><time datetime=\"2020-10-26T07:35:01-03:00\" itemprop=\"datePublished\">26\/10\/2020 07:35<\/time><\/div><\/div><\/div><\/div><\/div>","single_layout":"posts","amp_enabled":true,"_links":{"self":[{"href":"https:\/\/www.suno.com.br\/noticias\/wp-json\/wp\/v2\/posts\/94369"}],"collection":[{"href":"https:\/\/www.suno.com.br\/noticias\/wp-json\/wp\/v2\/posts"}],"about":[{"href":"https:\/\/www.suno.com.br\/noticias\/wp-json\/wp\/v2\/types\/post"}],"author":[{"embeddable":true,"href":"https:\/\/www.suno.com.br\/noticias\/wp-json\/wp\/v2\/users\/24"}],"replies":[{"embeddable":true,"href":"https:\/\/www.suno.com.br\/noticias\/wp-json\/wp\/v2\/comments?post=94369"}],"version-history":[{"count":1,"href":"https:\/\/www.suno.com.br\/noticias\/wp-json\/wp\/v2\/posts\/94369\/revisions"}],"predecessor-version":[{"id":156843,"href":"https:\/\/www.suno.com.br\/noticias\/wp-json\/wp\/v2\/posts\/94369\/revisions\/156843"}],"wp:featuredmedia":[{"embeddable":true,"href":"https:\/\/www.suno.com.br\/noticias\/wp-json\/wp\/v2\/media\/4617"}],"wp:attachment":[{"href":"https:\/\/www.suno.com.br\/noticias\/wp-json\/wp\/v2\/media?parent=94369"}],"wp:term":[{"taxonomy":"category","embeddable":true,"href":"https:\/\/www.suno.com.br\/noticias\/wp-json\/wp\/v2\/categories?post=94369"},{"taxonomy":"post_tag","embeddable":true,"href":"https:\/\/www.suno.com.br\/noticias\/wp-json\/wp\/v2\/tags?post=94369"},{"taxonomy":"suno_strategy","embeddable":true,"href":"https:\/\/www.suno.com.br\/noticias\/wp-json\/wp\/v2\/suno_strategy?post=94369"}],"curies":[{"name":"wp","href":"https:\/\/api.w.org\/{rel}","templated":true}]}}