{"id":9430,"date":"2018-12-19T13:27:00","date_gmt":"2018-12-19T15:27:00","guid":{"rendered":"https:\/\/www.suno.com.br\/noticias\/?p=9430"},"modified":"2018-12-19T14:06:07","modified_gmt":"2018-12-19T16:06:07","slug":"lewandowski-mantem-reajuste-salarial-servidores","status":"publish","type":"post","link":"https:\/\/www.suno.com.br\/noticias\/lewandowski-mantem-reajuste-salarial-servidores\/","title":{"rendered":"Lewandowski mant\u00e9m reajuste salarial de servidores federais para 2019"},"content":{"rendered":"<p>O reajuste salarial, previsto para servidores da administra\u00e7\u00e3o p\u00fablica federal para o pr\u00f3ximo ano, foi mantido pelo ministro do Supremo Tribunal Federal (STF), Ricardo Lewandowski, nesta quarta-feira (19).<\/p>\t<div class=\"wrapper-featured-image\">\n\t\t<figure class=\"spotlightImg\">\n\n\t\t\t<picture>\n\t\t\t\t<source media=\"(max-width: 768px)\" srcset=\"https:\/\/files.sunoresearch.com.br\/n\/uploads\/2018\/12\/94365295-reajuste-salarial-400x200.webp\">\n\t\t\t\t<img loading=\"lazy\" decoding=\"async\" class=\"newsContent__article__imgCapa lazyloadDisabled newsContent__article__imgCapa--noCaption\" src=\"https:\/\/files.sunoresearch.com.br\/n\/uploads\/2018\/12\/94365295-reajuste-salarial-800x450.webp\" width=\"800\" height=\"450\" alt=\"Lewandowski mant\u00e9m reajuste salarial de servidores federais para 2019\" fetchpriority=high \/>\n\t\t\t<\/picture>\n\n\t\t\t<figcaption class=\"wp-caption-text wp-caption-text--hide\">Lewandowski mant\u00e9m reajuste de servidores federais para o ano que vem<\/figcaption>\n\t\t<\/figure>\n\t<\/div>\n\n\n<p>Essa decis\u00e3o contradiz a Medida Provis\u00f3ria (MP) assinada pelo presidente <strong>Michel Temer<\/strong> em setembro. Nela, foi adiado o <strong>reajuste salarial<\/strong> dos funcion\u00e1rios civis federais de 2019 para 2020.<\/p>\n<p>A medida foi anunciado pelo ministro da Fazenda, Eduardo Guardia. Al\u00e9m disso, foi publicada em 31 de setembro, na edi\u00e7\u00e3o extraordin\u00e1ria do Di\u00e1rio Oficial da Uni\u00e3o (DOU).<\/p>\n<p>De acordo com o governo, o adiamento do reajuste vai trazer uma economia de R$ 4,7 bilh\u00f5es em 2019. Entretanto, a medida seguiu para o Congresso Nacional, mas n\u00e3o foi debatida por deputados e senadores.<\/p>\n<p>Por ser uma Medida Provis\u00f3ria, o texto entra em vigor imediatamente. Ou seja, n\u00e3o haveria o aumento no pr\u00f3ximo ano, at\u00e9 a decis\u00e3o do ministro <strong>Ricardo Lewandowski<\/strong>, nesta quarta-feira.<\/p>\n<p><a href=\"https:\/\/www.suno.com.br\/noticias\/com-temer-fora-maia-assume-e-frouxa-lei-de-responsabilidade-fiscal\/\">Saiba mais:\u00a0\u00a0Com Temer fora, Maia assume e afrouxa Lei de Responsabilidade Fiscal<\/a><\/p>\n<h2>Decis\u00e3o do ministro<\/h2>\n<p>O ministro derrubou a liminar concedida para vota\u00e7\u00e3o no plen\u00e1rio. Entretanto, ainda n\u00e3o h\u00e1 previs\u00e3o de quando os 11 ministros da Corte v\u00e3o analisar o assunto.<\/p>\n<p>&#8220;Nesse sentido, a meu sentir, com a proximidade dos recessos parlamentar e judici\u00e1rio, faz-se necess\u00e1rio o deferimento da medida acauteladora, a fim de que se suspenda a efic\u00e1cia de toda a Medida Provis\u00f3ria 849\/2018, de modo a resguardar os direitos dos servidores p\u00fablicos federais e prevenir a consuma\u00e7\u00e3o de pr\u00e1tica, aparentemente, inconstitucional, at\u00e9 que o Plen\u00e1rio deste Supremo Tribunal possa debru\u00e7ar-se de maneira vertical e definitiva sobre as alega\u00e7\u00f5es trazidas aos autos&#8221;, determinou Lewandowski.<\/p>\n<p>Desta forma, por n\u00e3o haver o adiamento do reajuste o novo governo n\u00e3o ter\u00e1 espa\u00e7o dentro do teto de gastos, mecanismo que imp\u00f5e limite ao crescimento das despesas \u00e0 infla\u00e7\u00e3o.<\/p>\n<p>O adiamento \u00e9 considerado necess\u00e1rio tendo em vista que os investimentos para do ano que vem est\u00e3o bem achatados no Or\u00e7amento. Caso seja postergado o reajuste, o governo pode redirecionar esses gastos para \u00e1reas como sa\u00fade, educa\u00e7\u00e3o ou seguran\u00e7a.<\/p>\n<h3>Embasamento<\/h3>\n<p>Entre os documentos utilizados como base para a decis\u00e3o do ministro, um veio do Senado Federal. Nele foi sinalizado que o Pal\u00e1cio do Planalto n\u00e3o poderia ter feito a edi\u00e7\u00e3o de duas MPs com conte\u00fados semelhantes.<\/p>\n<p>Michel Temer j\u00e1 havia tentado adiar o reajuste salarial em 2017. De acordo com a MP, os aumentos aprovados por um ano seriam adiados, assim como eram elevadas as contribui\u00e7\u00f5es previdenci\u00e1rias dos servidores com sal\u00e1rios maiores que R$ 5,5 mil (de 11% para 14%).<\/p>\n<p>Entretanto, a MP teve alguns artigos suspensos por Ricardo Lewandowski em dezembro do \u00faltimo ano.<\/p>\n<p>Os documentos do Legislativo que s\u00e3o contr\u00e1rios \u00e0 MP foram enviados no m\u00eas passado pelo presidente do Senado, <strong>Eun\u00edcio Oliveira<\/strong> (MDB-CE). Essa foi mais uma das v\u00e1rias iniciativas com impactos nas contas p\u00fablicas para o in\u00edcio do governo de <strong>Jair Bolsonaro<\/strong>.<\/p>\n<p>Eun\u00edcio articulou a aprova\u00e7\u00e3o do <strong>reajuste salarial<\/strong> de 16,38% para os ministros do STF.<\/p>\n","protected":false},"excerpt":{"rendered":"<p>O reajuste salarial, previsto para servidores da administra\u00e7\u00e3o p\u00fablica federal para o pr\u00f3ximo ano, foi mantido pelo ministro do Supremo Tribunal Federal (STF), Ricardo Lewandowski, nesta quarta-feira (19). Lewandowski mant\u00e9m reajuste de servidores federais para o ano que vem Essa decis\u00e3o contradiz a Medida Provis\u00f3ria (MP) assinada pelo presidente Michel Temer em setembro. Nela, foi [&hellip;]<\/p>\n","protected":false},"author":11,"featured_media":9435,"comment_status":"closed","ping_status":"closed","sticky":false,"template":"","format":"standard","meta":[],"categories":[61],"tags":[],"suno_strategy":[],"class_list":["post-9430","post","type-post","status-publish","format-standard","has-post-thumbnail","hentry","category-politica"],"yoast_head":"<!-- This site is optimized with the Yoast SEO plugin v24.4 - https:\/\/yoast.com\/wordpress\/plugins\/seo\/ -->\n<title>Lewandowski mant\u00e9m reajuste salarial de servidores federais para 2019<\/title>\n<meta name=\"description\" content=\"O reajuste salarial vai gerar um impacto de R$ 4,7 bilh\u00f5es no or\u00e7amento de 2019; A decis\u00e3o do ministro contradiz a MP assinada por Temer. Clique para saber mais.\" \/>\n<meta name=\"robots\" content=\"index, follow, max-snippet:-1, max-image-preview:large, max-video-preview:-1\" \/>\n<link rel=\"canonical\" href=\"https:\/\/www.suno.com.br\/noticias\/lewandowski-mantem-reajuste-salarial-servidores\/\" \/>\n<meta property=\"og:locale\" content=\"pt_BR\" \/>\n<meta property=\"og:type\" content=\"article\" \/>\n<meta property=\"og:title\" content=\"Lewandowski mant\u00e9m reajuste salarial de servidores federais para 2019\" \/>\n<meta property=\"og:description\" content=\"O reajuste salarial vai gerar um impacto de R$ 4,7 bilh\u00f5es no or\u00e7amento de 2019; A decis\u00e3o do ministro contradiz a MP assinada por Temer. Clique para saber mais.\" \/>\n<meta property=\"og:url\" content=\"https:\/\/www.suno.com.br\/noticias\/lewandowski-mantem-reajuste-salarial-servidores\/\" \/>\n<meta property=\"og:site_name\" content=\"Suno Not\u00edcias\" \/>\n<meta property=\"article:publisher\" content=\"https:\/\/facebook.com\/sunoresearch\" \/>\n<meta property=\"og:image\" content=\"https:\/\/files.sunoresearch.com.br\/n\/uploads\/2018\/12\/94365295-reajuste-salarial-1024x683.jpg\" \/>\n\t<meta property=\"og:image:width\" content=\"1024\" \/>\n\t<meta property=\"og:image:height\" content=\"683\" \/>\n\t<meta property=\"og:image:type\" content=\"image\/jpeg\" \/>\n<meta name=\"author\" content=\"Renan Bandeira\" \/>\n<meta name=\"twitter:card\" content=\"summary_large_image\" \/>\n<meta name=\"twitter:creator\" content=\"@sunoresearch\" \/>\n<meta name=\"twitter:site\" content=\"@sunoresearch\" \/>\n<meta name=\"twitter:label1\" content=\"Escrito por\" \/>\n\t<meta name=\"twitter:data1\" content=\"Renan Bandeira\" \/>\n\t<meta name=\"twitter:label2\" content=\"Est. tempo de leitura\" \/>\n\t<meta name=\"twitter:data2\" content=\"3 minutos\" \/>\n<script type=\"application\/ld+json\" class=\"yoast-schema-graph\">{\"@context\":\"https:\/\/schema.org\",\"@graph\":[{\"@type\":\"NewsArticle\",\"@id\":\"https:\/\/www.suno.com.br\/noticias\/lewandowski-mantem-reajuste-salarial-servidores\/#article\",\"isPartOf\":{\"@id\":\"https:\/\/www.suno.com.br\/noticias\/lewandowski-mantem-reajuste-salarial-servidores\/\"},\"author\":{\"name\":\"Renan Bandeira\",\"@id\":\"https:\/\/www.suno.com.br\/noticias\/#\/schema\/person\/fc144a1c6108bd1dcd43784e88a3c138\"},\"headline\":\"Lewandowski mant\u00e9m reajuste salarial de servidores federais para 2019\",\"datePublished\":\"2018-12-19T15:27:00+00:00\",\"dateModified\":\"2018-12-19T16:06:07+00:00\",\"mainEntityOfPage\":{\"@id\":\"https:\/\/www.suno.com.br\/noticias\/lewandowski-mantem-reajuste-salarial-servidores\/\"},\"wordCount\":537,\"publisher\":{\"@id\":\"https:\/\/www.suno.com.br\/noticias\/#organization\"},\"image\":{\"@id\":\"https:\/\/www.suno.com.br\/noticias\/lewandowski-mantem-reajuste-salarial-servidores\/#primaryimage\"},\"thumbnailUrl\":\"https:\/\/files.sunoresearch.com.br\/n\/uploads\/2018\/12\/94365295-reajuste-salarial-scaled.webp\",\"articleSection\":[\"Pol\u00edtica\"],\"inLanguage\":\"pt-BR\"},{\"@type\":\"WebPage\",\"@id\":\"https:\/\/www.suno.com.br\/noticias\/lewandowski-mantem-reajuste-salarial-servidores\/\",\"url\":\"https:\/\/www.suno.com.br\/noticias\/lewandowski-mantem-reajuste-salarial-servidores\/\",\"name\":\"Lewandowski mant\u00e9m reajuste salarial de servidores federais para 2019\",\"isPartOf\":{\"@id\":\"https:\/\/www.suno.com.br\/noticias\/#website\"},\"primaryImageOfPage\":{\"@id\":\"https:\/\/www.suno.com.br\/noticias\/lewandowski-mantem-reajuste-salarial-servidores\/#primaryimage\"},\"image\":{\"@id\":\"https:\/\/www.suno.com.br\/noticias\/lewandowski-mantem-reajuste-salarial-servidores\/#primaryimage\"},\"thumbnailUrl\":\"https:\/\/files.sunoresearch.com.br\/n\/uploads\/2018\/12\/94365295-reajuste-salarial-scaled.webp\",\"datePublished\":\"2018-12-19T15:27:00+00:00\",\"dateModified\":\"2018-12-19T16:06:07+00:00\",\"description\":\"O reajuste salarial vai gerar um impacto de R$ 4,7 bilh\u00f5es no or\u00e7amento de 2019; A decis\u00e3o do ministro contradiz a MP assinada por Temer. Clique para saber mais.\",\"breadcrumb\":{\"@id\":\"https:\/\/www.suno.com.br\/noticias\/lewandowski-mantem-reajuste-salarial-servidores\/#breadcrumb\"},\"inLanguage\":\"pt-BR\",\"potentialAction\":[{\"@type\":\"ReadAction\",\"target\":[\"https:\/\/www.suno.com.br\/noticias\/lewandowski-mantem-reajuste-salarial-servidores\/\"]}]},{\"@type\":\"ImageObject\",\"inLanguage\":\"pt-BR\",\"@id\":\"https:\/\/www.suno.com.br\/noticias\/lewandowski-mantem-reajuste-salarial-servidores\/#primaryimage\",\"url\":\"https:\/\/files.sunoresearch.com.br\/n\/uploads\/2018\/12\/94365295-reajuste-salarial-scaled.webp\",\"contentUrl\":\"https:\/\/files.sunoresearch.com.br\/n\/uploads\/2018\/12\/94365295-reajuste-salarial-scaled.webp\",\"width\":2560,\"height\":1707,\"caption\":\"Lewandowski mant\u00e9m reajuste de servidores federais para o ano que vem\"},{\"@type\":\"BreadcrumbList\",\"@id\":\"https:\/\/www.suno.com.br\/noticias\/lewandowski-mantem-reajuste-salarial-servidores\/#breadcrumb\",\"itemListElement\":[{\"@type\":\"ListItem\",\"position\":1,\"name\":\"Not\u00edcias\",\"item\":\"https:\/\/www.suno.com.br\/noticias\/\"},{\"@type\":\"ListItem\",\"position\":2,\"name\":\"Pol\u00edtica\",\"item\":\"https:\/\/www.suno.com.br\/noticias\/politica\/\"},{\"@type\":\"ListItem\",\"position\":3,\"name\":\"Lewandowski mant\u00e9m reajuste salarial de servidores federais para 2019\"}]},{\"@type\":\"WebSite\",\"@id\":\"https:\/\/www.suno.com.br\/noticias\/#website\",\"url\":\"https:\/\/www.suno.com.br\/noticias\/\",\"name\":\"Suno Not\u00edcias\",\"description\":\"Seu portal de informa\u00e7\u00e3o sobre o mundo dos investimentos\",\"publisher\":{\"@id\":\"https:\/\/www.suno.com.br\/noticias\/#organization\"},\"potentialAction\":[{\"@type\":\"SearchAction\",\"target\":{\"@type\":\"EntryPoint\",\"urlTemplate\":\"https:\/\/www.suno.com.br\/noticias\/?s={search_term_string}\"},\"query-input\":{\"@type\":\"PropertyValueSpecification\",\"valueRequired\":true,\"valueName\":\"search_term_string\"}}],\"inLanguage\":\"pt-BR\"},{\"@type\":\"Organization\",\"@id\":\"https:\/\/www.suno.com.br\/noticias\/#organization\",\"name\":\"Suno Not\u00edcias\",\"url\":\"https:\/\/www.suno.com.br\/noticias\/\",\"logo\":{\"@type\":\"ImageObject\",\"inLanguage\":\"pt-BR\",\"@id\":\"https:\/\/www.suno.com.br\/noticias\/#\/schema\/logo\/image\/\",\"url\":\"https:\/\/files.sunoresearch.com.br\/n\/uploads\/2021\/09\/suno-logo.png\",\"contentUrl\":\"https:\/\/files.sunoresearch.com.br\/n\/uploads\/2021\/09\/suno-logo.png\",\"width\":180,\"height\":180,\"caption\":\"Suno Not\u00edcias\"},\"image\":{\"@id\":\"https:\/\/www.suno.com.br\/noticias\/#\/schema\/logo\/image\/\"},\"sameAs\":[\"https:\/\/facebook.com\/sunoresearch\",\"https:\/\/x.com\/sunoresearch\",\"https:\/\/www.instagram.com\/suno\",\"https:\/\/www.linkedin.com\/company\/suno-research\/\",\"https:\/\/www.youtube.com\/c\/sunoresearch\"]},{\"@type\":\"Person\",\"@id\":\"https:\/\/www.suno.com.br\/noticias\/#\/schema\/person\/fc144a1c6108bd1dcd43784e88a3c138\",\"name\":\"Renan Bandeira\",\"image\":{\"@type\":\"ImageObject\",\"inLanguage\":\"pt-BR\",\"@id\":\"https:\/\/www.suno.com.br\/noticias\/#\/schema\/person\/image\/\",\"url\":\"https:\/\/secure.gravatar.com\/avatar\/68359cdb608f14f11bbefcb78f3fc747?s=96&r=g\",\"contentUrl\":\"https:\/\/secure.gravatar.com\/avatar\/68359cdb608f14f11bbefcb78f3fc747?s=96&r=g\",\"caption\":\"Renan Bandeira\"},\"description\":\"Renan Bandeira escreve sobre pol\u00edtica e economia para o portal da Suno Research. Antes da Suno, trabalhou em uma rede de televis\u00e3o, onde fazia reportagens sobre os mesmos temas. Estuda na Universidade Metodista de S\u00e3o Paulo.\",\"url\":\"https:\/\/www.suno.com.br\/noticias\/author\/renan-bandeira\/\"}]}<\/script>\n<!-- \/ Yoast SEO plugin. -->","yoast_head_json":{"title":"Lewandowski mant\u00e9m reajuste salarial de servidores federais para 2019","description":"O reajuste salarial vai gerar um impacto de R$ 4,7 bilh\u00f5es no or\u00e7amento de 2019; A decis\u00e3o do ministro contradiz a MP assinada por Temer. Clique para saber mais.","robots":{"index":"index","follow":"follow","max-snippet":"max-snippet:-1","max-image-preview":"max-image-preview:large","max-video-preview":"max-video-preview:-1"},"canonical":"https:\/\/www.suno.com.br\/noticias\/lewandowski-mantem-reajuste-salarial-servidores\/","og_locale":"pt_BR","og_type":"article","og_title":"Lewandowski mant\u00e9m reajuste salarial de servidores federais para 2019","og_description":"O reajuste salarial vai gerar um impacto de R$ 4,7 bilh\u00f5es no or\u00e7amento de 2019; A decis\u00e3o do ministro contradiz a MP assinada por Temer. Clique para saber mais.","og_url":"https:\/\/www.suno.com.br\/noticias\/lewandowski-mantem-reajuste-salarial-servidores\/","og_site_name":"Suno Not\u00edcias","article_publisher":"https:\/\/facebook.com\/sunoresearch","og_image":[{"width":1024,"height":683,"url":"https:\/\/files.sunoresearch.com.br\/n\/uploads\/2018\/12\/94365295-reajuste-salarial-1024x683.jpg","type":"image\/jpeg"}],"author":"Renan Bandeira","twitter_card":"summary_large_image","twitter_creator":"@sunoresearch","twitter_site":"@sunoresearch","twitter_misc":{"Escrito por":"Renan Bandeira","Est. tempo de leitura":"3 minutos"},"schema":{"@context":"https:\/\/schema.org","@graph":[{"@type":"NewsArticle","@id":"https:\/\/www.suno.com.br\/noticias\/lewandowski-mantem-reajuste-salarial-servidores\/#article","isPartOf":{"@id":"https:\/\/www.suno.com.br\/noticias\/lewandowski-mantem-reajuste-salarial-servidores\/"},"author":{"name":"Renan Bandeira","@id":"https:\/\/www.suno.com.br\/noticias\/#\/schema\/person\/fc144a1c6108bd1dcd43784e88a3c138"},"headline":"Lewandowski mant\u00e9m reajuste salarial de servidores federais para 2019","datePublished":"2018-12-19T15:27:00+00:00","dateModified":"2018-12-19T16:06:07+00:00","mainEntityOfPage":{"@id":"https:\/\/www.suno.com.br\/noticias\/lewandowski-mantem-reajuste-salarial-servidores\/"},"wordCount":537,"publisher":{"@id":"https:\/\/www.suno.com.br\/noticias\/#organization"},"image":{"@id":"https:\/\/www.suno.com.br\/noticias\/lewandowski-mantem-reajuste-salarial-servidores\/#primaryimage"},"thumbnailUrl":"https:\/\/files.sunoresearch.com.br\/n\/uploads\/2018\/12\/94365295-reajuste-salarial-scaled.webp","articleSection":["Pol\u00edtica"],"inLanguage":"pt-BR"},{"@type":"WebPage","@id":"https:\/\/www.suno.com.br\/noticias\/lewandowski-mantem-reajuste-salarial-servidores\/","url":"https:\/\/www.suno.com.br\/noticias\/lewandowski-mantem-reajuste-salarial-servidores\/","name":"Lewandowski mant\u00e9m reajuste salarial de servidores federais para 2019","isPartOf":{"@id":"https:\/\/www.suno.com.br\/noticias\/#website"},"primaryImageOfPage":{"@id":"https:\/\/www.suno.com.br\/noticias\/lewandowski-mantem-reajuste-salarial-servidores\/#primaryimage"},"image":{"@id":"https:\/\/www.suno.com.br\/noticias\/lewandowski-mantem-reajuste-salarial-servidores\/#primaryimage"},"thumbnailUrl":"https:\/\/files.sunoresearch.com.br\/n\/uploads\/2018\/12\/94365295-reajuste-salarial-scaled.webp","datePublished":"2018-12-19T15:27:00+00:00","dateModified":"2018-12-19T16:06:07+00:00","description":"O reajuste salarial vai gerar um impacto de R$ 4,7 bilh\u00f5es no or\u00e7amento de 2019; A decis\u00e3o do ministro contradiz a MP assinada por Temer. Clique para saber mais.","breadcrumb":{"@id":"https:\/\/www.suno.com.br\/noticias\/lewandowski-mantem-reajuste-salarial-servidores\/#breadcrumb"},"inLanguage":"pt-BR","potentialAction":[{"@type":"ReadAction","target":["https:\/\/www.suno.com.br\/noticias\/lewandowski-mantem-reajuste-salarial-servidores\/"]}]},{"@type":"ImageObject","inLanguage":"pt-BR","@id":"https:\/\/www.suno.com.br\/noticias\/lewandowski-mantem-reajuste-salarial-servidores\/#primaryimage","url":"https:\/\/files.sunoresearch.com.br\/n\/uploads\/2018\/12\/94365295-reajuste-salarial-scaled.webp","contentUrl":"https:\/\/files.sunoresearch.com.br\/n\/uploads\/2018\/12\/94365295-reajuste-salarial-scaled.webp","width":2560,"height":1707,"caption":"Lewandowski mant\u00e9m reajuste de servidores federais para o ano que vem"},{"@type":"BreadcrumbList","@id":"https:\/\/www.suno.com.br\/noticias\/lewandowski-mantem-reajuste-salarial-servidores\/#breadcrumb","itemListElement":[{"@type":"ListItem","position":1,"name":"Not\u00edcias","item":"https:\/\/www.suno.com.br\/noticias\/"},{"@type":"ListItem","position":2,"name":"Pol\u00edtica","item":"https:\/\/www.suno.com.br\/noticias\/politica\/"},{"@type":"ListItem","position":3,"name":"Lewandowski mant\u00e9m reajuste salarial de servidores federais para 2019"}]},{"@type":"WebSite","@id":"https:\/\/www.suno.com.br\/noticias\/#website","url":"https:\/\/www.suno.com.br\/noticias\/","name":"Suno Not\u00edcias","description":"Seu portal de informa\u00e7\u00e3o sobre o mundo dos investimentos","publisher":{"@id":"https:\/\/www.suno.com.br\/noticias\/#organization"},"potentialAction":[{"@type":"SearchAction","target":{"@type":"EntryPoint","urlTemplate":"https:\/\/www.suno.com.br\/noticias\/?s={search_term_string}"},"query-input":{"@type":"PropertyValueSpecification","valueRequired":true,"valueName":"search_term_string"}}],"inLanguage":"pt-BR"},{"@type":"Organization","@id":"https:\/\/www.suno.com.br\/noticias\/#organization","name":"Suno Not\u00edcias","url":"https:\/\/www.suno.com.br\/noticias\/","logo":{"@type":"ImageObject","inLanguage":"pt-BR","@id":"https:\/\/www.suno.com.br\/noticias\/#\/schema\/logo\/image\/","url":"https:\/\/files.sunoresearch.com.br\/n\/uploads\/2021\/09\/suno-logo.png","contentUrl":"https:\/\/files.sunoresearch.com.br\/n\/uploads\/2021\/09\/suno-logo.png","width":180,"height":180,"caption":"Suno Not\u00edcias"},"image":{"@id":"https:\/\/www.suno.com.br\/noticias\/#\/schema\/logo\/image\/"},"sameAs":["https:\/\/facebook.com\/sunoresearch","https:\/\/x.com\/sunoresearch","https:\/\/www.instagram.com\/suno","https:\/\/www.linkedin.com\/company\/suno-research\/","https:\/\/www.youtube.com\/c\/sunoresearch"]},{"@type":"Person","@id":"https:\/\/www.suno.com.br\/noticias\/#\/schema\/person\/fc144a1c6108bd1dcd43784e88a3c138","name":"Renan Bandeira","image":{"@type":"ImageObject","inLanguage":"pt-BR","@id":"https:\/\/www.suno.com.br\/noticias\/#\/schema\/person\/image\/","url":"https:\/\/secure.gravatar.com\/avatar\/68359cdb608f14f11bbefcb78f3fc747?s=96&r=g","contentUrl":"https:\/\/secure.gravatar.com\/avatar\/68359cdb608f14f11bbefcb78f3fc747?s=96&r=g","caption":"Renan Bandeira"},"description":"Renan Bandeira escreve sobre pol\u00edtica e economia para o portal da Suno Research. Antes da Suno, trabalhou em uma rede de televis\u00e3o, onde fazia reportagens sobre os mesmos temas. Estuda na Universidade Metodista de S\u00e3o Paulo.","url":"https:\/\/www.suno.com.br\/noticias\/author\/renan-bandeira\/"}]}},"default_loop_html":"<div class=\"cardsPage__listCard__boxs\"><div class=\"cardsPage__listCard__boxs__img\"><a href=\"https:\/\/www.suno.com.br\/noticias\/lewandowski-mantem-reajuste-salarial-servidores\/\"><img class=\"mask\" src=\"https:\/\/www.suno.com.br\/noticias\/wp-content\/themes\/suno\/resources\/images\/spotlight\/spotlight1img\/bg-mask.png\" alt=\"Image Mask\"\/><img src=\"https:\/\/files.sunoresearch.com.br\/n\/uploads\/2018\/12\/94365295-reajuste-salarial-400x200.webp\" alt=\"Lewandowski mant\u00e9m reajuste salarial de servidores federais para 2019\"\/><\/a><span class=\"spotlightCategory\"><a href=\"https:\/\/www.suno.com.br\/noticias\/politica\/\">Pol\u00edtica<\/a><\/span><\/div><div class=\"cardsPage__listCard__boxs__content\"><a href=\"https:\/\/www.suno.com.br\/noticias\/lewandowski-mantem-reajuste-salarial-servidores\/\"><h2 class=\"content__title\">Lewandowski mant\u00e9m reajuste salarial de servidores federais para 2019<\/h2><\/a><div class=\"newsContent__article__meta\"><div class=\"newsContent__article__meta__authorBox\"><a href=\"https:\/\/www.suno.com.br\/noticias\/author\/renan-bandeira\/\" class=\"authorBox__avatar noMobi\"><img src=\"https:\/\/secure.gravatar.com\/avatar\/68359cdb608f14f11bbefcb78f3fc747?s=96&#038;r=g\" alt=\"Renan Bandeira\"><\/a><div class=\"authorBox__name\"><span>por\n\t\t\t<a href=\"https:\/\/www.suno.com.br\/noticias\/author\/renan-bandeira\/\"><span itemprop=\"author\">Renan Bandeira<\/span><\/a><\/span><time datetime=\"2018-12-19T13:27:00-02:00\" itemprop=\"datePublished\">19\/12\/2018 13:27<\/time><\/div><\/div><\/div><\/div><\/div>","single_layout":"posts","amp_enabled":true,"_links":{"self":[{"href":"https:\/\/www.suno.com.br\/noticias\/wp-json\/wp\/v2\/posts\/9430"}],"collection":[{"href":"https:\/\/www.suno.com.br\/noticias\/wp-json\/wp\/v2\/posts"}],"about":[{"href":"https:\/\/www.suno.com.br\/noticias\/wp-json\/wp\/v2\/types\/post"}],"author":[{"embeddable":true,"href":"https:\/\/www.suno.com.br\/noticias\/wp-json\/wp\/v2\/users\/11"}],"replies":[{"embeddable":true,"href":"https:\/\/www.suno.com.br\/noticias\/wp-json\/wp\/v2\/comments?post=9430"}],"version-history":[{"count":0,"href":"https:\/\/www.suno.com.br\/noticias\/wp-json\/wp\/v2\/posts\/9430\/revisions"}],"wp:featuredmedia":[{"embeddable":true,"href":"https:\/\/www.suno.com.br\/noticias\/wp-json\/wp\/v2\/media\/9435"}],"wp:attachment":[{"href":"https:\/\/www.suno.com.br\/noticias\/wp-json\/wp\/v2\/media?parent=9430"}],"wp:term":[{"taxonomy":"category","embeddable":true,"href":"https:\/\/www.suno.com.br\/noticias\/wp-json\/wp\/v2\/categories?post=9430"},{"taxonomy":"post_tag","embeddable":true,"href":"https:\/\/www.suno.com.br\/noticias\/wp-json\/wp\/v2\/tags?post=9430"},{"taxonomy":"suno_strategy","embeddable":true,"href":"https:\/\/www.suno.com.br\/noticias\/wp-json\/wp\/v2\/suno_strategy?post=9430"}],"curies":[{"name":"wp","href":"https:\/\/api.w.org\/{rel}","templated":true}]}}