{"id":9428,"date":"2018-12-19T13:29:16","date_gmt":"2018-12-19T15:29:16","guid":{"rendered":"https:\/\/www.suno.com.br\/noticias\/?p=9428"},"modified":"2021-02-18T19:15:06","modified_gmt":"2021-02-18T22:15:06","slug":"facebook-cedeu-dados-usuarios","status":"publish","type":"post","link":"https:\/\/www.suno.com.br\/noticias\/facebook-cedeu-dados-usuarios\/","title":{"rendered":"Facebook cedeu dados de usu\u00e1rios a gigantes da tecnologia"},"content":{"rendered":"<p>Facebook teria compartilhado outros dados pessoais de seus usu\u00e1rios com gigantes tecnol\u00f3gicos.\u00a0A informa\u00e7\u00e3o foi revelada nesta quarta-feira (19) pelo jornal norteamericano &#8220;The New York Times&#8221;.<\/p>\t<div class=\"wrapper-featured-image\">\n\t\t<figure class=\"spotlightImg\">\n\n\t\t\t<picture>\n\t\t\t\t<source media=\"(max-width: 768px)\" srcset=\"https:\/\/files.sunoresearch.com.br\/n\/uploads\/2018\/12\/e273245c-mark-zuckerberg-400x200.webp\">\n\t\t\t\t<img loading=\"lazy\" decoding=\"async\" class=\"newsContent__article__imgCapa lazyloadDisabled newsContent__article__imgCapa--noCaption\" src=\"https:\/\/files.sunoresearch.com.br\/n\/uploads\/2018\/12\/e273245c-mark-zuckerberg-800x450.webp\" width=\"800\" height=\"450\" alt=\"Facebook cedeu dados de usu\u00e1rios a gigantes da tecnologia\" fetchpriority=high \/>\n\t\t\t<\/picture>\n\n\t\t\t<figcaption class=\"wp-caption-text wp-caption-text--hide\">Mark Zuckerberg<\/figcaption>\n\t\t<\/figure>\n\t<\/div>\n\n\n<p>Segundo o jornal, <strong>Facebook<\/strong> teria concedido os <strong>dados pessoais<\/strong> dos usu\u00e1rios para empresas como Microsoft, Amazon e Netflix. E essa divulga\u00e7\u00e3o de informa\u00e7\u00f5es pessoas seria maior do que a empresa de <strong>Mark Zuckerberg<\/strong> tinha revelado at\u00e9 agora.<\/p>\n<p><a href=\"https:\/\/www.suno.com.br\/noticias\/facebook-falha-rede-social-fotos\/\">Saiba mais: Facebook anuncia falha que deu acesso a fotos de milh\u00f5es de pessoas\u00a0<\/a><\/p>\n<p>O jornal nova-iorquino teve acesso a centenas de documentos internos do Facebook. Neles aparece como a empresa compartilhou os dados sem o consentimento dos usu\u00e1rios. A rede social teria baseado desta forma seu modelo de neg\u00f3cio atrav\u00e9s da publicidade.<\/p>\n<p>Al\u00e9m disso, o The New York Times diz ter entrevistado cerca de 50 ex-funcion\u00e1rios e parceiros da rede social que confirmaram as informa\u00e7\u00f5es.<\/p>\n<p>No \u00faltimo ano, outras investiga\u00e7\u00f5es apontaram que dados de usu\u00e1rios do Facebook haviam sido usados pela empresa brit\u00e2nica Cambridge Analytica. Esse dados pessoais foram utilizados para an\u00e1lises pol\u00edticas e influenciar as elei\u00e7\u00f5es americanas de 2016.<\/p>\n<p>No come\u00e7o, as informa\u00e7\u00f5es era de um vazamento de dados de 50 milh\u00f5es de pessoas. Entretanto, em seguida o pr\u00f3prio Facebook confirmou que cerca de 87 milh\u00f5es de contas foram atingidas.<\/p>\n<h2>Acordos com gigantes da tecnologia<\/h2>\n<p>Por exemplo, Facebook autorizou ao Bing, a plataforma de busca da Microsoft, a ver todos os nomes das amizades dos usu\u00e1rios do Facebook. A rede social permitiu que Netflix e Spotify ler as mensagens privadas de usu\u00e1rios.<\/p>\n<p>Al\u00e9m disso, concedeu \u00e0 Amazon acesso ao nome dos usu\u00e1rios e informa\u00e7\u00f5es de contato e ao Yahoo ver publica\u00e7\u00f5es das amizades.<\/p>\n<p>Algumas destas pr\u00e1ticas ocorreram pelo menos at\u00e9 meados de 2018. Depois que o Facebook tinha dito publicamente que j\u00e1 n\u00e3o permitia tais a\u00e7\u00f5es. Declara\u00e7\u00f5es que\u00a0foram feitas depois de m\u00faltiplos esc\u00e2ndalos de privacidade que envolveram a rede social.<\/p>\n<p>No total, segundo a reportagem, cerca de 150 empresas se beneficiaram destes dados.\u00a0 A maioria delas voltada \u00e0 \u00e1rea de tecnologia, mas tamb\u00e9m lojas on-line, montadoras e empresas de comunica\u00e7\u00e3o. O Facebook tem hoje 2,2 bilh\u00f5es de usu\u00e1rios.<\/p>\n<p>Os acordos, feitos a partir de 2010, estavam valendo em 2017, e alguns ainda continuavam neste ano.<\/p>\n<h2>A palavra com o Facebook<\/h2>\n<p>O diretor de privacidade do Facebook, Steve Satterfield, declarou que nenhuma parceria violou as regras de privacidade dos usu\u00e1rios. Al\u00e9m disso, Satterfield negou que essas pr\u00e1ticas violassem os compromissos que a empresa assumiu com os reguladores federais.<\/p>\n<p>&#8220;Nenhuma dessas parcerias ou recursos concedeu \u00e0s empresas acesso a informa\u00e7\u00f5es sem a permiss\u00e3o dos usu\u00e1rios, nem violaram nosso acordo de 2012 com a Comiss\u00e3o Federal do Com\u00e9rcio dos Estados Unidos (FTC, na sigla em ingl\u00eas)&#8221;, afirmou Konstantinos Papamiltiadis, diretor de plataformas de desenvolvedores e programas do Facebook.<\/p>\n<p>&#8220;Sabemos que temos que conquistar a confian\u00e7a das pessoas de volta&#8221;, continuou Papamiltiadis. &#8220;Proteger as informa\u00e7\u00f5es das pessoas requer termos mais r\u00edgidos, uma melhor tecnologia e pol\u00edticas mais transparentes, e \u00e9 nisso que temos focado neste ano.&#8221;<\/p>\n<p>Porta-vozes do Spotify e da Netflix informaram ao NYT que &#8220;n\u00e3o tinham conhecimento dos amplos poderes que o Facebook lhes concedeu&#8221;. Por sua vez, o Yahoo negou ter utilizado informa\u00e7\u00f5es para publicidade.<\/p>\n<h2>Esc\u00e2ndalos cont\u00ednuos de privacidade<\/h2>\n<p>Facebook est\u00e1 enfrentando uma s\u00e9rie de\u00a0esc\u00e2ndalos de privacidade, que est\u00e3o manchando a imagem e reputa\u00e7\u00e3o da empresa. Esses esc\u00e2ndalos se somam a controv\u00e9rsia que rodeia a rede social pela divulga\u00e7\u00e3o de mentiras e not\u00edcias falsas em processos eleitorais com o objetivo de influenciar nos resultados.<\/p>\n<p>No caso concreto, nas elei\u00e7\u00f5es presidenciais nos EUA de 2016, <strong>Facebook<\/strong> estimou que cerca de 10 milh\u00f5es de pessoas estiveram expostas aos mais de 3 mil an\u00fancios pagos por contas falsas supostamente ligadas com a R\u00fassia.<\/p>\n","protected":false},"excerpt":{"rendered":"<p>Facebook teria compartilhado outros dados pessoais de seus usu\u00e1rios com gigantes tecnol\u00f3gicos.\u00a0A informa\u00e7\u00e3o foi revelada nesta quarta-feira (19) pelo jornal norteamericano &#8220;The New York Times&#8221;. Mark Zuckerberg Segundo o jornal, Facebook teria concedido os dados pessoais dos usu\u00e1rios para empresas como Microsoft, Amazon e Netflix. E essa divulga\u00e7\u00e3o de informa\u00e7\u00f5es pessoas seria maior do que [&hellip;]<\/p>\n","protected":false},"author":9,"featured_media":9441,"comment_status":"closed","ping_status":"closed","sticky":false,"template":"","format":"standard","meta":[],"categories":[64],"tags":[694,2069,733,890],"suno_strategy":[],"class_list":["post-9428","post","type-post","status-publish","format-standard","has-post-thumbnail","hentry","category-negocios","tag-amazon-amzo34","tag-cambridge-analytica","tag-facebook-fbok34","tag-spotify-s1po34"],"yoast_head":"<!-- This site is optimized with the Yoast SEO plugin v24.4 - https:\/\/yoast.com\/wordpress\/plugins\/seo\/ -->\n<title>Facebook cedeu dados de usu\u00e1rios a gigantes da tecnologia<\/title>\n<meta name=\"description\" content=\"Facebook teria autorizado que empresas tivessem acesso a informa\u00e7\u00f5es de seus usu\u00e1rios e at\u00e9 ler mensagens. Clique aqui para saber mais.\" \/>\n<meta name=\"robots\" content=\"index, follow, max-snippet:-1, max-image-preview:large, max-video-preview:-1\" \/>\n<link rel=\"canonical\" href=\"https:\/\/www.suno.com.br\/noticias\/facebook-cedeu-dados-usuarios\/\" \/>\n<meta property=\"og:locale\" content=\"pt_BR\" \/>\n<meta property=\"og:type\" content=\"article\" \/>\n<meta property=\"og:title\" content=\"Facebook cedeu dados de usu\u00e1rios a gigantes da tecnologia\" \/>\n<meta property=\"og:description\" content=\"Facebook teria autorizado que empresas tivessem acesso a informa\u00e7\u00f5es de seus usu\u00e1rios e at\u00e9 ler mensagens. Clique aqui para saber mais.\" \/>\n<meta property=\"og:url\" content=\"https:\/\/www.suno.com.br\/noticias\/facebook-cedeu-dados-usuarios\/\" \/>\n<meta property=\"og:site_name\" content=\"Suno Not\u00edcias\" \/>\n<meta property=\"article:publisher\" content=\"https:\/\/facebook.com\/sunoresearch\" \/>\n<meta property=\"og:image\" content=\"https:\/\/files.sunoresearch.com.br\/n\/uploads\/2018\/12\/e273245c-mark-zuckerberg.jpg\" \/>\n\t<meta property=\"og:image:width\" content=\"1030\" \/>\n\t<meta property=\"og:image:height\" content=\"468\" \/>\n\t<meta property=\"og:image:type\" content=\"image\/jpeg\" \/>\n<meta name=\"author\" content=\"Carlo Cauti\" \/>\n<meta name=\"twitter:card\" content=\"summary_large_image\" \/>\n<meta name=\"twitter:creator\" content=\"@sunoresearch\" \/>\n<meta name=\"twitter:site\" content=\"@sunoresearch\" \/>\n<meta name=\"twitter:label1\" content=\"Escrito por\" \/>\n\t<meta name=\"twitter:data1\" content=\"Carlo Cauti\" \/>\n\t<meta name=\"twitter:label2\" content=\"Est. tempo de leitura\" \/>\n\t<meta name=\"twitter:data2\" content=\"3 minutos\" \/>\n<script type=\"application\/ld+json\" class=\"yoast-schema-graph\">{\"@context\":\"https:\/\/schema.org\",\"@graph\":[{\"@type\":\"NewsArticle\",\"@id\":\"https:\/\/www.suno.com.br\/noticias\/facebook-cedeu-dados-usuarios\/#article\",\"isPartOf\":{\"@id\":\"https:\/\/www.suno.com.br\/noticias\/facebook-cedeu-dados-usuarios\/\"},\"author\":{\"name\":\"Carlo Cauti\",\"@id\":\"https:\/\/www.suno.com.br\/noticias\/#\/schema\/person\/e6e0f723cc177805027f4566c1d5e0c8\"},\"headline\":\"Facebook cedeu dados de usu\u00e1rios a gigantes da tecnologia\",\"datePublished\":\"2018-12-19T15:29:16+00:00\",\"dateModified\":\"2021-02-18T22:15:06+00:00\",\"mainEntityOfPage\":{\"@id\":\"https:\/\/www.suno.com.br\/noticias\/facebook-cedeu-dados-usuarios\/\"},\"wordCount\":668,\"publisher\":{\"@id\":\"https:\/\/www.suno.com.br\/noticias\/#organization\"},\"image\":{\"@id\":\"https:\/\/www.suno.com.br\/noticias\/facebook-cedeu-dados-usuarios\/#primaryimage\"},\"thumbnailUrl\":\"https:\/\/files.sunoresearch.com.br\/n\/uploads\/2018\/12\/e273245c-mark-zuckerberg-jpg.webp\",\"keywords\":[\"Amazon (AMZO34)\",\"Cambridge Analytica\",\"Facebook (FBOK34)\",\"Spotify (S1PO34)\"],\"articleSection\":[\"Neg\u00f3cios\"],\"inLanguage\":\"pt-BR\"},{\"@type\":\"WebPage\",\"@id\":\"https:\/\/www.suno.com.br\/noticias\/facebook-cedeu-dados-usuarios\/\",\"url\":\"https:\/\/www.suno.com.br\/noticias\/facebook-cedeu-dados-usuarios\/\",\"name\":\"Facebook cedeu dados de usu\u00e1rios a gigantes da tecnologia\",\"isPartOf\":{\"@id\":\"https:\/\/www.suno.com.br\/noticias\/#website\"},\"primaryImageOfPage\":{\"@id\":\"https:\/\/www.suno.com.br\/noticias\/facebook-cedeu-dados-usuarios\/#primaryimage\"},\"image\":{\"@id\":\"https:\/\/www.suno.com.br\/noticias\/facebook-cedeu-dados-usuarios\/#primaryimage\"},\"thumbnailUrl\":\"https:\/\/files.sunoresearch.com.br\/n\/uploads\/2018\/12\/e273245c-mark-zuckerberg-jpg.webp\",\"datePublished\":\"2018-12-19T15:29:16+00:00\",\"dateModified\":\"2021-02-18T22:15:06+00:00\",\"description\":\"Facebook teria autorizado que empresas tivessem acesso a informa\u00e7\u00f5es de seus usu\u00e1rios e at\u00e9 ler mensagens. Clique aqui para saber mais.\",\"breadcrumb\":{\"@id\":\"https:\/\/www.suno.com.br\/noticias\/facebook-cedeu-dados-usuarios\/#breadcrumb\"},\"inLanguage\":\"pt-BR\",\"potentialAction\":[{\"@type\":\"ReadAction\",\"target\":[\"https:\/\/www.suno.com.br\/noticias\/facebook-cedeu-dados-usuarios\/\"]}]},{\"@type\":\"ImageObject\",\"inLanguage\":\"pt-BR\",\"@id\":\"https:\/\/www.suno.com.br\/noticias\/facebook-cedeu-dados-usuarios\/#primaryimage\",\"url\":\"https:\/\/files.sunoresearch.com.br\/n\/uploads\/2018\/12\/e273245c-mark-zuckerberg-jpg.webp\",\"contentUrl\":\"https:\/\/files.sunoresearch.com.br\/n\/uploads\/2018\/12\/e273245c-mark-zuckerberg-jpg.webp\",\"width\":1030,\"height\":468,\"caption\":\"Mark Zuckerberg\"},{\"@type\":\"BreadcrumbList\",\"@id\":\"https:\/\/www.suno.com.br\/noticias\/facebook-cedeu-dados-usuarios\/#breadcrumb\",\"itemListElement\":[{\"@type\":\"ListItem\",\"position\":1,\"name\":\"Not\u00edcias\",\"item\":\"https:\/\/www.suno.com.br\/noticias\/\"},{\"@type\":\"ListItem\",\"position\":2,\"name\":\"Neg\u00f3cios\",\"item\":\"https:\/\/www.suno.com.br\/noticias\/negocios\/\"},{\"@type\":\"ListItem\",\"position\":3,\"name\":\"Facebook cedeu dados de usu\u00e1rios a gigantes da tecnologia\"}]},{\"@type\":\"WebSite\",\"@id\":\"https:\/\/www.suno.com.br\/noticias\/#website\",\"url\":\"https:\/\/www.suno.com.br\/noticias\/\",\"name\":\"Suno Not\u00edcias\",\"description\":\"Seu portal de informa\u00e7\u00e3o sobre o mundo dos investimentos\",\"publisher\":{\"@id\":\"https:\/\/www.suno.com.br\/noticias\/#organization\"},\"potentialAction\":[{\"@type\":\"SearchAction\",\"target\":{\"@type\":\"EntryPoint\",\"urlTemplate\":\"https:\/\/www.suno.com.br\/noticias\/?s={search_term_string}\"},\"query-input\":{\"@type\":\"PropertyValueSpecification\",\"valueRequired\":true,\"valueName\":\"search_term_string\"}}],\"inLanguage\":\"pt-BR\"},{\"@type\":\"Organization\",\"@id\":\"https:\/\/www.suno.com.br\/noticias\/#organization\",\"name\":\"Suno Not\u00edcias\",\"url\":\"https:\/\/www.suno.com.br\/noticias\/\",\"logo\":{\"@type\":\"ImageObject\",\"inLanguage\":\"pt-BR\",\"@id\":\"https:\/\/www.suno.com.br\/noticias\/#\/schema\/logo\/image\/\",\"url\":\"https:\/\/files.sunoresearch.com.br\/n\/uploads\/2021\/09\/suno-logo.png\",\"contentUrl\":\"https:\/\/files.sunoresearch.com.br\/n\/uploads\/2021\/09\/suno-logo.png\",\"width\":180,\"height\":180,\"caption\":\"Suno Not\u00edcias\"},\"image\":{\"@id\":\"https:\/\/www.suno.com.br\/noticias\/#\/schema\/logo\/image\/\"},\"sameAs\":[\"https:\/\/facebook.com\/sunoresearch\",\"https:\/\/x.com\/sunoresearch\",\"https:\/\/www.instagram.com\/suno\",\"https:\/\/www.linkedin.com\/company\/suno-research\/\",\"https:\/\/www.youtube.com\/c\/sunoresearch\"]},{\"@type\":\"Person\",\"@id\":\"https:\/\/www.suno.com.br\/noticias\/#\/schema\/person\/e6e0f723cc177805027f4566c1d5e0c8\",\"name\":\"Carlo Cauti\",\"image\":{\"@type\":\"ImageObject\",\"inLanguage\":\"pt-BR\",\"@id\":\"https:\/\/www.suno.com.br\/noticias\/#\/schema\/person\/image\/\",\"url\":\"https:\/\/secure.gravatar.com\/avatar\/3ada9e0bd164c23abd4792a9606d583c?s=96&r=g\",\"contentUrl\":\"https:\/\/secure.gravatar.com\/avatar\/3ada9e0bd164c23abd4792a9606d583c?s=96&r=g\",\"caption\":\"Carlo Cauti\"},\"description\":\"Editor multim\u00eddia do SUNO Not\u00edcias. Italiano, formado em Ci\u00eancias Pol\u00edticas pela universidade LUISS G. Carli de Roma e mestre cum laude em Rela\u00e7\u00f5es Internacionais, Jornalismo Internacional e de Guerra e em Economia Internacional. Concluiu tamb\u00e9m um MBA em Finan\u00e7as na B3. No Brasil, teve passagem por ve\u00edculos como Estad\u00e3o, Globo, Veja e EXAME. e nas ag\u00eancias de not\u00edcias italianas ANSA e NOVA.\",\"url\":\"https:\/\/www.suno.com.br\/noticias\/author\/carlo-cauti\/\"}]}<\/script>\n<!-- \/ Yoast SEO plugin. -->","yoast_head_json":{"title":"Facebook cedeu dados de usu\u00e1rios a gigantes da tecnologia","description":"Facebook teria autorizado que empresas tivessem acesso a informa\u00e7\u00f5es de seus usu\u00e1rios e at\u00e9 ler mensagens. Clique aqui para saber mais.","robots":{"index":"index","follow":"follow","max-snippet":"max-snippet:-1","max-image-preview":"max-image-preview:large","max-video-preview":"max-video-preview:-1"},"canonical":"https:\/\/www.suno.com.br\/noticias\/facebook-cedeu-dados-usuarios\/","og_locale":"pt_BR","og_type":"article","og_title":"Facebook cedeu dados de usu\u00e1rios a gigantes da tecnologia","og_description":"Facebook teria autorizado que empresas tivessem acesso a informa\u00e7\u00f5es de seus usu\u00e1rios e at\u00e9 ler mensagens. Clique aqui para saber mais.","og_url":"https:\/\/www.suno.com.br\/noticias\/facebook-cedeu-dados-usuarios\/","og_site_name":"Suno Not\u00edcias","article_publisher":"https:\/\/facebook.com\/sunoresearch","og_image":[{"width":1030,"height":468,"url":"https:\/\/files.sunoresearch.com.br\/n\/uploads\/2018\/12\/e273245c-mark-zuckerberg.jpg","type":"image\/jpeg"}],"author":"Carlo Cauti","twitter_card":"summary_large_image","twitter_creator":"@sunoresearch","twitter_site":"@sunoresearch","twitter_misc":{"Escrito por":"Carlo Cauti","Est. tempo de leitura":"3 minutos"},"schema":{"@context":"https:\/\/schema.org","@graph":[{"@type":"NewsArticle","@id":"https:\/\/www.suno.com.br\/noticias\/facebook-cedeu-dados-usuarios\/#article","isPartOf":{"@id":"https:\/\/www.suno.com.br\/noticias\/facebook-cedeu-dados-usuarios\/"},"author":{"name":"Carlo Cauti","@id":"https:\/\/www.suno.com.br\/noticias\/#\/schema\/person\/e6e0f723cc177805027f4566c1d5e0c8"},"headline":"Facebook cedeu dados de usu\u00e1rios a gigantes da tecnologia","datePublished":"2018-12-19T15:29:16+00:00","dateModified":"2021-02-18T22:15:06+00:00","mainEntityOfPage":{"@id":"https:\/\/www.suno.com.br\/noticias\/facebook-cedeu-dados-usuarios\/"},"wordCount":668,"publisher":{"@id":"https:\/\/www.suno.com.br\/noticias\/#organization"},"image":{"@id":"https:\/\/www.suno.com.br\/noticias\/facebook-cedeu-dados-usuarios\/#primaryimage"},"thumbnailUrl":"https:\/\/files.sunoresearch.com.br\/n\/uploads\/2018\/12\/e273245c-mark-zuckerberg-jpg.webp","keywords":["Amazon (AMZO34)","Cambridge Analytica","Facebook (FBOK34)","Spotify (S1PO34)"],"articleSection":["Neg\u00f3cios"],"inLanguage":"pt-BR"},{"@type":"WebPage","@id":"https:\/\/www.suno.com.br\/noticias\/facebook-cedeu-dados-usuarios\/","url":"https:\/\/www.suno.com.br\/noticias\/facebook-cedeu-dados-usuarios\/","name":"Facebook cedeu dados de usu\u00e1rios a gigantes da tecnologia","isPartOf":{"@id":"https:\/\/www.suno.com.br\/noticias\/#website"},"primaryImageOfPage":{"@id":"https:\/\/www.suno.com.br\/noticias\/facebook-cedeu-dados-usuarios\/#primaryimage"},"image":{"@id":"https:\/\/www.suno.com.br\/noticias\/facebook-cedeu-dados-usuarios\/#primaryimage"},"thumbnailUrl":"https:\/\/files.sunoresearch.com.br\/n\/uploads\/2018\/12\/e273245c-mark-zuckerberg-jpg.webp","datePublished":"2018-12-19T15:29:16+00:00","dateModified":"2021-02-18T22:15:06+00:00","description":"Facebook teria autorizado que empresas tivessem acesso a informa\u00e7\u00f5es de seus usu\u00e1rios e at\u00e9 ler mensagens. Clique aqui para saber mais.","breadcrumb":{"@id":"https:\/\/www.suno.com.br\/noticias\/facebook-cedeu-dados-usuarios\/#breadcrumb"},"inLanguage":"pt-BR","potentialAction":[{"@type":"ReadAction","target":["https:\/\/www.suno.com.br\/noticias\/facebook-cedeu-dados-usuarios\/"]}]},{"@type":"ImageObject","inLanguage":"pt-BR","@id":"https:\/\/www.suno.com.br\/noticias\/facebook-cedeu-dados-usuarios\/#primaryimage","url":"https:\/\/files.sunoresearch.com.br\/n\/uploads\/2018\/12\/e273245c-mark-zuckerberg-jpg.webp","contentUrl":"https:\/\/files.sunoresearch.com.br\/n\/uploads\/2018\/12\/e273245c-mark-zuckerberg-jpg.webp","width":1030,"height":468,"caption":"Mark Zuckerberg"},{"@type":"BreadcrumbList","@id":"https:\/\/www.suno.com.br\/noticias\/facebook-cedeu-dados-usuarios\/#breadcrumb","itemListElement":[{"@type":"ListItem","position":1,"name":"Not\u00edcias","item":"https:\/\/www.suno.com.br\/noticias\/"},{"@type":"ListItem","position":2,"name":"Neg\u00f3cios","item":"https:\/\/www.suno.com.br\/noticias\/negocios\/"},{"@type":"ListItem","position":3,"name":"Facebook cedeu dados de usu\u00e1rios a gigantes da tecnologia"}]},{"@type":"WebSite","@id":"https:\/\/www.suno.com.br\/noticias\/#website","url":"https:\/\/www.suno.com.br\/noticias\/","name":"Suno Not\u00edcias","description":"Seu portal de informa\u00e7\u00e3o sobre o mundo dos investimentos","publisher":{"@id":"https:\/\/www.suno.com.br\/noticias\/#organization"},"potentialAction":[{"@type":"SearchAction","target":{"@type":"EntryPoint","urlTemplate":"https:\/\/www.suno.com.br\/noticias\/?s={search_term_string}"},"query-input":{"@type":"PropertyValueSpecification","valueRequired":true,"valueName":"search_term_string"}}],"inLanguage":"pt-BR"},{"@type":"Organization","@id":"https:\/\/www.suno.com.br\/noticias\/#organization","name":"Suno Not\u00edcias","url":"https:\/\/www.suno.com.br\/noticias\/","logo":{"@type":"ImageObject","inLanguage":"pt-BR","@id":"https:\/\/www.suno.com.br\/noticias\/#\/schema\/logo\/image\/","url":"https:\/\/files.sunoresearch.com.br\/n\/uploads\/2021\/09\/suno-logo.png","contentUrl":"https:\/\/files.sunoresearch.com.br\/n\/uploads\/2021\/09\/suno-logo.png","width":180,"height":180,"caption":"Suno Not\u00edcias"},"image":{"@id":"https:\/\/www.suno.com.br\/noticias\/#\/schema\/logo\/image\/"},"sameAs":["https:\/\/facebook.com\/sunoresearch","https:\/\/x.com\/sunoresearch","https:\/\/www.instagram.com\/suno","https:\/\/www.linkedin.com\/company\/suno-research\/","https:\/\/www.youtube.com\/c\/sunoresearch"]},{"@type":"Person","@id":"https:\/\/www.suno.com.br\/noticias\/#\/schema\/person\/e6e0f723cc177805027f4566c1d5e0c8","name":"Carlo Cauti","image":{"@type":"ImageObject","inLanguage":"pt-BR","@id":"https:\/\/www.suno.com.br\/noticias\/#\/schema\/person\/image\/","url":"https:\/\/secure.gravatar.com\/avatar\/3ada9e0bd164c23abd4792a9606d583c?s=96&r=g","contentUrl":"https:\/\/secure.gravatar.com\/avatar\/3ada9e0bd164c23abd4792a9606d583c?s=96&r=g","caption":"Carlo Cauti"},"description":"Editor multim\u00eddia do SUNO Not\u00edcias. Italiano, formado em Ci\u00eancias Pol\u00edticas pela universidade LUISS G. Carli de Roma e mestre cum laude em Rela\u00e7\u00f5es Internacionais, Jornalismo Internacional e de Guerra e em Economia Internacional. Concluiu tamb\u00e9m um MBA em Finan\u00e7as na B3. No Brasil, teve passagem por ve\u00edculos como Estad\u00e3o, Globo, Veja e EXAME. e nas ag\u00eancias de not\u00edcias italianas ANSA e NOVA.","url":"https:\/\/www.suno.com.br\/noticias\/author\/carlo-cauti\/"}]}},"default_loop_html":"<div class=\"cardsPage__listCard__boxs\"><div class=\"cardsPage__listCard__boxs__img\"><a href=\"https:\/\/www.suno.com.br\/noticias\/facebook-cedeu-dados-usuarios\/\"><img class=\"mask\" src=\"https:\/\/www.suno.com.br\/noticias\/wp-content\/themes\/suno\/resources\/images\/spotlight\/spotlight1img\/bg-mask.png\" alt=\"Image Mask\"\/><img src=\"https:\/\/files.sunoresearch.com.br\/n\/uploads\/2018\/12\/e273245c-mark-zuckerberg-400x200.webp\" alt=\"Facebook cedeu dados de usu\u00e1rios a gigantes da tecnologia\"\/><\/a><span class=\"spotlightCategory\"><a href=\"https:\/\/www.suno.com.br\/noticias\/negocios\/\">Neg\u00f3cios<\/a><\/span><\/div><div class=\"cardsPage__listCard__boxs__content\"><a href=\"https:\/\/www.suno.com.br\/noticias\/facebook-cedeu-dados-usuarios\/\"><h2 class=\"content__title\">Facebook cedeu dados de usu\u00e1rios a gigantes da tecnologia<\/h2><\/a><div class=\"newsContent__article__meta\"><div class=\"newsContent__article__meta__authorBox\"><a href=\"https:\/\/www.suno.com.br\/noticias\/author\/carlo-cauti\/\" class=\"authorBox__avatar noMobi\"><img src=\"https:\/\/files.sunoresearch.com.br\/n\/uploads\/2020\/08\/e3745f9a-perfil-carlo-cauti-150x150.webp\" alt=\"Carlo Cauti\"><\/a><div class=\"authorBox__name\"><span>por\n\t\t\t<a href=\"https:\/\/www.suno.com.br\/noticias\/author\/carlo-cauti\/\"><span itemprop=\"author\">Carlo Cauti<\/span><\/a><\/span><time datetime=\"2018-12-19T13:29:16-02:00\" itemprop=\"datePublished\">19\/12\/2018 13:29<\/time><\/div><\/div><\/div><\/div><\/div>","single_layout":"posts","amp_enabled":true,"_links":{"self":[{"href":"https:\/\/www.suno.com.br\/noticias\/wp-json\/wp\/v2\/posts\/9428"}],"collection":[{"href":"https:\/\/www.suno.com.br\/noticias\/wp-json\/wp\/v2\/posts"}],"about":[{"href":"https:\/\/www.suno.com.br\/noticias\/wp-json\/wp\/v2\/types\/post"}],"author":[{"embeddable":true,"href":"https:\/\/www.suno.com.br\/noticias\/wp-json\/wp\/v2\/users\/9"}],"replies":[{"embeddable":true,"href":"https:\/\/www.suno.com.br\/noticias\/wp-json\/wp\/v2\/comments?post=9428"}],"version-history":[{"count":0,"href":"https:\/\/www.suno.com.br\/noticias\/wp-json\/wp\/v2\/posts\/9428\/revisions"}],"wp:featuredmedia":[{"embeddable":true,"href":"https:\/\/www.suno.com.br\/noticias\/wp-json\/wp\/v2\/media\/9441"}],"wp:attachment":[{"href":"https:\/\/www.suno.com.br\/noticias\/wp-json\/wp\/v2\/media?parent=9428"}],"wp:term":[{"taxonomy":"category","embeddable":true,"href":"https:\/\/www.suno.com.br\/noticias\/wp-json\/wp\/v2\/categories?post=9428"},{"taxonomy":"post_tag","embeddable":true,"href":"https:\/\/www.suno.com.br\/noticias\/wp-json\/wp\/v2\/tags?post=9428"},{"taxonomy":"suno_strategy","embeddable":true,"href":"https:\/\/www.suno.com.br\/noticias\/wp-json\/wp\/v2\/suno_strategy?post=9428"}],"curies":[{"name":"wp","href":"https:\/\/api.w.org\/{rel}","templated":true}]}}