{"id":94197,"date":"2020-10-23T19:11:05","date_gmt":"2020-10-23T22:11:05","guid":{"rendered":"https:\/\/www.suno.com.br\/noticias\/?p=94197"},"modified":"2021-02-18T14:24:06","modified_gmt":"2021-02-18T17:24:06","slug":"mmx-mmxm3-osx-osxb3-cvm-oscilacoes-acoes","status":"publish","type":"post","link":"https:\/\/www.suno.com.br\/noticias\/mmx-mmxm3-osx-osxb3-cvm-oscilacoes-acoes\/","title":{"rendered":"MMX (MMXM3): CVM analisar\u00e1 reclama\u00e7\u00e3o sobre oscila\u00e7\u00f5es de pap\u00e9is"},"content":{"rendered":"<p>A <a href=\"https:\/\/www.suno.com.br\/artigos\/cvm\/\">Comiss\u00e3o de Valores Mobili\u00e1rios (CVM)<\/a> informou nessa sexta-feira (23) que vai analisar a reclama\u00e7\u00e3o sobre poss\u00edveis responsabilidades referente &#8220;\u00e0s oscila\u00e7\u00f5es extraordin\u00e1rias&#8221; dos pap\u00e9is das companhias <a href=\"https:\/\/www.suno.com.br\/acoes\/mmxm3\/\"><strong>MMX<\/strong> (MMXM3)<\/a>\u00a0e da <a href=\"https:\/\/www.suno.com.br\/acoes\/osxb3\/\">OSX (OSXB3)<\/a>, de <a href=\"https:\/\/www.suno.com.br\/tudo-sobre\/eike-batista\/#:~:text=Eike%20Batista%20%C3%A9%20um%20empres%C3%A1rio,um%20tempo%2C%20foi%20considerado%20foragido.\">Eike Batista<\/a>, em outubro. A reclama\u00e7\u00e3o foi apresentada pela Associa\u00e7\u00e3o Brasileira de Investidores (Abradin).<br \/>\n\t<p>\n\t\t<a href=\"\" target=\"_blank\" data-element=\"shortcode-suno-banner\" title=\"Banner SUNO, clique e saiba mais\">\n\t\t\t<picture>\n\t\t\t\t<source media=\"(max-width: 500px)\" srcset=\"\">\n\t\t\t\t<img class=\"newsContent__article__imgCapa newsContent__article__imgCapa--banner\"\n\t\t\t\t\tsrc=\"\"\n\t\t\t\t\tdata-promo-id=\"92563\"\t\t\t\t\t\t\t\t\t\t\t\t\t\t\talt=\"\"\n\t\t\t\t>\n\t\t\t<\/picture>\n\t\t<\/a>\n\t<\/p>\n\n\t<\/p>\t<div class=\"wrapper-featured-image\">\n\t\t<figure class=\"spotlightImg\">\n\n\t\t\t<picture>\n\t\t\t\t<source media=\"(max-width: 768px)\" srcset=\"https:\/\/files.sunoresearch.com.br\/n\/uploads\/2020\/10\/d98cabc3-eike_batista-400x200.webp\">\n\t\t\t\t<img loading=\"lazy\" decoding=\"async\" class=\"newsContent__article__imgCapa lazyloadDisabled \" src=\"https:\/\/files.sunoresearch.com.br\/n\/uploads\/2020\/10\/d98cabc3-eike_batista-800x450.webp\" width=\"800\" height=\"450\" alt=\"MMX (MMXM3): CVM analisar\u00e1 reclama\u00e7\u00e3o sobre oscila\u00e7\u00f5es de pap\u00e9is\" fetchpriority=high \/>\n\t\t\t<\/picture>\n\n\t\t\t<figcaption class=\"wp-caption-text wp-caption-text--show\">Eike Batista. Foto: Ag\u00eancia Brasil<\/figcaption>\n\t\t<\/figure>\n\t<\/div>\n\n<p>A <a href=\"https:\/\/www.suno.com.br\/artigos\/cvm\/\">Comiss\u00e3o de Valores Mobili\u00e1rios (CVM)<\/a> informou nessa sexta-feira (23) que vai analisar a reclama\u00e7\u00e3o sobre poss\u00edveis responsabilidades referente &#8220;\u00e0s oscila\u00e7\u00f5es extraordin\u00e1rias&#8221; dos pap\u00e9is das companhias <a href=\"https:\/\/www.suno.com.br\/acoes\/mmxm3\/\"><strong>MMX<\/strong> (MMXM3)<\/a>\u00a0e da <a href=\"https:\/\/www.suno.com.br\/acoes\/osxb3\/\">OSX (OSXB3)<\/a>, de <a href=\"https:\/\/www.suno.com.br\/tudo-sobre\/eike-batista\/#:~:text=Eike%20Batista%20%C3%A9%20um%20empres%C3%A1rio,um%20tempo%2C%20foi%20considerado%20foragido.\">Eike Batista<\/a>, em outubro. A reclama\u00e7\u00e3o foi apresentada pela Associa\u00e7\u00e3o Brasileira de Investidores (Abradin).<br \/>\n\t<p>\n\t\t<a href=\"\" target=\"_blank\" data-element=\"shortcode-suno-banner\" title=\"Banner SUNO, clique e saiba mais\">\n\t\t\t<picture>\n\t\t\t\t<source media=\"(max-width: 500px)\" srcset=\"\">\n\t\t\t\t<img class=\"newsContent__article__imgCapa newsContent__article__imgCapa--banner\"\n\t\t\t\t\tsrc=\"\"\n\t\t\t\t\tdata-promo-id=\"92563\"\t\t\t\t\t\t\t\t\t\t\t\t\t\t\talt=\"\"\n\t\t\t\t>\n\t\t\t<\/picture>\n\t\t<\/a>\n\t<\/p>\n\n\t<\/p>\n\n<p>Nesse sentido a queixa aponta que &#8220;essa valoriza\u00e7\u00e3o pode parecer maravilhosa \u00e0 primeira vista, mas esta volatilidade anormal, sem embasamento f\u00e1tico, certamente arruinou muitos bolsos, principalmente os novos investidores, rec\u00e9m-chegados na <a href=\"https:\/\/www.suno.com.br\/artigos\/c\/bolsa-de-valores\/\">bolsa de valores,<\/a> que desconhecem o hist\u00f3rico de golpes aplicados por meio destas <a href=\"https:\/\/www.suno.com.br\/artigos\/bolhas-economicas\/#:~:text=No%20contexto%20da%20economia%20e,pre%C3%A7o%20com%20o%20valor%20intr%C3%ADnseco.\">bolhas<\/a>, fruto de movimentos especulativos&#8221;.<\/p>\n<p><a href=\"https:\/\/lp.suno.com.br\/suno-one\/\">Suno One: o primeiro passo para alcan\u00e7ar a sua independ\u00eancia financeira. Acesse agora, \u00e9 gratuito!<\/a><\/p>\n<p>Com isso, a entidade solicitou que a <strong>Comiss\u00e3o de Valores Mobili\u00e1rios<\/strong> apure eventual cometimento de atos ilegais, bem como pr\u00e1ticas n\u00e3o-equitativas nos movimentos de compra e venda das a\u00e7\u00f5es das companhias, e assim, aplique as penalidades previstas na lei.<\/p>\n<p>A autarquia, por sua vez, confirmou &#8220;o recebimento da consulta mencionada em sua demanda, que ser\u00e1 analisada pela Autarquia. A <strong>CVM<\/strong> n\u00e3o comenta casos espec\u00edficos&#8221;.<\/p>\n<h2>Varia\u00e7\u00e3o nos pap\u00e9is da MMX e OSX<\/h2>\n<p>O \u00f3rg\u00e3o que representa investidores minorit\u00e1rios, aponta que, no dia 5 de outubro, as a\u00e7\u00f5es da MMX eram negociadas em R$ 1,80, e ent\u00e3o no dia 14 do mesmo m\u00eas chegaram a ser negociadas a R$ 58,45, o que equivale a uma alta de 3.094% em compara\u00e7\u00e3o com o dia 5. Contudo, no dia 14, os pap\u00e9is fecharam cotados a R$ 17.<br \/>\n<div class=\"hubspot-form-wrapper\">\n\t<div id=\"single-form-target\"><\/div>\n<\/div>\n<\/p>\n<p>Em rela\u00e7\u00e3o ao volume, destacou que antes girava em torno de R$ 50 mil, mas no dia 14, o volume di\u00e1rio de negocia\u00e7\u00f5es era de R$ 110 milh\u00f5es.<\/p>\n<p>Os pap\u00e9is da <strong>OSX,<\/strong> por sua vez, estavam cotados a R$ 4,4 em 5 de outubro, e no dia 14 atingiram a m\u00e1xima de R$ 44.<\/p>\n<p>O movimento altamente inst\u00e1vel dos pap\u00e9is da companhia de <strong>Batista<\/strong> neste m\u00eas tiveram in\u00edcio ap\u00f3s um <a href=\"https:\/\/www.suno.com.br\/artigos\/fato-relevante\/\">fato relevante<\/a> ter sido publicado no dia 30 de setembro, onde a empresa diz que registrou um pedido feito \u00e0 Justi\u00e7a para a retomada da extra\u00e7\u00e3o de <strong>min\u00e9rio de ferro<\/strong> nas mina Emma e Lais. As minas ficam localizadas em Corumb\u00e1 (MS), e s\u00e3o controladas pela mineradora Vetorial.<\/p>\n\t<div data-element=\"shortcode-read-more\" class=\"knowMore\">\n\t\t\t\t<span class=\"knowMore__title\">Veja tamb\u00e9m<\/span>\n\t\t\t\t<a class=\"knowMore__link\" href=\"https:\/\/www.suno.com.br\/noticias\/mmx-mmxm3-cai-75-ultimos-5-pregoes\/\">\n\t\t\tMMX (MMXM3) \u00e9 negociada a R$ 9 e cai 75% nos \u00faltimos 5 preg\u00f5es\t\t<\/a>\n\t<\/div>\n\n\n<p>De acordo com a nota, a explora\u00e7\u00e3o da mina &#8220;pode ser de grande relev\u00e2ncia econ\u00f4mica para a companhia&#8221;. A companhia afirmou que, caso obtenha sucesso na tentativa, \u201cser\u00e1 poss\u00edvel viabilizar de forma ainda mais consistente a recupera\u00e7\u00e3o judicial\u201d e potencializar a capacidade da empresa para a produ\u00e7\u00e3o e venda da <a href=\"https:\/\/www.suno.com.br\/artigos\/o-que-commodities\/\"><em>commodity<\/em><\/a>.<\/p>\n<p>Em comunicado divulgado na \u00faltima sexta-feira (16), a Vetorial afirmou que det\u00e9m legalmente a posse direta e exclusiva de toda a lavra da Mina Lais e da Mina Emma, e salientou que n\u00e3o h\u00e1 raz\u00f5es para especula\u00e7\u00f5es como as feitas pela mineradora de <strong>Eike.<\/strong><br \/>\n\t<p>\n\t\t<a href=\"\" target=\"_blank\" data-element=\"shortcode-suno-banner\" title=\"Banner SUNO, clique e saiba mais\">\n\t\t\t<picture>\n\t\t\t\t<source media=\"(max-width: 500px)\" srcset=\"\">\n\t\t\t\t<img class=\"newsContent__article__imgCapa newsContent__article__imgCapa--banner\"\n\t\t\t\t\tsrc=\"\"\n\t\t\t\t\tdata-promo-id=\"92563\"\t\t\t\t\t\t\t\t\t\t\t\t\t\t\talt=\"\"\n\t\t\t\t>\n\t\t\t<\/picture>\n\t\t<\/a>\n\t<\/p>\n\n\t<\/p>\n<p>Em meados de 2020, o empres\u00e1rio e acionista da <strong>MMX<\/strong> foi <a href=\"https:\/\/www.suno.com.br\/noticias\/eike-batista-condenado-manipulacao-mercado\/\">condenado a oito anos de pris\u00e3o em regime semiaberto por manipula\u00e7\u00e3o do mercado de capitais<\/a> com a divulga\u00e7\u00e3o de informa\u00e7\u00f5es falsas referentes \u00e0 opera\u00e7\u00e3o de sua petroleira OGX. A companhia foi uma das mais famosas da <strong>Bolsa<\/strong> brasileira na d\u00e9cada de 2000, mas se mostrou <a href=\"https:\/\/www.suno.com.br\/noticias\/bolsa-valores-ascensao-queda-fraudes\/\">uma das grandes fraudes da hist\u00f3ria do mercado de capitais<\/a> do Pa\u00eds.<\/p>\n<h2>\u00daltima cota\u00e7\u00e3o<\/h2>\n<p>No preg\u00e3o dessa sexta-feira, as a\u00e7\u00f5es da <strong>MMX<\/strong>, negociadas na <a href=\"https:\/\/www.suno.com.br\/artigos\/b3\/\">B3<\/a> sob o <a href=\"https:\/\/www.suno.com.br\/artigos\/ticker\/#:~:text=Ticker%20%C3%A9%20um%20c%C3%B3digo%20usado,come%C3%A7ar%20a%20investir%20na%20bolsa.\">ticker<\/a> <strong>&#8216;MMXM3&#8217;<\/strong> fecharam em queda de 5,47%, cotadas a R$ 16,60. J\u00e1 as a\u00e7\u00f5es da <strong>OSX,<\/strong> negociadas sob o c\u00f3digo <strong>&#8216;OSXB3&#8217;,<\/strong> fecharam em queda de 2,40%, cotadas a R$ 14,64.<\/p>\n\t<p>\n\t\t<a href=\"https:\/\/lp.suno.com.br\/planilha-de-controle-de-investimentos\/\" target=\"_blank\" data-element=\"shortcode-suno-banner\" title=\"Banner SUNO, clique e saiba mais\">\n\t\t\t<picture>\n\t\t\t\t<source media=\"(max-width: 500px)\" srcset=\"https:\/\/files.sunoresearch.com.br\/n\/uploads\/2023\/03\/400x300-Controle-de-Investimentos.png\">\n\t\t\t\t<img class=\"newsContent__article__imgCapa newsContent__article__imgCapa--banner\"\n\t\t\t\t\tsrc=\"https:\/\/files.sunoresearch.com.br\/n\/uploads\/2023\/03\/1420x240-Controle-de-Investimentos.png\"\n\t\t\t\t\tdata-promo-id=\"75934\"\t\t\t\t\t\t\t\t\t\twidth='1420' height='240'\t\t\t\t\talt=\"https:\/\/files.sunoresearch.com.br\/n\/uploads\/2023\/03\/1420x240-Controle-de-Investimentos.png\"\n\t\t\t\t>\n\t\t\t<\/picture>\n\t\t<\/a>\n\t<\/p>\n\n\n","protected":false},"excerpt":{"rendered":"<p>A Comiss\u00e3o de Valores Mobili\u00e1rios (CVM) informou nessa sexta-feira (23) que vai analisar a reclama\u00e7\u00e3o sobre poss\u00edveis responsabilidades referente &#8220;\u00e0s oscila\u00e7\u00f5es extraordin\u00e1rias&#8221; dos pap\u00e9is das companhias MMX (MMXM3)\u00a0e da OSX (OSXB3), de Eike Batista, em outubro. A reclama\u00e7\u00e3o foi apresentada pela Associa\u00e7\u00e3o Brasileira de Investidores (Abradin). Eike Batista. Foto: Ag\u00eancia Brasil Na reclama\u00e7\u00e3o, o presidente [&hellip;]<\/p>\n","protected":false},"author":39,"featured_media":92847,"comment_status":"closed","ping_status":"closed","sticky":false,"template":"","format":"standard","meta":[],"categories":[64],"tags":[286,902,1415,565,587],"suno_strategy":[],"class_list":["post-94197","post","type-post","status-publish","format-standard","has-post-thumbnail","hentry","category-negocios","tag-acoes","tag-comissao-de-valores-mobiliarios-cvm","tag-eike-batista","tag-mmx-mmxm11-mmxm3","tag-osx-brasil-osxb3"],"yoast_head":"<!-- This site is optimized with the Yoast SEO plugin v24.4 - https:\/\/yoast.com\/wordpress\/plugins\/seo\/ -->\n<title>MMX (MMXM3): CVM analisar\u00e1 reclama\u00e7\u00e3o sobre oscila\u00e7\u00f5es de pap\u00e9is<\/title>\n<meta name=\"description\" content=\"A CVM analisar\u00e1 reclama\u00e7\u00e3o sobre &quot;\u00e0s oscila\u00e7\u00f5es extraordin\u00e1rias&quot; dos pap\u00e9is da MMX (MMXM3)\u00a0e da OSX (OSXB3). Clique aqui e saiba mais.\" \/>\n<meta name=\"robots\" content=\"index, follow, max-snippet:-1, max-image-preview:large, max-video-preview:-1\" \/>\n<link rel=\"canonical\" href=\"https:\/\/www.suno.com.br\/noticias\/mmx-mmxm3-osx-osxb3-cvm-oscilacoes-acoes\/\" \/>\n<meta property=\"og:locale\" content=\"pt_BR\" \/>\n<meta property=\"og:type\" content=\"article\" \/>\n<meta property=\"og:title\" content=\"MMX (MMXM3): CVM analisar\u00e1 reclama\u00e7\u00e3o sobre oscila\u00e7\u00f5es de pap\u00e9is\" \/>\n<meta property=\"og:description\" content=\"A CVM analisar\u00e1 reclama\u00e7\u00e3o sobre &quot;\u00e0s oscila\u00e7\u00f5es extraordin\u00e1rias&quot; dos pap\u00e9is da MMX (MMXM3)\u00a0e da OSX (OSXB3). Clique aqui e saiba mais.\" \/>\n<meta property=\"og:url\" content=\"https:\/\/www.suno.com.br\/noticias\/mmx-mmxm3-osx-osxb3-cvm-oscilacoes-acoes\/\" \/>\n<meta property=\"og:site_name\" content=\"Suno Not\u00edcias\" \/>\n<meta property=\"article:publisher\" content=\"https:\/\/facebook.com\/sunoresearch\" \/>\n<meta property=\"og:image\" content=\"https:\/\/files.sunoresearch.com.br\/n\/uploads\/2020\/10\/d98cabc3-eike_batista.jpg\" \/>\n\t<meta property=\"og:image:width\" content=\"1170\" \/>\n\t<meta property=\"og:image:height\" content=\"700\" \/>\n\t<meta property=\"og:image:type\" content=\"image\/jpeg\" \/>\n<meta name=\"author\" content=\"Laura Moutinho\" \/>\n<meta name=\"twitter:card\" content=\"summary_large_image\" \/>\n<meta name=\"twitter:creator\" content=\"@sunoresearch\" \/>\n<meta name=\"twitter:site\" content=\"@sunoresearch\" \/>\n<meta name=\"twitter:label1\" content=\"Escrito por\" \/>\n\t<meta name=\"twitter:data1\" content=\"Laura Moutinho\" \/>\n\t<meta name=\"twitter:label2\" content=\"Est. tempo de leitura\" \/>\n\t<meta name=\"twitter:data2\" content=\"3 minutos\" \/>\n<script type=\"application\/ld+json\" class=\"yoast-schema-graph\">{\"@context\":\"https:\/\/schema.org\",\"@graph\":[{\"@type\":\"NewsArticle\",\"@id\":\"https:\/\/www.suno.com.br\/noticias\/mmx-mmxm3-osx-osxb3-cvm-oscilacoes-acoes\/#article\",\"isPartOf\":{\"@id\":\"https:\/\/www.suno.com.br\/noticias\/mmx-mmxm3-osx-osxb3-cvm-oscilacoes-acoes\/\"},\"author\":{\"name\":\"Laura Moutinho\",\"@id\":\"https:\/\/www.suno.com.br\/noticias\/#\/schema\/person\/3df0d2808748b74496efe5dbeaef2c72\"},\"headline\":\"MMX (MMXM3): CVM analisar\u00e1 reclama\u00e7\u00e3o sobre oscila\u00e7\u00f5es de pap\u00e9is\",\"datePublished\":\"2020-10-23T22:11:05+00:00\",\"dateModified\":\"2021-02-18T17:24:06+00:00\",\"mainEntityOfPage\":{\"@id\":\"https:\/\/www.suno.com.br\/noticias\/mmx-mmxm3-osx-osxb3-cvm-oscilacoes-acoes\/\"},\"wordCount\":685,\"publisher\":{\"@id\":\"https:\/\/www.suno.com.br\/noticias\/#organization\"},\"image\":{\"@id\":\"https:\/\/www.suno.com.br\/noticias\/mmx-mmxm3-osx-osxb3-cvm-oscilacoes-acoes\/#primaryimage\"},\"thumbnailUrl\":\"https:\/\/files.sunoresearch.com.br\/n\/uploads\/2020\/10\/d98cabc3-eike_batista-jpg.webp\",\"keywords\":[\"A\u00e7\u00f5es\",\"Comiss\u00e3o de Valores Mobili\u00e1rios (CVM)\",\"Eike Batista\",\"MMX (MMXM11\/MMXM3)\",\"OSX Brasil (OSXB3)\"],\"articleSection\":[\"Neg\u00f3cios\"],\"inLanguage\":\"pt-BR\"},{\"@type\":\"WebPage\",\"@id\":\"https:\/\/www.suno.com.br\/noticias\/mmx-mmxm3-osx-osxb3-cvm-oscilacoes-acoes\/\",\"url\":\"https:\/\/www.suno.com.br\/noticias\/mmx-mmxm3-osx-osxb3-cvm-oscilacoes-acoes\/\",\"name\":\"MMX (MMXM3): CVM analisar\u00e1 reclama\u00e7\u00e3o sobre oscila\u00e7\u00f5es de pap\u00e9is\",\"isPartOf\":{\"@id\":\"https:\/\/www.suno.com.br\/noticias\/#website\"},\"primaryImageOfPage\":{\"@id\":\"https:\/\/www.suno.com.br\/noticias\/mmx-mmxm3-osx-osxb3-cvm-oscilacoes-acoes\/#primaryimage\"},\"image\":{\"@id\":\"https:\/\/www.suno.com.br\/noticias\/mmx-mmxm3-osx-osxb3-cvm-oscilacoes-acoes\/#primaryimage\"},\"thumbnailUrl\":\"https:\/\/files.sunoresearch.com.br\/n\/uploads\/2020\/10\/d98cabc3-eike_batista-jpg.webp\",\"datePublished\":\"2020-10-23T22:11:05+00:00\",\"dateModified\":\"2021-02-18T17:24:06+00:00\",\"description\":\"A CVM analisar\u00e1 reclama\u00e7\u00e3o sobre \\\"\u00e0s oscila\u00e7\u00f5es extraordin\u00e1rias\\\" dos pap\u00e9is da MMX (MMXM3)\u00a0e da OSX (OSXB3). Clique aqui e saiba mais.\",\"breadcrumb\":{\"@id\":\"https:\/\/www.suno.com.br\/noticias\/mmx-mmxm3-osx-osxb3-cvm-oscilacoes-acoes\/#breadcrumb\"},\"inLanguage\":\"pt-BR\",\"potentialAction\":[{\"@type\":\"ReadAction\",\"target\":[\"https:\/\/www.suno.com.br\/noticias\/mmx-mmxm3-osx-osxb3-cvm-oscilacoes-acoes\/\"]}]},{\"@type\":\"ImageObject\",\"inLanguage\":\"pt-BR\",\"@id\":\"https:\/\/www.suno.com.br\/noticias\/mmx-mmxm3-osx-osxb3-cvm-oscilacoes-acoes\/#primaryimage\",\"url\":\"https:\/\/files.sunoresearch.com.br\/n\/uploads\/2020\/10\/d98cabc3-eike_batista-jpg.webp\",\"contentUrl\":\"https:\/\/files.sunoresearch.com.br\/n\/uploads\/2020\/10\/d98cabc3-eike_batista-jpg.webp\",\"width\":1170,\"height\":700,\"caption\":\"Eike Batista. Foto: Ag\u00eancia Brasil\"},{\"@type\":\"BreadcrumbList\",\"@id\":\"https:\/\/www.suno.com.br\/noticias\/mmx-mmxm3-osx-osxb3-cvm-oscilacoes-acoes\/#breadcrumb\",\"itemListElement\":[{\"@type\":\"ListItem\",\"position\":1,\"name\":\"Not\u00edcias\",\"item\":\"https:\/\/www.suno.com.br\/noticias\/\"},{\"@type\":\"ListItem\",\"position\":2,\"name\":\"Neg\u00f3cios\",\"item\":\"https:\/\/www.suno.com.br\/noticias\/negocios\/\"},{\"@type\":\"ListItem\",\"position\":3,\"name\":\"MMX (MMXM3): CVM analisar\u00e1 reclama\u00e7\u00e3o sobre oscila\u00e7\u00f5es de pap\u00e9is\"}]},{\"@type\":\"WebSite\",\"@id\":\"https:\/\/www.suno.com.br\/noticias\/#website\",\"url\":\"https:\/\/www.suno.com.br\/noticias\/\",\"name\":\"Suno Not\u00edcias\",\"description\":\"Seu portal de informa\u00e7\u00e3o sobre o mundo dos investimentos\",\"publisher\":{\"@id\":\"https:\/\/www.suno.com.br\/noticias\/#organization\"},\"potentialAction\":[{\"@type\":\"SearchAction\",\"target\":{\"@type\":\"EntryPoint\",\"urlTemplate\":\"https:\/\/www.suno.com.br\/noticias\/?s={search_term_string}\"},\"query-input\":{\"@type\":\"PropertyValueSpecification\",\"valueRequired\":true,\"valueName\":\"search_term_string\"}}],\"inLanguage\":\"pt-BR\"},{\"@type\":\"Organization\",\"@id\":\"https:\/\/www.suno.com.br\/noticias\/#organization\",\"name\":\"Suno Not\u00edcias\",\"url\":\"https:\/\/www.suno.com.br\/noticias\/\",\"logo\":{\"@type\":\"ImageObject\",\"inLanguage\":\"pt-BR\",\"@id\":\"https:\/\/www.suno.com.br\/noticias\/#\/schema\/logo\/image\/\",\"url\":\"https:\/\/files.sunoresearch.com.br\/n\/uploads\/2021\/09\/suno-logo.png\",\"contentUrl\":\"https:\/\/files.sunoresearch.com.br\/n\/uploads\/2021\/09\/suno-logo.png\",\"width\":180,\"height\":180,\"caption\":\"Suno Not\u00edcias\"},\"image\":{\"@id\":\"https:\/\/www.suno.com.br\/noticias\/#\/schema\/logo\/image\/\"},\"sameAs\":[\"https:\/\/facebook.com\/sunoresearch\",\"https:\/\/x.com\/sunoresearch\",\"https:\/\/www.instagram.com\/suno\",\"https:\/\/www.linkedin.com\/company\/suno-research\/\",\"https:\/\/www.youtube.com\/c\/sunoresearch\"]},{\"@type\":\"Person\",\"@id\":\"https:\/\/www.suno.com.br\/noticias\/#\/schema\/person\/3df0d2808748b74496efe5dbeaef2c72\",\"name\":\"Laura Moutinho\",\"image\":{\"@type\":\"ImageObject\",\"inLanguage\":\"pt-BR\",\"@id\":\"https:\/\/www.suno.com.br\/noticias\/#\/schema\/person\/image\/\",\"url\":\"https:\/\/secure.gravatar.com\/avatar\/7571c7c8ca3a6fca5e41384ece5557ff?s=96&r=g\",\"contentUrl\":\"https:\/\/secure.gravatar.com\/avatar\/7571c7c8ca3a6fca5e41384ece5557ff?s=96&r=g\",\"caption\":\"Laura Moutinho\"},\"description\":\"Estagi\u00e1ria na Suno Not\u00edcias, escreve not\u00edcias que afetam o mercado financeiro. Estuda administra\u00e7\u00e3o na Universidade Presbiteriana Mackenzie.\",\"url\":\"https:\/\/www.suno.com.br\/noticias\/author\/laura-moutinho\/\"}]}<\/script>\n<!-- \/ Yoast SEO plugin. -->","yoast_head_json":{"title":"MMX (MMXM3): CVM analisar\u00e1 reclama\u00e7\u00e3o sobre oscila\u00e7\u00f5es de pap\u00e9is","description":"A CVM analisar\u00e1 reclama\u00e7\u00e3o sobre \"\u00e0s oscila\u00e7\u00f5es extraordin\u00e1rias\" dos pap\u00e9is da MMX (MMXM3)\u00a0e da OSX (OSXB3). Clique aqui e saiba mais.","robots":{"index":"index","follow":"follow","max-snippet":"max-snippet:-1","max-image-preview":"max-image-preview:large","max-video-preview":"max-video-preview:-1"},"canonical":"https:\/\/www.suno.com.br\/noticias\/mmx-mmxm3-osx-osxb3-cvm-oscilacoes-acoes\/","og_locale":"pt_BR","og_type":"article","og_title":"MMX (MMXM3): CVM analisar\u00e1 reclama\u00e7\u00e3o sobre oscila\u00e7\u00f5es de pap\u00e9is","og_description":"A CVM analisar\u00e1 reclama\u00e7\u00e3o sobre \"\u00e0s oscila\u00e7\u00f5es extraordin\u00e1rias\" dos pap\u00e9is da MMX (MMXM3)\u00a0e da OSX (OSXB3). Clique aqui e saiba mais.","og_url":"https:\/\/www.suno.com.br\/noticias\/mmx-mmxm3-osx-osxb3-cvm-oscilacoes-acoes\/","og_site_name":"Suno Not\u00edcias","article_publisher":"https:\/\/facebook.com\/sunoresearch","og_image":[{"width":1170,"height":700,"url":"https:\/\/files.sunoresearch.com.br\/n\/uploads\/2020\/10\/d98cabc3-eike_batista.jpg","type":"image\/jpeg"}],"author":"Laura Moutinho","twitter_card":"summary_large_image","twitter_creator":"@sunoresearch","twitter_site":"@sunoresearch","twitter_misc":{"Escrito por":"Laura Moutinho","Est. tempo de leitura":"3 minutos"},"schema":{"@context":"https:\/\/schema.org","@graph":[{"@type":"NewsArticle","@id":"https:\/\/www.suno.com.br\/noticias\/mmx-mmxm3-osx-osxb3-cvm-oscilacoes-acoes\/#article","isPartOf":{"@id":"https:\/\/www.suno.com.br\/noticias\/mmx-mmxm3-osx-osxb3-cvm-oscilacoes-acoes\/"},"author":{"name":"Laura Moutinho","@id":"https:\/\/www.suno.com.br\/noticias\/#\/schema\/person\/3df0d2808748b74496efe5dbeaef2c72"},"headline":"MMX (MMXM3): CVM analisar\u00e1 reclama\u00e7\u00e3o sobre oscila\u00e7\u00f5es de pap\u00e9is","datePublished":"2020-10-23T22:11:05+00:00","dateModified":"2021-02-18T17:24:06+00:00","mainEntityOfPage":{"@id":"https:\/\/www.suno.com.br\/noticias\/mmx-mmxm3-osx-osxb3-cvm-oscilacoes-acoes\/"},"wordCount":685,"publisher":{"@id":"https:\/\/www.suno.com.br\/noticias\/#organization"},"image":{"@id":"https:\/\/www.suno.com.br\/noticias\/mmx-mmxm3-osx-osxb3-cvm-oscilacoes-acoes\/#primaryimage"},"thumbnailUrl":"https:\/\/files.sunoresearch.com.br\/n\/uploads\/2020\/10\/d98cabc3-eike_batista-jpg.webp","keywords":["A\u00e7\u00f5es","Comiss\u00e3o de Valores Mobili\u00e1rios (CVM)","Eike Batista","MMX (MMXM11\/MMXM3)","OSX Brasil (OSXB3)"],"articleSection":["Neg\u00f3cios"],"inLanguage":"pt-BR"},{"@type":"WebPage","@id":"https:\/\/www.suno.com.br\/noticias\/mmx-mmxm3-osx-osxb3-cvm-oscilacoes-acoes\/","url":"https:\/\/www.suno.com.br\/noticias\/mmx-mmxm3-osx-osxb3-cvm-oscilacoes-acoes\/","name":"MMX (MMXM3): CVM analisar\u00e1 reclama\u00e7\u00e3o sobre oscila\u00e7\u00f5es de pap\u00e9is","isPartOf":{"@id":"https:\/\/www.suno.com.br\/noticias\/#website"},"primaryImageOfPage":{"@id":"https:\/\/www.suno.com.br\/noticias\/mmx-mmxm3-osx-osxb3-cvm-oscilacoes-acoes\/#primaryimage"},"image":{"@id":"https:\/\/www.suno.com.br\/noticias\/mmx-mmxm3-osx-osxb3-cvm-oscilacoes-acoes\/#primaryimage"},"thumbnailUrl":"https:\/\/files.sunoresearch.com.br\/n\/uploads\/2020\/10\/d98cabc3-eike_batista-jpg.webp","datePublished":"2020-10-23T22:11:05+00:00","dateModified":"2021-02-18T17:24:06+00:00","description":"A CVM analisar\u00e1 reclama\u00e7\u00e3o sobre \"\u00e0s oscila\u00e7\u00f5es extraordin\u00e1rias\" dos pap\u00e9is da MMX (MMXM3)\u00a0e da OSX (OSXB3). Clique aqui e saiba mais.","breadcrumb":{"@id":"https:\/\/www.suno.com.br\/noticias\/mmx-mmxm3-osx-osxb3-cvm-oscilacoes-acoes\/#breadcrumb"},"inLanguage":"pt-BR","potentialAction":[{"@type":"ReadAction","target":["https:\/\/www.suno.com.br\/noticias\/mmx-mmxm3-osx-osxb3-cvm-oscilacoes-acoes\/"]}]},{"@type":"ImageObject","inLanguage":"pt-BR","@id":"https:\/\/www.suno.com.br\/noticias\/mmx-mmxm3-osx-osxb3-cvm-oscilacoes-acoes\/#primaryimage","url":"https:\/\/files.sunoresearch.com.br\/n\/uploads\/2020\/10\/d98cabc3-eike_batista-jpg.webp","contentUrl":"https:\/\/files.sunoresearch.com.br\/n\/uploads\/2020\/10\/d98cabc3-eike_batista-jpg.webp","width":1170,"height":700,"caption":"Eike Batista. Foto: Ag\u00eancia Brasil"},{"@type":"BreadcrumbList","@id":"https:\/\/www.suno.com.br\/noticias\/mmx-mmxm3-osx-osxb3-cvm-oscilacoes-acoes\/#breadcrumb","itemListElement":[{"@type":"ListItem","position":1,"name":"Not\u00edcias","item":"https:\/\/www.suno.com.br\/noticias\/"},{"@type":"ListItem","position":2,"name":"Neg\u00f3cios","item":"https:\/\/www.suno.com.br\/noticias\/negocios\/"},{"@type":"ListItem","position":3,"name":"MMX (MMXM3): CVM analisar\u00e1 reclama\u00e7\u00e3o sobre oscila\u00e7\u00f5es de pap\u00e9is"}]},{"@type":"WebSite","@id":"https:\/\/www.suno.com.br\/noticias\/#website","url":"https:\/\/www.suno.com.br\/noticias\/","name":"Suno Not\u00edcias","description":"Seu portal de informa\u00e7\u00e3o sobre o mundo dos investimentos","publisher":{"@id":"https:\/\/www.suno.com.br\/noticias\/#organization"},"potentialAction":[{"@type":"SearchAction","target":{"@type":"EntryPoint","urlTemplate":"https:\/\/www.suno.com.br\/noticias\/?s={search_term_string}"},"query-input":{"@type":"PropertyValueSpecification","valueRequired":true,"valueName":"search_term_string"}}],"inLanguage":"pt-BR"},{"@type":"Organization","@id":"https:\/\/www.suno.com.br\/noticias\/#organization","name":"Suno Not\u00edcias","url":"https:\/\/www.suno.com.br\/noticias\/","logo":{"@type":"ImageObject","inLanguage":"pt-BR","@id":"https:\/\/www.suno.com.br\/noticias\/#\/schema\/logo\/image\/","url":"https:\/\/files.sunoresearch.com.br\/n\/uploads\/2021\/09\/suno-logo.png","contentUrl":"https:\/\/files.sunoresearch.com.br\/n\/uploads\/2021\/09\/suno-logo.png","width":180,"height":180,"caption":"Suno Not\u00edcias"},"image":{"@id":"https:\/\/www.suno.com.br\/noticias\/#\/schema\/logo\/image\/"},"sameAs":["https:\/\/facebook.com\/sunoresearch","https:\/\/x.com\/sunoresearch","https:\/\/www.instagram.com\/suno","https:\/\/www.linkedin.com\/company\/suno-research\/","https:\/\/www.youtube.com\/c\/sunoresearch"]},{"@type":"Person","@id":"https:\/\/www.suno.com.br\/noticias\/#\/schema\/person\/3df0d2808748b74496efe5dbeaef2c72","name":"Laura Moutinho","image":{"@type":"ImageObject","inLanguage":"pt-BR","@id":"https:\/\/www.suno.com.br\/noticias\/#\/schema\/person\/image\/","url":"https:\/\/secure.gravatar.com\/avatar\/7571c7c8ca3a6fca5e41384ece5557ff?s=96&r=g","contentUrl":"https:\/\/secure.gravatar.com\/avatar\/7571c7c8ca3a6fca5e41384ece5557ff?s=96&r=g","caption":"Laura Moutinho"},"description":"Estagi\u00e1ria na Suno Not\u00edcias, escreve not\u00edcias que afetam o mercado financeiro. Estuda administra\u00e7\u00e3o na Universidade Presbiteriana Mackenzie.","url":"https:\/\/www.suno.com.br\/noticias\/author\/laura-moutinho\/"}]}},"default_loop_html":"<div class=\"cardsPage__listCard__boxs\"><div class=\"cardsPage__listCard__boxs__img\"><a href=\"https:\/\/www.suno.com.br\/noticias\/mmx-mmxm3-osx-osxb3-cvm-oscilacoes-acoes\/\"><img class=\"mask\" src=\"https:\/\/www.suno.com.br\/noticias\/wp-content\/themes\/suno\/resources\/images\/spotlight\/spotlight1img\/bg-mask.png\" alt=\"Image Mask\"\/><img src=\"https:\/\/files.sunoresearch.com.br\/n\/uploads\/2020\/10\/d98cabc3-eike_batista-400x200.webp\" alt=\"MMX (MMXM3): CVM analisar\u00e1 reclama\u00e7\u00e3o sobre oscila\u00e7\u00f5es de pap\u00e9is\"\/><\/a><span class=\"spotlightCategory\"><a href=\"https:\/\/www.suno.com.br\/noticias\/negocios\/\">Neg\u00f3cios<\/a><\/span><\/div><div class=\"cardsPage__listCard__boxs__content\"><a href=\"https:\/\/www.suno.com.br\/noticias\/mmx-mmxm3-osx-osxb3-cvm-oscilacoes-acoes\/\"><h2 class=\"content__title\">MMX (MMXM3): CVM analisar\u00e1 reclama\u00e7\u00e3o sobre oscila\u00e7\u00f5es de pap\u00e9is<\/h2><\/a><div class=\"newsContent__article__meta\"><div class=\"newsContent__article__meta__authorBox\"><a href=\"https:\/\/www.suno.com.br\/noticias\/author\/laura-moutinho\/\" class=\"authorBox__avatar noMobi\"><img src=\"https:\/\/files.sunoresearch.com.br\/n\/uploads\/2020\/08\/531ff69d-whatsapp-image-2020-08-03-at-14.54.38-150x150.webp\" alt=\"Laura Moutinho\"><\/a><div class=\"authorBox__name\"><span>por\n\t\t\t<a href=\"https:\/\/www.suno.com.br\/noticias\/author\/laura-moutinho\/\"><span itemprop=\"author\">Laura Moutinho<\/span><\/a><\/span><time datetime=\"2020-10-23T19:11:05-03:00\" itemprop=\"datePublished\">23\/10\/2020 19:11<\/time><\/div><\/div><\/div><\/div><\/div>","single_layout":"posts","amp_enabled":true,"_links":{"self":[{"href":"https:\/\/www.suno.com.br\/noticias\/wp-json\/wp\/v2\/posts\/94197"}],"collection":[{"href":"https:\/\/www.suno.com.br\/noticias\/wp-json\/wp\/v2\/posts"}],"about":[{"href":"https:\/\/www.suno.com.br\/noticias\/wp-json\/wp\/v2\/types\/post"}],"author":[{"embeddable":true,"href":"https:\/\/www.suno.com.br\/noticias\/wp-json\/wp\/v2\/users\/39"}],"replies":[{"embeddable":true,"href":"https:\/\/www.suno.com.br\/noticias\/wp-json\/wp\/v2\/comments?post=94197"}],"version-history":[{"count":0,"href":"https:\/\/www.suno.com.br\/noticias\/wp-json\/wp\/v2\/posts\/94197\/revisions"}],"wp:featuredmedia":[{"embeddable":true,"href":"https:\/\/www.suno.com.br\/noticias\/wp-json\/wp\/v2\/media\/92847"}],"wp:attachment":[{"href":"https:\/\/www.suno.com.br\/noticias\/wp-json\/wp\/v2\/media?parent=94197"}],"wp:term":[{"taxonomy":"category","embeddable":true,"href":"https:\/\/www.suno.com.br\/noticias\/wp-json\/wp\/v2\/categories?post=94197"},{"taxonomy":"post_tag","embeddable":true,"href":"https:\/\/www.suno.com.br\/noticias\/wp-json\/wp\/v2\/tags?post=94197"},{"taxonomy":"suno_strategy","embeddable":true,"href":"https:\/\/www.suno.com.br\/noticias\/wp-json\/wp\/v2\/suno_strategy?post=94197"}],"curies":[{"name":"wp","href":"https:\/\/api.w.org\/{rel}","templated":true}]}}