{"id":94178,"date":"2020-10-23T17:37:46","date_gmt":"2020-10-23T20:37:46","guid":{"rendered":"https:\/\/www.suno.com.br\/noticias\/?p=94178"},"modified":"2021-05-29T20:30:39","modified_gmt":"2021-05-29T23:30:39","slug":"ibovespa-fecha-em-queda-de-065-a-10125975-pontos-23102020","status":"publish","type":"post","link":"https:\/\/www.suno.com.br\/noticias\/ibovespa-fecha-em-queda-de-065-a-10125975-pontos-23102020\/","title":{"rendered":"Ibovespa fecha em queda de 0,65%, a 101,259,75 pontos"},"content":{"rendered":"<p>O\u00a0<span style=\"font-weight: 700 !important;\"><a href=\"https:\/\/www.suno.com.br\/artigos\/ibovespa\/\">Ibovespa<\/a>\u00a0<\/span>encerrou o preg\u00e3o desta sexta-feira (23) em queda de 0,65%, a 101,259,75 pontos.<\/p>\t<div class=\"wrapper-featured-image\">\n\t\t<figure class=\"spotlightImg\">\n\n\t\t\t<picture>\n\t\t\t\t<source media=\"(max-width: 768px)\" srcset=\"https:\/\/files.sunoresearch.com.br\/n\/uploads\/2020\/08\/cd6278f6-ibovespa-400x400-1-400x200.webp\">\n\t\t\t\t<img loading=\"lazy\" decoding=\"async\" class=\"newsContent__article__imgCapa lazyloadDisabled \" src=\"https:\/\/files.sunoresearch.com.br\/n\/uploads\/2020\/08\/cd6278f6-ibovespa-400x400-1-jpg.webp\" width=\"800\" height=\"450\" alt=\"Ibovespa fecha em queda de 0,65%, a 101,259,75 pontos\" fetchpriority=high \/>\n\t\t\t<\/picture>\n\n\t\t\t<figcaption class=\"wp-caption-text wp-caption-text--show\">O Ibovespa\u00a0encerrou as negocia\u00e7\u00f5es na \u00faltima quinta-feira com uma alta de 1,36%, a 101.917,73 pontos.<\/figcaption>\n\t\t<\/figure>\n\t<\/div>\n\n\n<div class=\"hubspot-form-wrapper\">\n\t<div id=\"single-form-target\"><\/div>\n<\/div>\n\n<p>O <strong>Ibovespa hoje<\/strong> abriu em leve alta enquanto os investidores estavam atentos ao \u00cdndice Nacional de Pre\u00e7os ao Consumidor Amplo-15 (<strong>IPCA-15<\/strong>), que subiu 0,94% em outubro, ap\u00f3s ter avan\u00e7ado 0,45% em setembro. Trata-se do maior resultado para o m\u00eas desde 1995.<\/p>\n<p>J\u00e1 no acumulado da semana o \u00edndice anotou uma alta de 3,11%.<\/p>\n<p><a href=\"https:\/\/lp.suno.com.br\/suno-one\/\">No Suno One voc\u00ea aprende a fazer seu dinheiro para trabalhar para voc\u00ea. Cadastre-se gratuitamente agora!<\/a><\/p>\n<p>Acompanhe o andamento do principal \u00edndice da bolsa durante a semana:<\/p>\n<ul>\n<li>Na segunda-feira (19) o Ibovespa encerrou em alta de 0,35% a 98.657 pontos, enquanto o mercado estava de olho na<a href=\"https:\/\/www.suno.com.br\/acoes\/brml3\/\"> BR Malls (BRML3)<\/a>, que confirmou o interesse em realizar uma potencial fus\u00e3o com a Ancar.<\/li>\n<li>Na ter\u00e7a-feira (20) a bolsa encerrou em alta de 1,91% a 100.539,83 pontos, ap\u00f3s o Goldman Sachs divulgar um relat\u00f3rio referente \u00e0 Vale, no qual avaliou que a mineradora reportou uma produ\u00e7\u00e3o s\u00f3lida de min\u00e9rio de ferro, por\u00e9m o volume de vendas deixou a desejar.<\/li>\n<li>Na quarta-feira (21) o \u00edndice encerrou em alta de 0,01%, cotado a 100.552,438 pontos, ap\u00f3s a <a href=\"https:\/\/www.suno.com.br\/acoes\/linx3\/\">Linx (LINX3)<\/a> afirmar que a Stone n\u00e3o estaria planejando nova oferta pela companhia.<\/li>\n<li>Na quinta-feira (22) o Ibovespa encerrou em alta de 1,36%, cotado a 101,917,73 pontos, puxado pelas a\u00e7\u00f5es dos bancos, como <a href=\"https:\/\/www.suno.com.br\/acoes\/itub4\/\">Ita\u00fa Unibanco (ITUB4)<\/a>, <a href=\"https:\/\/www.suno.com.br\/acoes\/bbdc4\/\">Bradesco (BBDC4)<\/a>, <a href=\"https:\/\/www.suno.com.br\/acoes\/bbas3\/\">Banco do Brasil (BBAS3)<\/a> e <a href=\"https:\/\/www.suno.com.br\/acoes\/sanb11\/\">Santander Brasil (SANB11)<\/a><\/li>\n<\/ul>\n<p>Al\u00e9m disso, confira as principais not\u00edcias que movimentaram o mercado nessa sexta-feira:<\/p>\n<ul>\n<li><strong>Vale<\/strong> (VALE3) ter\u00e1 nova audi\u00eancia sobre Brumadinho em 17 de novembro<\/li>\n<li><strong>Petrobras<\/strong> (PETR4) divulga teaser de venda de 11 campos de produ\u00e7\u00e3o<\/li>\n<li><strong>Arezzo<\/strong> (ARZZ3) compra a Reserva, avaliada em R$ 715 milh\u00f5es<\/li>\n<li>Coronav\u00edrus: <strong>Azul<\/strong> (AZUL4), <strong>Gol<\/strong> (GOLL4) e <strong>Latam<\/strong> t\u00eam preju\u00edzo de R$ 6 Bi no 2\u00ba tri, diz Anac<\/li>\n<li>Bolsas no exterior<\/li>\n<li>\u00daltima\u00a0<strong>cota\u00e7\u00e3o do Ibovespa<\/strong><\/li>\n<\/ul>\n<h2>Vale (VALE3)<\/h2>\n<p>A<a href=\"https:\/\/www.suno.com.br\/acoes\/vale3\/\"> Vale (VALE3)\u00a0<\/a>informou, nessa sexta-feira, que permanece negociando com o Estado de Minas Gerais e demais autores da A\u00e7\u00e3o Civil P\u00fablica (ACP) de Brumadinho para um acordo global de indeniza\u00e7\u00e3o em rela\u00e7\u00e3o aos danos causados na trag\u00e9dia de Brumadinho. Ontem, houve uma reuni\u00e3o na 2\u00b0 Vara de Fazenda P\u00fablica e Autarquias do Tribunal de Justi\u00e7a de Minas Gerais (TJMG) entre o governo do Estado de MG e a mineradora. Entretanto, uma nova audi\u00eancia do Governo do Estado de Minas Gerais com a Vale foi marcada para o dia 17 de novembro.<\/p>\n<p>A Vale se manifestou sobre o caso ap\u00f3s not\u00edcias veiculadas em jornais na \u00faltima quinta-feira (22). O objetivo da mineradora \u00e9 chegar a um acordo &#8220;est\u00e1vel para a execu\u00e7\u00e3o das repara\u00e7\u00f5es e compensa\u00e7\u00f5es, com a suspens\u00e3o da referida ACP e de outros processos civis existentes&#8221;.<\/p>\n\t<div data-element=\"shortcode-read-more\" class=\"knowMore\">\n\t\t\t\t<span class=\"knowMore__title\">Saiba mais<\/span>\n\t\t\t\t<a class=\"knowMore__link\" href=\"https:\/\/www.suno.com.br\/noticias\/vale-tenta-acordo-estado-mg-brumadinho\/\">\n\t\t\tVale (VALE3) ter\u00e1 nova audi\u00eancia sobre Brumadinho em 17 de novembro\t\t<\/a>\n\t<\/div>\n\n\n<p>A mineradora destacou que, no momento, n\u00e3o h\u00e1 possibilidade de realizar estimativas seguras em rela\u00e7\u00e3o \u00e0s condi\u00e7\u00f5es ou prazos para conclus\u00e3o das negocia\u00e7\u00f5es em andamento. As negocia\u00e7\u00f5es envolvem a indeniza\u00e7\u00e3o por parte da Vale &#8220;por danos coletivos e compensa\u00e7\u00e3o para a sociedade e meio ambiente&#8221;.<\/p>\n<h2>Petrobras (PETR4)<\/h2>\n<p>A <a href=\"https:\/\/www.suno.com.br\/acoes\/petr3\/\"><strong>Petrobras<\/strong> (PETR3<\/a>; <a href=\"https:\/\/www.suno.com.br\/acoes\/petr4\/\">PETR4<\/a>) colocou \u00e0 venda a totalidade de sua participa\u00e7\u00e3o em um conjunto de 11 concess\u00f5es de campos de produ\u00e7\u00e3o terrestres no Estado de Sergipe. As informa\u00e7\u00f5es foram divulgadas nessa sexta-feira, via comunicado ao mercado.<\/p>\n<p>No documento, a Petrobras aponta que os campos s\u00e3o denominados conjuntamente de <strong>Polo Carm\u00f3polis<\/strong> e s\u00e3o localizados na Bacia Sergipe-Alagoas.<\/p>\n\t<div data-element=\"shortcode-read-more\" class=\"knowMore\">\n\t\t\t\t<span class=\"knowMore__title\">Saiba mais<\/span>\n\t\t\t\t<a class=\"knowMore__link\" href=\"https:\/\/www.suno.com.br\/noticias\/petrobras-petr4-teaser-venda-polo-carmopolis\/\">\n\t\t\tPetrobras (PETR4) divulga teaser de venda de 11 campos de produ\u00e7\u00e3o\t\t<\/a>\n\t<\/div>\n\n\n<p>Sobre o teaser, a<a href=\"https:\/\/www.suno.com.br\/artigos\/estatal-so-se-for-de-graca\/\"> <strong>estatal<\/strong> petrol\u00edfera<\/a> ressalta que cont\u00e9m as principais informa\u00e7\u00f5es sobre a oportunidade, e tamb\u00e9m os crit\u00e9rios de elegibilidade para a sele\u00e7\u00e3o dos potenciais participantes.<\/p>\n<h2>Arezzo (ARZZ3)<\/h2>\n<p>A <a href=\"https:\/\/www.suno.com.br\/acoes\/arzz3\/\"><strong>Arezzo<\/strong> (ARZZ3)<\/a> comunicou ao mercado nesta sexta-feira que comprou a empresa de moda Reserva, avaliada em R$ 715 milh\u00f5es. Segundo o documento, a transa\u00e7\u00e3o abrange as marcas Reserva Mini, Oficina Reserva, Reserva Go, INK e EVA.<\/p>\n<p>Com a opera\u00e7\u00e3o, a Arezzo al\u00e9m de vender <strong>cal\u00e7ados<\/strong> e <strong>bolsas<\/strong> passar\u00e1 a comercializar itens de <strong>moda masculina<\/strong>, feminina e infantil. De acordo com a companhia, a opera\u00e7\u00e3o possibilitar\u00e1 uma amplia\u00e7\u00e3o de 3,5 vezes o mercado da empresa.<\/p>\n\t<div data-element=\"shortcode-read-more\" class=\"knowMore\">\n\t\t\t\t<span class=\"knowMore__title\">Saiba mais<\/span>\n\t\t\t\t<a class=\"knowMore__link\" href=\"https:\/\/www.suno.com.br\/noticias\/arezzo-arzz3-reserva-751-milhoes\/\">\n\t\t\tArezzo (ARZZ3) compra a Reserva, avaliada em R$ 715 milh\u00f5es\t\t<\/a>\n\t<\/div>\n\n\n<p>A Arezzo passa a ser detentora direta da totalidade das a\u00e7\u00f5es de emiss\u00e3o da VamoqueVamo Empreendimentos e Participa\u00e7\u00f5es (VQV), controladora da Reserva, e os <strong>acionistas<\/strong> da Reserva passar\u00e3o a ter 8,7% do capital social da compradora.<\/p>\n<h2>Azul (AZUL4), Gol (GOLL4) e Latam t\u00eam preju\u00edzo no 2\u00ba tri<\/h2>\n<p>A Ag\u00eancia Nacional de Avia\u00e7\u00e3o Civil (Anac) divulgou nesta sexta-feira que as tr\u00eas principais empresas a\u00e9reas brasileiras, <a href=\"https:\/\/www.suno.com.br\/acoes\/azul4\/\"><strong>Azul<\/strong> (AZUL4)<\/a>, <a href=\"https:\/\/www.suno.com.br\/acoes\/goll4\/\"><strong>Gol<\/strong> (GOLL4)<\/a> e <strong>Latam,<\/strong> prejudicadas pela pandemia do <strong><a href=\"https:\/\/www.suno.com.br\/noticias\/tags\/coronavirus\/\">novo coronav\u00edrus (Covid-19)<\/a><\/strong>, registraram juntas um preju\u00edzo de R$ 6,2 bilh\u00f5es no segundo trimestre deste ano.<\/p>\n<p>Segundo a Anac, os valores negativos correspondem a uma varia\u00e7\u00e3o de -399,6%, em compara\u00e7\u00e3o com o lucro l\u00edquido de R$ 191,8 milh\u00f5es registrado no mesmo per\u00edodo do ano anterior. O resultado, impulsionado pela crise do coronav\u00edrus, foi o pior obtido em um trimestre pelas companhias a\u00e9reas em toda a s\u00e9rie hist\u00f3rica, iniciada em 2015.<\/p>\n\t<div data-element=\"shortcode-read-more\" class=\"knowMore\">\n\t\t\t\t<span class=\"knowMore__title\">Saiba mais<\/span>\n\t\t\t\t<a class=\"knowMore__link\" href=\"https:\/\/www.suno.com.br\/noticias\/coronavirus-azul-azul4-gol-goll4-e-latam-tem-prejuizo-de-r-6-bi-no-2o-tri-diz-anac\/\">\n\t\t\tCoronav\u00edrus: Azul (AZUL4), Gol (GOLL4) e Latam t\u00eam preju\u00edzo de R$ 6 Bi no 2\u00ba tri, diz Anac\t\t<\/a>\n\t<\/div>\n\n\n<p>Al\u00e9m disso, devido \u00e0 pandemia, no segundo trimestre deste ano, a redu\u00e7\u00e3o na demanda por transporte a\u00e9reo foi de 90%, sendo de 88% na oferta de transporte a\u00e9reo e de 91% na quantidade de passageiros pagos transportados, ante o mesmo per\u00edodo do ano passado.<\/p>\n<h2>Al\u00e9m do Ibovespa: Bolsas no exterior<\/h2>\n<p>Al\u00e9m da <strong>cota\u00e7\u00e3o<\/strong> <strong>do<\/strong> <strong>Ibovespa<\/strong>, confira o desempenho dos principais \u00edndices acion\u00e1rios no exterior:<\/p>\n<ul>\n<li>Londres (<a href=\"https:\/\/www.suno.com.br\/artigos\/ftse-100\/\">FTSE 100<\/a>): + 1,29%<\/li>\n<li>Frankfurt (<a href=\"https:\/\/www.suno.com.br\/artigos\/dax-30\/\">DAX 30)<\/a>: + 0,82%<\/li>\n<li>Paris (<a href=\"https:\/\/www.suno.com.br\/artigos\/cac-40\/\">CAC 40<\/a>): + 1,20%<\/li>\n<li>Mil\u00e3o (FTSE\/MIB): + 1,09%<\/li>\n<li>Nova York (<a href=\"https:\/\/www.suno.com.br\/artigos\/sp-500\/\">S&amp;P 500<\/a>):\u00a0 + 0,34%<\/li>\n<\/ul>\n<h2>\u00daltima cota\u00e7\u00e3o do Ibovespa<\/h2>\n<p>O <strong>Ibovespa<\/strong>\u00a0encerrou as negocia\u00e7\u00f5es na \u00faltima quinta-feira com uma alta de 1,36%, a 101.917,73 pontos.<\/p>\n\t<p>\n\t\t<a href=\"https:\/\/lp.suno.com.br\/planilha-de-controle-de-investimentos\/\" target=\"_blank\" data-element=\"shortcode-suno-banner\" title=\"Banner SUNO, clique e saiba mais\">\n\t\t\t<picture>\n\t\t\t\t<source media=\"(max-width: 500px)\" srcset=\"https:\/\/files.sunoresearch.com.br\/n\/uploads\/2023\/03\/400x300-Controle-de-Investimentos.png\">\n\t\t\t\t<img class=\"newsContent__article__imgCapa newsContent__article__imgCapa--banner\"\n\t\t\t\t\tsrc=\"https:\/\/files.sunoresearch.com.br\/n\/uploads\/2023\/03\/1420x240-Controle-de-Investimentos.png\"\n\t\t\t\t\tdata-promo-id=\"75934\"\t\t\t\t\t\t\t\t\t\twidth='1420' height='240'\t\t\t\t\talt=\"https:\/\/files.sunoresearch.com.br\/n\/uploads\/2023\/03\/1420x240-Controle-de-Investimentos.png\"\n\t\t\t\t>\n\t\t\t<\/picture>\n\t\t<\/a>\n\t<\/p>\n\n\n","protected":false},"excerpt":{"rendered":"<p>O\u00a0Ibovespa\u00a0encerrou o preg\u00e3o desta sexta-feira (23) em queda de 0,65%, a 101,259,75 pontos. O Ibovespa\u00a0encerrou as negocia\u00e7\u00f5es na \u00faltima quinta-feira com uma alta de 1,36%, a 101.917,73 pontos. O Ibovespa hoje abriu em leve alta enquanto os investidores estavam atentos ao \u00cdndice Nacional de Pre\u00e7os ao Consumidor Amplo-15 (IPCA-15), que subiu 0,94% em outubro, ap\u00f3s [&hellip;]<\/p>\n","protected":false},"author":39,"featured_media":78807,"comment_status":"closed","ping_status":"closed","sticky":false,"template":"","format":"standard","meta":[],"categories":[60],"tags":[362,106932,2487,489,721,739,2426,595,104753,676],"suno_strategy":[],"class_list":["post-94178","post","type-post","status-publish","format-standard","has-post-thumbnail","hentry","category-mercado","tag-arezzo-arzz3","tag-azul-azul4","tag-coronavirus","tag-gol-linhas-aereas-goll11-goll4","tag-ibovespa","tag-latam","tag-petr3","tag-petrobras-petr4","tag-reserva","tag-vale-vale3"],"yoast_head":"<!-- This site is optimized with the Yoast SEO plugin v24.4 - https:\/\/yoast.com\/wordpress\/plugins\/seo\/ -->\n<title>Ibovespa fecha em queda de 0,65%, a 101,259,75 pontos<\/title>\n<meta name=\"description\" content=\"O\u00a0Ibovespa\u00a0encerrou o preg\u00e3o desta sexta-feira (23) em queda de 0,65%, a 101,259,75 pontos. Clique aqui para saber mais.\" \/>\n<meta name=\"robots\" content=\"index, follow, max-snippet:-1, max-image-preview:large, max-video-preview:-1\" \/>\n<link rel=\"canonical\" href=\"https:\/\/www.suno.com.br\/noticias\/ibovespa-fecha-em-queda-de-065-a-10125975-pontos-23102020\/\" \/>\n<meta property=\"og:locale\" content=\"pt_BR\" \/>\n<meta property=\"og:type\" content=\"article\" \/>\n<meta property=\"og:title\" content=\"Ibovespa fecha em queda de 0,65%, a 101,259,75 pontos\" \/>\n<meta property=\"og:description\" content=\"O\u00a0Ibovespa\u00a0encerrou o preg\u00e3o desta sexta-feira (23) em queda de 0,65%, a 101,259,75 pontos. Clique aqui para saber mais.\" \/>\n<meta property=\"og:url\" content=\"https:\/\/www.suno.com.br\/noticias\/ibovespa-fecha-em-queda-de-065-a-10125975-pontos-23102020\/\" \/>\n<meta property=\"og:site_name\" content=\"Suno Not\u00edcias\" \/>\n<meta property=\"article:publisher\" content=\"https:\/\/facebook.com\/sunoresearch\" \/>\n<meta property=\"og:image\" content=\"https:\/\/files.sunoresearch.com.br\/n\/uploads\/2020\/08\/cd6278f6-ibovespa-400x400-1.jpg\" \/>\n\t<meta property=\"og:image:width\" content=\"400\" \/>\n\t<meta property=\"og:image:height\" content=\"400\" \/>\n\t<meta property=\"og:image:type\" content=\"image\/jpeg\" \/>\n<meta name=\"author\" content=\"Laura Moutinho\" \/>\n<meta name=\"twitter:card\" content=\"summary_large_image\" \/>\n<meta name=\"twitter:creator\" content=\"@sunoresearch\" \/>\n<meta name=\"twitter:site\" content=\"@sunoresearch\" \/>\n<meta name=\"twitter:label1\" content=\"Escrito por\" \/>\n\t<meta name=\"twitter:data1\" content=\"Laura Moutinho\" \/>\n\t<meta name=\"twitter:label2\" content=\"Est. tempo de leitura\" \/>\n\t<meta name=\"twitter:data2\" content=\"5 minutos\" \/>\n<script type=\"application\/ld+json\" class=\"yoast-schema-graph\">{\"@context\":\"https:\/\/schema.org\",\"@graph\":[{\"@type\":\"NewsArticle\",\"@id\":\"https:\/\/www.suno.com.br\/noticias\/ibovespa-fecha-em-queda-de-065-a-10125975-pontos-23102020\/#article\",\"isPartOf\":{\"@id\":\"https:\/\/www.suno.com.br\/noticias\/ibovespa-fecha-em-queda-de-065-a-10125975-pontos-23102020\/\"},\"author\":{\"name\":\"Laura Moutinho\",\"@id\":\"https:\/\/www.suno.com.br\/noticias\/#\/schema\/person\/3df0d2808748b74496efe5dbeaef2c72\"},\"headline\":\"Ibovespa fecha em queda de 0,65%, a 101,259,75 pontos\",\"datePublished\":\"2020-10-23T20:37:46+00:00\",\"dateModified\":\"2021-05-29T23:30:39+00:00\",\"mainEntityOfPage\":{\"@id\":\"https:\/\/www.suno.com.br\/noticias\/ibovespa-fecha-em-queda-de-065-a-10125975-pontos-23102020\/\"},\"wordCount\":1005,\"publisher\":{\"@id\":\"https:\/\/www.suno.com.br\/noticias\/#organization\"},\"image\":{\"@id\":\"https:\/\/www.suno.com.br\/noticias\/ibovespa-fecha-em-queda-de-065-a-10125975-pontos-23102020\/#primaryimage\"},\"thumbnailUrl\":\"https:\/\/files.sunoresearch.com.br\/n\/uploads\/2020\/08\/cd6278f6-ibovespa-400x400-1-jpg.webp\",\"keywords\":[\"Arezzo (ARZZ3)\",\"Azul (AZUL4)\",\"coronav\u00edrus\",\"Gol Linhas A\u00e9reas (GOLL11\/GOLL4)\",\"Ibovespa\",\"Latam\",\"PETR3\",\"Petrobras (PETR4)\",\"Reserva\",\"Vale (VALE3)\"],\"articleSection\":[\"Mercado\"],\"inLanguage\":\"pt-BR\"},{\"@type\":\"WebPage\",\"@id\":\"https:\/\/www.suno.com.br\/noticias\/ibovespa-fecha-em-queda-de-065-a-10125975-pontos-23102020\/\",\"url\":\"https:\/\/www.suno.com.br\/noticias\/ibovespa-fecha-em-queda-de-065-a-10125975-pontos-23102020\/\",\"name\":\"Ibovespa fecha em queda de 0,65%, a 101,259,75 pontos\",\"isPartOf\":{\"@id\":\"https:\/\/www.suno.com.br\/noticias\/#website\"},\"primaryImageOfPage\":{\"@id\":\"https:\/\/www.suno.com.br\/noticias\/ibovespa-fecha-em-queda-de-065-a-10125975-pontos-23102020\/#primaryimage\"},\"image\":{\"@id\":\"https:\/\/www.suno.com.br\/noticias\/ibovespa-fecha-em-queda-de-065-a-10125975-pontos-23102020\/#primaryimage\"},\"thumbnailUrl\":\"https:\/\/files.sunoresearch.com.br\/n\/uploads\/2020\/08\/cd6278f6-ibovespa-400x400-1-jpg.webp\",\"datePublished\":\"2020-10-23T20:37:46+00:00\",\"dateModified\":\"2021-05-29T23:30:39+00:00\",\"description\":\"O\u00a0Ibovespa\u00a0encerrou o preg\u00e3o desta sexta-feira (23) em queda de 0,65%, a 101,259,75 pontos. Clique aqui para saber mais.\",\"breadcrumb\":{\"@id\":\"https:\/\/www.suno.com.br\/noticias\/ibovespa-fecha-em-queda-de-065-a-10125975-pontos-23102020\/#breadcrumb\"},\"inLanguage\":\"pt-BR\",\"potentialAction\":[{\"@type\":\"ReadAction\",\"target\":[\"https:\/\/www.suno.com.br\/noticias\/ibovespa-fecha-em-queda-de-065-a-10125975-pontos-23102020\/\"]}]},{\"@type\":\"ImageObject\",\"inLanguage\":\"pt-BR\",\"@id\":\"https:\/\/www.suno.com.br\/noticias\/ibovespa-fecha-em-queda-de-065-a-10125975-pontos-23102020\/#primaryimage\",\"url\":\"https:\/\/files.sunoresearch.com.br\/n\/uploads\/2020\/08\/cd6278f6-ibovespa-400x400-1-jpg.webp\",\"contentUrl\":\"https:\/\/files.sunoresearch.com.br\/n\/uploads\/2020\/08\/cd6278f6-ibovespa-400x400-1-jpg.webp\",\"width\":400,\"height\":400,\"caption\":\"O Ibovespa\u00a0encerrou as negocia\u00e7\u00f5es na \u00faltima quinta-feira com uma alta de 1,36%, a 101.917,73 pontos.\"},{\"@type\":\"BreadcrumbList\",\"@id\":\"https:\/\/www.suno.com.br\/noticias\/ibovespa-fecha-em-queda-de-065-a-10125975-pontos-23102020\/#breadcrumb\",\"itemListElement\":[{\"@type\":\"ListItem\",\"position\":1,\"name\":\"Not\u00edcias\",\"item\":\"https:\/\/www.suno.com.br\/noticias\/\"},{\"@type\":\"ListItem\",\"position\":2,\"name\":\"Mercado\",\"item\":\"https:\/\/www.suno.com.br\/noticias\/mercado\/\"},{\"@type\":\"ListItem\",\"position\":3,\"name\":\"Ibovespa fecha em queda de 0,65%, a 101,259,75 pontos\"}]},{\"@type\":\"WebSite\",\"@id\":\"https:\/\/www.suno.com.br\/noticias\/#website\",\"url\":\"https:\/\/www.suno.com.br\/noticias\/\",\"name\":\"Suno Not\u00edcias\",\"description\":\"Seu portal de informa\u00e7\u00e3o sobre o mundo dos investimentos\",\"publisher\":{\"@id\":\"https:\/\/www.suno.com.br\/noticias\/#organization\"},\"potentialAction\":[{\"@type\":\"SearchAction\",\"target\":{\"@type\":\"EntryPoint\",\"urlTemplate\":\"https:\/\/www.suno.com.br\/noticias\/?s={search_term_string}\"},\"query-input\":{\"@type\":\"PropertyValueSpecification\",\"valueRequired\":true,\"valueName\":\"search_term_string\"}}],\"inLanguage\":\"pt-BR\"},{\"@type\":\"Organization\",\"@id\":\"https:\/\/www.suno.com.br\/noticias\/#organization\",\"name\":\"Suno Not\u00edcias\",\"url\":\"https:\/\/www.suno.com.br\/noticias\/\",\"logo\":{\"@type\":\"ImageObject\",\"inLanguage\":\"pt-BR\",\"@id\":\"https:\/\/www.suno.com.br\/noticias\/#\/schema\/logo\/image\/\",\"url\":\"https:\/\/files.sunoresearch.com.br\/n\/uploads\/2021\/09\/suno-logo.png\",\"contentUrl\":\"https:\/\/files.sunoresearch.com.br\/n\/uploads\/2021\/09\/suno-logo.png\",\"width\":180,\"height\":180,\"caption\":\"Suno Not\u00edcias\"},\"image\":{\"@id\":\"https:\/\/www.suno.com.br\/noticias\/#\/schema\/logo\/image\/\"},\"sameAs\":[\"https:\/\/facebook.com\/sunoresearch\",\"https:\/\/x.com\/sunoresearch\",\"https:\/\/www.instagram.com\/suno\",\"https:\/\/www.linkedin.com\/company\/suno-research\/\",\"https:\/\/www.youtube.com\/c\/sunoresearch\"]},{\"@type\":\"Person\",\"@id\":\"https:\/\/www.suno.com.br\/noticias\/#\/schema\/person\/3df0d2808748b74496efe5dbeaef2c72\",\"name\":\"Laura Moutinho\",\"image\":{\"@type\":\"ImageObject\",\"inLanguage\":\"pt-BR\",\"@id\":\"https:\/\/www.suno.com.br\/noticias\/#\/schema\/person\/image\/\",\"url\":\"https:\/\/secure.gravatar.com\/avatar\/7571c7c8ca3a6fca5e41384ece5557ff?s=96&r=g\",\"contentUrl\":\"https:\/\/secure.gravatar.com\/avatar\/7571c7c8ca3a6fca5e41384ece5557ff?s=96&r=g\",\"caption\":\"Laura Moutinho\"},\"description\":\"Estagi\u00e1ria na Suno Not\u00edcias, escreve not\u00edcias que afetam o mercado financeiro. Estuda administra\u00e7\u00e3o na Universidade Presbiteriana Mackenzie.\",\"url\":\"https:\/\/www.suno.com.br\/noticias\/author\/laura-moutinho\/\"}]}<\/script>\n<!-- \/ Yoast SEO plugin. -->","yoast_head_json":{"title":"Ibovespa fecha em queda de 0,65%, a 101,259,75 pontos","description":"O\u00a0Ibovespa\u00a0encerrou o preg\u00e3o desta sexta-feira (23) em queda de 0,65%, a 101,259,75 pontos. Clique aqui para saber mais.","robots":{"index":"index","follow":"follow","max-snippet":"max-snippet:-1","max-image-preview":"max-image-preview:large","max-video-preview":"max-video-preview:-1"},"canonical":"https:\/\/www.suno.com.br\/noticias\/ibovespa-fecha-em-queda-de-065-a-10125975-pontos-23102020\/","og_locale":"pt_BR","og_type":"article","og_title":"Ibovespa fecha em queda de 0,65%, a 101,259,75 pontos","og_description":"O\u00a0Ibovespa\u00a0encerrou o preg\u00e3o desta sexta-feira (23) em queda de 0,65%, a 101,259,75 pontos. Clique aqui para saber mais.","og_url":"https:\/\/www.suno.com.br\/noticias\/ibovespa-fecha-em-queda-de-065-a-10125975-pontos-23102020\/","og_site_name":"Suno Not\u00edcias","article_publisher":"https:\/\/facebook.com\/sunoresearch","og_image":[{"width":400,"height":400,"url":"https:\/\/files.sunoresearch.com.br\/n\/uploads\/2020\/08\/cd6278f6-ibovespa-400x400-1.jpg","type":"image\/jpeg"}],"author":"Laura Moutinho","twitter_card":"summary_large_image","twitter_creator":"@sunoresearch","twitter_site":"@sunoresearch","twitter_misc":{"Escrito por":"Laura Moutinho","Est. tempo de leitura":"5 minutos"},"schema":{"@context":"https:\/\/schema.org","@graph":[{"@type":"NewsArticle","@id":"https:\/\/www.suno.com.br\/noticias\/ibovespa-fecha-em-queda-de-065-a-10125975-pontos-23102020\/#article","isPartOf":{"@id":"https:\/\/www.suno.com.br\/noticias\/ibovespa-fecha-em-queda-de-065-a-10125975-pontos-23102020\/"},"author":{"name":"Laura Moutinho","@id":"https:\/\/www.suno.com.br\/noticias\/#\/schema\/person\/3df0d2808748b74496efe5dbeaef2c72"},"headline":"Ibovespa fecha em queda de 0,65%, a 101,259,75 pontos","datePublished":"2020-10-23T20:37:46+00:00","dateModified":"2021-05-29T23:30:39+00:00","mainEntityOfPage":{"@id":"https:\/\/www.suno.com.br\/noticias\/ibovespa-fecha-em-queda-de-065-a-10125975-pontos-23102020\/"},"wordCount":1005,"publisher":{"@id":"https:\/\/www.suno.com.br\/noticias\/#organization"},"image":{"@id":"https:\/\/www.suno.com.br\/noticias\/ibovespa-fecha-em-queda-de-065-a-10125975-pontos-23102020\/#primaryimage"},"thumbnailUrl":"https:\/\/files.sunoresearch.com.br\/n\/uploads\/2020\/08\/cd6278f6-ibovespa-400x400-1-jpg.webp","keywords":["Arezzo (ARZZ3)","Azul (AZUL4)","coronav\u00edrus","Gol Linhas A\u00e9reas (GOLL11\/GOLL4)","Ibovespa","Latam","PETR3","Petrobras (PETR4)","Reserva","Vale (VALE3)"],"articleSection":["Mercado"],"inLanguage":"pt-BR"},{"@type":"WebPage","@id":"https:\/\/www.suno.com.br\/noticias\/ibovespa-fecha-em-queda-de-065-a-10125975-pontos-23102020\/","url":"https:\/\/www.suno.com.br\/noticias\/ibovespa-fecha-em-queda-de-065-a-10125975-pontos-23102020\/","name":"Ibovespa fecha em queda de 0,65%, a 101,259,75 pontos","isPartOf":{"@id":"https:\/\/www.suno.com.br\/noticias\/#website"},"primaryImageOfPage":{"@id":"https:\/\/www.suno.com.br\/noticias\/ibovespa-fecha-em-queda-de-065-a-10125975-pontos-23102020\/#primaryimage"},"image":{"@id":"https:\/\/www.suno.com.br\/noticias\/ibovespa-fecha-em-queda-de-065-a-10125975-pontos-23102020\/#primaryimage"},"thumbnailUrl":"https:\/\/files.sunoresearch.com.br\/n\/uploads\/2020\/08\/cd6278f6-ibovespa-400x400-1-jpg.webp","datePublished":"2020-10-23T20:37:46+00:00","dateModified":"2021-05-29T23:30:39+00:00","description":"O\u00a0Ibovespa\u00a0encerrou o preg\u00e3o desta sexta-feira (23) em queda de 0,65%, a 101,259,75 pontos. Clique aqui para saber mais.","breadcrumb":{"@id":"https:\/\/www.suno.com.br\/noticias\/ibovespa-fecha-em-queda-de-065-a-10125975-pontos-23102020\/#breadcrumb"},"inLanguage":"pt-BR","potentialAction":[{"@type":"ReadAction","target":["https:\/\/www.suno.com.br\/noticias\/ibovespa-fecha-em-queda-de-065-a-10125975-pontos-23102020\/"]}]},{"@type":"ImageObject","inLanguage":"pt-BR","@id":"https:\/\/www.suno.com.br\/noticias\/ibovespa-fecha-em-queda-de-065-a-10125975-pontos-23102020\/#primaryimage","url":"https:\/\/files.sunoresearch.com.br\/n\/uploads\/2020\/08\/cd6278f6-ibovespa-400x400-1-jpg.webp","contentUrl":"https:\/\/files.sunoresearch.com.br\/n\/uploads\/2020\/08\/cd6278f6-ibovespa-400x400-1-jpg.webp","width":400,"height":400,"caption":"O Ibovespa\u00a0encerrou as negocia\u00e7\u00f5es na \u00faltima quinta-feira com uma alta de 1,36%, a 101.917,73 pontos."},{"@type":"BreadcrumbList","@id":"https:\/\/www.suno.com.br\/noticias\/ibovespa-fecha-em-queda-de-065-a-10125975-pontos-23102020\/#breadcrumb","itemListElement":[{"@type":"ListItem","position":1,"name":"Not\u00edcias","item":"https:\/\/www.suno.com.br\/noticias\/"},{"@type":"ListItem","position":2,"name":"Mercado","item":"https:\/\/www.suno.com.br\/noticias\/mercado\/"},{"@type":"ListItem","position":3,"name":"Ibovespa fecha em queda de 0,65%, a 101,259,75 pontos"}]},{"@type":"WebSite","@id":"https:\/\/www.suno.com.br\/noticias\/#website","url":"https:\/\/www.suno.com.br\/noticias\/","name":"Suno Not\u00edcias","description":"Seu portal de informa\u00e7\u00e3o sobre o mundo dos investimentos","publisher":{"@id":"https:\/\/www.suno.com.br\/noticias\/#organization"},"potentialAction":[{"@type":"SearchAction","target":{"@type":"EntryPoint","urlTemplate":"https:\/\/www.suno.com.br\/noticias\/?s={search_term_string}"},"query-input":{"@type":"PropertyValueSpecification","valueRequired":true,"valueName":"search_term_string"}}],"inLanguage":"pt-BR"},{"@type":"Organization","@id":"https:\/\/www.suno.com.br\/noticias\/#organization","name":"Suno Not\u00edcias","url":"https:\/\/www.suno.com.br\/noticias\/","logo":{"@type":"ImageObject","inLanguage":"pt-BR","@id":"https:\/\/www.suno.com.br\/noticias\/#\/schema\/logo\/image\/","url":"https:\/\/files.sunoresearch.com.br\/n\/uploads\/2021\/09\/suno-logo.png","contentUrl":"https:\/\/files.sunoresearch.com.br\/n\/uploads\/2021\/09\/suno-logo.png","width":180,"height":180,"caption":"Suno Not\u00edcias"},"image":{"@id":"https:\/\/www.suno.com.br\/noticias\/#\/schema\/logo\/image\/"},"sameAs":["https:\/\/facebook.com\/sunoresearch","https:\/\/x.com\/sunoresearch","https:\/\/www.instagram.com\/suno","https:\/\/www.linkedin.com\/company\/suno-research\/","https:\/\/www.youtube.com\/c\/sunoresearch"]},{"@type":"Person","@id":"https:\/\/www.suno.com.br\/noticias\/#\/schema\/person\/3df0d2808748b74496efe5dbeaef2c72","name":"Laura Moutinho","image":{"@type":"ImageObject","inLanguage":"pt-BR","@id":"https:\/\/www.suno.com.br\/noticias\/#\/schema\/person\/image\/","url":"https:\/\/secure.gravatar.com\/avatar\/7571c7c8ca3a6fca5e41384ece5557ff?s=96&r=g","contentUrl":"https:\/\/secure.gravatar.com\/avatar\/7571c7c8ca3a6fca5e41384ece5557ff?s=96&r=g","caption":"Laura Moutinho"},"description":"Estagi\u00e1ria na Suno Not\u00edcias, escreve not\u00edcias que afetam o mercado financeiro. Estuda administra\u00e7\u00e3o na Universidade Presbiteriana Mackenzie.","url":"https:\/\/www.suno.com.br\/noticias\/author\/laura-moutinho\/"}]}},"default_loop_html":"<div class=\"cardsPage__listCard__boxs\"><div class=\"cardsPage__listCard__boxs__img\"><a href=\"https:\/\/www.suno.com.br\/noticias\/ibovespa-fecha-em-queda-de-065-a-10125975-pontos-23102020\/\"><img class=\"mask\" src=\"https:\/\/www.suno.com.br\/noticias\/wp-content\/themes\/suno\/resources\/images\/spotlight\/spotlight1img\/bg-mask.png\" alt=\"Image Mask\"\/><img src=\"https:\/\/files.sunoresearch.com.br\/n\/uploads\/2020\/08\/cd6278f6-ibovespa-400x400-1-400x200.webp\" alt=\"Ibovespa fecha em queda de 0,65%, a 101,259,75 pontos\"\/><\/a><span class=\"spotlightCategory\"><a href=\"https:\/\/www.suno.com.br\/noticias\/mercado\/\">Mercado<\/a><\/span><\/div><div class=\"cardsPage__listCard__boxs__content\"><a href=\"https:\/\/www.suno.com.br\/noticias\/ibovespa-fecha-em-queda-de-065-a-10125975-pontos-23102020\/\"><h2 class=\"content__title\">Ibovespa fecha em queda de 0,65%, a 101,259,75 pontos<\/h2><\/a><div class=\"newsContent__article__meta\"><div class=\"newsContent__article__meta__authorBox\"><a href=\"https:\/\/www.suno.com.br\/noticias\/author\/laura-moutinho\/\" class=\"authorBox__avatar noMobi\"><img src=\"https:\/\/files.sunoresearch.com.br\/n\/uploads\/2020\/08\/531ff69d-whatsapp-image-2020-08-03-at-14.54.38-150x150.webp\" alt=\"Laura Moutinho\"><\/a><div class=\"authorBox__name\"><span>por\n\t\t\t<a href=\"https:\/\/www.suno.com.br\/noticias\/author\/laura-moutinho\/\"><span itemprop=\"author\">Laura Moutinho<\/span><\/a><\/span><time datetime=\"2020-10-23T17:37:46-03:00\" itemprop=\"datePublished\">23\/10\/2020 17:37<\/time><\/div><\/div><\/div><\/div><\/div>","single_layout":"posts","amp_enabled":true,"_links":{"self":[{"href":"https:\/\/www.suno.com.br\/noticias\/wp-json\/wp\/v2\/posts\/94178"}],"collection":[{"href":"https:\/\/www.suno.com.br\/noticias\/wp-json\/wp\/v2\/posts"}],"about":[{"href":"https:\/\/www.suno.com.br\/noticias\/wp-json\/wp\/v2\/types\/post"}],"author":[{"embeddable":true,"href":"https:\/\/www.suno.com.br\/noticias\/wp-json\/wp\/v2\/users\/39"}],"replies":[{"embeddable":true,"href":"https:\/\/www.suno.com.br\/noticias\/wp-json\/wp\/v2\/comments?post=94178"}],"version-history":[{"count":1,"href":"https:\/\/www.suno.com.br\/noticias\/wp-json\/wp\/v2\/posts\/94178\/revisions"}],"predecessor-version":[{"id":151995,"href":"https:\/\/www.suno.com.br\/noticias\/wp-json\/wp\/v2\/posts\/94178\/revisions\/151995"}],"wp:featuredmedia":[{"embeddable":true,"href":"https:\/\/www.suno.com.br\/noticias\/wp-json\/wp\/v2\/media\/78807"}],"wp:attachment":[{"href":"https:\/\/www.suno.com.br\/noticias\/wp-json\/wp\/v2\/media?parent=94178"}],"wp:term":[{"taxonomy":"category","embeddable":true,"href":"https:\/\/www.suno.com.br\/noticias\/wp-json\/wp\/v2\/categories?post=94178"},{"taxonomy":"post_tag","embeddable":true,"href":"https:\/\/www.suno.com.br\/noticias\/wp-json\/wp\/v2\/tags?post=94178"},{"taxonomy":"suno_strategy","embeddable":true,"href":"https:\/\/www.suno.com.br\/noticias\/wp-json\/wp\/v2\/suno_strategy?post=94178"}],"curies":[{"name":"wp","href":"https:\/\/api.w.org\/{rel}","templated":true}]}}