{"id":94168,"date":"2020-10-23T17:31:27","date_gmt":"2020-10-23T20:31:27","guid":{"rendered":"https:\/\/www.suno.com.br\/noticias\/?p=94168"},"modified":"2021-05-29T20:32:27","modified_gmt":"2021-05-29T23:32:27","slug":"dolar-encerra-em-alta-de-059-cotado-a-r-56270","status":"publish","type":"post","link":"https:\/\/www.suno.com.br\/noticias\/dolar-encerra-em-alta-de-059-cotado-a-r-56270\/","title":{"rendered":"D\u00f3lar encerra em alta de 0,59%, cotado a R$ 5,6270"},"content":{"rendered":"<p>O <a href=\"https:\/\/www.suno.com.br\/artigos\/dolar\/\"><strong>d\u00f3lar<\/strong> <\/a>encerrou nessa sexta-feira (23) em alta de <span class=\"ng-binding\">0,36<\/span>%, negociado a R$ 5,594 na venda.<\/p>\t<div class=\"wrapper-featured-image\">\n\t\t<figure class=\"spotlightImg\">\n\n\t\t\t<picture>\n\t\t\t\t<source media=\"(max-width: 768px)\" srcset=\"https:\/\/files.sunoresearch.com.br\/n\/uploads\/2020\/10\/e1c128ff-dolarr-4-400x200.webp\">\n\t\t\t\t<img loading=\"lazy\" decoding=\"async\" class=\"newsContent__article__imgCapa lazyloadDisabled \" src=\"https:\/\/files.sunoresearch.com.br\/n\/uploads\/2020\/10\/e1c128ff-dolarr-4-jpg.webp\" width=\"800\" height=\"450\" alt=\"D\u00f3lar encerra em alta de 0,59%, cotado a R$ 5,6270\" fetchpriority=high \/>\n\t\t\t<\/picture>\n\n\t\t\t<figcaption class=\"wp-caption-text wp-caption-text--show\">Em sess\u00e3o vol\u00e1til, o d\u00f3lar hoje fechou acima dos R$ 5,30<\/figcaption>\n\t\t<\/figure>\n\t<\/div>\n\n\n<div class=\"hubspot-form-wrapper\">\n\t<div id=\"single-form-target\"><\/div>\n<\/div>\n\n<p>Apesar da alta em seu fechamento, por volta das 9h55, o d\u00f3lar ca\u00eda 0,03%, negociado a R$ 5,58. Os investidores acompanham as negocia\u00e7\u00f5es do pacote de est\u00edmulos da maior economia do mundo e a autoriza\u00e7\u00e3o da vacina chinesa no Brasil.<\/p>\n<p>Ao longo da semana, os investidores t\u00eam acompanhado de perto o desdobramento do pacote de est\u00edmulos dos Estados Unidos. A presidente da C\u00e2mara dos Deputados dos EUA, <strong>Nancy<\/strong> <strong>Pelosi<\/strong>, voltou a mostrar otimismo sobre a perspectiva de haver um novo pacote fiscal.<\/p>\n<p><a href=\"https:\/\/lp.suno.com.br\/suno-one\/\">Suno One: acesse gratuitamente eBooks, Minicursos, Artigos e Video Aulas sobre investimentos com um \u00fanico cadastro. Clique para saber mais!<\/a><\/p>\n<p>Al\u00e9m disso, confira as principais not\u00edcias que movimentaram o mercado nesta sexta-feira:<\/p>\n<ul>\n<li>PMI composto nos EUA sobe a 55,5 em outubro, maior n\u00edvel em 20 meses<\/li>\n<li>Taxa de desemprego sobe para 14% em setembro, diz IBGE<\/li>\n<li>Nancy Pelosi reitera otimismo sobre acordo por novo pacote fiscal antes das elei\u00e7\u00f5es<\/li>\n<\/ul>\n<h2>PMI dos EUA:<\/h2>\n<p>A IHS Markit divulgou nesta sexta-feira (23) dados preliminares indicando que o \u00edndice de gerentes de compras (PMI, na sigla em ingl\u00eas) composto dos <strong>EUA<\/strong> que engloba os setores industrial e de servi\u00e7os, teve um aumento de 54,3 em setembro para 55,5 em outubro, atingindo o maior n\u00edvel em 20 meses.<\/p>\n\n<p>O avan\u00e7o acima da marca de 50 revela que a atividade da economia dos EUA est\u00e1 se expandindo em ritmo mais forte no m\u00eas de outubro.<\/p>\n<p>Apenas o <strong>PMI<\/strong> industrial americano aumentou marginalmente no per\u00edodo, de 53,2 para 53,3, tocando o maior patamar em 21 meses. Entretanto, a leitura ficou abaixo da expectativa de analistas consultados pelo <i>The Wall Street Journal<\/i>, que previam alta de 53,7.<\/p>\n<h2>Desemprego no Brasil:<\/h2>\n<p>A <strong>taxa de desemprego<\/strong> aumentou para 14,0% em setembro, contra 13,6% em agosto, totalizando 13,5 milh\u00f5es de <a href=\"https:\/\/www.suno.com.br\/artigos\/indice-de-desemprego\/\">desempregados<\/a>. Trata-se do pior resultado da Pesquisa Nacional por Amostra de Domic\u00edlios Covid (Pnad Covid-19) mensal, iniciada em maio pelo Instituto Brasileiro de Geografia e Estat\u00edstica (IBGE).<\/p>\n\n<p>Em setembro, a popula\u00e7\u00e3o ocupada totalizou 82,934 milh\u00f5es de pessoas, um aumento de 1,0% em rela\u00e7\u00e3o a agosto, 793 mil vagas a mais. No entanto, o total de ocupados ainda n\u00e3o retomou o patamar de maio, quando somava 84,4 milh\u00f5es de pessoas.<\/p>\n<p>J\u00e1 a popula\u00e7\u00e3o desocupada cresceu de 12,9 milh\u00f5es em agosto para 13,5 milh\u00f5es de pessoas em setembro, um aumento de 4,3% ante agosto, cerca de 560 mil pessoas a mais. Em rela\u00e7\u00e3o a maio, quando teve in\u00edcio a pesquisa, a popula\u00e7\u00e3o desempregada saltou 33,1%.<\/p>\n<h2>Pacote fiscal nos EUA:<\/h2>\n<p>A presidente da C\u00e2mara dos Representantes dos Estados Unidos, <strong>Nancy Pelosi<\/strong>, reiterou, nesta sexta-feira (23), seu otimismo em rela\u00e7\u00e3o a um novo pacote fiscal para o pa\u00eds, que foi fortemente atingido pelos efeitos negativos da pandemia de <a href=\"https:\/\/www.suno.com.br\/noticias\/tags\/covid-19\/\">coronav\u00edrus (Covid-19)<\/a>. &#8220;Espero conseguir uma legisla\u00e7\u00e3o de al\u00edvio&#8221;, afirmou Pelosi, em entrevista \u00e0 CNBC.<\/p>\n\t<div data-element=\"shortcode-read-more\" class=\"knowMore\">\n\t\t\t\t<span class=\"knowMore__title\">Veja Tamb\u00e9m<\/span>\n\t\t\t\t<a class=\"knowMore__link\" href=\"https:\/\/www.suno.com.br\/noticias\/nancy-pelosi-otimismo-acordo-novo-pacote-fiscal\/\">\n\t\t\tNancy Pelosi reitera otimismo sobre acordo por novo pacote fiscal antes das elei\u00e7\u00f5es\t\t<\/a>\n\t<\/div>\n\n\n<p>Segundo Nancy Pelosi, o governo e a oposi\u00e7\u00e3o podem fechar um acordo por um <strong>novo pacote fiscal<\/strong> nos EUA antes das elei\u00e7\u00f5es presidenciais marcadas para o dia 3 de novembro.<\/p>\n<p>Pelosi disse ainda que existem diverg\u00eancias entre os dois lados, por\u00e9m ela acredita que esses impasses podem ser solucionados em breve.<\/p>\n<h2>\u00daltima cota\u00e7\u00e3o do d\u00f3lar<\/h2>\n<p>Na \u00faltima sess\u00e3o, quinta-feira (22), o <strong>d\u00f3lar<\/strong> encerrou\u00a0em queda de <span class=\"ng-binding\">0,36<\/span>%, negociado a R$ 5,594 na venda.<\/p>\n\t<p>\n\t\t<a href=\"https:\/\/lp.suno.com.br\/planilha-de-controle-de-investimentos\/\" target=\"_blank\" data-element=\"shortcode-suno-banner\" title=\"Banner SUNO, clique e saiba mais\">\n\t\t\t<picture>\n\t\t\t\t<source media=\"(max-width: 500px)\" srcset=\"https:\/\/files.sunoresearch.com.br\/n\/uploads\/2023\/03\/400x300-Controle-de-Investimentos.png\">\n\t\t\t\t<img class=\"newsContent__article__imgCapa newsContent__article__imgCapa--banner\"\n\t\t\t\t\tsrc=\"https:\/\/files.sunoresearch.com.br\/n\/uploads\/2023\/03\/1420x240-Controle-de-Investimentos.png\"\n\t\t\t\t\tdata-promo-id=\"75934\"\t\t\t\t\t\t\t\t\t\twidth='1420' height='240'\t\t\t\t\talt=\"https:\/\/files.sunoresearch.com.br\/n\/uploads\/2023\/03\/1420x240-Controle-de-Investimentos.png\"\n\t\t\t\t>\n\t\t\t<\/picture>\n\t\t<\/a>\n\t<\/p>\n\n\n","protected":false},"excerpt":{"rendered":"<p>O d\u00f3lar encerrou nessa sexta-feira (23) em alta de 0,36%, negociado a R$ 5,594 na venda. Em sess\u00e3o vol\u00e1til, o d\u00f3lar hoje fechou acima dos R$ 5,30 Apesar da alta em seu fechamento, por volta das 9h55, o d\u00f3lar ca\u00eda 0,03%, negociado a R$ 5,58. Os investidores acompanham as negocia\u00e7\u00f5es do pacote de est\u00edmulos da [&hellip;]<\/p>\n","protected":false},"author":56,"featured_media":94179,"comment_status":"closed","ping_status":"closed","sticky":false,"template":"","format":"standard","meta":[],"categories":[60],"tags":[1296,326,793,821,2417,57524],"suno_strategy":[],"class_list":["post-94168","post","type-post","status-publish","format-standard","has-post-thumbnail","hentry","category-mercado","tag-desemprego","tag-dolar","tag-estados-unidos-eua","tag-ibge","tag-nancy-pelosi","tag-pmi"],"yoast_head":"<!-- This site is optimized with the Yoast SEO plugin v24.4 - https:\/\/yoast.com\/wordpress\/plugins\/seo\/ -->\n<title>D\u00f3lar encerra a semana em alta de 0,59%, a R$ 5,6270<\/title>\n<meta name=\"description\" content=\"Apesar da alta em seu fechamento, por volta das 9h55, o d\u00f3lar ca\u00eda 0,03%, negociado a R$ 5,58. Clique aqui para saber mais.\" \/>\n<meta name=\"robots\" content=\"index, follow, max-snippet:-1, max-image-preview:large, max-video-preview:-1\" \/>\n<link rel=\"canonical\" href=\"https:\/\/www.suno.com.br\/noticias\/dolar-encerra-em-alta-de-059-cotado-a-r-56270\/\" \/>\n<meta property=\"og:locale\" content=\"pt_BR\" \/>\n<meta property=\"og:type\" content=\"article\" \/>\n<meta property=\"og:title\" content=\"D\u00f3lar encerra a semana em alta de 0,59%, a R$ 5,6270\" \/>\n<meta property=\"og:description\" content=\"Apesar da alta em seu fechamento, por volta das 9h55, o d\u00f3lar ca\u00eda 0,03%, negociado a R$ 5,58. Clique aqui para saber mais.\" \/>\n<meta property=\"og:url\" content=\"https:\/\/www.suno.com.br\/noticias\/dolar-encerra-em-alta-de-059-cotado-a-r-56270\/\" \/>\n<meta property=\"og:site_name\" content=\"Suno Not\u00edcias\" \/>\n<meta property=\"article:publisher\" content=\"https:\/\/facebook.com\/sunoresearch\" \/>\n<meta property=\"og:image\" content=\"https:\/\/files.sunoresearch.com.br\/n\/uploads\/2020\/10\/e1c128ff-dolarr-4.jpg\" \/>\n\t<meta property=\"og:image:width\" content=\"640\" \/>\n\t<meta property=\"og:image:height\" content=\"370\" \/>\n\t<meta property=\"og:image:type\" content=\"image\/jpeg\" \/>\n<meta name=\"author\" content=\"Rafaela La Regina\" \/>\n<meta name=\"twitter:card\" content=\"summary_large_image\" \/>\n<meta name=\"twitter:creator\" content=\"@sunoresearch\" \/>\n<meta name=\"twitter:site\" content=\"@sunoresearch\" \/>\n<meta name=\"twitter:label1\" content=\"Escrito por\" \/>\n\t<meta name=\"twitter:data1\" content=\"Rafaela La Regina\" \/>\n\t<meta name=\"twitter:label2\" content=\"Est. tempo de leitura\" \/>\n\t<meta name=\"twitter:data2\" content=\"3 minutos\" \/>\n<script type=\"application\/ld+json\" class=\"yoast-schema-graph\">{\"@context\":\"https:\/\/schema.org\",\"@graph\":[{\"@type\":\"NewsArticle\",\"@id\":\"https:\/\/www.suno.com.br\/noticias\/dolar-encerra-em-alta-de-059-cotado-a-r-56270\/#article\",\"isPartOf\":{\"@id\":\"https:\/\/www.suno.com.br\/noticias\/dolar-encerra-em-alta-de-059-cotado-a-r-56270\/\"},\"author\":{\"name\":\"Rafaela La Regina\",\"@id\":\"https:\/\/www.suno.com.br\/noticias\/#\/schema\/person\/e672ca8cea627fe715fa29bca7da95e0\"},\"headline\":\"D\u00f3lar encerra em alta de 0,59%, cotado a R$ 5,6270\",\"datePublished\":\"2020-10-23T20:31:27+00:00\",\"dateModified\":\"2021-05-29T23:32:27+00:00\",\"mainEntityOfPage\":{\"@id\":\"https:\/\/www.suno.com.br\/noticias\/dolar-encerra-em-alta-de-059-cotado-a-r-56270\/\"},\"wordCount\":609,\"publisher\":{\"@id\":\"https:\/\/www.suno.com.br\/noticias\/#organization\"},\"image\":{\"@id\":\"https:\/\/www.suno.com.br\/noticias\/dolar-encerra-em-alta-de-059-cotado-a-r-56270\/#primaryimage\"},\"thumbnailUrl\":\"https:\/\/files.sunoresearch.com.br\/n\/uploads\/2020\/10\/e1c128ff-dolarr-4-jpg.webp\",\"keywords\":[\"Desemprego\",\"d\u00f3lar\",\"Estados Unidos (EUA)\",\"IBGE\",\"Nancy Pelosi\",\"pmi\"],\"articleSection\":[\"Mercado\"],\"inLanguage\":\"pt-BR\"},{\"@type\":\"WebPage\",\"@id\":\"https:\/\/www.suno.com.br\/noticias\/dolar-encerra-em-alta-de-059-cotado-a-r-56270\/\",\"url\":\"https:\/\/www.suno.com.br\/noticias\/dolar-encerra-em-alta-de-059-cotado-a-r-56270\/\",\"name\":\"D\u00f3lar encerra a semana em alta de 0,59%, a R$ 5,6270\",\"isPartOf\":{\"@id\":\"https:\/\/www.suno.com.br\/noticias\/#website\"},\"primaryImageOfPage\":{\"@id\":\"https:\/\/www.suno.com.br\/noticias\/dolar-encerra-em-alta-de-059-cotado-a-r-56270\/#primaryimage\"},\"image\":{\"@id\":\"https:\/\/www.suno.com.br\/noticias\/dolar-encerra-em-alta-de-059-cotado-a-r-56270\/#primaryimage\"},\"thumbnailUrl\":\"https:\/\/files.sunoresearch.com.br\/n\/uploads\/2020\/10\/e1c128ff-dolarr-4-jpg.webp\",\"datePublished\":\"2020-10-23T20:31:27+00:00\",\"dateModified\":\"2021-05-29T23:32:27+00:00\",\"description\":\"Apesar da alta em seu fechamento, por volta das 9h55, o d\u00f3lar ca\u00eda 0,03%, negociado a R$ 5,58. Clique aqui para saber mais.\",\"breadcrumb\":{\"@id\":\"https:\/\/www.suno.com.br\/noticias\/dolar-encerra-em-alta-de-059-cotado-a-r-56270\/#breadcrumb\"},\"inLanguage\":\"pt-BR\",\"potentialAction\":[{\"@type\":\"ReadAction\",\"target\":[\"https:\/\/www.suno.com.br\/noticias\/dolar-encerra-em-alta-de-059-cotado-a-r-56270\/\"]}]},{\"@type\":\"ImageObject\",\"inLanguage\":\"pt-BR\",\"@id\":\"https:\/\/www.suno.com.br\/noticias\/dolar-encerra-em-alta-de-059-cotado-a-r-56270\/#primaryimage\",\"url\":\"https:\/\/files.sunoresearch.com.br\/n\/uploads\/2020\/10\/e1c128ff-dolarr-4-jpg.webp\",\"contentUrl\":\"https:\/\/files.sunoresearch.com.br\/n\/uploads\/2020\/10\/e1c128ff-dolarr-4-jpg.webp\",\"width\":640,\"height\":370,\"caption\":\"Em sess\u00e3o vol\u00e1til, o d\u00f3lar hoje fechou acima dos R$ 5,30\"},{\"@type\":\"BreadcrumbList\",\"@id\":\"https:\/\/www.suno.com.br\/noticias\/dolar-encerra-em-alta-de-059-cotado-a-r-56270\/#breadcrumb\",\"itemListElement\":[{\"@type\":\"ListItem\",\"position\":1,\"name\":\"Not\u00edcias\",\"item\":\"https:\/\/www.suno.com.br\/noticias\/\"},{\"@type\":\"ListItem\",\"position\":2,\"name\":\"Mercado\",\"item\":\"https:\/\/www.suno.com.br\/noticias\/mercado\/\"},{\"@type\":\"ListItem\",\"position\":3,\"name\":\"D\u00f3lar encerra em alta de 0,59%, cotado a R$ 5,6270\"}]},{\"@type\":\"WebSite\",\"@id\":\"https:\/\/www.suno.com.br\/noticias\/#website\",\"url\":\"https:\/\/www.suno.com.br\/noticias\/\",\"name\":\"Suno Not\u00edcias\",\"description\":\"Seu portal de informa\u00e7\u00e3o sobre o mundo dos investimentos\",\"publisher\":{\"@id\":\"https:\/\/www.suno.com.br\/noticias\/#organization\"},\"potentialAction\":[{\"@type\":\"SearchAction\",\"target\":{\"@type\":\"EntryPoint\",\"urlTemplate\":\"https:\/\/www.suno.com.br\/noticias\/?s={search_term_string}\"},\"query-input\":{\"@type\":\"PropertyValueSpecification\",\"valueRequired\":true,\"valueName\":\"search_term_string\"}}],\"inLanguage\":\"pt-BR\"},{\"@type\":\"Organization\",\"@id\":\"https:\/\/www.suno.com.br\/noticias\/#organization\",\"name\":\"Suno Not\u00edcias\",\"url\":\"https:\/\/www.suno.com.br\/noticias\/\",\"logo\":{\"@type\":\"ImageObject\",\"inLanguage\":\"pt-BR\",\"@id\":\"https:\/\/www.suno.com.br\/noticias\/#\/schema\/logo\/image\/\",\"url\":\"https:\/\/files.sunoresearch.com.br\/n\/uploads\/2021\/09\/suno-logo.png\",\"contentUrl\":\"https:\/\/files.sunoresearch.com.br\/n\/uploads\/2021\/09\/suno-logo.png\",\"width\":180,\"height\":180,\"caption\":\"Suno Not\u00edcias\"},\"image\":{\"@id\":\"https:\/\/www.suno.com.br\/noticias\/#\/schema\/logo\/image\/\"},\"sameAs\":[\"https:\/\/facebook.com\/sunoresearch\",\"https:\/\/x.com\/sunoresearch\",\"https:\/\/www.instagram.com\/suno\",\"https:\/\/www.linkedin.com\/company\/suno-research\/\",\"https:\/\/www.youtube.com\/c\/sunoresearch\"]},{\"@type\":\"Person\",\"@id\":\"https:\/\/www.suno.com.br\/noticias\/#\/schema\/person\/e672ca8cea627fe715fa29bca7da95e0\",\"name\":\"Rafaela La Regina\",\"image\":{\"@type\":\"ImageObject\",\"inLanguage\":\"pt-BR\",\"@id\":\"https:\/\/www.suno.com.br\/noticias\/#\/schema\/person\/image\/\",\"url\":\"https:\/\/secure.gravatar.com\/avatar\/d2c75a52d243deb93d0465fdcb21bd37?s=96&r=g\",\"contentUrl\":\"https:\/\/secure.gravatar.com\/avatar\/d2c75a52d243deb93d0465fdcb21bd37?s=96&r=g\",\"caption\":\"Rafaela La Regina\"},\"description\":\"Estagi\u00e1ria no Suno Not\u00edcias. Escreve sobre economia, pol\u00edtica e neg\u00f3cios. Estuda Rela\u00e7\u00f5es Internacionais no IBMEC-SP.\",\"url\":\"https:\/\/www.suno.com.br\/noticias\/author\/rafaela-la-regina\/\"}]}<\/script>\n<!-- \/ Yoast SEO plugin. -->","yoast_head_json":{"title":"D\u00f3lar encerra a semana em alta de 0,59%, a R$ 5,6270","description":"Apesar da alta em seu fechamento, por volta das 9h55, o d\u00f3lar ca\u00eda 0,03%, negociado a R$ 5,58. Clique aqui para saber mais.","robots":{"index":"index","follow":"follow","max-snippet":"max-snippet:-1","max-image-preview":"max-image-preview:large","max-video-preview":"max-video-preview:-1"},"canonical":"https:\/\/www.suno.com.br\/noticias\/dolar-encerra-em-alta-de-059-cotado-a-r-56270\/","og_locale":"pt_BR","og_type":"article","og_title":"D\u00f3lar encerra a semana em alta de 0,59%, a R$ 5,6270","og_description":"Apesar da alta em seu fechamento, por volta das 9h55, o d\u00f3lar ca\u00eda 0,03%, negociado a R$ 5,58. Clique aqui para saber mais.","og_url":"https:\/\/www.suno.com.br\/noticias\/dolar-encerra-em-alta-de-059-cotado-a-r-56270\/","og_site_name":"Suno Not\u00edcias","article_publisher":"https:\/\/facebook.com\/sunoresearch","og_image":[{"width":640,"height":370,"url":"https:\/\/files.sunoresearch.com.br\/n\/uploads\/2020\/10\/e1c128ff-dolarr-4.jpg","type":"image\/jpeg"}],"author":"Rafaela La Regina","twitter_card":"summary_large_image","twitter_creator":"@sunoresearch","twitter_site":"@sunoresearch","twitter_misc":{"Escrito por":"Rafaela La Regina","Est. tempo de leitura":"3 minutos"},"schema":{"@context":"https:\/\/schema.org","@graph":[{"@type":"NewsArticle","@id":"https:\/\/www.suno.com.br\/noticias\/dolar-encerra-em-alta-de-059-cotado-a-r-56270\/#article","isPartOf":{"@id":"https:\/\/www.suno.com.br\/noticias\/dolar-encerra-em-alta-de-059-cotado-a-r-56270\/"},"author":{"name":"Rafaela La Regina","@id":"https:\/\/www.suno.com.br\/noticias\/#\/schema\/person\/e672ca8cea627fe715fa29bca7da95e0"},"headline":"D\u00f3lar encerra em alta de 0,59%, cotado a R$ 5,6270","datePublished":"2020-10-23T20:31:27+00:00","dateModified":"2021-05-29T23:32:27+00:00","mainEntityOfPage":{"@id":"https:\/\/www.suno.com.br\/noticias\/dolar-encerra-em-alta-de-059-cotado-a-r-56270\/"},"wordCount":609,"publisher":{"@id":"https:\/\/www.suno.com.br\/noticias\/#organization"},"image":{"@id":"https:\/\/www.suno.com.br\/noticias\/dolar-encerra-em-alta-de-059-cotado-a-r-56270\/#primaryimage"},"thumbnailUrl":"https:\/\/files.sunoresearch.com.br\/n\/uploads\/2020\/10\/e1c128ff-dolarr-4-jpg.webp","keywords":["Desemprego","d\u00f3lar","Estados Unidos (EUA)","IBGE","Nancy Pelosi","pmi"],"articleSection":["Mercado"],"inLanguage":"pt-BR"},{"@type":"WebPage","@id":"https:\/\/www.suno.com.br\/noticias\/dolar-encerra-em-alta-de-059-cotado-a-r-56270\/","url":"https:\/\/www.suno.com.br\/noticias\/dolar-encerra-em-alta-de-059-cotado-a-r-56270\/","name":"D\u00f3lar encerra a semana em alta de 0,59%, a R$ 5,6270","isPartOf":{"@id":"https:\/\/www.suno.com.br\/noticias\/#website"},"primaryImageOfPage":{"@id":"https:\/\/www.suno.com.br\/noticias\/dolar-encerra-em-alta-de-059-cotado-a-r-56270\/#primaryimage"},"image":{"@id":"https:\/\/www.suno.com.br\/noticias\/dolar-encerra-em-alta-de-059-cotado-a-r-56270\/#primaryimage"},"thumbnailUrl":"https:\/\/files.sunoresearch.com.br\/n\/uploads\/2020\/10\/e1c128ff-dolarr-4-jpg.webp","datePublished":"2020-10-23T20:31:27+00:00","dateModified":"2021-05-29T23:32:27+00:00","description":"Apesar da alta em seu fechamento, por volta das 9h55, o d\u00f3lar ca\u00eda 0,03%, negociado a R$ 5,58. Clique aqui para saber mais.","breadcrumb":{"@id":"https:\/\/www.suno.com.br\/noticias\/dolar-encerra-em-alta-de-059-cotado-a-r-56270\/#breadcrumb"},"inLanguage":"pt-BR","potentialAction":[{"@type":"ReadAction","target":["https:\/\/www.suno.com.br\/noticias\/dolar-encerra-em-alta-de-059-cotado-a-r-56270\/"]}]},{"@type":"ImageObject","inLanguage":"pt-BR","@id":"https:\/\/www.suno.com.br\/noticias\/dolar-encerra-em-alta-de-059-cotado-a-r-56270\/#primaryimage","url":"https:\/\/files.sunoresearch.com.br\/n\/uploads\/2020\/10\/e1c128ff-dolarr-4-jpg.webp","contentUrl":"https:\/\/files.sunoresearch.com.br\/n\/uploads\/2020\/10\/e1c128ff-dolarr-4-jpg.webp","width":640,"height":370,"caption":"Em sess\u00e3o vol\u00e1til, o d\u00f3lar hoje fechou acima dos R$ 5,30"},{"@type":"BreadcrumbList","@id":"https:\/\/www.suno.com.br\/noticias\/dolar-encerra-em-alta-de-059-cotado-a-r-56270\/#breadcrumb","itemListElement":[{"@type":"ListItem","position":1,"name":"Not\u00edcias","item":"https:\/\/www.suno.com.br\/noticias\/"},{"@type":"ListItem","position":2,"name":"Mercado","item":"https:\/\/www.suno.com.br\/noticias\/mercado\/"},{"@type":"ListItem","position":3,"name":"D\u00f3lar encerra em alta de 0,59%, cotado a R$ 5,6270"}]},{"@type":"WebSite","@id":"https:\/\/www.suno.com.br\/noticias\/#website","url":"https:\/\/www.suno.com.br\/noticias\/","name":"Suno Not\u00edcias","description":"Seu portal de informa\u00e7\u00e3o sobre o mundo dos investimentos","publisher":{"@id":"https:\/\/www.suno.com.br\/noticias\/#organization"},"potentialAction":[{"@type":"SearchAction","target":{"@type":"EntryPoint","urlTemplate":"https:\/\/www.suno.com.br\/noticias\/?s={search_term_string}"},"query-input":{"@type":"PropertyValueSpecification","valueRequired":true,"valueName":"search_term_string"}}],"inLanguage":"pt-BR"},{"@type":"Organization","@id":"https:\/\/www.suno.com.br\/noticias\/#organization","name":"Suno Not\u00edcias","url":"https:\/\/www.suno.com.br\/noticias\/","logo":{"@type":"ImageObject","inLanguage":"pt-BR","@id":"https:\/\/www.suno.com.br\/noticias\/#\/schema\/logo\/image\/","url":"https:\/\/files.sunoresearch.com.br\/n\/uploads\/2021\/09\/suno-logo.png","contentUrl":"https:\/\/files.sunoresearch.com.br\/n\/uploads\/2021\/09\/suno-logo.png","width":180,"height":180,"caption":"Suno Not\u00edcias"},"image":{"@id":"https:\/\/www.suno.com.br\/noticias\/#\/schema\/logo\/image\/"},"sameAs":["https:\/\/facebook.com\/sunoresearch","https:\/\/x.com\/sunoresearch","https:\/\/www.instagram.com\/suno","https:\/\/www.linkedin.com\/company\/suno-research\/","https:\/\/www.youtube.com\/c\/sunoresearch"]},{"@type":"Person","@id":"https:\/\/www.suno.com.br\/noticias\/#\/schema\/person\/e672ca8cea627fe715fa29bca7da95e0","name":"Rafaela La Regina","image":{"@type":"ImageObject","inLanguage":"pt-BR","@id":"https:\/\/www.suno.com.br\/noticias\/#\/schema\/person\/image\/","url":"https:\/\/secure.gravatar.com\/avatar\/d2c75a52d243deb93d0465fdcb21bd37?s=96&r=g","contentUrl":"https:\/\/secure.gravatar.com\/avatar\/d2c75a52d243deb93d0465fdcb21bd37?s=96&r=g","caption":"Rafaela La Regina"},"description":"Estagi\u00e1ria no Suno Not\u00edcias. Escreve sobre economia, pol\u00edtica e neg\u00f3cios. Estuda Rela\u00e7\u00f5es Internacionais no IBMEC-SP.","url":"https:\/\/www.suno.com.br\/noticias\/author\/rafaela-la-regina\/"}]}},"default_loop_html":"<div class=\"cardsPage__listCard__boxs\"><div class=\"cardsPage__listCard__boxs__img\"><a href=\"https:\/\/www.suno.com.br\/noticias\/dolar-encerra-em-alta-de-059-cotado-a-r-56270\/\"><img class=\"mask\" src=\"https:\/\/www.suno.com.br\/noticias\/wp-content\/themes\/suno\/resources\/images\/spotlight\/spotlight1img\/bg-mask.png\" alt=\"Image Mask\"\/><img src=\"https:\/\/files.sunoresearch.com.br\/n\/uploads\/2020\/10\/e1c128ff-dolarr-4-400x200.webp\" alt=\"D\u00f3lar encerra em alta de 0,59%, cotado a R$ 5,6270\"\/><\/a><span class=\"spotlightCategory\"><a href=\"https:\/\/www.suno.com.br\/noticias\/mercado\/\">Mercado<\/a><\/span><\/div><div class=\"cardsPage__listCard__boxs__content\"><a href=\"https:\/\/www.suno.com.br\/noticias\/dolar-encerra-em-alta-de-059-cotado-a-r-56270\/\"><h2 class=\"content__title\">D\u00f3lar encerra em alta de 0,59%, cotado a R$ 5,6270<\/h2><\/a><div class=\"newsContent__article__meta\"><div class=\"newsContent__article__meta__authorBox\"><a href=\"https:\/\/www.suno.com.br\/noticias\/author\/rafaela-la-regina\/\" class=\"authorBox__avatar noMobi\"><img src=\"https:\/\/secure.gravatar.com\/avatar\/d2c75a52d243deb93d0465fdcb21bd37?s=96&#038;r=g\" alt=\"Rafaela La Regina\"><\/a><div class=\"authorBox__name\"><span>por\n\t\t\t<a href=\"https:\/\/www.suno.com.br\/noticias\/author\/rafaela-la-regina\/\"><span itemprop=\"author\">Rafaela La Regina<\/span><\/a><\/span><time datetime=\"2020-10-23T17:31:27-03:00\" itemprop=\"datePublished\">23\/10\/2020 17:31<\/time><\/div><\/div><\/div><\/div><\/div>","single_layout":"posts","amp_enabled":true,"_links":{"self":[{"href":"https:\/\/www.suno.com.br\/noticias\/wp-json\/wp\/v2\/posts\/94168"}],"collection":[{"href":"https:\/\/www.suno.com.br\/noticias\/wp-json\/wp\/v2\/posts"}],"about":[{"href":"https:\/\/www.suno.com.br\/noticias\/wp-json\/wp\/v2\/types\/post"}],"author":[{"embeddable":true,"href":"https:\/\/www.suno.com.br\/noticias\/wp-json\/wp\/v2\/users\/56"}],"replies":[{"embeddable":true,"href":"https:\/\/www.suno.com.br\/noticias\/wp-json\/wp\/v2\/comments?post=94168"}],"version-history":[{"count":1,"href":"https:\/\/www.suno.com.br\/noticias\/wp-json\/wp\/v2\/posts\/94168\/revisions"}],"predecessor-version":[{"id":152126,"href":"https:\/\/www.suno.com.br\/noticias\/wp-json\/wp\/v2\/posts\/94168\/revisions\/152126"}],"wp:featuredmedia":[{"embeddable":true,"href":"https:\/\/www.suno.com.br\/noticias\/wp-json\/wp\/v2\/media\/94179"}],"wp:attachment":[{"href":"https:\/\/www.suno.com.br\/noticias\/wp-json\/wp\/v2\/media?parent=94168"}],"wp:term":[{"taxonomy":"category","embeddable":true,"href":"https:\/\/www.suno.com.br\/noticias\/wp-json\/wp\/v2\/categories?post=94168"},{"taxonomy":"post_tag","embeddable":true,"href":"https:\/\/www.suno.com.br\/noticias\/wp-json\/wp\/v2\/tags?post=94168"},{"taxonomy":"suno_strategy","embeddable":true,"href":"https:\/\/www.suno.com.br\/noticias\/wp-json\/wp\/v2\/suno_strategy?post=94168"}],"curies":[{"name":"wp","href":"https:\/\/api.w.org\/{rel}","templated":true}]}}