{"id":94125,"date":"2020-10-23T16:27:46","date_gmt":"2020-10-23T19:27:46","guid":{"rendered":"https:\/\/www.suno.com.br\/noticias\/?p=94125"},"modified":"2021-05-10T13:14:22","modified_gmt":"2021-05-10T16:14:22","slug":"coronavirus-azul-azul4-gol-goll4-e-latam-tem-prejuizo-de-r-6-bi-no-2o-tri-diz-anac","status":"publish","type":"post","link":"https:\/\/www.suno.com.br\/noticias\/coronavirus-azul-azul4-gol-goll4-e-latam-tem-prejuizo-de-r-6-bi-no-2o-tri-diz-anac\/","title":{"rendered":"Coronav\u00edrus: Azul (AZUL4), Gol (GOLL4) e Latam t\u00eam preju\u00edzo de R$ 6 Bi no 2\u00ba tri, diz Anac"},"content":{"rendered":"<p>A Ag\u00eancia Nacional de Avia\u00e7\u00e3o Civil (Anac) divulgou nesta sexta-feira (23) que as tr\u00eas principais empresas a\u00e9reas brasileiras, <a href=\"https:\/\/www.suno.com.br\/acoes\/azul4\/\">Azul (AZUL4)<\/a>, <a href=\"https:\/\/www.suno.com.br\/acoes\/goll4\/\">Gol (GOLL4)<\/a> e Latam, prejudicadas pela pandemia do <strong><a href=\"https:\/\/www.suno.com.br\/noticias\/tags\/coronavirus\/\">novo coronav\u00edrus (Covid-19)<\/a><\/strong>, registraram juntas um preju\u00edzo de R$ 6,2 bilh\u00f5es no segundo trimestre deste ano.<\/p>\t<div class=\"wrapper-featured-image\">\n\t\t<figure class=\"spotlightImg\">\n\n\t\t\t<picture>\n\t\t\t\t<source media=\"(max-width: 768px)\" srcset=\"https:\/\/files.sunoresearch.com.br\/n\/uploads\/2020\/10\/4f6f22d9-low-cost-800x450-1-400x200.webp\">\n\t\t\t\t<img loading=\"lazy\" decoding=\"async\" class=\"newsContent__article__imgCapa lazyloadDisabled \" src=\"https:\/\/files.sunoresearch.com.br\/n\/uploads\/2020\/10\/4f6f22d9-low-cost-800x450-1-jpg.webp\" width=\"800\" height=\"450\" alt=\"Coronav\u00edrus: Azul (AZUL4), Gol (GOLL4) e Latam t\u00eam preju\u00edzo de R$ 6 Bi no 2\u00ba tri, diz Anac\" fetchpriority=high \/>\n\t\t\t<\/picture>\n\n\t\t\t<figcaption class=\"wp-caption-text wp-caption-text--show\">Coronav\u00edrus: Azul, Gol e Latam t\u00eam preju\u00edzo de R$ 6 Bi no 2\u00ba tri<\/figcaption>\n\t\t<\/figure>\n\t<\/div>\n\n\n<div class=\"hubspot-form-wrapper\">\n\t<div id=\"single-form-target\"><\/div>\n<\/div>\n\n<p>Segundo a Anac, os valores negativos correspondem a uma varia\u00e7\u00e3o de -399,6%, em compara\u00e7\u00e3o com o lucro l\u00edquido de R$ 191,8 milh\u00f5es registrado no mesmo per\u00edodo do ano anterior. O resultado, impulsionado pela crise do coronav\u00edrus, foi o pior obtido em um trimestre pelas companhias a\u00e9reas em toda a s\u00e9rie hist\u00f3rica, iniciada em 2015.<\/p>\n<p>Al\u00e9m disso, devido \u00e0 pandemia, no segundo trimestre deste ano, a redu\u00e7\u00e3o na demanda por transporte a\u00e9reo foi de 90%, sendo de 88% na oferta de transporte a\u00e9reo e de 91% na quantidade de passageiros pagos transportados, ante o mesmo per\u00edodo do ano passado.<\/p>\n<p><a href=\"https:\/\/lp.suno.com.br\/suno-one\/\">Suno One: acesse gratuitamente eBooks, Minicursos, Artigos e Video Aulas sobre investimentos com um \u00fanico cadastro. Clique para saber mais!<\/a><\/p>\n<h2>Coronav\u00edrus: N\u00e3o \u00e9 poss\u00edvel liberar aux\u00edlio para companhias a\u00e9reas, diz Anac<\/h2>\n<p>O diretor-presidente substituto da Ag\u00eancia Nacional de Avia\u00e7\u00e3o Civil (Anac), Juliano Alc\u00e2ntara Noman, declarou na \u00faltima segunda-feira (19) que n\u00e3o ser\u00e1 poss\u00edvel liberar recursos para o aux\u00edlio das companhias a\u00e9reas brasileiras, que foram afetadas pela pandemia do novo coronav\u00edrus (Covid-19).<\/p>\n<p>Noman citou ainda como exemplo o aux\u00edlio dado pelo governo dos <strong>EUA<\/strong>, ressaltando que no Brasil, n\u00e3o seria poss\u00edvel fazer o mesmo em meio \u00e0 pandemia do coronav\u00edrus.<\/p>\n<p>Durante sess\u00e3o de sabatina em comiss\u00e3o que aprovou sua efetiva\u00e7\u00e3o no cargo de presidente da ag\u00eancia, no Senado, Noman disse que \u201cA gente, no Brasil, vive outra realidade, o que refor\u00e7a mais ainda a urg\u00eancia de fazer as atualiza\u00e7\u00f5es regulat\u00f3rias legais necess\u00e1rias. Se a gente n\u00e3o tem tantos recursos assim para poder socorrer, ent\u00e3o, o ambiente regulat\u00f3rio tem que ser o mais moderno e eficiente poss\u00edvel&#8221;.<\/p>\n<p><a href=\"https:\/\/www.suno.com.br\/noticias\/coronavirus-nao-e-possivel-liberar-auxilio-para-companhias-aereas-diz-anac\/\">Saiba Mais: Coronav\u00edrus: N\u00e3o \u00e9 poss\u00edvel liberar aux\u00edlio para companhias a\u00e9reas, diz Anac<\/a><\/p>\n<p>O diretor reconheceu ainda que o setor a\u00e9reo foi fortemente prejudicado pela pandemia, com redu\u00e7\u00e3o dos voos \u201cpraticamente a zero\u201d. Deste modo, \u00e9 preciso fazer uma \u201cfaxina\u201d no C\u00f3digo Brasileiro de Aeron\u00e1utica para destravar processos e estimular a retomada do setor, argumentou.<\/p>\n<p>Al\u00e9m disso, Rog\u00e9rio Benevides Carvalho, candidato a uma cadeira de diretor na Anac, informou que as tr\u00eas principais companhias a\u00e9reas brasileiras acumulam, no per\u00edodo da pandemia do <strong>coronav\u00edrus<\/strong>, preju\u00edzos de R$ 2 bilh\u00f5es a cada trimestre. &#8220;Esse passivo foi criado e ser\u00e1 carregado\u201d, revelou.<\/p>\n\t<p>\n\t\t<a href=\"https:\/\/lp.suno.com.br\/planilha-de-controle-de-investimentos\/\" target=\"_blank\" data-element=\"shortcode-suno-banner\" title=\"Banner SUNO, clique e saiba mais\">\n\t\t\t<picture>\n\t\t\t\t<source media=\"(max-width: 500px)\" srcset=\"https:\/\/files.sunoresearch.com.br\/n\/uploads\/2023\/03\/400x300-Controle-de-Investimentos.png\">\n\t\t\t\t<img class=\"newsContent__article__imgCapa newsContent__article__imgCapa--banner\"\n\t\t\t\t\tsrc=\"https:\/\/files.sunoresearch.com.br\/n\/uploads\/2023\/03\/1420x240-Controle-de-Investimentos.png\"\n\t\t\t\t\tdata-promo-id=\"75934\"\t\t\t\t\t\t\t\t\t\twidth='1420' height='240'\t\t\t\t\talt=\"https:\/\/files.sunoresearch.com.br\/n\/uploads\/2023\/03\/1420x240-Controle-de-Investimentos.png\"\n\t\t\t\t>\n\t\t\t<\/picture>\n\t\t<\/a>\n\t<\/p>\n\n\n","protected":false},"excerpt":{"rendered":"<p>A Ag\u00eancia Nacional de Avia\u00e7\u00e3o Civil (Anac) divulgou nesta sexta-feira (23) que as tr\u00eas principais empresas a\u00e9reas brasileiras, Azul (AZUL4), Gol (GOLL4) e Latam, prejudicadas pela pandemia do novo coronav\u00edrus (Covid-19), registraram juntas um preju\u00edzo de R$ 6,2 bilh\u00f5es no segundo trimestre deste ano. Coronav\u00edrus: Azul, Gol e Latam t\u00eam preju\u00edzo de R$ 6 Bi [&hellip;]<\/p>\n","protected":false},"author":56,"featured_media":94145,"comment_status":"closed","ping_status":"closed","sticky":false,"template":"","format":"standard","meta":[],"categories":[64],"tags":[106932,2487,5255,489,739],"suno_strategy":[],"class_list":["post-94125","post","type-post","status-publish","format-standard","has-post-thumbnail","hentry","category-negocios","tag-azul-azul4","tag-coronavirus","tag-covid-19","tag-gol-linhas-aereas-goll11-goll4","tag-latam"],"yoast_head":"<!-- This site is optimized with the Yoast SEO plugin v24.4 - https:\/\/yoast.com\/wordpress\/plugins\/seo\/ -->\n<title>Coronav\u00edrus: Azul, Gol e Latam t\u00eam preju\u00edzo de R$ 6 Bi no 2\u00ba tri<\/title>\n<meta name=\"description\" content=\"O preju\u00edzo, devido ao coronav\u00edrus, foi o pior obtido em um trimestre pelas empresas em toda a s\u00e9rie hist\u00f3rica. Clique aqui para saber mais\" \/>\n<meta name=\"robots\" content=\"index, follow, max-snippet:-1, max-image-preview:large, max-video-preview:-1\" \/>\n<link rel=\"canonical\" href=\"https:\/\/www.suno.com.br\/noticias\/coronavirus-azul-azul4-gol-goll4-e-latam-tem-prejuizo-de-r-6-bi-no-2o-tri-diz-anac\/\" \/>\n<meta property=\"og:locale\" content=\"pt_BR\" \/>\n<meta property=\"og:type\" content=\"article\" \/>\n<meta property=\"og:title\" content=\"Coronav\u00edrus: Azul, Gol e Latam t\u00eam preju\u00edzo de R$ 6 Bi no 2\u00ba tri\" \/>\n<meta property=\"og:description\" content=\"O preju\u00edzo, devido ao coronav\u00edrus, foi o pior obtido em um trimestre pelas empresas em toda a s\u00e9rie hist\u00f3rica. Clique aqui para saber mais\" \/>\n<meta property=\"og:url\" content=\"https:\/\/www.suno.com.br\/noticias\/coronavirus-azul-azul4-gol-goll4-e-latam-tem-prejuizo-de-r-6-bi-no-2o-tri-diz-anac\/\" \/>\n<meta property=\"og:site_name\" content=\"Suno Not\u00edcias\" \/>\n<meta property=\"article:publisher\" content=\"https:\/\/facebook.com\/sunoresearch\" \/>\n<meta property=\"og:image\" content=\"https:\/\/files.sunoresearch.com.br\/n\/uploads\/2020\/10\/4f6f22d9-low-cost-800x450-1.jpg\" \/>\n\t<meta property=\"og:image:width\" content=\"800\" \/>\n\t<meta property=\"og:image:height\" content=\"450\" \/>\n\t<meta property=\"og:image:type\" content=\"image\/jpeg\" \/>\n<meta name=\"author\" content=\"Rafaela La Regina\" \/>\n<meta name=\"twitter:card\" content=\"summary_large_image\" \/>\n<meta name=\"twitter:creator\" content=\"@sunoresearch\" \/>\n<meta name=\"twitter:site\" content=\"@sunoresearch\" \/>\n<meta name=\"twitter:label1\" content=\"Escrito por\" \/>\n\t<meta name=\"twitter:data1\" content=\"Rafaela La Regina\" \/>\n\t<meta name=\"twitter:label2\" content=\"Est. tempo de leitura\" \/>\n\t<meta name=\"twitter:data2\" content=\"2 minutos\" \/>\n<script type=\"application\/ld+json\" class=\"yoast-schema-graph\">{\"@context\":\"https:\/\/schema.org\",\"@graph\":[{\"@type\":\"NewsArticle\",\"@id\":\"https:\/\/www.suno.com.br\/noticias\/coronavirus-azul-azul4-gol-goll4-e-latam-tem-prejuizo-de-r-6-bi-no-2o-tri-diz-anac\/#article\",\"isPartOf\":{\"@id\":\"https:\/\/www.suno.com.br\/noticias\/coronavirus-azul-azul4-gol-goll4-e-latam-tem-prejuizo-de-r-6-bi-no-2o-tri-diz-anac\/\"},\"author\":{\"name\":\"Rafaela La Regina\",\"@id\":\"https:\/\/www.suno.com.br\/noticias\/#\/schema\/person\/e672ca8cea627fe715fa29bca7da95e0\"},\"headline\":\"Coronav\u00edrus: Azul (AZUL4), Gol (GOLL4) e Latam t\u00eam preju\u00edzo de R$ 6 Bi no 2\u00ba tri, diz Anac\",\"datePublished\":\"2020-10-23T19:27:46+00:00\",\"dateModified\":\"2021-05-10T16:14:22+00:00\",\"mainEntityOfPage\":{\"@id\":\"https:\/\/www.suno.com.br\/noticias\/coronavirus-azul-azul4-gol-goll4-e-latam-tem-prejuizo-de-r-6-bi-no-2o-tri-diz-anac\/\"},\"wordCount\":495,\"publisher\":{\"@id\":\"https:\/\/www.suno.com.br\/noticias\/#organization\"},\"image\":{\"@id\":\"https:\/\/www.suno.com.br\/noticias\/coronavirus-azul-azul4-gol-goll4-e-latam-tem-prejuizo-de-r-6-bi-no-2o-tri-diz-anac\/#primaryimage\"},\"thumbnailUrl\":\"https:\/\/files.sunoresearch.com.br\/n\/uploads\/2020\/10\/4f6f22d9-low-cost-800x450-1-jpg.webp\",\"keywords\":[\"Azul (AZUL4)\",\"coronav\u00edrus\",\"covid-19\",\"Gol Linhas A\u00e9reas (GOLL11\/GOLL4)\",\"Latam\"],\"articleSection\":[\"Neg\u00f3cios\"],\"inLanguage\":\"pt-BR\"},{\"@type\":\"WebPage\",\"@id\":\"https:\/\/www.suno.com.br\/noticias\/coronavirus-azul-azul4-gol-goll4-e-latam-tem-prejuizo-de-r-6-bi-no-2o-tri-diz-anac\/\",\"url\":\"https:\/\/www.suno.com.br\/noticias\/coronavirus-azul-azul4-gol-goll4-e-latam-tem-prejuizo-de-r-6-bi-no-2o-tri-diz-anac\/\",\"name\":\"Coronav\u00edrus: Azul, Gol e Latam t\u00eam preju\u00edzo de R$ 6 Bi no 2\u00ba tri\",\"isPartOf\":{\"@id\":\"https:\/\/www.suno.com.br\/noticias\/#website\"},\"primaryImageOfPage\":{\"@id\":\"https:\/\/www.suno.com.br\/noticias\/coronavirus-azul-azul4-gol-goll4-e-latam-tem-prejuizo-de-r-6-bi-no-2o-tri-diz-anac\/#primaryimage\"},\"image\":{\"@id\":\"https:\/\/www.suno.com.br\/noticias\/coronavirus-azul-azul4-gol-goll4-e-latam-tem-prejuizo-de-r-6-bi-no-2o-tri-diz-anac\/#primaryimage\"},\"thumbnailUrl\":\"https:\/\/files.sunoresearch.com.br\/n\/uploads\/2020\/10\/4f6f22d9-low-cost-800x450-1-jpg.webp\",\"datePublished\":\"2020-10-23T19:27:46+00:00\",\"dateModified\":\"2021-05-10T16:14:22+00:00\",\"description\":\"O preju\u00edzo, devido ao coronav\u00edrus, foi o pior obtido em um trimestre pelas empresas em toda a s\u00e9rie hist\u00f3rica. Clique aqui para saber mais\",\"breadcrumb\":{\"@id\":\"https:\/\/www.suno.com.br\/noticias\/coronavirus-azul-azul4-gol-goll4-e-latam-tem-prejuizo-de-r-6-bi-no-2o-tri-diz-anac\/#breadcrumb\"},\"inLanguage\":\"pt-BR\",\"potentialAction\":[{\"@type\":\"ReadAction\",\"target\":[\"https:\/\/www.suno.com.br\/noticias\/coronavirus-azul-azul4-gol-goll4-e-latam-tem-prejuizo-de-r-6-bi-no-2o-tri-diz-anac\/\"]}]},{\"@type\":\"ImageObject\",\"inLanguage\":\"pt-BR\",\"@id\":\"https:\/\/www.suno.com.br\/noticias\/coronavirus-azul-azul4-gol-goll4-e-latam-tem-prejuizo-de-r-6-bi-no-2o-tri-diz-anac\/#primaryimage\",\"url\":\"https:\/\/files.sunoresearch.com.br\/n\/uploads\/2020\/10\/4f6f22d9-low-cost-800x450-1-jpg.webp\",\"contentUrl\":\"https:\/\/files.sunoresearch.com.br\/n\/uploads\/2020\/10\/4f6f22d9-low-cost-800x450-1-jpg.webp\",\"width\":800,\"height\":450,\"caption\":\"Coronav\u00edrus: Azul, Gol e Latam t\u00eam preju\u00edzo de R$ 6 Bi no 2\u00ba tri\"},{\"@type\":\"BreadcrumbList\",\"@id\":\"https:\/\/www.suno.com.br\/noticias\/coronavirus-azul-azul4-gol-goll4-e-latam-tem-prejuizo-de-r-6-bi-no-2o-tri-diz-anac\/#breadcrumb\",\"itemListElement\":[{\"@type\":\"ListItem\",\"position\":1,\"name\":\"Not\u00edcias\",\"item\":\"https:\/\/www.suno.com.br\/noticias\/\"},{\"@type\":\"ListItem\",\"position\":2,\"name\":\"Neg\u00f3cios\",\"item\":\"https:\/\/www.suno.com.br\/noticias\/negocios\/\"},{\"@type\":\"ListItem\",\"position\":3,\"name\":\"Coronav\u00edrus: Azul (AZUL4), Gol (GOLL4) e Latam t\u00eam preju\u00edzo de R$ 6 Bi no 2\u00ba tri, diz Anac\"}]},{\"@type\":\"WebSite\",\"@id\":\"https:\/\/www.suno.com.br\/noticias\/#website\",\"url\":\"https:\/\/www.suno.com.br\/noticias\/\",\"name\":\"Suno Not\u00edcias\",\"description\":\"Seu portal de informa\u00e7\u00e3o sobre o mundo dos investimentos\",\"publisher\":{\"@id\":\"https:\/\/www.suno.com.br\/noticias\/#organization\"},\"potentialAction\":[{\"@type\":\"SearchAction\",\"target\":{\"@type\":\"EntryPoint\",\"urlTemplate\":\"https:\/\/www.suno.com.br\/noticias\/?s={search_term_string}\"},\"query-input\":{\"@type\":\"PropertyValueSpecification\",\"valueRequired\":true,\"valueName\":\"search_term_string\"}}],\"inLanguage\":\"pt-BR\"},{\"@type\":\"Organization\",\"@id\":\"https:\/\/www.suno.com.br\/noticias\/#organization\",\"name\":\"Suno Not\u00edcias\",\"url\":\"https:\/\/www.suno.com.br\/noticias\/\",\"logo\":{\"@type\":\"ImageObject\",\"inLanguage\":\"pt-BR\",\"@id\":\"https:\/\/www.suno.com.br\/noticias\/#\/schema\/logo\/image\/\",\"url\":\"https:\/\/files.sunoresearch.com.br\/n\/uploads\/2021\/09\/suno-logo.png\",\"contentUrl\":\"https:\/\/files.sunoresearch.com.br\/n\/uploads\/2021\/09\/suno-logo.png\",\"width\":180,\"height\":180,\"caption\":\"Suno Not\u00edcias\"},\"image\":{\"@id\":\"https:\/\/www.suno.com.br\/noticias\/#\/schema\/logo\/image\/\"},\"sameAs\":[\"https:\/\/facebook.com\/sunoresearch\",\"https:\/\/x.com\/sunoresearch\",\"https:\/\/www.instagram.com\/suno\",\"https:\/\/www.linkedin.com\/company\/suno-research\/\",\"https:\/\/www.youtube.com\/c\/sunoresearch\"]},{\"@type\":\"Person\",\"@id\":\"https:\/\/www.suno.com.br\/noticias\/#\/schema\/person\/e672ca8cea627fe715fa29bca7da95e0\",\"name\":\"Rafaela La Regina\",\"image\":{\"@type\":\"ImageObject\",\"inLanguage\":\"pt-BR\",\"@id\":\"https:\/\/www.suno.com.br\/noticias\/#\/schema\/person\/image\/\",\"url\":\"https:\/\/secure.gravatar.com\/avatar\/d2c75a52d243deb93d0465fdcb21bd37?s=96&r=g\",\"contentUrl\":\"https:\/\/secure.gravatar.com\/avatar\/d2c75a52d243deb93d0465fdcb21bd37?s=96&r=g\",\"caption\":\"Rafaela La Regina\"},\"description\":\"Estagi\u00e1ria no Suno Not\u00edcias. Escreve sobre economia, pol\u00edtica e neg\u00f3cios. Estuda Rela\u00e7\u00f5es Internacionais no IBMEC-SP.\",\"url\":\"https:\/\/www.suno.com.br\/noticias\/author\/rafaela-la-regina\/\"}]}<\/script>\n<!-- \/ Yoast SEO plugin. -->","yoast_head_json":{"title":"Coronav\u00edrus: Azul, Gol e Latam t\u00eam preju\u00edzo de R$ 6 Bi no 2\u00ba tri","description":"O preju\u00edzo, devido ao coronav\u00edrus, foi o pior obtido em um trimestre pelas empresas em toda a s\u00e9rie hist\u00f3rica. Clique aqui para saber mais","robots":{"index":"index","follow":"follow","max-snippet":"max-snippet:-1","max-image-preview":"max-image-preview:large","max-video-preview":"max-video-preview:-1"},"canonical":"https:\/\/www.suno.com.br\/noticias\/coronavirus-azul-azul4-gol-goll4-e-latam-tem-prejuizo-de-r-6-bi-no-2o-tri-diz-anac\/","og_locale":"pt_BR","og_type":"article","og_title":"Coronav\u00edrus: Azul, Gol e Latam t\u00eam preju\u00edzo de R$ 6 Bi no 2\u00ba tri","og_description":"O preju\u00edzo, devido ao coronav\u00edrus, foi o pior obtido em um trimestre pelas empresas em toda a s\u00e9rie hist\u00f3rica. Clique aqui para saber mais","og_url":"https:\/\/www.suno.com.br\/noticias\/coronavirus-azul-azul4-gol-goll4-e-latam-tem-prejuizo-de-r-6-bi-no-2o-tri-diz-anac\/","og_site_name":"Suno Not\u00edcias","article_publisher":"https:\/\/facebook.com\/sunoresearch","og_image":[{"width":800,"height":450,"url":"https:\/\/files.sunoresearch.com.br\/n\/uploads\/2020\/10\/4f6f22d9-low-cost-800x450-1.jpg","type":"image\/jpeg"}],"author":"Rafaela La Regina","twitter_card":"summary_large_image","twitter_creator":"@sunoresearch","twitter_site":"@sunoresearch","twitter_misc":{"Escrito por":"Rafaela La Regina","Est. tempo de leitura":"2 minutos"},"schema":{"@context":"https:\/\/schema.org","@graph":[{"@type":"NewsArticle","@id":"https:\/\/www.suno.com.br\/noticias\/coronavirus-azul-azul4-gol-goll4-e-latam-tem-prejuizo-de-r-6-bi-no-2o-tri-diz-anac\/#article","isPartOf":{"@id":"https:\/\/www.suno.com.br\/noticias\/coronavirus-azul-azul4-gol-goll4-e-latam-tem-prejuizo-de-r-6-bi-no-2o-tri-diz-anac\/"},"author":{"name":"Rafaela La Regina","@id":"https:\/\/www.suno.com.br\/noticias\/#\/schema\/person\/e672ca8cea627fe715fa29bca7da95e0"},"headline":"Coronav\u00edrus: Azul (AZUL4), Gol (GOLL4) e Latam t\u00eam preju\u00edzo de R$ 6 Bi no 2\u00ba tri, diz Anac","datePublished":"2020-10-23T19:27:46+00:00","dateModified":"2021-05-10T16:14:22+00:00","mainEntityOfPage":{"@id":"https:\/\/www.suno.com.br\/noticias\/coronavirus-azul-azul4-gol-goll4-e-latam-tem-prejuizo-de-r-6-bi-no-2o-tri-diz-anac\/"},"wordCount":495,"publisher":{"@id":"https:\/\/www.suno.com.br\/noticias\/#organization"},"image":{"@id":"https:\/\/www.suno.com.br\/noticias\/coronavirus-azul-azul4-gol-goll4-e-latam-tem-prejuizo-de-r-6-bi-no-2o-tri-diz-anac\/#primaryimage"},"thumbnailUrl":"https:\/\/files.sunoresearch.com.br\/n\/uploads\/2020\/10\/4f6f22d9-low-cost-800x450-1-jpg.webp","keywords":["Azul (AZUL4)","coronav\u00edrus","covid-19","Gol Linhas A\u00e9reas (GOLL11\/GOLL4)","Latam"],"articleSection":["Neg\u00f3cios"],"inLanguage":"pt-BR"},{"@type":"WebPage","@id":"https:\/\/www.suno.com.br\/noticias\/coronavirus-azul-azul4-gol-goll4-e-latam-tem-prejuizo-de-r-6-bi-no-2o-tri-diz-anac\/","url":"https:\/\/www.suno.com.br\/noticias\/coronavirus-azul-azul4-gol-goll4-e-latam-tem-prejuizo-de-r-6-bi-no-2o-tri-diz-anac\/","name":"Coronav\u00edrus: Azul, Gol e Latam t\u00eam preju\u00edzo de R$ 6 Bi no 2\u00ba tri","isPartOf":{"@id":"https:\/\/www.suno.com.br\/noticias\/#website"},"primaryImageOfPage":{"@id":"https:\/\/www.suno.com.br\/noticias\/coronavirus-azul-azul4-gol-goll4-e-latam-tem-prejuizo-de-r-6-bi-no-2o-tri-diz-anac\/#primaryimage"},"image":{"@id":"https:\/\/www.suno.com.br\/noticias\/coronavirus-azul-azul4-gol-goll4-e-latam-tem-prejuizo-de-r-6-bi-no-2o-tri-diz-anac\/#primaryimage"},"thumbnailUrl":"https:\/\/files.sunoresearch.com.br\/n\/uploads\/2020\/10\/4f6f22d9-low-cost-800x450-1-jpg.webp","datePublished":"2020-10-23T19:27:46+00:00","dateModified":"2021-05-10T16:14:22+00:00","description":"O preju\u00edzo, devido ao coronav\u00edrus, foi o pior obtido em um trimestre pelas empresas em toda a s\u00e9rie hist\u00f3rica. Clique aqui para saber mais","breadcrumb":{"@id":"https:\/\/www.suno.com.br\/noticias\/coronavirus-azul-azul4-gol-goll4-e-latam-tem-prejuizo-de-r-6-bi-no-2o-tri-diz-anac\/#breadcrumb"},"inLanguage":"pt-BR","potentialAction":[{"@type":"ReadAction","target":["https:\/\/www.suno.com.br\/noticias\/coronavirus-azul-azul4-gol-goll4-e-latam-tem-prejuizo-de-r-6-bi-no-2o-tri-diz-anac\/"]}]},{"@type":"ImageObject","inLanguage":"pt-BR","@id":"https:\/\/www.suno.com.br\/noticias\/coronavirus-azul-azul4-gol-goll4-e-latam-tem-prejuizo-de-r-6-bi-no-2o-tri-diz-anac\/#primaryimage","url":"https:\/\/files.sunoresearch.com.br\/n\/uploads\/2020\/10\/4f6f22d9-low-cost-800x450-1-jpg.webp","contentUrl":"https:\/\/files.sunoresearch.com.br\/n\/uploads\/2020\/10\/4f6f22d9-low-cost-800x450-1-jpg.webp","width":800,"height":450,"caption":"Coronav\u00edrus: Azul, Gol e Latam t\u00eam preju\u00edzo de R$ 6 Bi no 2\u00ba tri"},{"@type":"BreadcrumbList","@id":"https:\/\/www.suno.com.br\/noticias\/coronavirus-azul-azul4-gol-goll4-e-latam-tem-prejuizo-de-r-6-bi-no-2o-tri-diz-anac\/#breadcrumb","itemListElement":[{"@type":"ListItem","position":1,"name":"Not\u00edcias","item":"https:\/\/www.suno.com.br\/noticias\/"},{"@type":"ListItem","position":2,"name":"Neg\u00f3cios","item":"https:\/\/www.suno.com.br\/noticias\/negocios\/"},{"@type":"ListItem","position":3,"name":"Coronav\u00edrus: Azul (AZUL4), Gol (GOLL4) e Latam t\u00eam preju\u00edzo de R$ 6 Bi no 2\u00ba tri, diz Anac"}]},{"@type":"WebSite","@id":"https:\/\/www.suno.com.br\/noticias\/#website","url":"https:\/\/www.suno.com.br\/noticias\/","name":"Suno Not\u00edcias","description":"Seu portal de informa\u00e7\u00e3o sobre o mundo dos investimentos","publisher":{"@id":"https:\/\/www.suno.com.br\/noticias\/#organization"},"potentialAction":[{"@type":"SearchAction","target":{"@type":"EntryPoint","urlTemplate":"https:\/\/www.suno.com.br\/noticias\/?s={search_term_string}"},"query-input":{"@type":"PropertyValueSpecification","valueRequired":true,"valueName":"search_term_string"}}],"inLanguage":"pt-BR"},{"@type":"Organization","@id":"https:\/\/www.suno.com.br\/noticias\/#organization","name":"Suno Not\u00edcias","url":"https:\/\/www.suno.com.br\/noticias\/","logo":{"@type":"ImageObject","inLanguage":"pt-BR","@id":"https:\/\/www.suno.com.br\/noticias\/#\/schema\/logo\/image\/","url":"https:\/\/files.sunoresearch.com.br\/n\/uploads\/2021\/09\/suno-logo.png","contentUrl":"https:\/\/files.sunoresearch.com.br\/n\/uploads\/2021\/09\/suno-logo.png","width":180,"height":180,"caption":"Suno Not\u00edcias"},"image":{"@id":"https:\/\/www.suno.com.br\/noticias\/#\/schema\/logo\/image\/"},"sameAs":["https:\/\/facebook.com\/sunoresearch","https:\/\/x.com\/sunoresearch","https:\/\/www.instagram.com\/suno","https:\/\/www.linkedin.com\/company\/suno-research\/","https:\/\/www.youtube.com\/c\/sunoresearch"]},{"@type":"Person","@id":"https:\/\/www.suno.com.br\/noticias\/#\/schema\/person\/e672ca8cea627fe715fa29bca7da95e0","name":"Rafaela La Regina","image":{"@type":"ImageObject","inLanguage":"pt-BR","@id":"https:\/\/www.suno.com.br\/noticias\/#\/schema\/person\/image\/","url":"https:\/\/secure.gravatar.com\/avatar\/d2c75a52d243deb93d0465fdcb21bd37?s=96&r=g","contentUrl":"https:\/\/secure.gravatar.com\/avatar\/d2c75a52d243deb93d0465fdcb21bd37?s=96&r=g","caption":"Rafaela La Regina"},"description":"Estagi\u00e1ria no Suno Not\u00edcias. Escreve sobre economia, pol\u00edtica e neg\u00f3cios. Estuda Rela\u00e7\u00f5es Internacionais no IBMEC-SP.","url":"https:\/\/www.suno.com.br\/noticias\/author\/rafaela-la-regina\/"}]}},"default_loop_html":"<div class=\"cardsPage__listCard__boxs\"><div class=\"cardsPage__listCard__boxs__img\"><a href=\"https:\/\/www.suno.com.br\/noticias\/coronavirus-azul-azul4-gol-goll4-e-latam-tem-prejuizo-de-r-6-bi-no-2o-tri-diz-anac\/\"><img class=\"mask\" src=\"https:\/\/www.suno.com.br\/noticias\/wp-content\/themes\/suno\/resources\/images\/spotlight\/spotlight1img\/bg-mask.png\" alt=\"Image Mask\"\/><img src=\"https:\/\/files.sunoresearch.com.br\/n\/uploads\/2020\/10\/4f6f22d9-low-cost-800x450-1-400x200.webp\" alt=\"Coronav\u00edrus: Azul (AZUL4), Gol (GOLL4) e Latam t\u00eam preju\u00edzo de R$ 6 Bi no 2\u00ba tri, diz Anac\"\/><\/a><span class=\"spotlightCategory\"><a href=\"https:\/\/www.suno.com.br\/noticias\/negocios\/\">Neg\u00f3cios<\/a><\/span><\/div><div class=\"cardsPage__listCard__boxs__content\"><a href=\"https:\/\/www.suno.com.br\/noticias\/coronavirus-azul-azul4-gol-goll4-e-latam-tem-prejuizo-de-r-6-bi-no-2o-tri-diz-anac\/\"><h2 class=\"content__title\">Coronav\u00edrus: Azul (AZUL4), Gol (GOLL4) e Latam t\u00eam preju\u00edzo de R$ 6 Bi no 2\u00ba tri, diz Anac<\/h2><\/a><div class=\"newsContent__article__meta\"><div class=\"newsContent__article__meta__authorBox\"><a href=\"https:\/\/www.suno.com.br\/noticias\/author\/rafaela-la-regina\/\" class=\"authorBox__avatar noMobi\"><img src=\"https:\/\/secure.gravatar.com\/avatar\/d2c75a52d243deb93d0465fdcb21bd37?s=96&#038;r=g\" alt=\"Rafaela La Regina\"><\/a><div class=\"authorBox__name\"><span>por\n\t\t\t<a href=\"https:\/\/www.suno.com.br\/noticias\/author\/rafaela-la-regina\/\"><span itemprop=\"author\">Rafaela La Regina<\/span><\/a><\/span><time datetime=\"2020-10-23T16:27:46-03:00\" itemprop=\"datePublished\">23\/10\/2020 16:27<\/time><\/div><\/div><\/div><\/div><\/div>","single_layout":"posts","amp_enabled":true,"_links":{"self":[{"href":"https:\/\/www.suno.com.br\/noticias\/wp-json\/wp\/v2\/posts\/94125"}],"collection":[{"href":"https:\/\/www.suno.com.br\/noticias\/wp-json\/wp\/v2\/posts"}],"about":[{"href":"https:\/\/www.suno.com.br\/noticias\/wp-json\/wp\/v2\/types\/post"}],"author":[{"embeddable":true,"href":"https:\/\/www.suno.com.br\/noticias\/wp-json\/wp\/v2\/users\/56"}],"replies":[{"embeddable":true,"href":"https:\/\/www.suno.com.br\/noticias\/wp-json\/wp\/v2\/comments?post=94125"}],"version-history":[{"count":1,"href":"https:\/\/www.suno.com.br\/noticias\/wp-json\/wp\/v2\/posts\/94125\/revisions"}],"predecessor-version":[{"id":146268,"href":"https:\/\/www.suno.com.br\/noticias\/wp-json\/wp\/v2\/posts\/94125\/revisions\/146268"}],"wp:featuredmedia":[{"embeddable":true,"href":"https:\/\/www.suno.com.br\/noticias\/wp-json\/wp\/v2\/media\/94145"}],"wp:attachment":[{"href":"https:\/\/www.suno.com.br\/noticias\/wp-json\/wp\/v2\/media?parent=94125"}],"wp:term":[{"taxonomy":"category","embeddable":true,"href":"https:\/\/www.suno.com.br\/noticias\/wp-json\/wp\/v2\/categories?post=94125"},{"taxonomy":"post_tag","embeddable":true,"href":"https:\/\/www.suno.com.br\/noticias\/wp-json\/wp\/v2\/tags?post=94125"},{"taxonomy":"suno_strategy","embeddable":true,"href":"https:\/\/www.suno.com.br\/noticias\/wp-json\/wp\/v2\/suno_strategy?post=94125"}],"curies":[{"name":"wp","href":"https:\/\/api.w.org\/{rel}","templated":true}]}}