{"id":93977,"date":"2020-10-23T11:24:16","date_gmt":"2020-10-23T14:24:16","guid":{"rendered":"https:\/\/www.suno.com.br\/noticias\/?p=93977"},"modified":"2020-10-23T14:12:14","modified_gmt":"2020-10-23T17:12:14","slug":"acoes-arezzo-arzz3-disparam-compra-reserva","status":"publish","type":"post","link":"https:\/\/www.suno.com.br\/noticias\/acoes-arezzo-arzz3-disparam-compra-reserva\/","title":{"rendered":"A\u00e7\u00f5es da Arezzo (ARZZ3) disparam 10% ap\u00f3s compra do grupo Reserva"},"content":{"rendered":"<p>As a\u00e7\u00f5es da <a href=\"https:\/\/www.suno.com.br\/acoes\/arzz3\/\"><strong>Arezzo<\/strong> (ARZZ3)<\/a> operam em forte alta nesta sexta-feira (23). Por volta das 10h45, os pap\u00e9is da companhia subiam 10%, por volta de R$ 58, ap\u00f3s o an\u00fancio da compra do grupo de moda Reserva, em opera\u00e7\u00e3o de R$ 715 milh\u00f5es.<br \/>\n\t<p>\n\t\t<a href=\"\" target=\"_blank\" data-element=\"shortcode-suno-banner\" title=\"Banner SUNO, clique e saiba mais\">\n\t\t\t<picture>\n\t\t\t\t<source media=\"(max-width: 500px)\" srcset=\"\">\n\t\t\t\t<img class=\"newsContent__article__imgCapa newsContent__article__imgCapa--banner\"\n\t\t\t\t\tsrc=\"\"\n\t\t\t\t\tdata-promo-id=\"93701\"\t\t\t\t\t\t\t\t\t\t\t\t\t\t\talt=\"\"\n\t\t\t\t>\n\t\t\t<\/picture>\n\t\t<\/a>\n\t<\/p>\n\n\t<\/p>\t<div class=\"wrapper-featured-image\">\n\t\t<figure class=\"spotlightImg\">\n\n\t\t\t<picture>\n\t\t\t\t<source media=\"(max-width: 768px)\" srcset=\"https:\/\/files.sunoresearch.com.br\/n\/uploads\/2020\/10\/ce1383b1-5d3a105f3f79e-400x200.webp\">\n\t\t\t\t<img loading=\"lazy\" decoding=\"async\" class=\"newsContent__article__imgCapa lazyloadDisabled \" src=\"https:\/\/files.sunoresearch.com.br\/n\/uploads\/2020\/10\/ce1383b1-5d3a105f3f79e-800x450.webp\" width=\"800\" height=\"450\" alt=\"A\u00e7\u00f5es da Arezzo (ARZZ3) disparam 10% ap\u00f3s compra do grupo Reserva\" fetchpriority=high \/>\n\t\t\t<\/picture>\n\n\t\t\t<figcaption class=\"wp-caption-text wp-caption-text--show\"> Arezzo (ARZZ3)<\/figcaption>\n\t\t<\/figure>\n\t<\/div>\n\n<p>As a\u00e7\u00f5es da <a href=\"https:\/\/www.suno.com.br\/acoes\/arzz3\/\"><strong>Arezzo<\/strong> (ARZZ3)<\/a> operam em forte alta nesta sexta-feira (23). Por volta das 10h45, os pap\u00e9is da companhia subiam 10%, por volta de R$ 58, ap\u00f3s o an\u00fancio da compra do grupo de moda Reserva, em opera\u00e7\u00e3o de R$ 715 milh\u00f5es.<br \/>\n\t<p>\n\t\t<a href=\"\" target=\"_blank\" data-element=\"shortcode-suno-banner\" title=\"Banner SUNO, clique e saiba mais\">\n\t\t\t<picture>\n\t\t\t\t<source media=\"(max-width: 500px)\" srcset=\"\">\n\t\t\t\t<img class=\"newsContent__article__imgCapa newsContent__article__imgCapa--banner\"\n\t\t\t\t\tsrc=\"\"\n\t\t\t\t\tdata-promo-id=\"93701\"\t\t\t\t\t\t\t\t\t\t\t\t\t\t\talt=\"\"\n\t\t\t\t>\n\t\t\t<\/picture>\n\t\t<\/a>\n\t<\/p>\n\n\t<\/p>\n\n<p>\u201cA opera\u00e7\u00e3o insere-se na estrat\u00e9gia da companhia de complementar seus neg\u00f3cios no setor de moda e varejo, ampliar sua oferta de produtos e expandir seu portf\u00f3lio de marcas buscando consolidar-se como uma house of brands, com a inclus\u00e3o no portf\u00f3lio do grupo Arezzo&amp;Co (mediante a efetiva\u00e7\u00e3o da opera\u00e7\u00e3o) das marcas Reserva, Reserva Mini, Oficina Reserva, Reserva Go, INK e EVA\u201d, salientou a companhia em nota.<\/p>\n<p><a href=\"https:\/\/lp.suno.com.br\/suno-one\/\">Suno One: acesse gratuitamente eBooks, Minicursos, Artigos e Video Aulas sobre investimentos com um \u00fanico cadastro. Clique para saber mais!<\/a><br \/>\n<div class=\"hubspot-form-wrapper\">\n\t<div id=\"single-form-target\"><\/div>\n<\/div>\n<\/p>\n<p>Do valor total acertado, cerca de R$ 225 milh\u00f5es ser\u00e3o pagos em dinheiro e o restante em a\u00e7\u00f5es. Os atuais acionitas da Reserva passar\u00e3o a controlar 8,7% da Arezzo, que at\u00e9 a \u00faltima quinta-feira (22) possu\u00eda um <a href=\"https:\/\/www.suno.com.br\/artigos\/valor-de-mercado\/#:~:text=O%20Valor%20de%20Mercado%20%C3%A9,o%20patrim%C3%B4nio%20l%C3%ADquido%20da%20empresa.\">valor de mercado<\/a> de R$ 4,8 bilh\u00f5es na <a href=\"https:\/\/www.suno.com.br\/artigos\/b3\/\">Bolsa de Valores de S\u00e3o Paulo (<strong>B3<\/strong>)<\/a>.<\/p>\n<p>Segundo os termos da opera\u00e7\u00e3o, o s\u00f3cio fundador da Reserva, Rony Meisler, e os executivos e s\u00f3cios minorit\u00e1rios, Fernando Sigal, Jayme Nigri e Jos\u00e9 Alberto da Silva, continuar\u00e3o a trabalhar como administradores da empresa, e far\u00e3o parte do desenvolvimento do &#8220;<strong>AR&amp;Co<\/strong>&#8220;, bra\u00e7o da Arezzo voltado ao vestu\u00e1rio do grupo.<br \/>\n\t<p>\n\t\t<a href=\"\" target=\"_blank\" data-element=\"shortcode-suno-banner\" title=\"Banner SUNO, clique e saiba mais\">\n\t\t\t<picture>\n\t\t\t\t<source media=\"(max-width: 500px)\" srcset=\"\">\n\t\t\t\t<img class=\"newsContent__article__imgCapa newsContent__article__imgCapa--banner\"\n\t\t\t\t\tsrc=\"\"\n\t\t\t\t\tdata-promo-id=\"93701\"\t\t\t\t\t\t\t\t\t\t\t\t\t\t\talt=\"\"\n\t\t\t\t>\n\t\t\t<\/picture>\n\t\t<\/a>\n\t<\/p>\n\n<br \/>\n\t<div data-element=\"shortcode-read-more\" class=\"knowMore\">\n\t\t\t\t<span class=\"knowMore__title\">Saiba mais<\/span>\n\t\t\t\t<a class=\"knowMore__link\" href=\"https:\/\/www.suno.com.br\/noticias\/arezzo-arzz3-queda-302-lucro-liquido-2t20\/\">\n\t\t\tArezzo (ARZZ3) reporta uma queda de 302,9% no lucro do 2T20\t\t<\/a>\n\t<\/div>\n\n<\/p>\n<p>O neg\u00f3cio tamb\u00e9m far\u00e1 com que a companhia entre no mercado de moda masculina, feminina e infantil, incluindo roupas e acess\u00f3rios, o que pode ampliar em 3,5 vezes o segmento em que j\u00e1 atua.<\/p>\n<p>A opera\u00e7\u00e3o foi acatada pelo Conselho de Administra\u00e7\u00e3o da <strong>Arezzo<\/strong> na \u00faltima quinta-feira, e a efetiva\u00e7\u00e3o do processo de compra da Reserva est\u00e1 condicionada \u00e0 an\u00e1lise e aprova\u00e7\u00e3o pelo <a href=\"https:\/\/www.suno.com.br\/artigos\/cade\/\">Conselho Administrativo de Defesa Econ\u00f4mica (Cade)<\/a>.<\/p>\n\t<p>\n\t\t<a href=\"https:\/\/lp.suno.com.br\/planilha-de-controle-de-investimentos\/\" target=\"_blank\" data-element=\"shortcode-suno-banner\" title=\"Banner SUNO, clique e saiba mais\">\n\t\t\t<picture>\n\t\t\t\t<source media=\"(max-width: 500px)\" srcset=\"https:\/\/files.sunoresearch.com.br\/n\/uploads\/2023\/03\/400x300-Controle-de-Investimentos.png\">\n\t\t\t\t<img class=\"newsContent__article__imgCapa newsContent__article__imgCapa--banner\"\n\t\t\t\t\tsrc=\"https:\/\/files.sunoresearch.com.br\/n\/uploads\/2023\/03\/1420x240-Controle-de-Investimentos.png\"\n\t\t\t\t\tdata-promo-id=\"75934\"\t\t\t\t\t\t\t\t\t\twidth='1420' height='240'\t\t\t\t\talt=\"https:\/\/files.sunoresearch.com.br\/n\/uploads\/2023\/03\/1420x240-Controle-de-Investimentos.png\"\n\t\t\t\t>\n\t\t\t<\/picture>\n\t\t<\/a>\n\t<\/p>\n\n\n","protected":false},"excerpt":{"rendered":"<p>As a\u00e7\u00f5es da Arezzo (ARZZ3) operam em forte alta nesta sexta-feira (23). Por volta das 10h45, os pap\u00e9is da companhia subiam 10%, por volta de R$ 58, ap\u00f3s o an\u00fancio da compra do grupo de moda Reserva, em opera\u00e7\u00e3o de R$ 715 milh\u00f5es. Arezzo (ARZZ3) O acordo, segundo o comunicado apresentado pela empresa, prev\u00ea um [&hellip;]<\/p>\n","protected":false},"author":24,"featured_media":93986,"comment_status":"closed","ping_status":"closed","sticky":false,"template":"","format":"standard","meta":[],"categories":[60],"tags":[362,62812,104753],"suno_strategy":[],"class_list":["post-93977","post","type-post","status-publish","format-standard","has-post-thumbnail","hentry","category-mercado","tag-arezzo-arzz3","tag-fusoes-e-aquisicoes","tag-reserva"],"yoast_head":"<!-- This site is optimized with the Yoast SEO plugin v24.4 - https:\/\/yoast.com\/wordpress\/plugins\/seo\/ -->\n<title>A\u00e7\u00f5es da Arezzo (ARZZ3) disparam 10% ap\u00f3s compra do grupo Reserva<\/title>\n<meta name=\"description\" content=\"As a\u00e7\u00f5es da Arezzo (ARZZ3) operam em forte alta nesta sexta-feira ap\u00f3s o an\u00fancio da compra do grupo Reserva. Clique e saiba mais.\" \/>\n<meta name=\"robots\" content=\"index, follow, max-snippet:-1, max-image-preview:large, max-video-preview:-1\" \/>\n<link rel=\"canonical\" href=\"https:\/\/www.suno.com.br\/noticias\/acoes-arezzo-arzz3-disparam-compra-reserva\/\" \/>\n<meta property=\"og:locale\" content=\"pt_BR\" \/>\n<meta property=\"og:type\" content=\"article\" \/>\n<meta property=\"og:title\" content=\"A\u00e7\u00f5es da Arezzo (ARZZ3) disparam 10% ap\u00f3s compra do grupo Reserva\" \/>\n<meta property=\"og:description\" content=\"As a\u00e7\u00f5es da Arezzo (ARZZ3) operam em forte alta nesta sexta-feira ap\u00f3s o an\u00fancio da compra do grupo Reserva. Clique e saiba mais.\" \/>\n<meta property=\"og:url\" content=\"https:\/\/www.suno.com.br\/noticias\/acoes-arezzo-arzz3-disparam-compra-reserva\/\" \/>\n<meta property=\"og:site_name\" content=\"Suno Not\u00edcias\" \/>\n<meta property=\"article:publisher\" content=\"https:\/\/facebook.com\/sunoresearch\" \/>\n<meta property=\"og:image\" content=\"https:\/\/files.sunoresearch.com.br\/n\/uploads\/2020\/10\/ce1383b1-5d3a105f3f79e.jpg\" \/>\n\t<meta property=\"og:image:width\" content=\"1280\" \/>\n\t<meta property=\"og:image:height\" content=\"920\" \/>\n\t<meta property=\"og:image:type\" content=\"image\/jpeg\" \/>\n<meta name=\"author\" content=\"Jader Lazarini\" \/>\n<meta name=\"twitter:card\" content=\"summary_large_image\" \/>\n<meta name=\"twitter:creator\" content=\"@sunoresearch\" \/>\n<meta name=\"twitter:site\" content=\"@sunoresearch\" \/>\n<meta name=\"twitter:label1\" content=\"Escrito por\" \/>\n\t<meta name=\"twitter:data1\" content=\"Jader Lazarini\" \/>\n\t<meta name=\"twitter:label2\" content=\"Est. tempo de leitura\" \/>\n\t<meta name=\"twitter:data2\" content=\"2 minutos\" \/>\n<script type=\"application\/ld+json\" class=\"yoast-schema-graph\">{\"@context\":\"https:\/\/schema.org\",\"@graph\":[{\"@type\":\"NewsArticle\",\"@id\":\"https:\/\/www.suno.com.br\/noticias\/acoes-arezzo-arzz3-disparam-compra-reserva\/#article\",\"isPartOf\":{\"@id\":\"https:\/\/www.suno.com.br\/noticias\/acoes-arezzo-arzz3-disparam-compra-reserva\/\"},\"author\":{\"name\":\"Jader Lazarini\",\"@id\":\"https:\/\/www.suno.com.br\/noticias\/#\/schema\/person\/918d79de1f0281f01599b93f9ea6e23f\"},\"headline\":\"A\u00e7\u00f5es da Arezzo (ARZZ3) disparam 10% ap\u00f3s compra do grupo Reserva\",\"datePublished\":\"2020-10-23T14:24:16+00:00\",\"dateModified\":\"2020-10-23T17:12:14+00:00\",\"mainEntityOfPage\":{\"@id\":\"https:\/\/www.suno.com.br\/noticias\/acoes-arezzo-arzz3-disparam-compra-reserva\/\"},\"wordCount\":405,\"publisher\":{\"@id\":\"https:\/\/www.suno.com.br\/noticias\/#organization\"},\"image\":{\"@id\":\"https:\/\/www.suno.com.br\/noticias\/acoes-arezzo-arzz3-disparam-compra-reserva\/#primaryimage\"},\"thumbnailUrl\":\"https:\/\/files.sunoresearch.com.br\/n\/uploads\/2020\/10\/ce1383b1-5d3a105f3f79e-jpg.webp\",\"keywords\":[\"Arezzo (ARZZ3)\",\"fus\u00f5es e aquisi\u00e7\u00f5es\",\"Reserva\"],\"articleSection\":[\"Mercado\"],\"inLanguage\":\"pt-BR\"},{\"@type\":\"WebPage\",\"@id\":\"https:\/\/www.suno.com.br\/noticias\/acoes-arezzo-arzz3-disparam-compra-reserva\/\",\"url\":\"https:\/\/www.suno.com.br\/noticias\/acoes-arezzo-arzz3-disparam-compra-reserva\/\",\"name\":\"A\u00e7\u00f5es da Arezzo (ARZZ3) disparam 10% ap\u00f3s compra do grupo Reserva\",\"isPartOf\":{\"@id\":\"https:\/\/www.suno.com.br\/noticias\/#website\"},\"primaryImageOfPage\":{\"@id\":\"https:\/\/www.suno.com.br\/noticias\/acoes-arezzo-arzz3-disparam-compra-reserva\/#primaryimage\"},\"image\":{\"@id\":\"https:\/\/www.suno.com.br\/noticias\/acoes-arezzo-arzz3-disparam-compra-reserva\/#primaryimage\"},\"thumbnailUrl\":\"https:\/\/files.sunoresearch.com.br\/n\/uploads\/2020\/10\/ce1383b1-5d3a105f3f79e-jpg.webp\",\"datePublished\":\"2020-10-23T14:24:16+00:00\",\"dateModified\":\"2020-10-23T17:12:14+00:00\",\"description\":\"As a\u00e7\u00f5es da Arezzo (ARZZ3) operam em forte alta nesta sexta-feira ap\u00f3s o an\u00fancio da compra do grupo Reserva. Clique e saiba mais.\",\"breadcrumb\":{\"@id\":\"https:\/\/www.suno.com.br\/noticias\/acoes-arezzo-arzz3-disparam-compra-reserva\/#breadcrumb\"},\"inLanguage\":\"pt-BR\",\"potentialAction\":[{\"@type\":\"ReadAction\",\"target\":[\"https:\/\/www.suno.com.br\/noticias\/acoes-arezzo-arzz3-disparam-compra-reserva\/\"]}]},{\"@type\":\"ImageObject\",\"inLanguage\":\"pt-BR\",\"@id\":\"https:\/\/www.suno.com.br\/noticias\/acoes-arezzo-arzz3-disparam-compra-reserva\/#primaryimage\",\"url\":\"https:\/\/files.sunoresearch.com.br\/n\/uploads\/2020\/10\/ce1383b1-5d3a105f3f79e-jpg.webp\",\"contentUrl\":\"https:\/\/files.sunoresearch.com.br\/n\/uploads\/2020\/10\/ce1383b1-5d3a105f3f79e-jpg.webp\",\"width\":1280,\"height\":920,\"caption\":\"Arezzo (ARZZ3)\"},{\"@type\":\"BreadcrumbList\",\"@id\":\"https:\/\/www.suno.com.br\/noticias\/acoes-arezzo-arzz3-disparam-compra-reserva\/#breadcrumb\",\"itemListElement\":[{\"@type\":\"ListItem\",\"position\":1,\"name\":\"Not\u00edcias\",\"item\":\"https:\/\/www.suno.com.br\/noticias\/\"},{\"@type\":\"ListItem\",\"position\":2,\"name\":\"Mercado\",\"item\":\"https:\/\/www.suno.com.br\/noticias\/mercado\/\"},{\"@type\":\"ListItem\",\"position\":3,\"name\":\"A\u00e7\u00f5es da Arezzo (ARZZ3) disparam 10% ap\u00f3s compra do grupo Reserva\"}]},{\"@type\":\"WebSite\",\"@id\":\"https:\/\/www.suno.com.br\/noticias\/#website\",\"url\":\"https:\/\/www.suno.com.br\/noticias\/\",\"name\":\"Suno Not\u00edcias\",\"description\":\"Seu portal de informa\u00e7\u00e3o sobre o mundo dos investimentos\",\"publisher\":{\"@id\":\"https:\/\/www.suno.com.br\/noticias\/#organization\"},\"potentialAction\":[{\"@type\":\"SearchAction\",\"target\":{\"@type\":\"EntryPoint\",\"urlTemplate\":\"https:\/\/www.suno.com.br\/noticias\/?s={search_term_string}\"},\"query-input\":{\"@type\":\"PropertyValueSpecification\",\"valueRequired\":true,\"valueName\":\"search_term_string\"}}],\"inLanguage\":\"pt-BR\"},{\"@type\":\"Organization\",\"@id\":\"https:\/\/www.suno.com.br\/noticias\/#organization\",\"name\":\"Suno Not\u00edcias\",\"url\":\"https:\/\/www.suno.com.br\/noticias\/\",\"logo\":{\"@type\":\"ImageObject\",\"inLanguage\":\"pt-BR\",\"@id\":\"https:\/\/www.suno.com.br\/noticias\/#\/schema\/logo\/image\/\",\"url\":\"https:\/\/files.sunoresearch.com.br\/n\/uploads\/2021\/09\/suno-logo.png\",\"contentUrl\":\"https:\/\/files.sunoresearch.com.br\/n\/uploads\/2021\/09\/suno-logo.png\",\"width\":180,\"height\":180,\"caption\":\"Suno Not\u00edcias\"},\"image\":{\"@id\":\"https:\/\/www.suno.com.br\/noticias\/#\/schema\/logo\/image\/\"},\"sameAs\":[\"https:\/\/facebook.com\/sunoresearch\",\"https:\/\/x.com\/sunoresearch\",\"https:\/\/www.instagram.com\/suno\",\"https:\/\/www.linkedin.com\/company\/suno-research\/\",\"https:\/\/www.youtube.com\/c\/sunoresearch\"]},{\"@type\":\"Person\",\"@id\":\"https:\/\/www.suno.com.br\/noticias\/#\/schema\/person\/918d79de1f0281f01599b93f9ea6e23f\",\"name\":\"Jader Lazarini\",\"image\":{\"@type\":\"ImageObject\",\"inLanguage\":\"pt-BR\",\"@id\":\"https:\/\/www.suno.com.br\/noticias\/#\/schema\/person\/image\/\",\"url\":\"https:\/\/secure.gravatar.com\/avatar\/3c1ad8caa51589841baeb923fcddea97?s=96&r=g\",\"contentUrl\":\"https:\/\/secure.gravatar.com\/avatar\/3c1ad8caa51589841baeb923fcddea97?s=96&r=g\",\"caption\":\"Jader Lazarini\"},\"description\":\"Jader Lazarini escreve sobre investimentos, finan\u00e7as, economia e neg\u00f3cios. \u00c9 bacharel em Rela\u00e7\u00f5es Internacionais e analista CNPI (2619).\",\"url\":\"https:\/\/www.suno.com.br\/noticias\/author\/jader-lazarini\/\"}]}<\/script>\n<!-- \/ Yoast SEO plugin. -->","yoast_head_json":{"title":"A\u00e7\u00f5es da Arezzo (ARZZ3) disparam 10% ap\u00f3s compra do grupo Reserva","description":"As a\u00e7\u00f5es da Arezzo (ARZZ3) operam em forte alta nesta sexta-feira ap\u00f3s o an\u00fancio da compra do grupo Reserva. Clique e saiba mais.","robots":{"index":"index","follow":"follow","max-snippet":"max-snippet:-1","max-image-preview":"max-image-preview:large","max-video-preview":"max-video-preview:-1"},"canonical":"https:\/\/www.suno.com.br\/noticias\/acoes-arezzo-arzz3-disparam-compra-reserva\/","og_locale":"pt_BR","og_type":"article","og_title":"A\u00e7\u00f5es da Arezzo (ARZZ3) disparam 10% ap\u00f3s compra do grupo Reserva","og_description":"As a\u00e7\u00f5es da Arezzo (ARZZ3) operam em forte alta nesta sexta-feira ap\u00f3s o an\u00fancio da compra do grupo Reserva. Clique e saiba mais.","og_url":"https:\/\/www.suno.com.br\/noticias\/acoes-arezzo-arzz3-disparam-compra-reserva\/","og_site_name":"Suno Not\u00edcias","article_publisher":"https:\/\/facebook.com\/sunoresearch","og_image":[{"width":1280,"height":920,"url":"https:\/\/files.sunoresearch.com.br\/n\/uploads\/2020\/10\/ce1383b1-5d3a105f3f79e.jpg","type":"image\/jpeg"}],"author":"Jader Lazarini","twitter_card":"summary_large_image","twitter_creator":"@sunoresearch","twitter_site":"@sunoresearch","twitter_misc":{"Escrito por":"Jader Lazarini","Est. tempo de leitura":"2 minutos"},"schema":{"@context":"https:\/\/schema.org","@graph":[{"@type":"NewsArticle","@id":"https:\/\/www.suno.com.br\/noticias\/acoes-arezzo-arzz3-disparam-compra-reserva\/#article","isPartOf":{"@id":"https:\/\/www.suno.com.br\/noticias\/acoes-arezzo-arzz3-disparam-compra-reserva\/"},"author":{"name":"Jader Lazarini","@id":"https:\/\/www.suno.com.br\/noticias\/#\/schema\/person\/918d79de1f0281f01599b93f9ea6e23f"},"headline":"A\u00e7\u00f5es da Arezzo (ARZZ3) disparam 10% ap\u00f3s compra do grupo Reserva","datePublished":"2020-10-23T14:24:16+00:00","dateModified":"2020-10-23T17:12:14+00:00","mainEntityOfPage":{"@id":"https:\/\/www.suno.com.br\/noticias\/acoes-arezzo-arzz3-disparam-compra-reserva\/"},"wordCount":405,"publisher":{"@id":"https:\/\/www.suno.com.br\/noticias\/#organization"},"image":{"@id":"https:\/\/www.suno.com.br\/noticias\/acoes-arezzo-arzz3-disparam-compra-reserva\/#primaryimage"},"thumbnailUrl":"https:\/\/files.sunoresearch.com.br\/n\/uploads\/2020\/10\/ce1383b1-5d3a105f3f79e-jpg.webp","keywords":["Arezzo (ARZZ3)","fus\u00f5es e aquisi\u00e7\u00f5es","Reserva"],"articleSection":["Mercado"],"inLanguage":"pt-BR"},{"@type":"WebPage","@id":"https:\/\/www.suno.com.br\/noticias\/acoes-arezzo-arzz3-disparam-compra-reserva\/","url":"https:\/\/www.suno.com.br\/noticias\/acoes-arezzo-arzz3-disparam-compra-reserva\/","name":"A\u00e7\u00f5es da Arezzo (ARZZ3) disparam 10% ap\u00f3s compra do grupo Reserva","isPartOf":{"@id":"https:\/\/www.suno.com.br\/noticias\/#website"},"primaryImageOfPage":{"@id":"https:\/\/www.suno.com.br\/noticias\/acoes-arezzo-arzz3-disparam-compra-reserva\/#primaryimage"},"image":{"@id":"https:\/\/www.suno.com.br\/noticias\/acoes-arezzo-arzz3-disparam-compra-reserva\/#primaryimage"},"thumbnailUrl":"https:\/\/files.sunoresearch.com.br\/n\/uploads\/2020\/10\/ce1383b1-5d3a105f3f79e-jpg.webp","datePublished":"2020-10-23T14:24:16+00:00","dateModified":"2020-10-23T17:12:14+00:00","description":"As a\u00e7\u00f5es da Arezzo (ARZZ3) operam em forte alta nesta sexta-feira ap\u00f3s o an\u00fancio da compra do grupo Reserva. Clique e saiba mais.","breadcrumb":{"@id":"https:\/\/www.suno.com.br\/noticias\/acoes-arezzo-arzz3-disparam-compra-reserva\/#breadcrumb"},"inLanguage":"pt-BR","potentialAction":[{"@type":"ReadAction","target":["https:\/\/www.suno.com.br\/noticias\/acoes-arezzo-arzz3-disparam-compra-reserva\/"]}]},{"@type":"ImageObject","inLanguage":"pt-BR","@id":"https:\/\/www.suno.com.br\/noticias\/acoes-arezzo-arzz3-disparam-compra-reserva\/#primaryimage","url":"https:\/\/files.sunoresearch.com.br\/n\/uploads\/2020\/10\/ce1383b1-5d3a105f3f79e-jpg.webp","contentUrl":"https:\/\/files.sunoresearch.com.br\/n\/uploads\/2020\/10\/ce1383b1-5d3a105f3f79e-jpg.webp","width":1280,"height":920,"caption":"Arezzo (ARZZ3)"},{"@type":"BreadcrumbList","@id":"https:\/\/www.suno.com.br\/noticias\/acoes-arezzo-arzz3-disparam-compra-reserva\/#breadcrumb","itemListElement":[{"@type":"ListItem","position":1,"name":"Not\u00edcias","item":"https:\/\/www.suno.com.br\/noticias\/"},{"@type":"ListItem","position":2,"name":"Mercado","item":"https:\/\/www.suno.com.br\/noticias\/mercado\/"},{"@type":"ListItem","position":3,"name":"A\u00e7\u00f5es da Arezzo (ARZZ3) disparam 10% ap\u00f3s compra do grupo Reserva"}]},{"@type":"WebSite","@id":"https:\/\/www.suno.com.br\/noticias\/#website","url":"https:\/\/www.suno.com.br\/noticias\/","name":"Suno Not\u00edcias","description":"Seu portal de informa\u00e7\u00e3o sobre o mundo dos investimentos","publisher":{"@id":"https:\/\/www.suno.com.br\/noticias\/#organization"},"potentialAction":[{"@type":"SearchAction","target":{"@type":"EntryPoint","urlTemplate":"https:\/\/www.suno.com.br\/noticias\/?s={search_term_string}"},"query-input":{"@type":"PropertyValueSpecification","valueRequired":true,"valueName":"search_term_string"}}],"inLanguage":"pt-BR"},{"@type":"Organization","@id":"https:\/\/www.suno.com.br\/noticias\/#organization","name":"Suno Not\u00edcias","url":"https:\/\/www.suno.com.br\/noticias\/","logo":{"@type":"ImageObject","inLanguage":"pt-BR","@id":"https:\/\/www.suno.com.br\/noticias\/#\/schema\/logo\/image\/","url":"https:\/\/files.sunoresearch.com.br\/n\/uploads\/2021\/09\/suno-logo.png","contentUrl":"https:\/\/files.sunoresearch.com.br\/n\/uploads\/2021\/09\/suno-logo.png","width":180,"height":180,"caption":"Suno Not\u00edcias"},"image":{"@id":"https:\/\/www.suno.com.br\/noticias\/#\/schema\/logo\/image\/"},"sameAs":["https:\/\/facebook.com\/sunoresearch","https:\/\/x.com\/sunoresearch","https:\/\/www.instagram.com\/suno","https:\/\/www.linkedin.com\/company\/suno-research\/","https:\/\/www.youtube.com\/c\/sunoresearch"]},{"@type":"Person","@id":"https:\/\/www.suno.com.br\/noticias\/#\/schema\/person\/918d79de1f0281f01599b93f9ea6e23f","name":"Jader Lazarini","image":{"@type":"ImageObject","inLanguage":"pt-BR","@id":"https:\/\/www.suno.com.br\/noticias\/#\/schema\/person\/image\/","url":"https:\/\/secure.gravatar.com\/avatar\/3c1ad8caa51589841baeb923fcddea97?s=96&r=g","contentUrl":"https:\/\/secure.gravatar.com\/avatar\/3c1ad8caa51589841baeb923fcddea97?s=96&r=g","caption":"Jader Lazarini"},"description":"Jader Lazarini escreve sobre investimentos, finan\u00e7as, economia e neg\u00f3cios. \u00c9 bacharel em Rela\u00e7\u00f5es Internacionais e analista CNPI (2619).","url":"https:\/\/www.suno.com.br\/noticias\/author\/jader-lazarini\/"}]}},"default_loop_html":"<div class=\"cardsPage__listCard__boxs\"><div class=\"cardsPage__listCard__boxs__img\"><a href=\"https:\/\/www.suno.com.br\/noticias\/acoes-arezzo-arzz3-disparam-compra-reserva\/\"><img class=\"mask\" src=\"https:\/\/www.suno.com.br\/noticias\/wp-content\/themes\/suno\/resources\/images\/spotlight\/spotlight1img\/bg-mask.png\" alt=\"Image Mask\"\/><img src=\"https:\/\/files.sunoresearch.com.br\/n\/uploads\/2020\/10\/ce1383b1-5d3a105f3f79e-400x200.webp\" alt=\"A\u00e7\u00f5es da Arezzo (ARZZ3) disparam 10% ap\u00f3s compra do grupo Reserva\"\/><\/a><span class=\"spotlightCategory\"><a href=\"https:\/\/www.suno.com.br\/noticias\/mercado\/\">Mercado<\/a><\/span><\/div><div class=\"cardsPage__listCard__boxs__content\"><a href=\"https:\/\/www.suno.com.br\/noticias\/acoes-arezzo-arzz3-disparam-compra-reserva\/\"><h2 class=\"content__title\">A\u00e7\u00f5es da Arezzo (ARZZ3) disparam 10% ap\u00f3s compra do grupo Reserva<\/h2><\/a><div class=\"newsContent__article__meta\"><div class=\"newsContent__article__meta__authorBox\"><a href=\"https:\/\/www.suno.com.br\/noticias\/author\/jader-lazarini\/\" class=\"authorBox__avatar noMobi\"><img src=\"https:\/\/files.sunoresearch.com.br\/n\/uploads\/2021\/01\/178e6598-foto-perfil-2-150x150.jpg\" alt=\"Jader Lazarini\"><\/a><div class=\"authorBox__name\"><span>por\n\t\t\t<a href=\"https:\/\/www.suno.com.br\/noticias\/author\/jader-lazarini\/\"><span itemprop=\"author\">Jader Lazarini<\/span><\/a><\/span><time datetime=\"2020-10-23T11:24:16-03:00\" itemprop=\"datePublished\">23\/10\/2020 11:24<\/time><\/div><\/div><\/div><\/div><\/div>","single_layout":"posts","amp_enabled":true,"_links":{"self":[{"href":"https:\/\/www.suno.com.br\/noticias\/wp-json\/wp\/v2\/posts\/93977"}],"collection":[{"href":"https:\/\/www.suno.com.br\/noticias\/wp-json\/wp\/v2\/posts"}],"about":[{"href":"https:\/\/www.suno.com.br\/noticias\/wp-json\/wp\/v2\/types\/post"}],"author":[{"embeddable":true,"href":"https:\/\/www.suno.com.br\/noticias\/wp-json\/wp\/v2\/users\/24"}],"replies":[{"embeddable":true,"href":"https:\/\/www.suno.com.br\/noticias\/wp-json\/wp\/v2\/comments?post=93977"}],"version-history":[{"count":0,"href":"https:\/\/www.suno.com.br\/noticias\/wp-json\/wp\/v2\/posts\/93977\/revisions"}],"wp:featuredmedia":[{"embeddable":true,"href":"https:\/\/www.suno.com.br\/noticias\/wp-json\/wp\/v2\/media\/93986"}],"wp:attachment":[{"href":"https:\/\/www.suno.com.br\/noticias\/wp-json\/wp\/v2\/media?parent=93977"}],"wp:term":[{"taxonomy":"category","embeddable":true,"href":"https:\/\/www.suno.com.br\/noticias\/wp-json\/wp\/v2\/categories?post=93977"},{"taxonomy":"post_tag","embeddable":true,"href":"https:\/\/www.suno.com.br\/noticias\/wp-json\/wp\/v2\/tags?post=93977"},{"taxonomy":"suno_strategy","embeddable":true,"href":"https:\/\/www.suno.com.br\/noticias\/wp-json\/wp\/v2\/suno_strategy?post=93977"}],"curies":[{"name":"wp","href":"https:\/\/api.w.org\/{rel}","templated":true}]}}