{"id":93957,"date":"2020-10-23T11:35:06","date_gmt":"2020-10-23T14:35:06","guid":{"rendered":"https:\/\/www.suno.com.br\/noticias\/?p=93957"},"modified":"2020-10-23T16:35:49","modified_gmt":"2020-10-23T19:35:49","slug":"vale-tenta-acordo-estado-mg-brumadinho","status":"publish","type":"post","link":"https:\/\/www.suno.com.br\/noticias\/vale-tenta-acordo-estado-mg-brumadinho\/","title":{"rendered":"Vale (VALE3) ter\u00e1 nova audi\u00eancia sobre Brumadinho em 17 de novembro"},"content":{"rendered":"<p>A <a href=\"https:\/\/www.suno.com.br\/acoes\/vale3\/\"><strong>Vale<\/strong> (VALE3)<\/a> informou, nesta sexta-feira (23), que permanece negociando com o Estado de Minas Gerais e demais autores da A\u00e7\u00e3o Civil P\u00fablica (ACP) de Brumadinho para um acordo global de indeniza\u00e7\u00e3o em rela\u00e7\u00e3o aos danos causados na trag\u00e9dia de Brumadinho. Ontem, houve uma reuni\u00e3o na 2\u00b0 Vara de Fazenda P\u00fablica e Autarquias do Tribunal de Justi\u00e7a de Minas Gerais (TJMG) entre o governo do Estado de MG e a mineradora. Entretanto, uma nova audi\u00eancia do Governo do Estado de Minas Gerais com a Vale foi marcada para o dia 17 de novembro.<br \/>\n\t<p>\n\t\t<a href=\"\" target=\"_blank\" data-element=\"shortcode-suno-banner\" title=\"Banner SUNO, clique e saiba mais\">\n\t\t\t<picture>\n\t\t\t\t<source media=\"(max-width: 500px)\" srcset=\"\">\n\t\t\t\t<img class=\"newsContent__article__imgCapa newsContent__article__imgCapa--banner\"\n\t\t\t\t\tsrc=\"\"\n\t\t\t\t\tdata-promo-id=\"93701\"\t\t\t\t\t\t\t\t\t\t\t\t\t\t\talt=\"\"\n\t\t\t\t>\n\t\t\t<\/picture>\n\t\t<\/a>\n\t<\/p>\n\n<br \/>\nA Vale se manifestou sobre o caso ap\u00f3s not\u00edcias veiculadas em jornais na \u00faltima quinta-feira (22). O objetivo da <strong>mineradora<\/strong> \u00e9 chegar a um acordo &#8220;est\u00e1vel para a execu\u00e7\u00e3o das repara\u00e7\u00f5es e compensa\u00e7\u00f5es, com a suspens\u00e3o da referida ACP e de outros <strong>processos<\/strong> civis existentes&#8221;.<\/p>\t<div class=\"wrapper-featured-image\">\n\t\t<figure class=\"spotlightImg\">\n\n\t\t\t<picture>\n\t\t\t\t<source media=\"(max-width: 768px)\" srcset=\"https:\/\/files.sunoresearch.com.br\/n\/uploads\/2019\/04\/0f373374-vale-400x200.webp\">\n\t\t\t\t<img loading=\"lazy\" decoding=\"async\" class=\"newsContent__article__imgCapa lazyloadDisabled \" src=\"https:\/\/files.sunoresearch.com.br\/n\/uploads\/2019\/04\/0f373374-vale-800x450.webp\" width=\"800\" height=\"450\" alt=\"Vale (VALE3) ter\u00e1 nova audi\u00eancia sobre Brumadinho em 17 de novembro\" fetchpriority=high \/>\n\t\t\t<\/picture>\n\n\t\t\t<figcaption class=\"wp-caption-text wp-caption-text--show\">Logo da Vale (foto: divulga\u00e7\u00e3o) <\/figcaption>\n\t\t<\/figure>\n\t<\/div>\n\n<p>A <a href=\"https:\/\/www.suno.com.br\/acoes\/vale3\/\"><strong>Vale<\/strong> (VALE3)<\/a> informou, nesta sexta-feira (23), que permanece negociando com o Estado de Minas Gerais e demais autores da A\u00e7\u00e3o Civil P\u00fablica (ACP) de Brumadinho para um acordo global de indeniza\u00e7\u00e3o em rela\u00e7\u00e3o aos danos causados na trag\u00e9dia de Brumadinho. Ontem, houve uma reuni\u00e3o na 2\u00b0 Vara de Fazenda P\u00fablica e Autarquias do Tribunal de Justi\u00e7a de Minas Gerais (TJMG) entre o governo do Estado de MG e a mineradora. Entretanto, uma nova audi\u00eancia do Governo do Estado de Minas Gerais com a Vale foi marcada para o dia 17 de novembro.<br \/>\n\t<p>\n\t\t<a href=\"\" target=\"_blank\" data-element=\"shortcode-suno-banner\" title=\"Banner SUNO, clique e saiba mais\">\n\t\t\t<picture>\n\t\t\t\t<source media=\"(max-width: 500px)\" srcset=\"\">\n\t\t\t\t<img class=\"newsContent__article__imgCapa newsContent__article__imgCapa--banner\"\n\t\t\t\t\tsrc=\"\"\n\t\t\t\t\tdata-promo-id=\"93701\"\t\t\t\t\t\t\t\t\t\t\t\t\t\t\talt=\"\"\n\t\t\t\t>\n\t\t\t<\/picture>\n\t\t<\/a>\n\t<\/p>\n\n<br \/>\nA Vale se manifestou sobre o caso ap\u00f3s not\u00edcias veiculadas em jornais na \u00faltima quinta-feira (22). O objetivo da <strong>mineradora<\/strong> \u00e9 chegar a um acordo &#8220;est\u00e1vel para a execu\u00e7\u00e3o das repara\u00e7\u00f5es e compensa\u00e7\u00f5es, com a suspens\u00e3o da referida ACP e de outros <strong>processos<\/strong> civis existentes&#8221;.<\/p>\n\n<p><a href=\"https:\/\/lp.suno.com.br\/suno-one\/\">No Suno One voc\u00ea aprende a fazer seu dinheiro trabalhar para voc\u00ea. Cadastre-se gratuitamente agora!<\/a><\/p>\n<p>&#8220;A Vale reitera o seu compromisso com as a\u00e7\u00f5es de repara\u00e7\u00e3o e compensa\u00e7\u00e3o dos danos causados pelo<strong> rompimento da barragem<\/strong>, que se iniciaram imediatamente ap\u00f3s o ocorrido. A companhia refor\u00e7a sua disposi\u00e7\u00e3o para a continuidade das negocia\u00e7\u00f5es e comunicar\u00e1 ao mercado eventuais resultados materiais em momento oportuno&#8221;, conclui a empresa.<\/p>\n\t<div data-element=\"shortcode-read-more\" class=\"knowMore\">\n\t\t\t\t<span class=\"knowMore__title\">Saiba mais<\/span>\n\t\t\t\t<a class=\"knowMore__link\" href=\"https:\/\/www.suno.com.br\/noticias\/track-field-allied-sinalizam-retomada-ipo\/\">\n\t\t\tTrack &amp; Field e Allied sinalizam retomada dos processos de IPO\t\t<\/a>\n\t<\/div>\n\n\n<h2>Produ\u00e7\u00e3o de min\u00e9rio de ferro da <strong>Vale no 3T20<\/strong><\/h2>\n<p>A <strong>produ\u00e7\u00e3o de min\u00e9rio de ferro<\/strong> da Vale\u00a0ficou em 88.676 milh\u00f5es de toneladas no terceiro trimestre de 2020. O valor representa um crescimento de 2,3% em rela\u00e7\u00e3o ao mesmo per\u00edodo do ano passado. Frente ao segundo trimestre deste ano, o avan\u00e7o foi de 31,2%.<br \/>\n<div class=\"hubspot-form-wrapper\">\n\t<div id=\"single-form-target\"><\/div>\n<\/div>\n<\/p>\n<p>No acumulado do ano at\u00e9 setembro, a produ\u00e7\u00e3o chegou em 215.877 milh\u00f5es de toneladas, queda de 3,5% em compara\u00e7\u00e3o ao per\u00edodo de janeiro a setembro do ano passado. A meta da companhia para a produ\u00e7\u00e3o \u00e9 de 310 milh\u00f5es a 330 milh\u00f5es de toneladas at\u00e9 o fim de 2020.<\/p>\n<p>No relat\u00f3rio que divulgou na \u00faltima segunda-feira (19), a <strong>Vale<\/strong> informou que est\u00e1 evoluindo com seu plano de estabiliza\u00e7\u00e3o e entregou uma forte produ\u00e7\u00e3o de min\u00e9rio de ferro no terceiro trimestre.<\/p>\n\t<p>\n\t\t<a href=\"https:\/\/lp.suno.com.br\/planilha-de-controle-de-investimentos\/\" target=\"_blank\" data-element=\"shortcode-suno-banner\" title=\"Banner SUNO, clique e saiba mais\">\n\t\t\t<picture>\n\t\t\t\t<source media=\"(max-width: 500px)\" srcset=\"https:\/\/files.sunoresearch.com.br\/n\/uploads\/2023\/03\/400x300-Controle-de-Investimentos.png\">\n\t\t\t\t<img class=\"newsContent__article__imgCapa newsContent__article__imgCapa--banner\"\n\t\t\t\t\tsrc=\"https:\/\/files.sunoresearch.com.br\/n\/uploads\/2023\/03\/1420x240-Controle-de-Investimentos.png\"\n\t\t\t\t\tdata-promo-id=\"75934\"\t\t\t\t\t\t\t\t\t\twidth='1420' height='240'\t\t\t\t\talt=\"https:\/\/files.sunoresearch.com.br\/n\/uploads\/2023\/03\/1420x240-Controle-de-Investimentos.png\"\n\t\t\t\t>\n\t\t\t<\/picture>\n\t\t<\/a>\n\t<\/p>\n\n\n","protected":false},"excerpt":{"rendered":"<p>A Vale (VALE3) informou, nesta sexta-feira (23), que permanece negociando com o Estado de Minas Gerais e demais autores da A\u00e7\u00e3o Civil P\u00fablica (ACP) de Brumadinho para um acordo global de indeniza\u00e7\u00e3o em rela\u00e7\u00e3o aos danos causados na trag\u00e9dia de Brumadinho. Ontem, houve uma reuni\u00e3o na 2\u00b0 Vara de Fazenda P\u00fablica e Autarquias do Tribunal [&hellip;]<\/p>\n","protected":false},"author":19,"featured_media":20577,"comment_status":"closed","ping_status":"closed","sticky":false,"template":"","format":"standard","meta":[],"categories":[64],"tags":[1032,921,676],"suno_strategy":[],"class_list":["post-93957","post","type-post","status-publish","format-standard","has-post-thumbnail","hentry","category-negocios","tag-brumadinho","tag-minas-gerais","tag-vale-vale3"],"yoast_head":"<!-- This site is optimized with the Yoast SEO plugin v24.4 - https:\/\/yoast.com\/wordpress\/plugins\/seo\/ -->\n<title>Vale (VALE3) far\u00e1 nova audi\u00eancia com o Estado de MG por Brumadinho<\/title>\n<meta name=\"description\" content=\"A Vale (VALE3) permanece negociando com o Estado de MG e demais autores da ACP de Brumadinho para um acordo global de indeniza\u00e7\u00e3o.\" \/>\n<meta name=\"robots\" content=\"index, follow, max-snippet:-1, max-image-preview:large, max-video-preview:-1\" \/>\n<link rel=\"canonical\" href=\"https:\/\/www.suno.com.br\/noticias\/vale-tenta-acordo-estado-mg-brumadinho\/\" \/>\n<meta property=\"og:locale\" content=\"pt_BR\" \/>\n<meta property=\"og:type\" content=\"article\" \/>\n<meta property=\"og:title\" content=\"Vale (VALE3) far\u00e1 nova audi\u00eancia com o Estado de MG por Brumadinho\" \/>\n<meta property=\"og:description\" content=\"A Vale (VALE3) permanece negociando com o Estado de MG e demais autores da ACP de Brumadinho para um acordo global de indeniza\u00e7\u00e3o.\" \/>\n<meta property=\"og:url\" content=\"https:\/\/www.suno.com.br\/noticias\/vale-tenta-acordo-estado-mg-brumadinho\/\" \/>\n<meta property=\"og:site_name\" content=\"Suno Not\u00edcias\" \/>\n<meta property=\"article:publisher\" content=\"https:\/\/facebook.com\/sunoresearch\" \/>\n<meta property=\"og:image\" content=\"https:\/\/files.sunoresearch.com.br\/n\/uploads\/2019\/04\/0f373374-vale.jpg\" \/>\n\t<meta property=\"og:image:width\" content=\"1086\" \/>\n\t<meta property=\"og:image:height\" content=\"652\" \/>\n\t<meta property=\"og:image:type\" content=\"image\/jpeg\" \/>\n<meta name=\"author\" content=\"Juliano Passaro\" \/>\n<meta name=\"twitter:card\" content=\"summary_large_image\" \/>\n<meta name=\"twitter:creator\" content=\"@sunoresearch\" \/>\n<meta name=\"twitter:site\" content=\"@sunoresearch\" \/>\n<meta name=\"twitter:label1\" content=\"Escrito por\" \/>\n\t<meta name=\"twitter:data1\" content=\"Juliano Passaro\" \/>\n\t<meta name=\"twitter:label2\" content=\"Est. tempo de leitura\" \/>\n\t<meta name=\"twitter:data2\" content=\"2 minutos\" \/>\n<script type=\"application\/ld+json\" class=\"yoast-schema-graph\">{\"@context\":\"https:\/\/schema.org\",\"@graph\":[{\"@type\":\"NewsArticle\",\"@id\":\"https:\/\/www.suno.com.br\/noticias\/vale-tenta-acordo-estado-mg-brumadinho\/#article\",\"isPartOf\":{\"@id\":\"https:\/\/www.suno.com.br\/noticias\/vale-tenta-acordo-estado-mg-brumadinho\/\"},\"author\":{\"name\":\"Juliano Passaro\",\"@id\":\"https:\/\/www.suno.com.br\/noticias\/#\/schema\/person\/1db762f78ffd8919a648a63e425953e3\"},\"headline\":\"Vale (VALE3) ter\u00e1 nova audi\u00eancia sobre Brumadinho em 17 de novembro\",\"datePublished\":\"2020-10-23T14:35:06+00:00\",\"dateModified\":\"2020-10-23T19:35:49+00:00\",\"mainEntityOfPage\":{\"@id\":\"https:\/\/www.suno.com.br\/noticias\/vale-tenta-acordo-estado-mg-brumadinho\/\"},\"wordCount\":453,\"publisher\":{\"@id\":\"https:\/\/www.suno.com.br\/noticias\/#organization\"},\"image\":{\"@id\":\"https:\/\/www.suno.com.br\/noticias\/vale-tenta-acordo-estado-mg-brumadinho\/#primaryimage\"},\"thumbnailUrl\":\"https:\/\/files.sunoresearch.com.br\/n\/uploads\/2019\/04\/0f373374-vale-jpg.webp\",\"keywords\":[\"Brumadinho\",\"Minas Gerais\",\"Vale (VALE3)\"],\"articleSection\":[\"Neg\u00f3cios\"],\"inLanguage\":\"pt-BR\"},{\"@type\":\"WebPage\",\"@id\":\"https:\/\/www.suno.com.br\/noticias\/vale-tenta-acordo-estado-mg-brumadinho\/\",\"url\":\"https:\/\/www.suno.com.br\/noticias\/vale-tenta-acordo-estado-mg-brumadinho\/\",\"name\":\"Vale (VALE3) far\u00e1 nova audi\u00eancia com o Estado de MG por Brumadinho\",\"isPartOf\":{\"@id\":\"https:\/\/www.suno.com.br\/noticias\/#website\"},\"primaryImageOfPage\":{\"@id\":\"https:\/\/www.suno.com.br\/noticias\/vale-tenta-acordo-estado-mg-brumadinho\/#primaryimage\"},\"image\":{\"@id\":\"https:\/\/www.suno.com.br\/noticias\/vale-tenta-acordo-estado-mg-brumadinho\/#primaryimage\"},\"thumbnailUrl\":\"https:\/\/files.sunoresearch.com.br\/n\/uploads\/2019\/04\/0f373374-vale-jpg.webp\",\"datePublished\":\"2020-10-23T14:35:06+00:00\",\"dateModified\":\"2020-10-23T19:35:49+00:00\",\"description\":\"A Vale (VALE3) permanece negociando com o Estado de MG e demais autores da ACP de Brumadinho para um acordo global de indeniza\u00e7\u00e3o.\",\"breadcrumb\":{\"@id\":\"https:\/\/www.suno.com.br\/noticias\/vale-tenta-acordo-estado-mg-brumadinho\/#breadcrumb\"},\"inLanguage\":\"pt-BR\",\"potentialAction\":[{\"@type\":\"ReadAction\",\"target\":[\"https:\/\/www.suno.com.br\/noticias\/vale-tenta-acordo-estado-mg-brumadinho\/\"]}]},{\"@type\":\"ImageObject\",\"inLanguage\":\"pt-BR\",\"@id\":\"https:\/\/www.suno.com.br\/noticias\/vale-tenta-acordo-estado-mg-brumadinho\/#primaryimage\",\"url\":\"https:\/\/files.sunoresearch.com.br\/n\/uploads\/2019\/04\/0f373374-vale-jpg.webp\",\"contentUrl\":\"https:\/\/files.sunoresearch.com.br\/n\/uploads\/2019\/04\/0f373374-vale-jpg.webp\",\"width\":1086,\"height\":652,\"caption\":\"Logo da Vale (foto: divulga\u00e7\u00e3o)\"},{\"@type\":\"BreadcrumbList\",\"@id\":\"https:\/\/www.suno.com.br\/noticias\/vale-tenta-acordo-estado-mg-brumadinho\/#breadcrumb\",\"itemListElement\":[{\"@type\":\"ListItem\",\"position\":1,\"name\":\"Not\u00edcias\",\"item\":\"https:\/\/www.suno.com.br\/noticias\/\"},{\"@type\":\"ListItem\",\"position\":2,\"name\":\"Neg\u00f3cios\",\"item\":\"https:\/\/www.suno.com.br\/noticias\/negocios\/\"},{\"@type\":\"ListItem\",\"position\":3,\"name\":\"Vale (VALE3) ter\u00e1 nova audi\u00eancia sobre Brumadinho em 17 de novembro\"}]},{\"@type\":\"WebSite\",\"@id\":\"https:\/\/www.suno.com.br\/noticias\/#website\",\"url\":\"https:\/\/www.suno.com.br\/noticias\/\",\"name\":\"Suno Not\u00edcias\",\"description\":\"Seu portal de informa\u00e7\u00e3o sobre o mundo dos investimentos\",\"publisher\":{\"@id\":\"https:\/\/www.suno.com.br\/noticias\/#organization\"},\"potentialAction\":[{\"@type\":\"SearchAction\",\"target\":{\"@type\":\"EntryPoint\",\"urlTemplate\":\"https:\/\/www.suno.com.br\/noticias\/?s={search_term_string}\"},\"query-input\":{\"@type\":\"PropertyValueSpecification\",\"valueRequired\":true,\"valueName\":\"search_term_string\"}}],\"inLanguage\":\"pt-BR\"},{\"@type\":\"Organization\",\"@id\":\"https:\/\/www.suno.com.br\/noticias\/#organization\",\"name\":\"Suno Not\u00edcias\",\"url\":\"https:\/\/www.suno.com.br\/noticias\/\",\"logo\":{\"@type\":\"ImageObject\",\"inLanguage\":\"pt-BR\",\"@id\":\"https:\/\/www.suno.com.br\/noticias\/#\/schema\/logo\/image\/\",\"url\":\"https:\/\/files.sunoresearch.com.br\/n\/uploads\/2021\/09\/suno-logo.png\",\"contentUrl\":\"https:\/\/files.sunoresearch.com.br\/n\/uploads\/2021\/09\/suno-logo.png\",\"width\":180,\"height\":180,\"caption\":\"Suno Not\u00edcias\"},\"image\":{\"@id\":\"https:\/\/www.suno.com.br\/noticias\/#\/schema\/logo\/image\/\"},\"sameAs\":[\"https:\/\/facebook.com\/sunoresearch\",\"https:\/\/x.com\/sunoresearch\",\"https:\/\/www.instagram.com\/suno\",\"https:\/\/www.linkedin.com\/company\/suno-research\/\",\"https:\/\/www.youtube.com\/c\/sunoresearch\"]},{\"@type\":\"Person\",\"@id\":\"https:\/\/www.suno.com.br\/noticias\/#\/schema\/person\/1db762f78ffd8919a648a63e425953e3\",\"name\":\"Juliano Passaro\",\"image\":{\"@type\":\"ImageObject\",\"inLanguage\":\"pt-BR\",\"@id\":\"https:\/\/www.suno.com.br\/noticias\/#\/schema\/person\/image\/\",\"url\":\"https:\/\/secure.gravatar.com\/avatar\/743d4df28eebf6dcc46b4ad03c319e92?s=96&r=g\",\"contentUrl\":\"https:\/\/secure.gravatar.com\/avatar\/743d4df28eebf6dcc46b4ad03c319e92?s=96&r=g\",\"caption\":\"Juliano Passaro\"},\"description\":\"Juliano Passaro escreve sobre pol\u00edtica, economia e neg\u00f3cios para o portal da Suno Research. Antes da Suno, trabalhou no Portal da Band. \u00c9 formado em jornalismo pela Universidade Presbiteriana Mackenzie.\",\"url\":\"https:\/\/www.suno.com.br\/noticias\/author\/juliano\/\"}]}<\/script>\n<!-- \/ Yoast SEO plugin. -->","yoast_head_json":{"title":"Vale (VALE3) far\u00e1 nova audi\u00eancia com o Estado de MG por Brumadinho","description":"A Vale (VALE3) permanece negociando com o Estado de MG e demais autores da ACP de Brumadinho para um acordo global de indeniza\u00e7\u00e3o.","robots":{"index":"index","follow":"follow","max-snippet":"max-snippet:-1","max-image-preview":"max-image-preview:large","max-video-preview":"max-video-preview:-1"},"canonical":"https:\/\/www.suno.com.br\/noticias\/vale-tenta-acordo-estado-mg-brumadinho\/","og_locale":"pt_BR","og_type":"article","og_title":"Vale (VALE3) far\u00e1 nova audi\u00eancia com o Estado de MG por Brumadinho","og_description":"A Vale (VALE3) permanece negociando com o Estado de MG e demais autores da ACP de Brumadinho para um acordo global de indeniza\u00e7\u00e3o.","og_url":"https:\/\/www.suno.com.br\/noticias\/vale-tenta-acordo-estado-mg-brumadinho\/","og_site_name":"Suno Not\u00edcias","article_publisher":"https:\/\/facebook.com\/sunoresearch","og_image":[{"width":1086,"height":652,"url":"https:\/\/files.sunoresearch.com.br\/n\/uploads\/2019\/04\/0f373374-vale.jpg","type":"image\/jpeg"}],"author":"Juliano Passaro","twitter_card":"summary_large_image","twitter_creator":"@sunoresearch","twitter_site":"@sunoresearch","twitter_misc":{"Escrito por":"Juliano Passaro","Est. tempo de leitura":"2 minutos"},"schema":{"@context":"https:\/\/schema.org","@graph":[{"@type":"NewsArticle","@id":"https:\/\/www.suno.com.br\/noticias\/vale-tenta-acordo-estado-mg-brumadinho\/#article","isPartOf":{"@id":"https:\/\/www.suno.com.br\/noticias\/vale-tenta-acordo-estado-mg-brumadinho\/"},"author":{"name":"Juliano Passaro","@id":"https:\/\/www.suno.com.br\/noticias\/#\/schema\/person\/1db762f78ffd8919a648a63e425953e3"},"headline":"Vale (VALE3) ter\u00e1 nova audi\u00eancia sobre Brumadinho em 17 de novembro","datePublished":"2020-10-23T14:35:06+00:00","dateModified":"2020-10-23T19:35:49+00:00","mainEntityOfPage":{"@id":"https:\/\/www.suno.com.br\/noticias\/vale-tenta-acordo-estado-mg-brumadinho\/"},"wordCount":453,"publisher":{"@id":"https:\/\/www.suno.com.br\/noticias\/#organization"},"image":{"@id":"https:\/\/www.suno.com.br\/noticias\/vale-tenta-acordo-estado-mg-brumadinho\/#primaryimage"},"thumbnailUrl":"https:\/\/files.sunoresearch.com.br\/n\/uploads\/2019\/04\/0f373374-vale-jpg.webp","keywords":["Brumadinho","Minas Gerais","Vale (VALE3)"],"articleSection":["Neg\u00f3cios"],"inLanguage":"pt-BR"},{"@type":"WebPage","@id":"https:\/\/www.suno.com.br\/noticias\/vale-tenta-acordo-estado-mg-brumadinho\/","url":"https:\/\/www.suno.com.br\/noticias\/vale-tenta-acordo-estado-mg-brumadinho\/","name":"Vale (VALE3) far\u00e1 nova audi\u00eancia com o Estado de MG por Brumadinho","isPartOf":{"@id":"https:\/\/www.suno.com.br\/noticias\/#website"},"primaryImageOfPage":{"@id":"https:\/\/www.suno.com.br\/noticias\/vale-tenta-acordo-estado-mg-brumadinho\/#primaryimage"},"image":{"@id":"https:\/\/www.suno.com.br\/noticias\/vale-tenta-acordo-estado-mg-brumadinho\/#primaryimage"},"thumbnailUrl":"https:\/\/files.sunoresearch.com.br\/n\/uploads\/2019\/04\/0f373374-vale-jpg.webp","datePublished":"2020-10-23T14:35:06+00:00","dateModified":"2020-10-23T19:35:49+00:00","description":"A Vale (VALE3) permanece negociando com o Estado de MG e demais autores da ACP de Brumadinho para um acordo global de indeniza\u00e7\u00e3o.","breadcrumb":{"@id":"https:\/\/www.suno.com.br\/noticias\/vale-tenta-acordo-estado-mg-brumadinho\/#breadcrumb"},"inLanguage":"pt-BR","potentialAction":[{"@type":"ReadAction","target":["https:\/\/www.suno.com.br\/noticias\/vale-tenta-acordo-estado-mg-brumadinho\/"]}]},{"@type":"ImageObject","inLanguage":"pt-BR","@id":"https:\/\/www.suno.com.br\/noticias\/vale-tenta-acordo-estado-mg-brumadinho\/#primaryimage","url":"https:\/\/files.sunoresearch.com.br\/n\/uploads\/2019\/04\/0f373374-vale-jpg.webp","contentUrl":"https:\/\/files.sunoresearch.com.br\/n\/uploads\/2019\/04\/0f373374-vale-jpg.webp","width":1086,"height":652,"caption":"Logo da Vale (foto: divulga\u00e7\u00e3o)"},{"@type":"BreadcrumbList","@id":"https:\/\/www.suno.com.br\/noticias\/vale-tenta-acordo-estado-mg-brumadinho\/#breadcrumb","itemListElement":[{"@type":"ListItem","position":1,"name":"Not\u00edcias","item":"https:\/\/www.suno.com.br\/noticias\/"},{"@type":"ListItem","position":2,"name":"Neg\u00f3cios","item":"https:\/\/www.suno.com.br\/noticias\/negocios\/"},{"@type":"ListItem","position":3,"name":"Vale (VALE3) ter\u00e1 nova audi\u00eancia sobre Brumadinho em 17 de novembro"}]},{"@type":"WebSite","@id":"https:\/\/www.suno.com.br\/noticias\/#website","url":"https:\/\/www.suno.com.br\/noticias\/","name":"Suno Not\u00edcias","description":"Seu portal de informa\u00e7\u00e3o sobre o mundo dos investimentos","publisher":{"@id":"https:\/\/www.suno.com.br\/noticias\/#organization"},"potentialAction":[{"@type":"SearchAction","target":{"@type":"EntryPoint","urlTemplate":"https:\/\/www.suno.com.br\/noticias\/?s={search_term_string}"},"query-input":{"@type":"PropertyValueSpecification","valueRequired":true,"valueName":"search_term_string"}}],"inLanguage":"pt-BR"},{"@type":"Organization","@id":"https:\/\/www.suno.com.br\/noticias\/#organization","name":"Suno Not\u00edcias","url":"https:\/\/www.suno.com.br\/noticias\/","logo":{"@type":"ImageObject","inLanguage":"pt-BR","@id":"https:\/\/www.suno.com.br\/noticias\/#\/schema\/logo\/image\/","url":"https:\/\/files.sunoresearch.com.br\/n\/uploads\/2021\/09\/suno-logo.png","contentUrl":"https:\/\/files.sunoresearch.com.br\/n\/uploads\/2021\/09\/suno-logo.png","width":180,"height":180,"caption":"Suno Not\u00edcias"},"image":{"@id":"https:\/\/www.suno.com.br\/noticias\/#\/schema\/logo\/image\/"},"sameAs":["https:\/\/facebook.com\/sunoresearch","https:\/\/x.com\/sunoresearch","https:\/\/www.instagram.com\/suno","https:\/\/www.linkedin.com\/company\/suno-research\/","https:\/\/www.youtube.com\/c\/sunoresearch"]},{"@type":"Person","@id":"https:\/\/www.suno.com.br\/noticias\/#\/schema\/person\/1db762f78ffd8919a648a63e425953e3","name":"Juliano Passaro","image":{"@type":"ImageObject","inLanguage":"pt-BR","@id":"https:\/\/www.suno.com.br\/noticias\/#\/schema\/person\/image\/","url":"https:\/\/secure.gravatar.com\/avatar\/743d4df28eebf6dcc46b4ad03c319e92?s=96&r=g","contentUrl":"https:\/\/secure.gravatar.com\/avatar\/743d4df28eebf6dcc46b4ad03c319e92?s=96&r=g","caption":"Juliano Passaro"},"description":"Juliano Passaro escreve sobre pol\u00edtica, economia e neg\u00f3cios para o portal da Suno Research. Antes da Suno, trabalhou no Portal da Band. \u00c9 formado em jornalismo pela Universidade Presbiteriana Mackenzie.","url":"https:\/\/www.suno.com.br\/noticias\/author\/juliano\/"}]}},"default_loop_html":"<div class=\"cardsPage__listCard__boxs\"><div class=\"cardsPage__listCard__boxs__img\"><a href=\"https:\/\/www.suno.com.br\/noticias\/vale-tenta-acordo-estado-mg-brumadinho\/\"><img class=\"mask\" src=\"https:\/\/www.suno.com.br\/noticias\/wp-content\/themes\/suno\/resources\/images\/spotlight\/spotlight1img\/bg-mask.png\" alt=\"Image Mask\"\/><img src=\"https:\/\/files.sunoresearch.com.br\/n\/uploads\/2019\/04\/0f373374-vale-400x200.webp\" alt=\"Vale (VALE3) ter\u00e1 nova audi\u00eancia sobre Brumadinho em 17 de novembro\"\/><\/a><span class=\"spotlightCategory\"><a href=\"https:\/\/www.suno.com.br\/noticias\/negocios\/\">Neg\u00f3cios<\/a><\/span><\/div><div class=\"cardsPage__listCard__boxs__content\"><a href=\"https:\/\/www.suno.com.br\/noticias\/vale-tenta-acordo-estado-mg-brumadinho\/\"><h2 class=\"content__title\">Vale (VALE3) ter\u00e1 nova audi\u00eancia sobre Brumadinho em 17 de novembro<\/h2><\/a><div class=\"newsContent__article__meta\"><div class=\"newsContent__article__meta__authorBox\"><a href=\"https:\/\/www.suno.com.br\/noticias\/author\/juliano\/\" class=\"authorBox__avatar noMobi\"><img src=\"https:\/\/files.sunoresearch.com.br\/n\/uploads\/2019\/06\/7cc3efea-whatsapp-image-2019-07-18-at-21.59.33-e1563499821209-150x150.webp\" alt=\"Juliano Passaro\"><\/a><div class=\"authorBox__name\"><span>por\n\t\t\t<a href=\"https:\/\/www.suno.com.br\/noticias\/author\/juliano\/\"><span itemprop=\"author\">Juliano Passaro<\/span><\/a><\/span><time datetime=\"2020-10-23T11:35:06-03:00\" itemprop=\"datePublished\">23\/10\/2020 11:35<\/time><\/div><\/div><\/div><\/div><\/div>","single_layout":"posts","amp_enabled":true,"_links":{"self":[{"href":"https:\/\/www.suno.com.br\/noticias\/wp-json\/wp\/v2\/posts\/93957"}],"collection":[{"href":"https:\/\/www.suno.com.br\/noticias\/wp-json\/wp\/v2\/posts"}],"about":[{"href":"https:\/\/www.suno.com.br\/noticias\/wp-json\/wp\/v2\/types\/post"}],"author":[{"embeddable":true,"href":"https:\/\/www.suno.com.br\/noticias\/wp-json\/wp\/v2\/users\/19"}],"replies":[{"embeddable":true,"href":"https:\/\/www.suno.com.br\/noticias\/wp-json\/wp\/v2\/comments?post=93957"}],"version-history":[{"count":0,"href":"https:\/\/www.suno.com.br\/noticias\/wp-json\/wp\/v2\/posts\/93957\/revisions"}],"wp:featuredmedia":[{"embeddable":true,"href":"https:\/\/www.suno.com.br\/noticias\/wp-json\/wp\/v2\/media\/20577"}],"wp:attachment":[{"href":"https:\/\/www.suno.com.br\/noticias\/wp-json\/wp\/v2\/media?parent=93957"}],"wp:term":[{"taxonomy":"category","embeddable":true,"href":"https:\/\/www.suno.com.br\/noticias\/wp-json\/wp\/v2\/categories?post=93957"},{"taxonomy":"post_tag","embeddable":true,"href":"https:\/\/www.suno.com.br\/noticias\/wp-json\/wp\/v2\/tags?post=93957"},{"taxonomy":"suno_strategy","embeddable":true,"href":"https:\/\/www.suno.com.br\/noticias\/wp-json\/wp\/v2\/suno_strategy?post=93957"}],"curies":[{"name":"wp","href":"https:\/\/api.w.org\/{rel}","templated":true}]}}