{"id":9395,"date":"2018-12-19T10:10:55","date_gmt":"2018-12-19T12:10:55","guid":{"rendered":"https:\/\/www.suno.com.br\/noticias\/?p=9395"},"modified":"2021-06-13T23:22:09","modified_gmt":"2021-06-14T02:22:09","slug":"gsk-pfizer-juntam-operacoes-medicamentos","status":"publish","type":"post","link":"https:\/\/www.suno.com.br\/noticias\/gsk-pfizer-juntam-operacoes-medicamentos\/","title":{"rendered":"GSK e Pfizer juntam as opera\u00e7\u00f5es de medicamentos sem receita"},"content":{"rendered":"<p>Os gigantes farmac\u00eauticos GSK (GlaxoSmithKline) e Pfizer anunciaram a fus\u00e3o de suas atividades de medicamentos sem receita.<\/p>\t<div class=\"wrapper-featured-image\">\n\t\t<figure class=\"spotlightImg\">\n\n\t\t\t<picture>\n\t\t\t\t<source media=\"(max-width: 768px)\" srcset=\"https:\/\/files.sunoresearch.com.br\/n\/uploads\/2018\/12\/0d94d9f5-gsk-400x200.webp\">\n\t\t\t\t<img loading=\"lazy\" decoding=\"async\" class=\"newsContent__article__imgCapa lazyloadDisabled newsContent__article__imgCapa--noCaption\" src=\"https:\/\/files.sunoresearch.com.br\/n\/uploads\/2018\/12\/0d94d9f5-gsk-jpg.webp\" width=\"800\" height=\"450\" alt=\"GSK e Pfizer juntam as opera\u00e7\u00f5es de medicamentos sem receita\" fetchpriority=high \/>\n\t\t\t<\/picture>\n\n\t\t\t<figcaption class=\"wp-caption-text wp-caption-text--hide\">GSK<\/figcaption>\n\t\t<\/figure>\n\t<\/div>\n\n\n<p>A brit\u00e2nica <strong>GSK<\/strong> e a norte-americana <strong>Pfizer<\/strong> anunciaram nesta quarta-feira (19) a fus\u00e3o de suas atividades de medicamentos sem receita. A opera\u00e7\u00e3o vai <a href=\"https:\/\/www.suno.com.br\/artigos\/fusao-de-empresas\/\">criar uma nova empresa<\/a> do <strong>setor farmac\u00eautico<\/strong> com um volume de neg\u00f3cios de US$ 12,7 bilh\u00f5es.<\/p>\n<p>&#8220;GSK concluiu um acordo com a Pfizer para combinar sua atividade em uma empresa conjunta de amplitude mundial, com faturamento de 9,8 bilh\u00f5es de libras (12,7 bilh\u00f5es de d\u00f3lares)&#8221;, anunciou a GSK em um comunicado, &#8220;a\u00a0GSK ter\u00e1 a maior parte do controle, 68%, e a Pfizer 32% nesta empresa&#8221;.<\/p>\n<p>As informa\u00e7\u00f5es foram confirmadas pela Pfizer em um comunicado.<\/p>\n<p>O acordo inclui medicamentos como o anti-inflamat\u00f3rio Voltaren, o paracetamol Panadol e a marca Sensodyne, entre outros produtos.<\/p>\n<p>A Pfizer aportar\u00e1 na nova empresa o analg\u00e9sico Advil, os vitam\u00ednicos Centrum e Caltrate e outros medicamentos.<\/p>\n<p>Para ser concretizada, a cria\u00e7\u00e3o da nova empresa precisa da aprova\u00e7\u00e3o dos acionistas da GSK e da autoriza\u00e7\u00e3o das autoridades regulat\u00f3rias.<\/p>\n<p>A fus\u00e3o deveria se tornar efetiva no segundo semestre de 2019.<\/p>\n<p>A cria\u00e7\u00e3o da joint venture foi recebida positivamente pelos analistas de mercado. A equipe de an\u00e1lise do banco Jefferies disse que o plano faz sentido, tendo em vista a potencial redu\u00e7\u00e3o de custos e o aumento de valor para os acionistas.<\/p>\n<p>Essa fus\u00e3o seria mais um passo no caminho de consolidamento da posi\u00e7\u00e3o da na \u00e1rea de sa\u00fade do consumidor. Um segmento que exclui os medicamentos que necessitam de prescri\u00e7\u00e3o m\u00e9dica para serem vendidos.<\/p>\n<p>Al\u00e9m disso, a fus\u00e3o seria necess\u00e1ria para enfrentar a redu\u00e7\u00e3o das margens e a maior concorr\u00eancia no <strong>setor farmac\u00eautico<\/strong>. Em \u00faltima an\u00e1lise, a opera\u00e7\u00e3o entre <strong>GSK<\/strong> e <strong>Pfizer<\/strong> poderia ter alguma rela\u00e7\u00e3o com o projeto de Jeff Bezos, Jamie Dimon e Warren Buffet de construir uma empresa de <strong>sa\u00fade<\/strong> que busque a redu\u00e7\u00e3o de custos na \u00e1rea de sa\u00fade.<\/p>\n","protected":false},"excerpt":{"rendered":"<p>Os gigantes farmac\u00eauticos GSK (GlaxoSmithKline) e Pfizer anunciaram a fus\u00e3o de suas atividades de medicamentos sem receita. GSK A brit\u00e2nica GSK e a norte-americana Pfizer anunciaram nesta quarta-feira (19) a fus\u00e3o de suas atividades de medicamentos sem receita. A opera\u00e7\u00e3o vai criar uma nova empresa do setor farmac\u00eautico com um volume de neg\u00f3cios de US$ [&hellip;]<\/p>\n","protected":false},"author":9,"featured_media":9399,"comment_status":"closed","ping_status":"closed","sticky":false,"template":"","format":"standard","meta":[],"categories":[64],"tags":[1777,884],"suno_strategy":[],"class_list":["post-9395","post","type-post","status-publish","format-standard","has-post-thumbnail","hentry","category-negocios","tag-industria-farmaceutica","tag-pfizer-pfiz34"],"yoast_head":"<!-- This site is optimized with the Yoast SEO plugin v24.4 - https:\/\/yoast.com\/wordpress\/plugins\/seo\/ -->\n<title>GSK e Pfizer juntam opera\u00e7\u00f5es de medicamentos sem receita<\/title>\n<meta name=\"description\" content=\"Os gigantes farmac\u00e9uticos GSK e Pfizer anunciaram fus\u00e3o de opera\u00e7\u00f5es de medicamentos sem receita. Clique aqui para saber mais.\" \/>\n<meta name=\"robots\" content=\"index, follow, max-snippet:-1, max-image-preview:large, max-video-preview:-1\" \/>\n<link rel=\"canonical\" href=\"https:\/\/www.suno.com.br\/noticias\/gsk-pfizer-juntam-operacoes-medicamentos\/\" \/>\n<meta property=\"og:locale\" content=\"pt_BR\" \/>\n<meta property=\"og:type\" content=\"article\" \/>\n<meta property=\"og:title\" content=\"GSK e Pfizer juntam opera\u00e7\u00f5es de medicamentos sem receita\" \/>\n<meta property=\"og:description\" content=\"Os gigantes farmac\u00e9uticos GSK e Pfizer anunciaram fus\u00e3o de opera\u00e7\u00f5es de medicamentos sem receita. Clique aqui para saber mais.\" \/>\n<meta property=\"og:url\" content=\"https:\/\/www.suno.com.br\/noticias\/gsk-pfizer-juntam-operacoes-medicamentos\/\" \/>\n<meta property=\"og:site_name\" content=\"Suno Not\u00edcias\" \/>\n<meta property=\"article:publisher\" content=\"https:\/\/facebook.com\/sunoresearch\" \/>\n<meta property=\"og:image\" content=\"https:\/\/files.sunoresearch.com.br\/n\/uploads\/2018\/12\/0d94d9f5-gsk.jpg\" \/>\n\t<meta property=\"og:image:width\" content=\"768\" \/>\n\t<meta property=\"og:image:height\" content=\"511\" \/>\n\t<meta property=\"og:image:type\" content=\"image\/jpeg\" \/>\n<meta name=\"author\" content=\"Carlo Cauti\" \/>\n<meta name=\"twitter:card\" content=\"summary_large_image\" \/>\n<meta name=\"twitter:creator\" content=\"@sunoresearch\" \/>\n<meta name=\"twitter:site\" content=\"@sunoresearch\" \/>\n<meta name=\"twitter:label1\" content=\"Escrito por\" \/>\n\t<meta name=\"twitter:data1\" content=\"Carlo Cauti\" \/>\n\t<meta name=\"twitter:label2\" content=\"Est. tempo de leitura\" \/>\n\t<meta name=\"twitter:data2\" content=\"2 minutos\" \/>\n<script type=\"application\/ld+json\" class=\"yoast-schema-graph\">{\"@context\":\"https:\/\/schema.org\",\"@graph\":[{\"@type\":\"NewsArticle\",\"@id\":\"https:\/\/www.suno.com.br\/noticias\/gsk-pfizer-juntam-operacoes-medicamentos\/#article\",\"isPartOf\":{\"@id\":\"https:\/\/www.suno.com.br\/noticias\/gsk-pfizer-juntam-operacoes-medicamentos\/\"},\"author\":{\"name\":\"Carlo Cauti\",\"@id\":\"https:\/\/www.suno.com.br\/noticias\/#\/schema\/person\/e6e0f723cc177805027f4566c1d5e0c8\"},\"headline\":\"GSK e Pfizer juntam as opera\u00e7\u00f5es de medicamentos sem receita\",\"datePublished\":\"2018-12-19T12:10:55+00:00\",\"dateModified\":\"2021-06-14T02:22:09+00:00\",\"mainEntityOfPage\":{\"@id\":\"https:\/\/www.suno.com.br\/noticias\/gsk-pfizer-juntam-operacoes-medicamentos\/\"},\"wordCount\":359,\"publisher\":{\"@id\":\"https:\/\/www.suno.com.br\/noticias\/#organization\"},\"image\":{\"@id\":\"https:\/\/www.suno.com.br\/noticias\/gsk-pfizer-juntam-operacoes-medicamentos\/#primaryimage\"},\"thumbnailUrl\":\"https:\/\/files.sunoresearch.com.br\/n\/uploads\/2018\/12\/0d94d9f5-gsk-jpg.webp\",\"keywords\":[\"ind\u00fastria farmac\u00eautica\",\"Pfizer (PFIZ34)\"],\"articleSection\":[\"Neg\u00f3cios\"],\"inLanguage\":\"pt-BR\"},{\"@type\":\"WebPage\",\"@id\":\"https:\/\/www.suno.com.br\/noticias\/gsk-pfizer-juntam-operacoes-medicamentos\/\",\"url\":\"https:\/\/www.suno.com.br\/noticias\/gsk-pfizer-juntam-operacoes-medicamentos\/\",\"name\":\"GSK e Pfizer juntam opera\u00e7\u00f5es de medicamentos sem receita\",\"isPartOf\":{\"@id\":\"https:\/\/www.suno.com.br\/noticias\/#website\"},\"primaryImageOfPage\":{\"@id\":\"https:\/\/www.suno.com.br\/noticias\/gsk-pfizer-juntam-operacoes-medicamentos\/#primaryimage\"},\"image\":{\"@id\":\"https:\/\/www.suno.com.br\/noticias\/gsk-pfizer-juntam-operacoes-medicamentos\/#primaryimage\"},\"thumbnailUrl\":\"https:\/\/files.sunoresearch.com.br\/n\/uploads\/2018\/12\/0d94d9f5-gsk-jpg.webp\",\"datePublished\":\"2018-12-19T12:10:55+00:00\",\"dateModified\":\"2021-06-14T02:22:09+00:00\",\"description\":\"Os gigantes farmac\u00e9uticos GSK e Pfizer anunciaram fus\u00e3o de opera\u00e7\u00f5es de medicamentos sem receita. Clique aqui para saber mais.\",\"breadcrumb\":{\"@id\":\"https:\/\/www.suno.com.br\/noticias\/gsk-pfizer-juntam-operacoes-medicamentos\/#breadcrumb\"},\"inLanguage\":\"pt-BR\",\"potentialAction\":[{\"@type\":\"ReadAction\",\"target\":[\"https:\/\/www.suno.com.br\/noticias\/gsk-pfizer-juntam-operacoes-medicamentos\/\"]}]},{\"@type\":\"ImageObject\",\"inLanguage\":\"pt-BR\",\"@id\":\"https:\/\/www.suno.com.br\/noticias\/gsk-pfizer-juntam-operacoes-medicamentos\/#primaryimage\",\"url\":\"https:\/\/files.sunoresearch.com.br\/n\/uploads\/2018\/12\/0d94d9f5-gsk-jpg.webp\",\"contentUrl\":\"https:\/\/files.sunoresearch.com.br\/n\/uploads\/2018\/12\/0d94d9f5-gsk-jpg.webp\",\"width\":768,\"height\":511,\"caption\":\"GSK\"},{\"@type\":\"BreadcrumbList\",\"@id\":\"https:\/\/www.suno.com.br\/noticias\/gsk-pfizer-juntam-operacoes-medicamentos\/#breadcrumb\",\"itemListElement\":[{\"@type\":\"ListItem\",\"position\":1,\"name\":\"Not\u00edcias\",\"item\":\"https:\/\/www.suno.com.br\/noticias\/\"},{\"@type\":\"ListItem\",\"position\":2,\"name\":\"Neg\u00f3cios\",\"item\":\"https:\/\/www.suno.com.br\/noticias\/negocios\/\"},{\"@type\":\"ListItem\",\"position\":3,\"name\":\"GSK e Pfizer juntam as opera\u00e7\u00f5es de medicamentos sem receita\"}]},{\"@type\":\"WebSite\",\"@id\":\"https:\/\/www.suno.com.br\/noticias\/#website\",\"url\":\"https:\/\/www.suno.com.br\/noticias\/\",\"name\":\"Suno Not\u00edcias\",\"description\":\"Seu portal de informa\u00e7\u00e3o sobre o mundo dos investimentos\",\"publisher\":{\"@id\":\"https:\/\/www.suno.com.br\/noticias\/#organization\"},\"potentialAction\":[{\"@type\":\"SearchAction\",\"target\":{\"@type\":\"EntryPoint\",\"urlTemplate\":\"https:\/\/www.suno.com.br\/noticias\/?s={search_term_string}\"},\"query-input\":{\"@type\":\"PropertyValueSpecification\",\"valueRequired\":true,\"valueName\":\"search_term_string\"}}],\"inLanguage\":\"pt-BR\"},{\"@type\":\"Organization\",\"@id\":\"https:\/\/www.suno.com.br\/noticias\/#organization\",\"name\":\"Suno Not\u00edcias\",\"url\":\"https:\/\/www.suno.com.br\/noticias\/\",\"logo\":{\"@type\":\"ImageObject\",\"inLanguage\":\"pt-BR\",\"@id\":\"https:\/\/www.suno.com.br\/noticias\/#\/schema\/logo\/image\/\",\"url\":\"https:\/\/files.sunoresearch.com.br\/n\/uploads\/2021\/09\/suno-logo.png\",\"contentUrl\":\"https:\/\/files.sunoresearch.com.br\/n\/uploads\/2021\/09\/suno-logo.png\",\"width\":180,\"height\":180,\"caption\":\"Suno Not\u00edcias\"},\"image\":{\"@id\":\"https:\/\/www.suno.com.br\/noticias\/#\/schema\/logo\/image\/\"},\"sameAs\":[\"https:\/\/facebook.com\/sunoresearch\",\"https:\/\/x.com\/sunoresearch\",\"https:\/\/www.instagram.com\/suno\",\"https:\/\/www.linkedin.com\/company\/suno-research\/\",\"https:\/\/www.youtube.com\/c\/sunoresearch\"]},{\"@type\":\"Person\",\"@id\":\"https:\/\/www.suno.com.br\/noticias\/#\/schema\/person\/e6e0f723cc177805027f4566c1d5e0c8\",\"name\":\"Carlo Cauti\",\"image\":{\"@type\":\"ImageObject\",\"inLanguage\":\"pt-BR\",\"@id\":\"https:\/\/www.suno.com.br\/noticias\/#\/schema\/person\/image\/\",\"url\":\"https:\/\/secure.gravatar.com\/avatar\/3ada9e0bd164c23abd4792a9606d583c?s=96&r=g\",\"contentUrl\":\"https:\/\/secure.gravatar.com\/avatar\/3ada9e0bd164c23abd4792a9606d583c?s=96&r=g\",\"caption\":\"Carlo Cauti\"},\"description\":\"Editor multim\u00eddia do SUNO Not\u00edcias. Italiano, formado em Ci\u00eancias Pol\u00edticas pela universidade LUISS G. Carli de Roma e mestre cum laude em Rela\u00e7\u00f5es Internacionais, Jornalismo Internacional e de Guerra e em Economia Internacional. Concluiu tamb\u00e9m um MBA em Finan\u00e7as na B3. No Brasil, teve passagem por ve\u00edculos como Estad\u00e3o, Globo, Veja e EXAME. e nas ag\u00eancias de not\u00edcias italianas ANSA e NOVA.\",\"url\":\"https:\/\/www.suno.com.br\/noticias\/author\/carlo-cauti\/\"}]}<\/script>\n<!-- \/ Yoast SEO plugin. -->","yoast_head_json":{"title":"GSK e Pfizer juntam opera\u00e7\u00f5es de medicamentos sem receita","description":"Os gigantes farmac\u00e9uticos GSK e Pfizer anunciaram fus\u00e3o de opera\u00e7\u00f5es de medicamentos sem receita. Clique aqui para saber mais.","robots":{"index":"index","follow":"follow","max-snippet":"max-snippet:-1","max-image-preview":"max-image-preview:large","max-video-preview":"max-video-preview:-1"},"canonical":"https:\/\/www.suno.com.br\/noticias\/gsk-pfizer-juntam-operacoes-medicamentos\/","og_locale":"pt_BR","og_type":"article","og_title":"GSK e Pfizer juntam opera\u00e7\u00f5es de medicamentos sem receita","og_description":"Os gigantes farmac\u00e9uticos GSK e Pfizer anunciaram fus\u00e3o de opera\u00e7\u00f5es de medicamentos sem receita. Clique aqui para saber mais.","og_url":"https:\/\/www.suno.com.br\/noticias\/gsk-pfizer-juntam-operacoes-medicamentos\/","og_site_name":"Suno Not\u00edcias","article_publisher":"https:\/\/facebook.com\/sunoresearch","og_image":[{"width":768,"height":511,"url":"https:\/\/files.sunoresearch.com.br\/n\/uploads\/2018\/12\/0d94d9f5-gsk.jpg","type":"image\/jpeg"}],"author":"Carlo Cauti","twitter_card":"summary_large_image","twitter_creator":"@sunoresearch","twitter_site":"@sunoresearch","twitter_misc":{"Escrito por":"Carlo Cauti","Est. tempo de leitura":"2 minutos"},"schema":{"@context":"https:\/\/schema.org","@graph":[{"@type":"NewsArticle","@id":"https:\/\/www.suno.com.br\/noticias\/gsk-pfizer-juntam-operacoes-medicamentos\/#article","isPartOf":{"@id":"https:\/\/www.suno.com.br\/noticias\/gsk-pfizer-juntam-operacoes-medicamentos\/"},"author":{"name":"Carlo Cauti","@id":"https:\/\/www.suno.com.br\/noticias\/#\/schema\/person\/e6e0f723cc177805027f4566c1d5e0c8"},"headline":"GSK e Pfizer juntam as opera\u00e7\u00f5es de medicamentos sem receita","datePublished":"2018-12-19T12:10:55+00:00","dateModified":"2021-06-14T02:22:09+00:00","mainEntityOfPage":{"@id":"https:\/\/www.suno.com.br\/noticias\/gsk-pfizer-juntam-operacoes-medicamentos\/"},"wordCount":359,"publisher":{"@id":"https:\/\/www.suno.com.br\/noticias\/#organization"},"image":{"@id":"https:\/\/www.suno.com.br\/noticias\/gsk-pfizer-juntam-operacoes-medicamentos\/#primaryimage"},"thumbnailUrl":"https:\/\/files.sunoresearch.com.br\/n\/uploads\/2018\/12\/0d94d9f5-gsk-jpg.webp","keywords":["ind\u00fastria farmac\u00eautica","Pfizer (PFIZ34)"],"articleSection":["Neg\u00f3cios"],"inLanguage":"pt-BR"},{"@type":"WebPage","@id":"https:\/\/www.suno.com.br\/noticias\/gsk-pfizer-juntam-operacoes-medicamentos\/","url":"https:\/\/www.suno.com.br\/noticias\/gsk-pfizer-juntam-operacoes-medicamentos\/","name":"GSK e Pfizer juntam opera\u00e7\u00f5es de medicamentos sem receita","isPartOf":{"@id":"https:\/\/www.suno.com.br\/noticias\/#website"},"primaryImageOfPage":{"@id":"https:\/\/www.suno.com.br\/noticias\/gsk-pfizer-juntam-operacoes-medicamentos\/#primaryimage"},"image":{"@id":"https:\/\/www.suno.com.br\/noticias\/gsk-pfizer-juntam-operacoes-medicamentos\/#primaryimage"},"thumbnailUrl":"https:\/\/files.sunoresearch.com.br\/n\/uploads\/2018\/12\/0d94d9f5-gsk-jpg.webp","datePublished":"2018-12-19T12:10:55+00:00","dateModified":"2021-06-14T02:22:09+00:00","description":"Os gigantes farmac\u00e9uticos GSK e Pfizer anunciaram fus\u00e3o de opera\u00e7\u00f5es de medicamentos sem receita. Clique aqui para saber mais.","breadcrumb":{"@id":"https:\/\/www.suno.com.br\/noticias\/gsk-pfizer-juntam-operacoes-medicamentos\/#breadcrumb"},"inLanguage":"pt-BR","potentialAction":[{"@type":"ReadAction","target":["https:\/\/www.suno.com.br\/noticias\/gsk-pfizer-juntam-operacoes-medicamentos\/"]}]},{"@type":"ImageObject","inLanguage":"pt-BR","@id":"https:\/\/www.suno.com.br\/noticias\/gsk-pfizer-juntam-operacoes-medicamentos\/#primaryimage","url":"https:\/\/files.sunoresearch.com.br\/n\/uploads\/2018\/12\/0d94d9f5-gsk-jpg.webp","contentUrl":"https:\/\/files.sunoresearch.com.br\/n\/uploads\/2018\/12\/0d94d9f5-gsk-jpg.webp","width":768,"height":511,"caption":"GSK"},{"@type":"BreadcrumbList","@id":"https:\/\/www.suno.com.br\/noticias\/gsk-pfizer-juntam-operacoes-medicamentos\/#breadcrumb","itemListElement":[{"@type":"ListItem","position":1,"name":"Not\u00edcias","item":"https:\/\/www.suno.com.br\/noticias\/"},{"@type":"ListItem","position":2,"name":"Neg\u00f3cios","item":"https:\/\/www.suno.com.br\/noticias\/negocios\/"},{"@type":"ListItem","position":3,"name":"GSK e Pfizer juntam as opera\u00e7\u00f5es de medicamentos sem receita"}]},{"@type":"WebSite","@id":"https:\/\/www.suno.com.br\/noticias\/#website","url":"https:\/\/www.suno.com.br\/noticias\/","name":"Suno Not\u00edcias","description":"Seu portal de informa\u00e7\u00e3o sobre o mundo dos investimentos","publisher":{"@id":"https:\/\/www.suno.com.br\/noticias\/#organization"},"potentialAction":[{"@type":"SearchAction","target":{"@type":"EntryPoint","urlTemplate":"https:\/\/www.suno.com.br\/noticias\/?s={search_term_string}"},"query-input":{"@type":"PropertyValueSpecification","valueRequired":true,"valueName":"search_term_string"}}],"inLanguage":"pt-BR"},{"@type":"Organization","@id":"https:\/\/www.suno.com.br\/noticias\/#organization","name":"Suno Not\u00edcias","url":"https:\/\/www.suno.com.br\/noticias\/","logo":{"@type":"ImageObject","inLanguage":"pt-BR","@id":"https:\/\/www.suno.com.br\/noticias\/#\/schema\/logo\/image\/","url":"https:\/\/files.sunoresearch.com.br\/n\/uploads\/2021\/09\/suno-logo.png","contentUrl":"https:\/\/files.sunoresearch.com.br\/n\/uploads\/2021\/09\/suno-logo.png","width":180,"height":180,"caption":"Suno Not\u00edcias"},"image":{"@id":"https:\/\/www.suno.com.br\/noticias\/#\/schema\/logo\/image\/"},"sameAs":["https:\/\/facebook.com\/sunoresearch","https:\/\/x.com\/sunoresearch","https:\/\/www.instagram.com\/suno","https:\/\/www.linkedin.com\/company\/suno-research\/","https:\/\/www.youtube.com\/c\/sunoresearch"]},{"@type":"Person","@id":"https:\/\/www.suno.com.br\/noticias\/#\/schema\/person\/e6e0f723cc177805027f4566c1d5e0c8","name":"Carlo Cauti","image":{"@type":"ImageObject","inLanguage":"pt-BR","@id":"https:\/\/www.suno.com.br\/noticias\/#\/schema\/person\/image\/","url":"https:\/\/secure.gravatar.com\/avatar\/3ada9e0bd164c23abd4792a9606d583c?s=96&r=g","contentUrl":"https:\/\/secure.gravatar.com\/avatar\/3ada9e0bd164c23abd4792a9606d583c?s=96&r=g","caption":"Carlo Cauti"},"description":"Editor multim\u00eddia do SUNO Not\u00edcias. Italiano, formado em Ci\u00eancias Pol\u00edticas pela universidade LUISS G. Carli de Roma e mestre cum laude em Rela\u00e7\u00f5es Internacionais, Jornalismo Internacional e de Guerra e em Economia Internacional. Concluiu tamb\u00e9m um MBA em Finan\u00e7as na B3. No Brasil, teve passagem por ve\u00edculos como Estad\u00e3o, Globo, Veja e EXAME. e nas ag\u00eancias de not\u00edcias italianas ANSA e NOVA.","url":"https:\/\/www.suno.com.br\/noticias\/author\/carlo-cauti\/"}]}},"default_loop_html":"<div class=\"cardsPage__listCard__boxs\"><div class=\"cardsPage__listCard__boxs__img\"><a href=\"https:\/\/www.suno.com.br\/noticias\/gsk-pfizer-juntam-operacoes-medicamentos\/\"><img class=\"mask\" src=\"https:\/\/www.suno.com.br\/noticias\/wp-content\/themes\/suno\/resources\/images\/spotlight\/spotlight1img\/bg-mask.png\" alt=\"Image Mask\"\/><img src=\"https:\/\/files.sunoresearch.com.br\/n\/uploads\/2018\/12\/0d94d9f5-gsk-400x200.webp\" alt=\"GSK e Pfizer juntam as opera\u00e7\u00f5es de medicamentos sem receita\"\/><\/a><span class=\"spotlightCategory\"><a href=\"https:\/\/www.suno.com.br\/noticias\/negocios\/\">Neg\u00f3cios<\/a><\/span><\/div><div class=\"cardsPage__listCard__boxs__content\"><a href=\"https:\/\/www.suno.com.br\/noticias\/gsk-pfizer-juntam-operacoes-medicamentos\/\"><h2 class=\"content__title\">GSK e Pfizer juntam as opera\u00e7\u00f5es de medicamentos sem receita<\/h2><\/a><div class=\"newsContent__article__meta\"><div class=\"newsContent__article__meta__authorBox\"><a href=\"https:\/\/www.suno.com.br\/noticias\/author\/carlo-cauti\/\" class=\"authorBox__avatar noMobi\"><img src=\"https:\/\/files.sunoresearch.com.br\/n\/uploads\/2020\/08\/e3745f9a-perfil-carlo-cauti-150x150.webp\" alt=\"Carlo Cauti\"><\/a><div class=\"authorBox__name\"><span>por\n\t\t\t<a href=\"https:\/\/www.suno.com.br\/noticias\/author\/carlo-cauti\/\"><span itemprop=\"author\">Carlo Cauti<\/span><\/a><\/span><time datetime=\"2018-12-19T10:10:55-02:00\" itemprop=\"datePublished\">19\/12\/2018 10:10<\/time><\/div><\/div><\/div><\/div><\/div>","single_layout":"posts","amp_enabled":true,"_links":{"self":[{"href":"https:\/\/www.suno.com.br\/noticias\/wp-json\/wp\/v2\/posts\/9395"}],"collection":[{"href":"https:\/\/www.suno.com.br\/noticias\/wp-json\/wp\/v2\/posts"}],"about":[{"href":"https:\/\/www.suno.com.br\/noticias\/wp-json\/wp\/v2\/types\/post"}],"author":[{"embeddable":true,"href":"https:\/\/www.suno.com.br\/noticias\/wp-json\/wp\/v2\/users\/9"}],"replies":[{"embeddable":true,"href":"https:\/\/www.suno.com.br\/noticias\/wp-json\/wp\/v2\/comments?post=9395"}],"version-history":[{"count":1,"href":"https:\/\/www.suno.com.br\/noticias\/wp-json\/wp\/v2\/posts\/9395\/revisions"}],"predecessor-version":[{"id":156691,"href":"https:\/\/www.suno.com.br\/noticias\/wp-json\/wp\/v2\/posts\/9395\/revisions\/156691"}],"wp:featuredmedia":[{"embeddable":true,"href":"https:\/\/www.suno.com.br\/noticias\/wp-json\/wp\/v2\/media\/9399"}],"wp:attachment":[{"href":"https:\/\/www.suno.com.br\/noticias\/wp-json\/wp\/v2\/media?parent=9395"}],"wp:term":[{"taxonomy":"category","embeddable":true,"href":"https:\/\/www.suno.com.br\/noticias\/wp-json\/wp\/v2\/categories?post=9395"},{"taxonomy":"post_tag","embeddable":true,"href":"https:\/\/www.suno.com.br\/noticias\/wp-json\/wp\/v2\/tags?post=9395"},{"taxonomy":"suno_strategy","embeddable":true,"href":"https:\/\/www.suno.com.br\/noticias\/wp-json\/wp\/v2\/suno_strategy?post=9395"}],"curies":[{"name":"wp","href":"https:\/\/api.w.org\/{rel}","templated":true}]}}