{"id":93947,"date":"2020-10-23T10:38:16","date_gmt":"2020-10-23T13:38:16","guid":{"rendered":"https:\/\/www.suno.com.br\/noticias\/?p=93947"},"modified":"2020-10-23T10:51:07","modified_gmt":"2020-10-23T13:51:07","slug":"ibovespa-coronavirus-inflacao-taxa-de-juros-23102020","status":"publish","type":"post","link":"https:\/\/www.suno.com.br\/noticias\/ibovespa-coronavirus-inflacao-taxa-de-juros-23102020\/","title":{"rendered":"Ibovespa abre est\u00e1vel, atento aos dados inflacion\u00e1rios e juros futuros"},"content":{"rendered":"<p>O <strong><a href=\"https:\/\/www.suno.com.br\/artigos\/ibovespa\/\">Ibovespa<\/a> <\/strong>abriu em leve alta nesta sexta-feira (23), e caminha para encerrar a semana no azul. O mercado, entretanto, permanece de olho na conjuntura econ\u00f4mica do Pa\u00eds &#8212; dados da <a href=\"https:\/\/www.suno.com.br\/noticias\/confira-5-acoes-para-se-proteger-inflacao\/\">infla\u00e7\u00e3o<\/a> fizeram os juros futuros dispararem nesta manh\u00e3. O cen\u00e1rio exterior tamb\u00e9m chama aten\u00e7\u00e3o dos investidores locais.<\/p>\t<div class=\"wrapper-featured-image\">\n\t\t<figure class=\"spotlightImg\">\n\n\t\t\t<picture>\n\t\t\t\t<source media=\"(max-width: 768px)\" srcset=\"https:\/\/files.sunoresearch.com.br\/n\/uploads\/2020\/10\/f07169bd-2020_stk_mkt_crash_gettyimages-169975453-9914431a81f14c9aaf1a8dcbeafeaffb-400x200.webp\">\n\t\t\t\t<img loading=\"lazy\" decoding=\"async\" class=\"newsContent__article__imgCapa lazyloadDisabled \" src=\"https:\/\/files.sunoresearch.com.br\/n\/uploads\/2020\/10\/f07169bd-2020_stk_mkt_crash_gettyimages-169975453-9914431a81f14c9aaf1a8dcbeafeaffb-800x450.webp\" width=\"800\" height=\"450\" alt=\"Ibovespa abre est\u00e1vel, atento aos dados inflacion\u00e1rios e juros futuros\" fetchpriority=high \/>\n\t\t\t<\/picture>\n\n\t\t\t<figcaption class=\"wp-caption-text wp-caption-text--show\">Confira 5 a\u00e7\u00f5es que mais desvalorizaram no m\u00eas de novembro<\/figcaption>\n\t\t<\/figure>\n\t<\/div>\n\n\n<div class=\"hubspot-form-wrapper\">\n\t<div id=\"single-form-target\"><\/div>\n<\/div>\n\n<p>Por volta das 10h30, a <strong>cota\u00e7\u00e3o do Ibovespa<\/strong> apresentava uma leve valoriza\u00e7\u00e3o de 0,10%, para 101.935 pontos. O \u00cdndice Nacional de Pre\u00e7os ao Consumidor Amplo-15 (<strong>IPCA-15<\/strong>) subiu 0,94% em outubro, ap\u00f3s ter avan\u00e7ado 0,45% em setembro. Trata-se do maior resultado para o m\u00eas desde 1995.<\/p>\n<p>No ano, a pr\u00e9via da infla\u00e7\u00e3o acumula alta de 2,31%, e em 12 meses, 3,52%. As informa\u00e7\u00f5es foram divulgadas nesta sexta-feira pelo Instituto Brasileiro de Geografia e Estat\u00edstica (IBGE). Dos nove grupos de produtos e servi\u00e7os pesquisados, oito tiveram alta em outubro. Os pre\u00e7os dos alimentos e bebidas pressionaram o indicador com a maior alta (2,24%). Com isso, o pessimismo do mercado fez com que as <a href=\"https:\/\/www.suno.com.br\/noticias\/ibovespa-futuro-abre-em-leve-queda-enquanto-juros-futuros-disparam\/\"><strong>taxa de juros futuras<\/strong> disparassem ap\u00f3s a divulga\u00e7\u00e3o dos dados inflacion\u00e1rios<\/a>.<\/p>\n<p><a href=\"https:\/\/lp.suno.com.br\/suno-one\/\">No Suno One voc\u00ea aprende a fazer seu dinheiro trabalhar para voc\u00ea. Cadastre-se gratuitamente agora!<\/a><\/p>\n<p>Ainda aqui no Brasil, chama aten\u00e7\u00e3o dos investidores a declara\u00e7\u00e3o do secret\u00e1rio especial de Fazenda do Minist\u00e9rio da Economia, Waldery Rodrigues, dizendo que o <strong>coronavoucher<\/strong>, como ficou conhecido o aux\u00edlio emergencial, gera um custo que &#8220;est\u00e1 contido em 2020 e n\u00e3o passar\u00e1 para 2021&#8221;.<\/p>\n<p>Al\u00e9m disso, ele salientou que &#8220;mais que uma \u00e2ncora fiscal, o<strong> teto de gastos<\/strong> \u00e9 super \u00e2ncora fiscal, temos que seguir&#8221;. O presidente Jair Bolsonaro j\u00e1 havia indicado, em entrevistas, que o coronavoucher n\u00e3o seria &#8220;para sempre&#8221;. O mercado, todavia, continua atento \u00e0 situa\u00e7\u00e3o fiscal do Pa\u00eds.<\/p>\n<p>No exterior, os mercados operam no azul enquanto continuam \u00e0 espera do pacote de est\u00edmulos financeiros por parte do Congresso norte-americano. O pacote, que gira em torno de US$ 1,9 trilh\u00e3o, est\u00e1 sendo discutido entre os representantes da Casa Branca e os democratas.<\/p>\n\n\t<div data-element=\"shortcode-read-more\" class=\"readToo\">\n\t\t\t\t<span class=\"readToo__title\">Saiba mais<\/span>\n\t\t\t\t<ul class=\"readToo__list\">\n\t\t\t<li><a href=\"https:\/\/www.suno.com.br\/noticias\/commodities-ouro-minerio-de-ferro-petroleo-23102020\/\">Min\u00e9rio de ferro: contratos futuros fecham em queda de 3,14%<\/a><\/li><li><a href=\"https:\/\/www.suno.com.br\/noticias\/jbs-jbss3-arbitragem-indenizacao-escandalos\/\">JBS (JBSS3): acionista abre arbitragem pedindo indeniza\u00e7\u00e3o por esc\u00e2ndalos<\/a><\/li>\t\t<\/ul>\n\t<\/div>\n\n\n<p>&#8220;Estamos perto de um acordo por est\u00edmulos fiscais. Estamos estreitando as diferen\u00e7as nas negocia\u00e7\u00f5es&#8221;, disse a presidente da C\u00e2mara, Nancy Pelosi, na \u00faltima quinta-feira (22), em refer\u00eancias \u00e0s discuss\u00f5es com o secret\u00e1rio do Tesouro, <strong>Steve Mnunchin<\/strong>. Apesar do otimismo, Pelosi n\u00e3o informou um prazo para que o acordo seja conclu\u00eddo &#8212; o mercado espera que seja antes das elei\u00e7\u00f5es presidenciais, marcadas para o dia 3 de novembro.<\/p>\n<h2>Mercados globais<\/h2>\n<p>Confira o desempenho dos principais \u00edndices acion\u00e1rios no exterior, al\u00e9m do <strong>Ibovespa agora<\/strong>:<\/p>\n<ul>\n<li>Nova York (<a href=\"https:\/\/www.suno.com.br\/artigos\/sp-500\/\">S&amp;P 500<\/a>) futuro: +0,29%<\/li>\n<li>Londres (<a href=\"https:\/\/www.suno.com.br\/artigos\/ftse-100\/\">FTSE 100<\/a>): +1,42%<\/li>\n<li>Frankfurt (<a href=\"https:\/\/www.suno.com.br\/artigos\/dax-30\/\">DAX 30)<\/a>: +1,22%<\/li>\n<li>Paris (<a href=\"https:\/\/www.suno.com.br\/artigos\/cac-40\/\">CAC 40<\/a>): +1,58%<\/li>\n<li>Mil\u00e3o (FTSE\/MIB): +1,29%<\/li>\n<li>Hong Kong (<a href=\"https:\/\/www.suno.com.br\/artigos\/hang-seng\/\">Hang Seng<\/a>): +0,54% (fechada)<\/li>\n<li>Xangai (SSE Composite): -1,40% (fechada)<\/li>\n<li>T\u00f3quio (<a href=\"https:\/\/www.suno.com.br\/artigos\/nikkei-225\/\">Nikkei 225<\/a>): +0,18% (fechada)<\/li>\n<\/ul>\n<h2>\u00daltima cota\u00e7\u00e3o do Ibovespa<\/h2>\n<p>De forma distinta ao<strong> Ibovespa hoje<\/strong>, o \u00edndice acion\u00e1rio encerrou as negocia\u00e7\u00f5es na \u00faltima quinta-feira com uma alta de 1,36%, a 101.917,73 pontos.<\/p>\n\t<p>\n\t\t<a href=\"https:\/\/lp.suno.com.br\/planilha-de-controle-de-investimentos\/\" target=\"_blank\" data-element=\"shortcode-suno-banner\" title=\"Banner SUNO, clique e saiba mais\">\n\t\t\t<picture>\n\t\t\t\t<source media=\"(max-width: 500px)\" srcset=\"https:\/\/files.sunoresearch.com.br\/n\/uploads\/2023\/03\/400x300-Controle-de-Investimentos.png\">\n\t\t\t\t<img class=\"newsContent__article__imgCapa newsContent__article__imgCapa--banner\"\n\t\t\t\t\tsrc=\"https:\/\/files.sunoresearch.com.br\/n\/uploads\/2023\/03\/1420x240-Controle-de-Investimentos.png\"\n\t\t\t\t\tdata-promo-id=\"75934\"\t\t\t\t\t\t\t\t\t\twidth='1420' height='240'\t\t\t\t\talt=\"https:\/\/files.sunoresearch.com.br\/n\/uploads\/2023\/03\/1420x240-Controle-de-Investimentos.png\"\n\t\t\t\t>\n\t\t\t<\/picture>\n\t\t<\/a>\n\t<\/p>\n\n\n","protected":false},"excerpt":{"rendered":"<p>O Ibovespa abriu em leve alta nesta sexta-feira (23), e caminha para encerrar a semana no azul. O mercado, entretanto, permanece de olho na conjuntura econ\u00f4mica do Pa\u00eds &#8212; dados da infla\u00e7\u00e3o fizeram os juros futuros dispararem nesta manh\u00e3. O cen\u00e1rio exterior tamb\u00e9m chama aten\u00e7\u00e3o dos investidores locais. O objetivo da divulga\u00e7\u00e3o da antecipa\u00e7\u00e3o do [&hellip;]<\/p>\n","protected":false},"author":24,"featured_media":88894,"comment_status":"closed","ping_status":"closed","sticky":false,"template":"","format":"standard","meta":[],"categories":[60],"tags":[2487,724,697,721,850,1752],"suno_strategy":[],"class_list":["post-93947","post","type-post","status-publish","format-standard","has-post-thumbnail","hentry","category-mercado","tag-coronavirus","tag-donald-trump","tag-eleicoes","tag-ibovespa","tag-inflacao","tag-taxa-de-juros"],"yoast_head":"<!-- This site is optimized with the Yoast SEO plugin v24.4 - https:\/\/yoast.com\/wordpress\/plugins\/seo\/ -->\n<title>Ibovespa abre em leve queda, atento aos dados inflacion\u00e1rios<\/title>\n<meta name=\"description\" content=\"O Ibovespa abriu em leve alta nesta sexta-feira (23), mas caminha para encerrar a semana no azul. Clique aqui e saiba mais.\" \/>\n<meta name=\"robots\" content=\"index, follow, max-snippet:-1, max-image-preview:large, max-video-preview:-1\" \/>\n<link rel=\"canonical\" href=\"https:\/\/www.suno.com.br\/noticias\/ibovespa-coronavirus-inflacao-taxa-de-juros-23102020\/\" \/>\n<meta property=\"og:locale\" content=\"pt_BR\" \/>\n<meta property=\"og:type\" content=\"article\" \/>\n<meta property=\"og:title\" content=\"Ibovespa abre em leve queda, atento aos dados inflacion\u00e1rios\" \/>\n<meta property=\"og:description\" content=\"O Ibovespa abriu em leve alta nesta sexta-feira (23), mas caminha para encerrar a semana no azul. Clique aqui e saiba mais.\" \/>\n<meta property=\"og:url\" content=\"https:\/\/www.suno.com.br\/noticias\/ibovespa-coronavirus-inflacao-taxa-de-juros-23102020\/\" \/>\n<meta property=\"og:site_name\" content=\"Suno Not\u00edcias\" \/>\n<meta property=\"article:publisher\" content=\"https:\/\/facebook.com\/sunoresearch\" \/>\n<meta property=\"og:image\" content=\"https:\/\/files.sunoresearch.com.br\/n\/uploads\/2020\/10\/f07169bd-2020_stk_mkt_crash_gettyimages-169975453-9914431a81f14c9aaf1a8dcbeafeaffb.jpg\" \/>\n\t<meta property=\"og:image:width\" content=\"1885\" \/>\n\t<meta property=\"og:image:height\" content=\"1414\" \/>\n\t<meta property=\"og:image:type\" content=\"image\/jpeg\" \/>\n<meta name=\"author\" content=\"Jader Lazarini\" \/>\n<meta name=\"twitter:card\" content=\"summary_large_image\" \/>\n<meta name=\"twitter:creator\" content=\"@sunoresearch\" \/>\n<meta name=\"twitter:site\" content=\"@sunoresearch\" \/>\n<meta name=\"twitter:label1\" content=\"Escrito por\" \/>\n\t<meta name=\"twitter:data1\" content=\"Jader Lazarini\" \/>\n\t<meta name=\"twitter:label2\" content=\"Est. tempo de leitura\" \/>\n\t<meta name=\"twitter:data2\" content=\"3 minutos\" \/>\n<script type=\"application\/ld+json\" class=\"yoast-schema-graph\">{\"@context\":\"https:\/\/schema.org\",\"@graph\":[{\"@type\":\"NewsArticle\",\"@id\":\"https:\/\/www.suno.com.br\/noticias\/ibovespa-coronavirus-inflacao-taxa-de-juros-23102020\/#article\",\"isPartOf\":{\"@id\":\"https:\/\/www.suno.com.br\/noticias\/ibovespa-coronavirus-inflacao-taxa-de-juros-23102020\/\"},\"author\":{\"name\":\"Jader Lazarini\",\"@id\":\"https:\/\/www.suno.com.br\/noticias\/#\/schema\/person\/918d79de1f0281f01599b93f9ea6e23f\"},\"headline\":\"Ibovespa abre est\u00e1vel, atento aos dados inflacion\u00e1rios e juros futuros\",\"datePublished\":\"2020-10-23T13:38:16+00:00\",\"dateModified\":\"2020-10-23T13:51:07+00:00\",\"mainEntityOfPage\":{\"@id\":\"https:\/\/www.suno.com.br\/noticias\/ibovespa-coronavirus-inflacao-taxa-de-juros-23102020\/\"},\"wordCount\":521,\"publisher\":{\"@id\":\"https:\/\/www.suno.com.br\/noticias\/#organization\"},\"image\":{\"@id\":\"https:\/\/www.suno.com.br\/noticias\/ibovespa-coronavirus-inflacao-taxa-de-juros-23102020\/#primaryimage\"},\"thumbnailUrl\":\"https:\/\/files.sunoresearch.com.br\/n\/uploads\/2020\/10\/f07169bd-2020_stk_mkt_crash_gettyimages-169975453-9914431a81f14c9aaf1a8dcbeafeaffb-jpg.webp\",\"keywords\":[\"coronav\u00edrus\",\"Donald Trump\",\"Elei\u00e7\u00f5es\",\"Ibovespa\",\"infla\u00e7\u00e3o\",\"taxa de juros\"],\"articleSection\":[\"Mercado\"],\"inLanguage\":\"pt-BR\"},{\"@type\":\"WebPage\",\"@id\":\"https:\/\/www.suno.com.br\/noticias\/ibovespa-coronavirus-inflacao-taxa-de-juros-23102020\/\",\"url\":\"https:\/\/www.suno.com.br\/noticias\/ibovespa-coronavirus-inflacao-taxa-de-juros-23102020\/\",\"name\":\"Ibovespa abre em leve queda, atento aos dados inflacion\u00e1rios\",\"isPartOf\":{\"@id\":\"https:\/\/www.suno.com.br\/noticias\/#website\"},\"primaryImageOfPage\":{\"@id\":\"https:\/\/www.suno.com.br\/noticias\/ibovespa-coronavirus-inflacao-taxa-de-juros-23102020\/#primaryimage\"},\"image\":{\"@id\":\"https:\/\/www.suno.com.br\/noticias\/ibovespa-coronavirus-inflacao-taxa-de-juros-23102020\/#primaryimage\"},\"thumbnailUrl\":\"https:\/\/files.sunoresearch.com.br\/n\/uploads\/2020\/10\/f07169bd-2020_stk_mkt_crash_gettyimages-169975453-9914431a81f14c9aaf1a8dcbeafeaffb-jpg.webp\",\"datePublished\":\"2020-10-23T13:38:16+00:00\",\"dateModified\":\"2020-10-23T13:51:07+00:00\",\"description\":\"O Ibovespa abriu em leve alta nesta sexta-feira (23), mas caminha para encerrar a semana no azul. Clique aqui e saiba mais.\",\"breadcrumb\":{\"@id\":\"https:\/\/www.suno.com.br\/noticias\/ibovespa-coronavirus-inflacao-taxa-de-juros-23102020\/#breadcrumb\"},\"inLanguage\":\"pt-BR\",\"potentialAction\":[{\"@type\":\"ReadAction\",\"target\":[\"https:\/\/www.suno.com.br\/noticias\/ibovespa-coronavirus-inflacao-taxa-de-juros-23102020\/\"]}]},{\"@type\":\"ImageObject\",\"inLanguage\":\"pt-BR\",\"@id\":\"https:\/\/www.suno.com.br\/noticias\/ibovespa-coronavirus-inflacao-taxa-de-juros-23102020\/#primaryimage\",\"url\":\"https:\/\/files.sunoresearch.com.br\/n\/uploads\/2020\/10\/f07169bd-2020_stk_mkt_crash_gettyimages-169975453-9914431a81f14c9aaf1a8dcbeafeaffb-jpg.webp\",\"contentUrl\":\"https:\/\/files.sunoresearch.com.br\/n\/uploads\/2020\/10\/f07169bd-2020_stk_mkt_crash_gettyimages-169975453-9914431a81f14c9aaf1a8dcbeafeaffb-jpg.webp\",\"width\":1885,\"height\":1414,\"caption\":\"Confira 5 a\u00e7\u00f5es que mais desvalorizaram no m\u00eas de novembro\"},{\"@type\":\"BreadcrumbList\",\"@id\":\"https:\/\/www.suno.com.br\/noticias\/ibovespa-coronavirus-inflacao-taxa-de-juros-23102020\/#breadcrumb\",\"itemListElement\":[{\"@type\":\"ListItem\",\"position\":1,\"name\":\"Not\u00edcias\",\"item\":\"https:\/\/www.suno.com.br\/noticias\/\"},{\"@type\":\"ListItem\",\"position\":2,\"name\":\"Mercado\",\"item\":\"https:\/\/www.suno.com.br\/noticias\/mercado\/\"},{\"@type\":\"ListItem\",\"position\":3,\"name\":\"Ibovespa abre est\u00e1vel, atento aos dados inflacion\u00e1rios e juros futuros\"}]},{\"@type\":\"WebSite\",\"@id\":\"https:\/\/www.suno.com.br\/noticias\/#website\",\"url\":\"https:\/\/www.suno.com.br\/noticias\/\",\"name\":\"Suno Not\u00edcias\",\"description\":\"Seu portal de informa\u00e7\u00e3o sobre o mundo dos investimentos\",\"publisher\":{\"@id\":\"https:\/\/www.suno.com.br\/noticias\/#organization\"},\"potentialAction\":[{\"@type\":\"SearchAction\",\"target\":{\"@type\":\"EntryPoint\",\"urlTemplate\":\"https:\/\/www.suno.com.br\/noticias\/?s={search_term_string}\"},\"query-input\":{\"@type\":\"PropertyValueSpecification\",\"valueRequired\":true,\"valueName\":\"search_term_string\"}}],\"inLanguage\":\"pt-BR\"},{\"@type\":\"Organization\",\"@id\":\"https:\/\/www.suno.com.br\/noticias\/#organization\",\"name\":\"Suno Not\u00edcias\",\"url\":\"https:\/\/www.suno.com.br\/noticias\/\",\"logo\":{\"@type\":\"ImageObject\",\"inLanguage\":\"pt-BR\",\"@id\":\"https:\/\/www.suno.com.br\/noticias\/#\/schema\/logo\/image\/\",\"url\":\"https:\/\/files.sunoresearch.com.br\/n\/uploads\/2021\/09\/suno-logo.png\",\"contentUrl\":\"https:\/\/files.sunoresearch.com.br\/n\/uploads\/2021\/09\/suno-logo.png\",\"width\":180,\"height\":180,\"caption\":\"Suno Not\u00edcias\"},\"image\":{\"@id\":\"https:\/\/www.suno.com.br\/noticias\/#\/schema\/logo\/image\/\"},\"sameAs\":[\"https:\/\/facebook.com\/sunoresearch\",\"https:\/\/x.com\/sunoresearch\",\"https:\/\/www.instagram.com\/suno\",\"https:\/\/www.linkedin.com\/company\/suno-research\/\",\"https:\/\/www.youtube.com\/c\/sunoresearch\"]},{\"@type\":\"Person\",\"@id\":\"https:\/\/www.suno.com.br\/noticias\/#\/schema\/person\/918d79de1f0281f01599b93f9ea6e23f\",\"name\":\"Jader Lazarini\",\"image\":{\"@type\":\"ImageObject\",\"inLanguage\":\"pt-BR\",\"@id\":\"https:\/\/www.suno.com.br\/noticias\/#\/schema\/person\/image\/\",\"url\":\"https:\/\/secure.gravatar.com\/avatar\/3c1ad8caa51589841baeb923fcddea97?s=96&r=g\",\"contentUrl\":\"https:\/\/secure.gravatar.com\/avatar\/3c1ad8caa51589841baeb923fcddea97?s=96&r=g\",\"caption\":\"Jader Lazarini\"},\"description\":\"Jader Lazarini escreve sobre investimentos, finan\u00e7as, economia e neg\u00f3cios. \u00c9 bacharel em Rela\u00e7\u00f5es Internacionais e analista CNPI (2619).\",\"url\":\"https:\/\/www.suno.com.br\/noticias\/author\/jader-lazarini\/\"}]}<\/script>\n<!-- \/ Yoast SEO plugin. -->","yoast_head_json":{"title":"Ibovespa abre em leve queda, atento aos dados inflacion\u00e1rios","description":"O Ibovespa abriu em leve alta nesta sexta-feira (23), mas caminha para encerrar a semana no azul. Clique aqui e saiba mais.","robots":{"index":"index","follow":"follow","max-snippet":"max-snippet:-1","max-image-preview":"max-image-preview:large","max-video-preview":"max-video-preview:-1"},"canonical":"https:\/\/www.suno.com.br\/noticias\/ibovespa-coronavirus-inflacao-taxa-de-juros-23102020\/","og_locale":"pt_BR","og_type":"article","og_title":"Ibovespa abre em leve queda, atento aos dados inflacion\u00e1rios","og_description":"O Ibovespa abriu em leve alta nesta sexta-feira (23), mas caminha para encerrar a semana no azul. Clique aqui e saiba mais.","og_url":"https:\/\/www.suno.com.br\/noticias\/ibovespa-coronavirus-inflacao-taxa-de-juros-23102020\/","og_site_name":"Suno Not\u00edcias","article_publisher":"https:\/\/facebook.com\/sunoresearch","og_image":[{"width":1885,"height":1414,"url":"https:\/\/files.sunoresearch.com.br\/n\/uploads\/2020\/10\/f07169bd-2020_stk_mkt_crash_gettyimages-169975453-9914431a81f14c9aaf1a8dcbeafeaffb.jpg","type":"image\/jpeg"}],"author":"Jader Lazarini","twitter_card":"summary_large_image","twitter_creator":"@sunoresearch","twitter_site":"@sunoresearch","twitter_misc":{"Escrito por":"Jader Lazarini","Est. tempo de leitura":"3 minutos"},"schema":{"@context":"https:\/\/schema.org","@graph":[{"@type":"NewsArticle","@id":"https:\/\/www.suno.com.br\/noticias\/ibovespa-coronavirus-inflacao-taxa-de-juros-23102020\/#article","isPartOf":{"@id":"https:\/\/www.suno.com.br\/noticias\/ibovespa-coronavirus-inflacao-taxa-de-juros-23102020\/"},"author":{"name":"Jader Lazarini","@id":"https:\/\/www.suno.com.br\/noticias\/#\/schema\/person\/918d79de1f0281f01599b93f9ea6e23f"},"headline":"Ibovespa abre est\u00e1vel, atento aos dados inflacion\u00e1rios e juros futuros","datePublished":"2020-10-23T13:38:16+00:00","dateModified":"2020-10-23T13:51:07+00:00","mainEntityOfPage":{"@id":"https:\/\/www.suno.com.br\/noticias\/ibovespa-coronavirus-inflacao-taxa-de-juros-23102020\/"},"wordCount":521,"publisher":{"@id":"https:\/\/www.suno.com.br\/noticias\/#organization"},"image":{"@id":"https:\/\/www.suno.com.br\/noticias\/ibovespa-coronavirus-inflacao-taxa-de-juros-23102020\/#primaryimage"},"thumbnailUrl":"https:\/\/files.sunoresearch.com.br\/n\/uploads\/2020\/10\/f07169bd-2020_stk_mkt_crash_gettyimages-169975453-9914431a81f14c9aaf1a8dcbeafeaffb-jpg.webp","keywords":["coronav\u00edrus","Donald Trump","Elei\u00e7\u00f5es","Ibovespa","infla\u00e7\u00e3o","taxa de juros"],"articleSection":["Mercado"],"inLanguage":"pt-BR"},{"@type":"WebPage","@id":"https:\/\/www.suno.com.br\/noticias\/ibovespa-coronavirus-inflacao-taxa-de-juros-23102020\/","url":"https:\/\/www.suno.com.br\/noticias\/ibovespa-coronavirus-inflacao-taxa-de-juros-23102020\/","name":"Ibovespa abre em leve queda, atento aos dados inflacion\u00e1rios","isPartOf":{"@id":"https:\/\/www.suno.com.br\/noticias\/#website"},"primaryImageOfPage":{"@id":"https:\/\/www.suno.com.br\/noticias\/ibovespa-coronavirus-inflacao-taxa-de-juros-23102020\/#primaryimage"},"image":{"@id":"https:\/\/www.suno.com.br\/noticias\/ibovespa-coronavirus-inflacao-taxa-de-juros-23102020\/#primaryimage"},"thumbnailUrl":"https:\/\/files.sunoresearch.com.br\/n\/uploads\/2020\/10\/f07169bd-2020_stk_mkt_crash_gettyimages-169975453-9914431a81f14c9aaf1a8dcbeafeaffb-jpg.webp","datePublished":"2020-10-23T13:38:16+00:00","dateModified":"2020-10-23T13:51:07+00:00","description":"O Ibovespa abriu em leve alta nesta sexta-feira (23), mas caminha para encerrar a semana no azul. Clique aqui e saiba mais.","breadcrumb":{"@id":"https:\/\/www.suno.com.br\/noticias\/ibovespa-coronavirus-inflacao-taxa-de-juros-23102020\/#breadcrumb"},"inLanguage":"pt-BR","potentialAction":[{"@type":"ReadAction","target":["https:\/\/www.suno.com.br\/noticias\/ibovespa-coronavirus-inflacao-taxa-de-juros-23102020\/"]}]},{"@type":"ImageObject","inLanguage":"pt-BR","@id":"https:\/\/www.suno.com.br\/noticias\/ibovespa-coronavirus-inflacao-taxa-de-juros-23102020\/#primaryimage","url":"https:\/\/files.sunoresearch.com.br\/n\/uploads\/2020\/10\/f07169bd-2020_stk_mkt_crash_gettyimages-169975453-9914431a81f14c9aaf1a8dcbeafeaffb-jpg.webp","contentUrl":"https:\/\/files.sunoresearch.com.br\/n\/uploads\/2020\/10\/f07169bd-2020_stk_mkt_crash_gettyimages-169975453-9914431a81f14c9aaf1a8dcbeafeaffb-jpg.webp","width":1885,"height":1414,"caption":"Confira 5 a\u00e7\u00f5es que mais desvalorizaram no m\u00eas de novembro"},{"@type":"BreadcrumbList","@id":"https:\/\/www.suno.com.br\/noticias\/ibovespa-coronavirus-inflacao-taxa-de-juros-23102020\/#breadcrumb","itemListElement":[{"@type":"ListItem","position":1,"name":"Not\u00edcias","item":"https:\/\/www.suno.com.br\/noticias\/"},{"@type":"ListItem","position":2,"name":"Mercado","item":"https:\/\/www.suno.com.br\/noticias\/mercado\/"},{"@type":"ListItem","position":3,"name":"Ibovespa abre est\u00e1vel, atento aos dados inflacion\u00e1rios e juros futuros"}]},{"@type":"WebSite","@id":"https:\/\/www.suno.com.br\/noticias\/#website","url":"https:\/\/www.suno.com.br\/noticias\/","name":"Suno Not\u00edcias","description":"Seu portal de informa\u00e7\u00e3o sobre o mundo dos investimentos","publisher":{"@id":"https:\/\/www.suno.com.br\/noticias\/#organization"},"potentialAction":[{"@type":"SearchAction","target":{"@type":"EntryPoint","urlTemplate":"https:\/\/www.suno.com.br\/noticias\/?s={search_term_string}"},"query-input":{"@type":"PropertyValueSpecification","valueRequired":true,"valueName":"search_term_string"}}],"inLanguage":"pt-BR"},{"@type":"Organization","@id":"https:\/\/www.suno.com.br\/noticias\/#organization","name":"Suno Not\u00edcias","url":"https:\/\/www.suno.com.br\/noticias\/","logo":{"@type":"ImageObject","inLanguage":"pt-BR","@id":"https:\/\/www.suno.com.br\/noticias\/#\/schema\/logo\/image\/","url":"https:\/\/files.sunoresearch.com.br\/n\/uploads\/2021\/09\/suno-logo.png","contentUrl":"https:\/\/files.sunoresearch.com.br\/n\/uploads\/2021\/09\/suno-logo.png","width":180,"height":180,"caption":"Suno Not\u00edcias"},"image":{"@id":"https:\/\/www.suno.com.br\/noticias\/#\/schema\/logo\/image\/"},"sameAs":["https:\/\/facebook.com\/sunoresearch","https:\/\/x.com\/sunoresearch","https:\/\/www.instagram.com\/suno","https:\/\/www.linkedin.com\/company\/suno-research\/","https:\/\/www.youtube.com\/c\/sunoresearch"]},{"@type":"Person","@id":"https:\/\/www.suno.com.br\/noticias\/#\/schema\/person\/918d79de1f0281f01599b93f9ea6e23f","name":"Jader Lazarini","image":{"@type":"ImageObject","inLanguage":"pt-BR","@id":"https:\/\/www.suno.com.br\/noticias\/#\/schema\/person\/image\/","url":"https:\/\/secure.gravatar.com\/avatar\/3c1ad8caa51589841baeb923fcddea97?s=96&r=g","contentUrl":"https:\/\/secure.gravatar.com\/avatar\/3c1ad8caa51589841baeb923fcddea97?s=96&r=g","caption":"Jader Lazarini"},"description":"Jader Lazarini escreve sobre investimentos, finan\u00e7as, economia e neg\u00f3cios. \u00c9 bacharel em Rela\u00e7\u00f5es Internacionais e analista CNPI (2619).","url":"https:\/\/www.suno.com.br\/noticias\/author\/jader-lazarini\/"}]}},"default_loop_html":"<div class=\"cardsPage__listCard__boxs\"><div class=\"cardsPage__listCard__boxs__img\"><a href=\"https:\/\/www.suno.com.br\/noticias\/jbs-jbss3-arbitragem-indenizacao-escandalos\/\"><img class=\"mask\" src=\"https:\/\/www.suno.com.br\/noticias\/wp-content\/themes\/suno\/resources\/images\/spotlight\/spotlight1img\/bg-mask.png\" alt=\"Image Mask\"\/><img src=\"https:\/\/files.sunoresearch.com.br\/n\/uploads\/2019\/05\/d3ba6985-wesley-batista-400x200.webp\" alt=\"JBS (JBSS3): acionista abre arbitragem pedindo indeniza\u00e7\u00e3o por esc\u00e2ndalos\"\/><\/a><span class=\"spotlightCategory\"><a href=\"https:\/\/www.suno.com.br\/noticias\/negocios\/\">Neg\u00f3cios<\/a><\/span><\/div><div class=\"cardsPage__listCard__boxs__content\"><a href=\"https:\/\/www.suno.com.br\/noticias\/jbs-jbss3-arbitragem-indenizacao-escandalos\/\"><h2 class=\"content__title\">JBS (JBSS3): acionista abre arbitragem pedindo indeniza\u00e7\u00e3o por esc\u00e2ndalos<\/h2><\/a><div class=\"newsContent__article__meta\"><div class=\"newsContent__article__meta__authorBox\"><a href=\"https:\/\/www.suno.com.br\/noticias\/author\/arthur-guimaraes\/\" class=\"authorBox__avatar noMobi\"><img src=\"https:\/\/files.sunoresearch.com.br\/n\/uploads\/2020\/02\/dfb40897-eu-150x150.webp\" alt=\"Arthur Guimar\u00e3es\"><\/a><div class=\"authorBox__name\"><span>por\n\t\t\t<a href=\"https:\/\/www.suno.com.br\/noticias\/author\/arthur-guimaraes\/\"><span itemprop=\"author\">Arthur Guimar\u00e3es<\/span><\/a><\/span><time datetime=\"2020-10-22T21:18:33-03:00\" itemprop=\"datePublished\">22\/10\/2020 21:18<\/time><\/div><\/div><\/div><\/div><\/div>","single_layout":"posts","amp_enabled":true,"_links":{"self":[{"href":"https:\/\/www.suno.com.br\/noticias\/wp-json\/wp\/v2\/posts\/93947"}],"collection":[{"href":"https:\/\/www.suno.com.br\/noticias\/wp-json\/wp\/v2\/posts"}],"about":[{"href":"https:\/\/www.suno.com.br\/noticias\/wp-json\/wp\/v2\/types\/post"}],"author":[{"embeddable":true,"href":"https:\/\/www.suno.com.br\/noticias\/wp-json\/wp\/v2\/users\/24"}],"replies":[{"embeddable":true,"href":"https:\/\/www.suno.com.br\/noticias\/wp-json\/wp\/v2\/comments?post=93947"}],"version-history":[{"count":0,"href":"https:\/\/www.suno.com.br\/noticias\/wp-json\/wp\/v2\/posts\/93947\/revisions"}],"wp:featuredmedia":[{"embeddable":true,"href":"https:\/\/www.suno.com.br\/noticias\/wp-json\/wp\/v2\/media\/88894"}],"wp:attachment":[{"href":"https:\/\/www.suno.com.br\/noticias\/wp-json\/wp\/v2\/media?parent=93947"}],"wp:term":[{"taxonomy":"category","embeddable":true,"href":"https:\/\/www.suno.com.br\/noticias\/wp-json\/wp\/v2\/categories?post=93947"},{"taxonomy":"post_tag","embeddable":true,"href":"https:\/\/www.suno.com.br\/noticias\/wp-json\/wp\/v2\/tags?post=93947"},{"taxonomy":"suno_strategy","embeddable":true,"href":"https:\/\/www.suno.com.br\/noticias\/wp-json\/wp\/v2\/suno_strategy?post=93947"}],"curies":[{"name":"wp","href":"https:\/\/api.w.org\/{rel}","templated":true}]}}