{"id":93897,"date":"2020-10-23T09:02:25","date_gmt":"2020-10-23T12:02:25","guid":{"rendered":"https:\/\/www.suno.com.br\/noticias\/?p=93897"},"modified":"2021-06-13T23:31:20","modified_gmt":"2021-06-14T02:31:20","slug":"biden-trump-ultimo-debate-entre-candidatos-eua","status":"publish","type":"post","link":"https:\/\/www.suno.com.br\/noticias\/biden-trump-ultimo-debate-entre-candidatos-eua\/","title":{"rendered":"Biden x Trump: debate menos conflituoso traz acusa\u00e7\u00f5es de corrup\u00e7\u00e3o"},"content":{"rendered":"<p>Os candidatos \u00e0 presid\u00eancia dos Estados Unidos, o atual mandat\u00e1rio <a href=\"https:\/\/www.suno.com.br\/tudo-sobre\/donald-trump\/\">Donald Trump<\/a> e o democrata Joe <strong>Biden<\/strong>, realizaram o \u00faltimo debate antes das elei\u00e7\u00f5es na noite da \u00faltima quinta-feira (22). O evento, que n\u00e3o teve momentos marcantes ou declara\u00e7\u00f5es bomb\u00e1sticas, foi menos conflituoso e mais organizado em compara\u00e7\u00e3o ao primeiro, realizado no dia 29 de setembro.<br \/>\n\t<p>\n\t\t<a href=\"\" target=\"_blank\" data-element=\"shortcode-suno-banner\" title=\"Banner SUNO, clique e saiba mais\">\n\t\t\t<picture>\n\t\t\t\t<source media=\"(max-width: 500px)\" srcset=\"\">\n\t\t\t\t<img class=\"newsContent__article__imgCapa newsContent__article__imgCapa--banner\"\n\t\t\t\t\tsrc=\"\"\n\t\t\t\t\tdata-promo-id=\"93701\"\t\t\t\t\t\t\t\t\t\t\t\t\t\t\talt=\"\"\n\t\t\t\t>\n\t\t\t<\/picture>\n\t\t<\/a>\n\t<\/p>\n\n<\/p>\t<div class=\"wrapper-featured-image\">\n\t\t<figure class=\"spotlightImg\">\n\n\t\t\t<picture>\n\t\t\t\t<source media=\"(max-width: 768px)\" srcset=\"https:\/\/files.sunoresearch.com.br\/n\/uploads\/2020\/10\/78199ea6-15791_8adc3cb244c5c61d-400x200.webp\">\n\t\t\t\t<img loading=\"lazy\" decoding=\"async\" class=\"newsContent__article__imgCapa lazyloadDisabled \" src=\"https:\/\/files.sunoresearch.com.br\/n\/uploads\/2020\/10\/78199ea6-15791_8adc3cb244c5c61d-800x450.webp\" width=\"800\" height=\"450\" alt=\"Biden x Trump: debate menos conflituoso traz acusa\u00e7\u00f5es de corrup\u00e7\u00e3o\" fetchpriority=high \/>\n\t\t\t<\/picture>\n\n\t\t\t<figcaption class=\"wp-caption-text wp-caption-text--show\">Os candidatos \u00e0 presid\u00eancia dos EUA, Trump e Biden, realizaram o \u00faltimo debate antes das elei\u00e7\u00f5es na noite da \u00faltima quinta. <\/figcaption>\n\t\t<\/figure>\n\t<\/div>\n\n<p>Os candidatos \u00e0 presid\u00eancia dos Estados Unidos, o atual mandat\u00e1rio <a href=\"https:\/\/www.suno.com.br\/tudo-sobre\/donald-trump\/\">Donald Trump<\/a> e o democrata Joe <strong>Biden<\/strong>, realizaram o \u00faltimo debate antes das elei\u00e7\u00f5es na noite da \u00faltima quinta-feira (22). O evento, que n\u00e3o teve momentos marcantes ou declara\u00e7\u00f5es bomb\u00e1sticas, foi menos conflituoso e mais organizado em compara\u00e7\u00e3o ao primeiro, realizado no dia 29 de setembro.<br \/>\n\t<p>\n\t\t<a href=\"\" target=\"_blank\" data-element=\"shortcode-suno-banner\" title=\"Banner SUNO, clique e saiba mais\">\n\t\t\t<picture>\n\t\t\t\t<source media=\"(max-width: 500px)\" srcset=\"\">\n\t\t\t\t<img class=\"newsContent__article__imgCapa newsContent__article__imgCapa--banner\"\n\t\t\t\t\tsrc=\"\"\n\t\t\t\t\tdata-promo-id=\"93701\"\t\t\t\t\t\t\t\t\t\t\t\t\t\t\talt=\"\"\n\t\t\t\t>\n\t\t\t<\/picture>\n\t\t<\/a>\n\t<\/p>\n\n<\/p>\n\n<p>Por conta disso, um processo de impeachment chegou a ser aberto contra o presidente, por abuso de poder. O republicano foi absolvido em fevereiro deste ano.<\/p>\n<p><a href=\"https:\/\/lp.suno.com.br\/suno-one\/\">Suno One: acesse gratuitamente eBooks, Minicursos, Artigos e Video Aulas sobre investimentos com um \u00fanico cadastro. Clique para saber mais!<\/a><\/p>\n<p>O democrata, por sua vez, pontuou a falta de transpar\u00eancia de Trump na declara\u00e7\u00e3o de seus impostos. De acordo com o New York Times, o republicano pagou US$ 750 em imposto de renda federal, entre 2016 e 2017. Al\u00e9m disso, segundo o jornal, quando tudo \u00e9 considerado, Trump \u201cn\u00e3o pagou nenhum imposto de renda em 10 dos \u00faltimos 15 anos\u201d.<\/p>\n<p>Biden tamb\u00e9m questionou Trump pela forma com que foi conduzido o combate \u00e0 pandemia do <a href=\"https:\/\/www.suno.com.br\/noticias\/?s=coronav%C3%ADrus\">novo <strong>coronav\u00edrus<\/strong> (Covid-19)<\/a>, que j\u00e1 atingiu mais de 8 milh\u00f5es de pessoas nos Estados Unidos, matando mais de 220 mil. &#8220;Este \u00e9 um problema mundial, e eu tenho sido felicitado por l\u00edderes de muitos pa\u00edses pelo que conseguimos fazer aqui&#8221;, disse Trump.<\/p>\n<p>Em um refor\u00e7o de que a economia e as escolas precisavam voltar \u00e0 normalidade, e que as pessoas estavam perdendo seus sustentos em meio a um crescente n\u00famero de suic\u00eddios e problemas com drogas, o presidente disse que &#8220;estamos aprendendo a viver&#8221; com o v\u00edrus. Em resposta, Biden disse que a sociedade n\u00e3o est\u00e1 aprendendo a viver com a doen\u00e7a, mas &#8220;morrer com ela&#8221;.<\/p>\n<h2>Biden critica Trump pela pol\u00edtica de imigra\u00e7\u00e3o<\/h2>\n<p>Um dos momentos mais cr\u00edticos do debate foi quando a<strong> pol\u00edtica de imigra\u00e7\u00e3o<\/strong> foi trazida \u00e0 tona pela moderadora <strong>Kristen Welker<\/strong>, jornalista da NBC News. Biden criticou a atua\u00e7\u00e3o de Trump nessa \u00e1rea, salientando a controversa medida de separa\u00e7\u00e3o de fam\u00edlias na fronteira com o M\u00e9xico.<br \/>\n<div class=\"hubspot-form-wrapper\">\n\t<div id=\"single-form-target\"><\/div>\n<\/div>\n<\/p>\n<p>Tal pol\u00edtica foi revogada pela <strong>Casa Branca<\/strong> ap\u00f3s forte press\u00e3o social, e determinada por um juiz federal, em 2018, mas ainda deixa aproximadamente 500 crian\u00e7as migrantes sozinhas nos <strong>Estados Unidos<\/strong>, pois seus pais j\u00e1 foram deportados. &#8220;Mais de 500 crian\u00e7as vieram com seus pais. Eles os separaram na fronteira para desencoraj\u00e1-los a vir&#8221;, disse Biden. &#8220;Isso nos torna motivo de piada e viola todas as no\u00e7\u00f5es de quem somos como pa\u00eds.&#8221;<\/p>\n<p>Trump, no entanto, disse que esse processo j\u00e1 havia sido iniciado no governo anterior, quando Biden trabalhava junto a Obama. Segundo o mandat\u00e1rio, as celas de metal nos centros de deten\u00e7\u00e3o de imigrantes foram constru\u00eddas antes dele assumir o poder.<\/p>\n\t<div data-element=\"shortcode-read-more\" class=\"knowMore\">\n\t\t\t\t<span class=\"knowMore__title\">Saiba mais<\/span>\n\t\t\t\t<a class=\"knowMore__link\" href=\"https:\/\/www.suno.com.br\/noticias\/biden-arrecadacao-recorde-campanha-mercado-acompanha-debate\/\">\n\t\t\tBiden faz arrecada\u00e7\u00e3o recorde para campanha; debate acontece hoje\t\t<\/a>\n\t<\/div>\n\n\n<p>&#8220;Eles colocaram a foto de uma dessas gaiolas horr\u00edveis em um jornal e disseram &#8216;olhe para essas gaiolas, o presidente Trump as construiu. Eles haviam decidido constru\u00ed-las em 2014. Ele fez isso&#8221;, disse Trump.<\/p>\n<p>As &#8220;gaiolas&#8221; citadas por Trump, embora realmente tenham sido contru\u00eddas antes de seu governo, tinham um intuito distinto. Em uma entrevista no ano passado, Jeh Johnson, secret\u00e1rio de Seguran\u00e7a Interna de Barack Obama, disse que os centros de denten\u00e7\u00e3o foram constru\u00eddos em 2014 por conta de um fluxo repentino de migrantes no Arizona. Crian\u00e7as desacompanhadas, se necess\u00e1rio, ficariam ali somente por 72 horas e seriam encaminhadas para o Departamento de Sa\u00fade e Servi\u00e7os Humanos. O \u00f3rg\u00e3o, ent\u00e3o, as colocaria em abrigos preparados e as direcionariam para algum local do pa\u00eds posteriormente.<\/p>\n<p>Embora Trump assuma o posicionamento <strong>anti-imigra\u00e7\u00e3o<\/strong> e nacionalista, o n\u00famero de pris\u00f5es e deporta\u00e7\u00f5es durante os primeiros quatro anos de Trump permanece abaixo dos primeiros mandatos da dupla Obama-Biden. Quando Biden foi questionado pela moderadora, disse que ele e Obama cometeram &#8220;um erro&#8221;.<br \/>\n\t<p>\n\t\t<a href=\"\" target=\"_blank\" data-element=\"shortcode-suno-banner\" title=\"Banner SUNO, clique e saiba mais\">\n\t\t\t<picture>\n\t\t\t\t<source media=\"(max-width: 500px)\" srcset=\"\">\n\t\t\t\t<img class=\"newsContent__article__imgCapa newsContent__article__imgCapa--banner\"\n\t\t\t\t\tsrc=\"\"\n\t\t\t\t\tdata-promo-id=\"93863\"\t\t\t\t\t\t\t\t\t\t\t\t\t\t\talt=\"\"\n\t\t\t\t>\n\t\t\t<\/picture>\n\t\t<\/a>\n\t<\/p>\n\n<br \/>\nDe acordo com a pesquisa IBD\/TIPP, <strong>Biden<\/strong> mant\u00e9m 4 pontos de vantagem sobre Trump na disputa pela Casa Branca. De acordo com o estudo, o ex-vice-presidente tem 50% das inten\u00e7\u00f5es de voto, contra 46% do atual mandat\u00e1rio. A pesquisa tem margem de erro de 3 pontos percentuais.<\/p>\n\t<p>\n\t\t<a href=\"https:\/\/lp.suno.com.br\/planilha-de-controle-de-investimentos\/\" target=\"_blank\" data-element=\"shortcode-suno-banner\" title=\"Banner SUNO, clique e saiba mais\">\n\t\t\t<picture>\n\t\t\t\t<source media=\"(max-width: 500px)\" srcset=\"https:\/\/files.sunoresearch.com.br\/n\/uploads\/2023\/03\/400x300-Controle-de-Investimentos.png\">\n\t\t\t\t<img class=\"newsContent__article__imgCapa newsContent__article__imgCapa--banner\"\n\t\t\t\t\tsrc=\"https:\/\/files.sunoresearch.com.br\/n\/uploads\/2023\/03\/1420x240-Controle-de-Investimentos.png\"\n\t\t\t\t\tdata-promo-id=\"75934\"\t\t\t\t\t\t\t\t\t\twidth='1420' height='240'\t\t\t\t\talt=\"https:\/\/files.sunoresearch.com.br\/n\/uploads\/2023\/03\/1420x240-Controle-de-Investimentos.png\"\n\t\t\t\t>\n\t\t\t<\/picture>\n\t\t<\/a>\n\t<\/p>\n\n\n","protected":false},"excerpt":{"rendered":"<p>Os candidatos \u00e0 presid\u00eancia dos Estados Unidos, o atual mandat\u00e1rio Donald Trump e o democrata Joe Biden, realizaram o \u00faltimo debate antes das elei\u00e7\u00f5es na noite da \u00faltima quinta-feira (22). O evento, que n\u00e3o teve momentos marcantes ou declara\u00e7\u00f5es bomb\u00e1sticas, foi menos conflituoso e mais organizado em compara\u00e7\u00e3o ao primeiro, realizado no dia 29 de [&hellip;]<\/p>\n","protected":false},"author":24,"featured_media":93500,"comment_status":"closed","ping_status":"closed","sticky":false,"template":"","format":"standard","meta":[],"categories":[63],"tags":[724,697,793,73481],"suno_strategy":[],"class_list":["post-93897","post","type-post","status-publish","format-standard","has-post-thumbnail","hentry","category-internacional","tag-donald-trump","tag-eleicoes","tag-estados-unidos-eua","tag-joe-biden"],"yoast_head":"<!-- This site is optimized with the Yoast SEO plugin v24.4 - https:\/\/yoast.com\/wordpress\/plugins\/seo\/ -->\n<title>Biden x Trump: debate menos conflituoso traz acusa\u00e7\u00f5es de corrup\u00e7\u00e3o<\/title>\n<meta name=\"description\" content=\"Os candidatos \u00e0 presid\u00eancia dos EUA, Trump e Biden, realizaram o \u00faltimo debate antes das elei\u00e7\u00f5es na noite da \u00faltima quinta. Saiba mais.\" \/>\n<meta name=\"robots\" content=\"index, follow, max-snippet:-1, max-image-preview:large, max-video-preview:-1\" \/>\n<link rel=\"canonical\" href=\"https:\/\/www.suno.com.br\/noticias\/biden-trump-ultimo-debate-entre-candidatos-eua\/\" \/>\n<meta property=\"og:locale\" content=\"pt_BR\" \/>\n<meta property=\"og:type\" content=\"article\" \/>\n<meta property=\"og:title\" content=\"Biden x Trump: debate menos conflituoso traz acusa\u00e7\u00f5es de corrup\u00e7\u00e3o\" \/>\n<meta property=\"og:description\" content=\"Os candidatos \u00e0 presid\u00eancia dos EUA, Trump e Biden, realizaram o \u00faltimo debate antes das elei\u00e7\u00f5es na noite da \u00faltima quinta. Saiba mais.\" \/>\n<meta property=\"og:url\" content=\"https:\/\/www.suno.com.br\/noticias\/biden-trump-ultimo-debate-entre-candidatos-eua\/\" \/>\n<meta property=\"og:site_name\" content=\"Suno Not\u00edcias\" \/>\n<meta property=\"article:publisher\" content=\"https:\/\/facebook.com\/sunoresearch\" \/>\n<meta property=\"og:image\" content=\"https:\/\/files.sunoresearch.com.br\/n\/uploads\/2020\/10\/78199ea6-15791_8adc3cb244c5c61d.jpeg\" \/>\n\t<meta property=\"og:image:width\" content=\"1920\" \/>\n\t<meta property=\"og:image:height\" content=\"1080\" \/>\n\t<meta property=\"og:image:type\" content=\"image\/jpeg\" \/>\n<meta name=\"author\" content=\"Jader Lazarini\" \/>\n<meta name=\"twitter:card\" content=\"summary_large_image\" \/>\n<meta name=\"twitter:creator\" content=\"@sunoresearch\" \/>\n<meta name=\"twitter:site\" content=\"@sunoresearch\" \/>\n<meta name=\"twitter:label1\" content=\"Escrito por\" \/>\n\t<meta name=\"twitter:data1\" content=\"Jader Lazarini\" \/>\n\t<meta name=\"twitter:label2\" content=\"Est. tempo de leitura\" \/>\n\t<meta name=\"twitter:data2\" content=\"4 minutos\" \/>\n<script type=\"application\/ld+json\" class=\"yoast-schema-graph\">{\"@context\":\"https:\/\/schema.org\",\"@graph\":[{\"@type\":\"NewsArticle\",\"@id\":\"https:\/\/www.suno.com.br\/noticias\/biden-trump-ultimo-debate-entre-candidatos-eua\/#article\",\"isPartOf\":{\"@id\":\"https:\/\/www.suno.com.br\/noticias\/biden-trump-ultimo-debate-entre-candidatos-eua\/\"},\"author\":{\"name\":\"Jader Lazarini\",\"@id\":\"https:\/\/www.suno.com.br\/noticias\/#\/schema\/person\/918d79de1f0281f01599b93f9ea6e23f\"},\"headline\":\"Biden x Trump: debate menos conflituoso traz acusa\u00e7\u00f5es de corrup\u00e7\u00e3o\",\"datePublished\":\"2020-10-23T12:02:25+00:00\",\"dateModified\":\"2021-06-14T02:31:20+00:00\",\"mainEntityOfPage\":{\"@id\":\"https:\/\/www.suno.com.br\/noticias\/biden-trump-ultimo-debate-entre-candidatos-eua\/\"},\"wordCount\":835,\"publisher\":{\"@id\":\"https:\/\/www.suno.com.br\/noticias\/#organization\"},\"image\":{\"@id\":\"https:\/\/www.suno.com.br\/noticias\/biden-trump-ultimo-debate-entre-candidatos-eua\/#primaryimage\"},\"thumbnailUrl\":\"https:\/\/files.sunoresearch.com.br\/n\/uploads\/2020\/10\/78199ea6-15791_8adc3cb244c5c61d-jpeg.webp\",\"keywords\":[\"Donald Trump\",\"Elei\u00e7\u00f5es\",\"Estados Unidos (EUA)\",\"Joe Biden\"],\"articleSection\":[\"Internacional\"],\"inLanguage\":\"pt-BR\"},{\"@type\":\"WebPage\",\"@id\":\"https:\/\/www.suno.com.br\/noticias\/biden-trump-ultimo-debate-entre-candidatos-eua\/\",\"url\":\"https:\/\/www.suno.com.br\/noticias\/biden-trump-ultimo-debate-entre-candidatos-eua\/\",\"name\":\"Biden x Trump: debate menos conflituoso traz acusa\u00e7\u00f5es de corrup\u00e7\u00e3o\",\"isPartOf\":{\"@id\":\"https:\/\/www.suno.com.br\/noticias\/#website\"},\"primaryImageOfPage\":{\"@id\":\"https:\/\/www.suno.com.br\/noticias\/biden-trump-ultimo-debate-entre-candidatos-eua\/#primaryimage\"},\"image\":{\"@id\":\"https:\/\/www.suno.com.br\/noticias\/biden-trump-ultimo-debate-entre-candidatos-eua\/#primaryimage\"},\"thumbnailUrl\":\"https:\/\/files.sunoresearch.com.br\/n\/uploads\/2020\/10\/78199ea6-15791_8adc3cb244c5c61d-jpeg.webp\",\"datePublished\":\"2020-10-23T12:02:25+00:00\",\"dateModified\":\"2021-06-14T02:31:20+00:00\",\"description\":\"Os candidatos \u00e0 presid\u00eancia dos EUA, Trump e Biden, realizaram o \u00faltimo debate antes das elei\u00e7\u00f5es na noite da \u00faltima quinta. Saiba mais.\",\"breadcrumb\":{\"@id\":\"https:\/\/www.suno.com.br\/noticias\/biden-trump-ultimo-debate-entre-candidatos-eua\/#breadcrumb\"},\"inLanguage\":\"pt-BR\",\"potentialAction\":[{\"@type\":\"ReadAction\",\"target\":[\"https:\/\/www.suno.com.br\/noticias\/biden-trump-ultimo-debate-entre-candidatos-eua\/\"]}]},{\"@type\":\"ImageObject\",\"inLanguage\":\"pt-BR\",\"@id\":\"https:\/\/www.suno.com.br\/noticias\/biden-trump-ultimo-debate-entre-candidatos-eua\/#primaryimage\",\"url\":\"https:\/\/files.sunoresearch.com.br\/n\/uploads\/2020\/10\/78199ea6-15791_8adc3cb244c5c61d-jpeg.webp\",\"contentUrl\":\"https:\/\/files.sunoresearch.com.br\/n\/uploads\/2020\/10\/78199ea6-15791_8adc3cb244c5c61d-jpeg.webp\",\"width\":1920,\"height\":1080,\"caption\":\"Os candidatos \u00e0 presid\u00eancia dos EUA, Trump e Biden, realizaram o \u00faltimo debate antes das elei\u00e7\u00f5es na noite da \u00faltima quinta.\"},{\"@type\":\"BreadcrumbList\",\"@id\":\"https:\/\/www.suno.com.br\/noticias\/biden-trump-ultimo-debate-entre-candidatos-eua\/#breadcrumb\",\"itemListElement\":[{\"@type\":\"ListItem\",\"position\":1,\"name\":\"Not\u00edcias\",\"item\":\"https:\/\/www.suno.com.br\/noticias\/\"},{\"@type\":\"ListItem\",\"position\":2,\"name\":\"Internacional\",\"item\":\"https:\/\/www.suno.com.br\/noticias\/internacional\/\"},{\"@type\":\"ListItem\",\"position\":3,\"name\":\"Biden x Trump: debate menos conflituoso traz acusa\u00e7\u00f5es de corrup\u00e7\u00e3o\"}]},{\"@type\":\"WebSite\",\"@id\":\"https:\/\/www.suno.com.br\/noticias\/#website\",\"url\":\"https:\/\/www.suno.com.br\/noticias\/\",\"name\":\"Suno Not\u00edcias\",\"description\":\"Seu portal de informa\u00e7\u00e3o sobre o mundo dos investimentos\",\"publisher\":{\"@id\":\"https:\/\/www.suno.com.br\/noticias\/#organization\"},\"potentialAction\":[{\"@type\":\"SearchAction\",\"target\":{\"@type\":\"EntryPoint\",\"urlTemplate\":\"https:\/\/www.suno.com.br\/noticias\/?s={search_term_string}\"},\"query-input\":{\"@type\":\"PropertyValueSpecification\",\"valueRequired\":true,\"valueName\":\"search_term_string\"}}],\"inLanguage\":\"pt-BR\"},{\"@type\":\"Organization\",\"@id\":\"https:\/\/www.suno.com.br\/noticias\/#organization\",\"name\":\"Suno Not\u00edcias\",\"url\":\"https:\/\/www.suno.com.br\/noticias\/\",\"logo\":{\"@type\":\"ImageObject\",\"inLanguage\":\"pt-BR\",\"@id\":\"https:\/\/www.suno.com.br\/noticias\/#\/schema\/logo\/image\/\",\"url\":\"https:\/\/files.sunoresearch.com.br\/n\/uploads\/2021\/09\/suno-logo.png\",\"contentUrl\":\"https:\/\/files.sunoresearch.com.br\/n\/uploads\/2021\/09\/suno-logo.png\",\"width\":180,\"height\":180,\"caption\":\"Suno Not\u00edcias\"},\"image\":{\"@id\":\"https:\/\/www.suno.com.br\/noticias\/#\/schema\/logo\/image\/\"},\"sameAs\":[\"https:\/\/facebook.com\/sunoresearch\",\"https:\/\/x.com\/sunoresearch\",\"https:\/\/www.instagram.com\/suno\",\"https:\/\/www.linkedin.com\/company\/suno-research\/\",\"https:\/\/www.youtube.com\/c\/sunoresearch\"]},{\"@type\":\"Person\",\"@id\":\"https:\/\/www.suno.com.br\/noticias\/#\/schema\/person\/918d79de1f0281f01599b93f9ea6e23f\",\"name\":\"Jader Lazarini\",\"image\":{\"@type\":\"ImageObject\",\"inLanguage\":\"pt-BR\",\"@id\":\"https:\/\/www.suno.com.br\/noticias\/#\/schema\/person\/image\/\",\"url\":\"https:\/\/secure.gravatar.com\/avatar\/3c1ad8caa51589841baeb923fcddea97?s=96&r=g\",\"contentUrl\":\"https:\/\/secure.gravatar.com\/avatar\/3c1ad8caa51589841baeb923fcddea97?s=96&r=g\",\"caption\":\"Jader Lazarini\"},\"description\":\"Jader Lazarini escreve sobre investimentos, finan\u00e7as, economia e neg\u00f3cios. \u00c9 bacharel em Rela\u00e7\u00f5es Internacionais e analista CNPI (2619).\",\"url\":\"https:\/\/www.suno.com.br\/noticias\/author\/jader-lazarini\/\"}]}<\/script>\n<!-- \/ Yoast SEO plugin. -->","yoast_head_json":{"title":"Biden x Trump: debate menos conflituoso traz acusa\u00e7\u00f5es de corrup\u00e7\u00e3o","description":"Os candidatos \u00e0 presid\u00eancia dos EUA, Trump e Biden, realizaram o \u00faltimo debate antes das elei\u00e7\u00f5es na noite da \u00faltima quinta. Saiba mais.","robots":{"index":"index","follow":"follow","max-snippet":"max-snippet:-1","max-image-preview":"max-image-preview:large","max-video-preview":"max-video-preview:-1"},"canonical":"https:\/\/www.suno.com.br\/noticias\/biden-trump-ultimo-debate-entre-candidatos-eua\/","og_locale":"pt_BR","og_type":"article","og_title":"Biden x Trump: debate menos conflituoso traz acusa\u00e7\u00f5es de corrup\u00e7\u00e3o","og_description":"Os candidatos \u00e0 presid\u00eancia dos EUA, Trump e Biden, realizaram o \u00faltimo debate antes das elei\u00e7\u00f5es na noite da \u00faltima quinta. Saiba mais.","og_url":"https:\/\/www.suno.com.br\/noticias\/biden-trump-ultimo-debate-entre-candidatos-eua\/","og_site_name":"Suno Not\u00edcias","article_publisher":"https:\/\/facebook.com\/sunoresearch","og_image":[{"width":1920,"height":1080,"url":"https:\/\/files.sunoresearch.com.br\/n\/uploads\/2020\/10\/78199ea6-15791_8adc3cb244c5c61d.jpeg","type":"image\/jpeg"}],"author":"Jader Lazarini","twitter_card":"summary_large_image","twitter_creator":"@sunoresearch","twitter_site":"@sunoresearch","twitter_misc":{"Escrito por":"Jader Lazarini","Est. tempo de leitura":"4 minutos"},"schema":{"@context":"https:\/\/schema.org","@graph":[{"@type":"NewsArticle","@id":"https:\/\/www.suno.com.br\/noticias\/biden-trump-ultimo-debate-entre-candidatos-eua\/#article","isPartOf":{"@id":"https:\/\/www.suno.com.br\/noticias\/biden-trump-ultimo-debate-entre-candidatos-eua\/"},"author":{"name":"Jader Lazarini","@id":"https:\/\/www.suno.com.br\/noticias\/#\/schema\/person\/918d79de1f0281f01599b93f9ea6e23f"},"headline":"Biden x Trump: debate menos conflituoso traz acusa\u00e7\u00f5es de corrup\u00e7\u00e3o","datePublished":"2020-10-23T12:02:25+00:00","dateModified":"2021-06-14T02:31:20+00:00","mainEntityOfPage":{"@id":"https:\/\/www.suno.com.br\/noticias\/biden-trump-ultimo-debate-entre-candidatos-eua\/"},"wordCount":835,"publisher":{"@id":"https:\/\/www.suno.com.br\/noticias\/#organization"},"image":{"@id":"https:\/\/www.suno.com.br\/noticias\/biden-trump-ultimo-debate-entre-candidatos-eua\/#primaryimage"},"thumbnailUrl":"https:\/\/files.sunoresearch.com.br\/n\/uploads\/2020\/10\/78199ea6-15791_8adc3cb244c5c61d-jpeg.webp","keywords":["Donald Trump","Elei\u00e7\u00f5es","Estados Unidos (EUA)","Joe Biden"],"articleSection":["Internacional"],"inLanguage":"pt-BR"},{"@type":"WebPage","@id":"https:\/\/www.suno.com.br\/noticias\/biden-trump-ultimo-debate-entre-candidatos-eua\/","url":"https:\/\/www.suno.com.br\/noticias\/biden-trump-ultimo-debate-entre-candidatos-eua\/","name":"Biden x Trump: debate menos conflituoso traz acusa\u00e7\u00f5es de corrup\u00e7\u00e3o","isPartOf":{"@id":"https:\/\/www.suno.com.br\/noticias\/#website"},"primaryImageOfPage":{"@id":"https:\/\/www.suno.com.br\/noticias\/biden-trump-ultimo-debate-entre-candidatos-eua\/#primaryimage"},"image":{"@id":"https:\/\/www.suno.com.br\/noticias\/biden-trump-ultimo-debate-entre-candidatos-eua\/#primaryimage"},"thumbnailUrl":"https:\/\/files.sunoresearch.com.br\/n\/uploads\/2020\/10\/78199ea6-15791_8adc3cb244c5c61d-jpeg.webp","datePublished":"2020-10-23T12:02:25+00:00","dateModified":"2021-06-14T02:31:20+00:00","description":"Os candidatos \u00e0 presid\u00eancia dos EUA, Trump e Biden, realizaram o \u00faltimo debate antes das elei\u00e7\u00f5es na noite da \u00faltima quinta. Saiba mais.","breadcrumb":{"@id":"https:\/\/www.suno.com.br\/noticias\/biden-trump-ultimo-debate-entre-candidatos-eua\/#breadcrumb"},"inLanguage":"pt-BR","potentialAction":[{"@type":"ReadAction","target":["https:\/\/www.suno.com.br\/noticias\/biden-trump-ultimo-debate-entre-candidatos-eua\/"]}]},{"@type":"ImageObject","inLanguage":"pt-BR","@id":"https:\/\/www.suno.com.br\/noticias\/biden-trump-ultimo-debate-entre-candidatos-eua\/#primaryimage","url":"https:\/\/files.sunoresearch.com.br\/n\/uploads\/2020\/10\/78199ea6-15791_8adc3cb244c5c61d-jpeg.webp","contentUrl":"https:\/\/files.sunoresearch.com.br\/n\/uploads\/2020\/10\/78199ea6-15791_8adc3cb244c5c61d-jpeg.webp","width":1920,"height":1080,"caption":"Os candidatos \u00e0 presid\u00eancia dos EUA, Trump e Biden, realizaram o \u00faltimo debate antes das elei\u00e7\u00f5es na noite da \u00faltima quinta."},{"@type":"BreadcrumbList","@id":"https:\/\/www.suno.com.br\/noticias\/biden-trump-ultimo-debate-entre-candidatos-eua\/#breadcrumb","itemListElement":[{"@type":"ListItem","position":1,"name":"Not\u00edcias","item":"https:\/\/www.suno.com.br\/noticias\/"},{"@type":"ListItem","position":2,"name":"Internacional","item":"https:\/\/www.suno.com.br\/noticias\/internacional\/"},{"@type":"ListItem","position":3,"name":"Biden x Trump: debate menos conflituoso traz acusa\u00e7\u00f5es de corrup\u00e7\u00e3o"}]},{"@type":"WebSite","@id":"https:\/\/www.suno.com.br\/noticias\/#website","url":"https:\/\/www.suno.com.br\/noticias\/","name":"Suno Not\u00edcias","description":"Seu portal de informa\u00e7\u00e3o sobre o mundo dos investimentos","publisher":{"@id":"https:\/\/www.suno.com.br\/noticias\/#organization"},"potentialAction":[{"@type":"SearchAction","target":{"@type":"EntryPoint","urlTemplate":"https:\/\/www.suno.com.br\/noticias\/?s={search_term_string}"},"query-input":{"@type":"PropertyValueSpecification","valueRequired":true,"valueName":"search_term_string"}}],"inLanguage":"pt-BR"},{"@type":"Organization","@id":"https:\/\/www.suno.com.br\/noticias\/#organization","name":"Suno Not\u00edcias","url":"https:\/\/www.suno.com.br\/noticias\/","logo":{"@type":"ImageObject","inLanguage":"pt-BR","@id":"https:\/\/www.suno.com.br\/noticias\/#\/schema\/logo\/image\/","url":"https:\/\/files.sunoresearch.com.br\/n\/uploads\/2021\/09\/suno-logo.png","contentUrl":"https:\/\/files.sunoresearch.com.br\/n\/uploads\/2021\/09\/suno-logo.png","width":180,"height":180,"caption":"Suno Not\u00edcias"},"image":{"@id":"https:\/\/www.suno.com.br\/noticias\/#\/schema\/logo\/image\/"},"sameAs":["https:\/\/facebook.com\/sunoresearch","https:\/\/x.com\/sunoresearch","https:\/\/www.instagram.com\/suno","https:\/\/www.linkedin.com\/company\/suno-research\/","https:\/\/www.youtube.com\/c\/sunoresearch"]},{"@type":"Person","@id":"https:\/\/www.suno.com.br\/noticias\/#\/schema\/person\/918d79de1f0281f01599b93f9ea6e23f","name":"Jader Lazarini","image":{"@type":"ImageObject","inLanguage":"pt-BR","@id":"https:\/\/www.suno.com.br\/noticias\/#\/schema\/person\/image\/","url":"https:\/\/secure.gravatar.com\/avatar\/3c1ad8caa51589841baeb923fcddea97?s=96&r=g","contentUrl":"https:\/\/secure.gravatar.com\/avatar\/3c1ad8caa51589841baeb923fcddea97?s=96&r=g","caption":"Jader Lazarini"},"description":"Jader Lazarini escreve sobre investimentos, finan\u00e7as, economia e neg\u00f3cios. \u00c9 bacharel em Rela\u00e7\u00f5es Internacionais e analista CNPI (2619).","url":"https:\/\/www.suno.com.br\/noticias\/author\/jader-lazarini\/"}]}},"default_loop_html":"<div class=\"cardsPage__listCard__boxs\"><div class=\"cardsPage__listCard__boxs__img\"><a href=\"https:\/\/www.suno.com.br\/noticias\/biden-trump-ultimo-debate-entre-candidatos-eua\/\"><img class=\"mask\" src=\"https:\/\/www.suno.com.br\/noticias\/wp-content\/themes\/suno\/resources\/images\/spotlight\/spotlight1img\/bg-mask.png\" alt=\"Image Mask\"\/><img src=\"https:\/\/files.sunoresearch.com.br\/n\/uploads\/2020\/10\/78199ea6-15791_8adc3cb244c5c61d-400x200.webp\" alt=\"Biden x Trump: debate menos conflituoso traz acusa\u00e7\u00f5es de corrup\u00e7\u00e3o\"\/><\/a><span class=\"spotlightCategory\"><a href=\"https:\/\/www.suno.com.br\/noticias\/internacional\/\">Internacional<\/a><\/span><\/div><div class=\"cardsPage__listCard__boxs__content\"><a href=\"https:\/\/www.suno.com.br\/noticias\/biden-trump-ultimo-debate-entre-candidatos-eua\/\"><h2 class=\"content__title\">Biden x Trump: debate menos conflituoso traz acusa\u00e7\u00f5es de corrup\u00e7\u00e3o<\/h2><\/a><div class=\"newsContent__article__meta\"><div class=\"newsContent__article__meta__authorBox\"><a href=\"https:\/\/www.suno.com.br\/noticias\/author\/jader-lazarini\/\" class=\"authorBox__avatar noMobi\"><img src=\"https:\/\/files.sunoresearch.com.br\/n\/uploads\/2021\/01\/178e6598-foto-perfil-2-150x150.jpg\" alt=\"Jader Lazarini\"><\/a><div class=\"authorBox__name\"><span>por\n\t\t\t<a href=\"https:\/\/www.suno.com.br\/noticias\/author\/jader-lazarini\/\"><span itemprop=\"author\">Jader Lazarini<\/span><\/a><\/span><time datetime=\"2020-10-23T09:02:25-03:00\" itemprop=\"datePublished\">23\/10\/2020 09:02<\/time><\/div><\/div><\/div><\/div><\/div>","single_layout":"posts","amp_enabled":true,"_links":{"self":[{"href":"https:\/\/www.suno.com.br\/noticias\/wp-json\/wp\/v2\/posts\/93897"}],"collection":[{"href":"https:\/\/www.suno.com.br\/noticias\/wp-json\/wp\/v2\/posts"}],"about":[{"href":"https:\/\/www.suno.com.br\/noticias\/wp-json\/wp\/v2\/types\/post"}],"author":[{"embeddable":true,"href":"https:\/\/www.suno.com.br\/noticias\/wp-json\/wp\/v2\/users\/24"}],"replies":[{"embeddable":true,"href":"https:\/\/www.suno.com.br\/noticias\/wp-json\/wp\/v2\/comments?post=93897"}],"version-history":[{"count":1,"href":"https:\/\/www.suno.com.br\/noticias\/wp-json\/wp\/v2\/posts\/93897\/revisions"}],"predecessor-version":[{"id":156849,"href":"https:\/\/www.suno.com.br\/noticias\/wp-json\/wp\/v2\/posts\/93897\/revisions\/156849"}],"wp:featuredmedia":[{"embeddable":true,"href":"https:\/\/www.suno.com.br\/noticias\/wp-json\/wp\/v2\/media\/93500"}],"wp:attachment":[{"href":"https:\/\/www.suno.com.br\/noticias\/wp-json\/wp\/v2\/media?parent=93897"}],"wp:term":[{"taxonomy":"category","embeddable":true,"href":"https:\/\/www.suno.com.br\/noticias\/wp-json\/wp\/v2\/categories?post=93897"},{"taxonomy":"post_tag","embeddable":true,"href":"https:\/\/www.suno.com.br\/noticias\/wp-json\/wp\/v2\/tags?post=93897"},{"taxonomy":"suno_strategy","embeddable":true,"href":"https:\/\/www.suno.com.br\/noticias\/wp-json\/wp\/v2\/suno_strategy?post=93897"}],"curies":[{"name":"wp","href":"https:\/\/api.w.org\/{rel}","templated":true}]}}