{"id":93761,"date":"2020-10-22T17:36:11","date_gmt":"2020-10-22T20:36:11","guid":{"rendered":"https:\/\/www.suno.com.br\/noticias\/?p=93761"},"modified":"2021-06-01T22:02:53","modified_gmt":"2021-06-02T01:02:53","slug":"dolar-encerra-em-queda-de-036-cotado-em-r-5594-22102020","status":"publish","type":"post","link":"https:\/\/www.suno.com.br\/noticias\/dolar-encerra-em-queda-de-036-cotado-em-r-5594-22102020\/","title":{"rendered":"D\u00f3lar encerra em queda de 0,36%, cotado em R$ 5,594"},"content":{"rendered":"<p>O <a href=\"https:\/\/www.suno.com.br\/artigos\/dolar\/\"><strong>d\u00f3lar<\/strong> <\/a>encerrou nessa quinta-feira (22) em queda de <span class=\"ng-binding\">0,36<\/span>%, negociado a R$ 5,594 na venda.<\/p>\t<div class=\"wrapper-featured-image\">\n\t\t<figure class=\"spotlightImg\">\n\n\t\t\t<picture>\n\t\t\t\t<source media=\"(max-width: 768px)\" srcset=\"https:\/\/files.sunoresearch.com.br\/n\/uploads\/2020\/09\/0853ba8e-dolar-1-400x200.webp\">\n\t\t\t\t<img loading=\"lazy\" decoding=\"async\" class=\"newsContent__article__imgCapa lazyloadDisabled \" src=\"https:\/\/files.sunoresearch.com.br\/n\/uploads\/2020\/09\/0853ba8e-dolar-1-800x450.webp\" width=\"800\" height=\"450\" alt=\"D\u00f3lar encerra em queda de 0,36%, cotado em R$ 5,594\" fetchpriority=high \/>\n\t\t\t<\/picture>\n\n\t\t\t<figcaption class=\"wp-caption-text wp-caption-text--show\">Na \u00faltima sess\u00e3o, o d\u00f3lar havia ca\u00eddo 1,06%<\/figcaption>\n\t\t<\/figure>\n\t<\/div>\n\n\n<div class=\"hubspot-form-wrapper\">\n\t<div id=\"single-form-target\"><\/div>\n<\/div>\n\n<p>O <strong>d\u00f3lar hoje\u00a0<\/strong>abriu inst\u00e1vel enquanto o mercado acompanhava o pacote de est\u00edmulos da principal economia do mundo.<\/p>\n<p>J\u00e1 no decorrer do dia ficou no radar dos investidores a not\u00edcia de que a\u00a0subsidi\u00e1ria do grupo financeiro <strong>Goldman Sachs<\/strong> na Mal\u00e1sia se declarou culpada de conspirar para violar leis norte-americanas antissuborno.<\/p>\n<p><a href=\"https:\/\/lp.suno.com.br\/suno-one\/\">Suno One: acesse gratuitamente eBooks, Minicursos, Artigos e Video Aulas sobre investimentos com um \u00fanico cadastro. Clique para saber mais!<\/a><\/p>\n<p>Al\u00e9m disso, confira as principais not\u00edcias que movimentaram o mercado nessa quinta-feira:<\/p>\n<ul>\n<li><strong>EUA<\/strong>: Casa Branca ainda v\u00ea &#8220;diverg\u00eancias significativas&#8221; sobre est\u00edmulos<\/li>\n<li><strong>Coronav\u00edrus<\/strong>: UE anuncia suporte de 100 bi de euros a empregos de curto per\u00edodo<\/li>\n<li><strong>Goldman Sachs<\/strong> se declara culpado em esquema de suborno na Mal\u00e1sia<\/li>\n<li>\u00daltima <strong>cota\u00e7\u00e3o do d\u00f3lar\u00a0<\/strong><\/li>\n<\/ul>\n<h2>Casa Branca v\u00ea &#8220;diverg\u00eancias significativas&#8221; sobre est\u00edmulos e puxa d\u00f3lar<\/h2>\n<p>Diretor do Conselho Econ\u00f4mico da Casa Branca, <strong>Larry Kudlow<\/strong> informou nesta quinta-feira que as conversas sobre o pacote de est\u00edmulos fiscais \u00e0 economia dos <strong>EUA<\/strong> continuam. &#8220;Tendo dito isso, ainda h\u00e1 diferen\u00e7as significativas de pol\u00edtica entre os dois lados&#8221;, declarou durante entrevista \u00e0 Fox News.<\/p>\n<p>De acordo com Kudlow, os republicanos e democratas ainda discordam em rela\u00e7\u00e3o \u00e0 verba para estados e garantias contra processos para empresas na reabertura econ\u00f4mica dos EUA.<\/p>\n\t<div data-element=\"shortcode-read-more\" class=\"knowMore\">\n\t\t\t\t<span class=\"knowMore__title\">Saiba mais<\/span>\n\t\t\t\t<a class=\"knowMore__link\" href=\"https:\/\/www.suno.com.br\/noticias\/eua-casa-branca-ainda-ve-divergencias-significativas-sobre-estimulos\/\">\n\t\t\tEUA: Casa Branca ainda v\u00ea &quot;diverg\u00eancias significativas&quot; sobre est\u00edmulos\t\t<\/a>\n\t<\/div>\n\n\n<p>O diretor pontuou que a pauta de ajuda aos estados, poderia ser postergada em fun\u00e7\u00e3o das diverg\u00eancias e, ressaltou ainda que o tema de &#8220;seguro-sa\u00fade e dinheiro para imigrantes ilegais&#8221; tamb\u00e9m ainda n\u00e3o atingiu um consenso.<\/p>\n<h2>UE anuncia suporte a empregos de curto per\u00edodo<\/h2>\n<p>A presidente da Comiss\u00e3o Europeia, <strong>Ursula von der Leyen<\/strong>, anunciou nesta quinta-feira o suporte de 100 bilh\u00f5es de euros para empregos de curto per\u00edodo, com os primeiros Estados membros a receberem o apoio sendo It\u00e1lia, Espanha e Pol\u00f4nia, os considerados mais atingidos pela crise gerada pela pandemia do <a href=\"https:\/\/www.suno.com.br\/noticias\/?s=coronavirus\">novo <strong>coronav\u00edrus<\/strong> (Covid-19)<\/a>.<\/p>\n<p>Em pronunciamento, as tr\u00eas na\u00e7\u00f5es foram descritas como &#8220;duramente atingidas pela crise&#8221; do <strong>coronav\u00edrus.<\/strong> Desta forma, a presidente da Comiss\u00e3o afirmou que o \u00f3rg\u00e3o da <strong>Uni\u00e3o Europeia (UE)<\/strong> far\u00e1 todo o poss\u00edvel para manter os europeus em seus empregos e mitigar os efeitos gerados pela pandemia.<\/p>\n\t<div data-element=\"shortcode-read-more\" class=\"knowMore\">\n\t\t\t\t<span class=\"knowMore__title\">Saiba mais<\/span>\n\t\t\t\t<a class=\"knowMore__link\" href=\"https:\/\/www.suno.com.br\/noticias\/coronavirus-ue-anuncia-suporte-de-100-bi-de-euros-a-empregos-de-curto-periodo\/\">\n\t\t\tCoronav\u00edrus: UE anuncia suporte de 100 bi de euros a empregos de curto per\u00edodo\t\t<\/a>\n\t<\/div>\n\n\n<p>Al\u00e9m disso, Ursula declarou que &#8220;O dinheiro ir\u00e1 para eles muito r\u00e1pido&#8221;, e &#8220;isso \u00e9 s\u00f3 o come\u00e7o&#8221;, concluiu, indicando que 14 outros pa\u00edses europeus tamb\u00e9m receber\u00e3o verbas.<\/p>\n<h2>Goldman Sachs<\/h2>\n<p>A subsidi\u00e1ria do grupo financeiro <strong>Goldman Sachs<\/strong> na Mal\u00e1sia se declarou culpada nesta quinta-feira de conspirar para violar leis norte-americanas antissuborno.<\/p>\n<p>O movimento representa o primeiro passo no sentido de uma resolu\u00e7\u00e3o na longa investiga\u00e7\u00e3o sobre o papel do banco estadunidense no esc\u00e2ndalo de corrup\u00e7\u00e3o na <strong>Mal\u00e1sia<\/strong>. Os advogados do Goldman Sachs, que atenderam a sess\u00e3o do tribunal federal do Brooklyn, afirmaram que a unidade da institui\u00e7\u00e3o financeira no pa\u00eds se declararia culpada de violar a Foreign Corrupt Practices Act, que veta empresas dos Estados Unidos de pagar <strong>subornos<\/strong> a funcion\u00e1rios do governo no exterior.<\/p>\n\t<div data-element=\"shortcode-read-more\" class=\"knowMore\">\n\t\t\t\t<span class=\"knowMore__title\">Saiba mais<\/span>\n\t\t\t\t<a class=\"knowMore__link\" href=\"https:\/\/www.suno.com.br\/noticias\/goldman-sachs-culpado-suborno-malasia\/\">\n\t\t\tGoldman Sachs se declara culpado em esquema de suborno na Mal\u00e1sia\t\t<\/a>\n\t<\/div>\n\n\n<p>A empresa confessou sua participa\u00e7\u00e3o no esquema de corrup\u00e7\u00e3o ocorrido entre os anos de 2009 e 2014, quando executivos do banco prometerem um pagamento de mais de US$ 1,6 bilh\u00e3o em propina para obter prefer\u00eancia investimento lucrativos na <strong>1Malaysia Development Bhd (1MDB)<\/strong>, empresa de desenvolvimento estrat\u00e9gico da Mal\u00e1sia voltada para fomentar neg\u00f3cios no pa\u00eds.<\/p>\n<h2>\u00daltima cota\u00e7\u00e3o do d\u00f3lar<\/h2>\n<p>Na \u00faltima sess\u00e3o, quarta-feira (21), o <strong>d\u00f3lar<\/strong> encerrou est\u00e1vel com leve alta de 0,05%, a R$ 5,614.<\/p>\n\t<p>\n\t\t<a href=\"https:\/\/lp.suno.com.br\/planilha-de-controle-de-investimentos\/\" target=\"_blank\" data-element=\"shortcode-suno-banner\" title=\"Banner SUNO, clique e saiba mais\">\n\t\t\t<picture>\n\t\t\t\t<source media=\"(max-width: 500px)\" srcset=\"https:\/\/files.sunoresearch.com.br\/n\/uploads\/2023\/03\/400x300-Controle-de-Investimentos.png\">\n\t\t\t\t<img class=\"newsContent__article__imgCapa newsContent__article__imgCapa--banner\"\n\t\t\t\t\tsrc=\"https:\/\/files.sunoresearch.com.br\/n\/uploads\/2023\/03\/1420x240-Controle-de-Investimentos.png\"\n\t\t\t\t\tdata-promo-id=\"75934\"\t\t\t\t\t\t\t\t\t\twidth='1420' height='240'\t\t\t\t\talt=\"https:\/\/files.sunoresearch.com.br\/n\/uploads\/2023\/03\/1420x240-Controle-de-Investimentos.png\"\n\t\t\t\t>\n\t\t\t<\/picture>\n\t\t<\/a>\n\t<\/p>\n\n\n","protected":false},"excerpt":{"rendered":"<p>O d\u00f3lar encerrou nessa quinta-feira (22) em queda de 0,36%, negociado a R$ 5,594 na venda. Na \u00faltima sess\u00e3o, o d\u00f3lar havia ca\u00eddo 1,06% O d\u00f3lar hoje\u00a0abriu inst\u00e1vel enquanto o mercado acompanhava o pacote de est\u00edmulos da principal economia do mundo. J\u00e1 no decorrer do dia ficou no radar dos investidores a not\u00edcia de que [&hellip;]<\/p>\n","protected":false},"author":39,"featured_media":84110,"comment_status":"closed","ping_status":"closed","sticky":false,"template":"","format":"standard","meta":[],"categories":[60],"tags":[1889,2487,5255,326,1796,793,775,731],"suno_strategy":[],"class_list":["post-93761","post","type-post","status-publish","format-standard","has-post-thumbnail","hentry","category-mercado","tag-casa-branca","tag-coronavirus","tag-covid-19","tag-dolar","tag-emprego","tag-estados-unidos-eua","tag-goldman-sachs-gsgi34","tag-uniao-europeia"],"yoast_head":"<!-- This site is optimized with the Yoast SEO plugin v24.4 - https:\/\/yoast.com\/wordpress\/plugins\/seo\/ -->\n<title>D\u00f3lar encerra em queda de 0,36%, cotado em R$ 5,594<\/title>\n<meta name=\"description\" content=\"O d\u00f3lar encerrou nessa quinta-feira (22) em queda de 0,36\u00a0%, negociado a R$ 5,594 na venda. Clique aqui para saber mais.\" \/>\n<meta name=\"robots\" content=\"index, follow, max-snippet:-1, max-image-preview:large, max-video-preview:-1\" \/>\n<link rel=\"canonical\" href=\"https:\/\/www.suno.com.br\/noticias\/dolar-encerra-em-queda-de-036-cotado-em-r-5594-22102020\/\" \/>\n<meta property=\"og:locale\" content=\"pt_BR\" \/>\n<meta property=\"og:type\" content=\"article\" \/>\n<meta property=\"og:title\" content=\"D\u00f3lar encerra em queda de 0,36%, cotado em R$ 5,594\" \/>\n<meta property=\"og:description\" content=\"O d\u00f3lar encerrou nessa quinta-feira (22) em queda de 0,36\u00a0%, negociado a R$ 5,594 na venda. Clique aqui para saber mais.\" \/>\n<meta property=\"og:url\" content=\"https:\/\/www.suno.com.br\/noticias\/dolar-encerra-em-queda-de-036-cotado-em-r-5594-22102020\/\" \/>\n<meta property=\"og:site_name\" content=\"Suno Not\u00edcias\" \/>\n<meta property=\"article:publisher\" content=\"https:\/\/facebook.com\/sunoresearch\" \/>\n<meta property=\"og:image\" content=\"https:\/\/files.sunoresearch.com.br\/n\/uploads\/2020\/09\/0853ba8e-dolar-1.jpg\" \/>\n\t<meta property=\"og:image:width\" content=\"1280\" \/>\n\t<meta property=\"og:image:height\" content=\"853\" \/>\n\t<meta property=\"og:image:type\" content=\"image\/jpeg\" \/>\n<meta name=\"author\" content=\"Laura Moutinho\" \/>\n<meta name=\"twitter:card\" content=\"summary_large_image\" \/>\n<meta name=\"twitter:creator\" content=\"@sunoresearch\" \/>\n<meta name=\"twitter:site\" content=\"@sunoresearch\" \/>\n<meta name=\"twitter:label1\" content=\"Escrito por\" \/>\n\t<meta name=\"twitter:data1\" content=\"Laura Moutinho\" \/>\n\t<meta name=\"twitter:label2\" content=\"Est. tempo de leitura\" \/>\n\t<meta name=\"twitter:data2\" content=\"3 minutos\" \/>\n<script type=\"application\/ld+json\" class=\"yoast-schema-graph\">{\"@context\":\"https:\/\/schema.org\",\"@graph\":[{\"@type\":\"NewsArticle\",\"@id\":\"https:\/\/www.suno.com.br\/noticias\/dolar-encerra-em-queda-de-036-cotado-em-r-5594-22102020\/#article\",\"isPartOf\":{\"@id\":\"https:\/\/www.suno.com.br\/noticias\/dolar-encerra-em-queda-de-036-cotado-em-r-5594-22102020\/\"},\"author\":{\"name\":\"Laura Moutinho\",\"@id\":\"https:\/\/www.suno.com.br\/noticias\/#\/schema\/person\/3df0d2808748b74496efe5dbeaef2c72\"},\"headline\":\"D\u00f3lar encerra em queda de 0,36%, cotado em R$ 5,594\",\"datePublished\":\"2020-10-22T20:36:11+00:00\",\"dateModified\":\"2021-06-02T01:02:53+00:00\",\"mainEntityOfPage\":{\"@id\":\"https:\/\/www.suno.com.br\/noticias\/dolar-encerra-em-queda-de-036-cotado-em-r-5594-22102020\/\"},\"wordCount\":664,\"publisher\":{\"@id\":\"https:\/\/www.suno.com.br\/noticias\/#organization\"},\"image\":{\"@id\":\"https:\/\/www.suno.com.br\/noticias\/dolar-encerra-em-queda-de-036-cotado-em-r-5594-22102020\/#primaryimage\"},\"thumbnailUrl\":\"https:\/\/files.sunoresearch.com.br\/n\/uploads\/2020\/09\/0853ba8e-dolar-1.jpg\",\"keywords\":[\"Casa Branca\",\"coronav\u00edrus\",\"covid-19\",\"d\u00f3lar\",\"Emprego\",\"Estados Unidos (EUA)\",\"Goldman Sachs (GSGI34)\",\"Uni\u00e3o Europeia\"],\"articleSection\":[\"Mercado\"],\"inLanguage\":\"pt-BR\"},{\"@type\":\"WebPage\",\"@id\":\"https:\/\/www.suno.com.br\/noticias\/dolar-encerra-em-queda-de-036-cotado-em-r-5594-22102020\/\",\"url\":\"https:\/\/www.suno.com.br\/noticias\/dolar-encerra-em-queda-de-036-cotado-em-r-5594-22102020\/\",\"name\":\"D\u00f3lar encerra em queda de 0,36%, cotado em R$ 5,594\",\"isPartOf\":{\"@id\":\"https:\/\/www.suno.com.br\/noticias\/#website\"},\"primaryImageOfPage\":{\"@id\":\"https:\/\/www.suno.com.br\/noticias\/dolar-encerra-em-queda-de-036-cotado-em-r-5594-22102020\/#primaryimage\"},\"image\":{\"@id\":\"https:\/\/www.suno.com.br\/noticias\/dolar-encerra-em-queda-de-036-cotado-em-r-5594-22102020\/#primaryimage\"},\"thumbnailUrl\":\"https:\/\/files.sunoresearch.com.br\/n\/uploads\/2020\/09\/0853ba8e-dolar-1.jpg\",\"datePublished\":\"2020-10-22T20:36:11+00:00\",\"dateModified\":\"2021-06-02T01:02:53+00:00\",\"description\":\"O d\u00f3lar encerrou nessa quinta-feira (22) em queda de 0,36\u00a0%, negociado a R$ 5,594 na venda. Clique aqui para saber mais.\",\"breadcrumb\":{\"@id\":\"https:\/\/www.suno.com.br\/noticias\/dolar-encerra-em-queda-de-036-cotado-em-r-5594-22102020\/#breadcrumb\"},\"inLanguage\":\"pt-BR\",\"potentialAction\":[{\"@type\":\"ReadAction\",\"target\":[\"https:\/\/www.suno.com.br\/noticias\/dolar-encerra-em-queda-de-036-cotado-em-r-5594-22102020\/\"]}]},{\"@type\":\"ImageObject\",\"inLanguage\":\"pt-BR\",\"@id\":\"https:\/\/www.suno.com.br\/noticias\/dolar-encerra-em-queda-de-036-cotado-em-r-5594-22102020\/#primaryimage\",\"url\":\"https:\/\/files.sunoresearch.com.br\/n\/uploads\/2020\/09\/0853ba8e-dolar-1.jpg\",\"contentUrl\":\"https:\/\/files.sunoresearch.com.br\/n\/uploads\/2020\/09\/0853ba8e-dolar-1.jpg\",\"width\":1280,\"height\":853,\"caption\":\"Na \u00faltima sess\u00e3o, o d\u00f3lar havia ca\u00eddo 1,06%\"},{\"@type\":\"BreadcrumbList\",\"@id\":\"https:\/\/www.suno.com.br\/noticias\/dolar-encerra-em-queda-de-036-cotado-em-r-5594-22102020\/#breadcrumb\",\"itemListElement\":[{\"@type\":\"ListItem\",\"position\":1,\"name\":\"Not\u00edcias\",\"item\":\"https:\/\/www.suno.com.br\/noticias\/\"},{\"@type\":\"ListItem\",\"position\":2,\"name\":\"Mercado\",\"item\":\"https:\/\/www.suno.com.br\/noticias\/mercado\/\"},{\"@type\":\"ListItem\",\"position\":3,\"name\":\"D\u00f3lar encerra em queda de 0,36%, cotado em R$ 5,594\"}]},{\"@type\":\"WebSite\",\"@id\":\"https:\/\/www.suno.com.br\/noticias\/#website\",\"url\":\"https:\/\/www.suno.com.br\/noticias\/\",\"name\":\"Suno Not\u00edcias\",\"description\":\"Seu portal de informa\u00e7\u00e3o sobre o mundo dos investimentos\",\"publisher\":{\"@id\":\"https:\/\/www.suno.com.br\/noticias\/#organization\"},\"potentialAction\":[{\"@type\":\"SearchAction\",\"target\":{\"@type\":\"EntryPoint\",\"urlTemplate\":\"https:\/\/www.suno.com.br\/noticias\/?s={search_term_string}\"},\"query-input\":{\"@type\":\"PropertyValueSpecification\",\"valueRequired\":true,\"valueName\":\"search_term_string\"}}],\"inLanguage\":\"pt-BR\"},{\"@type\":\"Organization\",\"@id\":\"https:\/\/www.suno.com.br\/noticias\/#organization\",\"name\":\"Suno Not\u00edcias\",\"url\":\"https:\/\/www.suno.com.br\/noticias\/\",\"logo\":{\"@type\":\"ImageObject\",\"inLanguage\":\"pt-BR\",\"@id\":\"https:\/\/www.suno.com.br\/noticias\/#\/schema\/logo\/image\/\",\"url\":\"https:\/\/files.sunoresearch.com.br\/n\/uploads\/2021\/09\/suno-logo.png\",\"contentUrl\":\"https:\/\/files.sunoresearch.com.br\/n\/uploads\/2021\/09\/suno-logo.png\",\"width\":180,\"height\":180,\"caption\":\"Suno Not\u00edcias\"},\"image\":{\"@id\":\"https:\/\/www.suno.com.br\/noticias\/#\/schema\/logo\/image\/\"},\"sameAs\":[\"https:\/\/facebook.com\/sunoresearch\",\"https:\/\/x.com\/sunoresearch\",\"https:\/\/www.instagram.com\/suno\",\"https:\/\/www.linkedin.com\/company\/suno-research\/\",\"https:\/\/www.youtube.com\/c\/sunoresearch\"]},{\"@type\":\"Person\",\"@id\":\"https:\/\/www.suno.com.br\/noticias\/#\/schema\/person\/3df0d2808748b74496efe5dbeaef2c72\",\"name\":\"Laura Moutinho\",\"image\":{\"@type\":\"ImageObject\",\"inLanguage\":\"pt-BR\",\"@id\":\"https:\/\/www.suno.com.br\/noticias\/#\/schema\/person\/image\/\",\"url\":\"https:\/\/secure.gravatar.com\/avatar\/7571c7c8ca3a6fca5e41384ece5557ff?s=96&r=g\",\"contentUrl\":\"https:\/\/secure.gravatar.com\/avatar\/7571c7c8ca3a6fca5e41384ece5557ff?s=96&r=g\",\"caption\":\"Laura Moutinho\"},\"description\":\"Estagi\u00e1ria na Suno Not\u00edcias, escreve not\u00edcias que afetam o mercado financeiro. Estuda administra\u00e7\u00e3o na Universidade Presbiteriana Mackenzie.\",\"url\":\"https:\/\/www.suno.com.br\/noticias\/author\/laura-moutinho\/\"}]}<\/script>\n<!-- \/ Yoast SEO plugin. -->","yoast_head_json":{"title":"D\u00f3lar encerra em queda de 0,36%, cotado em R$ 5,594","description":"O d\u00f3lar encerrou nessa quinta-feira (22) em queda de 0,36\u00a0%, negociado a R$ 5,594 na venda. Clique aqui para saber mais.","robots":{"index":"index","follow":"follow","max-snippet":"max-snippet:-1","max-image-preview":"max-image-preview:large","max-video-preview":"max-video-preview:-1"},"canonical":"https:\/\/www.suno.com.br\/noticias\/dolar-encerra-em-queda-de-036-cotado-em-r-5594-22102020\/","og_locale":"pt_BR","og_type":"article","og_title":"D\u00f3lar encerra em queda de 0,36%, cotado em R$ 5,594","og_description":"O d\u00f3lar encerrou nessa quinta-feira (22) em queda de 0,36\u00a0%, negociado a R$ 5,594 na venda. Clique aqui para saber mais.","og_url":"https:\/\/www.suno.com.br\/noticias\/dolar-encerra-em-queda-de-036-cotado-em-r-5594-22102020\/","og_site_name":"Suno Not\u00edcias","article_publisher":"https:\/\/facebook.com\/sunoresearch","og_image":[{"width":1280,"height":853,"url":"https:\/\/files.sunoresearch.com.br\/n\/uploads\/2020\/09\/0853ba8e-dolar-1.jpg","type":"image\/jpeg"}],"author":"Laura Moutinho","twitter_card":"summary_large_image","twitter_creator":"@sunoresearch","twitter_site":"@sunoresearch","twitter_misc":{"Escrito por":"Laura Moutinho","Est. tempo de leitura":"3 minutos"},"schema":{"@context":"https:\/\/schema.org","@graph":[{"@type":"NewsArticle","@id":"https:\/\/www.suno.com.br\/noticias\/dolar-encerra-em-queda-de-036-cotado-em-r-5594-22102020\/#article","isPartOf":{"@id":"https:\/\/www.suno.com.br\/noticias\/dolar-encerra-em-queda-de-036-cotado-em-r-5594-22102020\/"},"author":{"name":"Laura Moutinho","@id":"https:\/\/www.suno.com.br\/noticias\/#\/schema\/person\/3df0d2808748b74496efe5dbeaef2c72"},"headline":"D\u00f3lar encerra em queda de 0,36%, cotado em R$ 5,594","datePublished":"2020-10-22T20:36:11+00:00","dateModified":"2021-06-02T01:02:53+00:00","mainEntityOfPage":{"@id":"https:\/\/www.suno.com.br\/noticias\/dolar-encerra-em-queda-de-036-cotado-em-r-5594-22102020\/"},"wordCount":664,"publisher":{"@id":"https:\/\/www.suno.com.br\/noticias\/#organization"},"image":{"@id":"https:\/\/www.suno.com.br\/noticias\/dolar-encerra-em-queda-de-036-cotado-em-r-5594-22102020\/#primaryimage"},"thumbnailUrl":"https:\/\/files.sunoresearch.com.br\/n\/uploads\/2020\/09\/0853ba8e-dolar-1.jpg","keywords":["Casa Branca","coronav\u00edrus","covid-19","d\u00f3lar","Emprego","Estados Unidos (EUA)","Goldman Sachs (GSGI34)","Uni\u00e3o Europeia"],"articleSection":["Mercado"],"inLanguage":"pt-BR"},{"@type":"WebPage","@id":"https:\/\/www.suno.com.br\/noticias\/dolar-encerra-em-queda-de-036-cotado-em-r-5594-22102020\/","url":"https:\/\/www.suno.com.br\/noticias\/dolar-encerra-em-queda-de-036-cotado-em-r-5594-22102020\/","name":"D\u00f3lar encerra em queda de 0,36%, cotado em R$ 5,594","isPartOf":{"@id":"https:\/\/www.suno.com.br\/noticias\/#website"},"primaryImageOfPage":{"@id":"https:\/\/www.suno.com.br\/noticias\/dolar-encerra-em-queda-de-036-cotado-em-r-5594-22102020\/#primaryimage"},"image":{"@id":"https:\/\/www.suno.com.br\/noticias\/dolar-encerra-em-queda-de-036-cotado-em-r-5594-22102020\/#primaryimage"},"thumbnailUrl":"https:\/\/files.sunoresearch.com.br\/n\/uploads\/2020\/09\/0853ba8e-dolar-1.jpg","datePublished":"2020-10-22T20:36:11+00:00","dateModified":"2021-06-02T01:02:53+00:00","description":"O d\u00f3lar encerrou nessa quinta-feira (22) em queda de 0,36\u00a0%, negociado a R$ 5,594 na venda. Clique aqui para saber mais.","breadcrumb":{"@id":"https:\/\/www.suno.com.br\/noticias\/dolar-encerra-em-queda-de-036-cotado-em-r-5594-22102020\/#breadcrumb"},"inLanguage":"pt-BR","potentialAction":[{"@type":"ReadAction","target":["https:\/\/www.suno.com.br\/noticias\/dolar-encerra-em-queda-de-036-cotado-em-r-5594-22102020\/"]}]},{"@type":"ImageObject","inLanguage":"pt-BR","@id":"https:\/\/www.suno.com.br\/noticias\/dolar-encerra-em-queda-de-036-cotado-em-r-5594-22102020\/#primaryimage","url":"https:\/\/files.sunoresearch.com.br\/n\/uploads\/2020\/09\/0853ba8e-dolar-1.jpg","contentUrl":"https:\/\/files.sunoresearch.com.br\/n\/uploads\/2020\/09\/0853ba8e-dolar-1.jpg","width":1280,"height":853,"caption":"Na \u00faltima sess\u00e3o, o d\u00f3lar havia ca\u00eddo 1,06%"},{"@type":"BreadcrumbList","@id":"https:\/\/www.suno.com.br\/noticias\/dolar-encerra-em-queda-de-036-cotado-em-r-5594-22102020\/#breadcrumb","itemListElement":[{"@type":"ListItem","position":1,"name":"Not\u00edcias","item":"https:\/\/www.suno.com.br\/noticias\/"},{"@type":"ListItem","position":2,"name":"Mercado","item":"https:\/\/www.suno.com.br\/noticias\/mercado\/"},{"@type":"ListItem","position":3,"name":"D\u00f3lar encerra em queda de 0,36%, cotado em R$ 5,594"}]},{"@type":"WebSite","@id":"https:\/\/www.suno.com.br\/noticias\/#website","url":"https:\/\/www.suno.com.br\/noticias\/","name":"Suno Not\u00edcias","description":"Seu portal de informa\u00e7\u00e3o sobre o mundo dos investimentos","publisher":{"@id":"https:\/\/www.suno.com.br\/noticias\/#organization"},"potentialAction":[{"@type":"SearchAction","target":{"@type":"EntryPoint","urlTemplate":"https:\/\/www.suno.com.br\/noticias\/?s={search_term_string}"},"query-input":{"@type":"PropertyValueSpecification","valueRequired":true,"valueName":"search_term_string"}}],"inLanguage":"pt-BR"},{"@type":"Organization","@id":"https:\/\/www.suno.com.br\/noticias\/#organization","name":"Suno Not\u00edcias","url":"https:\/\/www.suno.com.br\/noticias\/","logo":{"@type":"ImageObject","inLanguage":"pt-BR","@id":"https:\/\/www.suno.com.br\/noticias\/#\/schema\/logo\/image\/","url":"https:\/\/files.sunoresearch.com.br\/n\/uploads\/2021\/09\/suno-logo.png","contentUrl":"https:\/\/files.sunoresearch.com.br\/n\/uploads\/2021\/09\/suno-logo.png","width":180,"height":180,"caption":"Suno Not\u00edcias"},"image":{"@id":"https:\/\/www.suno.com.br\/noticias\/#\/schema\/logo\/image\/"},"sameAs":["https:\/\/facebook.com\/sunoresearch","https:\/\/x.com\/sunoresearch","https:\/\/www.instagram.com\/suno","https:\/\/www.linkedin.com\/company\/suno-research\/","https:\/\/www.youtube.com\/c\/sunoresearch"]},{"@type":"Person","@id":"https:\/\/www.suno.com.br\/noticias\/#\/schema\/person\/3df0d2808748b74496efe5dbeaef2c72","name":"Laura Moutinho","image":{"@type":"ImageObject","inLanguage":"pt-BR","@id":"https:\/\/www.suno.com.br\/noticias\/#\/schema\/person\/image\/","url":"https:\/\/secure.gravatar.com\/avatar\/7571c7c8ca3a6fca5e41384ece5557ff?s=96&r=g","contentUrl":"https:\/\/secure.gravatar.com\/avatar\/7571c7c8ca3a6fca5e41384ece5557ff?s=96&r=g","caption":"Laura Moutinho"},"description":"Estagi\u00e1ria na Suno Not\u00edcias, escreve not\u00edcias que afetam o mercado financeiro. Estuda administra\u00e7\u00e3o na Universidade Presbiteriana Mackenzie.","url":"https:\/\/www.suno.com.br\/noticias\/author\/laura-moutinho\/"}]}},"default_loop_html":"<div class=\"cardsPage__listCard__boxs\"><div class=\"cardsPage__listCard__boxs__img\"><a href=\"https:\/\/www.suno.com.br\/noticias\/dolar-encerra-em-queda-de-036-cotado-em-r-5594-22102020\/\"><img class=\"mask\" src=\"https:\/\/www.suno.com.br\/noticias\/wp-content\/themes\/suno\/resources\/images\/spotlight\/spotlight1img\/bg-mask.png\" alt=\"Image Mask\"\/><img src=\"https:\/\/files.sunoresearch.com.br\/n\/uploads\/2020\/09\/0853ba8e-dolar-1-400x200.webp\" alt=\"D\u00f3lar encerra em queda de 0,36%, cotado em R$ 5,594\"\/><\/a><span class=\"spotlightCategory\"><a href=\"https:\/\/www.suno.com.br\/noticias\/mercado\/\">Mercado<\/a><\/span><\/div><div class=\"cardsPage__listCard__boxs__content\"><a href=\"https:\/\/www.suno.com.br\/noticias\/dolar-encerra-em-queda-de-036-cotado-em-r-5594-22102020\/\"><h2 class=\"content__title\">D\u00f3lar encerra em queda de 0,36%, cotado em R$ 5,594<\/h2><\/a><div class=\"newsContent__article__meta\"><div class=\"newsContent__article__meta__authorBox\"><a href=\"https:\/\/www.suno.com.br\/noticias\/author\/laura-moutinho\/\" class=\"authorBox__avatar noMobi\"><img src=\"https:\/\/files.sunoresearch.com.br\/n\/uploads\/2020\/08\/531ff69d-whatsapp-image-2020-08-03-at-14.54.38-150x150.webp\" alt=\"Laura Moutinho\"><\/a><div class=\"authorBox__name\"><span>por\n\t\t\t<a href=\"https:\/\/www.suno.com.br\/noticias\/author\/laura-moutinho\/\"><span itemprop=\"author\">Laura Moutinho<\/span><\/a><\/span><time datetime=\"2020-10-22T17:36:11-03:00\" itemprop=\"datePublished\">22\/10\/2020 17:36<\/time><\/div><\/div><\/div><\/div><\/div>","single_layout":"posts","amp_enabled":true,"_links":{"self":[{"href":"https:\/\/www.suno.com.br\/noticias\/wp-json\/wp\/v2\/posts\/93761"}],"collection":[{"href":"https:\/\/www.suno.com.br\/noticias\/wp-json\/wp\/v2\/posts"}],"about":[{"href":"https:\/\/www.suno.com.br\/noticias\/wp-json\/wp\/v2\/types\/post"}],"author":[{"embeddable":true,"href":"https:\/\/www.suno.com.br\/noticias\/wp-json\/wp\/v2\/users\/39"}],"replies":[{"embeddable":true,"href":"https:\/\/www.suno.com.br\/noticias\/wp-json\/wp\/v2\/comments?post=93761"}],"version-history":[{"count":1,"href":"https:\/\/www.suno.com.br\/noticias\/wp-json\/wp\/v2\/posts\/93761\/revisions"}],"predecessor-version":[{"id":152127,"href":"https:\/\/www.suno.com.br\/noticias\/wp-json\/wp\/v2\/posts\/93761\/revisions\/152127"}],"wp:featuredmedia":[{"embeddable":true,"href":"https:\/\/www.suno.com.br\/noticias\/wp-json\/wp\/v2\/media\/84110"}],"wp:attachment":[{"href":"https:\/\/www.suno.com.br\/noticias\/wp-json\/wp\/v2\/media?parent=93761"}],"wp:term":[{"taxonomy":"category","embeddable":true,"href":"https:\/\/www.suno.com.br\/noticias\/wp-json\/wp\/v2\/categories?post=93761"},{"taxonomy":"post_tag","embeddable":true,"href":"https:\/\/www.suno.com.br\/noticias\/wp-json\/wp\/v2\/tags?post=93761"},{"taxonomy":"suno_strategy","embeddable":true,"href":"https:\/\/www.suno.com.br\/noticias\/wp-json\/wp\/v2\/suno_strategy?post=93761"}],"curies":[{"name":"wp","href":"https:\/\/api.w.org\/{rel}","templated":true}]}}