{"id":93691,"date":"2020-10-22T15:28:08","date_gmt":"2020-10-22T18:28:08","guid":{"rendered":"https:\/\/www.suno.com.br\/noticias\/?p=93691"},"modified":"2020-10-22T15:28:08","modified_gmt":"2020-10-22T18:28:08","slug":"loreal-vendas-crescem-dois-digitos-no-3-tri-no-brasil-mas-caem-2-no-mundo","status":"publish","type":"post","link":"https:\/\/www.suno.com.br\/noticias\/loreal-vendas-crescem-dois-digitos-no-3-tri-no-brasil-mas-caem-2-no-mundo\/","title":{"rendered":"L\u2019Or\u00e9al: Vendas crescem dois d\u00edgitos no 3\u00b0 tri no Brasil, mas caem 2% no mundo"},"content":{"rendered":"<p>A multinacional francesa de cosm\u00e9ticos e maquiagem,<strong> L\u2019Or\u00e9al<\/strong>, divulgou nesta quinta-feira (22) um relat\u00f3rio revelando que as vendas da companhia no terceiro trimestre deste ano registraram um crescimento de dois d\u00edgitos em todas as suas divis\u00f5es no mercado do Brasil. Entretanto, em termos globais, a empresa teve redu\u00e7\u00e3o de 2%, passando de 7,18 bilh\u00f5es de euros para 7,04 bilh\u00f5es de euros.<\/p>\t<div class=\"wrapper-featured-image\">\n\t\t<figure class=\"spotlightImg\">\n\n\t\t\t<picture>\n\t\t\t\t<source media=\"(max-width: 768px)\" srcset=\"https:\/\/files.sunoresearch.com.br\/n\/uploads\/2020\/10\/144b478c-xloreal.jpg.pagespeed.ic_.9yp8izg8ex-400x200.webp\">\n\t\t\t\t<img loading=\"lazy\" decoding=\"async\" class=\"newsContent__article__imgCapa lazyloadDisabled \" src=\"https:\/\/files.sunoresearch.com.br\/n\/uploads\/2020\/10\/144b478c-xloreal.jpg.pagespeed.ic_.9yp8izg8ex-800x450.webp\" width=\"800\" height=\"450\" alt=\"L\u2019Or\u00e9al: Vendas crescem dois d\u00edgitos no 3\u00b0 tri no Brasil, mas caem 2% no mundo\" fetchpriority=high \/>\n\t\t\t<\/picture>\n\n\t\t\t<figcaption class=\"wp-caption-text wp-caption-text--show\">L\u2019Or\u00e9al: Vendas crescem dois d\u00edgitos no 3\u00b0 tri no Brasil, mas caem 2% no mundo<\/figcaption>\n\t\t<\/figure>\n\t<\/div>\n\n\n<div class=\"hubspot-form-wrapper\">\n\t<div id=\"single-form-target\"><\/div>\n<\/div>\n\n<p>Segundo o relat\u00f3rio divulgado pela L\u2019Or\u00e9al, em termos compar\u00e1veis, o avan\u00e7o foi de 1,6% no Brasil. Enquanto na Am\u00e9rica Latina as vendas tiveram uma queda de 19,3% e 6% na compara\u00e7\u00e3o.<\/p>\n<p>O diretor-presidente e presidente do conselho de administra\u00e7\u00e3o da companhia informou no relat\u00f3rio que \u201cDepois de um primeiro semestre marcado por problemas de fornecimento, ligados ao fechamento de pontos de venda em todo o mundo, a L\u2019Or\u00e9al tomou medidas, j\u00e1 em junho, para estimular a demanda por suas marcas e produtos\u201d.<\/p>\n<p><a href=\"https:\/\/lp.suno.com.br\/suno-one\/\">Garanta acesso gratuito \u00e0 eBooks, Minicursos, Artigos e Video Aulas com um \u00fanico cadastro. Clique para saber mais.<\/a><\/p>\n<p>\u201cEm termos geogr\u00e1ficos, a Am\u00e9rica do Norte e todos os novos mercados voltaram a crescer no trimestre, com desempenhos marcantes em alguns pa\u00edses, como China e <strong>Brasil<\/strong>.\u201d, concluiu.<\/p>\n<p>Vale ressaltar que o lucro l\u00edquido da L\u2019Or\u00e9al caiu 22% no primeiro semestre de 2020 na compara\u00e7\u00e3o com o mesmo per\u00edodo de 2019, para 1,82 bilh\u00e3o de euros. A companhia registrou queda de 12% nas vendas, para 13,07 bilh\u00f5es de euros.<\/p>\n<p>A maior retra\u00e7\u00e3o do primeiro semestre foi registrada na Am\u00e9rica Latina, um recuo de 25%. A perda foi ainda mais intensa no segundo trimestre, quando as vendas na regi\u00e3o registraram queda de 42%, conforme a <a href=\"https:\/\/www.suno.com.br\/noticias\/tags\/coronavirus\/\">pandemia do novo coronav\u00edrus (covid-19)<\/a> se disseminou.<\/p>\n<p><a href=\"https:\/\/www.suno.com.br\/noticias\/natura-ntco3-sp-eleva-rating-de-bb-para-bb-com-perspectiva-estavel\/\">Veja Tamb\u00e9m: Natura (NTCO3): S&amp;P eleva rating de BB- para BB, com perspectiva est\u00e1vel<\/a><\/p>\n<h2>Sobre a L\u2019Or\u00e9al<\/h2>\n<p>A L&#8217;Or\u00e9al \u00e9 uma fabricante de cosm\u00e9ticos e maquiagem, com sede em Clichy, na Fran\u00e7a. Foi fundada em 1909 por Eug\u00e8ne Schueller, \u00e9 especializada em produtos para cabelos, perfumes, protetores solares e produtos dermatol\u00f3gicos. Atualmente a companhia atua em 130 pa\u00edses, sendo considerada l\u00edder global em cosm\u00e9ticos.<\/p>\n<p>Apesar dos resultados positivos para o Brasil, com a queda global das vendas, por volta das 15h10 a <strong>L&#8217;Or\u00e9al<\/strong> registrou uma queda de 0,52%, com suas a\u00e7\u00f5es cotadas a 285,30 euros.<\/p>\n<p><br \/>\n&nbsp;<\/p>\n","protected":false},"excerpt":{"rendered":"<p>A multinacional francesa de cosm\u00e9ticos e maquiagem, L\u2019Or\u00e9al, divulgou nesta quinta-feira (22) um relat\u00f3rio revelando que as vendas da companhia no terceiro trimestre deste ano registraram um crescimento de dois d\u00edgitos em todas as suas divis\u00f5es no mercado do Brasil. Entretanto, em termos globais, a empresa teve redu\u00e7\u00e3o de 2%, passando de 7,18 bilh\u00f5es de [&hellip;]<\/p>\n","protected":false},"author":56,"featured_media":93708,"comment_status":"closed","ping_status":"closed","sticky":false,"template":"","format":"standard","meta":[],"categories":[64],"tags":[1273],"suno_strategy":[],"class_list":["post-93691","post","type-post","status-publish","format-standard","has-post-thumbnail","hentry","category-negocios","tag-loreal"],"yoast_head":"<!-- This site is optimized with the Yoast SEO plugin v24.4 - https:\/\/yoast.com\/wordpress\/plugins\/seo\/ -->\n<title>L\u2019Or\u00e9al: Vendas crescem 2 d\u00edgitos no 3\u00b0 tri no Brasil e caem 2% no mundo<\/title>\n<meta name=\"description\" content=\"Segundo o relat\u00f3rio divulgado pela L\u2019Or\u00e9al, em termos compar\u00e1veis, o avan\u00e7o foi de 1,6%. Clique aqui para saber mais.\" \/>\n<meta name=\"robots\" content=\"index, follow, max-snippet:-1, max-image-preview:large, max-video-preview:-1\" \/>\n<link rel=\"canonical\" href=\"https:\/\/www.suno.com.br\/noticias\/loreal-vendas-crescem-dois-digitos-no-3-tri-no-brasil-mas-caem-2-no-mundo\/\" \/>\n<meta property=\"og:locale\" content=\"pt_BR\" \/>\n<meta property=\"og:type\" content=\"article\" \/>\n<meta property=\"og:title\" content=\"L\u2019Or\u00e9al: Vendas crescem 2 d\u00edgitos no 3\u00b0 tri no Brasil e caem 2% no mundo\" \/>\n<meta property=\"og:description\" content=\"Segundo o relat\u00f3rio divulgado pela L\u2019Or\u00e9al, em termos compar\u00e1veis, o avan\u00e7o foi de 1,6%. Clique aqui para saber mais.\" \/>\n<meta property=\"og:url\" content=\"https:\/\/www.suno.com.br\/noticias\/loreal-vendas-crescem-dois-digitos-no-3-tri-no-brasil-mas-caem-2-no-mundo\/\" \/>\n<meta property=\"og:site_name\" content=\"Suno Not\u00edcias\" \/>\n<meta property=\"article:publisher\" content=\"https:\/\/facebook.com\/sunoresearch\" \/>\n<meta property=\"og:image\" content=\"https:\/\/files.sunoresearch.com.br\/n\/uploads\/2020\/10\/144b478c-xloreal.jpg.pagespeed.ic_.9yp8izg8ex.jpg\" \/>\n\t<meta property=\"og:image:width\" content=\"1086\" \/>\n\t<meta property=\"og:image:height\" content=\"652\" \/>\n\t<meta property=\"og:image:type\" content=\"image\/jpeg\" \/>\n<meta name=\"author\" content=\"Rafaela La Regina\" \/>\n<meta name=\"twitter:card\" content=\"summary_large_image\" \/>\n<meta name=\"twitter:creator\" content=\"@sunoresearch\" \/>\n<meta name=\"twitter:site\" content=\"@sunoresearch\" \/>\n<meta name=\"twitter:label1\" content=\"Escrito por\" \/>\n\t<meta name=\"twitter:data1\" content=\"Rafaela La Regina\" \/>\n\t<meta name=\"twitter:label2\" content=\"Est. tempo de leitura\" \/>\n\t<meta name=\"twitter:data2\" content=\"2 minutos\" \/>\n<script type=\"application\/ld+json\" class=\"yoast-schema-graph\">{\"@context\":\"https:\/\/schema.org\",\"@graph\":[{\"@type\":\"NewsArticle\",\"@id\":\"https:\/\/www.suno.com.br\/noticias\/loreal-vendas-crescem-dois-digitos-no-3-tri-no-brasil-mas-caem-2-no-mundo\/#article\",\"isPartOf\":{\"@id\":\"https:\/\/www.suno.com.br\/noticias\/loreal-vendas-crescem-dois-digitos-no-3-tri-no-brasil-mas-caem-2-no-mundo\/\"},\"author\":{\"name\":\"Rafaela La Regina\",\"@id\":\"https:\/\/www.suno.com.br\/noticias\/#\/schema\/person\/e672ca8cea627fe715fa29bca7da95e0\"},\"headline\":\"L\u2019Or\u00e9al: Vendas crescem dois d\u00edgitos no 3\u00b0 tri no Brasil, mas caem 2% no mundo\",\"datePublished\":\"2020-10-22T18:28:08+00:00\",\"mainEntityOfPage\":{\"@id\":\"https:\/\/www.suno.com.br\/noticias\/loreal-vendas-crescem-dois-digitos-no-3-tri-no-brasil-mas-caem-2-no-mundo\/\"},\"wordCount\":433,\"publisher\":{\"@id\":\"https:\/\/www.suno.com.br\/noticias\/#organization\"},\"image\":{\"@id\":\"https:\/\/www.suno.com.br\/noticias\/loreal-vendas-crescem-dois-digitos-no-3-tri-no-brasil-mas-caem-2-no-mundo\/#primaryimage\"},\"thumbnailUrl\":\"https:\/\/files.sunoresearch.com.br\/n\/uploads\/2020\/10\/144b478c-xloreal.jpg.pagespeed.ic_.9yp8izg8ex-jpg.webp\",\"keywords\":[\"L'Oreal\"],\"articleSection\":[\"Neg\u00f3cios\"],\"inLanguage\":\"pt-BR\"},{\"@type\":\"WebPage\",\"@id\":\"https:\/\/www.suno.com.br\/noticias\/loreal-vendas-crescem-dois-digitos-no-3-tri-no-brasil-mas-caem-2-no-mundo\/\",\"url\":\"https:\/\/www.suno.com.br\/noticias\/loreal-vendas-crescem-dois-digitos-no-3-tri-no-brasil-mas-caem-2-no-mundo\/\",\"name\":\"L\u2019Or\u00e9al: Vendas crescem 2 d\u00edgitos no 3\u00b0 tri no Brasil e caem 2% no mundo\",\"isPartOf\":{\"@id\":\"https:\/\/www.suno.com.br\/noticias\/#website\"},\"primaryImageOfPage\":{\"@id\":\"https:\/\/www.suno.com.br\/noticias\/loreal-vendas-crescem-dois-digitos-no-3-tri-no-brasil-mas-caem-2-no-mundo\/#primaryimage\"},\"image\":{\"@id\":\"https:\/\/www.suno.com.br\/noticias\/loreal-vendas-crescem-dois-digitos-no-3-tri-no-brasil-mas-caem-2-no-mundo\/#primaryimage\"},\"thumbnailUrl\":\"https:\/\/files.sunoresearch.com.br\/n\/uploads\/2020\/10\/144b478c-xloreal.jpg.pagespeed.ic_.9yp8izg8ex-jpg.webp\",\"datePublished\":\"2020-10-22T18:28:08+00:00\",\"description\":\"Segundo o relat\u00f3rio divulgado pela L\u2019Or\u00e9al, em termos compar\u00e1veis, o avan\u00e7o foi de 1,6%. Clique aqui para saber mais.\",\"breadcrumb\":{\"@id\":\"https:\/\/www.suno.com.br\/noticias\/loreal-vendas-crescem-dois-digitos-no-3-tri-no-brasil-mas-caem-2-no-mundo\/#breadcrumb\"},\"inLanguage\":\"pt-BR\",\"potentialAction\":[{\"@type\":\"ReadAction\",\"target\":[\"https:\/\/www.suno.com.br\/noticias\/loreal-vendas-crescem-dois-digitos-no-3-tri-no-brasil-mas-caem-2-no-mundo\/\"]}]},{\"@type\":\"ImageObject\",\"inLanguage\":\"pt-BR\",\"@id\":\"https:\/\/www.suno.com.br\/noticias\/loreal-vendas-crescem-dois-digitos-no-3-tri-no-brasil-mas-caem-2-no-mundo\/#primaryimage\",\"url\":\"https:\/\/files.sunoresearch.com.br\/n\/uploads\/2020\/10\/144b478c-xloreal.jpg.pagespeed.ic_.9yp8izg8ex-jpg.webp\",\"contentUrl\":\"https:\/\/files.sunoresearch.com.br\/n\/uploads\/2020\/10\/144b478c-xloreal.jpg.pagespeed.ic_.9yp8izg8ex-jpg.webp\",\"width\":1086,\"height\":652,\"caption\":\"L\u2019Or\u00e9al: Vendas crescem dois d\u00edgitos no 3\u00b0 tri no Brasil, mas caem 2% no mundo\"},{\"@type\":\"BreadcrumbList\",\"@id\":\"https:\/\/www.suno.com.br\/noticias\/loreal-vendas-crescem-dois-digitos-no-3-tri-no-brasil-mas-caem-2-no-mundo\/#breadcrumb\",\"itemListElement\":[{\"@type\":\"ListItem\",\"position\":1,\"name\":\"Not\u00edcias\",\"item\":\"https:\/\/www.suno.com.br\/noticias\/\"},{\"@type\":\"ListItem\",\"position\":2,\"name\":\"Neg\u00f3cios\",\"item\":\"https:\/\/www.suno.com.br\/noticias\/negocios\/\"},{\"@type\":\"ListItem\",\"position\":3,\"name\":\"L\u2019Or\u00e9al: Vendas crescem dois d\u00edgitos no 3\u00b0 tri no Brasil, mas caem 2% no mundo\"}]},{\"@type\":\"WebSite\",\"@id\":\"https:\/\/www.suno.com.br\/noticias\/#website\",\"url\":\"https:\/\/www.suno.com.br\/noticias\/\",\"name\":\"Suno Not\u00edcias\",\"description\":\"Seu portal de informa\u00e7\u00e3o sobre o mundo dos investimentos\",\"publisher\":{\"@id\":\"https:\/\/www.suno.com.br\/noticias\/#organization\"},\"potentialAction\":[{\"@type\":\"SearchAction\",\"target\":{\"@type\":\"EntryPoint\",\"urlTemplate\":\"https:\/\/www.suno.com.br\/noticias\/?s={search_term_string}\"},\"query-input\":{\"@type\":\"PropertyValueSpecification\",\"valueRequired\":true,\"valueName\":\"search_term_string\"}}],\"inLanguage\":\"pt-BR\"},{\"@type\":\"Organization\",\"@id\":\"https:\/\/www.suno.com.br\/noticias\/#organization\",\"name\":\"Suno Not\u00edcias\",\"url\":\"https:\/\/www.suno.com.br\/noticias\/\",\"logo\":{\"@type\":\"ImageObject\",\"inLanguage\":\"pt-BR\",\"@id\":\"https:\/\/www.suno.com.br\/noticias\/#\/schema\/logo\/image\/\",\"url\":\"https:\/\/files.sunoresearch.com.br\/n\/uploads\/2021\/09\/suno-logo.png\",\"contentUrl\":\"https:\/\/files.sunoresearch.com.br\/n\/uploads\/2021\/09\/suno-logo.png\",\"width\":180,\"height\":180,\"caption\":\"Suno Not\u00edcias\"},\"image\":{\"@id\":\"https:\/\/www.suno.com.br\/noticias\/#\/schema\/logo\/image\/\"},\"sameAs\":[\"https:\/\/facebook.com\/sunoresearch\",\"https:\/\/x.com\/sunoresearch\",\"https:\/\/www.instagram.com\/suno\",\"https:\/\/www.linkedin.com\/company\/suno-research\/\",\"https:\/\/www.youtube.com\/c\/sunoresearch\"]},{\"@type\":\"Person\",\"@id\":\"https:\/\/www.suno.com.br\/noticias\/#\/schema\/person\/e672ca8cea627fe715fa29bca7da95e0\",\"name\":\"Rafaela La Regina\",\"image\":{\"@type\":\"ImageObject\",\"inLanguage\":\"pt-BR\",\"@id\":\"https:\/\/www.suno.com.br\/noticias\/#\/schema\/person\/image\/\",\"url\":\"https:\/\/secure.gravatar.com\/avatar\/d2c75a52d243deb93d0465fdcb21bd37?s=96&r=g\",\"contentUrl\":\"https:\/\/secure.gravatar.com\/avatar\/d2c75a52d243deb93d0465fdcb21bd37?s=96&r=g\",\"caption\":\"Rafaela La Regina\"},\"description\":\"Estagi\u00e1ria no Suno Not\u00edcias. Escreve sobre economia, pol\u00edtica e neg\u00f3cios. Estuda Rela\u00e7\u00f5es Internacionais no IBMEC-SP.\",\"url\":\"https:\/\/www.suno.com.br\/noticias\/author\/rafaela-la-regina\/\"}]}<\/script>\n<!-- \/ Yoast SEO plugin. -->","yoast_head_json":{"title":"L\u2019Or\u00e9al: Vendas crescem 2 d\u00edgitos no 3\u00b0 tri no Brasil e caem 2% no mundo","description":"Segundo o relat\u00f3rio divulgado pela L\u2019Or\u00e9al, em termos compar\u00e1veis, o avan\u00e7o foi de 1,6%. Clique aqui para saber mais.","robots":{"index":"index","follow":"follow","max-snippet":"max-snippet:-1","max-image-preview":"max-image-preview:large","max-video-preview":"max-video-preview:-1"},"canonical":"https:\/\/www.suno.com.br\/noticias\/loreal-vendas-crescem-dois-digitos-no-3-tri-no-brasil-mas-caem-2-no-mundo\/","og_locale":"pt_BR","og_type":"article","og_title":"L\u2019Or\u00e9al: Vendas crescem 2 d\u00edgitos no 3\u00b0 tri no Brasil e caem 2% no mundo","og_description":"Segundo o relat\u00f3rio divulgado pela L\u2019Or\u00e9al, em termos compar\u00e1veis, o avan\u00e7o foi de 1,6%. Clique aqui para saber mais.","og_url":"https:\/\/www.suno.com.br\/noticias\/loreal-vendas-crescem-dois-digitos-no-3-tri-no-brasil-mas-caem-2-no-mundo\/","og_site_name":"Suno Not\u00edcias","article_publisher":"https:\/\/facebook.com\/sunoresearch","og_image":[{"width":1086,"height":652,"url":"https:\/\/files.sunoresearch.com.br\/n\/uploads\/2020\/10\/144b478c-xloreal.jpg.pagespeed.ic_.9yp8izg8ex.jpg","type":"image\/jpeg"}],"author":"Rafaela La Regina","twitter_card":"summary_large_image","twitter_creator":"@sunoresearch","twitter_site":"@sunoresearch","twitter_misc":{"Escrito por":"Rafaela La Regina","Est. tempo de leitura":"2 minutos"},"schema":{"@context":"https:\/\/schema.org","@graph":[{"@type":"NewsArticle","@id":"https:\/\/www.suno.com.br\/noticias\/loreal-vendas-crescem-dois-digitos-no-3-tri-no-brasil-mas-caem-2-no-mundo\/#article","isPartOf":{"@id":"https:\/\/www.suno.com.br\/noticias\/loreal-vendas-crescem-dois-digitos-no-3-tri-no-brasil-mas-caem-2-no-mundo\/"},"author":{"name":"Rafaela La Regina","@id":"https:\/\/www.suno.com.br\/noticias\/#\/schema\/person\/e672ca8cea627fe715fa29bca7da95e0"},"headline":"L\u2019Or\u00e9al: Vendas crescem dois d\u00edgitos no 3\u00b0 tri no Brasil, mas caem 2% no mundo","datePublished":"2020-10-22T18:28:08+00:00","mainEntityOfPage":{"@id":"https:\/\/www.suno.com.br\/noticias\/loreal-vendas-crescem-dois-digitos-no-3-tri-no-brasil-mas-caem-2-no-mundo\/"},"wordCount":433,"publisher":{"@id":"https:\/\/www.suno.com.br\/noticias\/#organization"},"image":{"@id":"https:\/\/www.suno.com.br\/noticias\/loreal-vendas-crescem-dois-digitos-no-3-tri-no-brasil-mas-caem-2-no-mundo\/#primaryimage"},"thumbnailUrl":"https:\/\/files.sunoresearch.com.br\/n\/uploads\/2020\/10\/144b478c-xloreal.jpg.pagespeed.ic_.9yp8izg8ex-jpg.webp","keywords":["L'Oreal"],"articleSection":["Neg\u00f3cios"],"inLanguage":"pt-BR"},{"@type":"WebPage","@id":"https:\/\/www.suno.com.br\/noticias\/loreal-vendas-crescem-dois-digitos-no-3-tri-no-brasil-mas-caem-2-no-mundo\/","url":"https:\/\/www.suno.com.br\/noticias\/loreal-vendas-crescem-dois-digitos-no-3-tri-no-brasil-mas-caem-2-no-mundo\/","name":"L\u2019Or\u00e9al: Vendas crescem 2 d\u00edgitos no 3\u00b0 tri no Brasil e caem 2% no mundo","isPartOf":{"@id":"https:\/\/www.suno.com.br\/noticias\/#website"},"primaryImageOfPage":{"@id":"https:\/\/www.suno.com.br\/noticias\/loreal-vendas-crescem-dois-digitos-no-3-tri-no-brasil-mas-caem-2-no-mundo\/#primaryimage"},"image":{"@id":"https:\/\/www.suno.com.br\/noticias\/loreal-vendas-crescem-dois-digitos-no-3-tri-no-brasil-mas-caem-2-no-mundo\/#primaryimage"},"thumbnailUrl":"https:\/\/files.sunoresearch.com.br\/n\/uploads\/2020\/10\/144b478c-xloreal.jpg.pagespeed.ic_.9yp8izg8ex-jpg.webp","datePublished":"2020-10-22T18:28:08+00:00","description":"Segundo o relat\u00f3rio divulgado pela L\u2019Or\u00e9al, em termos compar\u00e1veis, o avan\u00e7o foi de 1,6%. Clique aqui para saber mais.","breadcrumb":{"@id":"https:\/\/www.suno.com.br\/noticias\/loreal-vendas-crescem-dois-digitos-no-3-tri-no-brasil-mas-caem-2-no-mundo\/#breadcrumb"},"inLanguage":"pt-BR","potentialAction":[{"@type":"ReadAction","target":["https:\/\/www.suno.com.br\/noticias\/loreal-vendas-crescem-dois-digitos-no-3-tri-no-brasil-mas-caem-2-no-mundo\/"]}]},{"@type":"ImageObject","inLanguage":"pt-BR","@id":"https:\/\/www.suno.com.br\/noticias\/loreal-vendas-crescem-dois-digitos-no-3-tri-no-brasil-mas-caem-2-no-mundo\/#primaryimage","url":"https:\/\/files.sunoresearch.com.br\/n\/uploads\/2020\/10\/144b478c-xloreal.jpg.pagespeed.ic_.9yp8izg8ex-jpg.webp","contentUrl":"https:\/\/files.sunoresearch.com.br\/n\/uploads\/2020\/10\/144b478c-xloreal.jpg.pagespeed.ic_.9yp8izg8ex-jpg.webp","width":1086,"height":652,"caption":"L\u2019Or\u00e9al: Vendas crescem dois d\u00edgitos no 3\u00b0 tri no Brasil, mas caem 2% no mundo"},{"@type":"BreadcrumbList","@id":"https:\/\/www.suno.com.br\/noticias\/loreal-vendas-crescem-dois-digitos-no-3-tri-no-brasil-mas-caem-2-no-mundo\/#breadcrumb","itemListElement":[{"@type":"ListItem","position":1,"name":"Not\u00edcias","item":"https:\/\/www.suno.com.br\/noticias\/"},{"@type":"ListItem","position":2,"name":"Neg\u00f3cios","item":"https:\/\/www.suno.com.br\/noticias\/negocios\/"},{"@type":"ListItem","position":3,"name":"L\u2019Or\u00e9al: Vendas crescem dois d\u00edgitos no 3\u00b0 tri no Brasil, mas caem 2% no mundo"}]},{"@type":"WebSite","@id":"https:\/\/www.suno.com.br\/noticias\/#website","url":"https:\/\/www.suno.com.br\/noticias\/","name":"Suno Not\u00edcias","description":"Seu portal de informa\u00e7\u00e3o sobre o mundo dos investimentos","publisher":{"@id":"https:\/\/www.suno.com.br\/noticias\/#organization"},"potentialAction":[{"@type":"SearchAction","target":{"@type":"EntryPoint","urlTemplate":"https:\/\/www.suno.com.br\/noticias\/?s={search_term_string}"},"query-input":{"@type":"PropertyValueSpecification","valueRequired":true,"valueName":"search_term_string"}}],"inLanguage":"pt-BR"},{"@type":"Organization","@id":"https:\/\/www.suno.com.br\/noticias\/#organization","name":"Suno Not\u00edcias","url":"https:\/\/www.suno.com.br\/noticias\/","logo":{"@type":"ImageObject","inLanguage":"pt-BR","@id":"https:\/\/www.suno.com.br\/noticias\/#\/schema\/logo\/image\/","url":"https:\/\/files.sunoresearch.com.br\/n\/uploads\/2021\/09\/suno-logo.png","contentUrl":"https:\/\/files.sunoresearch.com.br\/n\/uploads\/2021\/09\/suno-logo.png","width":180,"height":180,"caption":"Suno Not\u00edcias"},"image":{"@id":"https:\/\/www.suno.com.br\/noticias\/#\/schema\/logo\/image\/"},"sameAs":["https:\/\/facebook.com\/sunoresearch","https:\/\/x.com\/sunoresearch","https:\/\/www.instagram.com\/suno","https:\/\/www.linkedin.com\/company\/suno-research\/","https:\/\/www.youtube.com\/c\/sunoresearch"]},{"@type":"Person","@id":"https:\/\/www.suno.com.br\/noticias\/#\/schema\/person\/e672ca8cea627fe715fa29bca7da95e0","name":"Rafaela La Regina","image":{"@type":"ImageObject","inLanguage":"pt-BR","@id":"https:\/\/www.suno.com.br\/noticias\/#\/schema\/person\/image\/","url":"https:\/\/secure.gravatar.com\/avatar\/d2c75a52d243deb93d0465fdcb21bd37?s=96&r=g","contentUrl":"https:\/\/secure.gravatar.com\/avatar\/d2c75a52d243deb93d0465fdcb21bd37?s=96&r=g","caption":"Rafaela La Regina"},"description":"Estagi\u00e1ria no Suno Not\u00edcias. Escreve sobre economia, pol\u00edtica e neg\u00f3cios. Estuda Rela\u00e7\u00f5es Internacionais no IBMEC-SP.","url":"https:\/\/www.suno.com.br\/noticias\/author\/rafaela-la-regina\/"}]}},"default_loop_html":"<div class=\"cardsPage__listCard__boxs\"><div class=\"cardsPage__listCard__boxs__img\"><a href=\"https:\/\/www.suno.com.br\/noticias\/loreal-vendas-crescem-dois-digitos-no-3-tri-no-brasil-mas-caem-2-no-mundo\/\"><img class=\"mask\" src=\"https:\/\/www.suno.com.br\/noticias\/wp-content\/themes\/suno\/resources\/images\/spotlight\/spotlight1img\/bg-mask.png\" alt=\"Image Mask\"\/><img src=\"https:\/\/files.sunoresearch.com.br\/n\/uploads\/2020\/10\/144b478c-xloreal.jpg.pagespeed.ic_.9yp8izg8ex-400x200.webp\" alt=\"L\u2019Or\u00e9al: Vendas crescem dois d\u00edgitos no 3\u00b0 tri no Brasil, mas caem 2% no mundo\"\/><\/a><span class=\"spotlightCategory\"><a href=\"https:\/\/www.suno.com.br\/noticias\/negocios\/\">Neg\u00f3cios<\/a><\/span><\/div><div class=\"cardsPage__listCard__boxs__content\"><a href=\"https:\/\/www.suno.com.br\/noticias\/loreal-vendas-crescem-dois-digitos-no-3-tri-no-brasil-mas-caem-2-no-mundo\/\"><h2 class=\"content__title\">L\u2019Or\u00e9al: Vendas crescem dois d\u00edgitos no 3\u00b0 tri no Brasil, mas caem 2% no mundo<\/h2><\/a><div class=\"newsContent__article__meta\"><div class=\"newsContent__article__meta__authorBox\"><a href=\"https:\/\/www.suno.com.br\/noticias\/author\/rafaela-la-regina\/\" class=\"authorBox__avatar noMobi\"><img src=\"https:\/\/secure.gravatar.com\/avatar\/d2c75a52d243deb93d0465fdcb21bd37?s=96&#038;r=g\" alt=\"Rafaela La Regina\"><\/a><div class=\"authorBox__name\"><span>por\n\t\t\t<a href=\"https:\/\/www.suno.com.br\/noticias\/author\/rafaela-la-regina\/\"><span itemprop=\"author\">Rafaela La Regina<\/span><\/a><\/span><time datetime=\"2020-10-22T15:28:08-03:00\" itemprop=\"datePublished\">22\/10\/2020 15:28<\/time><\/div><\/div><\/div><\/div><\/div>","single_layout":"posts","amp_enabled":true,"_links":{"self":[{"href":"https:\/\/www.suno.com.br\/noticias\/wp-json\/wp\/v2\/posts\/93691"}],"collection":[{"href":"https:\/\/www.suno.com.br\/noticias\/wp-json\/wp\/v2\/posts"}],"about":[{"href":"https:\/\/www.suno.com.br\/noticias\/wp-json\/wp\/v2\/types\/post"}],"author":[{"embeddable":true,"href":"https:\/\/www.suno.com.br\/noticias\/wp-json\/wp\/v2\/users\/56"}],"replies":[{"embeddable":true,"href":"https:\/\/www.suno.com.br\/noticias\/wp-json\/wp\/v2\/comments?post=93691"}],"version-history":[{"count":0,"href":"https:\/\/www.suno.com.br\/noticias\/wp-json\/wp\/v2\/posts\/93691\/revisions"}],"wp:featuredmedia":[{"embeddable":true,"href":"https:\/\/www.suno.com.br\/noticias\/wp-json\/wp\/v2\/media\/93708"}],"wp:attachment":[{"href":"https:\/\/www.suno.com.br\/noticias\/wp-json\/wp\/v2\/media?parent=93691"}],"wp:term":[{"taxonomy":"category","embeddable":true,"href":"https:\/\/www.suno.com.br\/noticias\/wp-json\/wp\/v2\/categories?post=93691"},{"taxonomy":"post_tag","embeddable":true,"href":"https:\/\/www.suno.com.br\/noticias\/wp-json\/wp\/v2\/tags?post=93691"},{"taxonomy":"suno_strategy","embeddable":true,"href":"https:\/\/www.suno.com.br\/noticias\/wp-json\/wp\/v2\/suno_strategy?post=93691"}],"curies":[{"name":"wp","href":"https:\/\/api.w.org\/{rel}","templated":true}]}}