{"id":93670,"date":"2020-10-22T16:04:30","date_gmt":"2020-10-22T19:04:30","guid":{"rendered":"https:\/\/www.suno.com.br\/noticias\/?p=93670"},"modified":"2020-10-22T16:07:50","modified_gmt":"2020-10-22T19:07:50","slug":"resultados-frigorificos-gradualmente-normal-3t20","status":"publish","type":"post","link":"https:\/\/www.suno.com.br\/noticias\/resultados-frigorificos-gradualmente-normal-3t20\/","title":{"rendered":"Resultados de Frigor\u00edficos devem voltar gradualmente ao normal no 3T20, diz BTG"},"content":{"rendered":"<p>Os resultados das companhias do ramo de processamento de carnes, no terceiro trimestre, devem, gradualmente, voltar \u00e0 normalidade, de acordo com um relat\u00f3rio divulgado pelo BTG Pactual nesta quinta-feira (22). Os desequil\u00edbrios causados \u200b\u200bpela pandemia de coronav\u00edrus, no fornecimento de mat\u00e9ria-prima, c\u00e2mbio e at\u00e9 na demanda dom\u00e9stica por alimentos, devem come\u00e7ar a desaparecer nos resultados que ser\u00e3o divulgados pelos <strong>frigor\u00edficos<\/strong> referentes ao 3T20.<\/p>\t<div class=\"wrapper-featured-image\">\n\t\t<figure class=\"spotlightImg\">\n\n\t\t\t<picture>\n\t\t\t\t<source media=\"(max-width: 768px)\" srcset=\"https:\/\/files.sunoresearch.com.br\/n\/uploads\/2019\/11\/df7f8e88-marfrig-400x200.webp\">\n\t\t\t\t<img loading=\"lazy\" decoding=\"async\" class=\"newsContent__article__imgCapa lazyloadDisabled \" src=\"https:\/\/files.sunoresearch.com.br\/n\/uploads\/2019\/11\/df7f8e88-marfrig-800x450.webp\" width=\"800\" height=\"450\" alt=\"Resultados de Frigor\u00edficos devem voltar gradualmente ao normal no 3T20, diz BTG\" fetchpriority=high \/>\n\t\t\t<\/picture>\n\n\t\t\t<figcaption class=\"wp-caption-text wp-caption-text--show\">A Marfrig (MRFG3) apresentou, na noite da \u00faltima quarta-feira (11), seu resultado do terceiro trimestre. <\/figcaption>\n\t\t<\/figure>\n\t<\/div>\n\n\n<div class=\"hubspot-form-wrapper\">\n\t<div id=\"single-form-target\"><\/div>\n<\/div>\n\n<p>O BTG destacou que, mesmo com a melhora esperada, at\u00e9 o mercado de carne bovina dos EUA, que seguiu forte durante a crise, parece ter pouco espa\u00e7o para surpresas positivas no curto prazo. Ainda assim, o <strong>BTG<\/strong> informou que reitera sua recomenda\u00e7\u00e3o de compra de a\u00e7\u00f5es da <strong>JBS<\/strong>.<\/p>\n<h2>Confira as previs\u00f5es do BTG para os resultados dos frigor\u00edficos no 3T20:<\/h2>\n<h2>Previs\u00f5es do BTG para a Minerva<\/h2>\n<p>Os analistas do <strong>BTG<\/strong> esperam um bom resultado trimestral (referente ao terceiro trimestre de 2020) para a companhia. A <a href=\"https:\/\/www.suno.com.br\/acoes\/beef3\/\"><strong>Minerva<\/strong> (BEEF3)<\/a> apresentar\u00e1 os dados referentes ao per\u00edodo em quest\u00e3o no dia 3 de novembro, dando in\u00edcio aos balan\u00e7os do setor de prote\u00edna.<\/p>\n<p>&#8220;Esperamos que os volumes se recuperem ap\u00f3s a baixa utiliza\u00e7\u00e3o da capacidade do segundo trimestre, mas permane\u00e7am mais fraco [na compara\u00e7\u00e3o ano a ano] devido ao menor fornecimento de animais e impactos remanescentes da pandemia em vendas dom\u00e9sticas. Espera-se que o faturamento ainda cres\u00e7a 7% em rela\u00e7\u00e3o ao ano anterior para R$ 4,8 bilh\u00f5es&#8221;, informou o BTG em relat\u00f3rio.<\/p>\n<p>Segundo o documento, de agora em diante a demanda chinesa mais forte ser\u00e1 a &#8220;chave para os resultados de final de ano&#8221;.<\/p>\n<p><a href=\"https:\/\/lp.suno.com.br\/suno-one\/\"><span data-sheets-value=\"{&quot;1&quot;:2,&quot;2&quot;:&quot;Garanta acesso ao Suno One, a central de informa\u00e7\u00f5es para quem quer aprender a investir. Acesse gratuitamente clicando aqui.&quot;}\" data-sheets-userformat=\"{&quot;2&quot;:513,&quot;3&quot;:{&quot;1&quot;:0},&quot;12&quot;:0}\">Garanta acesso ao Suno One, a central de informa\u00e7\u00f5es para quem quer aprender a investir. Acesse gratuitamente clicando aqui<\/span><\/a><\/p>\n<h2>BRF: espera-se um trimestre ameno, com foco na desalavancagem<\/h2>\n<p>Segundo estimativas do BTG, a <a href=\"https:\/\/www.suno.com.br\/acoes\/brfs3\/\"><strong>BRF<\/strong> (BRFS3)<\/a> teve registrar uma receita l\u00edquida de R$ 9,7 bilh\u00f5es, crescimento de 15% na compara\u00e7\u00e3o com o mesmo per\u00edodo do ano passado. Ainda de acordo com as previs\u00f5es da institui\u00e7\u00e3o, as exporta\u00e7\u00f5es diretas devem melhorar as margens sequencialmente, de acordo com a recupera\u00e7\u00e3o gradual da demanda perdida durante o pico da pandemia.<\/p>\n<p><a href=\"https:\/\/www.suno.com.br\/noticias\/brf-brfs3-paralisara-unidade-producao-frangos\/\">Veja tamb\u00e9m: BRF (BRFS3) paralisar\u00e1 produ\u00e7\u00e3o de frangos em unidade no PR<\/a><\/p>\n<p>&#8220;O caminho de desalavancagem evolui durante o terceiro trimestre, que acreditamos ser a chave para uma vis\u00e3o mais otimista sobre a hist\u00f3ria do patrim\u00f4nio l\u00edquido, caso as margens enfraque\u00e7am&#8221;, informou o BTG em relat\u00f3rio sobre o frigor\u00edfico.<\/p>\n<h2>JBS: BTG espera resultados s\u00f3lidos<\/h2>\n<p>A <a href=\"https:\/\/www.suno.com.br\/acoes\/jbss3\/\"><strong>JBS (JBSS3)<\/strong> <\/a>reportar\u00e1 seus resultados ao mercado no dia 11 de novembro, ap\u00f3s o fechamento do mercado. &#8220;Acreditamos que a empresa apresentar\u00e1 um trimestre s\u00f3lido, e embora as margens devam ser mais fracas, na compara\u00e7\u00e3o anual, em todas as unidades de neg\u00f3cios, o fato de permanecerem em bases s\u00f3lidas combinadas com o c\u00e2mbio favor\u00e1vel deve permitir que os resultados operacionais continuem se expandindo ano a ano.<\/p>\n<p>&#8220;Continuamos vendo a JBS como uma oportunidade mais atraente em nossa cobertura de empresas do setor de alimentos&#8221;, informou a JBS.<\/p>\n\t<div data-element=\"shortcode-read-more\" class=\"knowMore\">\n\t\t\t\t<span class=\"knowMore__title\">Saiba mais<\/span>\n\t\t\t\t<a class=\"knowMore__link\" href=\"https:\/\/www.suno.com.br\/noticias\/jbs-jbss3-cda-aprova-emissao-r-2-bi-debentures-compra-bovinos\/\">\n\t\t\tJBS (JBSS3): CDA aprova emiss\u00e3o de R$ 2 bi em deb\u00eantures para compra de bovinos\t\t<\/a>\n\t<\/div>\n\n\n<h2>Marfrig deve ser o frigor\u00edfico com melhor resultado no 3T20<\/h2>\n<p>A <a href=\"https:\/\/www.suno.com.br\/acoes\/mrfg3\/\"><strong>Marfrig (MRFG3)<\/strong><\/a>, com uma maior exposi\u00e7\u00e3o aos Estados Unidos, deve apresentar o resultado mais forte do 3T20 no segmento de frigor\u00edficos, segundo o BTG.<\/p>\n<p>As margens nacionais da carne bovina devem cair sequencialmente ap\u00f3s spreads elevados durante a pandemia, mas ainda esperamos que eles cres\u00e7am no comparativo anual. Na Am\u00e9rica do Sul, tamb\u00e9m esperamos margens mais fracas sequencialmente, principalmente impulsionados pela alta do gado no Brasil, mas ainda devem se manter em n\u00edveis saud\u00e1veis \u200b\u200bdevido a demanda externa. Espera-se que a receita l\u00edquida consolidada da companhia fique em R$ 16,6 bilh\u00f5es, uma alta de 30% na compara\u00e7\u00e3o ano a ano, impulsionado pela moeda brasileira (Real) mais fraco.<\/p>\n<p>&#8220;Estamos ansiosos para ver como A d\u00edvida l\u00edquida da Marfrig ir\u00e1 evoluir, considerando tamb\u00e9m o poss\u00edvel pagamento de dividendos aos minorit\u00e1rios, o que ainda nos impede de construir uma vis\u00e3o mais construtiva sobre o nome por enquanto&#8221;, destacou o BTG sobre o <strong>frigor\u00edfico<\/strong>.<\/p>\n\t<p>\n\t\t<a href=\"https:\/\/lp.suno.com.br\/planilha-de-controle-de-investimentos\/\" target=\"_blank\" data-element=\"shortcode-suno-banner\" title=\"Banner SUNO, clique e saiba mais\">\n\t\t\t<picture>\n\t\t\t\t<source media=\"(max-width: 500px)\" srcset=\"https:\/\/files.sunoresearch.com.br\/n\/uploads\/2023\/03\/400x300-Controle-de-Investimentos.png\">\n\t\t\t\t<img class=\"newsContent__article__imgCapa newsContent__article__imgCapa--banner\"\n\t\t\t\t\tsrc=\"https:\/\/files.sunoresearch.com.br\/n\/uploads\/2023\/03\/1420x240-Controle-de-Investimentos.png\"\n\t\t\t\t\tdata-promo-id=\"75934\"\t\t\t\t\t\t\t\t\t\twidth='1420' height='240'\t\t\t\t\talt=\"https:\/\/files.sunoresearch.com.br\/n\/uploads\/2023\/03\/1420x240-Controle-de-Investimentos.png\"\n\t\t\t\t>\n\t\t\t<\/picture>\n\t\t<\/a>\n\t<\/p>\n\n\n","protected":false},"excerpt":{"rendered":"<p>Os resultados das companhias do ramo de processamento de carnes, no terceiro trimestre, devem, gradualmente, voltar \u00e0 normalidade, de acordo com um relat\u00f3rio divulgado pelo BTG Pactual nesta quinta-feira (22). Os desequil\u00edbrios causados \u200b\u200bpela pandemia de coronav\u00edrus, no fornecimento de mat\u00e9ria-prima, c\u00e2mbio e at\u00e9 na demanda dom\u00e9stica por alimentos, devem come\u00e7ar a desaparecer nos resultados [&hellip;]<\/p>\n","protected":false},"author":19,"featured_media":44946,"comment_status":"closed","ping_status":"closed","sticky":false,"template":"","format":"standard","meta":[],"categories":[64],"tags":[399,2209,521,552,563],"suno_strategy":[],"class_list":["post-93670","post","type-post","status-publish","format-standard","has-post-thumbnail","hentry","category-negocios","tag-btg-pactual-bpac11-bpac3-bpac5","tag-frigorificos","tag-jbs-jbss3","tag-marfrig-mrfg3","tag-minerva-beef11-beef3"],"yoast_head":"<!-- This site is optimized with the Yoast SEO plugin v24.4 - https:\/\/yoast.com\/wordpress\/plugins\/seo\/ -->\n<title>Resultados de Frigor\u00edficos devem voltar gradualmente ao normal no 3T20<\/title>\n<meta name=\"description\" content=\"Os frigor\u00edficos devem, gradualmente, voltar \u00e0 normalidade a partir dos resultados do trimestre encerrado em setembro, segundo o BTG.\" \/>\n<meta name=\"robots\" content=\"index, follow, max-snippet:-1, max-image-preview:large, max-video-preview:-1\" \/>\n<link rel=\"canonical\" href=\"https:\/\/www.suno.com.br\/noticias\/resultados-frigorificos-gradualmente-normal-3t20\/\" \/>\n<meta property=\"og:locale\" content=\"pt_BR\" \/>\n<meta property=\"og:type\" content=\"article\" \/>\n<meta property=\"og:title\" content=\"Resultados de Frigor\u00edficos devem voltar gradualmente ao normal no 3T20\" \/>\n<meta property=\"og:description\" content=\"Os frigor\u00edficos devem, gradualmente, voltar \u00e0 normalidade a partir dos resultados do trimestre encerrado em setembro, segundo o BTG.\" \/>\n<meta property=\"og:url\" content=\"https:\/\/www.suno.com.br\/noticias\/resultados-frigorificos-gradualmente-normal-3t20\/\" \/>\n<meta property=\"og:site_name\" content=\"Suno Not\u00edcias\" \/>\n<meta property=\"article:publisher\" content=\"https:\/\/facebook.com\/sunoresearch\" \/>\n<meta property=\"og:image\" content=\"https:\/\/files.sunoresearch.com.br\/n\/uploads\/2019\/11\/df7f8e88-marfrig.jpg\" \/>\n\t<meta property=\"og:image:width\" content=\"1156\" \/>\n\t<meta property=\"og:image:height\" content=\"773\" \/>\n\t<meta property=\"og:image:type\" content=\"image\/jpeg\" \/>\n<meta name=\"author\" content=\"Juliano Passaro\" \/>\n<meta name=\"twitter:card\" content=\"summary_large_image\" \/>\n<meta name=\"twitter:creator\" content=\"@sunoresearch\" \/>\n<meta name=\"twitter:site\" content=\"@sunoresearch\" \/>\n<meta name=\"twitter:label1\" content=\"Escrito por\" \/>\n\t<meta name=\"twitter:data1\" content=\"Juliano Passaro\" \/>\n\t<meta name=\"twitter:label2\" content=\"Est. tempo de leitura\" \/>\n\t<meta name=\"twitter:data2\" content=\"4 minutos\" \/>\n<script type=\"application\/ld+json\" class=\"yoast-schema-graph\">{\"@context\":\"https:\/\/schema.org\",\"@graph\":[{\"@type\":\"NewsArticle\",\"@id\":\"https:\/\/www.suno.com.br\/noticias\/resultados-frigorificos-gradualmente-normal-3t20\/#article\",\"isPartOf\":{\"@id\":\"https:\/\/www.suno.com.br\/noticias\/resultados-frigorificos-gradualmente-normal-3t20\/\"},\"author\":{\"name\":\"Juliano Passaro\",\"@id\":\"https:\/\/www.suno.com.br\/noticias\/#\/schema\/person\/1db762f78ffd8919a648a63e425953e3\"},\"headline\":\"Resultados de Frigor\u00edficos devem voltar gradualmente ao normal no 3T20, diz BTG\",\"datePublished\":\"2020-10-22T19:04:30+00:00\",\"dateModified\":\"2020-10-22T19:07:50+00:00\",\"mainEntityOfPage\":{\"@id\":\"https:\/\/www.suno.com.br\/noticias\/resultados-frigorificos-gradualmente-normal-3t20\/\"},\"wordCount\":740,\"publisher\":{\"@id\":\"https:\/\/www.suno.com.br\/noticias\/#organization\"},\"image\":{\"@id\":\"https:\/\/www.suno.com.br\/noticias\/resultados-frigorificos-gradualmente-normal-3t20\/#primaryimage\"},\"thumbnailUrl\":\"https:\/\/files.sunoresearch.com.br\/n\/uploads\/2019\/11\/df7f8e88-marfrig-jpg.webp\",\"keywords\":[\"BTG Pactual (BPAC11\/BPAC3\/BPAC5)\",\"frigor\u00edficos\",\"JBS (JBSS3)\",\"Marfrig (MRFG3)\",\"Minerva (BEEF11\/BEEF3)\"],\"articleSection\":[\"Neg\u00f3cios\"],\"inLanguage\":\"pt-BR\"},{\"@type\":\"WebPage\",\"@id\":\"https:\/\/www.suno.com.br\/noticias\/resultados-frigorificos-gradualmente-normal-3t20\/\",\"url\":\"https:\/\/www.suno.com.br\/noticias\/resultados-frigorificos-gradualmente-normal-3t20\/\",\"name\":\"Resultados de Frigor\u00edficos devem voltar gradualmente ao normal no 3T20\",\"isPartOf\":{\"@id\":\"https:\/\/www.suno.com.br\/noticias\/#website\"},\"primaryImageOfPage\":{\"@id\":\"https:\/\/www.suno.com.br\/noticias\/resultados-frigorificos-gradualmente-normal-3t20\/#primaryimage\"},\"image\":{\"@id\":\"https:\/\/www.suno.com.br\/noticias\/resultados-frigorificos-gradualmente-normal-3t20\/#primaryimage\"},\"thumbnailUrl\":\"https:\/\/files.sunoresearch.com.br\/n\/uploads\/2019\/11\/df7f8e88-marfrig-jpg.webp\",\"datePublished\":\"2020-10-22T19:04:30+00:00\",\"dateModified\":\"2020-10-22T19:07:50+00:00\",\"description\":\"Os frigor\u00edficos devem, gradualmente, voltar \u00e0 normalidade a partir dos resultados do trimestre encerrado em setembro, segundo o BTG.\",\"breadcrumb\":{\"@id\":\"https:\/\/www.suno.com.br\/noticias\/resultados-frigorificos-gradualmente-normal-3t20\/#breadcrumb\"},\"inLanguage\":\"pt-BR\",\"potentialAction\":[{\"@type\":\"ReadAction\",\"target\":[\"https:\/\/www.suno.com.br\/noticias\/resultados-frigorificos-gradualmente-normal-3t20\/\"]}]},{\"@type\":\"ImageObject\",\"inLanguage\":\"pt-BR\",\"@id\":\"https:\/\/www.suno.com.br\/noticias\/resultados-frigorificos-gradualmente-normal-3t20\/#primaryimage\",\"url\":\"https:\/\/files.sunoresearch.com.br\/n\/uploads\/2019\/11\/df7f8e88-marfrig-jpg.webp\",\"contentUrl\":\"https:\/\/files.sunoresearch.com.br\/n\/uploads\/2019\/11\/df7f8e88-marfrig-jpg.webp\",\"width\":1156,\"height\":773,\"caption\":\"A Marfrig (MRFG3) apresentou, na noite da \u00faltima quarta-feira (11), seu resultado do terceiro trimestre.\"},{\"@type\":\"BreadcrumbList\",\"@id\":\"https:\/\/www.suno.com.br\/noticias\/resultados-frigorificos-gradualmente-normal-3t20\/#breadcrumb\",\"itemListElement\":[{\"@type\":\"ListItem\",\"position\":1,\"name\":\"Not\u00edcias\",\"item\":\"https:\/\/www.suno.com.br\/noticias\/\"},{\"@type\":\"ListItem\",\"position\":2,\"name\":\"Neg\u00f3cios\",\"item\":\"https:\/\/www.suno.com.br\/noticias\/negocios\/\"},{\"@type\":\"ListItem\",\"position\":3,\"name\":\"Resultados de Frigor\u00edficos devem voltar gradualmente ao normal no 3T20, diz BTG\"}]},{\"@type\":\"WebSite\",\"@id\":\"https:\/\/www.suno.com.br\/noticias\/#website\",\"url\":\"https:\/\/www.suno.com.br\/noticias\/\",\"name\":\"Suno Not\u00edcias\",\"description\":\"Seu portal de informa\u00e7\u00e3o sobre o mundo dos investimentos\",\"publisher\":{\"@id\":\"https:\/\/www.suno.com.br\/noticias\/#organization\"},\"potentialAction\":[{\"@type\":\"SearchAction\",\"target\":{\"@type\":\"EntryPoint\",\"urlTemplate\":\"https:\/\/www.suno.com.br\/noticias\/?s={search_term_string}\"},\"query-input\":{\"@type\":\"PropertyValueSpecification\",\"valueRequired\":true,\"valueName\":\"search_term_string\"}}],\"inLanguage\":\"pt-BR\"},{\"@type\":\"Organization\",\"@id\":\"https:\/\/www.suno.com.br\/noticias\/#organization\",\"name\":\"Suno Not\u00edcias\",\"url\":\"https:\/\/www.suno.com.br\/noticias\/\",\"logo\":{\"@type\":\"ImageObject\",\"inLanguage\":\"pt-BR\",\"@id\":\"https:\/\/www.suno.com.br\/noticias\/#\/schema\/logo\/image\/\",\"url\":\"https:\/\/files.sunoresearch.com.br\/n\/uploads\/2021\/09\/suno-logo.png\",\"contentUrl\":\"https:\/\/files.sunoresearch.com.br\/n\/uploads\/2021\/09\/suno-logo.png\",\"width\":180,\"height\":180,\"caption\":\"Suno Not\u00edcias\"},\"image\":{\"@id\":\"https:\/\/www.suno.com.br\/noticias\/#\/schema\/logo\/image\/\"},\"sameAs\":[\"https:\/\/facebook.com\/sunoresearch\",\"https:\/\/x.com\/sunoresearch\",\"https:\/\/www.instagram.com\/suno\",\"https:\/\/www.linkedin.com\/company\/suno-research\/\",\"https:\/\/www.youtube.com\/c\/sunoresearch\"]},{\"@type\":\"Person\",\"@id\":\"https:\/\/www.suno.com.br\/noticias\/#\/schema\/person\/1db762f78ffd8919a648a63e425953e3\",\"name\":\"Juliano Passaro\",\"image\":{\"@type\":\"ImageObject\",\"inLanguage\":\"pt-BR\",\"@id\":\"https:\/\/www.suno.com.br\/noticias\/#\/schema\/person\/image\/\",\"url\":\"https:\/\/secure.gravatar.com\/avatar\/743d4df28eebf6dcc46b4ad03c319e92?s=96&r=g\",\"contentUrl\":\"https:\/\/secure.gravatar.com\/avatar\/743d4df28eebf6dcc46b4ad03c319e92?s=96&r=g\",\"caption\":\"Juliano Passaro\"},\"description\":\"Juliano Passaro escreve sobre pol\u00edtica, economia e neg\u00f3cios para o portal da Suno Research. Antes da Suno, trabalhou no Portal da Band. \u00c9 formado em jornalismo pela Universidade Presbiteriana Mackenzie.\",\"url\":\"https:\/\/www.suno.com.br\/noticias\/author\/juliano\/\"}]}<\/script>\n<!-- \/ Yoast SEO plugin. -->","yoast_head_json":{"title":"Resultados de Frigor\u00edficos devem voltar gradualmente ao normal no 3T20","description":"Os frigor\u00edficos devem, gradualmente, voltar \u00e0 normalidade a partir dos resultados do trimestre encerrado em setembro, segundo o BTG.","robots":{"index":"index","follow":"follow","max-snippet":"max-snippet:-1","max-image-preview":"max-image-preview:large","max-video-preview":"max-video-preview:-1"},"canonical":"https:\/\/www.suno.com.br\/noticias\/resultados-frigorificos-gradualmente-normal-3t20\/","og_locale":"pt_BR","og_type":"article","og_title":"Resultados de Frigor\u00edficos devem voltar gradualmente ao normal no 3T20","og_description":"Os frigor\u00edficos devem, gradualmente, voltar \u00e0 normalidade a partir dos resultados do trimestre encerrado em setembro, segundo o BTG.","og_url":"https:\/\/www.suno.com.br\/noticias\/resultados-frigorificos-gradualmente-normal-3t20\/","og_site_name":"Suno Not\u00edcias","article_publisher":"https:\/\/facebook.com\/sunoresearch","og_image":[{"width":1156,"height":773,"url":"https:\/\/files.sunoresearch.com.br\/n\/uploads\/2019\/11\/df7f8e88-marfrig.jpg","type":"image\/jpeg"}],"author":"Juliano Passaro","twitter_card":"summary_large_image","twitter_creator":"@sunoresearch","twitter_site":"@sunoresearch","twitter_misc":{"Escrito por":"Juliano Passaro","Est. tempo de leitura":"4 minutos"},"schema":{"@context":"https:\/\/schema.org","@graph":[{"@type":"NewsArticle","@id":"https:\/\/www.suno.com.br\/noticias\/resultados-frigorificos-gradualmente-normal-3t20\/#article","isPartOf":{"@id":"https:\/\/www.suno.com.br\/noticias\/resultados-frigorificos-gradualmente-normal-3t20\/"},"author":{"name":"Juliano Passaro","@id":"https:\/\/www.suno.com.br\/noticias\/#\/schema\/person\/1db762f78ffd8919a648a63e425953e3"},"headline":"Resultados de Frigor\u00edficos devem voltar gradualmente ao normal no 3T20, diz BTG","datePublished":"2020-10-22T19:04:30+00:00","dateModified":"2020-10-22T19:07:50+00:00","mainEntityOfPage":{"@id":"https:\/\/www.suno.com.br\/noticias\/resultados-frigorificos-gradualmente-normal-3t20\/"},"wordCount":740,"publisher":{"@id":"https:\/\/www.suno.com.br\/noticias\/#organization"},"image":{"@id":"https:\/\/www.suno.com.br\/noticias\/resultados-frigorificos-gradualmente-normal-3t20\/#primaryimage"},"thumbnailUrl":"https:\/\/files.sunoresearch.com.br\/n\/uploads\/2019\/11\/df7f8e88-marfrig-jpg.webp","keywords":["BTG Pactual (BPAC11\/BPAC3\/BPAC5)","frigor\u00edficos","JBS (JBSS3)","Marfrig (MRFG3)","Minerva (BEEF11\/BEEF3)"],"articleSection":["Neg\u00f3cios"],"inLanguage":"pt-BR"},{"@type":"WebPage","@id":"https:\/\/www.suno.com.br\/noticias\/resultados-frigorificos-gradualmente-normal-3t20\/","url":"https:\/\/www.suno.com.br\/noticias\/resultados-frigorificos-gradualmente-normal-3t20\/","name":"Resultados de Frigor\u00edficos devem voltar gradualmente ao normal no 3T20","isPartOf":{"@id":"https:\/\/www.suno.com.br\/noticias\/#website"},"primaryImageOfPage":{"@id":"https:\/\/www.suno.com.br\/noticias\/resultados-frigorificos-gradualmente-normal-3t20\/#primaryimage"},"image":{"@id":"https:\/\/www.suno.com.br\/noticias\/resultados-frigorificos-gradualmente-normal-3t20\/#primaryimage"},"thumbnailUrl":"https:\/\/files.sunoresearch.com.br\/n\/uploads\/2019\/11\/df7f8e88-marfrig-jpg.webp","datePublished":"2020-10-22T19:04:30+00:00","dateModified":"2020-10-22T19:07:50+00:00","description":"Os frigor\u00edficos devem, gradualmente, voltar \u00e0 normalidade a partir dos resultados do trimestre encerrado em setembro, segundo o BTG.","breadcrumb":{"@id":"https:\/\/www.suno.com.br\/noticias\/resultados-frigorificos-gradualmente-normal-3t20\/#breadcrumb"},"inLanguage":"pt-BR","potentialAction":[{"@type":"ReadAction","target":["https:\/\/www.suno.com.br\/noticias\/resultados-frigorificos-gradualmente-normal-3t20\/"]}]},{"@type":"ImageObject","inLanguage":"pt-BR","@id":"https:\/\/www.suno.com.br\/noticias\/resultados-frigorificos-gradualmente-normal-3t20\/#primaryimage","url":"https:\/\/files.sunoresearch.com.br\/n\/uploads\/2019\/11\/df7f8e88-marfrig-jpg.webp","contentUrl":"https:\/\/files.sunoresearch.com.br\/n\/uploads\/2019\/11\/df7f8e88-marfrig-jpg.webp","width":1156,"height":773,"caption":"A Marfrig (MRFG3) apresentou, na noite da \u00faltima quarta-feira (11), seu resultado do terceiro trimestre."},{"@type":"BreadcrumbList","@id":"https:\/\/www.suno.com.br\/noticias\/resultados-frigorificos-gradualmente-normal-3t20\/#breadcrumb","itemListElement":[{"@type":"ListItem","position":1,"name":"Not\u00edcias","item":"https:\/\/www.suno.com.br\/noticias\/"},{"@type":"ListItem","position":2,"name":"Neg\u00f3cios","item":"https:\/\/www.suno.com.br\/noticias\/negocios\/"},{"@type":"ListItem","position":3,"name":"Resultados de Frigor\u00edficos devem voltar gradualmente ao normal no 3T20, diz BTG"}]},{"@type":"WebSite","@id":"https:\/\/www.suno.com.br\/noticias\/#website","url":"https:\/\/www.suno.com.br\/noticias\/","name":"Suno Not\u00edcias","description":"Seu portal de informa\u00e7\u00e3o sobre o mundo dos investimentos","publisher":{"@id":"https:\/\/www.suno.com.br\/noticias\/#organization"},"potentialAction":[{"@type":"SearchAction","target":{"@type":"EntryPoint","urlTemplate":"https:\/\/www.suno.com.br\/noticias\/?s={search_term_string}"},"query-input":{"@type":"PropertyValueSpecification","valueRequired":true,"valueName":"search_term_string"}}],"inLanguage":"pt-BR"},{"@type":"Organization","@id":"https:\/\/www.suno.com.br\/noticias\/#organization","name":"Suno Not\u00edcias","url":"https:\/\/www.suno.com.br\/noticias\/","logo":{"@type":"ImageObject","inLanguage":"pt-BR","@id":"https:\/\/www.suno.com.br\/noticias\/#\/schema\/logo\/image\/","url":"https:\/\/files.sunoresearch.com.br\/n\/uploads\/2021\/09\/suno-logo.png","contentUrl":"https:\/\/files.sunoresearch.com.br\/n\/uploads\/2021\/09\/suno-logo.png","width":180,"height":180,"caption":"Suno Not\u00edcias"},"image":{"@id":"https:\/\/www.suno.com.br\/noticias\/#\/schema\/logo\/image\/"},"sameAs":["https:\/\/facebook.com\/sunoresearch","https:\/\/x.com\/sunoresearch","https:\/\/www.instagram.com\/suno","https:\/\/www.linkedin.com\/company\/suno-research\/","https:\/\/www.youtube.com\/c\/sunoresearch"]},{"@type":"Person","@id":"https:\/\/www.suno.com.br\/noticias\/#\/schema\/person\/1db762f78ffd8919a648a63e425953e3","name":"Juliano Passaro","image":{"@type":"ImageObject","inLanguage":"pt-BR","@id":"https:\/\/www.suno.com.br\/noticias\/#\/schema\/person\/image\/","url":"https:\/\/secure.gravatar.com\/avatar\/743d4df28eebf6dcc46b4ad03c319e92?s=96&r=g","contentUrl":"https:\/\/secure.gravatar.com\/avatar\/743d4df28eebf6dcc46b4ad03c319e92?s=96&r=g","caption":"Juliano Passaro"},"description":"Juliano Passaro escreve sobre pol\u00edtica, economia e neg\u00f3cios para o portal da Suno Research. Antes da Suno, trabalhou no Portal da Band. \u00c9 formado em jornalismo pela Universidade Presbiteriana Mackenzie.","url":"https:\/\/www.suno.com.br\/noticias\/author\/juliano\/"}]}},"default_loop_html":"<div class=\"cardsPage__listCard__boxs\"><div class=\"cardsPage__listCard__boxs__img\"><a href=\"https:\/\/www.suno.com.br\/noticias\/resultados-frigorificos-gradualmente-normal-3t20\/\"><img class=\"mask\" src=\"https:\/\/www.suno.com.br\/noticias\/wp-content\/themes\/suno\/resources\/images\/spotlight\/spotlight1img\/bg-mask.png\" alt=\"Image Mask\"\/><img src=\"https:\/\/files.sunoresearch.com.br\/n\/uploads\/2019\/11\/df7f8e88-marfrig-400x200.webp\" alt=\"Resultados de Frigor\u00edficos devem voltar gradualmente ao normal no 3T20, diz BTG\"\/><\/a><span class=\"spotlightCategory\"><a href=\"https:\/\/www.suno.com.br\/noticias\/negocios\/\">Neg\u00f3cios<\/a><\/span><\/div><div class=\"cardsPage__listCard__boxs__content\"><a href=\"https:\/\/www.suno.com.br\/noticias\/resultados-frigorificos-gradualmente-normal-3t20\/\"><h2 class=\"content__title\">Resultados de Frigor\u00edficos devem voltar gradualmente ao normal no 3T20, diz BTG<\/h2><\/a><div class=\"newsContent__article__meta\"><div class=\"newsContent__article__meta__authorBox\"><a href=\"https:\/\/www.suno.com.br\/noticias\/author\/juliano\/\" class=\"authorBox__avatar noMobi\"><img src=\"https:\/\/files.sunoresearch.com.br\/n\/uploads\/2019\/06\/7cc3efea-whatsapp-image-2019-07-18-at-21.59.33-e1563499821209-150x150.webp\" alt=\"Juliano Passaro\"><\/a><div class=\"authorBox__name\"><span>por\n\t\t\t<a href=\"https:\/\/www.suno.com.br\/noticias\/author\/juliano\/\"><span itemprop=\"author\">Juliano Passaro<\/span><\/a><\/span><time datetime=\"2020-10-22T16:04:30-03:00\" itemprop=\"datePublished\">22\/10\/2020 16:04<\/time><\/div><\/div><\/div><\/div><\/div>","single_layout":"posts","amp_enabled":true,"_links":{"self":[{"href":"https:\/\/www.suno.com.br\/noticias\/wp-json\/wp\/v2\/posts\/93670"}],"collection":[{"href":"https:\/\/www.suno.com.br\/noticias\/wp-json\/wp\/v2\/posts"}],"about":[{"href":"https:\/\/www.suno.com.br\/noticias\/wp-json\/wp\/v2\/types\/post"}],"author":[{"embeddable":true,"href":"https:\/\/www.suno.com.br\/noticias\/wp-json\/wp\/v2\/users\/19"}],"replies":[{"embeddable":true,"href":"https:\/\/www.suno.com.br\/noticias\/wp-json\/wp\/v2\/comments?post=93670"}],"version-history":[{"count":0,"href":"https:\/\/www.suno.com.br\/noticias\/wp-json\/wp\/v2\/posts\/93670\/revisions"}],"wp:featuredmedia":[{"embeddable":true,"href":"https:\/\/www.suno.com.br\/noticias\/wp-json\/wp\/v2\/media\/44946"}],"wp:attachment":[{"href":"https:\/\/www.suno.com.br\/noticias\/wp-json\/wp\/v2\/media?parent=93670"}],"wp:term":[{"taxonomy":"category","embeddable":true,"href":"https:\/\/www.suno.com.br\/noticias\/wp-json\/wp\/v2\/categories?post=93670"},{"taxonomy":"post_tag","embeddable":true,"href":"https:\/\/www.suno.com.br\/noticias\/wp-json\/wp\/v2\/tags?post=93670"},{"taxonomy":"suno_strategy","embeddable":true,"href":"https:\/\/www.suno.com.br\/noticias\/wp-json\/wp\/v2\/suno_strategy?post=93670"}],"curies":[{"name":"wp","href":"https:\/\/api.w.org\/{rel}","templated":true}]}}