{"id":93560,"date":"2020-10-22T10:32:46","date_gmt":"2020-10-22T13:32:46","guid":{"rendered":"https:\/\/www.suno.com.br\/noticias\/?p=93560"},"modified":"2021-05-12T13:12:06","modified_gmt":"2021-05-12T16:12:06","slug":"seguro-desemprego-eua-registram-787-mil","status":"publish","type":"post","link":"https:\/\/www.suno.com.br\/noticias\/seguro-desemprego-eua-registram-787-mil\/","title":{"rendered":"Seguro-desemprego nos EUA: pedidos caem para 787 mil"},"content":{"rendered":"<p>O n\u00famero de solicita\u00e7\u00f5es do <strong>seguro-desemprego<\/strong> nos Estados Unidos totalizou 787 mil na semana encerrada em 17 de outubro. Os dados foram divulgados pelo Departamento do Trabalho americano nesta quinta-feira (22). Trata-se do menor n\u00famero desde os primeiros dias da pandemia do novo coronav\u00edrus (covid-19)<\/p>\t<div class=\"wrapper-featured-image\">\n\t\t<figure class=\"spotlightImg\">\n\n\t\t\t<picture>\n\t\t\t\t<source media=\"(max-width: 768px)\" srcset=\"https:\/\/files.sunoresearch.com.br\/n\/uploads\/2020\/10\/8c91c58f-4k-wallpaper-america-american-flag-building-thumbnail-400x200.webp\">\n\t\t\t\t<img loading=\"lazy\" decoding=\"async\" class=\"newsContent__article__imgCapa lazyloadDisabled \" src=\"https:\/\/files.sunoresearch.com.br\/n\/uploads\/2020\/10\/8c91c58f-4k-wallpaper-america-american-flag-building-thumbnail-jpg.webp\" width=\"800\" height=\"450\" alt=\"Seguro-desemprego nos EUA: pedidos caem para 787 mil\" fetchpriority=high \/>\n\t\t\t<\/picture>\n\n\t\t\t<figcaption class=\"wp-caption-text wp-caption-text--show\">EUA registram 787 mil pedidos de seguro-desemprego na \u00faltima semana<\/figcaption>\n\t\t<\/figure>\n\t<\/div>\n\n\n<div class=\"hubspot-form-wrapper\">\n\t<div id=\"single-form-target\"><\/div>\n<\/div>\n\n<p>O total de pedidos de seguro-desemprego dos <strong>EUA<\/strong> apresentou uma desacelera\u00e7\u00e3o em compara\u00e7\u00e3o com o n\u00famero registrado nas semanas anteriores. A previs\u00e3o dos analistas consultados pelo &#8220;Dow Jones&#8221; apontava para 875 mil solicita\u00e7\u00f5es.<\/p>\n<p>Na semana anterior, encerrada em 10 de outubro, o n\u00famero foi revisado para baixo, passando de 898 mil pedidos para 842 mil.\u00a0 O Departamento informou que o n\u00edvel de pessoas recebendo benef\u00edcios por pelo menos duas semanas apresentou queda.<\/p>\n<p><a href=\"https:\/\/lp.suno.com.br\/suno-one\/\">No Suno One voc\u00ea aprende a fazer seu dinheiro trabalhar para voc\u00ea. Cadastre-se gratuitamente agora!<\/a><\/p>\n<p>De acordo com a CNBC, um dos motivos que explica a queda dos pedidos \u00e9 a migra\u00e7\u00e3o de trabalhadores que conclu\u00edram o per\u00edodo de recebimento de benef\u00edcios, migrando para outro programa compensat\u00f3rio.<\/p>\n<p>A \u00faltima vez que os pedidos de seguro-desemprego ficaram abaixo dos dados desta semana foi em 14 de mar\u00e7o, antes da crise do coronav\u00edrus pressionar o mercado de trabalho.<\/p>\n<div class=\"group\">\n<h2>Impacto dos pedidos de seguro-desemprego nas bolsas<\/h2>\n<\/div>\n<p>Hoje, os futuros de Wall Street est\u00e3o sinalizando que os indicadores das bolsas ter\u00e3o seu dia em queda.<\/p>\n<p>Por volta das 10h, os futuros do <a href=\"https:\/\/www.suno.com.br\/artigos\/sp-500\/\" target=\"_blank\" rel=\"noopener noreferrer\">S&amp;P 500<\/a> ca\u00edam 0,22%, enquanto os do <a href=\"https:\/\/www.suno.com.br\/artigos\/indice-dow-jones-djia\/#:~:text=O%20%C3%8Dndice%20Dow%20Jones%20%C3%A9,at%C3%A9%20os%20dias%20de%20hoje.\" target=\"_blank\" rel=\"noopener noreferrer\">Dow Jones<\/a> recuavam 0,18%. J\u00e1 os futuros da Nasdaq ca\u00edam 0,18%.<\/p>\n\t<div data-element=\"shortcode-read-more\" class=\"knowMore\">\n\t\t\t\t<span class=\"knowMore__title\">Veja Tamb\u00e9m<\/span>\n\t\t\t\t<a class=\"knowMore__link\" href=\"https:\/\/www.suno.com.br\/noticias\/eua-661-mil-empregos-setembro-desemprego-cai-79\/\">\n\t\t\tEUA criam 661 mil empregos em setembro e taxa de desemprego cai para 7,9%\t\t<\/a>\n\t<\/div>\n\n\n<p>O impasse sobre o pacote de est\u00edmulos \u00e0 economia norte-americana pesa sobre o \u00e2nimo dos investidores no mercado local.<\/p>\n<p>O porta-voz da Nancy Pelosi, presidente da C\u00e2mara dos Deputados dos EUA, Drew Hammil, publicou em sua conta no Twitter que &#8220;a presidente e o secret\u00e1rio do Tesouro [Steven] Mnunchin falaram hoje \u00e0s 14h30 por 48 minutos. A conversa de hoje nos coloca mais pr\u00f3ximos de sacar a caneta e o papel e escrever nova legisla\u00e7\u00e3o&#8221;.<\/p>\n<p>Apesar do otimismo na publica\u00e7\u00e3o de Hammil, os indicadores norte-americanos n\u00e3o apresentaram varia\u00e7\u00f5es positivas.<\/p>\n\t<p>\n\t\t<a href=\"https:\/\/lp.suno.com.br\/planilha-de-controle-de-investimentos\/\" target=\"_blank\" data-element=\"shortcode-suno-banner\" title=\"Banner SUNO, clique e saiba mais\">\n\t\t\t<picture>\n\t\t\t\t<source media=\"(max-width: 500px)\" srcset=\"https:\/\/files.sunoresearch.com.br\/n\/uploads\/2023\/03\/400x300-Controle-de-Investimentos.png\">\n\t\t\t\t<img class=\"newsContent__article__imgCapa newsContent__article__imgCapa--banner\"\n\t\t\t\t\tsrc=\"https:\/\/files.sunoresearch.com.br\/n\/uploads\/2023\/03\/1420x240-Controle-de-Investimentos.png\"\n\t\t\t\t\tdata-promo-id=\"75934\"\t\t\t\t\t\t\t\t\t\twidth='1420' height='240'\t\t\t\t\talt=\"https:\/\/files.sunoresearch.com.br\/n\/uploads\/2023\/03\/1420x240-Controle-de-Investimentos.png\"\n\t\t\t\t>\n\t\t\t<\/picture>\n\t\t<\/a>\n\t<\/p>\n\n\n","protected":false},"excerpt":{"rendered":"<p>O n\u00famero de solicita\u00e7\u00f5es do seguro-desemprego nos Estados Unidos totalizou 787 mil na semana encerrada em 17 de outubro. Os dados foram divulgados pelo Departamento do Trabalho americano nesta quinta-feira (22). Trata-se do menor n\u00famero desde os primeiros dias da pandemia do novo coronav\u00edrus (covid-19) EUA registram 787 mil pedidos de seguro-desemprego na \u00faltima semana [&hellip;]<\/p>\n","protected":false},"author":15,"featured_media":92142,"comment_status":"closed","ping_status":"closed","sticky":false,"template":"","format":"standard","meta":[],"categories":[63],"tags":[1271,1796,793,2274],"suno_strategy":[],"class_list":["post-93560","post","type-post","status-publish","format-standard","has-post-thumbnail","hentry","category-internacional","tag-bolsa-de-nova-york-nyse","tag-emprego","tag-estados-unidos-eua","tag-seguro-desemprego"],"yoast_head":"<!-- This site is optimized with the Yoast SEO plugin v24.4 - https:\/\/yoast.com\/wordpress\/plugins\/seo\/ -->\n<title>Seguro-desemprego nos EUA: pedidos caem para 787 mil<\/title>\n<meta name=\"description\" content=\"O n\u00famero de solicita\u00e7\u00f5es do seguro-desemprego nos Estados Unidos totalizou 787 mil na semana encerrada em 17 de outubro. Clique aqui\" \/>\n<meta name=\"robots\" content=\"index, follow, max-snippet:-1, max-image-preview:large, max-video-preview:-1\" \/>\n<link rel=\"canonical\" href=\"https:\/\/www.suno.com.br\/noticias\/seguro-desemprego-eua-registram-787-mil\/\" \/>\n<meta property=\"og:locale\" content=\"pt_BR\" \/>\n<meta property=\"og:type\" content=\"article\" \/>\n<meta property=\"og:title\" content=\"Seguro-desemprego nos EUA: pedidos caem para 787 mil\" \/>\n<meta property=\"og:description\" content=\"O n\u00famero de solicita\u00e7\u00f5es do seguro-desemprego nos Estados Unidos totalizou 787 mil na semana encerrada em 17 de outubro. Clique aqui\" \/>\n<meta property=\"og:url\" content=\"https:\/\/www.suno.com.br\/noticias\/seguro-desemprego-eua-registram-787-mil\/\" \/>\n<meta property=\"og:site_name\" content=\"Suno Not\u00edcias\" \/>\n<meta property=\"article:publisher\" content=\"https:\/\/facebook.com\/sunoresearch\" \/>\n<meta property=\"og:image\" content=\"https:\/\/files.sunoresearch.com.br\/n\/uploads\/2020\/10\/8c91c58f-4k-wallpaper-america-american-flag-building-thumbnail.jpg\" \/>\n\t<meta property=\"og:image:width\" content=\"480\" \/>\n\t<meta property=\"og:image:height\" content=\"320\" \/>\n\t<meta property=\"og:image:type\" content=\"image\/jpeg\" \/>\n<meta name=\"author\" content=\"Poliana Santos\" \/>\n<meta name=\"twitter:card\" content=\"summary_large_image\" \/>\n<meta name=\"twitter:creator\" content=\"@sunoresearch\" \/>\n<meta name=\"twitter:site\" content=\"@sunoresearch\" \/>\n<meta name=\"twitter:label1\" content=\"Escrito por\" \/>\n\t<meta name=\"twitter:data1\" content=\"Poliana Santos\" \/>\n\t<meta name=\"twitter:label2\" content=\"Est. tempo de leitura\" \/>\n\t<meta name=\"twitter:data2\" content=\"2 minutos\" \/>\n<script type=\"application\/ld+json\" class=\"yoast-schema-graph\">{\"@context\":\"https:\/\/schema.org\",\"@graph\":[{\"@type\":\"NewsArticle\",\"@id\":\"https:\/\/www.suno.com.br\/noticias\/seguro-desemprego-eua-registram-787-mil\/#article\",\"isPartOf\":{\"@id\":\"https:\/\/www.suno.com.br\/noticias\/seguro-desemprego-eua-registram-787-mil\/\"},\"author\":{\"name\":\"Poliana Santos\",\"@id\":\"https:\/\/www.suno.com.br\/noticias\/#\/schema\/person\/02ec1f752758247878a2bf4abee1aeda\"},\"headline\":\"Seguro-desemprego nos EUA: pedidos caem para 787 mil\",\"datePublished\":\"2020-10-22T13:32:46+00:00\",\"dateModified\":\"2021-05-12T16:12:06+00:00\",\"mainEntityOfPage\":{\"@id\":\"https:\/\/www.suno.com.br\/noticias\/seguro-desemprego-eua-registram-787-mil\/\"},\"wordCount\":381,\"publisher\":{\"@id\":\"https:\/\/www.suno.com.br\/noticias\/#organization\"},\"image\":{\"@id\":\"https:\/\/www.suno.com.br\/noticias\/seguro-desemprego-eua-registram-787-mil\/#primaryimage\"},\"thumbnailUrl\":\"https:\/\/files.sunoresearch.com.br\/n\/uploads\/2020\/10\/8c91c58f-4k-wallpaper-america-american-flag-building-thumbnail-jpg.webp\",\"keywords\":[\"Bolsa de Nova York (NYSE)\",\"Emprego\",\"Estados Unidos (EUA)\",\"seguro desemprego\"],\"articleSection\":[\"Internacional\"],\"inLanguage\":\"pt-BR\"},{\"@type\":\"WebPage\",\"@id\":\"https:\/\/www.suno.com.br\/noticias\/seguro-desemprego-eua-registram-787-mil\/\",\"url\":\"https:\/\/www.suno.com.br\/noticias\/seguro-desemprego-eua-registram-787-mil\/\",\"name\":\"Seguro-desemprego nos EUA: pedidos caem para 787 mil\",\"isPartOf\":{\"@id\":\"https:\/\/www.suno.com.br\/noticias\/#website\"},\"primaryImageOfPage\":{\"@id\":\"https:\/\/www.suno.com.br\/noticias\/seguro-desemprego-eua-registram-787-mil\/#primaryimage\"},\"image\":{\"@id\":\"https:\/\/www.suno.com.br\/noticias\/seguro-desemprego-eua-registram-787-mil\/#primaryimage\"},\"thumbnailUrl\":\"https:\/\/files.sunoresearch.com.br\/n\/uploads\/2020\/10\/8c91c58f-4k-wallpaper-america-american-flag-building-thumbnail-jpg.webp\",\"datePublished\":\"2020-10-22T13:32:46+00:00\",\"dateModified\":\"2021-05-12T16:12:06+00:00\",\"description\":\"O n\u00famero de solicita\u00e7\u00f5es do seguro-desemprego nos Estados Unidos totalizou 787 mil na semana encerrada em 17 de outubro. Clique aqui\",\"breadcrumb\":{\"@id\":\"https:\/\/www.suno.com.br\/noticias\/seguro-desemprego-eua-registram-787-mil\/#breadcrumb\"},\"inLanguage\":\"pt-BR\",\"potentialAction\":[{\"@type\":\"ReadAction\",\"target\":[\"https:\/\/www.suno.com.br\/noticias\/seguro-desemprego-eua-registram-787-mil\/\"]}]},{\"@type\":\"ImageObject\",\"inLanguage\":\"pt-BR\",\"@id\":\"https:\/\/www.suno.com.br\/noticias\/seguro-desemprego-eua-registram-787-mil\/#primaryimage\",\"url\":\"https:\/\/files.sunoresearch.com.br\/n\/uploads\/2020\/10\/8c91c58f-4k-wallpaper-america-american-flag-building-thumbnail-jpg.webp\",\"contentUrl\":\"https:\/\/files.sunoresearch.com.br\/n\/uploads\/2020\/10\/8c91c58f-4k-wallpaper-america-american-flag-building-thumbnail-jpg.webp\",\"width\":480,\"height\":320,\"caption\":\"EUA registram 787 mil pedidos de seguro-desemprego na \u00faltima semana\"},{\"@type\":\"BreadcrumbList\",\"@id\":\"https:\/\/www.suno.com.br\/noticias\/seguro-desemprego-eua-registram-787-mil\/#breadcrumb\",\"itemListElement\":[{\"@type\":\"ListItem\",\"position\":1,\"name\":\"Not\u00edcias\",\"item\":\"https:\/\/www.suno.com.br\/noticias\/\"},{\"@type\":\"ListItem\",\"position\":2,\"name\":\"Internacional\",\"item\":\"https:\/\/www.suno.com.br\/noticias\/internacional\/\"},{\"@type\":\"ListItem\",\"position\":3,\"name\":\"Seguro-desemprego nos EUA: pedidos caem para 787 mil\"}]},{\"@type\":\"WebSite\",\"@id\":\"https:\/\/www.suno.com.br\/noticias\/#website\",\"url\":\"https:\/\/www.suno.com.br\/noticias\/\",\"name\":\"Suno Not\u00edcias\",\"description\":\"Seu portal de informa\u00e7\u00e3o sobre o mundo dos investimentos\",\"publisher\":{\"@id\":\"https:\/\/www.suno.com.br\/noticias\/#organization\"},\"potentialAction\":[{\"@type\":\"SearchAction\",\"target\":{\"@type\":\"EntryPoint\",\"urlTemplate\":\"https:\/\/www.suno.com.br\/noticias\/?s={search_term_string}\"},\"query-input\":{\"@type\":\"PropertyValueSpecification\",\"valueRequired\":true,\"valueName\":\"search_term_string\"}}],\"inLanguage\":\"pt-BR\"},{\"@type\":\"Organization\",\"@id\":\"https:\/\/www.suno.com.br\/noticias\/#organization\",\"name\":\"Suno Not\u00edcias\",\"url\":\"https:\/\/www.suno.com.br\/noticias\/\",\"logo\":{\"@type\":\"ImageObject\",\"inLanguage\":\"pt-BR\",\"@id\":\"https:\/\/www.suno.com.br\/noticias\/#\/schema\/logo\/image\/\",\"url\":\"https:\/\/files.sunoresearch.com.br\/n\/uploads\/2021\/09\/suno-logo.png\",\"contentUrl\":\"https:\/\/files.sunoresearch.com.br\/n\/uploads\/2021\/09\/suno-logo.png\",\"width\":180,\"height\":180,\"caption\":\"Suno Not\u00edcias\"},\"image\":{\"@id\":\"https:\/\/www.suno.com.br\/noticias\/#\/schema\/logo\/image\/\"},\"sameAs\":[\"https:\/\/facebook.com\/sunoresearch\",\"https:\/\/x.com\/sunoresearch\",\"https:\/\/www.instagram.com\/suno\",\"https:\/\/www.linkedin.com\/company\/suno-research\/\",\"https:\/\/www.youtube.com\/c\/sunoresearch\"]},{\"@type\":\"Person\",\"@id\":\"https:\/\/www.suno.com.br\/noticias\/#\/schema\/person\/02ec1f752758247878a2bf4abee1aeda\",\"name\":\"Poliana Santos\",\"image\":{\"@type\":\"ImageObject\",\"inLanguage\":\"pt-BR\",\"@id\":\"https:\/\/www.suno.com.br\/noticias\/#\/schema\/person\/image\/\",\"url\":\"https:\/\/secure.gravatar.com\/avatar\/0645bd32f23d87b2130f2b2dff1d3f8d?s=96&r=g\",\"contentUrl\":\"https:\/\/secure.gravatar.com\/avatar\/0645bd32f23d87b2130f2b2dff1d3f8d?s=96&r=g\",\"caption\":\"Poliana Santos\"},\"description\":\"Rep\u00f3rter no Suno Not\u00edcias, com cobertura em mercado financeiro, economia, finan\u00e7as pessoais, renda fixa e varejo. Jornalista formada pela Faculdade C\u00e1sper L\u00edbero e possui passagem na R\u00e1dio Gazeta AM com a produ\u00e7\u00e3o de conte\u00fado sobre economia, pol\u00edtica, sa\u00fade, moda e m\u00fasica. Possui certificado de conclus\u00e3o do curso de An\u00e1lise de Balan\u00e7os pela Funda\u00e7\u00e3o Bradesco, Agenda Brasil pela FAAP, Educa\u00e7\u00e3o Pol\u00edtica por Alexandre Garcia e do Tesouro Direto e Mercado de A\u00e7\u00f5es pela B3.\",\"url\":\"https:\/\/www.suno.com.br\/noticias\/author\/poliana-santos\/\"}]}<\/script>\n<!-- \/ Yoast SEO plugin. -->","yoast_head_json":{"title":"Seguro-desemprego nos EUA: pedidos caem para 787 mil","description":"O n\u00famero de solicita\u00e7\u00f5es do seguro-desemprego nos Estados Unidos totalizou 787 mil na semana encerrada em 17 de outubro. Clique aqui","robots":{"index":"index","follow":"follow","max-snippet":"max-snippet:-1","max-image-preview":"max-image-preview:large","max-video-preview":"max-video-preview:-1"},"canonical":"https:\/\/www.suno.com.br\/noticias\/seguro-desemprego-eua-registram-787-mil\/","og_locale":"pt_BR","og_type":"article","og_title":"Seguro-desemprego nos EUA: pedidos caem para 787 mil","og_description":"O n\u00famero de solicita\u00e7\u00f5es do seguro-desemprego nos Estados Unidos totalizou 787 mil na semana encerrada em 17 de outubro. Clique aqui","og_url":"https:\/\/www.suno.com.br\/noticias\/seguro-desemprego-eua-registram-787-mil\/","og_site_name":"Suno Not\u00edcias","article_publisher":"https:\/\/facebook.com\/sunoresearch","og_image":[{"width":480,"height":320,"url":"https:\/\/files.sunoresearch.com.br\/n\/uploads\/2020\/10\/8c91c58f-4k-wallpaper-america-american-flag-building-thumbnail.jpg","type":"image\/jpeg"}],"author":"Poliana Santos","twitter_card":"summary_large_image","twitter_creator":"@sunoresearch","twitter_site":"@sunoresearch","twitter_misc":{"Escrito por":"Poliana Santos","Est. tempo de leitura":"2 minutos"},"schema":{"@context":"https:\/\/schema.org","@graph":[{"@type":"NewsArticle","@id":"https:\/\/www.suno.com.br\/noticias\/seguro-desemprego-eua-registram-787-mil\/#article","isPartOf":{"@id":"https:\/\/www.suno.com.br\/noticias\/seguro-desemprego-eua-registram-787-mil\/"},"author":{"name":"Poliana Santos","@id":"https:\/\/www.suno.com.br\/noticias\/#\/schema\/person\/02ec1f752758247878a2bf4abee1aeda"},"headline":"Seguro-desemprego nos EUA: pedidos caem para 787 mil","datePublished":"2020-10-22T13:32:46+00:00","dateModified":"2021-05-12T16:12:06+00:00","mainEntityOfPage":{"@id":"https:\/\/www.suno.com.br\/noticias\/seguro-desemprego-eua-registram-787-mil\/"},"wordCount":381,"publisher":{"@id":"https:\/\/www.suno.com.br\/noticias\/#organization"},"image":{"@id":"https:\/\/www.suno.com.br\/noticias\/seguro-desemprego-eua-registram-787-mil\/#primaryimage"},"thumbnailUrl":"https:\/\/files.sunoresearch.com.br\/n\/uploads\/2020\/10\/8c91c58f-4k-wallpaper-america-american-flag-building-thumbnail-jpg.webp","keywords":["Bolsa de Nova York (NYSE)","Emprego","Estados Unidos (EUA)","seguro desemprego"],"articleSection":["Internacional"],"inLanguage":"pt-BR"},{"@type":"WebPage","@id":"https:\/\/www.suno.com.br\/noticias\/seguro-desemprego-eua-registram-787-mil\/","url":"https:\/\/www.suno.com.br\/noticias\/seguro-desemprego-eua-registram-787-mil\/","name":"Seguro-desemprego nos EUA: pedidos caem para 787 mil","isPartOf":{"@id":"https:\/\/www.suno.com.br\/noticias\/#website"},"primaryImageOfPage":{"@id":"https:\/\/www.suno.com.br\/noticias\/seguro-desemprego-eua-registram-787-mil\/#primaryimage"},"image":{"@id":"https:\/\/www.suno.com.br\/noticias\/seguro-desemprego-eua-registram-787-mil\/#primaryimage"},"thumbnailUrl":"https:\/\/files.sunoresearch.com.br\/n\/uploads\/2020\/10\/8c91c58f-4k-wallpaper-america-american-flag-building-thumbnail-jpg.webp","datePublished":"2020-10-22T13:32:46+00:00","dateModified":"2021-05-12T16:12:06+00:00","description":"O n\u00famero de solicita\u00e7\u00f5es do seguro-desemprego nos Estados Unidos totalizou 787 mil na semana encerrada em 17 de outubro. Clique aqui","breadcrumb":{"@id":"https:\/\/www.suno.com.br\/noticias\/seguro-desemprego-eua-registram-787-mil\/#breadcrumb"},"inLanguage":"pt-BR","potentialAction":[{"@type":"ReadAction","target":["https:\/\/www.suno.com.br\/noticias\/seguro-desemprego-eua-registram-787-mil\/"]}]},{"@type":"ImageObject","inLanguage":"pt-BR","@id":"https:\/\/www.suno.com.br\/noticias\/seguro-desemprego-eua-registram-787-mil\/#primaryimage","url":"https:\/\/files.sunoresearch.com.br\/n\/uploads\/2020\/10\/8c91c58f-4k-wallpaper-america-american-flag-building-thumbnail-jpg.webp","contentUrl":"https:\/\/files.sunoresearch.com.br\/n\/uploads\/2020\/10\/8c91c58f-4k-wallpaper-america-american-flag-building-thumbnail-jpg.webp","width":480,"height":320,"caption":"EUA registram 787 mil pedidos de seguro-desemprego na \u00faltima semana"},{"@type":"BreadcrumbList","@id":"https:\/\/www.suno.com.br\/noticias\/seguro-desemprego-eua-registram-787-mil\/#breadcrumb","itemListElement":[{"@type":"ListItem","position":1,"name":"Not\u00edcias","item":"https:\/\/www.suno.com.br\/noticias\/"},{"@type":"ListItem","position":2,"name":"Internacional","item":"https:\/\/www.suno.com.br\/noticias\/internacional\/"},{"@type":"ListItem","position":3,"name":"Seguro-desemprego nos EUA: pedidos caem para 787 mil"}]},{"@type":"WebSite","@id":"https:\/\/www.suno.com.br\/noticias\/#website","url":"https:\/\/www.suno.com.br\/noticias\/","name":"Suno Not\u00edcias","description":"Seu portal de informa\u00e7\u00e3o sobre o mundo dos investimentos","publisher":{"@id":"https:\/\/www.suno.com.br\/noticias\/#organization"},"potentialAction":[{"@type":"SearchAction","target":{"@type":"EntryPoint","urlTemplate":"https:\/\/www.suno.com.br\/noticias\/?s={search_term_string}"},"query-input":{"@type":"PropertyValueSpecification","valueRequired":true,"valueName":"search_term_string"}}],"inLanguage":"pt-BR"},{"@type":"Organization","@id":"https:\/\/www.suno.com.br\/noticias\/#organization","name":"Suno Not\u00edcias","url":"https:\/\/www.suno.com.br\/noticias\/","logo":{"@type":"ImageObject","inLanguage":"pt-BR","@id":"https:\/\/www.suno.com.br\/noticias\/#\/schema\/logo\/image\/","url":"https:\/\/files.sunoresearch.com.br\/n\/uploads\/2021\/09\/suno-logo.png","contentUrl":"https:\/\/files.sunoresearch.com.br\/n\/uploads\/2021\/09\/suno-logo.png","width":180,"height":180,"caption":"Suno Not\u00edcias"},"image":{"@id":"https:\/\/www.suno.com.br\/noticias\/#\/schema\/logo\/image\/"},"sameAs":["https:\/\/facebook.com\/sunoresearch","https:\/\/x.com\/sunoresearch","https:\/\/www.instagram.com\/suno","https:\/\/www.linkedin.com\/company\/suno-research\/","https:\/\/www.youtube.com\/c\/sunoresearch"]},{"@type":"Person","@id":"https:\/\/www.suno.com.br\/noticias\/#\/schema\/person\/02ec1f752758247878a2bf4abee1aeda","name":"Poliana Santos","image":{"@type":"ImageObject","inLanguage":"pt-BR","@id":"https:\/\/www.suno.com.br\/noticias\/#\/schema\/person\/image\/","url":"https:\/\/secure.gravatar.com\/avatar\/0645bd32f23d87b2130f2b2dff1d3f8d?s=96&r=g","contentUrl":"https:\/\/secure.gravatar.com\/avatar\/0645bd32f23d87b2130f2b2dff1d3f8d?s=96&r=g","caption":"Poliana Santos"},"description":"Rep\u00f3rter no Suno Not\u00edcias, com cobertura em mercado financeiro, economia, finan\u00e7as pessoais, renda fixa e varejo. Jornalista formada pela Faculdade C\u00e1sper L\u00edbero e possui passagem na R\u00e1dio Gazeta AM com a produ\u00e7\u00e3o de conte\u00fado sobre economia, pol\u00edtica, sa\u00fade, moda e m\u00fasica. Possui certificado de conclus\u00e3o do curso de An\u00e1lise de Balan\u00e7os pela Funda\u00e7\u00e3o Bradesco, Agenda Brasil pela FAAP, Educa\u00e7\u00e3o Pol\u00edtica por Alexandre Garcia e do Tesouro Direto e Mercado de A\u00e7\u00f5es pela B3.","url":"https:\/\/www.suno.com.br\/noticias\/author\/poliana-santos\/"}]}},"default_loop_html":"<div class=\"cardsPage__listCard__boxs\"><div class=\"cardsPage__listCard__boxs__img\"><a href=\"https:\/\/www.suno.com.br\/noticias\/seguro-desemprego-eua-registram-787-mil\/\"><img class=\"mask\" src=\"https:\/\/www.suno.com.br\/noticias\/wp-content\/themes\/suno\/resources\/images\/spotlight\/spotlight1img\/bg-mask.png\" alt=\"Image Mask\"\/><img src=\"https:\/\/files.sunoresearch.com.br\/n\/uploads\/2020\/10\/8c91c58f-4k-wallpaper-america-american-flag-building-thumbnail-400x200.webp\" alt=\"Seguro-desemprego nos EUA: pedidos caem para 787 mil\"\/><\/a><span class=\"spotlightCategory\"><a href=\"https:\/\/www.suno.com.br\/noticias\/internacional\/\">Internacional<\/a><\/span><\/div><div class=\"cardsPage__listCard__boxs__content\"><a href=\"https:\/\/www.suno.com.br\/noticias\/seguro-desemprego-eua-registram-787-mil\/\"><h2 class=\"content__title\">Seguro-desemprego nos EUA: pedidos caem para 787 mil<\/h2><\/a><div class=\"newsContent__article__meta\"><div class=\"newsContent__article__meta__authorBox\"><a href=\"https:\/\/www.suno.com.br\/noticias\/author\/poliana-santos\/\" class=\"authorBox__avatar noMobi\"><img src=\"https:\/\/files.sunoresearch.com.br\/n\/uploads\/2020\/08\/7ef34026-whatsapp-image-2020-08-03-at-12.37.57-150x150.webp\" alt=\"Poliana Santos\"><\/a><div class=\"authorBox__name\"><span>por\n\t\t\t<a href=\"https:\/\/www.suno.com.br\/noticias\/author\/poliana-santos\/\"><span itemprop=\"author\">Poliana Santos<\/span><\/a><\/span><time datetime=\"2020-10-22T10:32:46-03:00\" itemprop=\"datePublished\">22\/10\/2020 10:32<\/time><\/div><\/div><\/div><\/div><\/div>","single_layout":"posts","amp_enabled":true,"_links":{"self":[{"href":"https:\/\/www.suno.com.br\/noticias\/wp-json\/wp\/v2\/posts\/93560"}],"collection":[{"href":"https:\/\/www.suno.com.br\/noticias\/wp-json\/wp\/v2\/posts"}],"about":[{"href":"https:\/\/www.suno.com.br\/noticias\/wp-json\/wp\/v2\/types\/post"}],"author":[{"embeddable":true,"href":"https:\/\/www.suno.com.br\/noticias\/wp-json\/wp\/v2\/users\/15"}],"replies":[{"embeddable":true,"href":"https:\/\/www.suno.com.br\/noticias\/wp-json\/wp\/v2\/comments?post=93560"}],"version-history":[{"count":1,"href":"https:\/\/www.suno.com.br\/noticias\/wp-json\/wp\/v2\/posts\/93560\/revisions"}],"predecessor-version":[{"id":147592,"href":"https:\/\/www.suno.com.br\/noticias\/wp-json\/wp\/v2\/posts\/93560\/revisions\/147592"}],"wp:featuredmedia":[{"embeddable":true,"href":"https:\/\/www.suno.com.br\/noticias\/wp-json\/wp\/v2\/media\/92142"}],"wp:attachment":[{"href":"https:\/\/www.suno.com.br\/noticias\/wp-json\/wp\/v2\/media?parent=93560"}],"wp:term":[{"taxonomy":"category","embeddable":true,"href":"https:\/\/www.suno.com.br\/noticias\/wp-json\/wp\/v2\/categories?post=93560"},{"taxonomy":"post_tag","embeddable":true,"href":"https:\/\/www.suno.com.br\/noticias\/wp-json\/wp\/v2\/tags?post=93560"},{"taxonomy":"suno_strategy","embeddable":true,"href":"https:\/\/www.suno.com.br\/noticias\/wp-json\/wp\/v2\/suno_strategy?post=93560"}],"curies":[{"name":"wp","href":"https:\/\/api.w.org\/{rel}","templated":true}]}}