{"id":93488,"date":"2020-10-22T11:33:20","date_gmt":"2020-10-22T14:33:20","guid":{"rendered":"https:\/\/www.suno.com.br\/noticias\/?p=93488"},"modified":"2021-06-13T23:31:29","modified_gmt":"2021-06-14T02:31:29","slug":"biden-arrecadacao-recorde-campanha-mercado-acompanha-debate","status":"publish","type":"post","link":"https:\/\/www.suno.com.br\/noticias\/biden-arrecadacao-recorde-campanha-mercado-acompanha-debate\/","title":{"rendered":"Biden faz arrecada\u00e7\u00e3o recorde para campanha; debate acontece hoje"},"content":{"rendered":"<p>O democrata <strong>Joe Biden<\/strong>, candidato \u00e0 presid\u00eancia dos Estados Unidos, arrecadou US$ 493,8 milh\u00f5es em fundos de sua campanha, em dois meses. Com isso, Biden atingiu um recorde e aumentou sua arrecada\u00e7\u00e3o total do ano para US$ 761,2 milh\u00f5es. O mercado acompanha o \u00faltimo debate entre o democrata e <a href=\"https:\/\/www.suno.com.br\/tudo-sobre\/donald-trump\/\">Donald Trump<\/a>, nesta quinta-feira (22).<\/p>\t<div class=\"wrapper-featured-image\">\n\t\t<figure class=\"spotlightImg\">\n\n\t\t\t<picture>\n\t\t\t\t<source media=\"(max-width: 768px)\" srcset=\"https:\/\/files.sunoresearch.com.br\/n\/uploads\/2020\/08\/8bad19bd-biden-400x200.webp\">\n\t\t\t\t<img loading=\"lazy\" decoding=\"async\" class=\"newsContent__article__imgCapa lazyloadDisabled \" src=\"https:\/\/files.sunoresearch.com.br\/n\/uploads\/2020\/08\/8bad19bd-biden-800x450.webp\" width=\"800\" height=\"450\" alt=\"Biden faz arrecada\u00e7\u00e3o recorde para campanha; debate acontece hoje\" fetchpriority=high \/>\n\t\t\t<\/picture>\n\n\t\t\t<figcaption class=\"wp-caption-text wp-caption-text--show\">Joe Biden \u00e9 o novo presidente dos EUA<\/figcaption>\n\t\t<\/figure>\n\t<\/div>\n\n\n<div class=\"hubspot-form-wrapper\">\n\t<div id=\"single-form-target\"><\/div>\n<\/div>\n\n<p>Uma fonte pr\u00f3xima ao assunto afirmou, ao &#8220;Financial Times&#8221;, que a meta de Biden \u00e9 gastar todo o dinheiro arrecadado at\u00e9 o dia das <strong>elei\u00e7\u00f5es<\/strong> com propagandas e campanhas publicit\u00e1rias ao seu favor. Vale destacar que em tr\u00eas meses (julho, agosto e setembro), os comit\u00eas de Trump arrecadaram US$ 355,2 milh\u00f5es (cerca de US$ 138 milh\u00f5es a menos do que Biden em dois meses).<\/p>\n<p>Vale destacar que, apesar de dar uma vantagem a Biden, a arrecada\u00e7\u00e3o pode n\u00e3o significar tanta coisa. Em 2016, por exemplo, <strong>Hillary Clinton<\/strong> havia arrecadado mais recursos em sua campanha, mas acabou perdendo a elei\u00e7\u00e3o para Trump.<\/p>\n<p><a href=\"https:\/\/lp.suno.com.br\/suno-one\/\">Suno One: acesse gratuitamente eBooks, Minicursos, Artigos e Video Aulas sobre investimentos com um \u00fanico cadastro. Clique para saber mais!<\/a><\/p>\n<p>Outro ponto importante a se destacar da campanha de Biden \u00e9 que, com a chegada da pandemia, o candidato n\u00e3o precisou gastar grandes quantias de dinheiro para se deslocar e se acomodar em meio a campanha em diversas regi\u00f5es dos <strong>Estados Unidos<\/strong>.<\/p>\n<p>Hillary Clinton, por exemplo, gastou US$ 12,5 milh\u00f5es com viagens at\u00e9 setembro de 2016. J\u00e1 Biden gastou somente US$ 4,8 milh\u00f5es com viagens em 2020. Do total, US$ 3 milh\u00f5es foram para o uso de jato particular nos meses de agosto e setembro.<\/p>\n\t<div data-element=\"shortcode-read-more\" class=\"knowMore\">\n\t\t\t\t<span class=\"knowMore__title\">Saiba mais<\/span>\n\t\t\t\t<a class=\"knowMore__link\" href=\"https:\/\/www.suno.com.br\/noticias\/20-dias-eleicao-biden-vantagem-sobre-trump\/\">\n\t\t\tA 20 dias da elei\u00e7\u00e3o, Biden mant\u00e9m 11 pontos de vantagem sobre Trump\t\t<\/a>\n\t<\/div>\n\n\n<p>Trump tamb\u00e9m gastou pouco, se comparado a Clinton, US$ 3,2 milh\u00f5es. O valor, entretanto, n\u00e3o inclui os gastos com o uso do Air Force One (avi\u00e3o presidencial). Dos US$ 592,9 milh\u00f5es gastos na campanha de Joe Biden at\u00e9 o momento, em 2020, aproximadamente 84% foram utilizados no pagamento de propagandas, segundo informa\u00e7\u00f5es do jornal &#8220;Financial Times&#8221;, que coletou dados da Comiss\u00e3o Eleitoral Federal. Somente 0,6% foi utilizado em viagens e 0,3% na produ\u00e7\u00e3o de eventos.<\/p>\n<p>De acordo com funcion\u00e1rios da campanha do candidato <strong>Biden,<\/strong> a alta arrecada\u00e7\u00e3o permitiu que a equipe do democrata investisse em publicidades voltadas a grupos espec\u00edficos de eleitores, algo que, segundo eles, n\u00e3o seria poss\u00edvel sem tantos recursos.<\/p>\n\t<p>\n\t\t<a href=\"https:\/\/lp.suno.com.br\/planilha-de-controle-de-investimentos\/\" target=\"_blank\" data-element=\"shortcode-suno-banner\" title=\"Banner SUNO, clique e saiba mais\">\n\t\t\t<picture>\n\t\t\t\t<source media=\"(max-width: 500px)\" srcset=\"https:\/\/files.sunoresearch.com.br\/n\/uploads\/2023\/03\/400x300-Controle-de-Investimentos.png\">\n\t\t\t\t<img class=\"newsContent__article__imgCapa newsContent__article__imgCapa--banner\"\n\t\t\t\t\tsrc=\"https:\/\/files.sunoresearch.com.br\/n\/uploads\/2023\/03\/1420x240-Controle-de-Investimentos.png\"\n\t\t\t\t\tdata-promo-id=\"75934\"\t\t\t\t\t\t\t\t\t\twidth='1420' height='240'\t\t\t\t\talt=\"https:\/\/files.sunoresearch.com.br\/n\/uploads\/2023\/03\/1420x240-Controle-de-Investimentos.png\"\n\t\t\t\t>\n\t\t\t<\/picture>\n\t\t<\/a>\n\t<\/p>\n\n\n","protected":false},"excerpt":{"rendered":"<p>O democrata Joe Biden, candidato \u00e0 presid\u00eancia dos Estados Unidos, arrecadou US$ 493,8 milh\u00f5es em fundos de sua campanha, em dois meses. Com isso, Biden atingiu um recorde e aumentou sua arrecada\u00e7\u00e3o total do ano para US$ 761,2 milh\u00f5es. O mercado acompanha o \u00faltimo debate entre o democrata e Donald Trump, nesta quinta-feira (22). Joe [&hellip;]<\/p>\n","protected":false},"author":19,"featured_media":80121,"comment_status":"closed","ping_status":"closed","sticky":false,"template":"","format":"standard","meta":[],"categories":[63],"tags":[724,697,793,73481],"suno_strategy":[],"class_list":["post-93488","post","type-post","status-publish","format-standard","has-post-thumbnail","hentry","category-internacional","tag-donald-trump","tag-eleicoes","tag-estados-unidos-eua","tag-joe-biden"],"yoast_head":"<!-- This site is optimized with the Yoast SEO plugin v24.4 - https:\/\/yoast.com\/wordpress\/plugins\/seo\/ -->\n<title>Biden faz arrecada\u00e7\u00e3o recorde para campanha; debate acontece hoje<\/title>\n<meta name=\"description\" content=\"O democrata Joe Biden, candidato \u00e0 presid\u00eancia dos Estados Unidos, arrecadou US$ 493,8 milh\u00f5es em fundos de sua campanha, em dois meses.\" \/>\n<meta name=\"robots\" content=\"index, follow, max-snippet:-1, max-image-preview:large, max-video-preview:-1\" \/>\n<link rel=\"canonical\" href=\"https:\/\/www.suno.com.br\/noticias\/biden-arrecadacao-recorde-campanha-mercado-acompanha-debate\/\" \/>\n<meta property=\"og:locale\" content=\"pt_BR\" \/>\n<meta property=\"og:type\" content=\"article\" \/>\n<meta property=\"og:title\" content=\"Biden faz arrecada\u00e7\u00e3o recorde para campanha; debate acontece hoje\" \/>\n<meta property=\"og:description\" content=\"O democrata Joe Biden, candidato \u00e0 presid\u00eancia dos Estados Unidos, arrecadou US$ 493,8 milh\u00f5es em fundos de sua campanha, em dois meses.\" \/>\n<meta property=\"og:url\" content=\"https:\/\/www.suno.com.br\/noticias\/biden-arrecadacao-recorde-campanha-mercado-acompanha-debate\/\" \/>\n<meta property=\"og:site_name\" content=\"Suno Not\u00edcias\" \/>\n<meta property=\"article:publisher\" content=\"https:\/\/facebook.com\/sunoresearch\" \/>\n<meta property=\"og:image\" content=\"https:\/\/files.sunoresearch.com.br\/n\/uploads\/2020\/08\/8bad19bd-biden.jpg\" \/>\n\t<meta property=\"og:image:width\" content=\"1024\" \/>\n\t<meta property=\"og:image:height\" content=\"683\" \/>\n\t<meta property=\"og:image:type\" content=\"image\/jpeg\" \/>\n<meta name=\"author\" content=\"Juliano Passaro\" \/>\n<meta name=\"twitter:card\" content=\"summary_large_image\" \/>\n<meta name=\"twitter:creator\" content=\"@sunoresearch\" \/>\n<meta name=\"twitter:site\" content=\"@sunoresearch\" \/>\n<meta name=\"twitter:label1\" content=\"Escrito por\" \/>\n\t<meta name=\"twitter:data1\" content=\"Juliano Passaro\" \/>\n\t<meta name=\"twitter:label2\" content=\"Est. tempo de leitura\" \/>\n\t<meta name=\"twitter:data2\" content=\"2 minutos\" \/>\n<script type=\"application\/ld+json\" class=\"yoast-schema-graph\">{\"@context\":\"https:\/\/schema.org\",\"@graph\":[{\"@type\":\"NewsArticle\",\"@id\":\"https:\/\/www.suno.com.br\/noticias\/biden-arrecadacao-recorde-campanha-mercado-acompanha-debate\/#article\",\"isPartOf\":{\"@id\":\"https:\/\/www.suno.com.br\/noticias\/biden-arrecadacao-recorde-campanha-mercado-acompanha-debate\/\"},\"author\":{\"name\":\"Juliano Passaro\",\"@id\":\"https:\/\/www.suno.com.br\/noticias\/#\/schema\/person\/1db762f78ffd8919a648a63e425953e3\"},\"headline\":\"Biden faz arrecada\u00e7\u00e3o recorde para campanha; debate acontece hoje\",\"datePublished\":\"2020-10-22T14:33:20+00:00\",\"dateModified\":\"2021-06-14T02:31:29+00:00\",\"mainEntityOfPage\":{\"@id\":\"https:\/\/www.suno.com.br\/noticias\/biden-arrecadacao-recorde-campanha-mercado-acompanha-debate\/\"},\"wordCount\":417,\"publisher\":{\"@id\":\"https:\/\/www.suno.com.br\/noticias\/#organization\"},\"image\":{\"@id\":\"https:\/\/www.suno.com.br\/noticias\/biden-arrecadacao-recorde-campanha-mercado-acompanha-debate\/#primaryimage\"},\"thumbnailUrl\":\"https:\/\/files.sunoresearch.com.br\/n\/uploads\/2020\/08\/8bad19bd-biden-jpg.webp\",\"keywords\":[\"Donald Trump\",\"Elei\u00e7\u00f5es\",\"Estados Unidos (EUA)\",\"Joe Biden\"],\"articleSection\":[\"Internacional\"],\"inLanguage\":\"pt-BR\"},{\"@type\":\"WebPage\",\"@id\":\"https:\/\/www.suno.com.br\/noticias\/biden-arrecadacao-recorde-campanha-mercado-acompanha-debate\/\",\"url\":\"https:\/\/www.suno.com.br\/noticias\/biden-arrecadacao-recorde-campanha-mercado-acompanha-debate\/\",\"name\":\"Biden faz arrecada\u00e7\u00e3o recorde para campanha; debate acontece hoje\",\"isPartOf\":{\"@id\":\"https:\/\/www.suno.com.br\/noticias\/#website\"},\"primaryImageOfPage\":{\"@id\":\"https:\/\/www.suno.com.br\/noticias\/biden-arrecadacao-recorde-campanha-mercado-acompanha-debate\/#primaryimage\"},\"image\":{\"@id\":\"https:\/\/www.suno.com.br\/noticias\/biden-arrecadacao-recorde-campanha-mercado-acompanha-debate\/#primaryimage\"},\"thumbnailUrl\":\"https:\/\/files.sunoresearch.com.br\/n\/uploads\/2020\/08\/8bad19bd-biden-jpg.webp\",\"datePublished\":\"2020-10-22T14:33:20+00:00\",\"dateModified\":\"2021-06-14T02:31:29+00:00\",\"description\":\"O democrata Joe Biden, candidato \u00e0 presid\u00eancia dos Estados Unidos, arrecadou US$ 493,8 milh\u00f5es em fundos de sua campanha, em dois meses.\",\"breadcrumb\":{\"@id\":\"https:\/\/www.suno.com.br\/noticias\/biden-arrecadacao-recorde-campanha-mercado-acompanha-debate\/#breadcrumb\"},\"inLanguage\":\"pt-BR\",\"potentialAction\":[{\"@type\":\"ReadAction\",\"target\":[\"https:\/\/www.suno.com.br\/noticias\/biden-arrecadacao-recorde-campanha-mercado-acompanha-debate\/\"]}]},{\"@type\":\"ImageObject\",\"inLanguage\":\"pt-BR\",\"@id\":\"https:\/\/www.suno.com.br\/noticias\/biden-arrecadacao-recorde-campanha-mercado-acompanha-debate\/#primaryimage\",\"url\":\"https:\/\/files.sunoresearch.com.br\/n\/uploads\/2020\/08\/8bad19bd-biden-jpg.webp\",\"contentUrl\":\"https:\/\/files.sunoresearch.com.br\/n\/uploads\/2020\/08\/8bad19bd-biden-jpg.webp\",\"width\":1024,\"height\":683,\"caption\":\"Joe Biden \u00e9 o novo presidente dos EUA\"},{\"@type\":\"BreadcrumbList\",\"@id\":\"https:\/\/www.suno.com.br\/noticias\/biden-arrecadacao-recorde-campanha-mercado-acompanha-debate\/#breadcrumb\",\"itemListElement\":[{\"@type\":\"ListItem\",\"position\":1,\"name\":\"Not\u00edcias\",\"item\":\"https:\/\/www.suno.com.br\/noticias\/\"},{\"@type\":\"ListItem\",\"position\":2,\"name\":\"Internacional\",\"item\":\"https:\/\/www.suno.com.br\/noticias\/internacional\/\"},{\"@type\":\"ListItem\",\"position\":3,\"name\":\"Biden faz arrecada\u00e7\u00e3o recorde para campanha; debate acontece hoje\"}]},{\"@type\":\"WebSite\",\"@id\":\"https:\/\/www.suno.com.br\/noticias\/#website\",\"url\":\"https:\/\/www.suno.com.br\/noticias\/\",\"name\":\"Suno Not\u00edcias\",\"description\":\"Seu portal de informa\u00e7\u00e3o sobre o mundo dos investimentos\",\"publisher\":{\"@id\":\"https:\/\/www.suno.com.br\/noticias\/#organization\"},\"potentialAction\":[{\"@type\":\"SearchAction\",\"target\":{\"@type\":\"EntryPoint\",\"urlTemplate\":\"https:\/\/www.suno.com.br\/noticias\/?s={search_term_string}\"},\"query-input\":{\"@type\":\"PropertyValueSpecification\",\"valueRequired\":true,\"valueName\":\"search_term_string\"}}],\"inLanguage\":\"pt-BR\"},{\"@type\":\"Organization\",\"@id\":\"https:\/\/www.suno.com.br\/noticias\/#organization\",\"name\":\"Suno Not\u00edcias\",\"url\":\"https:\/\/www.suno.com.br\/noticias\/\",\"logo\":{\"@type\":\"ImageObject\",\"inLanguage\":\"pt-BR\",\"@id\":\"https:\/\/www.suno.com.br\/noticias\/#\/schema\/logo\/image\/\",\"url\":\"https:\/\/files.sunoresearch.com.br\/n\/uploads\/2021\/09\/suno-logo.png\",\"contentUrl\":\"https:\/\/files.sunoresearch.com.br\/n\/uploads\/2021\/09\/suno-logo.png\",\"width\":180,\"height\":180,\"caption\":\"Suno Not\u00edcias\"},\"image\":{\"@id\":\"https:\/\/www.suno.com.br\/noticias\/#\/schema\/logo\/image\/\"},\"sameAs\":[\"https:\/\/facebook.com\/sunoresearch\",\"https:\/\/x.com\/sunoresearch\",\"https:\/\/www.instagram.com\/suno\",\"https:\/\/www.linkedin.com\/company\/suno-research\/\",\"https:\/\/www.youtube.com\/c\/sunoresearch\"]},{\"@type\":\"Person\",\"@id\":\"https:\/\/www.suno.com.br\/noticias\/#\/schema\/person\/1db762f78ffd8919a648a63e425953e3\",\"name\":\"Juliano Passaro\",\"image\":{\"@type\":\"ImageObject\",\"inLanguage\":\"pt-BR\",\"@id\":\"https:\/\/www.suno.com.br\/noticias\/#\/schema\/person\/image\/\",\"url\":\"https:\/\/secure.gravatar.com\/avatar\/743d4df28eebf6dcc46b4ad03c319e92?s=96&r=g\",\"contentUrl\":\"https:\/\/secure.gravatar.com\/avatar\/743d4df28eebf6dcc46b4ad03c319e92?s=96&r=g\",\"caption\":\"Juliano Passaro\"},\"description\":\"Juliano Passaro escreve sobre pol\u00edtica, economia e neg\u00f3cios para o portal da Suno Research. Antes da Suno, trabalhou no Portal da Band. \u00c9 formado em jornalismo pela Universidade Presbiteriana Mackenzie.\",\"url\":\"https:\/\/www.suno.com.br\/noticias\/author\/juliano\/\"}]}<\/script>\n<!-- \/ Yoast SEO plugin. -->","yoast_head_json":{"title":"Biden faz arrecada\u00e7\u00e3o recorde para campanha; debate acontece hoje","description":"O democrata Joe Biden, candidato \u00e0 presid\u00eancia dos Estados Unidos, arrecadou US$ 493,8 milh\u00f5es em fundos de sua campanha, em dois meses.","robots":{"index":"index","follow":"follow","max-snippet":"max-snippet:-1","max-image-preview":"max-image-preview:large","max-video-preview":"max-video-preview:-1"},"canonical":"https:\/\/www.suno.com.br\/noticias\/biden-arrecadacao-recorde-campanha-mercado-acompanha-debate\/","og_locale":"pt_BR","og_type":"article","og_title":"Biden faz arrecada\u00e7\u00e3o recorde para campanha; debate acontece hoje","og_description":"O democrata Joe Biden, candidato \u00e0 presid\u00eancia dos Estados Unidos, arrecadou US$ 493,8 milh\u00f5es em fundos de sua campanha, em dois meses.","og_url":"https:\/\/www.suno.com.br\/noticias\/biden-arrecadacao-recorde-campanha-mercado-acompanha-debate\/","og_site_name":"Suno Not\u00edcias","article_publisher":"https:\/\/facebook.com\/sunoresearch","og_image":[{"width":1024,"height":683,"url":"https:\/\/files.sunoresearch.com.br\/n\/uploads\/2020\/08\/8bad19bd-biden.jpg","type":"image\/jpeg"}],"author":"Juliano Passaro","twitter_card":"summary_large_image","twitter_creator":"@sunoresearch","twitter_site":"@sunoresearch","twitter_misc":{"Escrito por":"Juliano Passaro","Est. tempo de leitura":"2 minutos"},"schema":{"@context":"https:\/\/schema.org","@graph":[{"@type":"NewsArticle","@id":"https:\/\/www.suno.com.br\/noticias\/biden-arrecadacao-recorde-campanha-mercado-acompanha-debate\/#article","isPartOf":{"@id":"https:\/\/www.suno.com.br\/noticias\/biden-arrecadacao-recorde-campanha-mercado-acompanha-debate\/"},"author":{"name":"Juliano Passaro","@id":"https:\/\/www.suno.com.br\/noticias\/#\/schema\/person\/1db762f78ffd8919a648a63e425953e3"},"headline":"Biden faz arrecada\u00e7\u00e3o recorde para campanha; debate acontece hoje","datePublished":"2020-10-22T14:33:20+00:00","dateModified":"2021-06-14T02:31:29+00:00","mainEntityOfPage":{"@id":"https:\/\/www.suno.com.br\/noticias\/biden-arrecadacao-recorde-campanha-mercado-acompanha-debate\/"},"wordCount":417,"publisher":{"@id":"https:\/\/www.suno.com.br\/noticias\/#organization"},"image":{"@id":"https:\/\/www.suno.com.br\/noticias\/biden-arrecadacao-recorde-campanha-mercado-acompanha-debate\/#primaryimage"},"thumbnailUrl":"https:\/\/files.sunoresearch.com.br\/n\/uploads\/2020\/08\/8bad19bd-biden-jpg.webp","keywords":["Donald Trump","Elei\u00e7\u00f5es","Estados Unidos (EUA)","Joe Biden"],"articleSection":["Internacional"],"inLanguage":"pt-BR"},{"@type":"WebPage","@id":"https:\/\/www.suno.com.br\/noticias\/biden-arrecadacao-recorde-campanha-mercado-acompanha-debate\/","url":"https:\/\/www.suno.com.br\/noticias\/biden-arrecadacao-recorde-campanha-mercado-acompanha-debate\/","name":"Biden faz arrecada\u00e7\u00e3o recorde para campanha; debate acontece hoje","isPartOf":{"@id":"https:\/\/www.suno.com.br\/noticias\/#website"},"primaryImageOfPage":{"@id":"https:\/\/www.suno.com.br\/noticias\/biden-arrecadacao-recorde-campanha-mercado-acompanha-debate\/#primaryimage"},"image":{"@id":"https:\/\/www.suno.com.br\/noticias\/biden-arrecadacao-recorde-campanha-mercado-acompanha-debate\/#primaryimage"},"thumbnailUrl":"https:\/\/files.sunoresearch.com.br\/n\/uploads\/2020\/08\/8bad19bd-biden-jpg.webp","datePublished":"2020-10-22T14:33:20+00:00","dateModified":"2021-06-14T02:31:29+00:00","description":"O democrata Joe Biden, candidato \u00e0 presid\u00eancia dos Estados Unidos, arrecadou US$ 493,8 milh\u00f5es em fundos de sua campanha, em dois meses.","breadcrumb":{"@id":"https:\/\/www.suno.com.br\/noticias\/biden-arrecadacao-recorde-campanha-mercado-acompanha-debate\/#breadcrumb"},"inLanguage":"pt-BR","potentialAction":[{"@type":"ReadAction","target":["https:\/\/www.suno.com.br\/noticias\/biden-arrecadacao-recorde-campanha-mercado-acompanha-debate\/"]}]},{"@type":"ImageObject","inLanguage":"pt-BR","@id":"https:\/\/www.suno.com.br\/noticias\/biden-arrecadacao-recorde-campanha-mercado-acompanha-debate\/#primaryimage","url":"https:\/\/files.sunoresearch.com.br\/n\/uploads\/2020\/08\/8bad19bd-biden-jpg.webp","contentUrl":"https:\/\/files.sunoresearch.com.br\/n\/uploads\/2020\/08\/8bad19bd-biden-jpg.webp","width":1024,"height":683,"caption":"Joe Biden \u00e9 o novo presidente dos EUA"},{"@type":"BreadcrumbList","@id":"https:\/\/www.suno.com.br\/noticias\/biden-arrecadacao-recorde-campanha-mercado-acompanha-debate\/#breadcrumb","itemListElement":[{"@type":"ListItem","position":1,"name":"Not\u00edcias","item":"https:\/\/www.suno.com.br\/noticias\/"},{"@type":"ListItem","position":2,"name":"Internacional","item":"https:\/\/www.suno.com.br\/noticias\/internacional\/"},{"@type":"ListItem","position":3,"name":"Biden faz arrecada\u00e7\u00e3o recorde para campanha; debate acontece hoje"}]},{"@type":"WebSite","@id":"https:\/\/www.suno.com.br\/noticias\/#website","url":"https:\/\/www.suno.com.br\/noticias\/","name":"Suno Not\u00edcias","description":"Seu portal de informa\u00e7\u00e3o sobre o mundo dos investimentos","publisher":{"@id":"https:\/\/www.suno.com.br\/noticias\/#organization"},"potentialAction":[{"@type":"SearchAction","target":{"@type":"EntryPoint","urlTemplate":"https:\/\/www.suno.com.br\/noticias\/?s={search_term_string}"},"query-input":{"@type":"PropertyValueSpecification","valueRequired":true,"valueName":"search_term_string"}}],"inLanguage":"pt-BR"},{"@type":"Organization","@id":"https:\/\/www.suno.com.br\/noticias\/#organization","name":"Suno Not\u00edcias","url":"https:\/\/www.suno.com.br\/noticias\/","logo":{"@type":"ImageObject","inLanguage":"pt-BR","@id":"https:\/\/www.suno.com.br\/noticias\/#\/schema\/logo\/image\/","url":"https:\/\/files.sunoresearch.com.br\/n\/uploads\/2021\/09\/suno-logo.png","contentUrl":"https:\/\/files.sunoresearch.com.br\/n\/uploads\/2021\/09\/suno-logo.png","width":180,"height":180,"caption":"Suno Not\u00edcias"},"image":{"@id":"https:\/\/www.suno.com.br\/noticias\/#\/schema\/logo\/image\/"},"sameAs":["https:\/\/facebook.com\/sunoresearch","https:\/\/x.com\/sunoresearch","https:\/\/www.instagram.com\/suno","https:\/\/www.linkedin.com\/company\/suno-research\/","https:\/\/www.youtube.com\/c\/sunoresearch"]},{"@type":"Person","@id":"https:\/\/www.suno.com.br\/noticias\/#\/schema\/person\/1db762f78ffd8919a648a63e425953e3","name":"Juliano Passaro","image":{"@type":"ImageObject","inLanguage":"pt-BR","@id":"https:\/\/www.suno.com.br\/noticias\/#\/schema\/person\/image\/","url":"https:\/\/secure.gravatar.com\/avatar\/743d4df28eebf6dcc46b4ad03c319e92?s=96&r=g","contentUrl":"https:\/\/secure.gravatar.com\/avatar\/743d4df28eebf6dcc46b4ad03c319e92?s=96&r=g","caption":"Juliano Passaro"},"description":"Juliano Passaro escreve sobre pol\u00edtica, economia e neg\u00f3cios para o portal da Suno Research. Antes da Suno, trabalhou no Portal da Band. \u00c9 formado em jornalismo pela Universidade Presbiteriana Mackenzie.","url":"https:\/\/www.suno.com.br\/noticias\/author\/juliano\/"}]}},"default_loop_html":"<div class=\"cardsPage__listCard__boxs\"><div class=\"cardsPage__listCard__boxs__img\"><a href=\"https:\/\/www.suno.com.br\/noticias\/biden-arrecadacao-recorde-campanha-mercado-acompanha-debate\/\"><img class=\"mask\" src=\"https:\/\/www.suno.com.br\/noticias\/wp-content\/themes\/suno\/resources\/images\/spotlight\/spotlight1img\/bg-mask.png\" alt=\"Image Mask\"\/><img src=\"https:\/\/files.sunoresearch.com.br\/n\/uploads\/2020\/08\/8bad19bd-biden-400x200.webp\" alt=\"Biden faz arrecada\u00e7\u00e3o recorde para campanha; debate acontece hoje\"\/><\/a><span class=\"spotlightCategory\"><a href=\"https:\/\/www.suno.com.br\/noticias\/internacional\/\">Internacional<\/a><\/span><\/div><div class=\"cardsPage__listCard__boxs__content\"><a href=\"https:\/\/www.suno.com.br\/noticias\/biden-arrecadacao-recorde-campanha-mercado-acompanha-debate\/\"><h2 class=\"content__title\">Biden faz arrecada\u00e7\u00e3o recorde para campanha; debate acontece hoje<\/h2><\/a><div class=\"newsContent__article__meta\"><div class=\"newsContent__article__meta__authorBox\"><a href=\"https:\/\/www.suno.com.br\/noticias\/author\/juliano\/\" class=\"authorBox__avatar noMobi\"><img src=\"https:\/\/files.sunoresearch.com.br\/n\/uploads\/2019\/06\/7cc3efea-whatsapp-image-2019-07-18-at-21.59.33-e1563499821209-150x150.webp\" alt=\"Juliano Passaro\"><\/a><div class=\"authorBox__name\"><span>por\n\t\t\t<a href=\"https:\/\/www.suno.com.br\/noticias\/author\/juliano\/\"><span itemprop=\"author\">Juliano Passaro<\/span><\/a><\/span><time datetime=\"2020-10-22T11:33:20-03:00\" itemprop=\"datePublished\">22\/10\/2020 11:33<\/time><\/div><\/div><\/div><\/div><\/div>","single_layout":"posts","amp_enabled":true,"_links":{"self":[{"href":"https:\/\/www.suno.com.br\/noticias\/wp-json\/wp\/v2\/posts\/93488"}],"collection":[{"href":"https:\/\/www.suno.com.br\/noticias\/wp-json\/wp\/v2\/posts"}],"about":[{"href":"https:\/\/www.suno.com.br\/noticias\/wp-json\/wp\/v2\/types\/post"}],"author":[{"embeddable":true,"href":"https:\/\/www.suno.com.br\/noticias\/wp-json\/wp\/v2\/users\/19"}],"replies":[{"embeddable":true,"href":"https:\/\/www.suno.com.br\/noticias\/wp-json\/wp\/v2\/comments?post=93488"}],"version-history":[{"count":1,"href":"https:\/\/www.suno.com.br\/noticias\/wp-json\/wp\/v2\/posts\/93488\/revisions"}],"predecessor-version":[{"id":156854,"href":"https:\/\/www.suno.com.br\/noticias\/wp-json\/wp\/v2\/posts\/93488\/revisions\/156854"}],"wp:featuredmedia":[{"embeddable":true,"href":"https:\/\/www.suno.com.br\/noticias\/wp-json\/wp\/v2\/media\/80121"}],"wp:attachment":[{"href":"https:\/\/www.suno.com.br\/noticias\/wp-json\/wp\/v2\/media?parent=93488"}],"wp:term":[{"taxonomy":"category","embeddable":true,"href":"https:\/\/www.suno.com.br\/noticias\/wp-json\/wp\/v2\/categories?post=93488"},{"taxonomy":"post_tag","embeddable":true,"href":"https:\/\/www.suno.com.br\/noticias\/wp-json\/wp\/v2\/tags?post=93488"},{"taxonomy":"suno_strategy","embeddable":true,"href":"https:\/\/www.suno.com.br\/noticias\/wp-json\/wp\/v2\/suno_strategy?post=93488"}],"curies":[{"name":"wp","href":"https:\/\/api.w.org\/{rel}","templated":true}]}}