{"id":93479,"date":"2020-10-22T08:08:04","date_gmt":"2020-10-22T11:08:04","guid":{"rendered":"https:\/\/www.suno.com.br\/noticias\/?p=93479"},"modified":"2021-06-14T00:26:44","modified_gmt":"2021-06-14T03:26:44","slug":"agenda-do-dia-desemprego-eua-polemica-vacina-track-field","status":"publish","type":"post","link":"https:\/\/www.suno.com.br\/noticias\/agenda-do-dia-desemprego-eua-polemica-vacina-track-field\/","title":{"rendered":"Agenda do Dia: desemprego nos EUA; tele da Weg; Track &#038; Field"},"content":{"rendered":"<p>Nesta quinta-feira (22), a <strong>Agenda<\/strong> <strong>do<\/strong> <strong>Dia<\/strong> traz os dados sobre os pedidos de seguro desemprego nos EUA \u00e0s 9h30 e a teleconfer\u00eancia de resultados da Weg (WEGE3) sobre o balan\u00e7o divulgado ontem, \u00e0s 11h. Os investidores acompanham ainda a pol\u00eamica sobre a vacina contra o coronav\u00edrus, que o presidente Jair Bolsonaro deflagrou na \u00faltima quarta.<\/p>\t<div class=\"wrapper-featured-image\">\n\t\t<figure class=\"spotlightImg\">\n\n\t\t\t<picture>\n\t\t\t\t<source media=\"(max-width: 768px)\" srcset=\"https:\/\/files.sunoresearch.com.br\/n\/uploads\/2019\/06\/72a5cb83-estados-unidos-400x200.webp\">\n\t\t\t\t<img loading=\"lazy\" decoding=\"async\" class=\"newsContent__article__imgCapa lazyloadDisabled \" src=\"https:\/\/files.sunoresearch.com.br\/n\/uploads\/2019\/06\/72a5cb83-estados-unidos-800x450.webp\" width=\"800\" height=\"450\" alt=\"Agenda do Dia: desemprego nos EUA; tele da Weg; Track &#038; Field\" fetchpriority=high \/>\n\t\t\t<\/picture>\n\n\t\t\t<figcaption class=\"wp-caption-text wp-caption-text--show\">Pedidos de seguro-desemprego nos EUA atingem menor n\u00edvel desde in\u00edcio da pandemia<\/figcaption>\n\t\t<\/figure>\n\t<\/div>\n\n\n<div class=\"hubspot-form-wrapper\">\n\t<div id=\"single-form-target\"><\/div>\n<\/div>\n\n<p>Al\u00e9m disso, a <strong>Track<\/strong> <strong>&amp; Field<\/strong> realizar\u00e1 a precifica\u00e7\u00e3o da sua oferta inicial de a\u00e7\u00f5es. O desembargador federal <strong>Kassio<\/strong> <strong>Marques<\/strong> foi aprovado pelo Senado na noite da \u00faltima quarta-feira (21) e assumir\u00e1 vaga no Supremo Tribunal Federal. A negocia\u00e7\u00e3o de <strong>BDRs<\/strong> ser\u00e1 liberada para pequenos investidores, a partir desta quinta-feira (22).<\/p>\n<p>E, por fim, os EUA acompanham mais um debate presidencial entre <strong>Trump<\/strong> e <strong>Biden<\/strong>; este ser\u00e1 o \u00faltimo antes da elei\u00e7\u00e3o.<\/p>\n<h2>Desemprego nos EUA<\/h2>\n<p>O Departamento de Trabalho dos Estados Unidos divulga os dados sobre pedido de seguro-desemprego no pa\u00eds \u00e0s 9h30. Na primeira semana de outubro, os EUA registraram 898 mil novos pedidos. O crescimento no n\u00famero de pedidos foi de 43 mil em compara\u00e7\u00e3o a semana imediatamente anterior.<\/p>\n<p><a href=\"https:\/\/lp.suno.com.br\/suno-one\/\">Suno One: acesse gratuitamente eBooks, Minicursos, Artigos e Video Aulas sobre investimentos com um \u00fanico cadastro. Clique para saber mais!<\/a><\/p>\n<h2>Pol\u00eamica da vacina<\/h2>\n<p>Os jornais Folha de S. Paulo e Estad\u00e3o trazem como destaques hoje a pol\u00eamica sobre a rejei\u00e7\u00e3o da vacina chinesa pelo presidente Bolsonaro.<\/p>\n<p>Ap\u00f3s o Minist\u00e9rio da Sa\u00fade anunciar que tinha como objetivo adquirir 46 milh\u00f5es de doses da <strong>Coronavac<\/strong>, vacina contra o <strong>coronav\u00edrus (covid-19)<\/strong>, que est\u00e1 em fase de testes no Brasil, o presidente Jair Bolsonaro desautorizou, por meio de uma rede social, o ministro Eduardo Pazuello e afirmou na \u00faltima quarta-feira (21) que o imunizante contra o novo coronav\u00edrus &#8220;n\u00e3o ser\u00e1 comprado&#8221; pelo <strong>governo brasileiro<\/strong>.<\/p>\n<p>Vale destacar que a vacina que est\u00e1 sendo elaborada, chamada de Coronavac, \u00e9 realizada pelo laborat\u00f3rio chin\u00eas <strong>Sinovac Biotech<\/strong> em parceria com o Instituto Butantan.<\/p>\n<h2>BDRs<\/h2>\n<p>A negocia\u00e7\u00e3o de <strong>BDRs<\/strong> ser\u00e1 liberada para pequenos investidores, a partir desta quinta-feira (22). Os BDRs s\u00e3o comparados a &#8220;fundos de investimentos&#8221; que det\u00e9m pap\u00e9is de companhias estrangeiras em seu portf\u00f3lio.<\/p>\n<h2>Track &amp; Field<\/h2>\n<p>Outro destaque da Agenda do Dia \u00e9 a precifica\u00e7\u00e3o da oferta inicial de a\u00e7\u00f5es (IPO) da companhia varejista de artigos esportivos <strong>Track &amp; Field<\/strong>. A faixa indicativa de pre\u00e7os para os pap\u00e9is ficou entre R$ 10,65 e R$ 14,95.<\/p>\n<h2>L\u00edderes se dividem sobre autonomia do BC; Vota\u00e7\u00e3o \u00e9 adiada<\/h2>\n<p>O presidente do Senado, <strong>Davi<\/strong> <strong>Alcolumbre<\/strong>, adiou para o dia 3 de novembro a vota\u00e7\u00e3o do projeto que delibera sobre a autonomia formal do <strong>Banco Central<\/strong>. A vota\u00e7\u00e3o da mat\u00e9ria estava prevista para a \u00faltima quarta-feira (21).<\/p>\n<h2>Agenda do dia traz debate presidencial nos EUA<\/h2>\n<p>O atual presidente dos <strong>EUA<\/strong>, <a href=\"https:\/\/www.suno.com.br\/tudo-sobre\/donald-trump\/\">Donald Trump<\/a>, tem compromisso marcado para \u00e0s 22h (hor\u00e1rio de Bras\u00edlia) desta quinta. Ele e Joe Biden far\u00e3o o \u00faltimo debate antes da elei\u00e7\u00e3o presidencial do pa\u00eds norte-americano. O encontro ter\u00e1 um tempo limite de 90 minutos e ser\u00e1 dividido em 6 partes, tendo 15 minutos cada tema a ser discutido.<\/p>\n<h2>Agenda de Paulo Guedes e Jair Bolsonaro nesta quinta:<\/h2>\n<ul>\n<li>11h &#8211; Cerim\u00f4nia em comemora\u00e7\u00e3o ao Dia do Diplomata com a presen\u00e7a do presidente da Rep\u00fablica, Jair Bolsonaro, seguida de almo\u00e7o;<\/li>\n<li>15h &#8211; Reuni\u00e3o da C\u00e2mara de Pol\u00edticas de Integra\u00e7\u00e3o Nacional e Desenvolvimento Regional (PNDR) com o ministro-chefe da Casa Civil, Walter Braga Netto e o ministro da Economia, Paulo Guedes;<\/li>\n<li>17h &#8211; Cerim\u00f4nia alusiva \u00e0 Simplifica\u00e7\u00e3o do e-Social e \u00e0 Moderniza\u00e7\u00e3o da Normas Regulamentadoras do Trabalho, com o presidente da Rep\u00fablica, Jair Bolsonaro.<\/li>\n<\/ul>\n<p>A <strong>Agenda<\/strong> <strong>do Dia<\/strong> do<a href=\"https:\/\/www.suno.com.br\/noticias\/\"> Suno Not\u00edcias<\/a> mostra os principais acontecimentos que prometem movimentar o mercado durante o dia.<\/p>\n\t<p>\n\t\t<a href=\"https:\/\/lp.suno.com.br\/planilha-de-controle-de-investimentos\/\" target=\"_blank\" data-element=\"shortcode-suno-banner\" title=\"Banner SUNO, clique e saiba mais\">\n\t\t\t<picture>\n\t\t\t\t<source media=\"(max-width: 500px)\" srcset=\"https:\/\/files.sunoresearch.com.br\/n\/uploads\/2023\/03\/400x300-Controle-de-Investimentos.png\">\n\t\t\t\t<img class=\"newsContent__article__imgCapa newsContent__article__imgCapa--banner\"\n\t\t\t\t\tsrc=\"https:\/\/files.sunoresearch.com.br\/n\/uploads\/2023\/03\/1420x240-Controle-de-Investimentos.png\"\n\t\t\t\t\tdata-promo-id=\"75934\"\t\t\t\t\t\t\t\t\t\twidth='1420' height='240'\t\t\t\t\talt=\"https:\/\/files.sunoresearch.com.br\/n\/uploads\/2023\/03\/1420x240-Controle-de-Investimentos.png\"\n\t\t\t\t>\n\t\t\t<\/picture>\n\t\t<\/a>\n\t<\/p>\n\n\n","protected":false},"excerpt":{"rendered":"<p>Nesta quinta-feira (22), a Agenda do Dia traz os dados sobre os pedidos de seguro desemprego nos EUA \u00e0s 9h30 e a teleconfer\u00eancia de resultados da Weg (WEGE3) sobre o balan\u00e7o divulgado ontem, \u00e0s 11h. Os investidores acompanham ainda a pol\u00eamica sobre a vacina contra o coronav\u00edrus, que o presidente Jair Bolsonaro deflagrou na \u00faltima [&hellip;]<\/p>\n","protected":false},"author":19,"featured_media":27496,"comment_status":"closed","ping_status":"closed","sticky":false,"template":"","format":"standard","meta":[],"categories":[64],"tags":[1980,1296,724,697,793,719,73481,796,2722],"suno_strategy":[],"class_list":["post-93479","post","type-post","status-publish","format-standard","has-post-thumbnail","hentry","category-negocios","tag-agenda-do-dia","tag-desemprego","tag-donald-trump","tag-eleicoes","tag-estados-unidos-eua","tag-jair-bolsonaro","tag-joe-biden","tag-paulo-guedes","tag-track-field-tfco4"],"yoast_head":"<!-- This site is optimized with the Yoast SEO plugin v24.4 - https:\/\/yoast.com\/wordpress\/plugins\/seo\/ -->\n<title>Agenda do Dia: desemprego nos EUA; pol\u00eamica da vacina; Track &amp; Field<\/title>\n<meta name=\"description\" content=\"Agenda do Dia: desemprego nos EUA; pol\u00eamica da vacina; Track &amp; Field; Debate presidencial EUA. Clique aqui para saber mais informa\u00e7\u00f5es.\" \/>\n<meta name=\"robots\" content=\"index, follow, max-snippet:-1, max-image-preview:large, max-video-preview:-1\" \/>\n<link rel=\"canonical\" href=\"https:\/\/www.suno.com.br\/noticias\/agenda-do-dia-desemprego-eua-polemica-vacina-track-field\/\" \/>\n<meta property=\"og:locale\" content=\"pt_BR\" \/>\n<meta property=\"og:type\" content=\"article\" \/>\n<meta property=\"og:title\" content=\"Agenda do Dia: desemprego nos EUA; pol\u00eamica da vacina; Track &amp; Field\" \/>\n<meta property=\"og:description\" content=\"Agenda do Dia: desemprego nos EUA; pol\u00eamica da vacina; Track &amp; Field; Debate presidencial EUA. Clique aqui para saber mais informa\u00e7\u00f5es.\" \/>\n<meta property=\"og:url\" content=\"https:\/\/www.suno.com.br\/noticias\/agenda-do-dia-desemprego-eua-polemica-vacina-track-field\/\" \/>\n<meta property=\"og:site_name\" content=\"Suno Not\u00edcias\" \/>\n<meta property=\"article:publisher\" content=\"https:\/\/facebook.com\/sunoresearch\" \/>\n<meta property=\"og:image\" content=\"https:\/\/files.sunoresearch.com.br\/n\/uploads\/2019\/06\/72a5cb83-estados-unidos.jpg\" \/>\n\t<meta property=\"og:image:width\" content=\"1920\" \/>\n\t<meta property=\"og:image:height\" content=\"1276\" \/>\n\t<meta property=\"og:image:type\" content=\"image\/jpeg\" \/>\n<meta name=\"author\" content=\"Juliano Passaro\" \/>\n<meta name=\"twitter:card\" content=\"summary_large_image\" \/>\n<meta name=\"twitter:creator\" content=\"@sunoresearch\" \/>\n<meta name=\"twitter:site\" content=\"@sunoresearch\" \/>\n<meta name=\"twitter:label1\" content=\"Escrito por\" \/>\n\t<meta name=\"twitter:data1\" content=\"Juliano Passaro\" \/>\n\t<meta name=\"twitter:label2\" content=\"Est. tempo de leitura\" \/>\n\t<meta name=\"twitter:data2\" content=\"3 minutos\" \/>\n<script type=\"application\/ld+json\" class=\"yoast-schema-graph\">{\"@context\":\"https:\/\/schema.org\",\"@graph\":[{\"@type\":\"NewsArticle\",\"@id\":\"https:\/\/www.suno.com.br\/noticias\/agenda-do-dia-desemprego-eua-polemica-vacina-track-field\/#article\",\"isPartOf\":{\"@id\":\"https:\/\/www.suno.com.br\/noticias\/agenda-do-dia-desemprego-eua-polemica-vacina-track-field\/\"},\"author\":{\"name\":\"Juliano Passaro\",\"@id\":\"https:\/\/www.suno.com.br\/noticias\/#\/schema\/person\/1db762f78ffd8919a648a63e425953e3\"},\"headline\":\"Agenda do Dia: desemprego nos EUA; tele da Weg; Track &#038; Field\",\"datePublished\":\"2020-10-22T11:08:04+00:00\",\"dateModified\":\"2021-06-14T03:26:44+00:00\",\"mainEntityOfPage\":{\"@id\":\"https:\/\/www.suno.com.br\/noticias\/agenda-do-dia-desemprego-eua-polemica-vacina-track-field\/\"},\"wordCount\":664,\"publisher\":{\"@id\":\"https:\/\/www.suno.com.br\/noticias\/#organization\"},\"image\":{\"@id\":\"https:\/\/www.suno.com.br\/noticias\/agenda-do-dia-desemprego-eua-polemica-vacina-track-field\/#primaryimage\"},\"thumbnailUrl\":\"https:\/\/files.sunoresearch.com.br\/n\/uploads\/2019\/06\/72a5cb83-estados-unidos-jpg.webp\",\"keywords\":[\"agenda do dia\",\"Desemprego\",\"Donald Trump\",\"Elei\u00e7\u00f5es\",\"Estados Unidos (EUA)\",\"Jair Bolsonaro\",\"Joe Biden\",\"Paulo Guedes\",\"Track &amp; Field (TFCO4)\"],\"articleSection\":[\"Neg\u00f3cios\"],\"inLanguage\":\"pt-BR\"},{\"@type\":\"WebPage\",\"@id\":\"https:\/\/www.suno.com.br\/noticias\/agenda-do-dia-desemprego-eua-polemica-vacina-track-field\/\",\"url\":\"https:\/\/www.suno.com.br\/noticias\/agenda-do-dia-desemprego-eua-polemica-vacina-track-field\/\",\"name\":\"Agenda do Dia: desemprego nos EUA; pol\u00eamica da vacina; Track & Field\",\"isPartOf\":{\"@id\":\"https:\/\/www.suno.com.br\/noticias\/#website\"},\"primaryImageOfPage\":{\"@id\":\"https:\/\/www.suno.com.br\/noticias\/agenda-do-dia-desemprego-eua-polemica-vacina-track-field\/#primaryimage\"},\"image\":{\"@id\":\"https:\/\/www.suno.com.br\/noticias\/agenda-do-dia-desemprego-eua-polemica-vacina-track-field\/#primaryimage\"},\"thumbnailUrl\":\"https:\/\/files.sunoresearch.com.br\/n\/uploads\/2019\/06\/72a5cb83-estados-unidos-jpg.webp\",\"datePublished\":\"2020-10-22T11:08:04+00:00\",\"dateModified\":\"2021-06-14T03:26:44+00:00\",\"description\":\"Agenda do Dia: desemprego nos EUA; pol\u00eamica da vacina; Track & Field; Debate presidencial EUA. Clique aqui para saber mais informa\u00e7\u00f5es.\",\"breadcrumb\":{\"@id\":\"https:\/\/www.suno.com.br\/noticias\/agenda-do-dia-desemprego-eua-polemica-vacina-track-field\/#breadcrumb\"},\"inLanguage\":\"pt-BR\",\"potentialAction\":[{\"@type\":\"ReadAction\",\"target\":[\"https:\/\/www.suno.com.br\/noticias\/agenda-do-dia-desemprego-eua-polemica-vacina-track-field\/\"]}]},{\"@type\":\"ImageObject\",\"inLanguage\":\"pt-BR\",\"@id\":\"https:\/\/www.suno.com.br\/noticias\/agenda-do-dia-desemprego-eua-polemica-vacina-track-field\/#primaryimage\",\"url\":\"https:\/\/files.sunoresearch.com.br\/n\/uploads\/2019\/06\/72a5cb83-estados-unidos-jpg.webp\",\"contentUrl\":\"https:\/\/files.sunoresearch.com.br\/n\/uploads\/2019\/06\/72a5cb83-estados-unidos-jpg.webp\",\"width\":1920,\"height\":1276,\"caption\":\"Pedidos de seguro-desemprego nos EUA atingem menor n\u00edvel desde in\u00edcio da pandemia\"},{\"@type\":\"BreadcrumbList\",\"@id\":\"https:\/\/www.suno.com.br\/noticias\/agenda-do-dia-desemprego-eua-polemica-vacina-track-field\/#breadcrumb\",\"itemListElement\":[{\"@type\":\"ListItem\",\"position\":1,\"name\":\"Not\u00edcias\",\"item\":\"https:\/\/www.suno.com.br\/noticias\/\"},{\"@type\":\"ListItem\",\"position\":2,\"name\":\"Neg\u00f3cios\",\"item\":\"https:\/\/www.suno.com.br\/noticias\/negocios\/\"},{\"@type\":\"ListItem\",\"position\":3,\"name\":\"Agenda do Dia: desemprego nos EUA; tele da Weg; Track &#038; Field\"}]},{\"@type\":\"WebSite\",\"@id\":\"https:\/\/www.suno.com.br\/noticias\/#website\",\"url\":\"https:\/\/www.suno.com.br\/noticias\/\",\"name\":\"Suno Not\u00edcias\",\"description\":\"Seu portal de informa\u00e7\u00e3o sobre o mundo dos investimentos\",\"publisher\":{\"@id\":\"https:\/\/www.suno.com.br\/noticias\/#organization\"},\"potentialAction\":[{\"@type\":\"SearchAction\",\"target\":{\"@type\":\"EntryPoint\",\"urlTemplate\":\"https:\/\/www.suno.com.br\/noticias\/?s={search_term_string}\"},\"query-input\":{\"@type\":\"PropertyValueSpecification\",\"valueRequired\":true,\"valueName\":\"search_term_string\"}}],\"inLanguage\":\"pt-BR\"},{\"@type\":\"Organization\",\"@id\":\"https:\/\/www.suno.com.br\/noticias\/#organization\",\"name\":\"Suno Not\u00edcias\",\"url\":\"https:\/\/www.suno.com.br\/noticias\/\",\"logo\":{\"@type\":\"ImageObject\",\"inLanguage\":\"pt-BR\",\"@id\":\"https:\/\/www.suno.com.br\/noticias\/#\/schema\/logo\/image\/\",\"url\":\"https:\/\/files.sunoresearch.com.br\/n\/uploads\/2021\/09\/suno-logo.png\",\"contentUrl\":\"https:\/\/files.sunoresearch.com.br\/n\/uploads\/2021\/09\/suno-logo.png\",\"width\":180,\"height\":180,\"caption\":\"Suno Not\u00edcias\"},\"image\":{\"@id\":\"https:\/\/www.suno.com.br\/noticias\/#\/schema\/logo\/image\/\"},\"sameAs\":[\"https:\/\/facebook.com\/sunoresearch\",\"https:\/\/x.com\/sunoresearch\",\"https:\/\/www.instagram.com\/suno\",\"https:\/\/www.linkedin.com\/company\/suno-research\/\",\"https:\/\/www.youtube.com\/c\/sunoresearch\"]},{\"@type\":\"Person\",\"@id\":\"https:\/\/www.suno.com.br\/noticias\/#\/schema\/person\/1db762f78ffd8919a648a63e425953e3\",\"name\":\"Juliano Passaro\",\"image\":{\"@type\":\"ImageObject\",\"inLanguage\":\"pt-BR\",\"@id\":\"https:\/\/www.suno.com.br\/noticias\/#\/schema\/person\/image\/\",\"url\":\"https:\/\/secure.gravatar.com\/avatar\/743d4df28eebf6dcc46b4ad03c319e92?s=96&r=g\",\"contentUrl\":\"https:\/\/secure.gravatar.com\/avatar\/743d4df28eebf6dcc46b4ad03c319e92?s=96&r=g\",\"caption\":\"Juliano Passaro\"},\"description\":\"Juliano Passaro escreve sobre pol\u00edtica, economia e neg\u00f3cios para o portal da Suno Research. Antes da Suno, trabalhou no Portal da Band. \u00c9 formado em jornalismo pela Universidade Presbiteriana Mackenzie.\",\"url\":\"https:\/\/www.suno.com.br\/noticias\/author\/juliano\/\"}]}<\/script>\n<!-- \/ Yoast SEO plugin. -->","yoast_head_json":{"title":"Agenda do Dia: desemprego nos EUA; pol\u00eamica da vacina; Track & Field","description":"Agenda do Dia: desemprego nos EUA; pol\u00eamica da vacina; Track & Field; Debate presidencial EUA. Clique aqui para saber mais informa\u00e7\u00f5es.","robots":{"index":"index","follow":"follow","max-snippet":"max-snippet:-1","max-image-preview":"max-image-preview:large","max-video-preview":"max-video-preview:-1"},"canonical":"https:\/\/www.suno.com.br\/noticias\/agenda-do-dia-desemprego-eua-polemica-vacina-track-field\/","og_locale":"pt_BR","og_type":"article","og_title":"Agenda do Dia: desemprego nos EUA; pol\u00eamica da vacina; Track & Field","og_description":"Agenda do Dia: desemprego nos EUA; pol\u00eamica da vacina; Track & Field; Debate presidencial EUA. Clique aqui para saber mais informa\u00e7\u00f5es.","og_url":"https:\/\/www.suno.com.br\/noticias\/agenda-do-dia-desemprego-eua-polemica-vacina-track-field\/","og_site_name":"Suno Not\u00edcias","article_publisher":"https:\/\/facebook.com\/sunoresearch","og_image":[{"width":1920,"height":1276,"url":"https:\/\/files.sunoresearch.com.br\/n\/uploads\/2019\/06\/72a5cb83-estados-unidos.jpg","type":"image\/jpeg"}],"author":"Juliano Passaro","twitter_card":"summary_large_image","twitter_creator":"@sunoresearch","twitter_site":"@sunoresearch","twitter_misc":{"Escrito por":"Juliano Passaro","Est. tempo de leitura":"3 minutos"},"schema":{"@context":"https:\/\/schema.org","@graph":[{"@type":"NewsArticle","@id":"https:\/\/www.suno.com.br\/noticias\/agenda-do-dia-desemprego-eua-polemica-vacina-track-field\/#article","isPartOf":{"@id":"https:\/\/www.suno.com.br\/noticias\/agenda-do-dia-desemprego-eua-polemica-vacina-track-field\/"},"author":{"name":"Juliano Passaro","@id":"https:\/\/www.suno.com.br\/noticias\/#\/schema\/person\/1db762f78ffd8919a648a63e425953e3"},"headline":"Agenda do Dia: desemprego nos EUA; tele da Weg; Track &#038; Field","datePublished":"2020-10-22T11:08:04+00:00","dateModified":"2021-06-14T03:26:44+00:00","mainEntityOfPage":{"@id":"https:\/\/www.suno.com.br\/noticias\/agenda-do-dia-desemprego-eua-polemica-vacina-track-field\/"},"wordCount":664,"publisher":{"@id":"https:\/\/www.suno.com.br\/noticias\/#organization"},"image":{"@id":"https:\/\/www.suno.com.br\/noticias\/agenda-do-dia-desemprego-eua-polemica-vacina-track-field\/#primaryimage"},"thumbnailUrl":"https:\/\/files.sunoresearch.com.br\/n\/uploads\/2019\/06\/72a5cb83-estados-unidos-jpg.webp","keywords":["agenda do dia","Desemprego","Donald Trump","Elei\u00e7\u00f5es","Estados Unidos (EUA)","Jair Bolsonaro","Joe Biden","Paulo Guedes","Track &amp; Field (TFCO4)"],"articleSection":["Neg\u00f3cios"],"inLanguage":"pt-BR"},{"@type":"WebPage","@id":"https:\/\/www.suno.com.br\/noticias\/agenda-do-dia-desemprego-eua-polemica-vacina-track-field\/","url":"https:\/\/www.suno.com.br\/noticias\/agenda-do-dia-desemprego-eua-polemica-vacina-track-field\/","name":"Agenda do Dia: desemprego nos EUA; pol\u00eamica da vacina; Track & Field","isPartOf":{"@id":"https:\/\/www.suno.com.br\/noticias\/#website"},"primaryImageOfPage":{"@id":"https:\/\/www.suno.com.br\/noticias\/agenda-do-dia-desemprego-eua-polemica-vacina-track-field\/#primaryimage"},"image":{"@id":"https:\/\/www.suno.com.br\/noticias\/agenda-do-dia-desemprego-eua-polemica-vacina-track-field\/#primaryimage"},"thumbnailUrl":"https:\/\/files.sunoresearch.com.br\/n\/uploads\/2019\/06\/72a5cb83-estados-unidos-jpg.webp","datePublished":"2020-10-22T11:08:04+00:00","dateModified":"2021-06-14T03:26:44+00:00","description":"Agenda do Dia: desemprego nos EUA; pol\u00eamica da vacina; Track & Field; Debate presidencial EUA. Clique aqui para saber mais informa\u00e7\u00f5es.","breadcrumb":{"@id":"https:\/\/www.suno.com.br\/noticias\/agenda-do-dia-desemprego-eua-polemica-vacina-track-field\/#breadcrumb"},"inLanguage":"pt-BR","potentialAction":[{"@type":"ReadAction","target":["https:\/\/www.suno.com.br\/noticias\/agenda-do-dia-desemprego-eua-polemica-vacina-track-field\/"]}]},{"@type":"ImageObject","inLanguage":"pt-BR","@id":"https:\/\/www.suno.com.br\/noticias\/agenda-do-dia-desemprego-eua-polemica-vacina-track-field\/#primaryimage","url":"https:\/\/files.sunoresearch.com.br\/n\/uploads\/2019\/06\/72a5cb83-estados-unidos-jpg.webp","contentUrl":"https:\/\/files.sunoresearch.com.br\/n\/uploads\/2019\/06\/72a5cb83-estados-unidos-jpg.webp","width":1920,"height":1276,"caption":"Pedidos de seguro-desemprego nos EUA atingem menor n\u00edvel desde in\u00edcio da pandemia"},{"@type":"BreadcrumbList","@id":"https:\/\/www.suno.com.br\/noticias\/agenda-do-dia-desemprego-eua-polemica-vacina-track-field\/#breadcrumb","itemListElement":[{"@type":"ListItem","position":1,"name":"Not\u00edcias","item":"https:\/\/www.suno.com.br\/noticias\/"},{"@type":"ListItem","position":2,"name":"Neg\u00f3cios","item":"https:\/\/www.suno.com.br\/noticias\/negocios\/"},{"@type":"ListItem","position":3,"name":"Agenda do Dia: desemprego nos EUA; tele da Weg; Track &#038; Field"}]},{"@type":"WebSite","@id":"https:\/\/www.suno.com.br\/noticias\/#website","url":"https:\/\/www.suno.com.br\/noticias\/","name":"Suno Not\u00edcias","description":"Seu portal de informa\u00e7\u00e3o sobre o mundo dos investimentos","publisher":{"@id":"https:\/\/www.suno.com.br\/noticias\/#organization"},"potentialAction":[{"@type":"SearchAction","target":{"@type":"EntryPoint","urlTemplate":"https:\/\/www.suno.com.br\/noticias\/?s={search_term_string}"},"query-input":{"@type":"PropertyValueSpecification","valueRequired":true,"valueName":"search_term_string"}}],"inLanguage":"pt-BR"},{"@type":"Organization","@id":"https:\/\/www.suno.com.br\/noticias\/#organization","name":"Suno Not\u00edcias","url":"https:\/\/www.suno.com.br\/noticias\/","logo":{"@type":"ImageObject","inLanguage":"pt-BR","@id":"https:\/\/www.suno.com.br\/noticias\/#\/schema\/logo\/image\/","url":"https:\/\/files.sunoresearch.com.br\/n\/uploads\/2021\/09\/suno-logo.png","contentUrl":"https:\/\/files.sunoresearch.com.br\/n\/uploads\/2021\/09\/suno-logo.png","width":180,"height":180,"caption":"Suno Not\u00edcias"},"image":{"@id":"https:\/\/www.suno.com.br\/noticias\/#\/schema\/logo\/image\/"},"sameAs":["https:\/\/facebook.com\/sunoresearch","https:\/\/x.com\/sunoresearch","https:\/\/www.instagram.com\/suno","https:\/\/www.linkedin.com\/company\/suno-research\/","https:\/\/www.youtube.com\/c\/sunoresearch"]},{"@type":"Person","@id":"https:\/\/www.suno.com.br\/noticias\/#\/schema\/person\/1db762f78ffd8919a648a63e425953e3","name":"Juliano Passaro","image":{"@type":"ImageObject","inLanguage":"pt-BR","@id":"https:\/\/www.suno.com.br\/noticias\/#\/schema\/person\/image\/","url":"https:\/\/secure.gravatar.com\/avatar\/743d4df28eebf6dcc46b4ad03c319e92?s=96&r=g","contentUrl":"https:\/\/secure.gravatar.com\/avatar\/743d4df28eebf6dcc46b4ad03c319e92?s=96&r=g","caption":"Juliano Passaro"},"description":"Juliano Passaro escreve sobre pol\u00edtica, economia e neg\u00f3cios para o portal da Suno Research. Antes da Suno, trabalhou no Portal da Band. \u00c9 formado em jornalismo pela Universidade Presbiteriana Mackenzie.","url":"https:\/\/www.suno.com.br\/noticias\/author\/juliano\/"}]}},"default_loop_html":"<div class=\"cardsPage__listCard__boxs\"><div class=\"cardsPage__listCard__boxs__img\"><a href=\"https:\/\/www.suno.com.br\/noticias\/agenda-do-dia-desemprego-eua-polemica-vacina-track-field\/\"><img class=\"mask\" src=\"https:\/\/www.suno.com.br\/noticias\/wp-content\/themes\/suno\/resources\/images\/spotlight\/spotlight1img\/bg-mask.png\" alt=\"Image Mask\"\/><img src=\"https:\/\/files.sunoresearch.com.br\/n\/uploads\/2019\/06\/72a5cb83-estados-unidos-400x200.webp\" alt=\"Agenda do Dia: desemprego nos EUA; tele da Weg; Track &#038; Field\"\/><\/a><span class=\"spotlightCategory\"><a href=\"https:\/\/www.suno.com.br\/noticias\/negocios\/\">Neg\u00f3cios<\/a><\/span><\/div><div class=\"cardsPage__listCard__boxs__content\"><a href=\"https:\/\/www.suno.com.br\/noticias\/agenda-do-dia-desemprego-eua-polemica-vacina-track-field\/\"><h2 class=\"content__title\">Agenda do Dia: desemprego nos EUA; tele da Weg; Track &#038; Field<\/h2><\/a><div class=\"newsContent__article__meta\"><div class=\"newsContent__article__meta__authorBox\"><a href=\"https:\/\/www.suno.com.br\/noticias\/author\/juliano\/\" class=\"authorBox__avatar noMobi\"><img src=\"https:\/\/files.sunoresearch.com.br\/n\/uploads\/2019\/06\/7cc3efea-whatsapp-image-2019-07-18-at-21.59.33-e1563499821209-150x150.webp\" alt=\"Juliano Passaro\"><\/a><div class=\"authorBox__name\"><span>por\n\t\t\t<a href=\"https:\/\/www.suno.com.br\/noticias\/author\/juliano\/\"><span itemprop=\"author\">Juliano Passaro<\/span><\/a><\/span><time datetime=\"2020-10-22T08:08:04-03:00\" itemprop=\"datePublished\">22\/10\/2020 08:08<\/time><\/div><\/div><\/div><\/div><\/div>","single_layout":"posts","amp_enabled":true,"_links":{"self":[{"href":"https:\/\/www.suno.com.br\/noticias\/wp-json\/wp\/v2\/posts\/93479"}],"collection":[{"href":"https:\/\/www.suno.com.br\/noticias\/wp-json\/wp\/v2\/posts"}],"about":[{"href":"https:\/\/www.suno.com.br\/noticias\/wp-json\/wp\/v2\/types\/post"}],"author":[{"embeddable":true,"href":"https:\/\/www.suno.com.br\/noticias\/wp-json\/wp\/v2\/users\/19"}],"replies":[{"embeddable":true,"href":"https:\/\/www.suno.com.br\/noticias\/wp-json\/wp\/v2\/comments?post=93479"}],"version-history":[{"count":1,"href":"https:\/\/www.suno.com.br\/noticias\/wp-json\/wp\/v2\/posts\/93479\/revisions"}],"predecessor-version":[{"id":156857,"href":"https:\/\/www.suno.com.br\/noticias\/wp-json\/wp\/v2\/posts\/93479\/revisions\/156857"}],"wp:featuredmedia":[{"embeddable":true,"href":"https:\/\/www.suno.com.br\/noticias\/wp-json\/wp\/v2\/media\/27496"}],"wp:attachment":[{"href":"https:\/\/www.suno.com.br\/noticias\/wp-json\/wp\/v2\/media?parent=93479"}],"wp:term":[{"taxonomy":"category","embeddable":true,"href":"https:\/\/www.suno.com.br\/noticias\/wp-json\/wp\/v2\/categories?post=93479"},{"taxonomy":"post_tag","embeddable":true,"href":"https:\/\/www.suno.com.br\/noticias\/wp-json\/wp\/v2\/tags?post=93479"},{"taxonomy":"suno_strategy","embeddable":true,"href":"https:\/\/www.suno.com.br\/noticias\/wp-json\/wp\/v2\/suno_strategy?post=93479"}],"curies":[{"name":"wp","href":"https:\/\/api.w.org\/{rel}","templated":true}]}}