{"id":9332,"date":"2018-12-18T17:54:13","date_gmt":"2018-12-18T19:54:13","guid":{"rendered":"https:\/\/www.suno.com.br\/noticias\/?p=9332"},"modified":"2018-12-18T17:54:13","modified_gmt":"2018-12-18T19:54:13","slug":"valor-producao-agropecuaria-deve-subir","status":"publish","type":"post","link":"https:\/\/www.suno.com.br\/noticias\/valor-producao-agropecuaria-deve-subir\/","title":{"rendered":"Valor da produ\u00e7\u00e3o agropecu\u00e1ria deve subir para R$ 584,6 bi em 2019"},"content":{"rendered":"<div class=\"mc-column content-text active-extra-styles active-capital-letter\" data-block-type=\"unstyled\" data-block-weight=\"39\" data-block-id=\"2\">\n<p data-track-category=\"Link no Texto\" data-track-links=\"\">O valor bruto da produ\u00e7\u00e3o agropecu\u00e1ria do Brasil (VBP) deve ter uma alta de 1,9%, em rela\u00e7\u00e3o ao previsto para 2018, chegando a R$ 584,6 bilh\u00f5es em 2019. Os dados foram passados pelo Minist\u00e9rio da Agricultura nesta ter\u00e7a-feira (18).<\/p>\t<div class=\"wrapper-featured-image\">\n\t\t<figure class=\"spotlightImg\">\n\n\t\t\t<picture>\n\t\t\t\t<source media=\"(max-width: 768px)\" srcset=\"https:\/\/files.sunoresearch.com.br\/n\/uploads\/2018\/12\/dd956662-produ\u00e7\u00e3o-400x200.webp\">\n\t\t\t\t<img loading=\"lazy\" decoding=\"async\" class=\"newsContent__article__imgCapa lazyloadDisabled newsContent__article__imgCapa--noCaption\" src=\"https:\/\/files.sunoresearch.com.br\/n\/uploads\/2018\/12\/dd956662-produ\u00e7\u00e3o-jpg.webp\" width=\"800\" height=\"450\" alt=\"Valor da produ\u00e7\u00e3o agropecu\u00e1ria deve subir para R$ 584,6 bi em 2019\" fetchpriority=high \/>\n\t\t\t<\/picture>\n\n\t\t\t<figcaption class=\"wp-caption-text wp-caption-text--hide\">Agricultor paulista recebeu 1,41% mais por sua produ\u00e7\u00e3o em janeiro. diz IEA<\/figcaption>\n\t\t<\/figure>\n\t<\/div>\n\n<div class=\"mc-column content-text active-extra-styles active-capital-letter\" data-block-type=\"unstyled\" data-block-weight=\"39\" data-block-id=\"2\">\n<p data-track-category=\"Link no Texto\" data-track-links=\"\">O valor bruto da produ\u00e7\u00e3o agropecu\u00e1ria do Brasil (VBP) deve ter uma alta de 1,9%, em rela\u00e7\u00e3o ao previsto para 2018, chegando a R$ 584,6 bilh\u00f5es em 2019. Os dados foram passados pelo Minist\u00e9rio da Agricultura nesta ter\u00e7a-feira (18).<\/p>\n<p data-track-category=\"Link no Texto\" data-track-links=\"\">De acordo com a Companhia Nacional de Abastecimento (<strong>Conab<\/strong>), a estimativa \u00e9 que o Brasil colha um recorde de 238,4 milh\u00f5es de toneladas de gr\u00e3os e oleaginosas em 2018\/19. A <strong>produ\u00e7\u00e3o<\/strong> recorde tem como principal motor as boas condi\u00e7\u00f5es clim\u00e1ticas que vem influenciando positivamente as safras.<\/p>\n<\/div>\n<div class=\"wall protected-content\">\n<div class=\"mc-column content-text active-extra-styles \" data-block-type=\"unstyled\" data-block-weight=\"37\" data-block-id=\"3\">\n<p class=\"content-text__container \" data-track-category=\"Link no Texto\" data-track-links=\"\">Em 2018, o <strong>VBP<\/strong> registrou at\u00e9 novembro um recuo de 1,9% na compara\u00e7\u00e3o anual, podendo fechar o ano em R$ 573,87 bilh\u00f5es.<\/p>\n\n<\/p>\n<\/div>\n<div class=\"mc-column content-text active-extra-styles \" data-block-type=\"unstyled\" data-block-weight=\"28\" data-block-id=\"5\">\n<p class=\"content-text__container \" data-track-category=\"Link no Texto\" data-track-links=\"\">A produ\u00e7\u00e3o foi sustentada pelo seguinte grupo de produtos:<\/p>\n<ul>\n<li data-track-category=\"Link no Texto\">Trigo (alta de 73% em rela\u00e7\u00e3o a 2017);<\/li>\n<li data-track-category=\"Link no Texto\">Algod\u00e3o (alta de 47% em rela\u00e7\u00e3o a 2017);<\/li>\n<li data-track-category=\"Link no Texto\">Cacau (alta de 34,9% em rela\u00e7\u00e3o a 2017);<\/li>\n<li data-track-category=\"Link no Texto\">Soja (alta de 12,5% em rela\u00e7\u00e3o a 2017);<\/li>\n<li data-track-category=\"Link no Texto\">Caf\u00e9 (alta de 10,2% em rela\u00e7\u00e3o a 2017).<\/li>\n<\/ul>\n<p>Entretanto, o grupo foi beneficiado pelo aumento dos pre\u00e7os e da produ\u00e7\u00e3o<\/p>\n<p>De acordo com o minist\u00e9rio, as produ\u00e7\u00f5es de soja, cana, milho, algod\u00e3o e caf\u00e9 representam 80% do VBP. Desta forma, a soja \u00e9 o produto que mais gerou valor, totalizando R$ 143,5 bilh\u00f5es.<\/p>\n<p>A <strong>produ\u00e7\u00e3o<\/strong> agr\u00edcola equivale a R$ 388,1 bilh\u00f5es neste ano. Enquanto a pecu\u00e1ria soma R$ 182,8 bilh\u00f5es.<\/p>\n<\/div>\n<\/div>\n","protected":false},"excerpt":{"rendered":"<p>O valor bruto da produ\u00e7\u00e3o agropecu\u00e1ria do Brasil (VBP) deve ter uma alta de 1,9%, em rela\u00e7\u00e3o ao previsto para 2018, chegando a R$ 584,6 bilh\u00f5es em 2019. Os dados foram passados pelo Minist\u00e9rio da Agricultura nesta ter\u00e7a-feira (18). Agricultor paulista recebeu 1,41% mais por sua produ\u00e7\u00e3o em janeiro. diz IEA O valor bruto da [&hellip;]<\/p>\n","protected":false},"author":11,"featured_media":9341,"comment_status":"closed","ping_status":"closed","sticky":false,"template":"","format":"standard","meta":[],"categories":[64],"tags":[],"suno_strategy":[],"class_list":["post-9332","post","type-post","status-publish","format-standard","has-post-thumbnail","hentry","category-negocios"],"yoast_head":"<!-- This site is optimized with the Yoast SEO plugin v24.4 - https:\/\/yoast.com\/wordpress\/plugins\/seo\/ -->\n<title>Valor da produ\u00e7\u00e3o agropecu\u00e1ria deve subir para R$ 584,6 bi em 2019<\/title>\n<meta name=\"description\" content=\"A produ\u00e7\u00e3o agr\u00edcola equivale a R$ 388,1 bi e a pecu\u00e1ria R$ 182,8 bi. Em 2018, a produ\u00e7\u00e3o pode fechar em R$ 573,87 bi. Clique para saber mais.\" \/>\n<meta name=\"robots\" content=\"index, follow, max-snippet:-1, max-image-preview:large, max-video-preview:-1\" \/>\n<link rel=\"canonical\" href=\"https:\/\/www.suno.com.br\/noticias\/valor-producao-agropecuaria-deve-subir\/\" \/>\n<meta property=\"og:locale\" content=\"pt_BR\" \/>\n<meta property=\"og:type\" content=\"article\" \/>\n<meta property=\"og:title\" content=\"Valor da produ\u00e7\u00e3o agropecu\u00e1ria deve subir para R$ 584,6 bi em 2019\" \/>\n<meta property=\"og:description\" content=\"A produ\u00e7\u00e3o agr\u00edcola equivale a R$ 388,1 bi e a pecu\u00e1ria R$ 182,8 bi. Em 2018, a produ\u00e7\u00e3o pode fechar em R$ 573,87 bi. Clique para saber mais.\" \/>\n<meta property=\"og:url\" content=\"https:\/\/www.suno.com.br\/noticias\/valor-producao-agropecuaria-deve-subir\/\" \/>\n<meta property=\"og:site_name\" content=\"Suno Not\u00edcias\" \/>\n<meta property=\"article:publisher\" content=\"https:\/\/facebook.com\/sunoresearch\" \/>\n<meta property=\"og:image\" content=\"https:\/\/files.sunoresearch.com.br\/n\/uploads\/2018\/12\/dd956662-produ\u00e7\u00e3o.jpg\" \/>\n\t<meta property=\"og:image:width\" content=\"754\" \/>\n\t<meta property=\"og:image:height\" content=\"465\" \/>\n\t<meta property=\"og:image:type\" content=\"image\/jpeg\" \/>\n<meta name=\"author\" content=\"Renan Bandeira\" \/>\n<meta name=\"twitter:card\" content=\"summary_large_image\" \/>\n<meta name=\"twitter:creator\" content=\"@sunoresearch\" \/>\n<meta name=\"twitter:site\" content=\"@sunoresearch\" \/>\n<meta name=\"twitter:label1\" content=\"Escrito por\" \/>\n\t<meta name=\"twitter:data1\" content=\"Renan Bandeira\" \/>\n\t<meta name=\"twitter:label2\" content=\"Est. tempo de leitura\" \/>\n\t<meta name=\"twitter:data2\" content=\"1 minuto\" \/>\n<script type=\"application\/ld+json\" class=\"yoast-schema-graph\">{\"@context\":\"https:\/\/schema.org\",\"@graph\":[{\"@type\":\"NewsArticle\",\"@id\":\"https:\/\/www.suno.com.br\/noticias\/valor-producao-agropecuaria-deve-subir\/#article\",\"isPartOf\":{\"@id\":\"https:\/\/www.suno.com.br\/noticias\/valor-producao-agropecuaria-deve-subir\/\"},\"author\":{\"name\":\"Renan Bandeira\",\"@id\":\"https:\/\/www.suno.com.br\/noticias\/#\/schema\/person\/fc144a1c6108bd1dcd43784e88a3c138\"},\"headline\":\"Valor da produ\u00e7\u00e3o agropecu\u00e1ria deve subir para R$ 584,6 bi em 2019\",\"datePublished\":\"2018-12-18T19:54:13+00:00\",\"mainEntityOfPage\":{\"@id\":\"https:\/\/www.suno.com.br\/noticias\/valor-producao-agropecuaria-deve-subir\/\"},\"wordCount\":245,\"publisher\":{\"@id\":\"https:\/\/www.suno.com.br\/noticias\/#organization\"},\"image\":{\"@id\":\"https:\/\/www.suno.com.br\/noticias\/valor-producao-agropecuaria-deve-subir\/#primaryimage\"},\"thumbnailUrl\":\"https:\/\/files.sunoresearch.com.br\/n\/uploads\/2018\/12\/dd956662-produ\u00e7\u00e3o-jpg.webp\",\"articleSection\":[\"Neg\u00f3cios\"],\"inLanguage\":\"pt-BR\"},{\"@type\":\"WebPage\",\"@id\":\"https:\/\/www.suno.com.br\/noticias\/valor-producao-agropecuaria-deve-subir\/\",\"url\":\"https:\/\/www.suno.com.br\/noticias\/valor-producao-agropecuaria-deve-subir\/\",\"name\":\"Valor da produ\u00e7\u00e3o agropecu\u00e1ria deve subir para R$ 584,6 bi em 2019\",\"isPartOf\":{\"@id\":\"https:\/\/www.suno.com.br\/noticias\/#website\"},\"primaryImageOfPage\":{\"@id\":\"https:\/\/www.suno.com.br\/noticias\/valor-producao-agropecuaria-deve-subir\/#primaryimage\"},\"image\":{\"@id\":\"https:\/\/www.suno.com.br\/noticias\/valor-producao-agropecuaria-deve-subir\/#primaryimage\"},\"thumbnailUrl\":\"https:\/\/files.sunoresearch.com.br\/n\/uploads\/2018\/12\/dd956662-produ\u00e7\u00e3o-jpg.webp\",\"datePublished\":\"2018-12-18T19:54:13+00:00\",\"description\":\"A produ\u00e7\u00e3o agr\u00edcola equivale a R$ 388,1 bi e a pecu\u00e1ria R$ 182,8 bi. Em 2018, a produ\u00e7\u00e3o pode fechar em R$ 573,87 bi. Clique para saber mais.\",\"breadcrumb\":{\"@id\":\"https:\/\/www.suno.com.br\/noticias\/valor-producao-agropecuaria-deve-subir\/#breadcrumb\"},\"inLanguage\":\"pt-BR\",\"potentialAction\":[{\"@type\":\"ReadAction\",\"target\":[\"https:\/\/www.suno.com.br\/noticias\/valor-producao-agropecuaria-deve-subir\/\"]}]},{\"@type\":\"ImageObject\",\"inLanguage\":\"pt-BR\",\"@id\":\"https:\/\/www.suno.com.br\/noticias\/valor-producao-agropecuaria-deve-subir\/#primaryimage\",\"url\":\"https:\/\/files.sunoresearch.com.br\/n\/uploads\/2018\/12\/dd956662-produ\u00e7\u00e3o-jpg.webp\",\"contentUrl\":\"https:\/\/files.sunoresearch.com.br\/n\/uploads\/2018\/12\/dd956662-produ\u00e7\u00e3o-jpg.webp\",\"width\":754,\"height\":465,\"caption\":\"Agricultor paulista recebeu 1,41% mais por sua produ\u00e7\u00e3o em janeiro. diz IEA\"},{\"@type\":\"BreadcrumbList\",\"@id\":\"https:\/\/www.suno.com.br\/noticias\/valor-producao-agropecuaria-deve-subir\/#breadcrumb\",\"itemListElement\":[{\"@type\":\"ListItem\",\"position\":1,\"name\":\"Not\u00edcias\",\"item\":\"https:\/\/www.suno.com.br\/noticias\/\"},{\"@type\":\"ListItem\",\"position\":2,\"name\":\"Neg\u00f3cios\",\"item\":\"https:\/\/www.suno.com.br\/noticias\/negocios\/\"},{\"@type\":\"ListItem\",\"position\":3,\"name\":\"Valor da produ\u00e7\u00e3o agropecu\u00e1ria deve subir para R$ 584,6 bi em 2019\"}]},{\"@type\":\"WebSite\",\"@id\":\"https:\/\/www.suno.com.br\/noticias\/#website\",\"url\":\"https:\/\/www.suno.com.br\/noticias\/\",\"name\":\"Suno Not\u00edcias\",\"description\":\"Seu portal de informa\u00e7\u00e3o sobre o mundo dos investimentos\",\"publisher\":{\"@id\":\"https:\/\/www.suno.com.br\/noticias\/#organization\"},\"potentialAction\":[{\"@type\":\"SearchAction\",\"target\":{\"@type\":\"EntryPoint\",\"urlTemplate\":\"https:\/\/www.suno.com.br\/noticias\/?s={search_term_string}\"},\"query-input\":{\"@type\":\"PropertyValueSpecification\",\"valueRequired\":true,\"valueName\":\"search_term_string\"}}],\"inLanguage\":\"pt-BR\"},{\"@type\":\"Organization\",\"@id\":\"https:\/\/www.suno.com.br\/noticias\/#organization\",\"name\":\"Suno Not\u00edcias\",\"url\":\"https:\/\/www.suno.com.br\/noticias\/\",\"logo\":{\"@type\":\"ImageObject\",\"inLanguage\":\"pt-BR\",\"@id\":\"https:\/\/www.suno.com.br\/noticias\/#\/schema\/logo\/image\/\",\"url\":\"https:\/\/files.sunoresearch.com.br\/n\/uploads\/2021\/09\/suno-logo.png\",\"contentUrl\":\"https:\/\/files.sunoresearch.com.br\/n\/uploads\/2021\/09\/suno-logo.png\",\"width\":180,\"height\":180,\"caption\":\"Suno Not\u00edcias\"},\"image\":{\"@id\":\"https:\/\/www.suno.com.br\/noticias\/#\/schema\/logo\/image\/\"},\"sameAs\":[\"https:\/\/facebook.com\/sunoresearch\",\"https:\/\/x.com\/sunoresearch\",\"https:\/\/www.instagram.com\/suno\",\"https:\/\/www.linkedin.com\/company\/suno-research\/\",\"https:\/\/www.youtube.com\/c\/sunoresearch\"]},{\"@type\":\"Person\",\"@id\":\"https:\/\/www.suno.com.br\/noticias\/#\/schema\/person\/fc144a1c6108bd1dcd43784e88a3c138\",\"name\":\"Renan Bandeira\",\"image\":{\"@type\":\"ImageObject\",\"inLanguage\":\"pt-BR\",\"@id\":\"https:\/\/www.suno.com.br\/noticias\/#\/schema\/person\/image\/\",\"url\":\"https:\/\/secure.gravatar.com\/avatar\/68359cdb608f14f11bbefcb78f3fc747?s=96&r=g\",\"contentUrl\":\"https:\/\/secure.gravatar.com\/avatar\/68359cdb608f14f11bbefcb78f3fc747?s=96&r=g\",\"caption\":\"Renan Bandeira\"},\"description\":\"Renan Bandeira escreve sobre pol\u00edtica e economia para o portal da Suno Research. Antes da Suno, trabalhou em uma rede de televis\u00e3o, onde fazia reportagens sobre os mesmos temas. Estuda na Universidade Metodista de S\u00e3o Paulo.\",\"url\":\"https:\/\/www.suno.com.br\/noticias\/author\/renan-bandeira\/\"}]}<\/script>\n<!-- \/ Yoast SEO plugin. -->","yoast_head_json":{"title":"Valor da produ\u00e7\u00e3o agropecu\u00e1ria deve subir para R$ 584,6 bi em 2019","description":"A produ\u00e7\u00e3o agr\u00edcola equivale a R$ 388,1 bi e a pecu\u00e1ria R$ 182,8 bi. Em 2018, a produ\u00e7\u00e3o pode fechar em R$ 573,87 bi. Clique para saber mais.","robots":{"index":"index","follow":"follow","max-snippet":"max-snippet:-1","max-image-preview":"max-image-preview:large","max-video-preview":"max-video-preview:-1"},"canonical":"https:\/\/www.suno.com.br\/noticias\/valor-producao-agropecuaria-deve-subir\/","og_locale":"pt_BR","og_type":"article","og_title":"Valor da produ\u00e7\u00e3o agropecu\u00e1ria deve subir para R$ 584,6 bi em 2019","og_description":"A produ\u00e7\u00e3o agr\u00edcola equivale a R$ 388,1 bi e a pecu\u00e1ria R$ 182,8 bi. Em 2018, a produ\u00e7\u00e3o pode fechar em R$ 573,87 bi. Clique para saber mais.","og_url":"https:\/\/www.suno.com.br\/noticias\/valor-producao-agropecuaria-deve-subir\/","og_site_name":"Suno Not\u00edcias","article_publisher":"https:\/\/facebook.com\/sunoresearch","og_image":[{"width":754,"height":465,"url":"https:\/\/files.sunoresearch.com.br\/n\/uploads\/2018\/12\/dd956662-produ\u00e7\u00e3o.jpg","type":"image\/jpeg"}],"author":"Renan Bandeira","twitter_card":"summary_large_image","twitter_creator":"@sunoresearch","twitter_site":"@sunoresearch","twitter_misc":{"Escrito por":"Renan Bandeira","Est. tempo de leitura":"1 minuto"},"schema":{"@context":"https:\/\/schema.org","@graph":[{"@type":"NewsArticle","@id":"https:\/\/www.suno.com.br\/noticias\/valor-producao-agropecuaria-deve-subir\/#article","isPartOf":{"@id":"https:\/\/www.suno.com.br\/noticias\/valor-producao-agropecuaria-deve-subir\/"},"author":{"name":"Renan Bandeira","@id":"https:\/\/www.suno.com.br\/noticias\/#\/schema\/person\/fc144a1c6108bd1dcd43784e88a3c138"},"headline":"Valor da produ\u00e7\u00e3o agropecu\u00e1ria deve subir para R$ 584,6 bi em 2019","datePublished":"2018-12-18T19:54:13+00:00","mainEntityOfPage":{"@id":"https:\/\/www.suno.com.br\/noticias\/valor-producao-agropecuaria-deve-subir\/"},"wordCount":245,"publisher":{"@id":"https:\/\/www.suno.com.br\/noticias\/#organization"},"image":{"@id":"https:\/\/www.suno.com.br\/noticias\/valor-producao-agropecuaria-deve-subir\/#primaryimage"},"thumbnailUrl":"https:\/\/files.sunoresearch.com.br\/n\/uploads\/2018\/12\/dd956662-produ\u00e7\u00e3o-jpg.webp","articleSection":["Neg\u00f3cios"],"inLanguage":"pt-BR"},{"@type":"WebPage","@id":"https:\/\/www.suno.com.br\/noticias\/valor-producao-agropecuaria-deve-subir\/","url":"https:\/\/www.suno.com.br\/noticias\/valor-producao-agropecuaria-deve-subir\/","name":"Valor da produ\u00e7\u00e3o agropecu\u00e1ria deve subir para R$ 584,6 bi em 2019","isPartOf":{"@id":"https:\/\/www.suno.com.br\/noticias\/#website"},"primaryImageOfPage":{"@id":"https:\/\/www.suno.com.br\/noticias\/valor-producao-agropecuaria-deve-subir\/#primaryimage"},"image":{"@id":"https:\/\/www.suno.com.br\/noticias\/valor-producao-agropecuaria-deve-subir\/#primaryimage"},"thumbnailUrl":"https:\/\/files.sunoresearch.com.br\/n\/uploads\/2018\/12\/dd956662-produ\u00e7\u00e3o-jpg.webp","datePublished":"2018-12-18T19:54:13+00:00","description":"A produ\u00e7\u00e3o agr\u00edcola equivale a R$ 388,1 bi e a pecu\u00e1ria R$ 182,8 bi. Em 2018, a produ\u00e7\u00e3o pode fechar em R$ 573,87 bi. Clique para saber mais.","breadcrumb":{"@id":"https:\/\/www.suno.com.br\/noticias\/valor-producao-agropecuaria-deve-subir\/#breadcrumb"},"inLanguage":"pt-BR","potentialAction":[{"@type":"ReadAction","target":["https:\/\/www.suno.com.br\/noticias\/valor-producao-agropecuaria-deve-subir\/"]}]},{"@type":"ImageObject","inLanguage":"pt-BR","@id":"https:\/\/www.suno.com.br\/noticias\/valor-producao-agropecuaria-deve-subir\/#primaryimage","url":"https:\/\/files.sunoresearch.com.br\/n\/uploads\/2018\/12\/dd956662-produ\u00e7\u00e3o-jpg.webp","contentUrl":"https:\/\/files.sunoresearch.com.br\/n\/uploads\/2018\/12\/dd956662-produ\u00e7\u00e3o-jpg.webp","width":754,"height":465,"caption":"Agricultor paulista recebeu 1,41% mais por sua produ\u00e7\u00e3o em janeiro. diz IEA"},{"@type":"BreadcrumbList","@id":"https:\/\/www.suno.com.br\/noticias\/valor-producao-agropecuaria-deve-subir\/#breadcrumb","itemListElement":[{"@type":"ListItem","position":1,"name":"Not\u00edcias","item":"https:\/\/www.suno.com.br\/noticias\/"},{"@type":"ListItem","position":2,"name":"Neg\u00f3cios","item":"https:\/\/www.suno.com.br\/noticias\/negocios\/"},{"@type":"ListItem","position":3,"name":"Valor da produ\u00e7\u00e3o agropecu\u00e1ria deve subir para R$ 584,6 bi em 2019"}]},{"@type":"WebSite","@id":"https:\/\/www.suno.com.br\/noticias\/#website","url":"https:\/\/www.suno.com.br\/noticias\/","name":"Suno Not\u00edcias","description":"Seu portal de informa\u00e7\u00e3o sobre o mundo dos investimentos","publisher":{"@id":"https:\/\/www.suno.com.br\/noticias\/#organization"},"potentialAction":[{"@type":"SearchAction","target":{"@type":"EntryPoint","urlTemplate":"https:\/\/www.suno.com.br\/noticias\/?s={search_term_string}"},"query-input":{"@type":"PropertyValueSpecification","valueRequired":true,"valueName":"search_term_string"}}],"inLanguage":"pt-BR"},{"@type":"Organization","@id":"https:\/\/www.suno.com.br\/noticias\/#organization","name":"Suno Not\u00edcias","url":"https:\/\/www.suno.com.br\/noticias\/","logo":{"@type":"ImageObject","inLanguage":"pt-BR","@id":"https:\/\/www.suno.com.br\/noticias\/#\/schema\/logo\/image\/","url":"https:\/\/files.sunoresearch.com.br\/n\/uploads\/2021\/09\/suno-logo.png","contentUrl":"https:\/\/files.sunoresearch.com.br\/n\/uploads\/2021\/09\/suno-logo.png","width":180,"height":180,"caption":"Suno Not\u00edcias"},"image":{"@id":"https:\/\/www.suno.com.br\/noticias\/#\/schema\/logo\/image\/"},"sameAs":["https:\/\/facebook.com\/sunoresearch","https:\/\/x.com\/sunoresearch","https:\/\/www.instagram.com\/suno","https:\/\/www.linkedin.com\/company\/suno-research\/","https:\/\/www.youtube.com\/c\/sunoresearch"]},{"@type":"Person","@id":"https:\/\/www.suno.com.br\/noticias\/#\/schema\/person\/fc144a1c6108bd1dcd43784e88a3c138","name":"Renan Bandeira","image":{"@type":"ImageObject","inLanguage":"pt-BR","@id":"https:\/\/www.suno.com.br\/noticias\/#\/schema\/person\/image\/","url":"https:\/\/secure.gravatar.com\/avatar\/68359cdb608f14f11bbefcb78f3fc747?s=96&r=g","contentUrl":"https:\/\/secure.gravatar.com\/avatar\/68359cdb608f14f11bbefcb78f3fc747?s=96&r=g","caption":"Renan Bandeira"},"description":"Renan Bandeira escreve sobre pol\u00edtica e economia para o portal da Suno Research. Antes da Suno, trabalhou em uma rede de televis\u00e3o, onde fazia reportagens sobre os mesmos temas. Estuda na Universidade Metodista de S\u00e3o Paulo.","url":"https:\/\/www.suno.com.br\/noticias\/author\/renan-bandeira\/"}]}},"default_loop_html":"<div class=\"cardsPage__listCard__boxs\"><div class=\"cardsPage__listCard__boxs__img\"><a href=\"https:\/\/www.suno.com.br\/noticias\/valor-producao-agropecuaria-deve-subir\/\"><img class=\"mask\" src=\"https:\/\/www.suno.com.br\/noticias\/wp-content\/themes\/suno\/resources\/images\/spotlight\/spotlight1img\/bg-mask.png\" alt=\"Image Mask\"\/><img src=\"https:\/\/files.sunoresearch.com.br\/n\/uploads\/2018\/12\/dd956662-produ\u00e7\u00e3o-400x200.webp\" alt=\"Valor da produ\u00e7\u00e3o agropecu\u00e1ria deve subir para R$ 584,6 bi em 2019\"\/><\/a><span class=\"spotlightCategory\"><a href=\"https:\/\/www.suno.com.br\/noticias\/negocios\/\">Neg\u00f3cios<\/a><\/span><\/div><div class=\"cardsPage__listCard__boxs__content\"><a href=\"https:\/\/www.suno.com.br\/noticias\/valor-producao-agropecuaria-deve-subir\/\"><h2 class=\"content__title\">Valor da produ\u00e7\u00e3o agropecu\u00e1ria deve subir para R$ 584,6 bi em 2019<\/h2><\/a><div class=\"newsContent__article__meta\"><div class=\"newsContent__article__meta__authorBox\"><a href=\"https:\/\/www.suno.com.br\/noticias\/author\/renan-bandeira\/\" class=\"authorBox__avatar noMobi\"><img src=\"https:\/\/secure.gravatar.com\/avatar\/68359cdb608f14f11bbefcb78f3fc747?s=96&#038;r=g\" alt=\"Renan Bandeira\"><\/a><div class=\"authorBox__name\"><span>por\n\t\t\t<a href=\"https:\/\/www.suno.com.br\/noticias\/author\/renan-bandeira\/\"><span itemprop=\"author\">Renan Bandeira<\/span><\/a><\/span><time datetime=\"2018-12-18T17:54:13-02:00\" itemprop=\"datePublished\">18\/12\/2018 17:54<\/time><\/div><\/div><\/div><\/div><\/div>","single_layout":"posts","amp_enabled":true,"_links":{"self":[{"href":"https:\/\/www.suno.com.br\/noticias\/wp-json\/wp\/v2\/posts\/9332"}],"collection":[{"href":"https:\/\/www.suno.com.br\/noticias\/wp-json\/wp\/v2\/posts"}],"about":[{"href":"https:\/\/www.suno.com.br\/noticias\/wp-json\/wp\/v2\/types\/post"}],"author":[{"embeddable":true,"href":"https:\/\/www.suno.com.br\/noticias\/wp-json\/wp\/v2\/users\/11"}],"replies":[{"embeddable":true,"href":"https:\/\/www.suno.com.br\/noticias\/wp-json\/wp\/v2\/comments?post=9332"}],"version-history":[{"count":0,"href":"https:\/\/www.suno.com.br\/noticias\/wp-json\/wp\/v2\/posts\/9332\/revisions"}],"wp:featuredmedia":[{"embeddable":true,"href":"https:\/\/www.suno.com.br\/noticias\/wp-json\/wp\/v2\/media\/9341"}],"wp:attachment":[{"href":"https:\/\/www.suno.com.br\/noticias\/wp-json\/wp\/v2\/media?parent=9332"}],"wp:term":[{"taxonomy":"category","embeddable":true,"href":"https:\/\/www.suno.com.br\/noticias\/wp-json\/wp\/v2\/categories?post=9332"},{"taxonomy":"post_tag","embeddable":true,"href":"https:\/\/www.suno.com.br\/noticias\/wp-json\/wp\/v2\/tags?post=9332"},{"taxonomy":"suno_strategy","embeddable":true,"href":"https:\/\/www.suno.com.br\/noticias\/wp-json\/wp\/v2\/suno_strategy?post=9332"}],"curies":[{"name":"wp","href":"https:\/\/api.w.org\/{rel}","templated":true}]}}