{"id":93145,"date":"2020-10-21T10:09:47","date_gmt":"2020-10-21T13:09:47","guid":{"rendered":"https:\/\/www.suno.com.br\/noticias\/?p=93145"},"modified":"2020-10-21T10:09:47","modified_gmt":"2020-10-21T13:09:47","slug":"dolar-hoje-cotacao-queda-0-45-5-58-21102020","status":"publish","type":"post","link":"https:\/\/www.suno.com.br\/noticias\/dolar-hoje-cotacao-queda-0-45-5-58-21102020\/","title":{"rendered":"D\u00f3lar opera em queda de 0,45%, negociado a R$ 5,58"},"content":{"rendered":"<p>Com a esperan\u00e7a de que o acordo sobre pacote trilion\u00e1rio dos Estados Unidos seja aprovado antes das elei\u00e7\u00f5es presid\u00eancias, o <strong><a href=\"https:\/\/www.suno.com.br\/artigos\/dolar\/\">d\u00f3lar<\/a> <\/strong>abriu em queda nesta quarta-feira (21).<\/p>\t<div class=\"wrapper-featured-image\">\n\t\t<figure class=\"spotlightImg\">\n\n\t\t\t<picture>\n\t\t\t\t<source media=\"(max-width: 768px)\" srcset=\"https:\/\/files.sunoresearch.com.br\/n\/uploads\/2020\/10\/b5e1aa20-dolar-400x200.webp\">\n\t\t\t\t<img loading=\"lazy\" decoding=\"async\" class=\"newsContent__article__imgCapa lazyloadDisabled \" src=\"https:\/\/files.sunoresearch.com.br\/n\/uploads\/2020\/10\/b5e1aa20-dolar-800x450.webp\" width=\"800\" height=\"450\" alt=\"D\u00f3lar opera em queda de 0,45%, negociado a R$ 5,58\" fetchpriority=high \/>\n\t\t\t<\/picture>\n\n\t\t\t<figcaption class=\"wp-caption-text wp-caption-text--show\">Por volta das 9h40, o d\u00f3lar operava em queda de 0,45%, negociado a R$ 5,58.<\/figcaption>\n\t\t<\/figure>\n\t<\/div>\n\n\n<div class=\"hubspot-form-wrapper\">\n\t<div id=\"single-form-target\"><\/div>\n<\/div>\n\n<p>Por volta das 9h40, o <a href=\"https:\/\/www.suno.com.br\/artigos\/tipos-de-dolar\/\">d\u00f3lar<\/a> operava em queda de 0,45%, negociado a R$ 5,58. O mercado acompanha o desdobramento entre a Casa Branca e os democratas sobre o pacote de est\u00edmulos da principal economia do mundo.<\/p>\n<p>A presidente da C\u00e2mara dos Deputados dos Estados Unidos, Nancy Pelosi, afirmou na \u00faltima ter\u00e7a-feira (20) que h\u00e1 esperan\u00e7a de que o <strong>pacote de est\u00edmulos<\/strong> dos EUA seja alcan\u00e7ado antes das elei\u00e7\u00f5es presidenciais, no dia 3 de novembro.<\/p>\n<p><a href=\"https:\/\/lp.suno.com.br\/suno-one\/\">No Suno One voc\u00ea aprende a fazer seu dinheiro para trabalhar para voc\u00ea. Cadastre-se gratuitamente agora!<\/a><\/p>\n<p>&#8220;Desde domingo, temos feito algum progresso no estabelecimento de \u00e1reas de acordo e desacordo a fim de decidir como podemos chegar a um compromisso. O prazo de hoje permitiu-nos ver que as decis\u00f5es podem ser alcan\u00e7adas, demonstrando que ambos os lados levam a s\u00e9rio a busca de um compromisso&#8221;, escreveu Pelosi em uma nota direcionada \u00e0 C\u00e2mara sobre a conversa com o secret\u00e1rio do Tesouro, Steven Mnunchin.<\/p>\n<p>A presidente comunicou que retornar\u00e1 as discuss\u00f5es com o secret\u00e1rio nesta quarta-feira.<\/p>\n<h2>Espanha estuda decretar toque de recolher para conter covid-19<\/h2>\n<p>J\u00e1 no cen\u00e1rio europeu, os olhos est\u00e3o voltados para o avan\u00e7o do<strong> novo coronav\u00edrus<\/strong> (covid-19).<\/p>\n<p>Ap\u00f3s a <strong>Irlanda<\/strong> decretar um segundo lockdown, a <strong>Espanha<\/strong> estuda impor toque de recolher para conter uma segunda onda do v\u00edrus.\u00a0 O toque de recolher \u00e9 atualmente decretado em <strong>Paris<\/strong> e outras oito regi\u00f5es metropolitanas da Fran\u00e7a. Desde o in\u00edcio da pandemia foram relatados na Espanha 988 mil casos de infec\u00e7\u00e3o e 34 mil mortes.<\/p>\n<p>&#8220;Eu acredito que a maioria dos cientistas e v\u00e1rias institui\u00e7\u00f5es cient\u00edficas esperam que o v\u00edrus ganhe tra\u00e7\u00e3o novamente em novembro e dezembro, com o clima frio e outros fatores que n\u00e3o t\u00eam nada a ver com o v\u00edrus. Mas ele chegou mais cedo e, deste ponto de vita, foi uma surpresa que, evidentemente, n\u00e3o \u00e9 um bom pren\u00fancio&#8221;, disse a presidente do Banco Central Europeu, Christine Lagarde.<\/p>\n<h2>Destaque nacional \u00e9 vacina da China<\/h2>\n<p>No cen\u00e1rio interno, est\u00e1 a compra de 46 milh\u00f5es de doses de<strong> vacina CoronaVac<\/strong>. O governo federal anunciou ontem que ir\u00e1 comprar o imunizante produzido pelo Instituito Butantan em parceria com a chinesa Sinovac. Desse modo, o Estado dever\u00e1 editar uma nova Medida Provis\u00f3ria para disponibilizar R$ 2,6 bilh\u00f5es at\u00e9 janeiro.<\/p>\n\t<div data-element=\"shortcode-read-more\" class=\"knowMore\">\n\t\t\t\t<span class=\"knowMore__title\">Veja Tamb\u00e9m<\/span>\n\t\t\t\t<a class=\"knowMore__link\" href=\"https:\/\/www.suno.com.br\/noticias\/coronavac-resultado-testes-vacina-coronavirus-doria-coviid-19\/\">\n\t\t\tCoronaVac: resultado de testes da vacina sair\u00e1 em 30 dias, diz Doria\t\t<\/a>\n\t<\/div>\n\n\n<p>A vacina ainda est\u00e1 em fase de testes e sua efic\u00e1cia precisa ser comprovado antes que a Ag\u00eancia Nacional de Vigil\u00e2ncia Sanit\u00e1ria (Anvisa) libere o uso.\u00a0 O ministro da Sa\u00fade, Eduardo Pazuello, informou que quando aprovada, as doses ser\u00e3o distribu\u00eddas a todo o Brasil por meio do Programa Nacional de Imuniza\u00e7\u00f5es (PNI).<\/p>\n<p>No entanto, o presidente da Rep\u00fablica, <strong>Jair Bolsonaro<\/strong> desautorizou nesta quarta o Minist\u00e9rio da Sa\u00fade e afirmou que o governo n\u00e3o ir\u00e1 comprar vacina da China.<\/p>\n<h2>\u00daltima cota\u00e7\u00e3o do d\u00f3lar<\/h2>\n<p>Na \u00faltima sess\u00e3o, ter\u00e7a-feira (21), o <strong>d\u00f3lar<\/strong> encerrou em alta de 0,12%, a R$ 5,611.<\/p>\n\t<p>\n\t\t<a href=\"https:\/\/lp.suno.com.br\/planilha-de-controle-de-investimentos\/\" target=\"_blank\" data-element=\"shortcode-suno-banner\" title=\"Banner SUNO, clique e saiba mais\">\n\t\t\t<picture>\n\t\t\t\t<source media=\"(max-width: 500px)\" srcset=\"https:\/\/files.sunoresearch.com.br\/n\/uploads\/2023\/03\/400x300-Controle-de-Investimentos.png\">\n\t\t\t\t<img class=\"newsContent__article__imgCapa newsContent__article__imgCapa--banner\"\n\t\t\t\t\tsrc=\"https:\/\/files.sunoresearch.com.br\/n\/uploads\/2023\/03\/1420x240-Controle-de-Investimentos.png\"\n\t\t\t\t\tdata-promo-id=\"75934\"\t\t\t\t\t\t\t\t\t\twidth='1420' height='240'\t\t\t\t\talt=\"https:\/\/files.sunoresearch.com.br\/n\/uploads\/2023\/03\/1420x240-Controle-de-Investimentos.png\"\n\t\t\t\t>\n\t\t\t<\/picture>\n\t\t<\/a>\n\t<\/p>\n\n\n","protected":false},"excerpt":{"rendered":"<p>Com a esperan\u00e7a de que o acordo sobre pacote trilion\u00e1rio dos Estados Unidos seja aprovado antes das elei\u00e7\u00f5es presid\u00eancias, o d\u00f3lar abriu em queda nesta quarta-feira (21). Por volta das 9h40, o d\u00f3lar operava em queda de 0,45%, negociado a R$ 5,58. Por volta das 9h40, o d\u00f3lar operava em queda de 0,45%, negociado a [&hellip;]<\/p>\n","protected":false},"author":15,"featured_media":91859,"comment_status":"closed","ping_status":"closed","sticky":false,"template":"","format":"standard","meta":[],"categories":[60],"tags":[1889,711,104567,2487,326,793,1579,719,2735,2417,25002],"suno_strategy":[],"class_list":["post-93145","post","type-post","status-publish","format-standard","has-post-thumbnail","hentry","category-mercado","tag-casa-branca","tag-china","tag-coronavac","tag-coronavirus","tag-dolar","tag-estados-unidos-eua","tag-irlanda","tag-jair-bolsonaro","tag-ministerio-da-saude","tag-nancy-pelosi","tag-vacina"],"yoast_head":"<!-- This site is optimized with the Yoast SEO plugin v24.4 - https:\/\/yoast.com\/wordpress\/plugins\/seo\/ -->\n<title>D\u00f3lar opera em queda de 0,45%, negociado a R$ 5,58<\/title>\n<meta name=\"description\" content=\"Por volta das 9h40, nesta quarta-feira (21), o d\u00f3lar operava em queda de 0,45%, negociado a R$ 5,58. Para saber mais clique aqui\" \/>\n<meta name=\"robots\" content=\"index, follow, max-snippet:-1, max-image-preview:large, max-video-preview:-1\" \/>\n<link rel=\"canonical\" href=\"https:\/\/www.suno.com.br\/noticias\/dolar-hoje-cotacao-queda-0-45-5-58-21102020\/\" \/>\n<meta property=\"og:locale\" content=\"pt_BR\" \/>\n<meta property=\"og:type\" content=\"article\" \/>\n<meta property=\"og:title\" content=\"D\u00f3lar opera em queda de 0,45%, negociado a R$ 5,58\" \/>\n<meta property=\"og:description\" content=\"Por volta das 9h40, nesta quarta-feira (21), o d\u00f3lar operava em queda de 0,45%, negociado a R$ 5,58. Para saber mais clique aqui\" \/>\n<meta property=\"og:url\" content=\"https:\/\/www.suno.com.br\/noticias\/dolar-hoje-cotacao-queda-0-45-5-58-21102020\/\" \/>\n<meta property=\"og:site_name\" content=\"Suno Not\u00edcias\" \/>\n<meta property=\"article:publisher\" content=\"https:\/\/facebook.com\/sunoresearch\" \/>\n<meta property=\"og:image\" content=\"https:\/\/files.sunoresearch.com.br\/n\/uploads\/2020\/10\/b5e1aa20-dolar.jpg\" \/>\n\t<meta property=\"og:image:width\" content=\"960\" \/>\n\t<meta property=\"og:image:height\" content=\"540\" \/>\n\t<meta property=\"og:image:type\" content=\"image\/jpeg\" \/>\n<meta name=\"author\" content=\"Poliana Santos\" \/>\n<meta name=\"twitter:card\" content=\"summary_large_image\" \/>\n<meta name=\"twitter:creator\" content=\"@sunoresearch\" \/>\n<meta name=\"twitter:site\" content=\"@sunoresearch\" \/>\n<meta name=\"twitter:label1\" content=\"Escrito por\" \/>\n\t<meta name=\"twitter:data1\" content=\"Poliana Santos\" \/>\n\t<meta name=\"twitter:label2\" content=\"Est. tempo de leitura\" \/>\n\t<meta name=\"twitter:data2\" content=\"3 minutos\" \/>\n<script type=\"application\/ld+json\" class=\"yoast-schema-graph\">{\"@context\":\"https:\/\/schema.org\",\"@graph\":[{\"@type\":\"NewsArticle\",\"@id\":\"https:\/\/www.suno.com.br\/noticias\/dolar-hoje-cotacao-queda-0-45-5-58-21102020\/#article\",\"isPartOf\":{\"@id\":\"https:\/\/www.suno.com.br\/noticias\/dolar-hoje-cotacao-queda-0-45-5-58-21102020\/\"},\"author\":{\"name\":\"Poliana Santos\",\"@id\":\"https:\/\/www.suno.com.br\/noticias\/#\/schema\/person\/02ec1f752758247878a2bf4abee1aeda\"},\"headline\":\"D\u00f3lar opera em queda de 0,45%, negociado a R$ 5,58\",\"datePublished\":\"2020-10-21T13:09:47+00:00\",\"mainEntityOfPage\":{\"@id\":\"https:\/\/www.suno.com.br\/noticias\/dolar-hoje-cotacao-queda-0-45-5-58-21102020\/\"},\"wordCount\":575,\"publisher\":{\"@id\":\"https:\/\/www.suno.com.br\/noticias\/#organization\"},\"image\":{\"@id\":\"https:\/\/www.suno.com.br\/noticias\/dolar-hoje-cotacao-queda-0-45-5-58-21102020\/#primaryimage\"},\"thumbnailUrl\":\"https:\/\/files.sunoresearch.com.br\/n\/uploads\/2020\/10\/b5e1aa20-dolar-jpg.webp\",\"keywords\":[\"Casa Branca\",\"China\",\"coronavac\",\"coronav\u00edrus\",\"d\u00f3lar\",\"Estados Unidos (EUA)\",\"Irlanda\",\"Jair Bolsonaro\",\"Minist\u00e9rio da Sa\u00fade\",\"Nancy Pelosi\",\"vacina\"],\"articleSection\":[\"Mercado\"],\"inLanguage\":\"pt-BR\"},{\"@type\":\"WebPage\",\"@id\":\"https:\/\/www.suno.com.br\/noticias\/dolar-hoje-cotacao-queda-0-45-5-58-21102020\/\",\"url\":\"https:\/\/www.suno.com.br\/noticias\/dolar-hoje-cotacao-queda-0-45-5-58-21102020\/\",\"name\":\"D\u00f3lar opera em queda de 0,45%, negociado a R$ 5,58\",\"isPartOf\":{\"@id\":\"https:\/\/www.suno.com.br\/noticias\/#website\"},\"primaryImageOfPage\":{\"@id\":\"https:\/\/www.suno.com.br\/noticias\/dolar-hoje-cotacao-queda-0-45-5-58-21102020\/#primaryimage\"},\"image\":{\"@id\":\"https:\/\/www.suno.com.br\/noticias\/dolar-hoje-cotacao-queda-0-45-5-58-21102020\/#primaryimage\"},\"thumbnailUrl\":\"https:\/\/files.sunoresearch.com.br\/n\/uploads\/2020\/10\/b5e1aa20-dolar-jpg.webp\",\"datePublished\":\"2020-10-21T13:09:47+00:00\",\"description\":\"Por volta das 9h40, nesta quarta-feira (21), o d\u00f3lar operava em queda de 0,45%, negociado a R$ 5,58. Para saber mais clique aqui\",\"breadcrumb\":{\"@id\":\"https:\/\/www.suno.com.br\/noticias\/dolar-hoje-cotacao-queda-0-45-5-58-21102020\/#breadcrumb\"},\"inLanguage\":\"pt-BR\",\"potentialAction\":[{\"@type\":\"ReadAction\",\"target\":[\"https:\/\/www.suno.com.br\/noticias\/dolar-hoje-cotacao-queda-0-45-5-58-21102020\/\"]}]},{\"@type\":\"ImageObject\",\"inLanguage\":\"pt-BR\",\"@id\":\"https:\/\/www.suno.com.br\/noticias\/dolar-hoje-cotacao-queda-0-45-5-58-21102020\/#primaryimage\",\"url\":\"https:\/\/files.sunoresearch.com.br\/n\/uploads\/2020\/10\/b5e1aa20-dolar-jpg.webp\",\"contentUrl\":\"https:\/\/files.sunoresearch.com.br\/n\/uploads\/2020\/10\/b5e1aa20-dolar-jpg.webp\",\"width\":960,\"height\":540,\"caption\":\"Por volta das 9h40, o d\u00f3lar operava em queda de 0,45%, negociado a R$ 5,58.\"},{\"@type\":\"BreadcrumbList\",\"@id\":\"https:\/\/www.suno.com.br\/noticias\/dolar-hoje-cotacao-queda-0-45-5-58-21102020\/#breadcrumb\",\"itemListElement\":[{\"@type\":\"ListItem\",\"position\":1,\"name\":\"Not\u00edcias\",\"item\":\"https:\/\/www.suno.com.br\/noticias\/\"},{\"@type\":\"ListItem\",\"position\":2,\"name\":\"Mercado\",\"item\":\"https:\/\/www.suno.com.br\/noticias\/mercado\/\"},{\"@type\":\"ListItem\",\"position\":3,\"name\":\"D\u00f3lar opera em queda de 0,45%, negociado a R$ 5,58\"}]},{\"@type\":\"WebSite\",\"@id\":\"https:\/\/www.suno.com.br\/noticias\/#website\",\"url\":\"https:\/\/www.suno.com.br\/noticias\/\",\"name\":\"Suno Not\u00edcias\",\"description\":\"Seu portal de informa\u00e7\u00e3o sobre o mundo dos investimentos\",\"publisher\":{\"@id\":\"https:\/\/www.suno.com.br\/noticias\/#organization\"},\"potentialAction\":[{\"@type\":\"SearchAction\",\"target\":{\"@type\":\"EntryPoint\",\"urlTemplate\":\"https:\/\/www.suno.com.br\/noticias\/?s={search_term_string}\"},\"query-input\":{\"@type\":\"PropertyValueSpecification\",\"valueRequired\":true,\"valueName\":\"search_term_string\"}}],\"inLanguage\":\"pt-BR\"},{\"@type\":\"Organization\",\"@id\":\"https:\/\/www.suno.com.br\/noticias\/#organization\",\"name\":\"Suno Not\u00edcias\",\"url\":\"https:\/\/www.suno.com.br\/noticias\/\",\"logo\":{\"@type\":\"ImageObject\",\"inLanguage\":\"pt-BR\",\"@id\":\"https:\/\/www.suno.com.br\/noticias\/#\/schema\/logo\/image\/\",\"url\":\"https:\/\/files.sunoresearch.com.br\/n\/uploads\/2021\/09\/suno-logo.png\",\"contentUrl\":\"https:\/\/files.sunoresearch.com.br\/n\/uploads\/2021\/09\/suno-logo.png\",\"width\":180,\"height\":180,\"caption\":\"Suno Not\u00edcias\"},\"image\":{\"@id\":\"https:\/\/www.suno.com.br\/noticias\/#\/schema\/logo\/image\/\"},\"sameAs\":[\"https:\/\/facebook.com\/sunoresearch\",\"https:\/\/x.com\/sunoresearch\",\"https:\/\/www.instagram.com\/suno\",\"https:\/\/www.linkedin.com\/company\/suno-research\/\",\"https:\/\/www.youtube.com\/c\/sunoresearch\"]},{\"@type\":\"Person\",\"@id\":\"https:\/\/www.suno.com.br\/noticias\/#\/schema\/person\/02ec1f752758247878a2bf4abee1aeda\",\"name\":\"Poliana Santos\",\"image\":{\"@type\":\"ImageObject\",\"inLanguage\":\"pt-BR\",\"@id\":\"https:\/\/www.suno.com.br\/noticias\/#\/schema\/person\/image\/\",\"url\":\"https:\/\/secure.gravatar.com\/avatar\/0645bd32f23d87b2130f2b2dff1d3f8d?s=96&r=g\",\"contentUrl\":\"https:\/\/secure.gravatar.com\/avatar\/0645bd32f23d87b2130f2b2dff1d3f8d?s=96&r=g\",\"caption\":\"Poliana Santos\"},\"description\":\"Rep\u00f3rter no Suno Not\u00edcias, com cobertura em mercado financeiro, economia, finan\u00e7as pessoais, renda fixa e varejo. Jornalista formada pela Faculdade C\u00e1sper L\u00edbero e possui passagem na R\u00e1dio Gazeta AM com a produ\u00e7\u00e3o de conte\u00fado sobre economia, pol\u00edtica, sa\u00fade, moda e m\u00fasica. Possui certificado de conclus\u00e3o do curso de An\u00e1lise de Balan\u00e7os pela Funda\u00e7\u00e3o Bradesco, Agenda Brasil pela FAAP, Educa\u00e7\u00e3o Pol\u00edtica por Alexandre Garcia e do Tesouro Direto e Mercado de A\u00e7\u00f5es pela B3.\",\"url\":\"https:\/\/www.suno.com.br\/noticias\/author\/poliana-santos\/\"}]}<\/script>\n<!-- \/ Yoast SEO plugin. -->","yoast_head_json":{"title":"D\u00f3lar opera em queda de 0,45%, negociado a R$ 5,58","description":"Por volta das 9h40, nesta quarta-feira (21), o d\u00f3lar operava em queda de 0,45%, negociado a R$ 5,58. Para saber mais clique aqui","robots":{"index":"index","follow":"follow","max-snippet":"max-snippet:-1","max-image-preview":"max-image-preview:large","max-video-preview":"max-video-preview:-1"},"canonical":"https:\/\/www.suno.com.br\/noticias\/dolar-hoje-cotacao-queda-0-45-5-58-21102020\/","og_locale":"pt_BR","og_type":"article","og_title":"D\u00f3lar opera em queda de 0,45%, negociado a R$ 5,58","og_description":"Por volta das 9h40, nesta quarta-feira (21), o d\u00f3lar operava em queda de 0,45%, negociado a R$ 5,58. Para saber mais clique aqui","og_url":"https:\/\/www.suno.com.br\/noticias\/dolar-hoje-cotacao-queda-0-45-5-58-21102020\/","og_site_name":"Suno Not\u00edcias","article_publisher":"https:\/\/facebook.com\/sunoresearch","og_image":[{"width":960,"height":540,"url":"https:\/\/files.sunoresearch.com.br\/n\/uploads\/2020\/10\/b5e1aa20-dolar.jpg","type":"image\/jpeg"}],"author":"Poliana Santos","twitter_card":"summary_large_image","twitter_creator":"@sunoresearch","twitter_site":"@sunoresearch","twitter_misc":{"Escrito por":"Poliana Santos","Est. tempo de leitura":"3 minutos"},"schema":{"@context":"https:\/\/schema.org","@graph":[{"@type":"NewsArticle","@id":"https:\/\/www.suno.com.br\/noticias\/dolar-hoje-cotacao-queda-0-45-5-58-21102020\/#article","isPartOf":{"@id":"https:\/\/www.suno.com.br\/noticias\/dolar-hoje-cotacao-queda-0-45-5-58-21102020\/"},"author":{"name":"Poliana Santos","@id":"https:\/\/www.suno.com.br\/noticias\/#\/schema\/person\/02ec1f752758247878a2bf4abee1aeda"},"headline":"D\u00f3lar opera em queda de 0,45%, negociado a R$ 5,58","datePublished":"2020-10-21T13:09:47+00:00","mainEntityOfPage":{"@id":"https:\/\/www.suno.com.br\/noticias\/dolar-hoje-cotacao-queda-0-45-5-58-21102020\/"},"wordCount":575,"publisher":{"@id":"https:\/\/www.suno.com.br\/noticias\/#organization"},"image":{"@id":"https:\/\/www.suno.com.br\/noticias\/dolar-hoje-cotacao-queda-0-45-5-58-21102020\/#primaryimage"},"thumbnailUrl":"https:\/\/files.sunoresearch.com.br\/n\/uploads\/2020\/10\/b5e1aa20-dolar-jpg.webp","keywords":["Casa Branca","China","coronavac","coronav\u00edrus","d\u00f3lar","Estados Unidos (EUA)","Irlanda","Jair Bolsonaro","Minist\u00e9rio da Sa\u00fade","Nancy Pelosi","vacina"],"articleSection":["Mercado"],"inLanguage":"pt-BR"},{"@type":"WebPage","@id":"https:\/\/www.suno.com.br\/noticias\/dolar-hoje-cotacao-queda-0-45-5-58-21102020\/","url":"https:\/\/www.suno.com.br\/noticias\/dolar-hoje-cotacao-queda-0-45-5-58-21102020\/","name":"D\u00f3lar opera em queda de 0,45%, negociado a R$ 5,58","isPartOf":{"@id":"https:\/\/www.suno.com.br\/noticias\/#website"},"primaryImageOfPage":{"@id":"https:\/\/www.suno.com.br\/noticias\/dolar-hoje-cotacao-queda-0-45-5-58-21102020\/#primaryimage"},"image":{"@id":"https:\/\/www.suno.com.br\/noticias\/dolar-hoje-cotacao-queda-0-45-5-58-21102020\/#primaryimage"},"thumbnailUrl":"https:\/\/files.sunoresearch.com.br\/n\/uploads\/2020\/10\/b5e1aa20-dolar-jpg.webp","datePublished":"2020-10-21T13:09:47+00:00","description":"Por volta das 9h40, nesta quarta-feira (21), o d\u00f3lar operava em queda de 0,45%, negociado a R$ 5,58. Para saber mais clique aqui","breadcrumb":{"@id":"https:\/\/www.suno.com.br\/noticias\/dolar-hoje-cotacao-queda-0-45-5-58-21102020\/#breadcrumb"},"inLanguage":"pt-BR","potentialAction":[{"@type":"ReadAction","target":["https:\/\/www.suno.com.br\/noticias\/dolar-hoje-cotacao-queda-0-45-5-58-21102020\/"]}]},{"@type":"ImageObject","inLanguage":"pt-BR","@id":"https:\/\/www.suno.com.br\/noticias\/dolar-hoje-cotacao-queda-0-45-5-58-21102020\/#primaryimage","url":"https:\/\/files.sunoresearch.com.br\/n\/uploads\/2020\/10\/b5e1aa20-dolar-jpg.webp","contentUrl":"https:\/\/files.sunoresearch.com.br\/n\/uploads\/2020\/10\/b5e1aa20-dolar-jpg.webp","width":960,"height":540,"caption":"Por volta das 9h40, o d\u00f3lar operava em queda de 0,45%, negociado a R$ 5,58."},{"@type":"BreadcrumbList","@id":"https:\/\/www.suno.com.br\/noticias\/dolar-hoje-cotacao-queda-0-45-5-58-21102020\/#breadcrumb","itemListElement":[{"@type":"ListItem","position":1,"name":"Not\u00edcias","item":"https:\/\/www.suno.com.br\/noticias\/"},{"@type":"ListItem","position":2,"name":"Mercado","item":"https:\/\/www.suno.com.br\/noticias\/mercado\/"},{"@type":"ListItem","position":3,"name":"D\u00f3lar opera em queda de 0,45%, negociado a R$ 5,58"}]},{"@type":"WebSite","@id":"https:\/\/www.suno.com.br\/noticias\/#website","url":"https:\/\/www.suno.com.br\/noticias\/","name":"Suno Not\u00edcias","description":"Seu portal de informa\u00e7\u00e3o sobre o mundo dos investimentos","publisher":{"@id":"https:\/\/www.suno.com.br\/noticias\/#organization"},"potentialAction":[{"@type":"SearchAction","target":{"@type":"EntryPoint","urlTemplate":"https:\/\/www.suno.com.br\/noticias\/?s={search_term_string}"},"query-input":{"@type":"PropertyValueSpecification","valueRequired":true,"valueName":"search_term_string"}}],"inLanguage":"pt-BR"},{"@type":"Organization","@id":"https:\/\/www.suno.com.br\/noticias\/#organization","name":"Suno Not\u00edcias","url":"https:\/\/www.suno.com.br\/noticias\/","logo":{"@type":"ImageObject","inLanguage":"pt-BR","@id":"https:\/\/www.suno.com.br\/noticias\/#\/schema\/logo\/image\/","url":"https:\/\/files.sunoresearch.com.br\/n\/uploads\/2021\/09\/suno-logo.png","contentUrl":"https:\/\/files.sunoresearch.com.br\/n\/uploads\/2021\/09\/suno-logo.png","width":180,"height":180,"caption":"Suno Not\u00edcias"},"image":{"@id":"https:\/\/www.suno.com.br\/noticias\/#\/schema\/logo\/image\/"},"sameAs":["https:\/\/facebook.com\/sunoresearch","https:\/\/x.com\/sunoresearch","https:\/\/www.instagram.com\/suno","https:\/\/www.linkedin.com\/company\/suno-research\/","https:\/\/www.youtube.com\/c\/sunoresearch"]},{"@type":"Person","@id":"https:\/\/www.suno.com.br\/noticias\/#\/schema\/person\/02ec1f752758247878a2bf4abee1aeda","name":"Poliana Santos","image":{"@type":"ImageObject","inLanguage":"pt-BR","@id":"https:\/\/www.suno.com.br\/noticias\/#\/schema\/person\/image\/","url":"https:\/\/secure.gravatar.com\/avatar\/0645bd32f23d87b2130f2b2dff1d3f8d?s=96&r=g","contentUrl":"https:\/\/secure.gravatar.com\/avatar\/0645bd32f23d87b2130f2b2dff1d3f8d?s=96&r=g","caption":"Poliana Santos"},"description":"Rep\u00f3rter no Suno Not\u00edcias, com cobertura em mercado financeiro, economia, finan\u00e7as pessoais, renda fixa e varejo. Jornalista formada pela Faculdade C\u00e1sper L\u00edbero e possui passagem na R\u00e1dio Gazeta AM com a produ\u00e7\u00e3o de conte\u00fado sobre economia, pol\u00edtica, sa\u00fade, moda e m\u00fasica. Possui certificado de conclus\u00e3o do curso de An\u00e1lise de Balan\u00e7os pela Funda\u00e7\u00e3o Bradesco, Agenda Brasil pela FAAP, Educa\u00e7\u00e3o Pol\u00edtica por Alexandre Garcia e do Tesouro Direto e Mercado de A\u00e7\u00f5es pela B3.","url":"https:\/\/www.suno.com.br\/noticias\/author\/poliana-santos\/"}]}},"default_loop_html":"<div class=\"cardsPage__listCard__boxs\"><div class=\"cardsPage__listCard__boxs__img\"><a href=\"https:\/\/www.suno.com.br\/noticias\/dolar-hoje-cotacao-queda-0-45-5-58-21102020\/\"><img class=\"mask\" src=\"https:\/\/www.suno.com.br\/noticias\/wp-content\/themes\/suno\/resources\/images\/spotlight\/spotlight1img\/bg-mask.png\" alt=\"Image Mask\"\/><img src=\"https:\/\/files.sunoresearch.com.br\/n\/uploads\/2020\/10\/b5e1aa20-dolar-400x200.webp\" alt=\"D\u00f3lar opera em queda de 0,45%, negociado a R$ 5,58\"\/><\/a><span class=\"spotlightCategory\"><a href=\"https:\/\/www.suno.com.br\/noticias\/mercado\/\">Mercado<\/a><\/span><\/div><div class=\"cardsPage__listCard__boxs__content\"><a href=\"https:\/\/www.suno.com.br\/noticias\/dolar-hoje-cotacao-queda-0-45-5-58-21102020\/\"><h2 class=\"content__title\">D\u00f3lar opera em queda de 0,45%, negociado a R$ 5,58<\/h2><\/a><div class=\"newsContent__article__meta\"><div class=\"newsContent__article__meta__authorBox\"><a href=\"https:\/\/www.suno.com.br\/noticias\/author\/poliana-santos\/\" class=\"authorBox__avatar noMobi\"><img src=\"https:\/\/files.sunoresearch.com.br\/n\/uploads\/2020\/08\/7ef34026-whatsapp-image-2020-08-03-at-12.37.57-150x150.webp\" alt=\"Poliana Santos\"><\/a><div class=\"authorBox__name\"><span>por\n\t\t\t<a href=\"https:\/\/www.suno.com.br\/noticias\/author\/poliana-santos\/\"><span itemprop=\"author\">Poliana Santos<\/span><\/a><\/span><time datetime=\"2020-10-21T10:09:47-03:00\" itemprop=\"datePublished\">21\/10\/2020 10:09<\/time><\/div><\/div><\/div><\/div><\/div>","single_layout":"posts","amp_enabled":true,"_links":{"self":[{"href":"https:\/\/www.suno.com.br\/noticias\/wp-json\/wp\/v2\/posts\/93145"}],"collection":[{"href":"https:\/\/www.suno.com.br\/noticias\/wp-json\/wp\/v2\/posts"}],"about":[{"href":"https:\/\/www.suno.com.br\/noticias\/wp-json\/wp\/v2\/types\/post"}],"author":[{"embeddable":true,"href":"https:\/\/www.suno.com.br\/noticias\/wp-json\/wp\/v2\/users\/15"}],"replies":[{"embeddable":true,"href":"https:\/\/www.suno.com.br\/noticias\/wp-json\/wp\/v2\/comments?post=93145"}],"version-history":[{"count":0,"href":"https:\/\/www.suno.com.br\/noticias\/wp-json\/wp\/v2\/posts\/93145\/revisions"}],"wp:featuredmedia":[{"embeddable":true,"href":"https:\/\/www.suno.com.br\/noticias\/wp-json\/wp\/v2\/media\/91859"}],"wp:attachment":[{"href":"https:\/\/www.suno.com.br\/noticias\/wp-json\/wp\/v2\/media?parent=93145"}],"wp:term":[{"taxonomy":"category","embeddable":true,"href":"https:\/\/www.suno.com.br\/noticias\/wp-json\/wp\/v2\/categories?post=93145"},{"taxonomy":"post_tag","embeddable":true,"href":"https:\/\/www.suno.com.br\/noticias\/wp-json\/wp\/v2\/tags?post=93145"},{"taxonomy":"suno_strategy","embeddable":true,"href":"https:\/\/www.suno.com.br\/noticias\/wp-json\/wp\/v2\/suno_strategy?post=93145"}],"curies":[{"name":"wp","href":"https:\/\/api.w.org\/{rel}","templated":true}]}}