{"id":9303,"date":"2018-12-18T16:11:12","date_gmt":"2018-12-18T18:11:12","guid":{"rendered":"https:\/\/www.suno.com.br\/noticias\/?p=9303"},"modified":"2018-12-18T16:11:12","modified_gmt":"2018-12-18T18:11:12","slug":"posse-bolsonaro-500-mil","status":"publish","type":"post","link":"https:\/\/www.suno.com.br\/noticias\/posse-bolsonaro-500-mil\/","title":{"rendered":"Posse de Jair Bolsonaro pode ter at\u00e9 500 mil pessoas, diz Etchegoyen"},"content":{"rendered":"<p>A posse do presidente eleito, Jair Bolsonaro, ser\u00e1 uma &#8220;grande festa c\u00edvica&#8221;, afirmou o ministro do Gabinete de Seguran\u00e7a Institucional (GSI), general Sergio Etchegoyen, em entrevista coletiva, nesta ter\u00e7a-feira (18).<\/p>\t<div class=\"wrapper-featured-image\">\n\t\t<figure class=\"spotlightImg\">\n\n\t\t\t<picture>\n\t\t\t\t<source media=\"(max-width: 768px)\" srcset=\"https:\/\/files.sunoresearch.com.br\/n\/uploads\/2018\/12\/852a54d5-jair-bolsonaro-400x200.webp\">\n\t\t\t\t<img loading=\"lazy\" decoding=\"async\" class=\"newsContent__article__imgCapa lazyloadDisabled newsContent__article__imgCapa--noCaption\" src=\"https:\/\/files.sunoresearch.com.br\/n\/uploads\/2018\/12\/852a54d5-jair-bolsonaro-800x450.webp\" width=\"800\" height=\"450\" alt=\"Posse de Jair Bolsonaro pode ter at\u00e9 500 mil pessoas, diz Etchegoyen\" fetchpriority=high \/>\n\t\t\t<\/picture>\n\n\t\t\t<figcaption class=\"wp-caption-text wp-caption-text--hide\">&quot;O Lula, primeiro, n\u00e3o deveria falar, falou besteira&quot;, afirma Bolsonaro<\/figcaption>\n\t\t<\/figure>\n\t<\/div>\n\n\n<p>De acordo com <strong>Etchegoyen<\/strong>, se tratando de um esquema especial de seguran\u00e7a, todos que pretendem acompanhar a cerim\u00f4nia de posse de <strong>Jair Bolsonaro<\/strong> estar\u00e3o seguros.<\/p>\n<p>De acordo com Etchegoyen e o futuro ministro do <strong>GSI<\/strong>, general <strong>Augusto Heleno<\/strong>, \u00e9 muito incerto afirmar a expectativa de p\u00fablico para a cerim\u00f4nia.<\/p>\n<p>\u201cAinda \u00e9 muito incerto prever expectativa de p\u00fablico, estamos com n\u00famero de 250 mil a 500 mil pessoas\u201d, destacou o ministro.<\/p>\n<p>Quando questionado sobre o efetivo policial e sobre o poss\u00edvel uso de snipers, Etchegoyen declarou que\u00a0\u201cn\u00e3o podemos revelar detalhes, mas a <strong>Esplanada<\/strong> estar\u00e1 extremamente segura\u201d.<\/p>\n<p>Al\u00e9m disso, em rela\u00e7\u00e3o a possibilidade de bloquear celulares, o ministro afirmou que se algu\u00e9m conhecesse tal tecnologia, deveria aplic\u00e1-la em pres\u00eddios.<\/p>\n<p>De acordo com o ministro, as reuni\u00f5es para falar sobre a seguran\u00e7a durante a posse come\u00e7aram em setembro. Al\u00e9m disso, ele destacou\u00a0que as bases de planejamento de <strong>seguran\u00e7a<\/strong> est\u00e3o considerando a &#8220;necessidade de seguran\u00e7a do presidente eleito&#8221;.<\/p>\n<p><a href=\"https:\/\/www.suno.com.br\/noticias\/equipe-bolsonaro-estuda-acabar-simples\/\">Saiba mais:\u00a0Estudo coordenado por equipe de Bolsonaro prop\u00f5e acabar com Simples<\/a><\/p>\n<p>Conforme Etchegoyen, a Esplanada ser\u00e1 interditada \u00e0 meia-noite de 30\u00a0de dezembro e n\u00e3o haver\u00e1 expediente dia 31. Al\u00e9m disso, na madrugada do dia 31 a Esplanada ser\u00e1 ocupada pela estrutura de seguran\u00e7a.<\/p>\n<p>Ainda de acordo com o ministro, o acesso \u00e0 esplanada para pedestres ser\u00e1 pela rodovi\u00e1ria. Segundo ele, n\u00e3o haver\u00e1 ambulantes e os pedestres ser\u00e3o revistados<\/p>\n<p>Conforme o GSI, \u00e9 proibido entrar com alguns objetos para acompanhar a posse de <strong>Jair Bolsonaro<\/strong>. Entre eles:<\/p>\n<ul>\n<li>Carrinho de beb\u00ea;<\/li>\n<li>Bolsas e mochilas;<\/li>\n<li>Guarda-chuvas;<\/li>\n<li>Garrafas;<\/li>\n<li>Objetos cortantes.<\/li>\n<\/ul>\n","protected":false},"excerpt":{"rendered":"<p>A posse do presidente eleito, Jair Bolsonaro, ser\u00e1 uma &#8220;grande festa c\u00edvica&#8221;, afirmou o ministro do Gabinete de Seguran\u00e7a Institucional (GSI), general Sergio Etchegoyen, em entrevista coletiva, nesta ter\u00e7a-feira (18). &quot;O Lula, primeiro, n\u00e3o deveria falar, falou besteira&quot;, afirma Bolsonaro De acordo com Etchegoyen, se tratando de um esquema especial de seguran\u00e7a, todos que pretendem [&hellip;]<\/p>\n","protected":false},"author":11,"featured_media":9315,"comment_status":"closed","ping_status":"closed","sticky":false,"template":"","format":"standard","meta":[],"categories":[61],"tags":[719],"suno_strategy":[],"class_list":["post-9303","post","type-post","status-publish","format-standard","has-post-thumbnail","hentry","category-politica","tag-jair-bolsonaro"],"yoast_head":"<!-- This site is optimized with the Yoast SEO plugin v24.4 - https:\/\/yoast.com\/wordpress\/plugins\/seo\/ -->\n<title>Posse de Jair Bolsonaro pode ter at\u00e9 500 mil pessoas, diz Etchegoyen<\/title>\n<meta name=\"description\" content=\"O esquema de seguran\u00e7a para Jair Bolsonaro se formar\u00e1 um dia antes da cerim\u00f4nia; Todos os pedestres passar\u00e3o por revistas. Clique para saber mais.\" \/>\n<meta name=\"robots\" content=\"index, follow, max-snippet:-1, max-image-preview:large, max-video-preview:-1\" \/>\n<link rel=\"canonical\" href=\"https:\/\/www.suno.com.br\/noticias\/posse-bolsonaro-500-mil\/\" \/>\n<meta property=\"og:locale\" content=\"pt_BR\" \/>\n<meta property=\"og:type\" content=\"article\" \/>\n<meta property=\"og:title\" content=\"Posse de Jair Bolsonaro pode ter at\u00e9 500 mil pessoas, diz Etchegoyen\" \/>\n<meta property=\"og:description\" content=\"O esquema de seguran\u00e7a para Jair Bolsonaro se formar\u00e1 um dia antes da cerim\u00f4nia; Todos os pedestres passar\u00e3o por revistas. Clique para saber mais.\" \/>\n<meta property=\"og:url\" content=\"https:\/\/www.suno.com.br\/noticias\/posse-bolsonaro-500-mil\/\" \/>\n<meta property=\"og:site_name\" content=\"Suno Not\u00edcias\" \/>\n<meta property=\"article:publisher\" content=\"https:\/\/facebook.com\/sunoresearch\" \/>\n<meta property=\"og:image\" content=\"https:\/\/files.sunoresearch.com.br\/n\/uploads\/2018\/12\/852a54d5-jair-bolsonaro.jpg\" \/>\n\t<meta property=\"og:image:width\" content=\"2003\" \/>\n\t<meta property=\"og:image:height\" content=\"1312\" \/>\n\t<meta property=\"og:image:type\" content=\"image\/jpeg\" \/>\n<meta name=\"author\" content=\"Renan Bandeira\" \/>\n<meta name=\"twitter:card\" content=\"summary_large_image\" \/>\n<meta name=\"twitter:creator\" content=\"@sunoresearch\" \/>\n<meta name=\"twitter:site\" content=\"@sunoresearch\" \/>\n<meta name=\"twitter:label1\" content=\"Escrito por\" \/>\n\t<meta name=\"twitter:data1\" content=\"Renan Bandeira\" \/>\n\t<meta name=\"twitter:label2\" content=\"Est. tempo de leitura\" \/>\n\t<meta name=\"twitter:data2\" content=\"2 minutos\" \/>\n<script type=\"application\/ld+json\" class=\"yoast-schema-graph\">{\"@context\":\"https:\/\/schema.org\",\"@graph\":[{\"@type\":\"NewsArticle\",\"@id\":\"https:\/\/www.suno.com.br\/noticias\/posse-bolsonaro-500-mil\/#article\",\"isPartOf\":{\"@id\":\"https:\/\/www.suno.com.br\/noticias\/posse-bolsonaro-500-mil\/\"},\"author\":{\"name\":\"Renan Bandeira\",\"@id\":\"https:\/\/www.suno.com.br\/noticias\/#\/schema\/person\/fc144a1c6108bd1dcd43784e88a3c138\"},\"headline\":\"Posse de Jair Bolsonaro pode ter at\u00e9 500 mil pessoas, diz Etchegoyen\",\"datePublished\":\"2018-12-18T18:11:12+00:00\",\"mainEntityOfPage\":{\"@id\":\"https:\/\/www.suno.com.br\/noticias\/posse-bolsonaro-500-mil\/\"},\"wordCount\":315,\"publisher\":{\"@id\":\"https:\/\/www.suno.com.br\/noticias\/#organization\"},\"image\":{\"@id\":\"https:\/\/www.suno.com.br\/noticias\/posse-bolsonaro-500-mil\/#primaryimage\"},\"thumbnailUrl\":\"https:\/\/files.sunoresearch.com.br\/n\/uploads\/2018\/12\/852a54d5-jair-bolsonaro-jpg.webp\",\"keywords\":[\"Jair Bolsonaro\"],\"articleSection\":[\"Pol\u00edtica\"],\"inLanguage\":\"pt-BR\"},{\"@type\":\"WebPage\",\"@id\":\"https:\/\/www.suno.com.br\/noticias\/posse-bolsonaro-500-mil\/\",\"url\":\"https:\/\/www.suno.com.br\/noticias\/posse-bolsonaro-500-mil\/\",\"name\":\"Posse de Jair Bolsonaro pode ter at\u00e9 500 mil pessoas, diz Etchegoyen\",\"isPartOf\":{\"@id\":\"https:\/\/www.suno.com.br\/noticias\/#website\"},\"primaryImageOfPage\":{\"@id\":\"https:\/\/www.suno.com.br\/noticias\/posse-bolsonaro-500-mil\/#primaryimage\"},\"image\":{\"@id\":\"https:\/\/www.suno.com.br\/noticias\/posse-bolsonaro-500-mil\/#primaryimage\"},\"thumbnailUrl\":\"https:\/\/files.sunoresearch.com.br\/n\/uploads\/2018\/12\/852a54d5-jair-bolsonaro-jpg.webp\",\"datePublished\":\"2018-12-18T18:11:12+00:00\",\"description\":\"O esquema de seguran\u00e7a para Jair Bolsonaro se formar\u00e1 um dia antes da cerim\u00f4nia; Todos os pedestres passar\u00e3o por revistas. Clique para saber mais.\",\"breadcrumb\":{\"@id\":\"https:\/\/www.suno.com.br\/noticias\/posse-bolsonaro-500-mil\/#breadcrumb\"},\"inLanguage\":\"pt-BR\",\"potentialAction\":[{\"@type\":\"ReadAction\",\"target\":[\"https:\/\/www.suno.com.br\/noticias\/posse-bolsonaro-500-mil\/\"]}]},{\"@type\":\"ImageObject\",\"inLanguage\":\"pt-BR\",\"@id\":\"https:\/\/www.suno.com.br\/noticias\/posse-bolsonaro-500-mil\/#primaryimage\",\"url\":\"https:\/\/files.sunoresearch.com.br\/n\/uploads\/2018\/12\/852a54d5-jair-bolsonaro-jpg.webp\",\"contentUrl\":\"https:\/\/files.sunoresearch.com.br\/n\/uploads\/2018\/12\/852a54d5-jair-bolsonaro-jpg.webp\",\"width\":2003,\"height\":1312,\"caption\":\"\\\"O Lula, primeiro, n\u00e3o deveria falar, falou besteira\\\", afirma Bolsonaro\"},{\"@type\":\"BreadcrumbList\",\"@id\":\"https:\/\/www.suno.com.br\/noticias\/posse-bolsonaro-500-mil\/#breadcrumb\",\"itemListElement\":[{\"@type\":\"ListItem\",\"position\":1,\"name\":\"Not\u00edcias\",\"item\":\"https:\/\/www.suno.com.br\/noticias\/\"},{\"@type\":\"ListItem\",\"position\":2,\"name\":\"Pol\u00edtica\",\"item\":\"https:\/\/www.suno.com.br\/noticias\/politica\/\"},{\"@type\":\"ListItem\",\"position\":3,\"name\":\"Posse de Jair Bolsonaro pode ter at\u00e9 500 mil pessoas, diz Etchegoyen\"}]},{\"@type\":\"WebSite\",\"@id\":\"https:\/\/www.suno.com.br\/noticias\/#website\",\"url\":\"https:\/\/www.suno.com.br\/noticias\/\",\"name\":\"Suno Not\u00edcias\",\"description\":\"Seu portal de informa\u00e7\u00e3o sobre o mundo dos investimentos\",\"publisher\":{\"@id\":\"https:\/\/www.suno.com.br\/noticias\/#organization\"},\"potentialAction\":[{\"@type\":\"SearchAction\",\"target\":{\"@type\":\"EntryPoint\",\"urlTemplate\":\"https:\/\/www.suno.com.br\/noticias\/?s={search_term_string}\"},\"query-input\":{\"@type\":\"PropertyValueSpecification\",\"valueRequired\":true,\"valueName\":\"search_term_string\"}}],\"inLanguage\":\"pt-BR\"},{\"@type\":\"Organization\",\"@id\":\"https:\/\/www.suno.com.br\/noticias\/#organization\",\"name\":\"Suno Not\u00edcias\",\"url\":\"https:\/\/www.suno.com.br\/noticias\/\",\"logo\":{\"@type\":\"ImageObject\",\"inLanguage\":\"pt-BR\",\"@id\":\"https:\/\/www.suno.com.br\/noticias\/#\/schema\/logo\/image\/\",\"url\":\"https:\/\/files.sunoresearch.com.br\/n\/uploads\/2021\/09\/suno-logo.png\",\"contentUrl\":\"https:\/\/files.sunoresearch.com.br\/n\/uploads\/2021\/09\/suno-logo.png\",\"width\":180,\"height\":180,\"caption\":\"Suno Not\u00edcias\"},\"image\":{\"@id\":\"https:\/\/www.suno.com.br\/noticias\/#\/schema\/logo\/image\/\"},\"sameAs\":[\"https:\/\/facebook.com\/sunoresearch\",\"https:\/\/x.com\/sunoresearch\",\"https:\/\/www.instagram.com\/suno\",\"https:\/\/www.linkedin.com\/company\/suno-research\/\",\"https:\/\/www.youtube.com\/c\/sunoresearch\"]},{\"@type\":\"Person\",\"@id\":\"https:\/\/www.suno.com.br\/noticias\/#\/schema\/person\/fc144a1c6108bd1dcd43784e88a3c138\",\"name\":\"Renan Bandeira\",\"image\":{\"@type\":\"ImageObject\",\"inLanguage\":\"pt-BR\",\"@id\":\"https:\/\/www.suno.com.br\/noticias\/#\/schema\/person\/image\/\",\"url\":\"https:\/\/secure.gravatar.com\/avatar\/68359cdb608f14f11bbefcb78f3fc747?s=96&r=g\",\"contentUrl\":\"https:\/\/secure.gravatar.com\/avatar\/68359cdb608f14f11bbefcb78f3fc747?s=96&r=g\",\"caption\":\"Renan Bandeira\"},\"description\":\"Renan Bandeira escreve sobre pol\u00edtica e economia para o portal da Suno Research. Antes da Suno, trabalhou em uma rede de televis\u00e3o, onde fazia reportagens sobre os mesmos temas. Estuda na Universidade Metodista de S\u00e3o Paulo.\",\"url\":\"https:\/\/www.suno.com.br\/noticias\/author\/renan-bandeira\/\"}]}<\/script>\n<!-- \/ Yoast SEO plugin. -->","yoast_head_json":{"title":"Posse de Jair Bolsonaro pode ter at\u00e9 500 mil pessoas, diz Etchegoyen","description":"O esquema de seguran\u00e7a para Jair Bolsonaro se formar\u00e1 um dia antes da cerim\u00f4nia; Todos os pedestres passar\u00e3o por revistas. Clique para saber mais.","robots":{"index":"index","follow":"follow","max-snippet":"max-snippet:-1","max-image-preview":"max-image-preview:large","max-video-preview":"max-video-preview:-1"},"canonical":"https:\/\/www.suno.com.br\/noticias\/posse-bolsonaro-500-mil\/","og_locale":"pt_BR","og_type":"article","og_title":"Posse de Jair Bolsonaro pode ter at\u00e9 500 mil pessoas, diz Etchegoyen","og_description":"O esquema de seguran\u00e7a para Jair Bolsonaro se formar\u00e1 um dia antes da cerim\u00f4nia; Todos os pedestres passar\u00e3o por revistas. Clique para saber mais.","og_url":"https:\/\/www.suno.com.br\/noticias\/posse-bolsonaro-500-mil\/","og_site_name":"Suno Not\u00edcias","article_publisher":"https:\/\/facebook.com\/sunoresearch","og_image":[{"width":2003,"height":1312,"url":"https:\/\/files.sunoresearch.com.br\/n\/uploads\/2018\/12\/852a54d5-jair-bolsonaro.jpg","type":"image\/jpeg"}],"author":"Renan Bandeira","twitter_card":"summary_large_image","twitter_creator":"@sunoresearch","twitter_site":"@sunoresearch","twitter_misc":{"Escrito por":"Renan Bandeira","Est. tempo de leitura":"2 minutos"},"schema":{"@context":"https:\/\/schema.org","@graph":[{"@type":"NewsArticle","@id":"https:\/\/www.suno.com.br\/noticias\/posse-bolsonaro-500-mil\/#article","isPartOf":{"@id":"https:\/\/www.suno.com.br\/noticias\/posse-bolsonaro-500-mil\/"},"author":{"name":"Renan Bandeira","@id":"https:\/\/www.suno.com.br\/noticias\/#\/schema\/person\/fc144a1c6108bd1dcd43784e88a3c138"},"headline":"Posse de Jair Bolsonaro pode ter at\u00e9 500 mil pessoas, diz Etchegoyen","datePublished":"2018-12-18T18:11:12+00:00","mainEntityOfPage":{"@id":"https:\/\/www.suno.com.br\/noticias\/posse-bolsonaro-500-mil\/"},"wordCount":315,"publisher":{"@id":"https:\/\/www.suno.com.br\/noticias\/#organization"},"image":{"@id":"https:\/\/www.suno.com.br\/noticias\/posse-bolsonaro-500-mil\/#primaryimage"},"thumbnailUrl":"https:\/\/files.sunoresearch.com.br\/n\/uploads\/2018\/12\/852a54d5-jair-bolsonaro-jpg.webp","keywords":["Jair Bolsonaro"],"articleSection":["Pol\u00edtica"],"inLanguage":"pt-BR"},{"@type":"WebPage","@id":"https:\/\/www.suno.com.br\/noticias\/posse-bolsonaro-500-mil\/","url":"https:\/\/www.suno.com.br\/noticias\/posse-bolsonaro-500-mil\/","name":"Posse de Jair Bolsonaro pode ter at\u00e9 500 mil pessoas, diz Etchegoyen","isPartOf":{"@id":"https:\/\/www.suno.com.br\/noticias\/#website"},"primaryImageOfPage":{"@id":"https:\/\/www.suno.com.br\/noticias\/posse-bolsonaro-500-mil\/#primaryimage"},"image":{"@id":"https:\/\/www.suno.com.br\/noticias\/posse-bolsonaro-500-mil\/#primaryimage"},"thumbnailUrl":"https:\/\/files.sunoresearch.com.br\/n\/uploads\/2018\/12\/852a54d5-jair-bolsonaro-jpg.webp","datePublished":"2018-12-18T18:11:12+00:00","description":"O esquema de seguran\u00e7a para Jair Bolsonaro se formar\u00e1 um dia antes da cerim\u00f4nia; Todos os pedestres passar\u00e3o por revistas. Clique para saber mais.","breadcrumb":{"@id":"https:\/\/www.suno.com.br\/noticias\/posse-bolsonaro-500-mil\/#breadcrumb"},"inLanguage":"pt-BR","potentialAction":[{"@type":"ReadAction","target":["https:\/\/www.suno.com.br\/noticias\/posse-bolsonaro-500-mil\/"]}]},{"@type":"ImageObject","inLanguage":"pt-BR","@id":"https:\/\/www.suno.com.br\/noticias\/posse-bolsonaro-500-mil\/#primaryimage","url":"https:\/\/files.sunoresearch.com.br\/n\/uploads\/2018\/12\/852a54d5-jair-bolsonaro-jpg.webp","contentUrl":"https:\/\/files.sunoresearch.com.br\/n\/uploads\/2018\/12\/852a54d5-jair-bolsonaro-jpg.webp","width":2003,"height":1312,"caption":"\"O Lula, primeiro, n\u00e3o deveria falar, falou besteira\", afirma Bolsonaro"},{"@type":"BreadcrumbList","@id":"https:\/\/www.suno.com.br\/noticias\/posse-bolsonaro-500-mil\/#breadcrumb","itemListElement":[{"@type":"ListItem","position":1,"name":"Not\u00edcias","item":"https:\/\/www.suno.com.br\/noticias\/"},{"@type":"ListItem","position":2,"name":"Pol\u00edtica","item":"https:\/\/www.suno.com.br\/noticias\/politica\/"},{"@type":"ListItem","position":3,"name":"Posse de Jair Bolsonaro pode ter at\u00e9 500 mil pessoas, diz Etchegoyen"}]},{"@type":"WebSite","@id":"https:\/\/www.suno.com.br\/noticias\/#website","url":"https:\/\/www.suno.com.br\/noticias\/","name":"Suno Not\u00edcias","description":"Seu portal de informa\u00e7\u00e3o sobre o mundo dos investimentos","publisher":{"@id":"https:\/\/www.suno.com.br\/noticias\/#organization"},"potentialAction":[{"@type":"SearchAction","target":{"@type":"EntryPoint","urlTemplate":"https:\/\/www.suno.com.br\/noticias\/?s={search_term_string}"},"query-input":{"@type":"PropertyValueSpecification","valueRequired":true,"valueName":"search_term_string"}}],"inLanguage":"pt-BR"},{"@type":"Organization","@id":"https:\/\/www.suno.com.br\/noticias\/#organization","name":"Suno Not\u00edcias","url":"https:\/\/www.suno.com.br\/noticias\/","logo":{"@type":"ImageObject","inLanguage":"pt-BR","@id":"https:\/\/www.suno.com.br\/noticias\/#\/schema\/logo\/image\/","url":"https:\/\/files.sunoresearch.com.br\/n\/uploads\/2021\/09\/suno-logo.png","contentUrl":"https:\/\/files.sunoresearch.com.br\/n\/uploads\/2021\/09\/suno-logo.png","width":180,"height":180,"caption":"Suno Not\u00edcias"},"image":{"@id":"https:\/\/www.suno.com.br\/noticias\/#\/schema\/logo\/image\/"},"sameAs":["https:\/\/facebook.com\/sunoresearch","https:\/\/x.com\/sunoresearch","https:\/\/www.instagram.com\/suno","https:\/\/www.linkedin.com\/company\/suno-research\/","https:\/\/www.youtube.com\/c\/sunoresearch"]},{"@type":"Person","@id":"https:\/\/www.suno.com.br\/noticias\/#\/schema\/person\/fc144a1c6108bd1dcd43784e88a3c138","name":"Renan Bandeira","image":{"@type":"ImageObject","inLanguage":"pt-BR","@id":"https:\/\/www.suno.com.br\/noticias\/#\/schema\/person\/image\/","url":"https:\/\/secure.gravatar.com\/avatar\/68359cdb608f14f11bbefcb78f3fc747?s=96&r=g","contentUrl":"https:\/\/secure.gravatar.com\/avatar\/68359cdb608f14f11bbefcb78f3fc747?s=96&r=g","caption":"Renan Bandeira"},"description":"Renan Bandeira escreve sobre pol\u00edtica e economia para o portal da Suno Research. Antes da Suno, trabalhou em uma rede de televis\u00e3o, onde fazia reportagens sobre os mesmos temas. Estuda na Universidade Metodista de S\u00e3o Paulo.","url":"https:\/\/www.suno.com.br\/noticias\/author\/renan-bandeira\/"}]}},"default_loop_html":"<div class=\"cardsPage__listCard__boxs\"><div class=\"cardsPage__listCard__boxs__img\"><a href=\"https:\/\/www.suno.com.br\/noticias\/posse-bolsonaro-500-mil\/\"><img class=\"mask\" src=\"https:\/\/www.suno.com.br\/noticias\/wp-content\/themes\/suno\/resources\/images\/spotlight\/spotlight1img\/bg-mask.png\" alt=\"Image Mask\"\/><img src=\"https:\/\/files.sunoresearch.com.br\/n\/uploads\/2018\/12\/852a54d5-jair-bolsonaro-400x200.webp\" alt=\"Posse de Jair Bolsonaro pode ter at\u00e9 500 mil pessoas, diz Etchegoyen\"\/><\/a><span class=\"spotlightCategory\"><a href=\"https:\/\/www.suno.com.br\/noticias\/politica\/\">Pol\u00edtica<\/a><\/span><\/div><div class=\"cardsPage__listCard__boxs__content\"><a href=\"https:\/\/www.suno.com.br\/noticias\/posse-bolsonaro-500-mil\/\"><h2 class=\"content__title\">Posse de Jair Bolsonaro pode ter at\u00e9 500 mil pessoas, diz Etchegoyen<\/h2><\/a><div class=\"newsContent__article__meta\"><div class=\"newsContent__article__meta__authorBox\"><a href=\"https:\/\/www.suno.com.br\/noticias\/author\/renan-bandeira\/\" class=\"authorBox__avatar noMobi\"><img src=\"https:\/\/secure.gravatar.com\/avatar\/68359cdb608f14f11bbefcb78f3fc747?s=96&#038;r=g\" alt=\"Renan Bandeira\"><\/a><div class=\"authorBox__name\"><span>por\n\t\t\t<a href=\"https:\/\/www.suno.com.br\/noticias\/author\/renan-bandeira\/\"><span itemprop=\"author\">Renan Bandeira<\/span><\/a><\/span><time datetime=\"2018-12-18T16:11:12-02:00\" itemprop=\"datePublished\">18\/12\/2018 16:11<\/time><\/div><\/div><\/div><\/div><\/div>","single_layout":"posts","amp_enabled":true,"_links":{"self":[{"href":"https:\/\/www.suno.com.br\/noticias\/wp-json\/wp\/v2\/posts\/9303"}],"collection":[{"href":"https:\/\/www.suno.com.br\/noticias\/wp-json\/wp\/v2\/posts"}],"about":[{"href":"https:\/\/www.suno.com.br\/noticias\/wp-json\/wp\/v2\/types\/post"}],"author":[{"embeddable":true,"href":"https:\/\/www.suno.com.br\/noticias\/wp-json\/wp\/v2\/users\/11"}],"replies":[{"embeddable":true,"href":"https:\/\/www.suno.com.br\/noticias\/wp-json\/wp\/v2\/comments?post=9303"}],"version-history":[{"count":0,"href":"https:\/\/www.suno.com.br\/noticias\/wp-json\/wp\/v2\/posts\/9303\/revisions"}],"wp:featuredmedia":[{"embeddable":true,"href":"https:\/\/www.suno.com.br\/noticias\/wp-json\/wp\/v2\/media\/9315"}],"wp:attachment":[{"href":"https:\/\/www.suno.com.br\/noticias\/wp-json\/wp\/v2\/media?parent=9303"}],"wp:term":[{"taxonomy":"category","embeddable":true,"href":"https:\/\/www.suno.com.br\/noticias\/wp-json\/wp\/v2\/categories?post=9303"},{"taxonomy":"post_tag","embeddable":true,"href":"https:\/\/www.suno.com.br\/noticias\/wp-json\/wp\/v2\/tags?post=9303"},{"taxonomy":"suno_strategy","embeddable":true,"href":"https:\/\/www.suno.com.br\/noticias\/wp-json\/wp\/v2\/suno_strategy?post=9303"}],"curies":[{"name":"wp","href":"https:\/\/api.w.org\/{rel}","templated":true}]}}