{"id":93007,"date":"2020-10-20T18:47:52","date_gmt":"2020-10-20T21:47:52","guid":{"rendered":"https:\/\/www.suno.com.br\/noticias\/?p=93007"},"modified":"2020-10-20T18:47:52","modified_gmt":"2020-10-20T21:47:52","slug":"cvc-corp-operacao-argentina","status":"publish","type":"post","link":"https:\/\/www.suno.com.br\/noticias\/cvc-corp-operacao-argentina\/","title":{"rendered":"CVC Corp estuda reduzir opera\u00e7\u00e3o na Argentina, segundo presidente"},"content":{"rendered":"<p>O presidente da <strong>CVC<\/strong> Corp, <a href=\"https:\/\/www.suno.com.br\/noticias\/cvc-leonel-andrade-ceo-empresa-diz-jornal\/#:~:text=Atualmente%2C%20Leonel%20Andrade%20faz%20parte,Visa%2C%20entre%201996%20e%201998.\">Leonel Andrade,<\/a> informou nessa ter\u00e7a-feira (20), durante uma teleconfer\u00eancia para analistas de mercado, que a companhia estuda reduzir o tamanho da sua opera\u00e7\u00e3o na Argentina &#8220;antes de voltar a crescer&#8221;.<\/p>\t<div class=\"wrapper-featured-image\">\n\t\t<figure class=\"spotlightImg\">\n\n\t\t\t<picture>\n\t\t\t\t<source media=\"(max-width: 768px)\" srcset=\"https:\/\/files.sunoresearch.com.br\/n\/uploads\/2020\/10\/a4b10ec2-cvc-400x200.webp\">\n\t\t\t\t<img loading=\"lazy\" decoding=\"async\" class=\"newsContent__article__imgCapa lazyloadDisabled \" src=\"https:\/\/files.sunoresearch.com.br\/n\/uploads\/2020\/10\/a4b10ec2-cvc-800x450.webp\" width=\"800\" height=\"450\" alt=\"CVC Corp estuda reduzir opera\u00e7\u00e3o na Argentina, segundo presidente\" fetchpriority=high \/>\n\t\t\t<\/picture>\n\n\t\t\t<figcaption class=\"wp-caption-text wp-caption-text--show\">O presidente da CVC Corp  informou  que a companhia estuda reduzir o tamanho da sua opera\u00e7\u00e3o na Argentina &quot;antes de voltar a crescer&quot;.<\/figcaption>\n\t\t<\/figure>\n\t<\/div>\n\n\n<div class=\"hubspot-form-wrapper\">\n\t<div id=\"single-form-target\"><\/div>\n<\/div>\n\n<p>&#8220;A <strong>Argentina<\/strong> tem uma economia cada vez mais dif\u00edcil e o governo n\u00e3o consegue mudar quest\u00f5es internas. Existe muita restri\u00e7\u00e3o para demitir as pessoas. A gente n\u00e3o consegue fazer uma grande reestrutura\u00e7\u00e3o do neg\u00f3cio. Acho que vamos reduzir o escopo da opera\u00e7\u00e3o na <strong>Argentina<\/strong> antes de voltar a crescer&#8221;, disse o presidente da CVC Corp.<\/p>\n<p>Em rela\u00e7\u00e3o \u00e0s empresas que a CVC \u00e9 dona no Pa\u00eds, (Almundo; Ola; Biblos), o executivo explicou que est\u00e1 conversando com os s\u00f3cios para avaliar uma solu\u00e7\u00e3o.<\/p>\n<p><a href=\"https:\/\/lp.suno.com.br\/suno-one\/\">Suno One: acesse gratuitamente eBooks, Minicursos, Artigos e Video Aulas sobre investimentos com um \u00fanico cadastro. Clique para saber mais!<\/a><\/p>\n<p>Andrade ainda lembrou que n\u00e3o foi poss\u00edvel fazer redu\u00e7\u00e3o de sal\u00e1rio e de jornada de trabalho, bem como diminuir outros custos operacionais durante a pandemia do novo <strong>coronav\u00edrus<\/strong> (Covid-19) na Argentina, assim como foi poss\u00edvel no Brasil.<\/p>\n<p>Ainda comparando os dois pa\u00edses, ele afirmou que &#8220;o que que estamos vivendo na Argentina agora \u00e9 o que vivemos no Brasil em junho&#8221;, destacando que a <a href=\"https:\/\/www.suno.com.br\/noticias\/tags\/coronavirus\/\">pandemia de Covid-19<\/a>\u00a0ainda est\u00e1 avan\u00e7ando no pa\u00eds vizinho.<\/p>\n<p>Al\u00e9m disso o executivo salientou que &#8220;na <strong>Argentina<\/strong> \u00e9 preciso aten\u00e7\u00e3o redobrada porque a varia\u00e7\u00e3o de c\u00e2mbio \u00e9 enorme. Precisamos trabalhar muito com <a href=\"https:\/\/www.suno.com.br\/artigos\/como-utilizar-hedge\/\">hedge cambial<\/a> e conservadorismo nas margens. A gente prefere n\u00e3o vender se n\u00e3o for um neg\u00f3cio rent\u00e1vel&#8221;.<\/p>\n<h2>No Brasil, CVC espera crescer no segmento de neg\u00f3cios<\/h2>\n<p>J\u00e1 no Brasil, a dona das marcas CVC e Submarino Viagens, projeta crescer no segmento de neg\u00f3cios, segundo seu presidente.<\/p>\n<p>&#8220;Acho que vamos crescer mais no segmento de neg\u00f3cios. \u00c9 um segmento no qual j\u00e1 temos mais de 60% de mercado e nossos concorrentes est\u00e3o fragilizados&#8221;, disse o executivo apontando que a companhia tem trabalhado na preserva\u00e7\u00e3o do caixa.<\/p>\n\t<div data-element=\"shortcode-read-more\" class=\"knowMore\">\n\t\t\t\t<span class=\"knowMore__title\">Veja tamb\u00e9m<\/span>\n\t\t\t\t<a class=\"knowMore__link\" href=\"https:\/\/www.suno.com.br\/noticias\/cvc-cvcb3-prejuizo-de-228-milhoes-2t20-segundo-trimestre\/\">\n\t\t\tCVC (CVCB3) reverte lucro e tem preju\u00edzo de R$ 252,1 milh\u00f5es no 2T20\t\t<\/a>\n\t<\/div>\n\n\n<p>Al\u00e9m disso, o presidente da <strong>CVC<\/strong> Corp comentou sobre as opera\u00e7\u00f5es diante da pandemia e explicou que &#8220;hoje temos algo como 10% de lojas fechadas. Uma parte delas ainda vai retomar opera\u00e7\u00f5es. E temos lojas novas sendo abertas. Estamos operando normalmente e ganhando mercado&#8221;.<\/p>\n\t<p>\n\t\t<a href=\"https:\/\/lp.suno.com.br\/planilha-de-controle-de-investimentos\/\" target=\"_blank\" data-element=\"shortcode-suno-banner\" title=\"Banner SUNO, clique e saiba mais\">\n\t\t\t<picture>\n\t\t\t\t<source media=\"(max-width: 500px)\" srcset=\"https:\/\/files.sunoresearch.com.br\/n\/uploads\/2023\/03\/400x300-Controle-de-Investimentos.png\">\n\t\t\t\t<img class=\"newsContent__article__imgCapa newsContent__article__imgCapa--banner\"\n\t\t\t\t\tsrc=\"https:\/\/files.sunoresearch.com.br\/n\/uploads\/2023\/03\/1420x240-Controle-de-Investimentos.png\"\n\t\t\t\t\tdata-promo-id=\"75934\"\t\t\t\t\t\t\t\t\t\twidth='1420' height='240'\t\t\t\t\talt=\"https:\/\/files.sunoresearch.com.br\/n\/uploads\/2023\/03\/1420x240-Controle-de-Investimentos.png\"\n\t\t\t\t>\n\t\t\t<\/picture>\n\t\t<\/a>\n\t<\/p>\n\n\n","protected":false},"excerpt":{"rendered":"<p>O presidente da CVC Corp, Leonel Andrade, informou nessa ter\u00e7a-feira (20), durante uma teleconfer\u00eancia para analistas de mercado, que a companhia estuda reduzir o tamanho da sua opera\u00e7\u00e3o na Argentina &#8220;antes de voltar a crescer&#8221;. O presidente da CVC Corp informou que a companhia estuda reduzir o tamanho da sua opera\u00e7\u00e3o na Argentina &quot;antes de [&hellip;]<\/p>\n","protected":false},"author":39,"featured_media":93022,"comment_status":"closed","ping_status":"closed","sticky":false,"template":"","format":"standard","meta":[],"categories":[64],"tags":[699,442],"suno_strategy":[],"class_list":["post-93007","post","type-post","status-publish","format-standard","has-post-thumbnail","hentry","category-negocios","tag-argentina","tag-cvc-cvcb3"],"yoast_head":"<!-- This site is optimized with the Yoast SEO plugin v24.4 - https:\/\/yoast.com\/wordpress\/plugins\/seo\/ -->\n<title>CVC Corp estuda reduzir opera\u00e7\u00e3o na Argentina, segundo presidente<\/title>\n<meta name=\"description\" content=\"O presidente da CVC Corp informou que a companhia estuda reduzir o tamanho da sua opera\u00e7\u00e3o na Argentina. Clique aqui para saber mais.\" \/>\n<meta name=\"robots\" content=\"index, follow, max-snippet:-1, max-image-preview:large, max-video-preview:-1\" \/>\n<link rel=\"canonical\" href=\"https:\/\/www.suno.com.br\/noticias\/cvc-corp-operacao-argentina\/\" \/>\n<meta property=\"og:locale\" content=\"pt_BR\" \/>\n<meta property=\"og:type\" content=\"article\" \/>\n<meta property=\"og:title\" content=\"CVC Corp estuda reduzir opera\u00e7\u00e3o na Argentina, segundo presidente\" \/>\n<meta property=\"og:description\" content=\"O presidente da CVC Corp informou que a companhia estuda reduzir o tamanho da sua opera\u00e7\u00e3o na Argentina. Clique aqui para saber mais.\" \/>\n<meta property=\"og:url\" content=\"https:\/\/www.suno.com.br\/noticias\/cvc-corp-operacao-argentina\/\" \/>\n<meta property=\"og:site_name\" content=\"Suno Not\u00edcias\" \/>\n<meta property=\"article:publisher\" content=\"https:\/\/facebook.com\/sunoresearch\" \/>\n<meta property=\"og:image\" content=\"https:\/\/files.sunoresearch.com.br\/n\/uploads\/2020\/10\/a4b10ec2-cvc.png\" \/>\n\t<meta property=\"og:image:width\" content=\"1000\" \/>\n\t<meta property=\"og:image:height\" content=\"631\" \/>\n\t<meta property=\"og:image:type\" content=\"image\/png\" \/>\n<meta name=\"author\" content=\"Laura Moutinho\" \/>\n<meta name=\"twitter:card\" content=\"summary_large_image\" \/>\n<meta name=\"twitter:creator\" content=\"@sunoresearch\" \/>\n<meta name=\"twitter:site\" content=\"@sunoresearch\" \/>\n<meta name=\"twitter:label1\" content=\"Escrito por\" \/>\n\t<meta name=\"twitter:data1\" content=\"Laura Moutinho\" \/>\n\t<meta name=\"twitter:label2\" content=\"Est. tempo de leitura\" \/>\n\t<meta name=\"twitter:data2\" content=\"2 minutos\" \/>\n<script type=\"application\/ld+json\" class=\"yoast-schema-graph\">{\"@context\":\"https:\/\/schema.org\",\"@graph\":[{\"@type\":\"NewsArticle\",\"@id\":\"https:\/\/www.suno.com.br\/noticias\/cvc-corp-operacao-argentina\/#article\",\"isPartOf\":{\"@id\":\"https:\/\/www.suno.com.br\/noticias\/cvc-corp-operacao-argentina\/\"},\"author\":{\"name\":\"Laura Moutinho\",\"@id\":\"https:\/\/www.suno.com.br\/noticias\/#\/schema\/person\/3df0d2808748b74496efe5dbeaef2c72\"},\"headline\":\"CVC Corp estuda reduzir opera\u00e7\u00e3o na Argentina, segundo presidente\",\"datePublished\":\"2020-10-20T21:47:52+00:00\",\"mainEntityOfPage\":{\"@id\":\"https:\/\/www.suno.com.br\/noticias\/cvc-corp-operacao-argentina\/\"},\"wordCount\":428,\"publisher\":{\"@id\":\"https:\/\/www.suno.com.br\/noticias\/#organization\"},\"image\":{\"@id\":\"https:\/\/www.suno.com.br\/noticias\/cvc-corp-operacao-argentina\/#primaryimage\"},\"thumbnailUrl\":\"https:\/\/files.sunoresearch.com.br\/n\/uploads\/2020\/10\/a4b10ec2-cvc-png.webp\",\"keywords\":[\"Argentina\",\"CVC (CVCB3)\"],\"articleSection\":[\"Neg\u00f3cios\"],\"inLanguage\":\"pt-BR\"},{\"@type\":\"WebPage\",\"@id\":\"https:\/\/www.suno.com.br\/noticias\/cvc-corp-operacao-argentina\/\",\"url\":\"https:\/\/www.suno.com.br\/noticias\/cvc-corp-operacao-argentina\/\",\"name\":\"CVC Corp estuda reduzir opera\u00e7\u00e3o na Argentina, segundo presidente\",\"isPartOf\":{\"@id\":\"https:\/\/www.suno.com.br\/noticias\/#website\"},\"primaryImageOfPage\":{\"@id\":\"https:\/\/www.suno.com.br\/noticias\/cvc-corp-operacao-argentina\/#primaryimage\"},\"image\":{\"@id\":\"https:\/\/www.suno.com.br\/noticias\/cvc-corp-operacao-argentina\/#primaryimage\"},\"thumbnailUrl\":\"https:\/\/files.sunoresearch.com.br\/n\/uploads\/2020\/10\/a4b10ec2-cvc-png.webp\",\"datePublished\":\"2020-10-20T21:47:52+00:00\",\"description\":\"O presidente da CVC Corp informou que a companhia estuda reduzir o tamanho da sua opera\u00e7\u00e3o na Argentina. Clique aqui para saber mais.\",\"breadcrumb\":{\"@id\":\"https:\/\/www.suno.com.br\/noticias\/cvc-corp-operacao-argentina\/#breadcrumb\"},\"inLanguage\":\"pt-BR\",\"potentialAction\":[{\"@type\":\"ReadAction\",\"target\":[\"https:\/\/www.suno.com.br\/noticias\/cvc-corp-operacao-argentina\/\"]}]},{\"@type\":\"ImageObject\",\"inLanguage\":\"pt-BR\",\"@id\":\"https:\/\/www.suno.com.br\/noticias\/cvc-corp-operacao-argentina\/#primaryimage\",\"url\":\"https:\/\/files.sunoresearch.com.br\/n\/uploads\/2020\/10\/a4b10ec2-cvc-png.webp\",\"contentUrl\":\"https:\/\/files.sunoresearch.com.br\/n\/uploads\/2020\/10\/a4b10ec2-cvc-png.webp\",\"width\":1000,\"height\":631,\"caption\":\"O presidente da CVC Corp informou que a companhia estuda reduzir o tamanho da sua opera\u00e7\u00e3o na Argentina \\\"antes de voltar a crescer\\\".\"},{\"@type\":\"BreadcrumbList\",\"@id\":\"https:\/\/www.suno.com.br\/noticias\/cvc-corp-operacao-argentina\/#breadcrumb\",\"itemListElement\":[{\"@type\":\"ListItem\",\"position\":1,\"name\":\"Not\u00edcias\",\"item\":\"https:\/\/www.suno.com.br\/noticias\/\"},{\"@type\":\"ListItem\",\"position\":2,\"name\":\"Neg\u00f3cios\",\"item\":\"https:\/\/www.suno.com.br\/noticias\/negocios\/\"},{\"@type\":\"ListItem\",\"position\":3,\"name\":\"CVC Corp estuda reduzir opera\u00e7\u00e3o na Argentina, segundo presidente\"}]},{\"@type\":\"WebSite\",\"@id\":\"https:\/\/www.suno.com.br\/noticias\/#website\",\"url\":\"https:\/\/www.suno.com.br\/noticias\/\",\"name\":\"Suno Not\u00edcias\",\"description\":\"Seu portal de informa\u00e7\u00e3o sobre o mundo dos investimentos\",\"publisher\":{\"@id\":\"https:\/\/www.suno.com.br\/noticias\/#organization\"},\"potentialAction\":[{\"@type\":\"SearchAction\",\"target\":{\"@type\":\"EntryPoint\",\"urlTemplate\":\"https:\/\/www.suno.com.br\/noticias\/?s={search_term_string}\"},\"query-input\":{\"@type\":\"PropertyValueSpecification\",\"valueRequired\":true,\"valueName\":\"search_term_string\"}}],\"inLanguage\":\"pt-BR\"},{\"@type\":\"Organization\",\"@id\":\"https:\/\/www.suno.com.br\/noticias\/#organization\",\"name\":\"Suno Not\u00edcias\",\"url\":\"https:\/\/www.suno.com.br\/noticias\/\",\"logo\":{\"@type\":\"ImageObject\",\"inLanguage\":\"pt-BR\",\"@id\":\"https:\/\/www.suno.com.br\/noticias\/#\/schema\/logo\/image\/\",\"url\":\"https:\/\/files.sunoresearch.com.br\/n\/uploads\/2021\/09\/suno-logo.png\",\"contentUrl\":\"https:\/\/files.sunoresearch.com.br\/n\/uploads\/2021\/09\/suno-logo.png\",\"width\":180,\"height\":180,\"caption\":\"Suno Not\u00edcias\"},\"image\":{\"@id\":\"https:\/\/www.suno.com.br\/noticias\/#\/schema\/logo\/image\/\"},\"sameAs\":[\"https:\/\/facebook.com\/sunoresearch\",\"https:\/\/x.com\/sunoresearch\",\"https:\/\/www.instagram.com\/suno\",\"https:\/\/www.linkedin.com\/company\/suno-research\/\",\"https:\/\/www.youtube.com\/c\/sunoresearch\"]},{\"@type\":\"Person\",\"@id\":\"https:\/\/www.suno.com.br\/noticias\/#\/schema\/person\/3df0d2808748b74496efe5dbeaef2c72\",\"name\":\"Laura Moutinho\",\"image\":{\"@type\":\"ImageObject\",\"inLanguage\":\"pt-BR\",\"@id\":\"https:\/\/www.suno.com.br\/noticias\/#\/schema\/person\/image\/\",\"url\":\"https:\/\/secure.gravatar.com\/avatar\/7571c7c8ca3a6fca5e41384ece5557ff?s=96&r=g\",\"contentUrl\":\"https:\/\/secure.gravatar.com\/avatar\/7571c7c8ca3a6fca5e41384ece5557ff?s=96&r=g\",\"caption\":\"Laura Moutinho\"},\"description\":\"Estagi\u00e1ria na Suno Not\u00edcias, escreve not\u00edcias que afetam o mercado financeiro. Estuda administra\u00e7\u00e3o na Universidade Presbiteriana Mackenzie.\",\"url\":\"https:\/\/www.suno.com.br\/noticias\/author\/laura-moutinho\/\"}]}<\/script>\n<!-- \/ Yoast SEO plugin. -->","yoast_head_json":{"title":"CVC Corp estuda reduzir opera\u00e7\u00e3o na Argentina, segundo presidente","description":"O presidente da CVC Corp informou que a companhia estuda reduzir o tamanho da sua opera\u00e7\u00e3o na Argentina. Clique aqui para saber mais.","robots":{"index":"index","follow":"follow","max-snippet":"max-snippet:-1","max-image-preview":"max-image-preview:large","max-video-preview":"max-video-preview:-1"},"canonical":"https:\/\/www.suno.com.br\/noticias\/cvc-corp-operacao-argentina\/","og_locale":"pt_BR","og_type":"article","og_title":"CVC Corp estuda reduzir opera\u00e7\u00e3o na Argentina, segundo presidente","og_description":"O presidente da CVC Corp informou que a companhia estuda reduzir o tamanho da sua opera\u00e7\u00e3o na Argentina. Clique aqui para saber mais.","og_url":"https:\/\/www.suno.com.br\/noticias\/cvc-corp-operacao-argentina\/","og_site_name":"Suno Not\u00edcias","article_publisher":"https:\/\/facebook.com\/sunoresearch","og_image":[{"width":1000,"height":631,"url":"https:\/\/files.sunoresearch.com.br\/n\/uploads\/2020\/10\/a4b10ec2-cvc.png","type":"image\/png"}],"author":"Laura Moutinho","twitter_card":"summary_large_image","twitter_creator":"@sunoresearch","twitter_site":"@sunoresearch","twitter_misc":{"Escrito por":"Laura Moutinho","Est. tempo de leitura":"2 minutos"},"schema":{"@context":"https:\/\/schema.org","@graph":[{"@type":"NewsArticle","@id":"https:\/\/www.suno.com.br\/noticias\/cvc-corp-operacao-argentina\/#article","isPartOf":{"@id":"https:\/\/www.suno.com.br\/noticias\/cvc-corp-operacao-argentina\/"},"author":{"name":"Laura Moutinho","@id":"https:\/\/www.suno.com.br\/noticias\/#\/schema\/person\/3df0d2808748b74496efe5dbeaef2c72"},"headline":"CVC Corp estuda reduzir opera\u00e7\u00e3o na Argentina, segundo presidente","datePublished":"2020-10-20T21:47:52+00:00","mainEntityOfPage":{"@id":"https:\/\/www.suno.com.br\/noticias\/cvc-corp-operacao-argentina\/"},"wordCount":428,"publisher":{"@id":"https:\/\/www.suno.com.br\/noticias\/#organization"},"image":{"@id":"https:\/\/www.suno.com.br\/noticias\/cvc-corp-operacao-argentina\/#primaryimage"},"thumbnailUrl":"https:\/\/files.sunoresearch.com.br\/n\/uploads\/2020\/10\/a4b10ec2-cvc-png.webp","keywords":["Argentina","CVC (CVCB3)"],"articleSection":["Neg\u00f3cios"],"inLanguage":"pt-BR"},{"@type":"WebPage","@id":"https:\/\/www.suno.com.br\/noticias\/cvc-corp-operacao-argentina\/","url":"https:\/\/www.suno.com.br\/noticias\/cvc-corp-operacao-argentina\/","name":"CVC Corp estuda reduzir opera\u00e7\u00e3o na Argentina, segundo presidente","isPartOf":{"@id":"https:\/\/www.suno.com.br\/noticias\/#website"},"primaryImageOfPage":{"@id":"https:\/\/www.suno.com.br\/noticias\/cvc-corp-operacao-argentina\/#primaryimage"},"image":{"@id":"https:\/\/www.suno.com.br\/noticias\/cvc-corp-operacao-argentina\/#primaryimage"},"thumbnailUrl":"https:\/\/files.sunoresearch.com.br\/n\/uploads\/2020\/10\/a4b10ec2-cvc-png.webp","datePublished":"2020-10-20T21:47:52+00:00","description":"O presidente da CVC Corp informou que a companhia estuda reduzir o tamanho da sua opera\u00e7\u00e3o na Argentina. Clique aqui para saber mais.","breadcrumb":{"@id":"https:\/\/www.suno.com.br\/noticias\/cvc-corp-operacao-argentina\/#breadcrumb"},"inLanguage":"pt-BR","potentialAction":[{"@type":"ReadAction","target":["https:\/\/www.suno.com.br\/noticias\/cvc-corp-operacao-argentina\/"]}]},{"@type":"ImageObject","inLanguage":"pt-BR","@id":"https:\/\/www.suno.com.br\/noticias\/cvc-corp-operacao-argentina\/#primaryimage","url":"https:\/\/files.sunoresearch.com.br\/n\/uploads\/2020\/10\/a4b10ec2-cvc-png.webp","contentUrl":"https:\/\/files.sunoresearch.com.br\/n\/uploads\/2020\/10\/a4b10ec2-cvc-png.webp","width":1000,"height":631,"caption":"O presidente da CVC Corp informou que a companhia estuda reduzir o tamanho da sua opera\u00e7\u00e3o na Argentina \"antes de voltar a crescer\"."},{"@type":"BreadcrumbList","@id":"https:\/\/www.suno.com.br\/noticias\/cvc-corp-operacao-argentina\/#breadcrumb","itemListElement":[{"@type":"ListItem","position":1,"name":"Not\u00edcias","item":"https:\/\/www.suno.com.br\/noticias\/"},{"@type":"ListItem","position":2,"name":"Neg\u00f3cios","item":"https:\/\/www.suno.com.br\/noticias\/negocios\/"},{"@type":"ListItem","position":3,"name":"CVC Corp estuda reduzir opera\u00e7\u00e3o na Argentina, segundo presidente"}]},{"@type":"WebSite","@id":"https:\/\/www.suno.com.br\/noticias\/#website","url":"https:\/\/www.suno.com.br\/noticias\/","name":"Suno Not\u00edcias","description":"Seu portal de informa\u00e7\u00e3o sobre o mundo dos investimentos","publisher":{"@id":"https:\/\/www.suno.com.br\/noticias\/#organization"},"potentialAction":[{"@type":"SearchAction","target":{"@type":"EntryPoint","urlTemplate":"https:\/\/www.suno.com.br\/noticias\/?s={search_term_string}"},"query-input":{"@type":"PropertyValueSpecification","valueRequired":true,"valueName":"search_term_string"}}],"inLanguage":"pt-BR"},{"@type":"Organization","@id":"https:\/\/www.suno.com.br\/noticias\/#organization","name":"Suno Not\u00edcias","url":"https:\/\/www.suno.com.br\/noticias\/","logo":{"@type":"ImageObject","inLanguage":"pt-BR","@id":"https:\/\/www.suno.com.br\/noticias\/#\/schema\/logo\/image\/","url":"https:\/\/files.sunoresearch.com.br\/n\/uploads\/2021\/09\/suno-logo.png","contentUrl":"https:\/\/files.sunoresearch.com.br\/n\/uploads\/2021\/09\/suno-logo.png","width":180,"height":180,"caption":"Suno Not\u00edcias"},"image":{"@id":"https:\/\/www.suno.com.br\/noticias\/#\/schema\/logo\/image\/"},"sameAs":["https:\/\/facebook.com\/sunoresearch","https:\/\/x.com\/sunoresearch","https:\/\/www.instagram.com\/suno","https:\/\/www.linkedin.com\/company\/suno-research\/","https:\/\/www.youtube.com\/c\/sunoresearch"]},{"@type":"Person","@id":"https:\/\/www.suno.com.br\/noticias\/#\/schema\/person\/3df0d2808748b74496efe5dbeaef2c72","name":"Laura Moutinho","image":{"@type":"ImageObject","inLanguage":"pt-BR","@id":"https:\/\/www.suno.com.br\/noticias\/#\/schema\/person\/image\/","url":"https:\/\/secure.gravatar.com\/avatar\/7571c7c8ca3a6fca5e41384ece5557ff?s=96&r=g","contentUrl":"https:\/\/secure.gravatar.com\/avatar\/7571c7c8ca3a6fca5e41384ece5557ff?s=96&r=g","caption":"Laura Moutinho"},"description":"Estagi\u00e1ria na Suno Not\u00edcias, escreve not\u00edcias que afetam o mercado financeiro. Estuda administra\u00e7\u00e3o na Universidade Presbiteriana Mackenzie.","url":"https:\/\/www.suno.com.br\/noticias\/author\/laura-moutinho\/"}]}},"default_loop_html":"<div class=\"cardsPage__listCard__boxs\"><div class=\"cardsPage__listCard__boxs__img\"><a href=\"https:\/\/www.suno.com.br\/noticias\/cvc-corp-operacao-argentina\/\"><img class=\"mask\" src=\"https:\/\/www.suno.com.br\/noticias\/wp-content\/themes\/suno\/resources\/images\/spotlight\/spotlight1img\/bg-mask.png\" alt=\"Image Mask\"\/><img src=\"https:\/\/files.sunoresearch.com.br\/n\/uploads\/2020\/10\/a4b10ec2-cvc-400x200.webp\" alt=\"CVC Corp estuda reduzir opera\u00e7\u00e3o na Argentina, segundo presidente\"\/><\/a><span class=\"spotlightCategory\"><a href=\"https:\/\/www.suno.com.br\/noticias\/negocios\/\">Neg\u00f3cios<\/a><\/span><\/div><div class=\"cardsPage__listCard__boxs__content\"><a href=\"https:\/\/www.suno.com.br\/noticias\/cvc-corp-operacao-argentina\/\"><h2 class=\"content__title\">CVC Corp estuda reduzir opera\u00e7\u00e3o na Argentina, segundo presidente<\/h2><\/a><div class=\"newsContent__article__meta\"><div class=\"newsContent__article__meta__authorBox\"><a href=\"https:\/\/www.suno.com.br\/noticias\/author\/laura-moutinho\/\" class=\"authorBox__avatar noMobi\"><img src=\"https:\/\/files.sunoresearch.com.br\/n\/uploads\/2020\/08\/531ff69d-whatsapp-image-2020-08-03-at-14.54.38-150x150.webp\" alt=\"Laura Moutinho\"><\/a><div class=\"authorBox__name\"><span>por\n\t\t\t<a href=\"https:\/\/www.suno.com.br\/noticias\/author\/laura-moutinho\/\"><span itemprop=\"author\">Laura Moutinho<\/span><\/a><\/span><time datetime=\"2020-10-20T18:47:52-03:00\" itemprop=\"datePublished\">20\/10\/2020 18:47<\/time><\/div><\/div><\/div><\/div><\/div>","single_layout":"posts","amp_enabled":true,"_links":{"self":[{"href":"https:\/\/www.suno.com.br\/noticias\/wp-json\/wp\/v2\/posts\/93007"}],"collection":[{"href":"https:\/\/www.suno.com.br\/noticias\/wp-json\/wp\/v2\/posts"}],"about":[{"href":"https:\/\/www.suno.com.br\/noticias\/wp-json\/wp\/v2\/types\/post"}],"author":[{"embeddable":true,"href":"https:\/\/www.suno.com.br\/noticias\/wp-json\/wp\/v2\/users\/39"}],"replies":[{"embeddable":true,"href":"https:\/\/www.suno.com.br\/noticias\/wp-json\/wp\/v2\/comments?post=93007"}],"version-history":[{"count":0,"href":"https:\/\/www.suno.com.br\/noticias\/wp-json\/wp\/v2\/posts\/93007\/revisions"}],"wp:featuredmedia":[{"embeddable":true,"href":"https:\/\/www.suno.com.br\/noticias\/wp-json\/wp\/v2\/media\/93022"}],"wp:attachment":[{"href":"https:\/\/www.suno.com.br\/noticias\/wp-json\/wp\/v2\/media?parent=93007"}],"wp:term":[{"taxonomy":"category","embeddable":true,"href":"https:\/\/www.suno.com.br\/noticias\/wp-json\/wp\/v2\/categories?post=93007"},{"taxonomy":"post_tag","embeddable":true,"href":"https:\/\/www.suno.com.br\/noticias\/wp-json\/wp\/v2\/tags?post=93007"},{"taxonomy":"suno_strategy","embeddable":true,"href":"https:\/\/www.suno.com.br\/noticias\/wp-json\/wp\/v2\/suno_strategy?post=93007"}],"curies":[{"name":"wp","href":"https:\/\/api.w.org\/{rel}","templated":true}]}}