{"id":92954,"date":"2020-10-20T15:51:13","date_gmt":"2020-10-20T18:51:13","guid":{"rendered":"https:\/\/www.suno.com.br\/noticias\/?p=92954"},"modified":"2020-10-20T15:51:13","modified_gmt":"2020-10-20T18:51:13","slug":"governo-planeja-ipo-braco-digital-caixa","status":"publish","type":"post","link":"https:\/\/www.suno.com.br\/noticias\/governo-planeja-ipo-braco-digital-caixa\/","title":{"rendered":"Governo planeja IPO do bra\u00e7o digital da Caixa, diz Guedes"},"content":{"rendered":"<p>O ministro da Economia, <a href=\"https:\/\/www.suno.com.br\/tudo-sobre\/paulo-guedes\/\">Paulo Guedes<\/a>, sinalizou nesta ter\u00e7a-feira (20) que o governo federal avalia a <a href=\"https:\/\/www.suno.com.br\/artigos\/ipo\/\">oferta p\u00fablica inicial de a\u00e7\u00f5es (IPO<\/a>, na sigla em ingl\u00eas) do bra\u00e7o digital da <strong>Caixa Econ\u00f4mica Federal<\/strong> para os \u201cpr\u00f3ximos seis meses\u201d.<\/p>\t<div class=\"wrapper-featured-image\">\n\t\t<figure class=\"spotlightImg\">\n\n\t\t\t<picture>\n\t\t\t\t<source media=\"(max-width: 768px)\" srcset=\"https:\/\/files.sunoresearch.com.br\/n\/uploads\/2020\/05\/9f01a828-caixa-tem-400x200.webp\">\n\t\t\t\t<img loading=\"lazy\" decoding=\"async\" class=\"newsContent__article__imgCapa lazyloadDisabled \" src=\"https:\/\/files.sunoresearch.com.br\/n\/uploads\/2020\/05\/9f01a828-caixa-tem-png.webp\" width=\"800\" height=\"450\" alt=\"Governo planeja IPO do bra\u00e7o digital da Caixa, diz Guedes\" fetchpriority=high \/>\n\t\t\t<\/picture>\n\n\t\t\t<figcaption class=\"wp-caption-text wp-caption-text--show\">O ministro da Economia Paulo Guedes indicou que o governo planeja a abrtura de capital do bra\u00e7o digital da Caixa<\/figcaption>\n\t\t<\/figure>\n\t<\/div>\n\n\n<div class=\"hubspot-form-wrapper\">\n\t<div id=\"single-form-target\"><\/div>\n<\/div>\n\n<p>O <a href=\"https:\/\/www.suno.com.br\/artigos\/estatal-so-se-for-de-graca\/\">banco estatal<\/a> foi respons\u00e1vel pela operacionaliza\u00e7\u00e3o do pagamento do <strong>aux\u00edlio emergencial<\/strong> de R$ 600,00, conhecido como coronavoucher. Desse modo, o cen\u00e1rio levou a um movimento de abertura de milh\u00f5es de contas banc\u00e1rias na Caixa para os benefici\u00e1rios receberem os dep\u00f3sitos.<\/p>\n<p>&#8220;N\u00f3s digitalizamos 64 milh\u00f5es de pessoas. O quanto vale um banco com 64 milh\u00f5es de pessoas? Pessoas de baixa renda, mas pessoas que foram bancarizadas pela primeir\u00edssima vez, ent\u00e3o elas v\u00e3o ser leais pelos restos de suas vidas&#8221;, afirmou o ministro Paulo Guedes em transmiss\u00e3o ao vivo com investidores, na Milken Institute Global Conference.<\/p>\n<p><a href=\"https:\/\/lp.suno.com.br\/suno-one\/\">Suno One: acesse gratuitamente eBooks, Minicursos, Artigos e Video Aulas sobre investimentos com um \u00fanico cadastro. Clique para saber mais!<\/a><\/p>\n<p>&#8220;Estamos planejando um IPO desse <a href=\"https:\/\/www.suno.com.br\/artigos\/banco-digital\/\">banco digital<\/a> que n\u00f3s produzimos em menos de seis meses&#8221;, acrescentou o economista. Guedes, no entanto, n\u00e3o esclareceu se sua fala fazia refer\u00eancia \u00e0 Caixa ou somente ao segmento digital da institui\u00e7\u00e3o financeira.<\/p>\n<h2>Com IPO \u00e0 vista, Caixa teria de cindir opera\u00e7\u00f5es<\/h2>\n<p>Os pagamentos do aux\u00edlio emergencial foram efetuados atrav\u00e9s do aplicativo <strong>Caixa Tem<\/strong>, por\u00e9m o banco estatal n\u00e3o possui um bra\u00e7o digital formalmente segregado de suas opera\u00e7\u00f5es, como \u00e9 o caso do Next em rela\u00e7\u00e3o ao <a href=\"https:\/\/www.suno.com.br\/acoes\/bbdc4\/\">Bradesco (BBDC4)<\/a>. Nesse sentido, na hip\u00f3tese de o governo decidir abrir o capital desse bra\u00e7o, ser\u00e1 necess\u00e1rio realizar a cis\u00e3o das opera\u00e7\u00f5es.<\/p>\n\t<div data-element=\"shortcode-read-more\" class=\"knowMore\">\n\t\t\t\t<span class=\"knowMore__title\">Saiba mais<\/span>\n\t\t\t\t<a class=\"knowMore__link\" href=\"https:\/\/www.suno.com.br\/noticias\/caixa-registrou-em-julho-maior-valor-historico-mensal-no-credito-imobiliario\/\">\n\t\t\tCaixa registrou em julho maior valor hist\u00f3rico mensal no cr\u00e9dito imobili\u00e1rio\t\t<\/a>\n\t<\/div>\n\n\n<p>Com o aplicativo, os usu\u00e1rio podem movimentar valores e fazer compras em estabelecimento comerciais atrav\u00e9s de um cart\u00e3o de d\u00e9bito virtual, assim como por meio da tecnologia de QR Code. A plataforma tamb\u00e9m permite o pagamento de contas de \u00e1gua, luz, telefone, g\u00e1s e boletos.<\/p>\n<p>Em setembro, a Caixa j\u00e1 havia comunicado que planeja expandir as opera\u00e7\u00f5es do Caixa Tem para incluir funcionalidade como a oferta de microcr\u00e9dito, seguros e cart\u00f5es.<\/p>\n\t<div data-element=\"shortcode-read-more\" class=\"knowMore\">\n\t\t\t\t<span class=\"knowMore__title\">Veja tamb\u00e9m<\/span>\n\t\t\t\t<a class=\"knowMore__link\" href=\"https:\/\/www.suno.com.br\/noticias\/caixa-seguridade-suspende-ipo-2\/\">\n\t\t\tCaixa Seguridade suspende processo de IPO\t\t<\/a>\n\t<\/div>\n\n\n<p>Ainda no m\u00eas passado, o banco estatal suspendeu pela segunda vez o IPO da Caixa Seguridade, que deve apenas no ano que vem. A abertura de capital da subsidi\u00e1ria da <strong>Caixa Econ\u00f4mica<\/strong> era poderia levantar entre R$ 10 bilh\u00f5es e R$ 15 bilh\u00f5es, se colocando como um dos mais esperados pelo mercado em 2020.<\/p>\n\t<p>\n\t\t<a href=\"https:\/\/lp.suno.com.br\/planilha-de-controle-de-investimentos\/\" target=\"_blank\" data-element=\"shortcode-suno-banner\" title=\"Banner SUNO, clique e saiba mais\">\n\t\t\t<picture>\n\t\t\t\t<source media=\"(max-width: 500px)\" srcset=\"https:\/\/files.sunoresearch.com.br\/n\/uploads\/2023\/03\/400x300-Controle-de-Investimentos.png\">\n\t\t\t\t<img class=\"newsContent__article__imgCapa newsContent__article__imgCapa--banner\"\n\t\t\t\t\tsrc=\"https:\/\/files.sunoresearch.com.br\/n\/uploads\/2023\/03\/1420x240-Controle-de-Investimentos.png\"\n\t\t\t\t\tdata-promo-id=\"75934\"\t\t\t\t\t\t\t\t\t\twidth='1420' height='240'\t\t\t\t\talt=\"https:\/\/files.sunoresearch.com.br\/n\/uploads\/2023\/03\/1420x240-Controle-de-Investimentos.png\"\n\t\t\t\t>\n\t\t\t<\/picture>\n\t\t<\/a>\n\t<\/p>\n\n\n","protected":false},"excerpt":{"rendered":"<p>O ministro da Economia, Paulo Guedes, sinalizou nesta ter\u00e7a-feira (20) que o governo federal avalia a oferta p\u00fablica inicial de a\u00e7\u00f5es (IPO, na sigla em ingl\u00eas) do bra\u00e7o digital da Caixa Econ\u00f4mica Federal para os \u201cpr\u00f3ximos seis meses\u201d. O ministro da Economia Paulo Guedes indicou que o governo planeja a abrtura de capital do bra\u00e7o [&hellip;]<\/p>\n","protected":false},"author":35,"featured_media":66811,"comment_status":"closed","ping_status":"closed","sticky":false,"template":"","format":"standard","meta":[],"categories":[64],"tags":[1199,319,796],"suno_strategy":[],"class_list":["post-92954","post","type-post","status-publish","format-standard","has-post-thumbnail","hentry","category-negocios","tag-caixa-economica-federal-cef","tag-ipo-oferta-inicial-de-acoes","tag-paulo-guedes"],"yoast_head":"<!-- This site is optimized with the Yoast SEO plugin v24.4 - https:\/\/yoast.com\/wordpress\/plugins\/seo\/ -->\n<title>Governo planeja IPO do bra\u00e7o digital da Caixa, diz Guedes<\/title>\n<meta name=\"description\" content=\"O ministro Paulo Guedes, sinalizou que o governo avalia o IPO do bra\u00e7o digital da Caixa para os \u201cpr\u00f3ximos seis meses\u201d. Clique para saber mais\" \/>\n<meta name=\"robots\" content=\"index, follow, max-snippet:-1, max-image-preview:large, max-video-preview:-1\" \/>\n<link rel=\"canonical\" href=\"https:\/\/www.suno.com.br\/noticias\/governo-planeja-ipo-braco-digital-caixa\/\" \/>\n<meta property=\"og:locale\" content=\"pt_BR\" \/>\n<meta property=\"og:type\" content=\"article\" \/>\n<meta property=\"og:title\" content=\"Governo planeja IPO do bra\u00e7o digital da Caixa, diz Guedes\" \/>\n<meta property=\"og:description\" content=\"O ministro Paulo Guedes, sinalizou que o governo avalia o IPO do bra\u00e7o digital da Caixa para os \u201cpr\u00f3ximos seis meses\u201d. Clique para saber mais\" \/>\n<meta property=\"og:url\" content=\"https:\/\/www.suno.com.br\/noticias\/governo-planeja-ipo-braco-digital-caixa\/\" \/>\n<meta property=\"og:site_name\" content=\"Suno Not\u00edcias\" \/>\n<meta property=\"article:publisher\" content=\"https:\/\/facebook.com\/sunoresearch\" \/>\n<meta property=\"og:image\" content=\"https:\/\/files.sunoresearch.com.br\/n\/uploads\/2020\/05\/9f01a828-caixa-tem.png\" \/>\n\t<meta property=\"og:image:width\" content=\"753\" \/>\n\t<meta property=\"og:image:height\" content=\"413\" \/>\n\t<meta property=\"og:image:type\" content=\"image\/png\" \/>\n<meta name=\"author\" content=\"Arthur Guimar\u00e3es\" \/>\n<meta name=\"twitter:card\" content=\"summary_large_image\" \/>\n<meta name=\"twitter:creator\" content=\"@sunoresearch\" \/>\n<meta name=\"twitter:site\" content=\"@sunoresearch\" \/>\n<meta name=\"twitter:label1\" content=\"Escrito por\" \/>\n\t<meta name=\"twitter:data1\" content=\"Arthur Guimar\u00e3es\" \/>\n\t<meta name=\"twitter:label2\" content=\"Est. tempo de leitura\" \/>\n\t<meta name=\"twitter:data2\" content=\"2 minutos\" \/>\n<script type=\"application\/ld+json\" class=\"yoast-schema-graph\">{\"@context\":\"https:\/\/schema.org\",\"@graph\":[{\"@type\":\"NewsArticle\",\"@id\":\"https:\/\/www.suno.com.br\/noticias\/governo-planeja-ipo-braco-digital-caixa\/#article\",\"isPartOf\":{\"@id\":\"https:\/\/www.suno.com.br\/noticias\/governo-planeja-ipo-braco-digital-caixa\/\"},\"author\":{\"name\":\"Arthur Guimar\u00e3es\",\"@id\":\"https:\/\/www.suno.com.br\/noticias\/#\/schema\/person\/053a750a709a263919a20f976caae91c\"},\"headline\":\"Governo planeja IPO do bra\u00e7o digital da Caixa, diz Guedes\",\"datePublished\":\"2020-10-20T18:51:13+00:00\",\"mainEntityOfPage\":{\"@id\":\"https:\/\/www.suno.com.br\/noticias\/governo-planeja-ipo-braco-digital-caixa\/\"},\"wordCount\":467,\"publisher\":{\"@id\":\"https:\/\/www.suno.com.br\/noticias\/#organization\"},\"image\":{\"@id\":\"https:\/\/www.suno.com.br\/noticias\/governo-planeja-ipo-braco-digital-caixa\/#primaryimage\"},\"thumbnailUrl\":\"https:\/\/files.sunoresearch.com.br\/n\/uploads\/2020\/05\/9f01a828-caixa-tem-png.webp\",\"keywords\":[\"Caixa Econ\u00f4mica Federal (CEF)\",\"IPO (Oferta Inicial de A\u00e7\u00f5es)\",\"Paulo Guedes\"],\"articleSection\":[\"Neg\u00f3cios\"],\"inLanguage\":\"pt-BR\"},{\"@type\":\"WebPage\",\"@id\":\"https:\/\/www.suno.com.br\/noticias\/governo-planeja-ipo-braco-digital-caixa\/\",\"url\":\"https:\/\/www.suno.com.br\/noticias\/governo-planeja-ipo-braco-digital-caixa\/\",\"name\":\"Governo planeja IPO do bra\u00e7o digital da Caixa, diz Guedes\",\"isPartOf\":{\"@id\":\"https:\/\/www.suno.com.br\/noticias\/#website\"},\"primaryImageOfPage\":{\"@id\":\"https:\/\/www.suno.com.br\/noticias\/governo-planeja-ipo-braco-digital-caixa\/#primaryimage\"},\"image\":{\"@id\":\"https:\/\/www.suno.com.br\/noticias\/governo-planeja-ipo-braco-digital-caixa\/#primaryimage\"},\"thumbnailUrl\":\"https:\/\/files.sunoresearch.com.br\/n\/uploads\/2020\/05\/9f01a828-caixa-tem-png.webp\",\"datePublished\":\"2020-10-20T18:51:13+00:00\",\"description\":\"O ministro Paulo Guedes, sinalizou que o governo avalia o IPO do bra\u00e7o digital da Caixa para os \u201cpr\u00f3ximos seis meses\u201d. Clique para saber mais\",\"breadcrumb\":{\"@id\":\"https:\/\/www.suno.com.br\/noticias\/governo-planeja-ipo-braco-digital-caixa\/#breadcrumb\"},\"inLanguage\":\"pt-BR\",\"potentialAction\":[{\"@type\":\"ReadAction\",\"target\":[\"https:\/\/www.suno.com.br\/noticias\/governo-planeja-ipo-braco-digital-caixa\/\"]}]},{\"@type\":\"ImageObject\",\"inLanguage\":\"pt-BR\",\"@id\":\"https:\/\/www.suno.com.br\/noticias\/governo-planeja-ipo-braco-digital-caixa\/#primaryimage\",\"url\":\"https:\/\/files.sunoresearch.com.br\/n\/uploads\/2020\/05\/9f01a828-caixa-tem-png.webp\",\"contentUrl\":\"https:\/\/files.sunoresearch.com.br\/n\/uploads\/2020\/05\/9f01a828-caixa-tem-png.webp\",\"width\":753,\"height\":413,\"caption\":\"O ministro da Economia Paulo Guedes indicou que o governo planeja a abrtura de capital do bra\u00e7o digital da Caixa\"},{\"@type\":\"BreadcrumbList\",\"@id\":\"https:\/\/www.suno.com.br\/noticias\/governo-planeja-ipo-braco-digital-caixa\/#breadcrumb\",\"itemListElement\":[{\"@type\":\"ListItem\",\"position\":1,\"name\":\"Not\u00edcias\",\"item\":\"https:\/\/www.suno.com.br\/noticias\/\"},{\"@type\":\"ListItem\",\"position\":2,\"name\":\"Neg\u00f3cios\",\"item\":\"https:\/\/www.suno.com.br\/noticias\/negocios\/\"},{\"@type\":\"ListItem\",\"position\":3,\"name\":\"Governo planeja IPO do bra\u00e7o digital da Caixa, diz Guedes\"}]},{\"@type\":\"WebSite\",\"@id\":\"https:\/\/www.suno.com.br\/noticias\/#website\",\"url\":\"https:\/\/www.suno.com.br\/noticias\/\",\"name\":\"Suno Not\u00edcias\",\"description\":\"Seu portal de informa\u00e7\u00e3o sobre o mundo dos investimentos\",\"publisher\":{\"@id\":\"https:\/\/www.suno.com.br\/noticias\/#organization\"},\"potentialAction\":[{\"@type\":\"SearchAction\",\"target\":{\"@type\":\"EntryPoint\",\"urlTemplate\":\"https:\/\/www.suno.com.br\/noticias\/?s={search_term_string}\"},\"query-input\":{\"@type\":\"PropertyValueSpecification\",\"valueRequired\":true,\"valueName\":\"search_term_string\"}}],\"inLanguage\":\"pt-BR\"},{\"@type\":\"Organization\",\"@id\":\"https:\/\/www.suno.com.br\/noticias\/#organization\",\"name\":\"Suno Not\u00edcias\",\"url\":\"https:\/\/www.suno.com.br\/noticias\/\",\"logo\":{\"@type\":\"ImageObject\",\"inLanguage\":\"pt-BR\",\"@id\":\"https:\/\/www.suno.com.br\/noticias\/#\/schema\/logo\/image\/\",\"url\":\"https:\/\/files.sunoresearch.com.br\/n\/uploads\/2021\/09\/suno-logo.png\",\"contentUrl\":\"https:\/\/files.sunoresearch.com.br\/n\/uploads\/2021\/09\/suno-logo.png\",\"width\":180,\"height\":180,\"caption\":\"Suno Not\u00edcias\"},\"image\":{\"@id\":\"https:\/\/www.suno.com.br\/noticias\/#\/schema\/logo\/image\/\"},\"sameAs\":[\"https:\/\/facebook.com\/sunoresearch\",\"https:\/\/x.com\/sunoresearch\",\"https:\/\/www.instagram.com\/suno\",\"https:\/\/www.linkedin.com\/company\/suno-research\/\",\"https:\/\/www.youtube.com\/c\/sunoresearch\"]},{\"@type\":\"Person\",\"@id\":\"https:\/\/www.suno.com.br\/noticias\/#\/schema\/person\/053a750a709a263919a20f976caae91c\",\"name\":\"Arthur Guimar\u00e3es\",\"image\":{\"@type\":\"ImageObject\",\"inLanguage\":\"pt-BR\",\"@id\":\"https:\/\/www.suno.com.br\/noticias\/#\/schema\/person\/image\/\",\"url\":\"https:\/\/secure.gravatar.com\/avatar\/1affd86a11209ae09eb6dd3bcad3e96c?s=96&r=g\",\"contentUrl\":\"https:\/\/secure.gravatar.com\/avatar\/1affd86a11209ae09eb6dd3bcad3e96c?s=96&r=g\",\"caption\":\"Arthur Guimar\u00e3es\"},\"description\":\"Arthur Guimar\u00e3es escreve sobre pol\u00edtica, economia e neg\u00f3cios para o portal de not\u00edcias da Suno Research. Atualmente, \u00e9 estudante de jornalismo pela Faculdade C\u00e1sper L\u00edbero.\",\"url\":\"https:\/\/www.suno.com.br\/noticias\/author\/arthur-guimaraes\/\"}]}<\/script>\n<!-- \/ Yoast SEO plugin. -->","yoast_head_json":{"title":"Governo planeja IPO do bra\u00e7o digital da Caixa, diz Guedes","description":"O ministro Paulo Guedes, sinalizou que o governo avalia o IPO do bra\u00e7o digital da Caixa para os \u201cpr\u00f3ximos seis meses\u201d. Clique para saber mais","robots":{"index":"index","follow":"follow","max-snippet":"max-snippet:-1","max-image-preview":"max-image-preview:large","max-video-preview":"max-video-preview:-1"},"canonical":"https:\/\/www.suno.com.br\/noticias\/governo-planeja-ipo-braco-digital-caixa\/","og_locale":"pt_BR","og_type":"article","og_title":"Governo planeja IPO do bra\u00e7o digital da Caixa, diz Guedes","og_description":"O ministro Paulo Guedes, sinalizou que o governo avalia o IPO do bra\u00e7o digital da Caixa para os \u201cpr\u00f3ximos seis meses\u201d. Clique para saber mais","og_url":"https:\/\/www.suno.com.br\/noticias\/governo-planeja-ipo-braco-digital-caixa\/","og_site_name":"Suno Not\u00edcias","article_publisher":"https:\/\/facebook.com\/sunoresearch","og_image":[{"width":753,"height":413,"url":"https:\/\/files.sunoresearch.com.br\/n\/uploads\/2020\/05\/9f01a828-caixa-tem.png","type":"image\/png"}],"author":"Arthur Guimar\u00e3es","twitter_card":"summary_large_image","twitter_creator":"@sunoresearch","twitter_site":"@sunoresearch","twitter_misc":{"Escrito por":"Arthur Guimar\u00e3es","Est. tempo de leitura":"2 minutos"},"schema":{"@context":"https:\/\/schema.org","@graph":[{"@type":"NewsArticle","@id":"https:\/\/www.suno.com.br\/noticias\/governo-planeja-ipo-braco-digital-caixa\/#article","isPartOf":{"@id":"https:\/\/www.suno.com.br\/noticias\/governo-planeja-ipo-braco-digital-caixa\/"},"author":{"name":"Arthur Guimar\u00e3es","@id":"https:\/\/www.suno.com.br\/noticias\/#\/schema\/person\/053a750a709a263919a20f976caae91c"},"headline":"Governo planeja IPO do bra\u00e7o digital da Caixa, diz Guedes","datePublished":"2020-10-20T18:51:13+00:00","mainEntityOfPage":{"@id":"https:\/\/www.suno.com.br\/noticias\/governo-planeja-ipo-braco-digital-caixa\/"},"wordCount":467,"publisher":{"@id":"https:\/\/www.suno.com.br\/noticias\/#organization"},"image":{"@id":"https:\/\/www.suno.com.br\/noticias\/governo-planeja-ipo-braco-digital-caixa\/#primaryimage"},"thumbnailUrl":"https:\/\/files.sunoresearch.com.br\/n\/uploads\/2020\/05\/9f01a828-caixa-tem-png.webp","keywords":["Caixa Econ\u00f4mica Federal (CEF)","IPO (Oferta Inicial de A\u00e7\u00f5es)","Paulo Guedes"],"articleSection":["Neg\u00f3cios"],"inLanguage":"pt-BR"},{"@type":"WebPage","@id":"https:\/\/www.suno.com.br\/noticias\/governo-planeja-ipo-braco-digital-caixa\/","url":"https:\/\/www.suno.com.br\/noticias\/governo-planeja-ipo-braco-digital-caixa\/","name":"Governo planeja IPO do bra\u00e7o digital da Caixa, diz Guedes","isPartOf":{"@id":"https:\/\/www.suno.com.br\/noticias\/#website"},"primaryImageOfPage":{"@id":"https:\/\/www.suno.com.br\/noticias\/governo-planeja-ipo-braco-digital-caixa\/#primaryimage"},"image":{"@id":"https:\/\/www.suno.com.br\/noticias\/governo-planeja-ipo-braco-digital-caixa\/#primaryimage"},"thumbnailUrl":"https:\/\/files.sunoresearch.com.br\/n\/uploads\/2020\/05\/9f01a828-caixa-tem-png.webp","datePublished":"2020-10-20T18:51:13+00:00","description":"O ministro Paulo Guedes, sinalizou que o governo avalia o IPO do bra\u00e7o digital da Caixa para os \u201cpr\u00f3ximos seis meses\u201d. Clique para saber mais","breadcrumb":{"@id":"https:\/\/www.suno.com.br\/noticias\/governo-planeja-ipo-braco-digital-caixa\/#breadcrumb"},"inLanguage":"pt-BR","potentialAction":[{"@type":"ReadAction","target":["https:\/\/www.suno.com.br\/noticias\/governo-planeja-ipo-braco-digital-caixa\/"]}]},{"@type":"ImageObject","inLanguage":"pt-BR","@id":"https:\/\/www.suno.com.br\/noticias\/governo-planeja-ipo-braco-digital-caixa\/#primaryimage","url":"https:\/\/files.sunoresearch.com.br\/n\/uploads\/2020\/05\/9f01a828-caixa-tem-png.webp","contentUrl":"https:\/\/files.sunoresearch.com.br\/n\/uploads\/2020\/05\/9f01a828-caixa-tem-png.webp","width":753,"height":413,"caption":"O ministro da Economia Paulo Guedes indicou que o governo planeja a abrtura de capital do bra\u00e7o digital da Caixa"},{"@type":"BreadcrumbList","@id":"https:\/\/www.suno.com.br\/noticias\/governo-planeja-ipo-braco-digital-caixa\/#breadcrumb","itemListElement":[{"@type":"ListItem","position":1,"name":"Not\u00edcias","item":"https:\/\/www.suno.com.br\/noticias\/"},{"@type":"ListItem","position":2,"name":"Neg\u00f3cios","item":"https:\/\/www.suno.com.br\/noticias\/negocios\/"},{"@type":"ListItem","position":3,"name":"Governo planeja IPO do bra\u00e7o digital da Caixa, diz Guedes"}]},{"@type":"WebSite","@id":"https:\/\/www.suno.com.br\/noticias\/#website","url":"https:\/\/www.suno.com.br\/noticias\/","name":"Suno Not\u00edcias","description":"Seu portal de informa\u00e7\u00e3o sobre o mundo dos investimentos","publisher":{"@id":"https:\/\/www.suno.com.br\/noticias\/#organization"},"potentialAction":[{"@type":"SearchAction","target":{"@type":"EntryPoint","urlTemplate":"https:\/\/www.suno.com.br\/noticias\/?s={search_term_string}"},"query-input":{"@type":"PropertyValueSpecification","valueRequired":true,"valueName":"search_term_string"}}],"inLanguage":"pt-BR"},{"@type":"Organization","@id":"https:\/\/www.suno.com.br\/noticias\/#organization","name":"Suno Not\u00edcias","url":"https:\/\/www.suno.com.br\/noticias\/","logo":{"@type":"ImageObject","inLanguage":"pt-BR","@id":"https:\/\/www.suno.com.br\/noticias\/#\/schema\/logo\/image\/","url":"https:\/\/files.sunoresearch.com.br\/n\/uploads\/2021\/09\/suno-logo.png","contentUrl":"https:\/\/files.sunoresearch.com.br\/n\/uploads\/2021\/09\/suno-logo.png","width":180,"height":180,"caption":"Suno Not\u00edcias"},"image":{"@id":"https:\/\/www.suno.com.br\/noticias\/#\/schema\/logo\/image\/"},"sameAs":["https:\/\/facebook.com\/sunoresearch","https:\/\/x.com\/sunoresearch","https:\/\/www.instagram.com\/suno","https:\/\/www.linkedin.com\/company\/suno-research\/","https:\/\/www.youtube.com\/c\/sunoresearch"]},{"@type":"Person","@id":"https:\/\/www.suno.com.br\/noticias\/#\/schema\/person\/053a750a709a263919a20f976caae91c","name":"Arthur Guimar\u00e3es","image":{"@type":"ImageObject","inLanguage":"pt-BR","@id":"https:\/\/www.suno.com.br\/noticias\/#\/schema\/person\/image\/","url":"https:\/\/secure.gravatar.com\/avatar\/1affd86a11209ae09eb6dd3bcad3e96c?s=96&r=g","contentUrl":"https:\/\/secure.gravatar.com\/avatar\/1affd86a11209ae09eb6dd3bcad3e96c?s=96&r=g","caption":"Arthur Guimar\u00e3es"},"description":"Arthur Guimar\u00e3es escreve sobre pol\u00edtica, economia e neg\u00f3cios para o portal de not\u00edcias da Suno Research. Atualmente, \u00e9 estudante de jornalismo pela Faculdade C\u00e1sper L\u00edbero.","url":"https:\/\/www.suno.com.br\/noticias\/author\/arthur-guimaraes\/"}]}},"default_loop_html":"<div class=\"cardsPage__listCard__boxs\"><div class=\"cardsPage__listCard__boxs__img\"><a href=\"https:\/\/www.suno.com.br\/noticias\/governo-planeja-ipo-braco-digital-caixa\/\"><img class=\"mask\" src=\"https:\/\/www.suno.com.br\/noticias\/wp-content\/themes\/suno\/resources\/images\/spotlight\/spotlight1img\/bg-mask.png\" alt=\"Image Mask\"\/><img src=\"https:\/\/files.sunoresearch.com.br\/n\/uploads\/2020\/05\/9f01a828-caixa-tem-400x200.webp\" alt=\"Governo planeja IPO do bra\u00e7o digital da Caixa, diz Guedes\"\/><\/a><span class=\"spotlightCategory\"><a href=\"https:\/\/www.suno.com.br\/noticias\/negocios\/\">Neg\u00f3cios<\/a><\/span><\/div><div class=\"cardsPage__listCard__boxs__content\"><a href=\"https:\/\/www.suno.com.br\/noticias\/governo-planeja-ipo-braco-digital-caixa\/\"><h2 class=\"content__title\">Governo planeja IPO do bra\u00e7o digital da Caixa, diz Guedes<\/h2><\/a><div class=\"newsContent__article__meta\"><div class=\"newsContent__article__meta__authorBox\"><a href=\"https:\/\/www.suno.com.br\/noticias\/author\/arthur-guimaraes\/\" class=\"authorBox__avatar noMobi\"><img src=\"https:\/\/files.sunoresearch.com.br\/n\/uploads\/2020\/02\/dfb40897-eu-150x150.webp\" alt=\"Arthur Guimar\u00e3es\"><\/a><div class=\"authorBox__name\"><span>por\n\t\t\t<a href=\"https:\/\/www.suno.com.br\/noticias\/author\/arthur-guimaraes\/\"><span itemprop=\"author\">Arthur Guimar\u00e3es<\/span><\/a><\/span><time datetime=\"2020-10-20T15:51:13-03:00\" itemprop=\"datePublished\">20\/10\/2020 15:51<\/time><\/div><\/div><\/div><\/div><\/div>","single_layout":"posts","amp_enabled":true,"_links":{"self":[{"href":"https:\/\/www.suno.com.br\/noticias\/wp-json\/wp\/v2\/posts\/92954"}],"collection":[{"href":"https:\/\/www.suno.com.br\/noticias\/wp-json\/wp\/v2\/posts"}],"about":[{"href":"https:\/\/www.suno.com.br\/noticias\/wp-json\/wp\/v2\/types\/post"}],"author":[{"embeddable":true,"href":"https:\/\/www.suno.com.br\/noticias\/wp-json\/wp\/v2\/users\/35"}],"replies":[{"embeddable":true,"href":"https:\/\/www.suno.com.br\/noticias\/wp-json\/wp\/v2\/comments?post=92954"}],"version-history":[{"count":0,"href":"https:\/\/www.suno.com.br\/noticias\/wp-json\/wp\/v2\/posts\/92954\/revisions"}],"wp:featuredmedia":[{"embeddable":true,"href":"https:\/\/www.suno.com.br\/noticias\/wp-json\/wp\/v2\/media\/66811"}],"wp:attachment":[{"href":"https:\/\/www.suno.com.br\/noticias\/wp-json\/wp\/v2\/media?parent=92954"}],"wp:term":[{"taxonomy":"category","embeddable":true,"href":"https:\/\/www.suno.com.br\/noticias\/wp-json\/wp\/v2\/categories?post=92954"},{"taxonomy":"post_tag","embeddable":true,"href":"https:\/\/www.suno.com.br\/noticias\/wp-json\/wp\/v2\/tags?post=92954"},{"taxonomy":"suno_strategy","embeddable":true,"href":"https:\/\/www.suno.com.br\/noticias\/wp-json\/wp\/v2\/suno_strategy?post=92954"}],"curies":[{"name":"wp","href":"https:\/\/api.w.org\/{rel}","templated":true}]}}